{"id":2261,"date":"2023-08-14T10:00:54","date_gmt":"2023-08-14T08:00:54","guid":{"rendered":"https:\/\/blog.holyart.it\/pt\/?p=2261"},"modified":"2024-07-12T14:42:35","modified_gmt":"2024-07-12T12:42:35","slug":"coroacao-da-virgem-rainha-do-ceu-e-da-terra","status":"publish","type":"post","link":"https:\/\/blog.holyart.it\/pt\/religiao\/coroacao-da-virgem-rainha-do-ceu-e-da-terra\/","title":{"rendered":"Coroa\u00e7\u00e3o da Virgem: Rainha do C\u00e9u e da Terra"},"content":{"rendered":"<h4>No dia 22 de Agosto celebramos a coroa\u00e7\u00e3o da Virgem, M\u00e3e de Jesus. Qual \u00e9 a origem desta festa, e porque \u00e9 que Maria \u00e9 considerada &#8220;rainha&#8221;?<\/h4>\n\n<p>A <a href=\"https:\/\/www.holyart.pt\/artigos\/imagens-de-nossa-senhora.php\"><strong>Festa da Coroa\u00e7\u00e3o da Virgem<\/strong><\/a>, celebrada no dia <strong>22 de Agosto, <\/strong>\u00e9 bastante moderna. Na verdade, esta devo\u00e7\u00e3o s\u00f3 foi formalizada na segunda metade do s\u00e9culo XX. Mas j\u00e1 os primeiros crist\u00e3os consideravam Nossa Senhora digna de ser chamada de &#8220;Rainha&#8221;. O primeiro a cham\u00e1-la assim foi de fato Efr\u00e9m o S\u00edrio, te\u00f3logo, escritor e santo de origem s\u00edria que viveu no s\u00e9culo IV e <a href=\"https:\/\/www.holyart.pt\/blog\/santos-e-abencoados\/doutores-da-igreja-quem-eles-sao-e-os-requisitos-para-ter-este-titulo\/\"><strong>m\u00e9dico da Igreja Cat\u00f3lica<\/strong><\/a>. Num dos vinte hinos que dedicou a Nossa Senhora, a quem era muito devoto, dirige-se a ela da seguinte maneira: &#8220;<em>Virgem Augusta e Senhora, Rainha, Senhora, protegei-me debaixo das vossas asas, guardai-me, para que Satan\u00e1s, que semeia ru\u00ednas, n\u00e3o exulte contra mim, nem o injusto advers\u00e1rio triunfe contra mim&#8221;.<\/em><\/p>\n<div class=\"link-article\">\n<p><img loading=\"lazy\" decoding=\"async\" class=\"size-full wp-image-2262 alignleft\" src=\"https:\/\/blog.holyart.it\/pt\/wp-content\/uploads\/sites\/18\/2023\/07\/doutores-de-la-igreja.jpeg\" alt=\"doutores de la igreja\" width=\"150\" height=\"99\" data-kale-share-title=\"Coroa\u00e7\u00e3o da Virgem: Rainha do C\u00e9u e da Terra\" data-kale-share-url=\"https:\/\/blog.holyart.it\/pt\/?p=2261\" \/><\/p>\n<div class=\"leggi-anche\">Leia tamb\u00e9m:<\/div>\n<p><strong><a href=\"https:\/\/www.holyart.pt\/blog\/santos-e-abencoados\/doutores-da-igreja-quem-eles-sao-e-os-requisitos-para-ter-este-titulo\/\">Doutores da Igreja: quem eles s\u00e3o e os requisitos para ter este t\u00edtulo<\/a><\/strong><br \/>\nNo dia 1 de Outubro celebramos Santa Teresa de Lisieux&#8230;<\/p>\n<\/div>\n<p>O Conc\u00edlio de \u00c9feso do s\u00e9culo V definiu <em>a <\/em>Virgem Maria como <em>Theot\u00f3kos<\/em>, &#8220;m\u00e3e de Deus&#8221;. Isto deu origem ao longo dos s\u00e9culos a muitas formas de <strong>devo\u00e7\u00e3o popular <\/strong>culminando com a <a href=\"https:\/\/www.holyart.pt\/artigos-religiosos\/imagens-religiosas\/imagens-em-madeira-natural\/nossa-senhora-auxiliadora-regina-coeli-madeira-natural-val-gardena?_gl=1*1jh8s9u*_ga*MTg4ODUxMTc0MS4xNjc5OTAyNTU5*_ga_W18MV136NH*MTY4OTYwNDE5Mi40MC4xLjE2ODk2MDQ0NDMuMC4wLjA.\"><strong>coroa\u00e7\u00e3o da Virgem Maria como Rainha<\/strong><\/a>, muitas vezes com coroas preciosas feitas de ouro e j\u00f3ias recolhidas dos fi\u00e9is como oferta penitencial.<\/p>\n<h2>Porque \u00e9 que Maria se chama rainha?<\/h2>\n<p>De onde vem a <strong>dignidade real de Maria<\/strong>? N\u00e3o \u00e9 apenas um dos muitos <strong>t\u00edtulos marianos<\/strong> que temos visto atribu\u00eddos \u00e0 Virgem. Nossa Senhora \u00e9 Rainha como <strong>M\u00e3e de Deus<\/strong>, porque Jesus, Deus e Homem, \u00e9 o Soberano de toda a Cria\u00e7\u00e3o, e Sua M\u00e3e s\u00f3 pode ser parte de Sua realeza. A Virgem \u00e9, portanto, rainha pela <strong>maternidade divina, <\/strong>mas n\u00e3o s\u00f3. Por seu papel na Nova Alian\u00e7a, por ter escolhido conscientemente ser a m\u00e3e do Salvador e sofrer com Ele a agonia da Paix\u00e3o, Maria tornou-se a nova Eva, o <strong>instrumento de reden\u00e7\u00e3o e salva\u00e7\u00e3o <\/strong>ao lado de seu bendito Filho. Maria \u00e9 referida como Rainha no V Mist\u00e9rio Glorioso do Santo Ros\u00e1rio, em v\u00e1rios pontos da Litania Lauretana e em tr\u00eas das mais conhecidas ant\u00edfonas marianas: Salve Regina, Regina Coeli e Ave Regina Coelorum.<\/p>\n<h2>Carta Enc\u00edclica Ad caeli Reginam<\/h2>\n<p>A Enc\u00edclica <em>Ad Caeli Reginam <\/em>foi emitida a 11 de Outubro de 1954 pelo Papa Pio XII para estabelecer a festa lit\u00fargica da <em>&#8220;bendita Virgem Maria Rainha&#8221;<\/em>. O mesmo Papa tamb\u00e9m proclamou o dogma da <a href=\"https:\/\/blog.holyart.it\/pt\/religiao\/a-assuncao-de-maria-e-as-celebracoes-mais-caracteristicas\/\"><strong>Assun\u00e7\u00e3o de Maria para o C\u00e9u<\/strong><\/a>. Fixada inicialmente para 31 de Maio, a festa da coroa\u00e7\u00e3o da Virgem foi depois transferida para 22 de Agosto com a reforma de Paulo VI, para a aproximar da Festa da Assun\u00e7\u00e3o e para unir de certo modo a glorifica\u00e7\u00e3o corporal e real da Virgem. A decis\u00e3o de instituir a festa foi muito apoiada por iniciativas populares, como a promovida por Maria Desideri, que coletou peti\u00e7\u00f5es em todo o mundo para defender seu projeto <em>Pro regalitate Mariae <\/em>e pedir a proclama\u00e7\u00e3o da festa.<\/p>\n<div class=\"link-article\">\n<p><img loading=\"lazy\" decoding=\"async\" class=\"size-full wp-image-2263 alignleft\" src=\"https:\/\/blog.holyart.it\/pt\/wp-content\/uploads\/sites\/18\/2023\/07\/assuncao-de-maria-1.jpg\" alt=\"Assun\u00e7\u00e3o de Maria \" width=\"150\" height=\"99\" data-kale-share-title=\"Coroa\u00e7\u00e3o da Virgem: Rainha do C\u00e9u e da Terra\" data-kale-share-url=\"https:\/\/blog.holyart.it\/pt\/?p=2261\" \/><\/p>\n<div class=\"leggi-anche\">Leia tamb\u00e9m:<\/div>\n<p><strong><a href=\"https:\/\/blog.holyart.it\/pt\/religiao\/a-assuncao-de-maria-e-as-celebracoes-mais-caracteristicas\/\">A Assun\u00e7\u00e3o de Maria e as celebra\u00e7\u00f5es mais caracter\u00edsticas<\/a><\/strong><br \/>\n15 de Agosto n\u00e3o \u00e9 apenas uma ocasi\u00e3o para banquetes e passeios. Comemora a Assun\u00e7\u00e3o de Maria no c\u00e9u.<\/p>\n<\/div>\n<h2>Porque em 22 de Agosto<\/h2>\n<p>No dia 15 de Agosto celebramos a Assun\u00e7\u00e3o de Maria ao C\u00e9u, ressuscitada para a vida eterna por ter sido a M\u00e3e de Jesus e por ter sido preservada do pecado. No dia 22, a sua glorifica\u00e7\u00e3o corporal \u00e9 acompanhada pela sua glorifica\u00e7\u00e3o real, com a sua proclama\u00e7\u00e3o como <a href=\"https:\/\/www.holyart.pt\/artigos-religiosos\/imagens-religiosas\/imagens-em-madeira-pintada\/imagem-maria-auxiliadora?_gl=1*1fd7l5m*_ga*MTg4ODUxMTc0MS4xNjc5OTAyNTU5*_ga_W18MV136NH*MTY4OTYwNDE5Mi40MC4xLjE2ODk2MDQ3MTguMC4wLjA.\"><strong>Rainha dos Anjos<\/strong><\/a> (<em>Regina Angelorum<\/em>) e Rainha dos C\u00e9us (<em>Regina Caeli <\/em>ou <em>Regina Coeli<\/em>).<\/p>\n<div class=\"link-product\">\n<div class=\"blocco-immagine\"><img loading=\"lazy\" decoding=\"async\" class=\"size-full wp-image-2264 alignleft\" src=\"https:\/\/blog.holyart.it\/pt\/wp-content\/uploads\/sites\/18\/2023\/07\/Imagem-Maria-Auxiliadora.jpg\" alt=\"Imagem Maria Auxiliadora\" width=\"100\" height=\"100\" data-kale-share-title=\"Coroa\u00e7\u00e3o da Virgem: Rainha do C\u00e9u e da Terra\" data-kale-share-url=\"https:\/\/blog.holyart.it\/pt\/?p=2261\" \/><\/div>\n<div class=\"blocco-contenuto\">\n<div class=\"blocco-acquista\">Comprar Agora:<\/div>\n<div class=\"blocco-titolo\"><a href=\"https:\/\/www.holyart.pt\/artigos-religiosos\/imagens-religiosas\/imagens-em-madeira-pintada\/imagem-maria-auxiliadora?_gl=1*1fd7l5m*_ga*MTg4ODUxMTc0MS4xNjc5OTAyNTU5*_ga_W18MV136NH*MTY4OTYwNDE5Mi40MC4xLjE2ODk2MDQ3MTguMC4wLjA.\">Imagem Maria Auxiliadora<\/a><\/div>\n<div class=\"blocco-descrizione\">Imagem em madeira trabalhada e pintada \u00e0 m\u00e3o por artes\u00e3os experientes do Val Gardena.<\/div>\n<\/div>\n<\/div>\n<h2>Como Maria exerce esta realeza de servi\u00e7o e amor?<\/h2>\n<p>N\u00e3o devemos, por\u00e9m, pensar na Virgem Maria como uma rainha distante, desinteressada pelo destino de seus filhos. Em 2012, o <strong><a href=\"https:\/\/www.holyart.pt\/ocasioes-especiais\/bento-xvi?page=1&amp;_gl=1*1dm552x*_ga*MTg4ODUxMTc0MS4xNjc5OTAyNTU5*_ga_W18MV136NH*MTY4OTYwNDE5Mi40MC4xLjE2ODk2MDUwMDcuMC4wLjA.\">Papa Bento XVI<\/a><\/strong> tinha explicado que Nossa Senhora exerce a sua realeza: <em>&#8220;Velando por n\u00f3s, seus filhos: as crian\u00e7as que se voltam para ela em ora\u00e7\u00e3o, para lhe agradecer ou para pedir a sua protec\u00e7\u00e3o materna e a sua ajuda celeste, depois de talvez terem perdido o seu caminho, oprimidos pela dor ou ang\u00fastia devido \u00e0s tristes e perturbadas vicissitudes da vida&#8221;. <\/em><br \/>\nUma realeza sob a <strong>bandeira do amor, <\/strong>portanto, e da cont\u00ednua inclina\u00e7\u00e3o para n\u00f3s homens, que procuramos nela uma M\u00e3e, antes de ser Rainha, um ponto de refer\u00eancia infinitamente misericordioso que desde o C\u00e9u vela por n\u00f3s e age como intermedi\u00e1rio entre os nossos sofrimentos e Deus Pai.<\/p>\n<div class=\"link-product\">\n<div class=\"blocco-immagine\">\n<p><img loading=\"lazy\" decoding=\"async\" width=\"100\" height=\"100\" class=\"size-full wp-image-2266 alignleft\" src=\"https:\/\/blog.holyart.it\/pt\/wp-content\/uploads\/sites\/18\/2023\/07\/estatua-de-madera-del-sagrado-.jpg\" alt=\"&quot;estatua\" \/><\/p>\n<div class=\"blocco-contenuto\">\n<div class=\"blocco-acquista\">Comprar Agora:<\/div>\n<div class=\"blocco-titolo\"><a href=\"https:\/\/www.holyart.pt\/artigos\/imagens-de-nossa-senhora.php\">Imagens de Nossa Senhora<\/a><\/div>\n<div class=\"blocco-descrizione\">Imagens de Nossa Senhora, repartidas em categorias diferentes de imagens, em acordo com o material.<\/div>\n<\/div>\n<\/div>\n<p>&nbsp;<\/p>\n<p>&nbsp;<\/p>\n<\/div>\n","protected":false},"excerpt":{"rendered":"<p>No dia 22 de Agosto celebramos a coroa\u00e7\u00e3o da Virgem, M\u00e3e de Jesus. Qual \u00e9 a origem desta festa, e porque \u00e9 que Maria \u00e9 considerada &#8220;rainha&#8221;? A Festa da Coroa\u00e7\u00e3o da Virgem, celebrada no dia 22 de Agosto, \u00e9 bastante moderna. Na verdade, esta&hellip;<\/p>\n","protected":false},"author":1,"featured_media":2268,"comment_status":"closed","ping_status":"open","sticky":false,"template":"","format":"standard","meta":{"_acf_changed":false,"footnotes":""},"categories":[5],"tags":[],"class_list":["post-2261","post","type-post","status-publish","format-standard","has-post-thumbnail","hentry","category-religiao"],"acf":[],"yoast_head":"<!-- This site is optimized with the Yoast SEO plugin v26.6 - https:\/\/yoast.com\/wordpress\/plugins\/seo\/ -->\n<title>Coroa\u00e7\u00e3o da Virgem: Rainha do C\u00e9u e da Terra - Holyart.pt - Holyblog<\/title>\n<meta name=\"description\" content=\"No dia 22 de Agosto celebramos a coroa\u00e7\u00e3o da Virgem, M\u00e3e de Jesus. Qual \u00e9 a origem desta festa, e porque \u00e9 que Maria \u00e9 considerada &quot;rainha&quot;?\" \/>\n<meta name=\"robots\" content=\"index, follow, max-snippet:-1, max-image-preview:large, max-video-preview:-1\" \/>\n<link rel=\"canonical\" href=\"https:\/\/blog.holyart.it\/pt\/religiao\/coroacao-da-virgem-rainha-do-ceu-e-da-terra\/\" \/>\n<meta property=\"og:locale\" content=\"pt_PT\" \/>\n<meta property=\"og:type\" content=\"article\" \/>\n<meta property=\"og:title\" content=\"Coroa\u00e7\u00e3o da Virgem: Rainha do C\u00e9u e da Terra - Holyart.pt - Holyblog\" \/>\n<meta property=\"og:description\" content=\"No dia 22 de Agosto celebramos a coroa\u00e7\u00e3o da Virgem, M\u00e3e de Jesus. Qual \u00e9 a origem desta festa, e porque \u00e9 que Maria \u00e9 considerada &quot;rainha&quot;?\" \/>\n<meta property=\"og:url\" content=\"https:\/\/blog.holyart.it\/pt\/religiao\/coroacao-da-virgem-rainha-do-ceu-e-da-terra\/\" \/>\n<meta property=\"og:site_name\" content=\"Holyart.pt - Holyblog\" \/>\n<meta property=\"article:published_time\" content=\"2023-08-14T08:00:54+00:00\" \/>\n<meta property=\"article:modified_time\" content=\"2024-07-12T12:42:35+00:00\" \/>\n<meta property=\"og:image\" content=\"https:\/\/blog.holyart.it\/pt\/wp-content\/uploads\/sites\/18\/2023\/07\/coroacao-da-virgem.jpeg\" \/>\n\t<meta property=\"og:image:width\" content=\"999\" \/>\n\t<meta property=\"og:image:height\" content=\"666\" \/>\n\t<meta property=\"og:image:type\" content=\"image\/jpeg\" \/>\n<meta name=\"author\" content=\"Redazione\" \/>\n<meta name=\"twitter:card\" content=\"summary_large_image\" \/>\n<meta name=\"twitter:label1\" content=\"Escrito por\" \/>\n\t<meta name=\"twitter:data1\" content=\"Redazione\" \/>\n\t<meta name=\"twitter:label2\" content=\"Tempo estimado de leitura\" \/>\n\t<meta name=\"twitter:data2\" content=\"6 minutos\" \/>\n<script type=\"application\/ld+json\" class=\"yoast-schema-graph\">{\"@context\":\"https:\/\/schema.org\",\"@graph\":[{\"@type\":\"Article\",\"@id\":\"https:\/\/blog.holyart.it\/pt\/religiao\/coroacao-da-virgem-rainha-do-ceu-e-da-terra\/#article\",\"isPartOf\":{\"@id\":\"https:\/\/blog.holyart.it\/pt\/religiao\/coroacao-da-virgem-rainha-do-ceu-e-da-terra\/\"},\"author\":{\"name\":\"Redazione\",\"@id\":\"https:\/\/blog.holyart.it\/pt\/#\/schema\/person\/0a7b686e5af0f856ec1e390dd0baecda\"},\"headline\":\"Coroa\u00e7\u00e3o da Virgem: Rainha do C\u00e9u e da Terra\",\"datePublished\":\"2023-08-14T08:00:54+00:00\",\"dateModified\":\"2024-07-12T12:42:35+00:00\",\"mainEntityOfPage\":{\"@id\":\"https:\/\/blog.holyart.it\/pt\/religiao\/coroacao-da-virgem-rainha-do-ceu-e-da-terra\/\"},\"wordCount\":855,\"publisher\":{\"@id\":\"https:\/\/blog.holyart.it\/pt\/#organization\"},\"image\":{\"@id\":\"https:\/\/blog.holyart.it\/pt\/religiao\/coroacao-da-virgem-rainha-do-ceu-e-da-terra\/#primaryimage\"},\"thumbnailUrl\":\"https:\/\/blog.holyart.it\/pt\/wp-content\/uploads\/sites\/18\/2023\/07\/coroacao-da-virgem.jpeg\",\"articleSection\":[\"Religi\u00e3o\"],\"inLanguage\":\"pt-PT\"},{\"@type\":\"WebPage\",\"@id\":\"https:\/\/blog.holyart.it\/pt\/religiao\/coroacao-da-virgem-rainha-do-ceu-e-da-terra\/\",\"url\":\"https:\/\/blog.holyart.it\/pt\/religiao\/coroacao-da-virgem-rainha-do-ceu-e-da-terra\/\",\"name\":\"Coroa\u00e7\u00e3o da Virgem: Rainha do C\u00e9u e da Terra - Holyart.pt - Holyblog\",\"isPartOf\":{\"@id\":\"https:\/\/blog.holyart.it\/pt\/#website\"},\"primaryImageOfPage\":{\"@id\":\"https:\/\/blog.holyart.it\/pt\/religiao\/coroacao-da-virgem-rainha-do-ceu-e-da-terra\/#primaryimage\"},\"image\":{\"@id\":\"https:\/\/blog.holyart.it\/pt\/religiao\/coroacao-da-virgem-rainha-do-ceu-e-da-terra\/#primaryimage\"},\"thumbnailUrl\":\"https:\/\/blog.holyart.it\/pt\/wp-content\/uploads\/sites\/18\/2023\/07\/coroacao-da-virgem.jpeg\",\"datePublished\":\"2023-08-14T08:00:54+00:00\",\"dateModified\":\"2024-07-12T12:42:35+00:00\",\"description\":\"No dia 22 de Agosto celebramos a coroa\u00e7\u00e3o da Virgem, M\u00e3e de Jesus. Qual \u00e9 a origem desta festa, e porque \u00e9 que Maria \u00e9 considerada \\\"rainha\\\"?\",\"breadcrumb\":{\"@id\":\"https:\/\/blog.holyart.it\/pt\/religiao\/coroacao-da-virgem-rainha-do-ceu-e-da-terra\/#breadcrumb\"},\"inLanguage\":\"pt-PT\",\"potentialAction\":[{\"@type\":\"ReadAction\",\"target\":[\"https:\/\/blog.holyart.it\/pt\/religiao\/coroacao-da-virgem-rainha-do-ceu-e-da-terra\/\"]}]},{\"@type\":\"ImageObject\",\"inLanguage\":\"pt-PT\",\"@id\":\"https:\/\/blog.holyart.it\/pt\/religiao\/coroacao-da-virgem-rainha-do-ceu-e-da-terra\/#primaryimage\",\"url\":\"https:\/\/blog.holyart.it\/pt\/wp-content\/uploads\/sites\/18\/2023\/07\/coroacao-da-virgem.jpeg\",\"contentUrl\":\"https:\/\/blog.holyart.it\/pt\/wp-content\/uploads\/sites\/18\/2023\/07\/coroacao-da-virgem.jpeg\",\"width\":999,\"height\":666,\"caption\":\"coroacao da virgem\"},{\"@type\":\"BreadcrumbList\",\"@id\":\"https:\/\/blog.holyart.it\/pt\/religiao\/coroacao-da-virgem-rainha-do-ceu-e-da-terra\/#breadcrumb\",\"itemListElement\":[{\"@type\":\"ListItem\",\"position\":1,\"name\":\"Homepage\",\"item\":\"https:\/\/blog.holyart.it\/pt\/\"},{\"@type\":\"ListItem\",\"position\":2,\"name\":\"Religi\u00e3o\",\"item\":\"https:\/\/blog.holyart.it\/pt\/religiao\/\"},{\"@type\":\"ListItem\",\"position\":3,\"name\":\"Coroa\u00e7\u00e3o da Virgem: Rainha do C\u00e9u e da Terra\"}]},{\"@type\":\"WebSite\",\"@id\":\"https:\/\/blog.holyart.it\/pt\/#website\",\"url\":\"https:\/\/blog.holyart.it\/pt\/\",\"name\":\"Holyart.pt - Holyblog\",\"description\":\"\",\"publisher\":{\"@id\":\"https:\/\/blog.holyart.it\/pt\/#organization\"},\"potentialAction\":[{\"@type\":\"SearchAction\",\"target\":{\"@type\":\"EntryPoint\",\"urlTemplate\":\"https:\/\/blog.holyart.it\/pt\/?s={search_term_string}\"},\"query-input\":{\"@type\":\"PropertyValueSpecification\",\"valueRequired\":true,\"valueName\":\"search_term_string\"}}],\"inLanguage\":\"pt-PT\"},{\"@type\":\"Organization\",\"@id\":\"https:\/\/blog.holyart.it\/pt\/#organization\",\"name\":\"Holyart.pt - Holyblog\",\"url\":\"https:\/\/blog.holyart.it\/pt\/\",\"logo\":{\"@type\":\"ImageObject\",\"inLanguage\":\"pt-PT\",\"@id\":\"https:\/\/blog.holyart.it\/pt\/#\/schema\/logo\/image\/\",\"url\":\"https:\/\/blog.holyart.it\/pt\/wp-content\/uploads\/sites\/18\/2022\/12\/Holyart_Blog_Logo.jpg\",\"contentUrl\":\"https:\/\/blog.holyart.it\/pt\/wp-content\/uploads\/sites\/18\/2022\/12\/Holyart_Blog_Logo.jpg\",\"width\":300,\"height\":50,\"caption\":\"Holyart.pt - Holyblog\"},\"image\":{\"@id\":\"https:\/\/blog.holyart.it\/pt\/#\/schema\/logo\/image\/\"}},{\"@type\":\"Person\",\"@id\":\"https:\/\/blog.holyart.it\/pt\/#\/schema\/person\/0a7b686e5af0f856ec1e390dd0baecda\",\"name\":\"Redazione\",\"image\":{\"@type\":\"ImageObject\",\"inLanguage\":\"pt-PT\",\"@id\":\"https:\/\/blog.holyart.it\/pt\/#\/schema\/person\/image\/\",\"url\":\"https:\/\/secure.gravatar.com\/avatar\/f477da817f43e50d0af36abecd33e3edf826c68299714bdc1057dff3b113f516?s=96&d=mm&r=g\",\"contentUrl\":\"https:\/\/secure.gravatar.com\/avatar\/f477da817f43e50d0af36abecd33e3edf826c68299714bdc1057dff3b113f516?s=96&d=mm&r=g\",\"caption\":\"Redazione\"},\"url\":\"https:\/\/blog.holyart.it\/pt\/author\/admin\/\"}]}<\/script>\n<!-- \/ Yoast SEO plugin. -->","yoast_head_json":{"title":"Coroa\u00e7\u00e3o da Virgem: Rainha do C\u00e9u e da Terra - Holyart.pt - Holyblog","description":"No dia 22 de Agosto celebramos a coroa\u00e7\u00e3o da Virgem, M\u00e3e de Jesus. Qual \u00e9 a origem desta festa, e porque \u00e9 que Maria \u00e9 considerada \"rainha\"?","robots":{"index":"index","follow":"follow","max-snippet":"max-snippet:-1","max-image-preview":"max-image-preview:large","max-video-preview":"max-video-preview:-1"},"canonical":"https:\/\/blog.holyart.it\/pt\/religiao\/coroacao-da-virgem-rainha-do-ceu-e-da-terra\/","og_locale":"pt_PT","og_type":"article","og_title":"Coroa\u00e7\u00e3o da Virgem: Rainha do C\u00e9u e da Terra - Holyart.pt - Holyblog","og_description":"No dia 22 de Agosto celebramos a coroa\u00e7\u00e3o da Virgem, M\u00e3e de Jesus. Qual \u00e9 a origem desta festa, e porque \u00e9 que Maria \u00e9 considerada \"rainha\"?","og_url":"https:\/\/blog.holyart.it\/pt\/religiao\/coroacao-da-virgem-rainha-do-ceu-e-da-terra\/","og_site_name":"Holyart.pt - Holyblog","article_published_time":"2023-08-14T08:00:54+00:00","article_modified_time":"2024-07-12T12:42:35+00:00","og_image":[{"width":999,"height":666,"url":"https:\/\/blog.holyart.it\/pt\/wp-content\/uploads\/sites\/18\/2023\/07\/coroacao-da-virgem.jpeg","type":"image\/jpeg"}],"author":"Redazione","twitter_card":"summary_large_image","twitter_misc":{"Escrito por":"Redazione","Tempo estimado de leitura":"6 minutos"},"schema":{"@context":"https:\/\/schema.org","@graph":[{"@type":"Article","@id":"https:\/\/blog.holyart.it\/pt\/religiao\/coroacao-da-virgem-rainha-do-ceu-e-da-terra\/#article","isPartOf":{"@id":"https:\/\/blog.holyart.it\/pt\/religiao\/coroacao-da-virgem-rainha-do-ceu-e-da-terra\/"},"author":{"name":"Redazione","@id":"https:\/\/blog.holyart.it\/pt\/#\/schema\/person\/0a7b686e5af0f856ec1e390dd0baecda"},"headline":"Coroa\u00e7\u00e3o da Virgem: Rainha do C\u00e9u e da Terra","datePublished":"2023-08-14T08:00:54+00:00","dateModified":"2024-07-12T12:42:35+00:00","mainEntityOfPage":{"@id":"https:\/\/blog.holyart.it\/pt\/religiao\/coroacao-da-virgem-rainha-do-ceu-e-da-terra\/"},"wordCount":855,"publisher":{"@id":"https:\/\/blog.holyart.it\/pt\/#organization"},"image":{"@id":"https:\/\/blog.holyart.it\/pt\/religiao\/coroacao-da-virgem-rainha-do-ceu-e-da-terra\/#primaryimage"},"thumbnailUrl":"https:\/\/blog.holyart.it\/pt\/wp-content\/uploads\/sites\/18\/2023\/07\/coroacao-da-virgem.jpeg","articleSection":["Religi\u00e3o"],"inLanguage":"pt-PT"},{"@type":"WebPage","@id":"https:\/\/blog.holyart.it\/pt\/religiao\/coroacao-da-virgem-rainha-do-ceu-e-da-terra\/","url":"https:\/\/blog.holyart.it\/pt\/religiao\/coroacao-da-virgem-rainha-do-ceu-e-da-terra\/","name":"Coroa\u00e7\u00e3o da Virgem: Rainha do C\u00e9u e da Terra - Holyart.pt - Holyblog","isPartOf":{"@id":"https:\/\/blog.holyart.it\/pt\/#website"},"primaryImageOfPage":{"@id":"https:\/\/blog.holyart.it\/pt\/religiao\/coroacao-da-virgem-rainha-do-ceu-e-da-terra\/#primaryimage"},"image":{"@id":"https:\/\/blog.holyart.it\/pt\/religiao\/coroacao-da-virgem-rainha-do-ceu-e-da-terra\/#primaryimage"},"thumbnailUrl":"https:\/\/blog.holyart.it\/pt\/wp-content\/uploads\/sites\/18\/2023\/07\/coroacao-da-virgem.jpeg","datePublished":"2023-08-14T08:00:54+00:00","dateModified":"2024-07-12T12:42:35+00:00","description":"No dia 22 de Agosto celebramos a coroa\u00e7\u00e3o da Virgem, M\u00e3e de Jesus. Qual \u00e9 a origem desta festa, e porque \u00e9 que Maria \u00e9 considerada \"rainha\"?","breadcrumb":{"@id":"https:\/\/blog.holyart.it\/pt\/religiao\/coroacao-da-virgem-rainha-do-ceu-e-da-terra\/#breadcrumb"},"inLanguage":"pt-PT","potentialAction":[{"@type":"ReadAction","target":["https:\/\/blog.holyart.it\/pt\/religiao\/coroacao-da-virgem-rainha-do-ceu-e-da-terra\/"]}]},{"@type":"ImageObject","inLanguage":"pt-PT","@id":"https:\/\/blog.holyart.it\/pt\/religiao\/coroacao-da-virgem-rainha-do-ceu-e-da-terra\/#primaryimage","url":"https:\/\/blog.holyart.it\/pt\/wp-content\/uploads\/sites\/18\/2023\/07\/coroacao-da-virgem.jpeg","contentUrl":"https:\/\/blog.holyart.it\/pt\/wp-content\/uploads\/sites\/18\/2023\/07\/coroacao-da-virgem.jpeg","width":999,"height":666,"caption":"coroacao da virgem"},{"@type":"BreadcrumbList","@id":"https:\/\/blog.holyart.it\/pt\/religiao\/coroacao-da-virgem-rainha-do-ceu-e-da-terra\/#breadcrumb","itemListElement":[{"@type":"ListItem","position":1,"name":"Homepage","item":"https:\/\/blog.holyart.it\/pt\/"},{"@type":"ListItem","position":2,"name":"Religi\u00e3o","item":"https:\/\/blog.holyart.it\/pt\/religiao\/"},{"@type":"ListItem","position":3,"name":"Coroa\u00e7\u00e3o da Virgem: Rainha do C\u00e9u e da Terra"}]},{"@type":"WebSite","@id":"https:\/\/blog.holyart.it\/pt\/#website","url":"https:\/\/blog.holyart.it\/pt\/","name":"Holyart.pt - Holyblog","description":"","publisher":{"@id":"https:\/\/blog.holyart.it\/pt\/#organization"},"potentialAction":[{"@type":"SearchAction","target":{"@type":"EntryPoint","urlTemplate":"https:\/\/blog.holyart.it\/pt\/?s={search_term_string}"},"query-input":{"@type":"PropertyValueSpecification","valueRequired":true,"valueName":"search_term_string"}}],"inLanguage":"pt-PT"},{"@type":"Organization","@id":"https:\/\/blog.holyart.it\/pt\/#organization","name":"Holyart.pt - Holyblog","url":"https:\/\/blog.holyart.it\/pt\/","logo":{"@type":"ImageObject","inLanguage":"pt-PT","@id":"https:\/\/blog.holyart.it\/pt\/#\/schema\/logo\/image\/","url":"https:\/\/blog.holyart.it\/pt\/wp-content\/uploads\/sites\/18\/2022\/12\/Holyart_Blog_Logo.jpg","contentUrl":"https:\/\/blog.holyart.it\/pt\/wp-content\/uploads\/sites\/18\/2022\/12\/Holyart_Blog_Logo.jpg","width":300,"height":50,"caption":"Holyart.pt - Holyblog"},"image":{"@id":"https:\/\/blog.holyart.it\/pt\/#\/schema\/logo\/image\/"}},{"@type":"Person","@id":"https:\/\/blog.holyart.it\/pt\/#\/schema\/person\/0a7b686e5af0f856ec1e390dd0baecda","name":"Redazione","image":{"@type":"ImageObject","inLanguage":"pt-PT","@id":"https:\/\/blog.holyart.it\/pt\/#\/schema\/person\/image\/","url":"https:\/\/secure.gravatar.com\/avatar\/f477da817f43e50d0af36abecd33e3edf826c68299714bdc1057dff3b113f516?s=96&d=mm&r=g","contentUrl":"https:\/\/secure.gravatar.com\/avatar\/f477da817f43e50d0af36abecd33e3edf826c68299714bdc1057dff3b113f516?s=96&d=mm&r=g","caption":"Redazione"},"url":"https:\/\/blog.holyart.it\/pt\/author\/admin\/"}]}},"_links":{"self":[{"href":"https:\/\/blog.holyart.it\/pt\/wp-json\/wp\/v2\/posts\/2261","targetHints":{"allow":["GET"]}}],"collection":[{"href":"https:\/\/blog.holyart.it\/pt\/wp-json\/wp\/v2\/posts"}],"about":[{"href":"https:\/\/blog.holyart.it\/pt\/wp-json\/wp\/v2\/types\/post"}],"author":[{"embeddable":true,"href":"https:\/\/blog.holyart.it\/pt\/wp-json\/wp\/v2\/users\/1"}],"replies":[{"embeddable":true,"href":"https:\/\/blog.holyart.it\/pt\/wp-json\/wp\/v2\/comments?post=2261"}],"version-history":[{"count":3,"href":"https:\/\/blog.holyart.it\/pt\/wp-json\/wp\/v2\/posts\/2261\/revisions"}],"predecessor-version":[{"id":2270,"href":"https:\/\/blog.holyart.it\/pt\/wp-json\/wp\/v2\/posts\/2261\/revisions\/2270"}],"wp:featuredmedia":[{"embeddable":true,"href":"https:\/\/blog.holyart.it\/pt\/wp-json\/wp\/v2\/media\/2268"}],"wp:attachment":[{"href":"https:\/\/blog.holyart.it\/pt\/wp-json\/wp\/v2\/media?parent=2261"}],"wp:term":[{"taxonomy":"category","embeddable":true,"href":"https:\/\/blog.holyart.it\/pt\/wp-json\/wp\/v2\/categories?post=2261"},{"taxonomy":"post_tag","embeddable":true,"href":"https:\/\/blog.holyart.it\/pt\/wp-json\/wp\/v2\/tags?post=2261"}],"curies":[{"name":"wp","href":"https:\/\/api.w.org\/{rel}","templated":true}]}}