{"id":2251,"date":"2023-08-09T10:00:26","date_gmt":"2023-08-09T08:00:26","guid":{"rendered":"https:\/\/blog.holyart.it\/pt\/?p=2251"},"modified":"2024-07-18T15:01:44","modified_gmt":"2024-07-18T13:01:44","slug":"a-assuncao-de-maria-e-as-celebracoes-mais-caracteristicas","status":"publish","type":"post","link":"https:\/\/blog.holyart.it\/pt\/religiao\/a-assuncao-de-maria-e-as-celebracoes-mais-caracteristicas\/","title":{"rendered":"A Assun\u00e7\u00e3o de Maria e as celebra\u00e7\u00f5es mais caracter\u00edsticas"},"content":{"rendered":"<h4>15 de Agosto n\u00e3o \u00e9 apenas uma ocasi\u00e3o para banquetes e passeios. Comemora a Assun\u00e7\u00e3o de Maria no c\u00e9u. Vamos descobrir as celebra\u00e7\u00f5es mais evocativas com as quais esta ocasi\u00e3o \u00e9 celebrada.<\/h4>\n<p>Em um artigo de algum tempo atr\u00e1s, j\u00e1 hav\u00edamos falado longamente sobre a <a href=\"https:\/\/www.holyart.pt\/blog\/religiao\/festa-de-nossa-senhora-de-agosto\/\"><strong>Assun\u00e7\u00e3o de Maria<\/strong><\/a> ao c\u00e9u, como ela n\u00e3o \u00e9 apenas um dogma de f\u00e9, mas antes disso uma cren\u00e7a profundamente enraizada e generalizada em nosso pa\u00eds, a ponto de ter inspirado in\u00fameras formas de devo\u00e7\u00e3o popular ao longo dos s\u00e9culos.<\/p>\n<div class=\"link-article\">\n<p><img loading=\"lazy\" decoding=\"async\" class=\"size-full wp-image-2252 alignleft\" src=\"https:\/\/blog.holyart.it\/pt\/wp-content\/uploads\/sites\/18\/2023\/07\/Festa-de-Nossa-Senhora-de-Agosto.jpg\" alt=\"Festa de Nossa Senhora de Agosto\" width=\"150\" height=\"99\" data-kale-share-title=\"A Assun\u00e7\u00e3o de Maria e as celebra\u00e7\u00f5es mais caracter\u00edsticas\" data-kale-share-url=\"https:\/\/blog.holyart.it\/pt\/?p=2251\" \/><\/p>\n<div class=\"leggi-anche\">Leia tamb\u00e9m:<\/div>\n<p><strong><a href=\"https:\/\/www.holyart.pt\/blog\/religiao\/festa-de-nossa-senhora-de-agosto\/\">Festa de Nossa Senhora de Agosto<\/a><\/strong><br \/>\nAl\u00e9m de ser o cora\u00e7\u00e3o do ver\u00e3o, os crist\u00e3os consideram o m\u00eas de agosto como a festa da Virgem Maria.<\/p>\n<\/div>\n<p>As raz\u00f5es da emo\u00e7\u00e3o suscitada pela Assun\u00e7\u00e3o de Nossa Senhora s\u00e3o f\u00e1ceis de entender, se pensarmos em como Maria se imp\u00f4s desde a antiguidade como recept\u00e1culo \u00e0 dedica\u00e7\u00e3o, ao afeto e \u00e0 ora\u00e7\u00e3o de homens e mulheres de todas as classes sociais e classes sociais. \u00c9 provavelmente a sua dimens\u00e3o de M\u00e3e misericordiosa, que garante pelos homens intercedendo por eles junto de Deus Pai Todo-Poderoso, que lhe merece tanta simpatia e solicitude.<\/p>\n<p>Mas como \u00e9 que Maria \u00e9 assumida no c\u00e9u? E porqu\u00ea?<\/p>\n<p>Todas as almas de santos t\u00eam ascendido ao Para\u00edso, de acordo com a religi\u00e3o crist\u00e3, muitas vezes escoltadas por hostes de anjos. H\u00e1 in\u00fameras representa\u00e7\u00f5es art\u00edsticas mostrando este evento.<br \/>\nMas para a Virgem Maria era algo completamente diferente. Ela subiu ao c\u00e9u <strong>n\u00e3o s\u00f3 como uma alma, mas tamb\u00e9m com o seu pr\u00f3prio corpo<\/strong>. Assim como aconteceu com Jesus, seu filho, que na <strong>Ascens\u00e3o <\/strong>alcan\u00e7ou Seu Pai Celestial com seu pr\u00f3prio corpo e esp\u00edrito, assim tamb\u00e9m a suposta Maria teve o privil\u00e9gio, \u00fanico entre mulheres e homens, de ascender ao C\u00e9u sem deixar seus restos mortais. E \u00e9 assim que ela nos espera no Reino dos C\u00e9us, esta <strong>M\u00e3e mais doce<\/strong>, de corpo e alma estendida para os seus filhos, para abra\u00e7\u00e1-los, confort\u00e1-los, envolv\u00ea-los, como s\u00f3 uma m\u00e3e sabe fazer.<\/p>\n<p>As raz\u00f5es da <a href=\"https:\/\/www.holyart.pt\/artigos-religiosos\/imagens-religiosas\/imagens-em-resina-e-pvc\/assuncao-maria-anjos-imagem-resina-18x12x6-cm?_gl=1*1gzx2oa*_ga*MTg4ODUxMTc0MS4xNjc5OTAyNTU5*_ga_W18MV136NH*MTY4OTU5OTU5My4zOS4wLjE2ODk1OTk1OTMuMC4wLjA.\"><strong>Assun\u00e7\u00e3o da Virgem Maria<\/strong><\/a> em corpo e alma s\u00e3o f\u00e1ceis de adivinhar. N\u00e3o s\u00f3 foi ela a <strong>m\u00e3e de Deus encarnada<\/strong>, escolhida de entre todas as mulheres para levar o Salvador em seu ventre e em seu cora\u00e7\u00e3o. Mas muito antes da Anuncia\u00e7\u00e3o, Deus j\u00e1 a tinha escolhido e predestinado para o seu destino, fazendo-a <strong>nascer sem pecado, <\/strong>segundo o dogma da Imaculada Concei\u00e7\u00e3o, e depois fazendo-a conceber Jesus, permanecendo virgem, como nos recorda o dogma da <strong>virgindade perp\u00e9tua de Maria.<\/strong><\/p>\n<div class=\"link-product\">\n<div class=\"blocco-immagine\"><img loading=\"lazy\" decoding=\"async\" class=\"size-full wp-image-2253 alignleft\" src=\"https:\/\/blog.holyart.it\/pt\/wp-content\/uploads\/sites\/18\/2023\/07\/assuncao-maria.jpg\" alt=\"Assun\u00e7\u00e3o Maria anjos imagem resina 18x12x6 cm\" width=\"100\" height=\"100\" data-kale-share-title=\"A Assun\u00e7\u00e3o de Maria e as celebra\u00e7\u00f5es mais caracter\u00edsticas\" data-kale-share-url=\"https:\/\/blog.holyart.it\/pt\/?p=2251\" \/><\/div>\n<div class=\"blocco-contenuto\">\n<div class=\"blocco-acquista\">Comprar Agora:<\/div>\n<div class=\"blocco-titolo\"><a href=\"https:\/\/www.holyart.pt\/artigos-religiosos\/imagens-religiosas\/imagens-em-resina-e-pvc\/assuncao-maria-anjos-imagem-resina-18x12x6-cm?_gl=1*1gzx2oa*_ga*MTg4ODUxMTc0MS4xNjc5OTAyNTU5*_ga_W18MV136NH*MTY4OTU5OTU5My4zOS4wLjE2ODk1OTk1OTMuMC4wLjA.\">Assun\u00e7\u00e3o Maria anjos imagem resina 18x12x6 cm<\/a><\/div>\n<div class=\"blocco-descrizione\">Imagem representando a Assun\u00e7\u00e3o de Maria, de bra\u00e7os abertos com aur\u00e9ola<\/div>\n<\/div>\n<\/div>\n<p>A Assun\u00e7\u00e3o \u00e9 assim uma <strong>recompensa que <\/strong>Deus quis dar a Maria pelo seu sacrif\u00edcio e devo\u00e7\u00e3o. Mas \u00e9 tamb\u00e9m uma promessa de salva\u00e7\u00e3o para todos os homens, j\u00e1 que Maria foi a primeira a desfrutar da <strong>ressurrei\u00e7\u00e3o da carne<\/strong>, prometida a todos os homens quando o fim dos tempos chegar.<\/p>\n<p>Mas agora vejamos juntos as principais <strong>tradi\u00e7\u00f5es e celebra\u00e7\u00f5es <\/strong>relacionadas com a comemora\u00e7\u00e3o da Assun\u00e7\u00e3o de Maria.<\/p>\n<h2>Festas e celebra\u00e7\u00f5es para a Assun\u00e7\u00e3o de Maria<\/h2>\n<p>A Assun\u00e7\u00e3o de Maria \u00e9 uma <strong>festa de preceito<\/strong>, ou seja, um dia em que os fi\u00e9is s\u00e3o obrigados a suspender todas as atividades habituais, trabalho e neg\u00f3cios, e a assistir \u00e0 Missa.<\/p>\n<p>Na It\u00e1lia, terra de grandes <strong>festas patronais<\/strong> cujas tradi\u00e7\u00f5es foram transmitidas durante s\u00e9culos, muitas celebra\u00e7\u00f5es s\u00e3o dedicadas a Nossa Senhora da Assun\u00e7\u00e3o.<\/p>\n<h3>A Prociss\u00e3o Inchinata em Tivoli<\/h3>\n<p>Todos os anos, em <strong>Tivoli<\/strong>, entre a noite de 14 de Agosto e o dia seguinte, realiza-se a <strong>Prociss\u00e3o da Inchinata em <\/strong>honra da Assun\u00e7\u00e3o da Virgem Maria. Este \u00e9 um festival muito antigo, j\u00e1 celebrado no in\u00edcio da Idade M\u00e9dia, e \u00e9 baseado nas prociss\u00f5es pag\u00e3s durante as quais os romanos levavam imagens de seus deuses (<em>theophoras<\/em>) ao redor da cidade. A prociss\u00e3o da Inchinata remonta provavelmente ao s\u00e9culo XIII e est\u00e1 ligada \u00e0 presen\u00e7a na cidade de uma comunidade de franciscanos que viveu perto de Santa Maria Maggiore e que, nos dias 14 e 15 de agosto, prestou homenagem ao \u00edcone da <strong><a href=\"https:\/\/www.holyart.pt\/artigos-religiosos\/tapecarias\/tapecaria-nossa-senhora-das-gracas-40x30-cm?_gl=1*sdwmqf*_ga*MTg4ODUxMTc0MS4xNjc5OTAyNTU5*_ga_W18MV136NH*MTY4OTU5OTU5My4zOS4xLjE2ODk2MDAxMTIuMC4wLjA.\">Nossa Senhora das Gra\u00e7as<\/a>\u00a0<\/strong>aqui guardado.<\/p>\n<div class=\"link-product\">\n<div class=\"blocco-immagine\"><img loading=\"lazy\" decoding=\"async\" class=\"size-full wp-image-2254 alignleft\" src=\"https:\/\/blog.holyart.it\/pt\/wp-content\/uploads\/sites\/18\/2023\/07\/tapecaria-Nossa-Senhora-das-Gracas-.jpg\" alt=\"tapecaria Nossa Senhora das Gra\u00e7as\" width=\"100\" height=\"100\" data-kale-share-title=\"A Assun\u00e7\u00e3o de Maria e as celebra\u00e7\u00f5es mais caracter\u00edsticas\" data-kale-share-url=\"https:\/\/blog.holyart.it\/pt\/?p=2251\" \/><\/div>\n<div class=\"blocco-contenuto\">\n<div class=\"blocco-acquista\">Comprar Agora:<\/div>\n<div class=\"blocco-titolo\"><a href=\"https:\/\/www.holyart.pt\/artigos-religiosos\/tapecarias\/tapecaria-nossa-senhora-das-gracas-40x30-cm?_gl=1*sdwmqf*_ga*MTg4ODUxMTc0MS4xNjc5OTAyNTU5*_ga_W18MV136NH*MTY4OTU5OTU5My4zOS4xLjE2ODk2MDAxMTIuMC4wLjA.\">Tape\u00e7aria Nossa Senhora das Gra\u00e7as 40&#215;30 cm<\/a><\/div>\n<div class=\"blocco-descrizione\">Tape\u00e7aria em tecido Jacquard acabado \u00e0 m\u00e3o, inteiramente produzida na It\u00e1lia.<\/div>\n<\/div>\n<\/div>\n<p>Por ocasi\u00e3o da prociss\u00e3o do Inchinata, a imagem do <strong><a href=\"https:\/\/www.holyart.pt\/artigos-religiosos\/icones-religiosos\/icones-ouro-e-prata\/icone-cristo-pantocrator?_gl=1*s21djm*_ga*MTg4ODUxMTc0MS4xNjc5OTAyNTU5*_ga_W18MV136NH*MTY4OTU5OTU5My4zOS4xLjE2ODk2MDAzNzYuMC4wLjA.\">Santo Salvador<\/a><\/strong> guardada na Catedral \u00e9 levada em prociss\u00e3o pelas ruas da cidade. Chegando \u00e0 Ponte Gregoriana, um sacerdote aben\u00e7oa o rio Aniene e joga em suas \u00e1guas uma l\u00e2mpada representando a f\u00e9 em Deus. Outra etapa envolve que o prior da Confraria do Salvador pare para beijar o umbral do hospital. Quando a imagem do Salvador chega \u00e0 Piazza Trento, une-se \u00e0 imagem de Nossa Senhora da Gra\u00e7a. As duas imagens s\u00e3o levadas com solenidade \u00e0 igreja de Santa Maria Maggiore e colocadas uma na frente da outra, para que possam &#8220;falar&#8221; uma com a outra durante toda a noite. Na manh\u00e3 seguinte, Dia da Assun\u00e7\u00e3o, as duas imagens s\u00e3o novamente trazidas \u00e0 tona e separadas. O Salvador \u00e9 levado de volta \u00e0 catedral numa nova prociss\u00e3o na qual participam todas as Confrarias e representantes das artes e of\u00edcios da cidade.<\/p>\n<h3>A Vara de Randazzo<\/h3>\n<p>Em <strong>Randazzo<\/strong>, uma pequena cidade da prov\u00edncia de Siracusa, as celebra\u00e7\u00f5es da Assun\u00e7\u00e3o de Maria come\u00e7am \u00e0 meia-noite do dia 15 de agosto, quando come\u00e7a a <strong>prociss\u00e3o da Vara<\/strong>. A Vara \u00e9 uma antiga e grande b\u00f3ia aleg\u00f3rica votiva que data do s\u00e9culo XVI. Tem cerca de 15 metros de altura e \u00e9 composto por v\u00e1rios planos sobrepostos que giram em torno de um eixo central. Cada n\u00edvel corresponde a um <strong><a href=\"https:\/\/www.holyart.pt\/artigos-religiosos\/icones-religiosos\/icones-gregos-pintados-e-serigrafados\/icone-misterios-da-vida-de-maria-30x40-cm?_gl=1*1eqxs09*_ga*MTg4ODUxMTc0MS4xNjc5OTAyNTU5*_ga_W18MV136NH*MTY4OTU5OTU5My4zOS4xLjE2ODk2MDA0MDEuMC4wLjA.\">mist\u00e9rio mariano<\/a>, <\/strong>a morte, a Assun\u00e7\u00e3o e a Coroa\u00e7\u00e3o de Maria, retratado num painel pintado em 1548 por Giovanni Caniglia e guardado na Capela do Santo Crucifixo, na Igreja de Santa Maria.<\/p>\n<div class=\"link-product\">\n<div class=\"blocco-immagine\"><img loading=\"lazy\" decoding=\"async\" class=\"size-full wp-image-2255 alignleft\" src=\"https:\/\/blog.holyart.it\/pt\/wp-content\/uploads\/sites\/18\/2023\/07\/Icone-Misterios-da-Vida-de-Maria.jpg\" alt=\"\u00cdcone Mist\u00e9rios da Vida de Maria\" width=\"100\" height=\"100\" data-kale-share-title=\"A Assun\u00e7\u00e3o de Maria e as celebra\u00e7\u00f5es mais caracter\u00edsticas\" data-kale-share-url=\"https:\/\/blog.holyart.it\/pt\/?p=2251\" \/><\/div>\n<div class=\"blocco-contenuto\">\n<div class=\"blocco-acquista\">Comprar Agora:<\/div>\n<div class=\"blocco-titolo\"><a href=\"https:\/\/www.holyart.pt\/artigos-religiosos\/icones-religiosos\/icones-gregos-pintados-e-serigrafados\/icone-misterios-da-vida-de-maria-30x40-cm?_gl=1*1eqxs09*_ga*MTg4ODUxMTc0MS4xNjc5OTAyNTU5*_ga_W18MV136NH*MTY4OTU5OTU5My4zOS4xLjE2ODk2MDA0MDEuMC4wLjA.\">\u00cdcone Mist\u00e9rios da Vida de Maria<\/a><\/div>\n<div class=\"blocco-descrizione\">\u00cdcone grego serigrafado com imagem da Virgem com o Menino no centro e, ao redor, cenas da vida de Maria.<\/div>\n<\/div>\n<\/div>\n<p>Cerca de trinta crian\u00e7as s\u00e3o obrigadas a subir na Vara, simbolizando os diferentes mist\u00e9rios, e a cantar hinos dedicados \u00e0 Virgem, enquanto os fi\u00e9is levam o grande carro aleg\u00f3rico em prociss\u00e3o pela cidade. A prociss\u00e3o da Vara teve origem no s\u00e9culo XVI, quando o rei Jo\u00e3o de Arag\u00e3o introduziu a Fiera Franca, que foi realizada durante nove dias por volta de 15 de Agosto e inclu\u00eda um grande p\u00e1lio.<\/p>\n<p>Tamb\u00e9m em <strong>Messina, <\/strong>uma Vara de 13 m de altura \u00e9 levada pelas ruas da cidade por 1.500 homens descal\u00e7os vestidos de branco.<\/p>\n<h3>Festas para a Assun\u00e7\u00e3o de Maria na Sardenha<\/h3>\n<p>No <strong>Siniscola<\/strong>, Sardenha, a <strong>prociss\u00e3o para a Assun\u00e7\u00e3o de Maria <\/strong>acontece no mar. Enquanto Maria Assunta \u00e9 celebrada em todas as par\u00f3quias, a est\u00e1tua da Virgem Maria \u00e9 levada da igreja principal para a praia conhecida como La Caletta e carregada em um barco que conduz uma prociss\u00e3o mar\u00edtima. A prociss\u00e3o do mar \u00e9 acompanhada por um atrav\u00e9s das ruas da cidade. Uma est\u00e1tua da Virgem \u00e9 transportada e depois colocada numa majestosa estrutura de madeira, onde ela \u00e9 honrada pelos fi\u00e9is com flores e oferendas.<\/p>\n<p>Em <strong>Sassari, <\/strong>no dia 14 de agosto, s\u00e3o realizadas celebra\u00e7\u00f5es para Maria Santissima Assunta. Este festival foi declarado <strong>Patrim\u00f3nio Intang\u00edvel da Humanidade pela Unesco <\/strong>em 2013 e tem o nome evocativo de <strong>Faradda di li candareri <\/strong>ou <strong>Faradda<\/strong>, <em>Descida dos Candelabros.<img loading=\"lazy\" decoding=\"async\" class=\"size-full wp-image-2256 aligncenter\" src=\"https:\/\/blog.holyart.it\/pt\/wp-content\/uploads\/sites\/18\/2023\/07\/Descida-dos-Candelabros.jpg\" alt=\"Descida dos Candelabros\" width=\"718\" height=\"445\" data-kale-share-title=\"A Assun\u00e7\u00e3o de Maria e as celebra\u00e7\u00f5es mais caracter\u00edsticas\" data-kale-share-url=\"https:\/\/blog.holyart.it\/pt\/?p=2251\" \/> <\/em><\/p>\n<p>Na noite de 14 de agosto, representantes dos diversos of\u00edcios carregam <strong>candelabros<\/strong>, grandes colunas de madeira simbolizando velas, ao redor da cidade sobre seus ombros. O banquete atrai milhares de pessoas de todo o mundo e \u00e9 uma das mais importantes das m\u00e1quinas de ombros grandes. O movimento dos portadores faz girar as velas, como numa dan\u00e7a, envolvendo todos os outros participantes da prociss\u00e3o, que agarram as longas fitas penduradas nas estruturas.<\/p>\n<h3>Prociss\u00e3o de Sora<\/h3>\n<p>Tamb\u00e9m em <strong>Sora<\/strong>, L\u00e1cio, h\u00e1 portadores, cerca de sessenta deles, que, vestindo um uniforme branco e azul, passeiam pela cidade carregando uma coluna met\u00e1lica de cerca de 16 metros de altura, na parte superior da qual se encontra a est\u00e1tua da Virgem. A base da estrutura \u00e9 adornada com rosas azuis aben\u00e7oadas para a ocasi\u00e3o.<br \/>\nV\u00e1rios rituais acontecem na igreja de San Domenico Abate, incluindo uma prociss\u00e3o noturna da est\u00e1tua da <strong>Virgem Adormecida<\/strong>, deitada em uma cadeira de sedan. As festividades continuam at\u00e9 ao dia da festa de San Domenico (21 e 22 de Agosto).<\/p>\n<h3>Prociss\u00e3o mar\u00edtima em Santa Maria di Leuca<\/h3>\n<p>Em <strong>Santa Maria di Leuca, na <\/strong>prov\u00edncia de Lecce, realiza-se a 15 de Agosto uma prociss\u00e3o solene pelas ruas da cidade. A est\u00e1tua de <a href=\"https:\/\/www.holyart.pt\/artigos-religiosos\/imagens-religiosas\/imagens-em-po-de-marmore-de-carrara\/nossa-senhora-da-assuncao-marmore-sintetico-branco-35-55-cm?_gl=1*11lzqp4*_ga*MTg4ODUxMTc0MS4xNjc5OTAyNTU5*_ga_W18MV136NH*MTY4OTU5OTU5My4zOS4xLjE2ODk2MDA2NTAuMC4wLjA.\"><strong>Maria da Assun\u00e7\u00e3o<\/strong><\/a> \u00e9 levada em prociss\u00e3o at\u00e9 o porto, onde \u00e9 embarcada em um barco de pesca, sorteado e decorado para a ocasi\u00e3o. A prociss\u00e3o continua no mar com todo o tipo de navios e barcos de pescadores.<\/p>\n<div class=\"link-product\">\n<div class=\"blocco-immagine\"><img loading=\"lazy\" decoding=\"async\" class=\"size-full wp-image-2257 alignleft\" src=\"https:\/\/blog.holyart.it\/pt\/wp-content\/uploads\/sites\/18\/2023\/07\/nossa-senhora-de-assuncao.jpg\" alt=\"Nossa Senhora da Assun\u00e7\u00e3o m\u00e1rmore sint\u00e9tico branco 35-55 cm \" width=\"100\" height=\"100\" data-kale-share-title=\"A Assun\u00e7\u00e3o de Maria e as celebra\u00e7\u00f5es mais caracter\u00edsticas\" data-kale-share-url=\"https:\/\/blog.holyart.it\/pt\/?p=2251\" \/><\/div>\n<div class=\"blocco-contenuto\">\n<div class=\"blocco-acquista\">Comprar Agora:<\/div>\n<div class=\"blocco-titolo\"><a href=\"https:\/\/www.holyart.pt\/artigos-religiosos\/imagens-religiosas\/imagens-em-po-de-marmore-de-carrara\/nossa-senhora-da-assuncao-marmore-sintetico-branco-35-55-cm?_gl=1*11lzqp4*_ga*MTg4ODUxMTc0MS4xNjc5OTAyNTU5*_ga_W18MV136NH*MTY4OTU5OTU5My4zOS4xLjE2ODk2MDA2NTAuMC4wLjA.\">Nossa Senhora da Assun\u00e7\u00e3o m\u00e1rmore sint\u00e9tico branco 35-55 cm<\/a><\/div>\n<div class=\"blocco-descrizione\">Imagem da Nossa Senhora da Assun\u00e7\u00e3o em m\u00e1rmore.<\/div>\n<\/div>\n<\/div>\n<p>Quando chegam \u00e0 marina de San Gregorio, voltam a Leuca para colocar a est\u00e1tua de volta no seu lugar. \u00c0 noite, as celebra\u00e7\u00f5es continuam at\u00e9 tarde, e \u00e0 meia-noite o c\u00e9u \u00e9 iluminado pelo brilho dos fogos de artif\u00edcio.<\/p>\n<h3>Fogo de artif\u00edcio Madonnina del Mare e Ferragosto<\/h3>\n<p>Tamb\u00e9m em <strong>Silvi<\/strong>, na prov\u00edncia de Teramo, celebra-se a Assun\u00e7\u00e3o com uma prociss\u00e3o de barcos no mar. A <strong>Madonnina del \u00e9gua \u00e9 retirada <\/strong>da Igreja da Assun\u00e7\u00e3o, carregada num barco de patrulha da Guarda Costeira e depois num barco de pesca. A prociss\u00e3o de barcos serpenteia ao longo da costa desde a Torre di Cerrano at\u00e9 a foz do rio Piomba. \u00c0 meia-noite, os fogos de artif\u00edcio no mar atraem milhares de pessoas.<\/p>\n<p>Na prov\u00edncia de Livorno, em <strong>Marina di Cecina<\/strong>, a est\u00e1tua da Virgem e do Menino, guardada na Igreja de Sant&#8217;Andrea em Marina di Cecina, \u00e9 levada ao mar na presen\u00e7a do Bispo de Volterra, numa prociss\u00e3o de terra que depois se transforma numa prociss\u00e3o no mar.<\/p>\n<p>&nbsp;<\/p>\n<p>&nbsp;<\/p>\n","protected":false},"excerpt":{"rendered":"<p>15 de Agosto n\u00e3o \u00e9 apenas uma ocasi\u00e3o para banquetes e passeios. Comemora a Assun\u00e7\u00e3o de Maria no c\u00e9u. Vamos descobrir as celebra\u00e7\u00f5es mais evocativas com as quais esta ocasi\u00e3o \u00e9 celebrada. Em um artigo de algum tempo atr\u00e1s, j\u00e1 hav\u00edamos falado longamente sobre a&hellip;<\/p>\n","protected":false},"author":1,"featured_media":2260,"comment_status":"closed","ping_status":"open","sticky":false,"template":"","format":"standard","meta":{"_acf_changed":false,"footnotes":""},"categories":[5],"tags":[],"class_list":["post-2251","post","type-post","status-publish","format-standard","has-post-thumbnail","hentry","category-religiao"],"acf":[],"yoast_head":"<!-- This site is optimized with the Yoast SEO plugin v26.6 - https:\/\/yoast.com\/wordpress\/plugins\/seo\/ -->\n<title>A Assun\u00e7\u00e3o de Maria e as celebra\u00e7\u00f5es mais caracter\u00edsticas - Holyart.pt - Holyblog<\/title>\n<meta name=\"description\" content=\"15 de Agosto n\u00e3o \u00e9 apenas uma ocasi\u00e3o para banquetes e passeios. Comemora a Assun\u00e7\u00e3o de Maria no c\u00e9u. Vamos descobrir as celebra\u00e7\u00f5es mais evocativas com as quais esta ocasi\u00e3o \u00e9 celebrada.\" \/>\n<meta name=\"robots\" content=\"index, follow, max-snippet:-1, max-image-preview:large, max-video-preview:-1\" \/>\n<link rel=\"canonical\" href=\"https:\/\/blog.holyart.it\/pt\/religiao\/a-assuncao-de-maria-e-as-celebracoes-mais-caracteristicas\/\" \/>\n<meta property=\"og:locale\" content=\"pt_PT\" \/>\n<meta property=\"og:type\" content=\"article\" \/>\n<meta property=\"og:title\" content=\"A Assun\u00e7\u00e3o de Maria e as celebra\u00e7\u00f5es mais caracter\u00edsticas - Holyart.pt - Holyblog\" \/>\n<meta property=\"og:description\" content=\"15 de Agosto n\u00e3o \u00e9 apenas uma ocasi\u00e3o para banquetes e passeios. Comemora a Assun\u00e7\u00e3o de Maria no c\u00e9u. Vamos descobrir as celebra\u00e7\u00f5es mais evocativas com as quais esta ocasi\u00e3o \u00e9 celebrada.\" \/>\n<meta property=\"og:url\" content=\"https:\/\/blog.holyart.it\/pt\/religiao\/a-assuncao-de-maria-e-as-celebracoes-mais-caracteristicas\/\" \/>\n<meta property=\"og:site_name\" content=\"Holyart.pt - Holyblog\" \/>\n<meta property=\"article:published_time\" content=\"2023-08-09T08:00:26+00:00\" \/>\n<meta property=\"article:modified_time\" content=\"2024-07-18T13:01:44+00:00\" \/>\n<meta property=\"og:image\" content=\"https:\/\/blog.holyart.it\/pt\/wp-content\/uploads\/sites\/18\/2023\/07\/assuncao-de-maria.jpg\" \/>\n\t<meta property=\"og:image:width\" content=\"1000\" \/>\n\t<meta property=\"og:image:height\" content=\"666\" \/>\n\t<meta property=\"og:image:type\" content=\"image\/jpeg\" \/>\n<meta name=\"author\" content=\"Redazione\" \/>\n<meta name=\"twitter:card\" content=\"summary_large_image\" \/>\n<meta name=\"twitter:label1\" content=\"Escrito por\" \/>\n\t<meta name=\"twitter:data1\" content=\"Redazione\" \/>\n\t<meta name=\"twitter:label2\" content=\"Tempo estimado de leitura\" \/>\n\t<meta name=\"twitter:data2\" content=\"11 minutos\" \/>\n<script type=\"application\/ld+json\" class=\"yoast-schema-graph\">{\"@context\":\"https:\/\/schema.org\",\"@graph\":[{\"@type\":\"Article\",\"@id\":\"https:\/\/blog.holyart.it\/pt\/religiao\/a-assuncao-de-maria-e-as-celebracoes-mais-caracteristicas\/#article\",\"isPartOf\":{\"@id\":\"https:\/\/blog.holyart.it\/pt\/religiao\/a-assuncao-de-maria-e-as-celebracoes-mais-caracteristicas\/\"},\"author\":{\"name\":\"Redazione\",\"@id\":\"https:\/\/blog.holyart.it\/pt\/#\/schema\/person\/0a7b686e5af0f856ec1e390dd0baecda\"},\"headline\":\"A Assun\u00e7\u00e3o de Maria e as celebra\u00e7\u00f5es mais caracter\u00edsticas\",\"datePublished\":\"2023-08-09T08:00:26+00:00\",\"dateModified\":\"2024-07-18T13:01:44+00:00\",\"mainEntityOfPage\":{\"@id\":\"https:\/\/blog.holyart.it\/pt\/religiao\/a-assuncao-de-maria-e-as-celebracoes-mais-caracteristicas\/\"},\"wordCount\":1795,\"publisher\":{\"@id\":\"https:\/\/blog.holyart.it\/pt\/#organization\"},\"image\":{\"@id\":\"https:\/\/blog.holyart.it\/pt\/religiao\/a-assuncao-de-maria-e-as-celebracoes-mais-caracteristicas\/#primaryimage\"},\"thumbnailUrl\":\"https:\/\/blog.holyart.it\/pt\/wp-content\/uploads\/sites\/18\/2023\/07\/assuncao-de-maria.jpg\",\"articleSection\":[\"Religi\u00e3o\"],\"inLanguage\":\"pt-PT\"},{\"@type\":\"WebPage\",\"@id\":\"https:\/\/blog.holyart.it\/pt\/religiao\/a-assuncao-de-maria-e-as-celebracoes-mais-caracteristicas\/\",\"url\":\"https:\/\/blog.holyart.it\/pt\/religiao\/a-assuncao-de-maria-e-as-celebracoes-mais-caracteristicas\/\",\"name\":\"A Assun\u00e7\u00e3o de Maria e as celebra\u00e7\u00f5es mais caracter\u00edsticas - Holyart.pt - Holyblog\",\"isPartOf\":{\"@id\":\"https:\/\/blog.holyart.it\/pt\/#website\"},\"primaryImageOfPage\":{\"@id\":\"https:\/\/blog.holyart.it\/pt\/religiao\/a-assuncao-de-maria-e-as-celebracoes-mais-caracteristicas\/#primaryimage\"},\"image\":{\"@id\":\"https:\/\/blog.holyart.it\/pt\/religiao\/a-assuncao-de-maria-e-as-celebracoes-mais-caracteristicas\/#primaryimage\"},\"thumbnailUrl\":\"https:\/\/blog.holyart.it\/pt\/wp-content\/uploads\/sites\/18\/2023\/07\/assuncao-de-maria.jpg\",\"datePublished\":\"2023-08-09T08:00:26+00:00\",\"dateModified\":\"2024-07-18T13:01:44+00:00\",\"description\":\"15 de Agosto n\u00e3o \u00e9 apenas uma ocasi\u00e3o para banquetes e passeios. Comemora a Assun\u00e7\u00e3o de Maria no c\u00e9u. Vamos descobrir as celebra\u00e7\u00f5es mais evocativas com as quais esta ocasi\u00e3o \u00e9 celebrada.\",\"breadcrumb\":{\"@id\":\"https:\/\/blog.holyart.it\/pt\/religiao\/a-assuncao-de-maria-e-as-celebracoes-mais-caracteristicas\/#breadcrumb\"},\"inLanguage\":\"pt-PT\",\"potentialAction\":[{\"@type\":\"ReadAction\",\"target\":[\"https:\/\/blog.holyart.it\/pt\/religiao\/a-assuncao-de-maria-e-as-celebracoes-mais-caracteristicas\/\"]}]},{\"@type\":\"ImageObject\",\"inLanguage\":\"pt-PT\",\"@id\":\"https:\/\/blog.holyart.it\/pt\/religiao\/a-assuncao-de-maria-e-as-celebracoes-mais-caracteristicas\/#primaryimage\",\"url\":\"https:\/\/blog.holyart.it\/pt\/wp-content\/uploads\/sites\/18\/2023\/07\/assuncao-de-maria.jpg\",\"contentUrl\":\"https:\/\/blog.holyart.it\/pt\/wp-content\/uploads\/sites\/18\/2023\/07\/assuncao-de-maria.jpg\",\"width\":1000,\"height\":666},{\"@type\":\"BreadcrumbList\",\"@id\":\"https:\/\/blog.holyart.it\/pt\/religiao\/a-assuncao-de-maria-e-as-celebracoes-mais-caracteristicas\/#breadcrumb\",\"itemListElement\":[{\"@type\":\"ListItem\",\"position\":1,\"name\":\"Homepage\",\"item\":\"https:\/\/blog.holyart.it\/pt\/\"},{\"@type\":\"ListItem\",\"position\":2,\"name\":\"Religi\u00e3o\",\"item\":\"https:\/\/blog.holyart.it\/pt\/religiao\/\"},{\"@type\":\"ListItem\",\"position\":3,\"name\":\"A Assun\u00e7\u00e3o de Maria e as celebra\u00e7\u00f5es mais caracter\u00edsticas\"}]},{\"@type\":\"WebSite\",\"@id\":\"https:\/\/blog.holyart.it\/pt\/#website\",\"url\":\"https:\/\/blog.holyart.it\/pt\/\",\"name\":\"Holyart.pt - Holyblog\",\"description\":\"\",\"publisher\":{\"@id\":\"https:\/\/blog.holyart.it\/pt\/#organization\"},\"potentialAction\":[{\"@type\":\"SearchAction\",\"target\":{\"@type\":\"EntryPoint\",\"urlTemplate\":\"https:\/\/blog.holyart.it\/pt\/?s={search_term_string}\"},\"query-input\":{\"@type\":\"PropertyValueSpecification\",\"valueRequired\":true,\"valueName\":\"search_term_string\"}}],\"inLanguage\":\"pt-PT\"},{\"@type\":\"Organization\",\"@id\":\"https:\/\/blog.holyart.it\/pt\/#organization\",\"name\":\"Holyart.pt - Holyblog\",\"url\":\"https:\/\/blog.holyart.it\/pt\/\",\"logo\":{\"@type\":\"ImageObject\",\"inLanguage\":\"pt-PT\",\"@id\":\"https:\/\/blog.holyart.it\/pt\/#\/schema\/logo\/image\/\",\"url\":\"https:\/\/blog.holyart.it\/pt\/wp-content\/uploads\/sites\/18\/2022\/12\/Holyart_Blog_Logo.jpg\",\"contentUrl\":\"https:\/\/blog.holyart.it\/pt\/wp-content\/uploads\/sites\/18\/2022\/12\/Holyart_Blog_Logo.jpg\",\"width\":300,\"height\":50,\"caption\":\"Holyart.pt - Holyblog\"},\"image\":{\"@id\":\"https:\/\/blog.holyart.it\/pt\/#\/schema\/logo\/image\/\"}},{\"@type\":\"Person\",\"@id\":\"https:\/\/blog.holyart.it\/pt\/#\/schema\/person\/0a7b686e5af0f856ec1e390dd0baecda\",\"name\":\"Redazione\",\"image\":{\"@type\":\"ImageObject\",\"inLanguage\":\"pt-PT\",\"@id\":\"https:\/\/blog.holyart.it\/pt\/#\/schema\/person\/image\/\",\"url\":\"https:\/\/secure.gravatar.com\/avatar\/f477da817f43e50d0af36abecd33e3edf826c68299714bdc1057dff3b113f516?s=96&d=mm&r=g\",\"contentUrl\":\"https:\/\/secure.gravatar.com\/avatar\/f477da817f43e50d0af36abecd33e3edf826c68299714bdc1057dff3b113f516?s=96&d=mm&r=g\",\"caption\":\"Redazione\"},\"url\":\"https:\/\/blog.holyart.it\/pt\/author\/admin\/\"}]}<\/script>\n<!-- \/ Yoast SEO plugin. -->","yoast_head_json":{"title":"A Assun\u00e7\u00e3o de Maria e as celebra\u00e7\u00f5es mais caracter\u00edsticas - Holyart.pt - Holyblog","description":"15 de Agosto n\u00e3o \u00e9 apenas uma ocasi\u00e3o para banquetes e passeios. Comemora a Assun\u00e7\u00e3o de Maria no c\u00e9u. Vamos descobrir as celebra\u00e7\u00f5es mais evocativas com as quais esta ocasi\u00e3o \u00e9 celebrada.","robots":{"index":"index","follow":"follow","max-snippet":"max-snippet:-1","max-image-preview":"max-image-preview:large","max-video-preview":"max-video-preview:-1"},"canonical":"https:\/\/blog.holyart.it\/pt\/religiao\/a-assuncao-de-maria-e-as-celebracoes-mais-caracteristicas\/","og_locale":"pt_PT","og_type":"article","og_title":"A Assun\u00e7\u00e3o de Maria e as celebra\u00e7\u00f5es mais caracter\u00edsticas - Holyart.pt - Holyblog","og_description":"15 de Agosto n\u00e3o \u00e9 apenas uma ocasi\u00e3o para banquetes e passeios. Comemora a Assun\u00e7\u00e3o de Maria no c\u00e9u. Vamos descobrir as celebra\u00e7\u00f5es mais evocativas com as quais esta ocasi\u00e3o \u00e9 celebrada.","og_url":"https:\/\/blog.holyart.it\/pt\/religiao\/a-assuncao-de-maria-e-as-celebracoes-mais-caracteristicas\/","og_site_name":"Holyart.pt - Holyblog","article_published_time":"2023-08-09T08:00:26+00:00","article_modified_time":"2024-07-18T13:01:44+00:00","og_image":[{"width":1000,"height":666,"url":"https:\/\/blog.holyart.it\/pt\/wp-content\/uploads\/sites\/18\/2023\/07\/assuncao-de-maria.jpg","type":"image\/jpeg"}],"author":"Redazione","twitter_card":"summary_large_image","twitter_misc":{"Escrito por":"Redazione","Tempo estimado de leitura":"11 minutos"},"schema":{"@context":"https:\/\/schema.org","@graph":[{"@type":"Article","@id":"https:\/\/blog.holyart.it\/pt\/religiao\/a-assuncao-de-maria-e-as-celebracoes-mais-caracteristicas\/#article","isPartOf":{"@id":"https:\/\/blog.holyart.it\/pt\/religiao\/a-assuncao-de-maria-e-as-celebracoes-mais-caracteristicas\/"},"author":{"name":"Redazione","@id":"https:\/\/blog.holyart.it\/pt\/#\/schema\/person\/0a7b686e5af0f856ec1e390dd0baecda"},"headline":"A Assun\u00e7\u00e3o de Maria e as celebra\u00e7\u00f5es mais caracter\u00edsticas","datePublished":"2023-08-09T08:00:26+00:00","dateModified":"2024-07-18T13:01:44+00:00","mainEntityOfPage":{"@id":"https:\/\/blog.holyart.it\/pt\/religiao\/a-assuncao-de-maria-e-as-celebracoes-mais-caracteristicas\/"},"wordCount":1795,"publisher":{"@id":"https:\/\/blog.holyart.it\/pt\/#organization"},"image":{"@id":"https:\/\/blog.holyart.it\/pt\/religiao\/a-assuncao-de-maria-e-as-celebracoes-mais-caracteristicas\/#primaryimage"},"thumbnailUrl":"https:\/\/blog.holyart.it\/pt\/wp-content\/uploads\/sites\/18\/2023\/07\/assuncao-de-maria.jpg","articleSection":["Religi\u00e3o"],"inLanguage":"pt-PT"},{"@type":"WebPage","@id":"https:\/\/blog.holyart.it\/pt\/religiao\/a-assuncao-de-maria-e-as-celebracoes-mais-caracteristicas\/","url":"https:\/\/blog.holyart.it\/pt\/religiao\/a-assuncao-de-maria-e-as-celebracoes-mais-caracteristicas\/","name":"A Assun\u00e7\u00e3o de Maria e as celebra\u00e7\u00f5es mais caracter\u00edsticas - Holyart.pt - Holyblog","isPartOf":{"@id":"https:\/\/blog.holyart.it\/pt\/#website"},"primaryImageOfPage":{"@id":"https:\/\/blog.holyart.it\/pt\/religiao\/a-assuncao-de-maria-e-as-celebracoes-mais-caracteristicas\/#primaryimage"},"image":{"@id":"https:\/\/blog.holyart.it\/pt\/religiao\/a-assuncao-de-maria-e-as-celebracoes-mais-caracteristicas\/#primaryimage"},"thumbnailUrl":"https:\/\/blog.holyart.it\/pt\/wp-content\/uploads\/sites\/18\/2023\/07\/assuncao-de-maria.jpg","datePublished":"2023-08-09T08:00:26+00:00","dateModified":"2024-07-18T13:01:44+00:00","description":"15 de Agosto n\u00e3o \u00e9 apenas uma ocasi\u00e3o para banquetes e passeios. Comemora a Assun\u00e7\u00e3o de Maria no c\u00e9u. Vamos descobrir as celebra\u00e7\u00f5es mais evocativas com as quais esta ocasi\u00e3o \u00e9 celebrada.","breadcrumb":{"@id":"https:\/\/blog.holyart.it\/pt\/religiao\/a-assuncao-de-maria-e-as-celebracoes-mais-caracteristicas\/#breadcrumb"},"inLanguage":"pt-PT","potentialAction":[{"@type":"ReadAction","target":["https:\/\/blog.holyart.it\/pt\/religiao\/a-assuncao-de-maria-e-as-celebracoes-mais-caracteristicas\/"]}]},{"@type":"ImageObject","inLanguage":"pt-PT","@id":"https:\/\/blog.holyart.it\/pt\/religiao\/a-assuncao-de-maria-e-as-celebracoes-mais-caracteristicas\/#primaryimage","url":"https:\/\/blog.holyart.it\/pt\/wp-content\/uploads\/sites\/18\/2023\/07\/assuncao-de-maria.jpg","contentUrl":"https:\/\/blog.holyart.it\/pt\/wp-content\/uploads\/sites\/18\/2023\/07\/assuncao-de-maria.jpg","width":1000,"height":666},{"@type":"BreadcrumbList","@id":"https:\/\/blog.holyart.it\/pt\/religiao\/a-assuncao-de-maria-e-as-celebracoes-mais-caracteristicas\/#breadcrumb","itemListElement":[{"@type":"ListItem","position":1,"name":"Homepage","item":"https:\/\/blog.holyart.it\/pt\/"},{"@type":"ListItem","position":2,"name":"Religi\u00e3o","item":"https:\/\/blog.holyart.it\/pt\/religiao\/"},{"@type":"ListItem","position":3,"name":"A Assun\u00e7\u00e3o de Maria e as celebra\u00e7\u00f5es mais caracter\u00edsticas"}]},{"@type":"WebSite","@id":"https:\/\/blog.holyart.it\/pt\/#website","url":"https:\/\/blog.holyart.it\/pt\/","name":"Holyart.pt - Holyblog","description":"","publisher":{"@id":"https:\/\/blog.holyart.it\/pt\/#organization"},"potentialAction":[{"@type":"SearchAction","target":{"@type":"EntryPoint","urlTemplate":"https:\/\/blog.holyart.it\/pt\/?s={search_term_string}"},"query-input":{"@type":"PropertyValueSpecification","valueRequired":true,"valueName":"search_term_string"}}],"inLanguage":"pt-PT"},{"@type":"Organization","@id":"https:\/\/blog.holyart.it\/pt\/#organization","name":"Holyart.pt - Holyblog","url":"https:\/\/blog.holyart.it\/pt\/","logo":{"@type":"ImageObject","inLanguage":"pt-PT","@id":"https:\/\/blog.holyart.it\/pt\/#\/schema\/logo\/image\/","url":"https:\/\/blog.holyart.it\/pt\/wp-content\/uploads\/sites\/18\/2022\/12\/Holyart_Blog_Logo.jpg","contentUrl":"https:\/\/blog.holyart.it\/pt\/wp-content\/uploads\/sites\/18\/2022\/12\/Holyart_Blog_Logo.jpg","width":300,"height":50,"caption":"Holyart.pt - Holyblog"},"image":{"@id":"https:\/\/blog.holyart.it\/pt\/#\/schema\/logo\/image\/"}},{"@type":"Person","@id":"https:\/\/blog.holyart.it\/pt\/#\/schema\/person\/0a7b686e5af0f856ec1e390dd0baecda","name":"Redazione","image":{"@type":"ImageObject","inLanguage":"pt-PT","@id":"https:\/\/blog.holyart.it\/pt\/#\/schema\/person\/image\/","url":"https:\/\/secure.gravatar.com\/avatar\/f477da817f43e50d0af36abecd33e3edf826c68299714bdc1057dff3b113f516?s=96&d=mm&r=g","contentUrl":"https:\/\/secure.gravatar.com\/avatar\/f477da817f43e50d0af36abecd33e3edf826c68299714bdc1057dff3b113f516?s=96&d=mm&r=g","caption":"Redazione"},"url":"https:\/\/blog.holyart.it\/pt\/author\/admin\/"}]}},"_links":{"self":[{"href":"https:\/\/blog.holyart.it\/pt\/wp-json\/wp\/v2\/posts\/2251","targetHints":{"allow":["GET"]}}],"collection":[{"href":"https:\/\/blog.holyart.it\/pt\/wp-json\/wp\/v2\/posts"}],"about":[{"href":"https:\/\/blog.holyart.it\/pt\/wp-json\/wp\/v2\/types\/post"}],"author":[{"embeddable":true,"href":"https:\/\/blog.holyart.it\/pt\/wp-json\/wp\/v2\/users\/1"}],"replies":[{"embeddable":true,"href":"https:\/\/blog.holyart.it\/pt\/wp-json\/wp\/v2\/comments?post=2251"}],"version-history":[{"count":2,"href":"https:\/\/blog.holyart.it\/pt\/wp-json\/wp\/v2\/posts\/2251\/revisions"}],"predecessor-version":[{"id":2259,"href":"https:\/\/blog.holyart.it\/pt\/wp-json\/wp\/v2\/posts\/2251\/revisions\/2259"}],"wp:featuredmedia":[{"embeddable":true,"href":"https:\/\/blog.holyart.it\/pt\/wp-json\/wp\/v2\/media\/2260"}],"wp:attachment":[{"href":"https:\/\/blog.holyart.it\/pt\/wp-json\/wp\/v2\/media?parent=2251"}],"wp:term":[{"taxonomy":"category","embeddable":true,"href":"https:\/\/blog.holyart.it\/pt\/wp-json\/wp\/v2\/categories?post=2251"},{"taxonomy":"post_tag","embeddable":true,"href":"https:\/\/blog.holyart.it\/pt\/wp-json\/wp\/v2\/tags?post=2251"}],"curies":[{"name":"wp","href":"https:\/\/api.w.org\/{rel}","templated":true}]}}