{"id":9883,"date":"2020-06-29T11:14:54","date_gmt":"2020-06-29T09:14:54","guid":{"rendered":"https:\/\/blog.holyart.it\/it\/?p=9883"},"modified":"2024-06-10T15:33:21","modified_gmt":"2024-06-10T13:33:21","slug":"san-pietro-e-paolo-perche-vengono-festeggiati-insieme","status":"publish","type":"post","link":"https:\/\/blog.holyart.it\/it\/santi-e-beati\/san-pietro-e-paolo-perche-vengono-festeggiati-insieme\/","title":{"rendered":"San Pietro e Paolo, perch\u00e9 vengono festeggiati insieme?"},"content":{"rendered":"<h4>Il 29 giugno si festeggiano San Pietro e Paolo. Due apostoli, due uomini diversissimi tra loro, ma entrambi fondamentali per la storia della Chiesa. Conosciamo meglio questi due esempi di fede e la loro festa.<\/h4>\n\n<p>Difficile pensare a due uomini pi\u00f9 differenti tra loro per storia e vocazione di quanto non siano stati <strong>San Pietro e Paolo<\/strong>. Eppure non solo essi sono entrambi ricordati come due <strong>baluardi di fede<\/strong> e simboli stessi della Chiesa cattolica, ma condividono addirittura la stessa festa, il <strong>29 giugno<\/strong>.<\/p>\n<p>In quella data, nel<strong> 67 d.C.<\/strong> <a href=\"https:\/\/www.holyart.it\/it\/articoli-religiosi\/icone-sacre\/icone-grecia-dipinte-e-serigrafate\/san-pietro-e-san-paolo\"><strong>San Pietro e San Paolo<\/strong><\/a> sarebbero stati martirizzati a Roma nel corso delle persecuzioni ordinate dall&#8217;imperatore <strong>Nerone <\/strong>contro i cristiani. Questo secondo il Martirologio Romano, i Sinassari delle Chiese orientali (raccolte di vite di santi) e il Decretum Gelasianum, un documento del V secolo che contiene diversi elenchi di materiale religioso, da testi scritti da riconoscere o da rigettare, a storie di autori ecclesiastici riconosciuti, alla lista dei sinodi.<\/p>\n<div class=\"link-product\">\n<div class=\"blocco-immagine\"><img loading=\"lazy\" decoding=\"async\" class=\"alignnone size-full wp-image-9896\" src=\"https:\/\/blog.holyart.it\/it\/wp-content\/uploads\/sites\/17\/2020\/06\/san-pietro-e-san-paolo.jpg\" alt=\"san pietro e san paolo\" width=\"100\" height=\"100\" data-kale-share-title=\"San Pietro e Paolo, perch\u00e9 vengono festeggiati insieme?\" data-kale-share-url=\"https:\/\/blog.holyart.it\/it\/santi-e-beati\/san-pietro-e-paolo-perche-vengono-festeggiati-insieme\/\" \/><\/div>\n<div class=\"blocco-contenuto\">\n<div class=\"blocco-acquista\">Acquista su Holyart:<\/div>\n<div class=\"blocco-titolo\"><a href=\"https:\/\/www.holyart.it\/it\/articoli-religiosi\/icone-sacre\/icone-grecia-dipinte-e-serigrafate\/san-pietro-e-san-paolo\">San Pietro e San Paolo<\/a><\/div>\n<div class=\"blocco-descrizione\">San Pietro e San Paolo che sorreggono la Chiesa.<\/div>\n<\/div>\n<\/div>\n<p>Sebbene sia quasi certo che tanto Pietro quanto Paolo subirono il martirio per volont\u00e0 di Nerone, il primo <strong>crocifisso a testa in gi\u00f9<\/strong>, il secondo <strong>decapitato<\/strong> tra il 64 d.C. e il 67 d.C., il fatto che le due uccisioni abbiano avuto luogo lo stesso giorno dello stesso anno \u00e8 altamente improbabile.<\/p>\n<p>\u00c8 pi\u00f9 plausibile che la scelta di commemorare la morte di entrambi i Santi Pietro e Paolo il 29 giugno derivi dalla volont\u00e0 di convertire una <strong>festa pagana<\/strong> in una celebrazione cristiana, come \u00e8 avvenuto nel corso dei secoli per moltissime altre festivit\u00e0 religiose. Infatti il 29 giugno coincideva con la festa di <strong>Romolo e Remo<\/strong>, fondatori di Roma. Verosimilmente i cristiani hanno voluto rendere omaggio ai due fondatori della Chiesa in quello stesso giorno, quasi a celebrare la nascita di una <strong>nuova Roma cristiana<\/strong>.<\/p>\n<p>Conosciamo meglio San Pietro e Paolo e il loro comune destino.<\/p>\n<h2>Storia di San Pietro, il Pescatore di uomini<\/h2>\n<p>Simone, che cambi\u00f2 il proprio nome in Pietro quando decise di seguire Ges\u00f9 insieme al fratello Andrea, fu il primo tra i discepoli a riconoscere Ges\u00f9 come Messia e Figlio del Dio vivente.<\/p>\n<p><strong><em>13<\/em><\/strong><em>\u00a0Poi Ges\u00f9, giunto dalle parti di Cesarea di Filippo, domand\u00f2 ai suoi discepoli: \u00abChi dicono gli uomini che io, il Figlio dell&#8217;uomo, sia?\u00bb.\u00a0<\/em><strong><em>14<\/em><\/strong><em>\u00a0Ed essi dissero: \u00abAlcuni, Giovanni Battista, altri Elia, altri Geremia, o uno dei profeti\u00bb.\u00a0<\/em><strong><em>15<\/em><\/strong><em>\u00a0Egli disse loro: \u00abE voi, chi dite che io sia?\u00bb.\u00a0<\/em><strong><em>16<\/em><\/strong><em> E Simon Pietro, rispondendo, disse: \u00abTu sei il Cristo, il Figlio del Dio vivente\u00bb. <\/em>(Matteo 16,13-16)<\/p>\n<p>Allo stesso modo, e nella stessa occasione, Ges\u00f9 stesso design\u00f2 <a href=\"https:\/\/www.holyart.it\/it\/articoli-religiosi\/statue\/statue-in-legno-dipinto\/san-pietro-con-le-chiavi-31-cm\"><strong>Pietro<\/strong><\/a> come <strong>Suo successore<\/strong>, <strong>fondamenta della Sua Chiesa<\/strong> e <strong>guida del gregge di Dio<\/strong>:<\/p>\n<p><strong><em>17<\/em><\/strong><em>\u00a0E Ges\u00f9, rispondendo, gli disse: \u00abTu sei beato, o Simone, figlio di Giona, perch\u00e9 n\u00e9 la carne n\u00e9 il sangue ti hanno rivelato\u00a0questo, ma il Padre mio che \u00e8 nei cieli.\u00a0<\/em><strong><em>18<\/em><\/strong><em>\u00a0Ed io altres\u00ec ti dico, che<strong> tu sei Pietro, e sopra questa roccia io edificher\u00f2 la mia chiesa <\/strong>e le porte dell&#8217;inferno non la potranno vincere.\u00a0<\/em><strong><em>19<\/em><\/strong><em> Ed io ti dar\u00f2 le chiavi del regno dei cieli; tutto ci\u00f2 che avrai legato sulla terra, sar\u00e0 legato nei cieli, e tutto ci\u00f2 che avrai sciolto sulla terra sar\u00e0 sciolto nei cieli\u00bb.<\/em> (Matteo 16,17-19)<\/p>\n<div class=\"link-product\">\n<div class=\"blocco-immagine\"><img loading=\"lazy\" decoding=\"async\" class=\"alignnone size-full wp-image-9885\" src=\"https:\/\/blog.holyart.it\/it\/wp-content\/uploads\/sites\/17\/2020\/06\/san-pietro-con-le-chiavi-31-cm.jpg\" alt=\"san-pietro-con-le-chiavi\" width=\"100\" height=\"100\" data-kale-share-title=\"\" data-kale-share-url=\"https:\/\/blog.holyart.it\/it\/?p=9883\" \/><\/div>\n<div class=\"blocco-contenuto\">\n<div class=\"blocco-acquista\">Acquista su Holyart:<\/div>\n<div class=\"blocco-titolo\"><a href=\"https:\/\/www.holyart.it\/it\/articoli-religiosi\/statue\/statue-in-legno-dipinto\/san-pietro-con-le-chiavi-31-cm\">San Pietro con le chiavi 31 cm<\/a><\/div>\n<div class=\"blocco-descrizione\">Statua dipinta a mano da artigiani della Val Gardena.<\/div>\n<\/div>\n<\/div>\n<p>Fu esattamente ci\u00f2 che avvenne dopo la morte di Ges\u00f9. Pietro, che per tre volte aveva rinnegato il suo Maestro dopo l&#8217;arresto, divenne il <strong>punto di riferimento<\/strong> per gli altri apostoli e per tutti i discepoli. Sar\u00e0 lui a dare l&#8217;avvio alla <strong>predicazione della Buona Novella<\/strong>, dopo la discesa dello Spirito Santo su tutti loro a Pentecoste. Sar\u00e0 lui ad assumere nelle proprie mani tutti i doveri del <strong>Vicario di Cristo in Terra<\/strong>.<\/p>\n<p>Parlando di come Pietro rinneg\u00f2 Ges\u00f9 non possiamo non soffermarci sulla sua <strong>debolezza<\/strong>, sui <strong>difetti<\/strong> che fanno di lui un essere umano tra gli esseri umani. \u00c8 incredibile pensare che quest&#8217;uomo che Ges\u00e0 defin\u00ec<em> di poca fede<\/em>, quando non credeva di poter camminare sulle acque per raggiungerlo (Matteo 14:22-36), diventer\u00e0 il <strong>fondamento stesso della Fede cristiana<\/strong> e la roccia stabile e coesa su cui si fonder\u00e0 la Chiesa!<br \/>\nEppure questo era Pietro prima di essere ci\u00f2 che Ges\u00f9 gli chiese di diventare. Un uomo, un pescatore che gettava le sue reti nel mare di Galilea, e che attendeva la venuta del Messia predicata dai profeti e dichiarata imminente da <a href=\"https:\/\/www.holyart.it\/blog\/santi-e-beati\/24-giugno-san-giovanni-battista\/\"><strong>Giovanni Battista<\/strong><\/a>. A lui Ges\u00f9 chiese di poter salire sulla sua barca per predicare, e, benedetto da una pesca miracolosa, Simone decise di lasciare tutto, perfino il proprio nome, e di seguire Ges\u00f9 autoproclamandosi <strong>pescatore di uomini<\/strong>.<\/p>\n<div class=\"link-article\">\n<p><img loading=\"lazy\" decoding=\"async\" class=\"alignleft size-full wp-image-9888\" src=\"https:\/\/blog.holyart.it\/it\/wp-content\/uploads\/sites\/17\/2020\/06\/San-Giovanni-BAttista-768x522-1.jpg\" alt=\"San-Giovanni-BAttista-768x522\" width=\"150\" height=\"101\" data-kale-share-title=\"\" data-kale-share-url=\"https:\/\/blog.holyart.it\/it\/?p=9883\" \/><\/p>\n<div class=\"leggi-anche\">Leggi anche:<\/div>\n<p><strong><a href=\"https:\/\/www.holyart.it\/blog\/santi-e-beati\/24-giugno-san-giovanni-battista\/\">24 giugno San Giovanni Battista<\/a><\/strong><br \/>\nIl 24 giugno si festeggia la nascita di San Giovanni Battista, uno dei Santi pi\u00f9 venerati nel mondo.<\/p>\n<\/div>\n<p>Pietro fu anche testimone della <strong><a href=\"https:\/\/www.holyart.it\/blog\/articoli-religiosi\/la-trasfigurazione-gesu-cristo\/\">Trasfigurazione di Ges\u00f9<\/a><\/strong>, insieme a Giacomo e Giovanni.<\/p>\n<p><strong>Ardente e impulsivo<\/strong>, Pietro aspettava un Messia che fosse una guida spirituale, ma anche un guerriero, un Re conquistatore che avrebbe spezzato il giogo di Roma. La personalit\u00e0 e il carisma di Ges\u00f9, tuttavia, lo conquistarono completamente. Anche al momento dell&#8217;<strong>arresto<\/strong> di quest&#8217;ultimo l&#8217;antico ardore di Pietro riemerse, spingendolo a impugnare la spada contro le guardie venute a portar via Ges\u00f9 e a colpirne una con la spada. Questo non gli impedir\u00e0 di rinnegarlo per tre volte, atto di cui si pentir\u00e0 amaramente.<\/p>\n<div class=\"link-article\">\n<p><img loading=\"lazy\" decoding=\"async\" class=\"size-full wp-image-17963 alignleft\" src=\"https:\/\/blog.holyart.it\/it\/wp-content\/uploads\/sites\/17\/2020\/06\/Trasfigurazione-di-Gesu-768x511-1.jpg\" alt=\"Trasfigurazione di Gesu\" width=\"150\" height=\"99\" data-kale-share-title=\"San Pietro e Paolo, perch\u00e9 vengono festeggiati insieme?\" data-kale-share-url=\"https:\/\/blog.holyart.it\/it\/santi-e-beati\/san-pietro-e-paolo-perche-vengono-festeggiati-insieme\/\" \/><\/p>\n<div class=\"leggi-anche\">Leggi anche:<\/div>\n<p><strong><a href=\"https:\/\/www.holyart.it\/blog\/articoli-religiosi\/la-trasfigurazione-gesu-cristo\/\">La trasfigurazione di Ges\u00f9 Cristo<\/a><\/strong><br \/>\nIl 6 agosto si celebra la Trasfigurazione di Ges\u00f9, quaranta giorni prima dell\u2019Esaltazione della Santa Croce&#8230;<\/p>\n<\/div>\n<p>A Pietro accorso la<strong> mattina di Pasqua<\/strong> presso il sepolcro di Cristo trovato vuoto dalle donne, Ges\u00f9 apparve prima che agli altri, e da questo momento in poi gli <strong>Atti degli Apostoli<\/strong> e i testi sacri ci riportano continue conferme del ruolo abbracciato pienamente dall&#8217;Apostolo.<br \/>\nIl giorno di <a href=\"https:\/\/www.holyart.it\/blog\/accessori-liturgia\/in-occasione-della-pentecoste-prega-maria-che-scioglie-i-nodi\/\"><strong>Pentecoste<\/strong><\/a>, mentre lo Spirito Santo disceso in lingue di fuoco dava ai discepoli la capacit\u00e0 di parlare in tutte le lingue del mondo, Pietro arringher\u00e0 la folla, turbata e impaurita dichiarando Ges\u00f9 <strong>Signore e Messia<\/strong>, resuscitato dal regno dei morti e asceso al cielo, a compiere quel miracolo. Il suo discorso spinger\u00e0 molti dei presenti a convertirsi e a chiedere il Battesimo, e a migliaia giungeranno nei giorni successivi per la stessa ragione.<\/p>\n<p>Nello stesso giorno inizia anche la <strong>predicazione della Buona Novella <\/strong>da parte di Pietro, che lo porter\u00e0 ad essere arrestato pi\u00f9 volte dagli ebrei e dai romani. In particolare ricordiamo l&#8217;arresto da parte di Re Erode Agrippa, al quale l&#8217;apostolo sarebbe fuggito grazie all&#8217;intervento di un angelo.<\/p>\n<p>I suoi viaggi lo porteranno fino a <strong>Roma<\/strong>, dove incontrer\u00e0 il suo destino per volont\u00e0 di Nerone.<\/p>\n<p>La leggenda vuole che, mentre tentava di fuggire da Roma per sfuggire all&#8217;arresto, Ges\u00f9 gli apparve. L&#8217;apostolo gli domand\u00f2: &#8220;Quo vadis? (Dove vai?)&#8221; e il Signore gli rispose che andava a Roma per morire di nuovo. Allora Pietro torn\u00f2 sui propri passi, si lasci\u00f2 arrestare e accett\u00f2 il martirio. La scelta di morire <strong>crocifisso a testa in gi\u00f9<\/strong> fu di Pietro stesso, che non si considerava degno di morire come il suo amatissimo Maestro. Venne seppellito sul Colle Vaticano, e intorno alla sua tomba, nel tempo, venne eretta la <strong>Basilica di San Pietro<\/strong>, che ancora custodisce il suo sepolcro.<\/p>\n<h2>Storia di San Paolo, apostolo dei Gentili<\/h2>\n<p>Paolo si chiamava Saulo da Tarso prima di convertirsi. <strong>Non conobbe mai Ges\u00f9<\/strong>, ma \u00e8 ricordato come il <strong>Suo primo missionario<\/strong>, il <strong>sommo predicatore della Sua Parola presso Ebrei, Greci e Romani<\/strong>, i cosiddetti &#8216;gentili&#8217;, appunto, intesi come <em>pagani, non cristiani<\/em>. Fu grazie a lui e a San Pietro che il messaggio evangelico si diffuse in tutto il bacio del Mediterraneo di allora. I suoi scritti eccezionali fanno di lui <strong>il primo teologo<\/strong> della storia del <a href=\"https:\/\/www.holyart.it\/blog\/articoli-religiosi\/le-differenze-ebraismo-cristianesimo\/\"><strong>Cristianesimo<\/strong><\/a><strong>.<\/strong><\/p>\n<div class=\"link-article\">\n<p><img loading=\"lazy\" decoding=\"async\" class=\"alignleft size-full wp-image-9889\" src=\"https:\/\/blog.holyart.it\/it\/wp-content\/uploads\/sites\/17\/2020\/06\/differenze-tra-ebraismo-e-cristianesimo-768x511.jpg\" alt=\"differenze-tra-ebraismo-e-cristianesimo-768x511\" width=\"150\" height=\"99\" data-kale-share-title=\"San Pietro e Paolo, perch\u00e9 vengono festeggiati insieme?\" data-kale-share-url=\"https:\/\/blog.holyart.it\/it\/?p=9883\" \/><\/p>\n<div class=\"leggi-anche\">Leggi anche:<\/div>\n<p><strong><a href=\"https:\/\/www.holyart.it\/blog\/articoli-religiosi\/le-differenze-ebraismo-cristianesimo\/\">Le differenze tra ebraismo e cristianesimo<\/a><\/strong><br \/>\nQuali sono le differenze tra Ebraismo e Cristianesimo? Il Dio degli Ebrei \u00e8 lo stesso dei Cristiani?<\/p>\n<\/div>\n<p>Era un ebreo ellenizzato, un aristocratico, un cittadino romano. Fiero sostenitore delle tradizioni ebraiche, dedic\u00f2 la prima parte della propria vita a <strong>perseguitare i cristiani<\/strong>, che lui vedeva come una setta pericolosa da estirpare con ogni mezzo.<\/p>\n<p>Fu proprio mentre compiva il suo dovere di sterminatore di cristiani che conobbe il proprio destino. Negli <a href=\"https:\/\/www.holyart.it\/it\/articoli-religiosi\/libri-e-testi-sacri\/calendari-e-altri-libri-religiosi\/atti-degli-apostoli-cd-conferenze\"><strong>Atti degli Apostoli<\/strong><\/a> (Atti 9,1-9) leggiamo come, in viaggio verso <strong>Damasco <\/strong>per inseguire un gruppo di cristiani che erano fuggiti da Gerusalemme, Saulo venne investito da una luce abbagliante che lo rese cieco. Nel bagliore ud\u00ec una voce che diceva: <em>&#8220;Saulo, Saulo, perch\u00e9 mi perseguiti?&#8221;<\/em> (Atti 9, 4). Dopo quell&#8217;evento miracoloso, l&#8217;uomo\u00a0vag\u00f2 per tre giorni giungendo a Damasco, dove venne accolto e curato da <strong>Anania<\/strong>, capo dei cristiani della citt\u00e0.<\/p>\n<p>Ebbe cos\u00ec luogo la sua <strong>conversione<\/strong> e l&#8217;inizio della sua missione come indefesso missionario di Ges\u00f9.<\/p>\n<p>Proprio dalla sua conversione <a href=\"https:\/\/www.holyart.it\/it\/articoli-religiosi\/statue\/statue-in-legno-dipinto\/san-paolo\"><strong>San Paolo<\/strong><\/a> trarr\u00e0 spunto per iniziare la sua predicazione. Una missione non facile, considerando che ovunque ci si ricordava del suo odio verso i cristiani. Ma Paolo non si perse d&#8217;animo. Battezzato da Anania, e dopo aver vissuto qualche tempo a Damasco presso la comunit\u00e0 cristiana, <strong>intraprese diversi viaggi<\/strong>. La tradizione indica <strong>tre viaggi missionari principali<\/strong>: il primo nelle regioni dell&#8217;attuale Turchia, sull&#8217;isola di Cipro, nella citt\u00e0 di Antiochia e in Siria; il secondo in Grecia; il terzo di nuovo in Asia. Ci fu un quarto viaggio, che Paolo intraprese come prigioniero, fino a <strong>Roma<\/strong>. Qui gli <strong>Atti degli Apostoli<\/strong> interrompono il racconto relativo alla sua vita. Mor\u00ec <strong>decapitato<\/strong> durante le persecuzioni indette da Nerone. I suoi resti giacciono tuttora nella <strong>Basilica di San Paolo Fuori le Mura<\/strong>.<\/p>\n<div class=\"link-product\">\n<div class=\"blocco-immagine\"><img loading=\"lazy\" decoding=\"async\" class=\"alignnone wp-image-9886 size-full\" src=\"https:\/\/blog.holyart.it\/it\/wp-content\/uploads\/sites\/17\/2020\/06\/san-paolo.jpg\" alt=\"san-paolo\" width=\"100\" height=\"100\" data-kale-share-title=\"\" data-kale-share-url=\"https:\/\/blog.holyart.it\/it\/?p=9883\" \/><\/div>\n<div class=\"blocco-contenuto\">\n<div class=\"blocco-acquista\">Acquista su Holyart:<\/div>\n<div class=\"blocco-titolo\"><a href=\"https:\/\/www.holyart.it\/it\/articoli-religiosi\/statue\/statue-in-legno-dipinto\/san-paolo\">San Paolo<\/a><\/div>\n<div class=\"blocco-descrizione\">Statua in legno di acero, intagliata e dipinta a mano.<\/div>\n<\/div>\n<\/div>\n<p>La testimonianza della sua opera evangelica rimane, oltre che nelle cronache e nei resoconti del tempo, soprattutto nelle sue <strong>Opere<\/strong>. Ci riferiamo alle <strong>Lettere <\/strong>da lui scritte alle comunit\u00e0 cristiane toccate durante i suoi viaggi apostolici o da lui stesso fondate. Esse sono entrate a far parte del <strong>Nuovo Testamento<\/strong>. In esse San Paolo si fa <strong>portavoce di Dio e della sua promessa di salvezza<\/strong>. Quella salvezza che aveva illuminato lui per primo, strappandolo alla sua vecchia vita e rendendolo il pi\u00f9 fervido degli apostoli, sebbene mai in vita incontr\u00f2 Ges\u00f9.<br \/>\n<em>&#8220;Vi ho trasmesso innanzitutto <strong>quello che io stesso ho ricevuto<\/strong>: Cristo \u00e8 morto per i nostri peccati, secondo le Scritture, fu sepolto, risorse il terzo giorno secondo le scritture, apparve a Cefa (San Pietro), poi ai dodici.&#8221; <\/em>\u00a0 (Prima lettera ai Corinzi 15, 3 \u2013 5).<\/p>\n<h2>Perch\u00e9 Pietro e Paolo vengono festeggiati insieme?<\/h2>\n<p>Tralasciando la tradizione che li vuole a Roma nello stesso periodo, e uccisi lo stesso giorno, possiamo riconoscere i tratti che accomunano San Pietro e Paolo, questi due uomini cos\u00ec diversi, e fanno s\u00ec che essi vengano festeggiati insieme, nella loro <strong>comune volont\u00e0 di diffondere il messaggio evangelico<\/strong> e l&#8217;eredit\u00e0 lasciata dall&#8217;esperienza umana e mortale di Ges\u00f9.<\/p>\n<p>Se Pietro fu la <strong>\u201cpietra\u201d su cui \u00e8 stata edificata la Chiesa<\/strong>, oltre che guida del gregge di Dio, Paolo fu il pi\u00f9 fervente predicatore della Parola in tutto il mondo mediterraneo, <strong>il primo missionario della storia<\/strong>.<\/p>\n<p>Indubbio anche il legame di San Pietro e Paolo con <strong>Roma<\/strong>, dove entrambi morirono, ma soprattutto alla <strong>rinascita cristiana <\/strong>della quale entrambi tesero. Nel 2012 <strong><a href=\"https:\/\/www.holyart.it\/it\/articoli-religiosi\/statue\/statue-in-legno-naturale\/papa-benedetto-xvi-in-legno-naturale-della-val-gardena\">Papa Emerito Benedetto XVI<\/a><\/strong> li dichiar\u00f2 entrambi \u201c<strong>patroni principali della Chiesa di Roma<\/strong>\u201d. Ancora oggi <strong>Roma li ricorda con una grande festa<\/strong>, nel corso della quale ha luogo un imponente spettacolo di fuochi d&#8217;artificio, mentre San Pietro viene decorata con una magnifica infiorata, e il Papa consegna una fascia in lana bianca (il palio), ai vescovi della citt\u00e0, prima di baciare il piede della statua di San Pietro che per la ricorrenza viene rivestita con un mantello rosso.<\/p>\n<p>Sebbene<strong> diversi<\/strong>, sebbene lontani per storia ed esperienza, e nonostante si siano <strong>scontrati tra loro<\/strong> proprio a causa di queste diversit\u00e0, San Pietro e Paolo sono come fratelli complementari, legati dal <strong>Vangelo<\/strong> di cui furono messaggeri e depositari. Nei <strong>Discorsi di Sant&#8217;Agostino<\/strong> leggiamo: <em>\u201cUn solo giorno \u00e8 consacrato alla festa dei due apostoli. Ma anch&#8217;essi erano una cosa sola. Bench\u00e9 siano stati martirizzati in giorni diversi, tuttavia, erano una cosa sola in Cristo.\u201d<\/em><\/p>\n<div class=\"link-article\">\n<p><img loading=\"lazy\" decoding=\"async\" class=\"alignleft size-full wp-image-9890\" src=\"https:\/\/blog.holyart.it\/it\/wp-content\/uploads\/sites\/17\/2020\/06\/SantAgostino-dIppona-768x511.jpg\" alt=\"SantAgostino-dIppona-768x511\" width=\"150\" height=\"99\" data-kale-share-title=\"San Pietro e Paolo, perch\u00e9 vengono festeggiati insieme?\" data-kale-share-url=\"https:\/\/blog.holyart.it\/it\/?p=9883\" \/><\/p>\n<div class=\"leggi-anche\">Leggi anche:<\/div>\n<p><strong><a href=\"https:\/\/www.holyart.it\/blog\/santi-e-beati\/santagostino-dippona-filosofo-vescovo-teologo\/\">Sant\u2019Agostino d\u2019Ippona: filosofo, vescovo e teologo<\/a><\/strong><br \/>\nSant\u2019Agostino d\u2019Ippona mise la propria sensibilit\u00e0 superiore e il proprio genio al servizio della Fede.<\/p>\n<\/div>\n<p>Cos\u00ec due individui che la storia \u00e8 tenuto separati, che indole e natura hanno tenuto lontani, si sono riuniti <strong>in Cristo e per Cristo<\/strong>.<\/p>\n<h2>La raffigurazione dell&#8217;abbraccio dei Santi Pietro e Paolo<\/h2>\n<p><strong><a href=\"https:\/\/www.holyart.it\/it\/articoli-religiosi\/icone-sacre\/icone-romania-dipinte\/icona-santi-pietro-e-paolo\">L&#8217;icona di San Pietro e Paolo<\/a><\/strong> li rappresenta nell&#8217;atto di <strong>abbracciarsi<\/strong>. Forse fu con un abbraccio che si salutarono prima di venire portati via dai loro carnefici, secondo la tradizione. Ma questo abbraccio significa molto di pi\u00f9 di un semplice saluto tra due uomini che sono le colonne della Cristianit\u00e0. Si tratta di un gesto simbolico che va al di l\u00e0 del <strong>messaggio d&#8217;amore<\/strong> promosso da Ges\u00f9, e giustamente messo in pratica dai suoi due discepoli pi\u00f9 vicini: <em>\u201cQuesto \u00e8 il mio comandamento: che vi amiate gli uni gli altri come io ho amato voi.\u201d <\/em>(Giovanni 15,9-17)<\/p>\n<div class=\"link-product\">\n<div class=\"blocco-immagine\"><img loading=\"lazy\" decoding=\"async\" class=\"alignnone size-full wp-image-9887\" src=\"https:\/\/blog.holyart.it\/it\/wp-content\/uploads\/sites\/17\/2020\/06\/icona-santi-pietro-e-paolo.jpg\" alt=\"icona-santi-pietro-e-paolo\" width=\"100\" height=\"100\" data-kale-share-title=\"\" data-kale-share-url=\"https:\/\/blog.holyart.it\/it\/?p=9883\" \/><\/div>\n<div class=\"blocco-contenuto\">\n<div class=\"blocco-acquista\">Acquista su Holyart:<\/div>\n<div class=\"blocco-titolo\"><a href=\"https:\/\/www.holyart.it\/it\/articoli-religiosi\/icone-sacre\/icone-romania-dipinte\/icona-santi-pietro-e-paolo\">Icona Santi Pietro e Paolo<\/a><\/div>\n<div class=\"blocco-descrizione\">L&#8217;abbraccio tra i Santi Pietro e Paolo<\/div>\n<\/div>\n<\/div>\n<p>Questo abbraccio ideale simboleggia l&#8217;<strong>unione tra due mondi<\/strong>, quello <strong>pagano<\/strong>, rappresentato dai <em>gentili<\/em> ai quali si rivolgeva San Paolo, e gli <strong>ebrei<\/strong>, che Pietro continuava a considerare il popolo eletto. Per San Pietro non si poteva abbracciare il Cristianesimo senza prima aver abbracciato la cultura e la tradizione ebraica, e i pagani potevano al massimo diventare cristiani di seconda categoria,\u00a0mentre per Paolo <strong>solo il messaggio di Cristo contava<\/strong>, travalicava le radici stesse, offrendo la possibilit\u00e0 di una rinascita piena e completa nel Suo nome.<\/p>\n<p>Paolo riconobbe tuttavia sempre il <strong>primato di Pietro<\/strong>, la sua autorit\u00e0 come capo della Chiesa voluto ed eletto di Ges\u00f9 in persona. Pietro, da parte sua, nonostante i disaccordi iniziali, riconobbe il valore della <strong>dottrina di Paolo<\/strong>, e anche in questo valore complementare da <strong>autorit\u00e0 e dottrina<\/strong> possiamo leggere un ulteriore significato nell&#8217;abbraccio dei due apostoli.<\/p>\n","protected":false},"excerpt":{"rendered":"<p>Il 29 giugno si festeggiano San Pietro e Paolo. Due apostoli, due uomini diversissimi tra loro, ma entrambi fondamentali per la storia della Chiesa. Conosciamo meglio questi due esempi di fede e la loro festa. Difficile pensare a due uomini pi\u00f9 differenti tra loro per&hellip;<\/p>\n","protected":false},"author":1,"featured_media":9901,"comment_status":"closed","ping_status":"open","sticky":false,"template":"","format":"standard","meta":{"_acf_changed":false,"footnotes":""},"categories":[16,15],"tags":[],"class_list":["post-9883","post","type-post","status-publish","format-standard","has-post-thumbnail","hentry","category-articoli-religiosi","category-santi-e-beati"],"acf":[],"yoast_head":"<!-- This site is optimized with the Yoast SEO plugin v26.6 - https:\/\/yoast.com\/wordpress\/plugins\/seo\/ -->\n<title>San Pietro e Paolo, perch\u00e9 vengono festeggiati insieme? - Holyblog<\/title>\n<meta name=\"description\" content=\"Il 29 giorno si festeggiano San Pietro e Paolo. Due apostoli, due uomini diversissimi tra loro, ma entrambi fondamentali per la storia della Chiesa.\" \/>\n<meta name=\"robots\" content=\"index, follow, max-snippet:-1, max-image-preview:large, max-video-preview:-1\" \/>\n<link rel=\"canonical\" href=\"https:\/\/blog.holyart.it\/it\/santi-e-beati\/san-pietro-e-paolo-perche-vengono-festeggiati-insieme\/\" \/>\n<meta property=\"og:locale\" content=\"it_IT\" \/>\n<meta property=\"og:type\" content=\"article\" \/>\n<meta property=\"og:title\" content=\"San Pietro e Paolo, perch\u00e9 vengono festeggiati insieme? - Holyblog\" \/>\n<meta property=\"og:description\" content=\"Il 29 giorno si festeggiano San Pietro e Paolo. Due apostoli, due uomini diversissimi tra loro, ma entrambi fondamentali per la storia della Chiesa.\" \/>\n<meta property=\"og:url\" content=\"https:\/\/blog.holyart.it\/it\/santi-e-beati\/san-pietro-e-paolo-perche-vengono-festeggiati-insieme\/\" \/>\n<meta property=\"og:site_name\" content=\"Holyblog\" \/>\n<meta property=\"article:published_time\" content=\"2020-06-29T09:14:54+00:00\" \/>\n<meta property=\"article:modified_time\" content=\"2024-06-10T13:33:21+00:00\" \/>\n<meta property=\"og:image\" content=\"https:\/\/blog.holyart.it\/it\/wp-content\/uploads\/sites\/17\/2020\/06\/santi-pietro-e-paolo.jpg\" \/>\n\t<meta property=\"og:image:width\" content=\"1000\" \/>\n\t<meta property=\"og:image:height\" content=\"666\" \/>\n\t<meta property=\"og:image:type\" content=\"image\/jpeg\" \/>\n<meta name=\"author\" content=\"Redazione\" \/>\n<meta name=\"twitter:card\" content=\"summary_large_image\" \/>\n<meta name=\"twitter:label1\" content=\"Scritto da\" \/>\n\t<meta name=\"twitter:data1\" content=\"Redazione\" \/>\n\t<meta name=\"twitter:label2\" content=\"Tempo di lettura stimato\" \/>\n\t<meta name=\"twitter:data2\" content=\"15 minuti\" \/>\n<script type=\"application\/ld+json\" class=\"yoast-schema-graph\">{\"@context\":\"https:\/\/schema.org\",\"@graph\":[{\"@type\":\"Article\",\"@id\":\"https:\/\/blog.holyart.it\/it\/santi-e-beati\/san-pietro-e-paolo-perche-vengono-festeggiati-insieme\/#article\",\"isPartOf\":{\"@id\":\"https:\/\/blog.holyart.it\/it\/santi-e-beati\/san-pietro-e-paolo-perche-vengono-festeggiati-insieme\/\"},\"author\":{\"name\":\"Redazione\",\"@id\":\"https:\/\/blog.holyart.it\/it\/#\/schema\/person\/0a7b686e5af0f856ec1e390dd0baecda\"},\"headline\":\"San Pietro e Paolo, perch\u00e9 vengono festeggiati insieme?\",\"datePublished\":\"2020-06-29T09:14:54+00:00\",\"dateModified\":\"2024-06-10T13:33:21+00:00\",\"mainEntityOfPage\":{\"@id\":\"https:\/\/blog.holyart.it\/it\/santi-e-beati\/san-pietro-e-paolo-perche-vengono-festeggiati-insieme\/\"},\"wordCount\":2316,\"publisher\":{\"@id\":\"https:\/\/blog.holyart.it\/it\/#organization\"},\"image\":{\"@id\":\"https:\/\/blog.holyart.it\/it\/santi-e-beati\/san-pietro-e-paolo-perche-vengono-festeggiati-insieme\/#primaryimage\"},\"thumbnailUrl\":\"https:\/\/blog.holyart.it\/it\/wp-content\/uploads\/sites\/17\/2020\/06\/santi-pietro-e-paolo.jpg\",\"articleSection\":[\"Religione\",\"Santi e beati\"],\"inLanguage\":\"it-IT\"},{\"@type\":\"WebPage\",\"@id\":\"https:\/\/blog.holyart.it\/it\/santi-e-beati\/san-pietro-e-paolo-perche-vengono-festeggiati-insieme\/\",\"url\":\"https:\/\/blog.holyart.it\/it\/santi-e-beati\/san-pietro-e-paolo-perche-vengono-festeggiati-insieme\/\",\"name\":\"San Pietro e Paolo, perch\u00e9 vengono festeggiati insieme? - Holyblog\",\"isPartOf\":{\"@id\":\"https:\/\/blog.holyart.it\/it\/#website\"},\"primaryImageOfPage\":{\"@id\":\"https:\/\/blog.holyart.it\/it\/santi-e-beati\/san-pietro-e-paolo-perche-vengono-festeggiati-insieme\/#primaryimage\"},\"image\":{\"@id\":\"https:\/\/blog.holyart.it\/it\/santi-e-beati\/san-pietro-e-paolo-perche-vengono-festeggiati-insieme\/#primaryimage\"},\"thumbnailUrl\":\"https:\/\/blog.holyart.it\/it\/wp-content\/uploads\/sites\/17\/2020\/06\/santi-pietro-e-paolo.jpg\",\"datePublished\":\"2020-06-29T09:14:54+00:00\",\"dateModified\":\"2024-06-10T13:33:21+00:00\",\"description\":\"Il 29 giorno si festeggiano San Pietro e Paolo. Due apostoli, due uomini diversissimi tra loro, ma entrambi fondamentali per la storia della Chiesa.\",\"breadcrumb\":{\"@id\":\"https:\/\/blog.holyart.it\/it\/santi-e-beati\/san-pietro-e-paolo-perche-vengono-festeggiati-insieme\/#breadcrumb\"},\"inLanguage\":\"it-IT\",\"potentialAction\":[{\"@type\":\"ReadAction\",\"target\":[\"https:\/\/blog.holyart.it\/it\/santi-e-beati\/san-pietro-e-paolo-perche-vengono-festeggiati-insieme\/\"]}]},{\"@type\":\"ImageObject\",\"inLanguage\":\"it-IT\",\"@id\":\"https:\/\/blog.holyart.it\/it\/santi-e-beati\/san-pietro-e-paolo-perche-vengono-festeggiati-insieme\/#primaryimage\",\"url\":\"https:\/\/blog.holyart.it\/it\/wp-content\/uploads\/sites\/17\/2020\/06\/santi-pietro-e-paolo.jpg\",\"contentUrl\":\"https:\/\/blog.holyart.it\/it\/wp-content\/uploads\/sites\/17\/2020\/06\/santi-pietro-e-paolo.jpg\",\"width\":1000,\"height\":666,\"caption\":\"santi pietro e paolo\"},{\"@type\":\"BreadcrumbList\",\"@id\":\"https:\/\/blog.holyart.it\/it\/santi-e-beati\/san-pietro-e-paolo-perche-vengono-festeggiati-insieme\/#breadcrumb\",\"itemListElement\":[{\"@type\":\"ListItem\",\"position\":1,\"name\":\"Homepage\",\"item\":\"https:\/\/blog.holyart.it\/it\/\"},{\"@type\":\"ListItem\",\"position\":2,\"name\":\"Santi e beati\",\"item\":\"https:\/\/blog.holyart.it\/it\/santi-e-beati\/\"},{\"@type\":\"ListItem\",\"position\":3,\"name\":\"San Pietro e Paolo, perch\u00e9 vengono festeggiati insieme?\"}]},{\"@type\":\"WebSite\",\"@id\":\"https:\/\/blog.holyart.it\/it\/#website\",\"url\":\"https:\/\/blog.holyart.it\/it\/\",\"name\":\"Holyblog\",\"description\":\"Il Blog di Holyart.it\",\"publisher\":{\"@id\":\"https:\/\/blog.holyart.it\/it\/#organization\"},\"potentialAction\":[{\"@type\":\"SearchAction\",\"target\":{\"@type\":\"EntryPoint\",\"urlTemplate\":\"https:\/\/blog.holyart.it\/it\/?s={search_term_string}\"},\"query-input\":{\"@type\":\"PropertyValueSpecification\",\"valueRequired\":true,\"valueName\":\"search_term_string\"}}],\"inLanguage\":\"it-IT\"},{\"@type\":\"Organization\",\"@id\":\"https:\/\/blog.holyart.it\/it\/#organization\",\"name\":\"Holyblog\",\"url\":\"https:\/\/blog.holyart.it\/it\/\",\"logo\":{\"@type\":\"ImageObject\",\"inLanguage\":\"it-IT\",\"@id\":\"https:\/\/blog.holyart.it\/it\/#\/schema\/logo\/image\/\",\"url\":\"https:\/\/blog.holyart.it\/it\/wp-content\/uploads\/sites\/17\/2022\/12\/Holyart_Blog_Logo.jpg\",\"contentUrl\":\"https:\/\/blog.holyart.it\/it\/wp-content\/uploads\/sites\/17\/2022\/12\/Holyart_Blog_Logo.jpg\",\"width\":300,\"height\":50,\"caption\":\"Holyblog\"},\"image\":{\"@id\":\"https:\/\/blog.holyart.it\/it\/#\/schema\/logo\/image\/\"}},{\"@type\":\"Person\",\"@id\":\"https:\/\/blog.holyart.it\/it\/#\/schema\/person\/0a7b686e5af0f856ec1e390dd0baecda\",\"name\":\"Redazione\"}]}<\/script>\n<!-- \/ Yoast SEO plugin. -->","yoast_head_json":{"title":"San Pietro e Paolo, perch\u00e9 vengono festeggiati insieme? - Holyblog","description":"Il 29 giorno si festeggiano San Pietro e Paolo. Due apostoli, due uomini diversissimi tra loro, ma entrambi fondamentali per la storia della Chiesa.","robots":{"index":"index","follow":"follow","max-snippet":"max-snippet:-1","max-image-preview":"max-image-preview:large","max-video-preview":"max-video-preview:-1"},"canonical":"https:\/\/blog.holyart.it\/it\/santi-e-beati\/san-pietro-e-paolo-perche-vengono-festeggiati-insieme\/","og_locale":"it_IT","og_type":"article","og_title":"San Pietro e Paolo, perch\u00e9 vengono festeggiati insieme? - Holyblog","og_description":"Il 29 giorno si festeggiano San Pietro e Paolo. Due apostoli, due uomini diversissimi tra loro, ma entrambi fondamentali per la storia della Chiesa.","og_url":"https:\/\/blog.holyart.it\/it\/santi-e-beati\/san-pietro-e-paolo-perche-vengono-festeggiati-insieme\/","og_site_name":"Holyblog","article_published_time":"2020-06-29T09:14:54+00:00","article_modified_time":"2024-06-10T13:33:21+00:00","og_image":[{"width":1000,"height":666,"url":"https:\/\/blog.holyart.it\/it\/wp-content\/uploads\/sites\/17\/2020\/06\/santi-pietro-e-paolo.jpg","type":"image\/jpeg"}],"author":"Redazione","twitter_card":"summary_large_image","twitter_misc":{"Scritto da":"Redazione","Tempo di lettura stimato":"15 minuti"},"schema":{"@context":"https:\/\/schema.org","@graph":[{"@type":"Article","@id":"https:\/\/blog.holyart.it\/it\/santi-e-beati\/san-pietro-e-paolo-perche-vengono-festeggiati-insieme\/#article","isPartOf":{"@id":"https:\/\/blog.holyart.it\/it\/santi-e-beati\/san-pietro-e-paolo-perche-vengono-festeggiati-insieme\/"},"author":{"name":"Redazione","@id":"https:\/\/blog.holyart.it\/it\/#\/schema\/person\/0a7b686e5af0f856ec1e390dd0baecda"},"headline":"San Pietro e Paolo, perch\u00e9 vengono festeggiati insieme?","datePublished":"2020-06-29T09:14:54+00:00","dateModified":"2024-06-10T13:33:21+00:00","mainEntityOfPage":{"@id":"https:\/\/blog.holyart.it\/it\/santi-e-beati\/san-pietro-e-paolo-perche-vengono-festeggiati-insieme\/"},"wordCount":2316,"publisher":{"@id":"https:\/\/blog.holyart.it\/it\/#organization"},"image":{"@id":"https:\/\/blog.holyart.it\/it\/santi-e-beati\/san-pietro-e-paolo-perche-vengono-festeggiati-insieme\/#primaryimage"},"thumbnailUrl":"https:\/\/blog.holyart.it\/it\/wp-content\/uploads\/sites\/17\/2020\/06\/santi-pietro-e-paolo.jpg","articleSection":["Religione","Santi e beati"],"inLanguage":"it-IT"},{"@type":"WebPage","@id":"https:\/\/blog.holyart.it\/it\/santi-e-beati\/san-pietro-e-paolo-perche-vengono-festeggiati-insieme\/","url":"https:\/\/blog.holyart.it\/it\/santi-e-beati\/san-pietro-e-paolo-perche-vengono-festeggiati-insieme\/","name":"San Pietro e Paolo, perch\u00e9 vengono festeggiati insieme? - Holyblog","isPartOf":{"@id":"https:\/\/blog.holyart.it\/it\/#website"},"primaryImageOfPage":{"@id":"https:\/\/blog.holyart.it\/it\/santi-e-beati\/san-pietro-e-paolo-perche-vengono-festeggiati-insieme\/#primaryimage"},"image":{"@id":"https:\/\/blog.holyart.it\/it\/santi-e-beati\/san-pietro-e-paolo-perche-vengono-festeggiati-insieme\/#primaryimage"},"thumbnailUrl":"https:\/\/blog.holyart.it\/it\/wp-content\/uploads\/sites\/17\/2020\/06\/santi-pietro-e-paolo.jpg","datePublished":"2020-06-29T09:14:54+00:00","dateModified":"2024-06-10T13:33:21+00:00","description":"Il 29 giorno si festeggiano San Pietro e Paolo. Due apostoli, due uomini diversissimi tra loro, ma entrambi fondamentali per la storia della Chiesa.","breadcrumb":{"@id":"https:\/\/blog.holyart.it\/it\/santi-e-beati\/san-pietro-e-paolo-perche-vengono-festeggiati-insieme\/#breadcrumb"},"inLanguage":"it-IT","potentialAction":[{"@type":"ReadAction","target":["https:\/\/blog.holyart.it\/it\/santi-e-beati\/san-pietro-e-paolo-perche-vengono-festeggiati-insieme\/"]}]},{"@type":"ImageObject","inLanguage":"it-IT","@id":"https:\/\/blog.holyart.it\/it\/santi-e-beati\/san-pietro-e-paolo-perche-vengono-festeggiati-insieme\/#primaryimage","url":"https:\/\/blog.holyart.it\/it\/wp-content\/uploads\/sites\/17\/2020\/06\/santi-pietro-e-paolo.jpg","contentUrl":"https:\/\/blog.holyart.it\/it\/wp-content\/uploads\/sites\/17\/2020\/06\/santi-pietro-e-paolo.jpg","width":1000,"height":666,"caption":"santi pietro e paolo"},{"@type":"BreadcrumbList","@id":"https:\/\/blog.holyart.it\/it\/santi-e-beati\/san-pietro-e-paolo-perche-vengono-festeggiati-insieme\/#breadcrumb","itemListElement":[{"@type":"ListItem","position":1,"name":"Homepage","item":"https:\/\/blog.holyart.it\/it\/"},{"@type":"ListItem","position":2,"name":"Santi e beati","item":"https:\/\/blog.holyart.it\/it\/santi-e-beati\/"},{"@type":"ListItem","position":3,"name":"San Pietro e Paolo, perch\u00e9 vengono festeggiati insieme?"}]},{"@type":"WebSite","@id":"https:\/\/blog.holyart.it\/it\/#website","url":"https:\/\/blog.holyart.it\/it\/","name":"Holyblog","description":"Il Blog di Holyart.it","publisher":{"@id":"https:\/\/blog.holyart.it\/it\/#organization"},"potentialAction":[{"@type":"SearchAction","target":{"@type":"EntryPoint","urlTemplate":"https:\/\/blog.holyart.it\/it\/?s={search_term_string}"},"query-input":{"@type":"PropertyValueSpecification","valueRequired":true,"valueName":"search_term_string"}}],"inLanguage":"it-IT"},{"@type":"Organization","@id":"https:\/\/blog.holyart.it\/it\/#organization","name":"Holyblog","url":"https:\/\/blog.holyart.it\/it\/","logo":{"@type":"ImageObject","inLanguage":"it-IT","@id":"https:\/\/blog.holyart.it\/it\/#\/schema\/logo\/image\/","url":"https:\/\/blog.holyart.it\/it\/wp-content\/uploads\/sites\/17\/2022\/12\/Holyart_Blog_Logo.jpg","contentUrl":"https:\/\/blog.holyart.it\/it\/wp-content\/uploads\/sites\/17\/2022\/12\/Holyart_Blog_Logo.jpg","width":300,"height":50,"caption":"Holyblog"},"image":{"@id":"https:\/\/blog.holyart.it\/it\/#\/schema\/logo\/image\/"}},{"@type":"Person","@id":"https:\/\/blog.holyart.it\/it\/#\/schema\/person\/0a7b686e5af0f856ec1e390dd0baecda","name":"Redazione"}]}},"_links":{"self":[{"href":"https:\/\/blog.holyart.it\/it\/wp-json\/wp\/v2\/posts\/9883","targetHints":{"allow":["GET"]}}],"collection":[{"href":"https:\/\/blog.holyart.it\/it\/wp-json\/wp\/v2\/posts"}],"about":[{"href":"https:\/\/blog.holyart.it\/it\/wp-json\/wp\/v2\/types\/post"}],"author":[{"embeddable":true,"href":"https:\/\/blog.holyart.it\/it\/wp-json\/wp\/v2\/users\/1"}],"replies":[{"embeddable":true,"href":"https:\/\/blog.holyart.it\/it\/wp-json\/wp\/v2\/comments?post=9883"}],"version-history":[{"count":1,"href":"https:\/\/blog.holyart.it\/it\/wp-json\/wp\/v2\/posts\/9883\/revisions"}],"predecessor-version":[{"id":17965,"href":"https:\/\/blog.holyart.it\/it\/wp-json\/wp\/v2\/posts\/9883\/revisions\/17965"}],"wp:featuredmedia":[{"embeddable":true,"href":"https:\/\/blog.holyart.it\/it\/wp-json\/wp\/v2\/media\/9901"}],"wp:attachment":[{"href":"https:\/\/blog.holyart.it\/it\/wp-json\/wp\/v2\/media?parent=9883"}],"wp:term":[{"taxonomy":"category","embeddable":true,"href":"https:\/\/blog.holyart.it\/it\/wp-json\/wp\/v2\/categories?post=9883"},{"taxonomy":"post_tag","embeddable":true,"href":"https:\/\/blog.holyart.it\/it\/wp-json\/wp\/v2\/tags?post=9883"}],"curies":[{"name":"wp","href":"https:\/\/api.w.org\/{rel}","templated":true}]}}