{"id":9835,"date":"2020-06-23T16:42:05","date_gmt":"2020-06-23T14:42:05","guid":{"rendered":"https:\/\/blog.holyart.it\/it\/?p=9835"},"modified":"2023-06-05T16:57:53","modified_gmt":"2023-06-05T14:57:53","slug":"24-giugno-san-giovanni-battista","status":"publish","type":"post","link":"https:\/\/blog.holyart.it\/it\/santi-e-beati\/24-giugno-san-giovanni-battista\/","title":{"rendered":"24 giugno San Giovanni Battista"},"content":{"rendered":"<h4>Il 24 giugno si festeggia la nascita di San Giovanni Battista, uno dei Santi pi\u00f9 venerati nel mondo, ultimo profeta dell\u2019Antico Testamento e primo Apostolo di Ges\u00f9. Ecco cosa lo rende cos\u00ec importante e fa s\u00ec che sia oggetto di grande devozione ancora oggi.<\/h4>\n\n<p>Nessun personaggio delle Sacre Scritture pu\u00f2 vantare il primato di <strong><a href=\"https:\/\/www.holyart.it\/it\/accessori-per-la-liturgia\/arredi-sacri\/amboni-inginocchiatoi-complementi-darredo\/san-giovanni-battista-stilizzato-ottone-bronzato-58-cm\">San Giovanni Battista<\/a><\/strong>: quello di aver esultato alla notizia della prossima nascita di Ges\u00f9 prima ancora di nascere a sua volta. Eppure fu proprio quello che avvenne! Sua madre Elisabetta, considerata da sempre sterile e ormai anziana, rimase miracolosamente incinta e ricevette la visita di sua cugina<strong> Maria di Nazareth<\/strong>, che portava in grembo il Salvatore. In quell&#8217;occasione Maria inton\u00f2 il <em>Magnificat<\/em>, un cantico di ringraziamento e di gioia rivolto a Dio, ed Elisabetta la benedisse. In quel momento il figlio che portava in grembo<strong> sussult\u00f2 di gioia<\/strong>.\u00a0Possiamo dunque dire che la vicinanza di Maria e di Ges\u00f9 abbiano <strong>presantificato<\/strong> il piccolo Giovanni prima ancora che venisse al mondo.<\/p>\n<div class=\"link-product\">\n<div class=\"blocco-immagine\"><img loading=\"lazy\" decoding=\"async\" class=\"alignnone size-full wp-image-9843\" src=\"https:\/\/blog.holyart.it\/it\/wp-content\/uploads\/sites\/17\/2020\/06\/san-giovanni-battista-di-chartres-74-cm-legno-bethleem.jpg\" alt=\"san-giovanni-battista-di-chartres-74-cm-legno-bethleem\" width=\"100\" height=\"100\" data-kale-share-title=\"24 giugno San Giovanni Battista\" data-kale-share-url=\"https:\/\/blog.holyart.it\/it\/?p=9835\" \/><\/div>\n<div class=\"blocco-contenuto\">\n<div class=\"blocco-acquista\">Acquista su Holyart:<\/div>\n<div class=\"blocco-titolo\"><a href=\"https:\/\/www.holyart.it\/it\/articoli-religiosi\/statue\/statue-in-legno-dipinto\/san-giovanni-battista-di-chartres-74-cm-legno-bethleem\">San Giovanni Battista legno Bethl\u00e9em<\/a><\/div>\n<div class=\"blocco-descrizione\">Statua di San Giovanni Battista dipinto a mano<\/div>\n<\/div>\n<\/div>\n<p>Ma non fu certo questo l&#8217;unico avvenimento miracoloso legato al concepimento e alla nascita di Giovanni Battista. Non \u00e8 un caso se la Chiesa lo commemora oltre che nel giorno della sua <strong>morte<\/strong> (29 agosto) anche nel giorno della sua <strong>nascita<\/strong> (24 giugno), come avviene solo per la Vergine Maria con lui.<\/p>\n<p>Oltre a essere profeta di Cristo\u00a0ancor prima di nascere, il suo stesso <strong>concepimento<\/strong> avvenne in circostanze straordinarie.\u00a0Entrambi i suoi genitori, <strong>Zaccaria ed Elisabetta<\/strong>, appartenenti alla casta sacerdotale, erano anziani e non avevano avuto figli. Elisabetta, discendente di Aronne, era come abbiamo gi\u00e0 detto parente di Maria, probabilmente cugina. Vivevano presumibilmente a Ain Karem, non lontano da Gerusalemme.<br \/>\nUn giorno\u00a0l\u2019<a href=\"https:\/\/www.holyart.it\/it\/articoli-religiosi\/icone-sacre\/icone-romania-dipinte\/icona-arcangelo-gabriele-dipinta-a-mano-18x14-cm-romania\"><strong>Arcangelo Gabriele<\/strong><\/a> si present\u00f2 davanti a Zaccaria, che offriva incenso al tempio, e gli disse che sua moglie Elisabetta avrebbe dato alla luce un figlio che lui avrebbe dovuto chiamare Giovanni. Gli disse anche che sarebbe stato &#8220;<strong>pieno di Spirito Santo<\/strong>&#8220;, che sarebbe stato &#8220;<strong>grande davanti al Signore<\/strong>&#8221; e <strong>Suo precursore<\/strong>.<\/p>\n<p>Cos\u00ec avvenne. Elisabetta rimase incinta, e quando sei mesi dopo l&#8217;Arcangelo Gabriele si present\u00f2 anche a Maria per <strong><a href=\"https:\/\/www.holyart.it\/blog\/articoli-religiosi\/annunciazione-del-signore-perche-si-festeggia-il-25-marzo\/\">annunciarle la nascita di Ges\u00f9<\/a>,<\/strong> le disse, tra le altre cose: <em>&#8220;Vedi anche Elisabetta, tua parente, nella vecchiaia ha concepito un figlio e questo \u00e8 il sesto mese per lei, che tutti dicevano sterile; nulla \u00e8 impossibile a Dio&#8221;<\/em> (Luca 1,36-37)<\/p>\n<div class=\"link-article\">\n<div class=\"link-article\">\n<p><img loading=\"lazy\" decoding=\"async\" class=\"alignleft size-full wp-image-9841\" src=\"https:\/\/blog.holyart.it\/it\/wp-content\/uploads\/sites\/17\/2020\/06\/annunciazione-del-beato-angelico-1-768x511.jpg\" alt=\"annunciazione-del-beato-angelico-1-768x511\" width=\"150\" height=\"99\" data-kale-share-title=\"24 giugno San Giovanni Battista\" data-kale-share-url=\"https:\/\/blog.holyart.it\/it\/?p=9835\" \/><\/p>\n<div class=\"leggi-anche\">Leggi anche:<\/div>\n<p><strong><a href=\"https:\/\/www.holyart.it\/blog\/articoli-religiosi\/annunciazione-del-signore-perche-si-festeggia-il-25-marzo\/\">Annunciazione del Signore: 25 marzo<\/a><\/strong><br \/>\nL\u2019 Annunciazione del Signore, una festa dedicata a Ges\u00f9, ma in ugual misura a Sua madre Maria.<\/p>\n<\/div>\n<\/div>\n<p>Inoltre, alla sua nascita, <strong>suo padre Zaccaria<\/strong> riacquist\u00f2 la voce, dopo che era divenuto muto all\u2019annuncio di Gabriele. Ges\u00f9 stesso dir\u00e0 di San Giovanni: <em>&#8220;Io vi dico, tra i nati di donna non c&#8217;\u00e8 nessuno pi\u00f9 grande di Giovanni, e il pi\u00f9 piccolo nel regno di Dio \u00e8 pi\u00f9 grande di lui.&#8221; <\/em>(Lc 7,28)<\/p>\n<p>I <strong>Vangeli canonici<\/strong> contengono tutte le informazioni giunte fino a noi su San Giovanni Battista.<\/p>\n<p><strong><a href=\"https:\/\/www.holyart.it\/blog\/articoli-religiosi\/il-vangelo-secondo-luca-dalla-nascita-miracolosa-allascensione-al-cielo\/\">Il Vangelo di Luca<\/a> <\/strong>in particolare. Grazie a lui sappiamo che <strong>Giovanni battezz\u00f2 Ges\u00f9<\/strong> nelle acque del Giordano (Luca 3,21-22) e che <strong>mor\u00ec per volont\u00e0 di Re Erode Antipa<\/strong> (Luca 3,19-20; 9,7-9), che lo fece decapitare per donare la sua testa mozzata alla figliastra Salom\u00e8, come premio per aver danzato per lui a un banchetto. Da qui anche il sopranome &#8220;San Giovanni Decollato&#8221;.<\/p>\n<div class=\"link-article\">\n<p><img loading=\"lazy\" decoding=\"async\" class=\"alignleft size-full wp-image-9837\" src=\"https:\/\/blog.holyart.it\/it\/wp-content\/uploads\/sites\/17\/2020\/06\/San_Luca_evangelista-768x511.jpg\" alt=\"San_Luca_evangelista-768x511\" width=\"150\" height=\"99\" data-kale-share-title=\"24 giugno San Giovanni Battista\" data-kale-share-url=\"https:\/\/blog.holyart.it\/it\/?p=9835\" \/><\/p>\n<div class=\"leggi-anche\">Leggi anche:<\/div>\n<p><strong><a href=\"https:\/\/www.holyart.it\/blog\/articoli-religiosi\/il-vangelo-secondo-luca-dalla-nascita-miracolosa-allascensione-al-cielo\/\">Il Vangelo secondo Luca<\/a><\/strong><br \/>\nIl Vangelo secondo Luca \u00e8 uno dei tre Vangeli sinottici. Ma chi era davvero Luca? e quali i temi principali del suo Vangelo?<\/p>\n<\/div>\n<p>Come accade per San Giuseppe, la tradizione vuole che Giovanni Battista sia <strong>risorto in corpo e anima<\/strong> e salito con Ges\u00f9 in Cielo al momento dell&#8217;Ascensione.<br \/>\nAnche Tito Flavio Giuseppe, scrittore e storico romano di origine ebraica, scrisse su di lui. Nel Vangelo secondo Giovanni viene negato tuttavia che Giovanni Battista e Ges\u00f9 si conoscessero, mentre nel Vangelo di Luca sono parenti.<\/p>\n<p>Abbiamo detto all&#8217;inizio che Giovanni Battista fu <strong>l\u2019ultimo profeta dell\u2019Antico Testamento<\/strong> e il <strong>primo Apostolo di Ges\u00f9<\/strong>.<\/p>\n<p>Una volta cresciuto Giovanni Battista Giovanni and\u00f2 a vivere nel <strong>deserto<\/strong>, dove condusse una vita di penitenza e di preghiera, vestito di peli di cammello e con una cintura di pelle attorno ai fianchi. Il suo cibo erano locuste e miele selvatico (Marco 1, 6).<br \/>\nPoi inizi\u00f2 la sua missione, <strong>predicando la venuta del Messia<\/strong>. Venne messo in relazione dagli evangelisti alle <strong>antiche profezie<\/strong>, che promettevano l&#8217;avvento di un messaggero che avrebbe preparato la strada al Messia. Pensiamo a Isaia 40:3-4 (<em>&#8220;Una voce grida: \u00abNel deserto preparate la via al Signore, appianate nella steppa la strada per il nostro Dio. Ogni valle sia colmata, ogni monte e colle siano abbassati; il terreno accidentato si trasformi in piano e quello scosceso in pianura\u00bb&#8221;<\/em>) e Malachia 3:1 (<em>&#8220;Ecco, io vi mando il mio messaggero, che spianer\u00e0 la via davanti a me e subito il Signore, che voi cercate, l&#8217;Angelo del patto, che voi desiderate, entrer\u00e0 nel suo tempio. Ecco egli viene&#8221;, dice il SIGNORE degli eserciti.<\/em>)<\/p>\n<p>Per gli evangelisti Giovanni divenne dunque <strong>&#8220;voce di uno che grida nel deserto&#8221;<\/strong>: <em>&#8220;Com&#8217;\u00e8 scritto nel libro degli oracoli del profeta Isaia: Voce di uno che grida nel deserto: Preparate la via del Signore, raddrizzate i<\/em><em> suoi sentieri!&#8221;<\/em> (Luca 3,4)<\/p>\n<p>Giovanni predicava dunque agli Ebrei la <strong>venuta del Messia-Cristo<\/strong>. Era un profeta escatologico, mandato a preparare le genti per quel cambiamento imminente. In vista di quella venuta egli parlava dei profondi <strong>mutamenti sociali e storici<\/strong> che l&#8217;avrebbero seguita. In Giovanni Battista arde l&#8217;<strong>attesa<\/strong>, che per lui diventa occasione di preparare il mondo all&#8217;azione di Dio.<\/p>\n<p>Attesa e preparazione, ma anche<strong> invito alla conversione<\/strong> in vista della prossima venuta di Ges\u00f9. A chi gli chiedeva se fosse lui il Messia, Giovanni offriva il <strong>perdono da tutti i peccati tramite il Battesimo<\/strong> e diceva:<br \/>\n<em>&#8220;Io vi battezzo con acqua; ma viene colui che \u00e8 pi\u00f9 forte di me, a cui non sono degno di slegare i lacci dei sandali. Egli vi battezzer\u00e0 in Spirito Santo e fuoco.&#8221;<\/em> (Luca 3,16).<\/p>\n<h2>Il Precursore: perch\u00e9 Giovanni Battista viene chiamato cos\u00ec<\/h2>\n<p>Abbiamo gi\u00e0 raccontato di come <strong><a href=\"https:\/\/www.holyart.it\/blog\/santi-e-beati\/la-storia-san-giovanni-battista\/\">San Giovanni Battista<\/a><\/strong> sia stato <strong>presantificato<\/strong> ancora nel ventre della madre grazie alla visita di Maria incinta del piccolo Ges\u00f9.<br \/>\nInoltre la sua <strong>nascita annunciata dall&#8217;Arcangelo Gabriele<\/strong> lo rende ancora pi\u00f9 vicino a Ges\u00f9 stesso, del quale \u00e8 considerato da sempre il <strong>Precursore<\/strong>.<\/p>\n<div class=\"link-article\">\n<p><img loading=\"lazy\" decoding=\"async\" class=\"alignleft size-full wp-image-9838\" src=\"https:\/\/blog.holyart.it\/it\/wp-content\/uploads\/sites\/17\/2020\/06\/Statua-San-Giovanni-Battista-768x511.jpg\" alt=\"Statua-San-Giovanni-Battista-768x511\" width=\"150\" height=\"99\" data-kale-share-title=\"24 giugno San Giovanni Battista\" data-kale-share-url=\"https:\/\/blog.holyart.it\/it\/?p=9835\" \/><\/p>\n<div class=\"leggi-anche\">Leggi anche:<\/div>\n<p><strong><a href=\"https:\/\/www.holyart.it\/blog\/santi-e-beati\/la-storia-san-giovanni-battista\/\">La storia di San Giovanni Battista<\/a><\/strong><br \/>\nSan Giovanni Battista \u00e8 una delle personalit\u00e0 pi\u00f9 importanti non solo per la religione cristiana<\/p>\n<\/div>\n<p>Precursore dunque per aver conosciuto Ges\u00f9 ancor prima che nascesse, ma anche <strong>per aver fatto dell&#8217;annuncio della Sua venuta la propria missione di vita<\/strong>.<\/p>\n<p>Dopo aver vissuto per anni nel deserto, San Giovanni inizi\u00f2 la propria predicazione lungo il Giordano, esortando tutti alla conversione, in vista dell&#8217;arrivo imminente del Messia. A chi accorreva per ascoltarlo considerandolo un profeta, Giovanni offriva la possibilit\u00e0 di <strong>purificarsi da tutti i peccati <\/strong>mediante il Battesimo. Anche per questo molti lo scambiarono per il Messia stesso.<\/p>\n<p>Ai gran Sacerdoti, che inviarono da lui una delegazione ufficiale per capire di cosa parlasse, Giovanni rispose di non essere il Messia, come molti credevano, ma solo uno che gridava nel deserto, portatore dell&#8217;adempimento della profezia di Isaia.<\/p>\n<h2>Il Battesimo di Ges\u00f9<\/h2>\n<p><em>Ed ecco, mentre tutto il popolo veniva battezzato e Ges\u00f9, ricevuto anche lui il battesimo, stava in preghiera, il cielo si apr\u00ec e discese sopra di lui lo Spirito Santo in forma corporea, come una colomba, e venne una voce dal cielo: \u00abTu sei il Figlio mio, l&#8217;amato: in te ho posto il mio compiacimento\u00bb.<\/em> (Luca 3,21-22)<\/p>\n<p>Possiamo considerare il momento del <a href=\"https:\/\/www.holyart.it\/it\/natale\/presepi\/presepe-angela-tripi\/battesimo-di-gesu-scena-angela-tripi-30-cm\"><strong>Battesimo di Ges\u00f9<\/strong><\/a> come l&#8217;inizio della Sua predicazione e missione in terra. E fu proprio Giovanni Battista a battezzarlo, quando Ges\u00f9 gli si present\u00f2 presso il fiume Giordano. Quando lo vide Giovanni esclam\u00f2: <em>\u201cEcco l\u2019Agnello di Dio, ecco colui che toglie il peccato dal mondo!\u201d <\/em>(Giovanni 1,29). In pratica la missione di Ges\u00f9 comincia nel momento in cui an Giovanni conclude la sua. Poco dopo infatti verr\u00e0 arrestato per ordine di Re Erode e morir\u00e0.<\/p>\n<div class=\"link-product\">\n<div class=\"blocco-immagine\"><img loading=\"lazy\" decoding=\"async\" class=\"alignnone size-full wp-image-9839\" src=\"https:\/\/blog.holyart.it\/it\/wp-content\/uploads\/sites\/17\/2020\/06\/battesimo-di-gesu-scena-angela-tripi-30-cm.jpg\" alt=\"battesimo-di-gesu-scena-angela-tripi-30-cm\" width=\"100\" height=\"100\" data-kale-share-title=\"24 giugno San Giovanni Battista\" data-kale-share-url=\"https:\/\/blog.holyart.it\/it\/?p=9835\" \/><\/div>\n<div class=\"blocco-contenuto\">\n<div class=\"blocco-acquista\">Acquista su Holyart:<\/div>\n<div class=\"blocco-titolo\"><a href=\"https:\/\/www.holyart.it\/it\/natale\/presepi\/presepe-angela-tripi\/battesimo-di-gesu-scena-angela-tripi-30-cm\">Battesimo di Ges\u00f9 Scena Angela Tripi <\/a><\/div>\n<div class=\"blocco-descrizione\">Il battesimo ricevuto da parte di Giovanni Battista<\/div>\n<\/div>\n<\/div>\n<p>\u00c8 interessante notare come nei <strong><a href=\"https:\/\/www.holyart.it\/it\/articoli-religiosi\/libri-e-testi-sacri\/vangeli\">Vangeli<\/a>\u00a0<\/strong>sinottici (Matteo, Marco e Luca) viene raccontato il Battesimo di Ges\u00f9, mentre nel Vangelo di Giovanni viene raccontato l&#8217;episodio della discesa dello Spirito Santo su Ges\u00f9 dal punto di vista di Giovanni Battista, ma non si parla del Battesimo.<\/p>\n<p>Dobbiamo interpretare il <strong><a href=\"https:\/\/www.holyart.it\/it\/occasioni-speciali\/battesimo\">Battesimo<\/a><\/strong> di Ges\u00f9 nel suo significato pi\u00f9 profondo. Infatti Ges\u00f9, per sua natura, era <strong>senza peccato<\/strong>, non avrebbe avuto alcun bisogno di essere battezzato, dal momento che il Battesimo offerto da Giovanni Battista era finalizzato alla <strong>remissione dei peccati<\/strong>. Ma fu Ges\u00f9 stesso a sollecitare il Battista perch\u00e9 procedesse a battezzarlo, adducendo come motivazione:\u00a0<em>&#8220;Lascia fare, questa volta, poich\u00e9 conviene che in questo modo adempiamo tutto ci\u00f2 che \u00e8 giusto&#8221;<\/em> (Mt 3,15).<\/p>\n<p>La Chiesa cattolica festeggia il <strong>Battesimo del Signore<\/strong> la domenica dopo l&#8217;Epifania, dunque nella domenica compresa tra il 7 gennaio e il 13 gennaio.<\/p>\n<h2>La Madonna del Cardellino: spiegazione dell\u2019opera<\/h2>\n<p>L&#8217;iconografia di San Giovanni Battista \u00e8 imprescindibile, in quanto egli \u00e8 il santo pi\u00f9 raffigurato nell\u2019arte di ogni tempo. Di solito veniva raffigurato con addosso una pelle d\u2019animale e con in mano un bastone con sulla sommit\u00e0 una croce. In alternativa lo vediamo nelle opere di Raffaello o Leonardo, come un bambino, mentre gioca con Ges\u00f9, anch&#8217;egli piccolo. In questa versione viene chiamato <strong>San Giovannino<\/strong>. Anche la raffigurazione del <strong>Battesimo di Ges\u00f9\u00a0<\/strong>\u00e8 ricorrente, cos\u00ec come il suo martirio, o la sua testa posata sul vassoio con cui Erode la don\u00f2 a Salom\u00e8.<\/p>\n<p>La <a href=\"https:\/\/www.holyart.it\/it\/articoli-religiosi\/quadri-stampe-codici-miniati\/quadro-stampa-su-legno-madonna-del-cardellino-60x44-cm\"><strong>Madonna del Cardellino<\/strong><\/a> \u00e8 un dipinto di Raffaello Sanzio del 1506, conservato nella Galleria degli Uffizi a Firenze. Rappresenta la Madonna, Ges\u00f9 bambino seduto sulle sue gambe e San Giovannino che l&#8217;abbraccia. I due bambini sono intenti a giocare con un piccolo uccellino, un <strong>cardellino<\/strong>. Proprio questo elemento, apparentemente insignificante, \u00e8 in realt\u00e0 il cuore stesso dell&#8217;opera, in quanto questo cardellino rappresenterebbe nell&#8217;intenzione dell&#8217;artista la <strong>Passione di Cristo.<\/strong><\/p>\n<div class=\"link-product\">\n<div class=\"blocco-immagine\"><img loading=\"lazy\" decoding=\"async\" class=\"alignnone size-full wp-image-9840\" src=\"https:\/\/blog.holyart.it\/it\/wp-content\/uploads\/sites\/17\/2020\/06\/quadro-stampa-su-legno-madonna-del-cardellino-60x44-cm.jpg\" alt=\"quadro-stampa-su-legno-madonna-del-cardellino-60x44-cm\" width=\"100\" height=\"100\" data-kale-share-title=\"24 giugno San Giovanni Battista\" data-kale-share-url=\"https:\/\/blog.holyart.it\/it\/?p=9835\" \/><\/div>\n<div class=\"blocco-contenuto\">\n<div class=\"blocco-acquista\">Acquista su Holyart:<\/div>\n<div class=\"blocco-titolo\"><a href=\"https:\/\/www.holyart.it\/it\/articoli-religiosi\/quadri-stampe-codici-miniati\/quadro-stampa-su-legno-madonna-del-cardellino-60x44-cm\">Quadro Madonna del Cardellino<\/a><\/div>\n<div class=\"blocco-descrizione\">Madonna con Ges\u00f9 e Giovannino Raffaello Sanzio<\/div>\n<\/div>\n<\/div>\n<p>Nell&#8217;iconografia cristiana tre tipi di uccelli sono associati alla Passione e alla morte di Ges\u00f9: <strong>il cardellino, il pettirosso e il fringuello<\/strong>. Questo perch\u00e9 si racconta che durante la Crocifissione essi tentarono di prestare soccorso al Cristo, staccando col becco le spine dalla corona. Nel farlo per\u00f2 rimasero feriti, e per questo sul petto del cardellino ci sono delle macchie rosso sangue, retaggio di quel gesto di misericordia da parte della piccola creatura.<\/p>\n<h2>Madonna, Ges\u00f9 e Giovanni Battista<\/h2>\n<p>Abbiamo visto come nella storia dell&#8217;arte ricorra il fatto di raffigurare insieme la Madonna, Ges\u00f9 Bambino e San Giovanni, o <strong><a href=\"https:\/\/www.holyart.it\/it\/articoli-religiosi\/arazzi\/arazzo-san-giovanni-battista-bambino-50x40-cm\">San Giovannino<\/a><\/strong>. L&#8217;importanza rivestita da questa figura \u00e8 tale da renderlo pi\u00f9 vicino a Ges\u00f9 e a Maria di qualunque altro Santo o santa.<\/p>\n<div class=\"link-product\">\n<div class=\"blocco-immagine\"><img loading=\"lazy\" decoding=\"async\" class=\"alignnone size-full wp-image-9842\" src=\"https:\/\/blog.holyart.it\/it\/wp-content\/uploads\/sites\/17\/2020\/06\/arazzo-san-giovanni-battista-bambino-50x40-cm.jpg\" alt=\"arazzo-san-giovanni-battista-bambino-50x40-cm\" width=\"100\" height=\"100\" data-kale-share-title=\"24 giugno San Giovanni Battista\" data-kale-share-url=\"https:\/\/blog.holyart.it\/it\/?p=9835\" \/><\/div>\n<div class=\"blocco-contenuto\">\n<div class=\"blocco-acquista\">Acquista su Holyart:<\/div>\n<div class=\"blocco-titolo\"><a href=\"https:\/\/www.holyart.it\/it\/articoli-religiosi\/arazzi\/arazzo-san-giovanni-battista-bambino-50x40-cm\">Arazzo San Giovanni Battista Bambino<\/a><\/div>\n<div class=\"blocco-descrizione\">Arazzo in tessuto jacquard rifinito a mano.<\/div>\n<\/div>\n<\/div>\n<p>Solo per lui e per Maria Vergine vengono celebrate sia il giorno della morte, sia\u00a0 quello della nascita terrena, mentre gli altri santi si ricordano solo per il giorno della loro morte, detto \u2018dies natalis\u2019 o giorno della rinascita a nuova vita celeste.<\/p>\n<p>La festa di San Giovanni il 24 giugno ha sempre avuto una grande <strong>rilevanza popolare<\/strong>. Oltre alla devozione al santo, essa \u00e8 legata a tradizioni che si rifanno a <strong>antichi culti pagani<\/strong>, legati all&#8217;agricoltura e al ciclo solare. Nell&#8217;antica Roma il 24 giugno si celebrava il <strong>solstizio d&#8217;estate<\/strong>, quando il sole \u00e8 al culmine nell&#8217;apogeo, e con esso l&#8217;inizio della <strong>mietitura<\/strong>. Cos\u00ec, passando gradualmente dalle usanze pagane al culto popolare per il santo, la notte di San Giovanni la gente di campagna ballava intorno ai fuochi accesi nei campi, si bagnava con la rugiada benedetta e raccoglieva prima dell&#8217;alba erbe considerate magiche. Ancora oggi queste tradizioni rimangono in ogni cultura, come eco di un passato dal fascino innegabile, dove sacro e profano tendevano a mescolarsi sovente.<\/p>\n<h2>Cosa significa il nome Giovanni<\/h2>\n<p>Giovanni \u00e8 uno dei nomi pi\u00f9 diffusi al mondo, nelle sue infinite varianti e anche nelle versioni femminili. Pi\u00f9 di cinquecento tra santi e sante lo hanno portato, a partire da <strong>San Giovanni Evangelista, <\/strong>che fu il prediletto di Ges\u00f9 e praticamente contemporaneo del Battista. Il nome Giovanni deriva dall&#8217;ebraico <em>Ieh\u00f3hanan<\/em>, che significava: \u201cDio \u00e8 propizio&#8221;, o anche &#8220;dono o grazia di Dio&#8221;.<\/p>\n<p>Ci sono anche molti paesi intitolati a San Giovanni, cento solo in Italia.<\/p>\n<p>San Giovanni \u00e8 considerato anche patrono di: Battisteri, Cantori, Carcerati, Cardatori di lana, Coltellinai, Conciatori di pelle, Condannati a morte, Fabbricanti di forbici, Fabbricanti di spade, Lavoratori del cuoio, Monaci, Musicisti, Pellicciai, Sarti, Sorgenti di acqua, Trovatelli, Uccellatori.<\/p>\n","protected":false},"excerpt":{"rendered":"<p>Il 24 giugno si festeggia la nascita di San Giovanni Battista, uno dei Santi pi\u00f9 venerati nel mondo, ultimo profeta dell\u2019Antico Testamento e primo Apostolo di Ges\u00f9. Ecco cosa lo rende cos\u00ec importante e fa s\u00ec che sia oggetto di grande devozione ancora oggi. Nessun&hellip;<\/p>\n","protected":false},"author":1,"featured_media":9848,"comment_status":"closed","ping_status":"open","sticky":false,"template":"","format":"standard","meta":{"_acf_changed":false,"footnotes":""},"categories":[16,15],"tags":[],"class_list":["post-9835","post","type-post","status-publish","format-standard","has-post-thumbnail","hentry","category-articoli-religiosi","category-santi-e-beati"],"acf":[],"yoast_head":"<!-- This site is optimized with the Yoast SEO plugin v26.6 - https:\/\/yoast.com\/wordpress\/plugins\/seo\/ -->\n<title>24 giugno San Giovanni Battista - Holyblog<\/title>\n<meta name=\"description\" content=\"Il 24 giugno si festeggia la nascita di San Giovanni Battista, uno dei Santi pi\u00f9 venerati nel mondo, ultimo profeta dell\u2019Antico Testamento...\" \/>\n<meta name=\"robots\" content=\"index, follow, max-snippet:-1, max-image-preview:large, max-video-preview:-1\" \/>\n<link rel=\"canonical\" href=\"https:\/\/blog.holyart.it\/it\/santi-e-beati\/24-giugno-san-giovanni-battista\/\" \/>\n<meta property=\"og:locale\" content=\"it_IT\" \/>\n<meta property=\"og:type\" content=\"article\" \/>\n<meta property=\"og:title\" content=\"24 giugno San Giovanni Battista - Holyblog\" \/>\n<meta property=\"og:description\" content=\"Il 24 giugno si festeggia la nascita di San Giovanni Battista, uno dei Santi pi\u00f9 venerati nel mondo, ultimo profeta dell\u2019Antico Testamento...\" \/>\n<meta property=\"og:url\" content=\"https:\/\/blog.holyart.it\/it\/santi-e-beati\/24-giugno-san-giovanni-battista\/\" \/>\n<meta property=\"og:site_name\" content=\"Holyblog\" \/>\n<meta property=\"article:published_time\" content=\"2020-06-23T14:42:05+00:00\" \/>\n<meta property=\"article:modified_time\" content=\"2023-06-05T14:57:53+00:00\" \/>\n<meta property=\"og:image\" content=\"https:\/\/blog.holyart.it\/it\/wp-content\/uploads\/sites\/17\/2020\/06\/San-Giovanni-BAttista.jpg\" \/>\n\t<meta property=\"og:image:width\" content=\"1000\" \/>\n\t<meta property=\"og:image:height\" content=\"680\" \/>\n\t<meta property=\"og:image:type\" content=\"image\/jpeg\" \/>\n<meta name=\"author\" content=\"Redazione\" \/>\n<meta name=\"twitter:card\" content=\"summary_large_image\" \/>\n<meta name=\"twitter:label1\" content=\"Scritto da\" \/>\n\t<meta name=\"twitter:data1\" content=\"Redazione\" \/>\n\t<meta name=\"twitter:label2\" content=\"Tempo di lettura stimato\" \/>\n\t<meta name=\"twitter:data2\" content=\"13 minuti\" \/>\n<script type=\"application\/ld+json\" class=\"yoast-schema-graph\">{\"@context\":\"https:\/\/schema.org\",\"@graph\":[{\"@type\":\"Article\",\"@id\":\"https:\/\/blog.holyart.it\/it\/santi-e-beati\/24-giugno-san-giovanni-battista\/#article\",\"isPartOf\":{\"@id\":\"https:\/\/blog.holyart.it\/it\/santi-e-beati\/24-giugno-san-giovanni-battista\/\"},\"author\":{\"name\":\"Redazione\",\"@id\":\"https:\/\/blog.holyart.it\/it\/#\/schema\/person\/0a7b686e5af0f856ec1e390dd0baecda\"},\"headline\":\"24 giugno San Giovanni Battista\",\"datePublished\":\"2020-06-23T14:42:05+00:00\",\"dateModified\":\"2023-06-05T14:57:53+00:00\",\"mainEntityOfPage\":{\"@id\":\"https:\/\/blog.holyart.it\/it\/santi-e-beati\/24-giugno-san-giovanni-battista\/\"},\"wordCount\":2083,\"publisher\":{\"@id\":\"https:\/\/blog.holyart.it\/it\/#organization\"},\"image\":{\"@id\":\"https:\/\/blog.holyart.it\/it\/santi-e-beati\/24-giugno-san-giovanni-battista\/#primaryimage\"},\"thumbnailUrl\":\"https:\/\/blog.holyart.it\/it\/wp-content\/uploads\/sites\/17\/2020\/06\/San-Giovanni-BAttista.jpg\",\"articleSection\":[\"Religione\",\"Santi e beati\"],\"inLanguage\":\"it-IT\"},{\"@type\":\"WebPage\",\"@id\":\"https:\/\/blog.holyart.it\/it\/santi-e-beati\/24-giugno-san-giovanni-battista\/\",\"url\":\"https:\/\/blog.holyart.it\/it\/santi-e-beati\/24-giugno-san-giovanni-battista\/\",\"name\":\"24 giugno San Giovanni Battista - Holyblog\",\"isPartOf\":{\"@id\":\"https:\/\/blog.holyart.it\/it\/#website\"},\"primaryImageOfPage\":{\"@id\":\"https:\/\/blog.holyart.it\/it\/santi-e-beati\/24-giugno-san-giovanni-battista\/#primaryimage\"},\"image\":{\"@id\":\"https:\/\/blog.holyart.it\/it\/santi-e-beati\/24-giugno-san-giovanni-battista\/#primaryimage\"},\"thumbnailUrl\":\"https:\/\/blog.holyart.it\/it\/wp-content\/uploads\/sites\/17\/2020\/06\/San-Giovanni-BAttista.jpg\",\"datePublished\":\"2020-06-23T14:42:05+00:00\",\"dateModified\":\"2023-06-05T14:57:53+00:00\",\"description\":\"Il 24 giugno si festeggia la nascita di San Giovanni Battista, uno dei Santi pi\u00f9 venerati nel mondo, ultimo profeta dell\u2019Antico Testamento...\",\"breadcrumb\":{\"@id\":\"https:\/\/blog.holyart.it\/it\/santi-e-beati\/24-giugno-san-giovanni-battista\/#breadcrumb\"},\"inLanguage\":\"it-IT\",\"potentialAction\":[{\"@type\":\"ReadAction\",\"target\":[\"https:\/\/blog.holyart.it\/it\/santi-e-beati\/24-giugno-san-giovanni-battista\/\"]}]},{\"@type\":\"ImageObject\",\"inLanguage\":\"it-IT\",\"@id\":\"https:\/\/blog.holyart.it\/it\/santi-e-beati\/24-giugno-san-giovanni-battista\/#primaryimage\",\"url\":\"https:\/\/blog.holyart.it\/it\/wp-content\/uploads\/sites\/17\/2020\/06\/San-Giovanni-BAttista.jpg\",\"contentUrl\":\"https:\/\/blog.holyart.it\/it\/wp-content\/uploads\/sites\/17\/2020\/06\/San-Giovanni-BAttista.jpg\",\"width\":1000,\"height\":680,\"caption\":\"San Giovanni Battista\"},{\"@type\":\"BreadcrumbList\",\"@id\":\"https:\/\/blog.holyart.it\/it\/santi-e-beati\/24-giugno-san-giovanni-battista\/#breadcrumb\",\"itemListElement\":[{\"@type\":\"ListItem\",\"position\":1,\"name\":\"Homepage\",\"item\":\"https:\/\/blog.holyart.it\/it\/\"},{\"@type\":\"ListItem\",\"position\":2,\"name\":\"Santi e beati\",\"item\":\"https:\/\/blog.holyart.it\/it\/santi-e-beati\/\"},{\"@type\":\"ListItem\",\"position\":3,\"name\":\"24 giugno San Giovanni Battista\"}]},{\"@type\":\"WebSite\",\"@id\":\"https:\/\/blog.holyart.it\/it\/#website\",\"url\":\"https:\/\/blog.holyart.it\/it\/\",\"name\":\"Holyblog\",\"description\":\"Il Blog di Holyart.it\",\"publisher\":{\"@id\":\"https:\/\/blog.holyart.it\/it\/#organization\"},\"potentialAction\":[{\"@type\":\"SearchAction\",\"target\":{\"@type\":\"EntryPoint\",\"urlTemplate\":\"https:\/\/blog.holyart.it\/it\/?s={search_term_string}\"},\"query-input\":{\"@type\":\"PropertyValueSpecification\",\"valueRequired\":true,\"valueName\":\"search_term_string\"}}],\"inLanguage\":\"it-IT\"},{\"@type\":\"Organization\",\"@id\":\"https:\/\/blog.holyart.it\/it\/#organization\",\"name\":\"Holyblog\",\"url\":\"https:\/\/blog.holyart.it\/it\/\",\"logo\":{\"@type\":\"ImageObject\",\"inLanguage\":\"it-IT\",\"@id\":\"https:\/\/blog.holyart.it\/it\/#\/schema\/logo\/image\/\",\"url\":\"https:\/\/blog.holyart.it\/it\/wp-content\/uploads\/sites\/17\/2022\/12\/Holyart_Blog_Logo.jpg\",\"contentUrl\":\"https:\/\/blog.holyart.it\/it\/wp-content\/uploads\/sites\/17\/2022\/12\/Holyart_Blog_Logo.jpg\",\"width\":300,\"height\":50,\"caption\":\"Holyblog\"},\"image\":{\"@id\":\"https:\/\/blog.holyart.it\/it\/#\/schema\/logo\/image\/\"}},{\"@type\":\"Person\",\"@id\":\"https:\/\/blog.holyart.it\/it\/#\/schema\/person\/0a7b686e5af0f856ec1e390dd0baecda\",\"name\":\"Redazione\"}]}<\/script>\n<!-- \/ Yoast SEO plugin. -->","yoast_head_json":{"title":"24 giugno San Giovanni Battista - Holyblog","description":"Il 24 giugno si festeggia la nascita di San Giovanni Battista, uno dei Santi pi\u00f9 venerati nel mondo, ultimo profeta dell\u2019Antico Testamento...","robots":{"index":"index","follow":"follow","max-snippet":"max-snippet:-1","max-image-preview":"max-image-preview:large","max-video-preview":"max-video-preview:-1"},"canonical":"https:\/\/blog.holyart.it\/it\/santi-e-beati\/24-giugno-san-giovanni-battista\/","og_locale":"it_IT","og_type":"article","og_title":"24 giugno San Giovanni Battista - Holyblog","og_description":"Il 24 giugno si festeggia la nascita di San Giovanni Battista, uno dei Santi pi\u00f9 venerati nel mondo, ultimo profeta dell\u2019Antico Testamento...","og_url":"https:\/\/blog.holyart.it\/it\/santi-e-beati\/24-giugno-san-giovanni-battista\/","og_site_name":"Holyblog","article_published_time":"2020-06-23T14:42:05+00:00","article_modified_time":"2023-06-05T14:57:53+00:00","og_image":[{"width":1000,"height":680,"url":"https:\/\/blog.holyart.it\/it\/wp-content\/uploads\/sites\/17\/2020\/06\/San-Giovanni-BAttista.jpg","type":"image\/jpeg"}],"author":"Redazione","twitter_card":"summary_large_image","twitter_misc":{"Scritto da":"Redazione","Tempo di lettura stimato":"13 minuti"},"schema":{"@context":"https:\/\/schema.org","@graph":[{"@type":"Article","@id":"https:\/\/blog.holyart.it\/it\/santi-e-beati\/24-giugno-san-giovanni-battista\/#article","isPartOf":{"@id":"https:\/\/blog.holyart.it\/it\/santi-e-beati\/24-giugno-san-giovanni-battista\/"},"author":{"name":"Redazione","@id":"https:\/\/blog.holyart.it\/it\/#\/schema\/person\/0a7b686e5af0f856ec1e390dd0baecda"},"headline":"24 giugno San Giovanni Battista","datePublished":"2020-06-23T14:42:05+00:00","dateModified":"2023-06-05T14:57:53+00:00","mainEntityOfPage":{"@id":"https:\/\/blog.holyart.it\/it\/santi-e-beati\/24-giugno-san-giovanni-battista\/"},"wordCount":2083,"publisher":{"@id":"https:\/\/blog.holyart.it\/it\/#organization"},"image":{"@id":"https:\/\/blog.holyart.it\/it\/santi-e-beati\/24-giugno-san-giovanni-battista\/#primaryimage"},"thumbnailUrl":"https:\/\/blog.holyart.it\/it\/wp-content\/uploads\/sites\/17\/2020\/06\/San-Giovanni-BAttista.jpg","articleSection":["Religione","Santi e beati"],"inLanguage":"it-IT"},{"@type":"WebPage","@id":"https:\/\/blog.holyart.it\/it\/santi-e-beati\/24-giugno-san-giovanni-battista\/","url":"https:\/\/blog.holyart.it\/it\/santi-e-beati\/24-giugno-san-giovanni-battista\/","name":"24 giugno San Giovanni Battista - Holyblog","isPartOf":{"@id":"https:\/\/blog.holyart.it\/it\/#website"},"primaryImageOfPage":{"@id":"https:\/\/blog.holyart.it\/it\/santi-e-beati\/24-giugno-san-giovanni-battista\/#primaryimage"},"image":{"@id":"https:\/\/blog.holyart.it\/it\/santi-e-beati\/24-giugno-san-giovanni-battista\/#primaryimage"},"thumbnailUrl":"https:\/\/blog.holyart.it\/it\/wp-content\/uploads\/sites\/17\/2020\/06\/San-Giovanni-BAttista.jpg","datePublished":"2020-06-23T14:42:05+00:00","dateModified":"2023-06-05T14:57:53+00:00","description":"Il 24 giugno si festeggia la nascita di San Giovanni Battista, uno dei Santi pi\u00f9 venerati nel mondo, ultimo profeta dell\u2019Antico Testamento...","breadcrumb":{"@id":"https:\/\/blog.holyart.it\/it\/santi-e-beati\/24-giugno-san-giovanni-battista\/#breadcrumb"},"inLanguage":"it-IT","potentialAction":[{"@type":"ReadAction","target":["https:\/\/blog.holyart.it\/it\/santi-e-beati\/24-giugno-san-giovanni-battista\/"]}]},{"@type":"ImageObject","inLanguage":"it-IT","@id":"https:\/\/blog.holyart.it\/it\/santi-e-beati\/24-giugno-san-giovanni-battista\/#primaryimage","url":"https:\/\/blog.holyart.it\/it\/wp-content\/uploads\/sites\/17\/2020\/06\/San-Giovanni-BAttista.jpg","contentUrl":"https:\/\/blog.holyart.it\/it\/wp-content\/uploads\/sites\/17\/2020\/06\/San-Giovanni-BAttista.jpg","width":1000,"height":680,"caption":"San Giovanni Battista"},{"@type":"BreadcrumbList","@id":"https:\/\/blog.holyart.it\/it\/santi-e-beati\/24-giugno-san-giovanni-battista\/#breadcrumb","itemListElement":[{"@type":"ListItem","position":1,"name":"Homepage","item":"https:\/\/blog.holyart.it\/it\/"},{"@type":"ListItem","position":2,"name":"Santi e beati","item":"https:\/\/blog.holyart.it\/it\/santi-e-beati\/"},{"@type":"ListItem","position":3,"name":"24 giugno San Giovanni Battista"}]},{"@type":"WebSite","@id":"https:\/\/blog.holyart.it\/it\/#website","url":"https:\/\/blog.holyart.it\/it\/","name":"Holyblog","description":"Il Blog di Holyart.it","publisher":{"@id":"https:\/\/blog.holyart.it\/it\/#organization"},"potentialAction":[{"@type":"SearchAction","target":{"@type":"EntryPoint","urlTemplate":"https:\/\/blog.holyart.it\/it\/?s={search_term_string}"},"query-input":{"@type":"PropertyValueSpecification","valueRequired":true,"valueName":"search_term_string"}}],"inLanguage":"it-IT"},{"@type":"Organization","@id":"https:\/\/blog.holyart.it\/it\/#organization","name":"Holyblog","url":"https:\/\/blog.holyart.it\/it\/","logo":{"@type":"ImageObject","inLanguage":"it-IT","@id":"https:\/\/blog.holyart.it\/it\/#\/schema\/logo\/image\/","url":"https:\/\/blog.holyart.it\/it\/wp-content\/uploads\/sites\/17\/2022\/12\/Holyart_Blog_Logo.jpg","contentUrl":"https:\/\/blog.holyart.it\/it\/wp-content\/uploads\/sites\/17\/2022\/12\/Holyart_Blog_Logo.jpg","width":300,"height":50,"caption":"Holyblog"},"image":{"@id":"https:\/\/blog.holyart.it\/it\/#\/schema\/logo\/image\/"}},{"@type":"Person","@id":"https:\/\/blog.holyart.it\/it\/#\/schema\/person\/0a7b686e5af0f856ec1e390dd0baecda","name":"Redazione"}]}},"_links":{"self":[{"href":"https:\/\/blog.holyart.it\/it\/wp-json\/wp\/v2\/posts\/9835","targetHints":{"allow":["GET"]}}],"collection":[{"href":"https:\/\/blog.holyart.it\/it\/wp-json\/wp\/v2\/posts"}],"about":[{"href":"https:\/\/blog.holyart.it\/it\/wp-json\/wp\/v2\/types\/post"}],"author":[{"embeddable":true,"href":"https:\/\/blog.holyart.it\/it\/wp-json\/wp\/v2\/users\/1"}],"replies":[{"embeddable":true,"href":"https:\/\/blog.holyart.it\/it\/wp-json\/wp\/v2\/comments?post=9835"}],"version-history":[{"count":1,"href":"https:\/\/blog.holyart.it\/it\/wp-json\/wp\/v2\/posts\/9835\/revisions"}],"predecessor-version":[{"id":17893,"href":"https:\/\/blog.holyart.it\/it\/wp-json\/wp\/v2\/posts\/9835\/revisions\/17893"}],"wp:featuredmedia":[{"embeddable":true,"href":"https:\/\/blog.holyart.it\/it\/wp-json\/wp\/v2\/media\/9848"}],"wp:attachment":[{"href":"https:\/\/blog.holyart.it\/it\/wp-json\/wp\/v2\/media?parent=9835"}],"wp:term":[{"taxonomy":"category","embeddable":true,"href":"https:\/\/blog.holyart.it\/it\/wp-json\/wp\/v2\/categories?post=9835"},{"taxonomy":"post_tag","embeddable":true,"href":"https:\/\/blog.holyart.it\/it\/wp-json\/wp\/v2\/tags?post=9835"}],"curies":[{"name":"wp","href":"https:\/\/api.w.org\/{rel}","templated":true}]}}