{"id":9822,"date":"2020-06-22T17:29:52","date_gmt":"2020-06-22T15:29:52","guid":{"rendered":"https:\/\/blog.holyart.it\/it\/?p=9822"},"modified":"2021-04-08T17:50:38","modified_gmt":"2021-04-08T15:50:38","slug":"il-volontariato-nella-chiesa-cattolica-al-tempo-del-covid","status":"publish","type":"post","link":"https:\/\/blog.holyart.it\/it\/accessori-liturgia\/il-volontariato-nella-chiesa-cattolica-al-tempo-del-covid\/","title":{"rendered":"Il volontariato nella Chiesa Cattolica al tempo del Covid"},"content":{"rendered":"<h4><span style=\"font-weight: 400;\">Il Covid-19 ha scatenato un\u2019emergenza sanitaria senza precedenti per il mondo moderno. Scopriamo come la Chiesa cattolica si \u00e8 impegnata contro questa calamit\u00e0 e come continua la sua battaglia in prima linea in questa nuova fase.<\/span><\/h4>\n\n<p><span style=\"font-weight: 400;\">Ci sono situazioni nella vita di una comunit\u00e0 piccola o grande che non possono essere definite se non con il termine <\/span><b>calamit\u00e0<\/b><span style=\"font-weight: 400;\">. Se cerchiamo il significato di questa parola sul dizionario, troviamo questa definizione: <\/span><i><span style=\"font-weight: 400;\">Grave sventura, evento funesto che colpisce molte persone o un&#8217;intera comunit\u00e0, implicando provvedimenti speciali.<\/span><\/i><\/p>\n<p><span style=\"font-weight: 400;\">Non c\u2019\u00e8 bisogno di consultare un dizionario per renderci conto che la pandemia di Covid-19 che ha investito il mondo intero e il nostro paese con particolare violenza negli ultimi mesi rientra a tutti gli effetti in questa definizione. Una <\/span><i><span style=\"font-weight: 400;\">grave sventura<\/span><\/i><span style=\"font-weight: 400;\">, che ha portato alla morte di migliaia di persone, alla distruzione di famiglie, che sono state letteralmente decimate, smembrate, senza nemmeno la consolazione di un ultimo addio. Inutile fare conteggi, visto che la gente continua a morire, anche se con minor frequenza, almeno in Italia.<\/span><\/p>\n<p>Una <i><span style=\"font-weight: 400;\">sventura <\/span><\/i><span style=\"font-weight: 400;\">che ha richiesto l\u2019intervento dello Stato e di ogni organo di potere possibile, per introdurre <\/span><i><span style=\"font-weight: 400;\">provvedimenti speciali<\/span><\/i><span style=\"font-weight: 400;\"> che hanno sconvolto e modificato le abitudini di vita di ogni singolo membro della nostra societ\u00e0, uomini, donne e bambini, sovvertendo un\u2019esistenza fatta di lavoro, scuola, occasioni di incontro, che davamo forse troppo per scontato.<\/span><\/p>\n<h2><span style=\"font-weight: 400;\">Volontari Covid-19 durante la prima fase<\/span><\/h2>\n<p><span style=\"font-weight: 400;\">Per fronteggiare questa calamit\u00e0, anche la <\/span><b>Chiesa<\/b><span style=\"font-weight: 400;\"> si \u00e8 organizzata fin dal principio, colpita nella sua stessa essenza dall\u2019impossibilit\u00e0 di celebrare la Messa, di raccogliere nei propri spazi consacrati e non tutti coloro i quali trovavano di solito in essa conforto e aiuto. Come \u00e8 giusto che sia in queste situazioni di emergenza i primi destinatari di questi aiuti materiali, ma anche spirituali, sono stati <\/span><b>i pi\u00f9 bisognosi e vulnerabili<\/b><span style=\"font-weight: 400;\">, in nome di una <\/span><a href=\"https:\/\/www.holyart.it\/blog\/articoli-religiosi\/fare-lelemosina-e-carita\/\"><b>carit\u00e0<\/b><\/a><span style=\"font-weight: 400;\"> che, non ci stancheremo mai di ripeterlo, non \u00e8 solo offrire denaro in elemosina.<\/span><\/p>\n<div class=\"link-article\">\n<p><img loading=\"lazy\" decoding=\"async\" class=\"alignleft size-full wp-image-9827\" src=\"https:\/\/blog.holyart.it\/it\/wp-content\/uploads\/sites\/17\/2020\/06\/elemosina-768x511.jpg\" alt=\"elemosina\" width=\"150\" height=\"99\" data-kale-share-title=\"Il volontariato nella Chiesa Cattolica al tempo del Covid\" data-kale-share-url=\"https:\/\/blog.holyart.it\/it\/?p=9822\" \/><\/p>\n<div class=\"leggi-anche\">Leggi anche:<\/div>\n<p><strong><a href=\"https:\/\/www.holyart.it\/blog\/articoli-religiosi\/fare-lelemosina-e-carita\/\">Fare l\u2019elemosina: \u00e8 carit\u00e0?<\/a><\/strong><br \/>\nL\u2019elemosina ai poveri \u00e8 una manifestazione di misericordia strettamente connessa ai doveri di un buon cristiano.<\/p>\n<\/div>\n<p>La <b>Carit\u00e0 cristiana<\/b><span style=\"font-weight: 400;\"> implica la volont\u00e0 di accogliere, di offrire il proprio tempo e la propria energia al prossimo, il mettersi al servizio degli altri, dei poveri, dei pi\u00f9 sfortunati, in un\u2019emulazione di Cristo e di chi, come lui, ha sacrificato la propria vita a un bene superiore, a un anelito di giustizia ineffabile.<\/span><\/p>\n<p><span style=\"font-weight: 400;\">Pensiamo a <\/span><a href=\"https:\/\/www.holyart.it\/blog\/santi-e-beati\/madre-teresa-simbolo-di-carita\/\"><span style=\"font-weight: 400;\"><strong>Madre Teresa di Calcutta<\/strong><\/span><\/a><span style=\"font-weight: 400;\">, uno degli esempi pi\u00f9 fulgidi della carit\u00e0 cristiana del nostro tempo, ma pensiamo anche a tutti i <\/span><b>volontari <\/b><span style=\"font-weight: 400;\">che in Italia e nel mondo si impegnano per fare la differenza in situazioni di disagio, povert\u00e0, malattia, guerra, ingiustizia sociale.<\/span><\/p>\n<div class=\"link-article\">\n<p><img loading=\"lazy\" decoding=\"async\" class=\"alignleft wp-image-9823 size-full\" src=\"https:\/\/blog.holyart.it\/it\/wp-content\/uploads\/sites\/17\/2020\/06\/madre-teresa-768x511.png\" alt=\"madre-teresa\" width=\"150\" height=\"99\" data-kale-share-title=\"Il volontariato nella Chiesa Cattolica al tempo del Covid\" data-kale-share-url=\"https:\/\/blog.holyart.it\/it\/?p=9822\" \/><\/p>\n<div class=\"leggi-anche\">Leggi anche:<\/div>\n<p><strong><a href=\"https:\/\/www.holyart.it\/blog\/santi-e-beati\/madre-teresa-simbolo-di-carita\/\">Madre Teresa simbolo di carit\u00e0<\/a><\/strong><br \/>\nE se il nostro proposito pi\u00f9 importante fosse la carit\u00e0 verso gli altri? Madre Teresa di Calcutta \u00e8 stata una maestra in questo.<\/p>\n<\/div>\n<p><span style=\"font-weight: 400;\">Durante l\u2019emergenza Covid-19 i volontari non sono mancati, e per fortuna. Pensiamo ai tanti medici, alle infermiere, alle suore e ai preti che si sono dati da fare per <\/span><b>assistere i malati<\/b><span style=\"font-weight: 400;\">, mettendo a repentaglio la propria vita, e perdendola, molto spesso. Ma il volontariato non si \u00e8 fermato a questo. La calamit\u00e0, oltre ai malati, ha creato tutta una nuova schiera di disagiati, dagli <\/span><b>anziani abbandonati<\/b><span style=\"font-weight: 400;\"> a loro stessi, nelle case di riposo e ancora di pi\u00f9 nelle proprie abitazioni, senza aiuto, senza nessuno che provvedesse alle loro esigenze primarie, dalla spesa alle cure, al semplice ascolto. Con loro, i molti che hanno <\/span><b>perso il lavoro<\/b><span style=\"font-weight: 400;\">, o che si sono trovati ad affrontare la pandemia senza denaro sufficiente per mantenere se stessi e la propria famiglia. Alcune diocesi hanno messo a disposizione <\/span><b>posti letto e strutture<\/b><span style=\"font-weight: 400;\"> per ospitare chi non poteva trascorrere la quarantena nella propria casa, o chi, dimesso dall\u2019ospedale, non poteva comunque essere lasciato solo.<\/span><\/p>\n<p><span style=\"font-weight: 400;\">L\u2019aiuto che i volontari cattolici hanno dato a queste persone pi\u00f9 deboli ed esposte nella fase 1, quando perfino uscire di casa per fare la spesa era diventato proibitivo, \u00e8 stato di primaria importanza sia sul piano pratico, sia su quello <\/span><b>psicologico e umano<\/b><span style=\"font-weight: 400;\">.<\/span><\/p>\n<p><span style=\"font-weight: 400;\">Ma non \u00e8 ancora finita.<\/span><\/p>\n<h2><span style=\"font-weight: 400;\">I volontari oggi<\/span><\/h2>\n<p><span style=\"font-weight: 400;\">Lentamente, dolorosamente, il nostro paese ha iniziato a emergere dall\u2019inferno della fase 1. Una maggior conoscenza del virus, la capacit\u00e0 di prevenire il contagio e di curare in modo tempestivo e corretto chi si ammala, a fronte della pressoch\u00e9 totale ignoranza e incapacit\u00e0 delle prime settimane, ha fatto s\u00ec che pian piano si tentasse un ritorno alla vita di un tempo. \u00c8 prematuro parlare di un ritorno alla normalit\u00e0, perch\u00e9 la minaccia del Covid-19 \u00e8 ancora terribilmente reale, e richiede in questa nuova fase una serie di restrizioni e regole per contingentare l\u2019affluenza dei fedeli all\u2019interno dei luoghi di culto e in generale degli ambienti legati alla Chiesa, come gli oratori e i centri estivi.\u00a0<\/span><\/p>\n<p><b>Distanziamento, <a href=\"https:\/\/www.holyart.it\/blog\/accessori-liturgia\/coronavirus-dispositivi-per-celebrare-la-messa-in-sicurezza\/\">dispositivi di protezione<\/a>, scaglionamento, controllo<\/b><span style=\"font-weight: 400;\"> sono diventate parole d\u2019ordine imprescindibili per accedere alle chiese come a qualsiasi altro luogo pubblico. Proprio per ottemperare a queste nuove disposizioni, oltre alla collaborazione di Polizia Locale e Protezione Civile, occorre <\/span><b>l\u2019impegno di volontari <\/b><span style=\"font-weight: 400;\">che controllino l\u2019affluenza ai luoghi di culto e riunione, l\u2019ingresso e l\u2019uscita dei fedeli dalla chiesa in occasione della Messa o di altre cerimonie, come i<strong> <a href=\"https:\/\/www.holyart.it\/it\/articoli-religiosi\/articoli-funerari\">funerali<\/a><\/strong>, che finalmente possono essere celebrati di nuovo.<\/span><\/p>\n<div class=\"link-article\">\n<p><img loading=\"lazy\" decoding=\"async\" class=\"alignleft size-full wp-image-9824\" src=\"https:\/\/blog.holyart.it\/it\/wp-content\/uploads\/sites\/17\/2020\/06\/Dispositivi-di-Protezione-768x511-1.jpg\" alt=\"Dispositivi-di-Protezione-768x511\" width=\"150\" height=\"99\" data-kale-share-title=\"Il volontariato nella Chiesa Cattolica al tempo del Covid\" data-kale-share-url=\"https:\/\/blog.holyart.it\/it\/?p=9822\" \/><\/p>\n<div class=\"leggi-anche\">Leggi anche:<\/div>\n<p><strong><a href=\"https:\/\/www.holyart.it\/blog\/accessori-liturgia\/coronavirus-dispositivi-per-celebrare-la-messa-in-sicurezza\/\">Coronavirus: dispositivi per celebrare la Messa<\/a><\/strong><br \/>\nInsieme, ma in sicurezza. Ecco i dispositivi di sicurezza e protezione indispensabili per sacerdoti e fedeli.<\/p>\n<\/div>\n<p><span style=\"font-weight: 400;\">L&#8217;ausilio dei volontari \u00e8 necessario in molti casi, anche come figure di riferimento per <\/span><b>bambini e ragazzi<\/b><span style=\"font-weight: 400;\"> degli <\/span><b>oratori<\/b><span style=\"font-weight: 400;\">, nei <\/span><b>centri estivi<\/b><span style=\"font-weight: 400;\"> e nei <\/span><b>campeggi<\/b><span style=\"font-weight: 400;\">. I volontari devono offrire un servizio di collegamento e informazione, oltre che di animazione vera e propria per i ragazzi che ora potranno studiare insieme e giocare all\u2019aperto e in spazi adibiti.\u00a0<\/span><\/p>\n<p><span style=\"font-weight: 400;\">Fondamentale \u00e8 informarsi sulle <\/span><b>linee guida<\/b><span style=\"font-weight: 400;\"> definite dalle varie Regioni in merito a centri estivi e attivit\u00e0 che coinvolgano i bambini e i ragazzi in questi mesi. In questa fase i volontari adeguatamente formati potranno sostituire o affiancare gli operatori di ruolo gi\u00e0 attivi nelle varie realt\u00e0. Sar\u00e0 indispensabile che tutto il personale sia informato sulle <\/span><b>norme di prevenzione Covid-19<\/b><span style=\"font-weight: 400;\">. Il loro compito sar\u00e0 anche quello di garantire il rispetto delle norme da parte dei bambini, per esempio il <\/span><b>lavaggio delle mani a ogni ingresso<\/b><span style=\"font-weight: 400;\"> e il <\/span><b>distanziamento <\/b><span style=\"font-weight: 400;\">necessario.<\/span><\/p>\n<p><span style=\"font-weight: 400;\">I bambini verranno divisi in <\/span><b>piccoli gruppi<\/b><span style=\"font-weight: 400;\">, a seconda dell\u2019et\u00e0 per esempio (fascia infanzia, fascia scuola primaria, fascia scuola secondaria), dando spazio e priorit\u00e0 a bambini disabili o provenienti da famiglie deboli o con genitori che non hanno tempo di occuparsi di loro. In ogni caso il numero dei bambini ammessi dovr\u00e0 essere definito in base agli <\/span><b>spazi a disposizione<\/b><span style=\"font-weight: 400;\"> e al <\/span><b>numero di animatori-educatori<\/b><span style=\"font-weight: 400;\"> disponibili. Un operatore ogni 4\u20135 ragazzi dovrebbe essere adeguato.<\/span><\/p>\n<p><span style=\"font-weight: 400;\">Gli operatori dovranno conoscere preventivamente gli <\/span><b>spazi disponibili<\/b><span style=\"font-weight: 400;\"> per poter programmare le attivit\u00e0.<br \/>\nTali spazi dovranno essere <\/span><b>sanificati <\/b><span style=\"font-weight: 400;\">con la frequenza adeguata all\u2019utilizzo.\u00a0<\/span><\/p>\n<p><span style=\"font-weight: 400;\">Sar\u00e0 compito dei volontari e degli operatori assicurare che i ragazzi rispettino le misure igienico-comportamentali, tenendo conto anche della loro et\u00e0 e grado di autonomia. Potrebbe essere opportuno trasformare certe imposizioni, come lavarsi frequentemente le mani, non tossire o starnutire senza protezione, mantenere distanziamento fisico di almeno un metro tra le persone, non toccarsi il viso con le mani, in una sorta di <\/span><b>gioco<\/b><span style=\"font-weight: 400;\">, per coinvolgere anche i pi\u00f9 piccini.<\/span><\/p>\n<h2><span style=\"font-weight: 400;\">Prodotti utili per i volontari<\/span><\/h2>\n<p><span style=\"font-weight: 400;\">Cos\u00ec come per accedere alle chiese, anche per oratori e luoghi di ritrovo per i ragazzi saranno necessari <\/span><a href=\"https:\/\/www.holyart.it\/it\/accessori-per-la-liturgia\/dispositivi-di-protezione-e-sicurezza\/porta-dispenser-gel-igienizzante-regolabile-metallo-per-esterni\"><b>dispenser di soluzione idroalcolica regolamentari<\/b><\/a><span style=\"font-weight: 400;\"> per l\u2019igiene delle mani, in particolare nei punti di ingresso e di uscita.<\/span><\/p>\n<div class=\"link-product\">\n<div class=\"blocco-immagine\"><img loading=\"lazy\" decoding=\"async\" class=\"alignnone size-full wp-image-9828\" src=\"https:\/\/blog.holyart.it\/it\/wp-content\/uploads\/sites\/17\/2020\/06\/porta-dispenser-gel-igienizzante-regolabile-metallo-per-esterni.jpg\" alt=\"porta-dispenser-gel-igienizzante-regolabile-metallo-per-esterni\" width=\"100\" height=\"100\" data-kale-share-title=\"Il volontariato nella Chiesa Cattolica al tempo del Covid\" data-kale-share-url=\"https:\/\/blog.holyart.it\/it\/?p=9822\" \/><\/div>\n<div class=\"blocco-contenuto\">\n<div class=\"blocco-acquista\">Acquista su Holyart:<\/div>\n<div class=\"blocco-titolo\"><a href=\"https:\/\/www.holyart.it\/it\/accessori-per-la-liturgia\/dispositivi-di-protezione-e-sicurezza\/porta-dispenser-gel-igienizzante-regolabile-metallo-per-esterni\">Porta dispenser regolabile in metallo <\/a><\/div>\n<div class=\"blocco-descrizione\">Totem porta dispenser per gel igienizzante per esterno<\/div>\n<\/div>\n<\/div>\n<p><span style=\"font-weight: 400;\">Anche i <\/span><b>giocattoli<\/b><span style=\"font-weight: 400;\"> o i <\/span><b>giochi<\/b><span style=\"font-weight: 400;\"> all\u2019aria aperta dovranno essere sanificati e <strong><a href=\"https:\/\/www.holyart.it\/it\/accessori-per-la-liturgia\/dispositivi-di-protezione-e-sicurezza\/disinfettante-spray-professionale-alcor-750-ml\">disinfettati<\/a><\/strong> con prodotti adeguati, quando utilizzati da gruppi diversi di ragazzi, allo stesso modi degli ambienti comuni che, come abbiamo gi\u00e0 detto, dovranno essere puliti ogni giorno e disinfettati spesso con detergenti efficaci.<\/span><\/p>\n<p><span style=\"font-weight: 400;\">A queste norme igieniche, tuttavia, \u00e8 sempre necessario affiancare l\u2019utilizzo di <\/span><b><a href=\"https:\/\/www.holyart.it\/it\/accessori-per-la-liturgia\/dispositivi-di-protezione-e-sicurezza\">dispositivi di sicurezza<\/a> base<\/b><span style=\"font-weight: 400;\"> come le immancabili<\/span><b> <\/b><a href=\"https:\/\/www.holyart.it\/it\/accessori-per-la-liturgia\/dispositivi-di-protezione-e-sicurezza\/mascherina-in-stoffa-riutilizzabile-bordo-viola\"><b>mascherine<\/b><\/a><span style=\"font-weight: 400;\">.<\/span><\/p>\n<div class=\"link-product\">\n<div class=\"blocco-immagine\"><img loading=\"lazy\" decoding=\"async\" class=\"alignnone size-full wp-image-9825\" src=\"https:\/\/blog.holyart.it\/it\/wp-content\/uploads\/sites\/17\/2020\/06\/mascherina-in-stoffa-riutilizzabile-bordo-viola.jpg\" alt=\"mascherina-in-stoffa-riutilizzabile-bordo-viola\" width=\"100\" height=\"100\" data-kale-share-title=\"Il volontariato nella Chiesa Cattolica al tempo del Covid\" data-kale-share-url=\"https:\/\/blog.holyart.it\/it\/?p=9822\" \/><\/div>\n<div class=\"blocco-contenuto\">\n<div class=\"blocco-acquista\">Acquista su Holyart:<\/div>\n<div class=\"blocco-titolo\"><a href=\"https:\/\/www.holyart.it\/it\/accessori-per-la-liturgia\/dispositivi-di-protezione-e-sicurezza\/mascherina-in-stoffa-riutilizzabile-bordo-viola\">Mascherina in stoffa riutilizzabile<\/a><\/div>\n<div class=\"blocco-descrizione\">Realizzata in 100% fibra di bamboo all&#8217;interno<\/div>\n<\/div>\n<\/div>\n<p><span style=\"font-weight: 400;\">In vista della riapertura di oratori e centri estivi, Holyart ha pensato di realizzare anche delle <\/span><b>pettorine<\/b><span style=\"font-weight: 400;\"> per rendere pi\u00f9 facilmente identificabile la figura dell&#8217;operatore e del volontario a cui poter fare riferimento. <\/span><span style=\"font-weight: 400;\"><br \/>\n<\/span><span style=\"font-weight: 400;\">Le pettorine sono di colore blu e sono disponibili in due varianti una su cui \u00e8 stampato il logo di Holyart e una seconda versione che presenta la scritta VOLONTARIO in diverse lingue.<\/span><\/p>\n<div class=\"link-product\">\n<div class=\"blocco-immagine\"><img loading=\"lazy\" decoding=\"async\" class=\"alignnone size-full wp-image-9826\" src=\"https:\/\/blog.holyart.it\/it\/wp-content\/uploads\/sites\/17\/2020\/06\/pettorina-volontario-parrocchiale-stampa-tessuto-poliestere.jpg\" alt=\"pettorina-volontario-parrocchiale-stampa-tessuto-poliestere\" width=\"100\" height=\"100\" data-kale-share-title=\"Il volontariato nella Chiesa Cattolica al tempo del Covid\" data-kale-share-url=\"https:\/\/blog.holyart.it\/it\/?p=9822\" \/><\/div>\n<div class=\"blocco-contenuto\">\n<div class=\"blocco-acquista\">Acquista su Holyart:<\/div>\n<div class=\"blocco-titolo\"><a href=\"https:\/\/www.holyart.it\/it\/accessori-per-la-liturgia\/dispositivi-di-protezione-e-sicurezza\/pettorina-volontario-parrocchiale-stampa-tessuto-poliestere\">Pettorina Volontario parrocchiale poliestere<\/a><\/div>\n<div class=\"blocco-descrizione\">Pettorina ideale come riconoscimento per i volontari<\/div>\n<\/div>\n<\/div>\n<p><span style=\"font-size: 14pt; color: #ff0000;\"><strong>Le trovate nel nostro store on line e con una spesa pari o superiore a\u00a0 \u20ac 99.00 si potranno ricevere in omaggio 5 pettorine (valore commerciale di \u20ac 24,50) e 15 mascherine chirurgiche (valore commerciale di \u20ac 7,50) e in\u00a0 pi\u00f9 le spese di spedizione saranno gratuite.<\/strong><\/span><\/p>\n","protected":false},"excerpt":{"rendered":"<p>Il Covid-19 ha scatenato un\u2019emergenza sanitaria senza precedenti per il mondo moderno. Scopriamo come la Chiesa cattolica si \u00e8 impegnata contro questa calamit\u00e0 e come continua la sua battaglia in prima linea in questa nuova fase. Ci sono situazioni nella vita di una comunit\u00e0 piccola&hellip;<\/p>\n","protected":false},"author":1,"featured_media":9831,"comment_status":"closed","ping_status":"open","sticky":false,"template":"","format":"standard","meta":{"_acf_changed":false,"footnotes":""},"categories":[14,16],"tags":[],"class_list":["post-9822","post","type-post","status-publish","format-standard","has-post-thumbnail","hentry","category-accessori-liturgia","category-articoli-religiosi"],"acf":[],"yoast_head":"<!-- This site is optimized with the Yoast SEO plugin v26.6 - https:\/\/yoast.com\/wordpress\/plugins\/seo\/ -->\n<title>Il volontariato nella Chiesa Cattolica al tempo del Covid - Holyblog<\/title>\n<meta name=\"description\" content=\"Il Covid-19 ha scatenato un\u2019emergenza sanitaria senza precedenti per il mondo moderno. La Chiesa cattolica si \u00e8 impegnata contro questa calamit\u00e0...\" \/>\n<meta name=\"robots\" content=\"index, follow, max-snippet:-1, max-image-preview:large, max-video-preview:-1\" \/>\n<link rel=\"canonical\" href=\"https:\/\/blog.holyart.it\/it\/accessori-liturgia\/il-volontariato-nella-chiesa-cattolica-al-tempo-del-covid\/\" \/>\n<meta property=\"og:locale\" content=\"it_IT\" \/>\n<meta property=\"og:type\" content=\"article\" \/>\n<meta property=\"og:title\" content=\"Il volontariato nella Chiesa Cattolica al tempo del Covid - Holyblog\" \/>\n<meta property=\"og:description\" content=\"Il Covid-19 ha scatenato un\u2019emergenza sanitaria senza precedenti per il mondo moderno. La Chiesa cattolica si \u00e8 impegnata contro questa calamit\u00e0...\" \/>\n<meta property=\"og:url\" content=\"https:\/\/blog.holyart.it\/it\/accessori-liturgia\/il-volontariato-nella-chiesa-cattolica-al-tempo-del-covid\/\" \/>\n<meta property=\"og:site_name\" content=\"Holyblog\" \/>\n<meta property=\"article:published_time\" content=\"2020-06-22T15:29:52+00:00\" \/>\n<meta property=\"article:modified_time\" content=\"2021-04-08T15:50:38+00:00\" \/>\n<meta property=\"og:image\" content=\"https:\/\/blog.holyart.it\/it\/wp-content\/uploads\/sites\/17\/2020\/06\/volontariato-della-chiesa-cattolica-covid.jpg\" \/>\n\t<meta property=\"og:image:width\" content=\"1000\" \/>\n\t<meta property=\"og:image:height\" content=\"666\" \/>\n\t<meta property=\"og:image:type\" content=\"image\/jpeg\" \/>\n<meta name=\"author\" content=\"Redazione\" \/>\n<meta name=\"twitter:card\" content=\"summary_large_image\" \/>\n<meta name=\"twitter:label1\" content=\"Scritto da\" \/>\n\t<meta name=\"twitter:data1\" content=\"Redazione\" \/>\n\t<meta name=\"twitter:label2\" content=\"Tempo di lettura stimato\" \/>\n\t<meta name=\"twitter:data2\" content=\"7 minuti\" \/>\n<script type=\"application\/ld+json\" class=\"yoast-schema-graph\">{\"@context\":\"https:\/\/schema.org\",\"@graph\":[{\"@type\":\"Article\",\"@id\":\"https:\/\/blog.holyart.it\/it\/accessori-liturgia\/il-volontariato-nella-chiesa-cattolica-al-tempo-del-covid\/#article\",\"isPartOf\":{\"@id\":\"https:\/\/blog.holyart.it\/it\/accessori-liturgia\/il-volontariato-nella-chiesa-cattolica-al-tempo-del-covid\/\"},\"author\":{\"name\":\"Redazione\",\"@id\":\"https:\/\/blog.holyart.it\/it\/#\/schema\/person\/0a7b686e5af0f856ec1e390dd0baecda\"},\"headline\":\"Il volontariato nella Chiesa Cattolica al tempo del Covid\",\"datePublished\":\"2020-06-22T15:29:52+00:00\",\"dateModified\":\"2021-04-08T15:50:38+00:00\",\"mainEntityOfPage\":{\"@id\":\"https:\/\/blog.holyart.it\/it\/accessori-liturgia\/il-volontariato-nella-chiesa-cattolica-al-tempo-del-covid\/\"},\"wordCount\":1476,\"publisher\":{\"@id\":\"https:\/\/blog.holyart.it\/it\/#organization\"},\"image\":{\"@id\":\"https:\/\/blog.holyart.it\/it\/accessori-liturgia\/il-volontariato-nella-chiesa-cattolica-al-tempo-del-covid\/#primaryimage\"},\"thumbnailUrl\":\"https:\/\/blog.holyart.it\/it\/wp-content\/uploads\/sites\/17\/2020\/06\/volontariato-della-chiesa-cattolica-covid.jpg\",\"articleSection\":[\"Liturgia\",\"Religione\"],\"inLanguage\":\"it-IT\"},{\"@type\":\"WebPage\",\"@id\":\"https:\/\/blog.holyart.it\/it\/accessori-liturgia\/il-volontariato-nella-chiesa-cattolica-al-tempo-del-covid\/\",\"url\":\"https:\/\/blog.holyart.it\/it\/accessori-liturgia\/il-volontariato-nella-chiesa-cattolica-al-tempo-del-covid\/\",\"name\":\"Il volontariato nella Chiesa Cattolica al tempo del Covid - Holyblog\",\"isPartOf\":{\"@id\":\"https:\/\/blog.holyart.it\/it\/#website\"},\"primaryImageOfPage\":{\"@id\":\"https:\/\/blog.holyart.it\/it\/accessori-liturgia\/il-volontariato-nella-chiesa-cattolica-al-tempo-del-covid\/#primaryimage\"},\"image\":{\"@id\":\"https:\/\/blog.holyart.it\/it\/accessori-liturgia\/il-volontariato-nella-chiesa-cattolica-al-tempo-del-covid\/#primaryimage\"},\"thumbnailUrl\":\"https:\/\/blog.holyart.it\/it\/wp-content\/uploads\/sites\/17\/2020\/06\/volontariato-della-chiesa-cattolica-covid.jpg\",\"datePublished\":\"2020-06-22T15:29:52+00:00\",\"dateModified\":\"2021-04-08T15:50:38+00:00\",\"description\":\"Il Covid-19 ha scatenato un\u2019emergenza sanitaria senza precedenti per il mondo moderno. La Chiesa cattolica si \u00e8 impegnata contro questa calamit\u00e0...\",\"breadcrumb\":{\"@id\":\"https:\/\/blog.holyart.it\/it\/accessori-liturgia\/il-volontariato-nella-chiesa-cattolica-al-tempo-del-covid\/#breadcrumb\"},\"inLanguage\":\"it-IT\",\"potentialAction\":[{\"@type\":\"ReadAction\",\"target\":[\"https:\/\/blog.holyart.it\/it\/accessori-liturgia\/il-volontariato-nella-chiesa-cattolica-al-tempo-del-covid\/\"]}]},{\"@type\":\"ImageObject\",\"inLanguage\":\"it-IT\",\"@id\":\"https:\/\/blog.holyart.it\/it\/accessori-liturgia\/il-volontariato-nella-chiesa-cattolica-al-tempo-del-covid\/#primaryimage\",\"url\":\"https:\/\/blog.holyart.it\/it\/wp-content\/uploads\/sites\/17\/2020\/06\/volontariato-della-chiesa-cattolica-covid.jpg\",\"contentUrl\":\"https:\/\/blog.holyart.it\/it\/wp-content\/uploads\/sites\/17\/2020\/06\/volontariato-della-chiesa-cattolica-covid.jpg\",\"width\":1000,\"height\":666,\"caption\":\"raga scusate ma ha senso scrivere questa frase \\\"Le trovate nel nostro store on line e con una spesa pari o superiore a\u00a0 \u20ac 99.00 si potranno ricevere in omaggio 5 pettorine (valore commerciale di \u20ac 24,50) e 15 mascherine chirurgiche del valore commerciale di \u20ac 7,50 e in\u00a0 pi\u00f9 le spese di spedizione saranno gratuite.\\\" perch\u00e8 l'ho scritta io a Fede ma non so pi\u00f9 cos\u00ec convinta\"},{\"@type\":\"BreadcrumbList\",\"@id\":\"https:\/\/blog.holyart.it\/it\/accessori-liturgia\/il-volontariato-nella-chiesa-cattolica-al-tempo-del-covid\/#breadcrumb\",\"itemListElement\":[{\"@type\":\"ListItem\",\"position\":1,\"name\":\"Homepage\",\"item\":\"https:\/\/blog.holyart.it\/it\/\"},{\"@type\":\"ListItem\",\"position\":2,\"name\":\"Liturgia\",\"item\":\"https:\/\/blog.holyart.it\/it\/accessori-liturgia\/\"},{\"@type\":\"ListItem\",\"position\":3,\"name\":\"Il volontariato nella Chiesa Cattolica al tempo del Covid\"}]},{\"@type\":\"WebSite\",\"@id\":\"https:\/\/blog.holyart.it\/it\/#website\",\"url\":\"https:\/\/blog.holyart.it\/it\/\",\"name\":\"Holyblog\",\"description\":\"Il Blog di Holyart.it\",\"publisher\":{\"@id\":\"https:\/\/blog.holyart.it\/it\/#organization\"},\"potentialAction\":[{\"@type\":\"SearchAction\",\"target\":{\"@type\":\"EntryPoint\",\"urlTemplate\":\"https:\/\/blog.holyart.it\/it\/?s={search_term_string}\"},\"query-input\":{\"@type\":\"PropertyValueSpecification\",\"valueRequired\":true,\"valueName\":\"search_term_string\"}}],\"inLanguage\":\"it-IT\"},{\"@type\":\"Organization\",\"@id\":\"https:\/\/blog.holyart.it\/it\/#organization\",\"name\":\"Holyblog\",\"url\":\"https:\/\/blog.holyart.it\/it\/\",\"logo\":{\"@type\":\"ImageObject\",\"inLanguage\":\"it-IT\",\"@id\":\"https:\/\/blog.holyart.it\/it\/#\/schema\/logo\/image\/\",\"url\":\"https:\/\/blog.holyart.it\/it\/wp-content\/uploads\/sites\/17\/2022\/12\/Holyart_Blog_Logo.jpg\",\"contentUrl\":\"https:\/\/blog.holyart.it\/it\/wp-content\/uploads\/sites\/17\/2022\/12\/Holyart_Blog_Logo.jpg\",\"width\":300,\"height\":50,\"caption\":\"Holyblog\"},\"image\":{\"@id\":\"https:\/\/blog.holyart.it\/it\/#\/schema\/logo\/image\/\"}},{\"@type\":\"Person\",\"@id\":\"https:\/\/blog.holyart.it\/it\/#\/schema\/person\/0a7b686e5af0f856ec1e390dd0baecda\",\"name\":\"Redazione\"}]}<\/script>\n<!-- \/ Yoast SEO plugin. -->","yoast_head_json":{"title":"Il volontariato nella Chiesa Cattolica al tempo del Covid - Holyblog","description":"Il Covid-19 ha scatenato un\u2019emergenza sanitaria senza precedenti per il mondo moderno. La Chiesa cattolica si \u00e8 impegnata contro questa calamit\u00e0...","robots":{"index":"index","follow":"follow","max-snippet":"max-snippet:-1","max-image-preview":"max-image-preview:large","max-video-preview":"max-video-preview:-1"},"canonical":"https:\/\/blog.holyart.it\/it\/accessori-liturgia\/il-volontariato-nella-chiesa-cattolica-al-tempo-del-covid\/","og_locale":"it_IT","og_type":"article","og_title":"Il volontariato nella Chiesa Cattolica al tempo del Covid - Holyblog","og_description":"Il Covid-19 ha scatenato un\u2019emergenza sanitaria senza precedenti per il mondo moderno. La Chiesa cattolica si \u00e8 impegnata contro questa calamit\u00e0...","og_url":"https:\/\/blog.holyart.it\/it\/accessori-liturgia\/il-volontariato-nella-chiesa-cattolica-al-tempo-del-covid\/","og_site_name":"Holyblog","article_published_time":"2020-06-22T15:29:52+00:00","article_modified_time":"2021-04-08T15:50:38+00:00","og_image":[{"width":1000,"height":666,"url":"https:\/\/blog.holyart.it\/it\/wp-content\/uploads\/sites\/17\/2020\/06\/volontariato-della-chiesa-cattolica-covid.jpg","type":"image\/jpeg"}],"author":"Redazione","twitter_card":"summary_large_image","twitter_misc":{"Scritto da":"Redazione","Tempo di lettura stimato":"7 minuti"},"schema":{"@context":"https:\/\/schema.org","@graph":[{"@type":"Article","@id":"https:\/\/blog.holyart.it\/it\/accessori-liturgia\/il-volontariato-nella-chiesa-cattolica-al-tempo-del-covid\/#article","isPartOf":{"@id":"https:\/\/blog.holyart.it\/it\/accessori-liturgia\/il-volontariato-nella-chiesa-cattolica-al-tempo-del-covid\/"},"author":{"name":"Redazione","@id":"https:\/\/blog.holyart.it\/it\/#\/schema\/person\/0a7b686e5af0f856ec1e390dd0baecda"},"headline":"Il volontariato nella Chiesa Cattolica al tempo del Covid","datePublished":"2020-06-22T15:29:52+00:00","dateModified":"2021-04-08T15:50:38+00:00","mainEntityOfPage":{"@id":"https:\/\/blog.holyart.it\/it\/accessori-liturgia\/il-volontariato-nella-chiesa-cattolica-al-tempo-del-covid\/"},"wordCount":1476,"publisher":{"@id":"https:\/\/blog.holyart.it\/it\/#organization"},"image":{"@id":"https:\/\/blog.holyart.it\/it\/accessori-liturgia\/il-volontariato-nella-chiesa-cattolica-al-tempo-del-covid\/#primaryimage"},"thumbnailUrl":"https:\/\/blog.holyart.it\/it\/wp-content\/uploads\/sites\/17\/2020\/06\/volontariato-della-chiesa-cattolica-covid.jpg","articleSection":["Liturgia","Religione"],"inLanguage":"it-IT"},{"@type":"WebPage","@id":"https:\/\/blog.holyart.it\/it\/accessori-liturgia\/il-volontariato-nella-chiesa-cattolica-al-tempo-del-covid\/","url":"https:\/\/blog.holyart.it\/it\/accessori-liturgia\/il-volontariato-nella-chiesa-cattolica-al-tempo-del-covid\/","name":"Il volontariato nella Chiesa Cattolica al tempo del Covid - Holyblog","isPartOf":{"@id":"https:\/\/blog.holyart.it\/it\/#website"},"primaryImageOfPage":{"@id":"https:\/\/blog.holyart.it\/it\/accessori-liturgia\/il-volontariato-nella-chiesa-cattolica-al-tempo-del-covid\/#primaryimage"},"image":{"@id":"https:\/\/blog.holyart.it\/it\/accessori-liturgia\/il-volontariato-nella-chiesa-cattolica-al-tempo-del-covid\/#primaryimage"},"thumbnailUrl":"https:\/\/blog.holyart.it\/it\/wp-content\/uploads\/sites\/17\/2020\/06\/volontariato-della-chiesa-cattolica-covid.jpg","datePublished":"2020-06-22T15:29:52+00:00","dateModified":"2021-04-08T15:50:38+00:00","description":"Il Covid-19 ha scatenato un\u2019emergenza sanitaria senza precedenti per il mondo moderno. La Chiesa cattolica si \u00e8 impegnata contro questa calamit\u00e0...","breadcrumb":{"@id":"https:\/\/blog.holyart.it\/it\/accessori-liturgia\/il-volontariato-nella-chiesa-cattolica-al-tempo-del-covid\/#breadcrumb"},"inLanguage":"it-IT","potentialAction":[{"@type":"ReadAction","target":["https:\/\/blog.holyart.it\/it\/accessori-liturgia\/il-volontariato-nella-chiesa-cattolica-al-tempo-del-covid\/"]}]},{"@type":"ImageObject","inLanguage":"it-IT","@id":"https:\/\/blog.holyart.it\/it\/accessori-liturgia\/il-volontariato-nella-chiesa-cattolica-al-tempo-del-covid\/#primaryimage","url":"https:\/\/blog.holyart.it\/it\/wp-content\/uploads\/sites\/17\/2020\/06\/volontariato-della-chiesa-cattolica-covid.jpg","contentUrl":"https:\/\/blog.holyart.it\/it\/wp-content\/uploads\/sites\/17\/2020\/06\/volontariato-della-chiesa-cattolica-covid.jpg","width":1000,"height":666,"caption":"raga scusate ma ha senso scrivere questa frase \"Le trovate nel nostro store on line e con una spesa pari o superiore a\u00a0 \u20ac 99.00 si potranno ricevere in omaggio 5 pettorine (valore commerciale di \u20ac 24,50) e 15 mascherine chirurgiche del valore commerciale di \u20ac 7,50 e in\u00a0 pi\u00f9 le spese di spedizione saranno gratuite.\" perch\u00e8 l'ho scritta io a Fede ma non so pi\u00f9 cos\u00ec convinta"},{"@type":"BreadcrumbList","@id":"https:\/\/blog.holyart.it\/it\/accessori-liturgia\/il-volontariato-nella-chiesa-cattolica-al-tempo-del-covid\/#breadcrumb","itemListElement":[{"@type":"ListItem","position":1,"name":"Homepage","item":"https:\/\/blog.holyart.it\/it\/"},{"@type":"ListItem","position":2,"name":"Liturgia","item":"https:\/\/blog.holyart.it\/it\/accessori-liturgia\/"},{"@type":"ListItem","position":3,"name":"Il volontariato nella Chiesa Cattolica al tempo del Covid"}]},{"@type":"WebSite","@id":"https:\/\/blog.holyart.it\/it\/#website","url":"https:\/\/blog.holyart.it\/it\/","name":"Holyblog","description":"Il Blog di Holyart.it","publisher":{"@id":"https:\/\/blog.holyart.it\/it\/#organization"},"potentialAction":[{"@type":"SearchAction","target":{"@type":"EntryPoint","urlTemplate":"https:\/\/blog.holyart.it\/it\/?s={search_term_string}"},"query-input":{"@type":"PropertyValueSpecification","valueRequired":true,"valueName":"search_term_string"}}],"inLanguage":"it-IT"},{"@type":"Organization","@id":"https:\/\/blog.holyart.it\/it\/#organization","name":"Holyblog","url":"https:\/\/blog.holyart.it\/it\/","logo":{"@type":"ImageObject","inLanguage":"it-IT","@id":"https:\/\/blog.holyart.it\/it\/#\/schema\/logo\/image\/","url":"https:\/\/blog.holyart.it\/it\/wp-content\/uploads\/sites\/17\/2022\/12\/Holyart_Blog_Logo.jpg","contentUrl":"https:\/\/blog.holyart.it\/it\/wp-content\/uploads\/sites\/17\/2022\/12\/Holyart_Blog_Logo.jpg","width":300,"height":50,"caption":"Holyblog"},"image":{"@id":"https:\/\/blog.holyart.it\/it\/#\/schema\/logo\/image\/"}},{"@type":"Person","@id":"https:\/\/blog.holyart.it\/it\/#\/schema\/person\/0a7b686e5af0f856ec1e390dd0baecda","name":"Redazione"}]}},"_links":{"self":[{"href":"https:\/\/blog.holyart.it\/it\/wp-json\/wp\/v2\/posts\/9822","targetHints":{"allow":["GET"]}}],"collection":[{"href":"https:\/\/blog.holyart.it\/it\/wp-json\/wp\/v2\/posts"}],"about":[{"href":"https:\/\/blog.holyart.it\/it\/wp-json\/wp\/v2\/types\/post"}],"author":[{"embeddable":true,"href":"https:\/\/blog.holyart.it\/it\/wp-json\/wp\/v2\/users\/1"}],"replies":[{"embeddable":true,"href":"https:\/\/blog.holyart.it\/it\/wp-json\/wp\/v2\/comments?post=9822"}],"version-history":[{"count":0,"href":"https:\/\/blog.holyart.it\/it\/wp-json\/wp\/v2\/posts\/9822\/revisions"}],"wp:featuredmedia":[{"embeddable":true,"href":"https:\/\/blog.holyart.it\/it\/wp-json\/wp\/v2\/media\/9831"}],"wp:attachment":[{"href":"https:\/\/blog.holyart.it\/it\/wp-json\/wp\/v2\/media?parent=9822"}],"wp:term":[{"taxonomy":"category","embeddable":true,"href":"https:\/\/blog.holyart.it\/it\/wp-json\/wp\/v2\/categories?post=9822"},{"taxonomy":"post_tag","embeddable":true,"href":"https:\/\/blog.holyart.it\/it\/wp-json\/wp\/v2\/tags?post=9822"}],"curies":[{"name":"wp","href":"https:\/\/api.w.org\/{rel}","templated":true}]}}