{"id":9752,"date":"2020-06-11T14:48:05","date_gmt":"2020-06-11T12:48:05","guid":{"rendered":"https:\/\/blog.holyart.it\/it\/?p=9752"},"modified":"2025-05-15T15:58:09","modified_gmt":"2025-05-15T13:58:09","slug":"corpus-domini-il-significato-e-le-celebrazioni","status":"publish","type":"post","link":"https:\/\/blog.holyart.it\/it\/articoli-religiosi\/corpus-domini-il-significato-e-le-celebrazioni\/","title":{"rendered":"Corpus Domini, il significato e le celebrazioni"},"content":{"rendered":"<h4>La Solennit\u00e0 del Corpus Domini \u00e8 una delle pi\u00f9 sentite a livello popolare. Scopriamo cosa celebra e come viene festeggiata nelle varie zone d&#8217;Italia.<\/h4>\n\n<p>Le ragioni del successo e dell&#8217;importanza devozionale della festa del <strong>Corpus Domini<\/strong> sono facili da comprendere se ci soffermiamo a pensare a cosa essa celebra. Il Corpus Domini, ovvero il <em>Corpo del Signore<\/em>, pi\u00f9 propriamente detta <strong>Solennit\u00e0 del Santissimo Corpo e Sangue di Cristo<\/strong>, ricorda proprio <a href=\"https:\/\/www.holyart.it\/blog\/accessori-liturgia\/lostia-nella-celebrazione-eucaristica\/\"><strong>la<\/strong> <strong>presenza reale di Ges\u00f9 Cristo nell\u2019Eucaristia<\/strong><\/a>. Come ben sappiamo, l&#8217;Eucaristia \u00e8 per i cattolici il momento rituale in cui il pane e il vino offerti dal sacerdote che celebra la messa diventano in tutto e per tutto il Corpo e il Sangue di Cristo, per opera dello Spirito Santo. In questo miracolo, che torna a essere reale a ogni celebrazione, si rinnova il sacrificio di Ges\u00f9, il suo offrirsi interamente agli apostoli nell&#8217;<strong><a href=\"https:\/\/www.holyart.it\/it\/articoli-religiosi\/icone-sacre\/icone-grecia-dipinte-e-serigrafate\/icona-serigrafata-ultima-cena-grecia\">Ultima Cena<\/a><\/strong> e in generale a coloro che lo seguivano.<\/p>\n<p>Dunque possiamo dire che la festa del Corpus Domini celebra la <strong>vicinanza di Ges\u00f9 agli uomini<\/strong>, il momento pi\u00f9 alto e significativo della Sua esperienza umana. Per questo motivo le celebrazioni che accompagnano questa festa hanno spesso un <strong>carattere popolare<\/strong>, e si svolgono con processioni, cortei in costume, sacre rappresentazioni e altri eventi che coinvolgono molte persone riunite.<\/p>\n<p>Il Corpus Domini \u00e8 una delle principali feste dell&#8217;anno liturgico. <a href=\"https:\/\/www.holyart.it\/blog\/accessori-liturgia\/in-occasione-della-pentecoste-prega-maria-che-scioglie-i-nodi\/\"><strong>Si tratta di una<\/strong> <strong>festa mobile<\/strong> <strong>legata alla Pentecoste<\/strong><\/a>. Infatti il Corpus Domini cade il <strong>gioved\u00ec<\/strong> della seconda settimana dopo la Pentecoste, ovvero il gioved\u00ec dopo la solennit\u00e0 della Santissima Trinit\u00e0. Per ragioni legate al calendario festivo, anche se la festa rimane di gioved\u00ec, le celebrazioni vengono spostate alla <strong>domenica successiva.<\/strong><\/p>\n<div class=\"link-article\">\n<p><img loading=\"lazy\" decoding=\"async\" class=\"alignnone wp-image-13372 size-full\" src=\"https:\/\/blog.holyart.it\/it\/wp-content\/uploads\/sites\/17\/2020\/06\/Feste-mobili-1.jpg\" alt=\"Feste-mobili-1\" width=\"150\" height=\"99\" data-kale-share-title=\"Corpus Domini, il significato e le celebrazioni\" data-kale-share-url=\"https:\/\/blog.holyart.it\/it\/?p=9752\" \/><\/p>\n<div class=\"leggi-anche\">Leggi anche:<\/div>\n<p><strong><a href=\"https:\/\/www.holyart.it\/blog\/articoli-religiosi\/le-feste-mobili-feste-religiose-feste-civili-italia-allestero\/\">Le feste mobili. Feste religiose e feste civili in italia (e all\u2019estero)<\/a><\/strong><br \/>\nLe feste mobili sono quelle feste religiose che, come la Pasqua, variano la loro data da un anno all\u2019altro, l&#8217;elenco completo dei giorni festivi&#8230;<\/p>\n<\/div>\n<h2>Quando \u00e8 stata istituita questa festa?<\/h2>\n<p>Dobbiamo tornare a Liegi, in Belgio, nel XIII secolo. Qui la mistica <strong>Giuliana di Ret\u00ecne<\/strong>, priora nel Monastero di Monte Cornelio, ebbe una visione profetica: la luna, piena e candida, mostrava un&#8217;ombra scura da un lato. La donna interpret\u00f2 quella visione come un segnale che alla chiesa mancasse qualcosa, e nella fattispecie una festa dedicata al Santissimo Sacramento. Sostenuta dal suo direttore spirituale, il canonico Giovanni di Lausanne, sottopose al vescovo la proposta di istituire una festa che celebrasse il <strong><a href=\"https:\/\/www.holyart.it\/it\/articoli-religiosi\/crocefissi\/crocifissi-in-legno\/corpo-di-cristo-in-legno-naturale\">Corpo di Cristo<\/a><\/strong> al di fuori della <strong><a href=\"https:\/\/www.holyart.it\/it\/occasioni-speciali\/pasqua-e-quaresima\">Pasqua<\/a><\/strong>.<\/p>\n<p>La proposta venne esaminata da diversi teologi e nel <strong>1246 <\/strong>la festa venne fissata da <strong>Papa Urbano IV<\/strong> per il gioved\u00ec dopo la solennit\u00e0 della Santissima Trinit\u00e0, con la bolla <em>Transiturus<\/em>.\u00a0A convincere il Pontefice della necessita di istituire questa festa fu, oltre alla proposta di Giuliana de Retine, il <strong>miracolo eucaristico di Bolsena<\/strong>. Nel 1245 Pietro da Praga, un sacerdote boemo di ritorno da un pellegrinaggio Roma, si ferm\u00f2 presso la <strong>chiesa di Santa Cristina a Bolsena<\/strong> per celebrare la messa. Mentre spezzava l\u2019Ostia consacrata fu colto dal dubbio dell&#8217;effettiva presenza di Cristo in quel pane santo. Ma nel momento in cui questo dubbio lo sfiorava, dall&#8217;Ostia stillarono alcune gocce di sangue che caddero sul suo corporale di lino e sulle pietre dell\u2019altare. In seguito il Papa mand\u00f2 il vescovo di Orvieto a verificare l&#8217;accaduto e recuperare il corporale e le pietre, che vennero deposte nel sacrario della cattedrale di Santa Maria e Orvieto, e successivamente nel Duomo, costruito appositamente per ospitarle.<\/p>\n<div class=\"link-product\">\n<div class=\"blocco-immagine\"><img loading=\"lazy\" decoding=\"async\" class=\"alignnone size-thumbnail wp-image-9762\" src=\"https:\/\/blog.holyart.it\/it\/wp-content\/uploads\/sites\/17\/2020\/06\/ostie-150x150.jpg\" alt=\"\" width=\"100\" height=\"100\" data-kale-share-title=\"Corpus Domini, il significato e le celebrazioni\" data-kale-share-url=\"https:\/\/blog.holyart.it\/it\/?p=9752\" \/><\/div>\n<div class=\"blocco-contenuto\">\n<div class=\"blocco-acquista\">Acquista su Holyart:<\/div>\n<div class=\"blocco-titolo\"><a href=\"https:\/\/www.holyart.it\/it\/prodotti-consumabili\/particole-ostie-per-la-messa\">Ostie e Particole per la Messa<\/a><\/div>\n<div class=\"blocco-descrizione\">Su Holyart oltre 40 modelli di Ostie e Particole diverse<\/div>\n<\/div>\n<\/div>\n<h2>Il significato del Corpus Domini<\/h2>\n<p>La caratteristica fondamentale della festa del Corpus Domini \u00e8 ovviamente <strong>l\u2019adorazione eucaristica<\/strong>. L&#8217;Eucarestia viene esposta perch\u00e9 tutti possano dare prova della propria fede e venerazione verso il Corpo di Cristo. Ges\u00f9 ha offerto la Sua carne e il Suo sangue come nutrimento per tutti gli uomini, come strumento di salvezza e promessa di eternit\u00e0. In occasione del Corpus Domini le ostie consacrate vengono poste dentro l&#8217;<a href=\"https:\/\/www.holyart.it\/it\/accessori-per-la-liturgia\/ostensori-teche-reliquiari-tronetti\/ostensori-teche-reliquiari-metallo\"><strong>ostensorio<\/strong><\/a>, l&#8217;arredo sacro utilizzato proprio per contenere l&#8217;ostia durante l&#8217;adorazione eucaristica. Il sacerdote usa l&#8217;ostensorio stesso per benedire i fedeli. L&#8217;adorazione eucaristica pu\u00f2 essere accompagnata o meno da una solenne <strong>processione<\/strong>, come vedremo che avviene in molte citt\u00e0 italiane. Queste processioni simboleggiano\u00a0Ges\u00f9 che cammina tra gli uomini, attraverso le loro le strade, a sottolineare come il Suo Sangue e la Sua carne ci rendano ancora pi\u00f9 vicini a Lui, e Lui a noi.<\/p>\n<div class=\"link-product\">\n<div class=\"blocco-immagine\"><img loading=\"lazy\" decoding=\"async\" class=\"alignnone size-thumbnail wp-image-9757\" src=\"https:\/\/blog.holyart.it\/it\/wp-content\/uploads\/sites\/17\/2020\/06\/ostensorio-raggiera-e-croci-150x150.jpg\" alt=\"ostensorio raggiera e croci\" width=\"100\" height=\"100\" data-kale-share-title=\"Corpus Domini, il significato e le celebrazioni\" data-kale-share-url=\"https:\/\/blog.holyart.it\/it\/?p=9752\" \/><\/div>\n<div class=\"blocco-contenuto\">\n<div class=\"blocco-acquista\">Acquista su Holyart:<\/div>\n<div class=\"blocco-titolo\"><a href=\"https:\/\/www.holyart.it\/it\/accessori-per-la-liturgia\/ostensori-teche-reliquiari-tronetti\/ostensori-teche-reliquiari-metallo\/ostensorio-raggiera-e-croci\">Ostensorio con raggiera e croci <\/a><\/div>\n<div class=\"blocco-descrizione\">Ostensorio in bronzo argentato e dorato.<\/div>\n<\/div>\n<\/div>\n<h2>Come si celebra il Corpus Domini nelle varie zone d&#8217;Italia<\/h2>\n<p>Dietro ordine di Papa Urbano IV il teologo domenicano <strong>Tommaso d\u2019Aquino<\/strong> fu il primo a comporre l\u2019officio della solennit\u00e0 e della <em>Messa del Corpus et Sanguis Domini<\/em>. San Tommaso viveva nel convento di San Domenico a Orvieto e si racconta che il Crocifisso di legno che ancora oggi vi \u00e8 conservato si fosse rivolto direttamente al teologo per mostrare la propria approvazione per il lavoro da lui svolto. Secondo la tradizione il Crocifisso disse a Tommaso: &#8220;Bene scripsisti, Thoma, de me quam ergo mercedem accipies?&#8221; (<em>Tu hai parlato bene di me, Tommaso. Quale sar\u00e0 la tua ricompensa?<\/em>) E Tommaso rispose: &#8220;Non aliam nisi te, Domine!&#8221; (<em>Nient\u2019altro che Te, Signore!<\/em>).<\/p>\n<p>Anche l\u2019<strong>inno<\/strong> cantato durante la processione del Corpus Domini e nei Vespri, il <em>Pange lingua<\/em>, l&#8217;inno eucaristico per eccellenza della Chiesa cattolica, \u00e8 stato scritto e pensato da Tommaso d\u2019Aquino. Riportiamo solo la prima strofa:<\/p>\n<p><em>Canta, o lingua,<\/em><br \/>\n<em>il mistero del Corpo glorioso<\/em><br \/>\n<em>e del Sangue prezioso<\/em><br \/>\n<em>che il Re delle nazioni,<\/em><br \/>\n<em>frutto di un grembo generoso,<\/em><br \/>\n<em>sparse per il riscatto del mondo.<\/em><\/p>\n<p>Come abbiamo gi\u00e0 scritto, durante la solennit\u00e0 del Corpus Domini un&#8217;ostia consacrata viene esposta alla pubblica adorazione all&#8217;interno di un ostensorio, ed eventualmente portata in processione. Ogni citt\u00e0 ha poi le sue usanze per festeggiare questa ricorrenza cos\u00ec preziosa.<\/p>\n<p style=\"text-align: center;\"><iframe loading=\"lazy\" src=\"https:\/\/www.youtube.com\/embed\/OkrChSq-EAM\" width=\"800\" height=\"450\" frameborder=\"0\" allowfullscreen=\"allowfullscreen\"><\/iframe><\/p>\n<h2>I misteri di Campobasso<\/h2>\n<p>A Campobasso, la festivit\u00e0 del Corpus Domini \u00e8 associata ai <strong>Misteri<\/strong>. Si tratta di spettacolari <strong>Sacre Rappresentazioni<\/strong> in movimento, tra le pi\u00f9 solenni e maestose d&#8217;Italia, alla quale tutti gli abitanti della citt\u00e0 e moltissimi maestri artigiani e artisti partecipano. \u00c8 una forma di devozione popolare fortemente intrisa di folclore che viene allestita da centinaia di anni e non manca di richiamare migliaia di fedeli e visitatori ogni anno.<\/p>\n<p>Sin dal XVI secolo Campobasso era conosciuta per le Sacre Rappresentazioni, e dal secolo successivo le <a href=\"https:\/\/www.holyart.it\/it\/articoli-religiosi\/medaglioni-per-confraternite\"><strong>confraternite<\/strong><\/a> laiche implementarono il loro allestimento, soprattutto in concomitanza con la festa del Corpus Domini. A met\u00e0 del XVIII secolo lo scultore locale <strong>Paolo Saverio Di Zinno<\/strong> inizi\u00f2 a progettare per conto delle confraternite delle vere e proprie <strong>macchine per le rappresentazioni<\/strong>, alla realizzazione delle quali presero parte molti esperti fabbri ferrai. Queste macchine, portate a spalla da dei portatori, erano animate da vari figuranti in costume che mettevano in scena varie rappresentazioni religiose, dal Corpo di Cristo, raffigurato da un grande calice, il cosiddetto <em>Calicione<\/em>, alla Santissima Trinit\u00e0, a Santa Maria della Croce, alla Madonna del Rosario. Ci sono poi Misteri dedicati ai vari santi, Santo Stefano, San Lorenzo, Sant&#8217;Isidoro, San Crispino, San Gennaro e cos\u00ec via. Agli antichi Misteri, che erano dodici, se ne \u00e8 aggiunto un tredicesimo in tempi pi\u00f9 recenti (1959): il Santissimo Cuore di Ges\u00f9.<\/p>\n<p>La <strong>processione dei Misteri<\/strong> \u00e8 oggi organizzata da un&#8217;apposita associazione patrocinata dal Comune. Il giorno del Corpus Domini l&#8217;arcivescovo celebra la messa nel cortile dell&#8217;Associazione dei Misteri, alla presenza delle autorit\u00e0 cittadine, dei volontari, dei figuranti e dei portatori. Poi le imponenti strutture vengono messe in moto, i figuranti prendono posto, i portatori se le caricano sulle spalle e la processione si avvia per la gioia della folla festante.<\/p>\n<p><img loading=\"lazy\" decoding=\"async\" class=\"aligncenter size-full wp-image-9797\" src=\"https:\/\/blog.holyart.it\/it\/wp-content\/uploads\/sites\/17\/2020\/06\/corpus-domini-misteri-di-campobasso-1.jpg\" alt=\"corpus domini misteri di campobasso\" width=\"800\" height=\"535\" data-kale-share-title=\"Corpus Domini, il significato e le celebrazioni\" data-kale-share-url=\"https:\/\/blog.holyart.it\/it\/accessori-liturgia\/corpus-domini-il-significato-e-le-celebrazioni\/\" \/><\/p>\n<h2>Il Corpus Domini di Orvieto<\/h2>\n<p>La Festa del Corpus Domini di Orvieto \u00e8 invece caratterizzata dal <strong>Corteo delle Dame<\/strong>, una rievocazione storica che ha luogo il giorno precedente la festivit\u00e0 e che ripropone scene di vita medievale accompagnate da spettacoli di falconeria e sbandieratori.<\/p>\n<p>Il giorno della festa vera e propria il corteo storico si fonde con la processione religiosa dando vita alla <strong>Processione Storica e Religiosa del Corpus Domini<\/strong>, una delle \u00a0pi\u00f9 belle d&#8217;Italia, con oltre 400 figuranti in armature e costumi preziosissimi realizzati da sarte e maestri d&#8217;armi orvietani.<\/p>\n<p><img loading=\"lazy\" decoding=\"async\" class=\"aligncenter size-full wp-image-9780\" src=\"https:\/\/blog.holyart.it\/it\/wp-content\/uploads\/sites\/17\/2020\/06\/corpus-domini-orvieto-corteo-delle-dame.jpg\" alt=\"corpus domini orvieto corteo delle dame\" width=\"676\" height=\"504\" data-kale-share-title=\"Corpus Domini, il significato e le celebrazioni\" data-kale-share-url=\"https:\/\/blog.holyart.it\/it\/?p=9752\" \/><\/p>\n<h2>Le infiorate di Spello<\/h2>\n<p>Durante il trasporto delle reliquie di Pietro da Praga da Bolsena a Orvieto, si racconta che gli abitanti dei paesi in cui passava la processione gettassero <strong>petali di fiori<\/strong> sulle strade in segno di omaggio al Corpus Domini. Da qui nascerebbero le <strong>Infiorate del Corpus Domini.<br \/>\n<\/strong>A Spello in Umbria per esempio la festivit\u00e0 del Corpus Domini viene celebrata con le infiorate. Tutto il centro storico viene rivestito da <strong>tappeti e quadri floreali<\/strong> che fanno da scenario al passaggio dell&#8217;ostensorio portato dal Vescovo e contenente il Corpo di Cristo lungo un percorso di circa 1,5 km.<\/p>\n<p>L&#8217;infiorata di Spello \u00e8 testimoniata fin dal 1602, ma col passare dei secoli, anzich\u00e9 limitarsi a cospargere il tragitto della processione di fiori, sono nati veri e propri gruppi di <em>infioratori<\/em> che impiegano anche un anno intero per realizzare i loro tappeti floreali, costruiti secondo schemi geometrici e con la parte centrale che rappresenta figure e simboli legati al Corpus Domini o altri soggetti religiosi. Oggi i tappeti floreali sono veri e propri quadri colorati che raffigurano temi religioso-sociali realizzati con petali e corolle, e sono conosciuti in tutto il mondo.<\/p>\n<p><img loading=\"lazy\" decoding=\"async\" class=\"aligncenter size-full wp-image-9778\" src=\"https:\/\/blog.holyart.it\/it\/wp-content\/uploads\/sites\/17\/2020\/06\/infiorate-di-spello-.jpg\" alt=\"infiorate di spello corpus domini\" width=\"960\" height=\"511\" data-kale-share-title=\"Corpus Domini, il significato e le celebrazioni\" data-kale-share-url=\"https:\/\/blog.holyart.it\/it\/?p=9752\" \/><\/p>\n","protected":false},"excerpt":{"rendered":"<p>La Solennit\u00e0 del Corpus Domini \u00e8 una delle pi\u00f9 sentite a livello popolare. Scopriamo cosa celebra e come viene festeggiata nelle varie zone d&#8217;Italia. Le ragioni del successo e dell&#8217;importanza devozionale della festa del Corpus Domini sono facili da comprendere se ci soffermiamo a pensare&hellip;<\/p>\n","protected":false},"author":1,"featured_media":9791,"comment_status":"closed","ping_status":"open","sticky":false,"template":"","format":"standard","meta":{"_acf_changed":false,"footnotes":""},"categories":[14,16],"tags":[],"class_list":["post-9752","post","type-post","status-publish","format-standard","has-post-thumbnail","hentry","category-accessori-liturgia","category-articoli-religiosi"],"acf":[],"yoast_head":"<!-- This site is optimized with the Yoast SEO plugin v26.6 - https:\/\/yoast.com\/wordpress\/plugins\/seo\/ -->\n<title>Corpus Domini, il significato e le celebrazioni - Holyblog<\/title>\n<meta name=\"description\" content=\"La Solennit\u00e0 del Corpus Domini \u00e8 una delle pi\u00f9 sentite a livello popolare. Scopriamo cosa celebra e come viene festeggiata nelle varie zone d&#039;Italia.\" \/>\n<meta name=\"robots\" content=\"index, follow, max-snippet:-1, max-image-preview:large, max-video-preview:-1\" \/>\n<link rel=\"canonical\" href=\"https:\/\/blog.holyart.it\/it\/articoli-religiosi\/corpus-domini-il-significato-e-le-celebrazioni\/\" \/>\n<meta property=\"og:locale\" content=\"it_IT\" \/>\n<meta property=\"og:type\" content=\"article\" \/>\n<meta property=\"og:title\" content=\"Corpus Domini, il significato e le celebrazioni - Holyblog\" \/>\n<meta property=\"og:description\" content=\"La Solennit\u00e0 del Corpus Domini \u00e8 una delle pi\u00f9 sentite a livello popolare. Scopriamo cosa celebra e come viene festeggiata nelle varie zone d&#039;Italia.\" \/>\n<meta property=\"og:url\" content=\"https:\/\/blog.holyart.it\/it\/articoli-religiosi\/corpus-domini-il-significato-e-le-celebrazioni\/\" \/>\n<meta property=\"og:site_name\" content=\"Holyblog\" \/>\n<meta property=\"article:published_time\" content=\"2020-06-11T12:48:05+00:00\" \/>\n<meta property=\"article:modified_time\" content=\"2025-05-15T13:58:09+00:00\" \/>\n<meta property=\"og:image\" content=\"https:\/\/blog.holyart.it\/it\/wp-content\/uploads\/sites\/17\/2020\/06\/corpus-domini.jpg\" \/>\n\t<meta property=\"og:image:width\" content=\"1000\" \/>\n\t<meta property=\"og:image:height\" content=\"666\" \/>\n\t<meta property=\"og:image:type\" content=\"image\/jpeg\" \/>\n<meta name=\"author\" content=\"Redazione\" \/>\n<meta name=\"twitter:card\" content=\"summary_large_image\" \/>\n<meta name=\"twitter:label1\" content=\"Scritto da\" \/>\n\t<meta name=\"twitter:data1\" content=\"Redazione\" \/>\n\t<meta name=\"twitter:label2\" content=\"Tempo di lettura stimato\" \/>\n\t<meta name=\"twitter:data2\" content=\"10 minuti\" \/>\n<script type=\"application\/ld+json\" class=\"yoast-schema-graph\">{\"@context\":\"https:\/\/schema.org\",\"@graph\":[{\"@type\":\"Article\",\"@id\":\"https:\/\/blog.holyart.it\/it\/articoli-religiosi\/corpus-domini-il-significato-e-le-celebrazioni\/#article\",\"isPartOf\":{\"@id\":\"https:\/\/blog.holyart.it\/it\/articoli-religiosi\/corpus-domini-il-significato-e-le-celebrazioni\/\"},\"author\":{\"name\":\"Redazione\",\"@id\":\"https:\/\/blog.holyart.it\/it\/#\/schema\/person\/0a7b686e5af0f856ec1e390dd0baecda\"},\"headline\":\"Corpus Domini, il significato e le celebrazioni\",\"datePublished\":\"2020-06-11T12:48:05+00:00\",\"dateModified\":\"2025-05-15T13:58:09+00:00\",\"mainEntityOfPage\":{\"@id\":\"https:\/\/blog.holyart.it\/it\/articoli-religiosi\/corpus-domini-il-significato-e-le-celebrazioni\/\"},\"wordCount\":1547,\"publisher\":{\"@id\":\"https:\/\/blog.holyart.it\/it\/#organization\"},\"image\":{\"@id\":\"https:\/\/blog.holyart.it\/it\/articoli-religiosi\/corpus-domini-il-significato-e-le-celebrazioni\/#primaryimage\"},\"thumbnailUrl\":\"https:\/\/blog.holyart.it\/it\/wp-content\/uploads\/sites\/17\/2020\/06\/corpus-domini.jpg\",\"articleSection\":[\"Liturgia\",\"Religione\"],\"inLanguage\":\"it-IT\"},{\"@type\":\"WebPage\",\"@id\":\"https:\/\/blog.holyart.it\/it\/articoli-religiosi\/corpus-domini-il-significato-e-le-celebrazioni\/\",\"url\":\"https:\/\/blog.holyart.it\/it\/articoli-religiosi\/corpus-domini-il-significato-e-le-celebrazioni\/\",\"name\":\"Corpus Domini, il significato e le celebrazioni - Holyblog\",\"isPartOf\":{\"@id\":\"https:\/\/blog.holyart.it\/it\/#website\"},\"primaryImageOfPage\":{\"@id\":\"https:\/\/blog.holyart.it\/it\/articoli-religiosi\/corpus-domini-il-significato-e-le-celebrazioni\/#primaryimage\"},\"image\":{\"@id\":\"https:\/\/blog.holyart.it\/it\/articoli-religiosi\/corpus-domini-il-significato-e-le-celebrazioni\/#primaryimage\"},\"thumbnailUrl\":\"https:\/\/blog.holyart.it\/it\/wp-content\/uploads\/sites\/17\/2020\/06\/corpus-domini.jpg\",\"datePublished\":\"2020-06-11T12:48:05+00:00\",\"dateModified\":\"2025-05-15T13:58:09+00:00\",\"description\":\"La Solennit\u00e0 del Corpus Domini \u00e8 una delle pi\u00f9 sentite a livello popolare. Scopriamo cosa celebra e come viene festeggiata nelle varie zone d'Italia.\",\"breadcrumb\":{\"@id\":\"https:\/\/blog.holyart.it\/it\/articoli-religiosi\/corpus-domini-il-significato-e-le-celebrazioni\/#breadcrumb\"},\"inLanguage\":\"it-IT\",\"potentialAction\":[{\"@type\":\"ReadAction\",\"target\":[\"https:\/\/blog.holyart.it\/it\/articoli-religiosi\/corpus-domini-il-significato-e-le-celebrazioni\/\"]}]},{\"@type\":\"ImageObject\",\"inLanguage\":\"it-IT\",\"@id\":\"https:\/\/blog.holyart.it\/it\/articoli-religiosi\/corpus-domini-il-significato-e-le-celebrazioni\/#primaryimage\",\"url\":\"https:\/\/blog.holyart.it\/it\/wp-content\/uploads\/sites\/17\/2020\/06\/corpus-domini.jpg\",\"contentUrl\":\"https:\/\/blog.holyart.it\/it\/wp-content\/uploads\/sites\/17\/2020\/06\/corpus-domini.jpg\",\"width\":1000,\"height\":666,\"caption\":\"corpus domini\"},{\"@type\":\"BreadcrumbList\",\"@id\":\"https:\/\/blog.holyart.it\/it\/articoli-religiosi\/corpus-domini-il-significato-e-le-celebrazioni\/#breadcrumb\",\"itemListElement\":[{\"@type\":\"ListItem\",\"position\":1,\"name\":\"Homepage\",\"item\":\"https:\/\/blog.holyart.it\/it\/\"},{\"@type\":\"ListItem\",\"position\":2,\"name\":\"Religione\",\"item\":\"https:\/\/blog.holyart.it\/it\/articoli-religiosi\/\"},{\"@type\":\"ListItem\",\"position\":3,\"name\":\"Corpus Domini, il significato e le celebrazioni\"}]},{\"@type\":\"WebSite\",\"@id\":\"https:\/\/blog.holyart.it\/it\/#website\",\"url\":\"https:\/\/blog.holyart.it\/it\/\",\"name\":\"Holyblog\",\"description\":\"Il Blog di Holyart.it\",\"publisher\":{\"@id\":\"https:\/\/blog.holyart.it\/it\/#organization\"},\"potentialAction\":[{\"@type\":\"SearchAction\",\"target\":{\"@type\":\"EntryPoint\",\"urlTemplate\":\"https:\/\/blog.holyart.it\/it\/?s={search_term_string}\"},\"query-input\":{\"@type\":\"PropertyValueSpecification\",\"valueRequired\":true,\"valueName\":\"search_term_string\"}}],\"inLanguage\":\"it-IT\"},{\"@type\":\"Organization\",\"@id\":\"https:\/\/blog.holyart.it\/it\/#organization\",\"name\":\"Holyblog\",\"url\":\"https:\/\/blog.holyart.it\/it\/\",\"logo\":{\"@type\":\"ImageObject\",\"inLanguage\":\"it-IT\",\"@id\":\"https:\/\/blog.holyart.it\/it\/#\/schema\/logo\/image\/\",\"url\":\"https:\/\/blog.holyart.it\/it\/wp-content\/uploads\/sites\/17\/2022\/12\/Holyart_Blog_Logo.jpg\",\"contentUrl\":\"https:\/\/blog.holyart.it\/it\/wp-content\/uploads\/sites\/17\/2022\/12\/Holyart_Blog_Logo.jpg\",\"width\":300,\"height\":50,\"caption\":\"Holyblog\"},\"image\":{\"@id\":\"https:\/\/blog.holyart.it\/it\/#\/schema\/logo\/image\/\"}},{\"@type\":\"Person\",\"@id\":\"https:\/\/blog.holyart.it\/it\/#\/schema\/person\/0a7b686e5af0f856ec1e390dd0baecda\",\"name\":\"Redazione\"}]}<\/script>\n<!-- \/ Yoast SEO plugin. -->","yoast_head_json":{"title":"Corpus Domini, il significato e le celebrazioni - Holyblog","description":"La Solennit\u00e0 del Corpus Domini \u00e8 una delle pi\u00f9 sentite a livello popolare. Scopriamo cosa celebra e come viene festeggiata nelle varie zone d'Italia.","robots":{"index":"index","follow":"follow","max-snippet":"max-snippet:-1","max-image-preview":"max-image-preview:large","max-video-preview":"max-video-preview:-1"},"canonical":"https:\/\/blog.holyart.it\/it\/articoli-religiosi\/corpus-domini-il-significato-e-le-celebrazioni\/","og_locale":"it_IT","og_type":"article","og_title":"Corpus Domini, il significato e le celebrazioni - Holyblog","og_description":"La Solennit\u00e0 del Corpus Domini \u00e8 una delle pi\u00f9 sentite a livello popolare. Scopriamo cosa celebra e come viene festeggiata nelle varie zone d'Italia.","og_url":"https:\/\/blog.holyart.it\/it\/articoli-religiosi\/corpus-domini-il-significato-e-le-celebrazioni\/","og_site_name":"Holyblog","article_published_time":"2020-06-11T12:48:05+00:00","article_modified_time":"2025-05-15T13:58:09+00:00","og_image":[{"width":1000,"height":666,"url":"https:\/\/blog.holyart.it\/it\/wp-content\/uploads\/sites\/17\/2020\/06\/corpus-domini.jpg","type":"image\/jpeg"}],"author":"Redazione","twitter_card":"summary_large_image","twitter_misc":{"Scritto da":"Redazione","Tempo di lettura stimato":"10 minuti"},"schema":{"@context":"https:\/\/schema.org","@graph":[{"@type":"Article","@id":"https:\/\/blog.holyart.it\/it\/articoli-religiosi\/corpus-domini-il-significato-e-le-celebrazioni\/#article","isPartOf":{"@id":"https:\/\/blog.holyart.it\/it\/articoli-religiosi\/corpus-domini-il-significato-e-le-celebrazioni\/"},"author":{"name":"Redazione","@id":"https:\/\/blog.holyart.it\/it\/#\/schema\/person\/0a7b686e5af0f856ec1e390dd0baecda"},"headline":"Corpus Domini, il significato e le celebrazioni","datePublished":"2020-06-11T12:48:05+00:00","dateModified":"2025-05-15T13:58:09+00:00","mainEntityOfPage":{"@id":"https:\/\/blog.holyart.it\/it\/articoli-religiosi\/corpus-domini-il-significato-e-le-celebrazioni\/"},"wordCount":1547,"publisher":{"@id":"https:\/\/blog.holyart.it\/it\/#organization"},"image":{"@id":"https:\/\/blog.holyart.it\/it\/articoli-religiosi\/corpus-domini-il-significato-e-le-celebrazioni\/#primaryimage"},"thumbnailUrl":"https:\/\/blog.holyart.it\/it\/wp-content\/uploads\/sites\/17\/2020\/06\/corpus-domini.jpg","articleSection":["Liturgia","Religione"],"inLanguage":"it-IT"},{"@type":"WebPage","@id":"https:\/\/blog.holyart.it\/it\/articoli-religiosi\/corpus-domini-il-significato-e-le-celebrazioni\/","url":"https:\/\/blog.holyart.it\/it\/articoli-religiosi\/corpus-domini-il-significato-e-le-celebrazioni\/","name":"Corpus Domini, il significato e le celebrazioni - Holyblog","isPartOf":{"@id":"https:\/\/blog.holyart.it\/it\/#website"},"primaryImageOfPage":{"@id":"https:\/\/blog.holyart.it\/it\/articoli-religiosi\/corpus-domini-il-significato-e-le-celebrazioni\/#primaryimage"},"image":{"@id":"https:\/\/blog.holyart.it\/it\/articoli-religiosi\/corpus-domini-il-significato-e-le-celebrazioni\/#primaryimage"},"thumbnailUrl":"https:\/\/blog.holyart.it\/it\/wp-content\/uploads\/sites\/17\/2020\/06\/corpus-domini.jpg","datePublished":"2020-06-11T12:48:05+00:00","dateModified":"2025-05-15T13:58:09+00:00","description":"La Solennit\u00e0 del Corpus Domini \u00e8 una delle pi\u00f9 sentite a livello popolare. Scopriamo cosa celebra e come viene festeggiata nelle varie zone d'Italia.","breadcrumb":{"@id":"https:\/\/blog.holyart.it\/it\/articoli-religiosi\/corpus-domini-il-significato-e-le-celebrazioni\/#breadcrumb"},"inLanguage":"it-IT","potentialAction":[{"@type":"ReadAction","target":["https:\/\/blog.holyart.it\/it\/articoli-religiosi\/corpus-domini-il-significato-e-le-celebrazioni\/"]}]},{"@type":"ImageObject","inLanguage":"it-IT","@id":"https:\/\/blog.holyart.it\/it\/articoli-religiosi\/corpus-domini-il-significato-e-le-celebrazioni\/#primaryimage","url":"https:\/\/blog.holyart.it\/it\/wp-content\/uploads\/sites\/17\/2020\/06\/corpus-domini.jpg","contentUrl":"https:\/\/blog.holyart.it\/it\/wp-content\/uploads\/sites\/17\/2020\/06\/corpus-domini.jpg","width":1000,"height":666,"caption":"corpus domini"},{"@type":"BreadcrumbList","@id":"https:\/\/blog.holyart.it\/it\/articoli-religiosi\/corpus-domini-il-significato-e-le-celebrazioni\/#breadcrumb","itemListElement":[{"@type":"ListItem","position":1,"name":"Homepage","item":"https:\/\/blog.holyart.it\/it\/"},{"@type":"ListItem","position":2,"name":"Religione","item":"https:\/\/blog.holyart.it\/it\/articoli-religiosi\/"},{"@type":"ListItem","position":3,"name":"Corpus Domini, il significato e le celebrazioni"}]},{"@type":"WebSite","@id":"https:\/\/blog.holyart.it\/it\/#website","url":"https:\/\/blog.holyart.it\/it\/","name":"Holyblog","description":"Il Blog di Holyart.it","publisher":{"@id":"https:\/\/blog.holyart.it\/it\/#organization"},"potentialAction":[{"@type":"SearchAction","target":{"@type":"EntryPoint","urlTemplate":"https:\/\/blog.holyart.it\/it\/?s={search_term_string}"},"query-input":{"@type":"PropertyValueSpecification","valueRequired":true,"valueName":"search_term_string"}}],"inLanguage":"it-IT"},{"@type":"Organization","@id":"https:\/\/blog.holyart.it\/it\/#organization","name":"Holyblog","url":"https:\/\/blog.holyart.it\/it\/","logo":{"@type":"ImageObject","inLanguage":"it-IT","@id":"https:\/\/blog.holyart.it\/it\/#\/schema\/logo\/image\/","url":"https:\/\/blog.holyart.it\/it\/wp-content\/uploads\/sites\/17\/2022\/12\/Holyart_Blog_Logo.jpg","contentUrl":"https:\/\/blog.holyart.it\/it\/wp-content\/uploads\/sites\/17\/2022\/12\/Holyart_Blog_Logo.jpg","width":300,"height":50,"caption":"Holyblog"},"image":{"@id":"https:\/\/blog.holyart.it\/it\/#\/schema\/logo\/image\/"}},{"@type":"Person","@id":"https:\/\/blog.holyart.it\/it\/#\/schema\/person\/0a7b686e5af0f856ec1e390dd0baecda","name":"Redazione"}]}},"_links":{"self":[{"href":"https:\/\/blog.holyart.it\/it\/wp-json\/wp\/v2\/posts\/9752","targetHints":{"allow":["GET"]}}],"collection":[{"href":"https:\/\/blog.holyart.it\/it\/wp-json\/wp\/v2\/posts"}],"about":[{"href":"https:\/\/blog.holyart.it\/it\/wp-json\/wp\/v2\/types\/post"}],"author":[{"embeddable":true,"href":"https:\/\/blog.holyart.it\/it\/wp-json\/wp\/v2\/users\/1"}],"replies":[{"embeddable":true,"href":"https:\/\/blog.holyart.it\/it\/wp-json\/wp\/v2\/comments?post=9752"}],"version-history":[{"count":1,"href":"https:\/\/blog.holyart.it\/it\/wp-json\/wp\/v2\/posts\/9752\/revisions"}],"predecessor-version":[{"id":21953,"href":"https:\/\/blog.holyart.it\/it\/wp-json\/wp\/v2\/posts\/9752\/revisions\/21953"}],"wp:featuredmedia":[{"embeddable":true,"href":"https:\/\/blog.holyart.it\/it\/wp-json\/wp\/v2\/media\/9791"}],"wp:attachment":[{"href":"https:\/\/blog.holyart.it\/it\/wp-json\/wp\/v2\/media?parent=9752"}],"wp:term":[{"taxonomy":"category","embeddable":true,"href":"https:\/\/blog.holyart.it\/it\/wp-json\/wp\/v2\/categories?post=9752"},{"taxonomy":"post_tag","embeddable":true,"href":"https:\/\/blog.holyart.it\/it\/wp-json\/wp\/v2\/tags?post=9752"}],"curies":[{"name":"wp","href":"https:\/\/api.w.org\/{rel}","templated":true}]}}