{"id":9697,"date":"2020-06-08T17:21:00","date_gmt":"2020-06-08T15:21:00","guid":{"rendered":"https:\/\/blog.holyart.it\/it\/?p=9697"},"modified":"2023-05-24T14:09:09","modified_gmt":"2023-05-24T12:09:09","slug":"santantonio-da-padova-il-santo-dei-miracoli","status":"publish","type":"post","link":"https:\/\/blog.holyart.it\/it\/santi-e-beati\/santantonio-da-padova-il-santo-dei-miracoli\/","title":{"rendered":"Sant&#8217;Antonio da Padova: il Santo dei miracoli"},"content":{"rendered":"<h4>Sant&#8217;Antonio da Padova fu gi\u00e0 tra i suoi contemporanei maestro di sapienza cristiana e autore di opere immortali. Incaricato dell&#8217;insegnamento della teologia da San Francesco d&#8217;Assisi in persona \u00e8 uno dei santi pi\u00f9 amati e venerati dai cattolici.<\/h4>\n\n<p>Se leggiamo <a href=\"https:\/\/www.holyart.it\/blog\/santi-e-beati\/santantonio-da-padova\/\"><strong>la storia di Sant&#8217;Antonio da Padova<\/strong><\/a> ci rendiamo subito conto di alcune somiglianze tra lui e <strong><a href=\"https:\/\/www.holyart.it\/blog\/articoli-religiosi\/il-cantico-delle-creature-di-san-francesco\/\">San Francesco d&#8217;Assisi<\/a><\/strong>, il santo che avr\u00e0 un ruolo cos\u00ec importante nell&#8217;esperienza religiosa e di vita di Antonio stesso.<\/p>\n<p>Nato a <strong>Lisbona<\/strong> nel 1195, egli era il primogenito in una famiglia nobile. Suo padre Martino Alfonso de&#8217; Buglioni era un cavaliere del re che vantava discendenza addirittura da Goffredo di Buglione, leggendario comandante della Prima Crociata. Antonio fu battezzato col nome di <strong>Fernando<\/strong>, ed \u00e8 interessante notare come, una volta presi i voti e mutato il nome, egli ne abbia scelto uno che conserva lo stesso significato etimologico del suo nome di battesimo. Infatti Fernando significa \u201caudace, coraggioso nella pace\u201d, mentre Antonio \u201ccoraggioso, inestimabile che combatte per la pace\u201d.<\/p>\n<div class=\"link-product\">\n<div class=\"blocco-immagine\"><img loading=\"lazy\" decoding=\"async\" class=\"size-full wp-image-15422 alignleft\" src=\"https:\/\/blog.holyart.it\/it\/wp-content\/uploads\/sites\/17\/2020\/06\/quadro-su-tela-pittorica-santantonio-da-padova-25x20-cm.jpg\" alt=\"quadro su tela pittorica santantonio da padova 25x20 cm\" width=\"100\" height=\"100\" data-kale-share-title=\"Sant\u2019Antonio da Padova: il Santo dei miracoli\" data-kale-share-url=\"https:\/\/blog.holyart.it\/it\/santi-e-beati\/santantonio-da-padova-il-santo-dei-miracoli\/\" \/><\/div>\n<div class=\"blocco-contenuto\">\n<div class=\"blocco-acquista\">Acquista su Holyart:<\/div>\n<div class=\"blocco-titolo\"><a href=\"https:\/\/www.holyart.it\/it\/articoli-religiosi\/quadri-stampe-codici-miniati\/quadro-su-tela-pittorica-santantonio-da-padova-25x20-cm\">Quadro su tela pittorica Sant&#8217;Antonio da Padova<\/a><\/div>\n<div class=\"blocco-descrizione\">Quadro su tela pittorica 25&#215;20 cm raffigurante Sant&#8217;Antonio da Padova.<\/div>\n<\/div>\n<\/div>\n<p>Non che Fernando\u00a0fosse un uomo di guerra, anzi. Venne probabilmente iniziato al mestiere delle armi, come tutti i giovani della sua classe sociale, e come loro pot\u00e9 godere dei divertimenti in voga al tempo. Ma fin da ragazzo egli dimostr\u00f2 un\u2019indole diversa, pi\u00f9 portata alla contemplazione e alla preghiera, tanto che, appena quindicenne, volle entrare a far parte dei <strong>Canonici regolari della Santa Croce,<\/strong> gli appartenenti all&#8217;<strong>ordine agostiniano<\/strong> che vivevano dell&#8217;Abbazia di San Vincenzo di Lisbona.<\/p>\n<p>Fernando non rimase a lungo agostiniano. Visse per otto anni nel monastero, dedicandosi soprattutto allo <strong>studio nella grande biblioteca<\/strong> e intraprendendo gli <strong>studi teologici<\/strong>. Soprattutto non volle lasciarsi coinvolgere dai dissidi interni dell&#8217;ordine, causati dalla controversa condotta del priore. Dobbiamo considerare che l&#8217;Europa in cui viveva Fernando era funestata da molti problemi di origine politica e religiosa.<\/p>\n<p>Profondi <strong>mutamenti sociali e culturali<\/strong>, la nascita dei Comuni, lo sviluppo del commercio, la nascita della borghesia stavano trasformando l&#8217;assetto del mondo. La Chiesa stessa viveva profondi cambiamenti ed era sconvolta da un rinnovamento profondo che porter\u00e0 alla costruzione delle cattedrali gotiche, al protrarsi delle Crociate, alle <strong>eresie<\/strong>, a una sempre maggior ingerenza politica e secolare da parte dei Papi, da un lato, e alla nascita di <strong>nuove figure del clero<\/strong> legate a una dimensione pi\u00f9 contemplativa e apostolica, dagli agostiniani, ai domenicani e ai francescani.<\/p>\n<p>Nel 1219 Fernando ebbe l&#8217;occasione di conoscere la storia di cinque francescani, tre sacerdoti e due fratelli laici, inviati da Francesco d&#8217;Assisi come <strong>missionari in Marocco<\/strong>, per convertire i musulmani al cristianesimo. Essi passarono anche per Coimbra, dove Fernando soggiornava, ed ebbero un grande ascendente su di lui.<\/p>\n<p>In particolare, quando i loro corpi decapitati vennero riportati a Coimbra, il giovane sacerdote decise di lasciare l&#8217;ordine agostiniano ed entrare in quello <strong>francescano<\/strong>, nel settembre 1220. Fu allora che cambi\u00f2 il suo nome di battesimo da Fernando ad Antonio, nome del monaco a cui era dedicato il romitorio di Olivais di Coimbra, dimora dei francescani portoghesi. Ai francescani del romitorio si un\u00ec anche lui, chiedendo di poter partire come <strong>missionario in Africa<\/strong>.<\/p>\n<div class=\"link-product\">\n<div class=\"blocco-immagine\"><img loading=\"lazy\" decoding=\"async\" class=\"size-full wp-image-15424 alignleft\" src=\"https:\/\/blog.holyart.it\/it\/wp-content\/uploads\/sites\/17\/2020\/06\/santantonio-da-padova-gesso-effetto-madreperla-40-cm.jpg\" alt=\"sant'antonio da padova gesso effetto madreperla 40 cm\" width=\"100\" height=\"100\" data-kale-share-title=\"Sant\u2019Antonio da Padova: il Santo dei miracoli\" data-kale-share-url=\"https:\/\/blog.holyart.it\/it\/santi-e-beati\/santantonio-da-padova-il-santo-dei-miracoli\/\" \/><\/div>\n<div class=\"blocco-contenuto\">\n<div class=\"blocco-acquista\">Acquista su Holyart:<\/div>\n<div class=\"blocco-titolo\"><a href=\"https:\/\/www.holyart.it\/it\/articoli-religiosi\/statue\/statue-in-gesso\/sant-antonio-da-padova-gesso-effetto-madreperla-40-cm\">Sant\u2019Antonio da Padova gesso effetto madreperla<\/a><\/div>\n<div class=\"blocco-descrizione\">Il Santo, in una lunga veste marrone, stringe a se il bambinello in vesti bianche.<\/div>\n<\/div>\n<\/div>\n<p>La salute cagionevole, messa ulteriormente a dura prova da una febbre tropicale, costrinse Antonio a un prematuro rientro. Ma mentre veleggiava verso la Spagna la sua nave, coinvolta in una tempesta, naufrag\u00f2 sulle coste della <strong>Sicilia <\/strong>orientale. Qui Antonio e Filippino di Castiglia, il confratello che era in viaggio con lui, vennero a sapere che Francesco aveva convocato tutti i suoi frati in occasione della <a href=\"https:\/\/www.holyart.it\/blog\/accessori-liturgia\/in-occasione-della-pentecoste-prega-maria-che-scioglie-i-nodi\/\"><strong>Pentecoste<\/strong><\/a> per un <strong>Capitolo Generale<\/strong> che si sarebbe tenuto nella valle attorno alla Porziuncola.<\/p>\n<p>Antonio e Filippino si misero in viaggio a piedi per risalite l&#8217;Italia e prendere parte a questo evento eccezionale, che raccolse pi\u00f9 di tremila frati e che verr\u00e0 ricordato come il <em>Capitolo delle Stuoie<\/em>, a causa delle capanne di stuoie costruite come alloggi per l&#8217;occasione.<\/p>\n<div class=\"link-article\">\n<p><img loading=\"lazy\" decoding=\"async\" class=\"alignleft wp-image-9726 size-full\" src=\"https:\/\/blog.holyart.it\/it\/wp-content\/uploads\/sites\/17\/2020\/06\/Pentecoste-spirito-santo-768x511.jpg\" alt=\"Pentecoste-spirito-santo-768x511\" width=\"150\" height=\"99\" data-kale-share-title=\"\" data-kale-share-url=\"https:\/\/blog.holyart.it\/it\/?p=9697\" \/><\/p>\n<div class=\"leggi-anche\">Leggi anche:<\/div>\n<p><strong><a href=\"https:\/\/www.holyart.it\/blog\/accessori-liturgia\/in-occasione-della-pentecoste-prega-maria-che-scioglie-i-nodi\/\">Per la Pentecoste prega Maria che scioglie i nodi<\/a><\/strong><br \/>\n50 giorni dopo la Pasqua si festeggia la Pentecoste, che ricorda la discesa dello Spirito Santo<\/p>\n<\/div>\n<p>Antonio si ferm\u00f2 per tutta la durata del Capitolo, che si protrasse dal 30 maggio all&#8217;8 giugno 1221. In realt\u00e0 la sua partecipazione non fu molto attiva. Non prese parte alle discussioni riguardo lo stato dell&#8217;Ordine, la nuova Regola, le spedizioni di missionari. Rimase in disparte, osservando, meditando, ma alla fine venne notato ugualmente da frate Graziano, supervisore dei frati francescani in Romagna. Questi, colpito dalla sua umilt\u00e0 e spiritualit\u00e0, port\u00f2 Antonio con s\u00e9 nell&#8217;<strong>eremo di Montepaolo<\/strong>, vicino a Forl\u00ec. Qui Antonio avrebbe vissuto per un anno insieme ad altri sei frati, in preghiera e penitenza.<\/p>\n<p>L&#8217;anno successivo il vescovo di Forl\u00ec era alla ricerca di un <strong>nuovo predicatore<\/strong>. Antonio parl\u00f2 davanti a lui e a tutti gli altri sacerdoti riuniti e li incant\u00f2 con la sua eloquenza, sapienza e spiritualit\u00e0. Inizi\u00f2 cos\u00ec a <strong>predicare\u00a0<\/strong>attraverso i <strong>villaggi e le citt\u00e0 della Romagna<\/strong>. In un tempo funestato da guerre civili, faide tra famiglie e clan, e dall&#8217;eresia, Antonio fu un portatore di pace, un sostenitore dell&#8217;equilibrio e della mitezza.<\/p>\n<p>Gli unici contro i quali si indignava erano quei nobili che avrebbero dovuto vegliare sull&#8217;incolumit\u00e0 e il benessere della gente comune, e invece li ignoravano pensando solo ai propri interessi. A questa particolare categoria umana egli diede l&#8217;appellativo di <em>cani muti <\/em>e li apostrof\u00f2 con durezza nei suoi Sermoni.<\/p>\n<p>Antonio si schier\u00f2 fieramente anche <strong>contro gli eretici<\/strong>, forte della sua vasta conoscenza teologica e della dottrina, le uniche armi inoppugnabili contro i movimenti ereticali che imperversavano ovunque nell&#8217;Europa del tempo. Proprio prendendo spunto dalla sua lotta contro le eresie Antonio fece presente la necessit\u00e0 imprescindibile di fondare il <strong>primo studentato teologico francescano<\/strong> nel 1223 a Bologna.<\/p>\n<p>Nonostante la sua timidezza e tendenza naturale a restare in disparte, Antonio riusc\u00ec ugualmente ad avere una parte importante nei mutamenti che avrebbero cambiato in modo profondo il movimento Francescano in quegli anni. La sua ferma <strong>rivendicazione dell&#8217;importanza dello studio della dottrina<\/strong> fu sicuramente una delle influenze maggiori. Ma non per questo Antonio smise di predicare, anzi ricevette l&#8217;ordine di allargare la propria zona includendo anche l&#8217;Emilia, la Marca Trevigiana, la Lombardia e la Liguria.<\/p>\n<p>Sembra che fu mentre si trovava a Rimini, dominata da una forte presenza di<strong> catari<\/strong>, che, inascoltato dalla gente, decise di <strong>rivolgersi ai pesci del mare<\/strong>, i quali accorsero intorno a lui per ascoltare le sue parole. Impossibile davanti a questo episodio non pensare a San Francesco e al suo rapporto speciale con gli animali, alle sue predicazioni agli uccelli.<\/p>\n<p>A <strong>Bologna<\/strong>, sede di una delle universit\u00e0 teologiche pi\u00f9 importanti del tempo, Francesco in persona gli affid\u00f2 l&#8217;incarico di <strong>studiare e diffondere la teologia<\/strong>. Forte di questa nuova esperienza, in seguito Antonio si rec\u00f2 in <strong>Francia<\/strong> per contrastare l&#8217;eresia dei catari e degli albigesi. Qui venne insignito dell&#8217;appellativo di <em>martello degli eretici<\/em>.<\/p>\n<p>Poco dopo la morte di Francesco, Antonio torn\u00f2 in Italia e partecip\u00f2 al nuovo Capitolo Generale, organizzato per eleggere il suo successore a capo dell&#8217;ordine. Venne scelto Giovanni Parenti, che apprezzava e stimava Antonio e che lo volle come <strong>ministro provinciale per l&#8217;Italia settentrionale<\/strong>.<\/p>\n<p>Con questa importante carica\u00a0Antonio si rec\u00f2 in visita in molte citt\u00e0 dell&#8217;Italia settentrionale, e alla fine decise di eleggere <strong>Padova<\/strong> come sua residenza. Qui si dedic\u00f2 alla <strong>stesura dei Sermoni<\/strong>, una delle opere teologiche\u00a0pi\u00f9 importanti del Cattolicesimo, che gli fecero guadagnare il titolo di <a href=\"https:\/\/www.holyart.it\/blog\/santi-e-beati\/i-dottori-della-chiesa-chi-sono-e-i-requisiti-per-avere-questo-titolo\/\"><strong>Dottore della Chiesa<\/strong><\/a>.<\/p>\n<div class=\"link-article\">\n<p><img loading=\"lazy\" decoding=\"async\" class=\"size-full wp-image-15425 alignleft\" src=\"https:\/\/blog.holyart.it\/it\/wp-content\/uploads\/sites\/17\/2020\/06\/santa-teresa.jpeg\" alt=\"dottori della chiesa\" width=\"150\" height=\"99\" data-kale-share-title=\"Sant\u2019Antonio da Padova: il Santo dei miracoli\" data-kale-share-url=\"https:\/\/blog.holyart.it\/it\/santi-e-beati\/santantonio-da-padova-il-santo-dei-miracoli\/\" \/><\/p>\n<div class=\"leggi-anche\">Leggi anche:<\/div>\n<p><strong><a href=\"https:\/\/www.holyart.it\/blog\/santi-e-beati\/i-dottori-della-chiesa-chi-sono-e-i-requisiti-per-avere-questo-titolo\/\">I dottori della Chiesa: chi sono e i requisiti per avere questo titolo<\/a><\/strong><br \/>\nIl 1 ottobre si festeggia Santa Teresa di Lisieux, una delle quattro&#8230;<\/p>\n<\/div>\n<p>Continu\u00f2 anche con la sua opera di <strong>predicatore<\/strong> richiamando a s\u00e9 folle di fedeli che accorrevano a Padova per incontrarlo e sentirlo parlare.<\/p>\n<p>Come Ministro Antonio continu\u00f2 a condurre una <strong>vita umile<\/strong>, fatta di <strong>digiuno<\/strong> e <strong>privazioni<\/strong>, modestia, umilt\u00e0 e di un profondo senso di giustizia e misericordia.<\/p>\n<p>Cos\u00ec scriveva a riguardo nei Sermoni: <em>&#8220;La vita del prelato deve splendere d&#8217;<\/em><strong><em>intima purezza<\/em><\/strong><em>, dev&#8217;essere pacifica con i sudditi, che il superiore ha da riconciliare con Dio e tra loro; modesta, cio\u00e8 di <\/em><strong><em>costumi irreprensibili<\/em><\/strong><em>; colma di <\/em><strong><em>bont\u00e0 verso i bisognosi<\/em><\/strong><em>. Invero, i beni di cui egli dispone, fatta eccezione del necessario, appartengono ai poveri, e se non li dona generosamente \u00e8 un rapinatore, e come rapinatore sar\u00e0 giudicato. Deve governare <\/em><strong><em>senza doppiezza<\/em><\/strong><em>, cio\u00e8 senza parzialit\u00e0, e caricare s\u00e9 stesso della penitenza che toccherebbe agli altri\u2026 Inarg\u00e8ntino i prelati le loro parole con l&#8217;<\/em><strong><em>umilt\u00e0 di Cristo<\/em><\/strong><em>, comandando con benignit\u00e0 e affabilit\u00e0, con previdenza e comprensione. Ch\u00e9 non nel vento gagliardo, non nel sussulto del terremoto, non nell&#8217;incendio \u00e8 il Signore, ma nel sussurro di una brezza soave ivi \u00e8 il Signore.&#8221;<\/em><\/p>\n<p>Antonio soggiorn\u00f2 a Padova per tutta la durata del suo mandato, coltivando anche amicizia e rapporti preziosi con religiosi di altri ordini. Quando nel 1230 la sua carica giunse al termine decise di stabilirsi qui, dove <strong>mor\u00ec <\/strong>ad appena trentasei anni nell&#8217;ospizio accanto al monastero delle Clarisse nel quartiere di Arcella. Era il 13 giugno 1231, e la sua <strong>Canonizzazione<\/strong> avvenne l&#8217;anno successivo, il 30 maggio 1232, per volont\u00e0 di Papa Gregorio IX, che lo aveva conosciuto e apprezzato enormemente.<\/p>\n<h2>I miracoli di Sant&#8217;Antonio<\/h2>\n<p>Abbiamo gi\u00e0 accennato al<strong> miracolo dei pesci<\/strong>, quando Antonio predic\u00f2 ai pesci del mare, a Rimini, ed essi accorsero per ascoltarlo. Un miracolo che fa pensare subito a <a href=\"https:\/\/www.holyart.it\/blog\/articoli-religiosi\/il-cantico-delle-creature-di-san-francesco\/\"><strong>San Francesco d&#8217;Assisi<\/strong><\/a> e in particolare alla predica agli uccelli.<\/p>\n<div class=\"link-article\">\n<p><img loading=\"lazy\" decoding=\"async\" class=\"alignleft size-full wp-image-9705\" src=\"https:\/\/blog.holyart.it\/it\/wp-content\/uploads\/sites\/17\/2020\/06\/san-francesco-768x511.jpg\" alt=\"san-francesco-768x511\" width=\"150\" height=\"99\" data-kale-share-title=\"\" data-kale-share-url=\"https:\/\/blog.holyart.it\/it\/?p=9697\" \/><\/p>\n<div class=\"leggi-anche\">Leggi anche:<\/div>\n<p><strong><a href=\"https:\/\/www.holyart.it\/blog\/articoli-religiosi\/il-cantico-delle-creature-di-san-francesco\/\">Il cantico delle creature di San Francesco<\/a><\/strong><br \/>\nSan Francesco d\u2019Assisi \u00e8 uno dei santi pi\u00f9 amati e venerati dalla Chiesa cattolica. Vicino ai poveri, fratello degli ultimi&#8230;<\/p>\n<\/div>\n<p>Ma fu solo uno dei miracoli compiuti da Sant&#8217;Antonio da Padova, non a caso conosciuto come il <strong>Santo dei Miracoli<\/strong>, o il <strong>Taumaturgo<\/strong>, <em>colui che compie prodigi<\/em>.<\/p>\n<p>Vediamone solo alcuni.<\/p>\n<p>Ci fu il <strong>miracolo della mula<\/strong>, quando Antonio, messo alle strette da un eretico che negava la presenza di Ges\u00f9 nell&#8217;Eucaristia, venne sfidato a dimostrare il contrario. Per farlo l&#8217;eretico chiuse una mula per tre giorni a digiuno, per poi liberarla davanti a un mucchio di biada da una parte e a Antonio con l&#8217;ostia consacrata in mano dall&#8217;altra. Bench\u00e9 affamata, la mula ignor\u00f2 il cibo e s&#8217;inginocchi\u00f2 davanti al sacramento del corpo di Cristo.<\/p>\n<p>A Ferrara avvenne invece il miracolo del <strong>neonato che parla<\/strong>. Esortato dal Santo un bambino appena nato, sospettato di essere frutto di un tradimento, riconobbe il proprio padre legittimo parlando nonostante avesse pochi giorni.<\/p>\n<p>Il miracolo del <strong>pane dei poveri<\/strong> ebbe come protagonista Tommasino, un bimbo di pochi mesi affogato nel mastello dell&#8217;acqua mentre era in casa da solo. La madre disperata invoc\u00f2 l&#8217;aiuto del Santo promettendo in cambio che avrebbe donato ai poveri tanto pane quanto era il peso del suo bambino. Nacque cos\u00ec la tradizione del <em>pondus pueri<\/em>: i genitori invocavano la grazia di <a href=\"https:\/\/www.holyart.it\/it\/articoli-religiosi\/statue\/statue-in-resina-e-pvc\/santantonio-da-padova-100-cm-resina-fontanini\"><strong>Sant\u2019Antonio<\/strong><\/a> per proteggere i propri figli promettendo in cambio il pane per i poveri equivalente al loro peso. Tommasino torn\u00f2 in vita.<\/p>\n<div class=\"link-product\">\n<div class=\"blocco-immagine\"><img loading=\"lazy\" decoding=\"async\" class=\"alignnone wp-image-9715 size-full\" src=\"https:\/\/blog.holyart.it\/it\/wp-content\/uploads\/sites\/17\/2020\/06\/santantonio-da-padova-100-cm-resina-fontanini.jpg\" alt=\"santantonio-da-padova-100-cm-resina-fontanini\" width=\"100\" height=\"100\" data-kale-share-title=\"\" data-kale-share-url=\"https:\/\/blog.holyart.it\/it\/?p=9697\" \/><\/div>\n<div class=\"blocco-contenuto\">\n<div class=\"blocco-acquista\">Acquista su Holyart:<\/div>\n<div class=\"blocco-titolo\"><a href=\"https:\/\/www.holyart.it\/it\/articoli-religiosi\/statue\/statue-in-resina-e-pvc\/santantonio-da-padova-100-cm-resina-fontanini\">Sant&#8217;Antonio da Padova 100 cm resina Fontanini<\/a><\/div>\n<div class=\"blocco-descrizione\">Statua Sant&#8217;Antonio da Padova dipinta a mano<\/div>\n<\/div>\n<\/div>\n<h2>I sermoni di Sant&#8217;Antonio da Padova<\/h2>\n<p>I<strong> Sermoni<\/strong> (<em>Sermones<\/em> in latino medievale, lingua in cui sono scritti) sono la summa dell&#8217;esperienza dottrinale e teologica di Sant&#8217;Antonio da Padova. Con essi il Santo prende in esame tutta la Scrittura esaminando e approfondendo lettura dopo lettura la liturgia della messa domenicale e dei giorni di festa.<\/p>\n<p>Possiamo infatti suddividere i Sermoni in:<\/p>\n<ul>\n<li>Domenicali<\/li>\n<li>Festivi<\/li>\n<li>Mariani<\/li>\n<\/ul>\n<p>Possiamo considerarli anche uno <strong>strumento di formazione <\/strong>per\u00a0i cristiani in generale e i predicatori in particolare, perch\u00e9 forniscono una serie di <strong>regole di vita e buoni costumi<\/strong>, oltre a consigli su come insegnare la dottrina del <strong><a href=\"https:\/\/www.holyart.it\/it\/articoli-religiosi\/libri-e-testi-sacri\/vangeli\">Vangelo<\/a><\/strong>, valorizzare i sacramenti, primo fra tutti l&#8217;Eucarestia, vivere la penitenza.<\/p>\n<p>Antonio, scrittore raffinato ed elegante, dispens\u00f2 tutta la sua <strong>cultura<\/strong> in quest&#8217;opera ricca di citazioni non solo dalle Sacre Scritture, ma anche dagli studiosi classici di scienze naturali, come Aristotele e Solino.<\/p>\n<p>I <strong>6 sermoni dedicati alla Vergine Maria<\/strong>\u00a0esprimono una visione della Madonna intrisa di luce, letizia, vita. Per Antonio Maria era una presenza reale, vibrante, una figura da onorare ogni giorno con un culto pieno d&#8217;amore e fiducia.<\/p>\n<p>Amore e fiducia, ma anche fede e piet\u00e0, perch\u00e9 Antonio \u00e8 convinto che Maria dal cielo vegli su tutti noi, e sia disposta a prestare orecchio e cuore a chiunque invochi il suo aiuto.<br \/>\nI Sermoni mariani possono essere divisi in tre gruppi:<\/p>\n<ul>\n<li>Maria e Dio<\/li>\n<li>Maria e noi<\/li>\n<li>Maria vista in se stessa<\/li>\n<\/ul>\n<p>Antonio si sofferma sull&#8217;<a href=\"https:\/\/www.holyart.it\/blog\/articoli-religiosi\/annunciazione-del-signore-perche-si-festeggia-il-25-marzo\/\"><strong>Annunciazione di Maria<\/strong><\/a>, sulla sua Assunzione al cielo, riproponendo eventi gi\u00e0 noti con una freschezza espressiva e una profondit\u00e0 spirituale irraggiungibili.<\/p>\n<div class=\"link-article\">\n<p><img loading=\"lazy\" decoding=\"async\" class=\"size-full wp-image-14752 alignleft\" src=\"https:\/\/blog.holyart.it\/it\/wp-content\/uploads\/sites\/17\/2020\/06\/annunciazione-del-beato-angelico.jpg\" alt=\"annunciazione del beato angelico\" width=\"150\" height=\"99\" data-kale-share-title=\"Sant\u2019Antonio da Padova: il Santo dei miracoli\" data-kale-share-url=\"https:\/\/blog.holyart.it\/it\/santi-e-beati\/santantonio-da-padova-il-santo-dei-miracoli\/\" \/><\/p>\n<div class=\"leggi-anche\">Leggi anche:<\/div>\n<p><strong><a href=\"https:\/\/www.holyart.it\/blog\/articoli-religiosi\/annunciazione-del-signore-perche-si-festeggia-il-25-marzo\/\">Annunciazione del Signore: perch\u00e9 si festeggia il 25 marzo<\/a><\/strong><br \/>\nIl 25 marzo si celebra l\u2019Annunciazione del Signore, una festa dedicata a Ges\u00f9, ma in ugual misura a Sua madre Maria&#8230;<\/p>\n<\/div>\n<h2>Preghiera a Sant&#8217;Antonio da Padova<\/h2>\n<p>Molte sono le <a href=\"https:\/\/www.holyart.it\/it\/articoli-religiosi\/santini-e-biglietti-augurali\/santini\/santino-santantonio-da-padova-10x5-cm-ita2\"><strong>preghiere scritte per rivolgersi a Sant&#8217;Antonio da Padova<\/strong><\/a>. Del resto la devozione al Santo inizi\u00f2 ancor prima della sua pur precoce canonizzazione. In molti si sono rivolti a lui nel corso dei secoli, in cerca di aiuto e consiglio, conforto, come a un fratello maggiore che potesse intercedere presso Dio Padre.<\/p>\n<p>Pensiamo alla celebre <strong>Tredicina a Sant&#8217;Antonio da Padova<\/strong>, una delle devozioni pi\u00f9 famose che viene recitata per tredici giorni in preparazione alla sua festa il 13 giugno. Questa forma devozionale nasce dalla credenza che Sant&#8217;Antonio da Padova conceda ogni giorno ai suoi devoti <strong>tredici grazie<\/strong>, oltre, pi\u00f9 in generale, alla sua intercessione presso Ges\u00f9.<\/p>\n<div class=\"link-product\">\n<div class=\"blocco-immagine\"><img loading=\"lazy\" decoding=\"async\" class=\"alignnone size-full wp-image-9727\" src=\"https:\/\/blog.holyart.it\/it\/wp-content\/uploads\/sites\/17\/2020\/06\/santino-santantonio-da-padova-10x5-cm-ita2-1.jpg\" alt=\"santino-santantonio-da-padova-10x5-cm-ita2 (1)\" width=\"100\" height=\"100\" data-kale-share-title=\"\" data-kale-share-url=\"https:\/\/blog.holyart.it\/it\/?p=9697\" \/><\/div>\n<div class=\"blocco-contenuto\">\n<div class=\"blocco-acquista\">Acquista su Holyart:<\/div>\n<div class=\"blocco-titolo\"><a href=\"https:\/\/www.holyart.it\/it\/articoli-religiosi\/santini-e-biglietti-augurali\/santini\/santino-santantonio-da-padova-10x5-cm-ita2\">Santino Sant&#8217;Antonio da Padova 10&#215;5 cm ITA<\/a><\/div>\n<div class=\"blocco-descrizione\">Riporta, a retro, la preghiera &#8220;Se Cerchi Miracoli&#8221;<\/div>\n<\/div>\n<\/div>\n<p>Ricordiamo anche la preghiera <strong>Si quaeris <\/strong>(<em>Se cerchi<\/em>) composta da fra Giuliano da Spira due anni dopo la morte del Santo e spesso intonata nella Basilica di Sant&#8217;Antonio a Padova, ma non solo:<\/p>\n<p><em>Se cerchi i miracoli,<\/em><br \/>\n<em>ecco messi in fuga la morte, l\u2019errore, le calamit\u00e0 e il demonio;<\/em><br \/>\n<em>ecco gli ammalati divenir sani.<\/em><br \/>\n<em>Il mare si calma, le catene si spezzano;<\/em><br \/>\n<em>i giovani e i vecchi chiedono e ritrovano la sanit\u00e0 e le cose perdute.<\/em><br \/>\n<em>S\u2019allontanano i pericoli, scompaiono le necessit\u00e0:<\/em><br \/>\n<em>lo attesti chi ha sperimentato la protezione del Santo di Padova.<\/em><br \/>\n<em>Gloria al Padre, al Figlio e allo Spirito Santo.<\/em><br \/>\n<em>Come era nel principio e ora e sempre, nei secoli dei secoli.<\/em><br \/>\n<em>Amen.<\/em><\/p>\n","protected":false},"excerpt":{"rendered":"<p>Sant&#8217;Antonio da Padova fu gi\u00e0 tra i suoi contemporanei maestro di sapienza cristiana e autore di opere immortali. Incaricato dell&#8217;insegnamento della teologia da San Francesco d&#8217;Assisi in persona \u00e8 uno dei santi pi\u00f9 amati e venerati dai cattolici. Se leggiamo la storia di Sant&#8217;Antonio da&hellip;<\/p>\n","protected":false},"author":1,"featured_media":9734,"comment_status":"closed","ping_status":"open","sticky":false,"template":"","format":"standard","meta":{"_acf_changed":false,"footnotes":""},"categories":[16,15],"tags":[],"class_list":["post-9697","post","type-post","status-publish","format-standard","has-post-thumbnail","hentry","category-articoli-religiosi","category-santi-e-beati"],"acf":[],"yoast_head":"<!-- This site is optimized with the Yoast SEO plugin v26.6 - https:\/\/yoast.com\/wordpress\/plugins\/seo\/ -->\n<title>Sant&#039;Antonio da Padova: il Santo dei miracoli - Holyblog<\/title>\n<meta name=\"description\" content=\"Sant&#039;Antonio da Padova, uno dei santi pi\u00f9 amati, fu gi\u00e0 tra i suoi contemporanei maestro di sapienza cristiana e autore di opere immortali...\" \/>\n<meta name=\"robots\" content=\"index, follow, max-snippet:-1, max-image-preview:large, max-video-preview:-1\" \/>\n<link rel=\"canonical\" href=\"https:\/\/blog.holyart.it\/it\/santi-e-beati\/santantonio-da-padova-il-santo-dei-miracoli\/\" \/>\n<meta property=\"og:locale\" content=\"it_IT\" \/>\n<meta property=\"og:type\" content=\"article\" \/>\n<meta property=\"og:title\" content=\"Sant&#039;Antonio da Padova: il Santo dei miracoli - Holyblog\" \/>\n<meta property=\"og:description\" content=\"Sant&#039;Antonio da Padova, uno dei santi pi\u00f9 amati, fu gi\u00e0 tra i suoi contemporanei maestro di sapienza cristiana e autore di opere immortali...\" \/>\n<meta property=\"og:url\" content=\"https:\/\/blog.holyart.it\/it\/santi-e-beati\/santantonio-da-padova-il-santo-dei-miracoli\/\" \/>\n<meta property=\"og:site_name\" content=\"Holyblog\" \/>\n<meta property=\"article:published_time\" content=\"2020-06-08T15:21:00+00:00\" \/>\n<meta property=\"article:modified_time\" content=\"2023-05-24T12:09:09+00:00\" \/>\n<meta property=\"og:image\" content=\"https:\/\/blog.holyart.it\/it\/wp-content\/uploads\/sites\/17\/2020\/06\/SantAntonio-da-Padova.jpg\" \/>\n\t<meta property=\"og:image:width\" content=\"1000\" \/>\n\t<meta property=\"og:image:height\" content=\"690\" \/>\n\t<meta property=\"og:image:type\" content=\"image\/jpeg\" \/>\n<meta name=\"author\" content=\"Redazione\" \/>\n<meta name=\"twitter:card\" content=\"summary_large_image\" \/>\n<meta name=\"twitter:label1\" content=\"Scritto da\" \/>\n\t<meta name=\"twitter:data1\" content=\"Redazione\" \/>\n\t<meta name=\"twitter:label2\" content=\"Tempo di lettura stimato\" \/>\n\t<meta name=\"twitter:data2\" content=\"15 minuti\" \/>\n<script type=\"application\/ld+json\" class=\"yoast-schema-graph\">{\"@context\":\"https:\/\/schema.org\",\"@graph\":[{\"@type\":\"Article\",\"@id\":\"https:\/\/blog.holyart.it\/it\/santi-e-beati\/santantonio-da-padova-il-santo-dei-miracoli\/#article\",\"isPartOf\":{\"@id\":\"https:\/\/blog.holyart.it\/it\/santi-e-beati\/santantonio-da-padova-il-santo-dei-miracoli\/\"},\"author\":{\"name\":\"Redazione\",\"@id\":\"https:\/\/blog.holyart.it\/it\/#\/schema\/person\/0a7b686e5af0f856ec1e390dd0baecda\"},\"headline\":\"Sant&#8217;Antonio da Padova: il Santo dei miracoli\",\"datePublished\":\"2020-06-08T15:21:00+00:00\",\"dateModified\":\"2023-05-24T12:09:09+00:00\",\"mainEntityOfPage\":{\"@id\":\"https:\/\/blog.holyart.it\/it\/santi-e-beati\/santantonio-da-padova-il-santo-dei-miracoli\/\"},\"wordCount\":2384,\"publisher\":{\"@id\":\"https:\/\/blog.holyart.it\/it\/#organization\"},\"image\":{\"@id\":\"https:\/\/blog.holyart.it\/it\/santi-e-beati\/santantonio-da-padova-il-santo-dei-miracoli\/#primaryimage\"},\"thumbnailUrl\":\"https:\/\/blog.holyart.it\/it\/wp-content\/uploads\/sites\/17\/2020\/06\/SantAntonio-da-Padova.jpg\",\"articleSection\":[\"Religione\",\"Santi e beati\"],\"inLanguage\":\"it-IT\"},{\"@type\":\"WebPage\",\"@id\":\"https:\/\/blog.holyart.it\/it\/santi-e-beati\/santantonio-da-padova-il-santo-dei-miracoli\/\",\"url\":\"https:\/\/blog.holyart.it\/it\/santi-e-beati\/santantonio-da-padova-il-santo-dei-miracoli\/\",\"name\":\"Sant'Antonio da Padova: il Santo dei miracoli - Holyblog\",\"isPartOf\":{\"@id\":\"https:\/\/blog.holyart.it\/it\/#website\"},\"primaryImageOfPage\":{\"@id\":\"https:\/\/blog.holyart.it\/it\/santi-e-beati\/santantonio-da-padova-il-santo-dei-miracoli\/#primaryimage\"},\"image\":{\"@id\":\"https:\/\/blog.holyart.it\/it\/santi-e-beati\/santantonio-da-padova-il-santo-dei-miracoli\/#primaryimage\"},\"thumbnailUrl\":\"https:\/\/blog.holyart.it\/it\/wp-content\/uploads\/sites\/17\/2020\/06\/SantAntonio-da-Padova.jpg\",\"datePublished\":\"2020-06-08T15:21:00+00:00\",\"dateModified\":\"2023-05-24T12:09:09+00:00\",\"description\":\"Sant'Antonio da Padova, uno dei santi pi\u00f9 amati, fu gi\u00e0 tra i suoi contemporanei maestro di sapienza cristiana e autore di opere immortali...\",\"breadcrumb\":{\"@id\":\"https:\/\/blog.holyart.it\/it\/santi-e-beati\/santantonio-da-padova-il-santo-dei-miracoli\/#breadcrumb\"},\"inLanguage\":\"it-IT\",\"potentialAction\":[{\"@type\":\"ReadAction\",\"target\":[\"https:\/\/blog.holyart.it\/it\/santi-e-beati\/santantonio-da-padova-il-santo-dei-miracoli\/\"]}]},{\"@type\":\"ImageObject\",\"inLanguage\":\"it-IT\",\"@id\":\"https:\/\/blog.holyart.it\/it\/santi-e-beati\/santantonio-da-padova-il-santo-dei-miracoli\/#primaryimage\",\"url\":\"https:\/\/blog.holyart.it\/it\/wp-content\/uploads\/sites\/17\/2020\/06\/SantAntonio-da-Padova.jpg\",\"contentUrl\":\"https:\/\/blog.holyart.it\/it\/wp-content\/uploads\/sites\/17\/2020\/06\/SantAntonio-da-Padova.jpg\",\"width\":1000,\"height\":690,\"caption\":\"Sant'Antonio da Padova\"},{\"@type\":\"BreadcrumbList\",\"@id\":\"https:\/\/blog.holyart.it\/it\/santi-e-beati\/santantonio-da-padova-il-santo-dei-miracoli\/#breadcrumb\",\"itemListElement\":[{\"@type\":\"ListItem\",\"position\":1,\"name\":\"Homepage\",\"item\":\"https:\/\/blog.holyart.it\/it\/\"},{\"@type\":\"ListItem\",\"position\":2,\"name\":\"Santi e beati\",\"item\":\"https:\/\/blog.holyart.it\/it\/santi-e-beati\/\"},{\"@type\":\"ListItem\",\"position\":3,\"name\":\"Sant&#8217;Antonio da Padova: il Santo dei miracoli\"}]},{\"@type\":\"WebSite\",\"@id\":\"https:\/\/blog.holyart.it\/it\/#website\",\"url\":\"https:\/\/blog.holyart.it\/it\/\",\"name\":\"Holyblog\",\"description\":\"Il Blog di Holyart.it\",\"publisher\":{\"@id\":\"https:\/\/blog.holyart.it\/it\/#organization\"},\"potentialAction\":[{\"@type\":\"SearchAction\",\"target\":{\"@type\":\"EntryPoint\",\"urlTemplate\":\"https:\/\/blog.holyart.it\/it\/?s={search_term_string}\"},\"query-input\":{\"@type\":\"PropertyValueSpecification\",\"valueRequired\":true,\"valueName\":\"search_term_string\"}}],\"inLanguage\":\"it-IT\"},{\"@type\":\"Organization\",\"@id\":\"https:\/\/blog.holyart.it\/it\/#organization\",\"name\":\"Holyblog\",\"url\":\"https:\/\/blog.holyart.it\/it\/\",\"logo\":{\"@type\":\"ImageObject\",\"inLanguage\":\"it-IT\",\"@id\":\"https:\/\/blog.holyart.it\/it\/#\/schema\/logo\/image\/\",\"url\":\"https:\/\/blog.holyart.it\/it\/wp-content\/uploads\/sites\/17\/2022\/12\/Holyart_Blog_Logo.jpg\",\"contentUrl\":\"https:\/\/blog.holyart.it\/it\/wp-content\/uploads\/sites\/17\/2022\/12\/Holyart_Blog_Logo.jpg\",\"width\":300,\"height\":50,\"caption\":\"Holyblog\"},\"image\":{\"@id\":\"https:\/\/blog.holyart.it\/it\/#\/schema\/logo\/image\/\"}},{\"@type\":\"Person\",\"@id\":\"https:\/\/blog.holyart.it\/it\/#\/schema\/person\/0a7b686e5af0f856ec1e390dd0baecda\",\"name\":\"Redazione\"}]}<\/script>\n<!-- \/ Yoast SEO plugin. -->","yoast_head_json":{"title":"Sant'Antonio da Padova: il Santo dei miracoli - Holyblog","description":"Sant'Antonio da Padova, uno dei santi pi\u00f9 amati, fu gi\u00e0 tra i suoi contemporanei maestro di sapienza cristiana e autore di opere immortali...","robots":{"index":"index","follow":"follow","max-snippet":"max-snippet:-1","max-image-preview":"max-image-preview:large","max-video-preview":"max-video-preview:-1"},"canonical":"https:\/\/blog.holyart.it\/it\/santi-e-beati\/santantonio-da-padova-il-santo-dei-miracoli\/","og_locale":"it_IT","og_type":"article","og_title":"Sant'Antonio da Padova: il Santo dei miracoli - Holyblog","og_description":"Sant'Antonio da Padova, uno dei santi pi\u00f9 amati, fu gi\u00e0 tra i suoi contemporanei maestro di sapienza cristiana e autore di opere immortali...","og_url":"https:\/\/blog.holyart.it\/it\/santi-e-beati\/santantonio-da-padova-il-santo-dei-miracoli\/","og_site_name":"Holyblog","article_published_time":"2020-06-08T15:21:00+00:00","article_modified_time":"2023-05-24T12:09:09+00:00","og_image":[{"width":1000,"height":690,"url":"https:\/\/blog.holyart.it\/it\/wp-content\/uploads\/sites\/17\/2020\/06\/SantAntonio-da-Padova.jpg","type":"image\/jpeg"}],"author":"Redazione","twitter_card":"summary_large_image","twitter_misc":{"Scritto da":"Redazione","Tempo di lettura stimato":"15 minuti"},"schema":{"@context":"https:\/\/schema.org","@graph":[{"@type":"Article","@id":"https:\/\/blog.holyart.it\/it\/santi-e-beati\/santantonio-da-padova-il-santo-dei-miracoli\/#article","isPartOf":{"@id":"https:\/\/blog.holyart.it\/it\/santi-e-beati\/santantonio-da-padova-il-santo-dei-miracoli\/"},"author":{"name":"Redazione","@id":"https:\/\/blog.holyart.it\/it\/#\/schema\/person\/0a7b686e5af0f856ec1e390dd0baecda"},"headline":"Sant&#8217;Antonio da Padova: il Santo dei miracoli","datePublished":"2020-06-08T15:21:00+00:00","dateModified":"2023-05-24T12:09:09+00:00","mainEntityOfPage":{"@id":"https:\/\/blog.holyart.it\/it\/santi-e-beati\/santantonio-da-padova-il-santo-dei-miracoli\/"},"wordCount":2384,"publisher":{"@id":"https:\/\/blog.holyart.it\/it\/#organization"},"image":{"@id":"https:\/\/blog.holyart.it\/it\/santi-e-beati\/santantonio-da-padova-il-santo-dei-miracoli\/#primaryimage"},"thumbnailUrl":"https:\/\/blog.holyart.it\/it\/wp-content\/uploads\/sites\/17\/2020\/06\/SantAntonio-da-Padova.jpg","articleSection":["Religione","Santi e beati"],"inLanguage":"it-IT"},{"@type":"WebPage","@id":"https:\/\/blog.holyart.it\/it\/santi-e-beati\/santantonio-da-padova-il-santo-dei-miracoli\/","url":"https:\/\/blog.holyart.it\/it\/santi-e-beati\/santantonio-da-padova-il-santo-dei-miracoli\/","name":"Sant'Antonio da Padova: il Santo dei miracoli - Holyblog","isPartOf":{"@id":"https:\/\/blog.holyart.it\/it\/#website"},"primaryImageOfPage":{"@id":"https:\/\/blog.holyart.it\/it\/santi-e-beati\/santantonio-da-padova-il-santo-dei-miracoli\/#primaryimage"},"image":{"@id":"https:\/\/blog.holyart.it\/it\/santi-e-beati\/santantonio-da-padova-il-santo-dei-miracoli\/#primaryimage"},"thumbnailUrl":"https:\/\/blog.holyart.it\/it\/wp-content\/uploads\/sites\/17\/2020\/06\/SantAntonio-da-Padova.jpg","datePublished":"2020-06-08T15:21:00+00:00","dateModified":"2023-05-24T12:09:09+00:00","description":"Sant'Antonio da Padova, uno dei santi pi\u00f9 amati, fu gi\u00e0 tra i suoi contemporanei maestro di sapienza cristiana e autore di opere immortali...","breadcrumb":{"@id":"https:\/\/blog.holyart.it\/it\/santi-e-beati\/santantonio-da-padova-il-santo-dei-miracoli\/#breadcrumb"},"inLanguage":"it-IT","potentialAction":[{"@type":"ReadAction","target":["https:\/\/blog.holyart.it\/it\/santi-e-beati\/santantonio-da-padova-il-santo-dei-miracoli\/"]}]},{"@type":"ImageObject","inLanguage":"it-IT","@id":"https:\/\/blog.holyart.it\/it\/santi-e-beati\/santantonio-da-padova-il-santo-dei-miracoli\/#primaryimage","url":"https:\/\/blog.holyart.it\/it\/wp-content\/uploads\/sites\/17\/2020\/06\/SantAntonio-da-Padova.jpg","contentUrl":"https:\/\/blog.holyart.it\/it\/wp-content\/uploads\/sites\/17\/2020\/06\/SantAntonio-da-Padova.jpg","width":1000,"height":690,"caption":"Sant'Antonio da Padova"},{"@type":"BreadcrumbList","@id":"https:\/\/blog.holyart.it\/it\/santi-e-beati\/santantonio-da-padova-il-santo-dei-miracoli\/#breadcrumb","itemListElement":[{"@type":"ListItem","position":1,"name":"Homepage","item":"https:\/\/blog.holyart.it\/it\/"},{"@type":"ListItem","position":2,"name":"Santi e beati","item":"https:\/\/blog.holyart.it\/it\/santi-e-beati\/"},{"@type":"ListItem","position":3,"name":"Sant&#8217;Antonio da Padova: il Santo dei miracoli"}]},{"@type":"WebSite","@id":"https:\/\/blog.holyart.it\/it\/#website","url":"https:\/\/blog.holyart.it\/it\/","name":"Holyblog","description":"Il Blog di Holyart.it","publisher":{"@id":"https:\/\/blog.holyart.it\/it\/#organization"},"potentialAction":[{"@type":"SearchAction","target":{"@type":"EntryPoint","urlTemplate":"https:\/\/blog.holyart.it\/it\/?s={search_term_string}"},"query-input":{"@type":"PropertyValueSpecification","valueRequired":true,"valueName":"search_term_string"}}],"inLanguage":"it-IT"},{"@type":"Organization","@id":"https:\/\/blog.holyart.it\/it\/#organization","name":"Holyblog","url":"https:\/\/blog.holyart.it\/it\/","logo":{"@type":"ImageObject","inLanguage":"it-IT","@id":"https:\/\/blog.holyart.it\/it\/#\/schema\/logo\/image\/","url":"https:\/\/blog.holyart.it\/it\/wp-content\/uploads\/sites\/17\/2022\/12\/Holyart_Blog_Logo.jpg","contentUrl":"https:\/\/blog.holyart.it\/it\/wp-content\/uploads\/sites\/17\/2022\/12\/Holyart_Blog_Logo.jpg","width":300,"height":50,"caption":"Holyblog"},"image":{"@id":"https:\/\/blog.holyart.it\/it\/#\/schema\/logo\/image\/"}},{"@type":"Person","@id":"https:\/\/blog.holyart.it\/it\/#\/schema\/person\/0a7b686e5af0f856ec1e390dd0baecda","name":"Redazione"}]}},"_links":{"self":[{"href":"https:\/\/blog.holyart.it\/it\/wp-json\/wp\/v2\/posts\/9697","targetHints":{"allow":["GET"]}}],"collection":[{"href":"https:\/\/blog.holyart.it\/it\/wp-json\/wp\/v2\/posts"}],"about":[{"href":"https:\/\/blog.holyart.it\/it\/wp-json\/wp\/v2\/types\/post"}],"author":[{"embeddable":true,"href":"https:\/\/blog.holyart.it\/it\/wp-json\/wp\/v2\/users\/1"}],"replies":[{"embeddable":true,"href":"https:\/\/blog.holyart.it\/it\/wp-json\/wp\/v2\/comments?post=9697"}],"version-history":[{"count":1,"href":"https:\/\/blog.holyart.it\/it\/wp-json\/wp\/v2\/posts\/9697\/revisions"}],"predecessor-version":[{"id":17884,"href":"https:\/\/blog.holyart.it\/it\/wp-json\/wp\/v2\/posts\/9697\/revisions\/17884"}],"wp:featuredmedia":[{"embeddable":true,"href":"https:\/\/blog.holyart.it\/it\/wp-json\/wp\/v2\/media\/9734"}],"wp:attachment":[{"href":"https:\/\/blog.holyart.it\/it\/wp-json\/wp\/v2\/media?parent=9697"}],"wp:term":[{"taxonomy":"category","embeddable":true,"href":"https:\/\/blog.holyart.it\/it\/wp-json\/wp\/v2\/categories?post=9697"},{"taxonomy":"post_tag","embeddable":true,"href":"https:\/\/blog.holyart.it\/it\/wp-json\/wp\/v2\/tags?post=9697"}],"curies":[{"name":"wp","href":"https:\/\/api.w.org\/{rel}","templated":true}]}}