{"id":9651,"date":"2020-06-04T16:29:57","date_gmt":"2020-06-04T14:29:57","guid":{"rendered":"https:\/\/blog.holyart.it\/it\/?p=9651"},"modified":"2023-04-28T09:44:53","modified_gmt":"2023-04-28T07:44:53","slug":"il-crocifisso-miracoloso-il-crocifisso-che-salvo-dalla-peste","status":"publish","type":"post","link":"https:\/\/blog.holyart.it\/it\/articoli-religiosi\/il-crocifisso-miracoloso-il-crocifisso-che-salvo-dalla-peste\/","title":{"rendered":"Il Crocifisso Miracoloso: il crocifisso che salv\u00f2 dalla peste"},"content":{"rendered":"<h4>C&#8217;\u00e8 un crocifisso miracoloso, che in tempi lontani salv\u00f2 Roma dalla peste. Oggi \u00e8 diventato il simbolo del mondo che prega e lotta contro la pandemia. Scopriamo qualcosa di pi\u00f9.<\/h4>\n<p>Oggi vogliamo parlare di un <strong><a href=\"https:\/\/www.holyart.it\/it\/articoli-religiosi\/crocefissi\">crocifisso<\/a><\/strong> miracoloso. \u00c8 un tempo che necessit\u00e0 miracoli, quelli che ciascuno di noi pu\u00f2 cercare di realizzare ogni giorno, per migliorare il mondo che lo circonda, e quelli pi\u00f9 grandi, che vengono dall&#8217;alto, per chi sa ancora credere, per chi si rivolge con fiducia a Dio nel bisogno.<\/p>\n<p>Venerd\u00ec 27 marzo, in una piazza San Pietro deserta, resa ancora pi\u00f9 spettrale dalla pioggia battente e dai lampeggianti delle macchine della polizia in lontananza, <a href=\"https:\/\/www.holyart.it\/it\/occasioni-speciali\/papa-francesco\"><strong>Papa Francesco<\/strong><\/a> ha pregato per la fine della pandemia e ha concesso l&#8217;indulgenza plenaria. Si \u00e8 trattato di una <em>Statio Orbis<\/em>, un momento di sosta, di sospensione, in cui milioni di persone collegate attraverso la TV e il web hanno assistito e partecipato alla preghiera del Sommo Pontefice. Lo scenario era drammatico, pi\u00f9 di quanto qualsiasi film abbia potuto rendere negli ultimi anni. In sottofondo alla voce del Papa, il suono delle campane e quello incessante delle sirene delle ambulanze.<\/p>\n<p>Un dettaglio ha catalizzato l&#8217;attenzione di tutti, fedeli e non, che hanno assistito a questa diretta destinata a restare nella storia del nostro tempo: Papa Francesco che pregava davanti a una grande <strong><a href=\"https:\/\/www.holyart.it\/it\/articoli-religiosi\/crocefissi\/crocifissi-in-legno\">crocifisso in legno<\/a><\/strong>. Impossibile distogliere lo sguardo da quella figura sofferente e magnifica, quel corpo straziato dalle ferite della Passione, l&#8217;agonia resa eterna dal legno, dalla mano sapiente di un anonimo artista vissuto molti secoli fa. Eppure sembrava cos\u00ec attuale quel Cristo in croce, cos\u00ec contingente il suo dolore, vicino a quello del Papa che pregava per il mondo, solo, sotto la pioggia che cadeva indifferente. Vicino a ciascuno di noi.<\/p>\n<p><img loading=\"lazy\" decoding=\"async\" class=\"alignnone wp-image-9654 size-full\" src=\"https:\/\/blog.holyart.it\/it\/wp-content\/uploads\/sites\/17\/2020\/06\/Papa-Francesco-Benedizione-Urbi-et-Orbi-27.03.2020.jpg\" alt=\"Papa-Francesco-Benedizione-Urbi-et-Orbi\" width=\"1200\" height=\"800\" \/><\/p>\n<p>Il crocifisso miracoloso che ha accompagnato Papa Francesco in questo giorno memorabile \u00e8 il cosiddetto Crocifisso di San Marcello, solitamente custodito nella chiesa di San Marcello al Corso, nel rione Trevi, lungo via del Corso, appunto, una delle vie dello shopping della capitale. La chiesa, risalente nella sua edificazione originaria al IV secolo, custodisce anche i resti di Papa Marcello I, perseguitato da Massenzio e morto di sfinimento nelle stalle del <em>catabulum<\/em> (ufficio postale centrale dello Stato).<\/p>\n<p>Ma cosa rende questo particolare crocifisso miracoloso? La leggenda vuole che il 22 maggio del 1519 un terribile <strong>incendio <\/strong>abbia raso al suolo la chiesa di San Marcello. Dalle rovine dell&#8217;edificio, tuttavia, venne tratto questo antico crocifisso in legno, risalente al XIV secolo, opera di un artista anonimo. Nonostante la distruzione che lo circondava, esso appariva miracolosamente intatto. Ai suoi piedi, ardeva ancora una piccola lampada ad olio. Come accadeva in quei casi, subito la storia del crocifisso miracoloso vol\u00f2 di bocca in bocca, e nacque un gruppo di preghiera ad esso devoto, che si riuniva ogni venerd\u00ec: la Compagnia del SS. Crocifisso, divenuta poi Arciconfraternita del Santissimo Crocifisso in Urbe, ancora oggi attiva. La chiesa venne riedificata e il crocifisso divenne oggetto di devozione popolare.<\/p>\n<p>Ma c&#8217;\u00e8 di pi\u00f9. Nel 1522, tre anni dopo l&#8217;incendio, Roma venne colpita da una<strong> terribile pestilenza<\/strong>. Mentre la morte percorreva instancabile le strade della Citt\u00e0 Eterna, mietendo vittime, qualcuno ricord\u00f2 il crocifisso miracoloso di San Marcello. I frati dei Servi di Maria portarono fuori il crocifisso, che per ben sedici giorni, dal 4 al 20 agosto, venne condotto in processione per tutti i quartieri della citt\u00e0. Alla fine di quel periodo, quando infine il crocifisso giunse in piazza San Pietro, la pestilenza si ferm\u00f2. A quel punto il potere miracoloso del <a href=\"https:\/\/www.holyart.it\/it\/articoli-religiosi\/crocefissi\/crocifissi-in-legno\/crocefisso-leonardo-val-gardena-legno-colorato-50-cm\"><strong>crocifisso<\/strong><\/a> di San Marcello venne riconosciuto da tutti.<\/p>\n<div class=\"link-product\">\n<div class=\"blocco-immagine\"><img loading=\"lazy\" decoding=\"async\" class=\"alignnone size-full wp-image-9655\" src=\"https:\/\/blog.holyart.it\/it\/wp-content\/uploads\/sites\/17\/2020\/06\/crocefisso-leonardo-val-gardena-legno-colorato-50-cm.jpg\" alt=\"crocefisso-leonardo-val-gardena-legno-colorato-50-cm\" width=\"100\" height=\"100\" \/><\/div>\n<div class=\"blocco-contenuto\">\n<div class=\"blocco-acquista\">Acquista su Holyart:<\/div>\n<div class=\"blocco-titolo\"><a href=\"https:\/\/www.holyart.it\/it\/articoli-religiosi\/crocefissi\/crocifissi-in-legno\/crocefisso-leonardo-val-gardena-legno-colorato-50-cm\">Crocefisso Val Gardena legno colorato<\/a><\/div>\n<div class=\"blocco-descrizione\">crocefisso, realizzato da artigiani della Val Gardena<\/div>\n<\/div>\n<\/div>\n<p>Nei secoli si perpetr\u00f2 l&#8217;usanza di portare in processione il crocifisso in occasione del Gioved\u00ec santo, il gioved\u00ec precedente la <a href=\"https:\/\/www.holyart.it\/it\/occasioni-speciali\/pasqua-e-quaresima\"><strong>Domenica di Pasqua<\/strong><\/a>. La processione partiva dalla chiesa di San Marcello e procedeva fino a San Pietro. La fama del crocifisso miracoloso \u00e8 perdurata attraverso i secoli.<br \/>\nNel 2000, al culmine della <strong>Giornata del Perdono<\/strong>, nell&#8217;ambito del Giubileo, l&#8217;allora Papa <strong><a href=\"https:\/\/www.holyart.it\/it\/occasioni-speciali\/giovanni-paolo-ii\">Giovanni Paolo II<\/a> <\/strong>abbracci\u00f2 quello stesso crocifisso.<br \/>\nSul retro della croce sono stati incisi i nomi dei Pontefici che si sono succeduti e gli anni in cui hanno avuto luogo i Giubilei.<\/p>\n<p>Gi\u00e0 il 15 marzo Papa Francesco aveva lasciato il Vaticano per recarsi a pregare davanti al crocifisso miracoloso.<br \/>\nPoi, il 27, come abbiamo detto, il crocifisso di San Marcello \u00e8 stato portato in piazza San Pietro, e con lui la <strong>Salus Populi Romani<\/strong>, l&#8217;icona bizantina che raffigura la Madonna col Bambino e che si trova nella cappella Paolina o Borghese della Basilica di Santa Maria Maggiore a Roma.<\/p>\n<p>Papa Francesco ha poi voluto che il crocifisso di San Marcello, per l&#8217;occasione in parte restaurato, venisse portato nella Basilica di San Pietro e posto sopra l&#8217;altare maggiore, sotto il <strong><a href=\"https:\/\/www.holyart.it\/blog\/articoli-religiosi\/storia-del-baldacchino-san-pietro\/\">Baldacchino di San Pietro<\/a><\/strong>, per la celebrazione della messa della <strong>Domenica delle Palme<\/strong> e per tutti i riti della <a href=\"https:\/\/www.holyart.it\/blog\/accessori-liturgia\/i-riti-della-settimana-santa\/\"><strong>Settimana Santa<\/strong>.<\/a><\/p>\n<div class=\"link-article\">\n<p><img loading=\"lazy\" decoding=\"async\" class=\"alignleft size-full wp-image-9652\" src=\"https:\/\/blog.holyart.it\/it\/wp-content\/uploads\/sites\/17\/2020\/06\/Baldacchino-di-San-Pietro-1.jpg\" alt=\"Baldacchino-di-San-Pietro\" width=\"150\" height=\"97\" \/><\/p>\n<div class=\"leggi-anche\">Leggi anche:<\/div>\n<p><strong><a href=\"https:\/\/www.holyart.it\/blog\/articoli-religiosi\/storia-del-baldacchino-san-pietro\/\">Storia del Baldacchino di San Pietro<\/a><\/strong><br \/>\nIl Baldacchino di San Pietro \u00e8 uno dei monumenti pi\u00f9 spettacolari che si possono ammirare all\u2019interno della Basilica di San Pietro.<\/p>\n<\/div>\n<p>Una decisione comprensibile. Oggi pi\u00f9 che mai, in questa Pasqua celebrata nelle chiese deserte, senza ulivo benedetto, senza Eucarestia, il bisogno di poter trovare conforto in immagini di bellezza e forte spiritualit\u00e0 e pi\u00f9 grande che mai. Del resto questo \u00e8 stato da sempre il messaggio portato avanti dall&#8217;arte sacra, la volont\u00e0 di elevare lo spirito e emozionare il cuore davanti a una rappresentazione visiva di ci\u00f2 che \u00e8 altrimenti ineffabile, invisibile. In particolare un&#8217;opera come il crocifisso miracoloso di San Marcello, con il suo carico di sofferenza e speranza, con l&#8217;eco di secoli di preghiere e devozioni versate sulle sue membra contratte dal dolore, incarna molto bene il dramma in cui il mondo si sta dibattendo.<\/p>\n<p>In questo momento pi\u00f9 che mai \u00e8 necessario cercare conforto in figure capaci di ispirare il bene, ricordare <strong><a href=\"https:\/\/www.holyart.it\/blog\/santi-e-beati\/santi-guaritori-a-cui-rivolgersi-contro-le-malattie\/\">Santi e le Sante guaritori che proteggono e aiutano contro le malattie<\/a><\/strong>, o simboli di devozione e fede, come questo crocifisso che salv\u00f2 Roma dalla peste.<\/p>\n<div class=\"link-article\">\n<p><img loading=\"lazy\" decoding=\"async\" class=\"alignleft size-full wp-image-9653\" src=\"https:\/\/blog.holyart.it\/it\/wp-content\/uploads\/sites\/17\/2020\/06\/i-santi-contro-malattie.jpg\" alt=\"i-santi-contro-malattie\" width=\"150\" height=\"99\" \/><\/p>\n<div class=\"leggi-anche\">Leggi anche:<\/div>\n<p><strong><a href=\"https:\/\/www.holyart.it\/blog\/santi-e-beati\/santi-guaritori-a-cui-rivolgersi-contro-le-malattie\/\">Santi Guaritori a cui rivolgersi contro le malattie<\/a><\/strong><br \/>\nDa sempre l\u2019uomo invoca Dio per avere aiuto e conforto in caso di malattie gravi. Ma ci sono sei santi patroni&#8230;<\/p>\n<\/div>\n<p>Proprio come ha fatto il Papa, anche noi imploriamo per una pausa, un momento di sospensione, che apra le menti e i cuori e ci conduca a Dio, lasciando entrare la speranza che la Pasqua rappresenta.<\/p>\n","protected":false},"excerpt":{"rendered":"<p>C&#8217;\u00e8 un crocifisso miracoloso, che in tempi lontani salv\u00f2 Roma dalla peste. Oggi \u00e8 diventato il simbolo del mondo che prega e lotta contro la pandemia. Scopriamo qualcosa di pi\u00f9. Oggi vogliamo parlare di un crocifisso miracoloso. \u00c8 un tempo che necessit\u00e0 miracoli, quelli che&hellip;<\/p>\n","protected":false},"author":1,"featured_media":9657,"comment_status":"closed","ping_status":"open","sticky":false,"template":"","format":"standard","meta":{"_acf_changed":false,"footnotes":""},"categories":[16],"tags":[],"class_list":["post-9651","post","type-post","status-publish","format-standard","has-post-thumbnail","hentry","category-articoli-religiosi"],"acf":[],"yoast_head":"<!-- This site is optimized with the Yoast SEO plugin v26.6 - https:\/\/yoast.com\/wordpress\/plugins\/seo\/ -->\n<title>Il Crocifisso Miracoloso: il crocifisso che salv\u00f2 dalla peste - Holyblog<\/title>\n<meta name=\"description\" content=\"C&#039;\u00e8 un crocifisso miracoloso, che in tempi lontani salv\u00f2 Roma dalla peste. Oggi \u00e8 diventato il simbolo del mondo che prega e lotta contro la pandemia.\" \/>\n<meta name=\"robots\" content=\"index, follow, max-snippet:-1, max-image-preview:large, max-video-preview:-1\" \/>\n<link rel=\"canonical\" href=\"https:\/\/blog.holyart.it\/it\/articoli-religiosi\/il-crocifisso-miracoloso-il-crocifisso-che-salvo-dalla-peste\/\" \/>\n<meta property=\"og:locale\" content=\"it_IT\" \/>\n<meta property=\"og:type\" content=\"article\" \/>\n<meta property=\"og:title\" content=\"Il Crocifisso Miracoloso: il crocifisso che salv\u00f2 dalla peste - Holyblog\" \/>\n<meta property=\"og:description\" content=\"C&#039;\u00e8 un crocifisso miracoloso, che in tempi lontani salv\u00f2 Roma dalla peste. Oggi \u00e8 diventato il simbolo del mondo che prega e lotta contro la pandemia.\" \/>\n<meta property=\"og:url\" content=\"https:\/\/blog.holyart.it\/it\/articoli-religiosi\/il-crocifisso-miracoloso-il-crocifisso-che-salvo-dalla-peste\/\" \/>\n<meta property=\"og:site_name\" content=\"Holyblog\" \/>\n<meta property=\"article:published_time\" content=\"2020-06-04T14:29:57+00:00\" \/>\n<meta property=\"article:modified_time\" content=\"2023-04-28T07:44:53+00:00\" \/>\n<meta property=\"og:image\" content=\"https:\/\/blog.holyart.it\/it\/wp-content\/uploads\/sites\/17\/2020\/06\/crocifisso-miracoloso.jpg\" \/>\n\t<meta property=\"og:image:width\" content=\"1000\" \/>\n\t<meta property=\"og:image:height\" content=\"666\" \/>\n\t<meta property=\"og:image:type\" content=\"image\/jpeg\" \/>\n<meta name=\"author\" content=\"Redazione\" \/>\n<meta name=\"twitter:card\" content=\"summary_large_image\" \/>\n<meta name=\"twitter:label1\" content=\"Scritto da\" \/>\n\t<meta name=\"twitter:data1\" content=\"Redazione\" \/>\n\t<meta name=\"twitter:label2\" content=\"Tempo di lettura stimato\" \/>\n\t<meta name=\"twitter:data2\" content=\"7 minuti\" \/>\n<script type=\"application\/ld+json\" class=\"yoast-schema-graph\">{\"@context\":\"https:\/\/schema.org\",\"@graph\":[{\"@type\":\"Article\",\"@id\":\"https:\/\/blog.holyart.it\/it\/articoli-religiosi\/il-crocifisso-miracoloso-il-crocifisso-che-salvo-dalla-peste\/#article\",\"isPartOf\":{\"@id\":\"https:\/\/blog.holyart.it\/it\/articoli-religiosi\/il-crocifisso-miracoloso-il-crocifisso-che-salvo-dalla-peste\/\"},\"author\":{\"name\":\"Redazione\",\"@id\":\"https:\/\/blog.holyart.it\/it\/#\/schema\/person\/0a7b686e5af0f856ec1e390dd0baecda\"},\"headline\":\"Il Crocifisso Miracoloso: il crocifisso che salv\u00f2 dalla peste\",\"datePublished\":\"2020-06-04T14:29:57+00:00\",\"dateModified\":\"2023-04-28T07:44:53+00:00\",\"mainEntityOfPage\":{\"@id\":\"https:\/\/blog.holyart.it\/it\/articoli-religiosi\/il-crocifisso-miracoloso-il-crocifisso-che-salvo-dalla-peste\/\"},\"wordCount\":1069,\"publisher\":{\"@id\":\"https:\/\/blog.holyart.it\/it\/#organization\"},\"image\":{\"@id\":\"https:\/\/blog.holyart.it\/it\/articoli-religiosi\/il-crocifisso-miracoloso-il-crocifisso-che-salvo-dalla-peste\/#primaryimage\"},\"thumbnailUrl\":\"https:\/\/blog.holyart.it\/it\/wp-content\/uploads\/sites\/17\/2020\/06\/crocifisso-miracoloso.jpg\",\"articleSection\":[\"Religione\"],\"inLanguage\":\"it-IT\"},{\"@type\":\"WebPage\",\"@id\":\"https:\/\/blog.holyart.it\/it\/articoli-religiosi\/il-crocifisso-miracoloso-il-crocifisso-che-salvo-dalla-peste\/\",\"url\":\"https:\/\/blog.holyart.it\/it\/articoli-religiosi\/il-crocifisso-miracoloso-il-crocifisso-che-salvo-dalla-peste\/\",\"name\":\"Il Crocifisso Miracoloso: il crocifisso che salv\u00f2 dalla peste - Holyblog\",\"isPartOf\":{\"@id\":\"https:\/\/blog.holyart.it\/it\/#website\"},\"primaryImageOfPage\":{\"@id\":\"https:\/\/blog.holyart.it\/it\/articoli-religiosi\/il-crocifisso-miracoloso-il-crocifisso-che-salvo-dalla-peste\/#primaryimage\"},\"image\":{\"@id\":\"https:\/\/blog.holyart.it\/it\/articoli-religiosi\/il-crocifisso-miracoloso-il-crocifisso-che-salvo-dalla-peste\/#primaryimage\"},\"thumbnailUrl\":\"https:\/\/blog.holyart.it\/it\/wp-content\/uploads\/sites\/17\/2020\/06\/crocifisso-miracoloso.jpg\",\"datePublished\":\"2020-06-04T14:29:57+00:00\",\"dateModified\":\"2023-04-28T07:44:53+00:00\",\"description\":\"C'\u00e8 un crocifisso miracoloso, che in tempi lontani salv\u00f2 Roma dalla peste. Oggi \u00e8 diventato il simbolo del mondo che prega e lotta contro la pandemia.\",\"breadcrumb\":{\"@id\":\"https:\/\/blog.holyart.it\/it\/articoli-religiosi\/il-crocifisso-miracoloso-il-crocifisso-che-salvo-dalla-peste\/#breadcrumb\"},\"inLanguage\":\"it-IT\",\"potentialAction\":[{\"@type\":\"ReadAction\",\"target\":[\"https:\/\/blog.holyart.it\/it\/articoli-religiosi\/il-crocifisso-miracoloso-il-crocifisso-che-salvo-dalla-peste\/\"]}]},{\"@type\":\"ImageObject\",\"inLanguage\":\"it-IT\",\"@id\":\"https:\/\/blog.holyart.it\/it\/articoli-religiosi\/il-crocifisso-miracoloso-il-crocifisso-che-salvo-dalla-peste\/#primaryimage\",\"url\":\"https:\/\/blog.holyart.it\/it\/wp-content\/uploads\/sites\/17\/2020\/06\/crocifisso-miracoloso.jpg\",\"contentUrl\":\"https:\/\/blog.holyart.it\/it\/wp-content\/uploads\/sites\/17\/2020\/06\/crocifisso-miracoloso.jpg\",\"width\":1000,\"height\":666,\"caption\":\"crocifisso miracoloso\"},{\"@type\":\"BreadcrumbList\",\"@id\":\"https:\/\/blog.holyart.it\/it\/articoli-religiosi\/il-crocifisso-miracoloso-il-crocifisso-che-salvo-dalla-peste\/#breadcrumb\",\"itemListElement\":[{\"@type\":\"ListItem\",\"position\":1,\"name\":\"Homepage\",\"item\":\"https:\/\/blog.holyart.it\/it\/\"},{\"@type\":\"ListItem\",\"position\":2,\"name\":\"Religione\",\"item\":\"https:\/\/blog.holyart.it\/it\/articoli-religiosi\/\"},{\"@type\":\"ListItem\",\"position\":3,\"name\":\"Il Crocifisso Miracoloso: il crocifisso che salv\u00f2 dalla peste\"}]},{\"@type\":\"WebSite\",\"@id\":\"https:\/\/blog.holyart.it\/it\/#website\",\"url\":\"https:\/\/blog.holyart.it\/it\/\",\"name\":\"Holyblog\",\"description\":\"Il Blog di Holyart.it\",\"publisher\":{\"@id\":\"https:\/\/blog.holyart.it\/it\/#organization\"},\"potentialAction\":[{\"@type\":\"SearchAction\",\"target\":{\"@type\":\"EntryPoint\",\"urlTemplate\":\"https:\/\/blog.holyart.it\/it\/?s={search_term_string}\"},\"query-input\":{\"@type\":\"PropertyValueSpecification\",\"valueRequired\":true,\"valueName\":\"search_term_string\"}}],\"inLanguage\":\"it-IT\"},{\"@type\":\"Organization\",\"@id\":\"https:\/\/blog.holyart.it\/it\/#organization\",\"name\":\"Holyblog\",\"url\":\"https:\/\/blog.holyart.it\/it\/\",\"logo\":{\"@type\":\"ImageObject\",\"inLanguage\":\"it-IT\",\"@id\":\"https:\/\/blog.holyart.it\/it\/#\/schema\/logo\/image\/\",\"url\":\"https:\/\/blog.holyart.it\/it\/wp-content\/uploads\/sites\/17\/2022\/12\/Holyart_Blog_Logo.jpg\",\"contentUrl\":\"https:\/\/blog.holyart.it\/it\/wp-content\/uploads\/sites\/17\/2022\/12\/Holyart_Blog_Logo.jpg\",\"width\":300,\"height\":50,\"caption\":\"Holyblog\"},\"image\":{\"@id\":\"https:\/\/blog.holyart.it\/it\/#\/schema\/logo\/image\/\"}},{\"@type\":\"Person\",\"@id\":\"https:\/\/blog.holyart.it\/it\/#\/schema\/person\/0a7b686e5af0f856ec1e390dd0baecda\",\"name\":\"Redazione\"}]}<\/script>\n<!-- \/ Yoast SEO plugin. -->","yoast_head_json":{"title":"Il Crocifisso Miracoloso: il crocifisso che salv\u00f2 dalla peste - Holyblog","description":"C'\u00e8 un crocifisso miracoloso, che in tempi lontani salv\u00f2 Roma dalla peste. Oggi \u00e8 diventato il simbolo del mondo che prega e lotta contro la pandemia.","robots":{"index":"index","follow":"follow","max-snippet":"max-snippet:-1","max-image-preview":"max-image-preview:large","max-video-preview":"max-video-preview:-1"},"canonical":"https:\/\/blog.holyart.it\/it\/articoli-religiosi\/il-crocifisso-miracoloso-il-crocifisso-che-salvo-dalla-peste\/","og_locale":"it_IT","og_type":"article","og_title":"Il Crocifisso Miracoloso: il crocifisso che salv\u00f2 dalla peste - Holyblog","og_description":"C'\u00e8 un crocifisso miracoloso, che in tempi lontani salv\u00f2 Roma dalla peste. Oggi \u00e8 diventato il simbolo del mondo che prega e lotta contro la pandemia.","og_url":"https:\/\/blog.holyart.it\/it\/articoli-religiosi\/il-crocifisso-miracoloso-il-crocifisso-che-salvo-dalla-peste\/","og_site_name":"Holyblog","article_published_time":"2020-06-04T14:29:57+00:00","article_modified_time":"2023-04-28T07:44:53+00:00","og_image":[{"width":1000,"height":666,"url":"https:\/\/blog.holyart.it\/it\/wp-content\/uploads\/sites\/17\/2020\/06\/crocifisso-miracoloso.jpg","type":"image\/jpeg"}],"author":"Redazione","twitter_card":"summary_large_image","twitter_misc":{"Scritto da":"Redazione","Tempo di lettura stimato":"7 minuti"},"schema":{"@context":"https:\/\/schema.org","@graph":[{"@type":"Article","@id":"https:\/\/blog.holyart.it\/it\/articoli-religiosi\/il-crocifisso-miracoloso-il-crocifisso-che-salvo-dalla-peste\/#article","isPartOf":{"@id":"https:\/\/blog.holyart.it\/it\/articoli-religiosi\/il-crocifisso-miracoloso-il-crocifisso-che-salvo-dalla-peste\/"},"author":{"name":"Redazione","@id":"https:\/\/blog.holyart.it\/it\/#\/schema\/person\/0a7b686e5af0f856ec1e390dd0baecda"},"headline":"Il Crocifisso Miracoloso: il crocifisso che salv\u00f2 dalla peste","datePublished":"2020-06-04T14:29:57+00:00","dateModified":"2023-04-28T07:44:53+00:00","mainEntityOfPage":{"@id":"https:\/\/blog.holyart.it\/it\/articoli-religiosi\/il-crocifisso-miracoloso-il-crocifisso-che-salvo-dalla-peste\/"},"wordCount":1069,"publisher":{"@id":"https:\/\/blog.holyart.it\/it\/#organization"},"image":{"@id":"https:\/\/blog.holyart.it\/it\/articoli-religiosi\/il-crocifisso-miracoloso-il-crocifisso-che-salvo-dalla-peste\/#primaryimage"},"thumbnailUrl":"https:\/\/blog.holyart.it\/it\/wp-content\/uploads\/sites\/17\/2020\/06\/crocifisso-miracoloso.jpg","articleSection":["Religione"],"inLanguage":"it-IT"},{"@type":"WebPage","@id":"https:\/\/blog.holyart.it\/it\/articoli-religiosi\/il-crocifisso-miracoloso-il-crocifisso-che-salvo-dalla-peste\/","url":"https:\/\/blog.holyart.it\/it\/articoli-religiosi\/il-crocifisso-miracoloso-il-crocifisso-che-salvo-dalla-peste\/","name":"Il Crocifisso Miracoloso: il crocifisso che salv\u00f2 dalla peste - Holyblog","isPartOf":{"@id":"https:\/\/blog.holyart.it\/it\/#website"},"primaryImageOfPage":{"@id":"https:\/\/blog.holyart.it\/it\/articoli-religiosi\/il-crocifisso-miracoloso-il-crocifisso-che-salvo-dalla-peste\/#primaryimage"},"image":{"@id":"https:\/\/blog.holyart.it\/it\/articoli-religiosi\/il-crocifisso-miracoloso-il-crocifisso-che-salvo-dalla-peste\/#primaryimage"},"thumbnailUrl":"https:\/\/blog.holyart.it\/it\/wp-content\/uploads\/sites\/17\/2020\/06\/crocifisso-miracoloso.jpg","datePublished":"2020-06-04T14:29:57+00:00","dateModified":"2023-04-28T07:44:53+00:00","description":"C'\u00e8 un crocifisso miracoloso, che in tempi lontani salv\u00f2 Roma dalla peste. Oggi \u00e8 diventato il simbolo del mondo che prega e lotta contro la pandemia.","breadcrumb":{"@id":"https:\/\/blog.holyart.it\/it\/articoli-religiosi\/il-crocifisso-miracoloso-il-crocifisso-che-salvo-dalla-peste\/#breadcrumb"},"inLanguage":"it-IT","potentialAction":[{"@type":"ReadAction","target":["https:\/\/blog.holyart.it\/it\/articoli-religiosi\/il-crocifisso-miracoloso-il-crocifisso-che-salvo-dalla-peste\/"]}]},{"@type":"ImageObject","inLanguage":"it-IT","@id":"https:\/\/blog.holyart.it\/it\/articoli-religiosi\/il-crocifisso-miracoloso-il-crocifisso-che-salvo-dalla-peste\/#primaryimage","url":"https:\/\/blog.holyart.it\/it\/wp-content\/uploads\/sites\/17\/2020\/06\/crocifisso-miracoloso.jpg","contentUrl":"https:\/\/blog.holyart.it\/it\/wp-content\/uploads\/sites\/17\/2020\/06\/crocifisso-miracoloso.jpg","width":1000,"height":666,"caption":"crocifisso miracoloso"},{"@type":"BreadcrumbList","@id":"https:\/\/blog.holyart.it\/it\/articoli-religiosi\/il-crocifisso-miracoloso-il-crocifisso-che-salvo-dalla-peste\/#breadcrumb","itemListElement":[{"@type":"ListItem","position":1,"name":"Homepage","item":"https:\/\/blog.holyart.it\/it\/"},{"@type":"ListItem","position":2,"name":"Religione","item":"https:\/\/blog.holyart.it\/it\/articoli-religiosi\/"},{"@type":"ListItem","position":3,"name":"Il Crocifisso Miracoloso: il crocifisso che salv\u00f2 dalla peste"}]},{"@type":"WebSite","@id":"https:\/\/blog.holyart.it\/it\/#website","url":"https:\/\/blog.holyart.it\/it\/","name":"Holyblog","description":"Il Blog di Holyart.it","publisher":{"@id":"https:\/\/blog.holyart.it\/it\/#organization"},"potentialAction":[{"@type":"SearchAction","target":{"@type":"EntryPoint","urlTemplate":"https:\/\/blog.holyart.it\/it\/?s={search_term_string}"},"query-input":{"@type":"PropertyValueSpecification","valueRequired":true,"valueName":"search_term_string"}}],"inLanguage":"it-IT"},{"@type":"Organization","@id":"https:\/\/blog.holyart.it\/it\/#organization","name":"Holyblog","url":"https:\/\/blog.holyart.it\/it\/","logo":{"@type":"ImageObject","inLanguage":"it-IT","@id":"https:\/\/blog.holyart.it\/it\/#\/schema\/logo\/image\/","url":"https:\/\/blog.holyart.it\/it\/wp-content\/uploads\/sites\/17\/2022\/12\/Holyart_Blog_Logo.jpg","contentUrl":"https:\/\/blog.holyart.it\/it\/wp-content\/uploads\/sites\/17\/2022\/12\/Holyart_Blog_Logo.jpg","width":300,"height":50,"caption":"Holyblog"},"image":{"@id":"https:\/\/blog.holyart.it\/it\/#\/schema\/logo\/image\/"}},{"@type":"Person","@id":"https:\/\/blog.holyart.it\/it\/#\/schema\/person\/0a7b686e5af0f856ec1e390dd0baecda","name":"Redazione"}]}},"_links":{"self":[{"href":"https:\/\/blog.holyart.it\/it\/wp-json\/wp\/v2\/posts\/9651","targetHints":{"allow":["GET"]}}],"collection":[{"href":"https:\/\/blog.holyart.it\/it\/wp-json\/wp\/v2\/posts"}],"about":[{"href":"https:\/\/blog.holyart.it\/it\/wp-json\/wp\/v2\/types\/post"}],"author":[{"embeddable":true,"href":"https:\/\/blog.holyart.it\/it\/wp-json\/wp\/v2\/users\/1"}],"replies":[{"embeddable":true,"href":"https:\/\/blog.holyart.it\/it\/wp-json\/wp\/v2\/comments?post=9651"}],"version-history":[{"count":1,"href":"https:\/\/blog.holyart.it\/it\/wp-json\/wp\/v2\/posts\/9651\/revisions"}],"predecessor-version":[{"id":17537,"href":"https:\/\/blog.holyart.it\/it\/wp-json\/wp\/v2\/posts\/9651\/revisions\/17537"}],"wp:featuredmedia":[{"embeddable":true,"href":"https:\/\/blog.holyart.it\/it\/wp-json\/wp\/v2\/media\/9657"}],"wp:attachment":[{"href":"https:\/\/blog.holyart.it\/it\/wp-json\/wp\/v2\/media?parent=9651"}],"wp:term":[{"taxonomy":"category","embeddable":true,"href":"https:\/\/blog.holyart.it\/it\/wp-json\/wp\/v2\/categories?post=9651"},{"taxonomy":"post_tag","embeddable":true,"href":"https:\/\/blog.holyart.it\/it\/wp-json\/wp\/v2\/tags?post=9651"}],"curies":[{"name":"wp","href":"https:\/\/api.w.org\/{rel}","templated":true}]}}