{"id":9621,"date":"2020-06-09T16:20:48","date_gmt":"2020-06-09T14:20:48","guid":{"rendered":"https:\/\/blog.holyart.it\/it\/?p=9621"},"modified":"2021-04-20T15:41:57","modified_gmt":"2021-04-20T13:41:57","slug":"coronavirus-dispositivi-per-celebrare-la-messa-in-sicurezza","status":"publish","type":"post","link":"https:\/\/blog.holyart.it\/it\/accessori-liturgia\/coronavirus-dispositivi-per-celebrare-la-messa-in-sicurezza\/","title":{"rendered":"Coronavirus: dispositivi per celebrare la Messa in sicurezza"},"content":{"rendered":"<h4>Di nuovo a messa dal 18 maggio. Insieme, ma in sicurezza. Ecco i dispositivi di sicurezza e protezione indispensabili per sacerdoti e fedeli.<\/h4>\n\n<p><span style=\"font-weight: 400;\">Dopo la forzata sospensione a partire dell\u20198 marzo di tutte le attivit\u00e0 parrocchiali e, per la prima volta nella storia del nostro paese, <\/span><b>anche della messa<\/b><span style=\"font-weight: 400;\">, lentamente il popolo dei fedeli sta tornando alla normalit\u00e0.<\/span><\/p>\n<p><span style=\"font-weight: 400;\">Una normalit\u00e0 sofferta, perch\u00e9 ci\u00f2 che \u00e8 accaduto ha sconvolto nel profondo non solo chi per colpa del COVID, ha patito la perdita di una persona cara, e nel pi\u00f9 crudele e inumano dei modi. La pandemia che ha colpito il mondo ha costretto ciascuno di noi a scendere a compromessi con una serie di <\/span><b>restrizioni<\/b><span style=\"font-weight: 400;\"> fino a poco tempo fa inconcepibili, almeno per un paese come il nostro, abituato da molto tempo a godere di una libert\u00e0 pressoch\u00e9 sfrenata. Se da un lato ci piace pensare che la forzata reclusione in casa abbia avuto come effetto quello di <\/span><b>rinsaldare i legami famigliari<\/b><span style=\"font-weight: 400;\">, facendoci ricordare quanto sia importante e prezioso avere vicini coloro che amiamo, bambini e anziani prima di tutto, dall\u2019altra siamo consapevoli di come questo stato di cose abbia potuto esacerbare situazioni di disagio e solitudine gi\u00e0 prima pesanti.<\/span><\/p>\n<p><b>Ora stiamo ricominciando a vivere<\/b><span style=\"font-weight: 400;\">, con una serie di cambiamenti destinati a restare in vigore per molto tempo. La vita di chi frequenta la chiesa sta tornando lentamente alla normalit\u00e0, ma hanno fatto la loro comparsa <\/span><b>nuovi oggetti<\/b><span style=\"font-weight: 400;\"> destinati a diventare parte integrante non solo dei nostri gesti quotidiani, ma perfino dei rituali eucaristici.<\/span><\/p>\n<p><span style=\"font-weight: 400;\">Il fine di tutto questo? Evitare che succeda di nuovo.\u00a0<\/span><\/p>\n<p><span style=\"font-weight: 400;\">Proteggere noi stessi e gli altri, come non abbiamo potuto proteggere tutti coloro i quali hanno perso la vita a causa di questo flagello. Siamo pi\u00f9 forti ora, <\/span><b>pi\u00f9 consapevoli dei rischi e delle precauzioni<\/b><span style=\"font-weight: 400;\"> necessarie per evitare di correrli. Indossare una <\/span><b>mascherina<\/b><span style=\"font-weight: 400;\">, mantenere il <\/span><a href=\"https:\/\/www.holyart.it\/it\/accessori-per-la-liturgia\/dispositivi-di-protezione-e-sicurezza\/adesivi-removibili-4-pz-mantieni-almeno-1-mt-distanza\"><b>distanziamento sociale<\/b><\/a><span style=\"font-weight: 400;\">, utilizzare spesso i <\/span><b>dispenser per lavarsi le mani<\/b><span style=\"font-weight: 400;\">, sono gesti di responsabilit\u00e0 civile ma, soprattutto per i cristiani, anche gesti d\u2019amore.<\/span><\/p>\n<div class=\"link-product\">\n<div class=\"blocco-immagine\"><img loading=\"lazy\" decoding=\"async\" class=\"alignnone size-full wp-image-9632\" src=\"https:\/\/blog.holyart.it\/it\/wp-content\/uploads\/sites\/17\/2020\/06\/adesivi-removibili-4-pz-mantieni-almeno-1-mt-distanza.jpg\" alt=\"adesivi-removibili-4-pz-mantieni-almeno-1-mt-distanza\" width=\"100\" height=\"100\" \/><\/div>\n<div class=\"blocco-contenuto\">\n<div class=\"blocco-acquista\">Acquista su Holyart:<\/div>\n<div class=\"blocco-titolo\"><a href=\"https:\/\/www.holyart.it\/it\/accessori-per-la-liturgia\/dispositivi-di-protezione-e-sicurezza\/adesivi-removibili-4-pz-mantieni-almeno-1-mt-distanza\">Adesivi 4 PZ &#8211; MANTIENI 1 MT DISTANZA<\/a><\/div>\n<div class=\"blocco-descrizione\">Dotati di microventose che non rovinano le superfici<\/div>\n<\/div>\n<\/div>\n<p><b>Pi\u00f9 stai lontano, pi\u00f9 dimostri di essere vicino. Rinunciare a tutto per non perdere pi\u00f9 niente, nessuno.<\/b><\/p>\n<p><span style=\"font-weight: 400;\">Torniamo in chiesa, dunque, e l\u2019odore di igienizzante sembra coprire del tutto quello dell\u2019incenso, dei fiori che ornano gli altari. Si entra con accesso limitato, mantenendo un metro di distanza tra una persona e l\u2019altra, con mascherina e guanti. Ma si entra, e anche se non possiamo pi\u00f9 scambiarci il segno della pace, anche se il sacerdote ci parla attraverso il tessuto della mascherina, in tinta con l\u2019abito talare, il conforto che traiamo da poter essere ancora nella casa del Signore insieme \u00e8 immenso.<\/span><\/p>\n<p>Ci stringiamo in un abbraccio che coinvolge anche chi non ce l\u2019ha fatta, chi non c\u2019\u00e8 pi\u00f9, e forse quelle sedie vuote poste per garantire il distanziamento sono proprio per loro, per chi ci ha lasciato, ma resta nelle nostre preghiere, nei nostri cuori, sempre.<\/p>\n<p><span style=\"font-weight: 400;\">Per quanto riguarda le <\/span><b>norme che regolano la celebrazione della messa<\/b><span style=\"font-weight: 400;\">, non \u00e8 consentita la presenza di un <\/span><b>coro<\/b><span style=\"font-weight: 400;\">, ma solo di una voce individuale o di un strumento. Inoltre non verranno pi\u00f9 distribuiti i <\/span><b>libretti dei canti<\/b><span style=\"font-weight: 400;\"> n\u00e9 altro materiale cartaceo. <\/span><span style=\"font-weight: 400;\"><br \/>\n<\/span><span style=\"font-weight: 400;\">Durante l\u2019offertorio nessuno passer\u00e0 tra i banchi per raccogliere le <\/span><b>offerte<\/b><span style=\"font-weight: 400;\">, che potranno essere lasciate all\u2019uscita e verranno raccolta da un addetto del servizio d\u2019ordine.<\/span><span style=\"font-weight: 400;\"><br \/>\n<\/span><a href=\"https:\/\/www.holyart.it\/it\/accessori-per-la-liturgia\/calici-pissidi-patene\"><b>Calice, patena e pissidi<\/b><\/a><span style=\"font-weight: 400;\"> verranno coperti con coperchi di plexiglass durante la preghiera eucaristica.<\/span><\/p>\n<p><span style=\"font-weight: 400;\">Il celebrante e gli altri ministri si disinfetteranno le mani prima della distribuzione della <\/span><b>comunione<\/b><span style=\"font-weight: 400;\">.<\/span><\/p>\n<p><span style=\"font-weight: 400;\">Ma quali sono i <\/span><a href=\"https:\/\/www.holyart.it\/it\/accessori-per-la-liturgia\/dispositivi-di-protezione-e-sicurezza\"><b>dispositivi di protezione individuali<\/b> <b>anti contagio<\/b><\/a><span style=\"font-weight: 400;\"> necessari per frequentare in tutta sicurezza la chiesa e assistere alla Santa Messa? L\u2019acronimo che li definisce \u00e8 <\/span><b>DPI<\/b><span style=\"font-weight: 400;\"> (Dispositivi di Protezione Individuale) e ce ne sono di molti tipi, tutti con una funzione precisa. Ad essi si aggiungono i<\/span><b> dispositivi di sicurezza <\/b><span style=\"font-weight: 400;\">allestiti all\u2019interno dei luoghi di culto: pannelli e barriere in\u00a0plexiglass\u00a0parafiato, pinze per la\u00a0distribuzione\u00a0delle particole,\u00a0portadispenser per gel\u00a0igienizzante,\u00a0pissidi\u00a0con\u00a0coperchi in plexiglass.<\/span><\/p>\n<p style=\"text-align: center;\"><iframe loading=\"lazy\" src=\"https:\/\/www.youtube.com\/embed\/PpdH6wwLHlI\" width=\"800\" height=\"450\" frameborder=\"0\" allowfullscreen=\"allowfullscreen\"><\/iframe><\/p>\n<h2><span style=\"font-weight: 400;\">Pissidi con coperchio girevole\u00a0<\/span><\/h2>\n<p><span style=\"font-weight: 400;\">La pisside \u00e8 un vaso sacro nel quale vengono riposte le ostie consacrate per poterle distribuire ai fedeli.<\/span><\/p>\n<p><span style=\"font-weight: 400;\">In vista dell&#8217;estate e dell&#8217;inizio delle celebrazioni all&#8217;esterno,\u00a0che forniscono maggiore libert\u00e0 nella gestione degli spazi durante le messe, abbiamo pensato a delle pissidi con coperchio girevole in plexiglass utili per evitare eventuali contaminazioni dovute ad agenti esterni quali il vento o la polvere.<\/span><\/p>\n<p><span style=\"font-weight: 400;\">Infatti il coperchio \u00e8 composto da due mezzelune in plexiglass di cui una \u00e8 fissa e l&#8217;altra mobile. Il sacerdote pu\u00f2 prendere la particola senza alzare il coperchio ogni volta, semplicemente ruotando la mezzaluna girevole, per poi richiudere la pisside con un semplice gesto.<\/span><\/p>\n<div class=\"link-product\">\n<div class=\"blocco-immagine\"><img loading=\"lazy\" decoding=\"async\" class=\"alignnone size-full wp-image-9623\" src=\"https:\/\/blog.holyart.it\/it\/wp-content\/uploads\/sites\/17\/2020\/06\/pisside-ottone-con-coperchio-in-plexiglass.jpg\" alt=\"pisside-ottone-con-coperchio-in-plexiglass\" width=\"100\" height=\"100\" \/><\/div>\n<div class=\"blocco-contenuto\">\n<div class=\"blocco-acquista\">Acquista su Holyart:<\/div>\n<div class=\"blocco-titolo\"><a href=\"https:\/\/www.holyart.it\/it\/accessori-per-la-liturgia\/calici-pissidi-patene\/calici-pissidi-patene-metallo\/pisside-ottone-con-coperchio-in-plexiglass\">Pisside ottone con coperchio in plexiglass<\/a><\/div>\n<div class=\"blocco-descrizione\">Pisside in ottone dorato, con coperchio in plexiglass.<\/div>\n<\/div>\n<\/div>\n<h2><span style=\"font-weight: 400;\">Pinze<\/span><\/h2>\n<p><span style=\"font-weight: 400;\">Durante la distribuzione delle ostie consacrate <\/span><b>le pinze<\/b><span style=\"font-weight: 400;\"> diventano uno <\/span><b>strumento indispensabile<\/b><span style=\"font-weight: 400;\"> per il ministro, per evitare rischi di contagio. Le pinze Holyart realizzate in Italia sono leggere, maneggevoli e non rompono l&#8217;ostia.<\/span><\/p>\n<p>Non bisogna pensare che l\u2019utilizzo di questo strumento possa contaminare la sacralit\u00e0 della cerimonia eucaristica.<br \/>\nAnzi, \u00e8 proprio acquisendo comportamenti virtuosi, che preservano noi e gli altri dal contagio, che dimostriamo in modo ancora pi\u00f9 efficacie il nostro impegno e la nostra fede.<\/p>\n<div class=\"link-product\">\n<div class=\"blocco-immagine\"><img loading=\"lazy\" decoding=\"async\" class=\"alignnone size-full wp-image-9625\" src=\"https:\/\/blog.holyart.it\/it\/wp-content\/uploads\/sites\/17\/2020\/06\/pinze-eucaristiche.jpg\" alt=\"pinze-eucaristiche\" width=\"100\" height=\"100\" \/><\/div>\n<div class=\"blocco-contenuto\">\n<div class=\"blocco-acquista\">Acquista su Holyart:<\/div>\n<div class=\"blocco-titolo\"><a href=\"https:\/\/www.holyart.it\/it\/accessori-per-la-liturgia\/dispositivi-di-protezione-e-sicurezza\/pinze-eucaristiche-particole-ostie-ottone-dorato-16-cm\">Pinze eucaristiche particole ostie ottone dorato<\/a><\/div>\n<div class=\"blocco-descrizione\">\n<p>Pinze per la distribuzione delle ostie ai fedeli.<\/p>\n<\/div>\n<\/div>\n<\/div>\n<h2><span style=\"font-weight: 400;\">Borse per questua<\/span><\/h2>\n<p><span style=\"font-weight: 400;\"><strong><a href=\"https:\/\/www.holyart.it\/it\/accessori-per-la-liturgia\/accessori-vari\/borsa-per-questua\">Le borse per questa<\/a> <\/strong>possono rivelarsi uno strumento utile in aggiunta alla cassetta o al cesto delle offerte che, posizionati\u00a0 spesso sul fondo della navata, non sono facilmente individuabili.<\/span><\/p>\n<p>Sul nostro sito sono disponibili <strong>borse di diversi tipi<\/strong> che variano nella scelta dei materiali utilizzati e nelle dimensioni. Ognuna delle sacche \u00e8 dotata di un foro all&#8217;estremit\u00e0 del manico in cui <strong>\u00e8 possibile inserire un bastone che ne aumenta la lunghezza<\/strong> a seconda delle esigenze.<\/p>\n<div class=\"link-product\">\n<div class=\"blocco-immagine\"><img loading=\"lazy\" decoding=\"async\" class=\"alignnone wp-image-9744 size-full\" src=\"https:\/\/blog.holyart.it\/it\/wp-content\/uploads\/sites\/17\/2020\/06\/borsa-per-questua.jpg\" alt=\"borsa-per-questua\" width=\"100\" height=\"100\" data-kale-share-title=\"Coronavirus: dispositivi per celebrare la Messa in sicurezza\" data-kale-share-url=\"https:\/\/blog.holyart.it\/it\/articoli-religiosi\/coronavirus-dispositivi-per-celebrare-la-messa-in-sicurezza\/\" \/><\/div>\n<div class=\"blocco-contenuto\">\n<div class=\"blocco-acquista\">Acquista su Holyart:<\/div>\n<div class=\"blocco-titolo\"><a href=\"https:\/\/www.holyart.it\/it\/accessori-per-la-liturgia\/accessori-vari\/borsa-per-questua\">Borsa per questua<\/a><\/div>\n<div class=\"blocco-descrizione\">Borsa per questua in pelle sintetica con manico in metallo.<\/div>\n<\/div>\n<\/div>\n<h2><span style=\"font-weight: 400;\">Parafiati<\/span><\/h2>\n<p><span style=\"font-weight: 400;\">Le barriere <strong><a href=\"https:\/\/www.holyart.it\/it\/accessori-per-la-liturgia\/dispositivi-di-protezione-e-sicurezza\/parafiato-da-tavolo-design-wood-h-50x90\">parafiato<\/a><\/strong> in plexiglass sono dispositivi anti contagio molto preziosi. Infatti permettono di proteggere dal contagio sia i sacerdoti sia i fedeli durante le attivit\u00e0 di culto, rendendo gli spazi comuni sicuri per tutti.<\/span><\/p>\n<p>Le lastre divisorie in plexiglass permettono di schermare gli ambienti in totale sicurezza, sono versatili, autoportanti e facilmente assemblabili da chiunque. I Parafiati in plexiglass sono utili durante le <b>confessioni<\/b><span style=\"font-weight: 400;\">, i <\/span><b>colloqui<\/b><span style=\"font-weight: 400;\"> individuali, ma sono anche utilizzabili nelle segreterie delle parrocchie, come <\/span><b>protezione dal contatto con il pubblico<\/b><span style=\"font-weight: 400;\">.<\/span><\/p>\n<p>I piedi di questi panelli possono essere <b>in legno, plexiglass o\u00a0in materiale Krion<\/b><span style=\"font-weight: 400;\">, tecnologia innovativa antibatterica. Sono disponibili anche dei Parafiati <\/span><b>con finestra<\/b><span style=\"font-weight: 400;\"> per potersi passare documenti, fogli ecc.<\/span><\/p>\n<p>I Parafiati in plexiglass sono <b>facili da pulire<\/b><span style=\"font-weight: 400;\">, sia con soluzioni alcoliche pure o al 70%, robusti e resistenti agli urti.<\/span><\/p>\n<div class=\"link-product\">\n<div class=\"blocco-immagine\"><img loading=\"lazy\" decoding=\"async\" class=\"alignnone size-full wp-image-9624\" src=\"https:\/\/blog.holyart.it\/it\/wp-content\/uploads\/sites\/17\/2020\/06\/parafiato-da-tavolo-design-wood-h-50x90.jpg\" alt=\"parafiato-da-tavolo-design-wood-h-50x90\" width=\"100\" height=\"100\" \/><\/div>\n<div class=\"blocco-contenuto\">\n<div class=\"blocco-acquista\">Acquista su Holyart:<\/div>\n<div class=\"blocco-titolo\"><a href=\"https:\/\/www.holyart.it\/it\/accessori-per-la-liturgia\/dispositivi-di-protezione-e-sicurezza\/parafiato-da-tavolo-design-wood-h-50x90\">Parafiato da Tavolo Design Wood h 50&#215;90<\/a><\/div>\n<div class=\"blocco-descrizione\">Pannello divisorio realizzato in plexiglass e piedini in legno<\/div>\n<\/div>\n<\/div>\n<h2><span style=\"font-weight: 400;\">Colonnine Dispenser porta gel igienizzante e porta guanti<\/span><\/h2>\n<p><span style=\"font-weight: 400;\">Questi dispositivi sono indispensabili per consentire l\u2019accesso nella Chiesa ai fedeli. Occorre infatti che essi possano <\/span><b>igienizzare e disinfettare perfettamente le mani <\/b><span style=\"font-weight: 400;\">per proteggere se stessi e gli altri dal possibile contagio.\u00a0<\/span><\/p>\n<p><span style=\"font-weight: 400;\">Esistono diversi tipi di colonnine-dispenser. In tutti i casi IL GEL IGIENIZZANTE NON \u00c8 INCLUSO.<br \/>\n<\/span><\/p>\n<ul>\n<li style=\"font-weight: 400;\">\n<h3><span style=\"font-weight: 400;\">In ferro\u00a0<\/span><\/h3>\n<\/li>\n<\/ul>\n<p><span style=\"font-weight: 400;\">Si tratta di una colonnina autoportante del peso di 4.3 kg, che la rende stabile al terreno, anche in caso di piccoli urti. \u00c8 verniciata con un apposito materiale per poter resistere anche ad ambienti esterni.<br \/>\n<\/span><span style=\"font-weight: 400;\"><br \/>\n<\/span><span style=\"font-weight: 400;\">Viene fornita divisa in 2 parti ed \u00e8 <\/span><b>facilissima da montare<\/b><span style=\"font-weight: 400;\">: \u00e8 sufficiente incastrare la parte superiore a quella inferiore. Sulla sommit\u00e0 \u00e8 praticato un foro quadrato di 11.5 x 11.5 cm. dove infilare il flacone del gel in modo che rimanga stabile.<br \/>\n<\/span><span style=\"font-weight: 400;\"><br \/>\n<\/span><span style=\"font-weight: 400;\">Un comodo ripiano porta guanti della misura di 15.5 cm di profondit\u00e0 e 21 cm di larghezza \u00e8 situato pi\u00f9 in basso.<\/span><\/p>\n<div class=\"link-product\">\n<div class=\"blocco-immagine\"><img loading=\"lazy\" decoding=\"async\" class=\"alignnone size-full wp-image-9626\" src=\"https:\/\/blog.holyart.it\/it\/wp-content\/uploads\/sites\/17\/2020\/06\/dispenser-per-gel-igienizzante-mani-in-ferro.jpg\" alt=\"dispenser-per-gel-igienizzante-mani-in-ferro\" width=\"100\" height=\"100\" \/><\/div>\n<div class=\"blocco-contenuto\">\n<div class=\"blocco-acquista\">Acquista su Holyart:<\/div>\n<div class=\"blocco-titolo\"><a href=\"https:\/\/www.holyart.it\/it\/accessori-per-la-liturgia\/dispositivi-di-protezione-e-sicurezza\/porta-dispenser-per-gel-igienizzante-mani-in-ferro-per-esterni\">Porta Dispenser per gel igienizzante mani in ferro<\/a><\/div>\n<div class=\"blocco-descrizione\">La colonnina autoportante \u00e8 stabile al terreno.<\/div>\n<\/div>\n<\/div>\n<ul>\n<li style=\"font-weight: 400;\">\n<h3><span style=\"font-weight: 400;\">In forex e plexiglass:<\/span><\/h3>\n<\/li>\n<\/ul>\n<p><span style=\"font-weight: 400;\">Il dispenser in forex \u00e8 <\/span><b>pi\u00f9 leggero<\/b><span style=\"font-weight: 400;\"> rispetto alla colonnina in ferro, ma comunque molto resistente. Il materiale con cui \u00e8 costruito \u00e8 infatti FOREX pvc espanso, molto innovativo e adatto per l&#8217;esterno.<\/span><\/p>\n<p>Non corre il rischio che si deteriori con le intemperie. Questo tipo di colonnina \u00e8 dotata anche di <b>cestino per buttare i guanti<\/b><span style=\"font-weight: 400;\">.<\/span><\/p>\n<div class=\"link-product\">\n<div class=\"blocco-immagine\"><img loading=\"lazy\" decoding=\"async\" class=\"alignnone size-full wp-image-9627\" src=\"https:\/\/blog.holyart.it\/it\/wp-content\/uploads\/sites\/17\/2020\/06\/colonnina-per-gel-igienizzante-anti-contagio.jpg\" alt=\"colonnina-per-gel-igienizzante-anti-contagio\" width=\"100\" height=\"100\" \/><\/div>\n<div class=\"blocco-contenuto\">\n<div class=\"blocco-acquista\">Acquista su Holyart:<\/div>\n<div class=\"blocco-titolo\"><a href=\"https:\/\/www.holyart.it\/it\/accessori-per-la-liturgia\/dispositivi-di-protezione-e-sicurezza\/colonnina-per-gel-igienizzante-anti-contagio\">Colonnina per gel igienizzante anti contagio<\/a><\/div>\n<div class=\"blocco-descrizione\">Colonnina con portadispenser in forex facile da montare<\/div>\n<\/div>\n<\/div>\n<h2><span style=\"font-weight: 400;\">Porta gel igienizzante da parete realizzato in plexiglass satinato<\/span><\/h2>\n<p><span style=\"font-weight: 400;\">Se preferite una soluzione meno ingombrante potete optare per il porta gel igienizzante da parete, <\/span><b>facile da montare<\/b><span style=\"font-weight: 400;\"> e subito <\/span><b>pronto all&#8217;utilizzo<\/b><span style=\"font-weight: 400;\">. Viene fornito gi\u00e0 <\/span><b>completo di viti<\/b><span style=\"font-weight: 400;\">, e la dimensione e la comodit\u00e0 di installazione possono rivelarsi ideali se si desidera mettere un gel <\/span><b>in pi\u00f9 zone<\/b><span style=\"font-weight: 400;\"> di una determinata area.<\/span><\/p>\n<p><span style=\"font-weight: 400;\">Il foro per il flacone di gel igienizzante ha diametro 10 cm e la distanza tra la base e il foro \u00e8 10 cm.<\/span><\/p>\n<p><span style=\"font-weight: 400;\">IL GEL IGIENIZZANTE NON E&#8217; INCLUSO.<\/span><\/p>\n<div class=\"link-product\">\n<div class=\"blocco-immagine\"><img loading=\"lazy\" decoding=\"async\" class=\"alignnone size-full wp-image-9628\" src=\"https:\/\/blog.holyart.it\/it\/wp-content\/uploads\/sites\/17\/2020\/06\/dispenser-da-parete-disinfettante-mani-plexiglass.jpg\" alt=\"dispenser-da-parete-disinfettante-mani-plexiglass\" width=\"100\" height=\"100\" \/><\/div>\n<div class=\"blocco-contenuto\">\n<div class=\"blocco-acquista\">Acquista su Holyart:<\/div>\n<div class=\"blocco-titolo\"><a href=\"https:\/\/www.holyart.it\/it\/accessori-per-la-liturgia\/dispositivi-di-protezione-e-sicurezza\/portadispenser-da-parete-disinfettante-mani-plexiglass\">Portadispenser da parete plexiglass<\/a><\/div>\n<div class=\"blocco-descrizione\">Dispositivo per gel igienizzante da applicare a parete<\/div>\n<\/div>\n<\/div>\n<h2><span style=\"font-weight: 400;\">Mascherine<\/span><\/h2>\n<p><span style=\"font-weight: 400;\">Le <strong><a href=\"https:\/\/holyart.it\/it\/accessori-per-la-liturgia\/dispositivi-di-protezione-e-sicurezza\/mascherina-in-stoffa-riutilizzabile-avorio\">mascherine<\/a><\/strong> per limitare il contagio possono essere di diverso tipo. \u00c8 importante sceglierne una regolamentare. Noi vi offriamo due diverse versioni, la prima realizzata con un tessuto semplice e la seconda con un tessuto damascato pi\u00f9 ricco ed elaborato. Entrambe le versioni sono\u00a0 disponibili nei quattro colori liturgici cos\u00ec da essere facilmente abbinate alla casula o alla stola del sacerdote<\/span><span style=\"font-weight: 400;\">.<\/span><\/p>\n<p><span style=\"font-weight: 400;\">Realizzate in 100% fibra di bamboo all&#8217;interno e in 100% tessuto in poliestere all&#8217;esterno, le mascherine Holyart hanno le seguenti caratteristiche:<\/span><\/p>\n<ul>\n<li style=\"font-weight: 400;\"><span style=\"font-weight: 400;\">fresche e traspiranti<\/span><\/li>\n<li style=\"font-weight: 400;\"><span style=\"font-weight: 400;\">morbide al tatto<\/span><\/li>\n<li style=\"font-weight: 400;\"><span style=\"font-weight: 400;\">antiallergiche<\/span><\/li>\n<li style=\"font-weight: 400;\"><span style=\"font-weight: 400;\">comode e leggere<\/span><\/li>\n<\/ul>\n<p><span style=\"font-weight: 400;\">Il modello copre bene <\/span><b>bocca e naso<\/b><span style=\"font-weight: 400;\">, permettendo di poter parlare liberamente senza il timore che si possa spostare. Le mascherine sono lavabili a mano in acqua fredda con disinfettante.<\/span><span style=\"font-weight: 400;\"><br \/>\n<\/span><span style=\"font-weight: 400;\">La mascherina filtrante \u00e8 conforme all&#8217;art. 16 comma 2 D.L.n. 18\/2020.<\/span><\/p>\n<div class=\"link-product\">\n<div class=\"blocco-immagine\"><img loading=\"lazy\" decoding=\"async\" class=\"alignnone size-full wp-image-9631\" src=\"https:\/\/blog.holyart.it\/it\/wp-content\/uploads\/sites\/17\/2020\/06\/mascherina-in-stoffa-riutilizzabile-avorio.jpg\" alt=\"mascherina-in-stoffa-riutilizzabile-avorio\" width=\"100\" height=\"100\" \/><\/div>\n<div class=\"blocco-contenuto\">\n<div class=\"blocco-acquista\">Acquista su Holyart:<\/div>\n<div class=\"blocco-titolo\"><a href=\"https:\/\/www.holyart.it\/it\/accessori-per-la-liturgia\/dispositivi-di-protezione-e-sicurezza\/mascherina-in-stoffa-riutilizzabile-avorio\">Mascherina in stoffa riutilizzabile avorio<\/a><\/div>\n<div class=\"blocco-descrizione\">\n<p>100% fibra di bamboo all&#8217;interno e 100% poliestere all&#8217;esterno<\/p>\n<\/div>\n<\/div>\n<\/div>\n<h2><span style=\"font-weight: 400;\">Detergenti e disinfettanti<\/span><\/h2>\n<p><span style=\"font-weight: 400;\">La pulizia e l\u2019igiene sono diventate pi\u00f9 che mai fondamentali, nei luoghi di culto come nelle nostre case. Per non rischiare di restare mai senza il prodotto adeguato per garantirle di proponiamo la tanica da 5 litri di <\/span><a href=\"https:\/\/www.holyart.it\/it\/accessori-per-la-liturgia\/dispositivi-di-protezione-e-sicurezza\/tanica-detergente-pro-formula-lysoform-5-litri\"><b>detergente Pro Formula Lysoform freschezza alpina<\/b><\/a><span style=\"font-weight: 400;\">, Presidio Medico Chirurgico, ideale per una pulizia profonda, ed un\u2019igiene sicura. Questo prodotto non danneggia le superfici e non rovina i metalli. Inoltre ne basta poco, \u00e8 attivo anche con bassi dosaggi.<\/span><\/p>\n<div class=\"link-product\">\n<div class=\"blocco-immagine\"><img loading=\"lazy\" decoding=\"async\" class=\"alignnone size-full wp-image-9630\" src=\"https:\/\/blog.holyart.it\/it\/wp-content\/uploads\/sites\/17\/2020\/06\/tanica-detergente-pro-formula-lysoform-5-litri.jpg\" alt=\"tanica-detergente-pro-formula-lysoform-5-litri\" width=\"100\" height=\"100\" \/><\/div>\n<div class=\"blocco-contenuto\">\n<div class=\"blocco-acquista\">Acquista su Holyart:<\/div>\n<div class=\"blocco-titolo\"><a href=\"https:\/\/www.holyart.it\/it\/accessori-per-la-liturgia\/dispositivi-di-protezione-e-sicurezza\/tanica-detergente-pro-formula-lysoform-5-litri\">Tanica detergente Pro Formula Lysoform 5 litri<\/a><\/div>\n<div class=\"blocco-descrizione\">Pulisce e igienizza in profondit\u00e0, senza danneggiare<\/div>\n<\/div>\n<\/div>\n<p><span style=\"font-weight: 400;\">Per pulire le piccole superfici la soluzione ideale potrebbe essere il<\/span><b> <\/b><a href=\"https:\/\/www.holyart.it\/it\/accessori-per-la-liturgia\/dispositivi-di-protezione-e-sicurezza\/disinfettante-spray-professionale-alcor-750-ml\"><b>Disinfettante sgrassante Spray Alcor<\/b><\/a><span style=\"font-weight: 400;\">. Si tratta di un detergente efficace ma non aggressivo, proprio per questo adatto alla pulizia di tutte le superfici, attrezzature e arredi, utilizzabile sia in ambienti privati che pubblici. Oltre all&#8217;azione battericida, funghicida e virucida, Alcor rimuove anche lo sporco pi\u00f9 tenace. Non necessita di risciacquo: una volta spruzzato il prodotto, attendere 5 minuti, poi strofinare con un panno monouso. Lo spray \u00e8 un presidio Medico Chirurgico Reg. N. 19761 del Ministero della Salute.<\/span><span style=\"font-weight: 400;\"><br \/>\n<\/span><\/p>\n<div class=\"link-product\">\n<div class=\"blocco-immagine\"><img loading=\"lazy\" decoding=\"async\" class=\"alignnone size-full wp-image-9629\" src=\"https:\/\/blog.holyart.it\/it\/wp-content\/uploads\/sites\/17\/2020\/06\/disinfettante-spray-professionale-alcor-750-ml.jpg\" alt=\"disinfettante-spray-professionale-alcor-750-ml\" width=\"100\" height=\"100\" \/><\/div>\n<div class=\"blocco-contenuto\">\n<div class=\"blocco-acquista\">Acquista su Holyart:<\/div>\n<div class=\"blocco-titolo\"><a href=\"https:\/\/www.holyart.it\/it\/accessori-per-la-liturgia\/dispositivi-di-protezione-e-sicurezza\/disinfettante-spray-professionale-alcor-750-ml\">Disinfettante Spray professionale Alcor<\/a><\/div>\n<div class=\"blocco-descrizione\">detergente non aggressivo, adatto a tutte le superfici<\/div>\n<\/div>\n<\/div>\n<p style=\"text-align: center;\"><div class=\"sp-styles-warning\" style=\"width: 450px; background-color: #FFF; color: #F00; border: 1px solid #F00; padding: 10px; font-size: 14px;\">\n\t\t\t<span style=\"font-weight: bold;\">Warning: The stylesheets were not loaded!<\/span> \n\t\t\tYou will need to change the <i>Load stylesheets<\/i> setting from <i>Automatically<\/i> to <i>On homepage<\/i> or <i>On all pages<\/i>. \n\t\t\tYou can set that <a style=\"text-decoration: underline; color: #F00;\" href=\"https:\/\/blog.holyart.it\/it\/wp-admin\/admin.php?page=sliderpro-settings\">here<\/a>.\n\t\t\t<\/div>\r\n<div id=\"slider-pro-56\" class=\"slider-pro sp-no-js\" style=\"width: 500px; height: 500px;\">\r\n\t<div class=\"sp-slides\">\r\n\t\t\r\n\t\t<div class=\"sp-slide\">\r\n\t\t\t<img loading=\"lazy\" decoding=\"async\" class=\"sp-image\" src=\"https:\/\/blog.holyart.it\/it\/wp-content\/uploads\/sites\/17\/2020\/06\/adesivi-removibili-4-pz-mantieni-almeno-1-mt-distanza-1.jpg\" alt=\"adesivi-removibili-4-pz-mantieni-almeno-1-mt-distanza\" width=\"500\" height=\"500\" \/>\r\n\t\t\t<div class=\"sp-thumbnail\"><img decoding=\"async\" src=\"https:\/\/blog.holyart.it\/it\/wp-content\/uploads\/sites\/17\/2020\/06\/adesivi-removibili-4-pz-mantieni-almeno-1-mt-distanza-1-150x150.jpg\" \/>\r\n\t\t\t<\/div>\r\n\t\t\t<div class=\"sp-caption\">Adesivi removibili 4 PZ - MANTIENI ALMENO 1 MT DISTANZA<br \/><strong><a href=\"https:\/\/www.holyart.it\/it\/accessori-per-la-liturgia\/dispositivi-di-protezione-e-sicurezza\/adesivi-removibili-4-pz-mantieni-almeno-1-mt-distanza\">Acquista su Holyart<\/a><\/strong><\/div>\r\n\t\t<\/div>\r\n\t\t<div class=\"sp-slide\">\r\n\t\t\t<img loading=\"lazy\" decoding=\"async\" class=\"sp-image\" src=\"https:\/\/blog.holyart.it\/it\/wp-content\/uploads\/sites\/17\/2020\/06\/pisside-ottone-con-coperchio-in-plexiglass-1.jpg\" alt=\"pisside-ottone-con-coperchio-in-plexiglass\" width=\"500\" height=\"500\" \/>\r\n\t\t\t<div class=\"sp-thumbnail\"><img decoding=\"async\" src=\"https:\/\/blog.holyart.it\/it\/wp-content\/uploads\/sites\/17\/2020\/06\/pisside-ottone-con-coperchio-in-plexiglass-1-1.jpg\" alt=\"pisside-ottone-con-coperchio-in-plexiglass (1)\" \/>\r\n\t\t\t<\/div>\r\n\t\t\t<div class=\"sp-caption\">Pisside ottone con coperchio in plexiglass<br \/><strong><a href=\"https:\/\/www.holyart.it\/it\/accessori-per-la-liturgia\/calici-pissidi-patene\/calici-pissidi-patene-metallo\/pisside-ottone-con-coperchio-in-plexiglass\">Acquista su Holyart<\/a><\/strong><\/div>\r\n\t\t<\/div>\r\n\t\t<div class=\"sp-slide\">\r\n\t\t\t<img loading=\"lazy\" decoding=\"async\" class=\"sp-image\" src=\"https:\/\/blog.holyart.it\/it\/wp-content\/uploads\/sites\/17\/2020\/06\/parafiato-da-tavolo-design-wood-h-50x90-1.jpg\" alt=\"parafiato-da-tavolo-design-wood-h-50x90\" width=\"500\" height=\"500\" \/>\r\n\t\t\t<div class=\"sp-thumbnail\"><img decoding=\"async\" src=\"https:\/\/blog.holyart.it\/it\/wp-content\/uploads\/sites\/17\/2020\/06\/parafiato-da-tavolo-design-wood-h-50x90-1-150x150.jpg\" \/>\r\n\t\t\t<\/div>\r\n\t\t\t<div class=\"sp-caption\">Parafiato da Tavolo Design Wood h 50x90<br \/><strong><a href=\"https:\/\/www.holyart.it\/it\/accessori-per-la-liturgia\/dispositivi-di-protezione-e-sicurezza\/parafiato-da-tavolo-design-wood-h-50x90\">Acquista su Holyart<\/a><\/strong><\/div>\r\n\t\t<\/div>\r\n\t\t<div class=\"sp-slide\">\r\n\t\t\t<img loading=\"lazy\" decoding=\"async\" class=\"sp-image\" src=\"https:\/\/blog.holyart.it\/it\/wp-content\/uploads\/sites\/17\/2020\/06\/pinze-eucaristiche-particole-ostie-ottone-dorato-16-cm.jpg\" alt=\"pinze-eucaristiche-particole-ostie-ottone-dorato-16-cm\" width=\"500\" height=\"500\" \/>\r\n\t\t\t<div class=\"sp-thumbnail\"><img decoding=\"async\" src=\"https:\/\/blog.holyart.it\/it\/wp-content\/uploads\/sites\/17\/2020\/06\/pinze-eucaristiche-particole-ostie-ottone-dorato-16-cm-1.jpg\" alt=\"pinze-eucaristiche-particole-ostie-ottone-dorato-16-cm (1)\" \/>\r\n\t\t\t<\/div>\r\n\t\t\t<div class=\"sp-caption\">Pinze eucaristiche particole ostie ottone dorato 16 cm<br \/><strong><a href=\"https:\/\/www.holyart.it\/it\/accessori-per-la-liturgia\/dispositivi-di-protezione-e-sicurezza\/pinze-eucaristiche-particole-ostie-ottone-dorato-16-cm\">Acquista su Holyart<\/a><\/strong><\/div>\r\n\t\t<\/div>\r\n\t\t<div class=\"sp-slide\">\r\n\t\t\t<img loading=\"lazy\" decoding=\"async\" class=\"sp-image\" src=\"https:\/\/blog.holyart.it\/it\/wp-content\/uploads\/sites\/17\/2020\/06\/dispenser-per-gel-igienizzante-mani-in-ferro-1.jpg\" alt=\"dispenser-per-gel-igienizzante-mani-in-ferro\" width=\"500\" height=\"500\" \/>\r\n\t\t\t<div class=\"sp-thumbnail\"><img decoding=\"async\" src=\"https:\/\/blog.holyart.it\/it\/wp-content\/uploads\/sites\/17\/2020\/06\/dispenser-per-gel-igienizzante-mani-in-ferro-1-1.jpg\" alt=\"dispenser-per-gel-igienizzante-mani-in-ferro (1)\" \/>\r\n\t\t\t<\/div>\r\n\t\t\t<div class=\"sp-caption\">Porta Dispenser per gel igienizzante mani in ferro PER ESTERNI<br \/><strong><a href=\"https:\/\/www.holyart.it\/it\/accessori-per-la-liturgia\/dispositivi-di-protezione-e-sicurezza\/porta-dispenser-per-gel-igienizzante-mani-in-ferro-per-esterni\">Acquista su Holyart<\/a><\/strong><\/div>\r\n\t\t<\/div>\r\n\t\t<div class=\"sp-slide\">\r\n\t\t\t<img loading=\"lazy\" decoding=\"async\" class=\"sp-image\" src=\"https:\/\/blog.holyart.it\/it\/wp-content\/uploads\/sites\/17\/2020\/06\/colonnina-per-gel-igienizzante-anti-contagio-1.jpg\" alt=\"colonnina-per-gel-igienizzante-anti-contagio\" width=\"500\" height=\"500\" \/>\r\n\t\t\t<div class=\"sp-thumbnail\"><img decoding=\"async\" src=\"https:\/\/blog.holyart.it\/it\/wp-content\/uploads\/sites\/17\/2020\/06\/colonnina-per-gel-igienizzante-anti-contagio-1-1.jpg\" alt=\"colonnina-per-gel-igienizzante-anti-contagio (1)\" \/>\r\n\t\t\t<\/div>\r\n\t\t\t<div class=\"sp-caption\">Colonnina per gel igienizzante anti contagio<br \/><strong><a href=\"https:\/\/www.holyart.it\/it\/accessori-per-la-liturgia\/dispositivi-di-protezione-e-sicurezza\/colonnina-per-gel-igienizzante-anti-contagio\">Acquista su Holyart<\/a><\/strong><\/div>\r\n\t\t<\/div>\r\n\t\t<div class=\"sp-slide\">\r\n\t\t\t<img loading=\"lazy\" decoding=\"async\" class=\"sp-image\" src=\"https:\/\/blog.holyart.it\/it\/wp-content\/uploads\/sites\/17\/2020\/06\/dispenser-da-parete-disinfettante-mani-plexiglass-1.jpg\" alt=\"dispenser-da-parete-disinfettante-mani-plexiglass\" width=\"500\" height=\"500\" \/>\r\n\t\t\t<div class=\"sp-thumbnail\"><img decoding=\"async\" src=\"https:\/\/blog.holyart.it\/it\/wp-content\/uploads\/sites\/17\/2020\/06\/dispenser-da-parete-disinfettante-mani-plexiglass-1-1.jpg\" alt=\"dispenser-da-parete-disinfettante-mani-plexiglass (1)\" \/>\r\n\t\t\t<\/div>\r\n\t\t\t<div class=\"sp-caption\">Portadispenser da parete disinfettante mani plexiglass<br \/><strong><a href=\"https:\/\/www.holyart.it\/it\/accessori-per-la-liturgia\/dispositivi-di-protezione-e-sicurezza\/portadispenser-da-parete-disinfettante-mani-plexiglass\">Acquista su Holyart<\/a><\/strong><\/div>\r\n\t\t<\/div>\r\n\t\t<div class=\"sp-slide\">\r\n\t\t\t<img loading=\"lazy\" decoding=\"async\" class=\"sp-image\" src=\"https:\/\/blog.holyart.it\/it\/wp-content\/uploads\/sites\/17\/2020\/06\/mascherina-in-stoffa-riutilizzabile-avorio-1.jpg\" alt=\"mascherina-in-stoffa-riutilizzabile-avorio\" width=\"500\" height=\"500\" \/>\r\n\t\t\t<div class=\"sp-thumbnail\"><img decoding=\"async\" src=\"https:\/\/blog.holyart.it\/it\/wp-content\/uploads\/sites\/17\/2020\/06\/mascherina-in-stoffa-riutilizzabile-avorio-1-1.jpg\" alt=\"mascherina-in-stoffa-riutilizzabile-avorio (1)\" \/>\r\n\t\t\t<\/div>\r\n\t\t\t<div class=\"sp-caption\">Mascherina in stoffa riutilizzabile avorio<br \/><strong><a href=\"https:\/\/www.holyart.it\/it\/accessori-per-la-liturgia\/dispositivi-di-protezione-e-sicurezza\/mascherina-in-stoffa-riutilizzabile-avorio\">Acquista su Holyart<\/a><\/strong><\/div>\r\n\t\t<\/div>\r\n\t\t<div class=\"sp-slide\">\r\n\t\t\t<img loading=\"lazy\" decoding=\"async\" class=\"sp-image\" src=\"https:\/\/blog.holyart.it\/it\/wp-content\/uploads\/sites\/17\/2020\/06\/tanica-detergente-pro-formula-lysoform-5-litri-1.jpg\" alt=\"tanica-detergente-pro-formula-lysoform-5-litri\" width=\"500\" height=\"500\" \/>\r\n\t\t\t<div class=\"sp-thumbnail\"><img decoding=\"async\" src=\"https:\/\/blog.holyart.it\/it\/wp-content\/uploads\/sites\/17\/2020\/06\/tanica-detergente-pro-formula-lysoform-5-litri-1-150x150.jpg\" \/>\r\n\t\t\t<\/div>\r\n\t\t\t<div class=\"sp-caption\">Tanica detergente Pro Formula Lysoform 5 litri<br \/><strong><a href=\"https:\/\/www.holyart.it\/it\/accessori-per-la-liturgia\/dispositivi-di-protezione-e-sicurezza\/tanica-detergente-pro-formula-lysoform-5-litri\">Acquista su Holyart<\/a><\/strong><\/div>\r\n\t\t<\/div>\r\n\t\t<div class=\"sp-slide\">\r\n\t\t\t<img loading=\"lazy\" decoding=\"async\" class=\"sp-image\" src=\"https:\/\/blog.holyart.it\/it\/wp-content\/uploads\/sites\/17\/2020\/06\/disinfettante-spray-professionale-alcor-750-ml-1.jpg\" alt=\"disinfettante-spray-professionale-alcor-750-ml\" width=\"500\" height=\"500\" \/>\r\n\t\t\t<div class=\"sp-thumbnail\"><img decoding=\"async\" src=\"https:\/\/blog.holyart.it\/it\/wp-content\/uploads\/sites\/17\/2020\/06\/disinfettante-spray-professionale-alcor-750-ml-1-150x150.jpg\" \/>\r\n\t\t\t<\/div>\r\n\t\t\t<div class=\"sp-caption\">Disinfettante Spray professionale Alcor 750 ml<br \/><strong><a href=\"https:\/\/www.holyart.it\/it\/accessori-per-la-liturgia\/dispositivi-di-protezione-e-sicurezza\/disinfettante-spray-professionale-alcor-750-ml\">Acquista su Holyart<\/a><\/strong><\/div>\r\n\t\t<\/div>\r\n\t<\/div>\r\n<\/div><\/p>\n","protected":false},"excerpt":{"rendered":"<p>Di nuovo a messa dal 18 maggio. Insieme, ma in sicurezza. Ecco i dispositivi di sicurezza e protezione indispensabili per sacerdoti e fedeli. Dopo la forzata sospensione a partire dell\u20198 marzo di tutte le attivit\u00e0 parrocchiali e, per la prima volta nella storia del nostro&hellip;<\/p>\n","protected":false},"author":1,"featured_media":9695,"comment_status":"closed","ping_status":"open","sticky":false,"template":"","format":"standard","meta":{"_acf_changed":false,"footnotes":""},"categories":[14,16],"tags":[],"class_list":["post-9621","post","type-post","status-publish","format-standard","has-post-thumbnail","hentry","category-accessori-liturgia","category-articoli-religiosi"],"acf":[],"yoast_head":"<!-- This site is optimized with the Yoast SEO plugin v26.6 - https:\/\/yoast.com\/wordpress\/plugins\/seo\/ -->\n<title>Coronavirus: dispositivi per celebrare la Messa in sicurezza - Holyblog<\/title>\n<meta name=\"description\" content=\"Di nuovo a messa dal 18 maggio. Insieme, ma in sicurezza. Ecco i dispositivi di sicurezza e protezione indispensabili per sacerdoti e fedeli.\" \/>\n<meta name=\"robots\" content=\"index, follow, max-snippet:-1, max-image-preview:large, max-video-preview:-1\" \/>\n<link rel=\"canonical\" href=\"https:\/\/blog.holyart.it\/it\/accessori-liturgia\/coronavirus-dispositivi-per-celebrare-la-messa-in-sicurezza\/\" \/>\n<meta property=\"og:locale\" content=\"it_IT\" \/>\n<meta property=\"og:type\" content=\"article\" \/>\n<meta property=\"og:title\" content=\"Coronavirus: dispositivi per celebrare la Messa in sicurezza - Holyblog\" \/>\n<meta property=\"og:description\" content=\"Di nuovo a messa dal 18 maggio. Insieme, ma in sicurezza. Ecco i dispositivi di sicurezza e protezione indispensabili per sacerdoti e fedeli.\" \/>\n<meta property=\"og:url\" content=\"https:\/\/blog.holyart.it\/it\/accessori-liturgia\/coronavirus-dispositivi-per-celebrare-la-messa-in-sicurezza\/\" \/>\n<meta property=\"og:site_name\" content=\"Holyblog\" \/>\n<meta property=\"article:published_time\" content=\"2020-06-09T14:20:48+00:00\" \/>\n<meta property=\"article:modified_time\" content=\"2021-04-20T13:41:57+00:00\" \/>\n<meta property=\"og:image\" content=\"https:\/\/blog.holyart.it\/it\/wp-content\/uploads\/sites\/17\/2020\/06\/Dispositivi-di-Protezione.jpg\" \/>\n\t<meta property=\"og:image:width\" content=\"1000\" \/>\n\t<meta property=\"og:image:height\" content=\"666\" \/>\n\t<meta property=\"og:image:type\" content=\"image\/jpeg\" \/>\n<meta name=\"author\" content=\"Redazione\" \/>\n<meta name=\"twitter:card\" content=\"summary_large_image\" \/>\n<meta name=\"twitter:label1\" content=\"Scritto da\" \/>\n\t<meta name=\"twitter:data1\" content=\"Redazione\" \/>\n\t<meta name=\"twitter:label2\" content=\"Tempo di lettura stimato\" \/>\n\t<meta name=\"twitter:data2\" content=\"9 minuti\" \/>\n<script type=\"application\/ld+json\" class=\"yoast-schema-graph\">{\"@context\":\"https:\/\/schema.org\",\"@graph\":[{\"@type\":\"Article\",\"@id\":\"https:\/\/blog.holyart.it\/it\/accessori-liturgia\/coronavirus-dispositivi-per-celebrare-la-messa-in-sicurezza\/#article\",\"isPartOf\":{\"@id\":\"https:\/\/blog.holyart.it\/it\/accessori-liturgia\/coronavirus-dispositivi-per-celebrare-la-messa-in-sicurezza\/\"},\"author\":{\"name\":\"Redazione\",\"@id\":\"https:\/\/blog.holyart.it\/it\/#\/schema\/person\/0a7b686e5af0f856ec1e390dd0baecda\"},\"headline\":\"Coronavirus: dispositivi per celebrare la Messa in sicurezza\",\"datePublished\":\"2020-06-09T14:20:48+00:00\",\"dateModified\":\"2021-04-20T13:41:57+00:00\",\"mainEntityOfPage\":{\"@id\":\"https:\/\/blog.holyart.it\/it\/accessori-liturgia\/coronavirus-dispositivi-per-celebrare-la-messa-in-sicurezza\/\"},\"wordCount\":1831,\"publisher\":{\"@id\":\"https:\/\/blog.holyart.it\/it\/#organization\"},\"image\":{\"@id\":\"https:\/\/blog.holyart.it\/it\/accessori-liturgia\/coronavirus-dispositivi-per-celebrare-la-messa-in-sicurezza\/#primaryimage\"},\"thumbnailUrl\":\"https:\/\/blog.holyart.it\/it\/wp-content\/uploads\/sites\/17\/2020\/06\/Dispositivi-di-Protezione.jpg\",\"articleSection\":[\"Liturgia\",\"Religione\"],\"inLanguage\":\"it-IT\"},{\"@type\":\"WebPage\",\"@id\":\"https:\/\/blog.holyart.it\/it\/accessori-liturgia\/coronavirus-dispositivi-per-celebrare-la-messa-in-sicurezza\/\",\"url\":\"https:\/\/blog.holyart.it\/it\/accessori-liturgia\/coronavirus-dispositivi-per-celebrare-la-messa-in-sicurezza\/\",\"name\":\"Coronavirus: dispositivi per celebrare la Messa in sicurezza - Holyblog\",\"isPartOf\":{\"@id\":\"https:\/\/blog.holyart.it\/it\/#website\"},\"primaryImageOfPage\":{\"@id\":\"https:\/\/blog.holyart.it\/it\/accessori-liturgia\/coronavirus-dispositivi-per-celebrare-la-messa-in-sicurezza\/#primaryimage\"},\"image\":{\"@id\":\"https:\/\/blog.holyart.it\/it\/accessori-liturgia\/coronavirus-dispositivi-per-celebrare-la-messa-in-sicurezza\/#primaryimage\"},\"thumbnailUrl\":\"https:\/\/blog.holyart.it\/it\/wp-content\/uploads\/sites\/17\/2020\/06\/Dispositivi-di-Protezione.jpg\",\"datePublished\":\"2020-06-09T14:20:48+00:00\",\"dateModified\":\"2021-04-20T13:41:57+00:00\",\"description\":\"Di nuovo a messa dal 18 maggio. Insieme, ma in sicurezza. Ecco i dispositivi di sicurezza e protezione indispensabili per sacerdoti e fedeli.\",\"breadcrumb\":{\"@id\":\"https:\/\/blog.holyart.it\/it\/accessori-liturgia\/coronavirus-dispositivi-per-celebrare-la-messa-in-sicurezza\/#breadcrumb\"},\"inLanguage\":\"it-IT\",\"potentialAction\":[{\"@type\":\"ReadAction\",\"target\":[\"https:\/\/blog.holyart.it\/it\/accessori-liturgia\/coronavirus-dispositivi-per-celebrare-la-messa-in-sicurezza\/\"]}]},{\"@type\":\"ImageObject\",\"inLanguage\":\"it-IT\",\"@id\":\"https:\/\/blog.holyart.it\/it\/accessori-liturgia\/coronavirus-dispositivi-per-celebrare-la-messa-in-sicurezza\/#primaryimage\",\"url\":\"https:\/\/blog.holyart.it\/it\/wp-content\/uploads\/sites\/17\/2020\/06\/Dispositivi-di-Protezione.jpg\",\"contentUrl\":\"https:\/\/blog.holyart.it\/it\/wp-content\/uploads\/sites\/17\/2020\/06\/Dispositivi-di-Protezione.jpg\",\"width\":1000,\"height\":666,\"caption\":\"Dispositivi di Protezione\"},{\"@type\":\"BreadcrumbList\",\"@id\":\"https:\/\/blog.holyart.it\/it\/accessori-liturgia\/coronavirus-dispositivi-per-celebrare-la-messa-in-sicurezza\/#breadcrumb\",\"itemListElement\":[{\"@type\":\"ListItem\",\"position\":1,\"name\":\"Homepage\",\"item\":\"https:\/\/blog.holyart.it\/it\/\"},{\"@type\":\"ListItem\",\"position\":2,\"name\":\"Liturgia\",\"item\":\"https:\/\/blog.holyart.it\/it\/accessori-liturgia\/\"},{\"@type\":\"ListItem\",\"position\":3,\"name\":\"Coronavirus: dispositivi per celebrare la Messa in sicurezza\"}]},{\"@type\":\"WebSite\",\"@id\":\"https:\/\/blog.holyart.it\/it\/#website\",\"url\":\"https:\/\/blog.holyart.it\/it\/\",\"name\":\"Holyblog\",\"description\":\"Il Blog di Holyart.it\",\"publisher\":{\"@id\":\"https:\/\/blog.holyart.it\/it\/#organization\"},\"potentialAction\":[{\"@type\":\"SearchAction\",\"target\":{\"@type\":\"EntryPoint\",\"urlTemplate\":\"https:\/\/blog.holyart.it\/it\/?s={search_term_string}\"},\"query-input\":{\"@type\":\"PropertyValueSpecification\",\"valueRequired\":true,\"valueName\":\"search_term_string\"}}],\"inLanguage\":\"it-IT\"},{\"@type\":\"Organization\",\"@id\":\"https:\/\/blog.holyart.it\/it\/#organization\",\"name\":\"Holyblog\",\"url\":\"https:\/\/blog.holyart.it\/it\/\",\"logo\":{\"@type\":\"ImageObject\",\"inLanguage\":\"it-IT\",\"@id\":\"https:\/\/blog.holyart.it\/it\/#\/schema\/logo\/image\/\",\"url\":\"https:\/\/blog.holyart.it\/it\/wp-content\/uploads\/sites\/17\/2022\/12\/Holyart_Blog_Logo.jpg\",\"contentUrl\":\"https:\/\/blog.holyart.it\/it\/wp-content\/uploads\/sites\/17\/2022\/12\/Holyart_Blog_Logo.jpg\",\"width\":300,\"height\":50,\"caption\":\"Holyblog\"},\"image\":{\"@id\":\"https:\/\/blog.holyart.it\/it\/#\/schema\/logo\/image\/\"}},{\"@type\":\"Person\",\"@id\":\"https:\/\/blog.holyart.it\/it\/#\/schema\/person\/0a7b686e5af0f856ec1e390dd0baecda\",\"name\":\"Redazione\"}]}<\/script>\n<!-- \/ Yoast SEO plugin. -->","yoast_head_json":{"title":"Coronavirus: dispositivi per celebrare la Messa in sicurezza - Holyblog","description":"Di nuovo a messa dal 18 maggio. Insieme, ma in sicurezza. Ecco i dispositivi di sicurezza e protezione indispensabili per sacerdoti e fedeli.","robots":{"index":"index","follow":"follow","max-snippet":"max-snippet:-1","max-image-preview":"max-image-preview:large","max-video-preview":"max-video-preview:-1"},"canonical":"https:\/\/blog.holyart.it\/it\/accessori-liturgia\/coronavirus-dispositivi-per-celebrare-la-messa-in-sicurezza\/","og_locale":"it_IT","og_type":"article","og_title":"Coronavirus: dispositivi per celebrare la Messa in sicurezza - Holyblog","og_description":"Di nuovo a messa dal 18 maggio. Insieme, ma in sicurezza. Ecco i dispositivi di sicurezza e protezione indispensabili per sacerdoti e fedeli.","og_url":"https:\/\/blog.holyart.it\/it\/accessori-liturgia\/coronavirus-dispositivi-per-celebrare-la-messa-in-sicurezza\/","og_site_name":"Holyblog","article_published_time":"2020-06-09T14:20:48+00:00","article_modified_time":"2021-04-20T13:41:57+00:00","og_image":[{"width":1000,"height":666,"url":"https:\/\/blog.holyart.it\/it\/wp-content\/uploads\/sites\/17\/2020\/06\/Dispositivi-di-Protezione.jpg","type":"image\/jpeg"}],"author":"Redazione","twitter_card":"summary_large_image","twitter_misc":{"Scritto da":"Redazione","Tempo di lettura stimato":"9 minuti"},"schema":{"@context":"https:\/\/schema.org","@graph":[{"@type":"Article","@id":"https:\/\/blog.holyart.it\/it\/accessori-liturgia\/coronavirus-dispositivi-per-celebrare-la-messa-in-sicurezza\/#article","isPartOf":{"@id":"https:\/\/blog.holyart.it\/it\/accessori-liturgia\/coronavirus-dispositivi-per-celebrare-la-messa-in-sicurezza\/"},"author":{"name":"Redazione","@id":"https:\/\/blog.holyart.it\/it\/#\/schema\/person\/0a7b686e5af0f856ec1e390dd0baecda"},"headline":"Coronavirus: dispositivi per celebrare la Messa in sicurezza","datePublished":"2020-06-09T14:20:48+00:00","dateModified":"2021-04-20T13:41:57+00:00","mainEntityOfPage":{"@id":"https:\/\/blog.holyart.it\/it\/accessori-liturgia\/coronavirus-dispositivi-per-celebrare-la-messa-in-sicurezza\/"},"wordCount":1831,"publisher":{"@id":"https:\/\/blog.holyart.it\/it\/#organization"},"image":{"@id":"https:\/\/blog.holyart.it\/it\/accessori-liturgia\/coronavirus-dispositivi-per-celebrare-la-messa-in-sicurezza\/#primaryimage"},"thumbnailUrl":"https:\/\/blog.holyart.it\/it\/wp-content\/uploads\/sites\/17\/2020\/06\/Dispositivi-di-Protezione.jpg","articleSection":["Liturgia","Religione"],"inLanguage":"it-IT"},{"@type":"WebPage","@id":"https:\/\/blog.holyart.it\/it\/accessori-liturgia\/coronavirus-dispositivi-per-celebrare-la-messa-in-sicurezza\/","url":"https:\/\/blog.holyart.it\/it\/accessori-liturgia\/coronavirus-dispositivi-per-celebrare-la-messa-in-sicurezza\/","name":"Coronavirus: dispositivi per celebrare la Messa in sicurezza - Holyblog","isPartOf":{"@id":"https:\/\/blog.holyart.it\/it\/#website"},"primaryImageOfPage":{"@id":"https:\/\/blog.holyart.it\/it\/accessori-liturgia\/coronavirus-dispositivi-per-celebrare-la-messa-in-sicurezza\/#primaryimage"},"image":{"@id":"https:\/\/blog.holyart.it\/it\/accessori-liturgia\/coronavirus-dispositivi-per-celebrare-la-messa-in-sicurezza\/#primaryimage"},"thumbnailUrl":"https:\/\/blog.holyart.it\/it\/wp-content\/uploads\/sites\/17\/2020\/06\/Dispositivi-di-Protezione.jpg","datePublished":"2020-06-09T14:20:48+00:00","dateModified":"2021-04-20T13:41:57+00:00","description":"Di nuovo a messa dal 18 maggio. Insieme, ma in sicurezza. Ecco i dispositivi di sicurezza e protezione indispensabili per sacerdoti e fedeli.","breadcrumb":{"@id":"https:\/\/blog.holyart.it\/it\/accessori-liturgia\/coronavirus-dispositivi-per-celebrare-la-messa-in-sicurezza\/#breadcrumb"},"inLanguage":"it-IT","potentialAction":[{"@type":"ReadAction","target":["https:\/\/blog.holyart.it\/it\/accessori-liturgia\/coronavirus-dispositivi-per-celebrare-la-messa-in-sicurezza\/"]}]},{"@type":"ImageObject","inLanguage":"it-IT","@id":"https:\/\/blog.holyart.it\/it\/accessori-liturgia\/coronavirus-dispositivi-per-celebrare-la-messa-in-sicurezza\/#primaryimage","url":"https:\/\/blog.holyart.it\/it\/wp-content\/uploads\/sites\/17\/2020\/06\/Dispositivi-di-Protezione.jpg","contentUrl":"https:\/\/blog.holyart.it\/it\/wp-content\/uploads\/sites\/17\/2020\/06\/Dispositivi-di-Protezione.jpg","width":1000,"height":666,"caption":"Dispositivi di Protezione"},{"@type":"BreadcrumbList","@id":"https:\/\/blog.holyart.it\/it\/accessori-liturgia\/coronavirus-dispositivi-per-celebrare-la-messa-in-sicurezza\/#breadcrumb","itemListElement":[{"@type":"ListItem","position":1,"name":"Homepage","item":"https:\/\/blog.holyart.it\/it\/"},{"@type":"ListItem","position":2,"name":"Liturgia","item":"https:\/\/blog.holyart.it\/it\/accessori-liturgia\/"},{"@type":"ListItem","position":3,"name":"Coronavirus: dispositivi per celebrare la Messa in sicurezza"}]},{"@type":"WebSite","@id":"https:\/\/blog.holyart.it\/it\/#website","url":"https:\/\/blog.holyart.it\/it\/","name":"Holyblog","description":"Il Blog di Holyart.it","publisher":{"@id":"https:\/\/blog.holyart.it\/it\/#organization"},"potentialAction":[{"@type":"SearchAction","target":{"@type":"EntryPoint","urlTemplate":"https:\/\/blog.holyart.it\/it\/?s={search_term_string}"},"query-input":{"@type":"PropertyValueSpecification","valueRequired":true,"valueName":"search_term_string"}}],"inLanguage":"it-IT"},{"@type":"Organization","@id":"https:\/\/blog.holyart.it\/it\/#organization","name":"Holyblog","url":"https:\/\/blog.holyart.it\/it\/","logo":{"@type":"ImageObject","inLanguage":"it-IT","@id":"https:\/\/blog.holyart.it\/it\/#\/schema\/logo\/image\/","url":"https:\/\/blog.holyart.it\/it\/wp-content\/uploads\/sites\/17\/2022\/12\/Holyart_Blog_Logo.jpg","contentUrl":"https:\/\/blog.holyart.it\/it\/wp-content\/uploads\/sites\/17\/2022\/12\/Holyart_Blog_Logo.jpg","width":300,"height":50,"caption":"Holyblog"},"image":{"@id":"https:\/\/blog.holyart.it\/it\/#\/schema\/logo\/image\/"}},{"@type":"Person","@id":"https:\/\/blog.holyart.it\/it\/#\/schema\/person\/0a7b686e5af0f856ec1e390dd0baecda","name":"Redazione"}]}},"_links":{"self":[{"href":"https:\/\/blog.holyart.it\/it\/wp-json\/wp\/v2\/posts\/9621","targetHints":{"allow":["GET"]}}],"collection":[{"href":"https:\/\/blog.holyart.it\/it\/wp-json\/wp\/v2\/posts"}],"about":[{"href":"https:\/\/blog.holyart.it\/it\/wp-json\/wp\/v2\/types\/post"}],"author":[{"embeddable":true,"href":"https:\/\/blog.holyart.it\/it\/wp-json\/wp\/v2\/users\/1"}],"replies":[{"embeddable":true,"href":"https:\/\/blog.holyart.it\/it\/wp-json\/wp\/v2\/comments?post=9621"}],"version-history":[{"count":0,"href":"https:\/\/blog.holyart.it\/it\/wp-json\/wp\/v2\/posts\/9621\/revisions"}],"wp:featuredmedia":[{"embeddable":true,"href":"https:\/\/blog.holyart.it\/it\/wp-json\/wp\/v2\/media\/9695"}],"wp:attachment":[{"href":"https:\/\/blog.holyart.it\/it\/wp-json\/wp\/v2\/media?parent=9621"}],"wp:term":[{"taxonomy":"category","embeddable":true,"href":"https:\/\/blog.holyart.it\/it\/wp-json\/wp\/v2\/categories?post=9621"},{"taxonomy":"post_tag","embeddable":true,"href":"https:\/\/blog.holyart.it\/it\/wp-json\/wp\/v2\/tags?post=9621"}],"curies":[{"name":"wp","href":"https:\/\/api.w.org\/{rel}","templated":true}]}}