{"id":9609,"date":"2020-06-01T14:02:52","date_gmt":"2020-06-01T12:02:52","guid":{"rendered":"https:\/\/blog.holyart.it\/it\/?p=9609"},"modified":"2024-05-27T15:30:03","modified_gmt":"2024-05-27T13:30:03","slug":"giornata-mondiale-dei-genitori","status":"publish","type":"post","link":"https:\/\/blog.holyart.it\/it\/articoli-religiosi\/giornata-mondiale-dei-genitori\/","title":{"rendered":"Giornata mondiale dei genitori"},"content":{"rendered":"<h4>Il 1 giugno \u00e8 la giornata mondiale dei genitori, un momento per ricordare l&#8217;importanza dei genitori come primi e fondamentali educatori dei bambini.<\/h4>\n\n<p>La <strong>Giornata mondiale dei genitori<\/strong> \u00e8 stata istituita dall\u2019<strong>Onu<\/strong> nel 2012 con la risoluzione A\/RES\/66\/292 con lo scopo di celebrare i genitori di tutto il mondo, di ogni razza, cultura e professione di fede, ricordando i loro sacrifici e l&#8217;impegno a coltivare il rapporto con i figli e a farli crescere al meglio.<\/p>\n<p>Pu\u00f2 sembrare una cosa banale, quasi scontata che i genitori siano i primi educatori dei figli, i futuri adulti del mondo di domani.<\/p>\n<p>Purtroppo non \u00e8 cos\u00ec.<\/p>\n<p>Chi educa un bambino, chi si assume la responsabilit\u00e0 dell&#8217;adulto che diventer\u00e0, si trova a dover sostenere un impegno molto gravoso e delicato, per il bambino stesso, ma anche per tutta la comunit\u00e0. Parliamo di genitori biologici, ma anche adottivi.<\/p>\n<p>Eppure la <strong>profonda crisi<\/strong> che ha travolto la societ\u00e0 moderna negli ultimi decenni ha fatto vacillare l&#8217;importanza della figura genitoriale. Del resto, a ben vedere, \u00e8 il <strong>concetto stesso di famiglia<\/strong> a essere entrato in crisi, a causa di tutta una serie di tensioni e forze centrifughe che hanno allontanato sempre di pi\u00f9 i singoli individui dal nucleo famigliare vero e proprio. Colpa, se cos\u00ec si pu\u00f2 dire, del <strong>boom economico<\/strong>, che ha portato un maggior benessere, a discapito di una maggior impegno delle donne nel mondo del lavoro. Di conseguenza, meno tempo per accudire i figli, anzi, meno tempo per farne, in primo luogo.<\/p>\n<p>A questo aggiungiamo <strong>mutamenti sociali e di pensiero<\/strong>, che si sono evoluti nel corso del tempo.<\/p>\n<p>La <strong>maggior emancipazione delle donne<\/strong>, per esempio, che ha portato a un rinnovato desiderio di affermazione personale individuale, al di fuori della famiglia di appartenenza. Il modello di famiglia patriarcale, con ruoli prestabiliti e imposti senza possibilit\u00e0 di appello da un retaggio generazionale sta decisamente stretto alle donne moderne. Se una donna vuole tirarsi fuori da una situazione famigliare o sentimentale che non la soddisfa, o, peggio, la danneggia, ora pu\u00f2 quasi sempre farlo, o quanto meno ha spesso gli strumenti economici per essere indipendente.<\/p>\n<p>Poi dobbiamo considerare il <strong>mutamento dei ruoli maschili e femminili<\/strong>, che se da un lato ha permesso un&#8217;espressione pi\u00f9 libera e spontanea della propria interiorit\u00e0, ha generato una certa confusione nella nostra societ\u00e0 che si \u00e8 basata per secoli su schemi tradizionali. La <strong>liberazione sessuale<\/strong> degli anni &#8217;60 ha portato a una maggior ingerenza del piacere nell&#8217;ambito dei rapporti di coppia, scardinando una condizione secolare per cui solo agli uomini erano concesse certe libert\u00e0.<\/p>\n<p>Ma anche i<strong> figli <\/strong>hanno cominciato a rivestire un ruolo diverso nei rapporti di coppia. Ora i rapporti all&#8217;interno della famiglia non sono pi\u00f9 legati a una gerarchia che presupponeva cieca obbedienza e rispetto dovuto. I genitori devono sapersi guadagnare la fiducia dei figli, creare con loro un rapporto fatto di <strong>amore reciproco e rispetto<\/strong>, non potendo pi\u00f9 contare unicamente sul vincolo di sangue.<\/p>\n<p>L&#8217;instabilit\u00e0 coniugale, la mancanza di fiducia tra coniugi, la facilit\u00e0 con cui uomini e donne gettano la spugna, arrendendosi alle prime difficolt\u00e0 e ricorrendo al divorzio, piuttosto che lottare per salvare un matrimonio divenuto troppo presto scomodo, portano a un depauperarsi progressivo e inesorabile del concetto di famiglia.<\/p>\n<p>E i <strong>bambini<\/strong>? Nervosi, abulici, demotivati, incapaci di riconoscere e apprezzare il valore delle cose materiali, perch\u00e9 troppo spesso esse sono state usate per tamponare la mancanza di tempo o capacit\u00e0 da parte dei genitori di affrontare impegni e problematiche. L&#8217;angoscia esistenziale che prima coglieva gli adolescenti ora arriva presto, troppo presto, e come uccelli spinti fuori dal nido anzitempo, senza un luogo in cui tornare, senza punti di riferimenti saldi, i nuovi uomini e le nuove donne fanno il loro ingresso nel mondo pieni di incertezze e fragilit\u00e0.<\/p>\n<p><strong>Ma quando nasce un bambino, nasce anche un genitore.<\/strong><\/p>\n<p>Ci piace questa frase, profondamente vera. Al di l\u00e0 di mutamenti economici e sociali del nostro tempo, per quanto il mondo sia un luogo difficile in cui vivere, divorato dal consumismo e dalla superficialit\u00e0, o dominato dalla necessit\u00e0 pi\u00f9 disperata, presso i popoli meno fortunati, ci piace pensare che essere genitori possa ancora significare qualcosa di fondamentale e unico.<\/p>\n<p>Per questo la <strong>Giornata mondiale dei genitori<\/strong> viene festeggiata ogni anno, per ricordare e onorare queste persone che hanno in mano il futuro del nostro mondo, e che lavorano ogni giorno per tutti noi. S\u00ec, lavorano, perch\u00e9 fare il genitore \u00e8 come un lavoro, spesso pi\u00f9 faticoso di molti altri, e mai retribuito, forse perch\u00e9 davvero inestimabile.<\/p>\n<p>Parliamo di qualcuno che ha il compito e il dovere di trasmettere i giusti valori ai bambini, per aiutarli a costruire dei modelli di vita futuri rispettosi dell&#8217;etica umana, alimentati da giustizia, rispetto,\u00a0gratitudine e amore.<\/p>\n<p>Non \u00e8 certo un compito da poco.<\/p>\n<p>I genitori sono come le radici dell&#8217;<strong>albero della vita<\/strong>, di cui abbiamo parlato in un <strong><a href=\"https:\/\/www.holyart.it\/blog\/articoli-religiosi\/significato-dellalbero-della-vita\/\">articolo precedente<\/a>.<\/strong> Ecco, oltre a rappresentare fin dall&#8217;antichit\u00e0 un simbolo di <strong>vitalit\u00e0 e rinnovamento<\/strong>, l\u2019albero della vita esprime anche un<strong> legame profondo<\/strong>, inscindibile, e, nel contesto dei rapporti umani, il <strong>concetto di famiglia<\/strong>, dove i genitori costituiscono le radici solide e i figli i rami lussureggianti carichi di fiori e frutti nuovi. Regalare un gioiello o un oggetto che richiama l&#8217;albero della vita \u00e8 dunque un gesto di buon augurio per qualsiasi famiglia.<\/p>\n<div class=\"link-article\">\n<p><img loading=\"lazy\" decoding=\"async\" class=\"alignleft size-full wp-image-9610\" src=\"https:\/\/blog.holyart.it\/it\/wp-content\/uploads\/sites\/17\/2020\/06\/albero-della-vita.jpg\" alt=\"albero-della-vita\" width=\"150\" height=\"99\" \/><\/p>\n<div class=\"leggi-anche\">Leggi anche:<\/div>\n<p><strong><a href=\"https:\/\/www.holyart.it\/blog\/articoli-religiosi\/significato-dellalbero-della-vita\/\">Il significato dell\u2019albero della vita<\/a><\/strong><br \/>\nTutte le religioni, dalle origini della storia dell\u2019uomo, sono legate in qualche modo agli alberi&#8230;<\/p>\n<\/div>\n<h2>Genitori nella Bibbia<\/h2>\n<p>Abbiamo detto che il ruolo della famiglia e dei genitori \u00e8 profondamente mutato negli ultimi decenni. Ma come si \u00e8 evoluto il concetto di genitori e famiglia nella <strong><a href=\"https:\/\/www.holyart.it\/it\/articoli-religiosi\/libri-e-testi-sacri\/bibbie\">Bibbia<\/a><\/strong>? Quale \u00e8 stato il piano di Dio riguardo a madre e padre fin dalle origini?<\/p>\n<p>Volendo soffermarci sul binomio &#8220;genitori Bibbia&#8221;, che il concetto di famiglia abbia radici profonde lo comprendiamo andando a leggere la Genesi, dove troviamo questa frase: &#8220;<em>Per questo l\u2019uomo lascer\u00e0 suo padre e sua madre e si unir\u00e0 a sua moglie, e i due saranno un\u2019unica carne&#8221;<\/em> (Gen 2,24). Ecco quello che succede quando un uomo e una donna si sposano: lasciano la casa dei genitori per creare una famiglia propria.<\/p>\n<p>Ma facciamo un passo indietro, ad <strong>Adamo ed Eva<\/strong>, i nostri progenitori.<\/p>\n<div class=\"link-article\">\n<p><img loading=\"lazy\" decoding=\"async\" class=\"alignleft size-full wp-image-9611\" src=\"https:\/\/blog.holyart.it\/it\/wp-content\/uploads\/sites\/17\/2020\/06\/storia-adamo-ed-eva.jpg\" alt=\"storia-adamo-ed-eva\" width=\"150\" height=\"99\" \/><\/p>\n<div class=\"leggi-anche\">Leggi anche:<\/div>\n<p><strong><a href=\"https:\/\/www.holyart.it\/blog\/articoli-religiosi\/la-storia-adamo-ed-eva\/\">La storia di Adamo ed Eva<\/a><\/strong><br \/>\nChi non conosce la storia di Adamo ed Eva, il primo uomo e la prima donna? Ma siamo poi cos\u00ec sicuri di conoscerla davvero?<\/p>\n<\/div>\n<p>Fin dal principio Dio ha fondato lo sviluppo dell&#8217;umanit\u00e0 sul concetto di famiglia. Sia che consideriamo la tradizione sacerdotale, secondo la quale uomo e donna sono stati creati nello stesso momento (Gen 1, 26-28), sia che seguiamo quella jahwista, secondo cui la donna venne creata da una costola dell&#8217;uomo (Gen 2, 18-25), in entrambi i casi <strong>uomo e donna furono creati per completarsi a vicenda, stare insieme, essere fecondi e popolare la terra<\/strong>. Qualcosa and\u00f2 storto, come sappiamo. Adamo ed Eva peccarono, e per scagionarsi davanti a Dio si accusarono l&#8217;uno con l&#8217;altro. Non un buon inizio per la prima famiglia della storia, soprattutto se pensiamo a cosa \u00e8 accaduto poi ad Abele e Caino, i loro primi figli! \u00c8 come se il <strong>peccato originale<\/strong> avesse corrotto l&#8217;idea di Dio, e bisogner\u00e0 aspettare <strong>No\u00e8 e la sua famiglia modello<\/strong> per assistere a una nuova possibilit\u00e0 concessa dall&#8217;Onnipotente all&#8217;uomo. No\u00e8 aveva una moglie e tre figli, e Dio per questo lo giudic\u00f2 \u00abgiusto\u00bb e lo salv\u00f2 del diluvio <em>&#8220;con tutta la famiglia&#8221; <\/em>(Gen 7,1). Anzi, rivolgendosi a No\u00e8 torn\u00f2 a incoraggiare lui e i suoi figli a riempire la Terra:<em> &#8220;Siate fecondi e moltiplicatevi e riempite la terra&#8221; <\/em>(Gen 9,1; cf. 1,28).<\/p>\n<p>Ma la famiglia ha un ruolo fondamentale in tutta la Bibbia.<br \/>\nPensiamo a <strong>Sara e Abramo<\/strong>, che dapprima tentano di ovviare all&#8217;infecondit\u00e0 del proprio matrimonio cercando fuori da esso un figlio, per poi tornare a confidare in Dio.<\/p>\n<p>Pensiamo a <a href=\"https:\/\/www.holyart.it\/it\/articoli-religiosi\/dvd-religiosi\/giacobbe\"><strong>Giacobbe<\/strong><\/a>, dalla cui discendenza nacquero le dodici trib\u00f9 di Israele. Una famiglia esemplare? Non proprio, considerando ci\u00f2 che i fratelli fecero a Giuseppe, il figlio prediletto di Giacobbe, sebbene anche questa sventura fa parte del piano di Dio.<\/p>\n<div class=\"link-product\">\n<div class=\"blocco-immagine\"><img loading=\"lazy\" decoding=\"async\" class=\"alignnone size-full wp-image-9612\" src=\"https:\/\/blog.holyart.it\/it\/wp-content\/uploads\/sites\/17\/2020\/06\/giacobbe.jpg\" alt=\"Giacobbe\" width=\"100\" height=\"100\" \/><\/div>\n<div class=\"blocco-contenuto\">\n<div class=\"blocco-acquista\">Acquista su Holyart:<\/div>\n<div class=\"blocco-titolo\"><a href=\"https:\/\/www.holyart.it\/it\/articoli-religiosi\/dvd-religiosi\/giacobbe\">Giacobbe<\/a><\/div>\n<div class=\"blocco-descrizione\">La storia di un uomo che lotta con Dio, ma che grazie..<\/div>\n<\/div>\n<\/div>\n<p>E che dire di <strong>Re David<\/strong>? Un grande Re, ma di certo non un marito e un padre esemplare&#8230;<\/p>\n<p>Ma nella Bibbia ci sono anche esempi di <strong>famiglie senza macchia<\/strong>, dominate dall&#8217;amore, dalla fedelt\u00e0 e soprattutto dalla devozione ai figli e alla loro educazione. Nel libro di <strong>Tobia<\/strong> \u00e8 affermato un modello di matrimonio e vita famigliare all&#8217;insegna dell&#8217;<strong>onest\u00e0 e del rispetto<\/strong>. Ecco come lui e Sara si rivolgono a Dio chiedendo che benedica la loro unione: <em>&#8220;Tu hai creato Adamo e hai creato Eva sua moglie, perch\u00e9 gli fosse di aiuto e di sostegno. Da loro due nacque tutto il genere umano. Tu hai detto: non \u00e8 cosa buona che l&#8217;uomo resti solo; facciamogli un aiuto simile a lui. Ora non per lussuria io prendo questa mia parente, ma con rettitudine d&#8217;intenzione. D\u00e8gnati di aver misericordia di me e di lei e di farci giungere insieme alla vecchiaia\u00bb. E dissero insieme: \u00abAmen, amen!\u00bb&#8221; <\/em>(Tb 8, 6-8)<\/p>\n<p>O ancora l&#8217;<strong>esortazione di Tobia al figlio <\/strong>a onorare lui e la madre, oltre che Dio: <em>&#8220;Chiam\u00f2 il figlio e gli disse: \u00abQualora io muoia, dammi una sepoltura decorosa; onora tua madre e non abbandonarla per tutti i giorni della sua vita; f<\/em><em>a ci\u00f2 che \u00e8 di suo gradimento e non procurarle nessun motivo di tristezza. Ricordati, figlio, che ha corso tanti pericoli per te, quando eri nel suo seno. Quando morir\u00e0, dalle<\/em><em> sepoltura presso di me in una medesima tomba.&#8221; <\/em>(Tb 4,3-4)<\/p>\n<p>Venendo al <a href=\"https:\/\/www.holyart.it\/it\/articoli-religiosi\/libri-e-testi-sacri\/vangeli\/il-nuovo-testamento-dalla-bibbia-gerusalemme\"><strong>Nuovo Testamento<\/strong><\/a>, <strong>Ges\u00f9<\/strong> seguit\u00f2 a portare avanti i valori fondamentali del matrimonio e della famiglia costituita dall\u2019unione indissolubile dell\u2019uomo e della donna, com&#8217;era nel disegno di Dio fin dal principio. A ci\u00f2 aggiunge l\u2019<strong>elevazione del matrimonio a sacramento.<\/strong><\/p>\n<p>Evidente poi l&#8217;importanza dell&#8217;esempio famigliare fornito dalla <strong><a href=\"https:\/\/www.holyart.it\/blog\/articoli-religiosi\/quadretto-sacra-famiglia-un-simbolo-tenere-casa\/\">Sacra Famiglia<\/a><\/strong>, costituita da San Giuseppe, la Madonna e Ges\u00f9 Bambino. Una famiglia che incarna una quotidianit\u00e0 fatta di <strong>rispetto, amore, cura dei figli<\/strong>, che devono crescere amati e in armonia, affrontando insieme con i genitori gioie e fatiche, preoccupazioni e attese, e prima di tutto il rispetto per la Legge di Dio.<\/p>\n<div class=\"link-product\">\n<div class=\"blocco-immagine\"><img loading=\"lazy\" decoding=\"async\" class=\"alignnone size-full wp-image-9613\" src=\"https:\/\/blog.holyart.it\/it\/wp-content\/uploads\/sites\/17\/2020\/06\/sacra-famiglia-aurora-argilla-refrattaria.jpg\" alt=\"sacra-famiglia-aurora-argilla-refrattaria\" width=\"100\" height=\"100\" \/><\/div>\n<div class=\"blocco-contenuto\">\n<div class=\"blocco-acquista\">Acquista su Holyart:<\/div>\n<div class=\"blocco-titolo\"><a href=\"https:\/\/www.holyart.it\/it\/articoli-religiosi\/bassorilievi\/bassorilievi-vari\/sacra-famiglia-aurora-argilla-refrattaria\">Sacra Famiglia Aurora argilla refrattaria<\/a><\/div>\n<div class=\"blocco-descrizione\">La composizione stilizzata \u00e8 realizzata a mano, in Italia.<\/div>\n<\/div>\n<\/div>\n<p>Col passare del tempo, a questo modello famigliare rimasto fondamentale, si unir\u00e0 nei testi sacri il concetto di\u00a0<strong>amore tra Cristo e la Chiesa<\/strong>, come culmine e rivendicazione del progetto di Dio a cui ogni altro rapporto umano \u00e8 sottoposto: <em>&#8220;Figli, obbedite ai vostri genitori nel Signore, perch\u00e9 questo \u00e8 giusto&#8230; E voi, padri, non esasperate i vostri figli, ma fateli crescere nella disciplina e negli insegnamenti del Signore.&#8221;<\/em>\u00a0(Ef 6,1-4).<\/p>\n<h2>I dieci comandamenti<\/h2>\n<p>Naturalmente in un discorso sulla famiglia e il rapporto coi genitori nella Bibbia non possiamo prescindere dai <a href=\"https:\/\/www.holyart.it\/blog\/articoli-religiosi\/i-dieci-comandamenti\/\"><strong>10 comandamenti <\/strong><\/a>e, in particolare dal Quarto: <strong><em>onora tuo padre e tua madre.<\/em><\/strong><\/p>\n<div class=\"link-article\">\n<p><img loading=\"lazy\" decoding=\"async\" class=\"alignleft size-full wp-image-9614\" src=\"https:\/\/blog.holyart.it\/it\/wp-content\/uploads\/sites\/17\/2020\/06\/10-comandamenti.jpg\" alt=\"10 comandamenti\" width=\"150\" height=\"99\" \/><\/p>\n<div class=\"leggi-anche\">Leggi anche:<\/div>\n<p><strong><a href=\"https:\/\/www.holyart.it\/blog\/articoli-religiosi\/i-dieci-comandamenti\/\">I dieci comandamenti<\/a><\/strong><br \/>\nI Dieci Comandamenti sono le regole impresse sulle Tavole della Legge che Mos\u00e8 ricevette direttamente da Dio&#8230;<\/p>\n<\/div>\n<p>Si tratta del\u00a0Comandamento che apre la seconda Tavola della Legge, ovvero il primo dei comandamenti che trattano la <strong>carit\u00e0 verso il prossimo<\/strong>.<\/p>\n<p>Ci\u00f2 che Dio impone a chi vuole seguire la Via \u00e8 chiaro: coloro i quali ci hanno generato devono essere amati, primi fra tutti gli altri, perch\u00e9 pi\u00f9 vicini di chiunque altro a noi. Inutile amare gli altri, le persone lontane, se non siamo in grado di amare chi ci \u00e8 cos\u00ec vicino.<\/p>\n<p>I genitori non vanno solo amati, vanno <strong>&#8216;onorati&#8217;<\/strong>, cio\u00e8 elevati a una profondit\u00e0 d&#8217;amore e devozione ancora maggiore. Questo proprio in virt\u00f9 di tutto ci\u00f2 che hanno fatto per noi dal momento in cui ci hanno <strong>dato la vita.\u00a0<\/strong>Non \u00e8 sufficiente dunque amarli, ma occorre <strong>rispettarli <\/strong>e\u00a0<strong>obbedire loro<\/strong>, non come si obbedisce a chi temiamo, ma sempre per amore.<\/p>\n<p>E naturalmente \u00e8 dovere dei figli prendersi cura di loro quando, <strong>anziani o malati<\/strong>, ne avessero bisogno, chiudendo un cerchio perfetto di amore voluto da Dio e dalla natura della vita stessa.<\/p>\n<h2>Frasi sui genitori<\/h2>\n<p>Molte frasi sono state scritte sulla famiglia, sulla necessit\u00e0 di amare e rispettare i genitori. Ne abbiamo scelte alcune che ci piacciono particolarmente in giro per Rete, per celebrare a modo nostro la <strong>Giornata mondiale dei genitori<\/strong>.<\/p>\n<p><em>&#8220;Onora tuo padre e tua madre, perch\u00e9 si prolunghino i tuoi giorni nel paese che ti d\u00e0 il Signore, tuo&#8221;.<\/em> (Es 20,12)<\/p>\n<p><em>L&#8217;Apostolo insegna: Figli, obbedite ai vostri genitori nel Signore, perch\u00e9 questo \u00e8 giusto. &#8220;Onora tuo padre e tua madre&#8221;: \u00e8 questo il primo comandamento associato a una promessa: &#8220;perch\u00e9 tu sia felice e goda di una vita lunga sopra la terra&#8221;<\/em> (Ef 6,1-3).<\/p>\n<p><em>Colui che percuote suo padre o sua madre sar\u00e0 messo a morte.<\/em> (Esodo 21:15)<\/p>\n<p><em>&#8220;Cari genitori, aiutate i vostri bambini a scoprire l\u2019amore di Ges\u00f9! Questo li render\u00e0 forti e coraggiosi&#8221;.<\/em> (Papa Francesco per ricordare la Giornata mondiale dei genitori 2019)<\/p>\n<p><em>Ascolta, figlio mio, l&#8217;istruzione di tuo padre e non disprezzare l&#8217;insegnamento di tua madre. <\/em>(Proverbi 1:8-9)<\/p>\n<p><em>\u201cLa cosa pi\u00f9 importante che i genitori possono insegnare ai loro figli \u00e8 come andare avanti senza di loro.\u201d <\/em>\u00a0(F. A. Clark)<\/p>\n","protected":false},"excerpt":{"rendered":"<p>Il 1 giugno \u00e8 la giornata mondiale dei genitori, un momento per ricordare l&#8217;importanza dei genitori come primi e fondamentali educatori dei bambini. La Giornata mondiale dei genitori \u00e8 stata istituita dall\u2019Onu nel 2012 con la risoluzione A\/RES\/66\/292 con lo scopo di celebrare i genitori&hellip;<\/p>\n","protected":false},"author":1,"featured_media":9618,"comment_status":"closed","ping_status":"open","sticky":false,"template":"","format":"standard","meta":{"_acf_changed":false,"footnotes":""},"categories":[16],"tags":[],"class_list":["post-9609","post","type-post","status-publish","format-standard","has-post-thumbnail","hentry","category-articoli-religiosi"],"acf":[],"yoast_head":"<!-- This site is optimized with the Yoast SEO plugin v26.6 - https:\/\/yoast.com\/wordpress\/plugins\/seo\/ -->\n<title>Giornata mondiale dei genitori - Holyblog<\/title>\n<meta name=\"description\" content=\"Il 1 giugno \u00e8 la giornata mondiale dei genitori 2020, un momento per ricordare l&#039;importanza dei genitori come primi e fondamentali educatori dei bambini.\" \/>\n<meta name=\"robots\" content=\"index, follow, max-snippet:-1, max-image-preview:large, max-video-preview:-1\" \/>\n<link rel=\"canonical\" href=\"https:\/\/blog.holyart.it\/it\/articoli-religiosi\/giornata-mondiale-dei-genitori\/\" \/>\n<meta property=\"og:locale\" content=\"it_IT\" \/>\n<meta property=\"og:type\" content=\"article\" \/>\n<meta property=\"og:title\" content=\"Giornata mondiale dei genitori - Holyblog\" \/>\n<meta property=\"og:description\" content=\"Il 1 giugno \u00e8 la giornata mondiale dei genitori 2020, un momento per ricordare l&#039;importanza dei genitori come primi e fondamentali educatori dei bambini.\" \/>\n<meta property=\"og:url\" content=\"https:\/\/blog.holyart.it\/it\/articoli-religiosi\/giornata-mondiale-dei-genitori\/\" \/>\n<meta property=\"og:site_name\" content=\"Holyblog\" \/>\n<meta property=\"article:published_time\" content=\"2020-06-01T12:02:52+00:00\" \/>\n<meta property=\"article:modified_time\" content=\"2024-05-27T13:30:03+00:00\" \/>\n<meta property=\"og:image\" content=\"https:\/\/blog.holyart.it\/it\/wp-content\/uploads\/sites\/17\/2020\/06\/giornata-dei-genitori.jpg\" \/>\n\t<meta property=\"og:image:width\" content=\"1000\" \/>\n\t<meta property=\"og:image:height\" content=\"666\" \/>\n\t<meta property=\"og:image:type\" content=\"image\/jpeg\" \/>\n<meta name=\"author\" content=\"Redazione\" \/>\n<meta name=\"twitter:card\" content=\"summary_large_image\" \/>\n<meta name=\"twitter:label1\" content=\"Scritto da\" \/>\n\t<meta name=\"twitter:data1\" content=\"Redazione\" \/>\n\t<meta name=\"twitter:label2\" content=\"Tempo di lettura stimato\" \/>\n\t<meta name=\"twitter:data2\" content=\"13 minuti\" \/>\n<script type=\"application\/ld+json\" class=\"yoast-schema-graph\">{\"@context\":\"https:\/\/schema.org\",\"@graph\":[{\"@type\":\"Article\",\"@id\":\"https:\/\/blog.holyart.it\/it\/articoli-religiosi\/giornata-mondiale-dei-genitori\/#article\",\"isPartOf\":{\"@id\":\"https:\/\/blog.holyart.it\/it\/articoli-religiosi\/giornata-mondiale-dei-genitori\/\"},\"author\":{\"name\":\"Redazione\",\"@id\":\"https:\/\/blog.holyart.it\/it\/#\/schema\/person\/0a7b686e5af0f856ec1e390dd0baecda\"},\"headline\":\"Giornata mondiale dei genitori\",\"datePublished\":\"2020-06-01T12:02:52+00:00\",\"dateModified\":\"2024-05-27T13:30:03+00:00\",\"mainEntityOfPage\":{\"@id\":\"https:\/\/blog.holyart.it\/it\/articoli-religiosi\/giornata-mondiale-dei-genitori\/\"},\"wordCount\":2173,\"publisher\":{\"@id\":\"https:\/\/blog.holyart.it\/it\/#organization\"},\"image\":{\"@id\":\"https:\/\/blog.holyart.it\/it\/articoli-religiosi\/giornata-mondiale-dei-genitori\/#primaryimage\"},\"thumbnailUrl\":\"https:\/\/blog.holyart.it\/it\/wp-content\/uploads\/sites\/17\/2020\/06\/giornata-dei-genitori.jpg\",\"articleSection\":[\"Religione\"],\"inLanguage\":\"it-IT\"},{\"@type\":\"WebPage\",\"@id\":\"https:\/\/blog.holyart.it\/it\/articoli-religiosi\/giornata-mondiale-dei-genitori\/\",\"url\":\"https:\/\/blog.holyart.it\/it\/articoli-religiosi\/giornata-mondiale-dei-genitori\/\",\"name\":\"Giornata mondiale dei genitori - Holyblog\",\"isPartOf\":{\"@id\":\"https:\/\/blog.holyart.it\/it\/#website\"},\"primaryImageOfPage\":{\"@id\":\"https:\/\/blog.holyart.it\/it\/articoli-religiosi\/giornata-mondiale-dei-genitori\/#primaryimage\"},\"image\":{\"@id\":\"https:\/\/blog.holyart.it\/it\/articoli-religiosi\/giornata-mondiale-dei-genitori\/#primaryimage\"},\"thumbnailUrl\":\"https:\/\/blog.holyart.it\/it\/wp-content\/uploads\/sites\/17\/2020\/06\/giornata-dei-genitori.jpg\",\"datePublished\":\"2020-06-01T12:02:52+00:00\",\"dateModified\":\"2024-05-27T13:30:03+00:00\",\"description\":\"Il 1 giugno \u00e8 la giornata mondiale dei genitori 2020, un momento per ricordare l'importanza dei genitori come primi e fondamentali educatori dei bambini.\",\"breadcrumb\":{\"@id\":\"https:\/\/blog.holyart.it\/it\/articoli-religiosi\/giornata-mondiale-dei-genitori\/#breadcrumb\"},\"inLanguage\":\"it-IT\",\"potentialAction\":[{\"@type\":\"ReadAction\",\"target\":[\"https:\/\/blog.holyart.it\/it\/articoli-religiosi\/giornata-mondiale-dei-genitori\/\"]}]},{\"@type\":\"ImageObject\",\"inLanguage\":\"it-IT\",\"@id\":\"https:\/\/blog.holyart.it\/it\/articoli-religiosi\/giornata-mondiale-dei-genitori\/#primaryimage\",\"url\":\"https:\/\/blog.holyart.it\/it\/wp-content\/uploads\/sites\/17\/2020\/06\/giornata-dei-genitori.jpg\",\"contentUrl\":\"https:\/\/blog.holyart.it\/it\/wp-content\/uploads\/sites\/17\/2020\/06\/giornata-dei-genitori.jpg\",\"width\":1000,\"height\":666,\"caption\":\"giornata dei genitori\"},{\"@type\":\"BreadcrumbList\",\"@id\":\"https:\/\/blog.holyart.it\/it\/articoli-religiosi\/giornata-mondiale-dei-genitori\/#breadcrumb\",\"itemListElement\":[{\"@type\":\"ListItem\",\"position\":1,\"name\":\"Homepage\",\"item\":\"https:\/\/blog.holyart.it\/it\/\"},{\"@type\":\"ListItem\",\"position\":2,\"name\":\"Religione\",\"item\":\"https:\/\/blog.holyart.it\/it\/articoli-religiosi\/\"},{\"@type\":\"ListItem\",\"position\":3,\"name\":\"Giornata mondiale dei genitori\"}]},{\"@type\":\"WebSite\",\"@id\":\"https:\/\/blog.holyart.it\/it\/#website\",\"url\":\"https:\/\/blog.holyart.it\/it\/\",\"name\":\"Holyblog\",\"description\":\"Il Blog di Holyart.it\",\"publisher\":{\"@id\":\"https:\/\/blog.holyart.it\/it\/#organization\"},\"potentialAction\":[{\"@type\":\"SearchAction\",\"target\":{\"@type\":\"EntryPoint\",\"urlTemplate\":\"https:\/\/blog.holyart.it\/it\/?s={search_term_string}\"},\"query-input\":{\"@type\":\"PropertyValueSpecification\",\"valueRequired\":true,\"valueName\":\"search_term_string\"}}],\"inLanguage\":\"it-IT\"},{\"@type\":\"Organization\",\"@id\":\"https:\/\/blog.holyart.it\/it\/#organization\",\"name\":\"Holyblog\",\"url\":\"https:\/\/blog.holyart.it\/it\/\",\"logo\":{\"@type\":\"ImageObject\",\"inLanguage\":\"it-IT\",\"@id\":\"https:\/\/blog.holyart.it\/it\/#\/schema\/logo\/image\/\",\"url\":\"https:\/\/blog.holyart.it\/it\/wp-content\/uploads\/sites\/17\/2022\/12\/Holyart_Blog_Logo.jpg\",\"contentUrl\":\"https:\/\/blog.holyart.it\/it\/wp-content\/uploads\/sites\/17\/2022\/12\/Holyart_Blog_Logo.jpg\",\"width\":300,\"height\":50,\"caption\":\"Holyblog\"},\"image\":{\"@id\":\"https:\/\/blog.holyart.it\/it\/#\/schema\/logo\/image\/\"}},{\"@type\":\"Person\",\"@id\":\"https:\/\/blog.holyart.it\/it\/#\/schema\/person\/0a7b686e5af0f856ec1e390dd0baecda\",\"name\":\"Redazione\"}]}<\/script>\n<!-- \/ Yoast SEO plugin. -->","yoast_head_json":{"title":"Giornata mondiale dei genitori - Holyblog","description":"Il 1 giugno \u00e8 la giornata mondiale dei genitori 2020, un momento per ricordare l'importanza dei genitori come primi e fondamentali educatori dei bambini.","robots":{"index":"index","follow":"follow","max-snippet":"max-snippet:-1","max-image-preview":"max-image-preview:large","max-video-preview":"max-video-preview:-1"},"canonical":"https:\/\/blog.holyart.it\/it\/articoli-religiosi\/giornata-mondiale-dei-genitori\/","og_locale":"it_IT","og_type":"article","og_title":"Giornata mondiale dei genitori - Holyblog","og_description":"Il 1 giugno \u00e8 la giornata mondiale dei genitori 2020, un momento per ricordare l'importanza dei genitori come primi e fondamentali educatori dei bambini.","og_url":"https:\/\/blog.holyart.it\/it\/articoli-religiosi\/giornata-mondiale-dei-genitori\/","og_site_name":"Holyblog","article_published_time":"2020-06-01T12:02:52+00:00","article_modified_time":"2024-05-27T13:30:03+00:00","og_image":[{"width":1000,"height":666,"url":"https:\/\/blog.holyart.it\/it\/wp-content\/uploads\/sites\/17\/2020\/06\/giornata-dei-genitori.jpg","type":"image\/jpeg"}],"author":"Redazione","twitter_card":"summary_large_image","twitter_misc":{"Scritto da":"Redazione","Tempo di lettura stimato":"13 minuti"},"schema":{"@context":"https:\/\/schema.org","@graph":[{"@type":"Article","@id":"https:\/\/blog.holyart.it\/it\/articoli-religiosi\/giornata-mondiale-dei-genitori\/#article","isPartOf":{"@id":"https:\/\/blog.holyart.it\/it\/articoli-religiosi\/giornata-mondiale-dei-genitori\/"},"author":{"name":"Redazione","@id":"https:\/\/blog.holyart.it\/it\/#\/schema\/person\/0a7b686e5af0f856ec1e390dd0baecda"},"headline":"Giornata mondiale dei genitori","datePublished":"2020-06-01T12:02:52+00:00","dateModified":"2024-05-27T13:30:03+00:00","mainEntityOfPage":{"@id":"https:\/\/blog.holyart.it\/it\/articoli-religiosi\/giornata-mondiale-dei-genitori\/"},"wordCount":2173,"publisher":{"@id":"https:\/\/blog.holyart.it\/it\/#organization"},"image":{"@id":"https:\/\/blog.holyart.it\/it\/articoli-religiosi\/giornata-mondiale-dei-genitori\/#primaryimage"},"thumbnailUrl":"https:\/\/blog.holyart.it\/it\/wp-content\/uploads\/sites\/17\/2020\/06\/giornata-dei-genitori.jpg","articleSection":["Religione"],"inLanguage":"it-IT"},{"@type":"WebPage","@id":"https:\/\/blog.holyart.it\/it\/articoli-religiosi\/giornata-mondiale-dei-genitori\/","url":"https:\/\/blog.holyart.it\/it\/articoli-religiosi\/giornata-mondiale-dei-genitori\/","name":"Giornata mondiale dei genitori - Holyblog","isPartOf":{"@id":"https:\/\/blog.holyart.it\/it\/#website"},"primaryImageOfPage":{"@id":"https:\/\/blog.holyart.it\/it\/articoli-religiosi\/giornata-mondiale-dei-genitori\/#primaryimage"},"image":{"@id":"https:\/\/blog.holyart.it\/it\/articoli-religiosi\/giornata-mondiale-dei-genitori\/#primaryimage"},"thumbnailUrl":"https:\/\/blog.holyart.it\/it\/wp-content\/uploads\/sites\/17\/2020\/06\/giornata-dei-genitori.jpg","datePublished":"2020-06-01T12:02:52+00:00","dateModified":"2024-05-27T13:30:03+00:00","description":"Il 1 giugno \u00e8 la giornata mondiale dei genitori 2020, un momento per ricordare l'importanza dei genitori come primi e fondamentali educatori dei bambini.","breadcrumb":{"@id":"https:\/\/blog.holyart.it\/it\/articoli-religiosi\/giornata-mondiale-dei-genitori\/#breadcrumb"},"inLanguage":"it-IT","potentialAction":[{"@type":"ReadAction","target":["https:\/\/blog.holyart.it\/it\/articoli-religiosi\/giornata-mondiale-dei-genitori\/"]}]},{"@type":"ImageObject","inLanguage":"it-IT","@id":"https:\/\/blog.holyart.it\/it\/articoli-religiosi\/giornata-mondiale-dei-genitori\/#primaryimage","url":"https:\/\/blog.holyart.it\/it\/wp-content\/uploads\/sites\/17\/2020\/06\/giornata-dei-genitori.jpg","contentUrl":"https:\/\/blog.holyart.it\/it\/wp-content\/uploads\/sites\/17\/2020\/06\/giornata-dei-genitori.jpg","width":1000,"height":666,"caption":"giornata dei genitori"},{"@type":"BreadcrumbList","@id":"https:\/\/blog.holyart.it\/it\/articoli-religiosi\/giornata-mondiale-dei-genitori\/#breadcrumb","itemListElement":[{"@type":"ListItem","position":1,"name":"Homepage","item":"https:\/\/blog.holyart.it\/it\/"},{"@type":"ListItem","position":2,"name":"Religione","item":"https:\/\/blog.holyart.it\/it\/articoli-religiosi\/"},{"@type":"ListItem","position":3,"name":"Giornata mondiale dei genitori"}]},{"@type":"WebSite","@id":"https:\/\/blog.holyart.it\/it\/#website","url":"https:\/\/blog.holyart.it\/it\/","name":"Holyblog","description":"Il Blog di Holyart.it","publisher":{"@id":"https:\/\/blog.holyart.it\/it\/#organization"},"potentialAction":[{"@type":"SearchAction","target":{"@type":"EntryPoint","urlTemplate":"https:\/\/blog.holyart.it\/it\/?s={search_term_string}"},"query-input":{"@type":"PropertyValueSpecification","valueRequired":true,"valueName":"search_term_string"}}],"inLanguage":"it-IT"},{"@type":"Organization","@id":"https:\/\/blog.holyart.it\/it\/#organization","name":"Holyblog","url":"https:\/\/blog.holyart.it\/it\/","logo":{"@type":"ImageObject","inLanguage":"it-IT","@id":"https:\/\/blog.holyart.it\/it\/#\/schema\/logo\/image\/","url":"https:\/\/blog.holyart.it\/it\/wp-content\/uploads\/sites\/17\/2022\/12\/Holyart_Blog_Logo.jpg","contentUrl":"https:\/\/blog.holyart.it\/it\/wp-content\/uploads\/sites\/17\/2022\/12\/Holyart_Blog_Logo.jpg","width":300,"height":50,"caption":"Holyblog"},"image":{"@id":"https:\/\/blog.holyart.it\/it\/#\/schema\/logo\/image\/"}},{"@type":"Person","@id":"https:\/\/blog.holyart.it\/it\/#\/schema\/person\/0a7b686e5af0f856ec1e390dd0baecda","name":"Redazione"}]}},"_links":{"self":[{"href":"https:\/\/blog.holyart.it\/it\/wp-json\/wp\/v2\/posts\/9609","targetHints":{"allow":["GET"]}}],"collection":[{"href":"https:\/\/blog.holyart.it\/it\/wp-json\/wp\/v2\/posts"}],"about":[{"href":"https:\/\/blog.holyart.it\/it\/wp-json\/wp\/v2\/types\/post"}],"author":[{"embeddable":true,"href":"https:\/\/blog.holyart.it\/it\/wp-json\/wp\/v2\/users\/1"}],"replies":[{"embeddable":true,"href":"https:\/\/blog.holyart.it\/it\/wp-json\/wp\/v2\/comments?post=9609"}],"version-history":[{"count":1,"href":"https:\/\/blog.holyart.it\/it\/wp-json\/wp\/v2\/posts\/9609\/revisions"}],"predecessor-version":[{"id":19977,"href":"https:\/\/blog.holyart.it\/it\/wp-json\/wp\/v2\/posts\/9609\/revisions\/19977"}],"wp:featuredmedia":[{"embeddable":true,"href":"https:\/\/blog.holyart.it\/it\/wp-json\/wp\/v2\/media\/9618"}],"wp:attachment":[{"href":"https:\/\/blog.holyart.it\/it\/wp-json\/wp\/v2\/media?parent=9609"}],"wp:term":[{"taxonomy":"category","embeddable":true,"href":"https:\/\/blog.holyart.it\/it\/wp-json\/wp\/v2\/categories?post=9609"},{"taxonomy":"post_tag","embeddable":true,"href":"https:\/\/blog.holyart.it\/it\/wp-json\/wp\/v2\/tags?post=9609"}],"curies":[{"name":"wp","href":"https:\/\/api.w.org\/{rel}","templated":true}]}}