{"id":9592,"date":"2020-05-28T17:13:10","date_gmt":"2020-05-28T15:13:10","guid":{"rendered":"https:\/\/blog.holyart.it\/it\/?p=9592"},"modified":"2023-05-24T11:37:43","modified_gmt":"2023-05-24T09:37:43","slug":"in-occasione-della-pentecoste-prega-maria-che-scioglie-i-nodi","status":"publish","type":"post","link":"https:\/\/blog.holyart.it\/it\/accessori-liturgia\/in-occasione-della-pentecoste-prega-maria-che-scioglie-i-nodi\/","title":{"rendered":"In occasione della Pentecoste prega Maria che scioglie i nodi"},"content":{"rendered":"<h4>50 giorni dopo la Pasqua si festeggia la Pentecoste, che ricorda la discesa dello Spirito Santo tra i discepoli e l&#8217;inizio della missione della Chiesa. Quest\u2019anno celebriamola recitando una Novena a Maria che scioglie i nodi.<\/h4>\n\n<p>Quest&#8217;anno la festa di Pentecoste cade il 31 maggio. Si tratta di una festa mobile, la cui data dipende da quando \u00e8 stata celebrata la Pasqua. Infatti la tradizione vuole che Pentecoste cada esattamente cinquanta giorni dopo la Pasqua.<\/p>\n<p><strong><a href=\"https:\/\/www.holyart.it\/blog\/articoli-religiosi\/la-pentecoste-giorno-cui-si-celebra-lo-spirito-santo-la-nascita-della-chiesa\/\">La Pentecoste<\/a><\/strong>\u00a0cristiana \u00e8 una delle celebrazioni pi\u00f9 importanti per la Chiesa cattolica. Deriva da un&#8217;antica festivit\u00e0 ebraica, lo <em>Shavuot<\/em>, la Pentecoste per gli ebrei, che veniva celebrata sette settimane dopo la Pasqua e imponeva un pellegrinaggio a Gerusalemme. Fu proprio per festeggiare lo <em>Shavuot<\/em>, la Pentecoste ebraica, che i discepoli e gli apostoli si riunirono a Gerusalemme, e fu in quell&#8217;occasione che lo Spirito Santo discese dal cielo.<\/p>\n<div class=\"link-article\">\n<p><img loading=\"lazy\" decoding=\"async\" class=\"alignleft wp-image-9593 size-full\" src=\"https:\/\/blog.holyart.it\/it\/wp-content\/uploads\/sites\/17\/2020\/05\/La-Pentecoste.jpg\" alt=\"La Pentecoste\" width=\"150\" height=\"99\" \/><\/p>\n<div class=\"leggi-anche\">Leggi anche:<\/div>\n<p><strong><a href=\"https:\/\/www.holyart.it\/blog\/articoli-religiosi\/la-pentecoste-giorno-cui-si-celebra-lo-spirito-santo-la-nascita-della-chiesa\/\">La Pentecoste: si celebra lo Spirito Santo e la nascita della Chiesa<\/a><\/strong><br \/>\nLa Pentecoste \u00e8 una delle festivit\u00e0 pi\u00f9 importanti&#8230;<\/p>\n<\/div>\n<p>La Pentecoste \u00e8 anche una delle ricorrenze religiose in occasione delle quali \u00e8 consigliabile recitare una <strong>Novena<\/strong>, una particolare preghiera che viene rivolta di solito alla Madonna o a un santo per chiedere la sua intercessione per risolvere una questione particolarmente difficile. Per risultare efficace la preghiera deve essere recitata per nove giorni consecutivi. Quest&#8217;anno, alla luce dei recenti avvenimenti, ci sembra giusto proporre una Novena dedicata\u00a0a <strong>Maria che scioglie i nodi<\/strong>, colei che offre il suo aiuto per districare i tanti nodi della vita, soprattutto quelli pi\u00f9 ingarbugliati.<\/p>\n<h2>Le origini e il significato della Pentecoste<\/h2>\n<p>Cos&#8217;\u00e8 la Pentecoste? Abbiamo accennato a come, in origine, la Pentecoste coincidesse con\u00a0lo <em>Shavuot<\/em>, la <em>Festa delle Settimane. <\/em>Il termine Pentecoste viene dal greco antico e significa <em>cinquantesimo giorno<\/em>. Infatti questa festa cadeva 50 giorni dopo <em>Pesach<\/em>, la Pasqua ebraica. Si trattava di una delle tre feste (le altre due erano <em>Pesach<\/em> e <em>Sukk\u00f2th<\/em>) in occasione delle quali bisognava recarsi in <strong>pellegrinaggio a Gerusalemme<\/strong> portando due pagnotte in offerta al Tempio. Lo <em>Shavuot <\/em>era infatti una festa legata alla <strong>terra e al raccolto<\/strong>. Infatti \u00e8 chiamata anche &#8220;Festa della mietitura&#8221; o &#8220;Festa delle primizie&#8221;, e costituiva un momento di grande gioia.<\/p>\n<p>Ma lo <em>Shavuot <\/em>celebra anche la gioia per il dono dei <a href=\"https:\/\/www.holyart.it\/blog\/articoli-religiosi\/i-dieci-comandamenti\/\"><strong>Dieci Comandamenti <\/strong><\/a>a Mos\u00e8 e la scelta da parte del popolo ebreo, di seguirli ed obbedire ad essi.<\/p>\n<div class=\"link-article\">\n<p><img loading=\"lazy\" decoding=\"async\" class=\"alignleft size-full wp-image-9594\" src=\"https:\/\/blog.holyart.it\/it\/wp-content\/uploads\/sites\/17\/2020\/05\/dieci-comandamenti.jpg\" alt=\"dieci comandamenti\" width=\"150\" height=\"99\" \/><\/p>\n<div class=\"leggi-anche\">Leggi anche:<\/div>\n<p><strong><a href=\"https:\/\/www.holyart.it\/blog\/articoli-religiosi\/i-dieci-comandamenti\/\">I dieci comandamenti<\/a><\/strong><br \/>\nI Dieci Comandamenti sono le regole impresse sulle Tavole della Legge che secondo la tradizione Mos\u00e8 ricevette da Dio&#8230;<\/p>\n<\/div>\n<p>Anche gli apostoli e i discepoli di Ges\u00f9 festeggiavano questa ricorrenza.<br \/>\nNegli <strong>Atti degli Apostoli<\/strong> (Atti degli Apostoli 2,1-11) si legge che il giorno di Pentecoste si ritrovavano tutti insieme nello stesso luogo. Secondo gli <em>Atti<\/em> l&#8217;<strong>Ascensione al cielo<\/strong> di Ges\u00f9 era avvenuta solo pochi giorni prima, 40 giorni dopo la Risurrezione, mentre secondo il Vangelo di Luca aveva avuto luogo il giorno stesso della Risurrezione.\u00a0Dopo l&#8217;Ascensione di Ges\u00f9 al cielo la Madonna e gli Apostoli si erano dunque ritrovati a pregare insieme. A un certo punto la quiete del giorno venne scossa da un fragore assordante, e lingue di fuoco scesero dal cielo a lambire il capo di tutti i presenti, che improvvisamente iniziarono a parlare in <strong>tutte le lingue del mondo<\/strong>, tanto che coloro che erano accorsi udendo il frastuono riconobbero ciascuno la propria. A quella folla, turbata e stupita da quel prodigio, <a href=\"https:\/\/www.holyart.it\/it\/articoli-religiosi\/statue\/statue-in-legno-dipinto\/san-pietro-con-le-chiavi-31-cm\"><strong>Pietro<\/strong><\/a> disse che era stato Ges\u00f9, &#8220;Signore e Messia&#8221;, resuscitato dal regno dei morti e asceso al cielo, a compiere quel miracolo. Molti si convertirono all&#8217;istante e chiesero di essere battezzati. Anche <a href=\"https:\/\/www.holyart.it\/it\/articoli-religiosi\/santini-e-biglietti-augurali\/santini\/santino-san-mattia-10x5-cm-ita\"><strong>Mattia<\/strong><\/a>, l&#8217;apostolo che aveva sostituito Giuda Iscariota tra i Dodici prescelti, era presente e lo Spirito Santo scese anche su di lui, investendolo della capacit\u00e0 di portare la Parola di Dio ovunque.<\/p>\n<div class=\"link-product\">\n<div class=\"blocco-immagine\"><img loading=\"lazy\" decoding=\"async\" class=\"alignnone size-full wp-image-9595\" src=\"https:\/\/blog.holyart.it\/it\/wp-content\/uploads\/sites\/17\/2020\/05\/san-pietro-con-le-chiavi-31-cm.jpg\" alt=\"san-pietro-con-le-chiavi-31-cm\" width=\"100\" height=\"100\" \/><\/div>\n<div class=\"blocco-contenuto\">\n<div class=\"blocco-acquista\">Acquista su Holyart:<\/div>\n<div class=\"blocco-titolo\"><a href=\"https:\/\/www.holyart.it\/it\/articoli-religiosi\/statue\/statue-in-legno-dipinto\/san-pietro-con-le-chiavi-31-cm\">San Pietro con le chiavi 31 cm<\/a><\/div>\n<div class=\"blocco-descrizione\">Statua realizzata con metodi tradizionali e dipinta a mano<\/div>\n<\/div>\n<\/div>\n<p>Quella folla raccolta intorno agli Apostoli che raccontavano della vita di Ges\u00f9, dei suoi prodigi, della sua grandezza, della sua morte e resurrezione, fu il primo nucleo della Chiesa cattolica, scaturito per opera dello Spirito Santo disceso in forma di fuoco a donare l&#8217;eloquenza ai discepoli di Ges\u00f9.<\/p>\n<h2>Lo spirito santo: cos&#8217;\u00e8 e cosa rappresenta<\/h2>\n<p>Lo <strong><a href=\"https:\/\/www.holyart.it\/it\/articoli-religiosi\/bassorilievi\/bassorilievi-vari\/bassorilievo-spirito-santo-44cm-legno-valgardena-antico-gold\">Spirito Santo<\/a> <\/strong>\u00e8 considerato la <strong>Terza Persona<\/strong> della Santissima Trinit\u00e0. La sostanza divina, che \u00e8 una, si manifesta in tre diverse emanazioni, che tuttavia sono tutte assimilabili alla stessa sostanza. Questo processo si chiama <strong>ip\u00f2stasi<\/strong>, dal greco hypostasis, &#8220;essere sussistente&#8221;, &#8220;sostanza&#8221;.<\/p>\n<div class=\"link-product\">\n<div class=\"blocco-immagine\"><img loading=\"lazy\" decoding=\"async\" class=\"size-full wp-image-16354 alignleft\" src=\"https:\/\/blog.holyart.it\/it\/wp-content\/uploads\/sites\/17\/2020\/05\/spirito-santo-2.jpg\" alt=\"spirito santo\" width=\"100\" height=\"100\" data-kale-share-title=\"In occasione della Pentecoste prega Maria che scioglie i nodi\" data-kale-share-url=\"https:\/\/blog.holyart.it\/it\/accessori-liturgia\/in-occasione-della-pentecoste-prega-maria-che-scioglie-i-nodi\/\" \/><\/div>\n<div class=\"blocco-contenuto\">\n<div class=\"blocco-acquista\">Acquista su Holyart:<\/div>\n<div class=\"blocco-titolo\"><a href=\"https:\/\/www.holyart.it\/it\/articoli-religiosi\/bassorilievi\/bassorilievi-vari\/bassorilievo-spirito-santo-44cm-legno-valgardena-antico-gold\">Bassorilievo Spirito Santo 44cm legno Valgardena Antico Gold<\/a><\/div>\n<div class=\"blocco-descrizione\">Bassorilievo Spirito Santo 44 cm in legno della Valgardena &#8230;<\/div>\n<\/div>\n<\/div>\n<p>Il Mistero trinitario \u00e8 composto dunque da <a href=\"https:\/\/www.holyart.it\/blog\/articoli-religiosi\/santissima-trinita-significato-e-rappresentazione-iconografica\/\"><strong>Dio Padre<\/strong>, <strong>Dio Figlio<\/strong> e <strong>Spirito Santo Dio<\/strong>,<\/a> come recita il <strong>Credo niceno-costantinopolitano<\/strong>: <em>&#8221; Credo nello Spirito Santo, che \u00e8 Signore e d\u00e0 la vita, e procede dal Padre (e dal Figlio), e con il Padre e il Figlio \u00e8 adorato e glorificato, e ha parlato per mezzo dei profeti.&#8221;<br \/>\n<\/em>Questa formula di fede venne formulata durante il primo concilio di Nicea (325) e poi elaborata nelle parti relative allo Spirito Santo nel primo concilio di Costantinopoli.<\/p>\n<div class=\"link-article\">\n<p><img loading=\"lazy\" decoding=\"async\" class=\"alignleft size-full wp-image-9597\" src=\"https:\/\/blog.holyart.it\/it\/wp-content\/uploads\/sites\/17\/2020\/05\/la-trinit\u00e0.jpg\" alt=\"Santissima trinit\u00e0\" width=\"150\" height=\"99\" \/><\/p>\n<div class=\"leggi-anche\">Leggi anche:<\/div>\n<p><strong><a href=\"https:\/\/www.holyart.it\/blog\/articoli-religiosi\/santissima-trinita-significato-e-rappresentazione-iconografica\/\">Santissima Trinit\u00e0: significato e rappresentazione iconografica<\/a><\/strong><br \/>\nIl concetto di Trinit\u00e0 riassume la dottrina della chiesa cattolica: Dio \u00e8 Uno e Unico, e tuttavia in lui coesistono tre Persone uguali e distinte.<\/p>\n<\/div>\n<p>&nbsp;<\/p>\n<p>Nella <a href=\"https:\/\/www.holyart.it\/it\/articoli-religiosi\/libri-e-testi-sacri\/bibbie\"><strong>Bibbia<\/strong><\/a> lo Spirito Santo appare in diverse forme:<\/p>\n<ul>\n<li><strong>Acqua<\/strong>, simbolo di nuova vita (acqua scaturita dalla roccia per salvare il popolo ebraico, Spirito Santo nel battesimo);<\/li>\n<li><strong>Fuoco<\/strong>, simbolo del potere dello Spirito di trasformare le cose e infondere sapienza (per esempio nella Pentecoste),<\/li>\n<li><strong>Vento<\/strong>, simbolo del &#8220;soffio&#8221; divino (sempre nella Pentecoste),<\/li>\n<li><strong>Nube e luce<\/strong> (durante l&#8217;incontro con Mos\u00e8 sul monte Sinai, nell&#8217;<a href=\"https:\/\/www.holyart.it\/blog\/articoli-religiosi\/annunciazione-del-signore-perche-si-festeggia-il-25-marzo\/\"><strong>Annunciazione di Maria<\/strong><\/a>, nella Trasfigurazione di Ges\u00f9, nell&#8217;Ascensione di Ges\u00f9 al cielo);<\/li>\n<li><strong>Sigillo,<\/strong> legato al simbolo dell&#8217;unzione;<\/li>\n<li><strong>Mano. <\/strong>Con l&#8217;imposizione delle mani il Sacerdote invoca la discesa dello Spirito Santo e la benedizione di Dio su un fedele;<\/li>\n<li><strong>Dito di Dio <\/strong>(potenza di Dio che ha scolpito i dieci comandamenti. Con un gesto ammonitore del dito Ges\u00f9 scacciava i demoni);<\/li>\n<li><strong>Colomba, <\/strong>durante il battesimo di Ges\u00f9.<\/li>\n<\/ul>\n<p><strong>Nell&#8217;Antico Testamento<\/strong> lo Spirito Santo \u00e8 menzionato fin dalla Genesi come elemento <strong>creante<\/strong> nell&#8217;ambito della Creazione. Lo Spirito \u00e8 anche <strong>generante<\/strong><strong>, e cos\u00ec<\/strong> \u00e8 definito cos\u00ec il soffio vitale con cui Dio infonde la vita nel creato, rinnovandola e mutandola nel tempo. In seguito lo Spirito Santo verr\u00e0 investito anche di una funzione <strong>conducente<\/strong>, perch\u00e9 diventer\u00e0 la guida e lo sprone per re, profeti e interi popoli che si muoveranno spinti da esso in nome di Dio.<\/p>\n<p>Nel <a href=\"https:\/\/www.holyart.it\/it\/articoli-religiosi\/libri-e-testi-sacri\/vangeli\/il-nuovo-testamento-copertina-rigida-morbida\"><strong>Nuovo Testamento<\/strong><\/a> lo Spirito Santo si rivela pienamente. Esso accompagna Ges\u00f9 fin dal Suo <strong>concepimento<\/strong>: <em>&#8220;Allora Maria disse all&#8217;angelo: \u00abCome \u00e8 possibile? Non conosco uomo\u00bb. Le rispose l&#8217;angelo: \u00abLo <\/em><strong><em>Spirito Santo<\/em><\/strong><em> scender\u00e0 su di te, su te stender\u00e0 la sua ombra la potenza dell&#8217;Altissimo. Colui che nascer\u00e0 sar\u00e0 dunque santo e chiamato Figlio di Dio.&#8221;<\/em> (Luca 1,34-35)<\/p>\n<div class=\"link-product\">\n<div class=\"blocco-immagine\"><img loading=\"lazy\" decoding=\"async\" class=\"alignnone size-full wp-image-9600\" src=\"https:\/\/blog.holyart.it\/it\/wp-content\/uploads\/sites\/17\/2020\/05\/il-nuovo-testamento-copertina-rigida-morbida-1.jpg\" alt=\"il-nuovo-testamento-copertina-rigida-morbida\" width=\"100\" height=\"100\" \/><\/div>\n<div class=\"blocco-contenuto\">\n<div class=\"blocco-acquista\">Acquista su Holyart:<\/div>\n<div class=\"blocco-titolo\"><a href=\"https:\/\/www.holyart.it\/it\/articoli-religiosi\/libri-e-testi-sacri\/vangeli\/il-nuovo-testamento-copertina-rigida-morbida\">Il Nuovo Testamento copertina rigida morbida<\/a><\/div>\n<div class=\"blocco-descrizione\">Caratteri e xilografie riprodotte da una Bibbia del 1625.<\/div>\n<\/div>\n<\/div>\n<p>Apparir\u00e0 poi durante il Suo <a href=\"https:\/\/www.holyart.it\/it\/occasioni-speciali\/battesimo\"><strong>Battesimo<\/strong><\/a>, sotto forma di colomba che scende dal cielo e parla con la voce di Dio: <em>&#8220;Appena battezzato, Ges\u00f9 usc\u00ec dall&#8217;acqua: ed ecco, si aprirono i cieli ed egli vide lo <\/em><strong><em>Spirito di Dio<\/em><\/strong><em> scendere come una colomba e venire su di lui. Ed ecco una voce dal cielo che disse: \u00abQuesti \u00e8 il Figlio mio prediletto, nel quale mi sono compiaciuto\u00bb&#8221;.<\/em> (Matteo 3:16-17)<\/p>\n<p>Lo Spirito Santo accompagner\u00e0 molti dei <strong>miracoli <\/strong>di Ges\u00f9, soprattutto quelli legati a guarigioni miracolose e alla liberazione di uomini e donne posseduti.<\/p>\n<p><em>&#8220;Ma se io scaccio i dem\u00f2ni per virt\u00f9 dello <\/em><strong><em>Spirito di Dio<\/em><\/strong><em>, \u00e8 certo giunto fra voi il regno di Dio&#8221;.<\/em> (Matteo 12:28)<\/p>\n<p><em>&#8220;Ma Ges\u00f9, saputolo, si allontan\u00f2 di l\u00e0. Molti lo seguirono ed egli guar\u00ec tutti, ordinando loro di non divulgarlo, perch\u00e9 si adempisse ci\u00f2 che era stato detto dal profeta Isaia: \u00abEcco il mio servo che io ho scelto; il mio prediletto, nel quale mi sono compiaciuto. Porr\u00f2 il <\/em><strong><em>mio spirito <\/em><\/strong><em>sopra di lui e annunzier\u00e0 la giustizia alle genti\u00bb&#8221;.<\/em> (Matteo 12,15-18)<\/p>\n<p><em>Ma gli scribi, che erano discesi da Gerusalemme, dicevano: \u00abCostui \u00e8 posseduto da Beelzeb\u00f9l e scaccia i dem\u00f2ni per mezzo del principe dei dem\u00f2ni\u00bb. Ma egli, chiamatili, diceva loro in parabole: \u00abCome pu\u00f2 satana scacciare satana? Se un regno \u00e8 diviso in se stesso, quel regno non pu\u00f2 reggersi; se una casa \u00e8 divisa in se stessa, quella casa non pu\u00f2 reggersi. Alla stessa maniera, se satana si ribella contro se stesso ed \u00e8 diviso, non pu\u00f2 resistere, ma sta per finire. Nessuno pu\u00f2 entrare nella casa di un uomo forte e rapire le sue cose se prima non avr\u00e0 legato l&#8217;uomo forte; allora ne sacchegger\u00e0 la casa. In verit\u00e0 vi dico: tutti i peccati saranno perdonati ai figli degli uomini e anche tutte le bestemmie che diranno; ma chi avr\u00e0 bestemmiato contro lo <\/em><strong><em>Spirito santo<\/em><\/strong><em>, non avr\u00e0 perdono in eterno: sar\u00e0 reo di colpa eterna\u00bb. Poich\u00e9 dicevano: \u00ab\u00c8 posseduto da uno spirito immondo\u00bb. <\/em>(Marco 3,22-30)<\/p>\n<p>Al momento della <strong>morte<\/strong>, secondo tutti i Vangeli: <em>&#8220;Ges\u00f9, emesso un gran grido, rese lo <\/em><strong><em>spirito<\/em><\/strong><em>.&#8221;<\/em> (Marco 15,37)<\/p>\n<p>Successivamente alla morte e Ascensione al cielo di Ges\u00f9, lo Spirito Santo torner\u00e0 appunto per <strong>Pentecoste<\/strong>, scendendo dal cielo in forma di lingue di fuoco che si divisero e si posarono sui discepoli e Maria, donando loro la facolt\u00e0 di predicare il Vangelo in lingue prima sconosciute.<\/p>\n<p>Dobbiamo ricordare che <strong>Ges\u00f9<\/strong> stesso aveva incoraggiato i suoi discepoli a pregare dopo la sua morte perch\u00e9 lo Spirito Santo discendesse su di loro:<\/p>\n<p><em>&#8220;In quel tempo Ges\u00f9 disse ai suoi discepoli:\u00ab26 Quando verr\u00e0 il <strong>Par\u00e0clito<\/strong> <\/em><em>(termine con cui nel Vangelo secondo Giovanni si indica lo Spirito Santo), che io vi mander\u00f2 dal Padre, lo <strong>Spirito della verit\u00e0 <\/strong>che procede dal Padre, egli dar\u00e0 testimonianza di me; 27 e anche voi date testimonianza, perch\u00e9 siete con me fin dal principio.<\/em><em><br \/>\n12 Molte cose ho ancora da dirvi, ma per il momento non siete capaci di portarne il peso. 13 Quando verr\u00e0 lui, lo <strong>Spirito della verit\u00e0<\/strong>, vi guider\u00e0 a tutta la verit\u00e0, perch\u00e9 non parler\u00e0 da se stesso, ma dir\u00e0 tutto ci\u00f2 che avr\u00e0 udito e vi annuncer\u00e0 le cose future. 14 Egli mi glorificher\u00e0, perch\u00e9 prender\u00e0 da quel che \u00e8 mio e ve lo annuncer\u00e0. 15 Tutto quello che il Padre possiede \u00e8 mio; per questo ho detto che prender\u00e0 da quel che \u00e8 mio e ve lo annuncer\u00e0.\u00bb&#8221;<\/em> (Gv 15,26-27; 16,12-15)<\/p>\n<p>Secondo la dottrina cristiana, lo Spirito Santo porta <strong>sette doni<\/strong> a chi lo accoglie in s\u00e9 ed \u00e8 in stato di grazia. Chi possiede la virt\u00f9 della Carit\u00e0 \u00e8 gi\u00e0 in possesso anche di tutti e 7 i doni. Questi doni non sono necessariamente connessi con la Santit\u00e0, ma sono necessari alla salvezza.<br \/>\nEccoli:<\/p>\n<ul>\n<li>sapienza;<\/li>\n<li>intelletto;<\/li>\n<li>consiglio;<\/li>\n<li>fortezza;<\/li>\n<li>scienza;<\/li>\n<li>piet\u00e0;<\/li>\n<li>timore di Dio.<\/li>\n<\/ul>\n<p><a href=\"https:\/\/www.holyart.it\/it\/articoli-religiosi\/statue\/statue-in-legno-dipinto\/san-paolo\"><strong>San Paolo<\/strong><\/a> invece elenc\u00f2 <strong>nove frutti <\/strong>dello Spirito Santo, pronti a germogliare in chi fosse disposto ad accoglierlo in s\u00e9: <em>&#8220;Il frutto dello <\/em><strong><em>Spirito <\/em><\/strong><em>invece \u00e8: amore, gioia, pace, pazienza, benevolenza, bont\u00e0, fedelt\u00e0, mansuetudine, autocontrollo.&#8221;<\/em> (Galati 5,22)<\/p>\n<h2>La Preghiera a Maria che scioglie i nodi in attesa della Pentecoste<\/h2>\n<p>La Pentecoste \u00e8 dunque l&#8217;occasione ideale per recitare la <a href=\"https:\/\/www.holyart.it\/blog\/santi-e-beati\/la-novena-maria-scioglie-nodi\/\"><strong>Novena a Maria che scioglie i nodi<\/strong><\/a>.<\/p>\n<p>Dopo l&#8217;Ascensione di Ges\u00f9 al cielo la Madonna e gli Apostoli pregarono insieme per<strong> nove giorni<\/strong>, fino a Pentecoste, quando infine lo Spirito Santo discese su di loro. Da qui nasce probabilmente l&#8217;usanza delle Novena, particolarmente preziosa per chi versa in una situazione di affanno e sofferenza per s\u00e9 o per qualcuno che ama.<\/p>\n<div class=\"link-article\">\n<p><img loading=\"lazy\" decoding=\"async\" class=\"alignleft size-full wp-image-9598\" src=\"https:\/\/blog.holyart.it\/it\/wp-content\/uploads\/sites\/17\/2020\/05\/Maria-scioglie-nodi-2-1.jpg\" alt=\"Maria-scioglie-nodi-2\" width=\"150\" height=\"99\" \/><\/p>\n<div class=\"leggi-anche\">Leggi anche:<\/div>\n<p><strong><a href=\"https:\/\/www.holyart.it\/blog\/santi-e-beati\/la-novena-maria-scioglie-nodi\/\">La Novena a Maria che scioglie i nodi<\/a><\/strong><br \/>\nLa Novena \u00e8 una forma devozionale cristiana che solitamente viene praticata in vista di una ricorrenza religiosa&#8230;<\/p>\n<\/div>\n<p>Il fine per cui viene recitata questa Novena \u00e8 quello di ottenere aiuto dalla Madonna per sciogliere un particolare <strong>\u201cnodo\u201d <\/strong>che genera affanno e sofferenza. Occorre recitarla per nove giorni consecutivi, pregando con umilt\u00e0 e con assoluta fiducia, e \u201c<em>pregare sempre senza stancarsi\u201d<\/em> (Lc 18,1), come diceva di fare Ges\u00f9.<\/p>\n<p>La devozione a Maria che scioglie i nodi \u00e8 stata in larga misura diffusa dal cardinale <strong>Bergoglio<\/strong>, oggi <a href=\"https:\/\/www.holyart.it\/it\/occasioni-speciali\/papa-francesco\"><strong>Papa Francesco<\/strong><\/a>. La prima Novena a Maria che scioglie i nodi fu scritta nel 1998 da un sacerdote di Buenos Aires Juan Ram\u00f3n Celeiro. Nel 2008 questa devozione l\u2019<em>imprimatur<\/em> dall\u2019arcivescovato di Parigi, ovvero il consenso dell&#8217;autorit\u00e0 ecclesiastica richiesto per validare opere attinenti alla religione.<\/p>\n<p>Oggi la Novena \u00e8 recitata in tutto il mondo e ne esistono molte versioni. Eccone una:<\/p>\n<p><em>Vergine Maria, Madre del bell\u2019Amore,<\/em><em><br \/>\nMadre che non ha mai abbandonato un figliolo che grida aiuto,<br \/>\nMadre le cui mani lavorano senza sosta per i suoi figlioli tanto amati,<br \/>\nperch\u00e9 sono spinte dall\u2019amore divino e dall\u2019infinita misericordia<br \/>\nche esce dal Tuo cuore volgi verso di me il tuo sguardo pieno di compassione.<br \/>\nGuarda il cumulo di \u201cnodi\u201d della mia vita.<br \/>\nTu conosci la mia disperazione e il mio dolore.<br \/>\nSai quanto mi paralizzano questi nodi Maria,<br \/>\nMadre incaricata da Dio di sciogliere i \u201cnodi\u201d della vita dei tuoi figlioli,<br \/>\nripongo il nastro della mia vita nelle tue mani.<br \/>\nNelle tue mani non c\u2019\u00e8 un \u201cnodo\u201d che non sia sciolto.<br \/>\nMadre Onnipotente, con la grazia e il tuo potere d\u2019intercessione presso tuo Figlio Ges\u00f9,<br \/>\nmio Salvatore, ricevi oggi questo \u201cnodo\u201d (nominarlo se possibile\u2026).<br \/>\nPer la gloria di Dio ti chiedo di scioglierlo e di scioglierlo per sempre.<br \/>\nSpero in Te. Sei l\u2019unica consolatrice che Dio mi ha dato.<br \/>\nSei la fortezza delle mie forze precarie, la ricchezza delle mie miserie,<br \/>\nla liberazione di tutto ci\u00f2 che mi impedisce di essere con Cristo.<br \/>\nAccogli il mio richiamo.<br \/>\nPreservami, guidami proteggimi, sii il mio rifugio.<br \/>\nAmen<\/em><\/p>\n<h2>Cosa simboleggiano i nodi di Maria<\/h2>\n<p>I \u201cnodi\u201d per i quali invochiamo Maria possono essere tutti quei problemi che ci affliggono, a volte anche per anni, e che non riusciamo a risolvere. Incomprensioni e violenze all&#8217;interno della famiglia, figli problematici, malati, crisi matrimoniali, ma anche dipendenze pericolose, come l&#8217;alcolismo e la tossicodipendenza, o il vizio del gioco.<br \/>\nE poi malattie incurabili, depressione, disoccupazione, ma anche rancore, senza di colpa, sentimenti negativi che avvelenano l&#8217;anima.<br \/>\nQuesta <a href=\"https:\/\/www.holyart.it\/it\/articoli-religiosi\/libri-e-testi-sacri\/calendari-e-altri-libri-religiosi\/libretto-novena-maria-che-scioglie-i-nodi-e-rosario-ita\"><strong>Madonna gentile, raffigurata con un nastro tra le mani pieno di nodi<\/strong> <\/a>che le sue dita sciolgono, accetta i nodi di chi si rivolge a lei con spirito sincero e speranza, con la promessa di far cessare il dolore.<\/p>\n<div class=\"link-product\">\n<div class=\"blocco-immagine\"><img loading=\"lazy\" decoding=\"async\" class=\"alignnone size-full wp-image-9601\" src=\"https:\/\/blog.holyart.it\/it\/wp-content\/uploads\/sites\/17\/2020\/05\/libretto-novena-maria-che-scioglie-i-nodi-e-rosario-ita.jpg\" alt=\"libretto-novena-maria-che-scioglie-i-nodi-e-rosario-ita\" width=\"100\" height=\"100\" \/><\/div>\n<div class=\"blocco-contenuto\">\n<div class=\"blocco-acquista\">Acquista su Holyart:<\/div>\n<div class=\"blocco-titolo\"><a href=\"https:\/\/www.holyart.it\/it\/articoli-religiosi\/libri-e-testi-sacri\/calendari-e-altri-libri-religiosi\/libretto-novena-maria-che-scioglie-i-nodi-e-rosario-ita\">Libretto Novena Maria che scioglie i nodi e rosario<\/a><\/div>\n<div class=\"blocco-descrizione\">Libretto rosario ITALIANO in onore di Maria<\/div>\n<\/div>\n<\/div>\n","protected":false},"excerpt":{"rendered":"<p>50 giorni dopo la Pasqua si festeggia la Pentecoste, che ricorda la discesa dello Spirito Santo tra i discepoli e l&#8217;inizio della missione della Chiesa. Quest\u2019anno celebriamola recitando una Novena a Maria che scioglie i nodi. Quest&#8217;anno la festa di Pentecoste cade il 31 maggio.&hellip;<\/p>\n","protected":false},"author":1,"featured_media":9605,"comment_status":"closed","ping_status":"open","sticky":false,"template":"","format":"standard","meta":{"_acf_changed":false,"footnotes":""},"categories":[14,16],"tags":[],"class_list":["post-9592","post","type-post","status-publish","format-standard","has-post-thumbnail","hentry","category-accessori-liturgia","category-articoli-religiosi"],"acf":[],"yoast_head":"<!-- This site is optimized with the Yoast SEO plugin v26.6 - https:\/\/yoast.com\/wordpress\/plugins\/seo\/ -->\n<title>In occasione della Pentecoste prega Maria che scioglie i nodi - Holyblog<\/title>\n<meta name=\"description\" content=\"50 giorni dopo la Pasqua si festeggia la Pentecoste, che ricorda la discesa dello Spirito Santo tra i discepoli e l&#039;inizio della missione della Chiesa\" \/>\n<meta name=\"robots\" content=\"index, follow, max-snippet:-1, max-image-preview:large, max-video-preview:-1\" \/>\n<link rel=\"canonical\" href=\"https:\/\/blog.holyart.it\/it\/accessori-liturgia\/in-occasione-della-pentecoste-prega-maria-che-scioglie-i-nodi\/\" \/>\n<meta property=\"og:locale\" content=\"it_IT\" \/>\n<meta property=\"og:type\" content=\"article\" \/>\n<meta property=\"og:title\" content=\"In occasione della Pentecoste prega Maria che scioglie i nodi - Holyblog\" \/>\n<meta property=\"og:description\" content=\"50 giorni dopo la Pasqua si festeggia la Pentecoste, che ricorda la discesa dello Spirito Santo tra i discepoli e l&#039;inizio della missione della Chiesa\" \/>\n<meta property=\"og:url\" content=\"https:\/\/blog.holyart.it\/it\/accessori-liturgia\/in-occasione-della-pentecoste-prega-maria-che-scioglie-i-nodi\/\" \/>\n<meta property=\"og:site_name\" content=\"Holyblog\" \/>\n<meta property=\"article:published_time\" content=\"2020-05-28T15:13:10+00:00\" \/>\n<meta property=\"article:modified_time\" content=\"2023-05-24T09:37:43+00:00\" \/>\n<meta property=\"og:image\" content=\"https:\/\/blog.holyart.it\/it\/wp-content\/uploads\/sites\/17\/2020\/05\/Pentecoste-spirito-santo.jpg\" \/>\n\t<meta property=\"og:image:width\" content=\"1000\" \/>\n\t<meta property=\"og:image:height\" content=\"666\" \/>\n\t<meta property=\"og:image:type\" content=\"image\/jpeg\" \/>\n<meta name=\"author\" content=\"Redazione\" \/>\n<meta name=\"twitter:card\" content=\"summary_large_image\" \/>\n<meta name=\"twitter:label1\" content=\"Scritto da\" \/>\n\t<meta name=\"twitter:data1\" content=\"Redazione\" \/>\n\t<meta name=\"twitter:label2\" content=\"Tempo di lettura stimato\" \/>\n\t<meta name=\"twitter:data2\" content=\"15 minuti\" \/>\n<script type=\"application\/ld+json\" class=\"yoast-schema-graph\">{\"@context\":\"https:\/\/schema.org\",\"@graph\":[{\"@type\":\"Article\",\"@id\":\"https:\/\/blog.holyart.it\/it\/accessori-liturgia\/in-occasione-della-pentecoste-prega-maria-che-scioglie-i-nodi\/#article\",\"isPartOf\":{\"@id\":\"https:\/\/blog.holyart.it\/it\/accessori-liturgia\/in-occasione-della-pentecoste-prega-maria-che-scioglie-i-nodi\/\"},\"author\":{\"name\":\"Redazione\",\"@id\":\"https:\/\/blog.holyart.it\/it\/#\/schema\/person\/0a7b686e5af0f856ec1e390dd0baecda\"},\"headline\":\"In occasione della Pentecoste prega Maria che scioglie i nodi\",\"datePublished\":\"2020-05-28T15:13:10+00:00\",\"dateModified\":\"2023-05-24T09:37:43+00:00\",\"mainEntityOfPage\":{\"@id\":\"https:\/\/blog.holyart.it\/it\/accessori-liturgia\/in-occasione-della-pentecoste-prega-maria-che-scioglie-i-nodi\/\"},\"wordCount\":2369,\"publisher\":{\"@id\":\"https:\/\/blog.holyart.it\/it\/#organization\"},\"image\":{\"@id\":\"https:\/\/blog.holyart.it\/it\/accessori-liturgia\/in-occasione-della-pentecoste-prega-maria-che-scioglie-i-nodi\/#primaryimage\"},\"thumbnailUrl\":\"https:\/\/blog.holyart.it\/it\/wp-content\/uploads\/sites\/17\/2020\/05\/Pentecoste-spirito-santo.jpg\",\"articleSection\":[\"Liturgia\",\"Religione\"],\"inLanguage\":\"it-IT\"},{\"@type\":\"WebPage\",\"@id\":\"https:\/\/blog.holyart.it\/it\/accessori-liturgia\/in-occasione-della-pentecoste-prega-maria-che-scioglie-i-nodi\/\",\"url\":\"https:\/\/blog.holyart.it\/it\/accessori-liturgia\/in-occasione-della-pentecoste-prega-maria-che-scioglie-i-nodi\/\",\"name\":\"In occasione della Pentecoste prega Maria che scioglie i nodi - Holyblog\",\"isPartOf\":{\"@id\":\"https:\/\/blog.holyart.it\/it\/#website\"},\"primaryImageOfPage\":{\"@id\":\"https:\/\/blog.holyart.it\/it\/accessori-liturgia\/in-occasione-della-pentecoste-prega-maria-che-scioglie-i-nodi\/#primaryimage\"},\"image\":{\"@id\":\"https:\/\/blog.holyart.it\/it\/accessori-liturgia\/in-occasione-della-pentecoste-prega-maria-che-scioglie-i-nodi\/#primaryimage\"},\"thumbnailUrl\":\"https:\/\/blog.holyart.it\/it\/wp-content\/uploads\/sites\/17\/2020\/05\/Pentecoste-spirito-santo.jpg\",\"datePublished\":\"2020-05-28T15:13:10+00:00\",\"dateModified\":\"2023-05-24T09:37:43+00:00\",\"description\":\"50 giorni dopo la Pasqua si festeggia la Pentecoste, che ricorda la discesa dello Spirito Santo tra i discepoli e l'inizio della missione della Chiesa\",\"breadcrumb\":{\"@id\":\"https:\/\/blog.holyart.it\/it\/accessori-liturgia\/in-occasione-della-pentecoste-prega-maria-che-scioglie-i-nodi\/#breadcrumb\"},\"inLanguage\":\"it-IT\",\"potentialAction\":[{\"@type\":\"ReadAction\",\"target\":[\"https:\/\/blog.holyart.it\/it\/accessori-liturgia\/in-occasione-della-pentecoste-prega-maria-che-scioglie-i-nodi\/\"]}]},{\"@type\":\"ImageObject\",\"inLanguage\":\"it-IT\",\"@id\":\"https:\/\/blog.holyart.it\/it\/accessori-liturgia\/in-occasione-della-pentecoste-prega-maria-che-scioglie-i-nodi\/#primaryimage\",\"url\":\"https:\/\/blog.holyart.it\/it\/wp-content\/uploads\/sites\/17\/2020\/05\/Pentecoste-spirito-santo.jpg\",\"contentUrl\":\"https:\/\/blog.holyart.it\/it\/wp-content\/uploads\/sites\/17\/2020\/05\/Pentecoste-spirito-santo.jpg\",\"width\":1000,\"height\":666,\"caption\":\"Pentecoste spirito santo\"},{\"@type\":\"BreadcrumbList\",\"@id\":\"https:\/\/blog.holyart.it\/it\/accessori-liturgia\/in-occasione-della-pentecoste-prega-maria-che-scioglie-i-nodi\/#breadcrumb\",\"itemListElement\":[{\"@type\":\"ListItem\",\"position\":1,\"name\":\"Homepage\",\"item\":\"https:\/\/blog.holyart.it\/it\/\"},{\"@type\":\"ListItem\",\"position\":2,\"name\":\"Liturgia\",\"item\":\"https:\/\/blog.holyart.it\/it\/accessori-liturgia\/\"},{\"@type\":\"ListItem\",\"position\":3,\"name\":\"In occasione della Pentecoste prega Maria che scioglie i nodi\"}]},{\"@type\":\"WebSite\",\"@id\":\"https:\/\/blog.holyart.it\/it\/#website\",\"url\":\"https:\/\/blog.holyart.it\/it\/\",\"name\":\"Holyblog\",\"description\":\"Il Blog di Holyart.it\",\"publisher\":{\"@id\":\"https:\/\/blog.holyart.it\/it\/#organization\"},\"potentialAction\":[{\"@type\":\"SearchAction\",\"target\":{\"@type\":\"EntryPoint\",\"urlTemplate\":\"https:\/\/blog.holyart.it\/it\/?s={search_term_string}\"},\"query-input\":{\"@type\":\"PropertyValueSpecification\",\"valueRequired\":true,\"valueName\":\"search_term_string\"}}],\"inLanguage\":\"it-IT\"},{\"@type\":\"Organization\",\"@id\":\"https:\/\/blog.holyart.it\/it\/#organization\",\"name\":\"Holyblog\",\"url\":\"https:\/\/blog.holyart.it\/it\/\",\"logo\":{\"@type\":\"ImageObject\",\"inLanguage\":\"it-IT\",\"@id\":\"https:\/\/blog.holyart.it\/it\/#\/schema\/logo\/image\/\",\"url\":\"https:\/\/blog.holyart.it\/it\/wp-content\/uploads\/sites\/17\/2022\/12\/Holyart_Blog_Logo.jpg\",\"contentUrl\":\"https:\/\/blog.holyart.it\/it\/wp-content\/uploads\/sites\/17\/2022\/12\/Holyart_Blog_Logo.jpg\",\"width\":300,\"height\":50,\"caption\":\"Holyblog\"},\"image\":{\"@id\":\"https:\/\/blog.holyart.it\/it\/#\/schema\/logo\/image\/\"}},{\"@type\":\"Person\",\"@id\":\"https:\/\/blog.holyart.it\/it\/#\/schema\/person\/0a7b686e5af0f856ec1e390dd0baecda\",\"name\":\"Redazione\"}]}<\/script>\n<!-- \/ Yoast SEO plugin. -->","yoast_head_json":{"title":"In occasione della Pentecoste prega Maria che scioglie i nodi - Holyblog","description":"50 giorni dopo la Pasqua si festeggia la Pentecoste, che ricorda la discesa dello Spirito Santo tra i discepoli e l'inizio della missione della Chiesa","robots":{"index":"index","follow":"follow","max-snippet":"max-snippet:-1","max-image-preview":"max-image-preview:large","max-video-preview":"max-video-preview:-1"},"canonical":"https:\/\/blog.holyart.it\/it\/accessori-liturgia\/in-occasione-della-pentecoste-prega-maria-che-scioglie-i-nodi\/","og_locale":"it_IT","og_type":"article","og_title":"In occasione della Pentecoste prega Maria che scioglie i nodi - Holyblog","og_description":"50 giorni dopo la Pasqua si festeggia la Pentecoste, che ricorda la discesa dello Spirito Santo tra i discepoli e l'inizio della missione della Chiesa","og_url":"https:\/\/blog.holyart.it\/it\/accessori-liturgia\/in-occasione-della-pentecoste-prega-maria-che-scioglie-i-nodi\/","og_site_name":"Holyblog","article_published_time":"2020-05-28T15:13:10+00:00","article_modified_time":"2023-05-24T09:37:43+00:00","og_image":[{"width":1000,"height":666,"url":"https:\/\/blog.holyart.it\/it\/wp-content\/uploads\/sites\/17\/2020\/05\/Pentecoste-spirito-santo.jpg","type":"image\/jpeg"}],"author":"Redazione","twitter_card":"summary_large_image","twitter_misc":{"Scritto da":"Redazione","Tempo di lettura stimato":"15 minuti"},"schema":{"@context":"https:\/\/schema.org","@graph":[{"@type":"Article","@id":"https:\/\/blog.holyart.it\/it\/accessori-liturgia\/in-occasione-della-pentecoste-prega-maria-che-scioglie-i-nodi\/#article","isPartOf":{"@id":"https:\/\/blog.holyart.it\/it\/accessori-liturgia\/in-occasione-della-pentecoste-prega-maria-che-scioglie-i-nodi\/"},"author":{"name":"Redazione","@id":"https:\/\/blog.holyart.it\/it\/#\/schema\/person\/0a7b686e5af0f856ec1e390dd0baecda"},"headline":"In occasione della Pentecoste prega Maria che scioglie i nodi","datePublished":"2020-05-28T15:13:10+00:00","dateModified":"2023-05-24T09:37:43+00:00","mainEntityOfPage":{"@id":"https:\/\/blog.holyart.it\/it\/accessori-liturgia\/in-occasione-della-pentecoste-prega-maria-che-scioglie-i-nodi\/"},"wordCount":2369,"publisher":{"@id":"https:\/\/blog.holyart.it\/it\/#organization"},"image":{"@id":"https:\/\/blog.holyart.it\/it\/accessori-liturgia\/in-occasione-della-pentecoste-prega-maria-che-scioglie-i-nodi\/#primaryimage"},"thumbnailUrl":"https:\/\/blog.holyart.it\/it\/wp-content\/uploads\/sites\/17\/2020\/05\/Pentecoste-spirito-santo.jpg","articleSection":["Liturgia","Religione"],"inLanguage":"it-IT"},{"@type":"WebPage","@id":"https:\/\/blog.holyart.it\/it\/accessori-liturgia\/in-occasione-della-pentecoste-prega-maria-che-scioglie-i-nodi\/","url":"https:\/\/blog.holyart.it\/it\/accessori-liturgia\/in-occasione-della-pentecoste-prega-maria-che-scioglie-i-nodi\/","name":"In occasione della Pentecoste prega Maria che scioglie i nodi - Holyblog","isPartOf":{"@id":"https:\/\/blog.holyart.it\/it\/#website"},"primaryImageOfPage":{"@id":"https:\/\/blog.holyart.it\/it\/accessori-liturgia\/in-occasione-della-pentecoste-prega-maria-che-scioglie-i-nodi\/#primaryimage"},"image":{"@id":"https:\/\/blog.holyart.it\/it\/accessori-liturgia\/in-occasione-della-pentecoste-prega-maria-che-scioglie-i-nodi\/#primaryimage"},"thumbnailUrl":"https:\/\/blog.holyart.it\/it\/wp-content\/uploads\/sites\/17\/2020\/05\/Pentecoste-spirito-santo.jpg","datePublished":"2020-05-28T15:13:10+00:00","dateModified":"2023-05-24T09:37:43+00:00","description":"50 giorni dopo la Pasqua si festeggia la Pentecoste, che ricorda la discesa dello Spirito Santo tra i discepoli e l'inizio della missione della Chiesa","breadcrumb":{"@id":"https:\/\/blog.holyart.it\/it\/accessori-liturgia\/in-occasione-della-pentecoste-prega-maria-che-scioglie-i-nodi\/#breadcrumb"},"inLanguage":"it-IT","potentialAction":[{"@type":"ReadAction","target":["https:\/\/blog.holyart.it\/it\/accessori-liturgia\/in-occasione-della-pentecoste-prega-maria-che-scioglie-i-nodi\/"]}]},{"@type":"ImageObject","inLanguage":"it-IT","@id":"https:\/\/blog.holyart.it\/it\/accessori-liturgia\/in-occasione-della-pentecoste-prega-maria-che-scioglie-i-nodi\/#primaryimage","url":"https:\/\/blog.holyart.it\/it\/wp-content\/uploads\/sites\/17\/2020\/05\/Pentecoste-spirito-santo.jpg","contentUrl":"https:\/\/blog.holyart.it\/it\/wp-content\/uploads\/sites\/17\/2020\/05\/Pentecoste-spirito-santo.jpg","width":1000,"height":666,"caption":"Pentecoste spirito santo"},{"@type":"BreadcrumbList","@id":"https:\/\/blog.holyart.it\/it\/accessori-liturgia\/in-occasione-della-pentecoste-prega-maria-che-scioglie-i-nodi\/#breadcrumb","itemListElement":[{"@type":"ListItem","position":1,"name":"Homepage","item":"https:\/\/blog.holyart.it\/it\/"},{"@type":"ListItem","position":2,"name":"Liturgia","item":"https:\/\/blog.holyart.it\/it\/accessori-liturgia\/"},{"@type":"ListItem","position":3,"name":"In occasione della Pentecoste prega Maria che scioglie i nodi"}]},{"@type":"WebSite","@id":"https:\/\/blog.holyart.it\/it\/#website","url":"https:\/\/blog.holyart.it\/it\/","name":"Holyblog","description":"Il Blog di Holyart.it","publisher":{"@id":"https:\/\/blog.holyart.it\/it\/#organization"},"potentialAction":[{"@type":"SearchAction","target":{"@type":"EntryPoint","urlTemplate":"https:\/\/blog.holyart.it\/it\/?s={search_term_string}"},"query-input":{"@type":"PropertyValueSpecification","valueRequired":true,"valueName":"search_term_string"}}],"inLanguage":"it-IT"},{"@type":"Organization","@id":"https:\/\/blog.holyart.it\/it\/#organization","name":"Holyblog","url":"https:\/\/blog.holyart.it\/it\/","logo":{"@type":"ImageObject","inLanguage":"it-IT","@id":"https:\/\/blog.holyart.it\/it\/#\/schema\/logo\/image\/","url":"https:\/\/blog.holyart.it\/it\/wp-content\/uploads\/sites\/17\/2022\/12\/Holyart_Blog_Logo.jpg","contentUrl":"https:\/\/blog.holyart.it\/it\/wp-content\/uploads\/sites\/17\/2022\/12\/Holyart_Blog_Logo.jpg","width":300,"height":50,"caption":"Holyblog"},"image":{"@id":"https:\/\/blog.holyart.it\/it\/#\/schema\/logo\/image\/"}},{"@type":"Person","@id":"https:\/\/blog.holyart.it\/it\/#\/schema\/person\/0a7b686e5af0f856ec1e390dd0baecda","name":"Redazione"}]}},"_links":{"self":[{"href":"https:\/\/blog.holyart.it\/it\/wp-json\/wp\/v2\/posts\/9592","targetHints":{"allow":["GET"]}}],"collection":[{"href":"https:\/\/blog.holyart.it\/it\/wp-json\/wp\/v2\/posts"}],"about":[{"href":"https:\/\/blog.holyart.it\/it\/wp-json\/wp\/v2\/types\/post"}],"author":[{"embeddable":true,"href":"https:\/\/blog.holyart.it\/it\/wp-json\/wp\/v2\/users\/1"}],"replies":[{"embeddable":true,"href":"https:\/\/blog.holyart.it\/it\/wp-json\/wp\/v2\/comments?post=9592"}],"version-history":[{"count":1,"href":"https:\/\/blog.holyart.it\/it\/wp-json\/wp\/v2\/posts\/9592\/revisions"}],"predecessor-version":[{"id":17754,"href":"https:\/\/blog.holyart.it\/it\/wp-json\/wp\/v2\/posts\/9592\/revisions\/17754"}],"wp:featuredmedia":[{"embeddable":true,"href":"https:\/\/blog.holyart.it\/it\/wp-json\/wp\/v2\/media\/9605"}],"wp:attachment":[{"href":"https:\/\/blog.holyart.it\/it\/wp-json\/wp\/v2\/media?parent=9592"}],"wp:term":[{"taxonomy":"category","embeddable":true,"href":"https:\/\/blog.holyart.it\/it\/wp-json\/wp\/v2\/categories?post=9592"},{"taxonomy":"post_tag","embeddable":true,"href":"https:\/\/blog.holyart.it\/it\/wp-json\/wp\/v2\/tags?post=9592"}],"curies":[{"name":"wp","href":"https:\/\/api.w.org\/{rel}","templated":true}]}}