{"id":9559,"date":"2020-05-25T16:46:24","date_gmt":"2020-05-25T14:46:24","guid":{"rendered":"https:\/\/blog.holyart.it\/it\/?p=9559"},"modified":"2023-05-19T11:41:03","modified_gmt":"2023-05-19T09:41:03","slug":"simbolo-di-fede-e-coraggio-giovanna-darco-la-santa-guerriera","status":"publish","type":"post","link":"https:\/\/blog.holyart.it\/it\/santi-e-beati\/simbolo-di-fede-e-coraggio-giovanna-darco-la-santa-guerriera\/","title":{"rendered":"Simbolo di fede e coraggio: Giovanna d&#8217;Arco, la santa guerriera"},"content":{"rendered":"<h4>Giovanna d&#8217;Arco, conosciuta anche come la pulzella d&#8217;Orl\u00e9ans \u00e8 un&#8217;eroina nazionale francese. La sua figura ha ispirato la devozione dei suoi contemporanei, e la sua tragica fine ne ha fatta una santa ancora oggi amata e venerata dalla Chiesa cattolica.<\/h4>\n\n<p>Che cosa sappiamo davvero di Santa Giovanna d&#8217;Arco? Iniziamo col dire che rientra di diritto tra le<strong> <a href=\"https:\/\/www.holyart.it\/blog\/santi-e-beati\/10-donne-cristiane-che-cambiarono-la-chiesa-e-il-mondo\/\">10 Donne Cristiane che cambiarono la Chiesa e il mondo<\/a><\/strong>. Ricordata tra i santi oltre che per la sua <strong>forza spirituale<\/strong>, anche per aver impugnato la spada in nome della fede. E questo \u00e8 ancora pi\u00f9 sorprendente considerando che era solo una giovane donna.<\/p>\n<div class=\"link-article\">\n<p><img loading=\"lazy\" decoding=\"async\" class=\"alignleft wp-image-9560 size-full\" src=\"https:\/\/blog.holyart.it\/it\/wp-content\/uploads\/sites\/17\/2020\/05\/10-donne-cristiane.jpg\" alt=\"10 donne cristiane\" width=\"150\" height=\"99\" \/><\/p>\n<div class=\"leggi-anche\">Leggi anche:<\/div>\n<p><strong><a href=\"https:\/\/www.holyart.it\/blog\/santi-e-beati\/10-donne-cristiane-che-cambiarono-la-chiesa-e-il-mondo\/\">10 Donne Cristiane che cambiarono la Chiesa e il mondo<\/a><\/strong><br \/>\n\u201cChe Dio ci dia il Coraggio delle Donne\u201d. Prendiamo in esame dieci donne che hanno saputo rivoluzionare la Chiesa e il mondo<\/p>\n<\/div>\n<p>Su di lei sono stati scritti libri, girati film, che hanno messo in luce ora un aspetto ora un altro della sua controversa figura. Controversa, perch\u00e9 oggi sappiamo di lei che era una giovanissima contadina chiamata da Dio a sostenere una prova di coraggio e fede che molti uomini maturi e militari navigati non sarebbero stati in grado di portare avanti. Ma ai suoi tempi, quando si \u00e8 consumata la sua breve e tragica vicenda umana, di lei si \u00e8 detto tutto e il contrario di tutto. Osannata some una santa, ha finito con l&#8217;essere accusata di stregoneria e, appena diciannovenne, ha conosciuto la morte sul rogo.<\/p>\n<p>Ciononostante, nel 1909 Papa <strong>Pio X<\/strong> la beatific\u00f2, ma gi\u00e0 prima di lui <strong>Papa Callisto III<\/strong> nel 1456 aveva dichiarato nullo il processo che aveva portato alla sua morte e l&#8217;aveva riabilitata. Nel 1920 Giovanna fu proclamata santa per volont\u00e0 di <strong>Benedetto XV<\/strong> e dal 1922 \u00e8 tra le altre cose <strong>patrona di Francia<\/strong>.<\/p>\n<p>Anche il Papa emerito<a href=\"https:\/\/www.holyart.it\/it\/articoli-religiosi\/statue\/statue-in-legno-naturale\/papa-benedetto-xvi-in-legno-naturale-della-val-gardena\"><strong> Benedetto XVI<\/strong><\/a> manifest\u00f2 il proprio interesse per questa giovane santa, nell\u2019udienza generale del 26 Gennaio 2011, e la paragon\u00f2 a <strong>Santa Caterina da Siena<\/strong>, patrona d&#8217;Italia<\/p>\n<p>Come \u00e8 possibile che una presunta strega sia diventata una santa? Per capire questa apparente contraddizione dobbiamo immergerci nell&#8217;epoca e nel <strong>contesto storico<\/strong> in cui Giovanna visse, combatt\u00e9 e mor\u00ec. Un tempo in cui, pi\u00f9 che in altri, l&#8217;essere umano seppe elevarsi ad altissime vette di genio e espressione artistica, e nello stesso tempo diede prova di barbarie e ferocia insostenibili. \u00c8 vero che la storia di Giovanna si pone solo all&#8217;inizio del Rinascimento, ma questa contrapposizione tra elevazione spirituale, intellettuale ed artistica, e crudelt\u00e0, scarso valore della vita umana, erano gi\u00e0 ben delineati.<\/p>\n<p>Cerchiamo di comprendere meglio la storia di Giovanna d&#8217;Arco, la santa guerriera, &#8220;la pulzella d&#8217;Orl\u00e9ans&#8221;, come era conosciuta dai suoi contemporanei.<\/p>\n<h2>La storia di Giovanna d&#8217;Arco<\/h2>\n<p>Abbiamo accennato all&#8217;epoca in cui visse e mor\u00ec Santa Giovanna d&#8217;Arco, un periodo a cavallo tra le fine del Medioevo e l&#8217;inizio del Rinascimento. In particolare, un ruolo preponderante nella vita di Giovanna l&#8217;ebbe la cosiddetta <strong>Guerra dei Cent&#8217;anni<\/strong>, un conflitto che tra il 1337 e il 1453 vide contrapposti il Regno d&#8217;Inghilterra e il Regno di Francia. A ci\u00f2 aggiungiamo che lo <strong>Scisma d\u2019Occidente<\/strong> tra il 1378 e il 1417 aveva lacerato la Chiesa occidentale con uno scontro fra papi e antipapi per il controllo del soglio pontificio.<\/p>\n<p>Fu nello scenario di questo guerra lunga e terribile che nel 1412 Giovanna nacque a <strong>Domr\u00e9my<\/strong>, nel nord est della Francia. Giovanna nacque in un&#8217;umile famiglia di contadini. Ignorante e analfabeta, dimostr\u00f2 tuttavia fin da giovanissima una naturale predisposizione ad aiutare i poveri e i bisognosi. La sua infanzia fu caratterizzata da <strong>carit\u00e0, misericordia e attitudine al sacrificio<\/strong>.<\/p>\n<p>A tredici anni inizi\u00f2 a dire essere visitata dal <a href=\"https:\/\/www.holyart.it\/it\/articoli-religiosi\/statue\/statue-in-legno-dipinto\/san-michele-arcangelo\"><strong>San Michele Arcangelo<\/strong><\/a>, da <a href=\"https:\/\/www.holyart.it\/it\/articoli-religiosi\/statue\/statue-in-vetroresina\/statua-santa-caterina-cm-160-vetroresina-colorata-per-esterno\"><strong>Santa Caterina<\/strong><\/a> e <a href=\"https:\/\/www.holyart.it\/it\/articoli-religiosi\/statue\/statue-in-legno-dipinto\/statua-santa-margherita-da-antiochia-con-croce-legno-dipinto-val-gardena\"><strong>Santa Margherita<\/strong><\/a>. Queste tre presenze benefiche le parlavano con voci celestiali, manifestandosi a volte con bagliori e vere e proprie visioni.<\/p>\n<div class=\"link-product\">\n<div class=\"blocco-immagine\"><img loading=\"lazy\" decoding=\"async\" class=\"alignnone size-full wp-image-9563\" src=\"https:\/\/blog.holyart.it\/it\/wp-content\/uploads\/sites\/17\/2020\/05\/san-michele-arcangelo.jpg\" alt=\"san-michele-arcangelo\" width=\"100\" height=\"100\" \/><\/div>\n<div class=\"blocco-contenuto\">\n<div class=\"blocco-acquista\">Acquista su Holyart:<\/div>\n<div class=\"blocco-titolo\"><a href=\"https:\/\/www.holyart.it\/it\/articoli-religiosi\/statue\/statue-in-legno-dipinto\/san-michele-arcangelo\">San Michele Arcangelo<\/a><\/div>\n<div class=\"blocco-descrizione\">Statua in legno di San Michele Arcangelo<\/div>\n<\/div>\n<\/div>\n<p>Quando nel 1429 gli inglesi aiutati dai loro alleati borgognoni erano in procinto di conquistare <strong>Orl\u00e9ans<\/strong>, citt\u00e0 dall&#8217;inestimabile valore economico e strategico per i francesi, le voci ordinarono a Giovanna di lasciare la casa dei suoi genitori e andare in aiuto di <strong>Carlo Valois<\/strong>,\u00a0Delfino erede al trono di Francia (sarebbe poi salito al trono col nome di Carlo VII).<\/p>\n<p>Giovanna, che all&#8217;epoca aveva diciassette anni e stava per essere costretta al matrimonio, convinse i genitori dell&#8217;importanza della sua missione, e riusc\u00ec a ottenere di incontrare prima il capitano della piazzaforte di Vaucouleurs, poi, convinto quest&#8217;ultimo della sua buona fede, il Delfino in persona nel castello di <strong>Chinon.<\/strong><strong><br \/>\n<\/strong>Carlo non si fido subito di questa strana ragazza che sosteneva di essere stata inviata da Dio per salvare la Francia e il suo diritto al trono.<\/p>\n<p>La sottopose a molte indagini approfondite, condotte da esimi teologi ed ecclesiastici di alto rango, prima a Chinon, poi a <strong>Poitiers<\/strong>.<\/p>\n<p>Alla fine convinto, Carlo le concesse l&#8217;incarico di accompagnare la spedizione militare in partenza per\u00a0<strong>Orl\u00e9ans<\/strong>. Sebbene non le fosse stato conferito nessun incarico militare, Giovanna cominci\u00f2 a <strong>imporre ai soldati uno stile di vita quasi monastico<\/strong>, allontanando le prostitute, proibendo i saccheggi e le violenze, perfino le bestemmie. Inoltre decret\u00f2 che essi si confessassero spesso e che due volte al giorno si riunissero in preghiera comune ai piedi dello stendardo candido che raffigurava Dio che concedeva la Sua benedizione al fiordaliso simbolo della monarchia francese, con gli arcangeli Michele e Gabriele ai lati.<\/p>\n<p><a href=\"https:\/\/www.holyart.it\/it\/articoli-religiosi\/quadri-stampe-codici-miniati\/quadro-santa-giovanna-darco\"><strong>Giovanna<\/strong><\/a> cavalcava un cavallo bianco, indossava l&#8217;armatura e portava la spada al fianco, come un soldato. \u00a0Presto tutti, soldati e civili, presero a chiamarla &#8220;Jeanne la Pucelle&#8221;, <em>Giovanna la Pulzella<\/em>. Oltre ai soldati in viaggio, si unirono a lei moltissimi volontari, ispirati dalla sua figura e dal suo fervore.<\/p>\n<div class=\"link-product\">\n<div class=\"blocco-immagine\"><img loading=\"lazy\" decoding=\"async\" class=\"alignnone size-full wp-image-9562\" src=\"https:\/\/blog.holyart.it\/it\/wp-content\/uploads\/sites\/17\/2020\/05\/quadro-santa-giovanna-darco.jpg\" alt=\"quadro-santa-giovanna-darco\" width=\"100\" height=\"100\" \/><\/div>\n<div class=\"blocco-contenuto\">\n<div class=\"blocco-acquista\">Acquista su Holyart:<\/div>\n<div class=\"blocco-titolo\"><a href=\"https:\/\/www.holyart.it\/it\/articoli-religiosi\/quadri-stampe-codici-miniati\/quadro-santa-giovanna-darco\">Quadro Santa Giovanna d&#8217;Arco<\/a><\/div>\n<div class=\"blocco-descrizione\">Stampa su tela di Giovanna d&#8217;Arco, la Pulzella d&#8217;Orleans<\/div>\n<\/div>\n<\/div>\n<p>A Orl\u00e9ans, ormai stremata dal lungo assedio, Jean il Bastardo stava trattando la resa con Filippo il Buono, duca di Borgogna e alleato degli inglesi. Giovanna giunse presso la citt\u00e0 portando viveri e rinforzi per le truppe stremate.<br \/>\nSebbene il Bastardo le avesse intimato di non intraprendere azioni militari, la sera stessa Giovanna sal\u00ec sugli spalti e rivolgendosi alle truppe inglesi intim\u00f2 loro di arrendersi e andarsene, ricevendo in risposta solo ingiurie e minacce. Dopo giorni di scontri, durante i quali Giovanna combatte in prima linea, incoraggiando i soldati francesi col suo esempio, e ricevendo molte ferite, gli inglesi furono costretti a ritirarsi.<\/p>\n<p>Dopo la vittoria di Orl\u00e9ans Giovanna prosegu\u00ec la sua marcia attraverso la Francia, riportando un&#8217;altra clamorosa vittoria a <strong>Patay <\/strong>e aprendo cos\u00ec il cammino alla <strong>consacrazione del Re Carlo VII <\/strong>a Reims.<\/p>\n<p>Qui comincia tuttavia la <strong>parabola discendente<\/strong> di Giovanna. Vinta la guerra, almeno per il momento, e portato il &#8216;suo&#8217; Re sul trono, sembra aver perduto ogni ragione di andare avanti. Continu\u00f2 tuttavia a contrastare inglesi e borgognoni sul territorio francese, ignorando le invidie e l&#8217;ostilit\u00e0 crescente della corte nei suoi confronti. Le persone che la incontravano guardavano a lei come a una santa inviata dal cielo e le chiedevano miracoli.<\/p>\n<p>Fu presso <strong>Margny<\/strong> il 23 maggio 1430 che venne infine catturata dai borgognoni e, in un secondo tempo, ceduta per un cospicuo riscatto agli inglesi. Carlo VII non tent\u00f2 mai di liberarla, n\u00e9 offri un riscatto a sua volta, lasciandola al proprio destino. La prigionia in mano agli inglesi fu durissima, e alla fine Giovanna venne portata a processo &#8220;<em>sospettata fortemente di numerosi crimini in odore di eresia&#8221;.<\/em><\/p>\n<h2>Giovanna d&#8217;Arco: il processo e la morte<\/h2>\n<p>Il processo a Giovanna d&#8217;Arco fu una <strong>farsa<\/strong> fin dalle sue prime fasi. L\u2019Universit\u00e0 di Parigi, depositaria della giurisprudenza civile ed ecclesiastica, era totalmente asservita agli inglesi, che avevano gi\u00e0 condannato Giovanna e la volevano morta. La sua morte non solo li avrebbe infatti liberati di un pericoloso simbolo molto amato in terra di Francia, ma avrebbe screditato l&#8217;autorit\u00e0 di Carlo VII.<\/p>\n<p>A processarla per eresia fu un<strong> tribunale inquisitorio<\/strong>, il cui giudizio Giovanna non accett\u00f2 mai. Venne condannata sulla base di accuse false e costretta all&#8217;abiura. Anche in Carcere Giovanna seguit\u00f2 a ricevere le visite dei suoi amici celesti, che la rassicuravano esortandola ad accettare il proprio martirio.<\/p>\n<p>Venne bruciata viva a <strong>Rouen<\/strong> il 30 maggio 1431. Domand\u00f2 a un sacerdote di tenere alta davanti al rogo una croce, per poter morire guardando Ges\u00f9 <strong><a href=\"https:\/\/www.holyart.it\/it\/articoli-religiosi\/crocefissi\">Crocifisso<\/a><\/strong>, invocando il Suo nome.<\/p>\n<div class=\"link-product\">\n<div class=\"blocco-immagine\"><img loading=\"lazy\" decoding=\"async\" class=\"alignnone size-full wp-image-9564\" src=\"https:\/\/blog.holyart.it\/it\/wp-content\/uploads\/sites\/17\/2020\/05\/crocefisso-in-pietra.jpg\" alt=\"crocefisso-in-pietra\" width=\"100\" height=\"100\" \/><\/div>\n<div class=\"blocco-contenuto\">\n<div class=\"blocco-acquista\">Acquista su Holyart:<\/div>\n<div class=\"blocco-titolo\"><a href=\"https:\/\/www.holyart.it\/it\/articoli-religiosi\/crocefissi\/crocifissi-in-pietra\/crocefisso-in-pietra\">Crocefisso in pietra<\/a><\/div>\n<div class=\"blocco-descrizione\">Crocefisso in pietra dei Pirenei, patinato antico<\/div>\n<\/div>\n<\/div>\n<h2>Revisione della sentenza<\/h2>\n<p>Solo dopo che i francesi ebbero completato la riconquista di tutta la Francia, nel <strong>1455<\/strong>, Papa Callisto III ordin\u00f2 una revisione del processo a Giovanna d&#8217;Arco. L&#8217;anno seguente il processo venne giudicato nullo e Giovanna dichiarata del tutto innocente dalle accuse di eresia.<br \/>\nNel <strong>1909<\/strong> Papa Pio X la beatific\u00f2.<br \/>\nNel <strong>1920<\/strong> avvenne la canonizzazione a opera di Papa Benedetto XV. Dal <strong>1922<\/strong> Giovanna \u00e8 patrona di Francia.<\/p>\n<h2>Santa Giovanna d&#8217;Arco come Santa Caterina da Siena<\/h2>\n<p>Abbiamo gi\u00e0 accennato a come <strong>Papa Benedetto XVI<\/strong> abbia voluto accostare Giovanna d&#8217;Arco a <a href=\"https:\/\/www.holyart.it\/blog\/santi-e-beati\/santa-caterina-da-siena-patrona-ditalia\/\"><strong>Santa Caterina da Siena<\/strong><\/a>, patrona d\u2019Italia e d\u2019Europa. Entrambe erano <strong>giovani ragazze<\/strong>, quando hanno ricevuto la propria chiamata, entrambe erano nate da <strong>famiglie umili<\/strong> e hanno scelto di servire Dio non in convento, ma sul campo di battaglia una, al servizio dei poveri e dei malati l&#8217;altra.<\/p>\n<div class=\"link-article\">\n<p><img loading=\"lazy\" decoding=\"async\" class=\"alignleft size-full wp-image-9561\" src=\"https:\/\/blog.holyart.it\/it\/wp-content\/uploads\/sites\/17\/2020\/05\/Santa-Caterina-da-Siena-matrimonio-1.jpg\" alt=\"Santa-Caterina-da-Siena\" width=\"150\" height=\"99\" \/><\/p>\n<div class=\"leggi-anche\">Leggi anche:<\/div>\n<p><strong><a href=\"https:\/\/www.holyart.it\/blog\/santi-e-beati\/santa-caterina-da-siena-patrona-ditalia\/\">Santa Caterina da Siena: patrona d\u2019Italia<\/a><\/strong><br \/>\nSanta Caterina da Siena, da donna del popolo a consigliera di Papi e principi.<\/p>\n<\/div>\n<p>Inoltre sia Giovanna d&#8217;Arco sia Caterina vissero in un periodo di <strong>profonda crisi per la Chiesa<\/strong>, con lo Scisma d&#8217;Occidente e le guerre che straziavano l&#8217;Europa. Mentre Giovanna lott\u00f2 per portare sul trono <strong>Carlo VII<\/strong>, Caterina si impegn\u00f2 contro la lega antipapale e cerc\u00f2 di convincere <strong>Papa Gregorio XI<\/strong> a tornare a Roma da Avignone.<\/p>\n<p>Di loro Papa Benedetto dice: <em>\u201cPotremmo accostarle (Giovanna d\u2019Arco e Caterina da Siena) alle Sante donne che rimasero sul Calvario, vicino a Ges\u00f9 crocifisso e a Maria sua Madre, mentre gli Apostoli erano fuggiti e lo stesso Pietro lo aveva rinnegato tre volte\u201d.<\/em><\/p>\n<p>Grandi donne, che hanno fatto della fede e del servizio a Dio il fine ultimo della loro vita e non si sono fermata nemmeno davanti al martirio, nel caso di Giovanna, e alla sofferenza in quello di Caterina.<\/p>\n","protected":false},"excerpt":{"rendered":"<p>Giovanna d&#8217;Arco, conosciuta anche come la pulzella d&#8217;Orl\u00e9ans \u00e8 un&#8217;eroina nazionale francese. La sua figura ha ispirato la devozione dei suoi contemporanei, e la sua tragica fine ne ha fatta una santa ancora oggi amata e venerata dalla Chiesa cattolica. Che cosa sappiamo davvero di&hellip;<\/p>\n","protected":false},"author":1,"featured_media":9607,"comment_status":"closed","ping_status":"open","sticky":false,"template":"","format":"standard","meta":{"_acf_changed":false,"footnotes":""},"categories":[16,15],"tags":[],"class_list":["post-9559","post","type-post","status-publish","format-standard","has-post-thumbnail","hentry","category-articoli-religiosi","category-santi-e-beati"],"acf":[],"yoast_head":"<!-- This site is optimized with the Yoast SEO plugin v26.6 - https:\/\/yoast.com\/wordpress\/plugins\/seo\/ -->\n<title>Simbolo di fede e coraggio: Giovanna d&#039;Arco, la santa guerriera - Holyblog<\/title>\n<meta name=\"description\" content=\"Giovanna d&#039;Arco \u00e8 un&#039;eroina nazionale francese. La sua figura ha ispirato la devozione dei suoi contemporanei, e la sua tragica fine...\" \/>\n<meta name=\"robots\" content=\"index, follow, max-snippet:-1, max-image-preview:large, max-video-preview:-1\" \/>\n<link rel=\"canonical\" href=\"https:\/\/blog.holyart.it\/it\/santi-e-beati\/simbolo-di-fede-e-coraggio-giovanna-darco-la-santa-guerriera\/\" \/>\n<meta property=\"og:locale\" content=\"it_IT\" \/>\n<meta property=\"og:type\" content=\"article\" \/>\n<meta property=\"og:title\" content=\"Simbolo di fede e coraggio: Giovanna d&#039;Arco, la santa guerriera - Holyblog\" \/>\n<meta property=\"og:description\" content=\"Giovanna d&#039;Arco \u00e8 un&#039;eroina nazionale francese. La sua figura ha ispirato la devozione dei suoi contemporanei, e la sua tragica fine...\" \/>\n<meta property=\"og:url\" content=\"https:\/\/blog.holyart.it\/it\/santi-e-beati\/simbolo-di-fede-e-coraggio-giovanna-darco-la-santa-guerriera\/\" \/>\n<meta property=\"og:site_name\" content=\"Holyblog\" \/>\n<meta property=\"article:published_time\" content=\"2020-05-25T14:46:24+00:00\" \/>\n<meta property=\"article:modified_time\" content=\"2023-05-19T09:41:03+00:00\" \/>\n<meta property=\"og:image\" content=\"https:\/\/blog.holyart.it\/it\/wp-content\/uploads\/sites\/17\/2020\/05\/giovanna-darco-sul-cavallo-bianco.jpg\" \/>\n\t<meta property=\"og:image:width\" content=\"1000\" \/>\n\t<meta property=\"og:image:height\" content=\"666\" \/>\n\t<meta property=\"og:image:type\" content=\"image\/jpeg\" \/>\n<meta name=\"author\" content=\"Redazione\" \/>\n<meta name=\"twitter:card\" content=\"summary_large_image\" \/>\n<meta name=\"twitter:label1\" content=\"Scritto da\" \/>\n\t<meta name=\"twitter:data1\" content=\"Redazione\" \/>\n\t<meta name=\"twitter:label2\" content=\"Tempo di lettura stimato\" \/>\n\t<meta name=\"twitter:data2\" content=\"10 minuti\" \/>\n<script type=\"application\/ld+json\" class=\"yoast-schema-graph\">{\"@context\":\"https:\/\/schema.org\",\"@graph\":[{\"@type\":\"Article\",\"@id\":\"https:\/\/blog.holyart.it\/it\/santi-e-beati\/simbolo-di-fede-e-coraggio-giovanna-darco-la-santa-guerriera\/#article\",\"isPartOf\":{\"@id\":\"https:\/\/blog.holyart.it\/it\/santi-e-beati\/simbolo-di-fede-e-coraggio-giovanna-darco-la-santa-guerriera\/\"},\"author\":{\"name\":\"Redazione\",\"@id\":\"https:\/\/blog.holyart.it\/it\/#\/schema\/person\/0a7b686e5af0f856ec1e390dd0baecda\"},\"headline\":\"Simbolo di fede e coraggio: Giovanna d&#8217;Arco, la santa guerriera\",\"datePublished\":\"2020-05-25T14:46:24+00:00\",\"dateModified\":\"2023-05-19T09:41:03+00:00\",\"mainEntityOfPage\":{\"@id\":\"https:\/\/blog.holyart.it\/it\/santi-e-beati\/simbolo-di-fede-e-coraggio-giovanna-darco-la-santa-guerriera\/\"},\"wordCount\":1684,\"publisher\":{\"@id\":\"https:\/\/blog.holyart.it\/it\/#organization\"},\"image\":{\"@id\":\"https:\/\/blog.holyart.it\/it\/santi-e-beati\/simbolo-di-fede-e-coraggio-giovanna-darco-la-santa-guerriera\/#primaryimage\"},\"thumbnailUrl\":\"https:\/\/blog.holyart.it\/it\/wp-content\/uploads\/sites\/17\/2020\/05\/giovanna-darco-sul-cavallo-bianco.jpg\",\"articleSection\":[\"Religione\",\"Santi e beati\"],\"inLanguage\":\"it-IT\"},{\"@type\":\"WebPage\",\"@id\":\"https:\/\/blog.holyart.it\/it\/santi-e-beati\/simbolo-di-fede-e-coraggio-giovanna-darco-la-santa-guerriera\/\",\"url\":\"https:\/\/blog.holyart.it\/it\/santi-e-beati\/simbolo-di-fede-e-coraggio-giovanna-darco-la-santa-guerriera\/\",\"name\":\"Simbolo di fede e coraggio: Giovanna d'Arco, la santa guerriera - Holyblog\",\"isPartOf\":{\"@id\":\"https:\/\/blog.holyart.it\/it\/#website\"},\"primaryImageOfPage\":{\"@id\":\"https:\/\/blog.holyart.it\/it\/santi-e-beati\/simbolo-di-fede-e-coraggio-giovanna-darco-la-santa-guerriera\/#primaryimage\"},\"image\":{\"@id\":\"https:\/\/blog.holyart.it\/it\/santi-e-beati\/simbolo-di-fede-e-coraggio-giovanna-darco-la-santa-guerriera\/#primaryimage\"},\"thumbnailUrl\":\"https:\/\/blog.holyart.it\/it\/wp-content\/uploads\/sites\/17\/2020\/05\/giovanna-darco-sul-cavallo-bianco.jpg\",\"datePublished\":\"2020-05-25T14:46:24+00:00\",\"dateModified\":\"2023-05-19T09:41:03+00:00\",\"description\":\"Giovanna d'Arco \u00e8 un'eroina nazionale francese. La sua figura ha ispirato la devozione dei suoi contemporanei, e la sua tragica fine...\",\"breadcrumb\":{\"@id\":\"https:\/\/blog.holyart.it\/it\/santi-e-beati\/simbolo-di-fede-e-coraggio-giovanna-darco-la-santa-guerriera\/#breadcrumb\"},\"inLanguage\":\"it-IT\",\"potentialAction\":[{\"@type\":\"ReadAction\",\"target\":[\"https:\/\/blog.holyart.it\/it\/santi-e-beati\/simbolo-di-fede-e-coraggio-giovanna-darco-la-santa-guerriera\/\"]}]},{\"@type\":\"ImageObject\",\"inLanguage\":\"it-IT\",\"@id\":\"https:\/\/blog.holyart.it\/it\/santi-e-beati\/simbolo-di-fede-e-coraggio-giovanna-darco-la-santa-guerriera\/#primaryimage\",\"url\":\"https:\/\/blog.holyart.it\/it\/wp-content\/uploads\/sites\/17\/2020\/05\/giovanna-darco-sul-cavallo-bianco.jpg\",\"contentUrl\":\"https:\/\/blog.holyart.it\/it\/wp-content\/uploads\/sites\/17\/2020\/05\/giovanna-darco-sul-cavallo-bianco.jpg\",\"width\":1000,\"height\":666,\"caption\":\"Giovanna D'arco la santa guerriera\"},{\"@type\":\"BreadcrumbList\",\"@id\":\"https:\/\/blog.holyart.it\/it\/santi-e-beati\/simbolo-di-fede-e-coraggio-giovanna-darco-la-santa-guerriera\/#breadcrumb\",\"itemListElement\":[{\"@type\":\"ListItem\",\"position\":1,\"name\":\"Homepage\",\"item\":\"https:\/\/blog.holyart.it\/it\/\"},{\"@type\":\"ListItem\",\"position\":2,\"name\":\"Santi e beati\",\"item\":\"https:\/\/blog.holyart.it\/it\/santi-e-beati\/\"},{\"@type\":\"ListItem\",\"position\":3,\"name\":\"Simbolo di fede e coraggio: Giovanna d&#8217;Arco, la santa guerriera\"}]},{\"@type\":\"WebSite\",\"@id\":\"https:\/\/blog.holyart.it\/it\/#website\",\"url\":\"https:\/\/blog.holyart.it\/it\/\",\"name\":\"Holyblog\",\"description\":\"Il Blog di Holyart.it\",\"publisher\":{\"@id\":\"https:\/\/blog.holyart.it\/it\/#organization\"},\"potentialAction\":[{\"@type\":\"SearchAction\",\"target\":{\"@type\":\"EntryPoint\",\"urlTemplate\":\"https:\/\/blog.holyart.it\/it\/?s={search_term_string}\"},\"query-input\":{\"@type\":\"PropertyValueSpecification\",\"valueRequired\":true,\"valueName\":\"search_term_string\"}}],\"inLanguage\":\"it-IT\"},{\"@type\":\"Organization\",\"@id\":\"https:\/\/blog.holyart.it\/it\/#organization\",\"name\":\"Holyblog\",\"url\":\"https:\/\/blog.holyart.it\/it\/\",\"logo\":{\"@type\":\"ImageObject\",\"inLanguage\":\"it-IT\",\"@id\":\"https:\/\/blog.holyart.it\/it\/#\/schema\/logo\/image\/\",\"url\":\"https:\/\/blog.holyart.it\/it\/wp-content\/uploads\/sites\/17\/2022\/12\/Holyart_Blog_Logo.jpg\",\"contentUrl\":\"https:\/\/blog.holyart.it\/it\/wp-content\/uploads\/sites\/17\/2022\/12\/Holyart_Blog_Logo.jpg\",\"width\":300,\"height\":50,\"caption\":\"Holyblog\"},\"image\":{\"@id\":\"https:\/\/blog.holyart.it\/it\/#\/schema\/logo\/image\/\"}},{\"@type\":\"Person\",\"@id\":\"https:\/\/blog.holyart.it\/it\/#\/schema\/person\/0a7b686e5af0f856ec1e390dd0baecda\",\"name\":\"Redazione\"}]}<\/script>\n<!-- \/ Yoast SEO plugin. -->","yoast_head_json":{"title":"Simbolo di fede e coraggio: Giovanna d'Arco, la santa guerriera - Holyblog","description":"Giovanna d'Arco \u00e8 un'eroina nazionale francese. La sua figura ha ispirato la devozione dei suoi contemporanei, e la sua tragica fine...","robots":{"index":"index","follow":"follow","max-snippet":"max-snippet:-1","max-image-preview":"max-image-preview:large","max-video-preview":"max-video-preview:-1"},"canonical":"https:\/\/blog.holyart.it\/it\/santi-e-beati\/simbolo-di-fede-e-coraggio-giovanna-darco-la-santa-guerriera\/","og_locale":"it_IT","og_type":"article","og_title":"Simbolo di fede e coraggio: Giovanna d'Arco, la santa guerriera - Holyblog","og_description":"Giovanna d'Arco \u00e8 un'eroina nazionale francese. La sua figura ha ispirato la devozione dei suoi contemporanei, e la sua tragica fine...","og_url":"https:\/\/blog.holyart.it\/it\/santi-e-beati\/simbolo-di-fede-e-coraggio-giovanna-darco-la-santa-guerriera\/","og_site_name":"Holyblog","article_published_time":"2020-05-25T14:46:24+00:00","article_modified_time":"2023-05-19T09:41:03+00:00","og_image":[{"width":1000,"height":666,"url":"https:\/\/blog.holyart.it\/it\/wp-content\/uploads\/sites\/17\/2020\/05\/giovanna-darco-sul-cavallo-bianco.jpg","type":"image\/jpeg"}],"author":"Redazione","twitter_card":"summary_large_image","twitter_misc":{"Scritto da":"Redazione","Tempo di lettura stimato":"10 minuti"},"schema":{"@context":"https:\/\/schema.org","@graph":[{"@type":"Article","@id":"https:\/\/blog.holyart.it\/it\/santi-e-beati\/simbolo-di-fede-e-coraggio-giovanna-darco-la-santa-guerriera\/#article","isPartOf":{"@id":"https:\/\/blog.holyart.it\/it\/santi-e-beati\/simbolo-di-fede-e-coraggio-giovanna-darco-la-santa-guerriera\/"},"author":{"name":"Redazione","@id":"https:\/\/blog.holyart.it\/it\/#\/schema\/person\/0a7b686e5af0f856ec1e390dd0baecda"},"headline":"Simbolo di fede e coraggio: Giovanna d&#8217;Arco, la santa guerriera","datePublished":"2020-05-25T14:46:24+00:00","dateModified":"2023-05-19T09:41:03+00:00","mainEntityOfPage":{"@id":"https:\/\/blog.holyart.it\/it\/santi-e-beati\/simbolo-di-fede-e-coraggio-giovanna-darco-la-santa-guerriera\/"},"wordCount":1684,"publisher":{"@id":"https:\/\/blog.holyart.it\/it\/#organization"},"image":{"@id":"https:\/\/blog.holyart.it\/it\/santi-e-beati\/simbolo-di-fede-e-coraggio-giovanna-darco-la-santa-guerriera\/#primaryimage"},"thumbnailUrl":"https:\/\/blog.holyart.it\/it\/wp-content\/uploads\/sites\/17\/2020\/05\/giovanna-darco-sul-cavallo-bianco.jpg","articleSection":["Religione","Santi e beati"],"inLanguage":"it-IT"},{"@type":"WebPage","@id":"https:\/\/blog.holyart.it\/it\/santi-e-beati\/simbolo-di-fede-e-coraggio-giovanna-darco-la-santa-guerriera\/","url":"https:\/\/blog.holyart.it\/it\/santi-e-beati\/simbolo-di-fede-e-coraggio-giovanna-darco-la-santa-guerriera\/","name":"Simbolo di fede e coraggio: Giovanna d'Arco, la santa guerriera - Holyblog","isPartOf":{"@id":"https:\/\/blog.holyart.it\/it\/#website"},"primaryImageOfPage":{"@id":"https:\/\/blog.holyart.it\/it\/santi-e-beati\/simbolo-di-fede-e-coraggio-giovanna-darco-la-santa-guerriera\/#primaryimage"},"image":{"@id":"https:\/\/blog.holyart.it\/it\/santi-e-beati\/simbolo-di-fede-e-coraggio-giovanna-darco-la-santa-guerriera\/#primaryimage"},"thumbnailUrl":"https:\/\/blog.holyart.it\/it\/wp-content\/uploads\/sites\/17\/2020\/05\/giovanna-darco-sul-cavallo-bianco.jpg","datePublished":"2020-05-25T14:46:24+00:00","dateModified":"2023-05-19T09:41:03+00:00","description":"Giovanna d'Arco \u00e8 un'eroina nazionale francese. La sua figura ha ispirato la devozione dei suoi contemporanei, e la sua tragica fine...","breadcrumb":{"@id":"https:\/\/blog.holyart.it\/it\/santi-e-beati\/simbolo-di-fede-e-coraggio-giovanna-darco-la-santa-guerriera\/#breadcrumb"},"inLanguage":"it-IT","potentialAction":[{"@type":"ReadAction","target":["https:\/\/blog.holyart.it\/it\/santi-e-beati\/simbolo-di-fede-e-coraggio-giovanna-darco-la-santa-guerriera\/"]}]},{"@type":"ImageObject","inLanguage":"it-IT","@id":"https:\/\/blog.holyart.it\/it\/santi-e-beati\/simbolo-di-fede-e-coraggio-giovanna-darco-la-santa-guerriera\/#primaryimage","url":"https:\/\/blog.holyart.it\/it\/wp-content\/uploads\/sites\/17\/2020\/05\/giovanna-darco-sul-cavallo-bianco.jpg","contentUrl":"https:\/\/blog.holyart.it\/it\/wp-content\/uploads\/sites\/17\/2020\/05\/giovanna-darco-sul-cavallo-bianco.jpg","width":1000,"height":666,"caption":"Giovanna D'arco la santa guerriera"},{"@type":"BreadcrumbList","@id":"https:\/\/blog.holyart.it\/it\/santi-e-beati\/simbolo-di-fede-e-coraggio-giovanna-darco-la-santa-guerriera\/#breadcrumb","itemListElement":[{"@type":"ListItem","position":1,"name":"Homepage","item":"https:\/\/blog.holyart.it\/it\/"},{"@type":"ListItem","position":2,"name":"Santi e beati","item":"https:\/\/blog.holyart.it\/it\/santi-e-beati\/"},{"@type":"ListItem","position":3,"name":"Simbolo di fede e coraggio: Giovanna d&#8217;Arco, la santa guerriera"}]},{"@type":"WebSite","@id":"https:\/\/blog.holyart.it\/it\/#website","url":"https:\/\/blog.holyart.it\/it\/","name":"Holyblog","description":"Il Blog di Holyart.it","publisher":{"@id":"https:\/\/blog.holyart.it\/it\/#organization"},"potentialAction":[{"@type":"SearchAction","target":{"@type":"EntryPoint","urlTemplate":"https:\/\/blog.holyart.it\/it\/?s={search_term_string}"},"query-input":{"@type":"PropertyValueSpecification","valueRequired":true,"valueName":"search_term_string"}}],"inLanguage":"it-IT"},{"@type":"Organization","@id":"https:\/\/blog.holyart.it\/it\/#organization","name":"Holyblog","url":"https:\/\/blog.holyart.it\/it\/","logo":{"@type":"ImageObject","inLanguage":"it-IT","@id":"https:\/\/blog.holyart.it\/it\/#\/schema\/logo\/image\/","url":"https:\/\/blog.holyart.it\/it\/wp-content\/uploads\/sites\/17\/2022\/12\/Holyart_Blog_Logo.jpg","contentUrl":"https:\/\/blog.holyart.it\/it\/wp-content\/uploads\/sites\/17\/2022\/12\/Holyart_Blog_Logo.jpg","width":300,"height":50,"caption":"Holyblog"},"image":{"@id":"https:\/\/blog.holyart.it\/it\/#\/schema\/logo\/image\/"}},{"@type":"Person","@id":"https:\/\/blog.holyart.it\/it\/#\/schema\/person\/0a7b686e5af0f856ec1e390dd0baecda","name":"Redazione"}]}},"_links":{"self":[{"href":"https:\/\/blog.holyart.it\/it\/wp-json\/wp\/v2\/posts\/9559","targetHints":{"allow":["GET"]}}],"collection":[{"href":"https:\/\/blog.holyart.it\/it\/wp-json\/wp\/v2\/posts"}],"about":[{"href":"https:\/\/blog.holyart.it\/it\/wp-json\/wp\/v2\/types\/post"}],"author":[{"embeddable":true,"href":"https:\/\/blog.holyart.it\/it\/wp-json\/wp\/v2\/users\/1"}],"replies":[{"embeddable":true,"href":"https:\/\/blog.holyart.it\/it\/wp-json\/wp\/v2\/comments?post=9559"}],"version-history":[{"count":1,"href":"https:\/\/blog.holyart.it\/it\/wp-json\/wp\/v2\/posts\/9559\/revisions"}],"predecessor-version":[{"id":17782,"href":"https:\/\/blog.holyart.it\/it\/wp-json\/wp\/v2\/posts\/9559\/revisions\/17782"}],"wp:featuredmedia":[{"embeddable":true,"href":"https:\/\/blog.holyart.it\/it\/wp-json\/wp\/v2\/media\/9607"}],"wp:attachment":[{"href":"https:\/\/blog.holyart.it\/it\/wp-json\/wp\/v2\/media?parent=9559"}],"wp:term":[{"taxonomy":"category","embeddable":true,"href":"https:\/\/blog.holyart.it\/it\/wp-json\/wp\/v2\/categories?post=9559"},{"taxonomy":"post_tag","embeddable":true,"href":"https:\/\/blog.holyart.it\/it\/wp-json\/wp\/v2\/tags?post=9559"}],"curies":[{"name":"wp","href":"https:\/\/api.w.org\/{rel}","templated":true}]}}