{"id":9540,"date":"2020-05-21T18:17:38","date_gmt":"2020-05-21T16:17:38","guid":{"rendered":"https:\/\/blog.holyart.it\/it\/?p=9540"},"modified":"2025-05-06T12:21:57","modified_gmt":"2025-05-06T10:21:57","slug":"papa-paolo-vi-il-29-maggio-si-festeggia-la-sua-memoria","status":"publish","type":"post","link":"https:\/\/blog.holyart.it\/it\/articoli-religiosi\/papa-paolo-vi-il-29-maggio-si-festeggia-la-sua-memoria\/","title":{"rendered":"Papa Paolo VI, il 29 maggio si festeggia la sua memoria"},"content":{"rendered":"<h4>Papa Paolo VI fu un uomo riservato e cortese, dall&#8217;intelletto raffinato e dalla grande profondit\u00e0 spirituale. Guid\u00f2 la chiesa cattolica in un periodo di grandi cambiamenti, e seppe coniugare tradizione e rinnovamento in modo ammirevole.<\/h4>\n\n<p>\u00c8 difficile pensare a come la chiesa cattolica abbia saputo adeguarsi al <strong>mondo moderno<\/strong> senza tuttavia perdere i propri valori e principi fondamentali.<\/p>\n<p><strong>Papa Paolo VI<\/strong> ci offre un esempio illuminante di come ci\u00f2 sia stato possibile, lui che fu Sommo Pontefice tra il 1963 e il 1978, e che gi\u00e0 prima affianc\u00f2 i suoi predecessori rivestendo ruoli di primaria importanza nel panorama religioso italiano e mondiale.<\/p>\n<p>Tra gli anni &#8217;60 e gli anni &#8217;80 la realt\u00e0 sociale e politica mondiale \u00e8 andata mutando in modo radicale, allontanandosi in molti casi non solo dal retaggio di valori e convenzioni sociali che si erano affermate nei secoli precedenti, ma <strong>separandosi anche dalla religione, dalle spiritualit\u00e0<\/strong>. Pensiamo alla <strong>contestazione giovanile<\/strong>, che culmin\u00f2 nei moti del 1968, e che port\u00f2 alla nascita di culture alternative e laiche. Ma non possiamo dimenticare anche la <strong>Guerra Fredda<\/strong> e l&#8217;imporsi dell&#8217;<strong>ideologia comunista<\/strong> di matrice sovietica marxista, laicista e anticlericale, e il <strong>terrorismo,<\/strong> che in Italia si manifest\u00f2 nelle azioni sanguinose portate avanti da gruppi di estrema sinistra ed estrema destra, come le <strong>Brigate Rosse<\/strong> e <strong>Ordine Nuovo<\/strong>.<\/p>\n<p>La Chiesa era ancora immersa nelle vicende del mondo, e tuttavia il suo ruolo richiedeva un <strong>cambiamento<\/strong>, per poterle dare ancora la possibilit\u00e0 di intervenire e fare la differenza. Famosa la frase pronunciata da Paolo VI nel 1968, quando il vento della contestazione minacciava di travolgere completamente dottrine e dogmi: <em>&#8220;Aspettavamo la primavera, ed \u00e8 venuta la tempesta&#8221;<\/em>.<\/p>\n<p>Gi\u00e0 <a href=\"https:\/\/www.holyart.it\/it\/articoli-religiosi\/statue\/statue-sacre-in-metallo\/statua-papa-giovanni-xxiii-in-bronzo-65-cm-per-esterno\"><strong>Giovanni XXIII<\/strong><\/a>, che lo precedette sul soglio pontificio, cerc\u00f2 di mediare gli attriti tra la Chiesa e le nuove realt\u00e0 che ad essa si opponevano, istituendo il <strong>Concilio Vaticano II<\/strong> nel 1962. Lo stesso Concilio fu poi portato avanti da Paolo VI stesso, che ribad\u00ec l&#8217;<strong>importanza della fede e dell&#8217;umanit\u00e0 <\/strong>come strumenti di collaborazione tra chiesa e mondo, e la chiesa ne usc\u00ec riformata sia internamente sia nel suo porsi verso la modernit\u00e0 e le altre professioni religiose.<\/p>\n<div class=\"link-product\">\n<div class=\"blocco-immagine\"><img loading=\"lazy\" decoding=\"async\" class=\"alignnone size-full wp-image-9544\" src=\"https:\/\/blog.holyart.it\/it\/wp-content\/uploads\/sites\/17\/2020\/05\/statua-papa-giovanni-xxiii-in-bronzo-65-cm.jpg\" alt=\"statua-papa-giovanni-xxiii-in-bronzo-65-cm\" width=\"100\" height=\"100\" \/><\/div>\n<div class=\"blocco-contenuto\">\n<div class=\"blocco-acquista\">Acquista su Holyart:<\/div>\n<div class=\"blocco-titolo\"><a href=\"https:\/\/www.holyart.it\/it\/articoli-religiosi\/statue\/statue-sacre-in-metallo\/statua-papa-giovanni-xxiii-in-bronzo-65-cm-per-esterno\">Statua Papa Giovanni XXIII in bronzo<\/a><\/div>\n<div class=\"blocco-descrizione\">Opera di pregevole fattura realizzata in Italia<\/div>\n<\/div>\n<\/div>\n<p>Ma oltre alle pressioni esterne che mettevano in pericolo l&#8217;integrit\u00e0 millenaria della chiesa, Paolo VI dovette fare i conti anche con i problemi interni, che ne facevano vacillare l&#8217;autorit\u00e0. Da una parte gli <strong>ultratradizionalisti<\/strong> che manifestavano il loro disaccordo davanti a qualsiasi tentativo di apertura e modernizzazione, dall&#8217;altra i rappresentanti del clero vicini agli <strong>ambienti socialisti <\/strong>che rivendicavano la necessit\u00e0 di maggiori innovazioni, tacciando il Papa di immobilismo. Questo port\u00f2 a tensioni continue tra il Pontefice e il collegio episcopale, per tutta la durata del suo mandato.<\/p>\n<p>Se il suo predecessore Giovanni XXIII, a cui Paolo fu profondamente legato da un rapporto di stima e amicizia reciproche, era un uomo aperto al mondo, estroverso e vicino alla gente, Paolo VI fu molto pi\u00f9 <strong>riservato e austero<\/strong>.<br \/>\nQuesto non gli imped\u00ec di dare prova di <strong>grandi capacit\u00e0 diplomatiche e politiche<\/strong>, anche grazie all&#8217;esperienza maturata prima come alto funzionario della Segreteria di Stato, poi come Arcivescovo di Milano, infine come Cardinale.<\/p>\n<p>Era un uomo <strong>cortese<\/strong>, profondamente <strong>umano<\/strong>, <strong>colto<\/strong> e apparteneva a quell&#8217;alta borghesia italiana che aveva fatto la storia politica e culturale del paese a cavallo di due secoli. Un uomo apparentemente non adatto per affrontare le profonde rivoluzioni sociali e culturali di quel tempo, eppure, proprio grazie al suo <strong>equilibrio<\/strong>, capace di reggere la Chiesa con mano ferma e sicura attraverso le tempeste di quegli anni turbolenti.<\/p>\n<h2>Vita prima di diventare pontefice<\/h2>\n<p><a href=\"https:\/\/www.holyart.it\/it\/articoli-religiosi\/dvd-religiosi\/paolo-vi\"><strong>Paolo VI<\/strong><\/a> nacque il <strong>26 settembre 1897 <\/strong>a Concesio, a nord di Brescia, nella famiglia <strong>Montini<\/strong>, che apparteneva all&#8217;alta borghesia. Venne battezzato col nome di Giovanni Battista. Suo padre Giorgio era un avvocato che dirigeva il quotidiano cattolico <em>Il Cittadino di Brescia<\/em>, e successivamente fu deputato nel Partito Popolare Italiano di don Luigi Sturzo. La madre Giuditta Alghisi apparteneva alla piccola nobilt\u00e0 rurale locale.<\/p>\n<div class=\"link-product\">\n<div class=\"blocco-immagine\"><img loading=\"lazy\" decoding=\"async\" class=\"alignnone size-full wp-image-9543\" src=\"https:\/\/blog.holyart.it\/it\/wp-content\/uploads\/sites\/17\/2020\/05\/paolo-vi.jpg\" alt=\"paolo-vi\" width=\"100\" height=\"100\" \/><\/div>\n<div class=\"blocco-contenuto\">\n<div class=\"blocco-acquista\">Acquista su Holyart:<\/div>\n<div class=\"blocco-titolo\"><a href=\"https:\/\/www.holyart.it\/it\/articoli-religiosi\/dvd-religiosi\/paolo-vi\">Paolo VI<\/a><\/div>\n<div class=\"blocco-descrizione\">DVD sulla vita di San Paolo VI<\/div>\n<\/div>\n<\/div>\n<p>Frequent\u00f2 le scuole come studente esterno a causa della salute cagionevole presso il collegio &#8220;Cesare Arici&#8221; di Brescia, gestito dai Gesuiti. Dopo aver conseguito il diploma Classico nel 1916 entr\u00f2, sempre come studente esterno, nel <strong>seminario <\/strong>di Brescia.<\/p>\n<p>Dal 1919 divenne membro della <strong>FUCI<\/strong>, Federazione Universitaria Cattolica Italiana, della quale nel 1925 sarebbe diventato<strong> assistente ecclesiastico nazionale<\/strong>.<\/p>\n<p>Venne <strong>ordinato sacerdote il<\/strong> <strong>29 maggio 1920<\/strong>, nella cattedrale di Brescia.<\/p>\n<p>Frequent\u00f2 l&#8217;universit\u00e0 a Milano conseguendo il dottorato in<strong> diritto canonico<\/strong>, poi a Roma per seguire i corsi di <strong>Diritto civile<\/strong>, di <strong>Diritto canonico<\/strong>, di <strong>Lettere e filosofia<\/strong>. Segu\u00ec anche i corsi della <strong>Pontificia accademia ecclesiastica<\/strong>, e inizi\u00f2 cos\u00ec a collaborare durante il pontificato di <strong>Pio XI <\/strong>con la <strong>Segreteria di Stato Vaticano<\/strong>, l&#8217;organo incaricato di coordinare i vari uffici della Santa Sede e i rapporti con gli Stati e gli organismi internazionali.<\/p>\n<p>Nel 1923 venne inviato per un anno come <strong>addetto alla nunziatura apostolica<\/strong> a <strong>Varsavia<\/strong>, in Polonia, dove si trov\u00f2 ad affrontare gli effetti del nazionalismo locale, che vedeva con malanimo gli stranieri.<\/p>\n<p>Tornato in Italia, consegu\u00ec le <strong>tre lauree<\/strong> e assunse il ruolo di <strong>assistente ecclesiastico nazionale della FUCI<\/strong>, che avrebbe lasciato otto anni dopo, insofferente alle continue resistenze opposte dai Gesuiti e da altri esponenti della chiesa riguardo alla difficile convivenza della Chiesa col <strong>fascismo<\/strong> e ai mutamenti culturali e sociali in corso.<\/p>\n<p>Nel 1937 Montini fu nominato <strong>sostituto della Segreteria di Stato e <\/strong>con tale incarico scrisse il radiomessaggio letto il 24 agosto 1939 da <strong>Papa Pio XII<\/strong>, nel frattempo eletto, per scongiurare lo scoppio della Guerra.<\/p>\n<p>Durante la guerra lavor\u00f2 nell&#8217;<strong>Ufficio informazioni del Vaticano. <\/strong>Partecip\u00f2 anche a operazioni segrete per nascondere e salvare <strong>migliaia di ebrei romani<\/strong>. Quando a conflitto concluso il Papa venne travolto dalle accuse per il comportamento tenuto dalla Chiesa verso il nazismo lui non ne fu toccato.<\/p>\n<p>Nel 1944 assunse la carica di <strong>Pro-segretario di Stato<\/strong>, e continu\u00f2 a collaborare con Papa Pio XII, soprattutto nella difesa del mondo cattolico dalla diffusione delle <strong>idee marxiste.<\/strong><\/p>\n<p>Il 1\u00ba novembre 1954 fu nominato <strong>arcivescovo di Milano<\/strong>. Come arcivescovo dimostr\u00f2 interesse e vicinanza per le <strong>condizioni dei lavoratori<\/strong> e collabor\u00f2 con unioni e associazioni per migliorarle. Avvi\u00f2 anche la costruzione di decine di nuove chiese. Si mostr\u00f2 liberale e disposto al dialogo anche con scismatici, protestanti, anglicani, musulmani, atei, guadagnandosi la fama di<strong> progressista<\/strong>.<\/p>\n<p>Il 28 ottobre 1958 sal\u00ec al soglio pontificio Angelo Giuseppe Roncalli, <strong>Papa Giovanni XXIII<\/strong>, grande amico del futuro Paolo VI, che venne da lui nominato <strong>Cardinale<\/strong>. Con questo nuovo ruolo <strong>viaggi\u00f2 in tutto il mondo<\/strong> come rappresentante del Papa e fu\u00a0membro della commissione preparatoria del <strong>Concilio Vaticano II<\/strong>.<\/p>\n<h2>Papa dal 1963 al 1978<\/h2>\n<p>Dopo la morte di Papa Giovanni XXIII, Giovanni Battista Montini venne eletto Papa il <strong>21 giugno 1963<\/strong>, col nome di <strong>Paolo VI<\/strong>.<\/p>\n<p>Paolo VI seppe appoggiare la <strong>modernizzazione della Chiesa<\/strong> senza mai perdere di vista la tutela della fede e il primato dei diritti umani, primo fra tutti la <strong>difesa della vita<\/strong>.<\/p>\n<p>Fu il primo Papa a viaggiare in<strong> aereo<\/strong>, e questo gli permise di recarsi in terre lontane, intrattenendo rapporti con uomini di stato e capi religiosi. In particolare, in occasione del suo primo viaggio in Terrasanta nel gennaio 1964 si un\u00ec in un simbolico abbraccio col patriarca ortodosso di Costantinopoli Atenagora I, e questo gesto port\u00f2 al riavvicinamento tra le due chiese e alla redazione della <strong>Dichiarazione comune cattolico-ortodossa del 1965<\/strong>.<\/p>\n<p>Fu anche il primo Papa della storia a mettere piede nella <strong>sede dell\u2019ONU<\/strong>, dove pronunci\u00f2 un accorato appello alla pace 4 ottobre 1965, trasmesso in tutto il mondo. Siamo in piena <strong>Guerra Fredda<\/strong>, il mondo \u00e8 spaccato a met\u00e0 dal Patto Atlantico (USA e paesi filo americani) e dal Patto di Varsavia (stati satelliti dell\u2019Unione Sovietica).<br \/>\nCos\u00ec disse il Papa rivolgendosi ai rappresentanti di stato presenti e al mondo intero: <em>&#8220;Voi sancite il grande principio che i rapporti fra i popoli devono essere regolati dalla ragione, dalla giustizia, dal diritto, dalla trattativa, non dalla forza, non dalla violenza, non dalla guerra, e nemmeno dalla paura, n\u00e9 dall\u2019inganno\u201d.<\/em><em><br \/>\n<\/em>Nel 1967 istitu\u00ec anche la <a href=\"https:\/\/www.holyart.it\/it\/articoli-religiosi\/statue\/statue-in-porcellana-e-argilla\/colomba-della-pace-su-tronco-francesco-pinton-15-cm\"><strong>Giornata mondiale della pace<\/strong><\/a>, che si celebr\u00f2 la prima volta il 1 gennaio 1968.<\/p>\n<div class=\"link-product\">\n<div class=\"blocco-immagine\"><img loading=\"lazy\" decoding=\"async\" class=\"alignnone size-full wp-image-9545\" src=\"https:\/\/blog.holyart.it\/it\/wp-content\/uploads\/sites\/17\/2020\/05\/colomba-della-pace-su-tronc.jpg\" alt=\"colomba-della-pace\" width=\"100\" height=\"100\" \/><\/div>\n<div class=\"blocco-contenuto\">\n<div class=\"blocco-acquista\">Acquista su Holyart:<\/div>\n<div class=\"blocco-titolo\"><a href=\"https:\/\/www.holyart.it\/it\/articoli-religiosi\/statue\/statue-in-porcellana-e-argilla\/colomba-della-pace-su-tronco-francesco-pinton-15-cm\">Colomba della pace su tronco Francesco Pinton<\/a><\/div>\n<div class=\"blocco-descrizione\">raffigurazione di una colomba che si posa su un ramo<\/div>\n<\/div>\n<\/div>\n<p>Come accennavamo prima, Paolo VI prosegu\u00ec il lavoro del suo successore Giovanni XXIII portando avanti i lavori del <strong>Concilio Vaticano II, <\/strong>che si concluse nel 1965. I punti salienti di questo Concilio furono:<\/p>\n<ul>\n<li>migliore comprensione della Chiesa cattolica;<\/li>\n<li>riforme della Chiesa;<\/li>\n<li>avanzamento nell&#8217;unit\u00e0 della cristianit\u00e0;<\/li>\n<li>dialogo con il mondo<\/li>\n<\/ul>\n<p>In particolare la <strong>riforma della liturgia<\/strong> gi\u00e0 iniziata da Pio XII (1939-1958) venne implementata con ulteriori innovazioni. Gi\u00e0 con Pio XII era stato concesso l&#8217;uso della <strong>lingua volgare<\/strong> per battesimi, funerali e altri eventi. Dopo il Concilio Vaticano, nel 1969, sebbene il Messale non avesse subito particolari modifiche, venne approvata da Paolo VI la &#8220;nuova messa&#8221; <strong>in lingua nazionale<\/strong>. Quella Tridentina continu\u00f2 a essere celebrata in latino.<br \/>\nInoltre il <em>Sacrosanctum Concilium<\/em> impose che il sacerdote amministrasse la messa<strong> rivolto verso i fedeli<\/strong> (<em>versus populum<\/em>) e non pi\u00f9 verso oriente (<em>ad Deum<\/em>).<br \/>\nVenne poi consentita l&#8217;introduzione di <strong>musica folcloristica e moderna<\/strong> all&#8217;interno delle celebrazioni liturgiche, fino ad allora ferocemente rifiutata.<\/p>\n<p>Ancora, nel 1966, Paolo VI abol\u00ec l&#8217;<strong>indice dei libri proibiti<\/strong>, mantenuto per oltre quattrocento anni e sostenuto dal clero pi\u00f9 conservatore.<\/p>\n<p>Rivoluzion\u00f2 anche le <strong>elezioni papali<\/strong>, stabilendo l&#8217;et\u00e0 massima di 80 anni per la partecipazione al Conclave e limitando lo sfarzo ostentato nell&#8217;occasione. Paolo VI <strong>elimin\u00f2 molti<\/strong> <strong>ornamenti <\/strong>che per secoli avevano contraddistinto il Papato, arrivando a modificare in modo sostanziale la cerimonia dell&#8217;incoronazione papale.<\/p>\n<p>Dall&#8217;altra parte, tuttavia, ribad\u00ec quanto stabilito dal Concilio di Trento in merito al <strong>celibato sacerdotale<\/strong>, con l&#8217;enciclica <em>Sacerdotalis Caelibatus<\/em> del 24 giugno 1967, e appoggi\u00f2 la posizione tradizionalista riguardo la <strong>contraccezione<\/strong>, ribadendo nell&#8217;enciclica <em>Humanae Vitae<\/em> del 25 luglio 1968, quanto gi\u00e0 dichiarato da Papa Pio XI, ovvero che era illecito per gli sposi cattolici utilizzare anticoncezionali di natura chimica o artificiale.<\/p>\n<p>Paolo VI ebbe anche il merito di attribuire il titolo di <strong>Dottore della Chiesa<\/strong> a <strong>Santa Teresa d&#8217;Avila<\/strong> il 27 settembre 1970, con la Lettera apostolica <em>Multiformis sapientia Dei<\/em>, e a <a href=\"https:\/\/www.holyart.it\/blog\/santi-e-beati\/santa-caterina-da-siena-patrona-ditalia\/\"><strong>Santa Caterina da Siena<\/strong>,<\/a> il 4 ottobre 1970 con la Lettera apostolica <em>Mirabilis in Ecclesia Deus<\/em>. Esse furono le <strong>prime donne ad ottenere questa qualifica<\/strong>.<\/p>\n<div class=\"link-article\">\n<p><img loading=\"lazy\" decoding=\"async\" class=\"alignleft size-full wp-image-9542\" src=\"https:\/\/blog.holyart.it\/it\/wp-content\/uploads\/sites\/17\/2020\/05\/Santa-Caterina-da-Siena-matrimonio.jpg\" alt=\"Santa-Caterina-da-Siena-matrimonio\" width=\"150\" height=\"99\" \/><\/p>\n<div class=\"leggi-anche\">Leggi anche:<\/div>\n<p><strong><a href=\"https:\/\/www.holyart.it\/blog\/santi-e-beati\/santa-caterina-da-siena-patrona-ditalia\/\">Santa Caterina da Siena: patrona d\u2019Italia<\/a><\/strong><br \/>\nSanta Caterina da Siena, da donna del popolo a consigliera di Papi e principi.<\/p>\n<\/div>\n<h2>Quando si festeggia San Paolo VI<\/h2>\n<p>Fu <a href=\"https:\/\/www.holyart.it\/it\/occasioni-speciali\/giovanni-paolo-ii\"><strong>Papa Giovanni Paolo II <\/strong><\/a>ad aprire il processo diocesano per la beatificazione di Paolo VI. Al Papa erano stati infatti attribuiti <strong>due miracoli<\/strong>, uno legato alla guarigione di un bambino che sarebbe dovuto nascere con problemi fisici, l&#8217;altro sempre a una bambina nata con un parto difficile e apparentemente disperato.<\/p>\n<p>Paolo VI venne beatificato il <strong>19 ottobre 2014<\/strong> da <a href=\"https:\/\/www.holyart.it\/it\/occasioni-speciali\/papa-francesco\"><strong>Papa Francesco<\/strong>.<\/a> Sempre Papa Francesco il 25 gennaio 2019 ha stabilito la <strong>memoria liturgica<\/strong> di San Paolo VI il <strong>29 maggio<\/strong>, giorno della sua ordinazione sacerdotale.<\/p>\n<h2>Le encicliche papali<\/h2>\n<p>Tra le varie encicliche redatte da Paolo VI, oltre a quelle che abbiamo gi\u00e0 citato, due sono dedicate alla <a href=\"https:\/\/www.holyart.it\/articoli\/statue-madonna.php\"><strong>Madonna<\/strong><\/a>. Si tratta dell&#8217;enciclica <em>Mense Maio<\/em> del 29 aprile 1965, che invita a pregare la Madonna per il felice esito del Concilio Vaticano e per la <strong>pace nel mondo<\/strong>, e\u00a0l&#8217;enciclica\u00a0<em>Christi Matri<\/em> del 15 settembre 1966, un nuovo invito ai fedeli a rivolgere le proprie preghiere alla Madonna per garantire la <strong>pace nel mondo<\/strong>. La <strong>devozione e l\u2019imitazione della Madre di Cristo<\/strong> erano fondamentali per Paolo VI, che arriv\u00f2 ad affermare come il rapporto Maria-Chiesa fosse parte integrante e imprescindibile del Disegno divino.<\/p>\n<p>L\u2019esortazione apostolica <em>Signum Magnum<\/em> del 13 maggio 1967 approfondisce questo rapporto e sottolinea<a href=\"https:\/\/www.holyart.it\/blog\/articoli-religiosi\/da-eva-a-maria-la-figura-della-madre-nelle-sacre-scritture\/\"><strong> il ruolo di Maria come Madre<\/strong><\/a> non solo di Ges\u00f9 ma dei cristiani di tutti i tempi.<\/p>\n<div class=\"link-article\">\n<p><img loading=\"lazy\" decoding=\"async\" class=\"size-full wp-image-17874 alignleft\" src=\"https:\/\/blog.holyart.it\/it\/wp-content\/uploads\/sites\/17\/2020\/05\/maria-madre-di-gesu.jpg\" alt=\"maria madre di gesu\" width=\"150\" height=\"99\" data-kale-share-title=\"Papa Paolo VI, il 29 maggio si festeggia la sua memoria\" data-kale-share-url=\"https:\/\/blog.holyart.it\/it\/articoli-religiosi\/papa-paolo-vi-il-29-maggio-si-festeggia-la-sua-memoria\/\" \/><\/p>\n<div class=\"leggi-anche\">Leggi anche:<\/div>\n<p><strong><a href=\"https:\/\/www.holyart.it\/blog\/articoli-religiosi\/da-eva-a-maria-la-figura-della-madre-nelle-sacre-scritture\/\">Da Eva a Maria: la figura della Madre nelle sacre scritture<\/a><\/strong><br \/>\nLa madre, pilastro di ogni famiglia, cuore pulsante e fonte di vita per chi gravita intorno a lei&#8230;<\/p>\n<\/div>\n<p>Ecco tutte le encicliche pubblicate da Papa Paolo VI:<\/p>\n<p><strong><em>Ecclesiam Suam<\/em><\/strong> (<em>La Sua Chiesa<\/em>) &#8211; 6 agosto 1964.<br \/>\nManifesto pontifico di Papa Paolo VI, era incentrata sulla <strong>Chiesa cattolica<\/strong> e su come egli fosse intenzionato a portare avanti il suo mandato.<\/p>\n<p><strong><em>Mense Maio<\/em><\/strong> &#8211; 29 aprile 1965.<br \/>\nInvito alla <a href=\"https:\/\/www.holyart.it\/blog\/articoli-religiosi\/come-pregare-per-ottenere-una-grazia-nel-mese-mariano\/\"><strong>devozione a Maria nel mese di maggio<\/strong><\/a> per il <strong>felice esito del Concilio Vaticano<\/strong> e per la <strong>pace nel mondo.<\/strong><\/p>\n<div class=\"link-article\">\n<p><img loading=\"lazy\" decoding=\"async\" class=\"alignleft size-full wp-image-9546\" src=\"https:\/\/blog.holyart.it\/it\/wp-content\/uploads\/sites\/17\/2020\/05\/chiedere-una-grazia-alla-madonna-1-1.jpg\" alt=\"Chiedere una grazia nel mese mariano\" width=\"150\" height=\"99\" \/><\/p>\n<div class=\"leggi-anche\">Leggi anche:<\/div>\n<p><strong><a href=\"https:\/\/www.holyart.it\/blog\/articoli-religiosi\/come-pregare-per-ottenere-una-grazia-nel-mese-mariano\/\">Come pregare per ottenere una grazia nel Mese Mariano<\/a><\/strong><br \/>\nMaggio, mese dell\u2019amore, \u00e8 da sempre dedicato alla Vergine Maria.<\/p>\n<\/div>\n<p><strong><em><br \/>\nMysterium fidei<\/em><\/strong> &#8211; 3 settembre 1965.<br \/>\nIncentrata sulla dottrina e sul culto dell&#8217;<strong>Eucaristia<\/strong>.<\/p>\n<p><strong><em>Christi Matri<\/em><\/strong> &#8211; 15 settembre 1966.<br \/>\nInvito ai cristiani a invocare Maria nel mese di ottobre per la <strong>pace nel mondo<\/strong>.<\/p>\n<p><strong><em>Populorum progressio<\/em><\/strong> (<em>Lo sviluppo dei popoli<\/em>) &#8211; 26 marzo 1967.<br \/>\nDedicata alla <strong>cooperazione tra i popoli <\/strong>e al problema dei <strong>paesi in via di sviluppo<\/strong>. Il Papa denunci\u00f2 l&#8217;aggravarsi dello <strong>squilibrio tra paesi ricchi e paesi poveri<\/strong>, il <strong>neocolonialismo<\/strong>, il <strong>capitalismo <\/strong>e il <strong>collettivismo marxista<\/strong>. D&#8217;altra parte egli propose la creazione di un <strong>fondo mondiale<\/strong> per gli aiuti ai paesi in via di sviluppo.<\/p>\n<p><strong><em>Sacerdotalis Caelibatus<\/em><\/strong> (<em>Il celibato sacerdotale<\/em>) &#8211; 24 giugno 1967<br \/>\nIn questa enciclica Papa Paolo VI difende la tradizione della chiesa latina riguardo al <strong>celibato ai sacerdoti.<\/strong><\/p>\n<p><strong><em>Humanae Vitae &#8211; <\/em><\/strong>25 luglio 1968<strong><em><br \/>\n<\/em><\/strong>Ultima enciclica scritta da Papa Paolo VI definisce la dottrina sul matrimonio e ribadisce il fine procreativo dell&#8217;atto coniugale, <strong>rifiutando la contraccezione<\/strong> tra coniugi.<\/p>\n","protected":false},"excerpt":{"rendered":"<p>Papa Paolo VI fu un uomo riservato e cortese, dall&#8217;intelletto raffinato e dalla grande profondit\u00e0 spirituale. Guid\u00f2 la chiesa cattolica in un periodo di grandi cambiamenti, e seppe coniugare tradizione e rinnovamento in modo ammirevole. \u00c8 difficile pensare a come la chiesa cattolica abbia saputo&hellip;<\/p>\n","protected":false},"author":1,"featured_media":9548,"comment_status":"closed","ping_status":"open","sticky":false,"template":"","format":"standard","meta":{"_acf_changed":false,"footnotes":""},"categories":[16],"tags":[],"class_list":["post-9540","post","type-post","status-publish","format-standard","has-post-thumbnail","hentry","category-articoli-religiosi"],"acf":[],"yoast_head":"<!-- This site is optimized with the Yoast SEO plugin v26.6 - https:\/\/yoast.com\/wordpress\/plugins\/seo\/ -->\n<title>Papa Paolo VI, il 29 maggio si festeggia la sua memoria - Holyblog<\/title>\n<meta name=\"description\" content=\"Papa Paolo VI fu un uomo riservato e cortese, dall&#039;intelletto raffinato e dalla grande profondit\u00e0 spirituale. Guid\u00f2 la chiesa cattolica in un periodo di grandi cambiamenti,\" \/>\n<meta name=\"robots\" content=\"index, follow, max-snippet:-1, max-image-preview:large, max-video-preview:-1\" \/>\n<link rel=\"canonical\" href=\"https:\/\/blog.holyart.it\/it\/articoli-religiosi\/papa-paolo-vi-il-29-maggio-si-festeggia-la-sua-memoria\/\" \/>\n<meta property=\"og:locale\" content=\"it_IT\" \/>\n<meta property=\"og:type\" content=\"article\" \/>\n<meta property=\"og:title\" content=\"Papa Paolo VI, il 29 maggio si festeggia la sua memoria - Holyblog\" \/>\n<meta property=\"og:description\" content=\"Papa Paolo VI fu un uomo riservato e cortese, dall&#039;intelletto raffinato e dalla grande profondit\u00e0 spirituale. Guid\u00f2 la chiesa cattolica in un periodo di grandi cambiamenti,\" \/>\n<meta property=\"og:url\" content=\"https:\/\/blog.holyart.it\/it\/articoli-religiosi\/papa-paolo-vi-il-29-maggio-si-festeggia-la-sua-memoria\/\" \/>\n<meta property=\"og:site_name\" content=\"Holyblog\" \/>\n<meta property=\"article:published_time\" content=\"2020-05-21T16:17:38+00:00\" \/>\n<meta property=\"article:modified_time\" content=\"2025-05-06T10:21:57+00:00\" \/>\n<meta property=\"og:image\" content=\"https:\/\/blog.holyart.it\/it\/wp-content\/uploads\/sites\/17\/2020\/05\/Papa-Paolo-VI-29-maggio.jpg\" \/>\n\t<meta property=\"og:image:width\" content=\"1000\" \/>\n\t<meta property=\"og:image:height\" content=\"666\" \/>\n\t<meta property=\"og:image:type\" content=\"image\/jpeg\" \/>\n<meta name=\"author\" content=\"Redazione\" \/>\n<meta name=\"twitter:card\" content=\"summary_large_image\" \/>\n<meta name=\"twitter:label1\" content=\"Scritto da\" \/>\n\t<meta name=\"twitter:data1\" content=\"Redazione\" \/>\n\t<meta name=\"twitter:label2\" content=\"Tempo di lettura stimato\" \/>\n\t<meta name=\"twitter:data2\" content=\"14 minuti\" \/>\n<script type=\"application\/ld+json\" class=\"yoast-schema-graph\">{\"@context\":\"https:\/\/schema.org\",\"@graph\":[{\"@type\":\"Article\",\"@id\":\"https:\/\/blog.holyart.it\/it\/articoli-religiosi\/papa-paolo-vi-il-29-maggio-si-festeggia-la-sua-memoria\/#article\",\"isPartOf\":{\"@id\":\"https:\/\/blog.holyart.it\/it\/articoli-religiosi\/papa-paolo-vi-il-29-maggio-si-festeggia-la-sua-memoria\/\"},\"author\":{\"name\":\"Redazione\",\"@id\":\"https:\/\/blog.holyart.it\/it\/#\/schema\/person\/0a7b686e5af0f856ec1e390dd0baecda\"},\"headline\":\"Papa Paolo VI, il 29 maggio si festeggia la sua memoria\",\"datePublished\":\"2020-05-21T16:17:38+00:00\",\"dateModified\":\"2025-05-06T10:21:57+00:00\",\"mainEntityOfPage\":{\"@id\":\"https:\/\/blog.holyart.it\/it\/articoli-religiosi\/papa-paolo-vi-il-29-maggio-si-festeggia-la-sua-memoria\/\"},\"wordCount\":2196,\"publisher\":{\"@id\":\"https:\/\/blog.holyart.it\/it\/#organization\"},\"image\":{\"@id\":\"https:\/\/blog.holyart.it\/it\/articoli-religiosi\/papa-paolo-vi-il-29-maggio-si-festeggia-la-sua-memoria\/#primaryimage\"},\"thumbnailUrl\":\"https:\/\/blog.holyart.it\/it\/wp-content\/uploads\/sites\/17\/2020\/05\/Papa-Paolo-VI-29-maggio.jpg\",\"articleSection\":[\"Religione\"],\"inLanguage\":\"it-IT\"},{\"@type\":\"WebPage\",\"@id\":\"https:\/\/blog.holyart.it\/it\/articoli-religiosi\/papa-paolo-vi-il-29-maggio-si-festeggia-la-sua-memoria\/\",\"url\":\"https:\/\/blog.holyart.it\/it\/articoli-religiosi\/papa-paolo-vi-il-29-maggio-si-festeggia-la-sua-memoria\/\",\"name\":\"Papa Paolo VI, il 29 maggio si festeggia la sua memoria - Holyblog\",\"isPartOf\":{\"@id\":\"https:\/\/blog.holyart.it\/it\/#website\"},\"primaryImageOfPage\":{\"@id\":\"https:\/\/blog.holyart.it\/it\/articoli-religiosi\/papa-paolo-vi-il-29-maggio-si-festeggia-la-sua-memoria\/#primaryimage\"},\"image\":{\"@id\":\"https:\/\/blog.holyart.it\/it\/articoli-religiosi\/papa-paolo-vi-il-29-maggio-si-festeggia-la-sua-memoria\/#primaryimage\"},\"thumbnailUrl\":\"https:\/\/blog.holyart.it\/it\/wp-content\/uploads\/sites\/17\/2020\/05\/Papa-Paolo-VI-29-maggio.jpg\",\"datePublished\":\"2020-05-21T16:17:38+00:00\",\"dateModified\":\"2025-05-06T10:21:57+00:00\",\"description\":\"Papa Paolo VI fu un uomo riservato e cortese, dall'intelletto raffinato e dalla grande profondit\u00e0 spirituale. Guid\u00f2 la chiesa cattolica in un periodo di grandi cambiamenti,\",\"breadcrumb\":{\"@id\":\"https:\/\/blog.holyart.it\/it\/articoli-religiosi\/papa-paolo-vi-il-29-maggio-si-festeggia-la-sua-memoria\/#breadcrumb\"},\"inLanguage\":\"it-IT\",\"potentialAction\":[{\"@type\":\"ReadAction\",\"target\":[\"https:\/\/blog.holyart.it\/it\/articoli-religiosi\/papa-paolo-vi-il-29-maggio-si-festeggia-la-sua-memoria\/\"]}]},{\"@type\":\"ImageObject\",\"inLanguage\":\"it-IT\",\"@id\":\"https:\/\/blog.holyart.it\/it\/articoli-religiosi\/papa-paolo-vi-il-29-maggio-si-festeggia-la-sua-memoria\/#primaryimage\",\"url\":\"https:\/\/blog.holyart.it\/it\/wp-content\/uploads\/sites\/17\/2020\/05\/Papa-Paolo-VI-29-maggio.jpg\",\"contentUrl\":\"https:\/\/blog.holyart.it\/it\/wp-content\/uploads\/sites\/17\/2020\/05\/Papa-Paolo-VI-29-maggio.jpg\",\"width\":1000,\"height\":666,\"caption\":\"Papa Paolo VI\"},{\"@type\":\"BreadcrumbList\",\"@id\":\"https:\/\/blog.holyart.it\/it\/articoli-religiosi\/papa-paolo-vi-il-29-maggio-si-festeggia-la-sua-memoria\/#breadcrumb\",\"itemListElement\":[{\"@type\":\"ListItem\",\"position\":1,\"name\":\"Homepage\",\"item\":\"https:\/\/blog.holyart.it\/it\/\"},{\"@type\":\"ListItem\",\"position\":2,\"name\":\"Religione\",\"item\":\"https:\/\/blog.holyart.it\/it\/articoli-religiosi\/\"},{\"@type\":\"ListItem\",\"position\":3,\"name\":\"Papa Paolo VI, il 29 maggio si festeggia la sua memoria\"}]},{\"@type\":\"WebSite\",\"@id\":\"https:\/\/blog.holyart.it\/it\/#website\",\"url\":\"https:\/\/blog.holyart.it\/it\/\",\"name\":\"Holyblog\",\"description\":\"Il Blog di Holyart.it\",\"publisher\":{\"@id\":\"https:\/\/blog.holyart.it\/it\/#organization\"},\"potentialAction\":[{\"@type\":\"SearchAction\",\"target\":{\"@type\":\"EntryPoint\",\"urlTemplate\":\"https:\/\/blog.holyart.it\/it\/?s={search_term_string}\"},\"query-input\":{\"@type\":\"PropertyValueSpecification\",\"valueRequired\":true,\"valueName\":\"search_term_string\"}}],\"inLanguage\":\"it-IT\"},{\"@type\":\"Organization\",\"@id\":\"https:\/\/blog.holyart.it\/it\/#organization\",\"name\":\"Holyblog\",\"url\":\"https:\/\/blog.holyart.it\/it\/\",\"logo\":{\"@type\":\"ImageObject\",\"inLanguage\":\"it-IT\",\"@id\":\"https:\/\/blog.holyart.it\/it\/#\/schema\/logo\/image\/\",\"url\":\"https:\/\/blog.holyart.it\/it\/wp-content\/uploads\/sites\/17\/2022\/12\/Holyart_Blog_Logo.jpg\",\"contentUrl\":\"https:\/\/blog.holyart.it\/it\/wp-content\/uploads\/sites\/17\/2022\/12\/Holyart_Blog_Logo.jpg\",\"width\":300,\"height\":50,\"caption\":\"Holyblog\"},\"image\":{\"@id\":\"https:\/\/blog.holyart.it\/it\/#\/schema\/logo\/image\/\"}},{\"@type\":\"Person\",\"@id\":\"https:\/\/blog.holyart.it\/it\/#\/schema\/person\/0a7b686e5af0f856ec1e390dd0baecda\",\"name\":\"Redazione\"}]}<\/script>\n<!-- \/ Yoast SEO plugin. -->","yoast_head_json":{"title":"Papa Paolo VI, il 29 maggio si festeggia la sua memoria - Holyblog","description":"Papa Paolo VI fu un uomo riservato e cortese, dall'intelletto raffinato e dalla grande profondit\u00e0 spirituale. Guid\u00f2 la chiesa cattolica in un periodo di grandi cambiamenti,","robots":{"index":"index","follow":"follow","max-snippet":"max-snippet:-1","max-image-preview":"max-image-preview:large","max-video-preview":"max-video-preview:-1"},"canonical":"https:\/\/blog.holyart.it\/it\/articoli-religiosi\/papa-paolo-vi-il-29-maggio-si-festeggia-la-sua-memoria\/","og_locale":"it_IT","og_type":"article","og_title":"Papa Paolo VI, il 29 maggio si festeggia la sua memoria - Holyblog","og_description":"Papa Paolo VI fu un uomo riservato e cortese, dall'intelletto raffinato e dalla grande profondit\u00e0 spirituale. Guid\u00f2 la chiesa cattolica in un periodo di grandi cambiamenti,","og_url":"https:\/\/blog.holyart.it\/it\/articoli-religiosi\/papa-paolo-vi-il-29-maggio-si-festeggia-la-sua-memoria\/","og_site_name":"Holyblog","article_published_time":"2020-05-21T16:17:38+00:00","article_modified_time":"2025-05-06T10:21:57+00:00","og_image":[{"width":1000,"height":666,"url":"https:\/\/blog.holyart.it\/it\/wp-content\/uploads\/sites\/17\/2020\/05\/Papa-Paolo-VI-29-maggio.jpg","type":"image\/jpeg"}],"author":"Redazione","twitter_card":"summary_large_image","twitter_misc":{"Scritto da":"Redazione","Tempo di lettura stimato":"14 minuti"},"schema":{"@context":"https:\/\/schema.org","@graph":[{"@type":"Article","@id":"https:\/\/blog.holyart.it\/it\/articoli-religiosi\/papa-paolo-vi-il-29-maggio-si-festeggia-la-sua-memoria\/#article","isPartOf":{"@id":"https:\/\/blog.holyart.it\/it\/articoli-religiosi\/papa-paolo-vi-il-29-maggio-si-festeggia-la-sua-memoria\/"},"author":{"name":"Redazione","@id":"https:\/\/blog.holyart.it\/it\/#\/schema\/person\/0a7b686e5af0f856ec1e390dd0baecda"},"headline":"Papa Paolo VI, il 29 maggio si festeggia la sua memoria","datePublished":"2020-05-21T16:17:38+00:00","dateModified":"2025-05-06T10:21:57+00:00","mainEntityOfPage":{"@id":"https:\/\/blog.holyart.it\/it\/articoli-religiosi\/papa-paolo-vi-il-29-maggio-si-festeggia-la-sua-memoria\/"},"wordCount":2196,"publisher":{"@id":"https:\/\/blog.holyart.it\/it\/#organization"},"image":{"@id":"https:\/\/blog.holyart.it\/it\/articoli-religiosi\/papa-paolo-vi-il-29-maggio-si-festeggia-la-sua-memoria\/#primaryimage"},"thumbnailUrl":"https:\/\/blog.holyart.it\/it\/wp-content\/uploads\/sites\/17\/2020\/05\/Papa-Paolo-VI-29-maggio.jpg","articleSection":["Religione"],"inLanguage":"it-IT"},{"@type":"WebPage","@id":"https:\/\/blog.holyart.it\/it\/articoli-religiosi\/papa-paolo-vi-il-29-maggio-si-festeggia-la-sua-memoria\/","url":"https:\/\/blog.holyart.it\/it\/articoli-religiosi\/papa-paolo-vi-il-29-maggio-si-festeggia-la-sua-memoria\/","name":"Papa Paolo VI, il 29 maggio si festeggia la sua memoria - Holyblog","isPartOf":{"@id":"https:\/\/blog.holyart.it\/it\/#website"},"primaryImageOfPage":{"@id":"https:\/\/blog.holyart.it\/it\/articoli-religiosi\/papa-paolo-vi-il-29-maggio-si-festeggia-la-sua-memoria\/#primaryimage"},"image":{"@id":"https:\/\/blog.holyart.it\/it\/articoli-religiosi\/papa-paolo-vi-il-29-maggio-si-festeggia-la-sua-memoria\/#primaryimage"},"thumbnailUrl":"https:\/\/blog.holyart.it\/it\/wp-content\/uploads\/sites\/17\/2020\/05\/Papa-Paolo-VI-29-maggio.jpg","datePublished":"2020-05-21T16:17:38+00:00","dateModified":"2025-05-06T10:21:57+00:00","description":"Papa Paolo VI fu un uomo riservato e cortese, dall'intelletto raffinato e dalla grande profondit\u00e0 spirituale. Guid\u00f2 la chiesa cattolica in un periodo di grandi cambiamenti,","breadcrumb":{"@id":"https:\/\/blog.holyart.it\/it\/articoli-religiosi\/papa-paolo-vi-il-29-maggio-si-festeggia-la-sua-memoria\/#breadcrumb"},"inLanguage":"it-IT","potentialAction":[{"@type":"ReadAction","target":["https:\/\/blog.holyart.it\/it\/articoli-religiosi\/papa-paolo-vi-il-29-maggio-si-festeggia-la-sua-memoria\/"]}]},{"@type":"ImageObject","inLanguage":"it-IT","@id":"https:\/\/blog.holyart.it\/it\/articoli-religiosi\/papa-paolo-vi-il-29-maggio-si-festeggia-la-sua-memoria\/#primaryimage","url":"https:\/\/blog.holyart.it\/it\/wp-content\/uploads\/sites\/17\/2020\/05\/Papa-Paolo-VI-29-maggio.jpg","contentUrl":"https:\/\/blog.holyart.it\/it\/wp-content\/uploads\/sites\/17\/2020\/05\/Papa-Paolo-VI-29-maggio.jpg","width":1000,"height":666,"caption":"Papa Paolo VI"},{"@type":"BreadcrumbList","@id":"https:\/\/blog.holyart.it\/it\/articoli-religiosi\/papa-paolo-vi-il-29-maggio-si-festeggia-la-sua-memoria\/#breadcrumb","itemListElement":[{"@type":"ListItem","position":1,"name":"Homepage","item":"https:\/\/blog.holyart.it\/it\/"},{"@type":"ListItem","position":2,"name":"Religione","item":"https:\/\/blog.holyart.it\/it\/articoli-religiosi\/"},{"@type":"ListItem","position":3,"name":"Papa Paolo VI, il 29 maggio si festeggia la sua memoria"}]},{"@type":"WebSite","@id":"https:\/\/blog.holyart.it\/it\/#website","url":"https:\/\/blog.holyart.it\/it\/","name":"Holyblog","description":"Il Blog di Holyart.it","publisher":{"@id":"https:\/\/blog.holyart.it\/it\/#organization"},"potentialAction":[{"@type":"SearchAction","target":{"@type":"EntryPoint","urlTemplate":"https:\/\/blog.holyart.it\/it\/?s={search_term_string}"},"query-input":{"@type":"PropertyValueSpecification","valueRequired":true,"valueName":"search_term_string"}}],"inLanguage":"it-IT"},{"@type":"Organization","@id":"https:\/\/blog.holyart.it\/it\/#organization","name":"Holyblog","url":"https:\/\/blog.holyart.it\/it\/","logo":{"@type":"ImageObject","inLanguage":"it-IT","@id":"https:\/\/blog.holyart.it\/it\/#\/schema\/logo\/image\/","url":"https:\/\/blog.holyart.it\/it\/wp-content\/uploads\/sites\/17\/2022\/12\/Holyart_Blog_Logo.jpg","contentUrl":"https:\/\/blog.holyart.it\/it\/wp-content\/uploads\/sites\/17\/2022\/12\/Holyart_Blog_Logo.jpg","width":300,"height":50,"caption":"Holyblog"},"image":{"@id":"https:\/\/blog.holyart.it\/it\/#\/schema\/logo\/image\/"}},{"@type":"Person","@id":"https:\/\/blog.holyart.it\/it\/#\/schema\/person\/0a7b686e5af0f856ec1e390dd0baecda","name":"Redazione"}]}},"_links":{"self":[{"href":"https:\/\/blog.holyart.it\/it\/wp-json\/wp\/v2\/posts\/9540","targetHints":{"allow":["GET"]}}],"collection":[{"href":"https:\/\/blog.holyart.it\/it\/wp-json\/wp\/v2\/posts"}],"about":[{"href":"https:\/\/blog.holyart.it\/it\/wp-json\/wp\/v2\/types\/post"}],"author":[{"embeddable":true,"href":"https:\/\/blog.holyart.it\/it\/wp-json\/wp\/v2\/users\/1"}],"replies":[{"embeddable":true,"href":"https:\/\/blog.holyart.it\/it\/wp-json\/wp\/v2\/comments?post=9540"}],"version-history":[{"count":2,"href":"https:\/\/blog.holyart.it\/it\/wp-json\/wp\/v2\/posts\/9540\/revisions"}],"predecessor-version":[{"id":17876,"href":"https:\/\/blog.holyart.it\/it\/wp-json\/wp\/v2\/posts\/9540\/revisions\/17876"}],"wp:featuredmedia":[{"embeddable":true,"href":"https:\/\/blog.holyart.it\/it\/wp-json\/wp\/v2\/media\/9548"}],"wp:attachment":[{"href":"https:\/\/blog.holyart.it\/it\/wp-json\/wp\/v2\/media?parent=9540"}],"wp:term":[{"taxonomy":"category","embeddable":true,"href":"https:\/\/blog.holyart.it\/it\/wp-json\/wp\/v2\/categories?post=9540"},{"taxonomy":"post_tag","embeddable":true,"href":"https:\/\/blog.holyart.it\/it\/wp-json\/wp\/v2\/tags?post=9540"}],"curies":[{"name":"wp","href":"https:\/\/api.w.org\/{rel}","templated":true}]}}