{"id":9479,"date":"2020-05-18T16:23:33","date_gmt":"2020-05-18T14:23:33","guid":{"rendered":"https:\/\/blog.holyart.it\/it\/?p=9479"},"modified":"2022-02-21T15:12:00","modified_gmt":"2022-02-21T14:12:00","slug":"il-vangelo-secondo-luca-dalla-nascita-miracolosa-allascensione-al-cielo","status":"publish","type":"post","link":"https:\/\/blog.holyart.it\/it\/articoli-religiosi\/il-vangelo-secondo-luca-dalla-nascita-miracolosa-allascensione-al-cielo\/","title":{"rendered":"Il Vangelo secondo Luca: dalla nascita miracolosa all&#8217;ascensione al cielo"},"content":{"rendered":"<h4><span style=\"font-weight: 400;\">Il <\/span>Vangelo secondo Luca<span style=\"font-weight: 400;\"> \u00e8 uno dei tre Vangeli sinottici. Infatti, se lo si osserva parallelamente con quello di Marco e quello di Matteo, si notano molte somiglianze nella narrazione e anche singoli brani ricorrenti, che si differenziano solo per piccoli dettagli. Ma chi era davvero Luca? e quali i temi principali del suo Vangelo?<\/span><\/h4>\n\n<p><span style=\"font-weight: 400;\">L\u2019autore del Vangelo secondo Luca, \u00e8 <\/span><a href=\"https:\/\/www.holyart.it\/it\/articoli-religiosi\/icone-sacre\/icone-romania-dipinte\/icona-san-luca-evangelista-ovale\"><b>Luca Evangelista<\/b><\/a><span style=\"font-weight: 400;\">. Si tratta probabilmente di un cristiano non ebreo vissuto intorno all\u201980 d.C.\u00a0 Si dice di lui che fosse un medico originario di Antiochia di Siria e che fosse probabilmente discepolo e amico di Paolo di Tarso.<\/span><\/p>\n<p><span style=\"font-weight: 400;\">Egli non apparteneva al primo gruppo dei discepoli del Signore e <\/span><span style=\"font-weight: 400;\">non sono note con chiarezza le modalit\u00e0 della sua adesione al <\/span><span style=\"font-weight: 400;\">cristianesimo<\/span><span style=\"font-weight: 400;\">; secondo il <\/span><span style=\"font-weight: 400;\">Canone muratorian<\/span><span style=\"font-weight: 400;\">o<\/span><span style=\"font-weight: 400;\"> infatti non fece mai la conoscenza diretta di Ges\u00f9, tuttavia dall\u2019incipit del suo Vangelo \u00e8 facile dedurre che sia entrato in contatto con il cristianesimo nella sua citt\u00e0 natale dopo l\u2019avvento di Paolo.<\/span><\/p>\n<div class=\"link-product\">\n<div class=\"blocco-immagine\"><img loading=\"lazy\" decoding=\"async\" class=\"alignnone size-full wp-image-9486\" src=\"https:\/\/blog.holyart.it\/it\/wp-content\/uploads\/sites\/17\/2020\/05\/icona-san-luca-evangelista-ovale.jpg\" alt=\"icona-san-luca-evangelista-ovale\" width=\"100\" height=\"100\" \/><\/div>\n<div class=\"blocco-contenuto\">\n<div class=\"blocco-acquista\">Acquista su Holyart:<\/div>\n<div class=\"blocco-titolo\"><a href=\"https:\/\/www.holyart.it\/it\/articoli-religiosi\/icone-sacre\/icone-romania-dipinte\/icona-san-luca-evangelista-ovale\">Icona San Luca Evangelista ovale<\/a><\/div>\n<div class=\"blocco-descrizione\">L&#8217;icona richiama l&#8217;arte bizantina, dipinta a mano su legno<\/div>\n<\/div>\n<\/div>\n<p><span style=\"font-weight: 400;\">Luca non si spos\u00f2 mai e non ebbe figli, alla veneranda et\u00e0 di ottantaquattro anni mor\u00ec in Beozia; venne sepolto a Tebe e in seguito trasportato a Padova nell\u2019abbazia benedettina di Santa Giustina, dove le sue spoglie si trovano ancora oggi. Il suo cranio invece venne deposto nel 1354 nella cattedrale di San Vito a Praga dall\u2019imperatore Carlo IV con il probabile intento di diffonderne il culto.<\/span><\/p>\n<p><span style=\"font-weight: 400;\">Luca viene spesso rappresentato, nell\u2019iconografia tradizionale, come un bue alato questo perch\u00e9 il suo vangelo ha inizio con la visione di Zaccaria nel tempio, luogo dove avvengono sacrifici animali.\u00a0<\/span><\/p>\n<h2><span style=\"font-weight: 400;\">Il Vangelo di Luca: la struttura<\/span><\/h2>\n<p><span style=\"font-weight: 400;\">La scansione narrativa del <strong>terzo Vangelo<\/strong> ricalca\u00a0 quella gi\u00e0 proposta nei vangeli di Marco e di Matteo.\u00a0<\/span><\/p>\n<p><span style=\"font-weight: 400;\">Il Vangelo secondo Luca \u00e8 suddiviso in ventiquattro capitoli. Inizia con la nascita di Giovanni Battista e con quella di Ges\u00f9, entrambe descritte come prodigiose, poi <\/span>si concentra sulla <b>vita del Cristo, sulla sua predicazione, fino alla alla morte e resurrezione.\u00a0<\/b><\/p>\n<p><b>Possiamo intravedere uno schema nella struttura del testo che divide il l\u2019intero vangelo in cinque grandi blocchi:<\/b><\/p>\n<ol>\n<li><span style=\"font-weight: 400;\"> Il prologo (Lc 1,1-4) dove Luca spiega perch\u00e9 e per chi ha scritto il Vangelo, mostrando cos\u00ec l\u2019importanza dell\u2019annuncio apostolico per l\u2019approfondimento della nostra fede.<br \/>\n<\/span><\/li>\n<li><span style=\"font-weight: 400;\">Dal tempio di Gerusalemme all\u2019inizio della vita pubblica (Lc 1,5-4,13) dove Luca mostra in parallelo l\u2019<a href=\"https:\/\/www.holyart.it\/blog\/articoli-religiosi\/annunciazione-del-signore-perche-si-festeggia-il-25-marzo\/\"><strong>Annunciazione alla Vergine Maria<\/strong><\/a> e ad Elisabetta, le nascite di Giovanni Battista e di Ges\u00f9 e la sua infanzia.<\/span><\/li>\n<li><span style=\"font-weight: 400;\">La parte della Galilea (Lc 4,14-9,50) che \u00e8 una catechesi dell\u2019ascolto, con gli insegnamenti di Ges\u00f9 per prepararsi al cammino verso Gerusalemme.\u00a0<\/span><\/li>\n<li><span style=\"font-weight: 400;\">La parte del cammino verso Gerusalemme (Lc 9,51-19,28) che \u00e8 una catechesi durante il grande viaggio.\u00a0<\/span><\/li>\n<li><span style=\"font-weight: 400;\">Conclusione: <strong><a href=\"https:\/\/www.holyart.it\/blog\/accessori-liturgia\/i-riti-della-settimana-santa\/\">Passione, morte, resurrezione<\/a><\/strong> e ascensione di Ges\u00f9, e la risalita dei discepoli verso il tempio di Gerusalemme (Lc 19,29-24,53).<\/span><\/li>\n<\/ol>\n<div class=\"link-article\">\n<p><img loading=\"lazy\" decoding=\"async\" class=\"alignleft size-thumbnail wp-image-9485\" src=\"https:\/\/blog.holyart.it\/it\/wp-content\/uploads\/sites\/17\/2020\/05\/riti-settimana-santa-150x99.jpg\" alt=\"riti-settimana-santa\" width=\"150\" height=\"99\" \/><\/p>\n<div class=\"leggi-anche\">Leggi anche:<\/div>\n<p><strong><a href=\"https:\/\/www.holyart.it\/blog\/accessori-liturgia\/i-riti-della-settimana-santa\/\">I riti della Settimana Santa<\/a><\/strong><br \/>\nLa Pasqua \u00e8 la festa pi\u00f9 importante per i cristiani e viene celebrata in tutto il mondo&#8230;<\/p>\n<\/div>\n<p><span style=\"font-weight: 400;\">L\u2019autore si pone nei confronti della vita di Ges\u00f9 come uno storico e come un narratore. Lo stile del testo \u00e8 quello tipico della storiografia dell\u2019epoca, sobrio, scorrevole, e, nello stesso tempo, pi\u00f9 elaborato rispetto a Marco e Matte, probabilmente frutto dei suoi studi in medicina.<\/span><\/p>\n<p><b>Il Vangelo secondo Luca si rivolge ad ascoltatori non ebrei.<\/b><span style=\"font-weight: 400;\"> Anzi, prende in un certo senso le <strong><a href=\"https:\/\/www.holyart.it\/blog\/articoli-religiosi\/le-differenze-ebraismo-cristianesimo\/\">distanze all\u2019ebraismo<\/a><\/strong>, limitando le citazioni e i riferimenti all&#8217;Antico Testamento al minimo. Questo allontanamento emerge anche dal fatto che l\u2019autore scrive che la condanna di Ges\u00f9 fu voluta dagli ebrei, e non da Ponzio Pilato.<\/span><\/p>\n<h2><span style=\"font-weight: 400;\">Il Vangelo di Luca: i temi<\/span><b><br \/>\n<\/b><\/h2>\n<p><span style=\"font-weight: 400;\">La prima cosa che salta all&#8217;occhio <strong>nel Vangelo secondo Luca \u00e8 <\/strong><\/span><b>l\u2019attenzione riservata ai poveri, ai diseredati e, in generale, a tutte le minoranze, agli oppressi e ai perseguitati e ai sentimenti che Ges\u00f9 riserva loro<\/b><span style=\"font-weight: 400;\">.\u00a0<\/span><\/p>\n<p><span style=\"font-weight: 400;\">Le parabole contenute nel testo, che non appaiono negli altri vangeli, come quella del Figliol prodigo, della pecorella smarrita e della moneta perduta si riferiscono proprio alla piet\u00e0, al perdono e alla <\/span><a href=\"http:\/\/holyart.it\/blog\/articoli-religiosi\/le-tre-parabole-della-misericordia\/\"><span style=\"font-weight: 400;\"><strong>misericordia<\/strong><\/span><\/a><span style=\"font-weight: 400;\">.<\/span><\/p>\n<div class=\"link-article\">\n<p><img loading=\"lazy\" decoding=\"async\" class=\"alignleft wp-image-9483 size-thumbnail\" src=\"https:\/\/blog.holyart.it\/it\/wp-content\/uploads\/sites\/17\/2020\/05\/le-parabole-della-misericordia-150x99.jpg\" alt=\"le parabole della misericordia\" width=\"150\" height=\"99\" \/><\/p>\n<div class=\"leggi-anche\">Leggi anche:<\/div>\n<p><strong><a href=\"https:\/\/holyart.it\/blog\/articoli-religiosi\/le-tre-parabole-della-misericordia\/\">Le tre parabole della misericordia<\/a><\/strong><br \/>\nL\u2019evangelista Luca riprende il tema della Misericordia divina nel suo Vangelo con tre parabole&#8230;<\/p>\n<\/div>\n<p><span style=\"font-weight: 400;\">Luca riconosce il valore della missione di Ges\u00f9 come predicatore, dando spazio a miracoli e atti straordinari, <\/span><b>ma pone l\u2019attenzione in particolare sulle sue doti pi\u00f9 umane, sulla sua dolcezza, la sua bont\u00e0 e la sua compassione.<\/b><span style=\"font-weight: 400;\"> Queste virt\u00f9, contrapposte alla ricchezza e al potere terreno, sono indicate come cammino di fede ed elevazione spirituale, nonch\u00e9 un richiamo alla grazia e allo Spirito Santo come fonte di salvezza e vita eterna.<\/span><\/p>\n<p><b>Il Vangelo secondo Luca riserva inoltre ampio spazio alle donne.<\/b> \u00c8<span style=\"font-weight: 400;\">\u00a0il racconto di donne molto diverse tra loro, per et\u00e0,\u00a0 per condizione \u201cmorale\u201d e per coraggio.<\/span><\/p>\n<p><span style=\"font-weight: 400;\">Donne che, sull\u2019esempio degli apostoli, seguono Ges\u00f9 nel suo cammino come (8, 1-3; 23,49) <a href=\"https:\/\/www.holyart.it\/it\/articoli-religiosi\/statue\/statue-sacre-in-metallo\/statua-maria-maddalena-bronzo-80-cm-per-esterno\"><strong>Maria Maddalena<\/strong><\/a>, a cui venne attribuito l\u2019epiteto di prostituta o Giovanna, sposa di un cittadino importante.<\/span><\/p>\n<div class=\"link-product\">\n<div class=\"blocco-immagine\"><img loading=\"lazy\" decoding=\"async\" class=\"alignnone size-full wp-image-9488\" src=\"https:\/\/blog.holyart.it\/it\/wp-content\/uploads\/sites\/17\/2020\/05\/statua-maria-maddalena.jpg\" alt=\"statua-maria-maddalena\" width=\"100\" height=\"100\" \/><\/div>\n<div class=\"blocco-contenuto\">\n<div class=\"blocco-acquista\">Acquista su Holyart:<\/div>\n<div class=\"blocco-titolo\"><a href=\"https:\/\/www.holyart.it\/it\/articoli-religiosi\/statue\/statue-sacre-in-metallo\/statua-maria-maddalena-bronzo-80-cm-per-esterno\">Statua Maria Maddalena bronzo 80 cm<\/a><\/div>\n<div class=\"blocco-descrizione\">Scultura di eccellente fattura realizzata in italia<\/div>\n<\/div>\n<\/div>\n<p><span style=\"font-weight: 400;\">Donne deboli e sofferenti a cui Ges\u00f9 riserva un\u2019attenzione speciale come la suocera di Pietro (4, 38-39); la vedova di Nain (7, 11-17) e la donna che soffriva di emorragia (8, 43-48).<\/span><\/p>\n<p><span style=\"font-weight: 400;\">Donne che con coraggio proclamano pubblicamente la loro ammirazione per Ges\u00f9, andando contro alle norme e alle consuetudini dell\u2019epoca (11, 27-28).\u00a0 Ci sono infine le donne presenti durante la dura passione di Ges\u00f9 e le donne prime testimoni della sua resurrezione.<\/span><\/p>\n<p><span style=\"font-weight: 400;\">Tutte queste donne, per quanto differenti tra loro, ci portano lo stesso messaggio, ci insegnano che l\u2019incontro con Ges\u00f9 cambia la vita se nella relazione con lui non si rimane in superficie, se non ci si ferma a qualche aspetto visibile, ma marginale.<\/span><\/p>\n<p><span style=\"font-weight: 400;\">Ges\u00f9 trasforma, libera e salva la vita di coloro che, con umilt\u00e0 e docilit\u00e0, accettano di lasciarsi guardare per quello che sono.<br \/>\n<\/span><\/p>\n<h2><span style=\"font-weight: 400;\">L&#8217;ascensione di Ges\u00f9 nel Vangelo secondo Luca<\/span><\/h2>\n<p><span style=\"font-weight: 400;\"><strong><a href=\"https:\/\/www.holyart.it\/it\/articoli-religiosi\/libri-e-testi-sacri\/vangeli\">I Vangeli<\/a><\/strong> di Matteo e Giovanni terminano entrambi con il racconto di apparizioni successive alla Resurrezione, il Vangelo di Marco invece fa soltanto un piccolo accenno al momento dell\u2019ascensione\u00a0 di Ges\u00f9 dicendo:<br \/>\n<\/span><span style=\"font-weight: 400;\"><br \/>\n<\/span><span style=\"font-weight: 400;\"><em>\u201cGes\u00f9\u2026 fu assunto in cielo e si assise alla destra di Dio\u201d (Marco 16, 10) .<\/em> <\/span><span style=\"font-weight: 400;\"><br \/>\n<\/span><span style=\"font-weight: 400;\"><br \/>\n<\/span><span style=\"font-weight: 400;\">L\u2019unico a fare un resoconto pi\u00f9 dettagliato, di quello che viene considerato uno degli eventi centrali del cristianesimo, \u00e8 Luca che nel suo vangelo scrive:<br \/>\n<\/span><span style=\"font-weight: 400;\"><br \/>\n<\/span><span style=\"font-weight: 400;\"><em>\u201cPoi [Ges\u00f9] li condusse fuori [i discepoli] verso Bet\u00e0nia e, alzate le mani, li benedisse. Mentre li benediceva, si stacc\u00f2 da loro e fu portato verso il cielo. Ed essi, dopo averlo adorato, tornarono a Gerusalemme con grande gioia e stavano sempre nel tempio lodando Dio.\u201d \u00a0 (24,50-53).<\/em> <\/span><span style=\"font-weight: 400;\"><br \/>\n<\/span><span style=\"font-weight: 400;\"><br \/>\n<\/span><span style=\"font-weight: 400;\">Ancora Luca nel primo capitolo degli <a href=\"https:\/\/www.holyart.it\/it\/articoli-religiosi\/libri-e-testi-sacri\/vangeli\/vangelo-e-atti-edizione-regalo-comunione\"><strong>Atti degli Apostoli<\/strong><\/a> colloca l\u2019ascensione sul Monte degli Ulivi, al quarantesimo giorno dopo la Pasqua: <\/span><span style=\"font-weight: 400;\"><br \/>\n<\/span><span style=\"font-weight: 400;\"><br \/>\n<\/span><em><span style=\"font-weight: 400;\">\u201cEgli [Ges\u00f9] si mostr\u00f2 ad essi [gli apostoli] vivo, dopo la sua passione, con molte prove, apparendo loro per quaranta giorni e parlando del regno di Dio [\u2026] Detto questo, fu elevato in alto sotto i loro occhi e una nube lo sottrasse al loro sguardo. E poich\u00e9 essi stavano fissando il cielo mentre egli se n&#8217;andava, ecco due uomini in bianche vesti si presentarono a loro e dissero: \u00abUomini di Galilea, perch\u00e9 state a guardare il cielo? Questo Ges\u00f9, che \u00e8 stato di tra voi assunto fino al cielo, torner\u00e0 un giorno allo stesso modo in cui l&#8217;avete visto andare in cielo<\/span><b>\u00bb<\/b><span style=\"font-weight: 400;\">\u201d \u00a0 (Atti 1,3-11) <\/span><span style=\"font-weight: 400;\"><br \/>\n<\/span><\/em><span style=\"font-weight: 400;\"><br \/>\n<\/span><span style=\"font-weight: 400;\">Dalle due narrazioni emergono delle discrepanze su dettagli significativi. Mentre negli Atti l\u2019evento viene collocato, come gi\u00e0 detto in precedenza,\u00a0 quaranta giorni dopo la Resurrezione nel Vangelo sembra che<a href=\"https:\/\/www.holyart.it\/it\/articoli-religiosi\/bassorilievi\/bassorilievi-argento\/bassorilievo-bilaminato-ascensione-di-gesu-cristo-10x7-cm\"><strong> l\u2019Ascensione di Ges\u00f9<\/strong> <\/a>avvenga il giorno stesso della Resurrezione.<br \/>\n<\/span><\/p>\n<div class=\"link-product\">\n<div class=\"blocco-immagine\"><img loading=\"lazy\" decoding=\"async\" class=\"alignnone size-full wp-image-9487\" src=\"https:\/\/blog.holyart.it\/it\/wp-content\/uploads\/sites\/17\/2020\/05\/bassorilievo-bilaminato-ascensione-di-gesu-cristo.jpg\" alt=\"bassorilievo-bilaminato-ascensione-di-gesu-cristo\" width=\"100\" height=\"100\" \/><\/div>\n<div class=\"blocco-contenuto\">\n<div class=\"blocco-acquista\">Acquista su Holyart:<\/div>\n<div class=\"blocco-titolo\"><a href=\"https:\/\/www.holyart.it\/it\/articoli-religiosi\/bassorilievi\/bassorilievi-argento\/bassorilievo-bilaminato-ascensione-di-gesu-cristo-10x7-cm\">Bassorilievo Ascensione di Ges\u00f9 Cristo<\/a><\/div>\n<div class=\"blocco-descrizione\">Il prodotto \u00e8 realizzato e decorato su argento bilaminato<\/div>\n<\/div>\n<\/div>\n<p><span style=\"font-weight: 400;\">Nonostante queste divergenze \u00e8 importante notare l\u2019intento del racconto di Luca. <\/span><span style=\"font-weight: 400;\">Il suo racconto dell\u2019ascensione non vuole essere una racconto dell\u2019ingresso del Salvatore nella gloria, ma\u00a0 piuttosto un modo per far conoscere alcuni tratti dell\u2019ultima manifestazione terrena di Ges\u00f9 prima di ritornare al Padre per completare la Redenzione.<\/span><\/p>\n","protected":false},"excerpt":{"rendered":"<p>Il Vangelo secondo Luca \u00e8 uno dei tre Vangeli sinottici. Infatti, se lo si osserva parallelamente con quello di Marco e quello di Matteo, si notano molte somiglianze nella narrazione e anche singoli brani ricorrenti, che si differenziano solo per piccoli dettagli. Ma chi era&hellip;<\/p>\n","protected":false},"author":1,"featured_media":9552,"comment_status":"closed","ping_status":"open","sticky":false,"template":"","format":"standard","meta":{"_acf_changed":false,"footnotes":""},"categories":[16],"tags":[],"class_list":["post-9479","post","type-post","status-publish","format-standard","has-post-thumbnail","hentry","category-articoli-religiosi"],"acf":[],"yoast_head":"<!-- This site is optimized with the Yoast SEO plugin v26.6 - https:\/\/yoast.com\/wordpress\/plugins\/seo\/ -->\n<title>Il Vangelo secondo Luca: dalla nascita miracolosa all&#039;ascensione al cielo - Holyblog<\/title>\n<meta name=\"description\" content=\"Il Vangelo secondo Luca \u00e8 uno dei tre Vangeli sinottici. Ma chi era davvero Luca? e quali i temi principali del suo Vangelo?\" \/>\n<meta name=\"robots\" content=\"index, follow, max-snippet:-1, max-image-preview:large, max-video-preview:-1\" \/>\n<link rel=\"canonical\" href=\"https:\/\/blog.holyart.it\/it\/articoli-religiosi\/il-vangelo-secondo-luca-dalla-nascita-miracolosa-allascensione-al-cielo\/\" \/>\n<meta property=\"og:locale\" content=\"it_IT\" \/>\n<meta property=\"og:type\" content=\"article\" \/>\n<meta property=\"og:title\" content=\"Il Vangelo secondo Luca: dalla nascita miracolosa all&#039;ascensione al cielo - Holyblog\" \/>\n<meta property=\"og:description\" content=\"Il Vangelo secondo Luca \u00e8 uno dei tre Vangeli sinottici. Ma chi era davvero Luca? e quali i temi principali del suo Vangelo?\" \/>\n<meta property=\"og:url\" content=\"https:\/\/blog.holyart.it\/it\/articoli-religiosi\/il-vangelo-secondo-luca-dalla-nascita-miracolosa-allascensione-al-cielo\/\" \/>\n<meta property=\"og:site_name\" content=\"Holyblog\" \/>\n<meta property=\"article:published_time\" content=\"2020-05-18T14:23:33+00:00\" \/>\n<meta property=\"article:modified_time\" content=\"2022-02-21T14:12:00+00:00\" \/>\n<meta property=\"og:image\" content=\"https:\/\/blog.holyart.it\/it\/wp-content\/uploads\/sites\/17\/2020\/05\/San_Luca_evangelista.jpg\" \/>\n\t<meta property=\"og:image:width\" content=\"1000\" \/>\n\t<meta property=\"og:image:height\" content=\"666\" \/>\n\t<meta property=\"og:image:type\" content=\"image\/jpeg\" \/>\n<meta name=\"author\" content=\"Redazione\" \/>\n<meta name=\"twitter:card\" content=\"summary_large_image\" \/>\n<meta name=\"twitter:label1\" content=\"Scritto da\" \/>\n\t<meta name=\"twitter:data1\" content=\"Redazione\" \/>\n\t<meta name=\"twitter:label2\" content=\"Tempo di lettura stimato\" \/>\n\t<meta name=\"twitter:data2\" content=\"7 minuti\" \/>\n<script type=\"application\/ld+json\" class=\"yoast-schema-graph\">{\"@context\":\"https:\/\/schema.org\",\"@graph\":[{\"@type\":\"Article\",\"@id\":\"https:\/\/blog.holyart.it\/it\/articoli-religiosi\/il-vangelo-secondo-luca-dalla-nascita-miracolosa-allascensione-al-cielo\/#article\",\"isPartOf\":{\"@id\":\"https:\/\/blog.holyart.it\/it\/articoli-religiosi\/il-vangelo-secondo-luca-dalla-nascita-miracolosa-allascensione-al-cielo\/\"},\"author\":{\"name\":\"Redazione\",\"@id\":\"https:\/\/blog.holyart.it\/it\/#\/schema\/person\/0a7b686e5af0f856ec1e390dd0baecda\"},\"headline\":\"Il Vangelo secondo Luca: dalla nascita miracolosa all&#8217;ascensione al cielo\",\"datePublished\":\"2020-05-18T14:23:33+00:00\",\"dateModified\":\"2022-02-21T14:12:00+00:00\",\"mainEntityOfPage\":{\"@id\":\"https:\/\/blog.holyart.it\/it\/articoli-religiosi\/il-vangelo-secondo-luca-dalla-nascita-miracolosa-allascensione-al-cielo\/\"},\"wordCount\":1348,\"publisher\":{\"@id\":\"https:\/\/blog.holyart.it\/it\/#organization\"},\"image\":{\"@id\":\"https:\/\/blog.holyart.it\/it\/articoli-religiosi\/il-vangelo-secondo-luca-dalla-nascita-miracolosa-allascensione-al-cielo\/#primaryimage\"},\"thumbnailUrl\":\"https:\/\/blog.holyart.it\/it\/wp-content\/uploads\/sites\/17\/2020\/05\/San_Luca_evangelista.jpg\",\"articleSection\":[\"Religione\"],\"inLanguage\":\"it-IT\"},{\"@type\":\"WebPage\",\"@id\":\"https:\/\/blog.holyart.it\/it\/articoli-religiosi\/il-vangelo-secondo-luca-dalla-nascita-miracolosa-allascensione-al-cielo\/\",\"url\":\"https:\/\/blog.holyart.it\/it\/articoli-religiosi\/il-vangelo-secondo-luca-dalla-nascita-miracolosa-allascensione-al-cielo\/\",\"name\":\"Il Vangelo secondo Luca: dalla nascita miracolosa all'ascensione al cielo - Holyblog\",\"isPartOf\":{\"@id\":\"https:\/\/blog.holyart.it\/it\/#website\"},\"primaryImageOfPage\":{\"@id\":\"https:\/\/blog.holyart.it\/it\/articoli-religiosi\/il-vangelo-secondo-luca-dalla-nascita-miracolosa-allascensione-al-cielo\/#primaryimage\"},\"image\":{\"@id\":\"https:\/\/blog.holyart.it\/it\/articoli-religiosi\/il-vangelo-secondo-luca-dalla-nascita-miracolosa-allascensione-al-cielo\/#primaryimage\"},\"thumbnailUrl\":\"https:\/\/blog.holyart.it\/it\/wp-content\/uploads\/sites\/17\/2020\/05\/San_Luca_evangelista.jpg\",\"datePublished\":\"2020-05-18T14:23:33+00:00\",\"dateModified\":\"2022-02-21T14:12:00+00:00\",\"description\":\"Il Vangelo secondo Luca \u00e8 uno dei tre Vangeli sinottici. Ma chi era davvero Luca? e quali i temi principali del suo Vangelo?\",\"breadcrumb\":{\"@id\":\"https:\/\/blog.holyart.it\/it\/articoli-religiosi\/il-vangelo-secondo-luca-dalla-nascita-miracolosa-allascensione-al-cielo\/#breadcrumb\"},\"inLanguage\":\"it-IT\",\"potentialAction\":[{\"@type\":\"ReadAction\",\"target\":[\"https:\/\/blog.holyart.it\/it\/articoli-religiosi\/il-vangelo-secondo-luca-dalla-nascita-miracolosa-allascensione-al-cielo\/\"]}]},{\"@type\":\"ImageObject\",\"inLanguage\":\"it-IT\",\"@id\":\"https:\/\/blog.holyart.it\/it\/articoli-religiosi\/il-vangelo-secondo-luca-dalla-nascita-miracolosa-allascensione-al-cielo\/#primaryimage\",\"url\":\"https:\/\/blog.holyart.it\/it\/wp-content\/uploads\/sites\/17\/2020\/05\/San_Luca_evangelista.jpg\",\"contentUrl\":\"https:\/\/blog.holyart.it\/it\/wp-content\/uploads\/sites\/17\/2020\/05\/San_Luca_evangelista.jpg\",\"width\":1000,\"height\":666,\"caption\":\"San_Luca_evangelista\"},{\"@type\":\"BreadcrumbList\",\"@id\":\"https:\/\/blog.holyart.it\/it\/articoli-religiosi\/il-vangelo-secondo-luca-dalla-nascita-miracolosa-allascensione-al-cielo\/#breadcrumb\",\"itemListElement\":[{\"@type\":\"ListItem\",\"position\":1,\"name\":\"Homepage\",\"item\":\"https:\/\/blog.holyart.it\/it\/\"},{\"@type\":\"ListItem\",\"position\":2,\"name\":\"Religione\",\"item\":\"https:\/\/blog.holyart.it\/it\/articoli-religiosi\/\"},{\"@type\":\"ListItem\",\"position\":3,\"name\":\"Il Vangelo secondo Luca: dalla nascita miracolosa all&#8217;ascensione al cielo\"}]},{\"@type\":\"WebSite\",\"@id\":\"https:\/\/blog.holyart.it\/it\/#website\",\"url\":\"https:\/\/blog.holyart.it\/it\/\",\"name\":\"Holyblog\",\"description\":\"Il Blog di Holyart.it\",\"publisher\":{\"@id\":\"https:\/\/blog.holyart.it\/it\/#organization\"},\"potentialAction\":[{\"@type\":\"SearchAction\",\"target\":{\"@type\":\"EntryPoint\",\"urlTemplate\":\"https:\/\/blog.holyart.it\/it\/?s={search_term_string}\"},\"query-input\":{\"@type\":\"PropertyValueSpecification\",\"valueRequired\":true,\"valueName\":\"search_term_string\"}}],\"inLanguage\":\"it-IT\"},{\"@type\":\"Organization\",\"@id\":\"https:\/\/blog.holyart.it\/it\/#organization\",\"name\":\"Holyblog\",\"url\":\"https:\/\/blog.holyart.it\/it\/\",\"logo\":{\"@type\":\"ImageObject\",\"inLanguage\":\"it-IT\",\"@id\":\"https:\/\/blog.holyart.it\/it\/#\/schema\/logo\/image\/\",\"url\":\"https:\/\/blog.holyart.it\/it\/wp-content\/uploads\/sites\/17\/2022\/12\/Holyart_Blog_Logo.jpg\",\"contentUrl\":\"https:\/\/blog.holyart.it\/it\/wp-content\/uploads\/sites\/17\/2022\/12\/Holyart_Blog_Logo.jpg\",\"width\":300,\"height\":50,\"caption\":\"Holyblog\"},\"image\":{\"@id\":\"https:\/\/blog.holyart.it\/it\/#\/schema\/logo\/image\/\"}},{\"@type\":\"Person\",\"@id\":\"https:\/\/blog.holyart.it\/it\/#\/schema\/person\/0a7b686e5af0f856ec1e390dd0baecda\",\"name\":\"Redazione\"}]}<\/script>\n<!-- \/ Yoast SEO plugin. -->","yoast_head_json":{"title":"Il Vangelo secondo Luca: dalla nascita miracolosa all'ascensione al cielo - Holyblog","description":"Il Vangelo secondo Luca \u00e8 uno dei tre Vangeli sinottici. Ma chi era davvero Luca? e quali i temi principali del suo Vangelo?","robots":{"index":"index","follow":"follow","max-snippet":"max-snippet:-1","max-image-preview":"max-image-preview:large","max-video-preview":"max-video-preview:-1"},"canonical":"https:\/\/blog.holyart.it\/it\/articoli-religiosi\/il-vangelo-secondo-luca-dalla-nascita-miracolosa-allascensione-al-cielo\/","og_locale":"it_IT","og_type":"article","og_title":"Il Vangelo secondo Luca: dalla nascita miracolosa all'ascensione al cielo - Holyblog","og_description":"Il Vangelo secondo Luca \u00e8 uno dei tre Vangeli sinottici. Ma chi era davvero Luca? e quali i temi principali del suo Vangelo?","og_url":"https:\/\/blog.holyart.it\/it\/articoli-religiosi\/il-vangelo-secondo-luca-dalla-nascita-miracolosa-allascensione-al-cielo\/","og_site_name":"Holyblog","article_published_time":"2020-05-18T14:23:33+00:00","article_modified_time":"2022-02-21T14:12:00+00:00","og_image":[{"width":1000,"height":666,"url":"https:\/\/blog.holyart.it\/it\/wp-content\/uploads\/sites\/17\/2020\/05\/San_Luca_evangelista.jpg","type":"image\/jpeg"}],"author":"Redazione","twitter_card":"summary_large_image","twitter_misc":{"Scritto da":"Redazione","Tempo di lettura stimato":"7 minuti"},"schema":{"@context":"https:\/\/schema.org","@graph":[{"@type":"Article","@id":"https:\/\/blog.holyart.it\/it\/articoli-religiosi\/il-vangelo-secondo-luca-dalla-nascita-miracolosa-allascensione-al-cielo\/#article","isPartOf":{"@id":"https:\/\/blog.holyart.it\/it\/articoli-religiosi\/il-vangelo-secondo-luca-dalla-nascita-miracolosa-allascensione-al-cielo\/"},"author":{"name":"Redazione","@id":"https:\/\/blog.holyart.it\/it\/#\/schema\/person\/0a7b686e5af0f856ec1e390dd0baecda"},"headline":"Il Vangelo secondo Luca: dalla nascita miracolosa all&#8217;ascensione al cielo","datePublished":"2020-05-18T14:23:33+00:00","dateModified":"2022-02-21T14:12:00+00:00","mainEntityOfPage":{"@id":"https:\/\/blog.holyart.it\/it\/articoli-religiosi\/il-vangelo-secondo-luca-dalla-nascita-miracolosa-allascensione-al-cielo\/"},"wordCount":1348,"publisher":{"@id":"https:\/\/blog.holyart.it\/it\/#organization"},"image":{"@id":"https:\/\/blog.holyart.it\/it\/articoli-religiosi\/il-vangelo-secondo-luca-dalla-nascita-miracolosa-allascensione-al-cielo\/#primaryimage"},"thumbnailUrl":"https:\/\/blog.holyart.it\/it\/wp-content\/uploads\/sites\/17\/2020\/05\/San_Luca_evangelista.jpg","articleSection":["Religione"],"inLanguage":"it-IT"},{"@type":"WebPage","@id":"https:\/\/blog.holyart.it\/it\/articoli-religiosi\/il-vangelo-secondo-luca-dalla-nascita-miracolosa-allascensione-al-cielo\/","url":"https:\/\/blog.holyart.it\/it\/articoli-religiosi\/il-vangelo-secondo-luca-dalla-nascita-miracolosa-allascensione-al-cielo\/","name":"Il Vangelo secondo Luca: dalla nascita miracolosa all'ascensione al cielo - Holyblog","isPartOf":{"@id":"https:\/\/blog.holyart.it\/it\/#website"},"primaryImageOfPage":{"@id":"https:\/\/blog.holyart.it\/it\/articoli-religiosi\/il-vangelo-secondo-luca-dalla-nascita-miracolosa-allascensione-al-cielo\/#primaryimage"},"image":{"@id":"https:\/\/blog.holyart.it\/it\/articoli-religiosi\/il-vangelo-secondo-luca-dalla-nascita-miracolosa-allascensione-al-cielo\/#primaryimage"},"thumbnailUrl":"https:\/\/blog.holyart.it\/it\/wp-content\/uploads\/sites\/17\/2020\/05\/San_Luca_evangelista.jpg","datePublished":"2020-05-18T14:23:33+00:00","dateModified":"2022-02-21T14:12:00+00:00","description":"Il Vangelo secondo Luca \u00e8 uno dei tre Vangeli sinottici. Ma chi era davvero Luca? e quali i temi principali del suo Vangelo?","breadcrumb":{"@id":"https:\/\/blog.holyart.it\/it\/articoli-religiosi\/il-vangelo-secondo-luca-dalla-nascita-miracolosa-allascensione-al-cielo\/#breadcrumb"},"inLanguage":"it-IT","potentialAction":[{"@type":"ReadAction","target":["https:\/\/blog.holyart.it\/it\/articoli-religiosi\/il-vangelo-secondo-luca-dalla-nascita-miracolosa-allascensione-al-cielo\/"]}]},{"@type":"ImageObject","inLanguage":"it-IT","@id":"https:\/\/blog.holyart.it\/it\/articoli-religiosi\/il-vangelo-secondo-luca-dalla-nascita-miracolosa-allascensione-al-cielo\/#primaryimage","url":"https:\/\/blog.holyart.it\/it\/wp-content\/uploads\/sites\/17\/2020\/05\/San_Luca_evangelista.jpg","contentUrl":"https:\/\/blog.holyart.it\/it\/wp-content\/uploads\/sites\/17\/2020\/05\/San_Luca_evangelista.jpg","width":1000,"height":666,"caption":"San_Luca_evangelista"},{"@type":"BreadcrumbList","@id":"https:\/\/blog.holyart.it\/it\/articoli-religiosi\/il-vangelo-secondo-luca-dalla-nascita-miracolosa-allascensione-al-cielo\/#breadcrumb","itemListElement":[{"@type":"ListItem","position":1,"name":"Homepage","item":"https:\/\/blog.holyart.it\/it\/"},{"@type":"ListItem","position":2,"name":"Religione","item":"https:\/\/blog.holyart.it\/it\/articoli-religiosi\/"},{"@type":"ListItem","position":3,"name":"Il Vangelo secondo Luca: dalla nascita miracolosa all&#8217;ascensione al cielo"}]},{"@type":"WebSite","@id":"https:\/\/blog.holyart.it\/it\/#website","url":"https:\/\/blog.holyart.it\/it\/","name":"Holyblog","description":"Il Blog di Holyart.it","publisher":{"@id":"https:\/\/blog.holyart.it\/it\/#organization"},"potentialAction":[{"@type":"SearchAction","target":{"@type":"EntryPoint","urlTemplate":"https:\/\/blog.holyart.it\/it\/?s={search_term_string}"},"query-input":{"@type":"PropertyValueSpecification","valueRequired":true,"valueName":"search_term_string"}}],"inLanguage":"it-IT"},{"@type":"Organization","@id":"https:\/\/blog.holyart.it\/it\/#organization","name":"Holyblog","url":"https:\/\/blog.holyart.it\/it\/","logo":{"@type":"ImageObject","inLanguage":"it-IT","@id":"https:\/\/blog.holyart.it\/it\/#\/schema\/logo\/image\/","url":"https:\/\/blog.holyart.it\/it\/wp-content\/uploads\/sites\/17\/2022\/12\/Holyart_Blog_Logo.jpg","contentUrl":"https:\/\/blog.holyart.it\/it\/wp-content\/uploads\/sites\/17\/2022\/12\/Holyart_Blog_Logo.jpg","width":300,"height":50,"caption":"Holyblog"},"image":{"@id":"https:\/\/blog.holyart.it\/it\/#\/schema\/logo\/image\/"}},{"@type":"Person","@id":"https:\/\/blog.holyart.it\/it\/#\/schema\/person\/0a7b686e5af0f856ec1e390dd0baecda","name":"Redazione"}]}},"_links":{"self":[{"href":"https:\/\/blog.holyart.it\/it\/wp-json\/wp\/v2\/posts\/9479","targetHints":{"allow":["GET"]}}],"collection":[{"href":"https:\/\/blog.holyart.it\/it\/wp-json\/wp\/v2\/posts"}],"about":[{"href":"https:\/\/blog.holyart.it\/it\/wp-json\/wp\/v2\/types\/post"}],"author":[{"embeddable":true,"href":"https:\/\/blog.holyart.it\/it\/wp-json\/wp\/v2\/users\/1"}],"replies":[{"embeddable":true,"href":"https:\/\/blog.holyart.it\/it\/wp-json\/wp\/v2\/comments?post=9479"}],"version-history":[{"count":0,"href":"https:\/\/blog.holyart.it\/it\/wp-json\/wp\/v2\/posts\/9479\/revisions"}],"wp:featuredmedia":[{"embeddable":true,"href":"https:\/\/blog.holyart.it\/it\/wp-json\/wp\/v2\/media\/9552"}],"wp:attachment":[{"href":"https:\/\/blog.holyart.it\/it\/wp-json\/wp\/v2\/media?parent=9479"}],"wp:term":[{"taxonomy":"category","embeddable":true,"href":"https:\/\/blog.holyart.it\/it\/wp-json\/wp\/v2\/categories?post=9479"},{"taxonomy":"post_tag","embeddable":true,"href":"https:\/\/blog.holyart.it\/it\/wp-json\/wp\/v2\/tags?post=9479"}],"curies":[{"name":"wp","href":"https:\/\/api.w.org\/{rel}","templated":true}]}}