{"id":9419,"date":"2020-05-06T16:27:30","date_gmt":"2020-05-06T14:27:30","guid":{"rendered":"https:\/\/blog.holyart.it\/it\/?p=9419"},"modified":"2023-05-16T11:39:45","modified_gmt":"2023-05-16T09:39:45","slug":"madonna-di-fatima-penitenza-e-preghiera-sono-la-salvezza","status":"publish","type":"post","link":"https:\/\/blog.holyart.it\/it\/occasioni-speciali\/madonna-di-fatima-penitenza-e-preghiera-sono-la-salvezza\/","title":{"rendered":"Madonna di Fatima: penitenza e preghiera sono la salvezza"},"content":{"rendered":"<h4><em>Il 13 Maggio si festeggia la Madonna di Fatima. Il suo invito alla penitenza e alla preghiera come strumenti di salvezza oggi \u00e8 pi\u00f9 attuale che mai.<\/em><\/h4>\n\n<p><span style=\"font-weight: 400;\"><a href=\"https:\/\/www.holyart.it\/blog\/santi-e-beati\/madonna-di-fatima\/\"><strong>La festivit\u00e0 dedicata alla Madonna di Fatima<\/strong><\/a> \u00e8 stata resa universale nel 2000 da <a href=\"https:\/\/www.holyart.it\/it\/occasioni-speciali\/giovanni-paolo-ii\"><strong>Papa Giovanni Paolo II<\/strong><\/a>. In occasione della stessa visita a Fatima, il Pontefice beatific\u00f2 Giacinta e Francisco, due dei tre veggenti che assistettero alle apparizioni, morti ancora bambini. A loro e alla piccola Lucia Dos Santos la tradizione vuole che la Madonna di Fatima sia apparsa per ben sei volte, comunicando messaggi importanti e preziosi per il mondo intero. In un tempo in cui l&#8217;umanit\u00e0 era minacciata dalla guerra e da altre terribili calamit\u00e0, la <strong>Madonna di Fatima<\/strong> offr\u00ec a tre bambini innocenti un messaggio di speranza.<\/span><\/p>\n<div class=\"link-article\">\n<p><img loading=\"lazy\" decoding=\"async\" class=\"alignleft wp-image-9425 size-full\" src=\"https:\/\/blog.holyart.it\/it\/wp-content\/uploads\/sites\/17\/2020\/05\/Madonna-di-Fatima.jpg\" alt=\"Madonna-di-Fatima\" width=\"150\" height=\"100\" \/><\/p>\n<div class=\"leggi-anche\">Leggi anche:<\/div>\n<p><strong><a href=\"https:\/\/www.holyart.it\/blog\/santi-e-beati\/madonna-di-fatima\/\">Madonna di Fatima<\/a><\/strong><br \/>\nLa Madonna di Fatima \u00e8 uno degli appellativi con i quali viene conosciuta e adorata Maria, madre di Ges\u00f9.<\/p>\n<\/div>\n<p><b>Penitenza, Recita del Rosario e Consacrazione al suo Cuore Immacolato<\/b><span style=\"font-weight: 400;\">, avrebbero salvato il mondo e tutte le anime dei peccatori.<\/span><\/p>\n<p><span style=\"font-weight: 400;\">Le apparizioni della Madonna di Fatima non sono certo le uniche<\/span><span style=\"font-weight: 400;\">\u00a0riconosciute ufficialmente dalla Chiesa cattolica, ma sono tra le pi\u00f9 famose <b>apparizioni mariane<\/b>. Altre ugualmente riconosciute sono, solo per citarne qualcuna, quelle di <\/span><a href=\"https:\/\/www.holyart.it\/articoli\/statue-madonna-di-guadalupe.php\"><b>Nostra Signora di Guadalupe<\/b><\/a><span style=\"font-weight: 400;\">, avvenute in Messico nel 1531, e quelle di <\/span><b>Nostra Signora di La Salette<\/b><span style=\"font-weight: 400;\"> e <\/span><a href=\"https:\/\/www.holyart.it\/articoli\/statue-madonna-di-lourdes.php\"><b>Nostra Signora di Lourdes<\/b><\/a><span style=\"font-weight: 400;\">, avvenute in Francia rispettivamente nel 1846 e nel 1858. Per altre apparizioni mariane \u00e8 stato autorizzato il culto, sebbene non ci sia ancora stato riconoscimento ufficiale.<\/span><\/p>\n<p><span style=\"font-weight: 400;\">Ma che cosa intendiamo con <\/span><b>apparizione mariana<\/b><span style=\"font-weight: 400;\">? Essa ha luogo quando Maria, madre di Ges\u00f9, si presenta a una o pi\u00f9 persone, rivolgendosi a loro con parole o gesti. In alcuni casi i veggenti sostengono di aver solo udito la voce della Madonna, e in questo caso si parla di<\/span><b> locuzioni<\/b><span style=\"font-weight: 400;\">.<\/span><\/p>\n<p><span style=\"font-weight: 400;\">Non \u00e8 quello che \u00e8 successo ai veggenti di Fatima.<\/span><\/p>\n<h2>Storia della Madonna di Fatima<\/h2>\n<p><span style=\"font-weight: 400;\">Il <\/span><b>13 maggio del 1917<\/b><span style=\"font-weight: 400;\">, in una luminosa domenica di primavera, tre pastorelli provenienti da Aljustrel, una piccola frazione a un km e mezzo da Fatima, badavano agli armenti delle loro famiglie, come ogni giorno. Poich\u00e9 il tempo era cos\u00ec bello, si erano spinti fino a <\/span><b>Cova da Iria<\/b><span style=\"font-weight: 400;\">, una conca verdeggiante ai piedi di un\u2019altura. Si trattava di <\/span><b>L\u00facia dos Santos<\/b><span style=\"font-weight: 400;\"> (10 anni), della sua cuginetta <\/span><b>Jacinta Marto<\/b><span style=\"font-weight: 400;\"> (7 anni) e del suo fratellino <\/span><b>Francisco <\/b><span style=\"font-weight: 400;\">(9 anni).<\/span><\/p>\n<p><span style=\"font-weight: 400;\">Cullati dalla dolcezza della giornata, i bambini giocavano sereni nel verde, quando all&#8217;improvviso in cielo balenarono <\/span><b>luci abbaglianti<\/b><span style=\"font-weight: 400;\">, come lampi di un temporale estivo. Eppure il cielo era terso, sgombro di nubi. I tre si affrettarono a radunare le pecore, ma mentre scendevano lungo il pendio, una luce pi\u00f9 forte delle altre illumin\u00f2 un grande leccio poco distante. E fu allora che, avvolta dalla luce, videro la <\/span><b>Signora<\/b><span style=\"font-weight: 400;\">. Cos\u00ec la definirono nel loro racconto, perch\u00e9 erano solo tre bambini cresciuti in campagna, e quella donna bellissima vestita di bianco che fluttuava sopra i rami del leccio, splendendo come una stella, con rose bellissime a ornare i suoi piedi, doveva per forza essere una Signora. Una Signora buona, perch\u00e9 con la voce pi\u00f9 soave del mondo disse loro: <\/span><i><span style=\"font-weight: 400;\">\u201cNon abbiate paura, non vi far\u00f2 del male.\u201d <\/span><\/i><span style=\"font-weight: 400;\">La sua stessa veste pareva fatta di luce, tanto era bianca, immacolata come la neve fresca. Un cordone d&#8217;oro le faceva da cintura, e sulle spalle e sul capo aveva un velo ricamato d&#8217;oro, principesco, che l&#8217;avvolgeva fino ai piedi. Teneva le mani sul petto, come se pregasse, e tra le dita aveva un <\/span><b><a href=\"https:\/\/www.holyart.it\/it\/articoli-religiosi\/rosari-e-portarosari\/rosari-argento\/rosario-madonna-di-fatima-centenario-dallapparizione-argento?rdeocl=1&amp;rdetpl=productpage_new&amp;rdebox=box1\">Rosario<\/a> <\/b><span style=\"font-weight: 400;\">scintillante.<\/span><\/p>\n<div class=\"link-product\">\n<div class=\"blocco-immagine\"><img loading=\"lazy\" decoding=\"async\" class=\"alignnone size-full wp-image-9420\" src=\"https:\/\/blog.holyart.it\/it\/wp-content\/uploads\/sites\/17\/2020\/05\/rosario-madonna-fatima.jpg\" alt=\"rosario-madonna-fatima\" width=\"100\" height=\"100\" \/><\/div>\n<div class=\"blocco-contenuto\">\n<div class=\"blocco-acquista\">Acquista su Holyart:<\/div>\n<div class=\"blocco-titolo\"><a href=\"https:\/\/www.holyart.it\/it\/articoli-religiosi\/rosari-e-portarosari\/rosari-argento\/rosario-madonna-di-fatima-centenario-dallapparizione-argento\">Rosario Madonna di Fatima\u00a0<\/a><\/div>\n<div class=\"blocco-descrizione\">Rosario Madonna di Fatima con data del centenario<\/div>\n<\/div>\n<\/div>\n<p><span style=\"font-weight: 400;\">Dopo la sorpresa iniziale i tre bambini, che erano educati, ma anche curiosi di conoscere quella bellissima Signora, le si rivolsero. Fu Lucia, la pi\u00f9 grandicella a parlare, domandando da dove Ella venisse.\u00a0<\/span><\/p>\n<p><i><span style=\"font-weight: 400;\">\u201cVengo dal Cielo\u201d<\/span><\/i><span style=\"font-weight: 400;\"> fu la sua risposta, che colm\u00f2 i piccini di stupore e reverenza.<\/span><\/p>\n<p><span style=\"font-weight: 400;\">Eccitati le chiesero allora cosa fosse venuta a fare nella Cova da Iria, e lei dolcemente spieg\u00f2 che era venuta proprio per conoscere loro, e che <\/span><b>desiderava che tornassero lo stesso giorno e la stessa ora in quel luogo nei sei mesi successivi.<\/b><\/p>\n<p><span style=\"font-weight: 400;\">I bambini sempre pi\u00f9 meravigliati, felici che una cos\u00ec bella e nobile Signora prestasse loro tanta attenzione, chiesero se anche loro sarebbero andati in cielo.<\/span><\/p>\n<p><span style=\"font-weight: 400;\">Lei rispose di s\u00ec, se avessero recitato il Rosario.<\/span><\/p>\n<p><span style=\"font-weight: 400;\">Disse anche loro che avrebbero sofferto molto, perch\u00e9 sopportare con pazienza e coraggio le sofferenze che Dio decideva di mandare a ciascuno era il solo modo per fare ammenda dei peccati degli uomini che Gli recavano tanta offesa. Ma se loro avessero accettato di portare il proprio fardello e se avessero recitato il Rosario, Dio sarebbe stato cos\u00ec contento da mandare la Sua Grazia non solo a loro, ma anche a tutti i peccatori. Ci\u00f2 detto inizi\u00f2 ad ascendere verso il cielo e scomparve.<\/span><\/p>\n<p><span style=\"font-weight: 400;\">I bambini tornarono a casa, giurando che non avrebbero raccontato a nessuno di quell&#8217;incontro prodigioso, ma Jacinta si lasci\u00f2 scappare la verit\u00e0. Le famiglie e tutto il villaggio accolsero quel racconto con atteggiamenti discordanti, ma fatto sta che all&#8217;appuntamento successivo, il <\/span><b>13 giugno<\/b><span style=\"font-weight: 400;\">, una piccola folla si rec\u00f2 coi bambini a Cova da Iria, chi spinto dalla curiosit\u00e0, chi dal desiderio di sbugiardarli, chi da autentica fede. Venne recitato il <\/span><b>Rosario<\/b><span style=\"font-weight: 400;\"> e poi la Signora apparve. Alla piccola Lucia raccomand\u00f2 d\u2019<\/span><b>imparare a leggere e scrivere<\/b><span style=\"font-weight: 400;\">. Le disse che avrebbe vissuto a lungo, per far conoscere e amare il suo Cuore Immacolato. Disse anche che Giacinta e Francesco invece <\/span><b>sarebbero andati presto in cielo<\/b><span style=\"font-weight: 400;\">.<\/span><\/p>\n<p><span style=\"font-weight: 400;\">Ma non si limit\u00f2 a questo. Lament\u00f2 gli infiniti dolori che doveva subire nel suo <\/span><a href=\"https:\/\/www.holyart.it\/blog\/santi-e-beati\/cuore-immacolato-maria\/\"><b>Cuore Immacolato<\/b><\/a>\u00a0<span style=\"font-weight: 400;\">a causa dei peccati degli uomini e di nuovo raccomand\u00f2 a tutti i presenti di ripetere la pratica del Rosario ogni giorno.<\/span><\/p>\n<div class=\"link-article\">\n<p><img loading=\"lazy\" decoding=\"async\" class=\"alignleft wp-image-9423 size-full\" src=\"https:\/\/blog.holyart.it\/it\/wp-content\/uploads\/sites\/17\/2020\/05\/cuore-immacolato.jpg\" alt=\"cuore immacolato\" width=\"150\" height=\"99\" \/><\/p>\n<div class=\"leggi-anche\">Leggi anche:<\/div>\n<p><strong><a href=\"https:\/\/www.holyart.it\/blog\/santi-e-beati\/cuore-immacolato-maria\/\">Il Cuore immacolato di Maria<\/a><\/strong><br \/>\nMaggio \u00e8 il mese dedicato alla Devozione mariana. Papa Francesco, che come tutti i suoi predecessori \u00e8 un grande sostenitore dell\u2019amore&#8230;<\/p>\n<\/div>\n<p><span style=\"font-weight: 400;\">Il <\/span><b>13 luglio <\/b><span style=\"font-weight: 400;\">ebbe luogo la terza apparizione.<\/span><\/p>\n<p><span style=\"font-weight: 400;\">Con i pastorelli di Fatima questa volta andarono pi\u00f9 di 2000 persone, nonostante lo <\/span><b>scherno e le accuse di menzogna<\/b><span style=\"font-weight: 400;\"> a loro lanciate nel mese trascorso.<\/span><\/p>\n<p><span style=\"font-weight: 400;\">Dopo il consueto Rosario, la Signora apparve come promesso. Lucia allora le chiese di manifestarsi in qualche modo, per convincere i presenti della sua identit\u00e0. Lei promise che se i bambini avessero seguitato a farle visita ogni mese a ottobre lei avrebbe compiuto un <\/span><b>miracolo<\/b><span style=\"font-weight: 400;\"> che avrebbe tolto ogni dubbio anche ai pi\u00f9 scettici. Poi dalle sue mani aperte scatur\u00ec un <\/span><b>raggio di luce<\/b><span style=\"font-weight: 400;\">, e i tre bambini ebbero una visione fuggevole dei tormenti a cui erano destinati i peccatori.\u00a0<\/span><\/p>\n<p><span style=\"font-weight: 400;\">Chiese poi che la <\/span><b>Russia<\/b><span style=\"font-weight: 400;\"> accogliesse la devozione al suo Cuore Immacolato e praticasse la comunione riparatrice dei primi sabati di cinque mesi. Questo avrebbe portato la <\/span><b>pace nel mondo<\/b><span style=\"font-weight: 400;\">. Ricord\u00f2 di recitare il Rosario inserendo alla fine di ogni <\/span><i><span style=\"font-weight: 400;\">decina<\/span><\/i><span style=\"font-weight: 400;\"> l&#8217;invocazione: <\/span><i><span style=\"font-weight: 400;\">&#8220;O Ges\u00f9 mio, perdonate le nostre colpe; preservateci dal fuoco dell\u2019inferno; portate in cielo tutte le anime e soccorrete specialmente le pi\u00f9 bisognose della Vostra misericordia.\u201d\u00a0\u00a0<\/span><\/i><\/p>\n<p><span style=\"font-weight: 400;\">Ma in quell&#8217;occasione la Signora rivel\u00f2 anche <\/span><b>tre messaggi riservati<\/b><span style=\"font-weight: 400;\">, imponendo ai tre veggenti di non rivelarli. Sono i <\/span><b>tre segreti di Fatima.<\/b><\/p>\n<p><span style=\"font-weight: 400;\">Il <\/span><b>13 di agosto<\/b><span style=\"font-weight: 400;\"> 1917 la Signora non si present\u00f2.<\/span><\/p>\n<p><span style=\"font-weight: 400;\">Lucia, Giacinta e Francisco, infatti, erano stati <\/span><b>imprigionati <\/b><span style=\"font-weight: 400;\">con l&#8217;inganno dal sindaco di Aljustrel, perch\u00e9 non avevano voluto abiurare riguardo le apparizioni.<\/span><\/p>\n<p><span style=\"font-weight: 400;\">Tuttavia la Madonna apparve loro il <\/span><b>19 agosto<\/b><span style=\"font-weight: 400;\">, a Valinhos, e in quell&#8217;occasione chiese che loro di far costruire una <\/span><b>cappella<\/b><span style=\"font-weight: 400;\"> nel luogo delle apparizioni. Per farlo avrebbero utilizzato le tante offerte dei fedeli. Nascer\u00e0 cos\u00ec il primo germe del futuro<\/span><b> Santuario di Nostra Signora di Fatima<\/b><span style=\"font-weight: 400;\">.<\/span><\/p>\n<p><span style=\"font-weight: 400;\">Il <\/span><b>13 settembre<\/b><span style=\"font-weight: 400;\"> insieme ai bambini c&#8217;era una folla di 30.000 persone. La Signora ramment\u00f2 a tutti il miracolo che avrebbe avuto luogo il 13 ottobre, poi ascese al cielo in una sfera di luce.<\/span><\/p>\n<p><span style=\"font-weight: 400;\">70.000 persone vennero da tutto il Portogallo per assistere al miracolo che la Madonna aveva promesso di compiere il <\/span><b>13 ottobre<\/b><span style=\"font-weight: 400;\">, e con loro giornalisti e fotografi da ogni paese.<\/span><\/p>\n<p><span style=\"font-weight: 400;\">Era una giornata scura e piovosa. La Signora apparve e si present\u00f2 come la <\/span><b>Signora del Rosario<\/b><span style=\"font-weight: 400;\">. Ribad\u00ec il suo desiderio di avere una <\/span><b>cappella<\/b><span style=\"font-weight: 400;\"> eretta in suo nome e intim\u00f2 che tutti recitassero il Rosario ogni giorno, per assicurare la fine della guerra. Poi apr\u00ec le mani e un raggio di luce scatur\u00ec da esse illuminando il cielo. I tre bambini videro <\/span><b>Ges\u00f9 Bambino<\/b><span style=\"font-weight: 400;\">, <\/span><b>S. Giuseppe<\/b><span style=\"font-weight: 400;\"> e <\/span><b>Maria<\/b><span style=\"font-weight: 400;\">, poi un uomo che <\/span><b>benediceva il mondo<\/b><span style=\"font-weight: 400;\">, la <\/span><b>Madonna Addolorata<\/b><span style=\"font-weight: 400;\">, e infine la <\/span><a href=\"https:\/\/www.holyart.it\/it\/articoli-religiosi\/statue\/statue-in-legno-dipinto\/madonna-del-carmelo-50-cm-pasta-di-legno-dec.-speciale\"><b>Madonna del Carmelo<\/b><\/a><span style=\"font-weight: 400;\"> con lo scapolare in mano.<\/span><\/p>\n<div class=\"link-product\">\n<div class=\"blocco-immagine\"><img loading=\"lazy\" decoding=\"async\" class=\"alignnone size-full wp-image-9426\" src=\"https:\/\/blog.holyart.it\/it\/wp-content\/uploads\/sites\/17\/2020\/05\/madonna-del-carmelo.jpg\" alt=\"madonna del carmelo\" width=\"100\" height=\"100\" \/><\/div>\n<div class=\"blocco-contenuto\">\n<div class=\"blocco-acquista\">Acquista su Holyart:<\/div>\n<div class=\"blocco-titolo\"><a href=\"https:\/\/www.holyart.it\/it\/articoli-religiosi\/statue\/statue-in-legno-dipinto\/madonna-del-carmelo-50-cm-pasta-di-legno-dec.-speciale\">Madonna del Carmelo 50 cm pasta di legno<\/a><\/div>\n<div class=\"blocco-descrizione\">I vestiti sono rifiniti con colori tradizionali e pigmenti colorati<\/div>\n<\/div>\n<\/div>\n<p><span style=\"font-weight: 400;\">Poi ecco il <\/span><b>miracolo<\/b><span style=\"font-weight: 400;\"> che tutti stavano aspettando: il sole apparve nel cielo, ed era un disco d&#8217;argento opaco, che non scaldava, non proiettava ombra, come quando c&#8217;\u00e8 l&#8217;eclissi. Sembrava tremare, danzare nel cielo, diventare ora pi\u00f9 grande, ora pi\u00f9 piccolo, proiettando raggi multicolore, davanti agli sguardi sbalorditi di tutti i presenti. Tutti lo videro e gridarono al miracolo.<\/span><\/p>\n<h2>I tre pastorelli di Fatima<\/h2>\n<p><span style=\"font-weight: 400;\">Era dunque Lucia, tra i tre pastorelli di Fatima, che si rivolgeva alla Signora durante tutte le apparizioni.<\/span><\/p>\n<p><span style=\"font-weight: 400;\">Jacinta la vedeva e la udiva, Francisco la vedeva solamente.<\/span><\/p>\n<p><span style=\"font-weight: 400;\">Come predetto dalla Signora Francisco e Jacinta morirono pochi anni dopo, a causa dell&#8217;epidemia di influenza spagnola. Giacinta in particolare soffr\u00ec una lunga agonia, che accett\u00f2 come gioia e coraggio, come le aveva raccomandato di fare la Madonna.<\/span><\/p>\n<p><span style=\"font-weight: 400;\">L\u00facia invece prese i voti nelle Carmelitane Scalze, e come promesso alla Madonna scrisse nelle sue <\/span><b>Memorie<\/b><span style=\"font-weight: 400;\"> tutto ci\u00f2 che era accaduto a Fatima in quegli anni.<\/span><\/p>\n<p><span style=\"font-weight: 400;\">Il <\/span><b>culto della Madonna di Fatima<\/b><span style=\"font-weight: 400;\"> venne riconosciuto e legittimato dalla Chiesa nel 1930.<\/span><\/p>\n<div class=\"link-product\">\n<div class=\"blocco-immagine\"><img loading=\"lazy\" decoding=\"async\" class=\"alignnone size-full wp-image-9421\" src=\"https:\/\/blog.holyart.it\/it\/wp-content\/uploads\/sites\/17\/2020\/05\/pastorelli-fatima.jpg\" alt=\"pastorelli fatima\" width=\"100\" height=\"100\" \/><\/div>\n<div class=\"blocco-contenuto\">\n<div class=\"blocco-acquista\">Acquista su Holyart:<\/div>\n<div class=\"blocco-titolo\"><a href=\"https:\/\/www.holyart.it\/it\/articoli-religiosi\/statue\/statue-in-vetroresina\/pastorelli-di-fatima-3-statue-marmo-sintetico-35-cm\">Pastorelli di Fatima 3 statue<\/a><\/div>\n<div class=\"blocco-descrizione\">Statuette realizzate in marmo sintetico 35 cm<\/div>\n<\/div>\n<\/div>\n<h2>I segreti di Fatima<\/h2>\n<p><span style=\"font-weight: 400;\">Rivelati dalla Madonna ai tre pastorelli in occasione dell&#8217;apparizione del 13 luglio 1917, i cosiddetti <\/span><b>tre segreti di Fatima<\/b><span style=\"font-weight: 400;\">, rimasero molto a lungo un mistero. Lucia riveler\u00e0 i primi due solo nel 1941, mentre il terzo verr\u00e0 reso noto solo nel 2000.<\/span><\/p>\n<p><span style=\"font-weight: 400;\">Ecco quali sono:<\/span><\/p>\n<ul>\n<li style=\"font-weight: 400;\"><span style=\"font-weight: 400;\">La <\/span><b>salvezza delle anime<\/b><span style=\"font-weight: 400;\"> (attraverso la visione dell&#8217;inferno);<\/span><\/li>\n<li style=\"font-weight: 400;\"><span style=\"font-weight: 400;\">La <\/span><b>devozione al Cuore Immacolato di Maria (<\/b><span style=\"font-weight: 400;\">per salvare le anime dei peccatori)<\/span><\/li>\n<li style=\"font-weight: 400;\"><b>Penitenza e al sacrificio dei martiri <\/b><span style=\"font-weight: 400;\">della Chiesa.<\/span><\/li>\n<\/ul>\n<p><span style=\"font-weight: 400;\">Sebbene possiamo considerare il messaggio della <strong>Madonna di Fatima<\/strong> come un generale <\/span><b>invito alla penitenza e alla preghiera<\/b><span style=\"font-weight: 400;\">, questi segreti raccolgono la rivelazione e l&#8217;approfondiscono, in un certo senso. Lucia stessa spieg\u00f2 che in realt\u00e0 di <\/span><b>un unico segreto rivelato in tre momenti diversi<\/b><span style=\"font-weight: 400;\">.<\/span><\/p>\n<p><span style=\"font-weight: 400;\">Lucia nel 1941 rivel\u00f2 al vescovo di Leiria monsignor Jos\u00e8 Alves Correira da Silva <\/span><b>le prime due parti del segreto<\/b><span style=\"font-weight: 400;\">. Esse furono poi rese pubbliche nel 1942, in occasione della consacrazione del mondo al <\/span><b>Cuore Immacolato di Maria<\/b><span style=\"font-weight: 400;\">.<\/span><\/p>\n<p><span style=\"font-weight: 400;\">Il 3 gennaio 1944 Lucia scrisse <\/span><b>la terza parte<\/b><span style=\"font-weight: 400;\"> e l&#8217;affid\u00f2 al vescovo, perch\u00e9 la consegnasse a Papa Pio XI, con la raccomandazione che venisse letta e diffusa solo nel 1960. Cos\u00ec aveva ordinato la Signora.<\/span><\/p>\n<p><span style=\"font-weight: 400;\">Papa Giovanni XXIII lesse il terzo segreto di Fatima nell&#8217;agosto del 1959, ma non lo rivel\u00f2. Si dovette attendere l&#8217;ascesa al soglio pontificio di <\/span><b>Giovanni Paolo II<\/b><span style=\"font-weight: 400;\">, che, in occasione della beatificazione di Jacinta e Francisco il 13 maggio 2000, rese pubblico il terzo segreto.<\/span><\/p>\n<p><span style=\"font-weight: 400;\">Ecco <a href=\"https:\/\/www.holyart.it\/it\/articoli-religiosi\/libri-e-testi-sacri\/libri-per-bambini-e-ragazzi\/fatima-la-madonna-del-rosario-e-i-segreti-dei-pastorelli\"><strong>i tre segreti<\/strong> <\/a>come li ha scritti Lucia.<\/span><\/p>\n<div class=\"link-product\">\n<div class=\"blocco-immagine\"><img loading=\"lazy\" decoding=\"async\" class=\"alignnone size-full wp-image-9422\" src=\"https:\/\/blog.holyart.it\/it\/wp-content\/uploads\/sites\/17\/2020\/05\/storia-di-fatima.jpg\" alt=\"segreti di fatima\" width=\"100\" height=\"100\" \/><\/div>\n<div class=\"blocco-contenuto\">\n<div class=\"blocco-acquista\">Acquista su Holyart:<\/div>\n<div class=\"blocco-titolo\"><a href=\"https:\/\/www.holyart.it\/it\/articoli-religiosi\/libri-e-testi-sacri\/libri-per-bambini-e-ragazzi\/fatima-la-madonna-del-rosario-e-i-segreti-dei-pastorelli\">Fatima &#8211; La Madonna del Rosario e i segreti dei pastorelli<\/a><\/div>\n<\/div>\n<\/div>\n<h3>Primo e secondo Segreto di Fatima<\/h3>\n<p><i><span style=\"font-weight: 400;\">\u00ab[&#8230;] un grande <\/span><\/i><b><i>mare di fuoco<\/i><\/b><i><span style=\"font-weight: 400;\">, che sembrava stare sotto terra. Immersi in quel fuoco, i demoni e le anime, come se fossero braci trasparenti e nere o bronzee, con forma umana che fluttuavano nell&#8217;incendio [&#8230;]. I demoni si riconoscevano dalle forme orribili e ributtanti di animali spaventosi e sconosciuti, ma trasparenti e neri. Questa visione dur\u00f2 un momento. E grazie alla nostra buona Madre del Cielo, che prima ci aveva prevenuti con la promessa di portarci in Cielo (nella prima apparizione), altrimenti credo che saremmo morti di spavento e di terrore.\u00bb<\/span><\/i><\/p>\n<p><span style=\"font-weight: 400;\">[&#8230;]<\/span><\/p>\n<p><i><span style=\"font-weight: 400;\">\u00abAvete visto l&#8217;inferno dove cadono le anime dei poveri peccatori. Per salvarle, Dio vuole stabilire nel mondo la <\/span><\/i><b><i>devozione al Mio Cuore Immacolato<\/i><\/b><i><span style=\"font-weight: 400;\">. Se faranno quel che vi dir\u00f2, molte anime si salveranno e avranno pace. La guerra sta per finire; ma se non smetteranno di <\/span><\/i><b><i>offendere Dio<\/i><\/b><i><span style=\"font-weight: 400;\">, durante il Pontificato di Pio XI ne comincer\u00e0 un&#8217;altra ancora peggiore. Quando vedrete una notte illuminata da una luce sconosciuta, sappiate che \u00e8 il grande segno che Dio vi d\u00e0 che sta per <\/span><\/i><b><i>castigare il mondo per i suoi crimini<\/i><\/b><i><span style=\"font-weight: 400;\">, per mezzo della guerra, della fame e delle persecuzioni alla Chiesa e al Santo Padre. Per impedirla, verr\u00f2 a chiedere la <\/span><\/i><b><i>consacrazione della Russia al Mio Cuore Immacolato e la Comunione riparatrice nei primi sabati<\/i><\/b><i><span style=\"font-weight: 400;\">. Se accetteranno le Mie richieste, la Russia si convertir\u00e0 e avranno pace; se no, sparger\u00e0 i suoi errori per il mondo, promuovendo guerre e persecuzioni alla Chiesa. I buoni saranno martirizzati, il Santo Padre avr\u00e0 molto da soffrire, varie nazioni saranno distrutte. Finalmente, il Mio Cuore Immacolato trionfer\u00e0. Il Santo Padre Mi consacrer\u00e0 la Russia, che si convertir\u00e0, e <\/span><\/i><b><i>sar\u00e0 concesso al mondo un periodo di pace<\/i><\/b><i><span style=\"font-weight: 400;\">.\u00bb<\/span><\/i><\/p>\n<p><span style=\"font-weight: 400;\">Suor Lucia identific\u00f2 il conflitto annunciato con la Seconda Guerra Mondiale:<\/span><\/p>\n<p><i><span style=\"font-weight: 400;\">\u00abUna guerra atea, contro la fede, contro Dio, contro il popolo di Dio. Una guerra che voleva sterminare il giudaismo da dove provenivano Ges\u00f9 Cristo, la Madonna e gli Apostoli che ci hanno trasmesso la parola di Dio e il dono della fede, della speranza e della carit\u00e0, popolo eletto da Dio, scelto fin dal principio: &#8220;la salvezza viene dai giudei&#8221;\u00bb<\/span><\/i><\/p>\n<h3>Terzo Segreto di Fatima<\/h3>\n<p><i><span style=\"font-weight: 400;\">\u00abDopo le due parti che gi\u00e0 ho esposto, abbiamo visto al lato sinistro di Nostra Signora un poco pi\u00f9 in alto un <\/span><\/i><b><i>Angelo con una spada di fuoco<\/i><\/b><i><span style=\"font-weight: 400;\"> nella mano sinistra; scintillando emetteva fiamme che sembrava dovessero incendiare il mondo; ma si spegnevano al contatto dello splendore che Nostra Signora emanava dalla sua mano destra verso di lui: l&#8217;Angelo indicando la terra con la mano destra, con voce forte disse: <\/span><\/i><b><i>Penitenza, Penitenza, Penitenza!<\/i><\/b><i><span style=\"font-weight: 400;\"> E vedemmo in una luce immensa, che \u00e8 Dio, (&#8220;qualcosa di simile a come si vedono le persone in uno specchio quando vi passano davanti&#8221;) un <\/span><\/i><b><i>vescovo vestito di bianco<\/i><\/b><i><span style=\"font-weight: 400;\">, (&#8220;abbiamo avuto il presentimento che fosse il Santo Padre&#8221;) insieme a <\/span><\/i><b><i>vescovi, sacerdoti, religiosi e religiose salire una montagna ripida<\/i><\/b><i><span style=\"font-weight: 400;\">, in cima alla quale c&#8217;era una grande Croce di tronchi grezzi come se fosse di sughero con la corteccia; il Santo Padre, prima di arrivarvi, attravers\u00f2 una grande citt\u00e0 mezza in rovina e mezzo tremulo, con passo vacillante, <\/span><\/i><b><i>afflitto di dolore e di pena<\/i><\/b><i><span style=\"font-weight: 400;\">, pregava per le anime dei cadaveri che incontrava nel suo cammino; giunto alla cima del monte, prostrato in ginocchio ai piedi della grande Croce, venne ucciso da un gruppo di soldati che gli spararono vari colpi di arma da fuoco e frecce, e allo stesso modo <\/span><\/i><b><i>morirono gli uni dopo gli altri i vescovi, sacerdoti, religiosi, religiose<\/i><\/b><i><span style=\"font-weight: 400;\"> e varie persone secolari, uomini e donne di varie classi e posizioni. Sotto i due bracci della Croce c&#8217;erano due Angeli ognuno con un innaffiatoio di cristallo nella mano, nei quali <\/span><\/i><b><i>raccoglievano il sangue dei Martiri <\/i><\/b><i><span style=\"font-weight: 400;\">e con esso irrigavano le anime che si avvicinavano a Dio.\u00bb<\/span><\/i><\/p>\n<h2>Santuario di Fatima<\/h2>\n<p><span style=\"font-weight: 400;\">Il santuario di Fatima \u00e8 uno dei pi\u00f9 importanti santuari mariani al mondo. \u00c8 stato eretto a Cova da Iria, proprio dove la Signora apparve a Lucia, Jacinta e Francisco. Cos\u00ec aveva chiesto la Madonna stessa.<\/span><\/p>\n<p><b>Papa Paolo VI<\/b><span style=\"font-weight: 400;\"> lo visit\u00f2 per la prima volta il 13 maggio 1967, ma fu soprattutto <\/span><b>Papa Giovanni Paolo II<\/b><span style=\"font-weight: 400;\">, a recarsi spesso in pellegrinaggio in quel luogo a cui era particolarmente legato. Vi si rec\u00f2 tre volte: nel 1982, nel 1991 e infine nel 2000. Nel 1982 don\u00f2 il proiettile a cui era scampato l&#8217;anno prima. Questo proiettile venne poi incastonato nella corona della Vergine di Fatima. <\/span><b>Papa Benedetto XVI<\/b><span style=\"font-weight: 400;\"> si rec\u00f2 in Portogallo nel 2010.\u00a0<\/span><\/p>\n<p><span style=\"font-weight: 400;\">La costruzione \u00e8 in stile <\/span><b>neobarocco<\/b><span style=\"font-weight: 400;\">, circondata da un vasto colonnato e preceduta da un ampio piazzale. La sua torre campanaria \u00e8 alta 65 metri. All&#8217;interno sono custodite le spoglie dei tre veggenti: a Jacinta e Francesco Marto, morti rispettivamente nel 1920 e 1919, beatificati da Giovanni Paolo II e canonizzati da Papa Francesco, si un\u00ec nel 2005 anche Lucia.<\/span><\/p>\n<p><span style=\"font-weight: 400;\">Una statua di legno che raffigura la Madonna \u00e8 posta nella cappella delle apparizioni, cuore del Santuario.<\/span><\/p>\n<p><a href=\"https:\/\/www.holyart.it\/it\/occasioni-speciali\/papa-francesco\"><b>Papa Francesco<\/b><\/a><span style=\"font-weight: 400;\"> il 13 maggio 2017 ha celebrato nel Santuario<strong> <a href=\"https:\/\/www.holyart.it\/blog\/santi-e-beati\/13-maggio-2017-centenario-fatima\/\">il centenario delle apparizioni di Fatima<\/a>.<\/strong> Ecco cosa scrisse sulla Beata Vergine di Fatima in un tweet del 2019: <\/span><i><span style=\"font-weight: 400;\">\u201cMaria, Vergine di Fatima, siamo certi che ognuno di noi \u00e8 prezioso ai tuoi occhi e che nulla ti \u00e8 estraneo di tutto ci\u00f2 che abita nei nostri cuori. Custodisci la nostra vita fra le tue braccia, guida tutti noi nel cammino della santit\u00e0\u201d<\/span><\/i><span style=\"font-weight: 400;\">.\u00a0<\/span><\/p>\n<div class=\"link-article\">\n<p><img loading=\"lazy\" decoding=\"async\" class=\"alignleft size-full wp-image-9427\" src=\"https:\/\/blog.holyart.it\/it\/wp-content\/uploads\/sites\/17\/2020\/05\/Centenario-di-Fatima.jpg\" alt=\"Centenario-di-Fatima\" width=\"150\" height=\"99\" \/><\/p>\n<div class=\"leggi-anche\">Leggi anche:<\/div>\n<p><strong><a href=\"https:\/\/www.holyart.it\/blog\/santi-e-beati\/13-maggio-2017-centenario-fatima\/\">13 Maggio 2017 \u2013 Il centenario di Fatima<\/a><\/strong><br \/>\nIl 13 maggio i fedeli di tutto il mondo hanno celebrato la Festa della Madonna di Fatima.<\/p>\n<\/div>\n","protected":false},"excerpt":{"rendered":"<p>Il 13 Maggio si festeggia la Madonna di Fatima. Il suo invito alla penitenza e alla preghiera come strumenti di salvezza oggi \u00e8 pi\u00f9 attuale che mai. La festivit\u00e0 dedicata alla Madonna di Fatima \u00e8 stata resa universale nel 2000 da Papa Giovanni Paolo II.&hellip;<\/p>\n","protected":false},"author":1,"featured_media":9431,"comment_status":"closed","ping_status":"open","sticky":false,"template":"","format":"standard","meta":{"_acf_changed":false,"footnotes":""},"categories":[20,16,15],"tags":[],"class_list":["post-9419","post","type-post","status-publish","format-standard","has-post-thumbnail","hentry","category-occasioni-speciali","category-articoli-religiosi","category-santi-e-beati"],"acf":[],"yoast_head":"<!-- This site is optimized with the Yoast SEO plugin v26.6 - https:\/\/yoast.com\/wordpress\/plugins\/seo\/ -->\n<title>Madonna di Fatima: penitenza e preghiera sono la salvezza - Holyblog<\/title>\n<meta name=\"description\" content=\"Il 13 Maggio si festeggia la Madonna di Fatima. Il suo invito alla penitenza e alla preghiera come strumenti di salvezza oggi \u00e8 pi\u00f9 attuale che mai.\" \/>\n<meta name=\"robots\" content=\"index, follow, max-snippet:-1, max-image-preview:large, max-video-preview:-1\" \/>\n<link rel=\"canonical\" href=\"https:\/\/blog.holyart.it\/it\/occasioni-speciali\/madonna-di-fatima-penitenza-e-preghiera-sono-la-salvezza\/\" \/>\n<meta property=\"og:locale\" content=\"it_IT\" \/>\n<meta property=\"og:type\" content=\"article\" \/>\n<meta property=\"og:title\" content=\"Madonna di Fatima: penitenza e preghiera sono la salvezza - Holyblog\" \/>\n<meta property=\"og:description\" content=\"Il 13 Maggio si festeggia la Madonna di Fatima. Il suo invito alla penitenza e alla preghiera come strumenti di salvezza oggi \u00e8 pi\u00f9 attuale che mai.\" \/>\n<meta property=\"og:url\" content=\"https:\/\/blog.holyart.it\/it\/occasioni-speciali\/madonna-di-fatima-penitenza-e-preghiera-sono-la-salvezza\/\" \/>\n<meta property=\"og:site_name\" content=\"Holyblog\" \/>\n<meta property=\"article:published_time\" content=\"2020-05-06T14:27:30+00:00\" \/>\n<meta property=\"article:modified_time\" content=\"2023-05-16T09:39:45+00:00\" \/>\n<meta property=\"og:image\" content=\"https:\/\/blog.holyart.it\/it\/wp-content\/uploads\/sites\/17\/2020\/05\/statue-pastorelli.jpg\" \/>\n\t<meta property=\"og:image:width\" content=\"1000\" \/>\n\t<meta property=\"og:image:height\" content=\"664\" \/>\n\t<meta property=\"og:image:type\" content=\"image\/jpeg\" \/>\n<meta name=\"author\" content=\"Redazione\" \/>\n<meta name=\"twitter:card\" content=\"summary_large_image\" \/>\n<meta name=\"twitter:label1\" content=\"Scritto da\" \/>\n\t<meta name=\"twitter:data1\" content=\"Redazione\" \/>\n\t<meta name=\"twitter:label2\" content=\"Tempo di lettura stimato\" \/>\n\t<meta name=\"twitter:data2\" content=\"17 minuti\" \/>\n<script type=\"application\/ld+json\" class=\"yoast-schema-graph\">{\"@context\":\"https:\/\/schema.org\",\"@graph\":[{\"@type\":\"Article\",\"@id\":\"https:\/\/blog.holyart.it\/it\/occasioni-speciali\/madonna-di-fatima-penitenza-e-preghiera-sono-la-salvezza\/#article\",\"isPartOf\":{\"@id\":\"https:\/\/blog.holyart.it\/it\/occasioni-speciali\/madonna-di-fatima-penitenza-e-preghiera-sono-la-salvezza\/\"},\"author\":{\"name\":\"Redazione\",\"@id\":\"https:\/\/blog.holyart.it\/it\/#\/schema\/person\/0a7b686e5af0f856ec1e390dd0baecda\"},\"headline\":\"Madonna di Fatima: penitenza e preghiera sono la salvezza\",\"datePublished\":\"2020-05-06T14:27:30+00:00\",\"dateModified\":\"2023-05-16T09:39:45+00:00\",\"mainEntityOfPage\":{\"@id\":\"https:\/\/blog.holyart.it\/it\/occasioni-speciali\/madonna-di-fatima-penitenza-e-preghiera-sono-la-salvezza\/\"},\"wordCount\":2773,\"publisher\":{\"@id\":\"https:\/\/blog.holyart.it\/it\/#organization\"},\"image\":{\"@id\":\"https:\/\/blog.holyart.it\/it\/occasioni-speciali\/madonna-di-fatima-penitenza-e-preghiera-sono-la-salvezza\/#primaryimage\"},\"thumbnailUrl\":\"https:\/\/blog.holyart.it\/it\/wp-content\/uploads\/sites\/17\/2020\/05\/statue-pastorelli.jpg\",\"articleSection\":[\"Occasioni speciali\",\"Religione\",\"Santi e beati\"],\"inLanguage\":\"it-IT\"},{\"@type\":\"WebPage\",\"@id\":\"https:\/\/blog.holyart.it\/it\/occasioni-speciali\/madonna-di-fatima-penitenza-e-preghiera-sono-la-salvezza\/\",\"url\":\"https:\/\/blog.holyart.it\/it\/occasioni-speciali\/madonna-di-fatima-penitenza-e-preghiera-sono-la-salvezza\/\",\"name\":\"Madonna di Fatima: penitenza e preghiera sono la salvezza - Holyblog\",\"isPartOf\":{\"@id\":\"https:\/\/blog.holyart.it\/it\/#website\"},\"primaryImageOfPage\":{\"@id\":\"https:\/\/blog.holyart.it\/it\/occasioni-speciali\/madonna-di-fatima-penitenza-e-preghiera-sono-la-salvezza\/#primaryimage\"},\"image\":{\"@id\":\"https:\/\/blog.holyart.it\/it\/occasioni-speciali\/madonna-di-fatima-penitenza-e-preghiera-sono-la-salvezza\/#primaryimage\"},\"thumbnailUrl\":\"https:\/\/blog.holyart.it\/it\/wp-content\/uploads\/sites\/17\/2020\/05\/statue-pastorelli.jpg\",\"datePublished\":\"2020-05-06T14:27:30+00:00\",\"dateModified\":\"2023-05-16T09:39:45+00:00\",\"description\":\"Il 13 Maggio si festeggia la Madonna di Fatima. Il suo invito alla penitenza e alla preghiera come strumenti di salvezza oggi \u00e8 pi\u00f9 attuale che mai.\",\"breadcrumb\":{\"@id\":\"https:\/\/blog.holyart.it\/it\/occasioni-speciali\/madonna-di-fatima-penitenza-e-preghiera-sono-la-salvezza\/#breadcrumb\"},\"inLanguage\":\"it-IT\",\"potentialAction\":[{\"@type\":\"ReadAction\",\"target\":[\"https:\/\/blog.holyart.it\/it\/occasioni-speciali\/madonna-di-fatima-penitenza-e-preghiera-sono-la-salvezza\/\"]}]},{\"@type\":\"ImageObject\",\"inLanguage\":\"it-IT\",\"@id\":\"https:\/\/blog.holyart.it\/it\/occasioni-speciali\/madonna-di-fatima-penitenza-e-preghiera-sono-la-salvezza\/#primaryimage\",\"url\":\"https:\/\/blog.holyart.it\/it\/wp-content\/uploads\/sites\/17\/2020\/05\/statue-pastorelli.jpg\",\"contentUrl\":\"https:\/\/blog.holyart.it\/it\/wp-content\/uploads\/sites\/17\/2020\/05\/statue-pastorelli.jpg\",\"width\":1000,\"height\":664,\"caption\":\"statue-pastorelli\"},{\"@type\":\"BreadcrumbList\",\"@id\":\"https:\/\/blog.holyart.it\/it\/occasioni-speciali\/madonna-di-fatima-penitenza-e-preghiera-sono-la-salvezza\/#breadcrumb\",\"itemListElement\":[{\"@type\":\"ListItem\",\"position\":1,\"name\":\"Homepage\",\"item\":\"https:\/\/blog.holyart.it\/it\/\"},{\"@type\":\"ListItem\",\"position\":2,\"name\":\"Occasioni speciali\",\"item\":\"https:\/\/blog.holyart.it\/it\/occasioni-speciali\/\"},{\"@type\":\"ListItem\",\"position\":3,\"name\":\"Madonna di Fatima: penitenza e preghiera sono la salvezza\"}]},{\"@type\":\"WebSite\",\"@id\":\"https:\/\/blog.holyart.it\/it\/#website\",\"url\":\"https:\/\/blog.holyart.it\/it\/\",\"name\":\"Holyblog\",\"description\":\"Il Blog di Holyart.it\",\"publisher\":{\"@id\":\"https:\/\/blog.holyart.it\/it\/#organization\"},\"potentialAction\":[{\"@type\":\"SearchAction\",\"target\":{\"@type\":\"EntryPoint\",\"urlTemplate\":\"https:\/\/blog.holyart.it\/it\/?s={search_term_string}\"},\"query-input\":{\"@type\":\"PropertyValueSpecification\",\"valueRequired\":true,\"valueName\":\"search_term_string\"}}],\"inLanguage\":\"it-IT\"},{\"@type\":\"Organization\",\"@id\":\"https:\/\/blog.holyart.it\/it\/#organization\",\"name\":\"Holyblog\",\"url\":\"https:\/\/blog.holyart.it\/it\/\",\"logo\":{\"@type\":\"ImageObject\",\"inLanguage\":\"it-IT\",\"@id\":\"https:\/\/blog.holyart.it\/it\/#\/schema\/logo\/image\/\",\"url\":\"https:\/\/blog.holyart.it\/it\/wp-content\/uploads\/sites\/17\/2022\/12\/Holyart_Blog_Logo.jpg\",\"contentUrl\":\"https:\/\/blog.holyart.it\/it\/wp-content\/uploads\/sites\/17\/2022\/12\/Holyart_Blog_Logo.jpg\",\"width\":300,\"height\":50,\"caption\":\"Holyblog\"},\"image\":{\"@id\":\"https:\/\/blog.holyart.it\/it\/#\/schema\/logo\/image\/\"}},{\"@type\":\"Person\",\"@id\":\"https:\/\/blog.holyart.it\/it\/#\/schema\/person\/0a7b686e5af0f856ec1e390dd0baecda\",\"name\":\"Redazione\"}]}<\/script>\n<!-- \/ Yoast SEO plugin. -->","yoast_head_json":{"title":"Madonna di Fatima: penitenza e preghiera sono la salvezza - Holyblog","description":"Il 13 Maggio si festeggia la Madonna di Fatima. Il suo invito alla penitenza e alla preghiera come strumenti di salvezza oggi \u00e8 pi\u00f9 attuale che mai.","robots":{"index":"index","follow":"follow","max-snippet":"max-snippet:-1","max-image-preview":"max-image-preview:large","max-video-preview":"max-video-preview:-1"},"canonical":"https:\/\/blog.holyart.it\/it\/occasioni-speciali\/madonna-di-fatima-penitenza-e-preghiera-sono-la-salvezza\/","og_locale":"it_IT","og_type":"article","og_title":"Madonna di Fatima: penitenza e preghiera sono la salvezza - Holyblog","og_description":"Il 13 Maggio si festeggia la Madonna di Fatima. Il suo invito alla penitenza e alla preghiera come strumenti di salvezza oggi \u00e8 pi\u00f9 attuale che mai.","og_url":"https:\/\/blog.holyart.it\/it\/occasioni-speciali\/madonna-di-fatima-penitenza-e-preghiera-sono-la-salvezza\/","og_site_name":"Holyblog","article_published_time":"2020-05-06T14:27:30+00:00","article_modified_time":"2023-05-16T09:39:45+00:00","og_image":[{"width":1000,"height":664,"url":"https:\/\/blog.holyart.it\/it\/wp-content\/uploads\/sites\/17\/2020\/05\/statue-pastorelli.jpg","type":"image\/jpeg"}],"author":"Redazione","twitter_card":"summary_large_image","twitter_misc":{"Scritto da":"Redazione","Tempo di lettura stimato":"17 minuti"},"schema":{"@context":"https:\/\/schema.org","@graph":[{"@type":"Article","@id":"https:\/\/blog.holyart.it\/it\/occasioni-speciali\/madonna-di-fatima-penitenza-e-preghiera-sono-la-salvezza\/#article","isPartOf":{"@id":"https:\/\/blog.holyart.it\/it\/occasioni-speciali\/madonna-di-fatima-penitenza-e-preghiera-sono-la-salvezza\/"},"author":{"name":"Redazione","@id":"https:\/\/blog.holyart.it\/it\/#\/schema\/person\/0a7b686e5af0f856ec1e390dd0baecda"},"headline":"Madonna di Fatima: penitenza e preghiera sono la salvezza","datePublished":"2020-05-06T14:27:30+00:00","dateModified":"2023-05-16T09:39:45+00:00","mainEntityOfPage":{"@id":"https:\/\/blog.holyart.it\/it\/occasioni-speciali\/madonna-di-fatima-penitenza-e-preghiera-sono-la-salvezza\/"},"wordCount":2773,"publisher":{"@id":"https:\/\/blog.holyart.it\/it\/#organization"},"image":{"@id":"https:\/\/blog.holyart.it\/it\/occasioni-speciali\/madonna-di-fatima-penitenza-e-preghiera-sono-la-salvezza\/#primaryimage"},"thumbnailUrl":"https:\/\/blog.holyart.it\/it\/wp-content\/uploads\/sites\/17\/2020\/05\/statue-pastorelli.jpg","articleSection":["Occasioni speciali","Religione","Santi e beati"],"inLanguage":"it-IT"},{"@type":"WebPage","@id":"https:\/\/blog.holyart.it\/it\/occasioni-speciali\/madonna-di-fatima-penitenza-e-preghiera-sono-la-salvezza\/","url":"https:\/\/blog.holyart.it\/it\/occasioni-speciali\/madonna-di-fatima-penitenza-e-preghiera-sono-la-salvezza\/","name":"Madonna di Fatima: penitenza e preghiera sono la salvezza - Holyblog","isPartOf":{"@id":"https:\/\/blog.holyart.it\/it\/#website"},"primaryImageOfPage":{"@id":"https:\/\/blog.holyart.it\/it\/occasioni-speciali\/madonna-di-fatima-penitenza-e-preghiera-sono-la-salvezza\/#primaryimage"},"image":{"@id":"https:\/\/blog.holyart.it\/it\/occasioni-speciali\/madonna-di-fatima-penitenza-e-preghiera-sono-la-salvezza\/#primaryimage"},"thumbnailUrl":"https:\/\/blog.holyart.it\/it\/wp-content\/uploads\/sites\/17\/2020\/05\/statue-pastorelli.jpg","datePublished":"2020-05-06T14:27:30+00:00","dateModified":"2023-05-16T09:39:45+00:00","description":"Il 13 Maggio si festeggia la Madonna di Fatima. Il suo invito alla penitenza e alla preghiera come strumenti di salvezza oggi \u00e8 pi\u00f9 attuale che mai.","breadcrumb":{"@id":"https:\/\/blog.holyart.it\/it\/occasioni-speciali\/madonna-di-fatima-penitenza-e-preghiera-sono-la-salvezza\/#breadcrumb"},"inLanguage":"it-IT","potentialAction":[{"@type":"ReadAction","target":["https:\/\/blog.holyart.it\/it\/occasioni-speciali\/madonna-di-fatima-penitenza-e-preghiera-sono-la-salvezza\/"]}]},{"@type":"ImageObject","inLanguage":"it-IT","@id":"https:\/\/blog.holyart.it\/it\/occasioni-speciali\/madonna-di-fatima-penitenza-e-preghiera-sono-la-salvezza\/#primaryimage","url":"https:\/\/blog.holyart.it\/it\/wp-content\/uploads\/sites\/17\/2020\/05\/statue-pastorelli.jpg","contentUrl":"https:\/\/blog.holyart.it\/it\/wp-content\/uploads\/sites\/17\/2020\/05\/statue-pastorelli.jpg","width":1000,"height":664,"caption":"statue-pastorelli"},{"@type":"BreadcrumbList","@id":"https:\/\/blog.holyart.it\/it\/occasioni-speciali\/madonna-di-fatima-penitenza-e-preghiera-sono-la-salvezza\/#breadcrumb","itemListElement":[{"@type":"ListItem","position":1,"name":"Homepage","item":"https:\/\/blog.holyart.it\/it\/"},{"@type":"ListItem","position":2,"name":"Occasioni speciali","item":"https:\/\/blog.holyart.it\/it\/occasioni-speciali\/"},{"@type":"ListItem","position":3,"name":"Madonna di Fatima: penitenza e preghiera sono la salvezza"}]},{"@type":"WebSite","@id":"https:\/\/blog.holyart.it\/it\/#website","url":"https:\/\/blog.holyart.it\/it\/","name":"Holyblog","description":"Il Blog di Holyart.it","publisher":{"@id":"https:\/\/blog.holyart.it\/it\/#organization"},"potentialAction":[{"@type":"SearchAction","target":{"@type":"EntryPoint","urlTemplate":"https:\/\/blog.holyart.it\/it\/?s={search_term_string}"},"query-input":{"@type":"PropertyValueSpecification","valueRequired":true,"valueName":"search_term_string"}}],"inLanguage":"it-IT"},{"@type":"Organization","@id":"https:\/\/blog.holyart.it\/it\/#organization","name":"Holyblog","url":"https:\/\/blog.holyart.it\/it\/","logo":{"@type":"ImageObject","inLanguage":"it-IT","@id":"https:\/\/blog.holyart.it\/it\/#\/schema\/logo\/image\/","url":"https:\/\/blog.holyart.it\/it\/wp-content\/uploads\/sites\/17\/2022\/12\/Holyart_Blog_Logo.jpg","contentUrl":"https:\/\/blog.holyart.it\/it\/wp-content\/uploads\/sites\/17\/2022\/12\/Holyart_Blog_Logo.jpg","width":300,"height":50,"caption":"Holyblog"},"image":{"@id":"https:\/\/blog.holyart.it\/it\/#\/schema\/logo\/image\/"}},{"@type":"Person","@id":"https:\/\/blog.holyart.it\/it\/#\/schema\/person\/0a7b686e5af0f856ec1e390dd0baecda","name":"Redazione"}]}},"_links":{"self":[{"href":"https:\/\/blog.holyart.it\/it\/wp-json\/wp\/v2\/posts\/9419","targetHints":{"allow":["GET"]}}],"collection":[{"href":"https:\/\/blog.holyart.it\/it\/wp-json\/wp\/v2\/posts"}],"about":[{"href":"https:\/\/blog.holyart.it\/it\/wp-json\/wp\/v2\/types\/post"}],"author":[{"embeddable":true,"href":"https:\/\/blog.holyart.it\/it\/wp-json\/wp\/v2\/users\/1"}],"replies":[{"embeddable":true,"href":"https:\/\/blog.holyart.it\/it\/wp-json\/wp\/v2\/comments?post=9419"}],"version-history":[{"count":1,"href":"https:\/\/blog.holyart.it\/it\/wp-json\/wp\/v2\/posts\/9419\/revisions"}],"predecessor-version":[{"id":17749,"href":"https:\/\/blog.holyart.it\/it\/wp-json\/wp\/v2\/posts\/9419\/revisions\/17749"}],"wp:featuredmedia":[{"embeddable":true,"href":"https:\/\/blog.holyart.it\/it\/wp-json\/wp\/v2\/media\/9431"}],"wp:attachment":[{"href":"https:\/\/blog.holyart.it\/it\/wp-json\/wp\/v2\/media?parent=9419"}],"wp:term":[{"taxonomy":"category","embeddable":true,"href":"https:\/\/blog.holyart.it\/it\/wp-json\/wp\/v2\/categories?post=9419"},{"taxonomy":"post_tag","embeddable":true,"href":"https:\/\/blog.holyart.it\/it\/wp-json\/wp\/v2\/tags?post=9419"}],"curies":[{"name":"wp","href":"https:\/\/api.w.org\/{rel}","templated":true}]}}