{"id":9320,"date":"2020-04-22T18:03:51","date_gmt":"2020-04-22T16:03:51","guid":{"rendered":"https:\/\/blog.holyart.it\/it\/?p=9320"},"modified":"2024-04-16T09:46:07","modified_gmt":"2024-04-16T07:46:07","slug":"santa-caterina-da-siena-patrona-ditalia","status":"publish","type":"post","link":"https:\/\/blog.holyart.it\/it\/santi-e-beati\/santa-caterina-da-siena-patrona-ditalia\/","title":{"rendered":"Santa Caterina da Siena: patrona d\u2019Italia"},"content":{"rendered":"<h4><span style=\"font-weight: 400;\">Santa Caterina da Siena, da donna del popolo a consigliera di Papi e principi. Coraggiosa, saggia, e totalmente devota a Cristo. Conosciamo meglio la patrona d&#8217;Italia.<\/span><\/h4>\n\n<p><span style=\"font-weight: 400;\">Pensando a Caterina da Siena la prima riflessione che sorge \u00e8 come la fede possa riuscire davvero a elevarci dalla nostra condizione, renderci migliori, giorno dopo giorno, fino a permetterci di realizzare nella nostra vita imprese davvero sorprendenti. Ma cosa c&#8217;\u00e8 di cos\u00ec incredibile nella storia di Santa Caterina, vissuta a met\u00e0 del XIV secolo, in Toscana, in una terra dilaniata da scontri fratricidi e profondi sovvertimenti politici e religiosi, ma anche percorsa da un afflato spirituale, culturale e artistico che non ha paragoni? Di lei ricordiamo i suoi simboli, il <\/span><b>libro<\/b><span style=\"font-weight: 400;\"> e il <\/span><b>giglio<\/b><span style=\"font-weight: 400;\">: la dottrina, da una parte, e la purezza, dall&#8217;altra. Una dicotomia che forse \u00e8 anche la chiave per comprendere la grandezza di questa donna, che offr\u00ec la sua vita a Dio e ai suoi figli pi\u00f9 bisognosi, che si divise tra la cura degli infermi, di quei malati affetti da mali cos\u00ec sgradevoli e pericolosi che nessun altro voleva curare, e la stesura di testi teologici che le meritarono nel 1970 il titolo di Dottore della Chiesa, prima di allora mai conferito a una donna. Un modello di vita che si ripropone ancora oggi con straordinaria attualit\u00e0. Non per niente l&#8217;abbiamo citata nel nostro articolo dedicato a<\/span> <a href=\"https:\/\/www.holyart.it\/blog\/santi-e-beati\/santi-sante-cambiato-mondo\/\"><span style=\"font-weight: 400;\"><strong>Santi e Sante che hanno cambiato il mondo<\/strong><\/span><\/a><span style=\"font-weight: 400;\">.\u00a0<\/span><\/p>\n<div class=\"link-article\">\n<p><img loading=\"lazy\" decoding=\"async\" class=\"alignleft size-thumbnail wp-image-9322\" src=\"https:\/\/blog.holyart.it\/it\/wp-content\/uploads\/sites\/17\/2020\/04\/santi-e-sante-150x100.jpg\" alt=\"santi e sante\" width=\"150\" height=\"100\" \/><\/p>\n<div class=\"leggi-anche\">Leggi anche:<\/div>\n<p><strong><a href=\"https:\/\/www.holyart.it\/blog\/santi-e-beati\/santi-sante-cambiato-mondo\/\">Santi e sante che hanno cambiato il mondo<\/a><\/strong><br \/>\nSanti e sante, che hanno lasciato un&#8217;impronta non solo nelle questioni legate alla Chiesa, ma anche nell\u2019evoluzione della societ\u00e0&#8230;<\/p>\n<\/div>\n<p><span style=\"font-weight: 400;\">Autrice del <\/span><b><i>Dialogo della Divina Provvidenza<\/i><\/b><span style=\"font-weight: 400;\">, uno dei capolavori della letteratura mistica medievale, Santa Caterina fu <\/span><b>religiosa, teologa, filosofa<\/b><span style=\"font-weight: 400;\">.<\/span><\/p>\n<p><span style=\"font-weight: 400;\">&#8216;Sposata&#8217; in <\/span><b>nozze mistiche<\/b><span style=\"font-weight: 400;\"> a Ges\u00f9, confidava nella salvezza rappresentata dal <\/span><b>Papa <\/b><span style=\"font-weight: 400;\">(da lei definito il <\/span><i><span style=\"font-weight: 400;\">\u201cdolce Cristo in terra\u201d<\/span><\/i><span style=\"font-weight: 400;\">) e dalla Chiesa per tutti i cristiani.<\/span><\/p>\n<p><span style=\"font-weight: 400;\">Le sue <\/span><b>Lettere<\/b><span style=\"font-weight: 400;\"> di conforto, di consigli e di esortazione, rivolte a sovrani, condottieri e letterati, esercitarono un incredibile effetto su molti avvenimenti e controversie. Vennero poi raccolte dai suoi discepoli in un prezioso <\/span><i><span style=\"font-weight: 400;\">Epistolario<\/span><\/i><span style=\"font-weight: 400;\"> ancora oggi considerato un punto di riferimento per tutti i religiosi.<\/span><\/p>\n<p><span style=\"font-weight: 400;\">Possiamo ben dire che i suoi scritti e il suo fervore diedero una grande spinta alla <\/span><b>Riforma della Chiesa<\/b><span style=\"font-weight: 400;\">.<\/span><\/p>\n<p><span style=\"font-weight: 400;\">Tra i santi e beati Caterina rientra anche in quelli che sono considerati <\/span><b>santi guaritori <\/b><span style=\"font-weight: 400;\">e<\/span><a href=\"https:\/\/www.holyart.it\/blog\/santi-e-beati\/santi-guaritori-a-cui-rivolgersi-contro-le-malattie\/\"> <span style=\"font-weight: 400;\">santi e sante a cui rivolgersi in caso di malattie<\/span><\/a><span style=\"font-weight: 400;\">. Questo non solo perch\u00e9 lei \u00e8, tra le altre cose, patrona delle infermiere, ma proprio in virt\u00f9 della sua attivit\u00e0 di <\/span><b>assistenza agli infermi e ai malati gravi<\/b><span style=\"font-weight: 400;\">, soprattutto alle vittime di epidemie terribili.<\/span><\/p>\n<div class=\"link-article\">\n<p><img loading=\"lazy\" decoding=\"async\" class=\"alignleft size-full wp-image-9263\" src=\"https:\/\/blog.holyart.it\/it\/wp-content\/uploads\/sites\/17\/2020\/04\/i-santi-contro-malattie.jpg\" alt=\"\" width=\"150\" height=\"100\" \/><\/p>\n<div class=\"leggi-anche\">Leggi anche:<\/div>\n<p><strong><a href=\"https:\/\/www.holyart.it\/blog\/santi-e-beati\/santi-guaritori-a-cui-rivolgersi-contro-le-malattie\/\">Santi Guaritori a cui rivolgersi contro le malattie<\/a><\/strong><br \/>\nDa sempre l\u2019uomo invoca Dio per avere aiuto e conforto in caso di malattie. Ma ci sono sei santi patroni chiamati anche santi guaritori&#8230;<\/p>\n<\/div>\n<p><span style=\"font-weight: 400;\">Il suo <\/span><b>amore assoluto e totale per Ges\u00f9<\/b><span style=\"font-weight: 400;\">, capace di gettarla in estasi mistiche di rara potenza spirituale, \u00e8 considerato un ponte tra cielo e terra, un esempio di devozione e pieno affidarsi a Dio che ha pochi eguali.<\/span><\/p>\n<p><span style=\"font-weight: 400;\">Ma chi era Santa Caterina da Siena?<\/span><\/p>\n<h2>La vita di Santa Caterina da Siena<\/h2>\n<p><span style=\"font-weight: 400;\">Quando Caterina nacque, ventiquattresima di venticinque figli di Jacopo Benincasa, tintore, e sua moglie Donna Lapa Piacenti, nessuno poteva immaginare quale sarebbe stato il suo straordinario destino. Era la met\u00e0 del XIV secolo, e per una ragazza come lei, nata nel rione di Fontebranda, nella contrada dell&#8217;Oca, da una famiglia umile, non c&#8217;erano altre prospettive che un matrimonio e la creazione di una famiglia sua. Ma Caterina non era una ragazza comune. Fin da bambina sosteneva di &#8216;vedere&#8217; cose, come quando a sei anni raccont\u00f2 che le era apparso Ges\u00f9 vestito come il Papa e con lui <strong><a href=\"https:\/\/www.holyart.it\/it\/articoli-religiosi\/icone-sacre\/icone-grecia-dipinte-e-serigrafate\/san-pietro-e-san-paolo\">San Pietro<\/a><\/strong>, <strong><a href=\"https:\/\/www.holyart.it\/it\/articoli-religiosi\/statue\/statue-in-legno-dipinto\/san-giovanni-evangelista-40-cm-pasta-di-legno-dec.-fine\">San Giovanni<\/a><\/strong> e <a href=\"https:\/\/www.holyart.it\/it\/articoli-religiosi\/icone-sacre\/icone-grecia-dipinte-e-serigrafate\/san-pietro-e-san-paolo\"><strong>San Paolo<\/strong><\/a>.<br \/>\n<\/span><span style=\"font-weight: 400;\">Lo stesso Cristo le apparir\u00e0 a vent&#8217;anni, accompagnato dalla Vergine Maria Sua madre, per farla Sua sposa con un anello simbolo delle nozze mistiche.<\/span><\/p>\n<div class=\"link-product\">\n<div class=\"blocco-immagine\"><img loading=\"lazy\" decoding=\"async\" class=\"alignnone size-full wp-image-9324\" src=\"https:\/\/blog.holyart.it\/it\/wp-content\/uploads\/sites\/17\/2020\/04\/san-pietro-e-san-paolo.jpg\" alt=\"san pietro e san paolo\" width=\"100\" height=\"100\" \/><\/div>\n<div class=\"blocco-contenuto\">\n<div class=\"blocco-acquista\">Acquista su Holyart:<\/div>\n<div class=\"blocco-titolo\"><a href=\"https:\/\/www.holyart.it\/it\/articoli-religiosi\/icone-sacre\/icone-grecia-dipinte-e-serigrafate\/san-pietro-e-san-paolo\">San Pietro e San Paolo<\/a><\/div>\n<div class=\"blocco-descrizione\">L&#8217;icona \u00e8 realizzata e dipinta a mano su legno dorato.<\/div>\n<\/div>\n<\/div>\n<p><span style=\"font-weight: 400;\">Ma gi\u00e0 da bambina Caterina sembra presagire il proprio destino, perch\u00e9 a sette anni pronuncia il voto di castit\u00e0, e a dodici rifiuta il matrimonio che i genitori le vogliono proporre e manifesta l&#8217;intenzione di prendere i voti. Troppo povera per permettersi la cospicua dote che le donne dovevano presentare per entrare in monastero, e osteggiata dalla famiglia per le sue idee, si chiude in casa dedicandosi a una vita di <\/span><b>preghiera, penitenza e digiuno<\/b><span style=\"font-weight: 400;\">. Rinuncia alla carne, si nutre pochissimo, solo di erbe amare e frutta, utilizza il cilicio. Alla fine, impressionato dalla sua determinazione, il padre cambia idea e decide di aiutarla a coronare il suo sogno. La leggenda vuole che fu la vista di una colomba che volteggiava sul capo di sua figlia intenta a pregare a convincere l&#8217;uomo. Ma per riuscire a essere ammessa nelle <\/span><b>Mantellate<\/b><span style=\"font-weight: 400;\">, ovvero le Terziarie domenicane note come Sorelle della penitenza di San Domenico, Caterina deve affrontare ancora nuovi ostacoli. Poich\u00e9 le viene negato l&#8217;accesso all&#8217;ordine per la sua giovinezza e bellezza, cade vittima di una febbre che le deturpa il viso e la fa apparire pi\u00f9 vecchia della sua et\u00e0.<\/span><\/p>\n<p><span style=\"font-weight: 400;\">Appena sedicenne entra cos\u00ec nell&#8217;ordine, ma per tre anni vive profondamente isolata dalle altre suore. Il motivo \u00e8 semplice: non conoscendo il latino non pu\u00f2 prendere parte alla preghiera comune. Tuttavia, le Mantellate, che solitamente accettavano solo vedove e donne avanti negli anni, consentivano di vivere nel mondo, pur mantenendo i voti di castit\u00e0, povert\u00e0 e obbedienza. E cos\u00ec nel mondo Caterina vive, dedicandosi interamente ai pi\u00f9 <\/span><b>bisognosi<\/b><span style=\"font-weight: 400;\">, ai malati, a coloro i quali venivano abbandonati dagli stessi parenti per la gravit\u00e0 della loro condizione.<\/span><\/p>\n<p><span style=\"font-weight: 400;\">Alla fine del Carnevale del 1367 si compiono le sue <\/span><b>nozze mistiche con Ges\u00f9<\/b><span style=\"font-weight: 400;\">, il matrimonio da lei vissuto in una dolcissima estasi nel quale viene sancito il suo legame profondo e imperituro con Cristo.<\/span><\/p>\n<p><span style=\"font-weight: 400;\">Nel frattempo si impegna anche a imparare a <\/span><b>leggere e scrivere<\/b><span style=\"font-weight: 400;\">, anche se buona parte delle sue lettere e delle sue opere vennero scritte per lei sotto dettatura dalla cosiddetta \u201cBella brigata\u201d, una sorta di famiglia spirituale di discepoli che l&#8217;amava e la seguiva ovunque.<\/span><\/p>\n<p><span style=\"font-weight: 400;\">Nascono cos\u00ec i suoi testi straordinari, come il <\/span><b>Dialogo della Divina provvidenza<\/b><span style=\"font-weight: 400;\">, le sue <\/span><b>Orazioni<\/b><span style=\"font-weight: 400;\"> e soprattutto le <\/span><b>Lettere<\/b><span style=\"font-weight: 400;\">, indirizzate a gente comune, militari, religiosi, donne, perfino detenuti, ma anche a personalit\u00e0 eminenti della politica e del mondo religioso dell&#8217;epoca. A questi ultimi in particolare sottopone questioni civili e politiche, dalla <\/span><b>pacificazione dell\u2019Italia<\/b><span style=\"font-weight: 400;\">, alla necessit\u00e0 di una <\/span><b>nuova crociata<\/b><span style=\"font-weight: 400;\">, al ritorno della <\/span><b>sede pontificia da Avignone a Roma<\/b><span style=\"font-weight: 400;\">, alla <\/span><b>riforma della Chiesa<\/b><span style=\"font-weight: 400;\">. Argomenti alti, complicati, che questa donna del popolo riesce ad affrontare con una padronanza davvero miracolosa, e un fervore impressionante, che avvalorano non poco le voci che la vogliono ispirata direttamente da Dio.<\/span><\/p>\n<p><span style=\"font-weight: 400;\">Il primo aprile del 1375, Domenica delle Palme, mentre prega davanti al crocifisso nella chiesa di Santa Cristina, riceve le <\/span><b>stimmate<\/b><span style=\"font-weight: 400;\">, ma esse restano visibili solo a lei, in un primo tempo. Prosegue la sua attivit\u00e0 politica e sociale, col tentativo di fermare la lega antipapale sorta intorno a Firenze, e con un viaggio ad Avignone per convincere Papa Gregorio XI a tornare a Roma. Il pontefice si lasci\u00f2 convincere e fece ritorno, ma alla sua morte avvenne un scisma e la Chiesa si ritrov\u00f2 ad avere due Papi, Urbano VI e Clemente VII, che torn\u00f2 ad Avignone.<\/span><\/p>\n<p><a href=\"https:\/\/www.holyart.it\/it\/articoli-religiosi\/gioielli\/pendenti-croci-spille-catenelle\/medaglia-santa-caterina-da-siena-argento-925-rodiata-10-mm\"><span style=\"font-weight: 400;\"><strong>Santa Caterina<\/strong><\/span><\/a>\u00a0mor\u00ec il <b>29 aprile<\/b> 1380, raccomandandosi a Dio: <i>\u201cPadre, nelle tue mani raccomando l&#8217;anima e lo spirito mio.\u201d<\/i><\/p>\n<div class=\"link-product\">\n<div class=\"blocco-immagine\"><img loading=\"lazy\" decoding=\"async\" class=\"alignnone size-full wp-image-9325\" src=\"https:\/\/blog.holyart.it\/it\/wp-content\/uploads\/sites\/17\/2020\/04\/ciondolo-santa-caterina-da-siena.jpg\" alt=\"ciondolo santa Caterina da Siena\" width=\"100\" height=\"100\" \/><\/div>\n<div class=\"blocco-contenuto\">\n<div class=\"blocco-acquista\">Acquista su Holyart:<\/div>\n<div class=\"blocco-titolo\"><a href=\"https:\/\/www.holyart.it\/it\/articoli-religiosi\/gioielli\/pendenti-croci-spille-catenelle\/medaglia-santa-caterina-da-siena-argento-925-rodiata-10-mm\">Medaglia Santa Caterina da Siena Argento 925<\/a><\/div>\n<div class=\"blocco-descrizione\">Prodotta in Italia, include un&#8217;orazione scritta dalla Santa.<\/div>\n<\/div>\n<\/div>\n<h2>Patrona d&#8217;Italia<\/h2>\n<p><span style=\"font-weight: 400;\">Santa Caterina da Siena viene dunque festeggiata il 29 aprile, giorno della sua morte. Viene spesso rappresentata con l&#8217;abito tipico dell&#8217;ordine a cui apparteneva, quello delle Mantellate: abito bianco con sopra un mantello nero. I suoi emblemi sono il <\/span><b>giglio bianco<\/b><span style=\"font-weight: 400;\">, simbolo della sua purezza e castit\u00e0, l&#8217;<\/span><b>anello<\/b><span style=\"font-weight: 400;\">, che simboleggia le nozze mistiche tra lei e Ges\u00f9, <\/span><b>un libro e una penna<\/b><span style=\"font-weight: 400;\">, che ricordano la sua sapienza e la sua attivit\u00e0 come scrittrice e teologa, e ancora le stimmate, la corona di spine, la croce, il cuore.\u00a0<\/span><\/p>\n<div class=\"link-product\">\n<div class=\"blocco-immagine\"><img loading=\"lazy\" decoding=\"async\" class=\"alignnone size-full wp-image-9326\" src=\"https:\/\/blog.holyart.it\/it\/wp-content\/uploads\/sites\/17\/2020\/04\/Santa-Caterina-da-Siena.jpg\" alt=\"Santa Caterina da Siena\" width=\"100\" height=\"100\" \/><\/div>\n<div class=\"blocco-contenuto\">\n<div class=\"blocco-acquista\">Acquista su Holyart:<\/div>\n<div class=\"blocco-titolo\"><a href=\"https:\/\/www.holyart.it\/it\/articoli-religiosi\/statue\/statue-in-resina-e-pvc\/santa-caterina-da-siena-40-cm-statua-resina\">Santa Caterina da Siena 40 cm statua resina<\/a><\/div>\n<div class=\"blocco-descrizione\">La Santa ha in una mano un libro e nell&#8217;altra dei gigli.<\/div>\n<\/div>\n<\/div>\n<p><span style=\"font-weight: 400;\">Dal 1939 \u00e8 <\/span><b>patrona d&#8217;Italia, <\/b><span style=\"font-weight: 400;\">assieme a<\/span><strong>\u00a0<\/strong><strong><a href=\"https:\/\/www.holyart.it\/blog\/articoli-religiosi\/il-cantico-delle-creature-di-san-francesco\/\">San Francesco d&#8217;Assisi<\/a><\/strong>. Nel 1999 <a href=\"https:\/\/www.holyart.it\/it\/occasioni-speciali\/giovanni-paolo-ii\"><strong>Giovanni Paolo II<\/strong><\/a> la proclam\u00f2 anche compatrona d&#8217;Europa.<\/p>\n<div class=\"link-article\">\n<p><img loading=\"lazy\" decoding=\"async\" class=\"alignleft size-thumbnail wp-image-9327\" src=\"https:\/\/blog.holyart.it\/it\/wp-content\/uploads\/sites\/17\/2020\/04\/san-Francesco-dAssisi-150x100.jpg\" alt=\"san Francesco d'Assisi\" width=\"150\" height=\"100\" \/><\/p>\n<div class=\"leggi-anche\">Leggi anche:<\/div>\n<p><strong><a href=\"https:\/\/www.holyart.it\/blog\/articoli-religiosi\/il-cantico-delle-creature-di-san-francesco\/\">Il cantico delle creature di San Francesco<\/a><\/strong><br \/>\nSan Francesco d\u2019Assisi \u00e8 uno dei santi pi\u00f9 amati e venerati dalla Chiesa cattolica. Vicino ai poveri, fratello degli ultimi&#8230;<\/p>\n<\/div>\n<h2>Novena a Santa Caterina da Siena<\/h2>\n<p><span style=\"font-weight: 400;\">La Novena a Santa Caterina pu\u00f2 essere recitata in preparazione della sua festa, il 29 aprile, e dunque per nove giorni a partire dal 20 fino al 28 aprile, o ogni volta che se ne avverta la necessit\u00e0, per avere sostegno e conforto in un momento difficile.<\/span><\/p>\n<p><b><i>Primo giorno<\/i><\/b><\/p>\n<p><i><span style=\"font-weight: 400;\">Per quello spirito di orazione che voi aveste fin da bambina, per cui in essa metteste tutte le vostre delizie, e coll\u2019angelica salutazione tante volte da voi ripetuta quanti erano i gradini delle scale che vi avveniva di ascendere ossequiaste continuamente la santa vergine Maria, otteneteci, vi preghiamo, la grazia di amare anche noi a vostro esempio l\u2019esercizio della preghiera, e di farla sempre con quelle condizioni che la rendano degna d\u2019esaudimento.<\/span><\/i><\/p>\n<p><i><span style=\"font-weight: 400;\">Gloria al Padre al Figlio e allo Spirito Santo come era in principio ora e sempre nei secoli dei secoli.<\/span><\/i><\/p>\n<p><b><i>Secondo\u00a0 giorno<\/i><\/b><\/p>\n<p><i><span style=\"font-weight: 400;\">Per quell\u2019 affetto particolare che voi portaste, o gran Santa, alla virt\u00f9 della purit\u00e0, per cui di otto anni vi consacraste al Signore con voto irrevocabile, e col radervi il capo, col gemere, col sospirare, rigettaste in progresso le pi\u00f9 onorevoli offerte di vantaggiosissimo collocamento, otteneteci, vi preghiamo, la grazia di esser sempre ancor noi saldi di mente, di cuore e di costume, o di aborrire con odio sommo tutto quello che offende anche leggermente una virt\u00f9 cos\u00ec sublime che solleva gli uomini alla sfera degli Angeli e li rende oggetto pi\u00f9 caro delle divine compiacenze.<\/span><\/i><\/p>\n<p><i><span style=\"font-weight: 400;\">Gloria al Padre al Figlio e allo Spirito Santo come era in principio ora e sempre nei secoli dei secoli.<\/span><\/i><\/p>\n<p><b><i>Terzo giorno<\/i><\/b><\/p>\n<p><i><span style=\"font-weight: 400;\">Per quello spirito di ritiro che voi aveste, o gran Santa, per cui non desideraste mai di essere veduta da altri che dal vostro Ges\u00f9, e distratta da continuo occupazioni nella vostra famiglia, sapeste fabbricarvi una tal solitudine nel vostro cuore da aver sempre la monte occupata da pensieri di paradiso, otteneteci, vi preghiamo, la grazia di amare anche noi la solitudine e il ritiro, malgrado tutti li inviti che ne far\u00e0 il mondo di partecipare ai suoi spettacoli, allo sue pompe, e di aver sempre rivolti a Dio i pensieri della nostra mente in mezzo a tutte le occupazioni anche pi\u00f9 distrattive del nostro stato.<\/span><\/i><\/p>\n<p><i><span style=\"font-weight: 400;\">Gloria al Padre al Figlio e allo Spirito Santo come era in principio ora e sempre nei secoli dei secoli.<\/span><\/i><\/p>\n<p><b><i>Quarto giorno<\/i><\/b><\/p>\n<p><i><span style=\"font-weight: 400;\">Per quello spirito di penitenza che voi aveste, o gran Santa, fin dagli anni della vostra infanzia, quando puniste colle pi\u00f9 ingegnose o afflittive mortificazioni la vostra condiscendenza di una sola volta a chi vi consigliava la delicatezza o l\u2019abbigliamento, quindi associata al Terz\u2019 Ordine Domenicano, edificaste tutto il mondo con l\u2019astenervi perpetuamente dal vino e dalle carni, e quasi ancora dal sonno, non alimentandovi d\u2019altro che di erbe crude, non dormendo se non pochissimo e sullo nude tavole, per impiegare tutte le ore in orazione, col portar sempre d\u2019intorno al vostro corpo un doloroso cilicio, col macerare la vostra carne con tre discipline ogni giorno, otteneteci, vi preghiamo, la grazia di osservar sempre fedelmente quelle astinenze e quei digiuni che ne Comanda la Chiesa, di tollerar con pazienza tutto quello che di afflittivo si degner\u00e0 Iddio di ordinare a nostro bene odi mortificare spontaneamente tutte le inclinazioni perverse del nostro cuore e i desideri smoderati dei nostri sensi, affine di aver anche noi la necessaria somiglianza col nostro esemplar crocifisso.<\/span><\/i><\/p>\n<p><i><span style=\"font-weight: 400;\">Gloria al Padre al Figlio e allo Spirito Santo come era in principio ora e sempre nei secoli dei secoli.<\/span><\/i><\/p>\n<p><b><i>Quinto giorno<\/i><\/b><i><span style=\"font-weight: 400;\">\u00a0<\/span><\/i><\/p>\n<p><i><span style=\"font-weight: 400;\">Per quell\u2019eroica carit\u00e0 che vi mosse, o gran Santa, a servire spontaneamente e medicare di propria mano le povere inferme abbandonate da tutti per la schifosit\u00e0 e poi fetore delle cancrenose lor piaghe, e dalle quali non foste rimontata che con ingiurie, villanie e calunnie le pi\u00f9 disonoranti, otteneteci dal Signore la grazia di esser sempre anche noi eguamente pronti a soccorrere il nostro prossimo in ogni sua necessit\u00e0 ed a perdonare generosamente, anzi ricambiare con benefici, tutti gli oltraggi che ci venissero fatti, affinch\u00e9 meritiamo in questa vita e nell\u2019altra la beatitudine promossa ai veri mansueti e ai veri misericordiosi.<\/span><\/i><\/p>\n<p><i><span style=\"font-weight: 400;\">Gloria al Padre al Figlio e allo Spirito Santo come era in principio ora e sempre nei secoli dei secoli.<\/span><\/i><\/p>\n<p><b><i>Sesto giorno<\/i><\/b><\/p>\n<p><i><span style=\"font-weight: 400;\">Per quell\u2019ammirabile fortezza che, col raddoppiamento delle orazioni, delle austerit\u00e0 e del fervore. voi dimostraste, o gran Santa, contro tutte le podest\u00e0 dell\u2019interno che scatenate contro di voi vi perseguitarono per tanto tempo con le immagini le pi\u00f9 indegne nelle tentazioni le pi\u00f9 violente, e per la quale riportaste in premio dal divin vostro Sposo, oltre la famigliarit\u00e0 di parlare e trattare con i suoi Santi e colla stessa sua madre Maria, i rapimenti, le estasi, le rivelazioni e le pi\u00f9 i intime comunicazioni con Lui, fino ad essere col dono sensibile di un ricco anello dichiarata sua sposa, otteneteci, vi preghiamo, la grazia d\u2019essere anche noi egualmente forti contro gli assalti dei nostri spirituali nemici, affinch\u00e9 sia premio della nostra fedelt\u00e0 il crescere sempre ogni giorno nell\u2019amore divino, fino a meritarci con sicurezza 1\u2019unione inseparabile col sommo Bene.<\/span><\/i><\/p>\n<p><i><span style=\"font-weight: 400;\">Gloria al Padre al Figlio e allo Spirito Santo come era in principio ora e sempre nei secoli dei secoli.<\/span><\/i><\/p>\n<p><b><i>Settimo giorno<\/i><\/b><\/p>\n<p><i><span style=\"font-weight: 400;\">Per quel lume soprannaturale, cui foste miracolosamente dotata, o gran Santa, per cui poteste servire con molte lettere di consigliera agli stessi romani Pontefici, e venire personalmente da loro consultata, e scoprir loro quello che aveano risoluto nel proprio cuore, ed ottenere da loro la tanto sospirata ripristinazione della Santa Sede in Roma, di cui era priva da settant\u2019anni, otteneteci dal Signore la grazia di conoscer sempre nei nostri dubbi quello che \u00e8 pi\u00f9 conforme ai voleri di Dio e pi\u00f9 conveniente alla salute dell\u2019anima nostra, affinch\u00e9 dallo nostre risoluzioni derivi l\u2019accrescimento cos\u00ec del nostro fervore davanti a Dio, come della nostra edificazione riguardo al prossimo.<\/span><\/i><\/p>\n<p><i><span style=\"font-weight: 400;\">Gloria al Padre al Figlio e allo Spirito Santo come era in principio ora e sempre nei secoli dei secoli.<\/span><\/i><\/p>\n<p><b><i>Ottavo giorno<\/i><\/b><\/p>\n<p><i><span style=\"font-weight: 400;\">Per quella singolarissima divozione che voi aveste, o gran Santa, a Ges\u00f9 Cristo sacramentato, per cui foste pi\u00f9 volte comunicata di sua mano e dissetata al suo costato col divino suo Sangue, quindi perduto il gusto degli alimenti, duraste per otto anni dal principio della Quaresima fino al giorno dell\u2019Ascensione senza cibarvi di altro che della santissima Eucaristia, otteneteci, vi preghiamo, la grazia di portare al santissimo Sacramento un amore simile al vostro, onde facciamo nostra delizia il trattenerci a lungo alla sua presenza, il frequentemente riceverlo nel nostro petto, e il procurargli in ogni circostanza la maggior possibile glorificazione.<\/span><\/i><\/p>\n<p><i><span style=\"font-weight: 400;\">Gloria al Padre al Figlio e allo Spirito Santo come era in principio ora e sempre nei secoli dei secoli.<\/span><\/i><\/p>\n<p><b><i>Nono giorno<\/i><\/b><\/p>\n<p><i><span style=\"font-weight: 400;\">Per quell\u2019amore straordinario che voi aveste ai patimenti per cui ascriveste a gran ventura il soffrire nelle invisibili stimmate tutti i dolori di un corpo crocifisso, e sorpresa dall\u2019ultima infermit\u00e0, vi rendeste spettacolo di ammirazione a tutto il mondo per la serenit\u00e0 e per la gloria con cui soffriste i tormenti pi\u00f9 spaventosi, otteneteci dal Signore la grazia di ricever con cristiana rassegnazione, anzi con santa allegrezza tutte lo croci con che Iddio si compiacer\u00e0 di visitarci, affinch\u00e9, dopo avere portata la mortificazione di Cristo nelle nostre membra, possiamo con voi partecipare alla pienezza della sua beatitudine nella casa dell\u2019eternit\u00e0.<\/span><\/i><\/p>\n<p><i><span style=\"font-weight: 400;\">Gloria al Padre al Figlio e allo Spirito Santo come era in principio ora e sempre nei secoli dei secoli.<\/span><\/i><\/p>\n<p>&nbsp;<\/p>\n","protected":false},"excerpt":{"rendered":"<p>Santa Caterina da Siena, da donna del popolo a consigliera di Papi e principi. Coraggiosa, saggia, e totalmente devota a Cristo. Conosciamo meglio la patrona d&#8217;Italia. Pensando a Caterina da Siena la prima riflessione che sorge \u00e8 come la fede possa riuscire davvero a elevarci&hellip;<\/p>\n","protected":false},"author":1,"featured_media":9337,"comment_status":"closed","ping_status":"open","sticky":false,"template":"","format":"standard","meta":{"_acf_changed":false,"footnotes":""},"categories":[14,16,15],"tags":[],"class_list":["post-9320","post","type-post","status-publish","format-standard","has-post-thumbnail","hentry","category-accessori-liturgia","category-articoli-religiosi","category-santi-e-beati"],"acf":[],"yoast_head":"<!-- This site is optimized with the Yoast SEO plugin v26.6 - https:\/\/yoast.com\/wordpress\/plugins\/seo\/ -->\n<title>Santa Caterina da Siena: patrona d\u2019Italia - Holyblog<\/title>\n<meta name=\"description\" content=\"Santa Caterina da Siena, da donna del popolo a consigliera di Papi e principi. Coraggiosa, saggia, e totalmente devota a Cristo.\" \/>\n<meta name=\"robots\" content=\"index, follow, max-snippet:-1, max-image-preview:large, max-video-preview:-1\" \/>\n<link rel=\"canonical\" href=\"https:\/\/blog.holyart.it\/it\/santi-e-beati\/santa-caterina-da-siena-patrona-ditalia\/\" \/>\n<meta property=\"og:locale\" content=\"it_IT\" \/>\n<meta property=\"og:type\" content=\"article\" \/>\n<meta property=\"og:title\" content=\"Santa Caterina da Siena: patrona d\u2019Italia - Holyblog\" \/>\n<meta property=\"og:description\" content=\"Santa Caterina da Siena, da donna del popolo a consigliera di Papi e principi. Coraggiosa, saggia, e totalmente devota a Cristo.\" \/>\n<meta property=\"og:url\" content=\"https:\/\/blog.holyart.it\/it\/santi-e-beati\/santa-caterina-da-siena-patrona-ditalia\/\" \/>\n<meta property=\"og:site_name\" content=\"Holyblog\" \/>\n<meta property=\"article:published_time\" content=\"2020-04-22T16:03:51+00:00\" \/>\n<meta property=\"article:modified_time\" content=\"2024-04-16T07:46:07+00:00\" \/>\n<meta property=\"og:image\" content=\"https:\/\/blog.holyart.it\/it\/wp-content\/uploads\/sites\/17\/2020\/04\/Santa-Caterina-da-Siena-matrimonio.jpg\" \/>\n\t<meta property=\"og:image:width\" content=\"1000\" \/>\n\t<meta property=\"og:image:height\" content=\"666\" \/>\n\t<meta property=\"og:image:type\" content=\"image\/jpeg\" \/>\n<meta name=\"author\" content=\"Redazione\" \/>\n<meta name=\"twitter:card\" content=\"summary_large_image\" \/>\n<meta name=\"twitter:label1\" content=\"Scritto da\" \/>\n\t<meta name=\"twitter:data1\" content=\"Redazione\" \/>\n\t<meta name=\"twitter:label2\" content=\"Tempo di lettura stimato\" \/>\n\t<meta name=\"twitter:data2\" content=\"16 minuti\" \/>\n<script type=\"application\/ld+json\" class=\"yoast-schema-graph\">{\"@context\":\"https:\/\/schema.org\",\"@graph\":[{\"@type\":\"Article\",\"@id\":\"https:\/\/blog.holyart.it\/it\/santi-e-beati\/santa-caterina-da-siena-patrona-ditalia\/#article\",\"isPartOf\":{\"@id\":\"https:\/\/blog.holyart.it\/it\/santi-e-beati\/santa-caterina-da-siena-patrona-ditalia\/\"},\"author\":{\"name\":\"Redazione\",\"@id\":\"https:\/\/blog.holyart.it\/it\/#\/schema\/person\/0a7b686e5af0f856ec1e390dd0baecda\"},\"headline\":\"Santa Caterina da Siena: patrona d\u2019Italia\",\"datePublished\":\"2020-04-22T16:03:51+00:00\",\"dateModified\":\"2024-04-16T07:46:07+00:00\",\"mainEntityOfPage\":{\"@id\":\"https:\/\/blog.holyart.it\/it\/santi-e-beati\/santa-caterina-da-siena-patrona-ditalia\/\"},\"wordCount\":2679,\"publisher\":{\"@id\":\"https:\/\/blog.holyart.it\/it\/#organization\"},\"image\":{\"@id\":\"https:\/\/blog.holyart.it\/it\/santi-e-beati\/santa-caterina-da-siena-patrona-ditalia\/#primaryimage\"},\"thumbnailUrl\":\"https:\/\/blog.holyart.it\/it\/wp-content\/uploads\/sites\/17\/2020\/04\/Santa-Caterina-da-Siena-matrimonio.jpg\",\"articleSection\":[\"Liturgia\",\"Religione\",\"Santi e beati\"],\"inLanguage\":\"it-IT\"},{\"@type\":\"WebPage\",\"@id\":\"https:\/\/blog.holyart.it\/it\/santi-e-beati\/santa-caterina-da-siena-patrona-ditalia\/\",\"url\":\"https:\/\/blog.holyart.it\/it\/santi-e-beati\/santa-caterina-da-siena-patrona-ditalia\/\",\"name\":\"Santa Caterina da Siena: patrona d\u2019Italia - Holyblog\",\"isPartOf\":{\"@id\":\"https:\/\/blog.holyart.it\/it\/#website\"},\"primaryImageOfPage\":{\"@id\":\"https:\/\/blog.holyart.it\/it\/santi-e-beati\/santa-caterina-da-siena-patrona-ditalia\/#primaryimage\"},\"image\":{\"@id\":\"https:\/\/blog.holyart.it\/it\/santi-e-beati\/santa-caterina-da-siena-patrona-ditalia\/#primaryimage\"},\"thumbnailUrl\":\"https:\/\/blog.holyart.it\/it\/wp-content\/uploads\/sites\/17\/2020\/04\/Santa-Caterina-da-Siena-matrimonio.jpg\",\"datePublished\":\"2020-04-22T16:03:51+00:00\",\"dateModified\":\"2024-04-16T07:46:07+00:00\",\"description\":\"Santa Caterina da Siena, da donna del popolo a consigliera di Papi e principi. Coraggiosa, saggia, e totalmente devota a Cristo.\",\"breadcrumb\":{\"@id\":\"https:\/\/blog.holyart.it\/it\/santi-e-beati\/santa-caterina-da-siena-patrona-ditalia\/#breadcrumb\"},\"inLanguage\":\"it-IT\",\"potentialAction\":[{\"@type\":\"ReadAction\",\"target\":[\"https:\/\/blog.holyart.it\/it\/santi-e-beati\/santa-caterina-da-siena-patrona-ditalia\/\"]}]},{\"@type\":\"ImageObject\",\"inLanguage\":\"it-IT\",\"@id\":\"https:\/\/blog.holyart.it\/it\/santi-e-beati\/santa-caterina-da-siena-patrona-ditalia\/#primaryimage\",\"url\":\"https:\/\/blog.holyart.it\/it\/wp-content\/uploads\/sites\/17\/2020\/04\/Santa-Caterina-da-Siena-matrimonio.jpg\",\"contentUrl\":\"https:\/\/blog.holyart.it\/it\/wp-content\/uploads\/sites\/17\/2020\/04\/Santa-Caterina-da-Siena-matrimonio.jpg\",\"width\":1000,\"height\":666,\"caption\":\"Santa Caterina da Siena matrimonio\"},{\"@type\":\"BreadcrumbList\",\"@id\":\"https:\/\/blog.holyart.it\/it\/santi-e-beati\/santa-caterina-da-siena-patrona-ditalia\/#breadcrumb\",\"itemListElement\":[{\"@type\":\"ListItem\",\"position\":1,\"name\":\"Homepage\",\"item\":\"https:\/\/blog.holyart.it\/it\/\"},{\"@type\":\"ListItem\",\"position\":2,\"name\":\"Santi e beati\",\"item\":\"https:\/\/blog.holyart.it\/it\/santi-e-beati\/\"},{\"@type\":\"ListItem\",\"position\":3,\"name\":\"Santa Caterina da Siena: patrona d\u2019Italia\"}]},{\"@type\":\"WebSite\",\"@id\":\"https:\/\/blog.holyart.it\/it\/#website\",\"url\":\"https:\/\/blog.holyart.it\/it\/\",\"name\":\"Holyblog\",\"description\":\"Il Blog di Holyart.it\",\"publisher\":{\"@id\":\"https:\/\/blog.holyart.it\/it\/#organization\"},\"potentialAction\":[{\"@type\":\"SearchAction\",\"target\":{\"@type\":\"EntryPoint\",\"urlTemplate\":\"https:\/\/blog.holyart.it\/it\/?s={search_term_string}\"},\"query-input\":{\"@type\":\"PropertyValueSpecification\",\"valueRequired\":true,\"valueName\":\"search_term_string\"}}],\"inLanguage\":\"it-IT\"},{\"@type\":\"Organization\",\"@id\":\"https:\/\/blog.holyart.it\/it\/#organization\",\"name\":\"Holyblog\",\"url\":\"https:\/\/blog.holyart.it\/it\/\",\"logo\":{\"@type\":\"ImageObject\",\"inLanguage\":\"it-IT\",\"@id\":\"https:\/\/blog.holyart.it\/it\/#\/schema\/logo\/image\/\",\"url\":\"https:\/\/blog.holyart.it\/it\/wp-content\/uploads\/sites\/17\/2022\/12\/Holyart_Blog_Logo.jpg\",\"contentUrl\":\"https:\/\/blog.holyart.it\/it\/wp-content\/uploads\/sites\/17\/2022\/12\/Holyart_Blog_Logo.jpg\",\"width\":300,\"height\":50,\"caption\":\"Holyblog\"},\"image\":{\"@id\":\"https:\/\/blog.holyart.it\/it\/#\/schema\/logo\/image\/\"}},{\"@type\":\"Person\",\"@id\":\"https:\/\/blog.holyart.it\/it\/#\/schema\/person\/0a7b686e5af0f856ec1e390dd0baecda\",\"name\":\"Redazione\"}]}<\/script>\n<!-- \/ Yoast SEO plugin. -->","yoast_head_json":{"title":"Santa Caterina da Siena: patrona d\u2019Italia - Holyblog","description":"Santa Caterina da Siena, da donna del popolo a consigliera di Papi e principi. Coraggiosa, saggia, e totalmente devota a Cristo.","robots":{"index":"index","follow":"follow","max-snippet":"max-snippet:-1","max-image-preview":"max-image-preview:large","max-video-preview":"max-video-preview:-1"},"canonical":"https:\/\/blog.holyart.it\/it\/santi-e-beati\/santa-caterina-da-siena-patrona-ditalia\/","og_locale":"it_IT","og_type":"article","og_title":"Santa Caterina da Siena: patrona d\u2019Italia - Holyblog","og_description":"Santa Caterina da Siena, da donna del popolo a consigliera di Papi e principi. Coraggiosa, saggia, e totalmente devota a Cristo.","og_url":"https:\/\/blog.holyart.it\/it\/santi-e-beati\/santa-caterina-da-siena-patrona-ditalia\/","og_site_name":"Holyblog","article_published_time":"2020-04-22T16:03:51+00:00","article_modified_time":"2024-04-16T07:46:07+00:00","og_image":[{"width":1000,"height":666,"url":"https:\/\/blog.holyart.it\/it\/wp-content\/uploads\/sites\/17\/2020\/04\/Santa-Caterina-da-Siena-matrimonio.jpg","type":"image\/jpeg"}],"author":"Redazione","twitter_card":"summary_large_image","twitter_misc":{"Scritto da":"Redazione","Tempo di lettura stimato":"16 minuti"},"schema":{"@context":"https:\/\/schema.org","@graph":[{"@type":"Article","@id":"https:\/\/blog.holyart.it\/it\/santi-e-beati\/santa-caterina-da-siena-patrona-ditalia\/#article","isPartOf":{"@id":"https:\/\/blog.holyart.it\/it\/santi-e-beati\/santa-caterina-da-siena-patrona-ditalia\/"},"author":{"name":"Redazione","@id":"https:\/\/blog.holyart.it\/it\/#\/schema\/person\/0a7b686e5af0f856ec1e390dd0baecda"},"headline":"Santa Caterina da Siena: patrona d\u2019Italia","datePublished":"2020-04-22T16:03:51+00:00","dateModified":"2024-04-16T07:46:07+00:00","mainEntityOfPage":{"@id":"https:\/\/blog.holyart.it\/it\/santi-e-beati\/santa-caterina-da-siena-patrona-ditalia\/"},"wordCount":2679,"publisher":{"@id":"https:\/\/blog.holyart.it\/it\/#organization"},"image":{"@id":"https:\/\/blog.holyart.it\/it\/santi-e-beati\/santa-caterina-da-siena-patrona-ditalia\/#primaryimage"},"thumbnailUrl":"https:\/\/blog.holyart.it\/it\/wp-content\/uploads\/sites\/17\/2020\/04\/Santa-Caterina-da-Siena-matrimonio.jpg","articleSection":["Liturgia","Religione","Santi e beati"],"inLanguage":"it-IT"},{"@type":"WebPage","@id":"https:\/\/blog.holyart.it\/it\/santi-e-beati\/santa-caterina-da-siena-patrona-ditalia\/","url":"https:\/\/blog.holyart.it\/it\/santi-e-beati\/santa-caterina-da-siena-patrona-ditalia\/","name":"Santa Caterina da Siena: patrona d\u2019Italia - Holyblog","isPartOf":{"@id":"https:\/\/blog.holyart.it\/it\/#website"},"primaryImageOfPage":{"@id":"https:\/\/blog.holyart.it\/it\/santi-e-beati\/santa-caterina-da-siena-patrona-ditalia\/#primaryimage"},"image":{"@id":"https:\/\/blog.holyart.it\/it\/santi-e-beati\/santa-caterina-da-siena-patrona-ditalia\/#primaryimage"},"thumbnailUrl":"https:\/\/blog.holyart.it\/it\/wp-content\/uploads\/sites\/17\/2020\/04\/Santa-Caterina-da-Siena-matrimonio.jpg","datePublished":"2020-04-22T16:03:51+00:00","dateModified":"2024-04-16T07:46:07+00:00","description":"Santa Caterina da Siena, da donna del popolo a consigliera di Papi e principi. Coraggiosa, saggia, e totalmente devota a Cristo.","breadcrumb":{"@id":"https:\/\/blog.holyart.it\/it\/santi-e-beati\/santa-caterina-da-siena-patrona-ditalia\/#breadcrumb"},"inLanguage":"it-IT","potentialAction":[{"@type":"ReadAction","target":["https:\/\/blog.holyart.it\/it\/santi-e-beati\/santa-caterina-da-siena-patrona-ditalia\/"]}]},{"@type":"ImageObject","inLanguage":"it-IT","@id":"https:\/\/blog.holyart.it\/it\/santi-e-beati\/santa-caterina-da-siena-patrona-ditalia\/#primaryimage","url":"https:\/\/blog.holyart.it\/it\/wp-content\/uploads\/sites\/17\/2020\/04\/Santa-Caterina-da-Siena-matrimonio.jpg","contentUrl":"https:\/\/blog.holyart.it\/it\/wp-content\/uploads\/sites\/17\/2020\/04\/Santa-Caterina-da-Siena-matrimonio.jpg","width":1000,"height":666,"caption":"Santa Caterina da Siena matrimonio"},{"@type":"BreadcrumbList","@id":"https:\/\/blog.holyart.it\/it\/santi-e-beati\/santa-caterina-da-siena-patrona-ditalia\/#breadcrumb","itemListElement":[{"@type":"ListItem","position":1,"name":"Homepage","item":"https:\/\/blog.holyart.it\/it\/"},{"@type":"ListItem","position":2,"name":"Santi e beati","item":"https:\/\/blog.holyart.it\/it\/santi-e-beati\/"},{"@type":"ListItem","position":3,"name":"Santa Caterina da Siena: patrona d\u2019Italia"}]},{"@type":"WebSite","@id":"https:\/\/blog.holyart.it\/it\/#website","url":"https:\/\/blog.holyart.it\/it\/","name":"Holyblog","description":"Il Blog di Holyart.it","publisher":{"@id":"https:\/\/blog.holyart.it\/it\/#organization"},"potentialAction":[{"@type":"SearchAction","target":{"@type":"EntryPoint","urlTemplate":"https:\/\/blog.holyart.it\/it\/?s={search_term_string}"},"query-input":{"@type":"PropertyValueSpecification","valueRequired":true,"valueName":"search_term_string"}}],"inLanguage":"it-IT"},{"@type":"Organization","@id":"https:\/\/blog.holyart.it\/it\/#organization","name":"Holyblog","url":"https:\/\/blog.holyart.it\/it\/","logo":{"@type":"ImageObject","inLanguage":"it-IT","@id":"https:\/\/blog.holyart.it\/it\/#\/schema\/logo\/image\/","url":"https:\/\/blog.holyart.it\/it\/wp-content\/uploads\/sites\/17\/2022\/12\/Holyart_Blog_Logo.jpg","contentUrl":"https:\/\/blog.holyart.it\/it\/wp-content\/uploads\/sites\/17\/2022\/12\/Holyart_Blog_Logo.jpg","width":300,"height":50,"caption":"Holyblog"},"image":{"@id":"https:\/\/blog.holyart.it\/it\/#\/schema\/logo\/image\/"}},{"@type":"Person","@id":"https:\/\/blog.holyart.it\/it\/#\/schema\/person\/0a7b686e5af0f856ec1e390dd0baecda","name":"Redazione"}]}},"_links":{"self":[{"href":"https:\/\/blog.holyart.it\/it\/wp-json\/wp\/v2\/posts\/9320","targetHints":{"allow":["GET"]}}],"collection":[{"href":"https:\/\/blog.holyart.it\/it\/wp-json\/wp\/v2\/posts"}],"about":[{"href":"https:\/\/blog.holyart.it\/it\/wp-json\/wp\/v2\/types\/post"}],"author":[{"embeddable":true,"href":"https:\/\/blog.holyart.it\/it\/wp-json\/wp\/v2\/users\/1"}],"replies":[{"embeddable":true,"href":"https:\/\/blog.holyart.it\/it\/wp-json\/wp\/v2\/comments?post=9320"}],"version-history":[{"count":1,"href":"https:\/\/blog.holyart.it\/it\/wp-json\/wp\/v2\/posts\/9320\/revisions"}],"predecessor-version":[{"id":17580,"href":"https:\/\/blog.holyart.it\/it\/wp-json\/wp\/v2\/posts\/9320\/revisions\/17580"}],"wp:featuredmedia":[{"embeddable":true,"href":"https:\/\/blog.holyart.it\/it\/wp-json\/wp\/v2\/media\/9337"}],"wp:attachment":[{"href":"https:\/\/blog.holyart.it\/it\/wp-json\/wp\/v2\/media?parent=9320"}],"wp:term":[{"taxonomy":"category","embeddable":true,"href":"https:\/\/blog.holyart.it\/it\/wp-json\/wp\/v2\/categories?post=9320"},{"taxonomy":"post_tag","embeddable":true,"href":"https:\/\/blog.holyart.it\/it\/wp-json\/wp\/v2\/tags?post=9320"}],"curies":[{"name":"wp","href":"https:\/\/api.w.org\/{rel}","templated":true}]}}