{"id":927,"date":"2017-10-03T10:36:46","date_gmt":"2017-10-03T08:36:46","guid":{"rendered":"https:\/\/blog.holyart.it\/it\/?p=927"},"modified":"2019-07-04T14:51:02","modified_gmt":"2019-07-04T12:51:02","slug":"la-preghiera-del-mattino-iniziare-bene-la-giornata","status":"publish","type":"post","link":"https:\/\/blog.holyart.it\/it\/accessori-liturgia\/la-preghiera-del-mattino-iniziare-bene-la-giornata\/","title":{"rendered":"La preghiera del mattino: come iniziare bene la giornata"},"content":{"rendered":"<p>Ges\u00f9 ha detto ai suoi discepoli e ai suoi amici di pregare, di pregare sempre, senza stancarsi. Da questa esortazione nasce la <strong>Liturgia delle Ore<\/strong>, che determina nell\u2019arco dell\u2019intera giornata dei momenti di preghiera, in modo che ogni istante della nostra vita sia una lode a Dio. \u00c8 cos\u00ec che un buon cristiano dovrebbe vivere ogni giorno, in comunione con Cristo,\u00a0<a href=\"https:\/\/www.holyart.it\/blog\/accessori-liturgia\/dieci-regole-seguire-si-prega\/\"><span style=\"color: #0000ff;\"><strong>santificando con la preghiera il giorno e la notte<\/strong><\/span>.<\/a> Ma non sempre \u00e8 facile. I ritmi frenetici della vita moderna, il lavoro, gli innumerevoli impegni rendono difficoltoso per la maggior parte dei fedeli ottemperare a tutti gli appuntamenti previsti dalla Liturgia delle Ore, perfino ai due appuntamenti con le Ore canoniche, le <strong>Lodi mattutine<\/strong> e i <strong>Vespri<\/strong>, che tutti sarebbero tenuti a celebrare ogni giorno all\u2019inizio della giornata e al tramonto.<\/p>\n<h2>L&#8217;offerta del mattino<\/h2>\n<p>Ma Ges\u00f9 conosce questi impedimenti, ci \u00e8 vicino in ogni istante della nostra vita e sa bene quanto sia difficile in certi giorni riuscire a portare a termine tutto. Cos\u00ec comprende se non riusciamo a dedicare abbastanza tempo alle preghiere ogni giorno, se qualche volta \u2018saltiamo\u2019, o ci limitiamo a brevi momenti.<\/p>\n<p>Esiste per\u00f2 un buon modo per cominciare la giornata, appena dopo il risveglio, ed \u00e8 <strong>l\u2019Offerta del mattino<\/strong>.<\/p>\n<p>Di cosa si tratta? \u00c8 semplice, e lo dice la definizione stessa: si tratta di offrire la propria giornata a Ges\u00f9.<\/p>\n<p>Cos\u00ec, aprendo gli occhi, o prima ancora di farlo, il nostro primo pensiero dovrebbe essere: \u201cSignore, offro a Te questo giorno.\u201d<\/p>\n<figure id=\"attachment_989\" aria-describedby=\"caption-attachment-989\" style=\"width: 300px\" class=\"wp-caption alignright\"><img loading=\"lazy\" decoding=\"async\" class=\"size-medium wp-image-989\" src=\"https:\/\/blog.holyart.it\/it\/wp-content\/uploads\/sites\/17\/2017\/10\/pregare-da-mattino-a-sera-foto-sul-testo-300x300.jpg\" alt=\"pregare per iniziare bene la giornata\" width=\"300\" height=\"300\" \/><figcaption id=\"caption-attachment-989\" class=\"wp-caption-text\"><center><span style=\"color: #0000ff;\"><strong><a style=\"color: #0000ff;\" href=\"https:\/\/www.holyart.it\/it\/articoli-religiosi\/libri-e-testi-sacri\/liturgia-delle-ore\/preghiera-del-mattino-e-della-sera-tascabile-15x10-cm\">Acquista su Holyart &#8220;La preghiera del mattino e della sera&#8221;<\/a><\/strong><\/span><\/center><\/figcaption><\/figure>\n<p>Tutto qui? In realt\u00e0 s\u00ec. Poi ognuno pu\u00f2 arricchire la propria preghiera con formule personali, o scegliendo tra le tante Offerte del mattino composte nei secoli da uomini e donne devoti.<\/p>\n<p>L\u2019Offerta del mattino aiuta ad affrontare la giornata con la giusta carica, nella piena consapevolezza che, fin dal risveglio, Ges\u00f9 \u00e8 al nostro fianco, che le nostre vittorie sono le sue vittorie, le nostre delusioni le sue delusioni, e che tutto ci\u00f2 che di bello e di brutto ci capiter\u00e0 nell\u2019arco della giornata lo condivideremo comunque con Lui. \u00c8 un modo per porsi nelle mani di Dio, per ribadire che accettiamo la sua volont\u00e0, e che, comunque vada, sar\u00e0 un buon giorno, perch\u00e9 lo avremo dedicato a Lui.<\/p>\n<p>Papa Giovanni Paolo II ha riconosciuto nell\u2019Offerta del mattino un atto fondamentale nella vita di ciascun fedele. Non esiste crescita spirituale senza l\u2019Offerta del mattino.<\/p>\n<h2>La Preghiera \u00e8 energia per affrontare la giornata<\/h2>\n<p>\u00c8 un po\u2019come dire: \u201cChi ben comincia\u2026\u201d<\/p>\n<p>Ovviamente non sar\u00e0 sufficiente recitarla per essere sicuri che la giornata sar\u00e0 perfetta. Come ha fatto notare il nostro Papa Francesco \u201cLa preghiera non \u00e8 una bacchetta magica!\u201d Per\u00f2 \u00e8 comprovato che chi si affida a questa buona abitudine in modo costante, ne trae un\u2019energia notevole per affrontare la giornata con una marcia in pi\u00f9.<\/p>\n<p>Come dicevamo, nel corso dei secoli molti grandi uomini e donne di chiesa hanno scritto riguardo all\u2019Offerta del mattino. Non esistono tuttavia regole precise su cosa dire e come dirlo, n\u00e9 uno schema univoco. Dal momento che <strong>si tratta di un dialogo tra noi e Dio<\/strong>, \u00e8 giusto che ognuno si esprima nel modo che gli \u00e8 pi\u00f9 congeniale, mettendo a nudo il proprio cuore e mettendo il proprio spirito nelle meni del Signore.<\/p>\n<p>La prima cosa da fare sar\u00e0 sicuramente ringraziare Ges\u00f9 per averci fatto trascorrere una notte serena e aver vegliato sul nostro sonno, e chiedere perdono per gli eventuali peccati commessi e per quelli che potremmo commettere nella giornata che ci aspetta. Questo dovrebbe darci anche la consapevolezza che il giorno che si apre davanti a noi \u00e8 pieno di occasioni per sbagliare, ma anche per fare cose buone, che ci facciano sentire bene e ci facciano avvicinare un po\u2019 di pi\u00f9 alla Grazia. \u00c8 con questa consapevolezza che dobbiamo prepararci ad affrontare tutto ci\u00f2 che il giorno ci riserver\u00e0, ringraziando Dio per darci la possibilit\u00e0 di viverlo, e di farlo al meglio delle nostre possibilit\u00e0, se solo lo vogliamo.<\/p>\n<h2>L&#8217;Offerta del Mattino per essere grati a Ges\u00f9<\/h2>\n<p>Nel corso dell\u2019<strong>Offerta del mattino <\/strong>dobbiamo pianificare quella che sar\u00e0 la nostra giornata, in base a quello che dovremo affrontare: lavoro, occasioni di incontro, visite. Se ci saremo preparati prima arriveremo a ogni momento con la carica giusta, con l\u2019atteggiamento mentale corretto, con le parole pronte sulle labbra, e cos\u00ec eviteremo di arrabbiarci, di perdere il controllo, o la pazienza, di restare delusi, di far arrabbiare qualcuno o permettere alla sua rabbia di contagiarci. Promettendo a Ges\u00f9 che \u00e8 nostra ferma intenzione fare del nostro meglio per far s\u00ec che il giorno che gli stiamo offrendo sia degno di lui, ci impegniamo a comportarci bene, a renderlo fiero di noi. Ancora, \u00e8 importante nel corso dell\u2019Offerta, <strong>essere sempre umili<\/strong>. Tutto ci\u00f2 che siamo, tutto ci\u00f2 che possiamo fare, lo dobbiamo a Dio e solo a Lui. Da soli non potremmo fare nulla di buono, n\u00e9 evitare di compiere del male. \u00c8 a Lui e alla Sua infinita Misericordia che dobbiamo appellarci, perch\u00e9 guidi i nostri passi, le nostre scelte, perch\u00e9 sostenga con la Sua forza il nostro cuore, le nostre mani, le nostre parole. Anche in questo caso ci sono tante parole scritte da uomini pi\u00f9 capaci che possiamo fare nostre per rendere la nostra preghiera davvero gradita e la nostra offerta un inno gioioso e uno splendido modo per cominciare la giornata.<\/p>\n<p>Sar\u00e0 anche bello <strong>coinvolgere tutta la famiglia in questa pratica<\/strong>. Alcune persone preferiscono recitare l\u2019Offerta del mattino in comunione con quelli che amano, con i loro figli, per esempio. Altri preferiscono farlo privatamente, invitando i loro cari a fare lo stesso. <strong>Non esiste un modo sbagliato per dedicare il nuovo giorno a Ges\u00f9<\/strong>, purch\u00e9 venga fatto, e con il cuore a fior di labbra.<\/p>\n<p>Anche scegliere di recitare preghiere di nostra invenzione \u00e8 un modo per rendere grazia a Dio, per dimostrargli che il nostro pensiero \u00e8 costantemente proteso verso di lui. \u00c8 come se decidessimo di dichiarargli il nostro amore con parole nostre, forse meno alte ed efficaci rispetto a quelle dei salmisti o dei santi, ma certamente sentite, pronunciate con il fervore di un\u2019anima devota.<\/p>\n<p>In alternativa, \u00e8 possibile trovare davvero tante preghiere, anche in Rete, per riuscire a dare voce al nostro amore, al nostro saluto mattutino.<\/p>\n","protected":false},"excerpt":{"rendered":"<p>Ges\u00f9 ha detto ai suoi discepoli e ai suoi amici di pregare, di pregare sempre, senza stancarsi. Da questa esortazione nasce la Liturgia delle Ore, che determina nell\u2019arco dell\u2019intera giornata dei momenti di preghiera, in modo che ogni istante della nostra vita sia una lode&hellip;<\/p>\n","protected":false},"author":1,"featured_media":928,"comment_status":"closed","ping_status":"open","sticky":false,"template":"","format":"standard","meta":{"_acf_changed":false,"footnotes":""},"categories":[14],"tags":[],"class_list":["post-927","post","type-post","status-publish","format-standard","has-post-thumbnail","hentry","category-accessori-liturgia"],"acf":[],"yoast_head":"<!-- This site is optimized with the Yoast SEO plugin v26.6 - https:\/\/yoast.com\/wordpress\/plugins\/seo\/ -->\n<title>La preghiera del mattino: come iniziare bene la giornata<\/title>\n<meta name=\"description\" content=\"Esiste per\u00f2 un buon modo per cominciare la giornata, appena dopo il risveglio, ed \u00e8 l\u2019Offerta del mattino per santificare Ges\u00f9 con la preghiera.\" \/>\n<meta name=\"robots\" content=\"index, follow, max-snippet:-1, max-image-preview:large, max-video-preview:-1\" \/>\n<link rel=\"canonical\" href=\"https:\/\/blog.holyart.it\/it\/accessori-liturgia\/la-preghiera-del-mattino-iniziare-bene-la-giornata\/\" \/>\n<meta property=\"og:locale\" content=\"it_IT\" \/>\n<meta property=\"og:type\" content=\"article\" \/>\n<meta property=\"og:title\" content=\"La preghiera del mattino: come iniziare bene la giornata\" \/>\n<meta property=\"og:description\" content=\"Esiste per\u00f2 un buon modo per cominciare la giornata, appena dopo il risveglio, ed \u00e8 l\u2019Offerta del mattino per santificare Ges\u00f9 con la preghiera.\" \/>\n<meta property=\"og:url\" content=\"https:\/\/blog.holyart.it\/it\/accessori-liturgia\/la-preghiera-del-mattino-iniziare-bene-la-giornata\/\" \/>\n<meta property=\"og:site_name\" content=\"Holyblog\" \/>\n<meta property=\"article:published_time\" content=\"2017-10-03T08:36:46+00:00\" \/>\n<meta property=\"article:modified_time\" content=\"2019-07-04T12:51:02+00:00\" \/>\n<meta property=\"og:image\" content=\"https:\/\/blog.holyart.it\/it\/wp-content\/uploads\/sites\/17\/2017\/10\/pregare-al-mattino.jpg\" \/>\n\t<meta property=\"og:image:width\" content=\"1000\" \/>\n\t<meta property=\"og:image:height\" content=\"666\" \/>\n\t<meta property=\"og:image:type\" content=\"image\/jpeg\" \/>\n<meta name=\"author\" content=\"Redazione\" \/>\n<meta name=\"twitter:card\" content=\"summary_large_image\" \/>\n<meta name=\"twitter:label1\" content=\"Scritto da\" \/>\n\t<meta name=\"twitter:data1\" content=\"Redazione\" \/>\n\t<meta name=\"twitter:label2\" content=\"Tempo di lettura stimato\" \/>\n\t<meta name=\"twitter:data2\" content=\"5 minuti\" \/>\n<script type=\"application\/ld+json\" class=\"yoast-schema-graph\">{\"@context\":\"https:\/\/schema.org\",\"@graph\":[{\"@type\":\"Article\",\"@id\":\"https:\/\/blog.holyart.it\/it\/accessori-liturgia\/la-preghiera-del-mattino-iniziare-bene-la-giornata\/#article\",\"isPartOf\":{\"@id\":\"https:\/\/blog.holyart.it\/it\/accessori-liturgia\/la-preghiera-del-mattino-iniziare-bene-la-giornata\/\"},\"author\":{\"name\":\"Redazione\",\"@id\":\"https:\/\/blog.holyart.it\/it\/#\/schema\/person\/0a7b686e5af0f856ec1e390dd0baecda\"},\"headline\":\"La preghiera del mattino: come iniziare bene la giornata\",\"datePublished\":\"2017-10-03T08:36:46+00:00\",\"dateModified\":\"2019-07-04T12:51:02+00:00\",\"mainEntityOfPage\":{\"@id\":\"https:\/\/blog.holyart.it\/it\/accessori-liturgia\/la-preghiera-del-mattino-iniziare-bene-la-giornata\/\"},\"wordCount\":1055,\"publisher\":{\"@id\":\"https:\/\/blog.holyart.it\/it\/#organization\"},\"image\":{\"@id\":\"https:\/\/blog.holyart.it\/it\/accessori-liturgia\/la-preghiera-del-mattino-iniziare-bene-la-giornata\/#primaryimage\"},\"thumbnailUrl\":\"https:\/\/blog.holyart.it\/it\/wp-content\/uploads\/sites\/17\/2017\/10\/pregare-al-mattino.jpg\",\"articleSection\":[\"Liturgia\"],\"inLanguage\":\"it-IT\"},{\"@type\":\"WebPage\",\"@id\":\"https:\/\/blog.holyart.it\/it\/accessori-liturgia\/la-preghiera-del-mattino-iniziare-bene-la-giornata\/\",\"url\":\"https:\/\/blog.holyart.it\/it\/accessori-liturgia\/la-preghiera-del-mattino-iniziare-bene-la-giornata\/\",\"name\":\"La preghiera del mattino: come iniziare bene la giornata\",\"isPartOf\":{\"@id\":\"https:\/\/blog.holyart.it\/it\/#website\"},\"primaryImageOfPage\":{\"@id\":\"https:\/\/blog.holyart.it\/it\/accessori-liturgia\/la-preghiera-del-mattino-iniziare-bene-la-giornata\/#primaryimage\"},\"image\":{\"@id\":\"https:\/\/blog.holyart.it\/it\/accessori-liturgia\/la-preghiera-del-mattino-iniziare-bene-la-giornata\/#primaryimage\"},\"thumbnailUrl\":\"https:\/\/blog.holyart.it\/it\/wp-content\/uploads\/sites\/17\/2017\/10\/pregare-al-mattino.jpg\",\"datePublished\":\"2017-10-03T08:36:46+00:00\",\"dateModified\":\"2019-07-04T12:51:02+00:00\",\"description\":\"Esiste per\u00f2 un buon modo per cominciare la giornata, appena dopo il risveglio, ed \u00e8 l\u2019Offerta del mattino per santificare Ges\u00f9 con la preghiera.\",\"breadcrumb\":{\"@id\":\"https:\/\/blog.holyart.it\/it\/accessori-liturgia\/la-preghiera-del-mattino-iniziare-bene-la-giornata\/#breadcrumb\"},\"inLanguage\":\"it-IT\",\"potentialAction\":[{\"@type\":\"ReadAction\",\"target\":[\"https:\/\/blog.holyart.it\/it\/accessori-liturgia\/la-preghiera-del-mattino-iniziare-bene-la-giornata\/\"]}]},{\"@type\":\"ImageObject\",\"inLanguage\":\"it-IT\",\"@id\":\"https:\/\/blog.holyart.it\/it\/accessori-liturgia\/la-preghiera-del-mattino-iniziare-bene-la-giornata\/#primaryimage\",\"url\":\"https:\/\/blog.holyart.it\/it\/wp-content\/uploads\/sites\/17\/2017\/10\/pregare-al-mattino.jpg\",\"contentUrl\":\"https:\/\/blog.holyart.it\/it\/wp-content\/uploads\/sites\/17\/2017\/10\/pregare-al-mattino.jpg\",\"width\":1000,\"height\":666,\"caption\":\"pregare mattino e sera\"},{\"@type\":\"BreadcrumbList\",\"@id\":\"https:\/\/blog.holyart.it\/it\/accessori-liturgia\/la-preghiera-del-mattino-iniziare-bene-la-giornata\/#breadcrumb\",\"itemListElement\":[{\"@type\":\"ListItem\",\"position\":1,\"name\":\"Homepage\",\"item\":\"https:\/\/blog.holyart.it\/it\/\"},{\"@type\":\"ListItem\",\"position\":2,\"name\":\"Liturgia\",\"item\":\"https:\/\/blog.holyart.it\/it\/accessori-liturgia\/\"},{\"@type\":\"ListItem\",\"position\":3,\"name\":\"La preghiera del mattino: come iniziare bene la giornata\"}]},{\"@type\":\"WebSite\",\"@id\":\"https:\/\/blog.holyart.it\/it\/#website\",\"url\":\"https:\/\/blog.holyart.it\/it\/\",\"name\":\"Holyblog\",\"description\":\"Il Blog di Holyart.it\",\"publisher\":{\"@id\":\"https:\/\/blog.holyart.it\/it\/#organization\"},\"potentialAction\":[{\"@type\":\"SearchAction\",\"target\":{\"@type\":\"EntryPoint\",\"urlTemplate\":\"https:\/\/blog.holyart.it\/it\/?s={search_term_string}\"},\"query-input\":{\"@type\":\"PropertyValueSpecification\",\"valueRequired\":true,\"valueName\":\"search_term_string\"}}],\"inLanguage\":\"it-IT\"},{\"@type\":\"Organization\",\"@id\":\"https:\/\/blog.holyart.it\/it\/#organization\",\"name\":\"Holyblog\",\"url\":\"https:\/\/blog.holyart.it\/it\/\",\"logo\":{\"@type\":\"ImageObject\",\"inLanguage\":\"it-IT\",\"@id\":\"https:\/\/blog.holyart.it\/it\/#\/schema\/logo\/image\/\",\"url\":\"https:\/\/blog.holyart.it\/it\/wp-content\/uploads\/sites\/17\/2022\/12\/Holyart_Blog_Logo.jpg\",\"contentUrl\":\"https:\/\/blog.holyart.it\/it\/wp-content\/uploads\/sites\/17\/2022\/12\/Holyart_Blog_Logo.jpg\",\"width\":300,\"height\":50,\"caption\":\"Holyblog\"},\"image\":{\"@id\":\"https:\/\/blog.holyart.it\/it\/#\/schema\/logo\/image\/\"}},{\"@type\":\"Person\",\"@id\":\"https:\/\/blog.holyart.it\/it\/#\/schema\/person\/0a7b686e5af0f856ec1e390dd0baecda\",\"name\":\"Redazione\"}]}<\/script>\n<!-- \/ Yoast SEO plugin. -->","yoast_head_json":{"title":"La preghiera del mattino: come iniziare bene la giornata","description":"Esiste per\u00f2 un buon modo per cominciare la giornata, appena dopo il risveglio, ed \u00e8 l\u2019Offerta del mattino per santificare Ges\u00f9 con la preghiera.","robots":{"index":"index","follow":"follow","max-snippet":"max-snippet:-1","max-image-preview":"max-image-preview:large","max-video-preview":"max-video-preview:-1"},"canonical":"https:\/\/blog.holyart.it\/it\/accessori-liturgia\/la-preghiera-del-mattino-iniziare-bene-la-giornata\/","og_locale":"it_IT","og_type":"article","og_title":"La preghiera del mattino: come iniziare bene la giornata","og_description":"Esiste per\u00f2 un buon modo per cominciare la giornata, appena dopo il risveglio, ed \u00e8 l\u2019Offerta del mattino per santificare Ges\u00f9 con la preghiera.","og_url":"https:\/\/blog.holyart.it\/it\/accessori-liturgia\/la-preghiera-del-mattino-iniziare-bene-la-giornata\/","og_site_name":"Holyblog","article_published_time":"2017-10-03T08:36:46+00:00","article_modified_time":"2019-07-04T12:51:02+00:00","og_image":[{"width":1000,"height":666,"url":"https:\/\/blog.holyart.it\/it\/wp-content\/uploads\/sites\/17\/2017\/10\/pregare-al-mattino.jpg","type":"image\/jpeg"}],"author":"Redazione","twitter_card":"summary_large_image","twitter_misc":{"Scritto da":"Redazione","Tempo di lettura stimato":"5 minuti"},"schema":{"@context":"https:\/\/schema.org","@graph":[{"@type":"Article","@id":"https:\/\/blog.holyart.it\/it\/accessori-liturgia\/la-preghiera-del-mattino-iniziare-bene-la-giornata\/#article","isPartOf":{"@id":"https:\/\/blog.holyart.it\/it\/accessori-liturgia\/la-preghiera-del-mattino-iniziare-bene-la-giornata\/"},"author":{"name":"Redazione","@id":"https:\/\/blog.holyart.it\/it\/#\/schema\/person\/0a7b686e5af0f856ec1e390dd0baecda"},"headline":"La preghiera del mattino: come iniziare bene la giornata","datePublished":"2017-10-03T08:36:46+00:00","dateModified":"2019-07-04T12:51:02+00:00","mainEntityOfPage":{"@id":"https:\/\/blog.holyart.it\/it\/accessori-liturgia\/la-preghiera-del-mattino-iniziare-bene-la-giornata\/"},"wordCount":1055,"publisher":{"@id":"https:\/\/blog.holyart.it\/it\/#organization"},"image":{"@id":"https:\/\/blog.holyart.it\/it\/accessori-liturgia\/la-preghiera-del-mattino-iniziare-bene-la-giornata\/#primaryimage"},"thumbnailUrl":"https:\/\/blog.holyart.it\/it\/wp-content\/uploads\/sites\/17\/2017\/10\/pregare-al-mattino.jpg","articleSection":["Liturgia"],"inLanguage":"it-IT"},{"@type":"WebPage","@id":"https:\/\/blog.holyart.it\/it\/accessori-liturgia\/la-preghiera-del-mattino-iniziare-bene-la-giornata\/","url":"https:\/\/blog.holyart.it\/it\/accessori-liturgia\/la-preghiera-del-mattino-iniziare-bene-la-giornata\/","name":"La preghiera del mattino: come iniziare bene la giornata","isPartOf":{"@id":"https:\/\/blog.holyart.it\/it\/#website"},"primaryImageOfPage":{"@id":"https:\/\/blog.holyart.it\/it\/accessori-liturgia\/la-preghiera-del-mattino-iniziare-bene-la-giornata\/#primaryimage"},"image":{"@id":"https:\/\/blog.holyart.it\/it\/accessori-liturgia\/la-preghiera-del-mattino-iniziare-bene-la-giornata\/#primaryimage"},"thumbnailUrl":"https:\/\/blog.holyart.it\/it\/wp-content\/uploads\/sites\/17\/2017\/10\/pregare-al-mattino.jpg","datePublished":"2017-10-03T08:36:46+00:00","dateModified":"2019-07-04T12:51:02+00:00","description":"Esiste per\u00f2 un buon modo per cominciare la giornata, appena dopo il risveglio, ed \u00e8 l\u2019Offerta del mattino per santificare Ges\u00f9 con la preghiera.","breadcrumb":{"@id":"https:\/\/blog.holyart.it\/it\/accessori-liturgia\/la-preghiera-del-mattino-iniziare-bene-la-giornata\/#breadcrumb"},"inLanguage":"it-IT","potentialAction":[{"@type":"ReadAction","target":["https:\/\/blog.holyart.it\/it\/accessori-liturgia\/la-preghiera-del-mattino-iniziare-bene-la-giornata\/"]}]},{"@type":"ImageObject","inLanguage":"it-IT","@id":"https:\/\/blog.holyart.it\/it\/accessori-liturgia\/la-preghiera-del-mattino-iniziare-bene-la-giornata\/#primaryimage","url":"https:\/\/blog.holyart.it\/it\/wp-content\/uploads\/sites\/17\/2017\/10\/pregare-al-mattino.jpg","contentUrl":"https:\/\/blog.holyart.it\/it\/wp-content\/uploads\/sites\/17\/2017\/10\/pregare-al-mattino.jpg","width":1000,"height":666,"caption":"pregare mattino e sera"},{"@type":"BreadcrumbList","@id":"https:\/\/blog.holyart.it\/it\/accessori-liturgia\/la-preghiera-del-mattino-iniziare-bene-la-giornata\/#breadcrumb","itemListElement":[{"@type":"ListItem","position":1,"name":"Homepage","item":"https:\/\/blog.holyart.it\/it\/"},{"@type":"ListItem","position":2,"name":"Liturgia","item":"https:\/\/blog.holyart.it\/it\/accessori-liturgia\/"},{"@type":"ListItem","position":3,"name":"La preghiera del mattino: come iniziare bene la giornata"}]},{"@type":"WebSite","@id":"https:\/\/blog.holyart.it\/it\/#website","url":"https:\/\/blog.holyart.it\/it\/","name":"Holyblog","description":"Il Blog di Holyart.it","publisher":{"@id":"https:\/\/blog.holyart.it\/it\/#organization"},"potentialAction":[{"@type":"SearchAction","target":{"@type":"EntryPoint","urlTemplate":"https:\/\/blog.holyart.it\/it\/?s={search_term_string}"},"query-input":{"@type":"PropertyValueSpecification","valueRequired":true,"valueName":"search_term_string"}}],"inLanguage":"it-IT"},{"@type":"Organization","@id":"https:\/\/blog.holyart.it\/it\/#organization","name":"Holyblog","url":"https:\/\/blog.holyart.it\/it\/","logo":{"@type":"ImageObject","inLanguage":"it-IT","@id":"https:\/\/blog.holyart.it\/it\/#\/schema\/logo\/image\/","url":"https:\/\/blog.holyart.it\/it\/wp-content\/uploads\/sites\/17\/2022\/12\/Holyart_Blog_Logo.jpg","contentUrl":"https:\/\/blog.holyart.it\/it\/wp-content\/uploads\/sites\/17\/2022\/12\/Holyart_Blog_Logo.jpg","width":300,"height":50,"caption":"Holyblog"},"image":{"@id":"https:\/\/blog.holyart.it\/it\/#\/schema\/logo\/image\/"}},{"@type":"Person","@id":"https:\/\/blog.holyart.it\/it\/#\/schema\/person\/0a7b686e5af0f856ec1e390dd0baecda","name":"Redazione"}]}},"_links":{"self":[{"href":"https:\/\/blog.holyart.it\/it\/wp-json\/wp\/v2\/posts\/927","targetHints":{"allow":["GET"]}}],"collection":[{"href":"https:\/\/blog.holyart.it\/it\/wp-json\/wp\/v2\/posts"}],"about":[{"href":"https:\/\/blog.holyart.it\/it\/wp-json\/wp\/v2\/types\/post"}],"author":[{"embeddable":true,"href":"https:\/\/blog.holyart.it\/it\/wp-json\/wp\/v2\/users\/1"}],"replies":[{"embeddable":true,"href":"https:\/\/blog.holyart.it\/it\/wp-json\/wp\/v2\/comments?post=927"}],"version-history":[{"count":0,"href":"https:\/\/blog.holyart.it\/it\/wp-json\/wp\/v2\/posts\/927\/revisions"}],"wp:featuredmedia":[{"embeddable":true,"href":"https:\/\/blog.holyart.it\/it\/wp-json\/wp\/v2\/media\/928"}],"wp:attachment":[{"href":"https:\/\/blog.holyart.it\/it\/wp-json\/wp\/v2\/media?parent=927"}],"wp:term":[{"taxonomy":"category","embeddable":true,"href":"https:\/\/blog.holyart.it\/it\/wp-json\/wp\/v2\/categories?post=927"},{"taxonomy":"post_tag","embeddable":true,"href":"https:\/\/blog.holyart.it\/it\/wp-json\/wp\/v2\/tags?post=927"}],"curies":[{"name":"wp","href":"https:\/\/api.w.org\/{rel}","templated":true}]}}