{"id":9198,"date":"2020-04-06T17:42:31","date_gmt":"2020-04-06T15:42:31","guid":{"rendered":"https:\/\/blog.holyart.it\/it\/?p=9198"},"modified":"2026-03-20T10:39:58","modified_gmt":"2026-03-20T09:39:58","slug":"i-riti-della-settimana-santa","status":"publish","type":"post","link":"https:\/\/blog.holyart.it\/it\/pasqua\/i-riti-della-settimana-santa\/","title":{"rendered":"I riti della Settimana Santa"},"content":{"rendered":"<h4>La Pasqua \u00e8 la festa pi\u00f9 importante per i cristiani e viene celebrata in tutto il mondo. I riti che la contraddistinguono sono distribuiti nell&#8217;arco della cosiddetta Settimana Santa. Vediamo giorno per giorno che cosa accade.<\/h4>\n\n<p><span style=\"font-weight: 400;\">La Settimana Santa \u00e8 quel periodo di sette giorni che va dalla <\/span><b>Domenica delle Palme<\/b><span style=\"font-weight: 400;\">, giorno in cui si celebra l&#8217;arrivo di Ges\u00f9 a Gerusalemme, al <\/span><b>Sabato Santo<\/b><span style=\"font-weight: 400;\"> e alla <\/span><a href=\"https:\/\/www.holyart.it\/blog\/articoli-religiosi\/le-origini-della-pasqua\/\"><b>Domenica di Pasqua<\/b><\/a><span style=\"font-weight: 400;\">, che festeggiano la resurrezione di Ges\u00f9 Cristo. Appare fin da subito evidente come e perch\u00e9 questi sette giorni siano cos\u00ec importanti per ogni cristiano. La morte e la Resurrezione di Ges\u00f9 sono l&#8217;apice dell&#8217;anno liturgico, il momento pi\u00f9 forte e significativo dal punto di vista spirituale e per il percorso di fede di ciascun credente. \u00c8 nella sua morte e soprattutto nella sua Risurrezione che Ges\u00f9 dimostra la propria divinit\u00e0 e indica attraverso la propria sofferenza, il cammino verso la speranza della salvezza e della vita eterna. Non stupisce che le celebrazioni legate a questo evento siano cos\u00ec articolate e protratte nel tempo, e che assumano tratti diversi, ma ugualmente solenni e significativi, in tutte le professioni di fede cristiana.<\/span><\/p>\n<div class=\"link-article\">\n<p><img loading=\"lazy\" decoding=\"async\" class=\"size-medium wp-image-5584\" src=\"https:\/\/blog.holyart.it\/it\/wp-content\/uploads\/sites\/17\/2020\/04\/Pasqua-1.jpg\" alt=\"gioielli religiosi\" width=\"150\" height=\"100\" \/><\/p>\n<div class=\"leggi-anche\">Leggi anche:<\/div>\n<p><strong><a href=\"https:\/\/www.holyart.it\/blog\/articoli-religiosi\/le-origini-della-pasqua\/\">Le origini della Pasqua<\/a><\/strong><br \/>\nLa Pasqua \u00e8 forse la pi\u00f9 importante delle feste cristiane. Presente in tutte le confessioni, ricorda e festeggia la Resurrezione di Ges\u00f9&#8230;<\/p>\n<\/div>\n<p><span style=\"font-weight: 400;\">Non meraviglia nemmeno che, per giungere questo momento di solennit\u00e0 ed elevazione spirituale, sia necessario sottoporsi a un lungo periodo di penitenza e privazione, ovvero <a href=\"https:\/\/www.holyart.it\/blog\/articoli-religiosi\/quaresima-cose-funziona\/\"><strong>i quaranta giorni della <\/strong><\/a><\/span><a href=\"https:\/\/www.holyart.it\/blog\/articoli-religiosi\/quaresima-cose-funziona\/\"><strong>Quaresima<\/strong><\/a><span style=\"font-weight: 400;\">, che iniziano col <a href=\"https:\/\/www.holyart.it\/blog\/articoli-religiosi\/mercoledi-delle-ceneri-che-cose\/\"><strong>Mercoled\u00ec delle ceneri<\/strong><\/a> e si concludono proprio col Gioved\u00ec della Settimana Santa.<\/span><\/p>\n<p><span style=\"font-weight: 400;\">Non \u00e8 facile raccogliere tutti i riti solenni celebrati nel mondo cristiano durante la Settimana Santa. Cercheremo di ripercorrere i vari passi di questo percorso di fede e speranza, di passione ed espiazione.<\/span><\/p>\n<p><span style=\"font-weight: 400;\">La Pasqua \u00e8 una festa mobile, pertanto non si pu\u00f2 definire una data esatta di inizio e fine. Essa segue il ciclo lunare e ogni anno viene celebrata la domenica che segue la prima luna piena di primavera.<\/span><\/p>\n<h2>La settimana santa<\/h2>\n<h3>Domenica delle palme<\/h3>\n<p><span style=\"font-weight: 400;\">La <\/span><b>Domenica delle Palme<\/b><span style=\"font-weight: 400;\"> precede la Pasqua e segna l&#8217;inizio della Settimana Santa. Ricorda l&#8217;<\/span><a href=\"https:\/\/www.holyart.it\/it\/occasioni-speciali\/pasqua-e-quaresima\/icone-uova-quadri-statue\/scena-dellingresso-a-gerusalemme-di-gesu-9-cm\"><b>ingresso trionfale di Ges\u00f9 a Gerusalemme<\/b><\/a><span style=\"font-weight: 400;\">, quando venne accolto dai cittadini festanti come Messia, acclamandolo con queste parole: &#8220;<\/span><i><span style=\"font-weight: 400;\">Osanna al figlio di Davide!<\/span><\/i> <i><span style=\"font-weight: 400;\">Benedetto colui che viene nel nome del Signore.<\/span><\/i> <i><span style=\"font-weight: 400;\">Osanna nel pi\u00f9 alto dei cieli.&#8221; <\/span><\/i><span style=\"font-weight: 400;\">(Mt 21,9). Per gli ebrei, la <\/span><b>palma<\/b><span style=\"font-weight: 400;\"> era una delle quattro piante portate in processione per la festivit\u00e0 del <\/span><i><span style=\"font-weight: 400;\">Sukkot<\/span><\/i><span style=\"font-weight: 400;\">, la festa del pellegrinaggio, che ricordava il viaggio del popolo di Israele verso la Terra promessa e in particolare il tempo trascorso nel deserto, quando vivevano in capanne chiamate appunto <\/span><i><span style=\"font-weight: 400;\">sukot<\/span><\/i><span style=\"font-weight: 400;\">. Durante la festa venivano usati un ramo di palma (<\/span><i><span style=\"font-weight: 400;\">lulav<\/span><\/i><span style=\"font-weight: 400;\">), uno di cedro (<\/span><i><span style=\"font-weight: 400;\">etrog<\/span><\/i><span style=\"font-weight: 400;\">), tre rami di <\/span><i><span style=\"font-weight: 400;\">mirto<\/span><\/i><span style=\"font-weight: 400;\"> e due di <\/span><i><span style=\"font-weight: 400;\">salice<\/span><\/i><span style=\"font-weight: 400;\">. Dunque la palma indicava felicit\u00e0 e trionfo, prosperit\u00e0 e ricchezza, cos\u00ec come anche secondo i greci e i romani.<\/span><\/p>\n<div class=\"link-product\">\n<div class=\"blocco-immagine\"><img loading=\"lazy\" decoding=\"async\" class=\"size-medium wp-image-6693\" src=\"https:\/\/assets.holyart.it\/images\/ST008387\/it\/500\/A\/SN043501\/CLOSEUP01_HD\/h-2c402e1f\/scena-dellingresso-a-gerusalemme-di-gesu-9-cm.jpg\" alt=\"bracciale in legno medjugorgje\" width=\"100\" height=\"100\" \/><\/div>\n<div class=\"blocco-contenuto\">\n<div class=\"blocco-acquista\">Acquista su Holyart:<\/div>\n<div class=\"blocco-titolo\"><a href=\"https:\/\/www.holyart.it\/it\/occasioni-speciali\/pasqua-e-quaresima\/icone-uova-quadri-statue\/scena-dellingresso-a-gerusalemme-di-gesu-9-cm\">Scena dell&#8217;ingresso<br \/>\na Gerusalemme di Ges\u00f9 9 cm<\/a><\/div>\n<\/div>\n<\/div>\n<p><span style=\"font-weight: 400;\">La Domenica delle Palme \u00e8 conosciuta anche come domenica <\/span><i><span style=\"font-weight: 400;\">De Passione Domini<\/span><\/i><span style=\"font-weight: 400;\"> &#8220;della passione del Signore&#8221;, perch\u00e9 sebbene sia un giorno di festa, \u00e8 il primo degli eventi che porteranno all&#8217;agonia e alla Crocifissione di Ges\u00f9. Nel rito romano la domenica delle palme fa ancora parte della Quaresima, mentre nella Forma straordinaria quest&#8217;ultima si conclude la domenica precedente.\u00a0<\/span><\/p>\n<h3>Luned\u00ec<\/h3>\n<p><span style=\"font-weight: 400;\">I tre giorni successivi alla Domenica delle Palme ricordano alcuni fatti della vita di Ges\u00f9 a Gerusalemme e in particolare il <\/span><b>tradimento di Giuda<\/b><span style=\"font-weight: 400;\">. Ogni giorno, come prima lettura della messa, viene letto uno dei primi tre canti del Servo del Signore dal libro del profeta Isaia. La lettura del Vangelo, invece, racconta gli ultimi giorni di Ges\u00f9 prima dell&#8217;arresto.<\/span><\/p>\n<p><span style=\"font-weight: 400;\">Il luned\u00ec \u00e8 il giorno dell&#8217;<\/span><b>amicizia<\/b><span style=\"font-weight: 400;\">, sentimento importante per Ges\u00f9, che amava circondarsi di buoni amici e trascorrere tempo con loro. In questo giorno in particolare si ricorda di come lui si sia recato a Betania a visitare tre grandi amici: Marta, Maria e Lazzaro. <\/span><i><span style=\"font-weight: 400;\">&#8220;Sei giorni prima della Pasqua, Ges\u00f9 and\u00f2 a Bet\u00e0nia, dove si trovava L\u00e0zzaro, che egli aveva risuscitato dai morti. E qui fecero per lui una cena: Marta serviva e L\u00e0zzaro era uno dei commensali. Maria allora prese trecento grammi di profumo di puro nardo, assai prezioso, ne cosparse i piedi di Ges\u00f9, poi li asciug\u00f2 con i suoi capelli, e tutta la casa si riemp\u00ec dell\u2019aroma di quel profumo.&#8221;<\/span><\/i><span style=\"font-weight: 400;\"> (Gv 12,1-11)<\/span><\/p>\n<h3>Marted\u00ec<\/h3>\n<p><span style=\"font-weight: 400;\">Il marted\u00ec della Settimana Santa inizia a delinearsi nella mente di Ges\u00f9 la <\/span><b>consapevolezza del tradimento<\/b><span style=\"font-weight: 400;\">. La lettura del Vangelo nella liturgia racconta questo: <\/span><i><span style=\"font-weight: 400;\">&#8220;In quel tempo, [mentre era a mensa con i suoi discepoli,] Ges\u00f9 fu profondamente turbato e dichiar\u00f2: \u00abIn verit\u00e0, in verit\u00e0 io vi dico: uno di voi mi tradir\u00e0\u00bb. I discepoli si guardavano l\u2019un l\u2019altro, non sapendo bene di chi parlasse. Ora uno dei discepoli, quello che Ges\u00f9 amava, si trovava a tavola al fianco di Ges\u00f9. Simon Pietro gli fece cenno di informarsi chi fosse quello di cui parlava. Ed egli, chinandosi sul petto di Ges\u00f9, gli disse: \u00abSignore, chi \u00e8?\u00bb. Rispose Ges\u00f9: \u00ab\u00c8 colui per il quale intinger\u00f2 il boccone e glielo dar\u00f2\u00bb. E, intinto il boccone, lo prese e lo diede a Giuda, figlio di Simone Iscari\u00f2ta.&#8221;<\/span><\/i><span style=\"font-weight: 400;\"> (Gv 13,21-25)<\/span><\/p>\n<h3>Mercoled\u00ec<\/h3>\n<p><span style=\"font-weight: 400;\">Il mercoled\u00ec della Settimana Santa ricorda il<\/span><b> tradimento vero e proprio di Giuda<\/b><span style=\"font-weight: 400;\">, che si reca dai Sacerdoti per vendere Ges\u00f9. <\/span><i><span style=\"font-weight: 400;\">&#8220;Allora uno dei Dodici, chiamato Giuda Iscariota, and\u00f2 dai sommi sacerdoti e disse: \u00abQuanto mi volete dare perch\u00e9 io ve lo consegni?\u00bb. E quelli gli fissarono trenta monete d&#8217;argento. Da quel momento cercava l&#8217;occasione propizia per consegnarlo.&#8221;<\/span><\/i><span style=\"font-weight: 400;\"> (Matteo 26:14-16)<\/span><\/p>\n<h3>Il Gioved\u00ec santo<\/h3>\n<p><span style=\"font-weight: 400;\">\u00c8 l&#8217;ultimo giorno di Quaresima, ma anche il primo del cosiddetto <\/span><b>Triduo Pasquale<\/b><span style=\"font-weight: 400;\">, che comincia con la <\/span><b>messa in Cena Domini<\/b><span style=\"font-weight: 400;\"> di Gioved\u00ec santo, e termina con la Domenica di Pasqua. Questi tre giorni rappresentano il tempo centrale dell&#8217;anno liturgico e celebrano il Mistero pasquale di Ges\u00f9 Cristo: <\/span><b>istituzione dell&#8217;eucaristia<\/b><span style=\"font-weight: 400;\">, appunto, e poi <\/span><b>passione<\/b><span style=\"font-weight: 400;\">, <\/span><b>morte<\/b><span style=\"font-weight: 400;\">, <\/span><b>discesa agli inferi<\/b><span style=\"font-weight: 400;\"> e la <\/span><b>resurrezione<\/b><span style=\"font-weight: 400;\">.\u00a0<\/span><\/p>\n<p><span style=\"font-weight: 400;\">La <\/span><b>mattina<\/b><span style=\"font-weight: 400;\"> del Gioved\u00ec santo \u00e8 dedicata alla consacrazione degli oli santi, ovvero quelli che serviranno per celebrare i Sacramenti, e i sacerdoti rinnovano le promesse fatte il giorno dell\u2019ordinazione.<\/span><\/p>\n<p><span style=\"font-weight: 400;\">La <\/span><b>sera<\/b><span style=\"font-weight: 400;\"> si celebra la <\/span><b>messa in Cena Domini<\/b><span style=\"font-weight: 400;\">, che ricorda l&#8217;<strong><a href=\"https:\/\/www.holyart.it\/it\/natale\/presepi\/presepe-angela-tripi\/ultima-cena-30-cm-angela-tripi-terracotta\">Ultima cena di Ges\u00f9<\/a><\/strong> e dunque l&#8217;<\/span><b>istituzione dell&#8217;Eucaristia<\/b><span style=\"font-weight: 400;\">. Si tratta di una cerimonia importante, perch\u00e9 vengono benedette anche le ostie che verranno distribuite il giorno dopo. La Cena Domini decreta la fine della Quaresima e l&#8217;inizio del Triduo Pasquale.<\/span><\/p>\n<div class=\"link-product\">\n<div class=\"blocco-immagine\"><img loading=\"lazy\" decoding=\"async\" class=\"size-medium wp-image-6693\" src=\"https:\/\/assets.holyart.it\/images\/PR012401\/it\/500\/A\/SN042318\/CLOSEUP01_HD\/h-8486d604\/ultima-cena-30-cm-angela-tripi-terracotta.jpg\" alt=\"bracciale in legno medjugorgje\" width=\"100\" height=\"100\" \/><\/div>\n<div class=\"blocco-contenuto\">\n<div class=\"blocco-acquista\">Acquista su Holyart:<\/div>\n<div class=\"blocco-titolo\"><a href=\"https:\/\/www.holyart.it\/it\/natale\/presepi\/presepe-angela-tripi\/ultima-cena-30-cm-angela-tripi-terracotta\">Ultima Cena 30 cm<br \/>\nAngela Tripi terracotta<\/a><\/div>\n<\/div>\n<\/div>\n<p><span style=\"font-weight: 400;\">Il Gioved\u00ec santo festeggia anche l&#8217;istituzione del <\/span><b>sacerdozio ministeriale<\/b><span style=\"font-weight: 400;\"> e il <\/span><b>comandamento dell&#8217;amore fraterno<\/b><span style=\"font-weight: 400;\">. Ges\u00f9<\/span> <a href=\"https:\/\/www.holyart.it\/it\/occasioni-speciali\/pasqua-e-quaresima\/icone-uova-quadri-statue\/scena-vita-di-cristo-lavanda-dei-piedi-9-cm\"><strong>lava i piedi ai suoi discepoli<\/strong><\/a><span style=\"font-weight: 400;\"> come estrema forma d&#8217;amore. <\/span><i><span style=\"font-weight: 400;\">&#8220;Prima della festa di Pasqua, Ges\u00f9, sapendo che era venuta la sua ora di passare da questo mondo al Padre, avendo amato i suoi che erano nel mondo, li am\u00f2 fino alla fine. Durante la cena, quando il diavolo aveva gi\u00e0 messo in cuore a Giuda, figlio di Simone Iscariota, di tradirlo, Ges\u00f9, sapendo che il Padre gli aveva dato tutto nelle mani e che era venuto da Dio e a Dio ritornava, si alz\u00f2 da tavola, depose le vesti, prese un asciugamano e se lo cinse attorno alla vita. Poi vers\u00f2 dell\u2019acqua nel catino e cominci\u00f2 a lavare i piedi dei discepoli e ad asciugarli con l\u2019asciugamano di cui si era cinto.&#8221;<\/span><\/i><span style=\"font-weight: 400;\"> (Gv 13,1-5)<\/span><\/p>\n<p><span style=\"font-weight: 400;\">Ancora, il Gioved\u00ec Santo si celebra la consegna del <\/span><b>nuovo comandamento di Ges\u00f9<\/b><span style=\"font-weight: 400;\">, il comandamento dell&#8217;amore. <\/span><i><span style=\"font-weight: 400;\">&#8220;Vi do un comandamento nuovo: che vi amiate gli uni gli altri; come io vi ho amato, cos\u00ec amatevi anche voi gli uni gli altri. Da questo tutti sapranno che siete miei discepoli, se avrete amore gli uni per gli altri&#8221;<\/span><\/i><span style=\"font-weight: 400;\"> (Gv 13,34)<\/span><\/p>\n<p><span style=\"font-weight: 400;\">Infine, il Gioved\u00ec santo <\/span><b>la <a href=\"https:\/\/www.holyart.it\/it\/accessori-per-la-liturgia\/arredi-sacri\/croci-da-altare-con-candelieri\">croce dell\u2019altare<\/a> maggiore viene coperta con un velo bianco<\/b><span style=\"font-weight: 400;\"> e poi viene lasciata velata fino al giorno successivo. Fa parte della <\/span><b>Velatio<\/b><span style=\"font-weight: 400;\">, la velatura delle croci e delle immagini sacre esposte alla venerazione dei fedeli, con esclusione di quelle della Via Crucis. <\/span><i><span style=\"font-weight: 400;\">&#8220;Finita la Messa e prima dei Vespri si coprono le croci e le immagini della chiesa con veli violacei; le croci restano coperte fino al termine dell\u2019adorazione della croce da parte del celebrante il Venerd\u00ec Santo, le immagini fino all\u2019intonazione del Gloria nella Messa della Vigilia Pasquale&#8221; <\/span><\/i><span style=\"font-weight: 400;\">recita il messale tridentino, frutto del Concilio di Trento. Inoltre la liturgia e accompagnata de momenti di <\/span><b>silenzio solenne<\/b><span style=\"font-weight: 400;\">.<\/span><\/p>\n<h3>Il Venerd\u00ec santo<\/h3>\n<p><span style=\"font-weight: 400;\">Il Venerd\u00ec santo precede la Domenica di Pasqua e ricorda la <\/span><b>passione di Ges\u00f9, la sua <\/b><a href=\"https:\/\/www.holyart.it\/it\/articoli-religiosi\/crocefissi\/crocifissi-in-pietra\/crocifissione-color-avorio\"><strong>crocifissione<\/strong><\/a><b> e morte<\/b><span style=\"font-weight: 400;\">. Prevede l&#8217;<\/span><b>astinenza dalla carne <\/b><span style=\"font-weight: 400;\">per i fedeli dai 14 anni di et\u00e0, e <\/span><b>astinenza e digiuno ecclesiastico<\/b><span style=\"font-weight: 400;\"> per quelli dai 18 ai 60 anni. Si tratta dell&#8217;ultimo atto di penitenza da parte dei fedeli per preparare il ritorno di Cristo e la liberazione dalla morte.<\/span><\/p>\n<div class=\"link-product\">\n<div class=\"blocco-immagine\"><img loading=\"lazy\" decoding=\"async\" class=\"size-medium wp-image-6693\" src=\"https:\/\/assets.holyart.it\/images\/BE000008\/it\/500\/A\/SN017010\/CLOSEUP01_HD\/h-b450e9f9\/crocifissione-color-avorio.jpg\" alt=\"bracciale in legno medjugorgje\" width=\"100\" height=\"100\" \/><\/div>\n<div class=\"blocco-contenuto\">\n<div class=\"blocco-acquista\">Acquista su Holyart:<\/div>\n<div class=\"blocco-titolo\"><a href=\"https:\/\/www.holyart.it\/it\/articoli-religiosi\/crocefissi\/crocifissi-in-pietra\/crocifissione-color-avorio\">Crocifissione color<br \/>\navorio in pietra dei Pirenei<\/a><\/div>\n<\/div>\n<\/div>\n<p><span style=\"font-weight: 400;\">Il Venerd\u00ec santo <\/span><b>non si celebra l&#8217;Eucarestia<\/b><span style=\"font-weight: 400;\">. Le ostie che vengono offerte sono state infatti consacrate il giorno prima, il Gioved\u00ec santo.<\/span><\/p>\n<p><span style=\"font-weight: 400;\">La liturgia del Venerd\u00ec santo celebra la <\/span><b>Passione del Signore<\/b><span style=\"font-weight: 400;\">,<\/span> <span style=\"font-weight: 400;\">e prende il nome di celebrazione <\/span><i><span style=\"font-weight: 400;\">&#8221;in Passione Domini&#8217;. <\/span><\/i><span style=\"font-weight: 400;\">In passato<\/span> <span style=\"font-weight: 400;\">veniva celebrata la liturgia del Venerd\u00ec santo<\/span> <span style=\"font-weight: 400;\">alle ore 15:00, ora della morte di Ges\u00f9 secondo i Vangeli. Oggi viene celebrata nel pomeriggio, in un orario pi\u00f9 consono per permettere la frequentazione da parte dei fedeli.<\/span><\/p>\n<p><span style=\"font-weight: 400;\">La Liturgia in Passione Domini \u00e8 composta da tre parti:<\/span><\/p>\n<ul>\n<li style=\"font-weight: 400;\"><span style=\"font-weight: 400;\">liturgia della Parola, composta di numerose letture e dalla solenne preghiera universale,<\/span><\/li>\n<li style=\"font-weight: 400;\"><span style=\"font-weight: 400;\">adorazione della santa Croce dell&#8217;altare maggiore, che viene liberata dal velo con cui \u00e8 stata coperta il giorno prima;<\/span><\/li>\n<li style=\"font-weight: 400;\"><span style=\"font-weight: 400;\">comunione con i presantificati (le ostie consacrate la sera prima).\u00a0<\/span><\/li>\n<\/ul>\n<p><span style=\"font-weight: 400;\">Di solito la liturgia del Venerd\u00ec santo \u00e8 seguita dalla <\/span><b>Via Crucis<\/b><span style=\"font-weight: 400;\">, cortei con statue processionali o altri atti di devozione.\u00a0<\/span><\/p>\n<h3>Il Sabato santo<\/h3>\n<p><span style=\"font-weight: 400;\">Il Sabato santo celebra il giorno in cui Ges\u00f9 sarebbe disceso negli <\/span><b>inferi<\/b><span style=\"font-weight: 400;\">. Tale discesa ha visto come protagoniste la <\/span><b>divinit\u00e0<\/b><span style=\"font-weight: 400;\"> di Cristo e la sua <\/span><b>anima umana<\/b><span style=\"font-weight: 400;\">, mentre il suo corpo restava nel sepolcro protetto dal decadimento dalla grazia divina. Durante il tempo trascorso negli inferi Ges\u00f9 trionfa contro il diavolo e libera le anime dei giusti traendole in Paradiso. Solo una volta compiuta la sua missione anima e divinit\u00e0 tornano a ricongiungersi col corpo incorrotto. \u00c8 il momento della <\/span><a href=\"https:\/\/www.holyart.it\/it\/occasioni-speciali\/pasqua-e-quaresima\/cristo-risorto-e-sacerdote-re\"><b>Resurrezione<\/b><\/a><span style=\"font-weight: 400;\">.<\/span><\/p>\n<p><span style=\"font-weight: 400;\">Secondo giorno liturgico del Triduo pasquale, \u00e8 un giorno dedicato al raccoglimento e alla preghiera. Tutti i fedeli sono in attesa della Resurrezione, che verr\u00e0 annunciata durante la <\/span><b>veglia pasquale<\/b><span style=\"font-weight: 400;\"> che ha inizio al tramonto.<\/span><\/p>\n<p><i><span style=\"font-weight: 400;\">&#8220;Oggi sulla terra c&#8217;\u00e8 grande silenzio, grande silenzio e solitudine. Grande silenzio perch\u00e9 il Re dorme: la terra \u00e8 rimasta sbigottita e tace perch\u00e9 il Dio fatto carne si \u00e8 addormentato e ha svegliato coloro che da secoli dormivano. Dio \u00e8 morto nella carne ed \u00e8 sceso a scuotere il regno degli inferi.&#8221;<\/span><\/i><span style=\"font-weight: 400;\"> (da un&#8217;antica Omelia sul Sabato santo).<\/span><\/p>\n<p><span style=\"font-weight: 400;\">Nel giorno di Sabato santo non si celebra la messa, l&#8217;altare rimane spoglio, a simboleggiare l&#8217;<\/span><b>assenza di Cristo<\/b><span style=\"font-weight: 400;\">, il suo essere momentaneamente altrove. L&#8217;eucarestia \u00e8 concessa solo in punto di morte. I sacramenti sono sospesi.<\/span><\/p>\n<p><span style=\"font-weight: 400;\">Digiuno ecclesiastico e astinenza dalle carni sono consigliati, ma non obbligatori.\u00a0<\/span><\/p>\n<p><span style=\"font-weight: 400;\">Dopo il tramonto comincia la <\/span><b>Veglia pasquale<\/b><span style=\"font-weight: 400;\">, con l&#8217;accensione del <a href=\"https:\/\/www.holyart.it\/blog\/accessori-liturgia\/cero-pasquale-la-luce-ci-libera-dalle-tenebre\/\"><strong>cero pasquale<\/strong><\/a>, e la proclamazione della <\/span><b>luce di Cristo.<\/b><span style=\"font-weight: 400;\">\u00a0<\/span><\/p>\n<h3>Domenica di Resurrezione<\/h3>\n<p><span style=\"font-weight: 400;\">La Domenica di resurrezione conclude la Settimana santa celebrando<\/span><b> la gioia e il trionfo di Ges\u00f9 risorto<\/b><span style=\"font-weight: 400;\">. La Resurrezione rappresenta il fondamento della fede cristiana, che si rinnova a ogni liturgia eucaristica e perpetra il proprio miracolo nel tempo.\u00a0<\/span><\/p>\n<div class=\"link-product\">\n<div class=\"blocco-immagine\"><img loading=\"lazy\" decoding=\"async\" class=\"size-medium wp-image-6693\" src=\"https:\/\/assets.holyart.it\/images\/QU007016\/it\/500\/A\/SN000000\/CLOSEUP01_HD\/h-4fde2530\/stampa-resurrezione.jpg\" width=\"100\" height=\"100\" \/><\/div>\n<div class=\"blocco-contenuto\">\n<div class=\"blocco-acquista\">Acquista su Holyart:<\/div>\n<div class=\"blocco-titolo\"><a href=\"https:\/\/www.holyart.it\/it\/articoli-religiosi\/quadri-stampe-codici-miniati\/stampa-resurrezione\">Stampa con scena della<br \/>\nResurrezione in stile bizantino<\/a><\/div>\n<\/div>\n<\/div>\n<h2>Le tradizioni popolari<\/h2>\n<p><span style=\"font-weight: 400;\">Com&#8217;\u00e8 facile immaginare la Settimana santa in Italia \u00e8 caratterizzata, oltre che dalla liturgia specifica dei singoli giorni, da molte forme di devozione popolare e da tradizioni che affondano le loro origini nel passato. Del resto, soprattutto nel nostro paese, la <\/span><strong><a href=\"https:\/\/www.holyart.it\/blog\/articoli-religiosi\/le-feste-patronali-piu-belle-del-sud-italia\/\">tradizione delle feste patronali<\/a><\/strong> <span style=\"font-weight: 400;\">\u00e8 radicata nel territorio e nella memoria storica al punto che a volte diventa difficile separare il sentimento religioso da suggestioni pi\u00f9 profane. Anche in questo periodo cos\u00ec importante i cristiani, molte tradizioni popolari animano le nostre citt\u00e0 e i nostri paesi. Ne ricordiamo solo alcuni.<\/span><\/p>\n<div class=\"link-article\">\n<p><img loading=\"lazy\" decoding=\"async\" class=\"alignnone wp-image-23754 size-medium\" src=\"https:\/\/blog.holyart.it\/it\/wp-content\/uploads\/sites\/17\/2020\/04\/feste-patronali-1-300x200.jpg\" alt=\"feste patronali\" width=\"300\" height=\"200\" \/><\/p>\n<div class=\"leggi-anche\">Leggi anche:<\/div>\n<p><strong><a href=\"https:\/\/www.holyart.it\/blog\/articoli-religiosi\/le-feste-patronali-piu-belle-del-sud-italia\/\">Le feste patronali pi\u00f9 belle del Sud Italia<\/a><\/strong><br \/>\nLe feste patronali sono una tradizione molto radicata e importante nel nostro paese, soprattutto nel Sud. Scopriamole insieme.<\/p>\n<\/div>\n<p><span style=\"font-weight: 400;\">Nella <\/span><b>Processione degli Incappucciati<\/b><span style=\"font-weight: 400;\"> che si svolge il Venerd\u00ec santo a <\/span><b>Isernia<\/b><span style=\"font-weight: 400;\">, una processione di uomini coperti completamente da un telo bianco e incoronati con una corona di spine percorre tutta la citt\u00e0 portando a spalla le statue della Mater Dolorosa e del Cristo Morto.\u00a0<\/span><\/p>\n<p><span style=\"font-weight: 400;\">A <\/span><b>Lanciano<\/b><span style=\"font-weight: 400;\"> gli <\/span><b>incappucciati<\/b><span style=\"font-weight: 400;\"> indossano un saio nero col cappuccio e percorrono le vie della citt\u00e0 reggendo fiaccole il Gioved\u00ec e Venerd\u00ec santo, mentre un uomo scelto tra i membri delle Confraternite impegnate nella rievocazione impersona il Cireneo scalzo che porta la croce attraverso la citt\u00e0.\u00a0<\/span><\/p>\n<p><span style=\"font-weight: 400;\">A <\/span><b>Sarno<\/b><span style=\"font-weight: 400;\">, in Campania, fin dal 1200 uomini incappucciati, i <\/span><b><i>Paputi<\/i><\/b><span style=\"font-weight: 400;\"> (dal latino pappus, vecchio), percorrono la via Crucis portando croci di legno.\u00a0<\/span><\/p>\n<p><span style=\"font-weight: 400;\">A <\/span><b>Enna<\/b><span style=\"font-weight: 400;\">, in Sicilia, molte tradizioni ancora praticate durante la Settimana di Pasqua risalgono alla dominazione spagnola, tra il XV e il XVII secolo. Pensiamo anche qui agli incappucciati che nella processione del Venerd\u00ec Santo portano i<\/span> <b><i>fercoli<\/i><\/b><span style=\"font-weight: 400;\"> (carri caratteristici) del Cristo morto e della Madonna Addolorata, mentre intorno a loro risuonano marce funebri e <\/span><i><span style=\"font-weight: 400;\">lamentanze<\/span><\/i><span style=\"font-weight: 400;\">, antichi canti religiosi che piangono la morte del Cristo.\u00a0<\/span><\/p>\n<p><span style=\"font-weight: 400;\">A <\/span><b>Noicattaro<\/b><span style=\"font-weight: 400;\">, in Puglia, la sera del Gioved\u00ec Santo ha luogo la processione dei <\/span><b>Crociferi, <\/b><span style=\"font-weight: 400;\">uomini vestiti con abito nero, cappuccio calato sul volto e corona di spine sul capo che percorrono scalzi le vie del centro per visitare gli altari della reposizione.<\/span><\/p>\n<p><span style=\"font-weight: 400;\">A <\/span><b>San Severo<\/b><span style=\"font-weight: 400;\"> il Venerd\u00ec Santo si apre con la tradizionale <\/span><b>processione dell\u2019Addolorata e di Ges\u00f9 Flagellato<\/b><span style=\"font-weight: 400;\">.\u00a0<\/span><\/p>\n<p><span style=\"font-weight: 400;\">Il Sabato Santo a <\/span><b>Nocera Terinese<\/b><span style=\"font-weight: 400;\">, in provincia di Catanzaro, i <\/span><b><i>vattienti<\/i><\/b> <span style=\"font-weight: 400;\">passano in processione per la citt\u00e0 percuotendosi le gambe con oggetti acuminati fino a farle sanguinare copiosamente, per ricordare i patimenti di Ges\u00f9.<\/span><\/p>\n<p><span style=\"font-weight: 400;\">A <\/span><b>Sulmona<\/b><span style=\"font-weight: 400;\">, in provincia dell\u2019Aquila, la Domenica di Pasqua ha luogo la Sacra Rappresentazione della <\/span><b>Madonna che scappa in piazza<\/b><span style=\"font-weight: 400;\">. La statua della Madonna Addolorata viene portata in processione a gran velocit\u00e0, a simboleggiare la corsa di Maria per riabbracciare Ges\u00f9 risorto.<\/span><\/p>\n","protected":false},"excerpt":{"rendered":"<p>La Pasqua \u00e8 la festa pi\u00f9 importante per i cristiani e viene celebrata in tutto il mondo. I riti che la contraddistinguono sono distribuiti nell&#8217;arco della cosiddetta Settimana Santa. Vediamo giorno per giorno che cosa accade. La Settimana Santa \u00e8 quel periodo di sette giorni&hellip;<\/p>\n","protected":false},"author":1,"featured_media":9214,"comment_status":"closed","ping_status":"open","sticky":false,"template":"","format":"standard","meta":{"_acf_changed":false,"footnotes":""},"categories":[14,20,26],"tags":[],"class_list":["post-9198","post","type-post","status-publish","format-standard","has-post-thumbnail","hentry","category-accessori-liturgia","category-occasioni-speciali","category-pasqua"],"acf":[],"yoast_head":"<!-- This site is optimized with the Yoast SEO plugin v26.6 - https:\/\/yoast.com\/wordpress\/plugins\/seo\/ -->\n<title>I riti della Settimana Santa - Holyblog<\/title>\n<meta name=\"description\" content=\"La Pasqua \u00e8 la festa pi\u00f9 importante per i cristiani e viene celebrata in tutto il mondo. Vediamo giorno per giorno...\" \/>\n<meta name=\"robots\" content=\"index, follow, max-snippet:-1, max-image-preview:large, max-video-preview:-1\" \/>\n<link rel=\"canonical\" href=\"https:\/\/blog.holyart.it\/it\/pasqua\/i-riti-della-settimana-santa\/\" \/>\n<meta property=\"og:locale\" content=\"it_IT\" \/>\n<meta property=\"og:type\" content=\"article\" \/>\n<meta property=\"og:title\" content=\"I riti della Settimana Santa - Holyblog\" \/>\n<meta property=\"og:description\" content=\"La Pasqua \u00e8 la festa pi\u00f9 importante per i cristiani e viene celebrata in tutto il mondo. Vediamo giorno per giorno...\" \/>\n<meta property=\"og:url\" content=\"https:\/\/blog.holyart.it\/it\/pasqua\/i-riti-della-settimana-santa\/\" \/>\n<meta property=\"og:site_name\" content=\"Holyblog\" \/>\n<meta property=\"article:published_time\" content=\"2020-04-06T15:42:31+00:00\" \/>\n<meta property=\"article:modified_time\" content=\"2026-03-20T09:39:58+00:00\" \/>\n<meta property=\"og:image\" content=\"https:\/\/blog.holyart.it\/it\/wp-content\/uploads\/sites\/17\/2020\/04\/riti-settimana-santa.jpg\" \/>\n\t<meta property=\"og:image:width\" content=\"1000\" \/>\n\t<meta property=\"og:image:height\" content=\"666\" \/>\n\t<meta property=\"og:image:type\" content=\"image\/jpeg\" \/>\n<meta name=\"author\" content=\"Redazione\" \/>\n<meta name=\"twitter:card\" content=\"summary_large_image\" \/>\n<meta name=\"twitter:label1\" content=\"Scritto da\" \/>\n\t<meta name=\"twitter:data1\" content=\"Redazione\" \/>\n\t<meta name=\"twitter:label2\" content=\"Tempo di lettura stimato\" \/>\n\t<meta name=\"twitter:data2\" content=\"14 minuti\" \/>\n<script type=\"application\/ld+json\" class=\"yoast-schema-graph\">{\"@context\":\"https:\/\/schema.org\",\"@graph\":[{\"@type\":\"Article\",\"@id\":\"https:\/\/blog.holyart.it\/it\/pasqua\/i-riti-della-settimana-santa\/#article\",\"isPartOf\":{\"@id\":\"https:\/\/blog.holyart.it\/it\/pasqua\/i-riti-della-settimana-santa\/\"},\"author\":{\"name\":\"Redazione\",\"@id\":\"https:\/\/blog.holyart.it\/it\/#\/schema\/person\/0a7b686e5af0f856ec1e390dd0baecda\"},\"headline\":\"I riti della Settimana Santa\",\"datePublished\":\"2020-04-06T15:42:31+00:00\",\"dateModified\":\"2026-03-20T09:39:58+00:00\",\"mainEntityOfPage\":{\"@id\":\"https:\/\/blog.holyart.it\/it\/pasqua\/i-riti-della-settimana-santa\/\"},\"wordCount\":2348,\"publisher\":{\"@id\":\"https:\/\/blog.holyart.it\/it\/#organization\"},\"image\":{\"@id\":\"https:\/\/blog.holyart.it\/it\/pasqua\/i-riti-della-settimana-santa\/#primaryimage\"},\"thumbnailUrl\":\"https:\/\/blog.holyart.it\/it\/wp-content\/uploads\/sites\/17\/2020\/04\/riti-settimana-santa.jpg\",\"articleSection\":[\"Liturgia\",\"Occasioni speciali\",\"Pasqua\"],\"inLanguage\":\"it-IT\"},{\"@type\":\"WebPage\",\"@id\":\"https:\/\/blog.holyart.it\/it\/pasqua\/i-riti-della-settimana-santa\/\",\"url\":\"https:\/\/blog.holyart.it\/it\/pasqua\/i-riti-della-settimana-santa\/\",\"name\":\"I riti della Settimana Santa - Holyblog\",\"isPartOf\":{\"@id\":\"https:\/\/blog.holyart.it\/it\/#website\"},\"primaryImageOfPage\":{\"@id\":\"https:\/\/blog.holyart.it\/it\/pasqua\/i-riti-della-settimana-santa\/#primaryimage\"},\"image\":{\"@id\":\"https:\/\/blog.holyart.it\/it\/pasqua\/i-riti-della-settimana-santa\/#primaryimage\"},\"thumbnailUrl\":\"https:\/\/blog.holyart.it\/it\/wp-content\/uploads\/sites\/17\/2020\/04\/riti-settimana-santa.jpg\",\"datePublished\":\"2020-04-06T15:42:31+00:00\",\"dateModified\":\"2026-03-20T09:39:58+00:00\",\"description\":\"La Pasqua \u00e8 la festa pi\u00f9 importante per i cristiani e viene celebrata in tutto il mondo. Vediamo giorno per giorno...\",\"breadcrumb\":{\"@id\":\"https:\/\/blog.holyart.it\/it\/pasqua\/i-riti-della-settimana-santa\/#breadcrumb\"},\"inLanguage\":\"it-IT\",\"potentialAction\":[{\"@type\":\"ReadAction\",\"target\":[\"https:\/\/blog.holyart.it\/it\/pasqua\/i-riti-della-settimana-santa\/\"]}]},{\"@type\":\"ImageObject\",\"inLanguage\":\"it-IT\",\"@id\":\"https:\/\/blog.holyart.it\/it\/pasqua\/i-riti-della-settimana-santa\/#primaryimage\",\"url\":\"https:\/\/blog.holyart.it\/it\/wp-content\/uploads\/sites\/17\/2020\/04\/riti-settimana-santa.jpg\",\"contentUrl\":\"https:\/\/blog.holyart.it\/it\/wp-content\/uploads\/sites\/17\/2020\/04\/riti-settimana-santa.jpg\",\"width\":1000,\"height\":666,\"caption\":\"riti settimana santa\"},{\"@type\":\"BreadcrumbList\",\"@id\":\"https:\/\/blog.holyart.it\/it\/pasqua\/i-riti-della-settimana-santa\/#breadcrumb\",\"itemListElement\":[{\"@type\":\"ListItem\",\"position\":1,\"name\":\"Homepage\",\"item\":\"https:\/\/blog.holyart.it\/it\/\"},{\"@type\":\"ListItem\",\"position\":2,\"name\":\"Pasqua\",\"item\":\"https:\/\/blog.holyart.it\/it\/pasqua\/\"},{\"@type\":\"ListItem\",\"position\":3,\"name\":\"I riti della Settimana Santa\"}]},{\"@type\":\"WebSite\",\"@id\":\"https:\/\/blog.holyart.it\/it\/#website\",\"url\":\"https:\/\/blog.holyart.it\/it\/\",\"name\":\"Holyblog\",\"description\":\"Il Blog di Holyart.it\",\"publisher\":{\"@id\":\"https:\/\/blog.holyart.it\/it\/#organization\"},\"potentialAction\":[{\"@type\":\"SearchAction\",\"target\":{\"@type\":\"EntryPoint\",\"urlTemplate\":\"https:\/\/blog.holyart.it\/it\/?s={search_term_string}\"},\"query-input\":{\"@type\":\"PropertyValueSpecification\",\"valueRequired\":true,\"valueName\":\"search_term_string\"}}],\"inLanguage\":\"it-IT\"},{\"@type\":\"Organization\",\"@id\":\"https:\/\/blog.holyart.it\/it\/#organization\",\"name\":\"Holyblog\",\"url\":\"https:\/\/blog.holyart.it\/it\/\",\"logo\":{\"@type\":\"ImageObject\",\"inLanguage\":\"it-IT\",\"@id\":\"https:\/\/blog.holyart.it\/it\/#\/schema\/logo\/image\/\",\"url\":\"https:\/\/blog.holyart.it\/it\/wp-content\/uploads\/sites\/17\/2022\/12\/Holyart_Blog_Logo.jpg\",\"contentUrl\":\"https:\/\/blog.holyart.it\/it\/wp-content\/uploads\/sites\/17\/2022\/12\/Holyart_Blog_Logo.jpg\",\"width\":300,\"height\":50,\"caption\":\"Holyblog\"},\"image\":{\"@id\":\"https:\/\/blog.holyart.it\/it\/#\/schema\/logo\/image\/\"}},{\"@type\":\"Person\",\"@id\":\"https:\/\/blog.holyart.it\/it\/#\/schema\/person\/0a7b686e5af0f856ec1e390dd0baecda\",\"name\":\"Redazione\"}]}<\/script>\n<!-- \/ Yoast SEO plugin. -->","yoast_head_json":{"title":"I riti della Settimana Santa - Holyblog","description":"La Pasqua \u00e8 la festa pi\u00f9 importante per i cristiani e viene celebrata in tutto il mondo. Vediamo giorno per giorno...","robots":{"index":"index","follow":"follow","max-snippet":"max-snippet:-1","max-image-preview":"max-image-preview:large","max-video-preview":"max-video-preview:-1"},"canonical":"https:\/\/blog.holyart.it\/it\/pasqua\/i-riti-della-settimana-santa\/","og_locale":"it_IT","og_type":"article","og_title":"I riti della Settimana Santa - Holyblog","og_description":"La Pasqua \u00e8 la festa pi\u00f9 importante per i cristiani e viene celebrata in tutto il mondo. Vediamo giorno per giorno...","og_url":"https:\/\/blog.holyart.it\/it\/pasqua\/i-riti-della-settimana-santa\/","og_site_name":"Holyblog","article_published_time":"2020-04-06T15:42:31+00:00","article_modified_time":"2026-03-20T09:39:58+00:00","og_image":[{"width":1000,"height":666,"url":"https:\/\/blog.holyart.it\/it\/wp-content\/uploads\/sites\/17\/2020\/04\/riti-settimana-santa.jpg","type":"image\/jpeg"}],"author":"Redazione","twitter_card":"summary_large_image","twitter_misc":{"Scritto da":"Redazione","Tempo di lettura stimato":"14 minuti"},"schema":{"@context":"https:\/\/schema.org","@graph":[{"@type":"Article","@id":"https:\/\/blog.holyart.it\/it\/pasqua\/i-riti-della-settimana-santa\/#article","isPartOf":{"@id":"https:\/\/blog.holyart.it\/it\/pasqua\/i-riti-della-settimana-santa\/"},"author":{"name":"Redazione","@id":"https:\/\/blog.holyart.it\/it\/#\/schema\/person\/0a7b686e5af0f856ec1e390dd0baecda"},"headline":"I riti della Settimana Santa","datePublished":"2020-04-06T15:42:31+00:00","dateModified":"2026-03-20T09:39:58+00:00","mainEntityOfPage":{"@id":"https:\/\/blog.holyart.it\/it\/pasqua\/i-riti-della-settimana-santa\/"},"wordCount":2348,"publisher":{"@id":"https:\/\/blog.holyart.it\/it\/#organization"},"image":{"@id":"https:\/\/blog.holyart.it\/it\/pasqua\/i-riti-della-settimana-santa\/#primaryimage"},"thumbnailUrl":"https:\/\/blog.holyart.it\/it\/wp-content\/uploads\/sites\/17\/2020\/04\/riti-settimana-santa.jpg","articleSection":["Liturgia","Occasioni speciali","Pasqua"],"inLanguage":"it-IT"},{"@type":"WebPage","@id":"https:\/\/blog.holyart.it\/it\/pasqua\/i-riti-della-settimana-santa\/","url":"https:\/\/blog.holyart.it\/it\/pasqua\/i-riti-della-settimana-santa\/","name":"I riti della Settimana Santa - Holyblog","isPartOf":{"@id":"https:\/\/blog.holyart.it\/it\/#website"},"primaryImageOfPage":{"@id":"https:\/\/blog.holyart.it\/it\/pasqua\/i-riti-della-settimana-santa\/#primaryimage"},"image":{"@id":"https:\/\/blog.holyart.it\/it\/pasqua\/i-riti-della-settimana-santa\/#primaryimage"},"thumbnailUrl":"https:\/\/blog.holyart.it\/it\/wp-content\/uploads\/sites\/17\/2020\/04\/riti-settimana-santa.jpg","datePublished":"2020-04-06T15:42:31+00:00","dateModified":"2026-03-20T09:39:58+00:00","description":"La Pasqua \u00e8 la festa pi\u00f9 importante per i cristiani e viene celebrata in tutto il mondo. Vediamo giorno per giorno...","breadcrumb":{"@id":"https:\/\/blog.holyart.it\/it\/pasqua\/i-riti-della-settimana-santa\/#breadcrumb"},"inLanguage":"it-IT","potentialAction":[{"@type":"ReadAction","target":["https:\/\/blog.holyart.it\/it\/pasqua\/i-riti-della-settimana-santa\/"]}]},{"@type":"ImageObject","inLanguage":"it-IT","@id":"https:\/\/blog.holyart.it\/it\/pasqua\/i-riti-della-settimana-santa\/#primaryimage","url":"https:\/\/blog.holyart.it\/it\/wp-content\/uploads\/sites\/17\/2020\/04\/riti-settimana-santa.jpg","contentUrl":"https:\/\/blog.holyart.it\/it\/wp-content\/uploads\/sites\/17\/2020\/04\/riti-settimana-santa.jpg","width":1000,"height":666,"caption":"riti settimana santa"},{"@type":"BreadcrumbList","@id":"https:\/\/blog.holyart.it\/it\/pasqua\/i-riti-della-settimana-santa\/#breadcrumb","itemListElement":[{"@type":"ListItem","position":1,"name":"Homepage","item":"https:\/\/blog.holyart.it\/it\/"},{"@type":"ListItem","position":2,"name":"Pasqua","item":"https:\/\/blog.holyart.it\/it\/pasqua\/"},{"@type":"ListItem","position":3,"name":"I riti della Settimana Santa"}]},{"@type":"WebSite","@id":"https:\/\/blog.holyart.it\/it\/#website","url":"https:\/\/blog.holyart.it\/it\/","name":"Holyblog","description":"Il Blog di Holyart.it","publisher":{"@id":"https:\/\/blog.holyart.it\/it\/#organization"},"potentialAction":[{"@type":"SearchAction","target":{"@type":"EntryPoint","urlTemplate":"https:\/\/blog.holyart.it\/it\/?s={search_term_string}"},"query-input":{"@type":"PropertyValueSpecification","valueRequired":true,"valueName":"search_term_string"}}],"inLanguage":"it-IT"},{"@type":"Organization","@id":"https:\/\/blog.holyart.it\/it\/#organization","name":"Holyblog","url":"https:\/\/blog.holyart.it\/it\/","logo":{"@type":"ImageObject","inLanguage":"it-IT","@id":"https:\/\/blog.holyart.it\/it\/#\/schema\/logo\/image\/","url":"https:\/\/blog.holyart.it\/it\/wp-content\/uploads\/sites\/17\/2022\/12\/Holyart_Blog_Logo.jpg","contentUrl":"https:\/\/blog.holyart.it\/it\/wp-content\/uploads\/sites\/17\/2022\/12\/Holyart_Blog_Logo.jpg","width":300,"height":50,"caption":"Holyblog"},"image":{"@id":"https:\/\/blog.holyart.it\/it\/#\/schema\/logo\/image\/"}},{"@type":"Person","@id":"https:\/\/blog.holyart.it\/it\/#\/schema\/person\/0a7b686e5af0f856ec1e390dd0baecda","name":"Redazione"}]}},"_links":{"self":[{"href":"https:\/\/blog.holyart.it\/it\/wp-json\/wp\/v2\/posts\/9198","targetHints":{"allow":["GET"]}}],"collection":[{"href":"https:\/\/blog.holyart.it\/it\/wp-json\/wp\/v2\/posts"}],"about":[{"href":"https:\/\/blog.holyart.it\/it\/wp-json\/wp\/v2\/types\/post"}],"author":[{"embeddable":true,"href":"https:\/\/blog.holyart.it\/it\/wp-json\/wp\/v2\/users\/1"}],"replies":[{"embeddable":true,"href":"https:\/\/blog.holyart.it\/it\/wp-json\/wp\/v2\/comments?post=9198"}],"version-history":[{"count":2,"href":"https:\/\/blog.holyart.it\/it\/wp-json\/wp\/v2\/posts\/9198\/revisions"}],"predecessor-version":[{"id":23755,"href":"https:\/\/blog.holyart.it\/it\/wp-json\/wp\/v2\/posts\/9198\/revisions\/23755"}],"wp:featuredmedia":[{"embeddable":true,"href":"https:\/\/blog.holyart.it\/it\/wp-json\/wp\/v2\/media\/9214"}],"wp:attachment":[{"href":"https:\/\/blog.holyart.it\/it\/wp-json\/wp\/v2\/media?parent=9198"}],"wp:term":[{"taxonomy":"category","embeddable":true,"href":"https:\/\/blog.holyart.it\/it\/wp-json\/wp\/v2\/categories?post=9198"},{"taxonomy":"post_tag","embeddable":true,"href":"https:\/\/blog.holyart.it\/it\/wp-json\/wp\/v2\/tags?post=9198"}],"curies":[{"name":"wp","href":"https:\/\/api.w.org\/{rel}","templated":true}]}}