{"id":9004,"date":"2020-03-17T17:30:05","date_gmt":"2020-03-17T16:30:05","guid":{"rendered":"https:\/\/blog.holyart.it\/it\/?p=9004"},"modified":"2025-08-29T10:13:53","modified_gmt":"2025-08-29T08:13:53","slug":"san-patrizio-la-festa-curiosita-e-storia","status":"publish","type":"post","link":"https:\/\/blog.holyart.it\/it\/santi-e-beati\/san-patrizio-la-festa-curiosita-e-storia\/","title":{"rendered":"San Patrizio: la festa, curiosit\u00e0 e storia"},"content":{"rendered":"<h4>Il 17 marzo si festeggia San Patrizio, il santo patrono d&#8217;Irlanda. Una festa piena di allegria, colori (soprattutto il verde) e musica. Ma chi era questo santo ancora cos\u00ec amato dagli irlandesi di tutto il mondo?<\/h4>\n\n<p>San Patrizio patrono d&#8217;Irlanda, ma anche della Nigeria, di Montserrat, New York, e Boston, nonch\u00e9 degli ingegneri, deve la sua celebrit\u00e0 al <strong>Saint Patrick&#8217;s Day <\/strong>(Festa di San Patrizio), la pi\u00f9 grande festa nazionale d&#8217;Irlanda, festeggiata per\u00f2 in tutto il mondo, ovunque ci sia una comunit\u00e0 irlandese. Una festa allegra e piena di musica e colori, celebrata con parate, concerti, spettacoli pirotecnici e grandi bevute di <strong><a href=\"https:\/\/www.holyart.it\/it\/prodotti-dei-monasteri\/birre-trappiste-e-dabbazia\">birra<\/a><\/strong> nei pub. Il colore dominante \u00e8 il <strong>verde<\/strong>, perch\u00e9 l&#8217;Irlanda \u00e8 conosciuta anche come l&#8217;<em>isola verde<\/em>. Molti si dipingono il volto di verde per l&#8217;occasione, o indossano vestiti o copricapi di questo colore.<\/p>\n<div class=\"link-article\">\n<p><img loading=\"lazy\" decoding=\"async\" class=\"alignleft size-thumbnail wp-image-9013\" src=\"https:\/\/blog.holyart.it\/it\/wp-content\/uploads\/sites\/17\/2020\/04\/birre-trappiste-.jpg\" alt=\"birre-trappiste\" width=\"150\" height=\"100\" \/><\/p>\n<div class=\"leggi-anche\">Leggi anche:<\/div>\n<p><strong><a href=\"https:\/\/www.holyart.it\/blog\/prodotti-monasteri\/birra-monastica\/\">Birra monastica<\/a><\/strong><br \/>\nLa produzione di birra nei monasteri nasce da esigenze molto pratiche e contingenti. In passato, la birra costituiva un vero e proprio alimento&#8230;<\/p>\n<\/div>\n<p>Inoltre uno dei simboli di San Patrizio \u00e8 il <strong>trifoglio<\/strong>. La leggenda vuole che il Santo, ai tempi del suo apostolato, lo usasse come esempio per spiegare agli irlandesi il <strong><a href=\"https:\/\/www.holyart.it\/blog\/articoli-religiosi\/santissima-trinita-significato-e-rappresentazione-iconografica\/\">concetto di Trinit\u00e0<\/a><\/strong>. Non \u00e8 un caso che chi trova un trifoglio il giorno di San Patrizio sia destinato a godere del doppio della fortuna per il resto dell&#8217;anno.<\/p>\n<div class=\"link-article\">\n<p><img loading=\"lazy\" decoding=\"async\" class=\"alignleft size-thumbnail wp-image-8717\" src=\"https:\/\/blog.holyart.it\/it\/wp-content\/uploads\/sites\/17\/2020\/04\/la-trinit\u00e0.jpg\" alt=\"la trinit\u00e0\" width=\"150\" height=\"100\" \/><\/p>\n<div class=\"leggi-anche\">Leggi anche:<\/div>\n<p><strong><a href=\"https:\/\/www.holyart.it\/blog\/articoli-religiosi\/santissima-trinita-significato-e-rappresentazione-iconografica\/\">Santissima Trinit\u00e0: significato e rappresentazione iconografica<\/a><\/strong><br \/>\nIl concetto di Trinit\u00e0 riassume la dottrina fondamentale della chiesa cattolica: Dio \u00e8 Uno e Unico, in lui per\u00f2 coesistono tre Persone<\/p>\n<\/div>\n<p>Cosa si fa il giorno di San Patrizio? L&#8217;ideale sarebbe recarsi al Castello di Blarney a Cork e baciare la Blarney Stone, una pietra situata in cima a un&#8217;alta torre che conferisce il dono dell&#8217;eloquenza a chi vi posa le labbra. Ma se non avete modo di recarvi fin laggi\u00f9, ci sono altri modi per rendere omaggio a questo santo cos\u00ec speciale. Basta indossare qualcosa di verde e magari&#8230; dare un bacio a un irlandese!<\/p>\n<p>Ma chi era San Patrizio?<\/p>\n<h2>La Storia di San Patrizio<\/h2>\n<p>Il vero nome del Santo era Maewyin Succat, nato nella Britannia romana tra il 385 e il 392 d.C. e appartenente a una famiglia di nobili proprietari terrieri.<\/p>\n<p>Appena sedicenne venne rapito dai pirati irlandesi e venduto come schiavo al Re di Dalriada (o D\u00e1l Riata o Dalriata), un regno che comprendeva parte della Scozia e dell\u2019Irlanda, gli abitanti del quale erano chiamati <em>Scoti<\/em>, &#8220;razziatori&#8221;, &#8220;invasori&#8221;. Nei sei anni trascorsi presso queste genti il ragazzo impar\u00f2 la <strong>lingua gaelica<\/strong> e la <strong>mitologia celtica<\/strong>, che gli sarebbero servite molto successivamente per avvicinarsi ai popoli dell&#8217;Irlanda. Quando infine riusc\u00ec a tornare presso la sua famiglia aveva maturato la <strong>conversione al cattolicesimo<\/strong> e prese i voti diventando prima diacono, col nome latino di Patrizio<strong>,<\/strong> poi vescovo nel 420 d.C.<\/p>\n<div class=\"link-product\">\n<div class=\"blocco-immagine\"><img loading=\"lazy\" decoding=\"async\" class=\"alignnone size-thumbnail wp-image-9026\" src=\"https:\/\/blog.holyart.it\/it\/wp-content\/uploads\/sites\/17\/2020\/03\/statua-san-patrizio-150x150.jpg\" alt=\"statua san patrizio\" width=\"100\" height=\"100\" \/><\/div>\n<div class=\"blocco-contenuto\">\n<div class=\"blocco-acquista\">Acquista su Holyart:<\/div>\n<div class=\"blocco-titolo\"><a href=\"https:\/\/www.holyart.it\/it\/articoli-religiosi\/statue\/statue-in-gesso\/san-patrizio-20-cm-statua-in-gesso\">San Patrizio<br \/>\nstatua in gesso, 20 cm <\/a><\/div>\n<\/div>\n<\/div>\n<p>Fu Papa Celestino I ad affidargli il delicato compito di <strong>evangelizzare l&#8217;Irlanda<\/strong> e le isole britanniche. Delicato, perch\u00e9 allora quelle terre erano pagane, e popolate da tante diverse trib\u00f9. San Patrizio non si perse d&#8217;animo. Gli anni presso la corte di Muirchu, Re del D\u00e1l Riata, gli avevano dato le conoscenze necessarie per potersi relazionare con la gente che abitava in quei luoghi selvaggi. Inizi\u00f2 fin da subito a predicare in <strong>gaelico<\/strong>, la lingua locale, e a viaggiare per tutta l&#8217;Irlanda promuovendo il cosiddetto <strong>Cristianesimo celtico<\/strong>, che riprendeva le antiche tradizioni locali declinandole in chiave cattolica. Basti pensare alla <a href=\"https:\/\/www.holyart.it\/blog\/articoli-religiosi\/tipi-di-croci-e-i-loro-significati\"><strong>croce celtica<\/strong><\/a>, costituita da un cerchio vuoto posto su una croce latina, in modo che il centro del cerchio coincida con il punto di intersezione dei bracci della croce, e che si rif\u00e0 probabilmente alla<em> ruota solare<\/em> (antica runa del sole nero), alla <em>croce solare<\/em> (che rappresentava il Sole ed era il simbolo del potere) e ad altri simboli precristiani.<\/p>\n<div class=\"link-article\">\n<p><img loading=\"lazy\" decoding=\"async\" class=\"alignleft size-full wp-image-9033\" src=\"https:\/\/blog.holyart.it\/it\/wp-content\/uploads\/sites\/17\/2020\/03\/tipi-di-croci.jpg\" alt=\"tipi di croci\" width=\"150\" height=\"100\" \/><\/p>\n<div class=\"leggi-anche\">Leggi anche:<\/div>\n<p><strong><a href=\"https:\/\/www.holyart.it\/blog\/articoli-religiosi\/tipi-di-croci-e-i-loro-significati\">Tipi di Croci e i loro significati<\/a><\/strong><br \/>\nLa croce \u00e8 un simbolo antico, che ha conosciuto nel tempo molte e diverse declinazioni. Scopriamo i diversi tipi di croci, la loro storia&#8230;<\/p>\n<\/div>\n<p>Patrizio fond\u00f2 <strong><a href=\"https:\/\/www.holyart.it\/it\/prodotti-dei-monasteri\">abbazie e monasteri<\/a><\/strong> e si diede da fare per aiutare i <strong>poveri e i bisognosi<\/strong>.<\/p>\n<p>Tra le <strong>leggende e gli atti miracolosi<\/strong> a lui attribuiti ricordiamo la <strong>cacciata dei serpenti <\/strong>dall&#8217;isola verde (si dice sia grazie a lui che in Irlanda non ci sono serpenti), e il miracolo del<strong> biancospino<\/strong> (il santo avrebbe posato su un cespuglio di questa pianta la sua mantella ad asciugare dopo averla usata come zattera per attraversare un fiume, e da allora il biancospino fiorisce d\u2019inverno).<\/p>\n<p>Ancora oggi \u00e8 famosa la sua <em>Benedizione del Viaggiatore Irlandese <\/em>(Irish journey blessing):<\/p>\n<p><em>May the road rise to meet you,<\/em><br \/>\n<em>may the wind be always at your back,<\/em><br \/>\n<em>may the sun shine warm upon your face,<\/em><br \/>\n<em>and the rains fall soft upon your fields and,<\/em><br \/>\n<em>until we meet again, may God hold you in the palm of His hand.<\/em><\/p>\n<p>\u201cSia la strada al tuo fianco,<br \/>\nil vento sempre alle tue spalle,<br \/>\nche il sole splenda caldo sul tuo viso,<br \/>\ne la pioggia cada dolce nei campi attorno e,<br \/>\nfinch\u00e9 non ci incontreremo di nuovo,<br \/>\npossa Dio proteggerti nel palmo della sua mano.\u201d<\/p>\n<div class=\"link-product\">\n<div class=\"blocco-immagine\"><img loading=\"lazy\" decoding=\"async\" class=\"alignnone size-thumbnail wp-image-9023\" src=\"https:\/\/blog.holyart.it\/it\/wp-content\/uploads\/sites\/17\/2020\/03\/rosario-san-patrizio-150x150.jpg\" alt=\"rosario san patrizio\" width=\"100\" height=\"100\" \/><\/div>\n<div class=\"blocco-contenuto\">\n<div class=\"blocco-acquista\">Acquista su Holyart:<\/div>\n<div class=\"blocco-titolo\"><a href=\"https:\/\/www.holyart.it\/it\/articoli-religiosi\/rosari-e-portarosari\/rosari-vetro\/rosario-vetro-san-patrizio-grani-a-trifoglio-8x6-mm\">Rosario di San Patrizio<br \/>\ncon grani a forma di trifoglio irlandese<\/a><\/div>\n<\/div>\n<\/div>\n<h2>Quando si festeggia San Patrizio<\/h2>\n<p>La maggior parte degli storici indica il 17 marzo del 461 d.C. come giorno della morte di San Patrizio. Il Santo sarebbe morto a Saul, nella contea di Down, e poi venne trasportato nell&#8217;attuale Downpatrick. Dal 1600 in questo giorno viene commemorato l&#8217;arrivo del cristianesimo in Irlanda per mano del Santo, ed \u00e8 festa nazionale nella Repubblica d&#8217;Irlanda. \u00c8 una delle feste nazionali pi\u00f9 festeggiate al mondo.<\/p>\n<figure id=\"attachment_9029\" aria-describedby=\"caption-attachment-9029\" style=\"width: 1024px\" class=\"wp-caption aligncenter\"><img loading=\"lazy\" decoding=\"async\" class=\"size-large wp-image-9029\" src=\"https:\/\/blog.holyart.it\/it\/wp-content\/uploads\/sites\/17\/2020\/03\/new-york-city-festa-san-patrizio-1024x730.jpg\" alt=\"new york city festa san patrizio\" width=\"1024\" height=\"730\" \/><figcaption id=\"caption-attachment-9029\" class=\"wp-caption-text\"><center><strong>New York City Festa di San Patrizio<\/strong><\/center><\/figcaption><\/figure>\n<h2>Perch\u00e9 San Patrizio \u00e8 cos\u00ec importante in Irlanda?<\/h2>\n<p>Gli irlandesi festeggiano il Saint Patrick&#8217;s Day, o St. Paddy&#8217;s Day (in irlandese: L\u00e1 &#8216;le P\u00e1draig oppure L\u00e1 Fh\u00e9ile P\u00e1draig) fin dal IX e X secolo. In tutta l&#8217;isola, ma anche in ogni paese del mondo che ospita una comunit\u00e0 irlandese, si tengono grandi parate, banchetti e danze frenetiche. <a href=\"https:\/\/www.holyart.it\/it\/prodotti-dei-monasteri\/birre-trappiste-e-dabbazia\"><strong>Grande protagonista di questa festa \u00e8 la birra<\/strong><\/a>, in particolare la Guinnes, tipica birra scura irlandese, usata anche per cucinare il dolce <em>Guinness Cake<\/em>, e il <strong>sidro <\/strong>ottenuto dalla fermentazione della mela. Si mangia il <em>roast dinner<\/em>, carne di manzo bollita, servita con patate arrostite, piselli e carote, il <em>soda bread<\/em> e la<em> apple tart<\/em> (torta di mele).<\/p>\n<div class=\"link-product\">\n<div class=\"blocco-immagine\"><img loading=\"lazy\" decoding=\"async\" class=\"alignnone size-thumbnail wp-image-9019\" src=\"https:\/\/blog.holyart.it\/it\/wp-content\/uploads\/sites\/17\/2020\/03\/birra-trappista-150x150.jpg\" alt=\"birra trappista\" width=\"100\" height=\"100\" \/><\/div>\n<div class=\"blocco-contenuto\">\n<div class=\"blocco-acquista\">Acquista su Holyart:<\/div>\n<div class=\"blocco-titolo\"><a href=\"https:\/\/www.holyart.it\/it\/prodotti-dei-monasteri\/birre-trappiste-e-dabbazia\/birra-trappista-dei-monaci-delle-tre-fontane-75-cl\">Birra Trappista<br \/>\ndei Monaci delle Tre Fontane, 75 cl<\/a><\/div>\n<\/div>\n<\/div>\n<h2>Il pozzo di San Patrizio dove si trova?<\/h2>\n<p>Un&#8217;altra leggenda racconta che, a un certo punto, San Patrizio si fosse ritirato in preghiera nell\u2019isolotto lacustre di Lough Derg, nella contea irlandese di Donegal. Qui si apriva una caverna cos\u00ec profonda che si diceva vi si aprissero le porte del Purgatorio. Per questo il luogo venne soprannominato <em>Purgatorio di San Patrizio<\/em> o <em>Pozzo di San Patrizio<\/em>. La grotta \u00e8 stata murata nel 1497, e oggi vi sorge una chiesa, meta di pellegrinaggio penitenziale.<\/p>\n<p>A Orvieto, in Italia, Papa Clemente VII ordin\u00f2 tra il 1527 e il 1537 la costruzione del Pozzo di San Patrizio. Si tratta di un capolavoro ingegneristico realizzato da Antonio da Sangallo il Giovane come rifugio in caso di assedio. Infatti il pozzo \u00e8 strutturato in modo da risultare facilmente rifornibile di acqua. Si tratta di una struttura scavata nel tufo che sprofonda nel terreno per 54 metri, con due rampe di scale elicoidali a senso unico. Il suo\u00a0diametro \u00e8 di 13 m. Prende il suo nome dalla grotta dal luogo di ritiro del Santo irlandese.<\/p>\n<p>Oggi con la definizione <em>pozzo di San Patrizio<\/em> si intende anche una scorta sconfinata di ricchezze, o un&#8217;impresa interminabile che divora tempo ed energie inutilmente.<\/p>\n<p><img loading=\"lazy\" decoding=\"async\" class=\"aligncenter size-full wp-image-22528\" src=\"https:\/\/blog.holyart.it\/it\/wp-content\/uploads\/sites\/17\/2020\/03\/pozzo-di-san-patrizio.jpg\" alt=\"pozzo di san patrizio\" width=\"1000\" height=\"666\" data-kale-share-title=\"San Patrizio: la festa, curiosit\u00e0 e storia\" data-kale-share-url=\"https:\/\/blog.holyart.it\/it\/santi-e-beati\/san-patrizio-la-festa-curiosita-e-storia\/\" \/><\/p>\n","protected":false},"excerpt":{"rendered":"<p>Il 17 marzo si festeggia San Patrizio, il santo patrono d&#8217;Irlanda. Una festa piena di allegria, colori (soprattutto il verde) e musica. Ma chi era questo santo ancora cos\u00ec amato dagli irlandesi di tutto il mondo? San Patrizio patrono d&#8217;Irlanda, ma anche della Nigeria, di&hellip;<\/p>\n","protected":false},"author":1,"featured_media":9018,"comment_status":"closed","ping_status":"open","sticky":false,"template":"","format":"standard","meta":{"_acf_changed":false,"footnotes":""},"categories":[16,15],"tags":[],"class_list":["post-9004","post","type-post","status-publish","format-standard","has-post-thumbnail","hentry","category-articoli-religiosi","category-santi-e-beati"],"acf":[],"yoast_head":"<!-- This site is optimized with the Yoast SEO plugin v26.6 - https:\/\/yoast.com\/wordpress\/plugins\/seo\/ -->\n<title>San Patrizio: la festa, curiosit\u00e0 e storia - Holyblog<\/title>\n<meta name=\"description\" content=\"Il 17 marzo si festeggia San Patrizio, Patrono d&#039;Irlanda. Una festa piena di allegria, colori (soprattutto il verde) e musica. Chi era questo Santo\" \/>\n<meta name=\"robots\" content=\"index, follow, max-snippet:-1, max-image-preview:large, max-video-preview:-1\" \/>\n<link rel=\"canonical\" href=\"https:\/\/blog.holyart.it\/it\/santi-e-beati\/san-patrizio-la-festa-curiosita-e-storia\/\" \/>\n<meta property=\"og:locale\" content=\"it_IT\" \/>\n<meta property=\"og:type\" content=\"article\" \/>\n<meta property=\"og:title\" content=\"San Patrizio: la festa, curiosit\u00e0 e storia - Holyblog\" \/>\n<meta property=\"og:description\" content=\"Il 17 marzo si festeggia San Patrizio, Patrono d&#039;Irlanda. Una festa piena di allegria, colori (soprattutto il verde) e musica. Chi era questo Santo\" \/>\n<meta property=\"og:url\" content=\"https:\/\/blog.holyart.it\/it\/santi-e-beati\/san-patrizio-la-festa-curiosita-e-storia\/\" \/>\n<meta property=\"og:site_name\" content=\"Holyblog\" \/>\n<meta property=\"article:published_time\" content=\"2020-03-17T16:30:05+00:00\" \/>\n<meta property=\"article:modified_time\" content=\"2025-08-29T08:13:53+00:00\" \/>\n<meta property=\"og:image\" content=\"https:\/\/blog.holyart.it\/it\/wp-content\/uploads\/sites\/17\/2020\/03\/san-patrizio.jpg\" \/>\n\t<meta property=\"og:image:width\" content=\"1000\" \/>\n\t<meta property=\"og:image:height\" content=\"666\" \/>\n\t<meta property=\"og:image:type\" content=\"image\/jpeg\" \/>\n<meta name=\"author\" content=\"Redazione\" \/>\n<meta name=\"twitter:card\" content=\"summary_large_image\" \/>\n<meta name=\"twitter:label1\" content=\"Scritto da\" \/>\n\t<meta name=\"twitter:data1\" content=\"Redazione\" \/>\n\t<meta name=\"twitter:label2\" content=\"Tempo di lettura stimato\" \/>\n\t<meta name=\"twitter:data2\" content=\"9 minuti\" \/>\n<script type=\"application\/ld+json\" class=\"yoast-schema-graph\">{\"@context\":\"https:\/\/schema.org\",\"@graph\":[{\"@type\":\"Article\",\"@id\":\"https:\/\/blog.holyart.it\/it\/santi-e-beati\/san-patrizio-la-festa-curiosita-e-storia\/#article\",\"isPartOf\":{\"@id\":\"https:\/\/blog.holyart.it\/it\/santi-e-beati\/san-patrizio-la-festa-curiosita-e-storia\/\"},\"author\":{\"name\":\"Redazione\",\"@id\":\"https:\/\/blog.holyart.it\/it\/#\/schema\/person\/0a7b686e5af0f856ec1e390dd0baecda\"},\"headline\":\"San Patrizio: la festa, curiosit\u00e0 e storia\",\"datePublished\":\"2020-03-17T16:30:05+00:00\",\"dateModified\":\"2025-08-29T08:13:53+00:00\",\"mainEntityOfPage\":{\"@id\":\"https:\/\/blog.holyart.it\/it\/santi-e-beati\/san-patrizio-la-festa-curiosita-e-storia\/\"},\"wordCount\":1272,\"publisher\":{\"@id\":\"https:\/\/blog.holyart.it\/it\/#organization\"},\"image\":{\"@id\":\"https:\/\/blog.holyart.it\/it\/santi-e-beati\/san-patrizio-la-festa-curiosita-e-storia\/#primaryimage\"},\"thumbnailUrl\":\"https:\/\/blog.holyart.it\/it\/wp-content\/uploads\/sites\/17\/2020\/03\/san-patrizio.jpg\",\"articleSection\":[\"Religione\",\"Santi e beati\"],\"inLanguage\":\"it-IT\"},{\"@type\":\"WebPage\",\"@id\":\"https:\/\/blog.holyart.it\/it\/santi-e-beati\/san-patrizio-la-festa-curiosita-e-storia\/\",\"url\":\"https:\/\/blog.holyart.it\/it\/santi-e-beati\/san-patrizio-la-festa-curiosita-e-storia\/\",\"name\":\"San Patrizio: la festa, curiosit\u00e0 e storia - Holyblog\",\"isPartOf\":{\"@id\":\"https:\/\/blog.holyart.it\/it\/#website\"},\"primaryImageOfPage\":{\"@id\":\"https:\/\/blog.holyart.it\/it\/santi-e-beati\/san-patrizio-la-festa-curiosita-e-storia\/#primaryimage\"},\"image\":{\"@id\":\"https:\/\/blog.holyart.it\/it\/santi-e-beati\/san-patrizio-la-festa-curiosita-e-storia\/#primaryimage\"},\"thumbnailUrl\":\"https:\/\/blog.holyart.it\/it\/wp-content\/uploads\/sites\/17\/2020\/03\/san-patrizio.jpg\",\"datePublished\":\"2020-03-17T16:30:05+00:00\",\"dateModified\":\"2025-08-29T08:13:53+00:00\",\"description\":\"Il 17 marzo si festeggia San Patrizio, Patrono d'Irlanda. Una festa piena di allegria, colori (soprattutto il verde) e musica. Chi era questo Santo\",\"breadcrumb\":{\"@id\":\"https:\/\/blog.holyart.it\/it\/santi-e-beati\/san-patrizio-la-festa-curiosita-e-storia\/#breadcrumb\"},\"inLanguage\":\"it-IT\",\"potentialAction\":[{\"@type\":\"ReadAction\",\"target\":[\"https:\/\/blog.holyart.it\/it\/santi-e-beati\/san-patrizio-la-festa-curiosita-e-storia\/\"]}]},{\"@type\":\"ImageObject\",\"inLanguage\":\"it-IT\",\"@id\":\"https:\/\/blog.holyart.it\/it\/santi-e-beati\/san-patrizio-la-festa-curiosita-e-storia\/#primaryimage\",\"url\":\"https:\/\/blog.holyart.it\/it\/wp-content\/uploads\/sites\/17\/2020\/03\/san-patrizio.jpg\",\"contentUrl\":\"https:\/\/blog.holyart.it\/it\/wp-content\/uploads\/sites\/17\/2020\/03\/san-patrizio.jpg\",\"width\":1000,\"height\":666,\"caption\":\"san patrizio\"},{\"@type\":\"BreadcrumbList\",\"@id\":\"https:\/\/blog.holyart.it\/it\/santi-e-beati\/san-patrizio-la-festa-curiosita-e-storia\/#breadcrumb\",\"itemListElement\":[{\"@type\":\"ListItem\",\"position\":1,\"name\":\"Homepage\",\"item\":\"https:\/\/blog.holyart.it\/it\/\"},{\"@type\":\"ListItem\",\"position\":2,\"name\":\"Santi e beati\",\"item\":\"https:\/\/blog.holyart.it\/it\/santi-e-beati\/\"},{\"@type\":\"ListItem\",\"position\":3,\"name\":\"San Patrizio: la festa, curiosit\u00e0 e storia\"}]},{\"@type\":\"WebSite\",\"@id\":\"https:\/\/blog.holyart.it\/it\/#website\",\"url\":\"https:\/\/blog.holyart.it\/it\/\",\"name\":\"Holyblog\",\"description\":\"Il Blog di Holyart.it\",\"publisher\":{\"@id\":\"https:\/\/blog.holyart.it\/it\/#organization\"},\"potentialAction\":[{\"@type\":\"SearchAction\",\"target\":{\"@type\":\"EntryPoint\",\"urlTemplate\":\"https:\/\/blog.holyart.it\/it\/?s={search_term_string}\"},\"query-input\":{\"@type\":\"PropertyValueSpecification\",\"valueRequired\":true,\"valueName\":\"search_term_string\"}}],\"inLanguage\":\"it-IT\"},{\"@type\":\"Organization\",\"@id\":\"https:\/\/blog.holyart.it\/it\/#organization\",\"name\":\"Holyblog\",\"url\":\"https:\/\/blog.holyart.it\/it\/\",\"logo\":{\"@type\":\"ImageObject\",\"inLanguage\":\"it-IT\",\"@id\":\"https:\/\/blog.holyart.it\/it\/#\/schema\/logo\/image\/\",\"url\":\"https:\/\/blog.holyart.it\/it\/wp-content\/uploads\/sites\/17\/2022\/12\/Holyart_Blog_Logo.jpg\",\"contentUrl\":\"https:\/\/blog.holyart.it\/it\/wp-content\/uploads\/sites\/17\/2022\/12\/Holyart_Blog_Logo.jpg\",\"width\":300,\"height\":50,\"caption\":\"Holyblog\"},\"image\":{\"@id\":\"https:\/\/blog.holyart.it\/it\/#\/schema\/logo\/image\/\"}},{\"@type\":\"Person\",\"@id\":\"https:\/\/blog.holyart.it\/it\/#\/schema\/person\/0a7b686e5af0f856ec1e390dd0baecda\",\"name\":\"Redazione\"}]}<\/script>\n<!-- \/ Yoast SEO plugin. -->","yoast_head_json":{"title":"San Patrizio: la festa, curiosit\u00e0 e storia - Holyblog","description":"Il 17 marzo si festeggia San Patrizio, Patrono d'Irlanda. Una festa piena di allegria, colori (soprattutto il verde) e musica. Chi era questo Santo","robots":{"index":"index","follow":"follow","max-snippet":"max-snippet:-1","max-image-preview":"max-image-preview:large","max-video-preview":"max-video-preview:-1"},"canonical":"https:\/\/blog.holyart.it\/it\/santi-e-beati\/san-patrizio-la-festa-curiosita-e-storia\/","og_locale":"it_IT","og_type":"article","og_title":"San Patrizio: la festa, curiosit\u00e0 e storia - Holyblog","og_description":"Il 17 marzo si festeggia San Patrizio, Patrono d'Irlanda. Una festa piena di allegria, colori (soprattutto il verde) e musica. Chi era questo Santo","og_url":"https:\/\/blog.holyart.it\/it\/santi-e-beati\/san-patrizio-la-festa-curiosita-e-storia\/","og_site_name":"Holyblog","article_published_time":"2020-03-17T16:30:05+00:00","article_modified_time":"2025-08-29T08:13:53+00:00","og_image":[{"width":1000,"height":666,"url":"https:\/\/blog.holyart.it\/it\/wp-content\/uploads\/sites\/17\/2020\/03\/san-patrizio.jpg","type":"image\/jpeg"}],"author":"Redazione","twitter_card":"summary_large_image","twitter_misc":{"Scritto da":"Redazione","Tempo di lettura stimato":"9 minuti"},"schema":{"@context":"https:\/\/schema.org","@graph":[{"@type":"Article","@id":"https:\/\/blog.holyart.it\/it\/santi-e-beati\/san-patrizio-la-festa-curiosita-e-storia\/#article","isPartOf":{"@id":"https:\/\/blog.holyart.it\/it\/santi-e-beati\/san-patrizio-la-festa-curiosita-e-storia\/"},"author":{"name":"Redazione","@id":"https:\/\/blog.holyart.it\/it\/#\/schema\/person\/0a7b686e5af0f856ec1e390dd0baecda"},"headline":"San Patrizio: la festa, curiosit\u00e0 e storia","datePublished":"2020-03-17T16:30:05+00:00","dateModified":"2025-08-29T08:13:53+00:00","mainEntityOfPage":{"@id":"https:\/\/blog.holyart.it\/it\/santi-e-beati\/san-patrizio-la-festa-curiosita-e-storia\/"},"wordCount":1272,"publisher":{"@id":"https:\/\/blog.holyart.it\/it\/#organization"},"image":{"@id":"https:\/\/blog.holyart.it\/it\/santi-e-beati\/san-patrizio-la-festa-curiosita-e-storia\/#primaryimage"},"thumbnailUrl":"https:\/\/blog.holyart.it\/it\/wp-content\/uploads\/sites\/17\/2020\/03\/san-patrizio.jpg","articleSection":["Religione","Santi e beati"],"inLanguage":"it-IT"},{"@type":"WebPage","@id":"https:\/\/blog.holyart.it\/it\/santi-e-beati\/san-patrizio-la-festa-curiosita-e-storia\/","url":"https:\/\/blog.holyart.it\/it\/santi-e-beati\/san-patrizio-la-festa-curiosita-e-storia\/","name":"San Patrizio: la festa, curiosit\u00e0 e storia - Holyblog","isPartOf":{"@id":"https:\/\/blog.holyart.it\/it\/#website"},"primaryImageOfPage":{"@id":"https:\/\/blog.holyart.it\/it\/santi-e-beati\/san-patrizio-la-festa-curiosita-e-storia\/#primaryimage"},"image":{"@id":"https:\/\/blog.holyart.it\/it\/santi-e-beati\/san-patrizio-la-festa-curiosita-e-storia\/#primaryimage"},"thumbnailUrl":"https:\/\/blog.holyart.it\/it\/wp-content\/uploads\/sites\/17\/2020\/03\/san-patrizio.jpg","datePublished":"2020-03-17T16:30:05+00:00","dateModified":"2025-08-29T08:13:53+00:00","description":"Il 17 marzo si festeggia San Patrizio, Patrono d'Irlanda. Una festa piena di allegria, colori (soprattutto il verde) e musica. Chi era questo Santo","breadcrumb":{"@id":"https:\/\/blog.holyart.it\/it\/santi-e-beati\/san-patrizio-la-festa-curiosita-e-storia\/#breadcrumb"},"inLanguage":"it-IT","potentialAction":[{"@type":"ReadAction","target":["https:\/\/blog.holyart.it\/it\/santi-e-beati\/san-patrizio-la-festa-curiosita-e-storia\/"]}]},{"@type":"ImageObject","inLanguage":"it-IT","@id":"https:\/\/blog.holyart.it\/it\/santi-e-beati\/san-patrizio-la-festa-curiosita-e-storia\/#primaryimage","url":"https:\/\/blog.holyart.it\/it\/wp-content\/uploads\/sites\/17\/2020\/03\/san-patrizio.jpg","contentUrl":"https:\/\/blog.holyart.it\/it\/wp-content\/uploads\/sites\/17\/2020\/03\/san-patrizio.jpg","width":1000,"height":666,"caption":"san patrizio"},{"@type":"BreadcrumbList","@id":"https:\/\/blog.holyart.it\/it\/santi-e-beati\/san-patrizio-la-festa-curiosita-e-storia\/#breadcrumb","itemListElement":[{"@type":"ListItem","position":1,"name":"Homepage","item":"https:\/\/blog.holyart.it\/it\/"},{"@type":"ListItem","position":2,"name":"Santi e beati","item":"https:\/\/blog.holyart.it\/it\/santi-e-beati\/"},{"@type":"ListItem","position":3,"name":"San Patrizio: la festa, curiosit\u00e0 e storia"}]},{"@type":"WebSite","@id":"https:\/\/blog.holyart.it\/it\/#website","url":"https:\/\/blog.holyart.it\/it\/","name":"Holyblog","description":"Il Blog di Holyart.it","publisher":{"@id":"https:\/\/blog.holyart.it\/it\/#organization"},"potentialAction":[{"@type":"SearchAction","target":{"@type":"EntryPoint","urlTemplate":"https:\/\/blog.holyart.it\/it\/?s={search_term_string}"},"query-input":{"@type":"PropertyValueSpecification","valueRequired":true,"valueName":"search_term_string"}}],"inLanguage":"it-IT"},{"@type":"Organization","@id":"https:\/\/blog.holyart.it\/it\/#organization","name":"Holyblog","url":"https:\/\/blog.holyart.it\/it\/","logo":{"@type":"ImageObject","inLanguage":"it-IT","@id":"https:\/\/blog.holyart.it\/it\/#\/schema\/logo\/image\/","url":"https:\/\/blog.holyart.it\/it\/wp-content\/uploads\/sites\/17\/2022\/12\/Holyart_Blog_Logo.jpg","contentUrl":"https:\/\/blog.holyart.it\/it\/wp-content\/uploads\/sites\/17\/2022\/12\/Holyart_Blog_Logo.jpg","width":300,"height":50,"caption":"Holyblog"},"image":{"@id":"https:\/\/blog.holyart.it\/it\/#\/schema\/logo\/image\/"}},{"@type":"Person","@id":"https:\/\/blog.holyart.it\/it\/#\/schema\/person\/0a7b686e5af0f856ec1e390dd0baecda","name":"Redazione"}]}},"_links":{"self":[{"href":"https:\/\/blog.holyart.it\/it\/wp-json\/wp\/v2\/posts\/9004","targetHints":{"allow":["GET"]}}],"collection":[{"href":"https:\/\/blog.holyart.it\/it\/wp-json\/wp\/v2\/posts"}],"about":[{"href":"https:\/\/blog.holyart.it\/it\/wp-json\/wp\/v2\/types\/post"}],"author":[{"embeddable":true,"href":"https:\/\/blog.holyart.it\/it\/wp-json\/wp\/v2\/users\/1"}],"replies":[{"embeddable":true,"href":"https:\/\/blog.holyart.it\/it\/wp-json\/wp\/v2\/comments?post=9004"}],"version-history":[{"count":3,"href":"https:\/\/blog.holyart.it\/it\/wp-json\/wp\/v2\/posts\/9004\/revisions"}],"predecessor-version":[{"id":22527,"href":"https:\/\/blog.holyart.it\/it\/wp-json\/wp\/v2\/posts\/9004\/revisions\/22527"}],"wp:featuredmedia":[{"embeddable":true,"href":"https:\/\/blog.holyart.it\/it\/wp-json\/wp\/v2\/media\/9018"}],"wp:attachment":[{"href":"https:\/\/blog.holyart.it\/it\/wp-json\/wp\/v2\/media?parent=9004"}],"wp:term":[{"taxonomy":"category","embeddable":true,"href":"https:\/\/blog.holyart.it\/it\/wp-json\/wp\/v2\/categories?post=9004"},{"taxonomy":"post_tag","embeddable":true,"href":"https:\/\/blog.holyart.it\/it\/wp-json\/wp\/v2\/tags?post=9004"}],"curies":[{"name":"wp","href":"https:\/\/api.w.org\/{rel}","templated":true}]}}