{"id":8814,"date":"2020-02-25T18:32:14","date_gmt":"2020-02-25T17:32:14","guid":{"rendered":"https:\/\/blog.holyart.it\/it\/?p=8814"},"modified":"2026-02-11T12:21:13","modified_gmt":"2026-02-11T11:21:13","slug":"che-cose-il-martedi-grasso","status":"publish","type":"post","link":"https:\/\/blog.holyart.it\/it\/articoli-religiosi\/che-cose-il-martedi-grasso\/","title":{"rendered":"Che cos&#8217;\u00e8 il marted\u00ec grasso"},"content":{"rendered":"<h4>Presto sar\u00e0 Carnevale, una grande festa per i bambini, ma anche un momento importante per i cattolici, perch\u00e9 precede l&#8217;inizio della Quaresima. Scopriamo qualcosa di pi\u00f9 su marted\u00ec grasso, l&#8217;ultimo giorno di questa festa.<\/h4>\n\n<p>Il\u00a0<strong>marted\u00ec grasso<\/strong>\u00a0\u00e8 il giorno che conclude i festeggiamenti del\u00a0<strong>Carnevale<\/strong>. Si tratte di un giorno di festa, oggi celebrato con sfilate di carri allegorici in molte delle citt\u00e0 d&#8217;Italia, e con l&#8217;usanza di indossare\u00a0<strong>costumi e maschere<\/strong>.<br \/>\nIl significato religioso del marted\u00ec grasso, come di molte altre feste, si \u00e8 perduto nel tempo, sopraffatto da una visione pi\u00f9 consumistica e proiettata verso il piano\u00a0immanente. Non \u00e8 sempre stato cos\u00ec, anche se, nel caso del marted\u00ec grasso, la connotazione della festa religiosa rimane comunque caratterizzata da una dimensione gaudente.<\/p>\n<p>Infatti, dal momento che questo \u00e8 il giorno che precede <a href=\"https:\/\/www.holyart.it\/blog\/articoli-religiosi\/mercoledi-delle-ceneri-che-cose\"><strong>le sacre ceneri<\/strong><\/a>, e dunque l&#8217;inizio della\u00a0<a href=\"https:\/\/www.holyart.it\/it\/occasioni-speciali\/pasqua-e-quaresima\"><strong>Quaresima<\/strong><\/a>, fin dall\u2019antichit\u00e0 si trattava dell&#8217;ultimo giorno deputato al consumo di cibi ricchi e saporiti, grassi, appunto, per svuotare la dispensa in modo da non dover pi\u00f9 essere indotti in tentazione.<\/p>\n<div class=\"link-article\">\n<p><img loading=\"lazy\" decoding=\"async\" class=\"wp-image-12373 size-full alignleft\" src=\"https:\/\/blog.holyart.it\/it\/wp-content\/uploads\/sites\/17\/2020\/02\/mercoledi-delle-ceneri-1.jpeg\" alt=\"mercoledi ceneri\" width=\"150\" height=\"99\" data-kale-share-title=\"Che cos\u2019\u00e8 il marted\u00ec grasso\" data-kale-share-url=\"https:\/\/blog.holyart.it\/it\/accessori-liturgia\/che-cose-il-martedi-grasso\/\" \/><\/p>\n<div class=\"leggi-anche\">Leggi anche:<\/div>\n<p><strong><a href=\"https:\/\/www.holyart.it\/blog\/articoli-religiosi\/mercoledi-delle-ceneri-che-cose\/\">Mercoled\u00ec delle Ceneri: che cos\u2019\u00e8<\/a><\/strong><br \/>\nCarnevale sta per terminare. Dopo marted\u00ec grasso c\u2019\u00e8 il Mercoled\u00ec delle Ceneri, che segna l\u2019inizio della Quaresima.<\/p>\n<\/div>\n<p>Con il mercoled\u00ec delle ceneri, che precede la prima domenica di Quaresima, inizia un periodo di <strong>penitenza<\/strong> in preparazione della Pasqua, caratterizzato da digiuni e dalla rinuncia a certi alimenti, come la carne. Se osserviamo il termine\u00a0<strong>Carnevale<\/strong>,\u00a0e in particolare la sua origine latina\u00a0<em>carnem levare<\/em>, &#8220;eliminare la carne&#8221;, ci rendiamo conto dell&#8217;importanza che questi giorni rivestivano in passato.<\/p>\n<p>Del resto il\u00a0<strong>digiuno ecclesiastico<\/strong>, cos\u00ec come l&#8217;astinenza dalla carne, sono pratiche che caratterizzano la vita dei fedeli da sempre. Entrambi devono essere osservati in occasione del\u00a0mercoled\u00ec delle ceneri e del venerd\u00ec santo, mentre la sola astinenza dalla carne dovrebbe essere rispettata tutti\u00a0i venerd\u00ec, escluse le\u00a0feste di precetto. Questo a partire dalla costituzione apostolica &#8220;Paenitemini&#8221; di Papa Paolo VI del\u00a01966, perch\u00e9 prima i giorni di astinenza e i digiuni obbligatori erano molti di pi\u00f9.<\/p>\n<div class=\"link-article\">\n<p><img loading=\"lazy\" decoding=\"async\" class=\"alignleft size-full wp-image-12159\" src=\"https:\/\/blog.holyart.it\/it\/wp-content\/uploads\/sites\/17\/2020\/02\/digiuno-della-madonna-di-medijugorje.jpg\" alt=\"digiuno della madonna di medijugorje\" width=\"150\" height=\"100\" data-kale-share-title=\"Che cos\u2019\u00e8 il marted\u00ec grasso\" data-kale-share-url=\"https:\/\/blog.holyart.it\/it\/accessori-liturgia\/che-cose-il-martedi-grasso\/\" \/><\/p>\n<div class=\"leggi-anche\">Leggi anche:<\/div>\n<p><strong><a href=\"https:\/\/www.holyart.it\/blog\/articoli-religiosi\/il-digiuno-proposto-dalla-madonna-di-medjugorje\">Il digiuno proposto dalla Madonna di Medjugorje<\/a><\/strong><br \/>\nIl digiuno proposto dalla Madonna di Medjugorje \u00e8 solo una delle forme di digiuno incoraggiate dalla Chiesa fin dalle sue origini&#8230;<\/p>\n<\/div>\n<p>Dunque il nome marted\u00ec grasso deriva proprio dall&#8217;usanza di mangiare cibi grassi, prima di intraprendere la\u00a0<strong>dieta quaresimale<\/strong>. Un altro giorno molto importante per il carnevale \u00e8 il\u00a0<strong>gioved\u00ec grasso<\/strong>, che precede il marted\u00ec, anch&#8217;esso caratterizzato in passato da solenni abbuffate.<\/p>\n<h2>Origini e storia del Carnevale<\/h2>\n<p>Esistono delle eccezioni nel nostro paese, luoghi in cui <strong>il carnevale dura un po&#8217;di pi\u00f9<\/strong>.<br \/>\n<strong>Milano<\/strong>, che segue il calendario ambrosiano, si gode il carnevale\u00a0per qualche giorno supplementare, perch\u00e9 secondo questo calendario la Quaresima comincia la domenica seguente al mercoled\u00ec delle ceneri. La leggenda vuole che <strong><a href=\"https:\/\/www.holyart.it\/it\/articoli-religiosi\/statue\/statue-in-legno-dipinto\/santambrogio-con-alveare-legno-colorato-valgardena\">Sant&#8217;Ambrogio<\/a><\/strong>, essendo in viaggio e temendo di non riuscire a rientrare in citt\u00e0 in tempo per la <strong><a href=\"https:\/\/www.holyart.it\/it\/accessori-per-la-liturgia\">liturgia<\/a><\/strong> del mercoled\u00ec delle ceneri, chiese di posticipare i festeggiamenti.<\/p>\n<div class=\"link-article\">\n<p><img loading=\"lazy\" decoding=\"async\" class=\"alignleft wp-image-12371 size-full\" src=\"https:\/\/blog.holyart.it\/it\/wp-content\/uploads\/sites\/17\/2020\/02\/quaresima-cos\u00e8-e-come-funziona.jpeg\" alt=\"quaresima cosa e\" width=\"150\" height=\"99\" data-kale-share-title=\"Che cos\u2019\u00e8 il marted\u00ec grasso\" data-kale-share-url=\"https:\/\/blog.holyart.it\/it\/accessori-liturgia\/che-cose-il-martedi-grasso\/\" \/><\/p>\n<div class=\"leggi-anche\">Leggi anche:<\/div>\n<p><strong><a href=\"https:\/\/www.holyart.it\/blog\/articoli-religiosi\/quaresima-cose-funziona\/\">Quaresima: cos\u2019\u00e8 e come funziona<\/a><\/strong><br \/>\nLa Quaresima \u00e8 un periodo di penitenza che ricorre ogni anno nella vita dei cristiani, in preparazione della Pasqua&#8230;<\/p>\n<\/div>\n<p>A\u00a0<strong>Fontevivo<\/strong>, in provincia di Parma, il mercoled\u00ec delle ceneri si festeggia il\u00a0<em>marcord\u00ec sgur\u00f2t<\/em>.<em>\u00a0<\/em>Quando Maria Luigia regnava su queste terre, era sua abitudine andare a festeggiare il marted\u00ec grasso nel Collegio dei Nobili, situato in questa piccola localit\u00e0 del parmense. Si consumavano ricchi cibi e si indossavano abiti sfarzosi confezionati per l&#8217;occasione, ma il giorno dopo iniziava la Quaresima, ed era un peccato dover buttare via gli avanzi di tutto quel ben di Dio. Cos\u00ec la Granduchessa ottenne dall&#8217;autorit\u00e0 religiosa un posticipo per l&#8217;inizio della Quaresima. A Fontevivo essa sarebbe cominciato con un giorno di ritardo. Ordin\u00f2 poi che il mercoled\u00ec dopo marted\u00ec grasso gli abiti indossati dai nobili per il banchetto venissero regalati a popolo, cos\u00ec come tutto ci\u00f2 che non era stato mangiato, e perfino le pentole usate per cucinare. Il nome della festa,\u00a0<em>marcord\u00ec sgur\u00f2t<\/em>, deriva dal termine dialettale\u00a0<em>sgurare<\/em>, &#8220;pulire&#8221;, ovvero quello che i popolani facevano con le pentole regalate loro. Questa deroga vale ancora oggi e ancora oggi il mercoled\u00ec delle ceneri \u00e8 il giorno clou del carnevale.<\/p>\n<h2>Ma cosa si fa il marted\u00ec grasso?<\/h2>\n<p>Come gi\u00e0 scritto, si indossano maschere e si fa festa, partecipando magari alle belle sfilate dei carri. Si mangiano anche tanti\u00a0<strong>dolci tipici<\/strong>, che assumono nomi diversi a seconda della regione in cui ci troviamo. Un esempio per tutti: le\u00a0<strong>chiacchiere<\/strong>. Note anche come frappe o bugie o cenci, solo per citare alcuni dei nomi con cui sono conosciute, derivano dai <em>frictilia<\/em>\u00a0romani, i dolci fritti nel grasso\u00a0che gi\u00e0 nell&#8217;antica Roma venivano consumati in questo periodo dell&#8217;anno.<\/p>\n<figure id=\"attachment_8834\" aria-describedby=\"caption-attachment-8834\" style=\"width: 1024px\" class=\"wp-caption aligncenter\"><img loading=\"lazy\" decoding=\"async\" class=\"wp-image-8834 size-large\" src=\"https:\/\/blog.holyart.it\/it\/wp-content\/uploads\/sites\/17\/2020\/03\/chiacchiere-carnevale-1024x683.jpg\" alt=\"chiacchiere carnevale\" width=\"1024\" height=\"683\" \/><figcaption id=\"caption-attachment-8834\" class=\"wp-caption-text\"><center><strong>Le &#8220;Chiacchiere&#8221; dolce tipico italiano del Carnevale<\/strong><\/center><\/figcaption><\/figure>\n<p>Ma tutta la dimensione ludica e sfrenata del marted\u00ec grasso affonda le sue radici in<strong>\u00a0festivit\u00e0 molto pi\u00f9 antiche<\/strong>, caratterizzate da un momentaneo\u00a0<strong>sovvertimento delle leggi<\/strong>, degli obblighi e delle gerarchie, in nome del\u00a0<strong>trionfo di un nuovo disordine<\/strong>\u00a0fatto di divertimento e sfrenatezza.<br \/>\nPensiamo ai<strong>\u00a0Saturnali<\/strong>\u00a0romani, durante i quali ogni ordine sociale veniva infranto, al punto che perfino gli schiavi divenivano\u00a0uomini liberi ed eleggevano un loro\u00a0<em>princeps<\/em>.<br \/>\nOppure agli\u00a0<strong>Ambarvali<\/strong><strong>, sempre a Roma,<\/strong> in onore di Cerere, celebrati per propiziare la fertilit\u00e0 dei campi e caratterizzati da allegria e ebbrezza.<br \/>\nO ancora alle\u00a0feste\u00a0greche in onore di Dioniso, dette<strong>\u00a0Antesterie<\/strong>, a cavallo fra febbraio e marzo,\u00a0durante le quali si beveva in abbondanza il vino pigiato in autunno e si alternano momenti di allegria ed ebbrezza ad altri pi\u00f9 cupi e sinistri, poich\u00e9 si pensava che in quei giorni gli spiriti dei defunti, i Cari, vagassero per la citt\u00e0.<br \/>\nQuesto mescolarsi dei festeggiamenti dei vivi con <a href=\"https:\/\/www.holyart.it\/blog\/articoli-religiosi\/festa-tutti-santi-1-novembre\/\"><strong>la presenza dei<\/strong> <strong>morti <\/strong><\/a>ci rimanda al\u00a0<em>D\u00eda de muertos<\/em>\u00a0messicano, una sorta di carnevale che ha luogo\u00a0tra il 28 ottobre e il 2 novembre, caratterizzato da fiori, musica, bevande e cibi tradizionali, ma anche dalla costante presenza allegorica della morte e dalla commemorazione dei propri defunti.<\/p>\n<p>Nel gioco dell&#8217;<strong>inversione dei ruoli sociali <\/strong>ereditati da queste feste, l&#8217;uso della\u00a0<strong>maschera<\/strong>\u00a0diventa fondamentale per chi festeggia il carnevale.\u00a0In generale, la festa di carnevale, cos\u00ec come tutte le feste pi\u00f9 antiche da cui ha tratto origine, \u00e8 una festa di\u00a0<strong>rinnovamento<\/strong>\u00a0che celebra la fine di un\u00a0ciclo vitale, o stagionale, e l&#8217;inizio di qualcosa di completamente nuovo e diverso.<\/p>\n<p>Nel nostro paese e in Europa esiste da sempre, come evoluzione delle feste pagane sopracitate, con nomi e caratterizzazioni differenti. Nel Medioevo era conosciuto come\u00a0<em>fasnachat<\/em>,\u00a0<strong>&#8220;festa di pazzia&#8221;<\/strong>, ed era un modo per salutare la stagione invernale e accogliere la primavera con grandi festeggiamenti\u00a0durante i quali plebei e nobili si scambiavano di ruolo usando maschere, e ci si abbandonava a ogni eccesso e divertimento.\u00a0Spesso al culmine della festa un fantoccio veniva\u00a0processato e messo a morte, per simboleggiare\u00a0la fine di tutti i mali passati e l&#8217;inizio di un nuovo ciclo vitale.<\/p>\n<p>Successivamente la\u00a0<strong>Chiesa cattolica<\/strong>\u00a0tent\u00f2\u00a0di sopprimere\u00a0questa festa, troppo sfrenata e legata a un contesto pagano, ma era evidente che essa era cos\u00ec radicata nella cultura popolare da risultare impossibile da debellare. Cos\u00ec si decise di trovare una soluzione di compromesso: che la gente festeggiasse pure la fine dell&#8217;inverno e l&#8217;arrivo di una primavera fertile e prospera, purch\u00e9 poi fossero disposti a sottostare di buon grado alle rinunce e alle <strong>privazioni della Quaresima<\/strong>.<\/p>\n<h2>Il marted\u00ec grasso nel mondo<\/h2>\n<p>Tornando al marted\u00ec grasso, esso viene festeggiato anche nel resto d&#8217;Europa e in alcuni paesi del mondo, anche se il progressivo depauperarsi del valore religioso della festa e il fatto che negli altri paesi la Quaresima \u00e8 meno sentita che da noi, ne ha mutato il significato.<\/p>\n<p>In\u00a0<strong>Francia<\/strong>\u00a0\u00e8 chiamato\u00a0<em>Mardi gras<\/em> e deriva dalla festa medievale conosciuta come la Fete des Fous, la Festa dei folli, durante la quale tutti potevano comportarsi e vestirsi come volevano e veniva eletto il Papa dei folli. Questa festa \u00e8 citata anche da Victor Hugo nello splendido romanzo <em>Notre-Dame de Paris<\/em>.<\/p>\n<p>Nel\u00a0<strong>Regno Unito <\/strong><strong>il marted\u00ec grasso si chiama<\/strong>\u00a0<em>Shrove Tuesday<\/em>, dal verbo <em>to shrive<\/em> &#8220;confessarsi, ottenere l&#8217;assoluzione&#8221;, o anche <em>Pancake Day<\/em>, cos\u00ec come in\u00a0<strong>USA<\/strong>, perch\u00e9 in questo giorno \u00e8 tradizione mangiare i pancake, le tipiche frittelle.<\/p>\n<p>A\u00a0<strong>New Orleans<\/strong>, in Lousiana, nelle due settimane che precedono il marted\u00ec grasso, qui chiamato<em>\u00a0Mardi Gras,<\/em>\u00a0in francese, si tengono grandi parate quasi\u00a0ogni giorno e molti eventi e feste.<\/p>\n<p>In\u00a0<strong>Germania<\/strong>\u00a0e nei paesi nordici si festeggia maggiormente l&#8217;ultimo luned\u00ec prima del mercoled\u00ec delle ceneri. In Germania \u00e8 chiamato\u00a0<em>Rosenmontag<\/em>, &#8220;luned\u00ec delle rose&#8221;, in\u00a0<strong>Svezia<\/strong>\u00a0<em>Semladag<\/em>\u00a0a causa del Semla, il dolce tipico che viene consumato in questo giorno, soffice e ripieno di panna e crema di mandorle.<\/p>\n<figure id=\"attachment_8840\" aria-describedby=\"caption-attachment-8840\" style=\"width: 1024px\" class=\"wp-caption aligncenter\"><img loading=\"lazy\" decoding=\"async\" class=\"wp-image-8840 size-large\" src=\"https:\/\/blog.holyart.it\/it\/wp-content\/uploads\/sites\/17\/2020\/03\/semla-carnevale-1024x677.jpg\" alt=\"semla dolce marted\u00ec grasso\" width=\"1024\" height=\"677\" \/><figcaption id=\"caption-attachment-8840\" class=\"wp-caption-text\"><center><strong>Dolce tipico &#8220;Semla&#8221; per il Carnevale in Svezia<\/strong><\/center><\/figcaption><\/figure>\n<p>In\u00a0<strong>Russia<\/strong>\u00a0si festeggia l&#8217;intera settimana che precede il mercoled\u00ec delle ceneri, la cosiddetta\u00a0<em>Maslenica<\/em>. Si tratta di una festa tradizionale\u00a0durante la quale vengono\u00a0preparate le caratteristiche frittelle dolci chiamate <em>bliny<\/em>, a base di burro e di uova, alimenti che verranno poi vietati per tutta la Quaresima.<\/p>\n<p>In<strong> Brasile<\/strong> il carnevale \u00e8 stato portato dai portoghesi che nel 1723 lo festeggiavano con l\u2019Entrudo, durante il quale la gente gettava acqua e cibo per la strada, abbandonandosi a eccessi spesso violenti. Successivamente vennero introdotte usanze pi\u00f9 pittoresche e gradevoli, come i <em>limoes de cheiro<\/em>, ampolle di acqua profumata, naturalmente le \u201cfantasias\u201d, gli splendidi costumi dei ballerini di samba che hanno reso il carnevale brasiliano famoso in tutto il mondo.<\/p>\n<p>A <strong>Tenerife<\/strong> nelle isole Canarie si festeggia un carnevale che si rif\u00e0 a quello brasiliano, con carri, balli e l\u2019elezione della regina del carnevale. A Santa Cruz per\u00f2 si festeggia anche il <em>funerale della sardina<\/em>: una sardina gigante di cartapesta, truccata e con lunghe ciglia viene portata per le strade nella parodia di un corteo funebre.<\/p>\n<p>In <strong>Grecia<\/strong> il Carnevale dura 3 settimane ed \u00e8 caratterizzato da sfilate floreali, balli in maschera con maschere che si rifanno al carnevale di Venezia, e le battaglie della <strong><a href=\"https:\/\/www.holyart.it\/it\/prodotti-dei-monasteri\/cioccolato-trappisti\">cioccolata<\/a><\/strong>, durante la quale ragazze in costume vanno in giro su carri traboccanti fiori e gettano al pubblico petali e dolci.<\/p>\n<p>In <strong>Danimarca<\/strong> il carnevale si chiama <em>Fastelavn<\/em>, \u201csera di digiuno\u201d. \u00c8 una festa dedicata soprattutto ai pi\u00f9 piccoli, con giochi e travestimenti. Una tradizione legata al passato \u00e8 l\u2019elezione del <em>re dei gatti<\/em>: una piccola botte viene appesa tra due pali e dei ragazzi in costume e a cavallo devono cercare di colpirla con delle mazze. Vince quello che riesce a romperla con un solo colpo. Oggi la botte per fortuna \u00e8 riempita di dolci e caramelle, ma in origine conteneva un gatto vivo, simbolo del male da scacciare.<\/p>\n","protected":false},"excerpt":{"rendered":"<p>Presto sar\u00e0 Carnevale, una grande festa per i bambini, ma anche un momento importante per i cattolici, perch\u00e9 precede l&#8217;inizio della Quaresima. Scopriamo qualcosa di pi\u00f9 su marted\u00ec grasso, l&#8217;ultimo giorno di questa festa. Il\u00a0marted\u00ec grasso\u00a0\u00e8 il giorno che conclude i festeggiamenti del\u00a0Carnevale. Si tratte&hellip;<\/p>\n","protected":false},"author":1,"featured_media":8836,"comment_status":"closed","ping_status":"open","sticky":false,"template":"","format":"standard","meta":{"_acf_changed":false,"footnotes":""},"categories":[14,20,26,16],"tags":[],"class_list":["post-8814","post","type-post","status-publish","format-standard","has-post-thumbnail","hentry","category-accessori-liturgia","category-occasioni-speciali","category-pasqua","category-articoli-religiosi"],"acf":[],"yoast_head":"<!-- This site is optimized with the Yoast SEO plugin v26.6 - https:\/\/yoast.com\/wordpress\/plugins\/seo\/ -->\n<title>Che cos&#039;\u00e8 il marted\u00ec grasso Che cos&#039;\u00e8 il marted\u00ec grasso<\/title>\n<meta name=\"description\" content=\"Presto sar\u00e0 Carnevale, una grande festa per i bambini, ma anche un momento importante per i cattolici, perch\u00e9 il marted\u00ec grasso precede la Quaresima.\" \/>\n<meta name=\"robots\" content=\"index, follow, max-snippet:-1, max-image-preview:large, max-video-preview:-1\" \/>\n<link rel=\"canonical\" href=\"https:\/\/blog.holyart.it\/it\/articoli-religiosi\/che-cose-il-martedi-grasso\/\" \/>\n<meta property=\"og:locale\" content=\"it_IT\" \/>\n<meta property=\"og:type\" content=\"article\" \/>\n<meta property=\"og:title\" content=\"Che cos&#039;\u00e8 il marted\u00ec grasso Che cos&#039;\u00e8 il marted\u00ec grasso\" \/>\n<meta property=\"og:description\" content=\"Presto sar\u00e0 Carnevale, una grande festa per i bambini, ma anche un momento importante per i cattolici, perch\u00e9 il marted\u00ec grasso precede la Quaresima.\" \/>\n<meta property=\"og:url\" content=\"https:\/\/blog.holyart.it\/it\/articoli-religiosi\/che-cose-il-martedi-grasso\/\" \/>\n<meta property=\"og:site_name\" content=\"Holyblog\" \/>\n<meta property=\"article:published_time\" content=\"2020-02-25T17:32:14+00:00\" \/>\n<meta property=\"article:modified_time\" content=\"2026-02-11T11:21:13+00:00\" \/>\n<meta property=\"og:image\" content=\"https:\/\/blog.holyart.it\/it\/wp-content\/uploads\/sites\/17\/2020\/03\/marted\u00ec-grasso.jpg\" \/>\n\t<meta property=\"og:image:width\" content=\"1000\" \/>\n\t<meta property=\"og:image:height\" content=\"666\" \/>\n\t<meta property=\"og:image:type\" content=\"image\/jpeg\" \/>\n<meta name=\"author\" content=\"Redazione\" \/>\n<meta name=\"twitter:card\" content=\"summary_large_image\" \/>\n<meta name=\"twitter:label1\" content=\"Scritto da\" \/>\n\t<meta name=\"twitter:data1\" content=\"Redazione\" \/>\n\t<meta name=\"twitter:label2\" content=\"Tempo di lettura stimato\" \/>\n\t<meta name=\"twitter:data2\" content=\"11 minuti\" \/>\n<script type=\"application\/ld+json\" class=\"yoast-schema-graph\">{\"@context\":\"https:\/\/schema.org\",\"@graph\":[{\"@type\":\"Article\",\"@id\":\"https:\/\/blog.holyart.it\/it\/articoli-religiosi\/che-cose-il-martedi-grasso\/#article\",\"isPartOf\":{\"@id\":\"https:\/\/blog.holyart.it\/it\/articoli-religiosi\/che-cose-il-martedi-grasso\/\"},\"author\":{\"name\":\"Redazione\",\"@id\":\"https:\/\/blog.holyart.it\/it\/#\/schema\/person\/0a7b686e5af0f856ec1e390dd0baecda\"},\"headline\":\"Che cos&#8217;\u00e8 il marted\u00ec grasso\",\"datePublished\":\"2020-02-25T17:32:14+00:00\",\"dateModified\":\"2026-02-11T11:21:13+00:00\",\"mainEntityOfPage\":{\"@id\":\"https:\/\/blog.holyart.it\/it\/articoli-religiosi\/che-cose-il-martedi-grasso\/\"},\"wordCount\":1764,\"publisher\":{\"@id\":\"https:\/\/blog.holyart.it\/it\/#organization\"},\"image\":{\"@id\":\"https:\/\/blog.holyart.it\/it\/articoli-religiosi\/che-cose-il-martedi-grasso\/#primaryimage\"},\"thumbnailUrl\":\"https:\/\/blog.holyart.it\/it\/wp-content\/uploads\/sites\/17\/2020\/03\/marted\u00ec-grasso.jpg\",\"articleSection\":[\"Liturgia\",\"Occasioni speciali\",\"Pasqua\",\"Religione\"],\"inLanguage\":\"it-IT\"},{\"@type\":\"WebPage\",\"@id\":\"https:\/\/blog.holyart.it\/it\/articoli-religiosi\/che-cose-il-martedi-grasso\/\",\"url\":\"https:\/\/blog.holyart.it\/it\/articoli-religiosi\/che-cose-il-martedi-grasso\/\",\"name\":\"Che cos'\u00e8 il marted\u00ec grasso Che cos'\u00e8 il marted\u00ec grasso\",\"isPartOf\":{\"@id\":\"https:\/\/blog.holyart.it\/it\/#website\"},\"primaryImageOfPage\":{\"@id\":\"https:\/\/blog.holyart.it\/it\/articoli-religiosi\/che-cose-il-martedi-grasso\/#primaryimage\"},\"image\":{\"@id\":\"https:\/\/blog.holyart.it\/it\/articoli-religiosi\/che-cose-il-martedi-grasso\/#primaryimage\"},\"thumbnailUrl\":\"https:\/\/blog.holyart.it\/it\/wp-content\/uploads\/sites\/17\/2020\/03\/marted\u00ec-grasso.jpg\",\"datePublished\":\"2020-02-25T17:32:14+00:00\",\"dateModified\":\"2026-02-11T11:21:13+00:00\",\"description\":\"Presto sar\u00e0 Carnevale, una grande festa per i bambini, ma anche un momento importante per i cattolici, perch\u00e9 il marted\u00ec grasso precede la Quaresima.\",\"breadcrumb\":{\"@id\":\"https:\/\/blog.holyart.it\/it\/articoli-religiosi\/che-cose-il-martedi-grasso\/#breadcrumb\"},\"inLanguage\":\"it-IT\",\"potentialAction\":[{\"@type\":\"ReadAction\",\"target\":[\"https:\/\/blog.holyart.it\/it\/articoli-religiosi\/che-cose-il-martedi-grasso\/\"]}]},{\"@type\":\"ImageObject\",\"inLanguage\":\"it-IT\",\"@id\":\"https:\/\/blog.holyart.it\/it\/articoli-religiosi\/che-cose-il-martedi-grasso\/#primaryimage\",\"url\":\"https:\/\/blog.holyart.it\/it\/wp-content\/uploads\/sites\/17\/2020\/03\/marted\u00ec-grasso.jpg\",\"contentUrl\":\"https:\/\/blog.holyart.it\/it\/wp-content\/uploads\/sites\/17\/2020\/03\/marted\u00ec-grasso.jpg\",\"width\":1000,\"height\":666,\"caption\":\"che cos'\u00e8 il marted\u00ec grasso\"},{\"@type\":\"BreadcrumbList\",\"@id\":\"https:\/\/blog.holyart.it\/it\/articoli-religiosi\/che-cose-il-martedi-grasso\/#breadcrumb\",\"itemListElement\":[{\"@type\":\"ListItem\",\"position\":1,\"name\":\"Homepage\",\"item\":\"https:\/\/blog.holyart.it\/it\/\"},{\"@type\":\"ListItem\",\"position\":2,\"name\":\"Religione\",\"item\":\"https:\/\/blog.holyart.it\/it\/articoli-religiosi\/\"},{\"@type\":\"ListItem\",\"position\":3,\"name\":\"Che cos&#8217;\u00e8 il marted\u00ec grasso\"}]},{\"@type\":\"WebSite\",\"@id\":\"https:\/\/blog.holyart.it\/it\/#website\",\"url\":\"https:\/\/blog.holyart.it\/it\/\",\"name\":\"Holyblog\",\"description\":\"Il Blog di Holyart.it\",\"publisher\":{\"@id\":\"https:\/\/blog.holyart.it\/it\/#organization\"},\"potentialAction\":[{\"@type\":\"SearchAction\",\"target\":{\"@type\":\"EntryPoint\",\"urlTemplate\":\"https:\/\/blog.holyart.it\/it\/?s={search_term_string}\"},\"query-input\":{\"@type\":\"PropertyValueSpecification\",\"valueRequired\":true,\"valueName\":\"search_term_string\"}}],\"inLanguage\":\"it-IT\"},{\"@type\":\"Organization\",\"@id\":\"https:\/\/blog.holyart.it\/it\/#organization\",\"name\":\"Holyblog\",\"url\":\"https:\/\/blog.holyart.it\/it\/\",\"logo\":{\"@type\":\"ImageObject\",\"inLanguage\":\"it-IT\",\"@id\":\"https:\/\/blog.holyart.it\/it\/#\/schema\/logo\/image\/\",\"url\":\"https:\/\/blog.holyart.it\/it\/wp-content\/uploads\/sites\/17\/2022\/12\/Holyart_Blog_Logo.jpg\",\"contentUrl\":\"https:\/\/blog.holyart.it\/it\/wp-content\/uploads\/sites\/17\/2022\/12\/Holyart_Blog_Logo.jpg\",\"width\":300,\"height\":50,\"caption\":\"Holyblog\"},\"image\":{\"@id\":\"https:\/\/blog.holyart.it\/it\/#\/schema\/logo\/image\/\"}},{\"@type\":\"Person\",\"@id\":\"https:\/\/blog.holyart.it\/it\/#\/schema\/person\/0a7b686e5af0f856ec1e390dd0baecda\",\"name\":\"Redazione\"}]}<\/script>\n<!-- \/ Yoast SEO plugin. -->","yoast_head_json":{"title":"Che cos'\u00e8 il marted\u00ec grasso Che cos'\u00e8 il marted\u00ec grasso","description":"Presto sar\u00e0 Carnevale, una grande festa per i bambini, ma anche un momento importante per i cattolici, perch\u00e9 il marted\u00ec grasso precede la Quaresima.","robots":{"index":"index","follow":"follow","max-snippet":"max-snippet:-1","max-image-preview":"max-image-preview:large","max-video-preview":"max-video-preview:-1"},"canonical":"https:\/\/blog.holyart.it\/it\/articoli-religiosi\/che-cose-il-martedi-grasso\/","og_locale":"it_IT","og_type":"article","og_title":"Che cos'\u00e8 il marted\u00ec grasso Che cos'\u00e8 il marted\u00ec grasso","og_description":"Presto sar\u00e0 Carnevale, una grande festa per i bambini, ma anche un momento importante per i cattolici, perch\u00e9 il marted\u00ec grasso precede la Quaresima.","og_url":"https:\/\/blog.holyart.it\/it\/articoli-religiosi\/che-cose-il-martedi-grasso\/","og_site_name":"Holyblog","article_published_time":"2020-02-25T17:32:14+00:00","article_modified_time":"2026-02-11T11:21:13+00:00","og_image":[{"width":1000,"height":666,"url":"https:\/\/blog.holyart.it\/it\/wp-content\/uploads\/sites\/17\/2020\/03\/marted\u00ec-grasso.jpg","type":"image\/jpeg"}],"author":"Redazione","twitter_card":"summary_large_image","twitter_misc":{"Scritto da":"Redazione","Tempo di lettura stimato":"11 minuti"},"schema":{"@context":"https:\/\/schema.org","@graph":[{"@type":"Article","@id":"https:\/\/blog.holyart.it\/it\/articoli-religiosi\/che-cose-il-martedi-grasso\/#article","isPartOf":{"@id":"https:\/\/blog.holyart.it\/it\/articoli-religiosi\/che-cose-il-martedi-grasso\/"},"author":{"name":"Redazione","@id":"https:\/\/blog.holyart.it\/it\/#\/schema\/person\/0a7b686e5af0f856ec1e390dd0baecda"},"headline":"Che cos&#8217;\u00e8 il marted\u00ec grasso","datePublished":"2020-02-25T17:32:14+00:00","dateModified":"2026-02-11T11:21:13+00:00","mainEntityOfPage":{"@id":"https:\/\/blog.holyart.it\/it\/articoli-religiosi\/che-cose-il-martedi-grasso\/"},"wordCount":1764,"publisher":{"@id":"https:\/\/blog.holyart.it\/it\/#organization"},"image":{"@id":"https:\/\/blog.holyart.it\/it\/articoli-religiosi\/che-cose-il-martedi-grasso\/#primaryimage"},"thumbnailUrl":"https:\/\/blog.holyart.it\/it\/wp-content\/uploads\/sites\/17\/2020\/03\/marted\u00ec-grasso.jpg","articleSection":["Liturgia","Occasioni speciali","Pasqua","Religione"],"inLanguage":"it-IT"},{"@type":"WebPage","@id":"https:\/\/blog.holyart.it\/it\/articoli-religiosi\/che-cose-il-martedi-grasso\/","url":"https:\/\/blog.holyart.it\/it\/articoli-religiosi\/che-cose-il-martedi-grasso\/","name":"Che cos'\u00e8 il marted\u00ec grasso Che cos'\u00e8 il marted\u00ec grasso","isPartOf":{"@id":"https:\/\/blog.holyart.it\/it\/#website"},"primaryImageOfPage":{"@id":"https:\/\/blog.holyart.it\/it\/articoli-religiosi\/che-cose-il-martedi-grasso\/#primaryimage"},"image":{"@id":"https:\/\/blog.holyart.it\/it\/articoli-religiosi\/che-cose-il-martedi-grasso\/#primaryimage"},"thumbnailUrl":"https:\/\/blog.holyart.it\/it\/wp-content\/uploads\/sites\/17\/2020\/03\/marted\u00ec-grasso.jpg","datePublished":"2020-02-25T17:32:14+00:00","dateModified":"2026-02-11T11:21:13+00:00","description":"Presto sar\u00e0 Carnevale, una grande festa per i bambini, ma anche un momento importante per i cattolici, perch\u00e9 il marted\u00ec grasso precede la Quaresima.","breadcrumb":{"@id":"https:\/\/blog.holyart.it\/it\/articoli-religiosi\/che-cose-il-martedi-grasso\/#breadcrumb"},"inLanguage":"it-IT","potentialAction":[{"@type":"ReadAction","target":["https:\/\/blog.holyart.it\/it\/articoli-religiosi\/che-cose-il-martedi-grasso\/"]}]},{"@type":"ImageObject","inLanguage":"it-IT","@id":"https:\/\/blog.holyart.it\/it\/articoli-religiosi\/che-cose-il-martedi-grasso\/#primaryimage","url":"https:\/\/blog.holyart.it\/it\/wp-content\/uploads\/sites\/17\/2020\/03\/marted\u00ec-grasso.jpg","contentUrl":"https:\/\/blog.holyart.it\/it\/wp-content\/uploads\/sites\/17\/2020\/03\/marted\u00ec-grasso.jpg","width":1000,"height":666,"caption":"che cos'\u00e8 il marted\u00ec grasso"},{"@type":"BreadcrumbList","@id":"https:\/\/blog.holyart.it\/it\/articoli-religiosi\/che-cose-il-martedi-grasso\/#breadcrumb","itemListElement":[{"@type":"ListItem","position":1,"name":"Homepage","item":"https:\/\/blog.holyart.it\/it\/"},{"@type":"ListItem","position":2,"name":"Religione","item":"https:\/\/blog.holyart.it\/it\/articoli-religiosi\/"},{"@type":"ListItem","position":3,"name":"Che cos&#8217;\u00e8 il marted\u00ec grasso"}]},{"@type":"WebSite","@id":"https:\/\/blog.holyart.it\/it\/#website","url":"https:\/\/blog.holyart.it\/it\/","name":"Holyblog","description":"Il Blog di Holyart.it","publisher":{"@id":"https:\/\/blog.holyart.it\/it\/#organization"},"potentialAction":[{"@type":"SearchAction","target":{"@type":"EntryPoint","urlTemplate":"https:\/\/blog.holyart.it\/it\/?s={search_term_string}"},"query-input":{"@type":"PropertyValueSpecification","valueRequired":true,"valueName":"search_term_string"}}],"inLanguage":"it-IT"},{"@type":"Organization","@id":"https:\/\/blog.holyart.it\/it\/#organization","name":"Holyblog","url":"https:\/\/blog.holyart.it\/it\/","logo":{"@type":"ImageObject","inLanguage":"it-IT","@id":"https:\/\/blog.holyart.it\/it\/#\/schema\/logo\/image\/","url":"https:\/\/blog.holyart.it\/it\/wp-content\/uploads\/sites\/17\/2022\/12\/Holyart_Blog_Logo.jpg","contentUrl":"https:\/\/blog.holyart.it\/it\/wp-content\/uploads\/sites\/17\/2022\/12\/Holyart_Blog_Logo.jpg","width":300,"height":50,"caption":"Holyblog"},"image":{"@id":"https:\/\/blog.holyart.it\/it\/#\/schema\/logo\/image\/"}},{"@type":"Person","@id":"https:\/\/blog.holyart.it\/it\/#\/schema\/person\/0a7b686e5af0f856ec1e390dd0baecda","name":"Redazione"}]}},"_links":{"self":[{"href":"https:\/\/blog.holyart.it\/it\/wp-json\/wp\/v2\/posts\/8814","targetHints":{"allow":["GET"]}}],"collection":[{"href":"https:\/\/blog.holyart.it\/it\/wp-json\/wp\/v2\/posts"}],"about":[{"href":"https:\/\/blog.holyart.it\/it\/wp-json\/wp\/v2\/types\/post"}],"author":[{"embeddable":true,"href":"https:\/\/blog.holyart.it\/it\/wp-json\/wp\/v2\/users\/1"}],"replies":[{"embeddable":true,"href":"https:\/\/blog.holyart.it\/it\/wp-json\/wp\/v2\/comments?post=8814"}],"version-history":[{"count":1,"href":"https:\/\/blog.holyart.it\/it\/wp-json\/wp\/v2\/posts\/8814\/revisions"}],"predecessor-version":[{"id":21353,"href":"https:\/\/blog.holyart.it\/it\/wp-json\/wp\/v2\/posts\/8814\/revisions\/21353"}],"wp:featuredmedia":[{"embeddable":true,"href":"https:\/\/blog.holyart.it\/it\/wp-json\/wp\/v2\/media\/8836"}],"wp:attachment":[{"href":"https:\/\/blog.holyart.it\/it\/wp-json\/wp\/v2\/media?parent=8814"}],"wp:term":[{"taxonomy":"category","embeddable":true,"href":"https:\/\/blog.holyart.it\/it\/wp-json\/wp\/v2\/categories?post=8814"},{"taxonomy":"post_tag","embeddable":true,"href":"https:\/\/blog.holyart.it\/it\/wp-json\/wp\/v2\/tags?post=8814"}],"curies":[{"name":"wp","href":"https:\/\/api.w.org\/{rel}","templated":true}]}}