{"id":8771,"date":"2020-02-26T17:04:52","date_gmt":"2020-02-26T16:04:52","guid":{"rendered":"https:\/\/blog.holyart.it\/it\/?p=8771"},"modified":"2025-02-04T17:02:22","modified_gmt":"2025-02-04T16:02:22","slug":"mercoledi-delle-ceneri-che-cose","status":"publish","type":"post","link":"https:\/\/blog.holyart.it\/it\/pasqua\/mercoledi-delle-ceneri-che-cose\/","title":{"rendered":"Mercoled\u00ec delle Ceneri: che cos&#8217;\u00e8"},"content":{"rendered":"<h4>Carnevale sta per terminare.\u00a0Dopo marted\u00ec grasso c&#8217;\u00e8 il Mercoled\u00ec delle Ceneri, che segna l&#8217;inizio della Quaresima. Ma da cosa trae origine questa festa cos\u00ec particolare?<\/h4>\n\n<p>Qual \u00e8 il significato del Mercoled\u00ec delle Ceneri? Da cosa deriva il suo strano nome?<br \/>\nTutti conosciamo il Carnevale, quel periodo di festa in cui tutto \u00e8 concesso (o quasi), in cui ci si traveste, si ride e si fanno scorpacciate di dolci tipici e cibi saporiti. Sappiamo anche che, finito il Carnevale, si entra nella\u00a0<strong><a href=\"https:\/\/www.holyart.it\/it\/occasioni-speciali\/pasqua-e-quaresima\">Quaresima<\/a><\/strong>, il periodo di penitenza e digiuno che i cristiani vivono in preparazione della <strong><a href=\"https:\/\/www.holyart.it\/blog\/articoli-religiosi\/le-origini-della-pasqua\/\">Pasqua<\/a><\/strong>, che dura\u00a0quaranta giorni\u00a0e inizia appunto il Mercoled\u00ec delle Ceneri per concludersi il Gioved\u00ec Santo.<\/p>\n<div class=\"link-article\">\n<p><img loading=\"lazy\" decoding=\"async\" class=\"alignleft size-full wp-image-12368\" src=\"https:\/\/blog.holyart.it\/it\/wp-content\/uploads\/sites\/17\/2020\/02\/martedi-grasso.jpg\" alt=\"martedi grasso\" width=\"150\" height=\"99\" data-kale-share-title=\"Mercoled\u00ec delle Ceneri: che cos\u2019\u00e8\" data-kale-share-url=\"https:\/\/blog.holyart.it\/it\/articoli-religiosi\/mercoledi-delle-ceneri-che-cose\/\" \/><\/p>\n<div class=\"leggi-anche\">Leggi anche:<\/div>\n<p><strong><a href=\"https:\/\/www.holyart.it\/blog\/articoli-religiosi\/che-cose-il-martedi-grasso\/\">Che cos\u2019\u00e8 il marted\u00ec grasso<\/a><\/strong><br \/>\nPresto sar\u00e0 Carnevale, una grande festa per i bambini, ma anche un momento importante per i cattolici, perch\u00e9 precede l\u2019inizio della&#8230;<\/p>\n<\/div>\n<p>Il Mercoled\u00ec delle Ceneri dunque \u00e8 una sorta di spartiacque, un passaggio importante e simbolico che decreta la fine degli eccessi e delle sfrenatezze del Carnevale, per entrare in un clima di austerit\u00e0, ordine e rigore. E i\u00a0fedeli cominciano subito a immergersi in questo nuova modo di essere. Se il Marted\u00ec grasso rappresenta l&#8217;ultima occasione per far festa e mangiare tutti i cibi ricchi e grassi, appunto, rimasti in casa, il Mercoled\u00ec delle Ceneri inizia con digiuno e astinenza dalla carne. Del resto, nel nome stesso del carnevale \u00e8 racchiuso il senso di questa festa: esso deriva infatti dal latino\u00a0carnem levare, &#8220;togliere la carne&#8221;.<\/p>\n<p>Non tutte le citt\u00e0 o le professioni di fede fanno coincidere l&#8217;inizio della Quaresima con il Mercoled\u00ec delle Ceneri. Per le chiese cattoliche di rito romano e molte chiese protestanti \u00e8 cos\u00ec, ma a Milano, per esempio, vige ancora il\u00a0rito ambrosiano, secondo il quale la Quaresima \u00e8 posticipata di quattro giorni, ovvero inizia la domenica successiva a marted\u00ec grasso, tanto che in questa citt\u00e0 si festeggia anche il Sabato grasso.\u00a0Le ceneri che caratterizzano questa festa vengono imposte la domenica, o il luned\u00ec, mentre digiuno e astinenza vengono posticipati al\u00a0venerd\u00ec successivo.<\/p>\n<p>Ma che cosa si celebra in questo giorno?<\/p>\n<h2>Significato delle Ceneri<\/h2>\n<p>La celebrazione delle Ceneri \u00e8 di pubblica\u00a0penitenza. O, per essere pi\u00f9 precisi, rappresenta l&#8217;inizio di un percorso di rinuncia e sacrificio finalizzati a ottenere la purificazione la mattina del Gioved\u00ec Santo.<\/p>\n<p>Il nome di questa particolare ricorrenza deriva dall&#8217;utilizzo ad essa associato\u00a0della\u00a0cenere benedetta, ottenuta dai <strong><a href=\"https:\/\/www.holyart.it\/blog\/occasioni-speciali\/rami-dulivo-benedetti-pasqua-custodirli-buttarli\/\">rami di ulivo benedetti distribuiti la\u00a0Domenica delle Palme<\/a><\/strong>\u00a0dell&#8217;anno precedente, poi bruciati e conservati proprio con questo fine. Questa cenere viene usata dal sacerdote per tracciare una croce sul capo o sulla fronte dei fedeli durante la <strong><a href=\"https:\/\/www.holyart.it\/it\/accessori-per-la-liturgia\">liturgia<\/a><\/strong> del\u00a0Mercoled\u00ec delle Ceneri.<\/p>\n<div class=\"link-article\">\n<p><img loading=\"lazy\" decoding=\"async\" class=\"alignleft size-thumbnail wp-image-8782\" src=\"https:\/\/blog.holyart.it\/it\/wp-content\/uploads\/sites\/17\/2020\/04\/rami-ulivo.jpg\" alt=\"rami ulivo\" width=\"150\" height=\"100\" \/><\/p>\n<div class=\"leggi-anche\">Leggi anche:<\/div>\n<p><strong><a href=\"https:\/\/www.holyart.it\/blog\/occasioni-speciali\/rami-dulivo-benedetti-pasqua-custodirli-buttarli\/\">Rami d\u2019ulivo benedetti a Pasqua, custodirli o buttarli?<\/a><\/strong><br \/>\nQuando andiamo in chiesa la Domenica delle Palme, l\u2019ultima prima di Pasqua, riceviamo un rametto d\u2019ulivo benedetto&#8230;<\/p>\n<\/div>\n<h2>Il rito delle Ceneri<\/h2>\n<p>Da sempre la cenere \u00e8 simbolo di\u00a0penitenza\u00a0e della\u00a0caducit\u00e0 della vita terrena, che rende indispensabile il convertirsi per ottenere l&#8217;unica vera immortalit\u00e0. Questa simbologia legata alla fragilit\u00e0 umana ricorre spesso nella <strong><a href=\"https:\/\/www.holyart.it\/it\/articoli-religiosi\/libri-e-testi-sacri\/bibbie\">Bibbia<\/a><\/strong>. Pensiamo ad Abramo che si rivolge a Dio con queste parole:\u00a0&#8220;Vedi come ardisco parlare al mio Signore, io che sono polvere e cenere&#8230;&#8221;\u00a0(Gen 18,27), o Giobbe che dice:\u00a0&#8220;Mi ha gettato nel fango: son diventato polvere e cenere&#8221;\u00a0(Gb 30,19), solo per citare due passi.<\/p>\n<p>Allo stesso modo ci sono molti passi delle <strong><a href=\"https:\/\/www.holyart.it\/blog\/articoli-religiosi\/leggere-la-bibbia\/\">Sacre Scritture<\/a><\/strong> in cui la cenere viene usata come\u00a0simbolo di penitenza. Del resto la cenere veniva usata nell&#8217;ambito di manifestazioni di dolore e contrizione anche da civilt\u00e0 precristiane.\u00a0Nell&#8217;antica\u00a0Grecia, per esempio, ci si cospargeva il capo di cenere per piangere la morte di una persona cara.\u00a0In\u00a0Medio Oriente, nell&#8217;antichit\u00e0, per manifestare cordoglio o pentimento ci si versava cenere in testa, o ci si sedeva o rotolava nella cenere.<\/p>\n<p>Il\u00a0modo di dire\u00a0<strong>&#8220;cospargersi il capo di cenere&#8221;<\/strong>\u00a0nasce proprio da questa tradizione, e significa\u00a0provare rammarico o pentimento per qualcosa.<\/p>\n<div class=\"link-product\">\n<div class=\"blocco-immagine\"><img loading=\"lazy\" decoding=\"async\" class=\"alignnone size-thumbnail wp-image-8809\" src=\"https:\/\/blog.holyart.it\/it\/wp-content\/uploads\/sites\/17\/2020\/02\/busta-porta-ulivo-150x150.jpg\" alt=\"busta porta ulivo\" width=\"100\" height=\"100\" \/><\/div>\n<div class=\"blocco-contenuto\">\n<div class=\"blocco-acquista\">Acquista su Holyart:<\/div>\n<div class=\"blocco-titolo\"><a href=\"https:\/\/www.holyart.it\/it\/accessori-per-la-liturgia\/accessori-per-benedizione?sorter_id=0&amp;39%5B%5D=1837&amp;p_min=&amp;p_max=\">Su Holyart Buste Porta Olivo<br \/>\nin formato risparmio da 200 pezzi<\/a><\/div>\n<\/div>\n<\/div>\n<p>Nella\u00a0Bibbia\u00a0pensiamo\u00a0a Mardocheo che piange il destino di tutti i giudei condannati dal crudele Re Aman:\u00a0\u201cSi stracci\u00f2 le vesti, si copr\u00ec di un sacco, si cosparse di cenere, e usc\u00ec per la citt\u00e0, mandando alte e amare grida\u201d\u00a0(Ester 4,1). Ma anche agli abitanti di Ninive che, convertiti da Giona, si vestono di sacchi, mentre il loro re siede nella cenere (Gio 3,5-9), o Giuditta che invita il popolo a fare penitenza per invocare l&#8217;aiuto di Dio contro gli invasori:\u00a0&#8220;Ogni uomo o donna israelita e i fanciulli che abitavano in Gerusalemme si prostrarono davanti al tempio e cosparsero il capo di cenere e, vestiti di sacco, alzarono le mani davanti al Signore&#8221;\u00a0(Gdt 4,11). Anche\u00a0Ges\u00f9\u00a0stesso invoca la cenere come segno di pentimento e contrizione:\u00a0\u201cGuai a te, Corazin! Guai a te, Bets\u00e0ida; perch\u00e9 se in Tiro e in Sidone fossero state fatte le opere potenti compiute tra di voi, gi\u00e0 da tempo si sarebbero ravvedute, prendendo il cilicio e sedendo nella cenere\u201d\u00a0(Lc 10:13).<\/p>\n<p>Gi\u00e0 nel X secolo era diffusa l&#8217;usanza di benedire le ceneri. La benedizione delle ceneri \u00e8 un\u00a0sacramentale, uno degli atti di culto istituiti dalla Sede Apostolica al fine di ottenere benefici spirituali. Chi le riceve lo fa\u00a0invocando lo spirito della vera penitenza.<\/p>\n<p>In passato, nel corso della funzione delle Ceneri, il sacerdote imponeva le sacre ceneri sulla fronte dei fedeli recitando questa\u00a0formula:\u00a0&#8220;Memento, homo, quia pulvis es, et in pulverem reverteris&#8221;, ovvero &#8220;ricordati che sei polvere e in polvere ritornerai\u00a0(Genesi 3,19)&#8221;.<\/p>\n<p>Con il Concilio Vaticano II si stabil\u00ec di cambiare questa formula, che tuttavia viene ancora utilizzata\u00a0nella forma extraordinaria del rito romano. La\u00a0nuova formula\u00a0che accompagna l&#8217;imposizione delle ceneri \u00e8:\u00a0&#8220;P\u00e6nitemini, et credite Evangelio&#8221;,\u00a0Convertitevi e credete al Vangelo\u00a0(Mc 1, 1-15). Tale formula \u00e8 tratta dal Vangelo di Marco. Ecco il brano per esteso:\u00a0\u201cDopo che Giovanni fu arrestato, Ges\u00f9 venne in Galilea, predicando il Vangelo di Dio. Diceva: \u2018Il tempo \u00e8 compiuto e il regno di Dio \u00e8 giunto: convertitevi e credete al Vangelo\u2019\u201d.<\/p>\n<p>Le due formule sono in realt\u00e0 in qualche modo consequenziali, perch\u00e9 chi \u00e8 consapevole della caducit\u00e0 della propria condizione umana, del suo inevitabile destino a divenire polvere, pu\u00f2 trovare solo nel Vangelo e nella sua promessa la salvezza eterna.<\/p>\n<p>La messa delle Ceneri prevede il\u00a0colore viola\u00a0per i paramenti sacri. Il sacerdote celebrante indosser\u00e0\u00a0stola e casula viola,\u00a0mentre\u00a0il diacono <a href=\"https:\/\/www.holyart.it\/it\/accessori-per-la-liturgia\/paramenti-liturgici-servizi-altare-coprileggii\/stole\/stola-diaconale-poliestere-croce\"><strong>stola diaconale<\/strong><\/a> e dalmatica viola.<\/p>\n<div class=\"link-product\">\n<div class=\"blocco-immagine\"><img loading=\"lazy\" decoding=\"async\" class=\"alignnone size-thumbnail wp-image-8805\" src=\"https:\/\/blog.holyart.it\/it\/wp-content\/uploads\/sites\/17\/2020\/03\/stola-diaconale-poliestere-croce-150x150.jpg\" alt=\"stola diaconale poliestere croce\" width=\"100\" height=\"100\" \/><\/div>\n<div class=\"blocco-contenuto\">\n<div class=\"blocco-acquista\">Acquista su Holyart:<\/div>\n<div class=\"blocco-titolo\"><a href=\"https:\/\/www.holyart.it\/it\/accessori-per-la-liturgia\/paramenti-liturgici-servizi-altare-coprileggii\/stole\">Su Holyart oltre 250 Stole:<br \/>\nDiaconali, Francescane e tante altre<\/a><\/div>\n<\/div>\n<\/div>\n<p>La celebrazione liturgica prevede l&#8217;imposizione delle ceneri\u00a0in sostituzione dell&#8217;atto penitenziale. Il Sacerdote benedice le ceneri dopo l&#8217;Omelia.<\/p>\n<h2>Digiuno del mercoled\u00ec delle ceneri<\/h2>\n<p>Il digiuno\u00a0ricorre in tutte le religioni, da sempre. Anche ai giorni nostri i musulmani celebrano il Ramadan, gli ebrei il kippur e i cristiani la Quaresima.<\/p>\n<p>I cristiani praticano il digiuno e l&#8217;astinenza dalla carne come penitenza in alcuni giorni dell&#8217;anno, regolati dalla costituzione apostolica\u00a0Paenitemini\u00a0del 17 febbraio 1966\u00a0scritta da papa Paolo VI e dettagliate nel Codice di Diritto Canonico.<\/p>\n<div class=\"link-article\">\n<p><img loading=\"lazy\" decoding=\"async\" class=\"alignleft size-thumbnail wp-image-8844\" src=\"https:\/\/blog.holyart.it\/it\/wp-content\/uploads\/sites\/17\/2020\/04\/digiuno-medjugorje.jpg\" alt=\"il digiuno madonna di medjugorje\" width=\"150\" height=\"100\" \/><\/p>\n<div class=\"leggi-anche\">Leggi anche:<\/div>\n<p><strong><a href=\"https:\/\/www.holyart.it\/blog\/articoli-religiosi\/il-digiuno-proposto-dalla-madonna-di-medjugorje\">Il digiuno proposto dalla Madonna di Medjugorje<\/a><\/strong><br \/>\nIl digiuno proposto dalla Madonna di Medjugorje \u00e8 solo una delle forme di digiuno incoraggiate dalla Chiesa fin dalle sue origini&#8230;<\/p>\n<\/div>\n<p>In particolare,\u00a0i fedeli, a partire dai diciotto anni e fino a sessanta, devono rispettare il digiuno ecclesiastico e l&#8217;astinenza dalle carni due volte l&#8217;anno, il Mercoled\u00ec delle Ceneri e il Venerd\u00ec Santo. Il Sabato Santo i due obblighi sono consigliati.<\/p>\n<p>Il digiuno non significa che non si pu\u00f2 mangiare nulla. Viene concesso un solo pasto durante la giornata, si pu\u00f2 bere acqua e ci sono eccezioni accettate per i malati e per chi ha problemi di varia natura.<\/p>\n<p>L&#8217;usanza di osservare il digiuno in occasione del Mercoled\u00ec delle Ceneri risale a San Gregorio Magno, VII secolo. Allora il mercoled\u00ec precedente <strong><a href=\"https:\/\/www.holyart.it\/blog\/articoli-religiosi\/quaresima-cose-funziona\/\">la I domenica di Quaresima<\/a><\/strong> veniva chiamato\u00a0caput ieiunii, &#8220;inizio del digiuno&#8221;, o anche\u00a0caput Quadragesimae, &#8220;inizio della Quaresima&#8221;.<\/p>\n<div class=\"link-article\">\n<p><img loading=\"lazy\" decoding=\"async\" class=\"alignleft wp-image-12371 size-full\" src=\"https:\/\/blog.holyart.it\/it\/wp-content\/uploads\/sites\/17\/2020\/02\/quaresima-cos\u00e8-e-come-funziona.jpeg\" alt=\"quaresima cosa e\" width=\"150\" height=\"99\" \/><\/p>\n<div class=\"leggi-anche\">Leggi anche:<\/div>\n<p><strong><a href=\"https:\/\/www.holyart.it\/blog\/articoli-religiosi\/quaresima-cose-funziona\/\">Quaresima: cos\u2019\u00e8 e come funziona<\/a><\/strong><br \/>\nLa Quaresima \u00e8 un periodo di penitenza che ricorre ogni anno nella vita dei cristiani, in preparazione della Pasqua&#8230;<\/p>\n<\/div>\n<p>Anche l&#8217;astinenza dalle carni \u00e8 regolata\u00a0dalla costituzione apostolica\u00a0Paenitemini. La Chiesa cattolica impone di non mangiare carne nei &#8220;giorni di magro&#8221;. Il venerd\u00ec \u00e8 considerato giorno di magro, durante il quale \u00e8 concesso mangiare il pesce. Questa regola vale per tutti i venerd\u00ec esclusi quelli nei quali cade una festa di precetto, ovvero una delle solennit\u00e0 riportate nel calendario liturgico.<\/p>\n<p>Oggi si possono considerare anche altre forme di <strong><a href=\"https:\/\/www.holyart.it\/blog\/articoli-religiosi\/quaresima-cose-funziona\/\">astinenza e penitenza da praticare durante la Quaresima<\/a><\/strong>, oltre al digiuno. Fumo, televisione, bevande alcoliche, ma anche uso dei social. Tutto ci\u00f2 insomma che comporta un sacrificio da parte nostra pu\u00f2 diventare un modo per manifestare il nostro desiderio di purificazione.<\/p>\n<p><center><div class=\"sp-styles-warning\" style=\"width: 450px; background-color: #FFF; color: #F00; border: 1px solid #F00; padding: 10px; font-size: 14px;\">\n\t\t\t<span style=\"font-weight: bold;\">Warning: The stylesheets were not loaded!<\/span> \n\t\t\tYou will need to change the <i>Load stylesheets<\/i> setting from <i>Automatically<\/i> to <i>On homepage<\/i> or <i>On all pages<\/i>. \n\t\t\tYou can set that <a style=\"text-decoration: underline; color: #F00;\" href=\"https:\/\/blog.holyart.it\/it\/wp-admin\/admin.php?page=sliderpro-settings\">here<\/a>.\n\t\t\t<\/div>\r\n<div id=\"slider-pro-33\" class=\"slider-pro sp-no-js\" style=\"width: 500px; height: 500px;\">\r\n\t<div class=\"sp-slides\">\r\n\t\t\r\n\t\t<div class=\"sp-slide\">\r\n\t\t\t<img loading=\"lazy\" decoding=\"async\" class=\"sp-image\" src=\"https:\/\/blog.holyart.it\/it\/wp-content\/uploads\/sites\/17\/2019\/04\/busta-porta-olivo-domenica-delle-palme-colomba.jpg\" alt=\"Busta Porta Olivo Colomba\" width=\"500\" height=\"500\" \/>\r\n\t\t\t<div class=\"sp-thumbnail\"> <img decoding=\"async\" src=\"https:\/\/blog.holyart.it\/it\/wp-content\/uploads\/sites\/17\/2019\/04\/busta-porta-olivo-domenica-delle-palme-colomba-150x150.jpg\" \/>\r\n\t\t\t<\/div>\r\n\t\t\t<div class=\"sp-caption\">Busta porta olivo per la Domenica delle Palme con immagine della Colomba della Pace (confezione da 200 pz). <br> \n<strong><a href=\"https:\/\/www.holyart.it\/it\/accessori-per-la-liturgia\/accessori-per-benedizione\/busta-porta-olivo-domenica-delle-palme-colomba-della-pace-200-pz\">\nAcquista su Holyart<\/a><\/strong><\/div>\r\n\t\t<\/div>\r\n\t\t<div class=\"sp-slide\">\r\n\t\t\t<img loading=\"lazy\" decoding=\"async\" class=\"sp-image\" src=\"https:\/\/blog.holyart.it\/it\/wp-content\/uploads\/sites\/17\/2019\/04\/busta-porta-olivo-domenica-delle-palme.jpg\" alt=\"busta porta olivo domenica delle palme\" width=\"500\" height=\"500\" \/>\r\n\t\t\t<div class=\"sp-thumbnail\"><img decoding=\"async\" src=\"https:\/\/blog.holyart.it\/it\/wp-content\/uploads\/sites\/17\/2019\/04\/busta-porta-olivo-domenica-delle-palme-150x150.jpg\" \/>\r\n\t\t\t<\/div>\r\n\t\t\t<div class=\"sp-caption\">Busta porta olivo per la Domenica delle Palme con immagine dell'ingresso a Gerusalemme (confezione da 200 pz). <br>\n<strong><a href=\"https:\/\/www.holyart.it\/it\/accessori-per-la-liturgia\/accessori-per-benedizione\/busta-porta-olivo-domenica-delle-palme-ingresso-a-gerusalemme-200-pz\">\nAcquista su Holyart<\/a><\/strong><\/div>\r\n\t\t<\/div>\r\n\t\t<div class=\"sp-slide\">\r\n\t\t\t<img loading=\"lazy\" decoding=\"async\" class=\"sp-image\" src=\"https:\/\/blog.holyart.it\/it\/wp-content\/uploads\/sites\/17\/2019\/04\/buste-porta-olivo-ges\u00f9-buon-pastore.jpg\" alt=\"Buste Porta Olivo Ges\u00f9\" width=\"500\" height=\"500\" \/>\r\n\t\t\t<div class=\"sp-thumbnail\"> <img decoding=\"async\" src=\"https:\/\/blog.holyart.it\/it\/wp-content\/uploads\/sites\/17\/2019\/04\/buste-porta-olivo-ges\u00f9-buon-pastore-150x150.jpg\" \/>\r\n\t\t\t<\/div>\r\n\t\t\t<div class=\"sp-caption\">Busta porta olivo per la Domenica delle Palme con immagine del Cristo Buon Pastore (confezione da 200 pz). <br>\n<strong><a href=\"https:\/\/www.holyart.it\/it\/accessori-per-la-liturgia\/accessori-per-benedizione\/busta-porta-olivo-domenica-delle-palme-cristo-buon-pastore-200-pz\">\nAcquista su Holyart<\/a><\/strong><\/div>\r\n\t\t<\/div>\r\n\t\t<div class=\"sp-slide\">\r\n\t\t\t<img loading=\"lazy\" decoding=\"async\" class=\"sp-image\" src=\"https:\/\/blog.holyart.it\/it\/wp-content\/uploads\/sites\/17\/2022\/03\/bustina-per-le-palme-porta-olivo-cristo-con-i-giovani-500-pz.jpg\" alt=\"bustina per le palme porta olivo cristo con i giovani 500 pz\" width=\"500\" height=\"500\" \/>\r\n\t\t\t<div class=\"sp-thumbnail\"><img decoding=\"async\" src=\"https:\/\/blog.holyart.it\/it\/wp-content\/uploads\/sites\/17\/2022\/03\/bustina-per-le-palme-porta-olivo-cristo-con-i-giovani-500-pz-150x150.jpg\" \/>\r\n\t\t\t<\/div>\r\n\t\t\t<div class=\"sp-caption\">Bustina per le Palme porta olivo Cristo con i giovani 500 pz. <br>\n<strong><a href=\"https:\/\/www.holyart.it\/it\/accessori-per-la-liturgia\/accessori-per-benedizione\/bustina-per-le-palme-porta-olivo-cristo-con-i-giovani-500-pz\">\nAcquista su Holyart<\/a><\/strong><\/div>\r\n\t\t<\/div>\r\n\t<\/div>\r\n<\/div><\/center><\/p>\n","protected":false},"excerpt":{"rendered":"<p>Carnevale sta per terminare.\u00a0Dopo marted\u00ec grasso c&#8217;\u00e8 il Mercoled\u00ec delle Ceneri, che segna l&#8217;inizio della Quaresima. Ma da cosa trae origine questa festa cos\u00ec particolare? Qual \u00e8 il significato del Mercoled\u00ec delle Ceneri? Da cosa deriva il suo strano nome? Tutti conosciamo il Carnevale, quel&hellip;<\/p>\n","protected":false},"author":1,"featured_media":12367,"comment_status":"closed","ping_status":"open","sticky":false,"template":"","format":"standard","meta":{"_acf_changed":false,"footnotes":""},"categories":[20,26,16],"tags":[],"class_list":["post-8771","post","type-post","status-publish","format-standard","has-post-thumbnail","hentry","category-occasioni-speciali","category-pasqua","category-articoli-religiosi"],"acf":[],"yoast_head":"<!-- This site is optimized with the Yoast SEO plugin v26.6 - https:\/\/yoast.com\/wordpress\/plugins\/seo\/ -->\n<title>Mercoled\u00ec delle Ceneri: che cos&#039;\u00e8 - Holyblog<\/title>\n<meta name=\"description\" content=\"Dopo marted\u00ec grasso c&#039;\u00e8 il Mercoled\u00ec delle Ceneri, che segna l&#039;inizio della Quaresima. Ma da cosa trae origine questa festa cos\u00ec particolare?\" \/>\n<meta name=\"robots\" content=\"index, follow, max-snippet:-1, max-image-preview:large, max-video-preview:-1\" \/>\n<link rel=\"canonical\" href=\"https:\/\/blog.holyart.it\/it\/pasqua\/mercoledi-delle-ceneri-che-cose\/\" \/>\n<meta property=\"og:locale\" content=\"it_IT\" \/>\n<meta property=\"og:type\" content=\"article\" \/>\n<meta property=\"og:title\" content=\"Mercoled\u00ec delle Ceneri: che cos&#039;\u00e8 - Holyblog\" \/>\n<meta property=\"og:description\" content=\"Dopo marted\u00ec grasso c&#039;\u00e8 il Mercoled\u00ec delle Ceneri, che segna l&#039;inizio della Quaresima. Ma da cosa trae origine questa festa cos\u00ec particolare?\" \/>\n<meta property=\"og:url\" content=\"https:\/\/blog.holyart.it\/it\/pasqua\/mercoledi-delle-ceneri-che-cose\/\" \/>\n<meta property=\"og:site_name\" content=\"Holyblog\" \/>\n<meta property=\"article:published_time\" content=\"2020-02-26T16:04:52+00:00\" \/>\n<meta property=\"article:modified_time\" content=\"2025-02-04T16:02:22+00:00\" \/>\n<meta property=\"og:image\" content=\"https:\/\/blog.holyart.it\/it\/wp-content\/uploads\/sites\/17\/2020\/02\/mercoledi-delle-ceneri.jpeg\" \/>\n\t<meta property=\"og:image:width\" content=\"1000\" \/>\n\t<meta property=\"og:image:height\" content=\"666\" \/>\n\t<meta property=\"og:image:type\" content=\"image\/jpeg\" \/>\n<meta name=\"author\" content=\"Redazione\" \/>\n<meta name=\"twitter:card\" content=\"summary_large_image\" \/>\n<meta name=\"twitter:label1\" content=\"Scritto da\" \/>\n\t<meta name=\"twitter:data1\" content=\"Redazione\" \/>\n\t<meta name=\"twitter:label2\" content=\"Tempo di lettura stimato\" \/>\n\t<meta name=\"twitter:data2\" content=\"10 minuti\" \/>\n<script type=\"application\/ld+json\" class=\"yoast-schema-graph\">{\"@context\":\"https:\/\/schema.org\",\"@graph\":[{\"@type\":\"Article\",\"@id\":\"https:\/\/blog.holyart.it\/it\/pasqua\/mercoledi-delle-ceneri-che-cose\/#article\",\"isPartOf\":{\"@id\":\"https:\/\/blog.holyart.it\/it\/pasqua\/mercoledi-delle-ceneri-che-cose\/\"},\"author\":{\"name\":\"Redazione\",\"@id\":\"https:\/\/blog.holyart.it\/it\/#\/schema\/person\/0a7b686e5af0f856ec1e390dd0baecda\"},\"headline\":\"Mercoled\u00ec delle Ceneri: che cos&#8217;\u00e8\",\"datePublished\":\"2020-02-26T16:04:52+00:00\",\"dateModified\":\"2025-02-04T16:02:22+00:00\",\"mainEntityOfPage\":{\"@id\":\"https:\/\/blog.holyart.it\/it\/pasqua\/mercoledi-delle-ceneri-che-cose\/\"},\"wordCount\":1447,\"publisher\":{\"@id\":\"https:\/\/blog.holyart.it\/it\/#organization\"},\"image\":{\"@id\":\"https:\/\/blog.holyart.it\/it\/pasqua\/mercoledi-delle-ceneri-che-cose\/#primaryimage\"},\"thumbnailUrl\":\"https:\/\/blog.holyart.it\/it\/wp-content\/uploads\/sites\/17\/2020\/02\/mercoledi-delle-ceneri.jpeg\",\"articleSection\":[\"Occasioni speciali\",\"Pasqua\",\"Religione\"],\"inLanguage\":\"it-IT\"},{\"@type\":\"WebPage\",\"@id\":\"https:\/\/blog.holyart.it\/it\/pasqua\/mercoledi-delle-ceneri-che-cose\/\",\"url\":\"https:\/\/blog.holyart.it\/it\/pasqua\/mercoledi-delle-ceneri-che-cose\/\",\"name\":\"Mercoled\u00ec delle Ceneri: che cos'\u00e8 - Holyblog\",\"isPartOf\":{\"@id\":\"https:\/\/blog.holyart.it\/it\/#website\"},\"primaryImageOfPage\":{\"@id\":\"https:\/\/blog.holyart.it\/it\/pasqua\/mercoledi-delle-ceneri-che-cose\/#primaryimage\"},\"image\":{\"@id\":\"https:\/\/blog.holyart.it\/it\/pasqua\/mercoledi-delle-ceneri-che-cose\/#primaryimage\"},\"thumbnailUrl\":\"https:\/\/blog.holyart.it\/it\/wp-content\/uploads\/sites\/17\/2020\/02\/mercoledi-delle-ceneri.jpeg\",\"datePublished\":\"2020-02-26T16:04:52+00:00\",\"dateModified\":\"2025-02-04T16:02:22+00:00\",\"description\":\"Dopo marted\u00ec grasso c'\u00e8 il Mercoled\u00ec delle Ceneri, che segna l'inizio della Quaresima. Ma da cosa trae origine questa festa cos\u00ec particolare?\",\"breadcrumb\":{\"@id\":\"https:\/\/blog.holyart.it\/it\/pasqua\/mercoledi-delle-ceneri-che-cose\/#breadcrumb\"},\"inLanguage\":\"it-IT\",\"potentialAction\":[{\"@type\":\"ReadAction\",\"target\":[\"https:\/\/blog.holyart.it\/it\/pasqua\/mercoledi-delle-ceneri-che-cose\/\"]}]},{\"@type\":\"ImageObject\",\"inLanguage\":\"it-IT\",\"@id\":\"https:\/\/blog.holyart.it\/it\/pasqua\/mercoledi-delle-ceneri-che-cose\/#primaryimage\",\"url\":\"https:\/\/blog.holyart.it\/it\/wp-content\/uploads\/sites\/17\/2020\/02\/mercoledi-delle-ceneri.jpeg\",\"contentUrl\":\"https:\/\/blog.holyart.it\/it\/wp-content\/uploads\/sites\/17\/2020\/02\/mercoledi-delle-ceneri.jpeg\",\"width\":1000,\"height\":666,\"caption\":\"mercoledi delle ceneri\"},{\"@type\":\"BreadcrumbList\",\"@id\":\"https:\/\/blog.holyart.it\/it\/pasqua\/mercoledi-delle-ceneri-che-cose\/#breadcrumb\",\"itemListElement\":[{\"@type\":\"ListItem\",\"position\":1,\"name\":\"Homepage\",\"item\":\"https:\/\/blog.holyart.it\/it\/\"},{\"@type\":\"ListItem\",\"position\":2,\"name\":\"Pasqua\",\"item\":\"https:\/\/blog.holyart.it\/it\/pasqua\/\"},{\"@type\":\"ListItem\",\"position\":3,\"name\":\"Mercoled\u00ec delle Ceneri: che cos&#8217;\u00e8\"}]},{\"@type\":\"WebSite\",\"@id\":\"https:\/\/blog.holyart.it\/it\/#website\",\"url\":\"https:\/\/blog.holyart.it\/it\/\",\"name\":\"Holyblog\",\"description\":\"Il Blog di Holyart.it\",\"publisher\":{\"@id\":\"https:\/\/blog.holyart.it\/it\/#organization\"},\"potentialAction\":[{\"@type\":\"SearchAction\",\"target\":{\"@type\":\"EntryPoint\",\"urlTemplate\":\"https:\/\/blog.holyart.it\/it\/?s={search_term_string}\"},\"query-input\":{\"@type\":\"PropertyValueSpecification\",\"valueRequired\":true,\"valueName\":\"search_term_string\"}}],\"inLanguage\":\"it-IT\"},{\"@type\":\"Organization\",\"@id\":\"https:\/\/blog.holyart.it\/it\/#organization\",\"name\":\"Holyblog\",\"url\":\"https:\/\/blog.holyart.it\/it\/\",\"logo\":{\"@type\":\"ImageObject\",\"inLanguage\":\"it-IT\",\"@id\":\"https:\/\/blog.holyart.it\/it\/#\/schema\/logo\/image\/\",\"url\":\"https:\/\/blog.holyart.it\/it\/wp-content\/uploads\/sites\/17\/2022\/12\/Holyart_Blog_Logo.jpg\",\"contentUrl\":\"https:\/\/blog.holyart.it\/it\/wp-content\/uploads\/sites\/17\/2022\/12\/Holyart_Blog_Logo.jpg\",\"width\":300,\"height\":50,\"caption\":\"Holyblog\"},\"image\":{\"@id\":\"https:\/\/blog.holyart.it\/it\/#\/schema\/logo\/image\/\"}},{\"@type\":\"Person\",\"@id\":\"https:\/\/blog.holyart.it\/it\/#\/schema\/person\/0a7b686e5af0f856ec1e390dd0baecda\",\"name\":\"Redazione\"}]}<\/script>\n<!-- \/ Yoast SEO plugin. -->","yoast_head_json":{"title":"Mercoled\u00ec delle Ceneri: che cos'\u00e8 - Holyblog","description":"Dopo marted\u00ec grasso c'\u00e8 il Mercoled\u00ec delle Ceneri, che segna l'inizio della Quaresima. Ma da cosa trae origine questa festa cos\u00ec particolare?","robots":{"index":"index","follow":"follow","max-snippet":"max-snippet:-1","max-image-preview":"max-image-preview:large","max-video-preview":"max-video-preview:-1"},"canonical":"https:\/\/blog.holyart.it\/it\/pasqua\/mercoledi-delle-ceneri-che-cose\/","og_locale":"it_IT","og_type":"article","og_title":"Mercoled\u00ec delle Ceneri: che cos'\u00e8 - Holyblog","og_description":"Dopo marted\u00ec grasso c'\u00e8 il Mercoled\u00ec delle Ceneri, che segna l'inizio della Quaresima. Ma da cosa trae origine questa festa cos\u00ec particolare?","og_url":"https:\/\/blog.holyart.it\/it\/pasqua\/mercoledi-delle-ceneri-che-cose\/","og_site_name":"Holyblog","article_published_time":"2020-02-26T16:04:52+00:00","article_modified_time":"2025-02-04T16:02:22+00:00","og_image":[{"width":1000,"height":666,"url":"https:\/\/blog.holyart.it\/it\/wp-content\/uploads\/sites\/17\/2020\/02\/mercoledi-delle-ceneri.jpeg","type":"image\/jpeg"}],"author":"Redazione","twitter_card":"summary_large_image","twitter_misc":{"Scritto da":"Redazione","Tempo di lettura stimato":"10 minuti"},"schema":{"@context":"https:\/\/schema.org","@graph":[{"@type":"Article","@id":"https:\/\/blog.holyart.it\/it\/pasqua\/mercoledi-delle-ceneri-che-cose\/#article","isPartOf":{"@id":"https:\/\/blog.holyart.it\/it\/pasqua\/mercoledi-delle-ceneri-che-cose\/"},"author":{"name":"Redazione","@id":"https:\/\/blog.holyart.it\/it\/#\/schema\/person\/0a7b686e5af0f856ec1e390dd0baecda"},"headline":"Mercoled\u00ec delle Ceneri: che cos&#8217;\u00e8","datePublished":"2020-02-26T16:04:52+00:00","dateModified":"2025-02-04T16:02:22+00:00","mainEntityOfPage":{"@id":"https:\/\/blog.holyart.it\/it\/pasqua\/mercoledi-delle-ceneri-che-cose\/"},"wordCount":1447,"publisher":{"@id":"https:\/\/blog.holyart.it\/it\/#organization"},"image":{"@id":"https:\/\/blog.holyart.it\/it\/pasqua\/mercoledi-delle-ceneri-che-cose\/#primaryimage"},"thumbnailUrl":"https:\/\/blog.holyart.it\/it\/wp-content\/uploads\/sites\/17\/2020\/02\/mercoledi-delle-ceneri.jpeg","articleSection":["Occasioni speciali","Pasqua","Religione"],"inLanguage":"it-IT"},{"@type":"WebPage","@id":"https:\/\/blog.holyart.it\/it\/pasqua\/mercoledi-delle-ceneri-che-cose\/","url":"https:\/\/blog.holyart.it\/it\/pasqua\/mercoledi-delle-ceneri-che-cose\/","name":"Mercoled\u00ec delle Ceneri: che cos'\u00e8 - Holyblog","isPartOf":{"@id":"https:\/\/blog.holyart.it\/it\/#website"},"primaryImageOfPage":{"@id":"https:\/\/blog.holyart.it\/it\/pasqua\/mercoledi-delle-ceneri-che-cose\/#primaryimage"},"image":{"@id":"https:\/\/blog.holyart.it\/it\/pasqua\/mercoledi-delle-ceneri-che-cose\/#primaryimage"},"thumbnailUrl":"https:\/\/blog.holyart.it\/it\/wp-content\/uploads\/sites\/17\/2020\/02\/mercoledi-delle-ceneri.jpeg","datePublished":"2020-02-26T16:04:52+00:00","dateModified":"2025-02-04T16:02:22+00:00","description":"Dopo marted\u00ec grasso c'\u00e8 il Mercoled\u00ec delle Ceneri, che segna l'inizio della Quaresima. Ma da cosa trae origine questa festa cos\u00ec particolare?","breadcrumb":{"@id":"https:\/\/blog.holyart.it\/it\/pasqua\/mercoledi-delle-ceneri-che-cose\/#breadcrumb"},"inLanguage":"it-IT","potentialAction":[{"@type":"ReadAction","target":["https:\/\/blog.holyart.it\/it\/pasqua\/mercoledi-delle-ceneri-che-cose\/"]}]},{"@type":"ImageObject","inLanguage":"it-IT","@id":"https:\/\/blog.holyart.it\/it\/pasqua\/mercoledi-delle-ceneri-che-cose\/#primaryimage","url":"https:\/\/blog.holyart.it\/it\/wp-content\/uploads\/sites\/17\/2020\/02\/mercoledi-delle-ceneri.jpeg","contentUrl":"https:\/\/blog.holyart.it\/it\/wp-content\/uploads\/sites\/17\/2020\/02\/mercoledi-delle-ceneri.jpeg","width":1000,"height":666,"caption":"mercoledi delle ceneri"},{"@type":"BreadcrumbList","@id":"https:\/\/blog.holyart.it\/it\/pasqua\/mercoledi-delle-ceneri-che-cose\/#breadcrumb","itemListElement":[{"@type":"ListItem","position":1,"name":"Homepage","item":"https:\/\/blog.holyart.it\/it\/"},{"@type":"ListItem","position":2,"name":"Pasqua","item":"https:\/\/blog.holyart.it\/it\/pasqua\/"},{"@type":"ListItem","position":3,"name":"Mercoled\u00ec delle Ceneri: che cos&#8217;\u00e8"}]},{"@type":"WebSite","@id":"https:\/\/blog.holyart.it\/it\/#website","url":"https:\/\/blog.holyart.it\/it\/","name":"Holyblog","description":"Il Blog di Holyart.it","publisher":{"@id":"https:\/\/blog.holyart.it\/it\/#organization"},"potentialAction":[{"@type":"SearchAction","target":{"@type":"EntryPoint","urlTemplate":"https:\/\/blog.holyart.it\/it\/?s={search_term_string}"},"query-input":{"@type":"PropertyValueSpecification","valueRequired":true,"valueName":"search_term_string"}}],"inLanguage":"it-IT"},{"@type":"Organization","@id":"https:\/\/blog.holyart.it\/it\/#organization","name":"Holyblog","url":"https:\/\/blog.holyart.it\/it\/","logo":{"@type":"ImageObject","inLanguage":"it-IT","@id":"https:\/\/blog.holyart.it\/it\/#\/schema\/logo\/image\/","url":"https:\/\/blog.holyart.it\/it\/wp-content\/uploads\/sites\/17\/2022\/12\/Holyart_Blog_Logo.jpg","contentUrl":"https:\/\/blog.holyart.it\/it\/wp-content\/uploads\/sites\/17\/2022\/12\/Holyart_Blog_Logo.jpg","width":300,"height":50,"caption":"Holyblog"},"image":{"@id":"https:\/\/blog.holyart.it\/it\/#\/schema\/logo\/image\/"}},{"@type":"Person","@id":"https:\/\/blog.holyart.it\/it\/#\/schema\/person\/0a7b686e5af0f856ec1e390dd0baecda","name":"Redazione"}]}},"_links":{"self":[{"href":"https:\/\/blog.holyart.it\/it\/wp-json\/wp\/v2\/posts\/8771","targetHints":{"allow":["GET"]}}],"collection":[{"href":"https:\/\/blog.holyart.it\/it\/wp-json\/wp\/v2\/posts"}],"about":[{"href":"https:\/\/blog.holyart.it\/it\/wp-json\/wp\/v2\/types\/post"}],"author":[{"embeddable":true,"href":"https:\/\/blog.holyart.it\/it\/wp-json\/wp\/v2\/users\/1"}],"replies":[{"embeddable":true,"href":"https:\/\/blog.holyart.it\/it\/wp-json\/wp\/v2\/comments?post=8771"}],"version-history":[{"count":1,"href":"https:\/\/blog.holyart.it\/it\/wp-json\/wp\/v2\/posts\/8771\/revisions"}],"predecessor-version":[{"id":17296,"href":"https:\/\/blog.holyart.it\/it\/wp-json\/wp\/v2\/posts\/8771\/revisions\/17296"}],"wp:featuredmedia":[{"embeddable":true,"href":"https:\/\/blog.holyart.it\/it\/wp-json\/wp\/v2\/media\/12367"}],"wp:attachment":[{"href":"https:\/\/blog.holyart.it\/it\/wp-json\/wp\/v2\/media?parent=8771"}],"wp:term":[{"taxonomy":"category","embeddable":true,"href":"https:\/\/blog.holyart.it\/it\/wp-json\/wp\/v2\/categories?post=8771"},{"taxonomy":"post_tag","embeddable":true,"href":"https:\/\/blog.holyart.it\/it\/wp-json\/wp\/v2\/tags?post=8771"}],"curies":[{"name":"wp","href":"https:\/\/api.w.org\/{rel}","templated":true}]}}