{"id":8731,"date":"2020-02-19T15:48:23","date_gmt":"2020-02-19T14:48:23","guid":{"rendered":"https:\/\/blog.holyart.it\/it\/?p=8731"},"modified":"2022-08-22T15:15:48","modified_gmt":"2022-08-22T13:15:48","slug":"lalbero-della-vita-esiste-davvero","status":"publish","type":"post","link":"https:\/\/blog.holyart.it\/it\/articoli-religiosi\/lalbero-della-vita-esiste-davvero\/","title":{"rendered":"L&#8217;Albero della Vita esiste davvero?"},"content":{"rendered":"<h4>L\u2019albero della vita\u00a0\u00e8 citato nelle Sacre Scritture, dalla Genesi all&#8217;Apocalisse, come\u00a0simbolo della vita per eccellenza. Ma esiste veramente un albero cos\u00ec speciale?<\/h4>\n<p>Da sempre gli uomini attribuiscono a determinati alberi un valore simbolico e religioso. Basti pensare a tutte le religioni che li hanno messi al centro del proprio pantheon.<\/p>\n<p>Comprendere le ragioni di questo legame profondo tra uomo a alberi non \u00e8 facile. Forse nasce dal fatto che, fin dalle epoche pi\u00f9 remote, gli uomini cercavano negli alberi\u00a0<strong>riparo e protezione<\/strong>, finendo con il rivestirli del ruolo di giganti protettori, saggi, amici. Sicuramente la forma stessa dell&#8217;albero, il suo sviluppo verticale ha contribuito all&#8217;approfondirsi di questo legame spirituale. L&#8217;albero\u00a0<strong>unisce il cielo alla terra<\/strong>, il mondo degli dei a quello degli uomini, e nel farlo si fa divinit\u00e0 esso stesso, e come tale portatore delle risposte a tutte le domande, a tutte le contraddizioni che dominano la vita degli uomini da sempre: il Bene e il Male, la Vita e la Morte, la Conoscenza, la Trasmutazione, l&#8217;Umano e il Divino.<\/p>\n<div class=\"link-article\">\n<p><img loading=\"lazy\" decoding=\"async\" class=\"alignleft wp-image-12152 size-full\" src=\"https:\/\/blog.holyart.it\/it\/wp-content\/uploads\/sites\/17\/2020\/02\/albero-della-vita-1-1.jpg\" alt=\"albero-della-vita-150x100\" width=\"150\" height=\"99\" \/><\/p>\n<div class=\"leggi-anche\">Leggi anche:<\/div>\n<p><strong><a href=\"https:\/\/www.holyart.it\/blog\/articoli-religiosi\/giardino-delleden-nella-genesi\/\">Il giardino dell\u2019Eden nella Genesi<\/a><\/strong><br \/>\nIl giardino dell\u2019Eden rappresenta il primo, immenso dono che Dio fece all\u2019uomo e alla donna&#8230;<\/p>\n<\/div>\n<p>Molte religioni arcaiche parlano di un\u00a0<strong>asse cosmico<\/strong>\u00a0intorno al quale si sarebbe formato l&#8217;intero universo, e che unisce attraversandoli cielo, terra e mondo sotterraneo. Un asse che spesso ha la forma di un albero.<\/p>\n<p>Comunque la vogliamo interpretare, la mitologia legata agli alberi, in generale, e all&#8217;albero della vita in particolare \u00e8 affascinante a affonda le sue radici &#8211; \u00e8 il caso di dirlo&#8230; &#8211; nelle origini stesse della storia umana.<\/p>\n<p>In un articolo precedente ci siamo soffermati sul\u00a0<strong><a href=\"https:\/\/www.holyart.it\/blog\/articoli-religiosi\/significato-dellalbero-della-vita\/\" target=\"_blank\" rel=\"noopener\">significato dell&#8217;albero della vita in ambito cristiano<\/a><\/strong>. Abbiamo esaminato come esso sia citato nei testi sacri, e come la sua simbologia ricorra nella cultura ebraica e successivamente in quella cristiana. Secondo la Bibbia esso sorgeva in mezzo al\u00a0<strong><a href=\"https:\/\/www.holyart.it\/blog\/articoli-religiosi\/giardino-delleden-nella-genesi\/\" target=\"_blank\" rel=\"noopener\">giardino dell\u2019Eden<\/a><\/strong>, accanto all\u2019albero della conoscenza del bene e del male.<\/p>\n<div class=\"link-article\">\n<p><img loading=\"lazy\" decoding=\"async\" class=\"alignleft wp-image-12154 size-full\" src=\"https:\/\/blog.holyart.it\/it\/wp-content\/uploads\/sites\/17\/2020\/02\/albero-della-vita-2-1.jpg\" alt=\"albero-della-vita-2\" width=\"150\" height=\"99\" \/><\/p>\n<div class=\"leggi-anche\">Leggi anche:<\/div>\n<p><strong><a href=\"https:\/\/www.holyart.it\/blog\/articoli-religiosi\/significato-dellalbero-della-vita\/\">Il significato dell\u2019albero della vita<\/a><\/strong><br \/>\nTutte le religioni, dalle origini della storia dell\u2019uomo, sono legate in qualche modo agli alberi&#8230;<\/p>\n<\/div>\n<p>Era grazie ai suoi frutti che\u00a0<strong><a href=\"https:\/\/www.holyart.it\/blog\/articoli-religiosi\/la-storia-adamo-ed-eva\/\" target=\"_blank\" rel=\"noopener\">Adamo ed Eva<\/a><\/strong>\u00a0erano immortali, immuni allo scorrere del tempo, alla vecchiaia e alle malattie. Con il peccato originale Adamo ed Eva perdono il diritto di nutrirsi dei frutti di questo albero miracoloso.\u00a0Anche in questa parte della storia risiede una simbologia profonda: mangiando i frutti dell&#8217;albero della conoscenza del bene e del male, il primo uomo e la prima donna hanno perso il diritto a godere i benefici dell&#8217;albero della vita. Il loro peccato \u00e8 stato dettato\u00a0<strong>dall&#8217;orgoglio e dall&#8217;arroganza<\/strong>.\u00a0La conoscenza del bene e del male fece loro perdere l&#8217;innocenza, li rese coscienti di tutti quei sentimenti e desideri che prima non provavano, per il semplice fatto che nel Paradiso Terrestre avevano tutto ci\u00f2 di cui necessitavano per essere felici, completi. L&#8217;uomo non era pronto per far fronte a quei sentimenti, a quelle emozioni, a quei bisogni: odio, menzogna, vergogna, invidia, ricatto, guerra.<\/p>\n<div class=\"link-article\">\n<p><img loading=\"lazy\" decoding=\"async\" class=\"alignleft wp-image-12155 size-full\" src=\"https:\/\/blog.holyart.it\/it\/wp-content\/uploads\/sites\/17\/2020\/02\/storia-adamo-ed-eva-1.jpg\" alt=\"storia-adamo-ed-eva\" width=\"150\" height=\"99\" \/><\/p>\n<div class=\"leggi-anche\">Leggi anche:<\/div>\n<p><strong><a href=\"https:\/\/www.holyart.it\/blog\/articoli-religiosi\/la-storia-adamo-ed-eva\">La storia di Adamo ed Eva<\/a><\/strong><br \/>\nChi non conosce la storia di Adamo ed Eva, il primo uomo e la prima donna?<\/p>\n<\/div>\n<p>Tuttavia, nonostante la cacciata dal Paradiso terrestre, l&#8217;albero della vita rimane nei <strong><a href=\"https:\/\/www.holyart.it\/it\/articoli-religiosi\/libri-e-testi-sacri\">testi sacri<\/a><\/strong> come\u00a0<strong>promessa di salvezza\u00a0<\/strong>e\u00a0<strong>speranza di riconciliazione con Dio<\/strong>, che seguita a promettere i suoi frutti in premio a chi sapr\u00e0 seguire la retta via. L&#8217;<a href=\"https:\/\/www.holyart.it\/it\/natale\/avvento\"><strong>avvento di\u00a0Cristo<\/strong><\/a>, il nuovo Adamo, il Figlio che, anzich\u00e9 sfidare per orgoglio la volont\u00e0 del Padre, si sottomette ad essa fino alle estreme conseguenze, rappresenta un punto di svolta fondamentale per la storia spirituale dell&#8217;uomo. Ed ecco che la\u00a0<a href=\"https:\/\/www.holyart.it\/it\/articoli-religiosi\/crocefissi\"><strong>Croce<\/strong><\/a>\u00a0su cui Ges\u00f9 muore per la salvezza di tutti diviene il nuovo albero della vita, simbolo di una salvezza promessa a tutti coloro i quali sapranno seguire l&#8217;esempio di Cristo.<\/p>\n<p><center><div class=\"sp-styles-warning\" style=\"width: 450px; background-color: #FFF; color: #F00; border: 1px solid #F00; padding: 10px; font-size: 14px;\">\n\t\t\t<span style=\"font-weight: bold;\">Warning: The stylesheets were not loaded!<\/span> \n\t\t\tYou will need to change the <i>Load stylesheets<\/i> setting from <i>Automatically<\/i> to <i>On homepage<\/i> or <i>On all pages<\/i>. \n\t\t\tYou can set that <a style=\"text-decoration: underline; color: #F00;\" href=\"https:\/\/blog.holyart.it\/it\/wp-admin\/admin.php?page=sliderpro-settings\">here<\/a>.\n\t\t\t<\/div>\r\n<div id=\"slider-pro-14\" class=\"slider-pro sp-no-js\" style=\"width: 500px; height: 500px;\">\r\n\t<div class=\"sp-slides\">\r\n\t\t\r\n\t\t<div class=\"sp-slide\">\r\n\t\t\t<img loading=\"lazy\" decoding=\"async\" class=\"sp-image\" src=\"https:\/\/blog.holyart.it\/it\/wp-content\/uploads\/sites\/17\/2019\/02\/croce-albero-della-vita-ambiente-design-valgardena-2.jpg\" alt=\"croce albero della vita ambiente design valgardena\" width=\"500\" height=\"500\" \/>\r\n\t\t\t<div class=\"sp-thumbnail\"><img decoding=\"async\" src=\"https:\/\/blog.holyart.it\/it\/wp-content\/uploads\/sites\/17\/2019\/02\/croce-albero-della-vita-ambiente-design-valgardena-2-150x150.jpg\" \/>\r\n\t\t\t<\/div>\r\n\t\t\t<div class=\"sp-caption\">Croce Albero della Vita Ambiente Design in legno d'acero della Valgardena, finitura cerata filo oro. Finitura con cera incolore, decorato con un filo dipinto. Scultura in legno d'acero dipinto, realizzata manualmente da artigiani della Valgardena, secondo la migliore tradizione artistica locale. Gli artigiani e gli artisti scolpiscono il legno dei boschi alpini e lo dipingono con maestria in ogni minimo particolare. E' realizzato in legno d'acero della Valgardena, da artigiani specializzati. <br \/><strong><a href=\"https:\/\/www.holyart.it\/it\/articoli-religiosi\/crocefissi\/crocifissi-in-legno\/croce-albero-della-vita-ambiente-design-legno-valgardena-cerata-filo-oro\">Acquista su Holyart<\/a><\/strong><\/div>\r\n\t\t<\/div>\r\n\t\t<div class=\"sp-slide\">\r\n\t\t\t<img loading=\"lazy\" decoding=\"async\" class=\"sp-image\" src=\"https:\/\/blog.holyart.it\/it\/wp-content\/uploads\/sites\/17\/2019\/02\/decina-rosario-bracciale-albero-della-vita.jpg\" alt=\"decina rosario bracciale albero della vita\" width=\"500\" height=\"500\" \/>\r\n\t\t\t<div class=\"sp-thumbnail\"><img decoding=\"async\" src=\"https:\/\/blog.holyart.it\/it\/wp-content\/uploads\/sites\/17\/2019\/02\/decina-rosario-bracciale-albero-della-vita-150x150.jpg\" \/>\r\n\t\t\t<\/div>\r\n\t\t\t<div class=\"sp-caption\">Decina rosario con grani in legno palissandro da 10 mm con albero della vita placcato in argento pendente. <br \/><strong><a href=\"https:\/\/www.holyart.it\/it\/articoli-religiosi\/rosari-e-portarosari\/rosari-decina\/decina-rosario-con-grani-in-legno-e-albero-della-vita\">Acquista su Holyart<\/a><\/strong><\/div>\r\n\t\t<\/div>\r\n\t\t<div class=\"sp-slide\">\r\n\t\t\t<img loading=\"lazy\" decoding=\"async\" class=\"sp-image\" src=\"https:\/\/blog.holyart.it\/it\/wp-content\/uploads\/sites\/17\/2019\/02\/icona-albero-della-vita.jpg\" alt=\"icona albero della vita\" width=\"500\" height=\"500\" \/>\r\n\t\t\t<div class=\"sp-thumbnail\"><img decoding=\"async\" src=\"https:\/\/blog.holyart.it\/it\/wp-content\/uploads\/sites\/17\/2019\/02\/icona-albero-della-vita-150x150.jpg\" \/>\r\n\t\t\t<\/div>\r\n\t\t\t<div class=\"sp-caption\">Icona stampata su legno e fondo oro la cui immagine raffigura l'Albero della vita. \nOggetto realizzato a mano, ideale come regalo o ricordo di occasioni speciali e sacramenti. L'icona si pu\u00f2 comodamente appendere alla parete grazie a un pratico gancio. <br \/><strong><a href=\"https:\/\/www.holyart.it\/it\/articoli-religiosi\/icone-sacre\/icone-grecia-dipinte-e-serigrafate\/icona-stampa-14x10-cm-albero-della-vita\">Acquista su Holyart<\/a><\/strong><\/div>\r\n\t\t<\/div>\r\n\t\t<div class=\"sp-slide\">\r\n\t\t\t<img loading=\"lazy\" decoding=\"async\" class=\"sp-image\" src=\"https:\/\/blog.holyart.it\/it\/wp-content\/uploads\/sites\/17\/2019\/02\/collana-amen-albero-della-vita-argento.jpg\" alt=\"collana amen albero della vita argento\" width=\"500\" height=\"500\" \/>\r\n\t\t\t<div class=\"sp-thumbnail\"><img decoding=\"async\" src=\"https:\/\/blog.holyart.it\/it\/wp-content\/uploads\/sites\/17\/2019\/02\/collana-amen-albero-della-vita-argento-150x150.jpg\" \/>\r\n\t\t\t<\/div>\r\n\t\t\t<div class=\"sp-caption\">Collana Amen con doppia catenina e doppio ciondolo. Un ciondolo racchiude l'Albero della Vita rodiato e ros\u00e8, l'altro ciondolo \u00e8 in argento ros\u00e8 a forma di angioletto ricoperto di zirconi bianchi. La collana ha circonferenza 80 cm, chiusura con moschettone e catenella regolabile per 4 cm. Peso del gioiello: 10 grammi. <br \/><strong><a href=\"https:\/\/www.holyart.it\/it\/articoli-religiosi\/gioielli\/pendenti-croci-spille-catenelle\/collana-amen-albero-della-vita-argento-925-lunga\">Acquista su Holyart<\/a><\/strong><\/div>\r\n\t\t<\/div>\r\n\t\t<div class=\"sp-slide\">\r\n\t\t\t<img loading=\"lazy\" decoding=\"async\" class=\"sp-image\" src=\"https:\/\/blog.holyart.it\/it\/wp-content\/uploads\/sites\/17\/2022\/05\/albero-della-vita-decorazione-legno-ulivo-15x10x1-cm-1.jpg\" alt=\"albero della vita legno ulivo\" width=\"500\" height=\"500\" \/>\r\n\t\t\t<div class=\"sp-thumbnail\"><a class=\"\" href=\"https:\/\/www.holyart.it\/it\/articoli-religiosi\/bomboniere-sacre-e-ricordini\/albero-della-vita-decorazione-legno-ulivo-15x10x1-cm\">\r\n\t\t\t\t<img decoding=\"async\" src=\"https:\/\/blog.holyart.it\/it\/wp-content\/uploads\/sites\/17\/2022\/05\/albero-della-vita-decorazione-legno-ulivo-15x10x1-cm-1.jpg\" alt=\"albero della vita legno ulivo\" \/>\r\n\t\t\t<\/a>\r\n\t\t\t<\/div>\r\n\t\t\t<div class=\"sp-caption\">Albero della vita decorazione legno ulivo 15x10x1 cm. \nDecorazione in elegante e pregiato legno di ulivo, sagomato a formare il profilo bidimensionale di un albero della vita. <br \/><strong><a href=\"https:\/\/www.holyart.it\/it\/articoli-religiosi\/bomboniere-sacre-e-ricordini\/albero-della-vita-decorazione-legno-ulivo-15x10x1-cm\">Acquista su Holyart<\/a><\/strong><\/div>\r\n\t\t<\/div>\r\n\t\t<div class=\"sp-slide\">\r\n\t\t\t<img loading=\"lazy\" decoding=\"async\" class=\"sp-image\" src=\"https:\/\/blog.holyart.it\/it\/wp-content\/uploads\/sites\/17\/2019\/02\/orecchini-albero-della-vita.jpg\" alt=\"orecchini albero della vita\" width=\"500\" height=\"500\" \/>\r\n\t\t\t<div class=\"sp-thumbnail\"><img decoding=\"async\" src=\"https:\/\/blog.holyart.it\/it\/wp-content\/uploads\/sites\/17\/2019\/02\/orecchini-albero-della-vita-150x150.jpg\" \/>\r\n\t\t\t<\/div>\r\n\t\t\t<div class=\"sp-caption\">Orecchini pendenti con medaglietta rappresentato l'Albero della Vita in finitura ros\u00e8 su cerchio rodio, con angioletto a lobo impreziosito da zirconi bianchi. Orecchini interamente in argento 925 finitura ros\u00e8 e rodio con chiusura a farfalla. Orecchini di diametro 12 mm, realizzati in Italia da azienda specializzata con qualit\u00e0 garantita. \nPeso del gioiello: 4,24 grammi. <br \/><strong><a href=\"https:\/\/www.holyart.it\/it\/articoli-religiosi\/gioielli\/pendenti-croci-spille-catenelle\/orecchini-in-arg-925-amen-angioletto-e-albero-della-vita\">Acquista su Holyart<\/a><\/strong>\n\n<\/div>\r\n\t\t<\/div>\r\n\t<\/div>\r\n<\/div><\/center>&nbsp;<\/p>\n<p>La simbologia dell&#8217;albero rimane una costante per i credenti, e ancora oggi \u00e8 molto diffusa. La filosofia New age l&#8217;ha rilanciata, recuperando soprattutto aspetti folklorici e mitologici, ma l&#8217;essenza della tradizione cristiana continua a renderlo in simbolo molto caro e utilizzato. Per esempio, la\u00a0<strong><a href=\"https:\/\/www.holyart.it\/it\/articoli-religiosi\/bomboniere-sacre-e-ricordini\/bomboniera-albero-della-vita-comunione-10-cm\" target=\"_blank\" rel=\"noopener\">bomboniera albero della vita<\/a>\u00a0<\/strong>\u00e8 molto apprezzata e utilizzata soprattutto per la prima comunione e il battesimo, mentre indossare un gioiello che raffigura\u00a0questo particolare simbolo, come una<strong>\u00a0<a href=\"https:\/\/www.holyart.it\/it\/articoli-religiosi\/gioielli\/pendenti-croci-spille-catenelle\/collana-amen-albero-della-vita-argento-925-lunga\" target=\"_blank\" rel=\"noopener\">collana albero della vita<\/a><\/strong>\u00a0o un\u00a0<strong><a href=\"https:\/\/www.holyart.it\/it\/articoli-religiosi\/bracciali\/bracciali-amen\/bracciale-amen-argento-925-albero-della-vita-rodiato-e-rose\" target=\"_blank\" rel=\"noopener\">bracciale albero della vita<\/a><\/strong>,\u00a0\u00e8 un modo per manifestare la propria fede verso questo albero mistico, e tutto ci\u00f2 che rappresenta.\u00a0<strong><a href=\"https:\/\/www.holyart.it\/it\/articoli-religiosi\/gioielli\">Regalare un gioiello<\/a><\/strong>\u00a0che lo raffigura\u00a0\u00e8 un augurio sentito per una vita prospera e felice, con radici solide, rigogliosa come il fogliame, intensa e ricca di buoni frutti. Per le donne diventa anche un simbolo di fecondit\u00e0. Donato a un bambino appena nato \u00e8 un modo per celebrare una nuova vita che ha inizio.<\/p>\n<h2>Il &#8216;vero&#8217; albero della vita<\/h2>\n<p>Ma esiste davvero un albero della vita, da qualche parte nel mondo? In mezzo al deserto del\u00a0<strong>Bahrain<\/strong>,\u00a0poco lontano dal\u00a0Djebel Dukhan (la Montagna del Fumo) e a 40 km da Manama, sorge un albero antico. Sembra sia qui da pi\u00f9 di quattrocento anni, cresciuto in una terra brulla, desertica, priva di vegetazione.<\/p>\n<figure id=\"attachment_8761\" aria-describedby=\"caption-attachment-8761\" style=\"width: 1024px\" class=\"wp-caption aligncenter\"><img loading=\"lazy\" decoding=\"async\" class=\"size-large wp-image-8761\" src=\"https:\/\/blog.holyart.it\/it\/wp-content\/uploads\/sites\/17\/2020\/02\/albero-della-vita-3-1024x768.jpg\" alt=\"albero della vita\" width=\"1024\" height=\"768\" \/><figcaption id=\"caption-attachment-8761\" class=\"wp-caption-text\"><center>Albero della Vita<\/center><\/figcaption><\/figure>\n<p>E tuttavia esso vive e prospera, e ha superato i dieci metri di altezza, tanto da meritare la fama di albero leggendario e aver reso l&#8217;oasi in cui sorge uno dei luoghi pi\u00f9 mistici al mondo.\u00a0Gli abitanti della regione gli hanno dato il nome di nome di\u00a0<em>Shajarat-al-Hayat<\/em>, &#8220;albero della vita&#8221;, e credono che l&#8217;albero sia stato piantato qui nel 1583 per indicare il luogo in cui in origine si estendeva il Paradiso Terrestre. Un&#8217;affermazione ardita, considerando che al giorno d&#8217;oggi la zona \u00e8 completamente desertica! Ma alcuni rilevamenti avrebbero dimostrato che, in epoche remote, questa regione fosse ricca d&#8217;acqua, e vi si estendesse un&#8217;immensa oasi rigogliosa e popolata da una moltitudine di animali di ogni tipo.<br \/>\nL&#8217;albero in questione \u00e8 una\u00a0<em>Prosopis cineraria<\/em>, un arbusto in grado di sopravvivere in condizioni oltremodo ostili, grazie alle sue radici capaci di scendere fino a 50 metri di profondit\u00e0. Questo gli permette di trarre il suo nutrimento anche dal terreno arido e brullo. Con la sua resina si producono gomma, candele e profumi.\u00a0Viene\u00a0visitato da pi\u00f9 di 50.000 turisti ogni anno, tanto che \u00e8 stato necessario proteggerlo con un recinto di ferro per evitare che venisse danneggiato da qualche vandalo. Infatti molti visitatori avevano preso\u00a0la brutta abitudine di strappare\u00a0foglie e rametti per portarseli via\u00a0come\u00a0portafortuna o souvenir, o si divertivano a lasciare il proprio messaggio inciso nel suo tronco secolare.\u00a0Per ora\u00a0<em>Shajarat-al-Hayat<\/em>\u00a0sembra godere di ottima salute, con ampi rami aggrovigliati, foglie cangianti che vanno dal verde al marrone in sfumature splendide e vivide, un tronco maestoso.\u00a0\u00c8 cos\u00ec da oltre quattrocento anni, e ci auguriamo che possa continuare a stare bene ancora molto a lungo.<\/p>\n","protected":false},"excerpt":{"rendered":"<p>L\u2019albero della vita\u00a0\u00e8 citato nelle Sacre Scritture, dalla Genesi all&#8217;Apocalisse, come\u00a0simbolo della vita per eccellenza. Ma esiste veramente un albero cos\u00ec speciale? Da sempre gli uomini attribuiscono a determinati alberi un valore simbolico e religioso. Basti pensare a tutte le religioni che li hanno messi&hellip;<\/p>\n","protected":false},"author":1,"featured_media":8754,"comment_status":"closed","ping_status":"open","sticky":false,"template":"","format":"standard","meta":{"_acf_changed":false,"footnotes":""},"categories":[16],"tags":[],"class_list":["post-8731","post","type-post","status-publish","format-standard","has-post-thumbnail","hentry","category-articoli-religiosi"],"acf":[],"yoast_head":"<!-- This site is optimized with the Yoast SEO plugin v26.6 - https:\/\/yoast.com\/wordpress\/plugins\/seo\/ -->\n<title>L&#039;Albero della Vita esiste davvero? L&#039;Albero della Vita esiste davvero?<\/title>\n<meta name=\"description\" content=\"L\u2019albero della vita\u00a0\u00e8 citato nelle Sacre Scritture, dalla Genesi all&#039;Apocalisse, come\u00a0simbolo della vita per eccellenza. Ma esiste veramente...\" \/>\n<meta name=\"robots\" content=\"index, follow, max-snippet:-1, max-image-preview:large, max-video-preview:-1\" \/>\n<link rel=\"canonical\" href=\"https:\/\/blog.holyart.it\/it\/articoli-religiosi\/lalbero-della-vita-esiste-davvero\/\" \/>\n<meta property=\"og:locale\" content=\"it_IT\" \/>\n<meta property=\"og:type\" content=\"article\" \/>\n<meta property=\"og:title\" content=\"L&#039;Albero della Vita esiste davvero? L&#039;Albero della Vita esiste davvero?\" \/>\n<meta property=\"og:description\" content=\"L\u2019albero della vita\u00a0\u00e8 citato nelle Sacre Scritture, dalla Genesi all&#039;Apocalisse, come\u00a0simbolo della vita per eccellenza. Ma esiste veramente...\" \/>\n<meta property=\"og:url\" content=\"https:\/\/blog.holyart.it\/it\/articoli-religiosi\/lalbero-della-vita-esiste-davvero\/\" \/>\n<meta property=\"og:site_name\" content=\"Holyblog\" \/>\n<meta property=\"article:published_time\" content=\"2020-02-19T14:48:23+00:00\" \/>\n<meta property=\"article:modified_time\" content=\"2022-08-22T13:15:48+00:00\" \/>\n<meta property=\"og:image\" content=\"https:\/\/blog.holyart.it\/it\/wp-content\/uploads\/sites\/17\/2020\/02\/albero-della-vita-2.jpg\" \/>\n\t<meta property=\"og:image:width\" content=\"1000\" \/>\n\t<meta property=\"og:image:height\" content=\"666\" \/>\n\t<meta property=\"og:image:type\" content=\"image\/jpeg\" \/>\n<meta name=\"author\" content=\"Redazione\" \/>\n<meta name=\"twitter:card\" content=\"summary_large_image\" \/>\n<meta name=\"twitter:label1\" content=\"Scritto da\" \/>\n\t<meta name=\"twitter:data1\" content=\"Redazione\" \/>\n\t<meta name=\"twitter:label2\" content=\"Tempo di lettura stimato\" \/>\n\t<meta name=\"twitter:data2\" content=\"6 minuti\" \/>\n<script type=\"application\/ld+json\" class=\"yoast-schema-graph\">{\"@context\":\"https:\/\/schema.org\",\"@graph\":[{\"@type\":\"Article\",\"@id\":\"https:\/\/blog.holyart.it\/it\/articoli-religiosi\/lalbero-della-vita-esiste-davvero\/#article\",\"isPartOf\":{\"@id\":\"https:\/\/blog.holyart.it\/it\/articoli-religiosi\/lalbero-della-vita-esiste-davvero\/\"},\"author\":{\"name\":\"Redazione\",\"@id\":\"https:\/\/blog.holyart.it\/it\/#\/schema\/person\/0a7b686e5af0f856ec1e390dd0baecda\"},\"headline\":\"L&#8217;Albero della Vita esiste davvero?\",\"datePublished\":\"2020-02-19T14:48:23+00:00\",\"dateModified\":\"2022-08-22T13:15:48+00:00\",\"mainEntityOfPage\":{\"@id\":\"https:\/\/blog.holyart.it\/it\/articoli-religiosi\/lalbero-della-vita-esiste-davvero\/\"},\"wordCount\":1134,\"publisher\":{\"@id\":\"https:\/\/blog.holyart.it\/it\/#organization\"},\"image\":{\"@id\":\"https:\/\/blog.holyart.it\/it\/articoli-religiosi\/lalbero-della-vita-esiste-davvero\/#primaryimage\"},\"thumbnailUrl\":\"https:\/\/blog.holyart.it\/it\/wp-content\/uploads\/sites\/17\/2020\/02\/albero-della-vita-2.jpg\",\"articleSection\":[\"Religione\"],\"inLanguage\":\"it-IT\"},{\"@type\":\"WebPage\",\"@id\":\"https:\/\/blog.holyart.it\/it\/articoli-religiosi\/lalbero-della-vita-esiste-davvero\/\",\"url\":\"https:\/\/blog.holyart.it\/it\/articoli-religiosi\/lalbero-della-vita-esiste-davvero\/\",\"name\":\"L'Albero della Vita esiste davvero? L'Albero della Vita esiste davvero?\",\"isPartOf\":{\"@id\":\"https:\/\/blog.holyart.it\/it\/#website\"},\"primaryImageOfPage\":{\"@id\":\"https:\/\/blog.holyart.it\/it\/articoli-religiosi\/lalbero-della-vita-esiste-davvero\/#primaryimage\"},\"image\":{\"@id\":\"https:\/\/blog.holyart.it\/it\/articoli-religiosi\/lalbero-della-vita-esiste-davvero\/#primaryimage\"},\"thumbnailUrl\":\"https:\/\/blog.holyart.it\/it\/wp-content\/uploads\/sites\/17\/2020\/02\/albero-della-vita-2.jpg\",\"datePublished\":\"2020-02-19T14:48:23+00:00\",\"dateModified\":\"2022-08-22T13:15:48+00:00\",\"description\":\"L\u2019albero della vita\u00a0\u00e8 citato nelle Sacre Scritture, dalla Genesi all'Apocalisse, come\u00a0simbolo della vita per eccellenza. Ma esiste veramente...\",\"breadcrumb\":{\"@id\":\"https:\/\/blog.holyart.it\/it\/articoli-religiosi\/lalbero-della-vita-esiste-davvero\/#breadcrumb\"},\"inLanguage\":\"it-IT\",\"potentialAction\":[{\"@type\":\"ReadAction\",\"target\":[\"https:\/\/blog.holyart.it\/it\/articoli-religiosi\/lalbero-della-vita-esiste-davvero\/\"]}]},{\"@type\":\"ImageObject\",\"inLanguage\":\"it-IT\",\"@id\":\"https:\/\/blog.holyart.it\/it\/articoli-religiosi\/lalbero-della-vita-esiste-davvero\/#primaryimage\",\"url\":\"https:\/\/blog.holyart.it\/it\/wp-content\/uploads\/sites\/17\/2020\/02\/albero-della-vita-2.jpg\",\"contentUrl\":\"https:\/\/blog.holyart.it\/it\/wp-content\/uploads\/sites\/17\/2020\/02\/albero-della-vita-2.jpg\",\"width\":1000,\"height\":666,\"caption\":\"albero della vita\"},{\"@type\":\"BreadcrumbList\",\"@id\":\"https:\/\/blog.holyart.it\/it\/articoli-religiosi\/lalbero-della-vita-esiste-davvero\/#breadcrumb\",\"itemListElement\":[{\"@type\":\"ListItem\",\"position\":1,\"name\":\"Homepage\",\"item\":\"https:\/\/blog.holyart.it\/it\/\"},{\"@type\":\"ListItem\",\"position\":2,\"name\":\"Religione\",\"item\":\"https:\/\/blog.holyart.it\/it\/articoli-religiosi\/\"},{\"@type\":\"ListItem\",\"position\":3,\"name\":\"L&#8217;Albero della Vita esiste davvero?\"}]},{\"@type\":\"WebSite\",\"@id\":\"https:\/\/blog.holyart.it\/it\/#website\",\"url\":\"https:\/\/blog.holyart.it\/it\/\",\"name\":\"Holyblog\",\"description\":\"Il Blog di Holyart.it\",\"publisher\":{\"@id\":\"https:\/\/blog.holyart.it\/it\/#organization\"},\"potentialAction\":[{\"@type\":\"SearchAction\",\"target\":{\"@type\":\"EntryPoint\",\"urlTemplate\":\"https:\/\/blog.holyart.it\/it\/?s={search_term_string}\"},\"query-input\":{\"@type\":\"PropertyValueSpecification\",\"valueRequired\":true,\"valueName\":\"search_term_string\"}}],\"inLanguage\":\"it-IT\"},{\"@type\":\"Organization\",\"@id\":\"https:\/\/blog.holyart.it\/it\/#organization\",\"name\":\"Holyblog\",\"url\":\"https:\/\/blog.holyart.it\/it\/\",\"logo\":{\"@type\":\"ImageObject\",\"inLanguage\":\"it-IT\",\"@id\":\"https:\/\/blog.holyart.it\/it\/#\/schema\/logo\/image\/\",\"url\":\"https:\/\/blog.holyart.it\/it\/wp-content\/uploads\/sites\/17\/2022\/12\/Holyart_Blog_Logo.jpg\",\"contentUrl\":\"https:\/\/blog.holyart.it\/it\/wp-content\/uploads\/sites\/17\/2022\/12\/Holyart_Blog_Logo.jpg\",\"width\":300,\"height\":50,\"caption\":\"Holyblog\"},\"image\":{\"@id\":\"https:\/\/blog.holyart.it\/it\/#\/schema\/logo\/image\/\"}},{\"@type\":\"Person\",\"@id\":\"https:\/\/blog.holyart.it\/it\/#\/schema\/person\/0a7b686e5af0f856ec1e390dd0baecda\",\"name\":\"Redazione\"}]}<\/script>\n<!-- \/ Yoast SEO plugin. -->","yoast_head_json":{"title":"L'Albero della Vita esiste davvero? L'Albero della Vita esiste davvero?","description":"L\u2019albero della vita\u00a0\u00e8 citato nelle Sacre Scritture, dalla Genesi all'Apocalisse, come\u00a0simbolo della vita per eccellenza. Ma esiste veramente...","robots":{"index":"index","follow":"follow","max-snippet":"max-snippet:-1","max-image-preview":"max-image-preview:large","max-video-preview":"max-video-preview:-1"},"canonical":"https:\/\/blog.holyart.it\/it\/articoli-religiosi\/lalbero-della-vita-esiste-davvero\/","og_locale":"it_IT","og_type":"article","og_title":"L'Albero della Vita esiste davvero? L'Albero della Vita esiste davvero?","og_description":"L\u2019albero della vita\u00a0\u00e8 citato nelle Sacre Scritture, dalla Genesi all'Apocalisse, come\u00a0simbolo della vita per eccellenza. Ma esiste veramente...","og_url":"https:\/\/blog.holyart.it\/it\/articoli-religiosi\/lalbero-della-vita-esiste-davvero\/","og_site_name":"Holyblog","article_published_time":"2020-02-19T14:48:23+00:00","article_modified_time":"2022-08-22T13:15:48+00:00","og_image":[{"width":1000,"height":666,"url":"https:\/\/blog.holyart.it\/it\/wp-content\/uploads\/sites\/17\/2020\/02\/albero-della-vita-2.jpg","type":"image\/jpeg"}],"author":"Redazione","twitter_card":"summary_large_image","twitter_misc":{"Scritto da":"Redazione","Tempo di lettura stimato":"6 minuti"},"schema":{"@context":"https:\/\/schema.org","@graph":[{"@type":"Article","@id":"https:\/\/blog.holyart.it\/it\/articoli-religiosi\/lalbero-della-vita-esiste-davvero\/#article","isPartOf":{"@id":"https:\/\/blog.holyart.it\/it\/articoli-religiosi\/lalbero-della-vita-esiste-davvero\/"},"author":{"name":"Redazione","@id":"https:\/\/blog.holyart.it\/it\/#\/schema\/person\/0a7b686e5af0f856ec1e390dd0baecda"},"headline":"L&#8217;Albero della Vita esiste davvero?","datePublished":"2020-02-19T14:48:23+00:00","dateModified":"2022-08-22T13:15:48+00:00","mainEntityOfPage":{"@id":"https:\/\/blog.holyart.it\/it\/articoli-religiosi\/lalbero-della-vita-esiste-davvero\/"},"wordCount":1134,"publisher":{"@id":"https:\/\/blog.holyart.it\/it\/#organization"},"image":{"@id":"https:\/\/blog.holyart.it\/it\/articoli-religiosi\/lalbero-della-vita-esiste-davvero\/#primaryimage"},"thumbnailUrl":"https:\/\/blog.holyart.it\/it\/wp-content\/uploads\/sites\/17\/2020\/02\/albero-della-vita-2.jpg","articleSection":["Religione"],"inLanguage":"it-IT"},{"@type":"WebPage","@id":"https:\/\/blog.holyart.it\/it\/articoli-religiosi\/lalbero-della-vita-esiste-davvero\/","url":"https:\/\/blog.holyart.it\/it\/articoli-religiosi\/lalbero-della-vita-esiste-davvero\/","name":"L'Albero della Vita esiste davvero? L'Albero della Vita esiste davvero?","isPartOf":{"@id":"https:\/\/blog.holyart.it\/it\/#website"},"primaryImageOfPage":{"@id":"https:\/\/blog.holyart.it\/it\/articoli-religiosi\/lalbero-della-vita-esiste-davvero\/#primaryimage"},"image":{"@id":"https:\/\/blog.holyart.it\/it\/articoli-religiosi\/lalbero-della-vita-esiste-davvero\/#primaryimage"},"thumbnailUrl":"https:\/\/blog.holyart.it\/it\/wp-content\/uploads\/sites\/17\/2020\/02\/albero-della-vita-2.jpg","datePublished":"2020-02-19T14:48:23+00:00","dateModified":"2022-08-22T13:15:48+00:00","description":"L\u2019albero della vita\u00a0\u00e8 citato nelle Sacre Scritture, dalla Genesi all'Apocalisse, come\u00a0simbolo della vita per eccellenza. Ma esiste veramente...","breadcrumb":{"@id":"https:\/\/blog.holyart.it\/it\/articoli-religiosi\/lalbero-della-vita-esiste-davvero\/#breadcrumb"},"inLanguage":"it-IT","potentialAction":[{"@type":"ReadAction","target":["https:\/\/blog.holyart.it\/it\/articoli-religiosi\/lalbero-della-vita-esiste-davvero\/"]}]},{"@type":"ImageObject","inLanguage":"it-IT","@id":"https:\/\/blog.holyart.it\/it\/articoli-religiosi\/lalbero-della-vita-esiste-davvero\/#primaryimage","url":"https:\/\/blog.holyart.it\/it\/wp-content\/uploads\/sites\/17\/2020\/02\/albero-della-vita-2.jpg","contentUrl":"https:\/\/blog.holyart.it\/it\/wp-content\/uploads\/sites\/17\/2020\/02\/albero-della-vita-2.jpg","width":1000,"height":666,"caption":"albero della vita"},{"@type":"BreadcrumbList","@id":"https:\/\/blog.holyart.it\/it\/articoli-religiosi\/lalbero-della-vita-esiste-davvero\/#breadcrumb","itemListElement":[{"@type":"ListItem","position":1,"name":"Homepage","item":"https:\/\/blog.holyart.it\/it\/"},{"@type":"ListItem","position":2,"name":"Religione","item":"https:\/\/blog.holyart.it\/it\/articoli-religiosi\/"},{"@type":"ListItem","position":3,"name":"L&#8217;Albero della Vita esiste davvero?"}]},{"@type":"WebSite","@id":"https:\/\/blog.holyart.it\/it\/#website","url":"https:\/\/blog.holyart.it\/it\/","name":"Holyblog","description":"Il Blog di Holyart.it","publisher":{"@id":"https:\/\/blog.holyart.it\/it\/#organization"},"potentialAction":[{"@type":"SearchAction","target":{"@type":"EntryPoint","urlTemplate":"https:\/\/blog.holyart.it\/it\/?s={search_term_string}"},"query-input":{"@type":"PropertyValueSpecification","valueRequired":true,"valueName":"search_term_string"}}],"inLanguage":"it-IT"},{"@type":"Organization","@id":"https:\/\/blog.holyart.it\/it\/#organization","name":"Holyblog","url":"https:\/\/blog.holyart.it\/it\/","logo":{"@type":"ImageObject","inLanguage":"it-IT","@id":"https:\/\/blog.holyart.it\/it\/#\/schema\/logo\/image\/","url":"https:\/\/blog.holyart.it\/it\/wp-content\/uploads\/sites\/17\/2022\/12\/Holyart_Blog_Logo.jpg","contentUrl":"https:\/\/blog.holyart.it\/it\/wp-content\/uploads\/sites\/17\/2022\/12\/Holyart_Blog_Logo.jpg","width":300,"height":50,"caption":"Holyblog"},"image":{"@id":"https:\/\/blog.holyart.it\/it\/#\/schema\/logo\/image\/"}},{"@type":"Person","@id":"https:\/\/blog.holyart.it\/it\/#\/schema\/person\/0a7b686e5af0f856ec1e390dd0baecda","name":"Redazione"}]}},"_links":{"self":[{"href":"https:\/\/blog.holyart.it\/it\/wp-json\/wp\/v2\/posts\/8731","targetHints":{"allow":["GET"]}}],"collection":[{"href":"https:\/\/blog.holyart.it\/it\/wp-json\/wp\/v2\/posts"}],"about":[{"href":"https:\/\/blog.holyart.it\/it\/wp-json\/wp\/v2\/types\/post"}],"author":[{"embeddable":true,"href":"https:\/\/blog.holyart.it\/it\/wp-json\/wp\/v2\/users\/1"}],"replies":[{"embeddable":true,"href":"https:\/\/blog.holyart.it\/it\/wp-json\/wp\/v2\/comments?post=8731"}],"version-history":[{"count":0,"href":"https:\/\/blog.holyart.it\/it\/wp-json\/wp\/v2\/posts\/8731\/revisions"}],"wp:featuredmedia":[{"embeddable":true,"href":"https:\/\/blog.holyart.it\/it\/wp-json\/wp\/v2\/media\/8754"}],"wp:attachment":[{"href":"https:\/\/blog.holyart.it\/it\/wp-json\/wp\/v2\/media?parent=8731"}],"wp:term":[{"taxonomy":"category","embeddable":true,"href":"https:\/\/blog.holyart.it\/it\/wp-json\/wp\/v2\/categories?post=8731"},{"taxonomy":"post_tag","embeddable":true,"href":"https:\/\/blog.holyart.it\/it\/wp-json\/wp\/v2\/tags?post=8731"}],"curies":[{"name":"wp","href":"https:\/\/api.w.org\/{rel}","templated":true}]}}