{"id":872,"date":"2017-09-14T12:10:46","date_gmt":"2017-09-14T10:10:46","guid":{"rendered":"https:\/\/blog.holyart.it\/it\/?p=872"},"modified":"2025-04-17T09:58:19","modified_gmt":"2025-04-17T07:58:19","slug":"liturgia-delle-ore-breve-guida-recitare-lufficio-divino","status":"publish","type":"post","link":"https:\/\/blog.holyart.it\/it\/accessori-liturgia\/liturgia-delle-ore-breve-guida-recitare-lufficio-divino\/","title":{"rendered":"Liturgia delle ore: una breve guida per recitare l&#8217;Ufficio Divino"},"content":{"rendered":"<p>La <a href=\"https:\/\/www.holyart.it\/it\/articoli-religiosi\/libri-e-testi-sacri\/liturgia-delle-ore\"><span style=\"color: #0000ff;\"><strong>Liturgia delle Ore<\/strong> <\/span><\/a>nasce dall\u2019esortazione di Ges\u00f9 a pregare sempre, nell\u2019arco dell\u2019intera giornata, per santificare ogni singolo istante e non smettere mai di glorificare <strong>Dio Padre<\/strong>. \u00c8 un modo per il cristiano di vivere in comunione con Cristo ogni istante della propria vita, scandendo i giorni con momenti di preghiera che possono aver luogo in Chiesa o semplicemente nella propria casa, o dove risulti comodo e possibile.<\/p>\n<figure id=\"attachment_2699\" aria-describedby=\"caption-attachment-2699\" style=\"width: 300px\" class=\"wp-caption alignleft\"><img loading=\"lazy\" decoding=\"async\" class=\"size-medium wp-image-2699\" src=\"https:\/\/blog.holyart.it\/it\/wp-content\/uploads\/sites\/17\/2017\/09\/liturgia-delle-ore-300x300.jpg\" alt=\"liturgia delle ore\" width=\"300\" height=\"300\" \/><figcaption id=\"caption-attachment-2699\" class=\"wp-caption-text\"><center><span style=\"color: #0000ff;\"><strong><a style=\"color: #0000ff;\" href=\"https:\/\/www.holyart.it\/it\/articoli-religiosi\/libri-e-testi-sacri\/liturgia-delle-ore\/liturgia-delle-ore-vol-4-ultima-ristampa\">Liturgia delle Ore in diversi volumi<\/a><\/strong><\/span><br \/><a href=\"https:\/\/www.holyart.it\/it\/articoli-religiosi\/libri-e-testi-sacri\/liturgia-delle-ore\/liturgia-delle-ore-vol-4-ultima-ristampa?\"><button class=\"bottoneacquista\" style=\"vertical-align: middle;\">Acquista su Holyart<\/button><\/a><\/center><\/figcaption><\/figure>\n<p>Ges\u00f9 si \u00e8 raccomandato: \u201cBisogna pregare sempre senza stancarsi\u201d (Lc 18, 1). La Chiesa obbedisce a questo precetto, oltre che con le celebrazioni e l\u2019Eucarestia, con la Liturgia delle Ore, innalzando ogni giorno preghiere e lodi a Dio onnipotente. Questa antica tradizione cristiana santifica tutto il corso del giorno e della notte, adeguando i suoi cicli a quelli del tempo quotidiano e facendo corrispondere la celebrazione delle Ore al loro vero tempo nell\u2019arco della giornata.<\/p>\n<p><strong>La Liturgia delle Ore sancisce un momento di dialogo fra Dio e gli uomini<\/strong> e la conseguente santificazione dell&#8217;uomo per mezzo della parola salvifica di Dio in essa celebrata. Infatti la Liturgia delle Ore si compone fondamentalmente della lettura della Parola di Dio e di Salmi diversi a seconda dei giorni e dell\u2019orario.<\/p>\n<p>Tutti i contenuti celebrati da questo Ufficio derivano dalla Sacra Scrittura: le letture, gli inni, i salmi intonati davanti a Dio. Anche <span style=\"color: #333333;\">le preghiere,\u00a0<\/span>le orazioni e i canti sono di ispirazione biblica. La Chiesa prega e canta, riunendo i fedeli in una celebrazione comune di fede e amore verso Dio.<\/p>\n<p>Oltre a lodare e glorificare Dio, la Liturgia delle Ore \u00e8 una supplica che i fedeli rivolgono al Padre attraverso il Figlio, un momento dedicato ai <strong>voti<\/strong>, ai <strong>desideri<\/strong>, alle <strong>speranze<\/strong> dei singoli e della comunit\u00e0 riunita che prega per scongiurare gli affanni dell\u2019esistenza e per la salvezza di tutto il mondo. Come Cristo immol\u00f2 se stesso per l\u2019umanit\u00e0, facendo della sua stessa vita, della sua stessa morte, un\u2019accorata preghiera a Dio, cos\u00ec i cristiani pregano per se stessi e per tutti i fratelli, guidati da un celebrante che si fa loro portavoce e li conduce per mano a questo incontro quotidiano con Ges\u00f9.<\/p>\n<h2>Come recitare la Liturgia delle Ore<\/h2>\n<figure id=\"attachment_2697\" aria-describedby=\"caption-attachment-2697\" style=\"width: 300px\" class=\"wp-caption alignright\"><img loading=\"lazy\" decoding=\"async\" class=\"size-medium wp-image-2697\" src=\"https:\/\/blog.holyart.it\/it\/wp-content\/uploads\/sites\/17\/2017\/09\/atti-degli-apostoli-300x300.jpg\" alt=\"atti degli apostoli\" width=\"300\" height=\"300\" \/><figcaption id=\"caption-attachment-2697\" class=\"wp-caption-text\"><center><span style=\"color: #0000ff;\"><a style=\"color: #0000ff;\" href=\"https:\/\/www.holyart.it\/it\/articoli-religiosi\/libri-e-testi-sacri\/vangeli\/vangelo-e-atti-degli-apostoli-rosso\"><strong>Vangeli e Atti degli Apostoli<\/strong><\/a><\/span><br \/><a href=\"https:\/\/www.holyart.it\/it\/articoli-religiosi\/libri-e-testi-sacri\/vangeli\/vangelo-e-atti-degli-apostoli-rosso\"><button class=\"bottoneacquista\" style=\"vertical-align: middle;\">Acquista su Holyart<\/button><\/a><\/center><\/figcaption><\/figure>\n<p>La preghiera pubblica e comune \u00e8 fondamentale nella vita di ogni cristiano e della Chiesa come sua interezza. Gi\u00e0 la Chiesa primitiva esortava alla preghiera singola e comune, in ore determinate. Presto si diffuse la consuetudine di celebrare le preghiere comuni in orari particolari, come l&#8217;ultima ora del giorno, o la prima ora, al sorgere del sole. I Padri della Chiesa ritrovarono negli <strong>Atti degli Apostoli<\/strong> i riferimenti a molti momenti da dedicare alla preghiera. Col tempo tutte queste preghiere comuni, suddivise nell&#8217;arco della stessa giornata, furono ordinate e andarono a formare la Liturgia delle Ore o Ufficio divino, una preghiera di lode e supplica della Chiesa con Cristo e a Cristo, arricchita di letture bibliche, cantici e inni.<\/p>\n<p>La Liturgia delle Ore venne incontro all\u2019esigenza dei monaci medievali di riunirsi per pregare insieme, in vari momenti della giornata. Infatti essa pu\u00f2 essere condotta sia in modo privato, domestico, personale, sia come momento di preghiera comunitario.<\/p>\n<p>La riforma di San Benedetto decret\u00f2 la regola da applicare a questa consuetudine, stabilendo le diverse ore della giornata in cui i monaci dovevano ritrovarsi a pregare insieme, e le modalit\u00e0.<\/p>\n<p>La struttura imposta dalla riforma, e in realt\u00e0 valida ancora oggi per molti ordini monastici, contemplava <span style=\"color: #333333;\">sei<\/span><strong><span style=\"color: #0000ff;\"> <a style=\"color: #0000ff;\" href=\"https:\/\/www.holyart.it\/blog\/accessori-liturgia\/la-preghiera-del-mattino-iniziare-bene-la-giornata\/\">momenti di preghiera<\/a> <\/span>diurni<\/strong> (le Lodi all\u2019alba, la Prima alle 6.00, la Terza alle 9.00, la Sesta alle 12.00, la Nona alle 15.00 e i Vespri al tramonto), <strong>una preghiera prima di coricarsi<\/strong> (Compieta) <strong>e tre momenti di preghiera notturni <\/strong>(le Vigilie), che vennero poi riuniti nel Mattutino.<\/p>\n<p>L\u2019usanza della Liturgia delle Ore si diffuse rapidamente anche al di fuori dei monasteri. Nel Medioevo iniziarono a circolare <strong>libri detti Breviari<\/strong>, che contenevano i testi da recitare nelle varie Ore.<\/p>\n<p>Con la riforma del Concilio Vaticano II, la pratica della Liturgia delle Ore \u00e8 stata semplificata: l\u2019ora Prima \u00e8 stata eliminata, il Mattutino \u00e8 diventato l\u2019Ufficio delle Letture e pu\u00f2 essere recitato in qualsiasi orario, le Ore Terza, Sesta e Nona sono state unificate nell\u2019Ora media, con la possibilit\u00e0 di scegliere in quale orario recitarla.<\/p>\n<p>Il Concilio ridusse anche la struttura della Liturgia della Ore suddividendo i 150 salmi in un ciclo di 4 settimane, detto <strong>Salterio<\/strong>, anzich\u00e9 una sola settimana, ed eliminandone alcuni particolarmente violenti per linguaggio e contenuti. Lo schema della <strong>Compieta<\/strong> \u00e8 invece organizzato su una singola settimana.<\/p>\n<p>Sempre il Concilio Vaticano II ha decretato che, mentre i presbiteri e i vescovi devono praticare la celebrazione della Liturgia delle Ore nella sua forma integrale e i vescovi e i diaconi devono recitare le tre Ore maggiori, anche <strong>i fedeli sono tenuti a celebrare ogni giorno almeno le Ore canoniche<\/strong>, ovvero le Lodi mattutine all\u2019inizio della giornata e i Vespri al tramonto. Per i ministri sacri celebrare la Liturgia delle Ore \u00e8 un obbligo personale, anche se sono soli. Loro dovere \u00e8 mantenere vivo e costante l\u2019impegno della Chiesa di pregare ogni giorno, incessantemente. Il vescovo fa le veci di Cristo, come sacerdote supremo e pastore per tutto il gregge. La vita spirituale dei fedeli dipende da lui, e dunque deve essere sempre il primo nella preghiera, anche quando si trova da solo. Quando celebra la Liturgia delle Ore per la comunit\u00e0, lo fa a nome di tutta la Chiesa, cos\u00ec come i sacerdoti lo fanno per invocare la protezione di Dio su tutti i fedeli a loro affidati. Questo compito \u00e8 molto importante per i sacerdoti, ai quali \u00e8 concesso tralasciare le Ore solo in casi di grave impedimento.<\/p>\n<figure id=\"attachment_2703\" aria-describedby=\"caption-attachment-2703\" style=\"width: 300px\" class=\"wp-caption alignleft\"><img loading=\"lazy\" decoding=\"async\" class=\"size-medium wp-image-2703\" src=\"https:\/\/blog.holyart.it\/it\/wp-content\/uploads\/sites\/17\/2017\/09\/liturgia-delle-ore-tascabile-300x300.jpg\" alt=\"liturgia delle ore tascabile\" width=\"300\" height=\"300\" \/><figcaption id=\"caption-attachment-2703\" class=\"wp-caption-text\"><center><strong><span style=\"color: #0000ff;\"><a style=\"color: #0000ff;\" href=\"https:\/\/www.holyart.it\/it\/articoli-religiosi\/libri-e-testi-sacri\/liturgia-delle-ore\/preghiera-del-mattino-e-della-sera-tascabile-20x13-cm\">Libro delle Preghiere versione tascabile<\/a><\/span><\/strong><br \/><a href=\"https:\/\/www.holyart.it\/it\/articoli-religiosi\/libri-e-testi-sacri\/liturgia-delle-ore\/preghiera-del-mattino-e-della-sera-tascabile-20x13-cm\"><button class=\"bottoneacquista\" style=\"vertical-align: middle;\">Acquista su Holyart<\/button><\/a><\/center><\/figcaption><\/figure>\n<p>Possiamo dunque riassumere schematicamente la Liturgia delle Ore in questo modo, dividendole tra<span style=\"color: #333333;\"> <strong>Ore canoniche <\/strong>e <strong>Ore minori:<\/strong><\/span><\/p>\n<p>&#8211; <em>Ufficio Letture<\/em> (una delle Ore minori, che un tempo si chiamava Mattutino, e che pu\u00f2 essere celebrato in qualsiasi orario)<\/p>\n<p>&#8211; <em>Lodi Mattutine<\/em> (una delle Ore canoniche, celebrate all\u2019inizio della giornata)<\/p>\n<p>&#8211; <em>Ora Media<\/em> (una delle Ore minori, un tempo suddivisa in: Terza alle 9.00, Sesta alle 12.00 e Nona alle 15.00)<\/p>\n<p>&#8211; <em>Vespri<\/em> (la seconda delle Ore canoniche, da recitarsi al crepuscolo o prima di cena)<\/p>\n<p>&#8211; <em>Compieta<\/em> (una delle Ore minori, le preghiere da recitare prima di andare a dormire)<\/p>\n<h2>Il Rito ambrosiano e il Rito romano<\/h2>\n<p>Il <strong>Rito ambrosiano<\/strong> e il <strong>Rito romano<\/strong> si sono nel tempo differenziati nella celebrazione della Liturgia delle Ore.<\/p>\n<p>Nel <strong>Rito romano<\/strong> le varie Ora presentano molte preghiere ed elementi in comune.<\/p>\n<p>Sia che la giornata inizi con l\u2019Ufficio delle Letture o con le Lodi Mattutine, viene recitato un salmo invitatorio con la sua antifona che si ripete a ogni strofa.<\/p>\n<p>Successivamente, ogni Ora nell\u2019arco della giornata viene aperta dal versetto \u201cO Dio, vieni a salvarmi\u201d &#8211; \u201cSignore, vieni presto in mio aiuto\u201d dal salmo 69, seguito dal Gloria.<\/p>\n<p>Segue un inno e quindi tre salmi o un salmo unico diviso in tre parti, ciascuna preceduta da un\u2019antifona. I salmi cambiano a seconda dell\u2019Ora che si sta celebrando: nelle <em>Lodi Mattutine<\/em> il secondo salmo \u00e8 sostituito da un cantico dell&#8217;Antico Testamento; nei <em>Vespri<\/em> il terzo salmo \u00e8 un cantico del Nuovo Testamento; nell\u2019<em>Ufficio delle Letture <\/em>il salmo \u00e8 uno solo, ma lungo \u00e8 diviso in tre parti; nell\u2019<em>Ora Media<\/em>, \u00e8 prevista in certi giorni una sezione alfabetica del Salmo 118 e i salmi processionali; nella <em>Compieta<\/em> c\u2019\u00e8 un solo salmo, tranne il sabato e il mercoled\u00ec, che ne prevedono due.<\/p>\n<p>Successivamente viene intonata una lettura biblica breve o lunga con il suo responsorio.<\/p>\n<p>Le <em>Lodi <\/em>e i <em>Vespri<\/em> prevedono anche un cantico tratto dal Vangelo: il Benedictus o Cantico di Zaccaria nelle <em>Lodi<\/em>; il Magnificat o Cantico della Beata Vergine Maria nei <em>Vespri<\/em>.<\/p>\n<p>La<em> Compieta <\/em>contiene anche il Nunc dimittis o Cantico di Simeone, introdotto e seguito dalla sua antifona.<\/p>\n<p>Dopo le <em>Lodi<\/em> vengono pronunciate le Invocazioni, dopo i <em>Vespri<\/em> con le Intercessioni, seguite da un Padre nostro.<\/p>\n<p>Un\u2019orazione finale conclude ogni Ora.<\/p>\n<p>Il <strong>Rito ambrosiano<\/strong> presenta una scansione pi\u00f9 diversificata e prevede diverse eccezioni e celebrazioni particolari durante festivit\u00e0 come Avvento, Natale, Quaresima, Pasqua.<\/p>\n<p>L\u2019<em>Ufficio delle letture <\/em>si apre anche in questo caso col verso \u201cO Dio, vieni a salvarmi\u201d \u2013 \u201cSignore, vieni presto in mio aiuto\u201d, tratto dal salmo 69, seguito dal Gloria, a cui fanno seguito un inno e il Cantico dei tre giovani dal Libro di Daniele; viene intonata dunque una Salmodia composta da tre salmi dal luned\u00ec al venerd\u00ec, da un cantico e due salmi il sabato e da tre cantici la domenica; sono quindi previste due letture, una biblica e una patristica o agiografica; l\u2019Ora si conclude con l\u2019orazione propria del giorno e con l&#8217;acclamazione: \u201cBenediciamo il Signore\u201d \u2013 \u201cRendiamo grazie a Dio\u201d, a meno che non seguano subito le Lodi.<\/p>\n<p>Anche le <em>Lodi mattutine<\/em>, a meno che non vengano recitate subito dopo l\u2019Ufficio delle Letture, si aprono col versetto introduttivo; successivamente s\u2019intona l\u2019antifona propria e il Benedictus, seguito dalla prima orazione; la Salmodia si compone di un cantico dall&#8217;Antico Testamento con la rispettiva antifona, di due salmi di lode con antifona e di un salmo mattutino recitato in piedi; segue la seconda orazione e quindi un inno; in chiusura delle Lodi vengono recitate le Acclamazioni a Cristo Signore, seguite dal Padre Nostro.<\/p>\n<p>L\u2019<em>Ora media <\/em>(Terza \u2013 sesta \u2013 nona) viene salutata con il solito versetto introduttivo, seguito da un inno adatto all\u2019ora scelta per la preghiera; segue una salmodia formata da tre salmi o parti di salmi; quindi si passa a una Lettura breve e da un Responsorio breve; la celebrazione dell\u2019Ora si conclude con un\u2019Orazione e un\u2019Acclamazione.<\/p>\n<p>I <em>Vespri<\/em> si aprono con il Lucernario \u201cIl Signore sia con voi\u201d- \u201cE con il tuo Spirito\u201d nelle celebrazioni comuni, o \u201cSignore ascolta la nostra preghiera\u201d- \u201cE il nostro grido giunga fino a te\u201d in quelle private; si recita l\u2019inno, accompagnato a volte da un episodio della vita del santo del giorno; la salmodia prevede due salmi o parti di salmi con antifona per la domenica, le ferie e le memorie, un salmo seguito dai salmi 133 e 116 nelle solennit\u00e0 e nelle feste, insieme alla dossologia finale (Gloria al Padre); si recita quindi la prima orazione seguita dal Cantico del Magnificat, tranne il venerd\u00ec di Quaresima e nelle ferie della Settimana santa; viene recitata dunque la seconda orazione seguita dalla Commemorazione del Battesimo, che consiste nella recita di un cantico del nuovo Testamento; in occasione di feste particolari dedicate ai santi si recita una sallenda in onore del santo; l\u2019Ora si conclude con le intercessioni, il Padre Nostro e la formula di congedo, che varia a seconda che la celebrazione sia pubblica o privata.<\/p>\n<p>La <em>Compieta<\/em> si apre col solito versetto introduttivo, preceduto da \u201cConvertici, Dio, nostra salvezza\u201d \u2013 \u201cE placa il tuo sdegno verso di noi\u201d; seguono l\u2019inno e la salmodia e quindi la Lettura breve seguita dal Responsorio; viene dunque intonato il Cantico evangelico Nunc dimittis con la sua antifona; in chiusura vengono recitate un\u2019orazione e una delle Antifone alla Beata Vergine Maria; dopo la Compieta \u00e8 previsto l\u2019esame di coscienza;<\/p>\n<p>se si tratta di una celebrazione comunitaria, il celebrante concluder\u00e0 dicendo: \u201cDormiamo in pace\u201d \u2013 \u201cVigiliamo in Cristo\u201d.<\/p>\n","protected":false},"excerpt":{"rendered":"<p>La Liturgia delle Ore nasce dall\u2019esortazione di Ges\u00f9 a pregare sempre, nell\u2019arco dell\u2019intera giornata, per santificare ogni singolo istante e non smettere mai di glorificare Dio Padre. \u00c8 un modo per il cristiano di vivere in comunione con Cristo ogni istante della propria vita, scandendo&hellip;<\/p>\n","protected":false},"author":1,"featured_media":874,"comment_status":"closed","ping_status":"open","sticky":false,"template":"","format":"standard","meta":{"_acf_changed":false,"footnotes":""},"categories":[14],"tags":[],"class_list":["post-872","post","type-post","status-publish","format-standard","has-post-thumbnail","hentry","category-accessori-liturgia"],"acf":[],"yoast_head":"<!-- This site is optimized with the Yoast SEO plugin v26.6 - https:\/\/yoast.com\/wordpress\/plugins\/seo\/ -->\n<title>Liturgia delle ore: una breve guida per recitare l&#039;Ufficio Divino<\/title>\n<meta name=\"description\" content=\"La Liturgia delle Ore nasce dall\u2019esortazione di Ges\u00f9 a pregare sempre, nell\u2019arco dell\u2019intera giornata, per santificare e glorificare Dio Padre.\" \/>\n<meta name=\"robots\" content=\"index, follow, max-snippet:-1, max-image-preview:large, max-video-preview:-1\" \/>\n<link rel=\"canonical\" href=\"https:\/\/blog.holyart.it\/it\/accessori-liturgia\/liturgia-delle-ore-breve-guida-recitare-lufficio-divino\/\" \/>\n<meta property=\"og:locale\" content=\"it_IT\" \/>\n<meta property=\"og:type\" content=\"article\" \/>\n<meta property=\"og:title\" content=\"Liturgia delle ore: una breve guida per recitare l&#039;Ufficio Divino\" \/>\n<meta property=\"og:description\" content=\"La Liturgia delle Ore nasce dall\u2019esortazione di Ges\u00f9 a pregare sempre, nell\u2019arco dell\u2019intera giornata, per santificare e glorificare Dio Padre.\" \/>\n<meta property=\"og:url\" content=\"https:\/\/blog.holyart.it\/it\/accessori-liturgia\/liturgia-delle-ore-breve-guida-recitare-lufficio-divino\/\" \/>\n<meta property=\"og:site_name\" content=\"Holyblog\" \/>\n<meta property=\"article:published_time\" content=\"2017-09-14T10:10:46+00:00\" \/>\n<meta property=\"article:modified_time\" content=\"2025-04-17T07:58:19+00:00\" \/>\n<meta property=\"og:image\" content=\"https:\/\/blog.holyart.it\/it\/wp-content\/uploads\/sites\/17\/2017\/10\/Liturgia-foto-in-evidenza.jpg\" \/>\n\t<meta property=\"og:image:width\" content=\"1000\" \/>\n\t<meta property=\"og:image:height\" content=\"666\" \/>\n\t<meta property=\"og:image:type\" content=\"image\/jpeg\" \/>\n<meta name=\"author\" content=\"Redazione\" \/>\n<meta name=\"twitter:card\" content=\"summary_large_image\" \/>\n<meta name=\"twitter:label1\" content=\"Scritto da\" \/>\n\t<meta name=\"twitter:data1\" content=\"Redazione\" \/>\n\t<meta name=\"twitter:label2\" content=\"Tempo di lettura stimato\" \/>\n\t<meta name=\"twitter:data2\" content=\"11 minuti\" \/>\n<script type=\"application\/ld+json\" class=\"yoast-schema-graph\">{\"@context\":\"https:\/\/schema.org\",\"@graph\":[{\"@type\":\"Article\",\"@id\":\"https:\/\/blog.holyart.it\/it\/accessori-liturgia\/liturgia-delle-ore-breve-guida-recitare-lufficio-divino\/#article\",\"isPartOf\":{\"@id\":\"https:\/\/blog.holyart.it\/it\/accessori-liturgia\/liturgia-delle-ore-breve-guida-recitare-lufficio-divino\/\"},\"author\":{\"name\":\"Redazione\",\"@id\":\"https:\/\/blog.holyart.it\/it\/#\/schema\/person\/0a7b686e5af0f856ec1e390dd0baecda\"},\"headline\":\"Liturgia delle ore: una breve guida per recitare l&#8217;Ufficio Divino\",\"datePublished\":\"2017-09-14T10:10:46+00:00\",\"dateModified\":\"2025-04-17T07:58:19+00:00\",\"mainEntityOfPage\":{\"@id\":\"https:\/\/blog.holyart.it\/it\/accessori-liturgia\/liturgia-delle-ore-breve-guida-recitare-lufficio-divino\/\"},\"wordCount\":1905,\"publisher\":{\"@id\":\"https:\/\/blog.holyart.it\/it\/#organization\"},\"image\":{\"@id\":\"https:\/\/blog.holyart.it\/it\/accessori-liturgia\/liturgia-delle-ore-breve-guida-recitare-lufficio-divino\/#primaryimage\"},\"thumbnailUrl\":\"https:\/\/blog.holyart.it\/it\/wp-content\/uploads\/sites\/17\/2017\/10\/Liturgia-foto-in-evidenza.jpg\",\"articleSection\":[\"Liturgia\"],\"inLanguage\":\"it-IT\"},{\"@type\":\"WebPage\",\"@id\":\"https:\/\/blog.holyart.it\/it\/accessori-liturgia\/liturgia-delle-ore-breve-guida-recitare-lufficio-divino\/\",\"url\":\"https:\/\/blog.holyart.it\/it\/accessori-liturgia\/liturgia-delle-ore-breve-guida-recitare-lufficio-divino\/\",\"name\":\"Liturgia delle ore: una breve guida per recitare l'Ufficio Divino\",\"isPartOf\":{\"@id\":\"https:\/\/blog.holyart.it\/it\/#website\"},\"primaryImageOfPage\":{\"@id\":\"https:\/\/blog.holyart.it\/it\/accessori-liturgia\/liturgia-delle-ore-breve-guida-recitare-lufficio-divino\/#primaryimage\"},\"image\":{\"@id\":\"https:\/\/blog.holyart.it\/it\/accessori-liturgia\/liturgia-delle-ore-breve-guida-recitare-lufficio-divino\/#primaryimage\"},\"thumbnailUrl\":\"https:\/\/blog.holyart.it\/it\/wp-content\/uploads\/sites\/17\/2017\/10\/Liturgia-foto-in-evidenza.jpg\",\"datePublished\":\"2017-09-14T10:10:46+00:00\",\"dateModified\":\"2025-04-17T07:58:19+00:00\",\"description\":\"La Liturgia delle Ore nasce dall\u2019esortazione di Ges\u00f9 a pregare sempre, nell\u2019arco dell\u2019intera giornata, per santificare e glorificare Dio Padre.\",\"breadcrumb\":{\"@id\":\"https:\/\/blog.holyart.it\/it\/accessori-liturgia\/liturgia-delle-ore-breve-guida-recitare-lufficio-divino\/#breadcrumb\"},\"inLanguage\":\"it-IT\",\"potentialAction\":[{\"@type\":\"ReadAction\",\"target\":[\"https:\/\/blog.holyart.it\/it\/accessori-liturgia\/liturgia-delle-ore-breve-guida-recitare-lufficio-divino\/\"]}]},{\"@type\":\"ImageObject\",\"inLanguage\":\"it-IT\",\"@id\":\"https:\/\/blog.holyart.it\/it\/accessori-liturgia\/liturgia-delle-ore-breve-guida-recitare-lufficio-divino\/#primaryimage\",\"url\":\"https:\/\/blog.holyart.it\/it\/wp-content\/uploads\/sites\/17\/2017\/10\/Liturgia-foto-in-evidenza.jpg\",\"contentUrl\":\"https:\/\/blog.holyart.it\/it\/wp-content\/uploads\/sites\/17\/2017\/10\/Liturgia-foto-in-evidenza.jpg\",\"width\":1000,\"height\":666,\"caption\":\"lodare e glorificare Dio pregando\"},{\"@type\":\"BreadcrumbList\",\"@id\":\"https:\/\/blog.holyart.it\/it\/accessori-liturgia\/liturgia-delle-ore-breve-guida-recitare-lufficio-divino\/#breadcrumb\",\"itemListElement\":[{\"@type\":\"ListItem\",\"position\":1,\"name\":\"Homepage\",\"item\":\"https:\/\/blog.holyart.it\/it\/\"},{\"@type\":\"ListItem\",\"position\":2,\"name\":\"Liturgia\",\"item\":\"https:\/\/blog.holyart.it\/it\/accessori-liturgia\/\"},{\"@type\":\"ListItem\",\"position\":3,\"name\":\"Liturgia delle ore: una breve guida per recitare l&#8217;Ufficio Divino\"}]},{\"@type\":\"WebSite\",\"@id\":\"https:\/\/blog.holyart.it\/it\/#website\",\"url\":\"https:\/\/blog.holyart.it\/it\/\",\"name\":\"Holyblog\",\"description\":\"Il Blog di Holyart.it\",\"publisher\":{\"@id\":\"https:\/\/blog.holyart.it\/it\/#organization\"},\"potentialAction\":[{\"@type\":\"SearchAction\",\"target\":{\"@type\":\"EntryPoint\",\"urlTemplate\":\"https:\/\/blog.holyart.it\/it\/?s={search_term_string}\"},\"query-input\":{\"@type\":\"PropertyValueSpecification\",\"valueRequired\":true,\"valueName\":\"search_term_string\"}}],\"inLanguage\":\"it-IT\"},{\"@type\":\"Organization\",\"@id\":\"https:\/\/blog.holyart.it\/it\/#organization\",\"name\":\"Holyblog\",\"url\":\"https:\/\/blog.holyart.it\/it\/\",\"logo\":{\"@type\":\"ImageObject\",\"inLanguage\":\"it-IT\",\"@id\":\"https:\/\/blog.holyart.it\/it\/#\/schema\/logo\/image\/\",\"url\":\"https:\/\/blog.holyart.it\/it\/wp-content\/uploads\/sites\/17\/2022\/12\/Holyart_Blog_Logo.jpg\",\"contentUrl\":\"https:\/\/blog.holyart.it\/it\/wp-content\/uploads\/sites\/17\/2022\/12\/Holyart_Blog_Logo.jpg\",\"width\":300,\"height\":50,\"caption\":\"Holyblog\"},\"image\":{\"@id\":\"https:\/\/blog.holyart.it\/it\/#\/schema\/logo\/image\/\"}},{\"@type\":\"Person\",\"@id\":\"https:\/\/blog.holyart.it\/it\/#\/schema\/person\/0a7b686e5af0f856ec1e390dd0baecda\",\"name\":\"Redazione\"}]}<\/script>\n<!-- \/ Yoast SEO plugin. -->","yoast_head_json":{"title":"Liturgia delle ore: una breve guida per recitare l'Ufficio Divino","description":"La Liturgia delle Ore nasce dall\u2019esortazione di Ges\u00f9 a pregare sempre, nell\u2019arco dell\u2019intera giornata, per santificare e glorificare Dio Padre.","robots":{"index":"index","follow":"follow","max-snippet":"max-snippet:-1","max-image-preview":"max-image-preview:large","max-video-preview":"max-video-preview:-1"},"canonical":"https:\/\/blog.holyart.it\/it\/accessori-liturgia\/liturgia-delle-ore-breve-guida-recitare-lufficio-divino\/","og_locale":"it_IT","og_type":"article","og_title":"Liturgia delle ore: una breve guida per recitare l'Ufficio Divino","og_description":"La Liturgia delle Ore nasce dall\u2019esortazione di Ges\u00f9 a pregare sempre, nell\u2019arco dell\u2019intera giornata, per santificare e glorificare Dio Padre.","og_url":"https:\/\/blog.holyart.it\/it\/accessori-liturgia\/liturgia-delle-ore-breve-guida-recitare-lufficio-divino\/","og_site_name":"Holyblog","article_published_time":"2017-09-14T10:10:46+00:00","article_modified_time":"2025-04-17T07:58:19+00:00","og_image":[{"width":1000,"height":666,"url":"https:\/\/blog.holyart.it\/it\/wp-content\/uploads\/sites\/17\/2017\/10\/Liturgia-foto-in-evidenza.jpg","type":"image\/jpeg"}],"author":"Redazione","twitter_card":"summary_large_image","twitter_misc":{"Scritto da":"Redazione","Tempo di lettura stimato":"11 minuti"},"schema":{"@context":"https:\/\/schema.org","@graph":[{"@type":"Article","@id":"https:\/\/blog.holyart.it\/it\/accessori-liturgia\/liturgia-delle-ore-breve-guida-recitare-lufficio-divino\/#article","isPartOf":{"@id":"https:\/\/blog.holyart.it\/it\/accessori-liturgia\/liturgia-delle-ore-breve-guida-recitare-lufficio-divino\/"},"author":{"name":"Redazione","@id":"https:\/\/blog.holyart.it\/it\/#\/schema\/person\/0a7b686e5af0f856ec1e390dd0baecda"},"headline":"Liturgia delle ore: una breve guida per recitare l&#8217;Ufficio Divino","datePublished":"2017-09-14T10:10:46+00:00","dateModified":"2025-04-17T07:58:19+00:00","mainEntityOfPage":{"@id":"https:\/\/blog.holyart.it\/it\/accessori-liturgia\/liturgia-delle-ore-breve-guida-recitare-lufficio-divino\/"},"wordCount":1905,"publisher":{"@id":"https:\/\/blog.holyart.it\/it\/#organization"},"image":{"@id":"https:\/\/blog.holyart.it\/it\/accessori-liturgia\/liturgia-delle-ore-breve-guida-recitare-lufficio-divino\/#primaryimage"},"thumbnailUrl":"https:\/\/blog.holyart.it\/it\/wp-content\/uploads\/sites\/17\/2017\/10\/Liturgia-foto-in-evidenza.jpg","articleSection":["Liturgia"],"inLanguage":"it-IT"},{"@type":"WebPage","@id":"https:\/\/blog.holyart.it\/it\/accessori-liturgia\/liturgia-delle-ore-breve-guida-recitare-lufficio-divino\/","url":"https:\/\/blog.holyart.it\/it\/accessori-liturgia\/liturgia-delle-ore-breve-guida-recitare-lufficio-divino\/","name":"Liturgia delle ore: una breve guida per recitare l'Ufficio Divino","isPartOf":{"@id":"https:\/\/blog.holyart.it\/it\/#website"},"primaryImageOfPage":{"@id":"https:\/\/blog.holyart.it\/it\/accessori-liturgia\/liturgia-delle-ore-breve-guida-recitare-lufficio-divino\/#primaryimage"},"image":{"@id":"https:\/\/blog.holyart.it\/it\/accessori-liturgia\/liturgia-delle-ore-breve-guida-recitare-lufficio-divino\/#primaryimage"},"thumbnailUrl":"https:\/\/blog.holyart.it\/it\/wp-content\/uploads\/sites\/17\/2017\/10\/Liturgia-foto-in-evidenza.jpg","datePublished":"2017-09-14T10:10:46+00:00","dateModified":"2025-04-17T07:58:19+00:00","description":"La Liturgia delle Ore nasce dall\u2019esortazione di Ges\u00f9 a pregare sempre, nell\u2019arco dell\u2019intera giornata, per santificare e glorificare Dio Padre.","breadcrumb":{"@id":"https:\/\/blog.holyart.it\/it\/accessori-liturgia\/liturgia-delle-ore-breve-guida-recitare-lufficio-divino\/#breadcrumb"},"inLanguage":"it-IT","potentialAction":[{"@type":"ReadAction","target":["https:\/\/blog.holyart.it\/it\/accessori-liturgia\/liturgia-delle-ore-breve-guida-recitare-lufficio-divino\/"]}]},{"@type":"ImageObject","inLanguage":"it-IT","@id":"https:\/\/blog.holyart.it\/it\/accessori-liturgia\/liturgia-delle-ore-breve-guida-recitare-lufficio-divino\/#primaryimage","url":"https:\/\/blog.holyart.it\/it\/wp-content\/uploads\/sites\/17\/2017\/10\/Liturgia-foto-in-evidenza.jpg","contentUrl":"https:\/\/blog.holyart.it\/it\/wp-content\/uploads\/sites\/17\/2017\/10\/Liturgia-foto-in-evidenza.jpg","width":1000,"height":666,"caption":"lodare e glorificare Dio pregando"},{"@type":"BreadcrumbList","@id":"https:\/\/blog.holyart.it\/it\/accessori-liturgia\/liturgia-delle-ore-breve-guida-recitare-lufficio-divino\/#breadcrumb","itemListElement":[{"@type":"ListItem","position":1,"name":"Homepage","item":"https:\/\/blog.holyart.it\/it\/"},{"@type":"ListItem","position":2,"name":"Liturgia","item":"https:\/\/blog.holyart.it\/it\/accessori-liturgia\/"},{"@type":"ListItem","position":3,"name":"Liturgia delle ore: una breve guida per recitare l&#8217;Ufficio Divino"}]},{"@type":"WebSite","@id":"https:\/\/blog.holyart.it\/it\/#website","url":"https:\/\/blog.holyart.it\/it\/","name":"Holyblog","description":"Il Blog di Holyart.it","publisher":{"@id":"https:\/\/blog.holyart.it\/it\/#organization"},"potentialAction":[{"@type":"SearchAction","target":{"@type":"EntryPoint","urlTemplate":"https:\/\/blog.holyart.it\/it\/?s={search_term_string}"},"query-input":{"@type":"PropertyValueSpecification","valueRequired":true,"valueName":"search_term_string"}}],"inLanguage":"it-IT"},{"@type":"Organization","@id":"https:\/\/blog.holyart.it\/it\/#organization","name":"Holyblog","url":"https:\/\/blog.holyart.it\/it\/","logo":{"@type":"ImageObject","inLanguage":"it-IT","@id":"https:\/\/blog.holyart.it\/it\/#\/schema\/logo\/image\/","url":"https:\/\/blog.holyart.it\/it\/wp-content\/uploads\/sites\/17\/2022\/12\/Holyart_Blog_Logo.jpg","contentUrl":"https:\/\/blog.holyart.it\/it\/wp-content\/uploads\/sites\/17\/2022\/12\/Holyart_Blog_Logo.jpg","width":300,"height":50,"caption":"Holyblog"},"image":{"@id":"https:\/\/blog.holyart.it\/it\/#\/schema\/logo\/image\/"}},{"@type":"Person","@id":"https:\/\/blog.holyart.it\/it\/#\/schema\/person\/0a7b686e5af0f856ec1e390dd0baecda","name":"Redazione"}]}},"_links":{"self":[{"href":"https:\/\/blog.holyart.it\/it\/wp-json\/wp\/v2\/posts\/872","targetHints":{"allow":["GET"]}}],"collection":[{"href":"https:\/\/blog.holyart.it\/it\/wp-json\/wp\/v2\/posts"}],"about":[{"href":"https:\/\/blog.holyart.it\/it\/wp-json\/wp\/v2\/types\/post"}],"author":[{"embeddable":true,"href":"https:\/\/blog.holyart.it\/it\/wp-json\/wp\/v2\/users\/1"}],"replies":[{"embeddable":true,"href":"https:\/\/blog.holyart.it\/it\/wp-json\/wp\/v2\/comments?post=872"}],"version-history":[{"count":1,"href":"https:\/\/blog.holyart.it\/it\/wp-json\/wp\/v2\/posts\/872\/revisions"}],"predecessor-version":[{"id":21757,"href":"https:\/\/blog.holyart.it\/it\/wp-json\/wp\/v2\/posts\/872\/revisions\/21757"}],"wp:featuredmedia":[{"embeddable":true,"href":"https:\/\/blog.holyart.it\/it\/wp-json\/wp\/v2\/media\/874"}],"wp:attachment":[{"href":"https:\/\/blog.holyart.it\/it\/wp-json\/wp\/v2\/media?parent=872"}],"wp:term":[{"taxonomy":"category","embeddable":true,"href":"https:\/\/blog.holyart.it\/it\/wp-json\/wp\/v2\/categories?post=872"},{"taxonomy":"post_tag","embeddable":true,"href":"https:\/\/blog.holyart.it\/it\/wp-json\/wp\/v2\/tags?post=872"}],"curies":[{"name":"wp","href":"https:\/\/api.w.org\/{rel}","templated":true}]}}