{"id":8633,"date":"2020-02-02T14:57:56","date_gmt":"2020-02-02T13:57:56","guid":{"rendered":"https:\/\/blog.holyart.it\/it\/?p=8633"},"modified":"2024-01-02T12:47:50","modified_gmt":"2024-01-02T11:47:50","slug":"la-candelora-storia-e-curiosita","status":"publish","type":"post","link":"https:\/\/blog.holyart.it\/it\/articoli-religiosi\/la-candelora-storia-e-curiosita\/","title":{"rendered":"La Candelora: storia e curiosit\u00e0"},"content":{"rendered":"<h4>La Candelora,\u00a0storia\u00a0di una festa dalle grandi suggestioni che affonda le sue radici in riti precristiani legati al trionfo della luce. Scopriamo cosa simboleggia per i credenti e perch\u00e9.<\/h4>\n\n<p>La Candelora,\u00a0storia\u00a0di una festa dalle mille sfumature. La festa della Candelora, celebrata dai cattolici il\u00a0<strong>2 febbraio<\/strong>, ha assunto nel corso dei secoli significati via via diversi.<br \/>\nNata come\u00a0<a href=\"https:\/\/www.holyart.it\/articoli\/statue-madonna.php\"><strong>celebrazione Mariana<\/strong><\/a>, rievocava la Purificazione della Madonna, ma \u00e8 divenuta in seguito una\u00a0<strong>festa Cristologica<\/strong>, focalizzata sulla figura di Ges\u00f9 e sul suo riconoscimento come Salvatore del mondo.<br \/>\nNon meno importante \u00e8 la\u00a0<strong>dimensione popolare<\/strong>\u00a0di questa festa, testimoniata da\u00a0<strong>proverbi<\/strong>\u00a0e usanze, legate in particolare al\u00a0<strong>passaggio dall&#8217;inverno alla primavera<\/strong>\u00a0che questo giorno rappresenta. Per citarne solo alcuni: &#8220;<em>Candelora scura dell\u2019inverno non si ha paura<\/em>&#8220;, o &#8220;<em>per Santa Candelora\u00a0se nevica o se plora\u00a0de l\u2019inverno siamo fora<\/em>&#8220;.<\/p>\n<p>Una festa legata al\u00a0<strong>trionfo della luce sulle tenebre<\/strong>, come si evince dalla tradizione di benedire e\u00a0<a href=\"https:\/\/www.holyart.it\/blog\/articoli-religiosi\/perche-accendere-una-candela-in-chiesa\/\"><strong>accendere ceri e candele<\/strong><\/a>, ma anche un passaggio simbolico che determina la fine delle festivit\u00e0 natalizie e l&#8217;inizio del cammino pasquale.<\/p>\n<p>La Candelora,\u00a0storia\u00a0di una festa dai tanti significati religiosi e simbolici, che speriamo di aiutarvi a scoprire.<\/p>\n<div class=\"link-article\">\n<p><img loading=\"lazy\" decoding=\"async\" class=\"wp-image-12474 size-full alignleft\" src=\"https:\/\/blog.holyart.it\/it\/wp-content\/uploads\/sites\/17\/2020\/02\/accendere-una-candela.jpg\" alt=\"accendere una candela\" width=\"150\" height=\"99\" \/><\/p>\n<div class=\"leggi-anche\">Leggi anche:<\/div>\n<p><strong><a href=\"https:\/\/www.holyart.it\/blog\/articoli-religiosi\/perche-accendere-una-candela-in-chiesa\/\">Perch\u00e9 accendere una candela in chiesa?<\/a><\/strong><br \/>\nLa luce come manifestazione di Dio, dunque, come Sua prima manifestazione, \u00e8 la prima cosa che Egli ha creato&#8230;<\/p>\n<\/div>\n<h2>Perch\u00e9 si festeggia e quando<\/h2>\n<p><strong>Candelora<\/strong>\u00a0\u00e8 un termine popolare con cui viene\u00a0ricordato e celebrato il giorno della\u00a0<strong>presentazione di Ges\u00f9 la Tempio di Gerusalemme<\/strong>. Infatti, secondo la legge di Mos\u00e8, i genitori dovevano accompagnare i primogeniti maschi al tempio, quaranta giorni dopo la loro nascita, per presentarli ufficialmente. <strong><a href=\"https:\/\/www.holyart.it\/articoli\/statue-madonna.php\">La Madonna<\/a><\/strong> e <strong><a href=\"https:\/\/www.holyart.it\/articoli\/statue-san-giuseppe.php\">San Giuseppe<\/a><\/strong> non fecero eccezione per il piccolo Ges\u00f9, e quaranta giorni dopo Natale lo condussero a Gerusalemme.<\/p>\n<p>Questo episodio della vita di Ges\u00f9 viene raccontato da Luca (Lc 2,22-39)\u00a0e viene festeggiato dalla Chiesa cattolica il\u00a0<strong>2 febbraio<\/strong>, ma viene celebrato anche\u00a0dalla Chiesa ortodossa e da alcune chiese protestanti.<\/p>\n<p>Secondo Luca in occasione della Presentazione di Ges\u00f9 al tempio un vecchio uomo di nome Simeone, che attendeva da tempo la venuta del Messia e aveva avuto da Dio la promessa che non sarebbe morto senza averlo visto, vide Ges\u00f9 bambino, lo prese tra le braccia e disse:\u00a0<em>&#8220;Ora lascia, o Signore, che il tuo servo\u00a0<\/em><em>vada in pace secondo la tua parola;\u00a0perch\u00e9 i miei occhi han visto la tua salvezza,\u00a0preparata da te davanti a tutti i popoli,\u00a0luce per illuminare le genti e gloria del tuo popolo Israele&#8221;<\/em>\u00a0(Luca 2,29-32)<\/p>\n<div class=\"link-product\">\n<div class=\"blocco-immagine\"><img loading=\"lazy\" decoding=\"async\" class=\"alignnone size-thumbnail wp-image-8644\" src=\"https:\/\/blog.holyart.it\/it\/wp-content\/uploads\/sites\/17\/2020\/02\/bassorilievo-ges\u00f9-nel-tempio-150x150.jpg\" alt=\"bassorilievo ges\u00f9 nel tempio\" width=\"100\" height=\"100\" \/><\/div>\n<div class=\"blocco-contenuto\">\n<div class=\"blocco-acquista\">Acquista su Holyart:<\/div>\n<div class=\"blocco-titolo\"><a href=\"https:\/\/www.holyart.it\/it\/articoli-religiosi\/bassorilievi\/bassorilievi-pietra\/bassorilievo-ritrovamento-gesu-nel-tempio\">Bassorilievo Ritrovamento Ges\u00f9 nel tempio<\/a><\/div>\n<\/div>\n<\/div>\n<p>In pratica Simeone aveva riconosciuto in Ges\u00f9 il Messia tanto atteso. Ma le sue rivelazioni non si fermano a questo. Rivolgendosi a Giuseppe e Maria, sbalorditi dal suo gesto, continu\u00f2 dicendo:\u00a0<em>&#8220;Egli \u00e8 qui per la rovina e la risurrezione di molti in Israele, segno di contraddizione perch\u00e9 siano svelati i pensieri di molti cuori. E anche a te una spada trafigger\u00e0 l&#8217;anima.&#8221;<\/em>\u00a0(Luca 2,34-35)<\/p>\n<p>Una profetessa,\u00a0Anna, figlia di Fanu\u00e8le, sopraggiunta in quel mentre, inizi\u00f2 a sua volta a lodare Dio e a parlare del bambino come del <strong><a href=\"https:\/\/www.holyart.it\/it\/occasioni-speciali\/pasqua-e-quaresima\/cristo-risorto-e-sacerdote-re\">Redentore<\/a><\/strong>.<\/p>\n<div class=\"link-product\">\n<div class=\"blocco-immagine\"><img loading=\"lazy\" decoding=\"async\" class=\"alignleft size-thumbnail wp-image-8652\" src=\"https:\/\/blog.holyart.it\/it\/wp-content\/uploads\/sites\/17\/2020\/02\/cristo-redentore-150x150.jpg\" alt=\"cristo redentore\" width=\"100\" height=\"100\" \/><\/div>\n<div class=\"blocco-contenuto\">\n<div class=\"blocco-acquista\">Acquista su Holyart:<\/div>\n<div class=\"blocco-titolo\"><a href=\"https:\/\/www.holyart.it\/it\/articoli-religiosi\/statue\/statue-in-vetroresina\/cristo-redentore-100-cm-vetroresina-dipinta\">Cristo Redentore<br \/>\nStatua 100 cm in Vetroresina dipinta<\/a><\/div>\n<\/div>\n<\/div>\n<p>Il nome curioso che la festa ha assunto \u00e8 dovuto al fatto che, in occasione di questa celebrazione vengono benedette delle\u00a0<a href=\"https:\/\/www.holyart.it\/it\/prodotti-consumabili\/candele-ceri-ceretti?sorter_id=1&amp;p_min=&amp;p_max=&amp;sort=20a\"><strong>candele<\/strong><\/a>, che sono poi distribuite ai fedeli. Queste candele rappresentano<strong>\u00a0Ges\u00f9 luce del mondo<\/strong>, parafrasando le parole\u00a0che il vecchio Simeone pronunci\u00f2 prendendo Ges\u00f9 tra le braccia:\u00a0<em>\u201cI miei occhi han visto la tua salvezza, preparata da te davanti a tutti i popoli, luce per illuminare le genti e gloria del tuo popolo Israele.\u201d\u00a0<\/em>(Lc 2,30-32)<\/p>\n<p>Originariamente la festa della Candelora si chiamava\u00a0<strong>Ipapante<\/strong>, termine greco che significa\u00a0<em>incontro<\/em>, facendo riferimento all&#8217;incontro tra la Sacra Famiglia e Simeone e Anna al tempio. \u00c8 attestata fin dal IV secolo, in Oriente, e successivamente, grazie a Papa Sergio I si diffuse anche in Occidente. Veniva celebrata accendendo ceri e candele in abbondanza.<\/p>\n<p>La dimensione dell&#8217;<strong>incontro con Ges\u00f9<\/strong>\u00a0rimane un elemento molto importante di questa festa. La presentazione al tempio di Ges\u00f9 \u00e8 coincisa con il suo riconoscimento da parte di Simeone e Anna, due persone che da sempre aspettavano la sua venuta. Ma c&#8217;\u00e8 anche la rivelazione fatta a Maria, la profezia riguardante il futuro di suo figlio, e l&#8217;immenso dolore che dovr\u00e0 provare, quella spada che le trafigger\u00e0 l&#8217;anima.<\/p>\n<h2>Storia<\/h2>\n<p>Come molte festivit\u00e0 religiose anche la Candelora ha conosciuto un&#8217;evoluzione nel tempo. Possiamo parlare di\u00a0Candelora,\u00a0storia\u00a0di una festa che riunisce in s\u00e9 tante feste e tradizioni diverse.<\/p>\n<p>In passato, prima della riforma liturgica che segu\u00ec il Concilio Vaticano II, la festa della Candelora era chiamata\u00a0<strong>Purificazione della Beata Vergine Maria<\/strong>. Questa definizione, tuttavia, ignorava completamente l&#8217;origine della festa, ovvero la presentazione di Ges\u00f9 al Tempio e l&#8217;incontro con Simeone, che per primo lo acclam\u00f2 come\u00a0<em>luce del mondo<\/em>.<\/p>\n<p>La scelta del nome Candelora deriva invece da riti precedenti, dalla somiglianza della pratica del\u00a0<strong>Lucernario\u00a0<\/strong>nel\u00a0<strong>vespro del rito romano<\/strong>, che prevedeva l&#8217;accensione di una lampada al tramonto per simboleggiare la luce di Cristo che sconfigge le tenebre e il peccato.<\/p>\n<p>Ma \u00e8 probabile anche che questa festa derivi da celebrazioni precristiane che avevano come comune denominatore il\u00a0<strong>trionfo della luce sull&#8217;oscurit\u00e0<\/strong>, e di conseguenza implicavano l&#8217;utilizzo di <strong><a href=\"https:\/\/www.holyart.it\/it\/accessori-per-la-liturgia\/lampade-e-lanterne\">torce e lampade<\/a><\/strong>.<\/p>\n<p>Pensiamo alla tradizione\u00a0romana dei\u00a0<strong>Lupercali<\/strong>, con le loro fiaccole dal potere purificante. I Lupercali si tenevano proprio nel mese di febbraio, che per i romani era molto importante dal punto di vista religioso e simbolico, in quanto ultimo mese dell&#8217;inverno.\u00a0In particolare era dedicato ai\u00a0riti di purificazione e di fecondit\u00e0, tanto che il verbo latino\u00a0<em>februare,\u00a0<\/em>\u201cpurificare\u201d, ha dato il nome al mese. Lo stesso verbo deriva anche dal nome di un dio etrusco degli inferi,\u00a0<strong>Februus<\/strong>, che in questo periodo dell&#8217;anno veniva venerato con sacrifici.<\/p>\n<p>Sempre nel mondo romano\u00a0alle calende di febbraio (nei primi giorni del mese) si festeggiava\u00a0la Dea Februa, o\u00a0<strong>Giunone Februata<\/strong>, in onore della quale venivano accese torce.<\/p>\n<p>Un&#8217;altra festa antica assimilabile alla Candelora \u00e8 la festa celtica di\u00a0<strong>Imbolc<\/strong>, che sanciva\u00a0il passaggio tra l&#8217;inverno e la primavera, tra\u00a0buio e luce.<\/p>\n<h2>La purificazione di Maria<\/h2>\n<p>Abbiamo accennato nel paragrafo precedente a come fino al Concilio Vaticano II (1962-1965), ma ancora oggi per la forma straordinaria del rito romano, la ricorrenza del 2 febbraio si chiamasse\u00a0<strong>Festa della Purificazione della SS. Vergine Maria<\/strong>. Secondo\u00a0la tradizione ebraica una donna era considerata impura per\u00a0i quaranta giorni successivi al parto di un figlio maschio. Al termine di questo periodo, durante il quale non poteva toccare nulla di sacro n\u00e9 entrare nei santuari, doveva recarsi al tempio per purificarsi.<\/p>\n<p>Ecco il riferimento alla purificazione\u00a0descritta nel Levitico:\u00a0<em>&#8220;Quando una donna sar\u00e0 rimasta incinta e dar\u00e0 alla luce un maschio, sar\u00e0 immonda per sette giorni; sar\u00e0 immonda come nel tempo delle sue regole. L&#8217;ottavo giorno si circoncider\u00e0 il bambino. Poi essa rester\u00e0 ancora trentatr\u00e9 giorni a purificarsi dal suo sangue; non toccher\u00e0 alcuna cosa santa e non entrer\u00e0 nel santuario, finch\u00e9 non siano compiuti i giorni della sua purificazione&#8221;<\/em>\u00a0(Lev 12,2-4)<\/p>\n<p>La Festa della Purificazione della SS. Vergine Maria sanciva la fine delle celebrazioni natalizie, e apriva il nuovo <strong><a href=\"https:\/\/www.holyart.it\/it\/occasioni-speciali\/pasqua-e-quaresima\">periodo liturgico rivolto alla Pasqua<\/a><\/strong>.<\/p>\n<div class=\"link-article\">\n<p><img loading=\"lazy\" decoding=\"async\" class=\"wp-image-12454 size-full alignleft\" src=\"https:\/\/blog.holyart.it\/it\/wp-content\/uploads\/sites\/17\/2017\/04\/candele-1.jpg\" alt=\"candele\" width=\"150\" height=\"99\" \/><\/p>\n<div class=\"leggi-anche\">Leggi anche:<\/div>\n<p><strong><a href=\"https:\/\/www.holyart.it\/blog\/accessori-liturgia\/candele-liturgiche-perche-importanti\/\">Candele liturgiche: quando e perch\u00e9 sono importanti<\/a><\/strong><br \/>\nLa luce racchiude da sempre un significato molto profondo e imprescindibile, per gli uomini&#8230;<\/p>\n<\/div>\n<p>Questa tradizione legata alla purificazione della Madonna si diffuse soprattutto in Occidente, almeno fino\u00a0alla\u00a0riforma liturgica\u00a0decretata dal Concilio Vaticano II, che ha voluto invece spostare la centralit\u00e0 del rito dalla madre al Figlio Redentore, Luce del Mondo.\u00a0Da una visione mariana, a una visione cristologica, dunque. Tuttavia permane in parte il ricordo della festa della Candelora come Festa della purificazione in alcune usanze popolari. Per esempio nel paesino siciliano di Chiaramente\u00a0le donne salgono in cima alla montagna, il giorno prima della festa, e si purificano con la rugiada.<\/p>\n","protected":false},"excerpt":{"rendered":"<p>La Candelora,\u00a0storia\u00a0di una festa dalle grandi suggestioni che affonda le sue radici in riti precristiani legati al trionfo della luce. Scopriamo cosa simboleggia per i credenti e perch\u00e9. La Candelora,\u00a0storia\u00a0di una festa dalle mille sfumature. La festa della Candelora, celebrata dai cattolici il\u00a02 febbraio, ha&hellip;<\/p>\n","protected":false},"author":1,"featured_media":8642,"comment_status":"closed","ping_status":"open","sticky":false,"template":"","format":"standard","meta":{"_acf_changed":false,"footnotes":""},"categories":[16],"tags":[],"class_list":["post-8633","post","type-post","status-publish","format-standard","has-post-thumbnail","hentry","category-articoli-religiosi"],"acf":[],"yoast_head":"<!-- This site is optimized with the Yoast SEO plugin v26.6 - https:\/\/yoast.com\/wordpress\/plugins\/seo\/ -->\n<title>La Candelora: storia e curiosit\u00e0 La Candelora: storia e curiosit\u00e0<\/title>\n<meta name=\"description\" content=\"La Candelora,\u00a0storia\u00a0di una festa dalle grandi suggestioni che affonda le sue radici in riti precristiani legati al trionfo della luce. Scopriamo cosa\" \/>\n<meta name=\"robots\" content=\"index, follow, max-snippet:-1, max-image-preview:large, max-video-preview:-1\" \/>\n<link rel=\"canonical\" href=\"https:\/\/blog.holyart.it\/it\/articoli-religiosi\/la-candelora-storia-e-curiosita\/\" \/>\n<meta property=\"og:locale\" content=\"it_IT\" \/>\n<meta property=\"og:type\" content=\"article\" \/>\n<meta property=\"og:title\" content=\"La Candelora: storia e curiosit\u00e0 La Candelora: storia e curiosit\u00e0\" \/>\n<meta property=\"og:description\" content=\"La Candelora,\u00a0storia\u00a0di una festa dalle grandi suggestioni che affonda le sue radici in riti precristiani legati al trionfo della luce. Scopriamo cosa\" \/>\n<meta property=\"og:url\" content=\"https:\/\/blog.holyart.it\/it\/articoli-religiosi\/la-candelora-storia-e-curiosita\/\" \/>\n<meta property=\"og:site_name\" content=\"Holyblog\" \/>\n<meta property=\"article:published_time\" content=\"2020-02-02T13:57:56+00:00\" \/>\n<meta property=\"article:modified_time\" content=\"2024-01-02T11:47:50+00:00\" \/>\n<meta property=\"og:image\" content=\"https:\/\/blog.holyart.it\/it\/wp-content\/uploads\/sites\/17\/2020\/02\/candelora.jpg\" \/>\n\t<meta property=\"og:image:width\" content=\"1000\" \/>\n\t<meta property=\"og:image:height\" content=\"666\" \/>\n\t<meta property=\"og:image:type\" content=\"image\/jpeg\" \/>\n<meta name=\"author\" content=\"Redazione\" \/>\n<meta name=\"twitter:card\" content=\"summary_large_image\" \/>\n<meta name=\"twitter:label1\" content=\"Scritto da\" \/>\n\t<meta name=\"twitter:data1\" content=\"Redazione\" \/>\n\t<meta name=\"twitter:label2\" content=\"Tempo di lettura stimato\" \/>\n\t<meta name=\"twitter:data2\" content=\"8 minuti\" \/>\n<script type=\"application\/ld+json\" class=\"yoast-schema-graph\">{\"@context\":\"https:\/\/schema.org\",\"@graph\":[{\"@type\":\"Article\",\"@id\":\"https:\/\/blog.holyart.it\/it\/articoli-religiosi\/la-candelora-storia-e-curiosita\/#article\",\"isPartOf\":{\"@id\":\"https:\/\/blog.holyart.it\/it\/articoli-religiosi\/la-candelora-storia-e-curiosita\/\"},\"author\":{\"name\":\"Redazione\",\"@id\":\"https:\/\/blog.holyart.it\/it\/#\/schema\/person\/0a7b686e5af0f856ec1e390dd0baecda\"},\"headline\":\"La Candelora: storia e curiosit\u00e0\",\"datePublished\":\"2020-02-02T13:57:56+00:00\",\"dateModified\":\"2024-01-02T11:47:50+00:00\",\"mainEntityOfPage\":{\"@id\":\"https:\/\/blog.holyart.it\/it\/articoli-religiosi\/la-candelora-storia-e-curiosita\/\"},\"wordCount\":1310,\"publisher\":{\"@id\":\"https:\/\/blog.holyart.it\/it\/#organization\"},\"image\":{\"@id\":\"https:\/\/blog.holyart.it\/it\/articoli-religiosi\/la-candelora-storia-e-curiosita\/#primaryimage\"},\"thumbnailUrl\":\"https:\/\/blog.holyart.it\/it\/wp-content\/uploads\/sites\/17\/2020\/02\/candelora.jpg\",\"articleSection\":[\"Religione\"],\"inLanguage\":\"it-IT\"},{\"@type\":\"WebPage\",\"@id\":\"https:\/\/blog.holyart.it\/it\/articoli-religiosi\/la-candelora-storia-e-curiosita\/\",\"url\":\"https:\/\/blog.holyart.it\/it\/articoli-religiosi\/la-candelora-storia-e-curiosita\/\",\"name\":\"La Candelora: storia e curiosit\u00e0 La Candelora: storia e curiosit\u00e0\",\"isPartOf\":{\"@id\":\"https:\/\/blog.holyart.it\/it\/#website\"},\"primaryImageOfPage\":{\"@id\":\"https:\/\/blog.holyart.it\/it\/articoli-religiosi\/la-candelora-storia-e-curiosita\/#primaryimage\"},\"image\":{\"@id\":\"https:\/\/blog.holyart.it\/it\/articoli-religiosi\/la-candelora-storia-e-curiosita\/#primaryimage\"},\"thumbnailUrl\":\"https:\/\/blog.holyart.it\/it\/wp-content\/uploads\/sites\/17\/2020\/02\/candelora.jpg\",\"datePublished\":\"2020-02-02T13:57:56+00:00\",\"dateModified\":\"2024-01-02T11:47:50+00:00\",\"description\":\"La Candelora,\u00a0storia\u00a0di una festa dalle grandi suggestioni che affonda le sue radici in riti precristiani legati al trionfo della luce. Scopriamo cosa\",\"breadcrumb\":{\"@id\":\"https:\/\/blog.holyart.it\/it\/articoli-religiosi\/la-candelora-storia-e-curiosita\/#breadcrumb\"},\"inLanguage\":\"it-IT\",\"potentialAction\":[{\"@type\":\"ReadAction\",\"target\":[\"https:\/\/blog.holyart.it\/it\/articoli-religiosi\/la-candelora-storia-e-curiosita\/\"]}]},{\"@type\":\"ImageObject\",\"inLanguage\":\"it-IT\",\"@id\":\"https:\/\/blog.holyart.it\/it\/articoli-religiosi\/la-candelora-storia-e-curiosita\/#primaryimage\",\"url\":\"https:\/\/blog.holyart.it\/it\/wp-content\/uploads\/sites\/17\/2020\/02\/candelora.jpg\",\"contentUrl\":\"https:\/\/blog.holyart.it\/it\/wp-content\/uploads\/sites\/17\/2020\/02\/candelora.jpg\",\"width\":1000,\"height\":666,\"caption\":\"candelora\"},{\"@type\":\"BreadcrumbList\",\"@id\":\"https:\/\/blog.holyart.it\/it\/articoli-religiosi\/la-candelora-storia-e-curiosita\/#breadcrumb\",\"itemListElement\":[{\"@type\":\"ListItem\",\"position\":1,\"name\":\"Homepage\",\"item\":\"https:\/\/blog.holyart.it\/it\/\"},{\"@type\":\"ListItem\",\"position\":2,\"name\":\"Religione\",\"item\":\"https:\/\/blog.holyart.it\/it\/articoli-religiosi\/\"},{\"@type\":\"ListItem\",\"position\":3,\"name\":\"La Candelora: storia e curiosit\u00e0\"}]},{\"@type\":\"WebSite\",\"@id\":\"https:\/\/blog.holyart.it\/it\/#website\",\"url\":\"https:\/\/blog.holyart.it\/it\/\",\"name\":\"Holyblog\",\"description\":\"Il Blog di Holyart.it\",\"publisher\":{\"@id\":\"https:\/\/blog.holyart.it\/it\/#organization\"},\"potentialAction\":[{\"@type\":\"SearchAction\",\"target\":{\"@type\":\"EntryPoint\",\"urlTemplate\":\"https:\/\/blog.holyart.it\/it\/?s={search_term_string}\"},\"query-input\":{\"@type\":\"PropertyValueSpecification\",\"valueRequired\":true,\"valueName\":\"search_term_string\"}}],\"inLanguage\":\"it-IT\"},{\"@type\":\"Organization\",\"@id\":\"https:\/\/blog.holyart.it\/it\/#organization\",\"name\":\"Holyblog\",\"url\":\"https:\/\/blog.holyart.it\/it\/\",\"logo\":{\"@type\":\"ImageObject\",\"inLanguage\":\"it-IT\",\"@id\":\"https:\/\/blog.holyart.it\/it\/#\/schema\/logo\/image\/\",\"url\":\"https:\/\/blog.holyart.it\/it\/wp-content\/uploads\/sites\/17\/2022\/12\/Holyart_Blog_Logo.jpg\",\"contentUrl\":\"https:\/\/blog.holyart.it\/it\/wp-content\/uploads\/sites\/17\/2022\/12\/Holyart_Blog_Logo.jpg\",\"width\":300,\"height\":50,\"caption\":\"Holyblog\"},\"image\":{\"@id\":\"https:\/\/blog.holyart.it\/it\/#\/schema\/logo\/image\/\"}},{\"@type\":\"Person\",\"@id\":\"https:\/\/blog.holyart.it\/it\/#\/schema\/person\/0a7b686e5af0f856ec1e390dd0baecda\",\"name\":\"Redazione\"}]}<\/script>\n<!-- \/ Yoast SEO plugin. -->","yoast_head_json":{"title":"La Candelora: storia e curiosit\u00e0 La Candelora: storia e curiosit\u00e0","description":"La Candelora,\u00a0storia\u00a0di una festa dalle grandi suggestioni che affonda le sue radici in riti precristiani legati al trionfo della luce. Scopriamo cosa","robots":{"index":"index","follow":"follow","max-snippet":"max-snippet:-1","max-image-preview":"max-image-preview:large","max-video-preview":"max-video-preview:-1"},"canonical":"https:\/\/blog.holyart.it\/it\/articoli-religiosi\/la-candelora-storia-e-curiosita\/","og_locale":"it_IT","og_type":"article","og_title":"La Candelora: storia e curiosit\u00e0 La Candelora: storia e curiosit\u00e0","og_description":"La Candelora,\u00a0storia\u00a0di una festa dalle grandi suggestioni che affonda le sue radici in riti precristiani legati al trionfo della luce. Scopriamo cosa","og_url":"https:\/\/blog.holyart.it\/it\/articoli-religiosi\/la-candelora-storia-e-curiosita\/","og_site_name":"Holyblog","article_published_time":"2020-02-02T13:57:56+00:00","article_modified_time":"2024-01-02T11:47:50+00:00","og_image":[{"width":1000,"height":666,"url":"https:\/\/blog.holyart.it\/it\/wp-content\/uploads\/sites\/17\/2020\/02\/candelora.jpg","type":"image\/jpeg"}],"author":"Redazione","twitter_card":"summary_large_image","twitter_misc":{"Scritto da":"Redazione","Tempo di lettura stimato":"8 minuti"},"schema":{"@context":"https:\/\/schema.org","@graph":[{"@type":"Article","@id":"https:\/\/blog.holyart.it\/it\/articoli-religiosi\/la-candelora-storia-e-curiosita\/#article","isPartOf":{"@id":"https:\/\/blog.holyart.it\/it\/articoli-religiosi\/la-candelora-storia-e-curiosita\/"},"author":{"name":"Redazione","@id":"https:\/\/blog.holyart.it\/it\/#\/schema\/person\/0a7b686e5af0f856ec1e390dd0baecda"},"headline":"La Candelora: storia e curiosit\u00e0","datePublished":"2020-02-02T13:57:56+00:00","dateModified":"2024-01-02T11:47:50+00:00","mainEntityOfPage":{"@id":"https:\/\/blog.holyart.it\/it\/articoli-religiosi\/la-candelora-storia-e-curiosita\/"},"wordCount":1310,"publisher":{"@id":"https:\/\/blog.holyart.it\/it\/#organization"},"image":{"@id":"https:\/\/blog.holyart.it\/it\/articoli-religiosi\/la-candelora-storia-e-curiosita\/#primaryimage"},"thumbnailUrl":"https:\/\/blog.holyart.it\/it\/wp-content\/uploads\/sites\/17\/2020\/02\/candelora.jpg","articleSection":["Religione"],"inLanguage":"it-IT"},{"@type":"WebPage","@id":"https:\/\/blog.holyart.it\/it\/articoli-religiosi\/la-candelora-storia-e-curiosita\/","url":"https:\/\/blog.holyart.it\/it\/articoli-religiosi\/la-candelora-storia-e-curiosita\/","name":"La Candelora: storia e curiosit\u00e0 La Candelora: storia e curiosit\u00e0","isPartOf":{"@id":"https:\/\/blog.holyart.it\/it\/#website"},"primaryImageOfPage":{"@id":"https:\/\/blog.holyart.it\/it\/articoli-religiosi\/la-candelora-storia-e-curiosita\/#primaryimage"},"image":{"@id":"https:\/\/blog.holyart.it\/it\/articoli-religiosi\/la-candelora-storia-e-curiosita\/#primaryimage"},"thumbnailUrl":"https:\/\/blog.holyart.it\/it\/wp-content\/uploads\/sites\/17\/2020\/02\/candelora.jpg","datePublished":"2020-02-02T13:57:56+00:00","dateModified":"2024-01-02T11:47:50+00:00","description":"La Candelora,\u00a0storia\u00a0di una festa dalle grandi suggestioni che affonda le sue radici in riti precristiani legati al trionfo della luce. Scopriamo cosa","breadcrumb":{"@id":"https:\/\/blog.holyart.it\/it\/articoli-religiosi\/la-candelora-storia-e-curiosita\/#breadcrumb"},"inLanguage":"it-IT","potentialAction":[{"@type":"ReadAction","target":["https:\/\/blog.holyart.it\/it\/articoli-religiosi\/la-candelora-storia-e-curiosita\/"]}]},{"@type":"ImageObject","inLanguage":"it-IT","@id":"https:\/\/blog.holyart.it\/it\/articoli-religiosi\/la-candelora-storia-e-curiosita\/#primaryimage","url":"https:\/\/blog.holyart.it\/it\/wp-content\/uploads\/sites\/17\/2020\/02\/candelora.jpg","contentUrl":"https:\/\/blog.holyart.it\/it\/wp-content\/uploads\/sites\/17\/2020\/02\/candelora.jpg","width":1000,"height":666,"caption":"candelora"},{"@type":"BreadcrumbList","@id":"https:\/\/blog.holyart.it\/it\/articoli-religiosi\/la-candelora-storia-e-curiosita\/#breadcrumb","itemListElement":[{"@type":"ListItem","position":1,"name":"Homepage","item":"https:\/\/blog.holyart.it\/it\/"},{"@type":"ListItem","position":2,"name":"Religione","item":"https:\/\/blog.holyart.it\/it\/articoli-religiosi\/"},{"@type":"ListItem","position":3,"name":"La Candelora: storia e curiosit\u00e0"}]},{"@type":"WebSite","@id":"https:\/\/blog.holyart.it\/it\/#website","url":"https:\/\/blog.holyart.it\/it\/","name":"Holyblog","description":"Il Blog di Holyart.it","publisher":{"@id":"https:\/\/blog.holyart.it\/it\/#organization"},"potentialAction":[{"@type":"SearchAction","target":{"@type":"EntryPoint","urlTemplate":"https:\/\/blog.holyart.it\/it\/?s={search_term_string}"},"query-input":{"@type":"PropertyValueSpecification","valueRequired":true,"valueName":"search_term_string"}}],"inLanguage":"it-IT"},{"@type":"Organization","@id":"https:\/\/blog.holyart.it\/it\/#organization","name":"Holyblog","url":"https:\/\/blog.holyart.it\/it\/","logo":{"@type":"ImageObject","inLanguage":"it-IT","@id":"https:\/\/blog.holyart.it\/it\/#\/schema\/logo\/image\/","url":"https:\/\/blog.holyart.it\/it\/wp-content\/uploads\/sites\/17\/2022\/12\/Holyart_Blog_Logo.jpg","contentUrl":"https:\/\/blog.holyart.it\/it\/wp-content\/uploads\/sites\/17\/2022\/12\/Holyart_Blog_Logo.jpg","width":300,"height":50,"caption":"Holyblog"},"image":{"@id":"https:\/\/blog.holyart.it\/it\/#\/schema\/logo\/image\/"}},{"@type":"Person","@id":"https:\/\/blog.holyart.it\/it\/#\/schema\/person\/0a7b686e5af0f856ec1e390dd0baecda","name":"Redazione"}]}},"_links":{"self":[{"href":"https:\/\/blog.holyart.it\/it\/wp-json\/wp\/v2\/posts\/8633","targetHints":{"allow":["GET"]}}],"collection":[{"href":"https:\/\/blog.holyart.it\/it\/wp-json\/wp\/v2\/posts"}],"about":[{"href":"https:\/\/blog.holyart.it\/it\/wp-json\/wp\/v2\/types\/post"}],"author":[{"embeddable":true,"href":"https:\/\/blog.holyart.it\/it\/wp-json\/wp\/v2\/users\/1"}],"replies":[{"embeddable":true,"href":"https:\/\/blog.holyart.it\/it\/wp-json\/wp\/v2\/comments?post=8633"}],"version-history":[{"count":1,"href":"https:\/\/blog.holyart.it\/it\/wp-json\/wp\/v2\/posts\/8633\/revisions"}],"predecessor-version":[{"id":19034,"href":"https:\/\/blog.holyart.it\/it\/wp-json\/wp\/v2\/posts\/8633\/revisions\/19034"}],"wp:featuredmedia":[{"embeddable":true,"href":"https:\/\/blog.holyart.it\/it\/wp-json\/wp\/v2\/media\/8642"}],"wp:attachment":[{"href":"https:\/\/blog.holyart.it\/it\/wp-json\/wp\/v2\/media?parent=8633"}],"wp:term":[{"taxonomy":"category","embeddable":true,"href":"https:\/\/blog.holyart.it\/it\/wp-json\/wp\/v2\/categories?post=8633"},{"taxonomy":"post_tag","embeddable":true,"href":"https:\/\/blog.holyart.it\/it\/wp-json\/wp\/v2\/tags?post=8633"}],"curies":[{"name":"wp","href":"https:\/\/api.w.org\/{rel}","templated":true}]}}