{"id":8604,"date":"2020-01-30T07:00:25","date_gmt":"2020-01-30T06:00:25","guid":{"rendered":"https:\/\/blog.holyart.it\/it\/?p=8604"},"modified":"2022-09-08T10:47:59","modified_gmt":"2022-09-08T08:47:59","slug":"madre-teresa-simbolo-di-carita","status":"publish","type":"post","link":"https:\/\/blog.holyart.it\/it\/santi-e-beati\/madre-teresa-simbolo-di-carita\/","title":{"rendered":"Madre Teresa simbolo di carit\u00e0"},"content":{"rendered":"<h4>Un nuovo anno \u00e8 iniziato. Tempo di bilanci e buoni propositi. E se il nostro proposito pi\u00f9 importante e sincero fosse la carit\u00e0 verso gli altri? Madre Teresa di Calcutta \u00e8 stata una maestra in questo.<\/h4>\n\n<p>Perch\u00e9 cominciare l&#8217;anno parlando di <strong><a href=\"https:\/\/www.holyart.it\/blog\/santi-e-beati\/la-storia-madre-teresa-calcutta\/\">Madre Teresa di Calcutta<\/a><\/strong>? Il periodo delle Feste\u00a0predispone ciascuno di noi a riflettere su molti aspetti della vita sui quali tendiamo a non soffermarci troppo, durante il resto dell&#8217;anno. Forse dipende dal dilatarsi del tempo, che caratterizza questi giorni diversi da tutti gli altri giorni. Forse \u00e8 la vicinanza con amici e parenti, anche con persone che non frequentiamo abitualmente, per mancanza di tempo, per lontananza.<\/p>\n<div class=\"link-article\">\n<p><img loading=\"lazy\" decoding=\"async\" class=\"alignleft size-full wp-image-13020\" src=\"https:\/\/blog.holyart.it\/it\/wp-content\/uploads\/sites\/17\/2020\/01\/storia-Madre-Teresa-di-Calcutta.jpg\" alt=\"storia Madre Teresa di Calcutta\" width=\"150\" height=\"99\" data-kale-share-title=\"Madre Teresa simbolo di carit\u00e0\" data-kale-share-url=\"https:\/\/blog.holyart.it\/it\/santi-e-beati\/madre-teresa-simbolo-di-carita\/\" \/><\/p>\n<div class=\"leggi-anche\">Leggi anche:<\/div>\n<p><strong><a href=\"https:\/\/www.holyart.it\/blog\/santi-e-beati\/la-storia-madre-teresa-calcutta\/\">La storia di Madre Teresa di Calcutta<\/a><\/strong><br \/>\nDi Madre Teresa di Calcutta ricorderemo sempre la volont\u00e0 instancabile di portare aiuto agli ultimi, ai diseredati, ai poveri&#8230;<\/p>\n<\/div>\n<p>La vita moderna \u00e8 strana, spesso anche crudele. Perfino il <strong><a href=\"https:\/\/www.holyart.it\/it\/natale\">Natale<\/a><\/strong>, nelle nostre citt\u00e0, sembra perdere la sua connotazione di festa religiosa, riducendosi a un&#8217;occasione di consumismo e spreco. Le luci sfavillanti nei negozi, le luminarie che rischiarano a giorno le strade, dovrebbero ricordarci la nascita di Ges\u00f9, il dono immenso che Dio ci ha fatto mandando Suo Figlio a vivere tra noi, a morire per noi. Invece spesso, troppo spesso, quelle luci sono solo un invito a comprare, a fare regali anche costosi che troppo spesso non sono anche doni, perch\u00e9 non vengono dal cuore. La stessa sensazione di calore, di &#8216;sentirsi pi\u00f9 buoni&#8217;, rimane troppo frequentemente una manifestazione superficiale, che non si manifesta in alcun modo. Si mangia, si beve, ci si scambia i regali, e poi tutti torniamo alle nostre vite, nelle quali non c&#8217;\u00e8 spazio per chi ci sta accanto, figuriamoci per chi \u00e8 appena pi\u00f9 lontano da noi.<\/p>\n<p>Eppure Natale ci fa riflettere, e per fortuna. Perch\u00e9 per chi crede davvero \u00e8 il momento in cui pi\u00f9 che in qualsiasi altro periodo dell&#8217;anno possiamo e dobbiamo accogliere l&#8217;Amore di Dio. Ma non solo. Nel momento stesso in cui questo amore unico e speciale entra nelle nostre vite e nelle nostre case, noi stessi ne diventiamo strumento, voci piccole, ma preziose, in un coro che canta di giustizia, pace, verit\u00e0, per tutti gli uomini del mondo.<\/p>\n<p>Soprattutto, il rinnovarsi del miracolo della nascita di Ges\u00f9, di quel Bambino puro e innocente al cospetto del quale pastori e Re Magi s&#8217;inchinano allo stesso modo, dovrebbe risvegliare la parte migliore di noi, che la\u00a0teologia cristiana ha voluto definire con le\u00a0<strong>virt\u00f9 teologali<\/strong>, ovvero quelle virt\u00f9 che dovrebbero essere alla base del vivere cristiano e del rapporto di ogni uomo con Dio.<\/p>\n<p>Nella prima lettera ai Corinzi leggiamo:\u00a0&#8220;<em>Queste dunque le tre cose che rimangono:\u00a0<strong>la fede, la speranza e la carit\u00e0<\/strong>;\u00a0ma di tutte pi\u00f9 grande \u00e8 la\u00a0<strong>carit\u00e0<\/strong>!<\/em>&#8221; (1 Corinzi 13,13).<\/p>\n<div class=\"link-product\">\n<div class=\"blocco-immagine\"><img loading=\"lazy\" decoding=\"async\" class=\"alignnone size-thumbnail wp-image-8620\" src=\"https:\/\/blog.holyart.it\/it\/wp-content\/uploads\/sites\/17\/2020\/01\/collana-fede-speranza-carit\u00e0-150x150.jpg\" alt=\"collana fede speranza carit\u00e0\" width=\"100\" height=\"100\" \/><\/div>\n<div class=\"blocco-contenuto\">\n<div class=\"blocco-acquista\">Acquista su Holyart:<\/div>\n<div class=\"blocco-titolo\"><a href=\"https:\/\/holyart.it\/it\/articoli-religiosi\/gioielli\/pendenti-croci-spille-catenelle\/collana-tre-charm-fede-speranza-e-carita-arg-925-amen\">Collana Amen 3 charm:<br \/>\nFede, Speranza e Carit\u00e0<\/a><\/div>\n<\/div>\n<\/div>\n<p>Ecco le virt\u00f9 teologali: la\u00a0<strong>Fede<\/strong>, grazie alla quale l&#8217;uomo si affida completamente a Dio, credendo in tutto ci\u00f2 che Egli ha rivelato; la\u00a0<strong>Speranza<\/strong>, ovvero la fiducia nella promessa della\u00a0vita eterna e l&#8217;impegno a vivere in modo da meritarla; la\u00a0<strong>Carit\u00e0<\/strong>, vincolo e punto di partenza, ma anche di arrivo, delle altre virt\u00f9. Su quest&#8217;ultima vogliamo soffermarci in questo articolo.<\/p>\n<h2>Ma che cos&#8217;\u00e8 la carit\u00e0<\/h2>\n<p>Abbiamo gi\u00e0 affrontato\u00a0in precedenza il\u00a0concetto di carit\u00e0 cristiana, riflettendo su come essa non debba essere confusa con il semplice atto di fare l&#8217;elemosina.<\/p>\n<p><strong>La carit\u00e0 \u00e8 la virt\u00f9 in nome della quale l&#8217;uomo ama Dio sopra ogni altra cosa, e il prossimo come se stesso.<\/strong><\/p>\n<p>\u00c8 Ges\u00f9 stesso a comunicare questo comandamento nuovo ai suoi discepoli:<br \/>\n<em>&#8220;In quel tempo Ges\u00f9 disse: \u00abOra il Figlio dell&#8217;uomo \u00e8 stato glorificato, e Dio \u00e8 stato glorificato in lui. Se Dio \u00e8 stato glorificato in lui, anche Dio lo glorificher\u00e0 da parte sua e lo glorificher\u00e0 subito. Figlioli, ancora per poco sono con voi.\u00a0\u00a0<strong>Vi do un comandamento nuovo: che vi amiate gli uni gli altri.<\/strong>\u00a0<\/em><strong><em>Come io ho amato voi, cos\u00ec amatevi anche voi gli uni gli altri.<\/em><\/strong><em>\u00a0Da questo tutti sapranno che siete miei discepoli: se avete amore gli uni per gli altri.&#8221;<\/em>\u00a0 (Gv 13,31-33a.34-35)<\/p>\n<p>La carit\u00e0 \u00e8 dunque prima di tutto<strong>\u00a0amore<\/strong>. Amore per gli altri, per chi \u00e8 vicino, ma anche per chi non lo \u00e8, ma ha bisogno del nostro aiuto, del nostro amore, appunto. Un amore che deve essere gratuito, autentico, offerto e vissuto in nome di Ges\u00f9, col sorriso sulle labbra e il cuore leggero e pieno di felicit\u00e0.<\/p>\n<p>Per questo, <strong><a href=\"https:\/\/www.holyart.it\/blog\/articoli-religiosi\/fare-lelemosina-e-carita\/\">parlando della differenza tra carit\u00e0 e elemosina<\/a><\/strong>, ci siamo soffermati sul fatto che troppo spesso quest&#8217;ultima viene scambiata per un gesto di amore e generosit\u00e0, mentre purtroppo \u00e8 solo un modo per sentirsi la coscienza a posto, col minor sforzo possibile. La carit\u00e0 non \u00e8 solo dare qualche moneta che ci pesa in tasca.\u00a0\u00c8\u00a0<strong>accoglienza, disponibilit\u00e0, volont\u00e0 di trovare tempo ed energia da dedicare al prossimo, togliendolo a noi stessi<\/strong>, sacrificando ci\u00f2 che ci piace fare e avere per mettersi al servizio degli altri, dei poveri, dei bisognosi, in nome di un senso di giustizia superiore, di un anelito a ci\u00f2 che \u00e8 giusto, buono, bello.<\/p>\n<div class=\"link-article\">\n<p><img loading=\"lazy\" decoding=\"async\" class=\"alignleft size-full wp-image-13021\" src=\"https:\/\/blog.holyart.it\/it\/wp-content\/uploads\/sites\/17\/2020\/01\/elemosina-2.jpg\" alt=\"elemosina segno di carit\u00e0\" width=\"150\" height=\"99\" data-kale-share-title=\"Madre Teresa simbolo di carit\u00e0\" data-kale-share-url=\"https:\/\/blog.holyart.it\/it\/santi-e-beati\/madre-teresa-simbolo-di-carita\/\" \/><\/p>\n<div class=\"leggi-anche\">Leggi anche:<\/div>\n<p><strong><a href=\"https:\/\/www.holyart.it\/blog\/articoli-religiosi\/fare-lelemosina-e-carita\/\">Fare l\u2019elemosina: \u00e8 carit\u00e0?<\/a><\/strong><br \/>\nL\u2019elemosina ai poveri \u00e8 una manifestazione di misericordia strettamente connessa ai doveri di un buon cristiano&#8230;<\/p>\n<\/div>\n<h2>Madre Teresa di Calcutta e la sua opera di carit\u00e0<\/h2>\n<p>E veniamo a\u00a0<strong>Madre Teresa di Calcutta<\/strong>. Chi meglio di lei pu\u00f2 rappresentare\u00a0l&#8217;esempio pi\u00f9 fulgido ed emblematico della carit\u00e0 cristiana? La sua\u00a0<a href=\"https:\/\/www.holyart.it\/blog\/santi-e-beati\/la-storia-madre-teresa-calcutta\/\" target=\"_blank\" rel=\"noopener\">storia\u00a0<\/a>\u00e8 nota a tutti: di come fin da giovanissima abbia manifestato la sua vocazione al bene, di come, missionaria in India, abbia ricevuto quella che lei definiva la\u00a0<em>chiamata nella chiamata<\/em>, che la spinse a lasciare la tranquillit\u00e0 del convento per immergersi nella vera povert\u00e0, mescolandosi agli ultimi tra gli ultimi, raccogliendone la sofferenza e facendola propria.<\/p>\n<p>Chi meglio di lei pu\u00f2 fornirci l&#8217;esempio di cosa sia la carit\u00e0, la vera carit\u00e0, dell&#8217;amore che non si risparmia, non viene centellinato, concesso sulla base di bisogni effettivi e secondo modalit\u00e0 definite e precise?<\/p>\n<div class=\"link-product\">\n<div class=\"blocco-immagine\"><img loading=\"lazy\" decoding=\"async\" class=\"alignnone size-thumbnail wp-image-8611\" src=\"https:\/\/blog.holyart.it\/it\/wp-content\/uploads\/sites\/17\/2020\/01\/madre-teresa-di-calcutta-150x150.jpg\" alt=\"madre teresa di calcutta\" width=\"100\" height=\"100\" \/><\/div>\n<div class=\"blocco-contenuto\">\n<div class=\"blocco-acquista\">Acquista su Holyart:<\/div>\n<div class=\"blocco-titolo\"><a href=\"https:\/\/www.holyart.it\/it\/articoli-religiosi\/statue\/statue-in-resina-e-pvc\/madre-teresa-di-calcutta-50-cm-resina-fontanini\">Statua di Madre Teresa di Calcutta<br \/>\ndisponibile anche in diverse varianti<\/a><\/div>\n<\/div>\n<\/div>\n<p>Madre Teresa intratteneva rapporti con capi di stato e re, collaborava con personalit\u00e0 locali e straniere per aprire e gestire centri di accoglienza e cura per i poveri, i malati, i lebbrosi.\u00a0Ma sarebbe una blasfemia voler considerare il suo operato come un &#8216;affare&#8217; di qualsiasi genere. Anzi, attraverso la sua misericordia sconfinata, la sua carit\u00e0 fatta di preghiera, ma soprattutto di azione, Madre Teresa per anni ha denunciato coloro i quali con azioni piccole e grandi avevano determinato quelle situazioni di degrado e sofferenza nelle quali lei viveva, al fianco di persone che avevano perduto ogni cosa, perfino la dignit\u00e0 di esseri umani. Proprio lei, questa piccola suora instancabile, ha lottato contro l&#8217;ipocrisia di chi preferisce voltarsi dall&#8217;altra parte, nascondendosi dietro ad alibi e scuse per non riconoscere le proprie responsabilit\u00e0, o semplicemente il proprio egoismo e la propria meschinit\u00e0. Lei ha preso il nuovo comandamento di Ges\u00f9 e lo ha vissuto sulla propria pelle, nella propria carne, giorno dopo giorno, fino alla sua morte, amando chiunque capitasse sul suo cammino come\u00a0Ges\u00f9 lo avrebbe amato, accogliendolo, perdonandolo, rimettendo i suoi peccati, prendendosi cura di lui come di un fratello, una sorella, un figlio.<\/p>\n<p>Come Ges\u00f9 \u00e8 stato Maestro d&#8217;amore, cos\u00ec Madre Teresa lo \u00e8 stata nell&#8217;insegnare alla gente come vivere quell&#8217;amore nel modo pi\u00f9 pieno e autentico.<\/p>\n<h2>Buoni propositi per il nuovo anno<\/h2>\n<p>Tornando a noi e ai buoni propositi per l&#8217;anno nuovo, come possiamo muoverci per compiere opere di carit\u00e0 verso gli altri? Ci sono tanti modi per manifestare la carit\u00e0, tanti piccoli gesti quotidiani per viverla ogni giorno, trasformandola in una testimonianza di fede. Non \u00e8 cos\u00ec difficile lasciar entrare Ges\u00f9 nella propria vita e farne il proprio modello d&#8217;amore. Ogni volta che dedichiamo tempo, energia a qualcuno, togliendolo a noi stessi, senza tornaconto, senza secondi fini, stiamo compiendo un atto di carit\u00e0. Se portiamo conforto a chi soffre, con la nostra vicinanza, le nostre parole, anche con gesti e un aiuto pratico, stiamo agendo secondo la carit\u00e0 e la misericordia che Ges\u00f9 ha voluto fossero alla base del nostro vivere insieme.<\/p>\n<p>Se intorno a noi vediamo ingiustizia, se ci accorgiamo che qualcuno non vive degnamente, che soffre per privazioni e mancanze, e interveniamo per migliorare la sua condizione, compiamo un atto di carit\u00e0. Tutti dovrebbero avere di che vivere degnamente, perch\u00e9 Dio ha creato il mondo perch\u00e9 tutti potessero goderne.<\/p>\n<div class=\"link-product\">\n<div class=\"blocco-immagine\"><img loading=\"lazy\" decoding=\"async\" class=\"size-medium wp-image-7103\" src=\"https:\/\/blog.holyart.it\/it\/wp-content\/uploads\/sites\/17\/2019\/07\/portaelemosina-300x300.jpg\" alt=\"portaelemosina\" width=\"100\" height=\"100\" \/><\/div>\n<div class=\"blocco-contenuto\">\n<div class=\"blocco-acquista\">Acquista su Holyart:<\/div>\n<div class=\"blocco-titolo\"><a href=\"https:\/\/www.holyart.it\/it\/accessori-per-la-liturgia\/accessori-vari\/borsa-portaelemosina-con-lucchetto\">Borsa Portaelemosina<br \/>\nDisponibile in diversi formati e colori<\/a><\/div>\n<\/div>\n<\/div>\n<p>Il nostro sacrificio, il gesto, l&#8217;offerta, l&#8217;appoggio, le parole di conforto, sono lo strumento pi\u00f9 potente che ci \u00e8 stato donato per rendere il mondo in cui viviamo un posto migliore. Sta a noi usarle nel migliore dei modi, non sprecare i doni di cui siamo stati fatti oggetto, non sperperare l&#8217;amore di Dio senza fare del nostro meglio per amplificarne il messaggio e diffonderlo intorno a noi. E non solo a Natale<\/p>\n","protected":false},"excerpt":{"rendered":"<p>Un nuovo anno \u00e8 iniziato. Tempo di bilanci e buoni propositi. E se il nostro proposito pi\u00f9 importante e sincero fosse la carit\u00e0 verso gli altri? Madre Teresa di Calcutta \u00e8 stata una maestra in questo. Perch\u00e9 cominciare l&#8217;anno parlando di Madre Teresa di Calcutta?&hellip;<\/p>\n","protected":false},"author":1,"featured_media":8606,"comment_status":"closed","ping_status":"open","sticky":false,"template":"","format":"standard","meta":{"_acf_changed":false,"footnotes":""},"categories":[15],"tags":[],"class_list":["post-8604","post","type-post","status-publish","format-standard","has-post-thumbnail","hentry","category-santi-e-beati"],"acf":[],"yoast_head":"<!-- This site is optimized with the Yoast SEO plugin v26.6 - https:\/\/yoast.com\/wordpress\/plugins\/seo\/ -->\n<title>Madre Teresa simbolo di carit\u00e0 Madre Teresa simbolo di carit\u00e0 - Holyblog<\/title>\n<meta name=\"description\" content=\"E se il nostro proposito pi\u00f9 importante e sincero fosse la carit\u00e0 verso gli altri? Madre Teresa di Calcutta \u00e8 stata una maestra in questo.\" \/>\n<meta name=\"robots\" content=\"index, follow, max-snippet:-1, max-image-preview:large, max-video-preview:-1\" \/>\n<link rel=\"canonical\" href=\"https:\/\/blog.holyart.it\/it\/santi-e-beati\/madre-teresa-simbolo-di-carita\/\" \/>\n<meta property=\"og:locale\" content=\"it_IT\" \/>\n<meta property=\"og:type\" content=\"article\" \/>\n<meta property=\"og:title\" content=\"Madre Teresa simbolo di carit\u00e0 Madre Teresa simbolo di carit\u00e0 - Holyblog\" \/>\n<meta property=\"og:description\" content=\"E se il nostro proposito pi\u00f9 importante e sincero fosse la carit\u00e0 verso gli altri? Madre Teresa di Calcutta \u00e8 stata una maestra in questo.\" \/>\n<meta property=\"og:url\" content=\"https:\/\/blog.holyart.it\/it\/santi-e-beati\/madre-teresa-simbolo-di-carita\/\" \/>\n<meta property=\"og:site_name\" content=\"Holyblog\" \/>\n<meta property=\"article:published_time\" content=\"2020-01-30T06:00:25+00:00\" \/>\n<meta property=\"article:modified_time\" content=\"2022-09-08T08:47:59+00:00\" \/>\n<meta property=\"og:image\" content=\"https:\/\/blog.holyart.it\/it\/wp-content\/uploads\/sites\/17\/2020\/01\/madre-teresa.png\" \/>\n\t<meta property=\"og:image:width\" content=\"1000\" \/>\n\t<meta property=\"og:image:height\" content=\"666\" \/>\n\t<meta property=\"og:image:type\" content=\"image\/png\" \/>\n<meta name=\"author\" content=\"Redazione\" \/>\n<meta name=\"twitter:card\" content=\"summary_large_image\" \/>\n<meta name=\"twitter:label1\" content=\"Scritto da\" \/>\n\t<meta name=\"twitter:data1\" content=\"Redazione\" \/>\n\t<meta name=\"twitter:label2\" content=\"Tempo di lettura stimato\" \/>\n\t<meta name=\"twitter:data2\" content=\"7 minuti\" \/>\n<script type=\"application\/ld+json\" class=\"yoast-schema-graph\">{\"@context\":\"https:\/\/schema.org\",\"@graph\":[{\"@type\":\"Article\",\"@id\":\"https:\/\/blog.holyart.it\/it\/santi-e-beati\/madre-teresa-simbolo-di-carita\/#article\",\"isPartOf\":{\"@id\":\"https:\/\/blog.holyart.it\/it\/santi-e-beati\/madre-teresa-simbolo-di-carita\/\"},\"author\":{\"name\":\"Redazione\",\"@id\":\"https:\/\/blog.holyart.it\/it\/#\/schema\/person\/0a7b686e5af0f856ec1e390dd0baecda\"},\"headline\":\"Madre Teresa simbolo di carit\u00e0\",\"datePublished\":\"2020-01-30T06:00:25+00:00\",\"dateModified\":\"2022-09-08T08:47:59+00:00\",\"mainEntityOfPage\":{\"@id\":\"https:\/\/blog.holyart.it\/it\/santi-e-beati\/madre-teresa-simbolo-di-carita\/\"},\"wordCount\":1474,\"publisher\":{\"@id\":\"https:\/\/blog.holyart.it\/it\/#organization\"},\"image\":{\"@id\":\"https:\/\/blog.holyart.it\/it\/santi-e-beati\/madre-teresa-simbolo-di-carita\/#primaryimage\"},\"thumbnailUrl\":\"https:\/\/blog.holyart.it\/it\/wp-content\/uploads\/sites\/17\/2020\/01\/madre-teresa.png\",\"articleSection\":[\"Santi e beati\"],\"inLanguage\":\"it-IT\"},{\"@type\":\"WebPage\",\"@id\":\"https:\/\/blog.holyart.it\/it\/santi-e-beati\/madre-teresa-simbolo-di-carita\/\",\"url\":\"https:\/\/blog.holyart.it\/it\/santi-e-beati\/madre-teresa-simbolo-di-carita\/\",\"name\":\"Madre Teresa simbolo di carit\u00e0 Madre Teresa simbolo di carit\u00e0 - Holyblog\",\"isPartOf\":{\"@id\":\"https:\/\/blog.holyart.it\/it\/#website\"},\"primaryImageOfPage\":{\"@id\":\"https:\/\/blog.holyart.it\/it\/santi-e-beati\/madre-teresa-simbolo-di-carita\/#primaryimage\"},\"image\":{\"@id\":\"https:\/\/blog.holyart.it\/it\/santi-e-beati\/madre-teresa-simbolo-di-carita\/#primaryimage\"},\"thumbnailUrl\":\"https:\/\/blog.holyart.it\/it\/wp-content\/uploads\/sites\/17\/2020\/01\/madre-teresa.png\",\"datePublished\":\"2020-01-30T06:00:25+00:00\",\"dateModified\":\"2022-09-08T08:47:59+00:00\",\"description\":\"E se il nostro proposito pi\u00f9 importante e sincero fosse la carit\u00e0 verso gli altri? Madre Teresa di Calcutta \u00e8 stata una maestra in questo.\",\"breadcrumb\":{\"@id\":\"https:\/\/blog.holyart.it\/it\/santi-e-beati\/madre-teresa-simbolo-di-carita\/#breadcrumb\"},\"inLanguage\":\"it-IT\",\"potentialAction\":[{\"@type\":\"ReadAction\",\"target\":[\"https:\/\/blog.holyart.it\/it\/santi-e-beati\/madre-teresa-simbolo-di-carita\/\"]}]},{\"@type\":\"ImageObject\",\"inLanguage\":\"it-IT\",\"@id\":\"https:\/\/blog.holyart.it\/it\/santi-e-beati\/madre-teresa-simbolo-di-carita\/#primaryimage\",\"url\":\"https:\/\/blog.holyart.it\/it\/wp-content\/uploads\/sites\/17\/2020\/01\/madre-teresa.png\",\"contentUrl\":\"https:\/\/blog.holyart.it\/it\/wp-content\/uploads\/sites\/17\/2020\/01\/madre-teresa.png\",\"width\":1000,\"height\":666,\"caption\":\"madre teresa\"},{\"@type\":\"BreadcrumbList\",\"@id\":\"https:\/\/blog.holyart.it\/it\/santi-e-beati\/madre-teresa-simbolo-di-carita\/#breadcrumb\",\"itemListElement\":[{\"@type\":\"ListItem\",\"position\":1,\"name\":\"Homepage\",\"item\":\"https:\/\/blog.holyart.it\/it\/\"},{\"@type\":\"ListItem\",\"position\":2,\"name\":\"Santi e beati\",\"item\":\"https:\/\/blog.holyart.it\/it\/santi-e-beati\/\"},{\"@type\":\"ListItem\",\"position\":3,\"name\":\"Madre Teresa simbolo di carit\u00e0\"}]},{\"@type\":\"WebSite\",\"@id\":\"https:\/\/blog.holyart.it\/it\/#website\",\"url\":\"https:\/\/blog.holyart.it\/it\/\",\"name\":\"Holyblog\",\"description\":\"Il Blog di Holyart.it\",\"publisher\":{\"@id\":\"https:\/\/blog.holyart.it\/it\/#organization\"},\"potentialAction\":[{\"@type\":\"SearchAction\",\"target\":{\"@type\":\"EntryPoint\",\"urlTemplate\":\"https:\/\/blog.holyart.it\/it\/?s={search_term_string}\"},\"query-input\":{\"@type\":\"PropertyValueSpecification\",\"valueRequired\":true,\"valueName\":\"search_term_string\"}}],\"inLanguage\":\"it-IT\"},{\"@type\":\"Organization\",\"@id\":\"https:\/\/blog.holyart.it\/it\/#organization\",\"name\":\"Holyblog\",\"url\":\"https:\/\/blog.holyart.it\/it\/\",\"logo\":{\"@type\":\"ImageObject\",\"inLanguage\":\"it-IT\",\"@id\":\"https:\/\/blog.holyart.it\/it\/#\/schema\/logo\/image\/\",\"url\":\"https:\/\/blog.holyart.it\/it\/wp-content\/uploads\/sites\/17\/2022\/12\/Holyart_Blog_Logo.jpg\",\"contentUrl\":\"https:\/\/blog.holyart.it\/it\/wp-content\/uploads\/sites\/17\/2022\/12\/Holyart_Blog_Logo.jpg\",\"width\":300,\"height\":50,\"caption\":\"Holyblog\"},\"image\":{\"@id\":\"https:\/\/blog.holyart.it\/it\/#\/schema\/logo\/image\/\"}},{\"@type\":\"Person\",\"@id\":\"https:\/\/blog.holyart.it\/it\/#\/schema\/person\/0a7b686e5af0f856ec1e390dd0baecda\",\"name\":\"Redazione\"}]}<\/script>\n<!-- \/ Yoast SEO plugin. -->","yoast_head_json":{"title":"Madre Teresa simbolo di carit\u00e0 Madre Teresa simbolo di carit\u00e0 - Holyblog","description":"E se il nostro proposito pi\u00f9 importante e sincero fosse la carit\u00e0 verso gli altri? Madre Teresa di Calcutta \u00e8 stata una maestra in questo.","robots":{"index":"index","follow":"follow","max-snippet":"max-snippet:-1","max-image-preview":"max-image-preview:large","max-video-preview":"max-video-preview:-1"},"canonical":"https:\/\/blog.holyart.it\/it\/santi-e-beati\/madre-teresa-simbolo-di-carita\/","og_locale":"it_IT","og_type":"article","og_title":"Madre Teresa simbolo di carit\u00e0 Madre Teresa simbolo di carit\u00e0 - Holyblog","og_description":"E se il nostro proposito pi\u00f9 importante e sincero fosse la carit\u00e0 verso gli altri? Madre Teresa di Calcutta \u00e8 stata una maestra in questo.","og_url":"https:\/\/blog.holyart.it\/it\/santi-e-beati\/madre-teresa-simbolo-di-carita\/","og_site_name":"Holyblog","article_published_time":"2020-01-30T06:00:25+00:00","article_modified_time":"2022-09-08T08:47:59+00:00","og_image":[{"width":1000,"height":666,"url":"https:\/\/blog.holyart.it\/it\/wp-content\/uploads\/sites\/17\/2020\/01\/madre-teresa.png","type":"image\/png"}],"author":"Redazione","twitter_card":"summary_large_image","twitter_misc":{"Scritto da":"Redazione","Tempo di lettura stimato":"7 minuti"},"schema":{"@context":"https:\/\/schema.org","@graph":[{"@type":"Article","@id":"https:\/\/blog.holyart.it\/it\/santi-e-beati\/madre-teresa-simbolo-di-carita\/#article","isPartOf":{"@id":"https:\/\/blog.holyart.it\/it\/santi-e-beati\/madre-teresa-simbolo-di-carita\/"},"author":{"name":"Redazione","@id":"https:\/\/blog.holyart.it\/it\/#\/schema\/person\/0a7b686e5af0f856ec1e390dd0baecda"},"headline":"Madre Teresa simbolo di carit\u00e0","datePublished":"2020-01-30T06:00:25+00:00","dateModified":"2022-09-08T08:47:59+00:00","mainEntityOfPage":{"@id":"https:\/\/blog.holyart.it\/it\/santi-e-beati\/madre-teresa-simbolo-di-carita\/"},"wordCount":1474,"publisher":{"@id":"https:\/\/blog.holyart.it\/it\/#organization"},"image":{"@id":"https:\/\/blog.holyart.it\/it\/santi-e-beati\/madre-teresa-simbolo-di-carita\/#primaryimage"},"thumbnailUrl":"https:\/\/blog.holyart.it\/it\/wp-content\/uploads\/sites\/17\/2020\/01\/madre-teresa.png","articleSection":["Santi e beati"],"inLanguage":"it-IT"},{"@type":"WebPage","@id":"https:\/\/blog.holyart.it\/it\/santi-e-beati\/madre-teresa-simbolo-di-carita\/","url":"https:\/\/blog.holyart.it\/it\/santi-e-beati\/madre-teresa-simbolo-di-carita\/","name":"Madre Teresa simbolo di carit\u00e0 Madre Teresa simbolo di carit\u00e0 - Holyblog","isPartOf":{"@id":"https:\/\/blog.holyart.it\/it\/#website"},"primaryImageOfPage":{"@id":"https:\/\/blog.holyart.it\/it\/santi-e-beati\/madre-teresa-simbolo-di-carita\/#primaryimage"},"image":{"@id":"https:\/\/blog.holyart.it\/it\/santi-e-beati\/madre-teresa-simbolo-di-carita\/#primaryimage"},"thumbnailUrl":"https:\/\/blog.holyart.it\/it\/wp-content\/uploads\/sites\/17\/2020\/01\/madre-teresa.png","datePublished":"2020-01-30T06:00:25+00:00","dateModified":"2022-09-08T08:47:59+00:00","description":"E se il nostro proposito pi\u00f9 importante e sincero fosse la carit\u00e0 verso gli altri? Madre Teresa di Calcutta \u00e8 stata una maestra in questo.","breadcrumb":{"@id":"https:\/\/blog.holyart.it\/it\/santi-e-beati\/madre-teresa-simbolo-di-carita\/#breadcrumb"},"inLanguage":"it-IT","potentialAction":[{"@type":"ReadAction","target":["https:\/\/blog.holyart.it\/it\/santi-e-beati\/madre-teresa-simbolo-di-carita\/"]}]},{"@type":"ImageObject","inLanguage":"it-IT","@id":"https:\/\/blog.holyart.it\/it\/santi-e-beati\/madre-teresa-simbolo-di-carita\/#primaryimage","url":"https:\/\/blog.holyart.it\/it\/wp-content\/uploads\/sites\/17\/2020\/01\/madre-teresa.png","contentUrl":"https:\/\/blog.holyart.it\/it\/wp-content\/uploads\/sites\/17\/2020\/01\/madre-teresa.png","width":1000,"height":666,"caption":"madre teresa"},{"@type":"BreadcrumbList","@id":"https:\/\/blog.holyart.it\/it\/santi-e-beati\/madre-teresa-simbolo-di-carita\/#breadcrumb","itemListElement":[{"@type":"ListItem","position":1,"name":"Homepage","item":"https:\/\/blog.holyart.it\/it\/"},{"@type":"ListItem","position":2,"name":"Santi e beati","item":"https:\/\/blog.holyart.it\/it\/santi-e-beati\/"},{"@type":"ListItem","position":3,"name":"Madre Teresa simbolo di carit\u00e0"}]},{"@type":"WebSite","@id":"https:\/\/blog.holyart.it\/it\/#website","url":"https:\/\/blog.holyart.it\/it\/","name":"Holyblog","description":"Il Blog di Holyart.it","publisher":{"@id":"https:\/\/blog.holyart.it\/it\/#organization"},"potentialAction":[{"@type":"SearchAction","target":{"@type":"EntryPoint","urlTemplate":"https:\/\/blog.holyart.it\/it\/?s={search_term_string}"},"query-input":{"@type":"PropertyValueSpecification","valueRequired":true,"valueName":"search_term_string"}}],"inLanguage":"it-IT"},{"@type":"Organization","@id":"https:\/\/blog.holyart.it\/it\/#organization","name":"Holyblog","url":"https:\/\/blog.holyart.it\/it\/","logo":{"@type":"ImageObject","inLanguage":"it-IT","@id":"https:\/\/blog.holyart.it\/it\/#\/schema\/logo\/image\/","url":"https:\/\/blog.holyart.it\/it\/wp-content\/uploads\/sites\/17\/2022\/12\/Holyart_Blog_Logo.jpg","contentUrl":"https:\/\/blog.holyart.it\/it\/wp-content\/uploads\/sites\/17\/2022\/12\/Holyart_Blog_Logo.jpg","width":300,"height":50,"caption":"Holyblog"},"image":{"@id":"https:\/\/blog.holyart.it\/it\/#\/schema\/logo\/image\/"}},{"@type":"Person","@id":"https:\/\/blog.holyart.it\/it\/#\/schema\/person\/0a7b686e5af0f856ec1e390dd0baecda","name":"Redazione"}]}},"_links":{"self":[{"href":"https:\/\/blog.holyart.it\/it\/wp-json\/wp\/v2\/posts\/8604","targetHints":{"allow":["GET"]}}],"collection":[{"href":"https:\/\/blog.holyart.it\/it\/wp-json\/wp\/v2\/posts"}],"about":[{"href":"https:\/\/blog.holyart.it\/it\/wp-json\/wp\/v2\/types\/post"}],"author":[{"embeddable":true,"href":"https:\/\/blog.holyart.it\/it\/wp-json\/wp\/v2\/users\/1"}],"replies":[{"embeddable":true,"href":"https:\/\/blog.holyart.it\/it\/wp-json\/wp\/v2\/comments?post=8604"}],"version-history":[{"count":0,"href":"https:\/\/blog.holyart.it\/it\/wp-json\/wp\/v2\/posts\/8604\/revisions"}],"wp:featuredmedia":[{"embeddable":true,"href":"https:\/\/blog.holyart.it\/it\/wp-json\/wp\/v2\/media\/8606"}],"wp:attachment":[{"href":"https:\/\/blog.holyart.it\/it\/wp-json\/wp\/v2\/media?parent=8604"}],"wp:term":[{"taxonomy":"category","embeddable":true,"href":"https:\/\/blog.holyart.it\/it\/wp-json\/wp\/v2\/categories?post=8604"},{"taxonomy":"post_tag","embeddable":true,"href":"https:\/\/blog.holyart.it\/it\/wp-json\/wp\/v2\/tags?post=8604"}],"curies":[{"name":"wp","href":"https:\/\/api.w.org\/{rel}","templated":true}]}}