{"id":8585,"date":"2020-01-23T09:59:05","date_gmt":"2020-01-23T08:59:05","guid":{"rendered":"https:\/\/blog.holyart.it\/it\/?p=8585"},"modified":"2022-09-07T17:05:27","modified_gmt":"2022-09-07T15:05:27","slug":"significato-della-mitra","status":"publish","type":"post","link":"https:\/\/blog.holyart.it\/it\/articoli-religiosi\/significato-della-mitra\/","title":{"rendered":"Il significato della Mitra"},"content":{"rendered":"<h4>Che cosa rappresenta la Mitra, lo strano copricapo indossato dai vescovi in diversi momenti della Liturgia? Scopriamo l&#8217;origine e il significato pi\u00f9 profondo di questo elemento indispensabile e prezioso.<\/h4>\n\n<p>A tutti noi sar\u00e0 capitato di vedere, nel corso di una celebrazione solenne, un Vescovo indossare uno strano cappello dalla forma allungata, che termina con due punte. Anche Papa Francesco stesso, nelle occasioni liturgiche da lui presiedute, non indossa il suo solito zucchetto bianco, ma \u00e8 affiancato da dei cerimonieri incaricati di posare sul suo capo il curioso copricapo e di rimuoverlo a seconda dei diversi momenti della celebrazione.<\/p>\n<p>Si tratta della mitra, o mitria.<\/p>\n<p>Appare subito evidente che non stiamo parlando di cappello comune, anche perch\u00e9 la <strong><a href=\"https:\/\/www.holyart.it\/it\/accessori-per-la-liturgia\/articoli-vescovili\">mitra<\/a><\/strong>, soprattutto quella papale, \u00e8 intessuta di fili d&#8217;oro e impreziosita ricche decorazioni e perfino pietre preziose.<\/p>\n<h2>Ma da dove nasce questo strano cappello?<\/h2>\n<p>La mitra, o mitria, viene usata in seno alla chiesa cattolica come elemento caratteristico dell&#8217;abbigliamento del clero fin dal V secolo. In un primo tempo essa era probabilmente un accessorio non liturgico che il Papa indossava durante i cortei solenni. Successivamente il Sommo Pontefice adott\u00f2 come copricapo caratteristico la tiara, simbolo dell&#8217;autorit\u00e0 papale, che rester\u00e0 in uso fino al pontificato di Paolo VI (1963-1978).<\/p>\n<p>Dopo il X secolo anche i Vescovi cominciarono a indossare la mitra, stando alle fonti letterarie e iconografiche, ma dobbiamo aspettare il XII secolo perch\u00e9 questo copricapo assuma la forma che oggi conosciamo.<\/p>\n<p>La mitra \u00e8 oggi il copricapo pi\u00f9 importante e solenne della chiesa cattolica, in quanto rappresenta lo splendore della santit\u00e0 incarnata dal Vescovo, la sua dignit\u00e0 e autorit\u00e0.<\/p>\n<h2>Che forma ha la Mitra?<\/h2>\n<p>La mitra che siamo abituati a vedere sul capo dei Vescovi e del Papa ha una forma che ricorda un po\u2019 un soffietto. Infatti \u00e8 allungata e bicuspidata (cio\u00e8 terminante con due punte).<br \/>\nIl copricapo \u00e8 composto da due pezzi di stoffa rigida ritagliati con forma triangolare e uniti parzialmente ai lati, in modo da formare due punte. Queste punte, dette cornua, non sono elementi casuali: infatti esse rappresentano l&#8217;<strong><a href=\"https:\/\/www.holyart.it\/it\/articoli-religiosi\/libri-e-testi-sacri\">Antico e il Nuovo Testamento<\/a><\/strong>.<\/p>\n<p>Anticamente la mitra era pi\u00f9 simile a un cono, poi a una cuffia allacciata sotto il collo e schiacciata nel mezzo tanto da formare i due corni. I nastri servivano per allacciarla sotto il collo e in seguito divennero le due lunghe fasce che pendono sul retro della mitra attuale e sulle spalle di chi la indossa, i cosiddetti fanoni, o infule, o vitte, mentre i corni assunsero prima una forma arrotondata, poi a cuspide, e presero appunto il nome di cornua.<\/p>\n<div class=\"link-product\">\n<div class=\"blocco-immagine\"><img loading=\"lazy\" decoding=\"async\" class=\"alignnone size-full wp-image-8600\" src=\"https:\/\/blog.holyart.it\/it\/wp-content\/uploads\/sites\/17\/2020\/01\/mitra-ricamata.jpg\" alt=\"mitra ricamata\" width=\"100\" height=\"100\" \/><\/div>\n<div class=\"blocco-contenuto\">\n<div class=\"blocco-acquista\">Acquista su Holyart:<\/div>\n<div class=\"blocco-titolo\"><a href=\"https:\/\/www.holyart.it\/it\/accessori-per-la-liturgia\/articoli-vescovili\">Diversi modelli di Mitra Vescovile<\/a><\/div>\n<\/div>\n<\/div>\n<p>Le mitre erano anticamente ornate da molti elementi preziosi, tanto da divenire parte del tesoro liturgico di molte chiese. Alcune risultavano talmente decorate di gemme, ricami d&#8217;oro e d&#8217;argento, e perfino di piume, da essere davvero molto pesanti da portare sul capo!<\/p>\n<p>Esistono tre diversi tipi di mitre, codificati ai tempi di Papa Gregorio X (1271) e distinti a seconda dell&#8217;utilizzo e degli elementi decorativi:<\/p>\n<p>Mitria aurifrigiata: usata soprattutto per le processioni, \u00e8 realizzata in tessuto laminato d&#8217;oro o in seta bianca intessuta d&#8217;oro. Il rovescio \u00e8 in seta rossa, privo di decorazioni eccezion fatta per le perle;<br \/>\nMitria preziosa: \u00e8 la mitra riservata alle celebrazioni pi\u00f9 solenni, sempre in tessuto laminato d&#8217;oro o argento, seta bianca e risvolti in seta rossa. \u00c8 arricchita da preziosi ricami e pietre preziose;<br \/>\nMitria semplice: viene usata anche al di fuori delle celebrazioni, e in periodi di lutto e penitenza, e cambia a seconda che venga indossata dal Papa (in questo caso \u00e8 in tessuto d&#8217;argento con bordi e fanoni decorati con fregi d&#8217;oro), dai cardinali (in seta bianca damascata con fanoni ornati di bianco) o dai vescovi (in seta o tela bianca, con frange rosse che fanno da bordo ai fanoni.<br \/>\nQuesta \u00e8 l&#8217;unica differenziazione della mitra, che, diversamente dagli altri paramenti sacri, non cambia colore a seconda del calendario liturgico.<\/p>\n<p>Nel 2005, Papa Benedetto XVI ha voluto eliminare i simboli che apparivano sulla tiara papale, il cosiddetto triregno (si trattava di tre corone che simboleggiavano il triplice potere del Papa: padre dei re, rettore del mondo, Vicario di Cristo) anche dall&#8217;araldica ecclesiastica.<br \/>\nDa allora la mitra papale \u00e8 caratterizzata da tre fasce dorate orizzontali, che ricordano le tre corone della tiara.<\/p>\n<h2>Quando viene indossata la mitra?<\/h2>\n<p>La mitra deve essere indossata in sei momenti della Messa:<\/p>\n<ul>\n<li>processione d\u2019ingresso;<\/li>\n<li>proclamazione delle letture (non <strong><a href=\"https:\/\/www.holyart.it\/it\/articoli-religiosi\/libri-e-testi-sacri\/vangeli\">il Vangelo<\/a><\/strong>);<\/li>\n<li>omelia;<\/li>\n<li>amministrazione del Sacramento;<\/li>\n<li>benedizione finale;<\/li>\n<li>processione di congedo<\/li>\n<\/ul>\n<p>Anche gli Abati possono indossare la mitra, per volont\u00e0 di Papa Urbano II ai tempi del III Concilio di Melfi (1089). Nel corso dei secoli tale utilizzo venne concesso a presbiteri titolari di chiese importanti, a prevosti, a canonici dei Capitolo di alcune cattedrali e anche alle badesse di alcuni conventi e a laici meritevoli.<\/p>\n<h2>L&#8217;ordinazione episcopale<\/h2>\n<p>Quando un Vescovo viene insignito della sua carica gli vengono consegnate le cosiddette<strong> <a href=\"https:\/\/www.holyart.it\/it\/accessori-per-la-liturgia\/articoli-vescovili\">insegne episcopali<\/a>:<\/strong> l&#8217;<strong><a href=\"https:\/\/www.holyart.it\/it\/accessori-per-la-liturgia\/articoli-vescovili?sorter_id=0&amp;39%5B%5D=1600&amp;p_min=&amp;p_max=\">anello vescovile<\/a><\/strong>, il <strong><a href=\"https:\/\/www.holyart.it\/it\/accessori-per-la-liturgia\/articoli-vescovili?sorter_id=0&amp;39%5B%5D=1599&amp;p_min=&amp;p_max=\">bastone pastorale<\/a><\/strong> e appunto <strong><a href=\"https:\/\/www.holyart.it\/it\/accessori-per-la-liturgia\/articoli-vescovili?sorter_id=0&amp;39%5B%5D=2087&amp;p_min=&amp;p_max=\">la mitra<\/a><\/strong>.<br \/>\nQuest&#8217;ultima \u00e8 come gi\u00e0 abbiamo detto simbolo di dignit\u00e0, autorit\u00e0 e santit\u00e0.<br \/>\nL&#8217;anello vescovile simboleggia invece la fedelt\u00e0 del Vescovo alla propria diocesi e alla Chiesa in generale, mentre il bastone pastorale si rif\u00e0 all&#8217;immagine di Ges\u00f9 come &#8216;buon Pastore&#8217; e indica la funzione di cura del popolo cristiano da parte del nuovo Vescovo.<\/p>\n","protected":false},"excerpt":{"rendered":"<p>Che cosa rappresenta la Mitra, lo strano copricapo indossato dai vescovi in diversi momenti della Liturgia? Scopriamo l&#8217;origine e il significato pi\u00f9 profondo di questo elemento indispensabile e prezioso. A tutti noi sar\u00e0 capitato di vedere, nel corso di una celebrazione solenne, un Vescovo indossare&hellip;<\/p>\n","protected":false},"author":1,"featured_media":8589,"comment_status":"closed","ping_status":"open","sticky":false,"template":"","format":"standard","meta":{"_acf_changed":false,"footnotes":""},"categories":[14,16],"tags":[],"class_list":["post-8585","post","type-post","status-publish","format-standard","has-post-thumbnail","hentry","category-accessori-liturgia","category-articoli-religiosi"],"acf":[],"yoast_head":"<!-- This site is optimized with the Yoast SEO plugin v26.6 - https:\/\/yoast.com\/wordpress\/plugins\/seo\/ -->\n<title>Il significato della Mitra - Holyblog<\/title>\n<meta name=\"description\" content=\"Che cosa rappresenta la Mitra, lo strano copricapo indossato dai vescovi in diversi momenti della Liturgia? Scopriamo l&#039;origine e il significato\" \/>\n<meta name=\"robots\" content=\"index, follow, max-snippet:-1, max-image-preview:large, max-video-preview:-1\" \/>\n<link rel=\"canonical\" href=\"https:\/\/blog.holyart.it\/it\/articoli-religiosi\/significato-della-mitra\/\" \/>\n<meta property=\"og:locale\" content=\"it_IT\" \/>\n<meta property=\"og:type\" content=\"article\" \/>\n<meta property=\"og:title\" content=\"Il significato della Mitra - Holyblog\" \/>\n<meta property=\"og:description\" content=\"Che cosa rappresenta la Mitra, lo strano copricapo indossato dai vescovi in diversi momenti della Liturgia? Scopriamo l&#039;origine e il significato\" \/>\n<meta property=\"og:url\" content=\"https:\/\/blog.holyart.it\/it\/articoli-religiosi\/significato-della-mitra\/\" \/>\n<meta property=\"og:site_name\" content=\"Holyblog\" \/>\n<meta property=\"article:published_time\" content=\"2020-01-23T08:59:05+00:00\" \/>\n<meta property=\"article:modified_time\" content=\"2022-09-07T15:05:27+00:00\" \/>\n<meta property=\"og:image\" content=\"https:\/\/blog.holyart.it\/it\/wp-content\/uploads\/sites\/17\/2020\/01\/la-mitra.jpg\" \/>\n\t<meta property=\"og:image:width\" content=\"1000\" \/>\n\t<meta property=\"og:image:height\" content=\"666\" \/>\n\t<meta property=\"og:image:type\" content=\"image\/jpeg\" \/>\n<meta name=\"author\" content=\"Redazione\" \/>\n<meta name=\"twitter:card\" content=\"summary_large_image\" \/>\n<meta name=\"twitter:label1\" content=\"Scritto da\" \/>\n\t<meta name=\"twitter:data1\" content=\"Redazione\" \/>\n\t<meta name=\"twitter:label2\" content=\"Tempo di lettura stimato\" \/>\n\t<meta name=\"twitter:data2\" content=\"4 minuti\" \/>\n<script type=\"application\/ld+json\" class=\"yoast-schema-graph\">{\"@context\":\"https:\/\/schema.org\",\"@graph\":[{\"@type\":\"Article\",\"@id\":\"https:\/\/blog.holyart.it\/it\/articoli-religiosi\/significato-della-mitra\/#article\",\"isPartOf\":{\"@id\":\"https:\/\/blog.holyart.it\/it\/articoli-religiosi\/significato-della-mitra\/\"},\"author\":{\"name\":\"Redazione\",\"@id\":\"https:\/\/blog.holyart.it\/it\/#\/schema\/person\/0a7b686e5af0f856ec1e390dd0baecda\"},\"headline\":\"Il significato della Mitra\",\"datePublished\":\"2020-01-23T08:59:05+00:00\",\"dateModified\":\"2022-09-07T15:05:27+00:00\",\"mainEntityOfPage\":{\"@id\":\"https:\/\/blog.holyart.it\/it\/articoli-religiosi\/significato-della-mitra\/\"},\"wordCount\":874,\"publisher\":{\"@id\":\"https:\/\/blog.holyart.it\/it\/#organization\"},\"image\":{\"@id\":\"https:\/\/blog.holyart.it\/it\/articoli-religiosi\/significato-della-mitra\/#primaryimage\"},\"thumbnailUrl\":\"https:\/\/blog.holyart.it\/it\/wp-content\/uploads\/sites\/17\/2020\/01\/la-mitra.jpg\",\"articleSection\":[\"Liturgia\",\"Religione\"],\"inLanguage\":\"it-IT\"},{\"@type\":\"WebPage\",\"@id\":\"https:\/\/blog.holyart.it\/it\/articoli-religiosi\/significato-della-mitra\/\",\"url\":\"https:\/\/blog.holyart.it\/it\/articoli-religiosi\/significato-della-mitra\/\",\"name\":\"Il significato della Mitra - Holyblog\",\"isPartOf\":{\"@id\":\"https:\/\/blog.holyart.it\/it\/#website\"},\"primaryImageOfPage\":{\"@id\":\"https:\/\/blog.holyart.it\/it\/articoli-religiosi\/significato-della-mitra\/#primaryimage\"},\"image\":{\"@id\":\"https:\/\/blog.holyart.it\/it\/articoli-religiosi\/significato-della-mitra\/#primaryimage\"},\"thumbnailUrl\":\"https:\/\/blog.holyart.it\/it\/wp-content\/uploads\/sites\/17\/2020\/01\/la-mitra.jpg\",\"datePublished\":\"2020-01-23T08:59:05+00:00\",\"dateModified\":\"2022-09-07T15:05:27+00:00\",\"description\":\"Che cosa rappresenta la Mitra, lo strano copricapo indossato dai vescovi in diversi momenti della Liturgia? Scopriamo l'origine e il significato\",\"breadcrumb\":{\"@id\":\"https:\/\/blog.holyart.it\/it\/articoli-religiosi\/significato-della-mitra\/#breadcrumb\"},\"inLanguage\":\"it-IT\",\"potentialAction\":[{\"@type\":\"ReadAction\",\"target\":[\"https:\/\/blog.holyart.it\/it\/articoli-religiosi\/significato-della-mitra\/\"]}]},{\"@type\":\"ImageObject\",\"inLanguage\":\"it-IT\",\"@id\":\"https:\/\/blog.holyart.it\/it\/articoli-religiosi\/significato-della-mitra\/#primaryimage\",\"url\":\"https:\/\/blog.holyart.it\/it\/wp-content\/uploads\/sites\/17\/2020\/01\/la-mitra.jpg\",\"contentUrl\":\"https:\/\/blog.holyart.it\/it\/wp-content\/uploads\/sites\/17\/2020\/01\/la-mitra.jpg\",\"width\":1000,\"height\":666,\"caption\":\"la mitra\"},{\"@type\":\"BreadcrumbList\",\"@id\":\"https:\/\/blog.holyart.it\/it\/articoli-religiosi\/significato-della-mitra\/#breadcrumb\",\"itemListElement\":[{\"@type\":\"ListItem\",\"position\":1,\"name\":\"Homepage\",\"item\":\"https:\/\/blog.holyart.it\/it\/\"},{\"@type\":\"ListItem\",\"position\":2,\"name\":\"Religione\",\"item\":\"https:\/\/blog.holyart.it\/it\/articoli-religiosi\/\"},{\"@type\":\"ListItem\",\"position\":3,\"name\":\"Il significato della Mitra\"}]},{\"@type\":\"WebSite\",\"@id\":\"https:\/\/blog.holyart.it\/it\/#website\",\"url\":\"https:\/\/blog.holyart.it\/it\/\",\"name\":\"Holyblog\",\"description\":\"Il Blog di Holyart.it\",\"publisher\":{\"@id\":\"https:\/\/blog.holyart.it\/it\/#organization\"},\"potentialAction\":[{\"@type\":\"SearchAction\",\"target\":{\"@type\":\"EntryPoint\",\"urlTemplate\":\"https:\/\/blog.holyart.it\/it\/?s={search_term_string}\"},\"query-input\":{\"@type\":\"PropertyValueSpecification\",\"valueRequired\":true,\"valueName\":\"search_term_string\"}}],\"inLanguage\":\"it-IT\"},{\"@type\":\"Organization\",\"@id\":\"https:\/\/blog.holyart.it\/it\/#organization\",\"name\":\"Holyblog\",\"url\":\"https:\/\/blog.holyart.it\/it\/\",\"logo\":{\"@type\":\"ImageObject\",\"inLanguage\":\"it-IT\",\"@id\":\"https:\/\/blog.holyart.it\/it\/#\/schema\/logo\/image\/\",\"url\":\"https:\/\/blog.holyart.it\/it\/wp-content\/uploads\/sites\/17\/2022\/12\/Holyart_Blog_Logo.jpg\",\"contentUrl\":\"https:\/\/blog.holyart.it\/it\/wp-content\/uploads\/sites\/17\/2022\/12\/Holyart_Blog_Logo.jpg\",\"width\":300,\"height\":50,\"caption\":\"Holyblog\"},\"image\":{\"@id\":\"https:\/\/blog.holyart.it\/it\/#\/schema\/logo\/image\/\"}},{\"@type\":\"Person\",\"@id\":\"https:\/\/blog.holyart.it\/it\/#\/schema\/person\/0a7b686e5af0f856ec1e390dd0baecda\",\"name\":\"Redazione\"}]}<\/script>\n<!-- \/ Yoast SEO plugin. -->","yoast_head_json":{"title":"Il significato della Mitra - Holyblog","description":"Che cosa rappresenta la Mitra, lo strano copricapo indossato dai vescovi in diversi momenti della Liturgia? Scopriamo l'origine e il significato","robots":{"index":"index","follow":"follow","max-snippet":"max-snippet:-1","max-image-preview":"max-image-preview:large","max-video-preview":"max-video-preview:-1"},"canonical":"https:\/\/blog.holyart.it\/it\/articoli-religiosi\/significato-della-mitra\/","og_locale":"it_IT","og_type":"article","og_title":"Il significato della Mitra - Holyblog","og_description":"Che cosa rappresenta la Mitra, lo strano copricapo indossato dai vescovi in diversi momenti della Liturgia? Scopriamo l'origine e il significato","og_url":"https:\/\/blog.holyart.it\/it\/articoli-religiosi\/significato-della-mitra\/","og_site_name":"Holyblog","article_published_time":"2020-01-23T08:59:05+00:00","article_modified_time":"2022-09-07T15:05:27+00:00","og_image":[{"width":1000,"height":666,"url":"https:\/\/blog.holyart.it\/it\/wp-content\/uploads\/sites\/17\/2020\/01\/la-mitra.jpg","type":"image\/jpeg"}],"author":"Redazione","twitter_card":"summary_large_image","twitter_misc":{"Scritto da":"Redazione","Tempo di lettura stimato":"4 minuti"},"schema":{"@context":"https:\/\/schema.org","@graph":[{"@type":"Article","@id":"https:\/\/blog.holyart.it\/it\/articoli-religiosi\/significato-della-mitra\/#article","isPartOf":{"@id":"https:\/\/blog.holyart.it\/it\/articoli-religiosi\/significato-della-mitra\/"},"author":{"name":"Redazione","@id":"https:\/\/blog.holyart.it\/it\/#\/schema\/person\/0a7b686e5af0f856ec1e390dd0baecda"},"headline":"Il significato della Mitra","datePublished":"2020-01-23T08:59:05+00:00","dateModified":"2022-09-07T15:05:27+00:00","mainEntityOfPage":{"@id":"https:\/\/blog.holyart.it\/it\/articoli-religiosi\/significato-della-mitra\/"},"wordCount":874,"publisher":{"@id":"https:\/\/blog.holyart.it\/it\/#organization"},"image":{"@id":"https:\/\/blog.holyart.it\/it\/articoli-religiosi\/significato-della-mitra\/#primaryimage"},"thumbnailUrl":"https:\/\/blog.holyart.it\/it\/wp-content\/uploads\/sites\/17\/2020\/01\/la-mitra.jpg","articleSection":["Liturgia","Religione"],"inLanguage":"it-IT"},{"@type":"WebPage","@id":"https:\/\/blog.holyart.it\/it\/articoli-religiosi\/significato-della-mitra\/","url":"https:\/\/blog.holyart.it\/it\/articoli-religiosi\/significato-della-mitra\/","name":"Il significato della Mitra - Holyblog","isPartOf":{"@id":"https:\/\/blog.holyart.it\/it\/#website"},"primaryImageOfPage":{"@id":"https:\/\/blog.holyart.it\/it\/articoli-religiosi\/significato-della-mitra\/#primaryimage"},"image":{"@id":"https:\/\/blog.holyart.it\/it\/articoli-religiosi\/significato-della-mitra\/#primaryimage"},"thumbnailUrl":"https:\/\/blog.holyart.it\/it\/wp-content\/uploads\/sites\/17\/2020\/01\/la-mitra.jpg","datePublished":"2020-01-23T08:59:05+00:00","dateModified":"2022-09-07T15:05:27+00:00","description":"Che cosa rappresenta la Mitra, lo strano copricapo indossato dai vescovi in diversi momenti della Liturgia? Scopriamo l'origine e il significato","breadcrumb":{"@id":"https:\/\/blog.holyart.it\/it\/articoli-religiosi\/significato-della-mitra\/#breadcrumb"},"inLanguage":"it-IT","potentialAction":[{"@type":"ReadAction","target":["https:\/\/blog.holyart.it\/it\/articoli-religiosi\/significato-della-mitra\/"]}]},{"@type":"ImageObject","inLanguage":"it-IT","@id":"https:\/\/blog.holyart.it\/it\/articoli-religiosi\/significato-della-mitra\/#primaryimage","url":"https:\/\/blog.holyart.it\/it\/wp-content\/uploads\/sites\/17\/2020\/01\/la-mitra.jpg","contentUrl":"https:\/\/blog.holyart.it\/it\/wp-content\/uploads\/sites\/17\/2020\/01\/la-mitra.jpg","width":1000,"height":666,"caption":"la mitra"},{"@type":"BreadcrumbList","@id":"https:\/\/blog.holyart.it\/it\/articoli-religiosi\/significato-della-mitra\/#breadcrumb","itemListElement":[{"@type":"ListItem","position":1,"name":"Homepage","item":"https:\/\/blog.holyart.it\/it\/"},{"@type":"ListItem","position":2,"name":"Religione","item":"https:\/\/blog.holyart.it\/it\/articoli-religiosi\/"},{"@type":"ListItem","position":3,"name":"Il significato della Mitra"}]},{"@type":"WebSite","@id":"https:\/\/blog.holyart.it\/it\/#website","url":"https:\/\/blog.holyart.it\/it\/","name":"Holyblog","description":"Il Blog di Holyart.it","publisher":{"@id":"https:\/\/blog.holyart.it\/it\/#organization"},"potentialAction":[{"@type":"SearchAction","target":{"@type":"EntryPoint","urlTemplate":"https:\/\/blog.holyart.it\/it\/?s={search_term_string}"},"query-input":{"@type":"PropertyValueSpecification","valueRequired":true,"valueName":"search_term_string"}}],"inLanguage":"it-IT"},{"@type":"Organization","@id":"https:\/\/blog.holyart.it\/it\/#organization","name":"Holyblog","url":"https:\/\/blog.holyart.it\/it\/","logo":{"@type":"ImageObject","inLanguage":"it-IT","@id":"https:\/\/blog.holyart.it\/it\/#\/schema\/logo\/image\/","url":"https:\/\/blog.holyart.it\/it\/wp-content\/uploads\/sites\/17\/2022\/12\/Holyart_Blog_Logo.jpg","contentUrl":"https:\/\/blog.holyart.it\/it\/wp-content\/uploads\/sites\/17\/2022\/12\/Holyart_Blog_Logo.jpg","width":300,"height":50,"caption":"Holyblog"},"image":{"@id":"https:\/\/blog.holyart.it\/it\/#\/schema\/logo\/image\/"}},{"@type":"Person","@id":"https:\/\/blog.holyart.it\/it\/#\/schema\/person\/0a7b686e5af0f856ec1e390dd0baecda","name":"Redazione"}]}},"_links":{"self":[{"href":"https:\/\/blog.holyart.it\/it\/wp-json\/wp\/v2\/posts\/8585","targetHints":{"allow":["GET"]}}],"collection":[{"href":"https:\/\/blog.holyart.it\/it\/wp-json\/wp\/v2\/posts"}],"about":[{"href":"https:\/\/blog.holyart.it\/it\/wp-json\/wp\/v2\/types\/post"}],"author":[{"embeddable":true,"href":"https:\/\/blog.holyart.it\/it\/wp-json\/wp\/v2\/users\/1"}],"replies":[{"embeddable":true,"href":"https:\/\/blog.holyart.it\/it\/wp-json\/wp\/v2\/comments?post=8585"}],"version-history":[{"count":0,"href":"https:\/\/blog.holyart.it\/it\/wp-json\/wp\/v2\/posts\/8585\/revisions"}],"wp:featuredmedia":[{"embeddable":true,"href":"https:\/\/blog.holyart.it\/it\/wp-json\/wp\/v2\/media\/8589"}],"wp:attachment":[{"href":"https:\/\/blog.holyart.it\/it\/wp-json\/wp\/v2\/media?parent=8585"}],"wp:term":[{"taxonomy":"category","embeddable":true,"href":"https:\/\/blog.holyart.it\/it\/wp-json\/wp\/v2\/categories?post=8585"},{"taxonomy":"post_tag","embeddable":true,"href":"https:\/\/blog.holyart.it\/it\/wp-json\/wp\/v2\/tags?post=8585"}],"curies":[{"name":"wp","href":"https:\/\/api.w.org\/{rel}","templated":true}]}}