{"id":8252,"date":"2019-12-10T10:12:58","date_gmt":"2019-12-10T09:12:58","guid":{"rendered":"https:\/\/blog.holyart.it\/it\/?p=8252"},"modified":"2022-08-22T16:55:13","modified_gmt":"2022-08-22T14:55:13","slug":"albero-di-natale-con-luci-incorporate","status":"publish","type":"post","link":"https:\/\/blog.holyart.it\/it\/natale\/albero-di-natale-con-luci-incorporate\/","title":{"rendered":"Albero di natale con luci incorporate"},"content":{"rendered":"<h4>Un\u00a0Albero di Natale con luci incorporate? Perch\u00e9 no? Un modo moderno e comodo per evitare lo stress delle catene di luci senza rinunciare a tutta l&#8217;atmosfera della Festa.<\/h4>\n\n<p>Perch\u00e9 scegliere un Albero di Natale con luci incorporate? Non toglie atmosfera al Natale? Decisamente no, e vi spieghiamo il perch\u00e9.<br \/>\nOrmai si avvicina il momento di pensare all&#8217;Albero di Natale, croce e delizia delle feste imminenti. Delizia perch\u00e9 come si pu\u00f2 rinunciare alla tradizione che rivive ogni anno nelle nostre case, grazie agli\u00a0<strong><a href=\"https:\/\/www.holyart.it\/it\/natale\/alberi-di-natale\">Alberi di Natale<\/a><\/strong>, da sempre simboli di festa, di quel calore tutto famigliare, che sembra accentuarsi in questo periodo dell&#8217;anno e raccogliersi proprio intorno a questi ornamenti multicolore e splendenti di luci?<\/p>\n<p>Croce perch\u00e9, se \u00e8 vero che fare l&#8217;Albero pu\u00f2 essere una bella esperienza per tutta la famiglia, soprattutto se si utilizzano ornamenti e palline che si tramandano di generazione in generazione, pieni del sapore dolce dei Natali perduti, e se lo si addobba tutti insieme, \u00e8 pur vero che il malcapitato a cui capita l&#8217;onere di dover pensare alle\u00a0<strong><a href=\"https:\/\/www.holyart.it\/blog\/natale\/mettere-le-luci-sullalbero-natale\/\">luminarie da porre sull&#8217;Albero<\/a><\/strong>\u00a0deve andare incontro a non pochi disagi.<\/p>\n<div class=\"link-article\">\n<p><img loading=\"lazy\" decoding=\"async\" class=\"size-full wp-image-14251 alignleft\" src=\"https:\/\/blog.holyart.it\/it\/wp-content\/uploads\/sites\/17\/2019\/12\/come-mettere-le-luci-sullalbero-di-natale.jpg\" alt=\"come mettere le luci sull'albero di natale\" width=\"150\" height=\"99\" data-kale-share-title=\"Albero di natale con luci incorporate\" data-kale-share-url=\"https:\/\/blog.holyart.it\/it\/natale\/albero-di-natale-con-luci-incorporate\/\" \/><\/p>\n<div class=\"leggi-anche\">Leggi anche:<\/div>\n<p><strong><a href=\"https:\/\/www.holyart.it\/blog\/natale\/mettere-le-luci-sullalbero-natale\/\">Come mettere le luci sull\u2019albero di Natale<\/a><\/strong><br \/>\nCi siamo quasi. L\u2019inverno ci \u00e8 piombato addosso dopo un\u2019estate lunga e calda e un autunno che sembrava restio a scacciare la&#8230;<\/p>\n<\/div>\n<p>In questo articolo non parleremo della necessit\u00e0 di usare solo\u00a0<strong><a href=\"https:\/\/www.holyart.it\/blog\/natale\/utilizzare-le-luci-natale-piena-sicurezza\/\">luci di Natale sicure e certificate<\/a><\/strong>. Abbiamo gi\u00e0 dedicato ampio spazio a questo argomento. Ci ricolleghiamo tuttavia ad\u00a0articoli precedenti\u00a0per ricordare l&#8217;importanza della sicurezza nell\u2019uso delle luci, e soprattutto della cura necessaria nel riporre le luminarie di Natale una volta che si disfa l&#8217;Albero. Questo ci garantir\u00e0 di trovarle in buone condizioni l&#8217;anno successivo, ancora funzionanti, con tutte le lampadine al posto giusto, non fulminate, senza intricati grovigli di filo, e cos\u00ec via.<\/p>\n<p>Ma a volte la cura e l&#8217;attenzione non sono sufficienti.<\/p>\n<div class=\"link-article\">\n<p><img loading=\"lazy\" decoding=\"async\" class=\"size-full wp-image-14252 alignleft\" src=\"https:\/\/blog.holyart.it\/it\/wp-content\/uploads\/sites\/17\/2019\/12\/luci-natale-sicurezza-1.jpg\" alt=\"luci natale sicurezza\" width=\"150\" height=\"99\" data-kale-share-title=\"Albero di natale con luci incorporate\" data-kale-share-url=\"https:\/\/blog.holyart.it\/it\/natale\/albero-di-natale-con-luci-incorporate\/\" \/><\/p>\n<div class=\"leggi-anche\">Leggi anche:<\/div>\n<p><strong><a href=\"https:\/\/www.holyart.it\/blog\/natale\/utilizzare-le-luci-natale-piena-sicurezza\/\">Utilizzare le luci di Natale in piena sicurezza<\/a><\/strong><br \/>\nbbiamo gi\u00e0 preso in considerazione l\u2019importanza della sicurezza quando si acquistano le luci per il nostro albero di Natale e&#8230;<\/p>\n<\/div>\n<p>Disporre le catene di luci sull&#8217;Albero\u00a0non \u00e8 un&#8217;operazione banale. Innanzitutto bisogno preoccuparsi non lasciare<strong>\u00a0&#8216;buchi&#8217;<\/strong>, ovvero zone non illuminate dalle lucine che, ad Albero acceso, daranno l&#8217;impressione che esso sia spoglio e disordinato. Per fare questo dobbiamo considerare che, date le dimensioni dell&#8217;Albero, raramente un&#8217;unica catena di luci sar\u00e0 sufficiente a riempirlo in modo adeguato.<\/p>\n<p>Ecco dunque che diventa necessario acquistare pi\u00f9 di una catena di luci, e allora cominciano i veri dolori. Perch\u00e9, una volta cominciato a sistemare le lucine sull&#8217;Albero, i fili delle<strong>\u00a0varie luminarie finiscono con l&#8217;intrecciarsi<\/strong>, creano dei grovigli poco piacevoli, che sar\u00e0 poi necessario cercare di mascherare con festoni e altri addobbi, con il rischio di rovinare la simmetria dell&#8217;Albero stesso.<\/p>\n<p>Quel che \u00e8 peggio \u00e8 quando, fatte scendere tutte le nostre catene luminose dalla cima dell&#8217;Albero fino alla sua base, ci rendiamo conto troppo tardi che magari una o pi\u00f9 di esse\u00a0<strong>non sono abbastanza lunghe per arrivare alla presa<\/strong>, e allora ci tocca rifare tutto da capo, col rischio (inevitabile) di ritrovarci alle prese coi soliti aggrovigliamenti. E dover districare metri e metri di fili elettrici non concilia affatto lo spirito natalizio, ammettiamolo&#8230;<\/p>\n<p>Ancora, se siamo stati cos\u00ec bravi da calcolare alla perfezione la giusta lunghezza delle nostre <strong><a href=\"https:\/\/www.holyart.it\/it\/natale\/luci-di-natale\">catene di luci per l&#8217;Albero<\/a><\/strong>, in modo che esse lo ricoprano in modo uniforme, senza sovrapporsi, e raggiungano comodamente la spina, ecco che al momento della verit\u00e0, cio\u00e8 quando attacchiamo l&#8217;adattatore alla presa, ci rendiamo conto che una o pi\u00f9 lampadine di una catena sono<strong>\u00a0fulminate<\/strong>. Ovviamente, un consiglio banale per ovviare a quest&#8217;ultima eventualit\u00e0 \u00e8 provare le lucine attaccate alla corrente PRIMA di darci tanto da fare per metterle sull&#8217;Albero. Ma a volte anche questa precauzione non basta.<\/p>\n<p><strong>Che altro?<\/strong><\/p>\n<p>Ah gi\u00e0, i\u00a0<strong>fili neri che pendono dalla base dell&#8217;albero<\/strong>\u00a0e vanno a riunirsi nella presa di corrente, o nella ciabatta. Oltre a rappresentare una tentazione irresistibili per i bimbi di casa e magari anche per gli animali domestici, non sono certo un bello spettacolo, e risulta davvero difficile nasconderli in modo efficacie.<\/p>\n<p>Per tutti questi motivi, e non solo, l&#8217;Albero di Natale con luci incorporate pu\u00f2 rappresentare una scelta comoda, sicura e che ridurr\u00e0 al minimo lo stress, gi\u00e0 abbastanza concentrato nel periodo natalizio.<\/p>\n<p><strong>Vediamoli a confronto!<\/strong><\/p>\n<h2>Albero di Natale senza Luci incorporate<\/h2>\n<p>Mettiamo che abbiate scelto uno dei nostri degli\u00a0<strong>Alberi di Natale artificiali<\/strong>, con rami in pvc\u00a0di un bel verde naturale\u00a0che si montano facilmente con un pratico sistema a\u00a0gancio <strong>(vedi foto)<\/strong><\/p>\n<div class=\"link-product\">\n<div class=\"blocco-immagine\"><img loading=\"lazy\" decoding=\"async\" class=\"alignnone size-thumbnail wp-image-8268\" src=\"https:\/\/blog.holyart.it\/it\/wp-content\/uploads\/sites\/17\/2019\/12\/albero-di-natale-150x150.jpg\" alt=\"albero di natale\" width=\"100\" height=\"100\" \/><\/div>\n<div class=\"blocco-contenuto\">\n<div class=\"blocco-acquista\">Acquista su Holyart:<\/div>\n<div class=\"blocco-titolo\"><a href=\"https:\/\/www.holyart.it\/it\/natale\/alberi-di-natale\/albero-di-natale-230-cm-verde-bolzano\">Albero di Natale senza luci incorporate<\/a><\/div>\n<\/div>\n<\/div>\n<p>Un bellissimo Albero, semplice e super basic, economico, ma anche stabile e sicuro, realizzato con materiali garantiti. L&#8217;unica pecca? Richiede di essere addobbato completamente: palline, festoni, e naturalmente, tante catene di lucine.<\/p>\n<h2>Albero di Natale con Luci Incorporate<\/h2>\n<p>Vediamo ora un altro Albero, decisamente molto pi\u00f9 funzionale. Parliamo di un\u00a0<strong><a href=\"https:\/\/www.holyart.it\/it\/natale\/alberi-di-natale\/albero-di-natale-210-cm-poly-verde-memory-shape-luci-bluetooth\" target=\"_blank\" rel=\"noopener\">Albero di Natale con luci incorporate<\/a><\/strong>, sempre artificiale, con rami in\u00a0<strong>poly\u00a0feel-real<\/strong>\u00a0(polietilene) per un effetto estremamente realistico,\u00a0<strong>memory shape<\/strong>\u00a0per una forma perfetta (non occorre di volta in volta aprire i rami perch\u00e9 anche richiusi i rami mantengono memoria della forma aperta), e\u00a0<strong>luci integrate (vedi foto)<\/strong><\/p>\n<div class=\"link-product\">\n<div class=\"blocco-immagine\"><img loading=\"lazy\" decoding=\"async\" class=\"alignnone size-thumbnail wp-image-8273\" src=\"https:\/\/blog.holyart.it\/it\/wp-content\/uploads\/sites\/17\/2019\/12\/albero-di-natale-con-luci-incorporate-150x150.jpg\" alt=\"albero di natale con luci incorporate\" width=\"100\" height=\"100\" \/><\/div>\n<div class=\"blocco-contenuto\">\n<div class=\"blocco-acquista\">Acquista su Holyart:<\/div>\n<div class=\"blocco-titolo\"><a href=\"https:\/\/www.holyart.it\/it\/natale\/alberi-di-natale\/albero-di-natale-210-cm-poly-verde-memory-shape-luci-bluetooth\">Albero di Natale con luci incorporate<\/a><\/div>\n<\/div>\n<\/div>\n<p>Come funziona?<br \/>\nIl tronco \u00e8\u00a0<em>a baionetta<\/em>: ha un contatto interno che permette di far funzionare le luci del piano superiore senza dover collegare cavi. Facile, no?\u00a0La pratica apertura a ombrello dei rami permette inoltre di montare questo Albero di Natale in maniera veloce. In pratica ogni ramo \u00e8 agganciato a un supporto in metallo in modo permanente.<br \/>\nMa c&#8217;\u00e8 di pi\u00f9.<br \/>\nOltre alle luci led colorate integrate, con lampadine sostituibili (verr\u00e0 fornito un sacchetto con 5 lampadine di ricambio), che continuano comunque a funzionare se solo una si fulmina,\u00a0l&#8217;Albero \u00e8 dotato anche di un<strong>\u00a0programmatore Bluetooth a 9 funzioni<\/strong>! In pratica\u00a0<strong>sull&#8217;Albero \u00e8 montata<\/strong><strong>\u00a0<\/strong>una centralina Bluetooth\u00a0che pu\u00f2 essere collegata con un qualsiasi dispositivo Bluetooth (ad esempio uno Smartphone), grazie alla quale \u00e8 possibile ascoltare la\u00a0<strong>musica<\/strong>\u00a0da una cassa,\u00a0mentre le luci si illuminano in base al ritmo.<\/p>\n<p>Insomma, un\u00a0<em>must<\/em>\u00a0nel campo degli\u00a0Alberi\u00a0di Natale con luci incorporate! Ma nel nostro\u00a0<em>store on line<\/em>\u00a0ne troverete molti altri, adatti per ogni esigenza e ogni budget.<\/p>\n<p>Quello che dovete considerare \u00e8 che, quando si parla di un\u00a0Albero di Natale con luci incorporate, l&#8217;investimento \u00e8 conveniente, proprio perch\u00e9 vi permetter\u00e0 di risparmiare sulle catene di luci, costose e delicate, oltre a evitarvi un sacco di fatica e inutile nervosismo.<\/p>\n","protected":false},"excerpt":{"rendered":"<p>Un\u00a0Albero di Natale con luci incorporate? Perch\u00e9 no? Un modo moderno e comodo per evitare lo stress delle catene di luci senza rinunciare a tutta l&#8217;atmosfera della Festa. Perch\u00e9 scegliere un Albero di Natale con luci incorporate? Non toglie atmosfera al Natale? Decisamente no, e&hellip;<\/p>\n","protected":false},"author":1,"featured_media":8283,"comment_status":"closed","ping_status":"open","sticky":false,"template":"","format":"standard","meta":{"_acf_changed":false,"footnotes":""},"categories":[18],"tags":[],"class_list":["post-8252","post","type-post","status-publish","format-standard","has-post-thumbnail","hentry","category-natale"],"acf":[],"yoast_head":"<!-- This site is optimized with the Yoast SEO plugin v26.6 - https:\/\/yoast.com\/wordpress\/plugins\/seo\/ -->\n<title>Albero di natale con luci incorporate - Holyblog<\/title>\n<meta name=\"description\" content=\"Perch\u00e9 scegliere un Albero di Natale con luci incorporate? Non toglie atmosfera al Natale? Decisamente no, e vi spieghiamo il perch\u00e9.\" \/>\n<meta name=\"robots\" content=\"index, follow, max-snippet:-1, max-image-preview:large, max-video-preview:-1\" \/>\n<link rel=\"canonical\" href=\"https:\/\/blog.holyart.it\/it\/natale\/albero-di-natale-con-luci-incorporate\/\" \/>\n<meta property=\"og:locale\" content=\"it_IT\" \/>\n<meta property=\"og:type\" content=\"article\" \/>\n<meta property=\"og:title\" content=\"Albero di natale con luci incorporate - Holyblog\" \/>\n<meta property=\"og:description\" content=\"Perch\u00e9 scegliere un Albero di Natale con luci incorporate? Non toglie atmosfera al Natale? Decisamente no, e vi spieghiamo il perch\u00e9.\" \/>\n<meta property=\"og:url\" content=\"https:\/\/blog.holyart.it\/it\/natale\/albero-di-natale-con-luci-incorporate\/\" \/>\n<meta property=\"og:site_name\" content=\"Holyblog\" \/>\n<meta property=\"article:published_time\" content=\"2019-12-10T09:12:58+00:00\" \/>\n<meta property=\"article:modified_time\" content=\"2022-08-22T14:55:13+00:00\" \/>\n<meta property=\"og:image\" content=\"https:\/\/blog.holyart.it\/it\/wp-content\/uploads\/sites\/17\/2019\/12\/albero-di-natale-con-luci-incorporate-1.jpg\" \/>\n\t<meta property=\"og:image:width\" content=\"1000\" \/>\n\t<meta property=\"og:image:height\" content=\"666\" \/>\n\t<meta property=\"og:image:type\" content=\"image\/jpeg\" \/>\n<meta name=\"author\" content=\"Redazione\" \/>\n<meta name=\"twitter:card\" content=\"summary_large_image\" \/>\n<meta name=\"twitter:label1\" content=\"Scritto da\" \/>\n\t<meta name=\"twitter:data1\" content=\"Redazione\" \/>\n\t<meta name=\"twitter:label2\" content=\"Tempo di lettura stimato\" \/>\n\t<meta name=\"twitter:data2\" content=\"5 minuti\" \/>\n<script type=\"application\/ld+json\" class=\"yoast-schema-graph\">{\"@context\":\"https:\/\/schema.org\",\"@graph\":[{\"@type\":\"Article\",\"@id\":\"https:\/\/blog.holyart.it\/it\/natale\/albero-di-natale-con-luci-incorporate\/#article\",\"isPartOf\":{\"@id\":\"https:\/\/blog.holyart.it\/it\/natale\/albero-di-natale-con-luci-incorporate\/\"},\"author\":{\"name\":\"Redazione\",\"@id\":\"https:\/\/blog.holyart.it\/it\/#\/schema\/person\/0a7b686e5af0f856ec1e390dd0baecda\"},\"headline\":\"Albero di natale con luci incorporate\",\"datePublished\":\"2019-12-10T09:12:58+00:00\",\"dateModified\":\"2022-08-22T14:55:13+00:00\",\"mainEntityOfPage\":{\"@id\":\"https:\/\/blog.holyart.it\/it\/natale\/albero-di-natale-con-luci-incorporate\/\"},\"wordCount\":1082,\"publisher\":{\"@id\":\"https:\/\/blog.holyart.it\/it\/#organization\"},\"image\":{\"@id\":\"https:\/\/blog.holyart.it\/it\/natale\/albero-di-natale-con-luci-incorporate\/#primaryimage\"},\"thumbnailUrl\":\"https:\/\/blog.holyart.it\/it\/wp-content\/uploads\/sites\/17\/2019\/12\/albero-di-natale-con-luci-incorporate-1.jpg\",\"articleSection\":[\"Natale\"],\"inLanguage\":\"it-IT\"},{\"@type\":\"WebPage\",\"@id\":\"https:\/\/blog.holyart.it\/it\/natale\/albero-di-natale-con-luci-incorporate\/\",\"url\":\"https:\/\/blog.holyart.it\/it\/natale\/albero-di-natale-con-luci-incorporate\/\",\"name\":\"Albero di natale con luci incorporate - Holyblog\",\"isPartOf\":{\"@id\":\"https:\/\/blog.holyart.it\/it\/#website\"},\"primaryImageOfPage\":{\"@id\":\"https:\/\/blog.holyart.it\/it\/natale\/albero-di-natale-con-luci-incorporate\/#primaryimage\"},\"image\":{\"@id\":\"https:\/\/blog.holyart.it\/it\/natale\/albero-di-natale-con-luci-incorporate\/#primaryimage\"},\"thumbnailUrl\":\"https:\/\/blog.holyart.it\/it\/wp-content\/uploads\/sites\/17\/2019\/12\/albero-di-natale-con-luci-incorporate-1.jpg\",\"datePublished\":\"2019-12-10T09:12:58+00:00\",\"dateModified\":\"2022-08-22T14:55:13+00:00\",\"description\":\"Perch\u00e9 scegliere un Albero di Natale con luci incorporate? Non toglie atmosfera al Natale? Decisamente no, e vi spieghiamo il perch\u00e9.\",\"breadcrumb\":{\"@id\":\"https:\/\/blog.holyart.it\/it\/natale\/albero-di-natale-con-luci-incorporate\/#breadcrumb\"},\"inLanguage\":\"it-IT\",\"potentialAction\":[{\"@type\":\"ReadAction\",\"target\":[\"https:\/\/blog.holyart.it\/it\/natale\/albero-di-natale-con-luci-incorporate\/\"]}]},{\"@type\":\"ImageObject\",\"inLanguage\":\"it-IT\",\"@id\":\"https:\/\/blog.holyart.it\/it\/natale\/albero-di-natale-con-luci-incorporate\/#primaryimage\",\"url\":\"https:\/\/blog.holyart.it\/it\/wp-content\/uploads\/sites\/17\/2019\/12\/albero-di-natale-con-luci-incorporate-1.jpg\",\"contentUrl\":\"https:\/\/blog.holyart.it\/it\/wp-content\/uploads\/sites\/17\/2019\/12\/albero-di-natale-con-luci-incorporate-1.jpg\",\"width\":1000,\"height\":666,\"caption\":\"albero di natale con luci incorporate\"},{\"@type\":\"BreadcrumbList\",\"@id\":\"https:\/\/blog.holyart.it\/it\/natale\/albero-di-natale-con-luci-incorporate\/#breadcrumb\",\"itemListElement\":[{\"@type\":\"ListItem\",\"position\":1,\"name\":\"Homepage\",\"item\":\"https:\/\/blog.holyart.it\/it\/\"},{\"@type\":\"ListItem\",\"position\":2,\"name\":\"Natale\",\"item\":\"https:\/\/blog.holyart.it\/it\/natale\/\"},{\"@type\":\"ListItem\",\"position\":3,\"name\":\"Albero di natale con luci incorporate\"}]},{\"@type\":\"WebSite\",\"@id\":\"https:\/\/blog.holyart.it\/it\/#website\",\"url\":\"https:\/\/blog.holyart.it\/it\/\",\"name\":\"Holyblog\",\"description\":\"Il Blog di Holyart.it\",\"publisher\":{\"@id\":\"https:\/\/blog.holyart.it\/it\/#organization\"},\"potentialAction\":[{\"@type\":\"SearchAction\",\"target\":{\"@type\":\"EntryPoint\",\"urlTemplate\":\"https:\/\/blog.holyart.it\/it\/?s={search_term_string}\"},\"query-input\":{\"@type\":\"PropertyValueSpecification\",\"valueRequired\":true,\"valueName\":\"search_term_string\"}}],\"inLanguage\":\"it-IT\"},{\"@type\":\"Organization\",\"@id\":\"https:\/\/blog.holyart.it\/it\/#organization\",\"name\":\"Holyblog\",\"url\":\"https:\/\/blog.holyart.it\/it\/\",\"logo\":{\"@type\":\"ImageObject\",\"inLanguage\":\"it-IT\",\"@id\":\"https:\/\/blog.holyart.it\/it\/#\/schema\/logo\/image\/\",\"url\":\"https:\/\/blog.holyart.it\/it\/wp-content\/uploads\/sites\/17\/2022\/12\/Holyart_Blog_Logo.jpg\",\"contentUrl\":\"https:\/\/blog.holyart.it\/it\/wp-content\/uploads\/sites\/17\/2022\/12\/Holyart_Blog_Logo.jpg\",\"width\":300,\"height\":50,\"caption\":\"Holyblog\"},\"image\":{\"@id\":\"https:\/\/blog.holyart.it\/it\/#\/schema\/logo\/image\/\"}},{\"@type\":\"Person\",\"@id\":\"https:\/\/blog.holyart.it\/it\/#\/schema\/person\/0a7b686e5af0f856ec1e390dd0baecda\",\"name\":\"Redazione\"}]}<\/script>\n<!-- \/ Yoast SEO plugin. -->","yoast_head_json":{"title":"Albero di natale con luci incorporate - Holyblog","description":"Perch\u00e9 scegliere un Albero di Natale con luci incorporate? Non toglie atmosfera al Natale? Decisamente no, e vi spieghiamo il perch\u00e9.","robots":{"index":"index","follow":"follow","max-snippet":"max-snippet:-1","max-image-preview":"max-image-preview:large","max-video-preview":"max-video-preview:-1"},"canonical":"https:\/\/blog.holyart.it\/it\/natale\/albero-di-natale-con-luci-incorporate\/","og_locale":"it_IT","og_type":"article","og_title":"Albero di natale con luci incorporate - Holyblog","og_description":"Perch\u00e9 scegliere un Albero di Natale con luci incorporate? Non toglie atmosfera al Natale? Decisamente no, e vi spieghiamo il perch\u00e9.","og_url":"https:\/\/blog.holyart.it\/it\/natale\/albero-di-natale-con-luci-incorporate\/","og_site_name":"Holyblog","article_published_time":"2019-12-10T09:12:58+00:00","article_modified_time":"2022-08-22T14:55:13+00:00","og_image":[{"width":1000,"height":666,"url":"https:\/\/blog.holyart.it\/it\/wp-content\/uploads\/sites\/17\/2019\/12\/albero-di-natale-con-luci-incorporate-1.jpg","type":"image\/jpeg"}],"author":"Redazione","twitter_card":"summary_large_image","twitter_misc":{"Scritto da":"Redazione","Tempo di lettura stimato":"5 minuti"},"schema":{"@context":"https:\/\/schema.org","@graph":[{"@type":"Article","@id":"https:\/\/blog.holyart.it\/it\/natale\/albero-di-natale-con-luci-incorporate\/#article","isPartOf":{"@id":"https:\/\/blog.holyart.it\/it\/natale\/albero-di-natale-con-luci-incorporate\/"},"author":{"name":"Redazione","@id":"https:\/\/blog.holyart.it\/it\/#\/schema\/person\/0a7b686e5af0f856ec1e390dd0baecda"},"headline":"Albero di natale con luci incorporate","datePublished":"2019-12-10T09:12:58+00:00","dateModified":"2022-08-22T14:55:13+00:00","mainEntityOfPage":{"@id":"https:\/\/blog.holyart.it\/it\/natale\/albero-di-natale-con-luci-incorporate\/"},"wordCount":1082,"publisher":{"@id":"https:\/\/blog.holyart.it\/it\/#organization"},"image":{"@id":"https:\/\/blog.holyart.it\/it\/natale\/albero-di-natale-con-luci-incorporate\/#primaryimage"},"thumbnailUrl":"https:\/\/blog.holyart.it\/it\/wp-content\/uploads\/sites\/17\/2019\/12\/albero-di-natale-con-luci-incorporate-1.jpg","articleSection":["Natale"],"inLanguage":"it-IT"},{"@type":"WebPage","@id":"https:\/\/blog.holyart.it\/it\/natale\/albero-di-natale-con-luci-incorporate\/","url":"https:\/\/blog.holyart.it\/it\/natale\/albero-di-natale-con-luci-incorporate\/","name":"Albero di natale con luci incorporate - Holyblog","isPartOf":{"@id":"https:\/\/blog.holyart.it\/it\/#website"},"primaryImageOfPage":{"@id":"https:\/\/blog.holyart.it\/it\/natale\/albero-di-natale-con-luci-incorporate\/#primaryimage"},"image":{"@id":"https:\/\/blog.holyart.it\/it\/natale\/albero-di-natale-con-luci-incorporate\/#primaryimage"},"thumbnailUrl":"https:\/\/blog.holyart.it\/it\/wp-content\/uploads\/sites\/17\/2019\/12\/albero-di-natale-con-luci-incorporate-1.jpg","datePublished":"2019-12-10T09:12:58+00:00","dateModified":"2022-08-22T14:55:13+00:00","description":"Perch\u00e9 scegliere un Albero di Natale con luci incorporate? Non toglie atmosfera al Natale? Decisamente no, e vi spieghiamo il perch\u00e9.","breadcrumb":{"@id":"https:\/\/blog.holyart.it\/it\/natale\/albero-di-natale-con-luci-incorporate\/#breadcrumb"},"inLanguage":"it-IT","potentialAction":[{"@type":"ReadAction","target":["https:\/\/blog.holyart.it\/it\/natale\/albero-di-natale-con-luci-incorporate\/"]}]},{"@type":"ImageObject","inLanguage":"it-IT","@id":"https:\/\/blog.holyart.it\/it\/natale\/albero-di-natale-con-luci-incorporate\/#primaryimage","url":"https:\/\/blog.holyart.it\/it\/wp-content\/uploads\/sites\/17\/2019\/12\/albero-di-natale-con-luci-incorporate-1.jpg","contentUrl":"https:\/\/blog.holyart.it\/it\/wp-content\/uploads\/sites\/17\/2019\/12\/albero-di-natale-con-luci-incorporate-1.jpg","width":1000,"height":666,"caption":"albero di natale con luci incorporate"},{"@type":"BreadcrumbList","@id":"https:\/\/blog.holyart.it\/it\/natale\/albero-di-natale-con-luci-incorporate\/#breadcrumb","itemListElement":[{"@type":"ListItem","position":1,"name":"Homepage","item":"https:\/\/blog.holyart.it\/it\/"},{"@type":"ListItem","position":2,"name":"Natale","item":"https:\/\/blog.holyart.it\/it\/natale\/"},{"@type":"ListItem","position":3,"name":"Albero di natale con luci incorporate"}]},{"@type":"WebSite","@id":"https:\/\/blog.holyart.it\/it\/#website","url":"https:\/\/blog.holyart.it\/it\/","name":"Holyblog","description":"Il Blog di Holyart.it","publisher":{"@id":"https:\/\/blog.holyart.it\/it\/#organization"},"potentialAction":[{"@type":"SearchAction","target":{"@type":"EntryPoint","urlTemplate":"https:\/\/blog.holyart.it\/it\/?s={search_term_string}"},"query-input":{"@type":"PropertyValueSpecification","valueRequired":true,"valueName":"search_term_string"}}],"inLanguage":"it-IT"},{"@type":"Organization","@id":"https:\/\/blog.holyart.it\/it\/#organization","name":"Holyblog","url":"https:\/\/blog.holyart.it\/it\/","logo":{"@type":"ImageObject","inLanguage":"it-IT","@id":"https:\/\/blog.holyart.it\/it\/#\/schema\/logo\/image\/","url":"https:\/\/blog.holyart.it\/it\/wp-content\/uploads\/sites\/17\/2022\/12\/Holyart_Blog_Logo.jpg","contentUrl":"https:\/\/blog.holyart.it\/it\/wp-content\/uploads\/sites\/17\/2022\/12\/Holyart_Blog_Logo.jpg","width":300,"height":50,"caption":"Holyblog"},"image":{"@id":"https:\/\/blog.holyart.it\/it\/#\/schema\/logo\/image\/"}},{"@type":"Person","@id":"https:\/\/blog.holyart.it\/it\/#\/schema\/person\/0a7b686e5af0f856ec1e390dd0baecda","name":"Redazione"}]}},"_links":{"self":[{"href":"https:\/\/blog.holyart.it\/it\/wp-json\/wp\/v2\/posts\/8252","targetHints":{"allow":["GET"]}}],"collection":[{"href":"https:\/\/blog.holyart.it\/it\/wp-json\/wp\/v2\/posts"}],"about":[{"href":"https:\/\/blog.holyart.it\/it\/wp-json\/wp\/v2\/types\/post"}],"author":[{"embeddable":true,"href":"https:\/\/blog.holyart.it\/it\/wp-json\/wp\/v2\/users\/1"}],"replies":[{"embeddable":true,"href":"https:\/\/blog.holyart.it\/it\/wp-json\/wp\/v2\/comments?post=8252"}],"version-history":[{"count":0,"href":"https:\/\/blog.holyart.it\/it\/wp-json\/wp\/v2\/posts\/8252\/revisions"}],"wp:featuredmedia":[{"embeddable":true,"href":"https:\/\/blog.holyart.it\/it\/wp-json\/wp\/v2\/media\/8283"}],"wp:attachment":[{"href":"https:\/\/blog.holyart.it\/it\/wp-json\/wp\/v2\/media?parent=8252"}],"wp:term":[{"taxonomy":"category","embeddable":true,"href":"https:\/\/blog.holyart.it\/it\/wp-json\/wp\/v2\/categories?post=8252"},{"taxonomy":"post_tag","embeddable":true,"href":"https:\/\/blog.holyart.it\/it\/wp-json\/wp\/v2\/tags?post=8252"}],"curies":[{"name":"wp","href":"https:\/\/api.w.org\/{rel}","templated":true}]}}