{"id":8130,"date":"2019-11-19T10:41:22","date_gmt":"2019-11-19T09:41:22","guid":{"rendered":"https:\/\/blog.holyart.it\/it\/?p=8130"},"modified":"2022-11-21T15:11:51","modified_gmt":"2022-11-21T14:11:51","slug":"le-piu-belle-frasi-di-papa-francesco-sul-natale","status":"publish","type":"post","link":"https:\/\/blog.holyart.it\/it\/articoli-religiosi\/le-piu-belle-frasi-di-papa-francesco-sul-natale\/","title":{"rendered":"Le pi\u00f9 belle frasi di papa Francesco sul Natale"},"content":{"rendered":"<h4 style=\"text-align: center;\">Il Natale si avvicina. Ognuno si prepara a suo modo per questa festa importante e preziosa per ogni cristiano. Scopriamo le pi\u00f9 belle frasi di Papa Francesco dedicate al Natale e ispiriamoci ad esse.<\/h4>\n\n<p>Perch\u00e9 abbiamo voluto raccogliere le\u00a0pi\u00f9 belle frasi di Papa Francesco in vista del Natale? Come ogni anno l&#8217;atmosfera natalizia inizia a farsi sentire molto prima dell&#8217;arrivo delle Feste. Soprattutto per i credenti, \u00e8 importante cominciare presto a rivolgere la mente e il cuore a questa celebrazione che ci ricorda la nascita di Ges\u00f9 Cristo, e con essa il rinnovarsi dell&#8217;Alleanza tra Cielo e Terra. <strong><a href=\"https:\/\/www.holyart.it\/it\/natale\/avvento\">Il tempo dell&#8217;Avvento<\/a><\/strong> serve proprio a questo, a prepararsi al <strong><a href=\"https:\/\/www.holyart.it\/it\/natale\">Natale<\/a><\/strong>.\u00a0La prima domenica di Avvento (quest&#8217;anno cade il 1 dicembre)\u00a0coincide con l&#8217;inizio del nuovo Anno liturgico, e ad essa ne seguono altre quattro, caratterizzate da celebrazioni e preghiere particolari.<\/p>\n<p>L\u2019Avvento \u00e8 un tempo di\u00a0attesa\u00a0della venuta di Dio, di\u00a0conversione, perch\u00e9 con il rinnovarsi della nascita di Ges\u00f9 il Regno dei Cieli \u00e8 pi\u00f9 vicino, e di\u00a0speranza\u00a0nella salvezza eterna promessa.<\/p>\n<p>Dio dunque viene verso di noi, e a noi sta andare verso di lui, con un cammino spirituale fatto di preghiera, misericordia e predisposizione verso il prossimo.<\/p>\n<p><strong><a href=\"http:\/\/holyart.it\/it\/occasioni-speciali\/papa-francesco?sorter_id=5&amp;sort=20a\">Papa Francesco<\/a><\/strong>\u00a0ci invita a ricordare proprio questo, ricordando l&#8217;importanza dell\u2019impegno personale\u00a0in preparazione al Natale e alla necessit\u00e0 della\u00a0misericordia\u00a0per testimoniare questo impegno.<\/p>\n<div class=\"link-product\">\n<div class=\"blocco-immagine\"><img loading=\"lazy\" decoding=\"async\" class=\"alignnone size-full wp-image-8154\" src=\"https:\/\/blog.holyart.it\/it\/wp-content\/uploads\/sites\/17\/2019\/11\/rosario-papa-francesco.jpg\" alt=\"rosario papa francesco\" width=\"100\" height=\"100\" \/><\/div>\n<div class=\"blocco-contenuto\">\n<div class=\"blocco-acquista\">Acquista su Holyart:<\/div>\n<div class=\"blocco-titolo\"><a href=\"https:\/\/www.holyart.it\/it\/articoli-religiosi\/rosari-e-portarosari\/rosari-pietra-dura\/rosario-papa-francesco-ematite-6mm\">Rosario con crociera Papa Francesco<\/a><\/div>\n<\/div>\n<\/div>\n<p>Per il Santo Pontefice pochi momenti dell&#8217;anno liturgico sono significativi per un cristiano come il Natale. Esso rappresenta un&#8217;occasione di\u00a0<strong>avvicinamento e incontro con Dio<\/strong>, e come tale va vissuto con gioia, ma anche consapevolezza.<\/p>\n<p>Ogni anno, il Papa pronuncia una speciale\u00a0omelia\u00a0durante la Messa della Notte di Natale. Il tema cambia di anno in anno, e il Pontefice si sofferma sulla\u00a0<strong>solidariet\u00e0<\/strong>\u00a0verso i meno fortunati, sulla\u00a0<strong>speranza<\/strong>, sull&#8217;<strong>accoglienza<\/strong>\u00a0a chi viene da lontano, ma lo spirito generale resta quello di rimarcare la\u00a0<strong>gioia<\/strong>\u00a0che la venuta di\u00a0Ges\u00f9 Bambino\u00a0rappresenta per tutti noi.<\/p>\n<p>Da tutti questi discorsi sono state estrapolate delle frasi, che sono divenute veri e proprio slogan d&#8217;amore e speranza. Abbiamo voluto raccoglierne alcuni, per voi e perch\u00e9 possiate riportarli ai vostri parenti e amici, magari come auguri di Natale, o solo per prepararsi insieme all&#8217;atmosfera di questa festa preziosa e unica.<\/p>\n<h2>Sulla nascita o sacrificio di Ges\u00f9<\/h2>\n<p>Abbiamo voluto suddividere\u00a0le pi\u00f9 belle frasi di Papa Francesco sul Natale in diversi gruppi. Il protagonista delle affermazioni del Pontefice \u00e8 molto spesso\u00a0<a href=\"https:\/\/www.holyart.it\/it\/natale\/statue-gesu-bambino\"><strong>Ges\u00f9<\/strong>,\u00a0<strong>Bambino<\/strong><\/a>\u00a0santo che nasce in questa notte magica per riportare la speranza a tutti gli uomini,\u00a0<strong>Salvatore<\/strong>\u00a0che raccoglie i peccati del mondo per liberare l&#8217;umanit\u00e0,\u00a0<strong>Dio<\/strong>\u00a0che dona se stesso per la nostra salvezza eterna.<\/p>\n<div class=\"link-product\">\n<div class=\"blocco-immagine\"><img loading=\"lazy\" decoding=\"async\" class=\"alignnone size-full wp-image-8146\" src=\"https:\/\/blog.holyart.it\/it\/wp-content\/uploads\/sites\/17\/2019\/11\/lacca-russa-nascita-di-cristo.jpg\" alt=\"lacca russa nascita di cristo\" width=\"100\" height=\"100\" \/><\/div>\n<div class=\"blocco-contenuto\">\n<div class=\"blocco-acquista\">Acquista su Holyart:<\/div>\n<div class=\"blocco-titolo\"><a href=\"https:\/\/www.holyart.it\/it\/articoli-religiosi\/icone-sacre\/scatole-lacche-russe\/lacca-cartapesta-russa-decorata-la-nascita-di-cristo-14x10-cm\">La nascita di Cristo<br \/>\nScatole Russe Laccate<\/a><\/div>\n<\/div>\n<\/div>\n<p>Il Papa ci invita a\u00a0<strong>camminare verso Dio<\/strong>, mentre Lui avanza verso di noi, in modo che l&#8217;attesa del Natale non sia solo un restare fermi passivamente aspettando di essere salvati, ma un vero\u00a0<strong>cammino di fede<\/strong>\u00a0e di impegno personale. Non basta poi assistere al Natale, ma bisogna\u00a0<strong>entrarvi<\/strong>, divenirne parte integrante, comprendendo il vero significato, che pu\u00f2 insegnarci a essere uomini migliori e a rendere migliore in nostro mondo. Il Papa condanna la guerra, l&#8217;egoismo, perfino l&#8217;eccessiva\u00a0<strong>mondanit\u00e0<\/strong>, che rischia di farci perdere di vista ci\u00f2 che davvero conta in questo periodo dell&#8217;anno e in ogni giorno. Rivendica anche l&#8217;importanza dell&#8217;<strong>umilt\u00e0<\/strong>: Maria e Giuseppe erano persone umili, e cos\u00ec lo erano i pastori che per primi adorarono e riconobbero Ges\u00f9. La Nativit\u00e0 diventa in questo senso l&#8217;emblema di una riconoscimento nato dall&#8217;amore di persone semplici, e proprio per questo pi\u00f9 disposte ad amare e credere, ma anche un invito a permette a Ges\u00f9 di\u00a0<strong>rinascere dentro di noi<\/strong>, per renderci strumenti di misericordia e veicoli del suo amore.<\/p>\n<p>Ecco le pi\u00f9 belle frasi di Papa Francesco sulla venuta di Ges\u00f9 e sul suo sacrificio:<\/p>\n<p><em>In Ges\u00f9, assaporeremo lo spirito vero del Natale:<strong>\u00a0la bellezza di essere amati da Dio<\/strong>.<\/em><\/p>\n<p><em>A Natale\u00a0<strong>Dio ci dona tutto S\u00e9 stesso<\/strong>\u00a0donando il suo Figlio, l\u2019Unico, che \u00e8 tutta la sua gioia.<\/em><\/p>\n<p><em>l mondo ha bisogno di\u00a0<strong>tenerezza<\/strong>,\u00a0<strong>bont\u00e0<\/strong>\u00a0e\u00a0<strong>mansuetudine<\/strong>.<\/em><\/p>\n<p><em>Il Natale \u00e8 la sorpresa di un\u00a0<strong>Dio bambino<\/strong>, di un Dio\u00a0<strong>povero<\/strong>, di un Dio\u00a0<strong>debole<\/strong>, di un Dio che abbandona la sua grandezza per farsi\u00a0<strong>vicino a ognuno di noi<\/strong>.<\/em><\/p>\n<p><em>Avviciniamoci a Dio che si fa vicino, fermiamoci a guardare il presepe, immaginiamo la nascita di Ges\u00f9: la luce e la pace, la somma povert\u00e0 e il rifiuto.\u00a0<strong>Entriamo nel vero Natale<\/strong>\u00a0con i pastori, portiamo a Ges\u00f9 quello che siamo, le nostre emarginazioni, le nostre ferite non guarite, i nostri peccati.<\/em><\/p>\n<p><em>Che lo Spirito Santo illumini oggi i nostri cuori, perch\u00e9 possiamo riconoscere nel Bambino Ges\u00f9, nato a Betlemme dalla Vergine Maria,\u00a0<strong>la salvezza donata da Dio<\/strong>\u00a0a ognuno di noi, a ogni uomo e a tutti i popoli della terra.<\/em><\/p>\n<p><em>Come i pastori, accorsi per primi alla grotta, restiamo stupiti davanti\u00a0<strong>al segno che Dio ci ha dato<\/strong>: \u00abUn bambino avvolto in fasce, adagiato in una mangiatoia\u00bb (Lc 2,12). In silenzio, ci inginocchiamo, e adoriamo.<\/em><\/p>\n<p><em>Con la nascita di Ges\u00f9 \u00e8 nata una\u00a0<strong>promessa nuova<\/strong>, \u00e8 nato un mondo nuovo, ma anche un mondo che pu\u00f2 essere sempre rinnovato.<\/em><\/p>\n<p><em>Dove nasce Dio, nasce la\u00a0<strong>speranza<\/strong>: Lui porta la speranza. Dove nasce Dio, nasce la\u00a0<strong>pace<\/strong>. E dove nasce la pace, non c\u2019\u00e8 pi\u00f9 posto per l\u2019odio e per la guerra.<\/em><\/p>\n<p><em>Il dono prezioso del Natale \u00e8 la<strong>\u00a0pace<\/strong>, e Cristo \u00e8 la nostra vera pace. E Cristo bussa ai nostri cuori per donarci la pace, la pace dell\u2019anima. Apriamo le porte a Cristo!<\/em><\/p>\n<p><em>Liberiamo il Natale dalla\u00a0<strong>mondanit\u00e0<\/strong>\u00a0che l\u2019ha preso in ostaggio! Lo spirito vero del Natale \u00e8 la bellezza di essere amati da Dio.<\/em><\/p>\n<p><em>Ges\u00f9 \u00e8 venuto ad\u00a0<strong>abitare in mezzo a noi<\/strong>, in mezzo ai nostri limiti e ai nostri peccati, per donarci l\u2019<strong>amore<\/strong>\u00a0della Santissima Trinit\u00e0. E come uomo ci ha mostrato la \u00abvia\u00bb dell\u2019amore, cio\u00e8 il\u00a0<strong>servizio<\/strong>, fatto con umilt\u00e0, fino a dare la vita.<\/em><\/p>\n<p><em>Guardando il Bambino nel presepe, Bambino di pace, pensiamo ai\u00a0<strong>bambini<\/strong>\u00a0che sono le vittime pi\u00f9 fragili delle guerre, ma pensiamo anche agli anziani, alle donne maltrattate, ai malati\u2026 Le\u00a0<strong>guerre<\/strong>\u00a0spezzano e feriscono tante vite!<\/em><\/p>\n<p><em>Il Divino Bambino, Re della pace, faccia tacere le armi e sorgere un\u2019alba nuova di<strong>\u00a0fraternit\u00e0<\/strong>, benedicendo gli sforzi di quanti si adoperano per favorire percorsi di riconciliazione a livello politico e sociale.<\/em><\/p>\n<p><em>Ges\u00f9, il Figlio di Dio, il Salvatore del mondo, \u00e8 nato per noi. \u00c8 nato a Betlemme da una vergine, realizzando le antiche profezie. La vergine si chiama Maria, il suo sposo Giuseppe. Sono le\u00a0<strong>persone umili<\/strong>, piene di speranza nella bont\u00e0 di Dio, che accolgono Ges\u00f9 e lo riconoscono. Cos\u00ec lo Spirito Santo ha illuminato i\u00a0<strong>pastori di Betlemme<\/strong>, che sono accorsi alla grotta e hanno adorato il Bambino.<\/em><\/p>\n<p><em>Ges\u00f9 viene a\u00a0<strong>nascere ancora nella vita di ciascuno di noi<\/strong>\u00a0e, attraverso di noi, continua ad essere dono di salvezza per i piccoli e gli esclusi.<\/em><\/p>\n<p><em>In questo Bambino, Dio ci invita a farci carico della\u00a0<strong>speranza<\/strong>. Ci invita a farci\u00a0<strong>sentinelle per molti<\/strong>\u00a0che hanno ceduto sotto il peso della desolazione che nasce dal trovare tante porte chiuse. In questo Bambino, Dio ci rende\u00a0<strong>protagonisti<\/strong>\u00a0della sua ospitalit\u00e0.<\/em><\/p>\n<h2>Sull&#8217;amore di una madre<\/h2>\n<p>Papa Francesco dimostra da sempre grande considerazione per le donne e le madri, per la loro volont\u00e0, per il loro coraggio, per il loro amore. Quale occasione migliore del Natale per rivendicare la purezza e la forza di questo amore? Il Papa cita spesso\u00a0<strong><a href=\"https:\/\/www.holyart.it\/articoli\/statue-madonna.php\">Maria Vergine<\/a><\/strong>, madre di Ges\u00f9, che da sempre si pone come &#8216;ambasciatrice&#8217; tra Terra e Cielo, proprio in virt\u00f9 di quel legame indissolubile e speciale che la unisce a Dio attraverso Suo Figlio. Maria che ha donato se stessa solo per amore, per fede, che ha<strong>\u00a0creduto<\/strong>\u00a0e atteso, e sofferto in nome di un bene ineffabile. Ecco allora che Maria diventa un tramite, ma anche e soprattutto un\u00a0<strong>modello cristiano di donna e madre<\/strong>, una<strong>\u00a0fonte di ispirazione<\/strong>\u00a0inestimabile a cui guardare. Il Papa ricorda anche sempre come la\u00a0<strong>Chiesa<\/strong>\u00a0sia madre amorevole e attenta per tutti i suoi fedeli.<\/p>\n<div class=\"link-product\">\n<div class=\"blocco-immagine\"><img loading=\"lazy\" decoding=\"async\" class=\"alignnone size-full wp-image-8159\" src=\"https:\/\/blog.holyart.it\/it\/wp-content\/uploads\/sites\/17\/2019\/11\/cristo-e-madonna-crocifisso.jpg\" alt=\"cristo e madonna crocifisso\" width=\"100\" height=\"100\" \/><\/div>\n<div class=\"blocco-contenuto\">\n<div class=\"blocco-acquista\">Acquista su Holyart:<\/div>\n<div class=\"blocco-titolo\"><a href=\"https:\/\/www.holyart.it\/it\/occasioni-speciali\/madonna-di-medjugorje\/croci-e-calamite-e-oggettistica\/crocifisso-medjugorje-cristo-e-maria-25x16-cm\">Maria che regge suo figlio<br \/>\nCrocifisso realizzato a Medjugorje<\/a><\/div>\n<\/div>\n<\/div>\n<p><em>Nel mistero del Natale, accanto a Maria c\u2019\u00e8 la silenziosa presenza di san Giuseppe, come viene raffigurata in ogni presepe. L\u2019esempio di Maria e di Giuseppe \u00e8 per tutti noi un invito ad\u00a0<strong>accogliere con totale apertura d\u2019animo Ges\u00f9<\/strong>, che per amore si \u00e8 fatto nostro fratello. Egli viene a portare al mondo il dono della pace.<\/em><\/p>\n<p><em>Ci affidiamo all\u2019<strong>intercessione<\/strong>\u00a0della nostra Madre e di san Giuseppe, per vivere un Natale veramente cristiano, liberi da ogni mondanit\u00e0, pronti ad accogliere il Salvatore, il Dio-con-noi.<\/em><\/p>\n<p><em>Una mamma genera alla vita, porta nel suo grembo per nove mesi il proprio figlio e poi lo apre alla vita, generandolo. Cos\u00ec \u00e8 la Chiesa: ci genera nella fede, per opera dello Spirito Santo che la rende feconda, come la Vergine Maria.\u00a0<\/em><\/p>\n<p><em>Maria \u00abdiede alla luce il suo figlio primogenito\u00bb (Lc\u00a02,7). Maria ci ha dato la Luce. Tutto, in quella notte, diventava fonte di speranza.<\/em><\/p>\n<p><em>Le madri sono l\u2019antidoto pi\u00f9 forte al dilagare dell\u2019individualismo egoistico. &#8220;Individuo&#8221; vuol dire &#8220;che non si pu\u00f2 dividere&#8221;. Le madri invece si &#8220;dividono&#8221;, a partire da quando ospitano un figlio per darlo al mondo e farlo crescere.<\/em><\/p>\n<p><em>La Vergine Maria \u00e8 la\u00a0<strong>&#8220;via&#8221;<\/strong>\u00a0che Dio stesso si \u00e8 preparato per venire nel mondo. Affidiamo a Lei l&#8217;attesa di salvezza e di pace di tutti gli uomini e le donne del nostro tempo. \u201cLa Madonna vuole portare anche a noi, a noi tutti, il grande dono che \u00e8 Ges\u00f9; e con Lui ci porta il suo amore, la sua pace, la sua gioia.<\/em><\/p>\n<p><em>La Vergine Maria \u00e8 il\u00a0<strong>modello della donna<\/strong>\u00a0secondo il Vangelo e secondo il cuore di Dio, di cui la Chiesa e le nostre societ\u00e0 hanno bisogno. Ella sia per voi\u00a0<strong>sorgente di incoraggiamento e di ispirazione<\/strong>.<\/em><\/p>\n<p><em>Per crescere nella\u00a0<strong>tenerezza<\/strong>, nella\u00a0<strong>carit\u00e0<\/strong>\u00a0rispettosa e delicata, noi abbiamo un\u00a0<strong>modello cristiano<\/strong>\u00a0a cui dirigere con sicurezza lo sguardo. \u00c8 la Madre di Ges\u00f9 e Madre nostra, attenta alla voce di Dio e ai bisogni e difficolt\u00e0 dei suoi figli.<\/em><\/p>\n<p><em>La Madonna vuole portare anche a noi, a noi tutti, il\u00a0<strong>grande dono che \u00e8 Ges\u00f9<\/strong>; e con Lui ci porta il suo amore, la sua pace, la sua gioia. Cos\u00ec la Chiesa \u00e8 come Maria: la Chiesa non \u00e8 un negozio, non \u00e8 un\u2019agenzia umanitaria, la Chiesa non \u00e8 una ONG, la Chiesa \u00e8 mandata a portare a tutti Cristo e il suo Vangelo.<\/em><\/p>\n","protected":false},"excerpt":{"rendered":"<p>Il Natale si avvicina. Ognuno si prepara a suo modo per questa festa importante e preziosa per ogni cristiano. Scopriamo le pi\u00f9 belle frasi di Papa Francesco dedicate al Natale e ispiriamoci ad esse. Perch\u00e9 abbiamo voluto raccogliere le\u00a0pi\u00f9 belle frasi di Papa Francesco in&hellip;<\/p>\n","protected":false},"author":1,"featured_media":8153,"comment_status":"closed","ping_status":"open","sticky":false,"template":"","format":"standard","meta":{"_acf_changed":false,"footnotes":""},"categories":[18,16],"tags":[],"class_list":["post-8130","post","type-post","status-publish","format-standard","has-post-thumbnail","hentry","category-natale","category-articoli-religiosi"],"acf":[],"yoast_head":"<!-- This site is optimized with the Yoast SEO plugin v26.6 - https:\/\/yoast.com\/wordpress\/plugins\/seo\/ -->\n<title>Le pi\u00f9 belle frasi di papa Francesco sul Natale - Holyblog<\/title>\n<meta name=\"description\" content=\"Il Natale si avvicina. Ognuno si prepara a suo modo per questa festa importante. Scopriamo le pi\u00f9 belle frasi di Papa Francesco dedicate al Natale\" \/>\n<meta name=\"robots\" content=\"index, follow, max-snippet:-1, max-image-preview:large, max-video-preview:-1\" \/>\n<link rel=\"canonical\" href=\"https:\/\/blog.holyart.it\/it\/articoli-religiosi\/le-piu-belle-frasi-di-papa-francesco-sul-natale\/\" \/>\n<meta property=\"og:locale\" content=\"it_IT\" \/>\n<meta property=\"og:type\" content=\"article\" \/>\n<meta property=\"og:title\" content=\"Le pi\u00f9 belle frasi di papa Francesco sul Natale - Holyblog\" \/>\n<meta property=\"og:description\" content=\"Il Natale si avvicina. Ognuno si prepara a suo modo per questa festa importante. Scopriamo le pi\u00f9 belle frasi di Papa Francesco dedicate al Natale\" \/>\n<meta property=\"og:url\" content=\"https:\/\/blog.holyart.it\/it\/articoli-religiosi\/le-piu-belle-frasi-di-papa-francesco-sul-natale\/\" \/>\n<meta property=\"og:site_name\" content=\"Holyblog\" \/>\n<meta property=\"article:published_time\" content=\"2019-11-19T09:41:22+00:00\" \/>\n<meta property=\"article:modified_time\" content=\"2022-11-21T14:11:51+00:00\" \/>\n<meta property=\"og:image\" content=\"https:\/\/blog.holyart.it\/it\/wp-content\/uploads\/sites\/17\/2019\/11\/le-frasi-pi\u00f9-belle-di-papa-Francesco.png\" \/>\n\t<meta property=\"og:image:width\" content=\"1000\" \/>\n\t<meta property=\"og:image:height\" content=\"666\" \/>\n\t<meta property=\"og:image:type\" content=\"image\/png\" \/>\n<meta name=\"author\" content=\"Redazione\" \/>\n<meta name=\"twitter:card\" content=\"summary_large_image\" \/>\n<meta name=\"twitter:label1\" content=\"Scritto da\" \/>\n\t<meta name=\"twitter:data1\" content=\"Redazione\" \/>\n\t<meta name=\"twitter:label2\" content=\"Tempo di lettura stimato\" \/>\n\t<meta name=\"twitter:data2\" content=\"9 minuti\" \/>\n<script type=\"application\/ld+json\" class=\"yoast-schema-graph\">{\"@context\":\"https:\/\/schema.org\",\"@graph\":[{\"@type\":\"Article\",\"@id\":\"https:\/\/blog.holyart.it\/it\/articoli-religiosi\/le-piu-belle-frasi-di-papa-francesco-sul-natale\/#article\",\"isPartOf\":{\"@id\":\"https:\/\/blog.holyart.it\/it\/articoli-religiosi\/le-piu-belle-frasi-di-papa-francesco-sul-natale\/\"},\"author\":{\"name\":\"Redazione\",\"@id\":\"https:\/\/blog.holyart.it\/it\/#\/schema\/person\/0a7b686e5af0f856ec1e390dd0baecda\"},\"headline\":\"Le pi\u00f9 belle frasi di papa Francesco sul Natale\",\"datePublished\":\"2019-11-19T09:41:22+00:00\",\"dateModified\":\"2022-11-21T14:11:51+00:00\",\"mainEntityOfPage\":{\"@id\":\"https:\/\/blog.holyart.it\/it\/articoli-religiosi\/le-piu-belle-frasi-di-papa-francesco-sul-natale\/\"},\"wordCount\":1762,\"publisher\":{\"@id\":\"https:\/\/blog.holyart.it\/it\/#organization\"},\"image\":{\"@id\":\"https:\/\/blog.holyart.it\/it\/articoli-religiosi\/le-piu-belle-frasi-di-papa-francesco-sul-natale\/#primaryimage\"},\"thumbnailUrl\":\"https:\/\/blog.holyart.it\/it\/wp-content\/uploads\/sites\/17\/2019\/11\/le-frasi-pi\u00f9-belle-di-papa-Francesco.png\",\"articleSection\":[\"Natale\",\"Religione\"],\"inLanguage\":\"it-IT\"},{\"@type\":\"WebPage\",\"@id\":\"https:\/\/blog.holyart.it\/it\/articoli-religiosi\/le-piu-belle-frasi-di-papa-francesco-sul-natale\/\",\"url\":\"https:\/\/blog.holyart.it\/it\/articoli-religiosi\/le-piu-belle-frasi-di-papa-francesco-sul-natale\/\",\"name\":\"Le pi\u00f9 belle frasi di papa Francesco sul Natale - Holyblog\",\"isPartOf\":{\"@id\":\"https:\/\/blog.holyart.it\/it\/#website\"},\"primaryImageOfPage\":{\"@id\":\"https:\/\/blog.holyart.it\/it\/articoli-religiosi\/le-piu-belle-frasi-di-papa-francesco-sul-natale\/#primaryimage\"},\"image\":{\"@id\":\"https:\/\/blog.holyart.it\/it\/articoli-religiosi\/le-piu-belle-frasi-di-papa-francesco-sul-natale\/#primaryimage\"},\"thumbnailUrl\":\"https:\/\/blog.holyart.it\/it\/wp-content\/uploads\/sites\/17\/2019\/11\/le-frasi-pi\u00f9-belle-di-papa-Francesco.png\",\"datePublished\":\"2019-11-19T09:41:22+00:00\",\"dateModified\":\"2022-11-21T14:11:51+00:00\",\"description\":\"Il Natale si avvicina. Ognuno si prepara a suo modo per questa festa importante. Scopriamo le pi\u00f9 belle frasi di Papa Francesco dedicate al Natale\",\"breadcrumb\":{\"@id\":\"https:\/\/blog.holyart.it\/it\/articoli-religiosi\/le-piu-belle-frasi-di-papa-francesco-sul-natale\/#breadcrumb\"},\"inLanguage\":\"it-IT\",\"potentialAction\":[{\"@type\":\"ReadAction\",\"target\":[\"https:\/\/blog.holyart.it\/it\/articoli-religiosi\/le-piu-belle-frasi-di-papa-francesco-sul-natale\/\"]}]},{\"@type\":\"ImageObject\",\"inLanguage\":\"it-IT\",\"@id\":\"https:\/\/blog.holyart.it\/it\/articoli-religiosi\/le-piu-belle-frasi-di-papa-francesco-sul-natale\/#primaryimage\",\"url\":\"https:\/\/blog.holyart.it\/it\/wp-content\/uploads\/sites\/17\/2019\/11\/le-frasi-pi\u00f9-belle-di-papa-Francesco.png\",\"contentUrl\":\"https:\/\/blog.holyart.it\/it\/wp-content\/uploads\/sites\/17\/2019\/11\/le-frasi-pi\u00f9-belle-di-papa-Francesco.png\",\"width\":1000,\"height\":666,\"caption\":\"le frasi pi\u00f9 belle di papa Francesco\"},{\"@type\":\"BreadcrumbList\",\"@id\":\"https:\/\/blog.holyart.it\/it\/articoli-religiosi\/le-piu-belle-frasi-di-papa-francesco-sul-natale\/#breadcrumb\",\"itemListElement\":[{\"@type\":\"ListItem\",\"position\":1,\"name\":\"Homepage\",\"item\":\"https:\/\/blog.holyart.it\/it\/\"},{\"@type\":\"ListItem\",\"position\":2,\"name\":\"Natale\",\"item\":\"https:\/\/blog.holyart.it\/it\/natale\/\"},{\"@type\":\"ListItem\",\"position\":3,\"name\":\"Le pi\u00f9 belle frasi di papa Francesco sul Natale\"}]},{\"@type\":\"WebSite\",\"@id\":\"https:\/\/blog.holyart.it\/it\/#website\",\"url\":\"https:\/\/blog.holyart.it\/it\/\",\"name\":\"Holyblog\",\"description\":\"Il Blog di Holyart.it\",\"publisher\":{\"@id\":\"https:\/\/blog.holyart.it\/it\/#organization\"},\"potentialAction\":[{\"@type\":\"SearchAction\",\"target\":{\"@type\":\"EntryPoint\",\"urlTemplate\":\"https:\/\/blog.holyart.it\/it\/?s={search_term_string}\"},\"query-input\":{\"@type\":\"PropertyValueSpecification\",\"valueRequired\":true,\"valueName\":\"search_term_string\"}}],\"inLanguage\":\"it-IT\"},{\"@type\":\"Organization\",\"@id\":\"https:\/\/blog.holyart.it\/it\/#organization\",\"name\":\"Holyblog\",\"url\":\"https:\/\/blog.holyart.it\/it\/\",\"logo\":{\"@type\":\"ImageObject\",\"inLanguage\":\"it-IT\",\"@id\":\"https:\/\/blog.holyart.it\/it\/#\/schema\/logo\/image\/\",\"url\":\"https:\/\/blog.holyart.it\/it\/wp-content\/uploads\/sites\/17\/2022\/12\/Holyart_Blog_Logo.jpg\",\"contentUrl\":\"https:\/\/blog.holyart.it\/it\/wp-content\/uploads\/sites\/17\/2022\/12\/Holyart_Blog_Logo.jpg\",\"width\":300,\"height\":50,\"caption\":\"Holyblog\"},\"image\":{\"@id\":\"https:\/\/blog.holyart.it\/it\/#\/schema\/logo\/image\/\"}},{\"@type\":\"Person\",\"@id\":\"https:\/\/blog.holyart.it\/it\/#\/schema\/person\/0a7b686e5af0f856ec1e390dd0baecda\",\"name\":\"Redazione\"}]}<\/script>\n<!-- \/ Yoast SEO plugin. -->","yoast_head_json":{"title":"Le pi\u00f9 belle frasi di papa Francesco sul Natale - Holyblog","description":"Il Natale si avvicina. Ognuno si prepara a suo modo per questa festa importante. Scopriamo le pi\u00f9 belle frasi di Papa Francesco dedicate al Natale","robots":{"index":"index","follow":"follow","max-snippet":"max-snippet:-1","max-image-preview":"max-image-preview:large","max-video-preview":"max-video-preview:-1"},"canonical":"https:\/\/blog.holyart.it\/it\/articoli-religiosi\/le-piu-belle-frasi-di-papa-francesco-sul-natale\/","og_locale":"it_IT","og_type":"article","og_title":"Le pi\u00f9 belle frasi di papa Francesco sul Natale - Holyblog","og_description":"Il Natale si avvicina. Ognuno si prepara a suo modo per questa festa importante. Scopriamo le pi\u00f9 belle frasi di Papa Francesco dedicate al Natale","og_url":"https:\/\/blog.holyart.it\/it\/articoli-religiosi\/le-piu-belle-frasi-di-papa-francesco-sul-natale\/","og_site_name":"Holyblog","article_published_time":"2019-11-19T09:41:22+00:00","article_modified_time":"2022-11-21T14:11:51+00:00","og_image":[{"width":1000,"height":666,"url":"https:\/\/blog.holyart.it\/it\/wp-content\/uploads\/sites\/17\/2019\/11\/le-frasi-pi\u00f9-belle-di-papa-Francesco.png","type":"image\/png"}],"author":"Redazione","twitter_card":"summary_large_image","twitter_misc":{"Scritto da":"Redazione","Tempo di lettura stimato":"9 minuti"},"schema":{"@context":"https:\/\/schema.org","@graph":[{"@type":"Article","@id":"https:\/\/blog.holyart.it\/it\/articoli-religiosi\/le-piu-belle-frasi-di-papa-francesco-sul-natale\/#article","isPartOf":{"@id":"https:\/\/blog.holyart.it\/it\/articoli-religiosi\/le-piu-belle-frasi-di-papa-francesco-sul-natale\/"},"author":{"name":"Redazione","@id":"https:\/\/blog.holyart.it\/it\/#\/schema\/person\/0a7b686e5af0f856ec1e390dd0baecda"},"headline":"Le pi\u00f9 belle frasi di papa Francesco sul Natale","datePublished":"2019-11-19T09:41:22+00:00","dateModified":"2022-11-21T14:11:51+00:00","mainEntityOfPage":{"@id":"https:\/\/blog.holyart.it\/it\/articoli-religiosi\/le-piu-belle-frasi-di-papa-francesco-sul-natale\/"},"wordCount":1762,"publisher":{"@id":"https:\/\/blog.holyart.it\/it\/#organization"},"image":{"@id":"https:\/\/blog.holyart.it\/it\/articoli-religiosi\/le-piu-belle-frasi-di-papa-francesco-sul-natale\/#primaryimage"},"thumbnailUrl":"https:\/\/blog.holyart.it\/it\/wp-content\/uploads\/sites\/17\/2019\/11\/le-frasi-pi\u00f9-belle-di-papa-Francesco.png","articleSection":["Natale","Religione"],"inLanguage":"it-IT"},{"@type":"WebPage","@id":"https:\/\/blog.holyart.it\/it\/articoli-religiosi\/le-piu-belle-frasi-di-papa-francesco-sul-natale\/","url":"https:\/\/blog.holyart.it\/it\/articoli-religiosi\/le-piu-belle-frasi-di-papa-francesco-sul-natale\/","name":"Le pi\u00f9 belle frasi di papa Francesco sul Natale - Holyblog","isPartOf":{"@id":"https:\/\/blog.holyart.it\/it\/#website"},"primaryImageOfPage":{"@id":"https:\/\/blog.holyart.it\/it\/articoli-religiosi\/le-piu-belle-frasi-di-papa-francesco-sul-natale\/#primaryimage"},"image":{"@id":"https:\/\/blog.holyart.it\/it\/articoli-religiosi\/le-piu-belle-frasi-di-papa-francesco-sul-natale\/#primaryimage"},"thumbnailUrl":"https:\/\/blog.holyart.it\/it\/wp-content\/uploads\/sites\/17\/2019\/11\/le-frasi-pi\u00f9-belle-di-papa-Francesco.png","datePublished":"2019-11-19T09:41:22+00:00","dateModified":"2022-11-21T14:11:51+00:00","description":"Il Natale si avvicina. Ognuno si prepara a suo modo per questa festa importante. Scopriamo le pi\u00f9 belle frasi di Papa Francesco dedicate al Natale","breadcrumb":{"@id":"https:\/\/blog.holyart.it\/it\/articoli-religiosi\/le-piu-belle-frasi-di-papa-francesco-sul-natale\/#breadcrumb"},"inLanguage":"it-IT","potentialAction":[{"@type":"ReadAction","target":["https:\/\/blog.holyart.it\/it\/articoli-religiosi\/le-piu-belle-frasi-di-papa-francesco-sul-natale\/"]}]},{"@type":"ImageObject","inLanguage":"it-IT","@id":"https:\/\/blog.holyart.it\/it\/articoli-religiosi\/le-piu-belle-frasi-di-papa-francesco-sul-natale\/#primaryimage","url":"https:\/\/blog.holyart.it\/it\/wp-content\/uploads\/sites\/17\/2019\/11\/le-frasi-pi\u00f9-belle-di-papa-Francesco.png","contentUrl":"https:\/\/blog.holyart.it\/it\/wp-content\/uploads\/sites\/17\/2019\/11\/le-frasi-pi\u00f9-belle-di-papa-Francesco.png","width":1000,"height":666,"caption":"le frasi pi\u00f9 belle di papa Francesco"},{"@type":"BreadcrumbList","@id":"https:\/\/blog.holyart.it\/it\/articoli-religiosi\/le-piu-belle-frasi-di-papa-francesco-sul-natale\/#breadcrumb","itemListElement":[{"@type":"ListItem","position":1,"name":"Homepage","item":"https:\/\/blog.holyart.it\/it\/"},{"@type":"ListItem","position":2,"name":"Natale","item":"https:\/\/blog.holyart.it\/it\/natale\/"},{"@type":"ListItem","position":3,"name":"Le pi\u00f9 belle frasi di papa Francesco sul Natale"}]},{"@type":"WebSite","@id":"https:\/\/blog.holyart.it\/it\/#website","url":"https:\/\/blog.holyart.it\/it\/","name":"Holyblog","description":"Il Blog di Holyart.it","publisher":{"@id":"https:\/\/blog.holyart.it\/it\/#organization"},"potentialAction":[{"@type":"SearchAction","target":{"@type":"EntryPoint","urlTemplate":"https:\/\/blog.holyart.it\/it\/?s={search_term_string}"},"query-input":{"@type":"PropertyValueSpecification","valueRequired":true,"valueName":"search_term_string"}}],"inLanguage":"it-IT"},{"@type":"Organization","@id":"https:\/\/blog.holyart.it\/it\/#organization","name":"Holyblog","url":"https:\/\/blog.holyart.it\/it\/","logo":{"@type":"ImageObject","inLanguage":"it-IT","@id":"https:\/\/blog.holyart.it\/it\/#\/schema\/logo\/image\/","url":"https:\/\/blog.holyart.it\/it\/wp-content\/uploads\/sites\/17\/2022\/12\/Holyart_Blog_Logo.jpg","contentUrl":"https:\/\/blog.holyart.it\/it\/wp-content\/uploads\/sites\/17\/2022\/12\/Holyart_Blog_Logo.jpg","width":300,"height":50,"caption":"Holyblog"},"image":{"@id":"https:\/\/blog.holyart.it\/it\/#\/schema\/logo\/image\/"}},{"@type":"Person","@id":"https:\/\/blog.holyart.it\/it\/#\/schema\/person\/0a7b686e5af0f856ec1e390dd0baecda","name":"Redazione"}]}},"_links":{"self":[{"href":"https:\/\/blog.holyart.it\/it\/wp-json\/wp\/v2\/posts\/8130","targetHints":{"allow":["GET"]}}],"collection":[{"href":"https:\/\/blog.holyart.it\/it\/wp-json\/wp\/v2\/posts"}],"about":[{"href":"https:\/\/blog.holyart.it\/it\/wp-json\/wp\/v2\/types\/post"}],"author":[{"embeddable":true,"href":"https:\/\/blog.holyart.it\/it\/wp-json\/wp\/v2\/users\/1"}],"replies":[{"embeddable":true,"href":"https:\/\/blog.holyart.it\/it\/wp-json\/wp\/v2\/comments?post=8130"}],"version-history":[{"count":0,"href":"https:\/\/blog.holyart.it\/it\/wp-json\/wp\/v2\/posts\/8130\/revisions"}],"wp:featuredmedia":[{"embeddable":true,"href":"https:\/\/blog.holyart.it\/it\/wp-json\/wp\/v2\/media\/8153"}],"wp:attachment":[{"href":"https:\/\/blog.holyart.it\/it\/wp-json\/wp\/v2\/media?parent=8130"}],"wp:term":[{"taxonomy":"category","embeddable":true,"href":"https:\/\/blog.holyart.it\/it\/wp-json\/wp\/v2\/categories?post=8130"},{"taxonomy":"post_tag","embeddable":true,"href":"https:\/\/blog.holyart.it\/it\/wp-json\/wp\/v2\/tags?post=8130"}],"curies":[{"name":"wp","href":"https:\/\/api.w.org\/{rel}","templated":true}]}}