{"id":8050,"date":"2019-11-07T11:06:41","date_gmt":"2019-11-07T10:06:41","guid":{"rendered":"https:\/\/blog.holyart.it\/it\/?p=8050"},"modified":"2022-10-26T18:00:41","modified_gmt":"2022-10-26T16:00:41","slug":"festa-tutti-santi-1-novembre","status":"publish","type":"post","link":"https:\/\/blog.holyart.it\/it\/articoli-religiosi\/festa-tutti-santi-1-novembre\/","title":{"rendered":"Festa di tutti i santi: 1 Novembre"},"content":{"rendered":"<h4 style=\"text-align: center;\">Il 1 novembre la Chiesa cattolica celebra la festa di tutti i santi. Una\u00a0festa antica, della quale forse oggi si \u00e8 un po&#8217; perso di vista il giusto spirito. Tra tradizioni popolari e devozione religiosa riscopriamola insieme.<\/h4>\n\n<p>Vogliamo cominciare il nostro excursus sulla\u00a0festa di tutti i santi\u00a0che\u00a0si festeggia il 1 novembre specificando cosa NON si festeggia, non nel nostro paese, almeno. Infatti la notte tra il 31 ottobre e il 1 novembre nei paesi anglosassoni e soprattutto in America si festeggia\u00a0<strong>Halloween<\/strong>. Si tratta di una festa molto amata soprattutto dai bambini, che, in questa occasione, si travestono da mostri, streghe e fantasmi e vanno di casa in casa chiedendo <a href=\"https:\/\/www.holyart.it\/it\/prodotti-dei-monasteri\/caramelle-dolciumi\"><strong>dolci e caramelle<\/strong><\/a>. La &#8216;punizione&#8217; per chi non li accontenta \u00e8 uno scherzo, da cui la formula &#8220;dolcetto o scherzetto&#8221; (<em>trick or treat<\/em>) ormai universalmente nota.<\/p>\n<p>Halloween trae la sua origine da\u00a0<em>Samhain<\/em>, la festa celtica che celebra la fine dell\u2019estate, che secondo l\u2019antico calendario celtico\u00a0cadeva proprio il 31 ottobre.<\/p>\n<p><img loading=\"lazy\" decoding=\"async\" class=\"aligncenter size-full wp-image-8077\" src=\"https:\/\/blog.holyart.it\/it\/wp-content\/uploads\/sites\/17\/2019\/11\/halloween-1.jpg\" alt=\"halloween\" width=\"960\" height=\"640\" \/><br \/>\nMa ci sono altre celebrazioni che hanno luogo in diversi paesi del mondo.<\/p>\n<p>Nonostante la diffusione internazionale, in\u00a0Italia dunque non avrebbe senso festeggiare Halloween, festa ormai soprattutto commerciale, ma in realt\u00e0 ci sono interessanti analogie tra le usanze diffuse nelle varie regioni del nostro paese per celebrare Ognissanti e ci\u00f2 che accade oltre Oceano. Forse, al di l\u00e0 delle connotazioni pi\u00f9 consumistiche e macabre, potremmo scoprire che Halloween, nella sua\u00a0concezione originaria e in alcune moderne declinazioni, non \u00e8 cos\u00ec lontana da noi. Lo stesso nome\u00a0Halloween deriverebbe da\u00a0<em>All Hallows\u2019 Eve<\/em>, \u201cla vigilia del giorno di Ognissanti\u201d in inglese arcaico.<\/p>\n<p>Ma andiamo con ordine.<\/p>\n<div class=\"link-product\">\n<div class=\"blocco-immagine\"><img loading=\"lazy\" decoding=\"async\" class=\"size-full wp-image-16588 alignleft\" src=\"https:\/\/blog.holyart.it\/it\/wp-content\/uploads\/sites\/17\/2019\/11\/caramelle-miele-e-propoli-100-gr-camaldoli.jpg\" alt=\"caramelle miele e propoli 100 gr camaldoli\" width=\"100\" height=\"100\" data-kale-share-title=\"Festa di tutti i santi: 1 Novembre\" data-kale-share-url=\"https:\/\/blog.holyart.it\/it\/santi-e-beati\/festa-tutti-santi-1-novembre\/\" \/><\/div>\n<div class=\"blocco-contenuto\">\n<div class=\"blocco-acquista\">Acquista su Holyart:<\/div>\n<div class=\"blocco-titolo\"><a href=\"https:\/\/www.holyart.it\/it\/prodotti-dei-monasteri\/caramelle-dolciumi\">Caramelle, dolciumi<\/a><\/div>\n<div class=\"blocco-descrizione\">In questo reparto, trovi caramelle di gusti e forme diverse, prodotte nei monasteri o confezionate su loro ricetta esclusiva.<\/div>\n<\/div>\n<\/div>\n<h2>Come nasce la Festa di Ognissanti<\/h2>\n<p>La\u00a0<strong>festa di Tutti i Santi<\/strong>\u00a0o\u00a0<strong>Ognissanti\u00a0<\/strong>affonda le sue origini nei primi secoli della chiesa stessa. Infatti il\u00a0primo a voler dedicare un giorno al ricordo e alla celebrazione\u00a0dei santi e dei martiri fu Papa Bonifacio IV. Per sua volont\u00e0 la giornata del 13 maggio del 610 venne\u00a0consacrata e dedicata a tutti coloro i quali avevano subito il martirio nei secoli precedenti. Successivamente, nel 840, Gregorio IV\u00a0chiese espressamente\u00a0a re Luigi il Pio di poter spostare la data al 1 novembre, trasformando la\u00a0<a href=\"https:\/\/www.holyart.it\/blog\/santi-e-beati\/santi-martiri-sacrificare-la-propria-vita-in-nome-di-dio\/\"><strong>festa dei martiri<\/strong><\/a> nella festa di tutti i santi. La scelta di questa data non \u00e8 casuale. Anticamente nello stesso periodo a Roma si teneva un&#8217;antica festa dedicata a Pomona, dea di semi e frutti, ed \u00e8 probabile che il Papa abbia voluto creare una certa continuit\u00e0 tra le due feste pagane e cristiana.<\/p>\n<div class=\"link-article\">\n<p><img loading=\"lazy\" decoding=\"async\" class=\"size-full wp-image-16589 alignleft\" src=\"https:\/\/blog.holyart.it\/it\/wp-content\/uploads\/sites\/17\/2019\/11\/Santi-martiri.jpg\" alt=\"Santi martiri\" width=\"150\" height=\"99\" data-kale-share-title=\"Festa di tutti i santi: 1 Novembre\" data-kale-share-url=\"https:\/\/blog.holyart.it\/it\/santi-e-beati\/festa-tutti-santi-1-novembre\/\" \/><\/p>\n<div class=\"leggi-anche\">Leggi anche:<\/div>\n<p><strong><a href=\"https:\/\/www.holyart.it\/blog\/santi-e-beati\/santi-martiri-sacrificare-la-propria-vita-in-nome-di-dio\/\">Santi Martiri: sacrificare la propria vita in nome di Dio<\/a><\/strong><br \/>\nI Santi Martiri sono uomini e donne, spesso molto giovani, che hanno sacrificato la propria vita per amore di Dio&#8230;<\/p>\n<\/div>\n<p>Il giorno di tutti i santi, dunque, celebra tutti quegli uomini e quelle donne che hanno dimostrato un rapporto speciale con Dio, una sorta di vicinanza al divino superiore rispetto ai loro simili. Ricorda anche tutti coloro i quali, tra essi, hanno accettato di essere perseguitati, torturati e uccisi in nome della loro fede, per testimoniarla agli occhi del mondo. Non a caso la parola martire deriva dal greco antico\u00a0<em>m\u00e0rtus,<\/em>\u00a0&#8220;testimone&#8221;.<\/p>\n<p>\u00c8 una festa che avvicina la terra\u00a0al cielo e ai suoi abitanti, i beati, che hanno saputo conquistare il proprio posto in Paradiso, ma non per questo hanno smesso di essere legati anche alla terra. Infatti il loro ricordo, il loro esempio di vita e di fede li rende ancora oggi modelli di vita cristiana. Il corpo della Chiesa include anche loro, in una comunione tra terra e cielo, tra vivi e morti, dove la devozione e l&#8217;amore verso Dio \u00e8 pi\u00f9 forte della morte e del tempo. Questo dovrebbe farci riflettere, quando passiamo davanti alle <a href=\"https:\/\/www.holyart.it\/it\/articoli-religiosi\/statue\"><strong>statue dei santi<\/strong><\/a>, nelle nostre chiese, al fatto che essi non sono solo effigi di marmo o legno o resina, icone irraggiungibili, ma uomini e donne come noi, che hanno saputo ergersi al di sopra delle bassezze e dei limiti umani, in nome di un ideale superiore, di un superiore amore. Lo stesso potremmo farlo noi, in ogni momento.<\/p>\n<div class=\"link-product\">\n<div class=\"blocco-immagine\"><img loading=\"lazy\" decoding=\"async\" class=\"size-full wp-image-16590 alignleft\" src=\"https:\/\/blog.holyart.it\/it\/wp-content\/uploads\/sites\/17\/2019\/11\/santa-rita-cascia-crocefisso-statua-resina-12-cm.jpg\" alt=\"santa rita cascia crocefisso statua resina 12 cm\" width=\"100\" height=\"100\" data-kale-share-title=\"Festa di tutti i santi: 1 Novembre\" data-kale-share-url=\"https:\/\/blog.holyart.it\/it\/santi-e-beati\/festa-tutti-santi-1-novembre\/\" \/><\/div>\n<div class=\"blocco-contenuto\">\n<div class=\"blocco-acquista\">Acquista su Holyart:<\/div>\n<div class=\"blocco-titolo\"><a href=\"https:\/\/www.holyart.it\/it\/articoli-religiosi\/statue\">Statue<\/a><\/div>\n<div class=\"blocco-descrizione\">Statue di varia grandezza e fattura: statue in legno naturale, in legno dipinto, in porcellana, in pietra, metallo o altri materiali.<\/div>\n<\/div>\n<\/div>\n<p>Per questo la festa di Ognissanti \u00e8 una festa importante, una festa di precetto, nella quale &#8220;<em>i fedeli sono tenuti all&#8217;obbligo di partecipare alla Messa; si astengano inoltre da quei lavori e da quegli affari che impediscono di rendere culto a Dio e turbano la letizia propria del giorno del Signore o il dovuto riposo della mente e del corpo.<\/em>&#8221; (Codice di diritto canonico, can. 1247)<\/p>\n<p>Nel giorno dei santi si commemorano <a href=\"https:\/\/www.holyart.it\/blog\/santi-e-beati\/santi-sante-cambiato-mondo\/\"><strong>tutti i santi della Cristianit\u00e0<\/strong><\/a>, sia quelli ricordati nel calendario, che naturalmente non pu\u00f2 racchiuderli tutti, sia quelli che non hanno un giorno particolare a loro dedicato. Anzi, \u00e8 probabile che la chiesa abbia voluto istituire la festa di Ognissanti proprio per supplire a questa mancanza nei confronti di<strong> santi e sante<\/strong> privi di una loro festa.<\/p>\n<div class=\"link-article\">\n<p><img loading=\"lazy\" decoding=\"async\" class=\"size-full wp-image-16591 alignleft\" src=\"https:\/\/blog.holyart.it\/it\/wp-content\/uploads\/sites\/17\/2019\/11\/santi.jpg\" alt=\"santi\" width=\"150\" height=\"99\" data-kale-share-title=\"Festa di tutti i santi: 1 Novembre\" data-kale-share-url=\"https:\/\/blog.holyart.it\/it\/santi-e-beati\/festa-tutti-santi-1-novembre\/\" \/><\/p>\n<div class=\"leggi-anche\">Leggi anche:<\/div>\n<p><strong><a href=\"https:\/\/www.holyart.it\/blog\/santi-e-beati\/santi-sante-cambiato-mondo\/\">Santi famosi che hanno cambiato il mondo<\/a><\/strong><br \/>\nVogliamo redigere un elenco di santi famosi per aver cambiato il mondo, una galleria di ritratti di uomini e donne&#8230;<\/p>\n<\/div>\n<h2>Correlazione 1\u00b0 novembre con 2 novembre<\/h2>\n<p>Nell&#8217;antica Roma ogni anno\u00a0tra il\u00a013\u00a0e il 21 febbraio si celebravano i\u00a0<em>Parentalia<\/em>,\u00a0nove giorni\u00a0dedicati al ricordo e alla commemorazione dei defunti. L&#8217;ultimo giorno di festa era denominato\u00a0<em>Feralia<\/em>\u00a0e tutta la citt\u00e0 si riuniva per onorare i\u00a0<em>Mani<\/em>,\u00a0le anime dei defunti, con cerimonie pubbliche e sacrifici. Oltre alle cerimonie ufficiali tutti i\u00a0cittadini romani\u00a0andavano a visitare le tombe dei propri antenati defunti\u00a0e portavano loro dei doni, che servivano per placarli, qualora fossero inquieti. Si trattava solitamente di un vaso di argilla decorato con ghirlande di fiori e spighe di grano. All&#8217;interno era posto un pizzico di sale, del pane imbevuto nel vino e viole. In quel giorno i templi restavano chiusi e molte abituali attivit\u00e0 venivano sospese.<\/p>\n<p>Questa premessa storica serve per introdurre la\u00a0<strong>Commemorazione dei fedeli defunti<\/strong>,\u00a0o \u201cgiorno dei morti\u201d.<\/p>\n<p>Si tratta di una solennit\u00e0 sancita dalla chiesa cattolica in occasione della quale si ricordano i cari defunti andando a visitare le loro <strong><a href=\"https:\/\/www.holyart.it\/it\/articoli-religiosi\/articoli-funerari\">tombe<\/a><\/strong>, accendendo\u00a0<strong><a href=\"https:\/\/www.holyart.it\/it\/prodotti-consumabili\/lumini-votivi\">lumini votivi<\/a> <\/strong>e pregando per loro.<\/p>\n<div class=\"link-article\">\n<p><img loading=\"lazy\" decoding=\"async\" class=\"alignleft size-full wp-image-8059\" src=\"https:\/\/blog.holyart.it\/it\/wp-content\/uploads\/sites\/17\/2019\/11\/perch\u00e8-si-utilizzano-i-lumini-votivi.jpg\" alt=\"accendere un lumino\" width=\"150\" height=\"100\" \/><\/p>\n<div class=\"leggi-anche\">Leggi anche:<\/div>\n<p><strong><a href=\"https:\/\/www.holyart.it\/blog\/articoli-religiosi\/perche-si-utilizzano-lumini-votivi\/\">Perch\u00e9 si utilizzano i lumini votivi?<\/a><\/strong><br \/>\nI lumini votivi sulle lapidi rischiarano la notte altrimenti troppo buia dei cimiteri &#8230;<\/p>\n<\/div>\n<p>Le origini di questa ricorrenza sono probabilmente legate anche a un rito bizantino\u00a0che celebrava i defunti, il sabato prima della domenica di Sessagesima, tra la fine di gennaio e l&#8217;inizio di febbraio.<br \/>\nNel 1998 l&#8217;abate benedettino Sant&#8217;Odilone di Cluny ordin\u00f2 che le campane dell&#8217;abbazia suonassero a morto dopo i vespri del 1 novembre per celebrare i defunti.<br \/>\nIl primo riferimento documentato all&#8217;<em>Anniversarium Omnium Animarum\u00a0<\/em>risale al XIV secolo.<\/p>\n<p>Per prepararsi adeguatamente al giorno dei morti si pu\u00f2 pregare in loro suffragio con la\u00a0<em>Novena dei morti<\/em>, cominciando il giorno 24 ottobre. Ma anche solo fare visita alle loro tombe, accendere per loro un lumino o una candela, pu\u00f2 essere un gesto apprezzabile. Riguardo all&#8217;<strong>importanza delle luci sulle tombe\u00a0<\/strong>abbiamo pubblicato un interessante\u00a0articolo, che spiega come anche la piccola luce di un lumino votivo possa rappresentare per chi \u00e8 passato dall&#8217;altra parte un punto di riferimento prezioso, un&#8217;arma per affrontare l&#8217;oscurit\u00e0 e trovare la strada verso il cielo.<\/p>\n<p>Ma nel giorno dei morti ricordiamo anche tutte le anime di coloro i quali sono in\u00a0<strong>Purgatorio<\/strong>, e con le nostre preghiere cerchiamo di rendere il loro transito pi\u00f9 rapido e lieve.<\/p>\n<h2>Gli altri paesi del mondo lo festeggiano?<\/h2>\n<p>Non \u00e8 solo l&#8217;Italia a celebrare Ognissanti e il giorno dei morti. Abbiamo gi\u00e0 accennato a come l&#8217;antica festa celtica\u00a0<em>Shamain<\/em>, contaminata dall&#8217;influsso cristiano di Ognissanti (<em>All Hallows\u2019 Eve<\/em>) abbia dato origine\u00a0a\u00a0Halloween.<\/p>\n<p>Una delle pi\u00f9 pittoresche \u00e8 sicuramente\u00a0<em>Dia de los Muertos<\/em>\u00a0in\u00a0<strong>Messico<\/strong>, Si tratta di una commemorazione dei defunti vissuta in un clima a dir poco gioioso, ricco di colori e suggestioni.\u00a0La festa dei morti messicana ha\u00a0origini precolombiane e ha luogo nei primi giorni di novembre, come il nostro giorno dei morti.\u00a0Si crede che in questi giorni di festa i\u00a0morti tornino tra i vivi per raccogliere il calore e l&#8217;amore dei parenti e degli amici che li ricordano. Per questo non bisogna mostrare tristezza, ma gioia, per non rattristare gli spiriti in visita. Tutto il paese si riempie di\u00a0<em>cempas\u00f9chtil<\/em>, un fiore gi\u00e0 usato dagli atzechi nelle loro cerimonie. Cibo, vino e liquore vengono consumati in abbondanza e portati sulle tombe, in una grande festa piena di musica e fuochi d&#8217;artificio che coinvolge vivi e morti.<\/p>\n<p><img loading=\"lazy\" decoding=\"async\" class=\"aligncenter size-full wp-image-8067\" src=\"https:\/\/blog.holyart.it\/it\/wp-content\/uploads\/sites\/17\/2019\/11\/cempasuchil-flor.jpg\" alt=\"cempasuchil flor\" width=\"1000\" height=\"750\" \/><\/p>\n<p>In\u00a0<strong>Polonia<\/strong>, nei primi giorni di novembre si va a ornare le tombe dei cari defunti con\u00a0crisantemi, ghirlande e candele, ma anche cibo, per ricordare come, anticamente, i saggi del villaggio giudicassero le anime dei defunti in cambio di cibo e bevande da parte dei famigliari.<\/p>\n<p>In\u00a0<strong>Francia\u00a0<\/strong>il 1\u00b0 novembre si festeggia la\u00a0<em>F\u00eate de la Toussaint<\/em>, dedicata a tutti i santi, mentre il giorno dopo \u00e8\u00a0<em>Le Jour des Morts<\/em>, il giorno dei morti. Oltre a visitare le tombe dei cari defunti, nella\u00a0mezzanotte tra il 1 e il 2 novembre nelle case francesi si prepara una cena costituita da latte, grano nero, pancetta, crepe e sidro, per ricordare chi non c&#8217;\u00e8 pi\u00f9 mangiando, cantando e raccontando storie sulla morte.<\/p>\n<p>Nelle\u00a0<strong>Filippine<\/strong>\u00a0si onora il ricordo dei defunti con veri e propri picnic nei cimiteri. Vivi e morti festeggiano insieme, con cibo e musica, e molti scelgono di dormire presso le tombe dei loro cari, per portare avanti i festeggiamenti anche durante la notte.<\/p>\n<figure id=\"attachment_16593\" aria-describedby=\"caption-attachment-16593\" style=\"width: 1000px\" class=\"wp-caption aligncenter\"><img loading=\"lazy\" decoding=\"async\" class=\"wp-image-16593 size-full\" src=\"https:\/\/blog.holyart.it\/it\/wp-content\/uploads\/sites\/17\/2019\/11\/biko.jpeg\" alt=\"biko\" width=\"1000\" height=\"662\" data-kale-share-title=\"Festa di tutti i santi: 1 Novembre\" data-kale-share-url=\"https:\/\/blog.holyart.it\/it\/santi-e-beati\/festa-tutti-santi-1-novembre\/\" \/><figcaption id=\"caption-attachment-16593\" class=\"wp-caption-text\"><center><strong>Biko: dolce delle Filippine in occasione del Giorno dei morti<\/strong><\/center><\/figcaption><\/figure>\n<p>Anche gli abitanti dell&#8217;<strong>isola Mauritius<\/strong>\u00a0festeggiano Ognissanti e il giorno dei morti in allegria, commemorando i\u00a0defunti con una cerimonia gioiosa e colorata. Sulle tombe lavate e ornate di fiori vengono disposti i piatti preferiti del defunto e si brinda a lui con un bel bicchiere di rhum.<\/p>\n<h2>Usanze in Italia<\/h2>\n<p>E a seconda delle zone d\u2019Italia che usanze ci sono per festeggiare Ognissanti e il giorno dei morti?<br \/>\nAnche in Italia si festeggia con il cibo, anche se esso non viene portato sulle tombe dei defunti. In particolare, ci sono molti\u00a0<strong>dolci regionali tipici<\/strong>\u00a0che vengono preparati o venduti in questi giorni.<\/p>\n<p>Pensiamo al\u00a0<em>pan dei morti<\/em>\u00a0<strong>lombardo<\/strong>, fatto di cacao, fichi secchi, mandorle, spezie e vin santo, alle\u00a0<em>ossa da mordere<\/em>\u00a0<strong>piemontesi<\/strong>, biscotti senza burro, senza farina, senza lievito, alla\u00a0<em>frutta di Martorana<\/em>\u00a0<strong>siciliana<\/strong>, fatta con pasta di mandorle, alla\u00a0<em>colva<\/em>, un misto di grano cotto e frutta secca, <strong>pugliese<\/strong>, agli\u00a0<em>stinchetti<\/em>\u00a0dei morti <strong>umbri<\/strong>, alle\u00a0<em>fave da morto<\/em>\u00a0<strong>emiliane<\/strong> e <strong>laziali<\/strong> a base di mandorle.<\/p>\n<p>Ci sono poi\u00a0<strong>usanze e tradizioni<\/strong>\u00a0molto suggestive, che variano di regine in regione.<\/p>\n<p>In\u00a0<strong>Sicilia<\/strong>, i defunti portano\u00a0giocattoli e\u00a0dolci ai bambini buoni, in particolare i\u00a0<em>pupi di zuccaro,\u00a0<\/em>statuette di zucchero dipinte, i\u00a0<em>crozzi &#8216;i mottu<\/em>\u00a0(ossa di morto), i\u00a0<em>nucatoli<\/em>\u00a0e i<em>\u00a0tet\u00f9<\/em>\u00a0bianchi e marroni, i primi decorati con zucchero, i secondi con polvere di cacao. Un&#8217;usanza curiosa prevede che la sera del 1 novembre si nasconda la grattugia perch\u00e9 i defunti\u00a0potrebbero usarla per grattare i piedi ai bambini cattivi. A Palermo\u00a0e a Catania\u00a0la citt\u00e0 si anima per la\u00a0<em>Grande Fiera dei Morti.<\/em><\/p>\n<figure id=\"attachment_16594\" aria-describedby=\"caption-attachment-16594\" style=\"width: 1000px\" class=\"wp-caption aligncenter\"><img loading=\"lazy\" decoding=\"async\" class=\"wp-image-16594 size-full\" src=\"https:\/\/blog.holyart.it\/it\/wp-content\/uploads\/sites\/17\/2019\/11\/nucatoli-e-tetu.jpeg\" alt=\"nucatoli e tetu\" width=\"1000\" height=\"666\" data-kale-share-title=\"Festa di tutti i santi: 1 Novembre\" data-kale-share-url=\"https:\/\/blog.holyart.it\/it\/santi-e-beati\/festa-tutti-santi-1-novembre\/\" \/><figcaption id=\"caption-attachment-16594\" class=\"wp-caption-text\"><center><strong>I \u201cnucatoli\u201d e i \u201ctet\u00f9\u201d bianchi e marroni<\/strong><\/center><\/figcaption><\/figure>\n<p>In\u00a0<strong>Sardegna<\/strong>\u00a0si andava a messa e al cimitero, poi si tornava a casa, si cenava e si lasciava la tavola imbandita\u00a0perch\u00e9 anche i defunti potessero festeggiare con cibo e bevande. Inoltre, come accade oggi per Halloween, i\u00a0bambini andavano in giro di porta in porta a bussare dicendo\u00a0<em>morti, morti.\u00a0<\/em>In cambio ricevevano\u00a0dolci, frutta secca e spiccioli.<\/p>\n<p>Anche in\u00a0<strong>Puglia<\/strong>\u00a0la sera dell&#8217;1 novembre si imbandisce la tavola per i morti che nella notte tornano a visitare i parenti. Il cibo viene cucinato su braci ottenute\u00a0da fal\u00f2 di rami di ginestra e gli avanzi vengono lasciati agli angoli delle strade. Ma in questa regione\u00a0si decorano anche le zucche, le<em>\u00a0cocce priatorje<\/em>, in modo non dissimile dalle lanterne della tradizione anglosassone.<\/p>\n<p>Le zucche vengono svuotate, intagliate e trasformate in lanterne anche in\u00a0<strong>Abruzzo<\/strong>. Molti lumini e candele vengono accesi e posti sui davanzali delle finestre, uno per ogni parente o amico perduto.<\/p>\n<p>In\u00a0<strong>Calabria<\/strong>\u00a0un tempo si organizzavano banchetti direttamente nei cimiteri, sulle tombe, invitando chiunque passasse di l\u00ec a prendervi parte.<\/p>\n<p>In\u00a0<strong>Liguria<\/strong>\u00a0i bambini praticavano la questua casa per casa. Per loro venivano preparati il\u00a0<strong>ben dei morti<\/strong>: bacilli (fave secche) e balletti (castagne bollite).<\/p>\n<p>In\u00a0<strong>Toscana\u00a0<\/strong>e<strong>\u00a0Lazio\u00a0<\/strong>si\u00a0mettevano scarpette\u00a0sulle tombe dei bambini, credendo che nella notte tra l&#8217;1 e il 2 novembre tornassero a camminare nel mondo dei vivi.\u00a0A\u00a0<strong>Roma<\/strong>\u00a0si andava a mangiare accanto alla tomba del defunto.<\/p>\n<p>In\u00a0<strong>Emilia Romagna<\/strong>\u00a0non erano solo i bambini, ma i poveri ad andare di casa in casa a chiedere la\u00a0<strong>carit\u00e0 di murt.<\/strong>\u00a0Le persone di buon cuore davano loro cibo.<\/p>\n<p>In\u00a0<strong>Lombardia<\/strong>\u00a0si lasciava\u00a0in cucina un vaso di acqua fresca perch\u00e9 i morti potessero bere, una zucca piena di vino e il fuoco acceso nel camino.\u00a0Nelle campagne di Cremona ci si alzava presto e si rifaceva con cura il letto per cederlo ai defunti per qualche ora.<\/p>\n<p>In\u00a0<strong>Piemonte<\/strong>\u00a0si apparecchiava un posto in pi\u00f9 a tavola per i cari defunti. Mentre le famiglie erano al cimitero, poi, le case venivano lasciate libere per i morti, che potevano farvi ritorno. Prima di rientrare si facevano suonare le campane, cos\u00ec che essi potessero andarsene in tutta tranquillit\u00e0<\/p>\n<p>In\u00a0<strong>Friuli Venezia Giulia<\/strong>\u00a0si tiene una candela accesa sul davanzale della finestra, una ciotola d\u2019acqua e un pezzo di pane.\u00a0I morti vanno in giro fino al primo canto del gallo.<\/p>\n<p>Anche\u00a0<strong>Trentino Alto Adige<\/strong>\u00a0si lascia la tavola imbandita con ogni ben di Dio. Le campane suonano a lungo per richiamare le anime alle case dei loro cari.<\/p>\n","protected":false},"excerpt":{"rendered":"<p>Il 1 novembre la Chiesa cattolica celebra la festa di tutti i santi. Una\u00a0festa antica, della quale forse oggi si \u00e8 un po&#8217; perso di vista il giusto spirito. Tra tradizioni popolari e devozione religiosa riscopriamola insieme. Vogliamo cominciare il nostro excursus sulla\u00a0festa di tutti&hellip;<\/p>\n","protected":false},"author":1,"featured_media":8063,"comment_status":"closed","ping_status":"open","sticky":false,"template":"","format":"standard","meta":{"_acf_changed":false,"footnotes":""},"categories":[16,15],"tags":[],"class_list":["post-8050","post","type-post","status-publish","format-standard","has-post-thumbnail","hentry","category-articoli-religiosi","category-santi-e-beati"],"acf":[],"yoast_head":"<!-- This site is optimized with the Yoast SEO plugin v26.6 - https:\/\/yoast.com\/wordpress\/plugins\/seo\/ -->\n<title>Festa di tutti i santi: 1 Novembre - Holyblog<\/title>\n<meta name=\"description\" content=\"Il 1 novembre la Chiesa cattolica celebra la festa di tutti i santi. Una festa antica, della quale forse oggi si \u00e8 un po&#039; perso di vista il giusto spirito..\" \/>\n<meta name=\"robots\" content=\"index, follow, max-snippet:-1, max-image-preview:large, max-video-preview:-1\" \/>\n<link rel=\"canonical\" href=\"https:\/\/blog.holyart.it\/it\/articoli-religiosi\/festa-tutti-santi-1-novembre\/\" \/>\n<meta property=\"og:locale\" content=\"it_IT\" \/>\n<meta property=\"og:type\" content=\"article\" \/>\n<meta property=\"og:title\" content=\"Festa di tutti i santi: 1 Novembre - Holyblog\" \/>\n<meta property=\"og:description\" content=\"Il 1 novembre la Chiesa cattolica celebra la festa di tutti i santi. Una festa antica, della quale forse oggi si \u00e8 un po&#039; perso di vista il giusto spirito..\" \/>\n<meta property=\"og:url\" content=\"https:\/\/blog.holyart.it\/it\/articoli-religiosi\/festa-tutti-santi-1-novembre\/\" \/>\n<meta property=\"og:site_name\" content=\"Holyblog\" \/>\n<meta property=\"article:published_time\" content=\"2019-11-07T10:06:41+00:00\" \/>\n<meta property=\"article:modified_time\" content=\"2022-10-26T16:00:41+00:00\" \/>\n<meta property=\"og:image\" content=\"https:\/\/blog.holyart.it\/it\/wp-content\/uploads\/sites\/17\/2019\/11\/festa-di-tutti-i-santi.jpg\" \/>\n\t<meta property=\"og:image:width\" content=\"1000\" \/>\n\t<meta property=\"og:image:height\" content=\"666\" \/>\n\t<meta property=\"og:image:type\" content=\"image\/jpeg\" \/>\n<meta name=\"author\" content=\"Redazione\" \/>\n<meta name=\"twitter:card\" content=\"summary_large_image\" \/>\n<meta name=\"twitter:label1\" content=\"Scritto da\" \/>\n\t<meta name=\"twitter:data1\" content=\"Redazione\" \/>\n\t<meta name=\"twitter:label2\" content=\"Tempo di lettura stimato\" \/>\n\t<meta name=\"twitter:data2\" content=\"12 minuti\" \/>\n<script type=\"application\/ld+json\" class=\"yoast-schema-graph\">{\"@context\":\"https:\/\/schema.org\",\"@graph\":[{\"@type\":\"Article\",\"@id\":\"https:\/\/blog.holyart.it\/it\/articoli-religiosi\/festa-tutti-santi-1-novembre\/#article\",\"isPartOf\":{\"@id\":\"https:\/\/blog.holyart.it\/it\/articoli-religiosi\/festa-tutti-santi-1-novembre\/\"},\"author\":{\"name\":\"Redazione\",\"@id\":\"https:\/\/blog.holyart.it\/it\/#\/schema\/person\/0a7b686e5af0f856ec1e390dd0baecda\"},\"headline\":\"Festa di tutti i santi: 1 Novembre\",\"datePublished\":\"2019-11-07T10:06:41+00:00\",\"dateModified\":\"2022-10-26T16:00:41+00:00\",\"mainEntityOfPage\":{\"@id\":\"https:\/\/blog.holyart.it\/it\/articoli-religiosi\/festa-tutti-santi-1-novembre\/\"},\"wordCount\":2331,\"publisher\":{\"@id\":\"https:\/\/blog.holyart.it\/it\/#organization\"},\"image\":{\"@id\":\"https:\/\/blog.holyart.it\/it\/articoli-religiosi\/festa-tutti-santi-1-novembre\/#primaryimage\"},\"thumbnailUrl\":\"https:\/\/blog.holyart.it\/it\/wp-content\/uploads\/sites\/17\/2019\/11\/festa-di-tutti-i-santi.jpg\",\"articleSection\":[\"Religione\",\"Santi e beati\"],\"inLanguage\":\"it-IT\"},{\"@type\":\"WebPage\",\"@id\":\"https:\/\/blog.holyart.it\/it\/articoli-religiosi\/festa-tutti-santi-1-novembre\/\",\"url\":\"https:\/\/blog.holyart.it\/it\/articoli-religiosi\/festa-tutti-santi-1-novembre\/\",\"name\":\"Festa di tutti i santi: 1 Novembre - Holyblog\",\"isPartOf\":{\"@id\":\"https:\/\/blog.holyart.it\/it\/#website\"},\"primaryImageOfPage\":{\"@id\":\"https:\/\/blog.holyart.it\/it\/articoli-religiosi\/festa-tutti-santi-1-novembre\/#primaryimage\"},\"image\":{\"@id\":\"https:\/\/blog.holyart.it\/it\/articoli-religiosi\/festa-tutti-santi-1-novembre\/#primaryimage\"},\"thumbnailUrl\":\"https:\/\/blog.holyart.it\/it\/wp-content\/uploads\/sites\/17\/2019\/11\/festa-di-tutti-i-santi.jpg\",\"datePublished\":\"2019-11-07T10:06:41+00:00\",\"dateModified\":\"2022-10-26T16:00:41+00:00\",\"description\":\"Il 1 novembre la Chiesa cattolica celebra la festa di tutti i santi. Una festa antica, della quale forse oggi si \u00e8 un po' perso di vista il giusto spirito..\",\"breadcrumb\":{\"@id\":\"https:\/\/blog.holyart.it\/it\/articoli-religiosi\/festa-tutti-santi-1-novembre\/#breadcrumb\"},\"inLanguage\":\"it-IT\",\"potentialAction\":[{\"@type\":\"ReadAction\",\"target\":[\"https:\/\/blog.holyart.it\/it\/articoli-religiosi\/festa-tutti-santi-1-novembre\/\"]}]},{\"@type\":\"ImageObject\",\"inLanguage\":\"it-IT\",\"@id\":\"https:\/\/blog.holyart.it\/it\/articoli-religiosi\/festa-tutti-santi-1-novembre\/#primaryimage\",\"url\":\"https:\/\/blog.holyart.it\/it\/wp-content\/uploads\/sites\/17\/2019\/11\/festa-di-tutti-i-santi.jpg\",\"contentUrl\":\"https:\/\/blog.holyart.it\/it\/wp-content\/uploads\/sites\/17\/2019\/11\/festa-di-tutti-i-santi.jpg\",\"width\":1000,\"height\":666,\"caption\":\"festa di tutti i santi\"},{\"@type\":\"BreadcrumbList\",\"@id\":\"https:\/\/blog.holyart.it\/it\/articoli-religiosi\/festa-tutti-santi-1-novembre\/#breadcrumb\",\"itemListElement\":[{\"@type\":\"ListItem\",\"position\":1,\"name\":\"Homepage\",\"item\":\"https:\/\/blog.holyart.it\/it\/\"},{\"@type\":\"ListItem\",\"position\":2,\"name\":\"Religione\",\"item\":\"https:\/\/blog.holyart.it\/it\/articoli-religiosi\/\"},{\"@type\":\"ListItem\",\"position\":3,\"name\":\"Festa di tutti i santi: 1 Novembre\"}]},{\"@type\":\"WebSite\",\"@id\":\"https:\/\/blog.holyart.it\/it\/#website\",\"url\":\"https:\/\/blog.holyart.it\/it\/\",\"name\":\"Holyblog\",\"description\":\"Il Blog di Holyart.it\",\"publisher\":{\"@id\":\"https:\/\/blog.holyart.it\/it\/#organization\"},\"potentialAction\":[{\"@type\":\"SearchAction\",\"target\":{\"@type\":\"EntryPoint\",\"urlTemplate\":\"https:\/\/blog.holyart.it\/it\/?s={search_term_string}\"},\"query-input\":{\"@type\":\"PropertyValueSpecification\",\"valueRequired\":true,\"valueName\":\"search_term_string\"}}],\"inLanguage\":\"it-IT\"},{\"@type\":\"Organization\",\"@id\":\"https:\/\/blog.holyart.it\/it\/#organization\",\"name\":\"Holyblog\",\"url\":\"https:\/\/blog.holyart.it\/it\/\",\"logo\":{\"@type\":\"ImageObject\",\"inLanguage\":\"it-IT\",\"@id\":\"https:\/\/blog.holyart.it\/it\/#\/schema\/logo\/image\/\",\"url\":\"https:\/\/blog.holyart.it\/it\/wp-content\/uploads\/sites\/17\/2022\/12\/Holyart_Blog_Logo.jpg\",\"contentUrl\":\"https:\/\/blog.holyart.it\/it\/wp-content\/uploads\/sites\/17\/2022\/12\/Holyart_Blog_Logo.jpg\",\"width\":300,\"height\":50,\"caption\":\"Holyblog\"},\"image\":{\"@id\":\"https:\/\/blog.holyart.it\/it\/#\/schema\/logo\/image\/\"}},{\"@type\":\"Person\",\"@id\":\"https:\/\/blog.holyart.it\/it\/#\/schema\/person\/0a7b686e5af0f856ec1e390dd0baecda\",\"name\":\"Redazione\"}]}<\/script>\n<!-- \/ Yoast SEO plugin. -->","yoast_head_json":{"title":"Festa di tutti i santi: 1 Novembre - Holyblog","description":"Il 1 novembre la Chiesa cattolica celebra la festa di tutti i santi. Una festa antica, della quale forse oggi si \u00e8 un po' perso di vista il giusto spirito..","robots":{"index":"index","follow":"follow","max-snippet":"max-snippet:-1","max-image-preview":"max-image-preview:large","max-video-preview":"max-video-preview:-1"},"canonical":"https:\/\/blog.holyart.it\/it\/articoli-religiosi\/festa-tutti-santi-1-novembre\/","og_locale":"it_IT","og_type":"article","og_title":"Festa di tutti i santi: 1 Novembre - Holyblog","og_description":"Il 1 novembre la Chiesa cattolica celebra la festa di tutti i santi. Una festa antica, della quale forse oggi si \u00e8 un po' perso di vista il giusto spirito..","og_url":"https:\/\/blog.holyart.it\/it\/articoli-religiosi\/festa-tutti-santi-1-novembre\/","og_site_name":"Holyblog","article_published_time":"2019-11-07T10:06:41+00:00","article_modified_time":"2022-10-26T16:00:41+00:00","og_image":[{"width":1000,"height":666,"url":"https:\/\/blog.holyart.it\/it\/wp-content\/uploads\/sites\/17\/2019\/11\/festa-di-tutti-i-santi.jpg","type":"image\/jpeg"}],"author":"Redazione","twitter_card":"summary_large_image","twitter_misc":{"Scritto da":"Redazione","Tempo di lettura stimato":"12 minuti"},"schema":{"@context":"https:\/\/schema.org","@graph":[{"@type":"Article","@id":"https:\/\/blog.holyart.it\/it\/articoli-religiosi\/festa-tutti-santi-1-novembre\/#article","isPartOf":{"@id":"https:\/\/blog.holyart.it\/it\/articoli-religiosi\/festa-tutti-santi-1-novembre\/"},"author":{"name":"Redazione","@id":"https:\/\/blog.holyart.it\/it\/#\/schema\/person\/0a7b686e5af0f856ec1e390dd0baecda"},"headline":"Festa di tutti i santi: 1 Novembre","datePublished":"2019-11-07T10:06:41+00:00","dateModified":"2022-10-26T16:00:41+00:00","mainEntityOfPage":{"@id":"https:\/\/blog.holyart.it\/it\/articoli-religiosi\/festa-tutti-santi-1-novembre\/"},"wordCount":2331,"publisher":{"@id":"https:\/\/blog.holyart.it\/it\/#organization"},"image":{"@id":"https:\/\/blog.holyart.it\/it\/articoli-religiosi\/festa-tutti-santi-1-novembre\/#primaryimage"},"thumbnailUrl":"https:\/\/blog.holyart.it\/it\/wp-content\/uploads\/sites\/17\/2019\/11\/festa-di-tutti-i-santi.jpg","articleSection":["Religione","Santi e beati"],"inLanguage":"it-IT"},{"@type":"WebPage","@id":"https:\/\/blog.holyart.it\/it\/articoli-religiosi\/festa-tutti-santi-1-novembre\/","url":"https:\/\/blog.holyart.it\/it\/articoli-religiosi\/festa-tutti-santi-1-novembre\/","name":"Festa di tutti i santi: 1 Novembre - Holyblog","isPartOf":{"@id":"https:\/\/blog.holyart.it\/it\/#website"},"primaryImageOfPage":{"@id":"https:\/\/blog.holyart.it\/it\/articoli-religiosi\/festa-tutti-santi-1-novembre\/#primaryimage"},"image":{"@id":"https:\/\/blog.holyart.it\/it\/articoli-religiosi\/festa-tutti-santi-1-novembre\/#primaryimage"},"thumbnailUrl":"https:\/\/blog.holyart.it\/it\/wp-content\/uploads\/sites\/17\/2019\/11\/festa-di-tutti-i-santi.jpg","datePublished":"2019-11-07T10:06:41+00:00","dateModified":"2022-10-26T16:00:41+00:00","description":"Il 1 novembre la Chiesa cattolica celebra la festa di tutti i santi. Una festa antica, della quale forse oggi si \u00e8 un po' perso di vista il giusto spirito..","breadcrumb":{"@id":"https:\/\/blog.holyart.it\/it\/articoli-religiosi\/festa-tutti-santi-1-novembre\/#breadcrumb"},"inLanguage":"it-IT","potentialAction":[{"@type":"ReadAction","target":["https:\/\/blog.holyart.it\/it\/articoli-religiosi\/festa-tutti-santi-1-novembre\/"]}]},{"@type":"ImageObject","inLanguage":"it-IT","@id":"https:\/\/blog.holyart.it\/it\/articoli-religiosi\/festa-tutti-santi-1-novembre\/#primaryimage","url":"https:\/\/blog.holyart.it\/it\/wp-content\/uploads\/sites\/17\/2019\/11\/festa-di-tutti-i-santi.jpg","contentUrl":"https:\/\/blog.holyart.it\/it\/wp-content\/uploads\/sites\/17\/2019\/11\/festa-di-tutti-i-santi.jpg","width":1000,"height":666,"caption":"festa di tutti i santi"},{"@type":"BreadcrumbList","@id":"https:\/\/blog.holyart.it\/it\/articoli-religiosi\/festa-tutti-santi-1-novembre\/#breadcrumb","itemListElement":[{"@type":"ListItem","position":1,"name":"Homepage","item":"https:\/\/blog.holyart.it\/it\/"},{"@type":"ListItem","position":2,"name":"Religione","item":"https:\/\/blog.holyart.it\/it\/articoli-religiosi\/"},{"@type":"ListItem","position":3,"name":"Festa di tutti i santi: 1 Novembre"}]},{"@type":"WebSite","@id":"https:\/\/blog.holyart.it\/it\/#website","url":"https:\/\/blog.holyart.it\/it\/","name":"Holyblog","description":"Il Blog di Holyart.it","publisher":{"@id":"https:\/\/blog.holyart.it\/it\/#organization"},"potentialAction":[{"@type":"SearchAction","target":{"@type":"EntryPoint","urlTemplate":"https:\/\/blog.holyart.it\/it\/?s={search_term_string}"},"query-input":{"@type":"PropertyValueSpecification","valueRequired":true,"valueName":"search_term_string"}}],"inLanguage":"it-IT"},{"@type":"Organization","@id":"https:\/\/blog.holyart.it\/it\/#organization","name":"Holyblog","url":"https:\/\/blog.holyart.it\/it\/","logo":{"@type":"ImageObject","inLanguage":"it-IT","@id":"https:\/\/blog.holyart.it\/it\/#\/schema\/logo\/image\/","url":"https:\/\/blog.holyart.it\/it\/wp-content\/uploads\/sites\/17\/2022\/12\/Holyart_Blog_Logo.jpg","contentUrl":"https:\/\/blog.holyart.it\/it\/wp-content\/uploads\/sites\/17\/2022\/12\/Holyart_Blog_Logo.jpg","width":300,"height":50,"caption":"Holyblog"},"image":{"@id":"https:\/\/blog.holyart.it\/it\/#\/schema\/logo\/image\/"}},{"@type":"Person","@id":"https:\/\/blog.holyart.it\/it\/#\/schema\/person\/0a7b686e5af0f856ec1e390dd0baecda","name":"Redazione"}]}},"_links":{"self":[{"href":"https:\/\/blog.holyart.it\/it\/wp-json\/wp\/v2\/posts\/8050","targetHints":{"allow":["GET"]}}],"collection":[{"href":"https:\/\/blog.holyart.it\/it\/wp-json\/wp\/v2\/posts"}],"about":[{"href":"https:\/\/blog.holyart.it\/it\/wp-json\/wp\/v2\/types\/post"}],"author":[{"embeddable":true,"href":"https:\/\/blog.holyart.it\/it\/wp-json\/wp\/v2\/users\/1"}],"replies":[{"embeddable":true,"href":"https:\/\/blog.holyart.it\/it\/wp-json\/wp\/v2\/comments?post=8050"}],"version-history":[{"count":0,"href":"https:\/\/blog.holyart.it\/it\/wp-json\/wp\/v2\/posts\/8050\/revisions"}],"wp:featuredmedia":[{"embeddable":true,"href":"https:\/\/blog.holyart.it\/it\/wp-json\/wp\/v2\/media\/8063"}],"wp:attachment":[{"href":"https:\/\/blog.holyart.it\/it\/wp-json\/wp\/v2\/media?parent=8050"}],"wp:term":[{"taxonomy":"category","embeddable":true,"href":"https:\/\/blog.holyart.it\/it\/wp-json\/wp\/v2\/categories?post=8050"},{"taxonomy":"post_tag","embeddable":true,"href":"https:\/\/blog.holyart.it\/it\/wp-json\/wp\/v2\/tags?post=8050"}],"curies":[{"name":"wp","href":"https:\/\/api.w.org\/{rel}","templated":true}]}}