{"id":7892,"date":"2019-10-22T17:57:29","date_gmt":"2019-10-22T15:57:29","guid":{"rendered":"https:\/\/blog.holyart.it\/it\/?p=7892"},"modified":"2023-06-29T09:23:03","modified_gmt":"2023-06-29T07:23:03","slug":"le-feste-patronali-piu-belle-del-sud-italia","status":"publish","type":"post","link":"https:\/\/blog.holyart.it\/it\/articoli-religiosi\/le-feste-patronali-piu-belle-del-sud-italia\/","title":{"rendered":"Le feste patronali pi\u00f9 belle del Sud Italia"},"content":{"rendered":"<h4 style=\"text-align: center;\">Le feste patronali sono una tradizione molto radicata e importante nel nostro paese, soprattutto nel Sud. Scopriamo insieme questa particolare forma di devozione popolare e folklore.<\/h4>\n\n<p>Tra le tante, belle tradizioni del nostro paese, le\u00a0<strong>feste patronali<\/strong>\u00a0sono sicuramente una delle pi\u00f9 caratteristiche. Si tratta di feste e celebrazioni dedicate a\u00a0<strong><a href=\"https:\/\/www.holyart.it\/it\/articoli-religiosi\/statue\">santi e beati<\/a><\/strong>, alla\u00a0<strong><a href=\"https:\/\/www.holyart.it\/articoli\/statue-madonna.php\">Madonna<\/a><\/strong>, al\u00a0<strong><a href=\"https:\/\/www.holyart.it\/it\/occasioni-speciali\/pasqua-e-quaresima\/cristo-risorto-e-sacerdote-re\">Redentore<\/a><\/strong>. Ogni festa si differenzia dall&#8217;altra, tanto che perfino le celebrazioni dedicate allo stesso santo possono variare moltissimo da citt\u00e0 in citt\u00e0, da regione a regione. Ma alcuni elementi rimangono in comune, e tra di essi il pi\u00f9 caratteristico \u00e8 sicuramente la<strong>\u00a0partecipazione generale di tutta la popolazione<\/strong>\u00a0alla festa.<\/p>\n<p>Che si tratti di piccoli paesi o grandi citt\u00e0, in queste occasioni speciali tutti si mobilitano per prendere parte in modo attivo ed entusiastico a quello che non \u00e8 solo un passatempo, ma una vera e propria\u00a0<strong>espressione culturale<\/strong>, oltre che di fede e devozione. In effetti un&#8217;altra caratteristica che accomuna tutte le feste patronali \u00e8 il mescolarsi di\u00a0<strong>sacro e profano<\/strong>.<\/p>\n<p>&nbsp;<\/p>\n<p>Se sicuramente il momento pi\u00f9 importante, quello che rappresenta il culmine della festa, \u00e8 la\u00a0<strong>processione del santo o della santa<\/strong>, insieme a tutti quei riti religiosi che lo accompagnano, non sono meno importanti gli aspetti pi\u00f9 ludici e profani della manifestazione, dalle\u00a0<strong><a href=\"https:\/\/www.holyart.it\/blog\/natale\/la-storia-delle-luminarie-dal-sud-italia-agli-stati-uniti\/\">luminarie<\/a><\/strong>, che in alcuni casi diventano vere e proprie forme d&#8217;arte, alle\u00a0<strong>bancarelle<\/strong>, dalla\u00a0<strong>musica<\/strong>\u00a0alle\u00a0<strong>giostre<\/strong>, dalle\u00a0<strong>danze in abiti tradizionali<\/strong>\u00a0ai\u00a0<strong>fuochi d&#8217;artificio<\/strong>. Non solo, spesso queste feste recuperano anche\u00a0<strong>avvenimenti storici<\/strong>\u00a0e\u00a0<strong>riti e usanze pagane<\/strong>, aggiungendo al sentimento religioso anche un significato culturale e un senso di memoria storica inestimabile. Un\u2019altra caratteristica tipica delle feste patronali \u00e8 la presenza e la partecipazione delle\u00a0<strong>confraternite<\/strong>, associazioni pubbliche di fedeli legati a una o all\u2019altra chiesa impegnati a incrementare il culto e la devozione popolare in vario modo.<\/p>\n<div class=\"link-article\">\n<p><img loading=\"lazy\" decoding=\"async\" class=\"alignleft size-thumbnail wp-image-7799\" src=\"https:\/\/blog.holyart.it\/it\/wp-content\/uploads\/sites\/17\/2019\/10\/luminarie-festa-santi.jpg\" alt=\"luminarie festa santi\" width=\"150\" height=\"100\" \/><\/p>\n<div class=\"leggi-anche\">Leggi anche:<\/div>\n<p><strong><a href=\"https:\/\/www.holyart.it\/blog\/natale\/la-storia-delle-luminarie-dal-sud-italia-agli-stati-uniti\/\">La storia delle luminarie: dal Sud Italia agli Stati Uniti<\/a><\/strong><br \/>\nLe luminarie di Natale sono una tradizione suggestiva e imprescindibile durante le Feste &#8230;<\/p>\n<\/div>\n<p>Un&#8217;espressione di cultura popolare e folklore, dunque, che, in certi casi, richiama migliaia, perfino milioni di partecipanti. Basti pensare, per citarne solo una, al milione circa tra devoti e turisti da tutto il mondo, che ogni anno accorrono a\u00a0<strong>Catania<\/strong>, dal 3 al 6 febbraio, per celebrare<strong>\u00a0Sant&#8217;Agata<\/strong>, la patrona della citt\u00e0, con una delle feste patronali pi\u00f9 importanti in assoluto. Per esattezza,\u00a0la festa di Sant&#8217;Agata \u00e8 la terza festa religiosa per importanza al mondo, pari solo alla Settimana Santa di Siviglia e la Festa del Corpus Domini di Cuzco in Per\u00f9. Nel 2002 \u00e8 stata perfino dichiarata\u00a0dall\u2019UNESCO\u00a0<strong>Bene Etno Antropologico Patrimonio dell\u2019Umanit\u00e0<\/strong>.<\/p>\n<p>Se questo genere di feste sono diffuse in tutta Italia, il nostro\u00a0<strong>Meridione<\/strong>\u00a0si pregia di essere teatro di moltissime\u00a0delle pi\u00f9 celebri, che ogni anno attirano innumerevoli partecipanti. Ricordarle tutte sarebbe impossibile, ma ci piacerebbe fare una piccola carrellata delle principali feste patronali del Sud, regione per regione.<\/p>\n<h2>MARCHE<\/h2>\n<p>A\u00a0<strong>San Benedetto del Tronto<\/strong>\u00a0dal 16 al 26 luglio si festeggia ogni anno la\u00a0<strong>Madonna della Marina<\/strong>. La festa \u00e8 caratterizzata in particolare da un&#8217;imponente processione in mare delle barche e da uno\u00a0splendido spettacolo\u00a0di fuochi d&#8217;artificio visibili da una distanza considerevole, oltre che da spettacoli musicali, bancarelle culinarie e naturalmente occasioni di preghiera comune.<br \/>\nA\u00a0<strong>Urbania<\/strong>, nella provincia di Pesaro e Urbino, durante la\u00a0<strong><a href=\"https:\/\/www.holyart.it\/it\/occasioni-speciali\/pasqua-e-quaresima\">Pasqua<\/a><\/strong>\u00a0le strade si popolano di quadri viventi tipici del posto. Il culmine delle celebrazioni vede una statua lignea risalente al 1300 portata in processione.<\/p>\n<h2>MOLISE<\/h2>\n<p>In occasione della\u00a0<strong>Festa di San Basso<\/strong>, protettore di\u00a0<strong>Termoli<\/strong>, il 3 e 4 agosto, una statua del santo viene portata in processione per i vicoli della citt\u00e0, fino a giungere al mare. Qui la processione si sposta sulle barche, e in particolare su un peschereccio sorteggiato una settimana prima per avere l&#8217;onore di trasportare la Statua di San Basso. Anche i fedeli la seguono non solo dalla costa, ma dai pescherecci.<br \/>\n<strong>Isernia<\/strong>\u00a0\u00e8 famosa per la\u00a0<strong>Processione degli Incappucciati<\/strong>. Il Venerd\u00ec che precede la Pasqua una processione percorre tutta la citt\u00e0 e coinvolge gli \u201cincappucciati\u201d, legati da un voto di penitenza che li costringe a partecipare incappucciandosi con un telo bianco che li ricopre completamente e portando sul capo una corona di spine. A loro viene affidato il compito di portare le statue della Mater Dolorosa e del Cristo Morto.<\/p>\n<h2>ABRUZZO<\/h2>\n<p><strong>Sant\u2019Andrea<\/strong>, protettore dei pescatori, \u00e8 protagonista di una grande festa che viene celebrata a\u00a0<strong>Pescara<\/strong>\u00a0l&#8217;ultima domenica di luglio. Anche in questo caso la processione si snoda fra le vie della citt\u00e0 vecchia fino al mare, dove la statua viene caricata su una barca.\u00a0Un grandioso spettacolo pirotecnico,\u00a0gli &#8220;spari&#8221; di Sant\u2019Andrea,\u00a0chiudono la festa illuminando a giorno tutta la costa.<br \/>\nA\u00a0<strong>Sulmona<\/strong>\u00a0la\u00a0<strong>Settimana Santa<\/strong>\u00a0prevede molti riti religiosi, a partire dalla processioni organizzate dalle <strong><a href=\"https:\/\/www.holyart.it\/blog\/prodotti-monasteri\/nascita-ed-evoluzione-delle-confraternite-dallepoca-romana-ai-giorni-nostri\/\">confraternite<\/a><\/strong> legate alla chiesa della Trinit\u00e0 e alla Chiesa di S. Maria di Loreto. In particolare i confratelli dell\u2019Arciconfraternita della SS. Trinit\u00e0 sono abbigliati con un vistoso saio rosso porpora con pettorina bianca e cingolo rosso. Il coro, composto da oltre 110 elementi, intona varie versioni del Miserere e altri canti sacri mentre procede attraverso le strade della citt\u00e0.<\/p>\n<figure id=\"attachment_7918\" aria-describedby=\"caption-attachment-7918\" style=\"width: 1024px\" class=\"wp-caption aligncenter\"><img loading=\"lazy\" decoding=\"async\" class=\"size-large wp-image-7918\" src=\"https:\/\/blog.holyart.it\/it\/wp-content\/uploads\/sites\/17\/2019\/10\/Festa-di-SantAndrea-sul-mare-1024x768.jpg\" alt=\"Festa di Sant'Andrea sul mare\" width=\"1024\" height=\"768\" \/><figcaption id=\"caption-attachment-7918\" class=\"wp-caption-text\"><center><strong>Festa di Sant&#8217;Andrea sul mare<\/strong><\/center><\/figcaption><\/figure>\n<h2>LAZIO<\/h2>\n<p>A\u00a0<strong>Gaeta<\/strong>\u00a0la seconda domenica di agosto di festeggia la\u00a0<strong>Madonna di Porto Salvo<\/strong>, protettrice dei marinai. La statua della Madonna, ricoperta d&#8217;oro e fiori, viene portata in processione dalla Chiesa degli scalzi fino al porto. Una barca la conduce poi al centro del golfo di Gaeta.\u00a0Al termine della festa una grande corona di fiori viene affidata al mare, in ricordo dei marinai e dei pescatori che hanno perduto la vita tra i flutti.<br \/>\nIl 3 settembre si festeggia a\u00a0<strong>Viterbo<\/strong>\u00a0la festa di\u00a0<strong>Santa Rosa<\/strong>, patrona della citt\u00e0. Si tratta di una manifestazione unica al mondo. La \u201cmacchina di Santa Rosa\u201d, una struttura costituita da una torre alta circa trenta metri e pesante cinque tonnellate, illuminata da fiaccole e luci elettriche viene sollevata e portata a spalla da cento \u201cFacchini\u201d, uomini robusti scelti per l\u2019occasione, lungo un percorso di poco pi\u00f9 di un chilometro. La folla assiste festante, partecipando con cori e incitazioni, mentre la musica risuona per tutta la citt\u00e0.<br \/>\nLa\u00a0<strong>processione pasquale\u00a0<\/strong>di<strong>\u00a0Sora<\/strong>\u00a0attira un gran numero di fedeli, che percorrono il centro storico partendo\u00a0 dalla Chiesa di S. Spirito. Le innumerevoli candele accese lungo il percorso conferiscono all\u2019evento un\u2019atmosfera unica. La processione avviene in silenzio, accompagnata solo dalle note del \u201ccanto sorano\u201d, dedicato all\u2019Addolorata, intonate dalla Banda Sinfonica Citt\u00e0 di Sora.<\/p>\n<h2>CAMPANIA<\/h2>\n<p>La\u00a0<strong>Festa di San Ciriaco<\/strong>\u00a0anima la piccola cittadina\u00a0di\u00a0<strong>Torre Le Nocelle<\/strong>, in provincia di Avellino, l&#8217;8 agosto. La tradizione vuole che il sangue di San Ciriaco torni miracolosamente liquido in quella data, oltre che il 16 marzo. Fedeli e devoti accorrono da ogni parte per assistere al miracolo e per portare il santo patrono in processione. Anche in questo caso lo spettacolo pirotecnico \u00e8 uno degli eventi pi\u00f9 celebrati e attesi, perch\u00e9 vi partecipano molti famosi maestri provenienti da tutta la regione.<br \/>\nSempre in Campania, ma stavolta a\u00a0<strong>Napoli<\/strong>, il\u00a019 settembre \u00e8 il sangue di\u00a0<strong>San Gennaro<\/strong>, patrono della citt\u00e0, che si liquef\u00e0 nel Duomo. Una lunga processione con i ceri prelude all&#8217;evento miracoloso, che attira migliaia di pellegrini e curiosi ogni anno.<\/p>\n<div class=\"link-product\">\n<div class=\"blocco-immagine\"><img loading=\"lazy\" decoding=\"async\" class=\"alignnone size-thumbnail wp-image-7911\" src=\"https:\/\/blog.holyart.it\/it\/wp-content\/uploads\/sites\/17\/2019\/10\/arazzo-san-gennaro-150x150.jpg\" alt=\"arazzo san gennaro\" width=\"100\" height=\"1000\" \/><\/div>\n<div class=\"blocco-contenuto\">\n<div class=\"blocco-acquista\">Acquista su Holyart:<\/div>\n<div class=\"blocco-titolo\"><a href=\"https:\/\/www.holyart.it\/it\/articoli-religiosi\/statue\/statue-in-vetroresina\/san-rocco-100-cm-vetroresina-dipinta\">Arazzo di San Gennaro<br \/>\nin tessitura Jacquard, made in Italy<\/a><\/div>\n<\/div>\n<\/div>\n<p>Emblematica la\u00a0<strong>Devozione della Madonna dell&#8217;Arco<\/strong>\u00a0che si tiene ogni anno a <a href=\"https:\/\/www.holyart.it\/blog\/articoli-religiosi\/pasquetta-o-lunedi-dellangelo-scopriamo-perche-vengono-chiamate-cosi\/\"><strong>Pasquetta<\/strong><\/a> nel comune\u00a0<strong>Sant&#8217;Anastasia<\/strong>, nella citt\u00e0 metropolitana di Napoli. Migliaia di persone accorrono ogni anno da ogni parte della Campania per la processione che attraversa la citt\u00e0 fino al santuario. La particolarit\u00e0 di questa celebrazione \u00e8 che i pellegrini, definiti \u201cfujenti\u201d, \u201c<em>coloro che vanno<\/em>\u201d vestono completamente di bianco con una fascia trasversale azzurra, e una rossa, che simboleggiano i colori del manto della Vergine Maria, e spesso camminano a piedi nudi. Portano anche stendardi di notevoli dimensioni e un altarino che rappresenta lo Spirito Santo. Giunti nei pressi dell&#8217;edicola votiva dedicata alla Madonna, molti cadono in ginocchio e proseguono a carponi. Alcuni \u201cfujenti\u201d prendono il nome di \u201cBattenti\u201d, chiamati cos\u00ec perch\u00e9 durante la Settimana Santa si percuotono il corpo flagelli di sughero chiodati e perch\u00e9 battono costantemente i piedi a terra in modo ritmato. La festa \u00e8 incredibilmente suggestiva.<br \/>\nA\u00a0<strong>Nola<\/strong>\u00a0si celebra, di solito intorno al 22 giugno, la\u00a0<a href=\"https:\/\/www.holyart.it\/blog\/articoli-religiosi\/festa-dei-gigli-la-devozione-della-citta-di-nola-a-san-paolino\/\"><strong>Festa dei Gigli<\/strong><\/a>, dedicata a San Paolino. La festa, che dal 2013 rientra nel Patrimonio orale e immateriale dell&#8217;umanit\u00e0 dell&#8217;UNESCO, ed \u00e8 una delle pi\u00f9 famose nella Rete delle grandi macchine a spalla italiane, prevede la processione danzante di 8 Gigli, enormi obelischi di legno che prendono il nome delle antiche corporazioni delle arti e mestieri della citt\u00e0. I gigli sono alti 25 metri e hanno una base cubica di circa tre metri per lato. Arrivano a pesare oltre venticinque quintali. Gli addetti al trasporto, detti &#8220;cullatori&#8221;, li sollevano e li manovrano grazie alla &#8220;borda&#8221;, l&#8217;asse centrale portante, le &#8220;barre&#8221; e le &#8220;barrette&#8221;. Per ogni giglio occorrono circa 128 cullatori, che tutti insieme formano la &#8220;paranza&#8221;.<\/p>\n<h2>BASILICATA<strong><br \/>\n<\/strong><\/h2>\n<p>A\u00a0<strong>Pisticci<\/strong>\u00a0il 15-16-17 agosto si celebra la\u00a0<strong>Festa di San Rocco<\/strong>, il santo pellegrino, molto caro alla Basilicata e festeggiato un po&#8217;ovunque. La festa di Pisticci \u00e8 caratterizzata da sontuose luminarie che abbelliscono tutta la cittadina, oltre che da spettacoli musicali e gli immancabili fuochi d&#8217;artificio.<br \/>\nA\u00a0<strong>Irsina<\/strong>, in provincia di Matera, si festeggia invece\u00a0il 16 di settembre\u00a0<strong>Sant\u2019Eufemia<\/strong>, martire della Calcedonia. La statua della santa, la realizzazione della quale \u00e8 attribuita ad Andrea Mantegna, viene\u00a0portata dalla cattedrale attraverso tutto il paese fino all\u2019alta valle del Bradano.<br \/>\n<strong>Barile<\/strong>\u00a0\u00e8 invece famosa per la\u00a0<strong>processione pasquale<\/strong>, che ha una storia secolare. Gli abitanti della cittadina si uniscono per mettere in scena la rappresentazione religiosa del Calvario e della morte di Ges\u00f9 in un corteo che si snoda per ben cinque chilometri. In testa procedono tre centurioni a cavallo e tre bambine vestite di bianco, che impersonano le tre Marie. La processione coinvolge circa 126 persone, divise in 25 gruppi, che percorrono le vie del paese per oltre quattro ore.<\/p>\n<h2>CALABRIA<strong><br \/>\n<\/strong><\/h2>\n<p>A\u00a0<strong>Reggio Calabria<\/strong>\u00a0il secondo sabato di settembre hanno luogo le celebrazioni in onore della\u00a0<strong>Madonna della Consolazione<\/strong>, patrona della citt\u00e0. Per festeggiarla i fedeli portano in processione la Vara, un&#8217;effigie\u00a0alta 5 metri e del peso di oltre 12 quintali per un percorso di circa 3,5 km con un dislivello di 158 metri, dalla Basilica dell&#8217;Eremo, fino al Duomo. La tradizionale &#8220;volata&#8221;, ovvero l&#8217;ultimo tratto di processione percorso correndo, caratterizza la festa.<br \/>\nA\u00a0<strong>Palmi<\/strong>\u00a0nel mese di agosto si festeggia\u00a0<strong>San Rocco<\/strong>, che guariva i malati di peste. Nel santuario dedicato al santo si intonano canti antichi di secoli, e ai piedi della statua che lo raffigura i fedeli depongono simulacri in cera che rappresentano le parti corporee risanate. Una processione percorre le strade della citt\u00e0 per un giorno intero, guidata dagli &#8220;mbuttari\u201d, che portano il santo in spalla, e dagli &#8220;spinati&#8221;, scalzi e con addosso un mantello di spine a forma di campana, lo &#8220;spalas&#8221;, Le donne portano invece una corona di spine sul capo.<\/p>\n<div class=\"link-product\">\n<div class=\"blocco-immagine\"><img loading=\"lazy\" decoding=\"async\" class=\"alignnone size-thumbnail wp-image-7907\" src=\"https:\/\/blog.holyart.it\/it\/wp-content\/uploads\/sites\/17\/2019\/10\/statua-san-rocco-150x150.jpg\" alt=\"statua san rocco\" width=\"100\" height=\"100\" \/><\/div>\n<div class=\"blocco-contenuto\">\n<div class=\"blocco-acquista\">Acquista su Holyart:<\/div>\n<div class=\"blocco-titolo\"><a href=\"https:\/\/www.holyart.it\/it\/articoli-religiosi\/statue\/statue-in-vetroresina\/san-rocco-100-cm-vetroresina-dipinta\">Statua di San Rocco<br \/>\nin vetroresina dipinta 100 cm<\/a><\/div>\n<\/div>\n<\/div>\n<h2>PUGLIA<\/h2>\n<p>La<strong>\u00a0Fiera dell\u2019Incoronata<\/strong>\u00a0a\u00a0<strong>Nard\u00f2<\/strong>, il primo weekend d\u2019agosto,\u00a0unisce tradizione storica e spirito devozionale, affiancando a cene\u00a0rinascimentali e al caratteristico\u00a0palio dei pittaggi, i quattro quartieri della citt\u00e0,\u00a0celebrazioni dedicate alla Vergine Incoronata,\u00a0che culminano con grandiosi fuochi d\u2019artificio.<br \/>\n<strong>Scorrano<\/strong>, in provincia di Lecce, \u00e8 invece famosa nel mondo per le sue luminarie, tanto da esserne considerata la capitale mondiale. In particolare esse rendono unica la\u00a0<strong>Festa di Santa Domenica<\/strong>, la prima met\u00e0 di luglio, in occasione della quale tutta la citt\u00e0 viene illuminata in modo spettacolare.<br \/>\nA\u00a0<strong>San Severo<\/strong>\u00a0si celebrano addirittura tre sentitissime e commoventi processioni in occasione della\u00a0<strong>Pasqua<\/strong>. Le organizzano le Confraternite, particolarmente attive in citt\u00e0. Il Venerd\u00ec Santo si apre con la tradizionale processione dell\u2019Addolorata e di Ges\u00f9 Flagellato. In realt\u00e0 si tratta di tre processioni che escono ognuna da una chiesa della citt\u00e0 e si riuniscono in Piazza Castello, portando a spalla le statue di Ges\u00f9 alla colonna e dell\u2019Addolorata.<\/p>\n<h2>SICILIA<\/h2>\n<p>Abbiamo gi\u00e0 citato la\u00a0<strong>Festa di\u00a0Sant\u2019Agata\u00a0<\/strong>a\u00a0<strong>Catania<\/strong>, festeggiata il\u00a03, 4 e 5 febbraio, e poi ancora il 17 agosto. La festa \u00e8 caratterizzata da grandiosi fuochi d\u2019artificio e dalla suggestiva processione dei devoti che portano il busto d&#8217;argento\u00a0e le reliquie della Santa in giro per la citt\u00e0, indossando il tradizionale vestito devozionale bianco e cappellino nero.\u00a0Le origini pagane della festa sono state studiate negli anni. Probabilmente affondano nell&#8217;antico culto della dea Iside,\u00a0oltre che ad altre celebrazioni pre-cristiane.<br \/>\n<strong>Trapani<\/strong>\u00a0si illumina invece il 7 agosto grazie alle splendide luminarie accese in occasione della\u00a0<strong>Festa di Sant\u2019Alberto degli Abati<\/strong>, le cui reliquie sono custodite e venerate in varie chiese della citt\u00e0.<br \/>\nAncora in Sicilia, a\u00a0<strong>Maniace<\/strong>, in provincia di\u00a0Catania, a gennaio si festeggia\u00a0<strong>San Sebastiano<\/strong>, con la benedizione dei &#8216;panuzzi&#8217;,\u00a0mentre ad\u00a0<strong>Arcireale<\/strong>, il santo \u00e8 portato in processione da uomini scalzi.<\/p>\n<div class=\"link-product\">\n<div class=\"blocco-immagine\"><img loading=\"lazy\" decoding=\"async\" class=\"alignnone size-thumbnail wp-image-7914\" src=\"https:\/\/blog.holyart.it\/it\/wp-content\/uploads\/sites\/17\/2019\/10\/statua-san-sebastiano-150x150.jpg\" alt=\"statua san sebastiano\" width=\"100\" height=\"100\" \/><\/div>\n<div class=\"blocco-contenuto\">\n<div class=\"blocco-acquista\">Acquista su Holyart:<\/div>\n<div class=\"blocco-titolo\"><a href=\"https:\/\/www.holyart.it\/it\/articoli-religiosi\/statue\/statue-in-vetroresina\/statua-san-sebastiano-vetroresina-125-cm-per-esterno\">Statua San Sebastiano<br \/>\nin vetroresina 125 cm per Esterno<\/a><\/div>\n<\/div>\n<\/div>\n<p><strong>San Sebastiano<\/strong>, Protettore della citt\u00e0 di Siracusa, viene festeggiato anche nel centro storico di\u00a0<strong>Ortigia<\/strong>\u00a0il 20 gennaio e soprattutto il 10 agosto, con grande spettacolarit\u00e0 e folklore che attirano migliaia di visitatori. Le celebrazioni culminano con la suggestiva \u201csciuta\u201d (uscita) dalla chiesa del Santo e della sua reliquia che vengono e seguiti da migliaia di devoti. Le donne spesso sono scalze. I bambini vengono spogliati e offerti al Santo, mentre intorno esplodono migliaia di mortaretti e vengono lanciati i \u201cnsareddi\u201d, stelle filanti di carta multicolori lunghe 2 m.<br \/>\nA\u00a0<strong>Enna<\/strong>\u00a0la Settimana santa vede perpetrarsi celebrazioni che risalgono alla dominazione spagnola. In particolare la\u00a0<strong>processione del Venerd\u00ec santo<\/strong>\u00a0vede sfilare circa 2.500 confrati incappucciati, recanti i fercoli di Ges\u00f9 morto e della Madonna Addolorata. Ogni anno migliaia di turisti accorrono ad assistere alla processione, che viene accompagnata dal suono di marce funebri.<\/p>\n<h2>SARDEGNA<\/h2>\n<p>A\u00a0<strong>Nuoro<\/strong>\u00a0l&#8217;ultima domenica d&#8217;agosto\u00a0si tiene la\u00a0<strong>Festa del Redentore<\/strong>, alla quale partecipano tutti i paesi della Sardegna, sfilando per la citt\u00e0 con i costumi tradizionali.\u00a0Spettacoli folkloristici, balli, canti e musica caratterizzano questa grande e coloratissima festa, che culmina con spettacolari fuochi d\u2019artificio.<br \/>\nA\u00a0<strong>Sassari<\/strong>\u00a0la\u00a0<strong>Settimana Santa<\/strong>\u00a0vede antichissime tradizioni perpetrarsi ogni anno. Suggestive processioni organizzate dalle confraternite attraversano il centro storico al ritmo dei tamburi. In particolare la processione dell\u2019Arciconfraternita dei Servi di Maria, il Venerd\u00ec Santo, raccoglie una folla di fedeli, che accompagnano il simulacro della Madonna Addolorata dalla chiesa di Sant\u2019Antonio a San Giacomo e quindi al Duomo.<\/p>\n","protected":false},"excerpt":{"rendered":"<p>Le feste patronali sono una tradizione molto radicata e importante nel nostro paese, soprattutto nel Sud. Scopriamo insieme questa particolare forma di devozione popolare e folklore. Tra le tante, belle tradizioni del nostro paese, le\u00a0feste patronali\u00a0sono sicuramente una delle pi\u00f9 caratteristiche. Si tratta di feste&hellip;<\/p>\n","protected":false},"author":1,"featured_media":7904,"comment_status":"closed","ping_status":"open","sticky":false,"template":"","format":"standard","meta":{"_acf_changed":false,"footnotes":""},"categories":[16,15],"tags":[],"class_list":["post-7892","post","type-post","status-publish","format-standard","has-post-thumbnail","hentry","category-articoli-religiosi","category-santi-e-beati"],"acf":[],"yoast_head":"<!-- This site is optimized with the Yoast SEO plugin v26.6 - https:\/\/yoast.com\/wordpress\/plugins\/seo\/ -->\n<title>Le feste patronali pi\u00f9 belle del Sud Italia - Holyblog<\/title>\n<meta name=\"description\" content=\"Le feste patronali sono una tradizione molto radicata e importante nel nostro paese, soprattutto nel Sud. Questa particolare forma di devozione popolare\" \/>\n<meta name=\"robots\" content=\"index, follow, max-snippet:-1, max-image-preview:large, max-video-preview:-1\" \/>\n<link rel=\"canonical\" href=\"https:\/\/blog.holyart.it\/it\/articoli-religiosi\/le-feste-patronali-piu-belle-del-sud-italia\/\" \/>\n<meta property=\"og:locale\" content=\"it_IT\" \/>\n<meta property=\"og:type\" content=\"article\" \/>\n<meta property=\"og:title\" content=\"Le feste patronali pi\u00f9 belle del Sud Italia - Holyblog\" \/>\n<meta property=\"og:description\" content=\"Le feste patronali sono una tradizione molto radicata e importante nel nostro paese, soprattutto nel Sud. Questa particolare forma di devozione popolare\" \/>\n<meta property=\"og:url\" content=\"https:\/\/blog.holyart.it\/it\/articoli-religiosi\/le-feste-patronali-piu-belle-del-sud-italia\/\" \/>\n<meta property=\"og:site_name\" content=\"Holyblog\" \/>\n<meta property=\"article:published_time\" content=\"2019-10-22T15:57:29+00:00\" \/>\n<meta property=\"article:modified_time\" content=\"2023-06-29T07:23:03+00:00\" \/>\n<meta property=\"og:image\" content=\"https:\/\/blog.holyart.it\/it\/wp-content\/uploads\/sites\/17\/2019\/10\/feste-patronali.jpg\" \/>\n\t<meta property=\"og:image:width\" content=\"1000\" \/>\n\t<meta property=\"og:image:height\" content=\"665\" \/>\n\t<meta property=\"og:image:type\" content=\"image\/jpeg\" \/>\n<meta name=\"author\" content=\"Redazione\" \/>\n<meta name=\"twitter:card\" content=\"summary_large_image\" \/>\n<meta name=\"twitter:label1\" content=\"Scritto da\" \/>\n\t<meta name=\"twitter:data1\" content=\"Redazione\" \/>\n\t<meta name=\"twitter:label2\" content=\"Tempo di lettura stimato\" \/>\n\t<meta name=\"twitter:data2\" content=\"14 minuti\" \/>\n<script type=\"application\/ld+json\" class=\"yoast-schema-graph\">{\"@context\":\"https:\/\/schema.org\",\"@graph\":[{\"@type\":\"Article\",\"@id\":\"https:\/\/blog.holyart.it\/it\/articoli-religiosi\/le-feste-patronali-piu-belle-del-sud-italia\/#article\",\"isPartOf\":{\"@id\":\"https:\/\/blog.holyart.it\/it\/articoli-religiosi\/le-feste-patronali-piu-belle-del-sud-italia\/\"},\"author\":{\"name\":\"Redazione\",\"@id\":\"https:\/\/blog.holyart.it\/it\/#\/schema\/person\/0a7b686e5af0f856ec1e390dd0baecda\"},\"headline\":\"Le feste patronali pi\u00f9 belle del Sud Italia\",\"datePublished\":\"2019-10-22T15:57:29+00:00\",\"dateModified\":\"2023-06-29T07:23:03+00:00\",\"mainEntityOfPage\":{\"@id\":\"https:\/\/blog.holyart.it\/it\/articoli-religiosi\/le-feste-patronali-piu-belle-del-sud-italia\/\"},\"wordCount\":2398,\"publisher\":{\"@id\":\"https:\/\/blog.holyart.it\/it\/#organization\"},\"image\":{\"@id\":\"https:\/\/blog.holyart.it\/it\/articoli-religiosi\/le-feste-patronali-piu-belle-del-sud-italia\/#primaryimage\"},\"thumbnailUrl\":\"https:\/\/blog.holyart.it\/it\/wp-content\/uploads\/sites\/17\/2019\/10\/feste-patronali.jpg\",\"articleSection\":[\"Religione\",\"Santi e beati\"],\"inLanguage\":\"it-IT\"},{\"@type\":\"WebPage\",\"@id\":\"https:\/\/blog.holyart.it\/it\/articoli-religiosi\/le-feste-patronali-piu-belle-del-sud-italia\/\",\"url\":\"https:\/\/blog.holyart.it\/it\/articoli-religiosi\/le-feste-patronali-piu-belle-del-sud-italia\/\",\"name\":\"Le feste patronali pi\u00f9 belle del Sud Italia - Holyblog\",\"isPartOf\":{\"@id\":\"https:\/\/blog.holyart.it\/it\/#website\"},\"primaryImageOfPage\":{\"@id\":\"https:\/\/blog.holyart.it\/it\/articoli-religiosi\/le-feste-patronali-piu-belle-del-sud-italia\/#primaryimage\"},\"image\":{\"@id\":\"https:\/\/blog.holyart.it\/it\/articoli-religiosi\/le-feste-patronali-piu-belle-del-sud-italia\/#primaryimage\"},\"thumbnailUrl\":\"https:\/\/blog.holyart.it\/it\/wp-content\/uploads\/sites\/17\/2019\/10\/feste-patronali.jpg\",\"datePublished\":\"2019-10-22T15:57:29+00:00\",\"dateModified\":\"2023-06-29T07:23:03+00:00\",\"description\":\"Le feste patronali sono una tradizione molto radicata e importante nel nostro paese, soprattutto nel Sud. Questa particolare forma di devozione popolare\",\"breadcrumb\":{\"@id\":\"https:\/\/blog.holyart.it\/it\/articoli-religiosi\/le-feste-patronali-piu-belle-del-sud-italia\/#breadcrumb\"},\"inLanguage\":\"it-IT\",\"potentialAction\":[{\"@type\":\"ReadAction\",\"target\":[\"https:\/\/blog.holyart.it\/it\/articoli-religiosi\/le-feste-patronali-piu-belle-del-sud-italia\/\"]}]},{\"@type\":\"ImageObject\",\"inLanguage\":\"it-IT\",\"@id\":\"https:\/\/blog.holyart.it\/it\/articoli-religiosi\/le-feste-patronali-piu-belle-del-sud-italia\/#primaryimage\",\"url\":\"https:\/\/blog.holyart.it\/it\/wp-content\/uploads\/sites\/17\/2019\/10\/feste-patronali.jpg\",\"contentUrl\":\"https:\/\/blog.holyart.it\/it\/wp-content\/uploads\/sites\/17\/2019\/10\/feste-patronali.jpg\",\"width\":1000,\"height\":665,\"caption\":\"feste patronali\"},{\"@type\":\"BreadcrumbList\",\"@id\":\"https:\/\/blog.holyart.it\/it\/articoli-religiosi\/le-feste-patronali-piu-belle-del-sud-italia\/#breadcrumb\",\"itemListElement\":[{\"@type\":\"ListItem\",\"position\":1,\"name\":\"Homepage\",\"item\":\"https:\/\/blog.holyart.it\/it\/\"},{\"@type\":\"ListItem\",\"position\":2,\"name\":\"Religione\",\"item\":\"https:\/\/blog.holyart.it\/it\/articoli-religiosi\/\"},{\"@type\":\"ListItem\",\"position\":3,\"name\":\"Le feste patronali pi\u00f9 belle del Sud Italia\"}]},{\"@type\":\"WebSite\",\"@id\":\"https:\/\/blog.holyart.it\/it\/#website\",\"url\":\"https:\/\/blog.holyart.it\/it\/\",\"name\":\"Holyblog\",\"description\":\"Il Blog di Holyart.it\",\"publisher\":{\"@id\":\"https:\/\/blog.holyart.it\/it\/#organization\"},\"potentialAction\":[{\"@type\":\"SearchAction\",\"target\":{\"@type\":\"EntryPoint\",\"urlTemplate\":\"https:\/\/blog.holyart.it\/it\/?s={search_term_string}\"},\"query-input\":{\"@type\":\"PropertyValueSpecification\",\"valueRequired\":true,\"valueName\":\"search_term_string\"}}],\"inLanguage\":\"it-IT\"},{\"@type\":\"Organization\",\"@id\":\"https:\/\/blog.holyart.it\/it\/#organization\",\"name\":\"Holyblog\",\"url\":\"https:\/\/blog.holyart.it\/it\/\",\"logo\":{\"@type\":\"ImageObject\",\"inLanguage\":\"it-IT\",\"@id\":\"https:\/\/blog.holyart.it\/it\/#\/schema\/logo\/image\/\",\"url\":\"https:\/\/blog.holyart.it\/it\/wp-content\/uploads\/sites\/17\/2022\/12\/Holyart_Blog_Logo.jpg\",\"contentUrl\":\"https:\/\/blog.holyart.it\/it\/wp-content\/uploads\/sites\/17\/2022\/12\/Holyart_Blog_Logo.jpg\",\"width\":300,\"height\":50,\"caption\":\"Holyblog\"},\"image\":{\"@id\":\"https:\/\/blog.holyart.it\/it\/#\/schema\/logo\/image\/\"}},{\"@type\":\"Person\",\"@id\":\"https:\/\/blog.holyart.it\/it\/#\/schema\/person\/0a7b686e5af0f856ec1e390dd0baecda\",\"name\":\"Redazione\"}]}<\/script>\n<!-- \/ Yoast SEO plugin. -->","yoast_head_json":{"title":"Le feste patronali pi\u00f9 belle del Sud Italia - Holyblog","description":"Le feste patronali sono una tradizione molto radicata e importante nel nostro paese, soprattutto nel Sud. Questa particolare forma di devozione popolare","robots":{"index":"index","follow":"follow","max-snippet":"max-snippet:-1","max-image-preview":"max-image-preview:large","max-video-preview":"max-video-preview:-1"},"canonical":"https:\/\/blog.holyart.it\/it\/articoli-religiosi\/le-feste-patronali-piu-belle-del-sud-italia\/","og_locale":"it_IT","og_type":"article","og_title":"Le feste patronali pi\u00f9 belle del Sud Italia - Holyblog","og_description":"Le feste patronali sono una tradizione molto radicata e importante nel nostro paese, soprattutto nel Sud. Questa particolare forma di devozione popolare","og_url":"https:\/\/blog.holyart.it\/it\/articoli-religiosi\/le-feste-patronali-piu-belle-del-sud-italia\/","og_site_name":"Holyblog","article_published_time":"2019-10-22T15:57:29+00:00","article_modified_time":"2023-06-29T07:23:03+00:00","og_image":[{"width":1000,"height":665,"url":"https:\/\/blog.holyart.it\/it\/wp-content\/uploads\/sites\/17\/2019\/10\/feste-patronali.jpg","type":"image\/jpeg"}],"author":"Redazione","twitter_card":"summary_large_image","twitter_misc":{"Scritto da":"Redazione","Tempo di lettura stimato":"14 minuti"},"schema":{"@context":"https:\/\/schema.org","@graph":[{"@type":"Article","@id":"https:\/\/blog.holyart.it\/it\/articoli-religiosi\/le-feste-patronali-piu-belle-del-sud-italia\/#article","isPartOf":{"@id":"https:\/\/blog.holyart.it\/it\/articoli-religiosi\/le-feste-patronali-piu-belle-del-sud-italia\/"},"author":{"name":"Redazione","@id":"https:\/\/blog.holyart.it\/it\/#\/schema\/person\/0a7b686e5af0f856ec1e390dd0baecda"},"headline":"Le feste patronali pi\u00f9 belle del Sud Italia","datePublished":"2019-10-22T15:57:29+00:00","dateModified":"2023-06-29T07:23:03+00:00","mainEntityOfPage":{"@id":"https:\/\/blog.holyart.it\/it\/articoli-religiosi\/le-feste-patronali-piu-belle-del-sud-italia\/"},"wordCount":2398,"publisher":{"@id":"https:\/\/blog.holyart.it\/it\/#organization"},"image":{"@id":"https:\/\/blog.holyart.it\/it\/articoli-religiosi\/le-feste-patronali-piu-belle-del-sud-italia\/#primaryimage"},"thumbnailUrl":"https:\/\/blog.holyart.it\/it\/wp-content\/uploads\/sites\/17\/2019\/10\/feste-patronali.jpg","articleSection":["Religione","Santi e beati"],"inLanguage":"it-IT"},{"@type":"WebPage","@id":"https:\/\/blog.holyart.it\/it\/articoli-religiosi\/le-feste-patronali-piu-belle-del-sud-italia\/","url":"https:\/\/blog.holyart.it\/it\/articoli-religiosi\/le-feste-patronali-piu-belle-del-sud-italia\/","name":"Le feste patronali pi\u00f9 belle del Sud Italia - Holyblog","isPartOf":{"@id":"https:\/\/blog.holyart.it\/it\/#website"},"primaryImageOfPage":{"@id":"https:\/\/blog.holyart.it\/it\/articoli-religiosi\/le-feste-patronali-piu-belle-del-sud-italia\/#primaryimage"},"image":{"@id":"https:\/\/blog.holyart.it\/it\/articoli-religiosi\/le-feste-patronali-piu-belle-del-sud-italia\/#primaryimage"},"thumbnailUrl":"https:\/\/blog.holyart.it\/it\/wp-content\/uploads\/sites\/17\/2019\/10\/feste-patronali.jpg","datePublished":"2019-10-22T15:57:29+00:00","dateModified":"2023-06-29T07:23:03+00:00","description":"Le feste patronali sono una tradizione molto radicata e importante nel nostro paese, soprattutto nel Sud. Questa particolare forma di devozione popolare","breadcrumb":{"@id":"https:\/\/blog.holyart.it\/it\/articoli-religiosi\/le-feste-patronali-piu-belle-del-sud-italia\/#breadcrumb"},"inLanguage":"it-IT","potentialAction":[{"@type":"ReadAction","target":["https:\/\/blog.holyart.it\/it\/articoli-religiosi\/le-feste-patronali-piu-belle-del-sud-italia\/"]}]},{"@type":"ImageObject","inLanguage":"it-IT","@id":"https:\/\/blog.holyart.it\/it\/articoli-religiosi\/le-feste-patronali-piu-belle-del-sud-italia\/#primaryimage","url":"https:\/\/blog.holyart.it\/it\/wp-content\/uploads\/sites\/17\/2019\/10\/feste-patronali.jpg","contentUrl":"https:\/\/blog.holyart.it\/it\/wp-content\/uploads\/sites\/17\/2019\/10\/feste-patronali.jpg","width":1000,"height":665,"caption":"feste patronali"},{"@type":"BreadcrumbList","@id":"https:\/\/blog.holyart.it\/it\/articoli-religiosi\/le-feste-patronali-piu-belle-del-sud-italia\/#breadcrumb","itemListElement":[{"@type":"ListItem","position":1,"name":"Homepage","item":"https:\/\/blog.holyart.it\/it\/"},{"@type":"ListItem","position":2,"name":"Religione","item":"https:\/\/blog.holyart.it\/it\/articoli-religiosi\/"},{"@type":"ListItem","position":3,"name":"Le feste patronali pi\u00f9 belle del Sud Italia"}]},{"@type":"WebSite","@id":"https:\/\/blog.holyart.it\/it\/#website","url":"https:\/\/blog.holyart.it\/it\/","name":"Holyblog","description":"Il Blog di Holyart.it","publisher":{"@id":"https:\/\/blog.holyart.it\/it\/#organization"},"potentialAction":[{"@type":"SearchAction","target":{"@type":"EntryPoint","urlTemplate":"https:\/\/blog.holyart.it\/it\/?s={search_term_string}"},"query-input":{"@type":"PropertyValueSpecification","valueRequired":true,"valueName":"search_term_string"}}],"inLanguage":"it-IT"},{"@type":"Organization","@id":"https:\/\/blog.holyart.it\/it\/#organization","name":"Holyblog","url":"https:\/\/blog.holyart.it\/it\/","logo":{"@type":"ImageObject","inLanguage":"it-IT","@id":"https:\/\/blog.holyart.it\/it\/#\/schema\/logo\/image\/","url":"https:\/\/blog.holyart.it\/it\/wp-content\/uploads\/sites\/17\/2022\/12\/Holyart_Blog_Logo.jpg","contentUrl":"https:\/\/blog.holyart.it\/it\/wp-content\/uploads\/sites\/17\/2022\/12\/Holyart_Blog_Logo.jpg","width":300,"height":50,"caption":"Holyblog"},"image":{"@id":"https:\/\/blog.holyart.it\/it\/#\/schema\/logo\/image\/"}},{"@type":"Person","@id":"https:\/\/blog.holyart.it\/it\/#\/schema\/person\/0a7b686e5af0f856ec1e390dd0baecda","name":"Redazione"}]}},"_links":{"self":[{"href":"https:\/\/blog.holyart.it\/it\/wp-json\/wp\/v2\/posts\/7892","targetHints":{"allow":["GET"]}}],"collection":[{"href":"https:\/\/blog.holyart.it\/it\/wp-json\/wp\/v2\/posts"}],"about":[{"href":"https:\/\/blog.holyart.it\/it\/wp-json\/wp\/v2\/types\/post"}],"author":[{"embeddable":true,"href":"https:\/\/blog.holyart.it\/it\/wp-json\/wp\/v2\/users\/1"}],"replies":[{"embeddable":true,"href":"https:\/\/blog.holyart.it\/it\/wp-json\/wp\/v2\/comments?post=7892"}],"version-history":[{"count":1,"href":"https:\/\/blog.holyart.it\/it\/wp-json\/wp\/v2\/posts\/7892\/revisions"}],"predecessor-version":[{"id":18044,"href":"https:\/\/blog.holyart.it\/it\/wp-json\/wp\/v2\/posts\/7892\/revisions\/18044"}],"wp:featuredmedia":[{"embeddable":true,"href":"https:\/\/blog.holyart.it\/it\/wp-json\/wp\/v2\/media\/7904"}],"wp:attachment":[{"href":"https:\/\/blog.holyart.it\/it\/wp-json\/wp\/v2\/media?parent=7892"}],"wp:term":[{"taxonomy":"category","embeddable":true,"href":"https:\/\/blog.holyart.it\/it\/wp-json\/wp\/v2\/categories?post=7892"},{"taxonomy":"post_tag","embeddable":true,"href":"https:\/\/blog.holyart.it\/it\/wp-json\/wp\/v2\/tags?post=7892"}],"curies":[{"name":"wp","href":"https:\/\/api.w.org\/{rel}","templated":true}]}}