{"id":7803,"date":"2019-10-08T17:52:12","date_gmt":"2019-10-08T15:52:12","guid":{"rendered":"https:\/\/blog.holyart.it\/it\/?p=7803"},"modified":"2024-09-06T17:00:41","modified_gmt":"2024-09-06T15:00:41","slug":"il-cantico-delle-creature-di-san-francesco","status":"publish","type":"post","link":"https:\/\/blog.holyart.it\/it\/articoli-religiosi\/il-cantico-delle-creature-di-san-francesco\/","title":{"rendered":"Il cantico delle creature di San Francesco"},"content":{"rendered":"<h4>San Francesco d&#8217;Assisi \u00e8 uno dei santi pi\u00f9 amati e venerati dalla Chiesa cattolica. Vicino ai poveri, fratello degli ultimi, fece dell&#8217;amore per tutte le creature di Dio la sua missione di vita e l&#8217;emblema della sua fede.\u00a0Il Cantico delle creature di San Francesco, una preghiera che \u00e8 anche un poema d&#8217;amore.<\/h4>\n\n<p>San Francesco \u00e8 considerato, insieme a <a href=\"https:\/\/www.holyart.it\/blog\/santi-e-beati\/santa-caterina-da-siena-patrona-ditalia\/\"><strong>Santa Caterina da Siena<\/strong><\/a>,\u00a0<strong>patrono d\u2019Italia<\/strong>. Jorge Mario Bergoglio ha voluto scegliere il suo nome, quando \u00e8 stato eletto Papa nel 2013. Il\u00a0<strong>4 ottobre<\/strong>\u00a0si celebra la sua memoria. La sua vita, il desiderio irrefrenabile che lo condusse a rinnegare tutto ci\u00f2 che gli apparteneva, tutto ci\u00f2 che era, in nome della<strong>\u00a0fede<\/strong>, ne hanno fatto nei secoli\u00a0una figura emblematica, spesso incompresa. Incompreso Francesco lo fu sicuramente dai suoi contemporanei, incapaci di capire come potesse il ricco rampollo di una famiglia di mercanti umbri rinunciare a una vita di gozzoviglie e piaceri, per abbracciare l&#8217;assoluta povert\u00e0.<\/p>\n<h2>La vita<\/h2>\n<p>Il suo vero nome era Giovanni di Pietro di Bernardone (Assisi, 1181 \u2013 Assisi, 3 ottobre 1226). Suo padre, Pietro di Bernardone, gestiva un ricco commercio di\u00a0<strong>stoffe pregiate<\/strong>, molte provenienti dalla Provenza, che l&#8217;uomo rivendeva nel Ducato di Spoleto. \u00c8\u00a0ragionevole pensare che l&#8217;infanzia e la giovinezza di\u00a0Francesco avvennero negli agi. Protetto dalla famiglia, il ragazzo crebbe spensierato, tra gli studi svogliati e i divertimenti con i coetanei. Era destinato certamente ad affiancare il padre nell&#8217;attivit\u00e0 commerciale, ma il destino aveva in serbo qualcosa di completamente diverso per lui. Catturato durante la guerra tra Assisi e Perugia, Francesco conobbe\u00a0<strong>la prigionia e la malattia<\/strong>, e forse fu proprio in quel periodo terribile che il ragazzo cominci\u00f2 a maturare la sua conversione. Tornato a casa, infatti, trascorse la convalescenza nei possedimenti del padre, fuori citt\u00e0, lontano dalle gozzoviglie e dalle cattive abitudini a cui era dedito e\u00a0<strong>immerso nella natura<\/strong>. La sua brama di combattere non era tuttavia scomparsa, perch\u00e9, una volta guarito, il giovane volle partecipare alla Crociata del 1203. Cadde nuovamente malato, e dovette rinunciare al proprio progetto, ma gi\u00e0 era in corso in lui un mutamento profondo, inspiegabile. All&#8217;improvviso Francesco sembrava essere stato colto da una\u00a0<strong>febbre d&#8217;amore<\/strong>, che egli rivolgeva soprattutto ai poveri, agli indifesi, agli emarginati,\u00a0agli ammalati. Ad essi donava ci\u00f2 che aveva, le merci di suo padre, ma anche gli abiti che indossava, e non aveva timore di abbracciare e baciare uomini e donne infetti. Inizi\u00f2 a rifuggire la compagnia degli amici e a ritirarsi in\u00a0<strong>luoghi solitari<\/strong>, e fu in una di queste occasioni, mentre\u00a0pregava in una piccola chiesa di campagna, davanti<strong>\u00a0al\u00a0<a href=\"https:\/\/www.holyart.it\/articoli\/crocifissi-san-damiano.php\">Crocifisso di San Damiano<\/a><\/strong>,\u00a0che <a href=\"https:\/\/www.holyart.it\/it\/articoli\/crocifissi-san-damiano.php\"><strong>Francesco raccont\u00f2 di aver udito il Crocifisso rivolgersi a lui<\/strong><\/a> con queste parole: &#8220;<em>Francesco, va&#8217; e ripara la mia casa che, come vedi, \u00e8 tutta in rovina.<\/em>&#8221;<\/p>\n<div class=\"link-article\">\n<p><img loading=\"lazy\" decoding=\"async\" class=\"alignleft size-full wp-image-7822\" src=\"https:\/\/blog.holyart.it\/it\/wp-content\/uploads\/sites\/17\/2019\/10\/crocifisso-san-damiano.jpg\" alt=\"crocifisso san damiano\" width=\"150\" height=\"100\" \/><\/p>\n<div class=\"leggi-anche\">Leggi anche:<\/div>\n<p><strong><a href=\"https:\/\/www.holyart.it\/blog\/santi-e-beati\/crocifisso-san-damiano\/\">Crocifisso di San Damiano<\/a><\/strong><br \/>\nIl Crocifisso di San Damiano \u00e8 quello dinanzi al quale San Francesco era intento a pregare nel momento in cui, nel lontano 1205<\/p>\n<\/div>\n<p>Credendo che la voce si riferisse alla chiesetta in cui stava pregando, il ragazzo torn\u00f2 a casa, vendette le stoffe del padre e il proprio cavallo e don\u00f2 il ricavato al sacerdote che la gestiva, che per\u00f2 rifiuto per paura di rappresaglie da parte di Pietro Bernardone. In un estremo tentativo di far rinsavire il figlio, quest&#8217;ultimo lo trascin\u00f2 davanti ai consoli della citt\u00e0, perch\u00e9 fosse processato, ma Francesco fece ricorso al vescovo e davanti a lui\u00a0<strong>rinunci\u00f2 pubblicamente ai beni e al nome della sua famiglia<\/strong>, spogliandosi letteralmente di ogni cosa.<\/p>\n<p>Fu cos\u00ec che Francesco abbraccio la sua nuova vita, fatta di\u00a0<strong>povert\u00e0<\/strong>, di elemosina, di stenti, ma soprattutto di un\u00a0<strong>amore totale<\/strong>, di un&#8217;unione perfetta e ideale col creato e con tutte le sue creature,\u00a0in perfetta armonia di spirito. In questa nuova visione, rivoluzionaria per la sua epoca, Francesco si affid\u00f2 a Ges\u00f9, suo esempio e modello, e concep\u00ec il suo\u00a0<strong>Cantico delle creature<\/strong>.<\/p>\n<h2>Il Cantico delle creature<\/h2>\n<p>Il<strong>\u00a0Cantico delle creature<\/strong>, o\u00a0<strong>Cantico di Frate Sole<\/strong>,\u00a0venne composto da\u00a0Francesco intorno al 1224, solo due anni prima della sua morte che ebbe luogo nel 1226. Si tratta di uno dei testi pi\u00f9 antichi della letteratura italiana, il primo di cui si conosca l&#8217;autore.\u00a0\u00c8 un poema, ma \u00e8 anche una preghiera, che esprime\u00a0<strong>l&#8217;amore per il creato<\/strong>\u00a0come\u00a0<strong>amore per Dio<\/strong>. Il rispetto per la natura e per gli animali non erano mai stati presi in considerazione, non appartenevano alla mentalit\u00e0 del tempo. Francesco ne fa il centro della sua poetica e della sua fede, inneggiando a un senso di\u00a0<strong>fratellanza con il mondo<\/strong>\u00a0e con tutte le sue creature. Il mondo tutto, in quanto non solo creato da Dio, ma\u00a0<strong>riflesso di Dio<\/strong>, \u00e8 meritevole d&#8217;amore, e amando il creato l&#8217;uomo manifesta il suo amore per Dio. Non a caso Francesco chiama\u00a0tutte le creature &#8220;<em>fratello<\/em>&#8221; e &#8220;<em>sorella<\/em>&#8220;, perfino la morte. Tutto \u00e8 buono, perch\u00e9 \u00e8 parte del creato.<\/p>\n<p>Non dobbiamo pensare che il Cantico delle creature sia privo di profondit\u00e0, un modo semplice e ingenuo di esprimere la propria fede. Al di l\u00e0 della ricchezza poetica del testo, scritto in volgare umbro, con influssi toscani e francesi e latinismi, e l&#8217;uso sapiente di assonanze e figure retoriche, che tradisce gli studi svolti dal suo autore,\u00a0nel Cantico Francesco sceglie di celebrare Dio partendo da un presupposto diverso da quello portato avanti dai dottori della chiesa fino ad allora. Lascia da parte le dissertazioni filosofiche e teologiche, per abbandonarsi all&#8217;<strong>estasi mistica\u00a0<\/strong>suggerita dalla percezione della realt\u00e0, dal vivere immersi in essa, come parte integrante del creato. Un&#8217;esperienza sensoriale e profonda, che attraverso il creato permette di ascendere fino a Dio Creatore e Padre.<\/p>\n<p>Francesco inizia il suo Cantico premettendo che nessuna parola di lode pronunciata dall&#8217;uomo \u00e8 degna di Dio, ma ciononostante eleva il suo canto al Creatore, con umilt\u00e0 e infinito amore, attraverso il\u00a0<strong>sole<\/strong>, la\u00a0<strong>luna<\/strong>, le\u00a0<strong>stelle<\/strong>, i quattro elementi fondamentali, il\u00a0<strong>vento<\/strong>, l&#8217;<strong>acqua<\/strong>, il\u00a0<strong>fuoco<\/strong>\u00a0e la\u00a0<strong>terra<\/strong>, tutti visti in ottica positiva. Francesco si rivolge anche alla\u00a0<strong>morte<\/strong>, che sar\u00e0 comunque benigna con coloro i quali moriranno rispettando la volont\u00e0 di Dio.<\/p>\n<p>Conclude il suo poema con un invito a tutti gli uomini, che \u00e8 anche una\u00a0<strong>promessa di salvezza<\/strong>: &#8220;<em>Laudate et benedicete mi&#8217; Signore&#8217; et ringratiate et serviateli cum grande humilitate<\/em>&#8221; (<em>Lodate e benedite il mio Signore, ringraziatelo e servitelo con grande umilt\u00e0<\/em>).<\/p>\n<h2>San Francesco e gli animali<\/h2>\n<p>Nel\u00a0<strong>Cantico delle creature<\/strong>\u00a0Francesco non parla direttamente degli animali. Menziona per\u00f2 i\u00a0<strong>fiori<\/strong>, i\u00a0<strong>frutti<\/strong>, l&#8217;<strong>erba<\/strong>\u00a0e\u00a0<strong>tutte le creature\u00a0<\/strong>che popolano il mondo che Dio ha costruito. Francesco dialogava con la natura, si sentiva parte della creazione, e come tale fratello di ogni essere vivente. Molte sono le storie che lo vedono protagonista insieme ad animali di ogni tipo. Forse essi percepivano la sua bont\u00e0, il suo senso di appartenenza, che lo portava a vivere in armonia e rispetto con tutti loro. Del resto, il santo era certo che nessun animale avrebbe mai potuto nuocergli, se lui\u00a0per primo non gli avesse fatto del\u00a0male. Pensiamo ad esempio al lupo che terrorizzava gli abitanti di Gubbio, e che egli seppe ammansire con dolcezza. Credeva nella\u00a0<strong>suprema armonia<\/strong>\u00a0del Paradiso terrestre, e cercava di ritrovarla ogni giorno nel mondo che lo circondava, e di ricostruirla per quanto era in suo potere.\u00a0Anche nelle preghiere del santo ricorrono lepri,\u00a0pesci, agnelli e uccelli. In molti racconti egli, ricevuti pesci, uccelli o agnelli in regalo, perch\u00e9 li mangiasse, preferiva liberarli, e le piccole creature gli restavano accanto, come se sapessero quanto buono sapesse essere quel piccolo uomo. Particolarmente struggente la leggenda relativa al 4 ottobre, giorno in cui commemoriamo la morte del santo. Si racconta che poco prima di\u00a0morire Francesco\u00a0volle intonare per l&#8217;ultima volta il Cantico delle Creature, ma non avesse voce per farlo. Le\u00a0<strong>allodole<\/strong>, araldi del mattino, vennero in suo aiuto, sebbene fosse sera, e cantarono con lui accompagnandolo dolcemente nella morte.<\/p>\n<p><strong>L&#8217;arte e l&#8217;iconografia<\/strong>\u00a0hanno spesso voluto ricordare questo particolare aspetto di <strong><a href=\"https:\/\/www.holyart.it\/articoli\/statue-san-francesco.php\">San Francesco<\/a><\/strong>. Egli appare sempre con indosso la<strong>\u00a0veste marrone\u00a0<\/strong>che diventer\u00e0 caratteristica dell&#8217;<strong><a href=\"https:\/\/www.holyart.it\/blog\/articoli-religiosi\/sacerdote-frate-e-monaco-tre-termini-che-si-confondono\/\">ordine francescano<\/a><\/strong>. Lui l&#8217;aveva scelta perch\u00e9 era umile e ricordava i colori della terra, della quale lo aiutava a sentirsi parte. In molte raffigurazioni Francesco appare circondato da animali,\u00a0intento a prendersene cura, o\u00a0a proteggerli, o a\u00a0pregare con loro a fianco. Oggi pi\u00f9 che mai il suo\u00a0esempio di umilt\u00e0 e amore per la natura, di profondo rispetto degli animali\u00a0dovrebbe guidare le azioni degli uomini, per garantire un futuro alle nuove generazioni e al pianeta.<\/p>\n<div class=\"sp-styles-warning\" style=\"width: 450px; background-color: #FFF; color: #F00; border: 1px solid #F00; padding: 10px; font-size: 14px;\">\n\t\t\t<span style=\"font-weight: bold;\">Warning: The stylesheets were not loaded!<\/span> \n\t\t\tYou will need to change the <i>Load stylesheets<\/i> setting from <i>Automatically<\/i> to <i>On homepage<\/i> or <i>On all pages<\/i>. \n\t\t\tYou can set that <a style=\"text-decoration: underline; color: #F00;\" href=\"https:\/\/blog.holyart.it\/it\/wp-admin\/admin.php?page=sliderpro-settings\">here<\/a>.\n\t\t\t<\/div>\r\n<div id=\"slider-pro-45\" class=\"slider-pro sp-no-js\" style=\"width: 500px; height: 500px;\">\r\n\t<div class=\"sp-slides\">\r\n\t\t\r\n\t\t<div class=\"sp-slide\">\r\n\t\t\t<img loading=\"lazy\" decoding=\"async\" class=\"sp-image\" src=\"https:\/\/blog.holyart.it\/it\/wp-content\/uploads\/sites\/17\/2019\/10\/san-francesco-statua-fontanini.jpg\" alt=\"San Francesco d&#039;Assisi 100 cm resina Fontanini\" width=\"500\" height=\"500\" \/>\r\n\t\t\t<div class=\"sp-thumbnail\"><img decoding=\"async\" src=\"https:\/\/blog.holyart.it\/it\/wp-content\/uploads\/sites\/17\/2019\/10\/san-francesco-dassisi-100-cm-resina-fontanini-150x150.jpg\" alt=\"san-francesco-dassisi-100-cm-resina-fontanini\" \/>\r\n\t\t\t<\/div>\r\n\t\t\t<div class=\"sp-caption\">San Francesco d'Assisi 100 cm resina Fontanini \n<BR \/><strong><a href=\"https:\/\/www.holyart.it\/it\/articoli-religiosi\/statue\/statue-in-resina-e-pvc\/san-francesco-dassisi-100-cm-resina-fontanini\">Acquista su Holyart<\/a><\/strong><\/div>\r\n\t\t<\/div>\r\n\t\t<div class=\"sp-slide\">\r\n\t\t\t<img loading=\"lazy\" decoding=\"async\" class=\"sp-image\" src=\"https:\/\/blog.holyart.it\/it\/wp-content\/uploads\/sites\/17\/2019\/10\/statua-san-francesco.jpg\" alt=\"statua san francesco\" width=\"500\" height=\"500\" \/>\r\n\t\t\t<div class=\"sp-thumbnail\"><img decoding=\"async\" src=\"https:\/\/blog.holyart.it\/it\/wp-content\/uploads\/sites\/17\/2019\/10\/san-francesco-dassisi-con-animali-legno-valgardena-150x150.jpg\" alt=\"san-francesco-dassisi-con-animali-legno-valgardena\" \/>\r\n\t\t\t<\/div>\r\n\t\t\t<div class=\"sp-caption\">San Francesco d\u00b4Assisi con animali legno Valgardena\n<BR \/><strong><a href=\"https:\/\/www.holyart.it\/it\/articoli-religiosi\/statue\/statue-in-legno-dipinto\/san-francesco-dassisi-con-animali-legno-valgardena\">Acquista su Holyart<\/a><\/strong><\/div>\r\n\t\t<\/div>\r\n\t\t<div class=\"sp-slide\">\r\n\t\t\t<img loading=\"lazy\" decoding=\"async\" class=\"sp-image\" src=\"https:\/\/blog.holyart.it\/it\/wp-content\/uploads\/sites\/17\/2019\/10\/statua-san-francesco-colombe.jpg\" alt=\"statua san francesco colombe\" width=\"500\" height=\"500\" \/>\r\n\t\t\t<div class=\"sp-thumbnail\"><img decoding=\"async\" src=\"https:\/\/blog.holyart.it\/it\/wp-content\/uploads\/sites\/17\/2019\/10\/statua-san-francesco-colorato-realistico-150x150.jpg\" alt=\"statua-san-francesco-colorato-realistico\" \/>\r\n\t\t\t<\/div>\r\n\t\t\t<div class=\"sp-caption\">Statua San Francesco colorato realistico. \n<BR \/><strong><a href=\"https:\/\/www.holyart.it\/it\/articoli-religiosi\/statue\/statue-in-legno-dipinto\/statua-san-francesco-colorato-realistico\">Acquista su Holyart<\/a><\/strong><\/div>\r\n\t\t<\/div>\r\n\t<\/div>\r\n<\/div>\n","protected":false},"excerpt":{"rendered":"<p>San Francesco d&#8217;Assisi \u00e8 uno dei santi pi\u00f9 amati e venerati dalla Chiesa cattolica. Vicino ai poveri, fratello degli ultimi, fece dell&#8217;amore per tutte le creature di Dio la sua missione di vita e l&#8217;emblema della sua fede.\u00a0Il Cantico delle creature di San Francesco, una&hellip;<\/p>\n","protected":false},"author":1,"featured_media":7820,"comment_status":"closed","ping_status":"open","sticky":false,"template":"","format":"standard","meta":{"_acf_changed":false,"footnotes":""},"categories":[16,15],"tags":[],"class_list":["post-7803","post","type-post","status-publish","format-standard","has-post-thumbnail","hentry","category-articoli-religiosi","category-santi-e-beati"],"acf":[],"yoast_head":"<!-- This site is optimized with the Yoast SEO plugin v26.6 - https:\/\/yoast.com\/wordpress\/plugins\/seo\/ -->\n<title>Il cantico delle creature di San Francesco - Holyblog<\/title>\n<meta name=\"description\" content=\"San Francesco d&#039;Assisi \u00e8 uno dei santi pi\u00f9 amati e venerati dalla Chiesa cattolica. Vicino ai poveri, fratello degli ultimi, fece dell&#039;amore per tutte le creature di Dio la sua missione di vita e l&#039;emblema della sua fede. Il Cantico delle creature di San Francesco, una preghiera che \u00e8 anche un poema d&#039;amore.\" \/>\n<meta name=\"robots\" content=\"index, follow, max-snippet:-1, max-image-preview:large, max-video-preview:-1\" \/>\n<link rel=\"canonical\" href=\"https:\/\/blog.holyart.it\/it\/articoli-religiosi\/il-cantico-delle-creature-di-san-francesco\/\" \/>\n<meta property=\"og:locale\" content=\"it_IT\" \/>\n<meta property=\"og:type\" content=\"article\" \/>\n<meta property=\"og:title\" content=\"Il cantico delle creature di San Francesco - Holyblog\" \/>\n<meta property=\"og:description\" content=\"San Francesco d&#039;Assisi \u00e8 uno dei santi pi\u00f9 amati e venerati dalla Chiesa cattolica. Vicino ai poveri, fratello degli ultimi, fece dell&#039;amore per tutte le creature di Dio la sua missione di vita e l&#039;emblema della sua fede. Il Cantico delle creature di San Francesco, una preghiera che \u00e8 anche un poema d&#039;amore.\" \/>\n<meta property=\"og:url\" content=\"https:\/\/blog.holyart.it\/it\/articoli-religiosi\/il-cantico-delle-creature-di-san-francesco\/\" \/>\n<meta property=\"og:site_name\" content=\"Holyblog\" \/>\n<meta property=\"article:published_time\" content=\"2019-10-08T15:52:12+00:00\" \/>\n<meta property=\"article:modified_time\" content=\"2024-09-06T15:00:41+00:00\" \/>\n<meta property=\"og:image\" content=\"https:\/\/blog.holyart.it\/it\/wp-content\/uploads\/sites\/17\/2019\/10\/san-francesco.jpg\" \/>\n\t<meta property=\"og:image:width\" content=\"1000\" \/>\n\t<meta property=\"og:image:height\" content=\"666\" \/>\n\t<meta property=\"og:image:type\" content=\"image\/jpeg\" \/>\n<meta name=\"author\" content=\"Redazione\" \/>\n<meta name=\"twitter:card\" content=\"summary_large_image\" \/>\n<meta name=\"twitter:label1\" content=\"Scritto da\" \/>\n\t<meta name=\"twitter:data1\" content=\"Redazione\" \/>\n\t<meta name=\"twitter:label2\" content=\"Tempo di lettura stimato\" \/>\n\t<meta name=\"twitter:data2\" content=\"8 minuti\" \/>\n<script type=\"application\/ld+json\" class=\"yoast-schema-graph\">{\"@context\":\"https:\/\/schema.org\",\"@graph\":[{\"@type\":\"Article\",\"@id\":\"https:\/\/blog.holyart.it\/it\/articoli-religiosi\/il-cantico-delle-creature-di-san-francesco\/#article\",\"isPartOf\":{\"@id\":\"https:\/\/blog.holyart.it\/it\/articoli-religiosi\/il-cantico-delle-creature-di-san-francesco\/\"},\"author\":{\"name\":\"Redazione\",\"@id\":\"https:\/\/blog.holyart.it\/it\/#\/schema\/person\/0a7b686e5af0f856ec1e390dd0baecda\"},\"headline\":\"Il cantico delle creature di San Francesco\",\"datePublished\":\"2019-10-08T15:52:12+00:00\",\"dateModified\":\"2024-09-06T15:00:41+00:00\",\"mainEntityOfPage\":{\"@id\":\"https:\/\/blog.holyart.it\/it\/articoli-religiosi\/il-cantico-delle-creature-di-san-francesco\/\"},\"wordCount\":1406,\"publisher\":{\"@id\":\"https:\/\/blog.holyart.it\/it\/#organization\"},\"image\":{\"@id\":\"https:\/\/blog.holyart.it\/it\/articoli-religiosi\/il-cantico-delle-creature-di-san-francesco\/#primaryimage\"},\"thumbnailUrl\":\"https:\/\/blog.holyart.it\/it\/wp-content\/uploads\/sites\/17\/2019\/10\/san-francesco.jpg\",\"articleSection\":[\"Religione\",\"Santi e beati\"],\"inLanguage\":\"it-IT\"},{\"@type\":\"WebPage\",\"@id\":\"https:\/\/blog.holyart.it\/it\/articoli-religiosi\/il-cantico-delle-creature-di-san-francesco\/\",\"url\":\"https:\/\/blog.holyart.it\/it\/articoli-religiosi\/il-cantico-delle-creature-di-san-francesco\/\",\"name\":\"Il cantico delle creature di San Francesco - Holyblog\",\"isPartOf\":{\"@id\":\"https:\/\/blog.holyart.it\/it\/#website\"},\"primaryImageOfPage\":{\"@id\":\"https:\/\/blog.holyart.it\/it\/articoli-religiosi\/il-cantico-delle-creature-di-san-francesco\/#primaryimage\"},\"image\":{\"@id\":\"https:\/\/blog.holyart.it\/it\/articoli-religiosi\/il-cantico-delle-creature-di-san-francesco\/#primaryimage\"},\"thumbnailUrl\":\"https:\/\/blog.holyart.it\/it\/wp-content\/uploads\/sites\/17\/2019\/10\/san-francesco.jpg\",\"datePublished\":\"2019-10-08T15:52:12+00:00\",\"dateModified\":\"2024-09-06T15:00:41+00:00\",\"description\":\"San Francesco d'Assisi \u00e8 uno dei santi pi\u00f9 amati e venerati dalla Chiesa cattolica. Vicino ai poveri, fratello degli ultimi, fece dell'amore per tutte le creature di Dio la sua missione di vita e l'emblema della sua fede. Il Cantico delle creature di San Francesco, una preghiera che \u00e8 anche un poema d'amore.\",\"breadcrumb\":{\"@id\":\"https:\/\/blog.holyart.it\/it\/articoli-religiosi\/il-cantico-delle-creature-di-san-francesco\/#breadcrumb\"},\"inLanguage\":\"it-IT\",\"potentialAction\":[{\"@type\":\"ReadAction\",\"target\":[\"https:\/\/blog.holyart.it\/it\/articoli-religiosi\/il-cantico-delle-creature-di-san-francesco\/\"]}]},{\"@type\":\"ImageObject\",\"inLanguage\":\"it-IT\",\"@id\":\"https:\/\/blog.holyart.it\/it\/articoli-religiosi\/il-cantico-delle-creature-di-san-francesco\/#primaryimage\",\"url\":\"https:\/\/blog.holyart.it\/it\/wp-content\/uploads\/sites\/17\/2019\/10\/san-francesco.jpg\",\"contentUrl\":\"https:\/\/blog.holyart.it\/it\/wp-content\/uploads\/sites\/17\/2019\/10\/san-francesco.jpg\",\"width\":1000,\"height\":666,\"caption\":\"san francesco\"},{\"@type\":\"BreadcrumbList\",\"@id\":\"https:\/\/blog.holyart.it\/it\/articoli-religiosi\/il-cantico-delle-creature-di-san-francesco\/#breadcrumb\",\"itemListElement\":[{\"@type\":\"ListItem\",\"position\":1,\"name\":\"Homepage\",\"item\":\"https:\/\/blog.holyart.it\/it\/\"},{\"@type\":\"ListItem\",\"position\":2,\"name\":\"Religione\",\"item\":\"https:\/\/blog.holyart.it\/it\/articoli-religiosi\/\"},{\"@type\":\"ListItem\",\"position\":3,\"name\":\"Il cantico delle creature di San Francesco\"}]},{\"@type\":\"WebSite\",\"@id\":\"https:\/\/blog.holyart.it\/it\/#website\",\"url\":\"https:\/\/blog.holyart.it\/it\/\",\"name\":\"Holyblog\",\"description\":\"Il Blog di Holyart.it\",\"publisher\":{\"@id\":\"https:\/\/blog.holyart.it\/it\/#organization\"},\"potentialAction\":[{\"@type\":\"SearchAction\",\"target\":{\"@type\":\"EntryPoint\",\"urlTemplate\":\"https:\/\/blog.holyart.it\/it\/?s={search_term_string}\"},\"query-input\":{\"@type\":\"PropertyValueSpecification\",\"valueRequired\":true,\"valueName\":\"search_term_string\"}}],\"inLanguage\":\"it-IT\"},{\"@type\":\"Organization\",\"@id\":\"https:\/\/blog.holyart.it\/it\/#organization\",\"name\":\"Holyblog\",\"url\":\"https:\/\/blog.holyart.it\/it\/\",\"logo\":{\"@type\":\"ImageObject\",\"inLanguage\":\"it-IT\",\"@id\":\"https:\/\/blog.holyart.it\/it\/#\/schema\/logo\/image\/\",\"url\":\"https:\/\/blog.holyart.it\/it\/wp-content\/uploads\/sites\/17\/2022\/12\/Holyart_Blog_Logo.jpg\",\"contentUrl\":\"https:\/\/blog.holyart.it\/it\/wp-content\/uploads\/sites\/17\/2022\/12\/Holyart_Blog_Logo.jpg\",\"width\":300,\"height\":50,\"caption\":\"Holyblog\"},\"image\":{\"@id\":\"https:\/\/blog.holyart.it\/it\/#\/schema\/logo\/image\/\"}},{\"@type\":\"Person\",\"@id\":\"https:\/\/blog.holyart.it\/it\/#\/schema\/person\/0a7b686e5af0f856ec1e390dd0baecda\",\"name\":\"Redazione\"}]}<\/script>\n<!-- \/ Yoast SEO plugin. -->","yoast_head_json":{"title":"Il cantico delle creature di San Francesco - Holyblog","description":"San Francesco d'Assisi \u00e8 uno dei santi pi\u00f9 amati e venerati dalla Chiesa cattolica. Vicino ai poveri, fratello degli ultimi, fece dell'amore per tutte le creature di Dio la sua missione di vita e l'emblema della sua fede. Il Cantico delle creature di San Francesco, una preghiera che \u00e8 anche un poema d'amore.","robots":{"index":"index","follow":"follow","max-snippet":"max-snippet:-1","max-image-preview":"max-image-preview:large","max-video-preview":"max-video-preview:-1"},"canonical":"https:\/\/blog.holyart.it\/it\/articoli-religiosi\/il-cantico-delle-creature-di-san-francesco\/","og_locale":"it_IT","og_type":"article","og_title":"Il cantico delle creature di San Francesco - Holyblog","og_description":"San Francesco d'Assisi \u00e8 uno dei santi pi\u00f9 amati e venerati dalla Chiesa cattolica. Vicino ai poveri, fratello degli ultimi, fece dell'amore per tutte le creature di Dio la sua missione di vita e l'emblema della sua fede. Il Cantico delle creature di San Francesco, una preghiera che \u00e8 anche un poema d'amore.","og_url":"https:\/\/blog.holyart.it\/it\/articoli-religiosi\/il-cantico-delle-creature-di-san-francesco\/","og_site_name":"Holyblog","article_published_time":"2019-10-08T15:52:12+00:00","article_modified_time":"2024-09-06T15:00:41+00:00","og_image":[{"width":1000,"height":666,"url":"https:\/\/blog.holyart.it\/it\/wp-content\/uploads\/sites\/17\/2019\/10\/san-francesco.jpg","type":"image\/jpeg"}],"author":"Redazione","twitter_card":"summary_large_image","twitter_misc":{"Scritto da":"Redazione","Tempo di lettura stimato":"8 minuti"},"schema":{"@context":"https:\/\/schema.org","@graph":[{"@type":"Article","@id":"https:\/\/blog.holyart.it\/it\/articoli-religiosi\/il-cantico-delle-creature-di-san-francesco\/#article","isPartOf":{"@id":"https:\/\/blog.holyart.it\/it\/articoli-religiosi\/il-cantico-delle-creature-di-san-francesco\/"},"author":{"name":"Redazione","@id":"https:\/\/blog.holyart.it\/it\/#\/schema\/person\/0a7b686e5af0f856ec1e390dd0baecda"},"headline":"Il cantico delle creature di San Francesco","datePublished":"2019-10-08T15:52:12+00:00","dateModified":"2024-09-06T15:00:41+00:00","mainEntityOfPage":{"@id":"https:\/\/blog.holyart.it\/it\/articoli-religiosi\/il-cantico-delle-creature-di-san-francesco\/"},"wordCount":1406,"publisher":{"@id":"https:\/\/blog.holyart.it\/it\/#organization"},"image":{"@id":"https:\/\/blog.holyart.it\/it\/articoli-religiosi\/il-cantico-delle-creature-di-san-francesco\/#primaryimage"},"thumbnailUrl":"https:\/\/blog.holyart.it\/it\/wp-content\/uploads\/sites\/17\/2019\/10\/san-francesco.jpg","articleSection":["Religione","Santi e beati"],"inLanguage":"it-IT"},{"@type":"WebPage","@id":"https:\/\/blog.holyart.it\/it\/articoli-religiosi\/il-cantico-delle-creature-di-san-francesco\/","url":"https:\/\/blog.holyart.it\/it\/articoli-religiosi\/il-cantico-delle-creature-di-san-francesco\/","name":"Il cantico delle creature di San Francesco - Holyblog","isPartOf":{"@id":"https:\/\/blog.holyart.it\/it\/#website"},"primaryImageOfPage":{"@id":"https:\/\/blog.holyart.it\/it\/articoli-religiosi\/il-cantico-delle-creature-di-san-francesco\/#primaryimage"},"image":{"@id":"https:\/\/blog.holyart.it\/it\/articoli-religiosi\/il-cantico-delle-creature-di-san-francesco\/#primaryimage"},"thumbnailUrl":"https:\/\/blog.holyart.it\/it\/wp-content\/uploads\/sites\/17\/2019\/10\/san-francesco.jpg","datePublished":"2019-10-08T15:52:12+00:00","dateModified":"2024-09-06T15:00:41+00:00","description":"San Francesco d'Assisi \u00e8 uno dei santi pi\u00f9 amati e venerati dalla Chiesa cattolica. Vicino ai poveri, fratello degli ultimi, fece dell'amore per tutte le creature di Dio la sua missione di vita e l'emblema della sua fede. Il Cantico delle creature di San Francesco, una preghiera che \u00e8 anche un poema d'amore.","breadcrumb":{"@id":"https:\/\/blog.holyart.it\/it\/articoli-religiosi\/il-cantico-delle-creature-di-san-francesco\/#breadcrumb"},"inLanguage":"it-IT","potentialAction":[{"@type":"ReadAction","target":["https:\/\/blog.holyart.it\/it\/articoli-religiosi\/il-cantico-delle-creature-di-san-francesco\/"]}]},{"@type":"ImageObject","inLanguage":"it-IT","@id":"https:\/\/blog.holyart.it\/it\/articoli-religiosi\/il-cantico-delle-creature-di-san-francesco\/#primaryimage","url":"https:\/\/blog.holyart.it\/it\/wp-content\/uploads\/sites\/17\/2019\/10\/san-francesco.jpg","contentUrl":"https:\/\/blog.holyart.it\/it\/wp-content\/uploads\/sites\/17\/2019\/10\/san-francesco.jpg","width":1000,"height":666,"caption":"san francesco"},{"@type":"BreadcrumbList","@id":"https:\/\/blog.holyart.it\/it\/articoli-religiosi\/il-cantico-delle-creature-di-san-francesco\/#breadcrumb","itemListElement":[{"@type":"ListItem","position":1,"name":"Homepage","item":"https:\/\/blog.holyart.it\/it\/"},{"@type":"ListItem","position":2,"name":"Religione","item":"https:\/\/blog.holyart.it\/it\/articoli-religiosi\/"},{"@type":"ListItem","position":3,"name":"Il cantico delle creature di San Francesco"}]},{"@type":"WebSite","@id":"https:\/\/blog.holyart.it\/it\/#website","url":"https:\/\/blog.holyart.it\/it\/","name":"Holyblog","description":"Il Blog di Holyart.it","publisher":{"@id":"https:\/\/blog.holyart.it\/it\/#organization"},"potentialAction":[{"@type":"SearchAction","target":{"@type":"EntryPoint","urlTemplate":"https:\/\/blog.holyart.it\/it\/?s={search_term_string}"},"query-input":{"@type":"PropertyValueSpecification","valueRequired":true,"valueName":"search_term_string"}}],"inLanguage":"it-IT"},{"@type":"Organization","@id":"https:\/\/blog.holyart.it\/it\/#organization","name":"Holyblog","url":"https:\/\/blog.holyart.it\/it\/","logo":{"@type":"ImageObject","inLanguage":"it-IT","@id":"https:\/\/blog.holyart.it\/it\/#\/schema\/logo\/image\/","url":"https:\/\/blog.holyart.it\/it\/wp-content\/uploads\/sites\/17\/2022\/12\/Holyart_Blog_Logo.jpg","contentUrl":"https:\/\/blog.holyart.it\/it\/wp-content\/uploads\/sites\/17\/2022\/12\/Holyart_Blog_Logo.jpg","width":300,"height":50,"caption":"Holyblog"},"image":{"@id":"https:\/\/blog.holyart.it\/it\/#\/schema\/logo\/image\/"}},{"@type":"Person","@id":"https:\/\/blog.holyart.it\/it\/#\/schema\/person\/0a7b686e5af0f856ec1e390dd0baecda","name":"Redazione"}]}},"_links":{"self":[{"href":"https:\/\/blog.holyart.it\/it\/wp-json\/wp\/v2\/posts\/7803","targetHints":{"allow":["GET"]}}],"collection":[{"href":"https:\/\/blog.holyart.it\/it\/wp-json\/wp\/v2\/posts"}],"about":[{"href":"https:\/\/blog.holyart.it\/it\/wp-json\/wp\/v2\/types\/post"}],"author":[{"embeddable":true,"href":"https:\/\/blog.holyart.it\/it\/wp-json\/wp\/v2\/users\/1"}],"replies":[{"embeddable":true,"href":"https:\/\/blog.holyart.it\/it\/wp-json\/wp\/v2\/comments?post=7803"}],"version-history":[{"count":2,"href":"https:\/\/blog.holyart.it\/it\/wp-json\/wp\/v2\/posts\/7803\/revisions"}],"predecessor-version":[{"id":20499,"href":"https:\/\/blog.holyart.it\/it\/wp-json\/wp\/v2\/posts\/7803\/revisions\/20499"}],"wp:featuredmedia":[{"embeddable":true,"href":"https:\/\/blog.holyart.it\/it\/wp-json\/wp\/v2\/media\/7820"}],"wp:attachment":[{"href":"https:\/\/blog.holyart.it\/it\/wp-json\/wp\/v2\/media?parent=7803"}],"wp:term":[{"taxonomy":"category","embeddable":true,"href":"https:\/\/blog.holyart.it\/it\/wp-json\/wp\/v2\/categories?post=7803"},{"taxonomy":"post_tag","embeddable":true,"href":"https:\/\/blog.holyart.it\/it\/wp-json\/wp\/v2\/tags?post=7803"}],"curies":[{"name":"wp","href":"https:\/\/api.w.org\/{rel}","templated":true}]}}