{"id":777,"date":"2017-08-08T12:20:10","date_gmt":"2017-08-08T10:20:10","guid":{"rendered":"https:\/\/blog.holyart.it\/it\/?p=777"},"modified":"2022-10-11T14:54:42","modified_gmt":"2022-10-11T12:54:42","slug":"limmacolata-concezione-della-vergine-maria","status":"publish","type":"post","link":"https:\/\/blog.holyart.it\/it\/santi-e-beati\/limmacolata-concezione-della-vergine-maria\/","title":{"rendered":"L&#8217;Immacolata Concezione della Vergine Maria"},"content":{"rendered":"<h4>L&#8217;Immacolata Concezione della Vergine Maria \u00e8 uno dei dogmi mariani che riconosce la nascita della Vergine senza peccato originale.<\/h4>\n\n<p><strong>L\u2019Immacolata Concezione<\/strong> \u00e8 un dogma della Chiesa cattolica che sancisce come, bench\u00e9 concepita e nata da una coppia di mortali (Sant\u2019Anna e san Gioacchino), <strong>la Vergine Maria nacque pura, mai toccata dal peccato originale<\/strong>, come accade invece a tutti gli altri uomini e donne. Maria, Piena di Grazia, come viene salutata nell&#8217;<a href=\"https:\/\/www.holyart.it\/blog\/articoli-religiosi\/annunciazione-del-signore-perche-si-festeggia-il-25-marzo\/\"><strong>Annunciazione del Signore<\/strong><\/a>, \u00e8 considerata santa fin dal suo concepimento, purificata da ogni male, preservata dal peccato dallo Spirito Santo, che ha fatto di lei una creatura unica e speciale, destinata a essere madre di un Uomo unico e nuovo. Sarebbe inconcepibile pensare che Dio, nella sua infinita saggezza e perfezione, possa aver affidato la propria incarnazione umana a una donna nata nel peccato, preda del Maligno e delle sue tentazioni. Maria fu l\u2019unica creatura a cui venne riservato questo speciale privilegio, proprio in vista della sua missione, del destino che Dio aveva in serbo per lei. Tutti gli altri uomini e donne sono nati e nascono nel Peccato, e da esso sono lavati grazie al <a href=\"https:\/\/www.holyart.it\/it\/occasioni-speciali\/battesimo\"><strong>Battesimo<\/strong><\/a>. Maria \u00e8 la prima tra i credenti, la pi\u00f9 vicina a Dio, cos\u00ec vicina da essere stata scelta per portare in grembo il frutto del suo infinito Amore. Questo ruolo di tramite tra gli uomini e l\u2019Onnipotente, di madre pura e amorosa, consacrata fin dal proprio concepimento alla sua missione d\u2019amore e dolore, rende la tradizione della <strong>Madonna Immacolata<\/strong> una delle pi\u00f9 diffuse e amate nella devozione popolare.<\/p>\n<div class=\"link-article\">\n<p><img loading=\"lazy\" decoding=\"async\" class=\"size-full wp-image-16192 alignleft\" src=\"https:\/\/blog.holyart.it\/it\/wp-content\/uploads\/sites\/17\/2017\/08\/annunciazione-del-beato-angelico.jpg\" alt=\"annunciazione del beato angelico\" width=\"150\" height=\"99\" data-kale-share-title=\"L\u2019immacolata concezione della Vergine Maria\" data-kale-share-url=\"https:\/\/blog.holyart.it\/it\/santi-e-beati\/limmacolata-concezione-della-vergine-maria\/\" \/><\/p>\n<div class=\"leggi-anche\">Leggi anche:<\/div>\n<p><strong><a href=\"https:\/\/www.holyart.it\/blog\/articoli-religiosi\/annunciazione-del-signore-perche-si-festeggia-il-25-marzo\/\">Annunciazione del Signore: perch\u00e9 si festeggia il 25 marzo<\/a><\/strong><br \/>\nIl 25 marzo si celebra l\u2019Annunciazione del Signore, una festa dedicata a Ges\u00f9, ma in ugual misura a Sua madre Maria&#8230;<\/p>\n<\/div>\n<h2>Il dogma dell\u2019Immacolata Concezione<\/h2>\n<p>Il dogma dell\u2019<a href=\"https:\/\/www.holyart.it\/it\/articoli-religiosi\/statue\/statue-in-resina-e-pvc\/madonna-immacolata-del-murillo\"><strong>Immacolata Concezione<\/strong><\/a> venne proclamato con la bolla papale Ineffabilis Deus da papa Pio IX l\u20198 dicembre 1854, ma la sua affermazione parte da molto lontano. La riflessione riguardo l\u2019Immacolata Concezione divise la Chiesa fin dalle sue origini. I <a href=\"https:\/\/www.holyart.it\/blog\/articoli-religiosi\/i-padri-della-chiesa-chi-erano-e-cosa-si-intende-per-patristica\/\"><strong>Padri della Chiesa<\/strong><\/a> e i teologi, come <a href=\"https:\/\/www.holyart.it\/blog\/santi-e-beati\/le-confessioni-di-sant-agostino-come-cambiare-la-propria-vita\/\"><strong>Sant\u2019Agostino<\/strong><\/a> o <a href=\"https:\/\/www.holyart.it\/blog\/santi-e-beati\/san-tommaso-lapostolo-incredulo\/\"><strong>San Tommaso<\/strong><\/a>, pur riconoscendo la santit\u00e0 di Maria, il suo essere senza peccato, non erano disposti a \u2018sganciare\u2019 questo suo stato di grazia da Ges\u00f9, a riconoscere che ella potesse essere esente dal peccato originale senza il suo intervento diretto. Sant\u2019Agostino, per esempio, affermava che Maria nacque nel peccato, come tutti gli altri uomini e donne, ma venne poi sollevata da esso in quanto madre di Cristo. Del resto l\u2019Antico Testamento offre solo poche e contrastanti informazioni riguardo il peccato originale, e <strong>un\u2019interpretazione in chiave mariologica identifica Maria come una nuova Eva in lotta contro il Maligno e le sue tentazioni.<\/strong> Nel Nuovo Testamento Maria \u00e8 salutata dall\u2019Arcangelo Gabriele \u201cPiena di Grazia\u201d, e dunque Santa.<\/p>\n<div class=\"link-product\">\n<div class=\"blocco-immagine\"><img loading=\"lazy\" decoding=\"async\" class=\"size-full wp-image-16194 alignleft\" src=\"https:\/\/blog.holyart.it\/it\/wp-content\/uploads\/sites\/17\/2017\/08\/madonna-immacolata-del-murillo.jpg\" alt=\"madonna immacolata del murillo\" width=\"100\" height=\"100\" data-kale-share-title=\"L\u2019immacolata concezione della Vergine Maria\" data-kale-share-url=\"https:\/\/blog.holyart.it\/it\/santi-e-beati\/limmacolata-concezione-della-vergine-maria\/\" \/><\/div>\n<div class=\"blocco-contenuto\">\n<div class=\"blocco-acquista\">Acquista su Holyart:<\/div>\n<div class=\"blocco-titolo\"><a href=\"https:\/\/www.holyart.it\/it\/articoli-religiosi\/statue\/statue-in-resina-e-pvc\/madonna-immacolata-del-murillo\">Madonna Immacolata del Murillo<\/a><\/div>\n<div class=\"blocco-descrizione\">Statuina in resina dipinta a mano raffigurante la Madonna Immacolata del Murillo, di altezza 22 cm.<\/div>\n<\/div>\n<\/div>\n<p style=\"text-align: justify;\">Fu soprattutto la devozione popolare a sostenere e portare avanti nei secoli la teoria dell\u2019Immacolata Concezione di Maria. Infatti per il popolo dei cristiani Maria Vergine, destinata a concepire Ges\u00f9 e a portarlo nel Suo Grembo, deve per forza essere stata preservata dal peccato e dall\u2019azione del Maligno proprio perch\u00e9 non sarebbe stato concepibile altrimenti che Dio, puro e perfetto, potesse incarnarsi in lei. In questa convinzione della purezza di Maria la devozione popolare non esit\u00f2 a opporsi anche apertamente contro la teologia ufficiale. A quest\u2019ultima spett\u00f2 fin da subito il compito di esercitare un controllo sul culto, sulle manifestazioni di devozione del popolo, in modo da guidarlo verso una definizione teologica corretta e adeguata, pur nel rispetto dei suoi desideri e delle sue aspettative a riguardo. La sacralit\u00e0 Immacolata Concezione non \u00e8 stata dunque definita dai teorici delle Scritture e dalla primitiva tradizione della Chiesa, ma dalla fede del popolo, dalla sua sensibilit\u00e0 e piet\u00e0. Come scrisse il teologo Eadmero nel XII secolo, \u201cla pura semplicit\u00e0 e l\u2019umile devozione\u201d del popolo si scontr\u00f2 con la \u201cscienza\u201d dei ricchi e colti sapienti.<\/p>\n<p style=\"text-align: justify;\">Molti furono i fattori di diffusione della devozione all\u2019Immacolata Concezione: la predicazione francescana, e in genere tutte le forme di predicazione popolare; la nascita di confraternite che facevano dell\u2019Immacolata Concezione il proprio stendardo e proclama, e i cui membri erano pronti a difenderne l\u2019autenticit\u00e0 fino alla morte; le <a href=\"https:\/\/www.holyart.it\/blog\/articoli-religiosi\/apparizioni-mariane-le-10-piu-importanti\/\"><strong>apparizioni mariane<\/strong><\/a>, da quella di rue du Bac (1830), a quella di Lourdes del 25 marzo 1858, quando Maria apparve a Santa Bernadetta e si present\u00f2 a lei con le parole: \u201cIo sono l&#8217;Immacolata Concezione\u201d.<\/p>\n<div class=\"link-article\">\n<p><img loading=\"lazy\" decoding=\"async\" class=\"size-full wp-image-16195 alignleft\" src=\"https:\/\/blog.holyart.it\/it\/wp-content\/uploads\/sites\/17\/2017\/08\/apparizioni-mariane-nel-mondo.jpg\" alt=\"apparizioni mariane nel mondo\" width=\"150\" height=\"99\" data-kale-share-title=\"L\u2019immacolata concezione della Vergine Maria\" data-kale-share-url=\"https:\/\/blog.holyart.it\/it\/santi-e-beati\/limmacolata-concezione-della-vergine-maria\/\" \/><\/p>\n<div class=\"leggi-anche\">Leggi anche:<\/div>\n<p><strong><a href=\"https:\/\/www.holyart.it\/blog\/articoli-religiosi\/apparizioni-mariane-le-10-piu-importanti\/\">Apparizioni Mariane nel mondo: le 10 pi\u00f9 importanti<\/a><\/strong><br \/>\nI tanti nomi con cui i cristiani si rivolgono alla Madonna derivano in buona parte anche dalle molte apparizioni mariane&#8230;<\/p>\n<\/div>\n<h2>La Festa dell\u2019Immacolata Concezione e la Novena<\/h2>\n<p>La Nativit\u00e0 di Maria veniva gi\u00e0 festeggiata in Oriente dalla fine del VI secolo. Dal IX secolo apparve a Napoli la festa della Concezione di Maria. Dall\u2019Italia Meridionale essa venne introdotta anche in Inghilterra e in seguito, anche grazie alla conquista dei Normanni, si diffuse in Europa. Venne riconosciuta ufficialmente solo nel 1708.<\/p>\n<p>L\u20198 dicembre del 1857, papa Pio IX riconobbe il dogma e defin\u00ec le modalit\u00e0 di festeggiamento e celebrazione. Egli benedisse a Roma un monumento posto in Piazza Mignanelli, vicino a Piazza di Spagna, dedicato a <a href=\"https:\/\/www.holyart.it\/it\/articoli-religiosi\/statue\/statue-in-legno-dipinto\/statua-madonna-immacolata-barocca-legno-dipinto-val-gardena-15-30-60-cm\"><strong>Maria Immacolata<\/strong><\/a>, e lo omaggi\u00f2 con un\u2019offerta di fiori. Da allora \u00e8 tradizione che <strong>in occasione dell\u20198 dicembre il Papa esca dal Vaticano e si rechi in prima persona in Piazza di Spagna, per portare fiori freschi in offerta alla Madonna Immacolata<\/strong> e guidare la preghiera popolare con la lettura di un brano della Sacra Scrittura e di un brano della Dottrina della Chiesa. La celebrazione \u00e8 seguita dalla recita di preghiere litaniche e accompagnata da canti mariani. La festa \u00e8 preceduta da una novena, nove giorni in cui si recita una particolare serie di preghiere devozionali, che inizia il 29 novembre e prosegue fino al 7 dicembre, giorno della vigilia della solennit\u00e0 dell&#8217;Immacolata Concezione. <strong>Questa novena prepara i fedeli ad accogliere con animo puro e ben predisposto la solennit\u00e0 dell\u20198 dicembre, e in molti casi \u00e8 uno strumento di fede e devozione per ricevere una grazia.<\/strong><\/p>\n<div class=\"link-product\">\n<div class=\"blocco-immagine\"><img loading=\"lazy\" decoding=\"async\" class=\"size-full wp-image-16196 alignleft\" src=\"https:\/\/blog.holyart.it\/it\/wp-content\/uploads\/sites\/17\/2017\/08\/statua-madonna-immacolata-barocca-legno-dipinto-val-gardena-15-30-60-cm.jpg\" alt=\"statua madonna immacolata barocca legno dipinto val gardena 15 30 60 cm\" width=\"100\" height=\"100\" data-kale-share-title=\"L\u2019immacolata concezione della Vergine Maria\" data-kale-share-url=\"https:\/\/blog.holyart.it\/it\/santi-e-beati\/limmacolata-concezione-della-vergine-maria\/\" \/><\/div>\n<div class=\"blocco-contenuto\">\n<div class=\"blocco-acquista\">Acquista su Holyart:<\/div>\n<div class=\"blocco-titolo\"><a href=\"https:\/\/www.holyart.it\/it\/articoli-religiosi\/statue\/statue-in-legno-dipinto\/statua-madonna-immacolata-barocca-legno-dipinto-val-gardena-15-30-60-cm\">Statua Madonna Immacolata barocca legno dipinto Val Gardena 15-30-60 cm<\/a><\/div>\n<div class=\"blocco-descrizione\">Statua Madonna Immacolata scolpita in Val Gardena.<\/div>\n<\/div>\n<\/div>\n<h2>L\u2019Immacolata Concezione\u00a0nell&#8217;arte<\/h2>\n<p>Dicevamo dunque che la devozione popolare ha abbracciato fin da subito questo particolare aspetto della vita e della santit\u00e0 di Maria. Le manifestazioni artistiche in tal senso apparvero molto presto: il tema pittorico dell\u2019Immacolata si sviluppa inizialmente nell&#8217;Italia meridionale e in Spagna, intorno alla fine del Quattrocento. Vista la diatriba in corso a livello teologico, tuttavia, le rappresentazioni pi\u00f9 antiche tendono a essere criptiche, ambigue, a lasciare a chi vede i quadri o le <span style=\"color: #0000ff;\"><strong><a style=\"color: #0000ff;\" href=\"https:\/\/www.holyart.it\/articoli\/statue-madonna.php\">statue della Madonna<\/a><\/strong><\/span> la possibilit\u00e0 di trarre le proprie conclusioni. Alcuni artisti hanno anticipato il dogma, gi\u00e0 nel tardo Medioevo con le raffigurazioni di <a href=\"https:\/\/www.holyart.it\/blog\/articoli-religiosi\/la-storia-di-santanna-madre-di-maria\/\"><strong>Gioacchino e Anna<\/strong><\/a>, gli anziani genitori di Maria, che lasciano intuire qualcosa di straordinario nel frutto della loro unione. Altre opere antiche suggeriscono la presenza di Maria nel piano divino fin dalle origini, contrapponendola a Eva, e suggerendo che Dio pianific\u00f2 la sua esistenza fin da prima della nascita, rendendola pronta per ricevere la sua chiamata.<\/p>\n<div class=\"link-article\">\n<p><img loading=\"lazy\" decoding=\"async\" class=\"size-full wp-image-16197 alignleft\" src=\"https:\/\/blog.holyart.it\/it\/wp-content\/uploads\/sites\/17\/2017\/08\/storia-di-santanna.jpeg\" alt=\"sant'anna\" width=\"150\" height=\"103\" data-kale-share-title=\"L\u2019immacolata concezione della Vergine Maria\" data-kale-share-url=\"https:\/\/blog.holyart.it\/it\/santi-e-beati\/limmacolata-concezione-della-vergine-maria\/\" \/><\/p>\n<div class=\"leggi-anche\">Leggi anche:<\/div>\n<p><strong><a href=\"https:\/\/www.holyart.it\/blog\/articoli-religiosi\/la-storia-di-santanna-madre-di-maria\/\">La storia di Sant\u2019Anna madre di Maria<\/a><\/strong><br \/>\nIl 26 Luglio vengono festeggiati Sant\u2019Anna e San Gioacchino, i genitori di Maria Vergine&#8230;<\/p>\n<\/div>\n<p>In alcune rappresentazioni Maria \u00e8 raffigurata con caratteristiche che fanno intuire come ella sia una creatura umana rivestita dall&#8217;alto di attributi soprannaturali: posizione, abito, il modo in cui la luce l\u2019avvolge, il ventre circonfuso di sole. Per esempio, nella Vergine delle rocce, di Leonardo da Vinci Maria appare in tutta la sua splendida umanit\u00e0, come una madre desiderosa di proteggere il figlio, e nello stesso tempo i suoi gesti suggeriscono la piena accettazione della volont\u00e0 di Dio, la rassegnazione al destino da Lui scelto per lei e per Ges\u00f9, una totale accettazione che pu\u00f2 venire solo da una creatura concepita senza peccato. <strong>Dopo il XV secolo e successivamente alla Controriforma le opere d&#8217;arte diventano pi\u00f9 esplicite.<\/strong> Abbiamo uno \u2018schema definitivo\u2019 della Madonna Immacolata in opere come l\u2019Immacolata di Gianbattista Tiepolo, dipinta tra il 1732-1734. L\u2019Immacolata di Tiepolo \u00e8 una donna vestita di sole e incoronata di stelle, col capo in cielo, ma il volto rivolto verso la terra, verso il popolo di Dio al quale si rivolge la sua piet\u00e0 materna. Ha sotto i piedi la luna, simbolo della natura umana soggetta al peccato, ma \u00e8 circonfusa di sole, della luce divina che la purifica e la rende integra. I suoi piedi calpestano anche il serpente, che rimanda a Eva, la prima donna, colei che si macchi\u00f2 del peccato originale, e in questa raffigurazione si conferma il ruolo di Maria come nuova Eva, senza macchia, immacolata, predestinata fin dall&#8217;inizio dei tempi a dare una seconda possibilit\u00e0 al mondo.<\/p>\n<h2>Le apparizioni della Madonna Immacolata<\/h2>\n<p>Dobbiamo attendere le apparizioni di Rue du Bac prima e Lourdes, perch\u00e9 l\u2019iconografia della Madonna Immacolata assuma la sua piena consacrazione, che rimane in auge ancora oggi. Santa Caterina Labour\u00e9 (Fain-l\u00e8s-Moutiers, giovane religiosa francese), vide pi\u00f9 volte la Madonna e parl\u00f2 a lungo con lei. In queste visioni, Santa Caterina vedeva Maria in piedi su un globo avvolto dalle spire di un serpente, con le mani che emanavano fasci luminosi e intorno al capo, come un\u2019aureola, la scritta: \u201cO Maria, concepita senza peccato, pregate per noi che ricorriamo a Voi\u201d. La Madonna chiese a Caterina di far coniare una medaglia che la raffigurasse in questo modo, e cos\u00ec nacque la cosiddetta <span style=\"color: #0000ff;\"><strong><a style=\"color: #0000ff;\" href=\"https:\/\/www.holyart.it\/articoli\/medaglia-miracolosa.php\">Medaglia Miracolosa<\/a><\/strong><\/span>. A Lourdes invece Maria apparve pi\u00f9 volte a Santa Bernadette come una bella signora vestita di bianco e con una cintura azzurra, che le parlava con infinita dolcezza. Il 25 marzo 1858 si present\u00f2 a lei dicendo: \u201cIo sono l&#8217;Immacolata Concezione\u201d. Bernadette era una piccola contadina analfabeta e non poteva sapere nulla del dogma dell\u2019Immacolata Concezione, e del dibattito che da secoli divideva la Chiesa a riguardo. Questa rivelazione fece s\u00ec che molti scettici riconoscessero come autentiche le sue dichiarazioni e trovassero in esse conferma di quanto promulgato da Papa Pio IX con la bolla papale Ineffabilis Deus solo 4 anni prima.<\/p>\n<div class=\"link-product\">\n<div class=\"blocco-immagine\"><img loading=\"lazy\" decoding=\"async\" class=\"size-full wp-image-16198 alignleft\" src=\"https:\/\/blog.holyart.it\/it\/wp-content\/uploads\/sites\/17\/2017\/08\/medaglia-miracolosa-argento-925.jpg\" alt=\"medaglia miracolosa argento 925\" width=\"100\" height=\"100\" data-kale-share-title=\"L\u2019immacolata concezione della Vergine Maria\" data-kale-share-url=\"https:\/\/blog.holyart.it\/it\/santi-e-beati\/limmacolata-concezione-della-vergine-maria\/\" \/><\/div>\n<div class=\"blocco-contenuto\">\n<div class=\"blocco-acquista\">Acquista su Holyart:<\/div>\n<div class=\"blocco-titolo\"><a href=\"https:\/\/www.holyart.it\/it\/articoli\/medaglia-miracolosa.php\">Medaglia Miracolosa<\/a><\/div>\n<div class=\"blocco-descrizione\">La Medaglia Miracolosa venne coniata su ordine della Madonna stessa, come pegno di amore e protezione.<\/div>\n<\/div>\n<\/div>\n<h2>L\u2019Immacolata Concezione spiegata ai bambini<\/h2>\n<p style=\"text-align: justify;\">Quello dell\u2019Immacolata Concezione \u00e8 un mistero profondo e affascinante, che ci rivela un aspetto della figura di Maria che meriterebbe infinite dissertazioni e approfondimenti. Nello stesso tempo, perfino un bambino potrebbe comprendere quanto prezioso sia il dono che Dio ha fatto a questa fanciulla semplice e umile, come l\u2019abbia resa speciale tra tutte le donne. Se dovessimo spiegare il significato dell\u2019Immacolata Concezione a un bambino, dovremmo raccontargli di Maria, una ragazza come tante, che viveva con la mamma e il pap\u00e0 e sognava una vita fatta di cose semplici, di una famiglia, di uno sposo, di tanti bambini, e di come <a href=\"https:\/\/www.holyart.it\/it\/occasioni-speciali\/pasqua-e-quaresima\/presepe-pasquale\/annunciazione-angelo-a-maria-statue-9-cm\"><strong>un giorno le apparve un bellissimo angelo<\/strong><\/a> che si rivolse a lei salutandola cos\u00ec: \u201cAve, piena di grazia. Il signore \u00e8 con te\u201d. Perch\u00e9 in realt\u00e0 Maria non era una ragazza comune, no davvero! Dio l\u2019aveva scelta per una cosa molto speciale, una cosa che lui aveva deciso tanto tempo fa, tanto tempo prima che Maria nascesse, prima che venisse concepita nella pancia della sua mamma, Sant\u2019Anna. <strong>Dio aveva deciso che Maria sarebbe dovuta diventare la mamma di Ges\u00f9.<\/strong> Infatti il bellissimo angelo, che si chiamava Gabriele, le parl\u00f2 con dolcezza e le disse che lei un giorno avrebbe avuto un bambino, un bambino molto speciale, perch\u00e9 sarebbe stato Ges\u00f9, il figlio di Dio. Ma Dio, che \u00e8 tanto buono e sa tutto, non poteva certo scegliere una ragazza qualunque come mamma per il suo unico figlio. Cos\u00ec, tanto tempo prima che Maria nascesse, <strong>lui ha deciso che lei sarebbe stata pura, immacolata, come la neve<\/strong>, che sarebbe nata senza peccato originale e non avrebbe commesso nessun peccato in vita sua, pur potendo scegliere, in qualsiasi momento della sua vita, tra il bene e il male. Maria, che era davvero una ragazza speciale, perch\u00e9 era buona e giudiziosa e piena di amore, scelse di affidarsi a Dio, e lo fece con gioia e umilt\u00e0, dicendo all\u2019angelo Gabriele: \u201cEccomi, sono la serva del Signore\u201d. \u00c8 quello che ciascuno di noi dovrebbe fare ogni giorno, fidarsi di Dio e affidarsi a Lui quando ci chiama per nome e ci chiede di affrontare anche le prove pi\u00f9 difficili. A differenza di Maria noi siamo nati con addosso il peccato originale, ma il Battesimo ce lo ha tolto, e da quel momento in poi possiamo decidere tra il bene e il male, scegliere se essere buoni e \u201cspeciali\u201d come lo fu Maria.<\/p>\n<div class=\"link-product\">\n<div class=\"blocco-immagine\"><img loading=\"lazy\" decoding=\"async\" class=\"size-full wp-image-16201 alignleft\" src=\"https:\/\/blog.holyart.it\/it\/wp-content\/uploads\/sites\/17\/2017\/08\/annunciazione-angelo-a-maria-statue-9-cm.jpg\" alt=\"annunciazione angelo a maria statue 9 cm\" width=\"100\" height=\"100\" data-kale-share-title=\"L\u2019immacolata concezione della Vergine Maria\" data-kale-share-url=\"https:\/\/blog.holyart.it\/it\/santi-e-beati\/limmacolata-concezione-della-vergine-maria\/\" \/><\/div>\n<div class=\"blocco-contenuto\">\n<div class=\"blocco-acquista\">Acquista su Holyart:<\/div>\n<div class=\"blocco-titolo\"><a href=\"https:\/\/www.holyart.it\/it\/occasioni-speciali\/pasqua-e-quaresima\/presepe-pasquale\/annunciazione-angelo-a-maria-statue-9-cm\">Annunciazione Angelo a Maria statue 9 cm<\/a><\/div>\n<div class=\"blocco-descrizione\">Le statuine sono entrambe realizzate in resina e raggiungono un&#8217;altezza massima di 8 cm.<\/div>\n<\/div>\n<\/div>\n","protected":false},"excerpt":{"rendered":"<p>L&#8217;Immacolata Concezione della Vergine Maria \u00e8 uno dei dogmi mariani che riconosce la nascita della Vergine senza peccato originale. L\u2019Immacolata Concezione \u00e8 un dogma della Chiesa cattolica che sancisce come, bench\u00e9 concepita e nata da una coppia di mortali (Sant\u2019Anna e san Gioacchino), la Vergine&hellip;<\/p>\n","protected":false},"author":1,"featured_media":779,"comment_status":"closed","ping_status":"open","sticky":false,"template":"","format":"standard","meta":{"_acf_changed":false,"footnotes":""},"categories":[15],"tags":[],"class_list":["post-777","post","type-post","status-publish","format-standard","has-post-thumbnail","hentry","category-santi-e-beati"],"acf":[],"yoast_head":"<!-- This site is optimized with the Yoast SEO plugin v26.6 - https:\/\/yoast.com\/wordpress\/plugins\/seo\/ -->\n<title>L&#039;Immacolata Concezione della Vergine Maria - Holyblog<\/title>\n<meta name=\"description\" content=\"L\u2019Immacolata Concezione \u00e8 un dogma della Chiesa cattolica e sancisce che la Vergine Maria nacque pura, mai toccata dal peccato originale.\" \/>\n<meta name=\"robots\" content=\"index, follow, max-snippet:-1, max-image-preview:large, max-video-preview:-1\" \/>\n<link rel=\"canonical\" href=\"https:\/\/blog.holyart.it\/it\/santi-e-beati\/limmacolata-concezione-della-vergine-maria\/\" \/>\n<meta property=\"og:locale\" content=\"it_IT\" \/>\n<meta property=\"og:type\" content=\"article\" \/>\n<meta property=\"og:title\" content=\"L&#039;Immacolata Concezione della Vergine Maria - Holyblog\" \/>\n<meta property=\"og:description\" content=\"L\u2019Immacolata Concezione \u00e8 un dogma della Chiesa cattolica e sancisce che la Vergine Maria nacque pura, mai toccata dal peccato originale.\" \/>\n<meta property=\"og:url\" content=\"https:\/\/blog.holyart.it\/it\/santi-e-beati\/limmacolata-concezione-della-vergine-maria\/\" \/>\n<meta property=\"og:site_name\" content=\"Holyblog\" \/>\n<meta property=\"article:published_time\" content=\"2017-08-08T10:20:10+00:00\" \/>\n<meta property=\"article:modified_time\" content=\"2022-10-11T12:54:42+00:00\" \/>\n<meta property=\"og:image\" content=\"https:\/\/blog.holyart.it\/it\/wp-content\/uploads\/sites\/17\/2017\/07\/Immacolata-concezione-copertina.jpg\" \/>\n\t<meta property=\"og:image:width\" content=\"1000\" \/>\n\t<meta property=\"og:image:height\" content=\"666\" \/>\n\t<meta property=\"og:image:type\" content=\"image\/jpeg\" \/>\n<meta name=\"author\" content=\"Redazione\" \/>\n<meta name=\"twitter:card\" content=\"summary_large_image\" \/>\n<meta name=\"twitter:label1\" content=\"Scritto da\" \/>\n\t<meta name=\"twitter:data1\" content=\"Redazione\" \/>\n\t<meta name=\"twitter:label2\" content=\"Tempo di lettura stimato\" \/>\n\t<meta name=\"twitter:data2\" content=\"11 minuti\" \/>\n<script type=\"application\/ld+json\" class=\"yoast-schema-graph\">{\"@context\":\"https:\/\/schema.org\",\"@graph\":[{\"@type\":\"Article\",\"@id\":\"https:\/\/blog.holyart.it\/it\/santi-e-beati\/limmacolata-concezione-della-vergine-maria\/#article\",\"isPartOf\":{\"@id\":\"https:\/\/blog.holyart.it\/it\/santi-e-beati\/limmacolata-concezione-della-vergine-maria\/\"},\"author\":{\"name\":\"Redazione\",\"@id\":\"https:\/\/blog.holyart.it\/it\/#\/schema\/person\/0a7b686e5af0f856ec1e390dd0baecda\"},\"headline\":\"L&#8217;Immacolata Concezione della Vergine Maria\",\"datePublished\":\"2017-08-08T10:20:10+00:00\",\"dateModified\":\"2022-10-11T12:54:42+00:00\",\"mainEntityOfPage\":{\"@id\":\"https:\/\/blog.holyart.it\/it\/santi-e-beati\/limmacolata-concezione-della-vergine-maria\/\"},\"wordCount\":2147,\"publisher\":{\"@id\":\"https:\/\/blog.holyart.it\/it\/#organization\"},\"image\":{\"@id\":\"https:\/\/blog.holyart.it\/it\/santi-e-beati\/limmacolata-concezione-della-vergine-maria\/#primaryimage\"},\"thumbnailUrl\":\"https:\/\/blog.holyart.it\/it\/wp-content\/uploads\/sites\/17\/2017\/07\/Immacolata-concezione-copertina.jpg\",\"articleSection\":[\"Santi e beati\"],\"inLanguage\":\"it-IT\"},{\"@type\":\"WebPage\",\"@id\":\"https:\/\/blog.holyart.it\/it\/santi-e-beati\/limmacolata-concezione-della-vergine-maria\/\",\"url\":\"https:\/\/blog.holyart.it\/it\/santi-e-beati\/limmacolata-concezione-della-vergine-maria\/\",\"name\":\"L'Immacolata Concezione della Vergine Maria - Holyblog\",\"isPartOf\":{\"@id\":\"https:\/\/blog.holyart.it\/it\/#website\"},\"primaryImageOfPage\":{\"@id\":\"https:\/\/blog.holyart.it\/it\/santi-e-beati\/limmacolata-concezione-della-vergine-maria\/#primaryimage\"},\"image\":{\"@id\":\"https:\/\/blog.holyart.it\/it\/santi-e-beati\/limmacolata-concezione-della-vergine-maria\/#primaryimage\"},\"thumbnailUrl\":\"https:\/\/blog.holyart.it\/it\/wp-content\/uploads\/sites\/17\/2017\/07\/Immacolata-concezione-copertina.jpg\",\"datePublished\":\"2017-08-08T10:20:10+00:00\",\"dateModified\":\"2022-10-11T12:54:42+00:00\",\"description\":\"L\u2019Immacolata Concezione \u00e8 un dogma della Chiesa cattolica e sancisce che la Vergine Maria nacque pura, mai toccata dal peccato originale.\",\"breadcrumb\":{\"@id\":\"https:\/\/blog.holyart.it\/it\/santi-e-beati\/limmacolata-concezione-della-vergine-maria\/#breadcrumb\"},\"inLanguage\":\"it-IT\",\"potentialAction\":[{\"@type\":\"ReadAction\",\"target\":[\"https:\/\/blog.holyart.it\/it\/santi-e-beati\/limmacolata-concezione-della-vergine-maria\/\"]}]},{\"@type\":\"ImageObject\",\"inLanguage\":\"it-IT\",\"@id\":\"https:\/\/blog.holyart.it\/it\/santi-e-beati\/limmacolata-concezione-della-vergine-maria\/#primaryimage\",\"url\":\"https:\/\/blog.holyart.it\/it\/wp-content\/uploads\/sites\/17\/2017\/07\/Immacolata-concezione-copertina.jpg\",\"contentUrl\":\"https:\/\/blog.holyart.it\/it\/wp-content\/uploads\/sites\/17\/2017\/07\/Immacolata-concezione-copertina.jpg\",\"width\":1000,\"height\":666},{\"@type\":\"BreadcrumbList\",\"@id\":\"https:\/\/blog.holyart.it\/it\/santi-e-beati\/limmacolata-concezione-della-vergine-maria\/#breadcrumb\",\"itemListElement\":[{\"@type\":\"ListItem\",\"position\":1,\"name\":\"Homepage\",\"item\":\"https:\/\/blog.holyart.it\/it\/\"},{\"@type\":\"ListItem\",\"position\":2,\"name\":\"Santi e beati\",\"item\":\"https:\/\/blog.holyart.it\/it\/santi-e-beati\/\"},{\"@type\":\"ListItem\",\"position\":3,\"name\":\"L&#8217;Immacolata Concezione della Vergine Maria\"}]},{\"@type\":\"WebSite\",\"@id\":\"https:\/\/blog.holyart.it\/it\/#website\",\"url\":\"https:\/\/blog.holyart.it\/it\/\",\"name\":\"Holyblog\",\"description\":\"Il Blog di Holyart.it\",\"publisher\":{\"@id\":\"https:\/\/blog.holyart.it\/it\/#organization\"},\"potentialAction\":[{\"@type\":\"SearchAction\",\"target\":{\"@type\":\"EntryPoint\",\"urlTemplate\":\"https:\/\/blog.holyart.it\/it\/?s={search_term_string}\"},\"query-input\":{\"@type\":\"PropertyValueSpecification\",\"valueRequired\":true,\"valueName\":\"search_term_string\"}}],\"inLanguage\":\"it-IT\"},{\"@type\":\"Organization\",\"@id\":\"https:\/\/blog.holyart.it\/it\/#organization\",\"name\":\"Holyblog\",\"url\":\"https:\/\/blog.holyart.it\/it\/\",\"logo\":{\"@type\":\"ImageObject\",\"inLanguage\":\"it-IT\",\"@id\":\"https:\/\/blog.holyart.it\/it\/#\/schema\/logo\/image\/\",\"url\":\"https:\/\/blog.holyart.it\/it\/wp-content\/uploads\/sites\/17\/2022\/12\/Holyart_Blog_Logo.jpg\",\"contentUrl\":\"https:\/\/blog.holyart.it\/it\/wp-content\/uploads\/sites\/17\/2022\/12\/Holyart_Blog_Logo.jpg\",\"width\":300,\"height\":50,\"caption\":\"Holyblog\"},\"image\":{\"@id\":\"https:\/\/blog.holyart.it\/it\/#\/schema\/logo\/image\/\"}},{\"@type\":\"Person\",\"@id\":\"https:\/\/blog.holyart.it\/it\/#\/schema\/person\/0a7b686e5af0f856ec1e390dd0baecda\",\"name\":\"Redazione\"}]}<\/script>\n<!-- \/ Yoast SEO plugin. -->","yoast_head_json":{"title":"L'Immacolata Concezione della Vergine Maria - Holyblog","description":"L\u2019Immacolata Concezione \u00e8 un dogma della Chiesa cattolica e sancisce che la Vergine Maria nacque pura, mai toccata dal peccato originale.","robots":{"index":"index","follow":"follow","max-snippet":"max-snippet:-1","max-image-preview":"max-image-preview:large","max-video-preview":"max-video-preview:-1"},"canonical":"https:\/\/blog.holyart.it\/it\/santi-e-beati\/limmacolata-concezione-della-vergine-maria\/","og_locale":"it_IT","og_type":"article","og_title":"L'Immacolata Concezione della Vergine Maria - Holyblog","og_description":"L\u2019Immacolata Concezione \u00e8 un dogma della Chiesa cattolica e sancisce che la Vergine Maria nacque pura, mai toccata dal peccato originale.","og_url":"https:\/\/blog.holyart.it\/it\/santi-e-beati\/limmacolata-concezione-della-vergine-maria\/","og_site_name":"Holyblog","article_published_time":"2017-08-08T10:20:10+00:00","article_modified_time":"2022-10-11T12:54:42+00:00","og_image":[{"width":1000,"height":666,"url":"https:\/\/blog.holyart.it\/it\/wp-content\/uploads\/sites\/17\/2017\/07\/Immacolata-concezione-copertina.jpg","type":"image\/jpeg"}],"author":"Redazione","twitter_card":"summary_large_image","twitter_misc":{"Scritto da":"Redazione","Tempo di lettura stimato":"11 minuti"},"schema":{"@context":"https:\/\/schema.org","@graph":[{"@type":"Article","@id":"https:\/\/blog.holyart.it\/it\/santi-e-beati\/limmacolata-concezione-della-vergine-maria\/#article","isPartOf":{"@id":"https:\/\/blog.holyart.it\/it\/santi-e-beati\/limmacolata-concezione-della-vergine-maria\/"},"author":{"name":"Redazione","@id":"https:\/\/blog.holyart.it\/it\/#\/schema\/person\/0a7b686e5af0f856ec1e390dd0baecda"},"headline":"L&#8217;Immacolata Concezione della Vergine Maria","datePublished":"2017-08-08T10:20:10+00:00","dateModified":"2022-10-11T12:54:42+00:00","mainEntityOfPage":{"@id":"https:\/\/blog.holyart.it\/it\/santi-e-beati\/limmacolata-concezione-della-vergine-maria\/"},"wordCount":2147,"publisher":{"@id":"https:\/\/blog.holyart.it\/it\/#organization"},"image":{"@id":"https:\/\/blog.holyart.it\/it\/santi-e-beati\/limmacolata-concezione-della-vergine-maria\/#primaryimage"},"thumbnailUrl":"https:\/\/blog.holyart.it\/it\/wp-content\/uploads\/sites\/17\/2017\/07\/Immacolata-concezione-copertina.jpg","articleSection":["Santi e beati"],"inLanguage":"it-IT"},{"@type":"WebPage","@id":"https:\/\/blog.holyart.it\/it\/santi-e-beati\/limmacolata-concezione-della-vergine-maria\/","url":"https:\/\/blog.holyart.it\/it\/santi-e-beati\/limmacolata-concezione-della-vergine-maria\/","name":"L'Immacolata Concezione della Vergine Maria - Holyblog","isPartOf":{"@id":"https:\/\/blog.holyart.it\/it\/#website"},"primaryImageOfPage":{"@id":"https:\/\/blog.holyart.it\/it\/santi-e-beati\/limmacolata-concezione-della-vergine-maria\/#primaryimage"},"image":{"@id":"https:\/\/blog.holyart.it\/it\/santi-e-beati\/limmacolata-concezione-della-vergine-maria\/#primaryimage"},"thumbnailUrl":"https:\/\/blog.holyart.it\/it\/wp-content\/uploads\/sites\/17\/2017\/07\/Immacolata-concezione-copertina.jpg","datePublished":"2017-08-08T10:20:10+00:00","dateModified":"2022-10-11T12:54:42+00:00","description":"L\u2019Immacolata Concezione \u00e8 un dogma della Chiesa cattolica e sancisce che la Vergine Maria nacque pura, mai toccata dal peccato originale.","breadcrumb":{"@id":"https:\/\/blog.holyart.it\/it\/santi-e-beati\/limmacolata-concezione-della-vergine-maria\/#breadcrumb"},"inLanguage":"it-IT","potentialAction":[{"@type":"ReadAction","target":["https:\/\/blog.holyart.it\/it\/santi-e-beati\/limmacolata-concezione-della-vergine-maria\/"]}]},{"@type":"ImageObject","inLanguage":"it-IT","@id":"https:\/\/blog.holyart.it\/it\/santi-e-beati\/limmacolata-concezione-della-vergine-maria\/#primaryimage","url":"https:\/\/blog.holyart.it\/it\/wp-content\/uploads\/sites\/17\/2017\/07\/Immacolata-concezione-copertina.jpg","contentUrl":"https:\/\/blog.holyart.it\/it\/wp-content\/uploads\/sites\/17\/2017\/07\/Immacolata-concezione-copertina.jpg","width":1000,"height":666},{"@type":"BreadcrumbList","@id":"https:\/\/blog.holyart.it\/it\/santi-e-beati\/limmacolata-concezione-della-vergine-maria\/#breadcrumb","itemListElement":[{"@type":"ListItem","position":1,"name":"Homepage","item":"https:\/\/blog.holyart.it\/it\/"},{"@type":"ListItem","position":2,"name":"Santi e beati","item":"https:\/\/blog.holyart.it\/it\/santi-e-beati\/"},{"@type":"ListItem","position":3,"name":"L&#8217;Immacolata Concezione della Vergine Maria"}]},{"@type":"WebSite","@id":"https:\/\/blog.holyart.it\/it\/#website","url":"https:\/\/blog.holyart.it\/it\/","name":"Holyblog","description":"Il Blog di Holyart.it","publisher":{"@id":"https:\/\/blog.holyart.it\/it\/#organization"},"potentialAction":[{"@type":"SearchAction","target":{"@type":"EntryPoint","urlTemplate":"https:\/\/blog.holyart.it\/it\/?s={search_term_string}"},"query-input":{"@type":"PropertyValueSpecification","valueRequired":true,"valueName":"search_term_string"}}],"inLanguage":"it-IT"},{"@type":"Organization","@id":"https:\/\/blog.holyart.it\/it\/#organization","name":"Holyblog","url":"https:\/\/blog.holyart.it\/it\/","logo":{"@type":"ImageObject","inLanguage":"it-IT","@id":"https:\/\/blog.holyart.it\/it\/#\/schema\/logo\/image\/","url":"https:\/\/blog.holyart.it\/it\/wp-content\/uploads\/sites\/17\/2022\/12\/Holyart_Blog_Logo.jpg","contentUrl":"https:\/\/blog.holyart.it\/it\/wp-content\/uploads\/sites\/17\/2022\/12\/Holyart_Blog_Logo.jpg","width":300,"height":50,"caption":"Holyblog"},"image":{"@id":"https:\/\/blog.holyart.it\/it\/#\/schema\/logo\/image\/"}},{"@type":"Person","@id":"https:\/\/blog.holyart.it\/it\/#\/schema\/person\/0a7b686e5af0f856ec1e390dd0baecda","name":"Redazione"}]}},"_links":{"self":[{"href":"https:\/\/blog.holyart.it\/it\/wp-json\/wp\/v2\/posts\/777","targetHints":{"allow":["GET"]}}],"collection":[{"href":"https:\/\/blog.holyart.it\/it\/wp-json\/wp\/v2\/posts"}],"about":[{"href":"https:\/\/blog.holyart.it\/it\/wp-json\/wp\/v2\/types\/post"}],"author":[{"embeddable":true,"href":"https:\/\/blog.holyart.it\/it\/wp-json\/wp\/v2\/users\/1"}],"replies":[{"embeddable":true,"href":"https:\/\/blog.holyart.it\/it\/wp-json\/wp\/v2\/comments?post=777"}],"version-history":[{"count":0,"href":"https:\/\/blog.holyart.it\/it\/wp-json\/wp\/v2\/posts\/777\/revisions"}],"wp:featuredmedia":[{"embeddable":true,"href":"https:\/\/blog.holyart.it\/it\/wp-json\/wp\/v2\/media\/779"}],"wp:attachment":[{"href":"https:\/\/blog.holyart.it\/it\/wp-json\/wp\/v2\/media?parent=777"}],"wp:term":[{"taxonomy":"category","embeddable":true,"href":"https:\/\/blog.holyart.it\/it\/wp-json\/wp\/v2\/categories?post=777"},{"taxonomy":"post_tag","embeddable":true,"href":"https:\/\/blog.holyart.it\/it\/wp-json\/wp\/v2\/tags?post=777"}],"curies":[{"name":"wp","href":"https:\/\/api.w.org\/{rel}","templated":true}]}}