{"id":7677,"date":"2019-09-19T18:27:27","date_gmt":"2019-09-19T16:27:27","guid":{"rendered":"https:\/\/blog.holyart.it\/it\/?p=7677"},"modified":"2022-10-17T12:47:02","modified_gmt":"2022-10-17T10:47:02","slug":"giardino-delleden-nella-genesi","status":"publish","type":"post","link":"https:\/\/blog.holyart.it\/it\/articoli-religiosi\/giardino-delleden-nella-genesi\/","title":{"rendered":"Il giardino dell&#8217;Eden nella Genesi"},"content":{"rendered":"<h4 style=\"text-align: center;\">Il giardino dell&#8217;Eden rappresenta il primo, immenso dono che Dio fece all&#8217;uomo e alla donna. Perduto in seguito al Peccato originale, rimane un luogo emblematico, simbolo di innocenza ritrovata e di speranza inesausta. Scopriamo di pi\u00f9 a riguardo.<\/h4>\n\n<p>Abbiamo gi\u00e0 avuto modo di parlare del Giardino dell&#8217;Eden in un precedente articolo dedicato alla<a href=\"https:\/\/www.holyart.it\/blog\/articoli-religiosi\/la-storia-adamo-ed-eva\/\" target=\"_blank\" rel=\"noopener\">\u00a0<strong>storia di Adamo ed Eva<\/strong><\/a>. Infatti \u00e8 nel Giardino dell&#8217;Eden, chiamato anche Paradiso terrestre, che Dio cre\u00f2 il primo uomo e la prima donna, i progenitori di tutta l&#8217;umanit\u00e0. A loro l&#8217;Onnipotente fece dono di quel luogo meraviglioso e di tutti gli animali e le piante che lo popolavano, perch\u00e9 godessero dei loro frutti e vivessero in assoluta felicit\u00e0.<\/p>\n<div class=\"link-article\">\n<p><img loading=\"lazy\" decoding=\"async\" class=\"alignleft size-full wp-image-7264\" src=\"https:\/\/blog.holyart.it\/it\/wp-content\/uploads\/sites\/17\/2019\/08\/storia-adamo-ed-eva.jpg\" alt=\"storia adamo ed eva\" width=\"150\" height=\"100\" \/><\/p>\n<div class=\"leggi-anche\">Leggi anche:<\/div>\n<p><strong><a href=\"https:\/\/www.holyart.it\/blog\/articoli-religiosi\/la-storia-adamo-ed-eva\/\">La storia di Adamo ed Eva<\/a><\/strong><br \/>\nChi non conosce la storia di Adamo ed Eva, il primo uomo e la prima donna? Ma siamo poi cos\u00ec sicuri di conoscerla davvero &#8230;<\/p>\n<\/div>\n<p>L&#8217;assoluta felicit\u00e0&#8230; Questa \u00e8 una delle caratteristiche del Giardino dell&#8217;Eden: un luogo di pace, armonia, dove tutte le razze di animali convivono pacificamente, dove nessun fiore \u00e8 velenoso. La sofferenza ne \u00e8 bandita, e cos\u00ec la fatica, la malattia, il dolore. La morte non pu\u00f2 entrare nel Giardino dell&#8217;Eden, nel quale fiorisce d\u00e0 frutto, tra gli altri, l&#8217;<strong><a href=\"https:\/\/www.holyart.it\/blog\/articoli-religiosi\/significato-dellalbero-della-vita\/\" target=\"_blank\" rel=\"noopener\">albero della vita<\/a><\/strong>,\u00a0a cui abbiamo dedicato\u00a0<strong><a href=\"https:\/\/www.holyart.it\/blog\/articoli-religiosi\/significato-dellalbero-della-vita\/\" target=\"_blank\" rel=\"noopener\">un ulteriore articolo<\/a><\/strong>.\u00a0Dio\u00a0ha posto questo albero miracoloso proprio\u00a0in mezzo al giardino dell\u2019Eden, accanto all\u2019<strong>albero della conoscenza del bene e del male<\/strong>, e Adamo ed Eva\u00a0possono mangiarne i frutti a saziet\u00e0. In questo modo essi sono immortali, immuni allo scorrere del tempo, alla vecchiaia, alle malattie, alla morte.<\/p>\n<div class=\"link-article\">\n<p><img loading=\"lazy\" decoding=\"async\" class=\"alignleft size-full wp-image-7683\" src=\"https:\/\/blog.holyart.it\/it\/wp-content\/uploads\/sites\/17\/2019\/09\/albero-della-vita.jpg\" alt=\"albero della vita\" width=\"150\" height=\"100\" \/><\/p>\n<div class=\"leggi-anche\">Leggi anche:<\/div>\n<p><strong><a href=\"https:\/\/www.holyart.it\/blog\/articoli-religiosi\/significato-dellalbero-della-vita\/\">Il significato dell&#8217;Albero della Vita<\/a><\/strong><br \/>\nTutte le religioni, dalle origini della storia dell\u2019uomo, sono legate in qualche modo agli alberi &#8230;<\/p>\n<\/div>\n<p>Ma qual \u00e8 l&#8217;<strong>origine del giardino dell&#8217;Eden<\/strong>? Esso corrisponde a un\u00a0<strong>luogo geografico reale<\/strong>? E, se s\u00ec, dove era situato?<\/p>\n<p>Intanto analizziamo i termini. La parola ebraica \u201cpard\u00e9s\u201d, la cui radice\u00a0ci rimanda a &#8216;<em>paradiso<\/em>&#8216;,\u00a0significa &#8216;<em>giardino<\/em>&#8216;. Il termine composto \u201cGan &#8216;Eden\u201d, \u2018<em>giardino delle Delizie<\/em>\u2019 (Genesi 2,8-14), veniva usato per definire sia il paradiso terrestre, sia quello celeste. La parola \u201cEden\u201d viene invece dal sumero, e significa\u00a0\u2018<em>steppa, pianura<\/em>\u2019. Alcuni studiosi hanno congetturato che Dio abbia\u00a0scelto una zona occupata da vegetazione steppica per farvi sorgere il Suo Paradiso, il suo giardino delle delizie. Un&#8217;altra teoria collega il giardino dell&#8217;Eden con\u00a0una localit\u00e0\u00a0pi\u00f9 volte citata nella Bibbia chiamata Eden, o Edin. Si trattava di una regione sotto il dominio degli Assiri, posta nel medio Eufrate, citata anche in molte\u00a0fonti sumere.<\/p>\n<p>Quando pensiamo al Paradiso terrestre non dobbiamo immaginare un luogo incolto e selvaggio. Infatti nell&#8217;antichit\u00e0 i giardini erano luoghi recintati e\u00a0nei quali la vegetazione era regolata\u00a0in modo razionale. Quindi anche la scelta di creare un giardino e dare vita al suo interno al primo uomo rientrerebbe nel piano preciso di Dio.<\/p>\n<h2>Ma dove si trovava il Giardino dell\u2019Eden?<\/h2>\n<p>Per quanto riguarda\u00a0<strong>l&#8217;ubicazione del giardino dell&#8217;Eden<\/strong>, <strong><a href=\"https:\/\/www.holyart.it\/it\/articoli-religiosi\/libri-e-testi-sacri\/calendari-e-altri-libri-religiosi\/libro-della-genesi-1-e-2-cd-conferenze\">nella Genesi leggiamo<\/a><\/strong>:\u00a0&#8220;<em>E l\u2019Eterno Iddio piant\u00f2 un giardino in Eden, in oriente, e quivi pose l\u2019uomo che aveva formato\u2026 E un fiume usciva d\u2019Eden per adacquare il giardino, e di la si spartiva in quattro bracci. Il nome del primo \u00e8 Pishon, ed \u00e8 quello che circonda tutto il paese di Havila, dov\u2019\u00e8 l\u2019oro; e l\u2019oro di quel paese \u00e8 buono; quivi si trovan pure il bdellio e l\u2019onice. Il nome del secondo fiume \u00e8 Ghihon, ed \u00e8 quello che circonda tutto il paese di Cush. Il nome del terzo fiume \u00e8 Hiddekel, ed \u00e8 quello che scorre a oriente dell\u2019Assiria. E il quarto fiume \u00e8 l\u2019Eufrate.<\/em>&#8221; (Genesi 2, 8-14).<\/p>\n<p>Questa descrizione, apparentemente molto precisa, in realt\u00e0 contiene riferimenti che sono quasi sicuramente pi\u00f9 simbolici, che non geografici. Viene da pensare, a un primo esame, che il giardino dell&#8217;Eden fosse situato in una valle fluviale, da qualche parte a oriente, forse in\u00a0<strong>Mesopotamia<\/strong>, almeno secondo la maggior parte degli studiosi.\u00a0In effetti la regione,\u00a0attraversata dai fiumi Tigri e Eufrate, e\u00a0che occupava il territorio dove ora si estendono Iraq, Siria, Turchia e Iran, aveva una vegetazione a tratti molto rigogliosa, grazie alle\u00a0inondazioni dei due fiumi, tanto da meritare il nome di\u00a0<em>mezzaluna fertile<\/em>, a tratti tipica delle steppe, il che ci ricollega alla gi\u00e0 citata parola \u2018Eden\u2019.<\/p>\n<p>Altri studiosi pongono il Paradiso terrestre pi\u00f9 a nord,\u00a0partendo dal presupposto che se da esso uscivano quattro corsi d&#8217;acqua, la loro sorgente doveva essere post pi\u00f9 a nord rispetto al corso del Tigri e dell&#8217;Eufrate.\u00a0Indicativamente possiamo pensare alla<strong>\u00a0parte settentrionale dell&#8217;Armenia<\/strong>.<\/p>\n<div class=\"link-article\">\n<p><img loading=\"lazy\" decoding=\"async\" class=\"alignleft size-full wp-image-7701\" src=\"https:\/\/blog.holyart.it\/it\/wp-content\/uploads\/sites\/17\/2019\/09\/ulivo-significato-religioso.jpg\" alt=\"ulivo significato religioso\" width=\"150\" height=\"100\" \/><\/p>\n<div class=\"leggi-anche\">Leggi anche:<\/div>\n<p><strong><a href=\"https:\/\/www.holyart.it\/blog\/natale\/alberi-piante-nella-tradizione-cristiana\/\">Alberi e piante nella tradizione cristiana<\/a><\/strong><br \/>\nNell\u2019antichit\u00e0 il rapporto tra uomo e natura era molto pi\u00f9 stretto rispetto a oggi. La vita quotidiana era legata in modo indissolubile &#8230;<\/p>\n<\/div>\n<p>Il professor David Rohl, un famoso archeologo inglese, dopo anni di studi, scavi e ricerche, ha affermato che Giardino dell&#8217;Eden era situato in una valle vicina all&#8217;odierna Tabriz, nel\u00a0<strong>nord dell&#8217;Iran<\/strong>, sull&#8217;altopiano a ovest del lago di Urmia. Lo stesso studioso, autore di un libro dal titolo esplicativo\u00a0<em>&#8221;La Genesi aveva ragione<\/em>&#8221;, sostiene che quanto viene raccontato nella Genesi \u00e8 molto attendibile dal punto di vista storico e geografico. Dunque anche per Rohl il giardino dell&#8217;Eden sorgeva nell&#8217;antica Armenia,\u00a0attorno ai bacini del lago Van e del lago Urmia, nella stessa regione dove si eleva il monte Ararat, sul quale l&#8217;arca di No\u00e8 si and\u00f2 a fermare alla fine del Diluvio universale. L&#8217;arca sarebbe ancora visibile, in cima al monte, nelle giornate limpide&#8230;<\/p>\n<p>Ancora, c&#8217;\u00e8 chi pensa che il giardino l&#8217;Eden si trovasse nella\u00a0<strong>Terra Santa<\/strong>, la terra di Israele. Secondo questa teoria,\u00a0il fiume che scorreva nel Paradiso terrestre, per poi dividersi una volta uscito dal medesimo, sarebbe stato il Giordano. Ad avvalorare questa ipotesi c&#8217;\u00e8 il fatto che senza dubbio, in quei tempi lontani, il corso del fiume era molto pi\u00f9 lungo. In particolare, il Giardino poteva trovarsi a nord della Galilea, ai confini con la Samaria, a sud del lago di Tiberiade. Questa zona era in passato cos\u00ec importante dal punto di vista strategico e talmente fertile, grazie alle acque del Giordano e del fiume Harod, che gli antichi saggi ebrei solevano dire: \u201c&#8221;<em>Se il Giardino dell&#8217;Eden \u00e8 nella terra d&#8217;Israele, allora il suo cancello \u00e8 Beth-Shean<\/em>&#8220;, riferendosi all&#8217;antica citt\u00e0 che sorgeva in quella regione.<\/p>\n<p>Altri studiosi collocano il Giardino dell&#8217;Eden in<strong>\u00a0Egitto<\/strong>, e identificano i quattro fiumi con il Nilo, che rendeva fertile e ricca quella terra scorrendo per lunghi tratti sotto di essa, per emergere solo in alcuni punti.<\/p>\n<p>Alcune interpretazioni, infine, escludono qualsiasi implicazione geografica, considerando il giardino dell&#8217;Eden solo nella chiave di lettura della cacciata di Adamo ed Eva da esso.\u00a0Il giardino rappresenterebbe\u00a0la Terra Santa e il Tempio di Gerusalemme, da cui il popolo di Israele, reo di idolatria, \u00e8 stato cacciato, perdendo la comunione con Dio.<\/p>\n<p>A prescindere dalla possibilit\u00e0 o meno di dare una collocazione geografica al Giardino dell&#8217;Eden, come viene descritto nelle <strong><a href=\"https:\/\/www.holyart.it\/it\/articoli-religiosi\/libri-e-testi-sacri\">Sacre scritture<\/a><\/strong>, la sua importanza resta prioritaria per ogni credente.\u00a0Tutto ci\u00f2 che in esso \u00e8 accaduto, la tentazione della donna, la caduta dell&#8217;uomo, la cacciata di entrambi, rappresenta l&#8217;inizio dell&#8217;esistenza dell&#8217;umanit\u00e0 come la conosciamo, in una chiave teologica che giustifica e spiega l&#8217;origine di ogni male. Nel momento in cui Eva e Adamo hanno scelto di disobbedire, mangiando i frutti dell&#8217;albero della conoscenza del bene e del male, hanno perduto il diritto di cibarsi di quelli dell&#8217;<strong>albero della vita<\/strong>. In questo risiede l&#8217;inganno del Serpente, che aveva promesso loro che, invece, sarebbero stati uguali a Dio.<\/p>\n<p>Dovremo attendere l&#8217;avvento di Cristo per trovare, nella sua <strong><a href=\"https:\/\/www.holyart.it\/it\/articoli-religiosi\/crocefissi\">Croce<\/a><\/strong>, il nuovo Albero della vita, fonte di salvezza e vita eterna.<\/p>\n<div class=\"link-product\">\n<div class=\"blocco-immagine\"><img loading=\"lazy\" decoding=\"async\" class=\"size-full wp-image-7690\" src=\"https:\/\/blog.holyart.it\/it\/wp-content\/uploads\/sites\/17\/2019\/09\/albero-della-vita-icona.jpg\" alt=\"albero della vita icona\" width=\"100\" height=\"100\" \/><\/div>\n<div class=\"blocco-contenuto\">\n<div class=\"blocco-acquista\">Acquista su Holyart:<\/div>\n<div class=\"blocco-titolo\"><a href=\"https:\/\/www.holyart.it\/it\/ricerca?queryFromSuggest=&amp;query=albero+della+vita\">diversi tipi di articoli<br \/>\ncon l&#8217;Albero della Vita: icone, gioielli e croci<\/a><\/div>\n<\/div>\n<\/div>\n","protected":false},"excerpt":{"rendered":"<p>Il giardino dell&#8217;Eden rappresenta il primo, immenso dono che Dio fece all&#8217;uomo e alla donna. Perduto in seguito al Peccato originale, rimane un luogo emblematico, simbolo di innocenza ritrovata e di speranza inesausta. Scopriamo di pi\u00f9 a riguardo. Abbiamo gi\u00e0 avuto modo di parlare del&hellip;<\/p>\n","protected":false},"author":1,"featured_media":7689,"comment_status":"closed","ping_status":"open","sticky":false,"template":"","format":"standard","meta":{"_acf_changed":false,"footnotes":""},"categories":[16],"tags":[],"class_list":["post-7677","post","type-post","status-publish","format-standard","has-post-thumbnail","hentry","category-articoli-religiosi"],"acf":[],"yoast_head":"<!-- This site is optimized with the Yoast SEO plugin v26.6 - https:\/\/yoast.com\/wordpress\/plugins\/seo\/ -->\n<title>Il giardino dell&#039;Eden nella Genesi - Holyblog<\/title>\n<meta name=\"description\" content=\"Il giardino dell&#039;Eden rappresenta il primo, immenso dono che Dio fece all&#039;uomo e alla donna. Perduto in seguito al Peccato originale...\" \/>\n<meta name=\"robots\" content=\"index, follow, max-snippet:-1, max-image-preview:large, max-video-preview:-1\" \/>\n<link rel=\"canonical\" href=\"https:\/\/blog.holyart.it\/it\/articoli-religiosi\/giardino-delleden-nella-genesi\/\" \/>\n<meta property=\"og:locale\" content=\"it_IT\" \/>\n<meta property=\"og:type\" content=\"article\" \/>\n<meta property=\"og:title\" content=\"Il giardino dell&#039;Eden nella Genesi - Holyblog\" \/>\n<meta property=\"og:description\" content=\"Il giardino dell&#039;Eden rappresenta il primo, immenso dono che Dio fece all&#039;uomo e alla donna. Perduto in seguito al Peccato originale...\" \/>\n<meta property=\"og:url\" content=\"https:\/\/blog.holyart.it\/it\/articoli-religiosi\/giardino-delleden-nella-genesi\/\" \/>\n<meta property=\"og:site_name\" content=\"Holyblog\" \/>\n<meta property=\"article:published_time\" content=\"2019-09-19T16:27:27+00:00\" \/>\n<meta property=\"article:modified_time\" content=\"2022-10-17T10:47:02+00:00\" \/>\n<meta property=\"og:image\" content=\"https:\/\/blog.holyart.it\/it\/wp-content\/uploads\/sites\/17\/2019\/09\/albero-della-vita-1.jpg\" \/>\n\t<meta property=\"og:image:width\" content=\"1000\" \/>\n\t<meta property=\"og:image:height\" content=\"666\" \/>\n\t<meta property=\"og:image:type\" content=\"image\/jpeg\" \/>\n<meta name=\"author\" content=\"Redazione\" \/>\n<meta name=\"twitter:card\" content=\"summary_large_image\" \/>\n<meta name=\"twitter:label1\" content=\"Scritto da\" \/>\n\t<meta name=\"twitter:data1\" content=\"Redazione\" \/>\n\t<meta name=\"twitter:label2\" content=\"Tempo di lettura stimato\" \/>\n\t<meta name=\"twitter:data2\" content=\"6 minuti\" \/>\n<script type=\"application\/ld+json\" class=\"yoast-schema-graph\">{\"@context\":\"https:\/\/schema.org\",\"@graph\":[{\"@type\":\"Article\",\"@id\":\"https:\/\/blog.holyart.it\/it\/articoli-religiosi\/giardino-delleden-nella-genesi\/#article\",\"isPartOf\":{\"@id\":\"https:\/\/blog.holyart.it\/it\/articoli-religiosi\/giardino-delleden-nella-genesi\/\"},\"author\":{\"name\":\"Redazione\",\"@id\":\"https:\/\/blog.holyart.it\/it\/#\/schema\/person\/0a7b686e5af0f856ec1e390dd0baecda\"},\"headline\":\"Il giardino dell&#8217;Eden nella Genesi\",\"datePublished\":\"2019-09-19T16:27:27+00:00\",\"dateModified\":\"2022-10-17T10:47:02+00:00\",\"mainEntityOfPage\":{\"@id\":\"https:\/\/blog.holyart.it\/it\/articoli-religiosi\/giardino-delleden-nella-genesi\/\"},\"wordCount\":1272,\"publisher\":{\"@id\":\"https:\/\/blog.holyart.it\/it\/#organization\"},\"image\":{\"@id\":\"https:\/\/blog.holyart.it\/it\/articoli-religiosi\/giardino-delleden-nella-genesi\/#primaryimage\"},\"thumbnailUrl\":\"https:\/\/blog.holyart.it\/it\/wp-content\/uploads\/sites\/17\/2019\/09\/albero-della-vita-1.jpg\",\"articleSection\":[\"Religione\"],\"inLanguage\":\"it-IT\"},{\"@type\":\"WebPage\",\"@id\":\"https:\/\/blog.holyart.it\/it\/articoli-religiosi\/giardino-delleden-nella-genesi\/\",\"url\":\"https:\/\/blog.holyart.it\/it\/articoli-religiosi\/giardino-delleden-nella-genesi\/\",\"name\":\"Il giardino dell'Eden nella Genesi - Holyblog\",\"isPartOf\":{\"@id\":\"https:\/\/blog.holyart.it\/it\/#website\"},\"primaryImageOfPage\":{\"@id\":\"https:\/\/blog.holyart.it\/it\/articoli-religiosi\/giardino-delleden-nella-genesi\/#primaryimage\"},\"image\":{\"@id\":\"https:\/\/blog.holyart.it\/it\/articoli-religiosi\/giardino-delleden-nella-genesi\/#primaryimage\"},\"thumbnailUrl\":\"https:\/\/blog.holyart.it\/it\/wp-content\/uploads\/sites\/17\/2019\/09\/albero-della-vita-1.jpg\",\"datePublished\":\"2019-09-19T16:27:27+00:00\",\"dateModified\":\"2022-10-17T10:47:02+00:00\",\"description\":\"Il giardino dell'Eden rappresenta il primo, immenso dono che Dio fece all'uomo e alla donna. Perduto in seguito al Peccato originale...\",\"breadcrumb\":{\"@id\":\"https:\/\/blog.holyart.it\/it\/articoli-religiosi\/giardino-delleden-nella-genesi\/#breadcrumb\"},\"inLanguage\":\"it-IT\",\"potentialAction\":[{\"@type\":\"ReadAction\",\"target\":[\"https:\/\/blog.holyart.it\/it\/articoli-religiosi\/giardino-delleden-nella-genesi\/\"]}]},{\"@type\":\"ImageObject\",\"inLanguage\":\"it-IT\",\"@id\":\"https:\/\/blog.holyart.it\/it\/articoli-religiosi\/giardino-delleden-nella-genesi\/#primaryimage\",\"url\":\"https:\/\/blog.holyart.it\/it\/wp-content\/uploads\/sites\/17\/2019\/09\/albero-della-vita-1.jpg\",\"contentUrl\":\"https:\/\/blog.holyart.it\/it\/wp-content\/uploads\/sites\/17\/2019\/09\/albero-della-vita-1.jpg\",\"width\":1000,\"height\":666,\"caption\":\"giardino dell'eden\"},{\"@type\":\"BreadcrumbList\",\"@id\":\"https:\/\/blog.holyart.it\/it\/articoli-religiosi\/giardino-delleden-nella-genesi\/#breadcrumb\",\"itemListElement\":[{\"@type\":\"ListItem\",\"position\":1,\"name\":\"Homepage\",\"item\":\"https:\/\/blog.holyart.it\/it\/\"},{\"@type\":\"ListItem\",\"position\":2,\"name\":\"Religione\",\"item\":\"https:\/\/blog.holyart.it\/it\/articoli-religiosi\/\"},{\"@type\":\"ListItem\",\"position\":3,\"name\":\"Il giardino dell&#8217;Eden nella Genesi\"}]},{\"@type\":\"WebSite\",\"@id\":\"https:\/\/blog.holyart.it\/it\/#website\",\"url\":\"https:\/\/blog.holyart.it\/it\/\",\"name\":\"Holyblog\",\"description\":\"Il Blog di Holyart.it\",\"publisher\":{\"@id\":\"https:\/\/blog.holyart.it\/it\/#organization\"},\"potentialAction\":[{\"@type\":\"SearchAction\",\"target\":{\"@type\":\"EntryPoint\",\"urlTemplate\":\"https:\/\/blog.holyart.it\/it\/?s={search_term_string}\"},\"query-input\":{\"@type\":\"PropertyValueSpecification\",\"valueRequired\":true,\"valueName\":\"search_term_string\"}}],\"inLanguage\":\"it-IT\"},{\"@type\":\"Organization\",\"@id\":\"https:\/\/blog.holyart.it\/it\/#organization\",\"name\":\"Holyblog\",\"url\":\"https:\/\/blog.holyart.it\/it\/\",\"logo\":{\"@type\":\"ImageObject\",\"inLanguage\":\"it-IT\",\"@id\":\"https:\/\/blog.holyart.it\/it\/#\/schema\/logo\/image\/\",\"url\":\"https:\/\/blog.holyart.it\/it\/wp-content\/uploads\/sites\/17\/2022\/12\/Holyart_Blog_Logo.jpg\",\"contentUrl\":\"https:\/\/blog.holyart.it\/it\/wp-content\/uploads\/sites\/17\/2022\/12\/Holyart_Blog_Logo.jpg\",\"width\":300,\"height\":50,\"caption\":\"Holyblog\"},\"image\":{\"@id\":\"https:\/\/blog.holyart.it\/it\/#\/schema\/logo\/image\/\"}},{\"@type\":\"Person\",\"@id\":\"https:\/\/blog.holyart.it\/it\/#\/schema\/person\/0a7b686e5af0f856ec1e390dd0baecda\",\"name\":\"Redazione\"}]}<\/script>\n<!-- \/ Yoast SEO plugin. -->","yoast_head_json":{"title":"Il giardino dell'Eden nella Genesi - Holyblog","description":"Il giardino dell'Eden rappresenta il primo, immenso dono che Dio fece all'uomo e alla donna. Perduto in seguito al Peccato originale...","robots":{"index":"index","follow":"follow","max-snippet":"max-snippet:-1","max-image-preview":"max-image-preview:large","max-video-preview":"max-video-preview:-1"},"canonical":"https:\/\/blog.holyart.it\/it\/articoli-religiosi\/giardino-delleden-nella-genesi\/","og_locale":"it_IT","og_type":"article","og_title":"Il giardino dell'Eden nella Genesi - Holyblog","og_description":"Il giardino dell'Eden rappresenta il primo, immenso dono che Dio fece all'uomo e alla donna. Perduto in seguito al Peccato originale...","og_url":"https:\/\/blog.holyart.it\/it\/articoli-religiosi\/giardino-delleden-nella-genesi\/","og_site_name":"Holyblog","article_published_time":"2019-09-19T16:27:27+00:00","article_modified_time":"2022-10-17T10:47:02+00:00","og_image":[{"width":1000,"height":666,"url":"https:\/\/blog.holyart.it\/it\/wp-content\/uploads\/sites\/17\/2019\/09\/albero-della-vita-1.jpg","type":"image\/jpeg"}],"author":"Redazione","twitter_card":"summary_large_image","twitter_misc":{"Scritto da":"Redazione","Tempo di lettura stimato":"6 minuti"},"schema":{"@context":"https:\/\/schema.org","@graph":[{"@type":"Article","@id":"https:\/\/blog.holyart.it\/it\/articoli-religiosi\/giardino-delleden-nella-genesi\/#article","isPartOf":{"@id":"https:\/\/blog.holyart.it\/it\/articoli-religiosi\/giardino-delleden-nella-genesi\/"},"author":{"name":"Redazione","@id":"https:\/\/blog.holyart.it\/it\/#\/schema\/person\/0a7b686e5af0f856ec1e390dd0baecda"},"headline":"Il giardino dell&#8217;Eden nella Genesi","datePublished":"2019-09-19T16:27:27+00:00","dateModified":"2022-10-17T10:47:02+00:00","mainEntityOfPage":{"@id":"https:\/\/blog.holyart.it\/it\/articoli-religiosi\/giardino-delleden-nella-genesi\/"},"wordCount":1272,"publisher":{"@id":"https:\/\/blog.holyart.it\/it\/#organization"},"image":{"@id":"https:\/\/blog.holyart.it\/it\/articoli-religiosi\/giardino-delleden-nella-genesi\/#primaryimage"},"thumbnailUrl":"https:\/\/blog.holyart.it\/it\/wp-content\/uploads\/sites\/17\/2019\/09\/albero-della-vita-1.jpg","articleSection":["Religione"],"inLanguage":"it-IT"},{"@type":"WebPage","@id":"https:\/\/blog.holyart.it\/it\/articoli-religiosi\/giardino-delleden-nella-genesi\/","url":"https:\/\/blog.holyart.it\/it\/articoli-religiosi\/giardino-delleden-nella-genesi\/","name":"Il giardino dell'Eden nella Genesi - Holyblog","isPartOf":{"@id":"https:\/\/blog.holyart.it\/it\/#website"},"primaryImageOfPage":{"@id":"https:\/\/blog.holyart.it\/it\/articoli-religiosi\/giardino-delleden-nella-genesi\/#primaryimage"},"image":{"@id":"https:\/\/blog.holyart.it\/it\/articoli-religiosi\/giardino-delleden-nella-genesi\/#primaryimage"},"thumbnailUrl":"https:\/\/blog.holyart.it\/it\/wp-content\/uploads\/sites\/17\/2019\/09\/albero-della-vita-1.jpg","datePublished":"2019-09-19T16:27:27+00:00","dateModified":"2022-10-17T10:47:02+00:00","description":"Il giardino dell'Eden rappresenta il primo, immenso dono che Dio fece all'uomo e alla donna. Perduto in seguito al Peccato originale...","breadcrumb":{"@id":"https:\/\/blog.holyart.it\/it\/articoli-religiosi\/giardino-delleden-nella-genesi\/#breadcrumb"},"inLanguage":"it-IT","potentialAction":[{"@type":"ReadAction","target":["https:\/\/blog.holyart.it\/it\/articoli-religiosi\/giardino-delleden-nella-genesi\/"]}]},{"@type":"ImageObject","inLanguage":"it-IT","@id":"https:\/\/blog.holyart.it\/it\/articoli-religiosi\/giardino-delleden-nella-genesi\/#primaryimage","url":"https:\/\/blog.holyart.it\/it\/wp-content\/uploads\/sites\/17\/2019\/09\/albero-della-vita-1.jpg","contentUrl":"https:\/\/blog.holyart.it\/it\/wp-content\/uploads\/sites\/17\/2019\/09\/albero-della-vita-1.jpg","width":1000,"height":666,"caption":"giardino dell'eden"},{"@type":"BreadcrumbList","@id":"https:\/\/blog.holyart.it\/it\/articoli-religiosi\/giardino-delleden-nella-genesi\/#breadcrumb","itemListElement":[{"@type":"ListItem","position":1,"name":"Homepage","item":"https:\/\/blog.holyart.it\/it\/"},{"@type":"ListItem","position":2,"name":"Religione","item":"https:\/\/blog.holyart.it\/it\/articoli-religiosi\/"},{"@type":"ListItem","position":3,"name":"Il giardino dell&#8217;Eden nella Genesi"}]},{"@type":"WebSite","@id":"https:\/\/blog.holyart.it\/it\/#website","url":"https:\/\/blog.holyart.it\/it\/","name":"Holyblog","description":"Il Blog di Holyart.it","publisher":{"@id":"https:\/\/blog.holyart.it\/it\/#organization"},"potentialAction":[{"@type":"SearchAction","target":{"@type":"EntryPoint","urlTemplate":"https:\/\/blog.holyart.it\/it\/?s={search_term_string}"},"query-input":{"@type":"PropertyValueSpecification","valueRequired":true,"valueName":"search_term_string"}}],"inLanguage":"it-IT"},{"@type":"Organization","@id":"https:\/\/blog.holyart.it\/it\/#organization","name":"Holyblog","url":"https:\/\/blog.holyart.it\/it\/","logo":{"@type":"ImageObject","inLanguage":"it-IT","@id":"https:\/\/blog.holyart.it\/it\/#\/schema\/logo\/image\/","url":"https:\/\/blog.holyart.it\/it\/wp-content\/uploads\/sites\/17\/2022\/12\/Holyart_Blog_Logo.jpg","contentUrl":"https:\/\/blog.holyart.it\/it\/wp-content\/uploads\/sites\/17\/2022\/12\/Holyart_Blog_Logo.jpg","width":300,"height":50,"caption":"Holyblog"},"image":{"@id":"https:\/\/blog.holyart.it\/it\/#\/schema\/logo\/image\/"}},{"@type":"Person","@id":"https:\/\/blog.holyart.it\/it\/#\/schema\/person\/0a7b686e5af0f856ec1e390dd0baecda","name":"Redazione"}]}},"_links":{"self":[{"href":"https:\/\/blog.holyart.it\/it\/wp-json\/wp\/v2\/posts\/7677","targetHints":{"allow":["GET"]}}],"collection":[{"href":"https:\/\/blog.holyart.it\/it\/wp-json\/wp\/v2\/posts"}],"about":[{"href":"https:\/\/blog.holyart.it\/it\/wp-json\/wp\/v2\/types\/post"}],"author":[{"embeddable":true,"href":"https:\/\/blog.holyart.it\/it\/wp-json\/wp\/v2\/users\/1"}],"replies":[{"embeddable":true,"href":"https:\/\/blog.holyart.it\/it\/wp-json\/wp\/v2\/comments?post=7677"}],"version-history":[{"count":0,"href":"https:\/\/blog.holyart.it\/it\/wp-json\/wp\/v2\/posts\/7677\/revisions"}],"wp:featuredmedia":[{"embeddable":true,"href":"https:\/\/blog.holyart.it\/it\/wp-json\/wp\/v2\/media\/7689"}],"wp:attachment":[{"href":"https:\/\/blog.holyart.it\/it\/wp-json\/wp\/v2\/media?parent=7677"}],"wp:term":[{"taxonomy":"category","embeddable":true,"href":"https:\/\/blog.holyart.it\/it\/wp-json\/wp\/v2\/categories?post=7677"},{"taxonomy":"post_tag","embeddable":true,"href":"https:\/\/blog.holyart.it\/it\/wp-json\/wp\/v2\/tags?post=7677"}],"curies":[{"name":"wp","href":"https:\/\/api.w.org\/{rel}","templated":true}]}}