{"id":7541,"date":"2019-09-03T12:32:20","date_gmt":"2019-09-03T10:32:20","guid":{"rendered":"https:\/\/blog.holyart.it\/it\/?p=7541"},"modified":"2025-04-30T10:49:07","modified_gmt":"2025-04-30T08:49:07","slug":"la-trasfigurazione-gesu-cristo","status":"publish","type":"post","link":"https:\/\/blog.holyart.it\/it\/articoli-religiosi\/la-trasfigurazione-gesu-cristo\/","title":{"rendered":"La trasfigurazione di Ges\u00f9 Cristo"},"content":{"rendered":"<h4 style=\"text-align: center;\">Il 6 agosto si celebra la Trasfigurazione di Ges\u00f9, quaranta giorni prima dell&#8217;Esaltazione della Santa Croce, commemorazione della Crocifissione. Che cosa significa Trasfigurazione? Che cosa si festeggia?<\/h4>\n\n<p>Prima di spiegare cosa sia la Trasfigurazione di Ges\u00f9, cerchiamo di comprendere cosa significhi in generale la parola &#8220;trasfigurazione&#8221;. Il vocabolario recita cos\u00ec:<em>\u00a0<\/em><strong><em>trasfigurazi\u00f3ne<\/em><\/strong><em>\u00a0(ant. transfigurazi\u00f3ne) s. f. [dal lat. transfiguratio -onis]. \u2013 L\u2019atto, il fatto di trasfigurare, di trasfigurarsi; mutamento di figura o di aspetto o di espressione.<\/em><\/p>\n<p>Si tratterebbe dunque di una sorta di\u00a0<strong>trasformazione<\/strong>, che muta l&#8217;aspetto di qualcosa, o qualcuno, fino a renderlo diverso da come appariva precedentemente.<\/p>\n<p>Nella fattispecie, la trasfigurazione di Ges\u00f9 festeggiata dalla Chiesa il 6 agosto riguarda una miracolosa trasformazione di Ges\u00f9, davanti agli occhi di tre dei suoi discepoli: Pietro, Giacomo e Giovanni.<\/p>\n<p>Questo episodio viene citato in tre dei quattro cosiddetti <strong><a href=\"https:\/\/www.holyart.it\/it\/articoli-religiosi\/libri-e-testi-sacri\/vangeli\">Vangeli\u00a0sinottici<\/a><\/strong>: Matteo 17,1-8; Marco 9,2-8; Luca 9,28-36. In breve, Ges\u00f9, Pietro, Giacomo e Giovanni si erano appartati dagli altri discepoli ed erano saliti su un&#8217;alta montagna per pregare. All&#8217;improvviso, durante la preghiera, Ges\u00f9 aveva mutato il proprio aspetto. Il suo volto e il suo corpo avevano iniziato a\u00a0<strong>risplendere<\/strong>\u00a0e le sue vesti erano divenute di un\u00a0<strong>bianco abbagliante<\/strong>.<\/p>\n<div class=\"link-product\">\n<div class=\"blocco-immagine\"><img loading=\"lazy\" decoding=\"async\" class=\"alignleft size-medium wp-image-7558\" src=\"https:\/\/blog.holyart.it\/it\/wp-content\/uploads\/sites\/17\/2019\/09\/la-trasfigurazione-di-ges\u00f9-300x300.jpg\" alt=\"la trasfigurazione di ges\u00f9\" width=\"100\" height=\"100\" \/><\/div>\n<div class=\"blocco-contenuto\">\n<div class=\"blocco-acquista\">Acquista su Holyart:<\/div>\n<div class=\"blocco-titolo\"><a href=\"https:\/\/www.holyart.it\/it\/articoli-religiosi\/bassorilievi\/bassorilievi-pietra\/bassorilievo-trasfigurazione-chiaro\">La trasfigurazione di Ges\u00f9<br \/>\nBassorilievo realizzato in pietra<\/a><\/div>\n<\/div>\n<\/div>\n<p>Subito dopo due uomini misteriosi, che si rivelano essere\u00a0<strong>Mos\u00e8 ed Elia<\/strong>, appaiono nello stesso luogo e iniziano a parlare con Ges\u00f9. Pietro si offre di erigere\u00a0<strong>tre capanne<\/strong>\u00a0per Ges\u00f9 e i due Profeti, ma una voce scaturisce da una\u00a0<strong>nube luminosa<\/strong>\u00a0e intima ai discepoli di prestare orecchio a Ges\u00f9, in quanto suo Figlio eletto e amato. I tre discepoli a questo punto vengono colti dallo sgomento, e quando si riprendono i profeti e la nube sono scomparsi, e loro sono rimasti sul monte con Ges\u00f9.<\/p>\n<p>Il racconto della Trasfigurazione di Cristo \u00e8 ricco di\u00a0<strong>suggestioni profetiche e messianiche<\/strong>, che hanno fatto s\u00ec che per molto tempo gli studiosi dibattessero sulla sua effettiva veridicit\u00e0 storica. Infatti si tratta di una delle poche occasioni in cui Ges\u00f9 si manifesta nella sua\u00a0<strong>natura divina<\/strong>, presentandosi ai suoi compagni come Figlio di Dio. C&#8217;erano stati gi\u00e0 dei precedenti, in particolare il\u00a0<strong>Battesimo di Ges\u00f9<\/strong>, quando, dopo che Giovanni Battista lo aveva battezzato, il cielo si era aperto e lo Spirito santo era disceso come una colomba annunciando l&#8217;identit\u00e0 di Cristo: &#8220;<em>E subito, uscendo dall&#8217;acqua, vide squarciarsi i cieli e lo Spirito discendere verso di lui come una colomba. E venne una voce dal cielo: &#8220;Tu sei il Figlio mio, l&#8217;amato: in te ho posto il mio compiacimento<\/em>&#8221; (Marco 1,9-11).<\/p>\n<div class=\"link-product\">\n<div class=\"blocco-immagine\"><img loading=\"lazy\" decoding=\"async\" class=\"alignleft size-medium wp-image-7552\" src=\"https:\/\/blog.holyart.it\/it\/wp-content\/uploads\/sites\/17\/2019\/09\/il-battesimo-di-ges\u00f9-300x300.jpg\" alt=\"il battesimo di ges\u00f9\" width=\"100\" height=\"100\" \/><\/div>\n<div class=\"blocco-contenuto\">\n<div class=\"blocco-acquista\">Acquista su Holyart:<\/div>\n<div class=\"blocco-titolo\"><a href=\"https:\/\/www.holyart.it\/it\/natale\/presepi\/presepe-angela-tripi\/battesimo-di-gesu-scena-angela-tripi-30-cm\">Giovanni Battista mentre battezza Ges\u00f9<br \/>\nStatue di Angela Tripi<\/a><\/div>\n<\/div>\n<\/div>\n<p>Successivamente sar\u00e0 Ges\u00f9 stesso a confermare la propria identit\u00e0 come Figlio di Dio, quando, alla vigilia della Passione, ritiratosi nell&#8217;orto di Getsemani, pregher\u00e0\u00a0<strong>chiamando Dio Padre<\/strong>: &#8220;<em>Padre mio, se questo calice non pu\u00f2 passare da me senza che io lo beva, sia fatta la tua volont\u00e0.<\/em>&#8221; (Matteo 26,41).<\/p>\n<p>Il tema della trasformazione, dello\u00a0<strong>splendore abbagliante<\/strong>\u00a0che investe chi \u00e8 vicino a Dio ricorre in molti altri passi delle Sacre Scritture, in particolare in relazione all&#8217;Apocalisse, quando tutti saranno giudicati e coloro che lo meriteranno verranno salvati.<br \/>\n&#8220;<em>I saggi risplenderanno come lo splendore del firmamento; coloro che avranno indotto molti alla giustizia risplenderanno come le stelle per sempre.<\/em>&#8221; (Daniele 12,3)<br \/>\n&#8220;<em>E noi tutti, a viso scoperto, riflettendo come in uno specchio la gloria del Signore, veniamo trasformati in quella medesima immagine, di gloria in gloria, secondo l\u2019azione dello Spirito del Signore.<\/em>&#8221; (San Paolo in Corinzi 3,18)<br \/>\nNaturalmente lo splendore che scaturisce da Ges\u00f9 \u00e8 anche\u00a0<strong>un&#8217;anticipazione della sua Resurrezione<\/strong>\u00a0e delle gloria celeste, cos\u00ec come il candore della sua veste.<\/p>\n<p>Anche altri elementi del racconto della Trasfigurazione del Signore ci fanno comprendere la sua potenza evocatrice e simbolica.<\/p>\n<p>Mos\u00e8 ed Elia rappresentano la volont\u00e0 di rifarsi alla tradizione ebraica e alle profezie sulla venuta del Messia contenute nell&#8217;Antico Testamento. Sempre legate alla tradizione antica sono le<strong>\u00a0tre capanne<\/strong>\u00a0che Pietro si offre di costruire, che rimandano all&#8217;accampamento degli ebrei presso il monte Sinai, quando Mos\u00e8 ricevette le tavole della legge, e che venivano ricordate dal popolo ebraico con la Festa delle Capanne, e cos\u00ec via.<\/p>\n<p>La\u00a0<strong>nuvola splendente<\/strong>\u00a0da cui emerge la voce di Dio \u00e8 un elemento ricorrente nelle teofanie, ovvero le apparizioni del divino tra gli uomini.<\/p>\n<p>Ci sono differenze sensibili tra i tre Vangeli che raccontano questo episodio, legate alla differente visione teologica dei tre evangelisti. Anche queste differenze\u00a0contribuiscono a enfatizzare la dimensione messianica e simbolica della Trasfigurazione.<\/p>\n<h2>Il monte dove avvenne la trasfigurazione<\/h2>\n<p>Esistono diverse congetture riguardo a quale fosse il\u00a0monte della Trasfigurazione, su cui Ges\u00f9 e i suoi discepoli salirono quel giorno. \u00c8 probabile che si tratti di un\u00a0<strong>monte simbolico<\/strong>, non reale, come altri luoghi analoghi, come quello citato nel\u00a0Discorso della Montagna (Mt 5,1).<\/p>\n<p>Alcune tradizioni lo hanno invece identificato con il\u00a0monte\u00a0<strong>Tabor<\/strong>, un colle tondeggiante e isolato che sorge nella pianura di Esdrelon. Qui i bizantini fecero costruire tre chiese e, successivamente, monaci benedettini e francescani si alternarono, costruendo altri luoghi di culto. Nel\u00a01924 venne inaugurata la\u00a0basilica a tre navate, progettata dall&#8217;architetto Antonio Barluzzi.<\/p>\n<p>Anche il monte<strong>\u00a0Ermon<\/strong>, a nord di Cesarea di Filippo, non lontano dalle\u00a0sorgenti del fiume Giordano, \u00e8 stato considerato da molti un possibile scenario per la Trasfigurazione.<\/p>\n<h2>L&#8217;interpretazione di Sant&#8217;Agostino<\/h2>\n<p>Sant\u2019Agostino fornisce una sua personale a affascinante spiegazione della Trasfigurazione di Ges\u00f9 nel Discorso 78, descrivendo come gli abiti candidi di Ges\u00f9 siano un\u00a0<strong>simbolo della Chiesa<\/strong>\u00a0e il suo splendore un\u00a0<strong>presagio di Salvezza<\/strong>.\u00a0Nella Trasfigurazione Lui si presenta come la\u00a0luce che illumina ogni uomo che viene in questo mondo, risplendendo di un chiarore simile a quello del sole, ma che pu\u00f2 essere percepito con gli occhi dell&#8217;anima e del cuore. I suoi vestiti bianchissimi sono la sua Chiesa, perch\u00e9 chi serve la Chiesa pu\u00f2 vedere mondati tutti i suoi peccati, e apparir\u00e0 sempre abbigliato di uno splendore immacolato.<\/p>\n<div class=\"link-article\">\n<p><img loading=\"lazy\" decoding=\"async\" class=\"alignleft size-medium wp-image-7515\" src=\"https:\/\/blog.holyart.it\/it\/wp-content\/uploads\/sites\/17\/2019\/08\/ges\u00f9-in-croce-300x200.jpg\" alt=\"ges\u00f9 in croce\" width=\"150\" height=\"100\" \/><\/p>\n<div class=\"leggi-anche\">Leggi anche:<\/div>\n<p><strong><a href=\"https:\/\/www.holyart.it\/blog\/articoli-religiosi\/perche-gesu-in-croce-e-un-simbolo-cosi-importante-per-i-cattolici-2\/\">Perch\u00e8 Ges\u00f9 in croce \u00e8 un simbolo cos\u00ec importante per i cattolici?<\/a><\/strong><br \/>\nLa figura di Ges\u00f9 in croce rappresenta per ogni cristiano il simbolo&#8230;<\/p>\n<\/div>\n<p>Agostino parla anche di\u00a0<strong>Pietro<\/strong>, del suo non saper affrontare la visione di Ges\u00f9 trasfigurato se non proponendo di costruire un alloggio per lui e peri due profeti. In realt\u00e0, il desiderio di Pietro di compiacere Ges\u00f9 nasce dal fatto che nemmeno lui vorrebbe andarsene mai via dal monte, dove pu\u00f2 godere dello splendore di Cristo senza doversi preoccupare degli altri. Ma Pietro, limitato dalla sua visione umana, non si rende conto che dove lui vuole costruire tre tende ne basterebbe solo una, perch\u00e9: &#8220;<em>Cristo \u00e8 la Parola di Dio, Parola di Dio nella Legge, Parola di Dio nei Profeti. Perch\u00e9, Pietro, cerchi di dividerlo? \u00c8 necessario piuttosto che tu rimanga unito a lui.<\/em>&#8221; Pietro dovr\u00e0 comprendere che non potr\u00e0 godere della presenza luminosa di Cristo se non dopo la morte, e che per questo dovr\u00e0 dedicare la propria vita alla carit\u00e0 e all\u2019amore, per meritare di poter stare ancora Lui, nella luce.<\/p>\n<p>La voce che esce dalla nube pone Ges\u00f9 in una condizione pi\u00f9 elevata rispetto ai profeti, in quanto essi avevano scritto le leggi e parlato della Sua venuta, ma ora Lui era presente, reale, il Figlio, la sorgente di ogni Salvezza.\u00a0Mos\u00e8 ha parlato con Dio, nel roveto ardente, e da lui ha ricevuto la Legge.\u00a0Elia ha proclamato la venuta del Messia, con un ardore tale da meritare di salire in cielo su un carro di fuoco. Ma Ges\u00f9 \u00e8 la\u00a0<strong>Legge<\/strong>, \u00e8 il\u00a0<strong>Messia<\/strong>, e la sua grandezza e splendore sono irraggiungibili.<\/p>\n<h2>Quando si celebra e perch\u00e9?<\/h2>\n<p>Come abbiamo gi\u00e0 accennato, la scelta di festeggiare la Trasfigurazione il 6 agosto deriva dal fatto che essa avrebbe avuto luogo\u00a0quaranta giorni prima della crocifissione di Ges\u00f9, che veniva celebrata dalla Chiesa d&#8217;Oriente il 14 settembre con l&#8217;<strong>Esaltazione della Santa Croce<\/strong>. In Occidente si cominci\u00f2 a festeggiare la Trasfigurazione a partire dal IX secolo.<\/p>\n<h2>La Trasfigurazione spiegata ai bambini<\/h2>\n<p>Come si pu\u00f2 spiegare un evento importante e dall&#8217;incommensurabile portata simbolica a un bambino? Non \u00e8 facile, ma si pu\u00f2 fare. Volendo adattare il racconto della Trasfigurazione per bambini potremo dire che\u00a0Ges\u00f9, Pietro, Giacomo e Giovanni andarono un giorno in cima a un monte, per pregare insieme. A un certo punto, Ges\u00f9 si illumin\u00f2 tutto, cominci\u00f2\u00a0a risplendere come il sole, i suoi vestiti erano bianchi come la neve. I suoi amici videro il suo viso cambiare e, oltre al volto umano, scorsero il volto divino e seppero di avere davanti il Figlio di Dio.<\/p>\n<p>Non solo. Dopo che Ges\u00f9 ebbe cominciato a brillare come una stella, apparvero sul monte anche Mos\u00e8 e Elia, due personaggi molto importanti per i cristiani, perch\u00e9 Mos\u00e8 fu colui che salv\u00f2 gli ebrei conducendoli fuori dall&#8217;Egitto e ricevette da Dio in persona le tavole con<strong> <a href=\"https:\/\/www.holyart.it\/blog\/articoli-religiosi\/i-dieci-comandamenti\/\">i Dieci Comandamenti<\/a><\/strong>, ed Elia proclam\u00f2 la venuta di Ges\u00f9 con tutta la sua forza. Questi due grandi uomini iniziano a chiacchierare con Ges\u00f9, davanti agli occhi sempre pi\u00f9 increduli dei discepoli.<\/p>\n<div class=\"link-article\">\n<p><img loading=\"lazy\" decoding=\"async\" class=\"alignleft size-medium wp-image-7545\" src=\"https:\/\/blog.holyart.it\/it\/wp-content\/uploads\/sites\/17\/2019\/09\/bibbia-300x200.jpg\" alt=\"i dieci comandamenti\" width=\"150\" height=\"100\" \/><\/p>\n<div class=\"leggi-anche\">Leggi anche:<\/div>\n<p><strong><a href=\"https:\/\/www.holyart.it\/blog\/articoli-religiosi\/i-dieci-comandamenti\/\">I dieci comandamenti<\/a><\/strong><br \/>\nI Dieci Comandamenti, o Decalogo, come vengono in alternativa definiti, sono le regole impresse &#8230;<\/p>\n<\/div>\n<p>E non \u00e8 ancora finita.\u00a0Da una nube splendente in cielo giunse la voce di Dio che disse: \u201c<em>Questi \u00e8 il Figlio mio, l\u2019amato: in lui ho posto il mio compiacimento. Ascoltatelo.<\/em>\u201d<br \/>\nA questo punto\u00a0Pietro, Giacomo e Giovanni furono sopraffatti dall&#8217;emozione e caddero a terra, ma Ges\u00f9 accorse subito a tranquillizzarli, a dire loro che andava tutto bene. Perch\u00e9 erano suoi amici, e lui si prendeva cura di loro, come \u00e8 giusto che sia.<\/p>\n<p>Che cosa vuole dire questo passo del Vangelo? Ci insegna che ciascuno di noi, in ogni momento, pu\u00f2 essere come Ges\u00f9, far vedere la luce che ha dentro, mostrare agli altri quanto ci fa brillare e splendere l&#8217;amore di Dio. Perch\u00e9 anche noi, come Ges\u00f9, siamo figli di Dio, e, se seguiamo il suo esempio, se come lui siamo gentili e premurosi verso i nostri amici, se amiamo con tutti noi stessi i nostri cari e chi ci sta intorno, possiamo trasfigurarci e brillare come stelle! \u00c8 questo il segreto della trasfigurazione, lasciar intravedere agli altri un po&#8217;della luce che brilla dentro di noi.<\/p>\n<h2>Rappresentazioni della trasfigurazione di Ges\u00f9<\/h2>\n<p>La Trasfigurazione ricorre meno rispetto ad altri soggetti sacri nell&#8217;iconografia sacra, ma non ha mancato di ispirare molti grandi artisti. Rappresentazioni di questo evento miracoloso si trovano sia nell&#8217;arte sia orientale, sia in quella occidentale. Molte splendide\u00a0<strong><a href=\"https:\/\/www.holyart.it\/it\/articoli-religiosi\/icone-sacre\">icone bizantine<\/a><\/strong>\u00a0hanno come soggetto la Trasfigurazione, cos\u00ec come meravigliosi<strong>\u00a0mosaici<\/strong>, come quello del Monastero di Santa Caterina sul Sinai, o quello della Cappella Palatina di Palermo, o ancora la Trasfigurazione allegorica nel mosaico dell&#8217;abside di Sant&#8217;Apollinare in Classe a Ravenna.<br \/>\nGrandi pittori italiani come il Beato Angelico, Raffaello, Perugino, Bellini e il Tiziano hanno lasciato\u00a0<strong>affreschi e dipinti<\/strong>\u00a0sulla trasfigurazione di Ges\u00f9.<br \/>\nIn tempi pi\u00f9 recenti l&#8217;artista Marko Ivan Rupnik ha realizzato un imponente mosaico per la chiesa dei Santi Giacomo e Giovanni a Milano.<\/p>\n<div class=\"link-article\">\n<p><img loading=\"lazy\" decoding=\"async\" class=\"size-full wp-image-16014 alignleft\" src=\"https:\/\/blog.holyart.it\/it\/wp-content\/uploads\/sites\/17\/2019\/09\/giubileo-della-misericordia-1.jpg\" alt=\"giubileo della misericordia\" width=\"150\" height=\"99\" data-kale-share-title=\"La trasfigurazione di Ges\u00f9 Cristo\" data-kale-share-url=\"https:\/\/blog.holyart.it\/it\/santi-e-beati\/la-trasfigurazione-gesu-cristo\/\" \/><\/p>\n<div class=\"leggi-anche\">Leggi anche:<\/div>\n<p><strong><a href=\"https:\/\/www.holyart.it\/blog\/articoli-religiosi\/logo-del-giubileo-della-misericordia-cose-lo-disegno\/\">Logo del Giubileo della misericordia: cos\u2019\u00e8 e chi lo disegn\u00f2<\/a><\/strong><br \/>\nIl logo del Giubileo straordinario della misericordia \u00e8 stato ideato e disegnato da un artista e un religioso&#8230;<\/p>\n<\/div>\n","protected":false},"excerpt":{"rendered":"<p>Il 6 agosto si celebra la Trasfigurazione di Ges\u00f9, quaranta giorni prima dell&#8217;Esaltazione della Santa Croce, commemorazione della Crocifissione. Che cosa significa Trasfigurazione? Che cosa si festeggia? Prima di spiegare cosa sia la Trasfigurazione di Ges\u00f9, cerchiamo di comprendere cosa significhi in generale la parola&hellip;<\/p>\n","protected":false},"author":1,"featured_media":17966,"comment_status":"closed","ping_status":"open","sticky":false,"template":"","format":"standard","meta":{"_acf_changed":false,"footnotes":""},"categories":[16,15],"tags":[],"class_list":["post-7541","post","type-post","status-publish","format-standard","has-post-thumbnail","hentry","category-articoli-religiosi","category-santi-e-beati"],"acf":[],"yoast_head":"<!-- This site is optimized with the Yoast SEO plugin v26.6 - https:\/\/yoast.com\/wordpress\/plugins\/seo\/ -->\n<title>La trasfigurazione di Ges\u00f9 Cristo - Holyblog<\/title>\n<meta name=\"description\" content=\"Il 6 agosto si celebra la Trasfigurazione di Ges\u00f9, quaranta giorni prima dell&#039;Esaltazione della Santa Croce, commemorazione della Crocifissione...\" \/>\n<meta name=\"robots\" content=\"index, follow, max-snippet:-1, max-image-preview:large, max-video-preview:-1\" \/>\n<link rel=\"canonical\" href=\"https:\/\/blog.holyart.it\/it\/articoli-religiosi\/la-trasfigurazione-gesu-cristo\/\" \/>\n<meta property=\"og:locale\" content=\"it_IT\" \/>\n<meta property=\"og:type\" content=\"article\" \/>\n<meta property=\"og:title\" content=\"La trasfigurazione di Ges\u00f9 Cristo - Holyblog\" \/>\n<meta property=\"og:description\" content=\"Il 6 agosto si celebra la Trasfigurazione di Ges\u00f9, quaranta giorni prima dell&#039;Esaltazione della Santa Croce, commemorazione della Crocifissione...\" \/>\n<meta property=\"og:url\" content=\"https:\/\/blog.holyart.it\/it\/articoli-religiosi\/la-trasfigurazione-gesu-cristo\/\" \/>\n<meta property=\"og:site_name\" content=\"Holyblog\" \/>\n<meta property=\"article:published_time\" content=\"2019-09-03T10:32:20+00:00\" \/>\n<meta property=\"article:modified_time\" content=\"2025-04-30T08:49:07+00:00\" \/>\n<meta property=\"og:image\" content=\"https:\/\/blog.holyart.it\/it\/wp-content\/uploads\/sites\/17\/2019\/09\/Trasfigurazione-di-Gesu.jpg\" \/>\n\t<meta property=\"og:image:width\" content=\"1000\" \/>\n\t<meta property=\"og:image:height\" content=\"666\" \/>\n\t<meta property=\"og:image:type\" content=\"image\/jpeg\" \/>\n<meta name=\"author\" content=\"Redazione\" \/>\n<meta name=\"twitter:card\" content=\"summary_large_image\" \/>\n<meta name=\"twitter:label1\" content=\"Scritto da\" \/>\n\t<meta name=\"twitter:data1\" content=\"Redazione\" \/>\n\t<meta name=\"twitter:label2\" content=\"Tempo di lettura stimato\" \/>\n\t<meta name=\"twitter:data2\" content=\"12 minuti\" \/>\n<script type=\"application\/ld+json\" class=\"yoast-schema-graph\">{\"@context\":\"https:\/\/schema.org\",\"@graph\":[{\"@type\":\"Article\",\"@id\":\"https:\/\/blog.holyart.it\/it\/articoli-religiosi\/la-trasfigurazione-gesu-cristo\/#article\",\"isPartOf\":{\"@id\":\"https:\/\/blog.holyart.it\/it\/articoli-religiosi\/la-trasfigurazione-gesu-cristo\/\"},\"author\":{\"name\":\"Redazione\",\"@id\":\"https:\/\/blog.holyart.it\/it\/#\/schema\/person\/0a7b686e5af0f856ec1e390dd0baecda\"},\"headline\":\"La trasfigurazione di Ges\u00f9 Cristo\",\"datePublished\":\"2019-09-03T10:32:20+00:00\",\"dateModified\":\"2025-04-30T08:49:07+00:00\",\"mainEntityOfPage\":{\"@id\":\"https:\/\/blog.holyart.it\/it\/articoli-religiosi\/la-trasfigurazione-gesu-cristo\/\"},\"wordCount\":1840,\"publisher\":{\"@id\":\"https:\/\/blog.holyart.it\/it\/#organization\"},\"image\":{\"@id\":\"https:\/\/blog.holyart.it\/it\/articoli-religiosi\/la-trasfigurazione-gesu-cristo\/#primaryimage\"},\"thumbnailUrl\":\"https:\/\/blog.holyart.it\/it\/wp-content\/uploads\/sites\/17\/2019\/09\/Trasfigurazione-di-Gesu.jpg\",\"articleSection\":[\"Religione\",\"Santi e beati\"],\"inLanguage\":\"it-IT\"},{\"@type\":\"WebPage\",\"@id\":\"https:\/\/blog.holyart.it\/it\/articoli-religiosi\/la-trasfigurazione-gesu-cristo\/\",\"url\":\"https:\/\/blog.holyart.it\/it\/articoli-religiosi\/la-trasfigurazione-gesu-cristo\/\",\"name\":\"La trasfigurazione di Ges\u00f9 Cristo - Holyblog\",\"isPartOf\":{\"@id\":\"https:\/\/blog.holyart.it\/it\/#website\"},\"primaryImageOfPage\":{\"@id\":\"https:\/\/blog.holyart.it\/it\/articoli-religiosi\/la-trasfigurazione-gesu-cristo\/#primaryimage\"},\"image\":{\"@id\":\"https:\/\/blog.holyart.it\/it\/articoli-religiosi\/la-trasfigurazione-gesu-cristo\/#primaryimage\"},\"thumbnailUrl\":\"https:\/\/blog.holyart.it\/it\/wp-content\/uploads\/sites\/17\/2019\/09\/Trasfigurazione-di-Gesu.jpg\",\"datePublished\":\"2019-09-03T10:32:20+00:00\",\"dateModified\":\"2025-04-30T08:49:07+00:00\",\"description\":\"Il 6 agosto si celebra la Trasfigurazione di Ges\u00f9, quaranta giorni prima dell'Esaltazione della Santa Croce, commemorazione della Crocifissione...\",\"breadcrumb\":{\"@id\":\"https:\/\/blog.holyart.it\/it\/articoli-religiosi\/la-trasfigurazione-gesu-cristo\/#breadcrumb\"},\"inLanguage\":\"it-IT\",\"potentialAction\":[{\"@type\":\"ReadAction\",\"target\":[\"https:\/\/blog.holyart.it\/it\/articoli-religiosi\/la-trasfigurazione-gesu-cristo\/\"]}]},{\"@type\":\"ImageObject\",\"inLanguage\":\"it-IT\",\"@id\":\"https:\/\/blog.holyart.it\/it\/articoli-religiosi\/la-trasfigurazione-gesu-cristo\/#primaryimage\",\"url\":\"https:\/\/blog.holyart.it\/it\/wp-content\/uploads\/sites\/17\/2019\/09\/Trasfigurazione-di-Gesu.jpg\",\"contentUrl\":\"https:\/\/blog.holyart.it\/it\/wp-content\/uploads\/sites\/17\/2019\/09\/Trasfigurazione-di-Gesu.jpg\",\"width\":1000,\"height\":666,\"caption\":\"Trasfigurazione di Gesu\"},{\"@type\":\"BreadcrumbList\",\"@id\":\"https:\/\/blog.holyart.it\/it\/articoli-religiosi\/la-trasfigurazione-gesu-cristo\/#breadcrumb\",\"itemListElement\":[{\"@type\":\"ListItem\",\"position\":1,\"name\":\"Homepage\",\"item\":\"https:\/\/blog.holyart.it\/it\/\"},{\"@type\":\"ListItem\",\"position\":2,\"name\":\"Religione\",\"item\":\"https:\/\/blog.holyart.it\/it\/articoli-religiosi\/\"},{\"@type\":\"ListItem\",\"position\":3,\"name\":\"La trasfigurazione di Ges\u00f9 Cristo\"}]},{\"@type\":\"WebSite\",\"@id\":\"https:\/\/blog.holyart.it\/it\/#website\",\"url\":\"https:\/\/blog.holyart.it\/it\/\",\"name\":\"Holyblog\",\"description\":\"Il Blog di Holyart.it\",\"publisher\":{\"@id\":\"https:\/\/blog.holyart.it\/it\/#organization\"},\"potentialAction\":[{\"@type\":\"SearchAction\",\"target\":{\"@type\":\"EntryPoint\",\"urlTemplate\":\"https:\/\/blog.holyart.it\/it\/?s={search_term_string}\"},\"query-input\":{\"@type\":\"PropertyValueSpecification\",\"valueRequired\":true,\"valueName\":\"search_term_string\"}}],\"inLanguage\":\"it-IT\"},{\"@type\":\"Organization\",\"@id\":\"https:\/\/blog.holyart.it\/it\/#organization\",\"name\":\"Holyblog\",\"url\":\"https:\/\/blog.holyart.it\/it\/\",\"logo\":{\"@type\":\"ImageObject\",\"inLanguage\":\"it-IT\",\"@id\":\"https:\/\/blog.holyart.it\/it\/#\/schema\/logo\/image\/\",\"url\":\"https:\/\/blog.holyart.it\/it\/wp-content\/uploads\/sites\/17\/2022\/12\/Holyart_Blog_Logo.jpg\",\"contentUrl\":\"https:\/\/blog.holyart.it\/it\/wp-content\/uploads\/sites\/17\/2022\/12\/Holyart_Blog_Logo.jpg\",\"width\":300,\"height\":50,\"caption\":\"Holyblog\"},\"image\":{\"@id\":\"https:\/\/blog.holyart.it\/it\/#\/schema\/logo\/image\/\"}},{\"@type\":\"Person\",\"@id\":\"https:\/\/blog.holyart.it\/it\/#\/schema\/person\/0a7b686e5af0f856ec1e390dd0baecda\",\"name\":\"Redazione\"}]}<\/script>\n<!-- \/ Yoast SEO plugin. -->","yoast_head_json":{"title":"La trasfigurazione di Ges\u00f9 Cristo - Holyblog","description":"Il 6 agosto si celebra la Trasfigurazione di Ges\u00f9, quaranta giorni prima dell'Esaltazione della Santa Croce, commemorazione della Crocifissione...","robots":{"index":"index","follow":"follow","max-snippet":"max-snippet:-1","max-image-preview":"max-image-preview:large","max-video-preview":"max-video-preview:-1"},"canonical":"https:\/\/blog.holyart.it\/it\/articoli-religiosi\/la-trasfigurazione-gesu-cristo\/","og_locale":"it_IT","og_type":"article","og_title":"La trasfigurazione di Ges\u00f9 Cristo - Holyblog","og_description":"Il 6 agosto si celebra la Trasfigurazione di Ges\u00f9, quaranta giorni prima dell'Esaltazione della Santa Croce, commemorazione della Crocifissione...","og_url":"https:\/\/blog.holyart.it\/it\/articoli-religiosi\/la-trasfigurazione-gesu-cristo\/","og_site_name":"Holyblog","article_published_time":"2019-09-03T10:32:20+00:00","article_modified_time":"2025-04-30T08:49:07+00:00","og_image":[{"width":1000,"height":666,"url":"https:\/\/blog.holyart.it\/it\/wp-content\/uploads\/sites\/17\/2019\/09\/Trasfigurazione-di-Gesu.jpg","type":"image\/jpeg"}],"author":"Redazione","twitter_card":"summary_large_image","twitter_misc":{"Scritto da":"Redazione","Tempo di lettura stimato":"12 minuti"},"schema":{"@context":"https:\/\/schema.org","@graph":[{"@type":"Article","@id":"https:\/\/blog.holyart.it\/it\/articoli-religiosi\/la-trasfigurazione-gesu-cristo\/#article","isPartOf":{"@id":"https:\/\/blog.holyart.it\/it\/articoli-religiosi\/la-trasfigurazione-gesu-cristo\/"},"author":{"name":"Redazione","@id":"https:\/\/blog.holyart.it\/it\/#\/schema\/person\/0a7b686e5af0f856ec1e390dd0baecda"},"headline":"La trasfigurazione di Ges\u00f9 Cristo","datePublished":"2019-09-03T10:32:20+00:00","dateModified":"2025-04-30T08:49:07+00:00","mainEntityOfPage":{"@id":"https:\/\/blog.holyart.it\/it\/articoli-religiosi\/la-trasfigurazione-gesu-cristo\/"},"wordCount":1840,"publisher":{"@id":"https:\/\/blog.holyart.it\/it\/#organization"},"image":{"@id":"https:\/\/blog.holyart.it\/it\/articoli-religiosi\/la-trasfigurazione-gesu-cristo\/#primaryimage"},"thumbnailUrl":"https:\/\/blog.holyart.it\/it\/wp-content\/uploads\/sites\/17\/2019\/09\/Trasfigurazione-di-Gesu.jpg","articleSection":["Religione","Santi e beati"],"inLanguage":"it-IT"},{"@type":"WebPage","@id":"https:\/\/blog.holyart.it\/it\/articoli-religiosi\/la-trasfigurazione-gesu-cristo\/","url":"https:\/\/blog.holyart.it\/it\/articoli-religiosi\/la-trasfigurazione-gesu-cristo\/","name":"La trasfigurazione di Ges\u00f9 Cristo - Holyblog","isPartOf":{"@id":"https:\/\/blog.holyart.it\/it\/#website"},"primaryImageOfPage":{"@id":"https:\/\/blog.holyart.it\/it\/articoli-religiosi\/la-trasfigurazione-gesu-cristo\/#primaryimage"},"image":{"@id":"https:\/\/blog.holyart.it\/it\/articoli-religiosi\/la-trasfigurazione-gesu-cristo\/#primaryimage"},"thumbnailUrl":"https:\/\/blog.holyart.it\/it\/wp-content\/uploads\/sites\/17\/2019\/09\/Trasfigurazione-di-Gesu.jpg","datePublished":"2019-09-03T10:32:20+00:00","dateModified":"2025-04-30T08:49:07+00:00","description":"Il 6 agosto si celebra la Trasfigurazione di Ges\u00f9, quaranta giorni prima dell'Esaltazione della Santa Croce, commemorazione della Crocifissione...","breadcrumb":{"@id":"https:\/\/blog.holyart.it\/it\/articoli-religiosi\/la-trasfigurazione-gesu-cristo\/#breadcrumb"},"inLanguage":"it-IT","potentialAction":[{"@type":"ReadAction","target":["https:\/\/blog.holyart.it\/it\/articoli-religiosi\/la-trasfigurazione-gesu-cristo\/"]}]},{"@type":"ImageObject","inLanguage":"it-IT","@id":"https:\/\/blog.holyart.it\/it\/articoli-religiosi\/la-trasfigurazione-gesu-cristo\/#primaryimage","url":"https:\/\/blog.holyart.it\/it\/wp-content\/uploads\/sites\/17\/2019\/09\/Trasfigurazione-di-Gesu.jpg","contentUrl":"https:\/\/blog.holyart.it\/it\/wp-content\/uploads\/sites\/17\/2019\/09\/Trasfigurazione-di-Gesu.jpg","width":1000,"height":666,"caption":"Trasfigurazione di Gesu"},{"@type":"BreadcrumbList","@id":"https:\/\/blog.holyart.it\/it\/articoli-religiosi\/la-trasfigurazione-gesu-cristo\/#breadcrumb","itemListElement":[{"@type":"ListItem","position":1,"name":"Homepage","item":"https:\/\/blog.holyart.it\/it\/"},{"@type":"ListItem","position":2,"name":"Religione","item":"https:\/\/blog.holyart.it\/it\/articoli-religiosi\/"},{"@type":"ListItem","position":3,"name":"La trasfigurazione di Ges\u00f9 Cristo"}]},{"@type":"WebSite","@id":"https:\/\/blog.holyart.it\/it\/#website","url":"https:\/\/blog.holyart.it\/it\/","name":"Holyblog","description":"Il Blog di Holyart.it","publisher":{"@id":"https:\/\/blog.holyart.it\/it\/#organization"},"potentialAction":[{"@type":"SearchAction","target":{"@type":"EntryPoint","urlTemplate":"https:\/\/blog.holyart.it\/it\/?s={search_term_string}"},"query-input":{"@type":"PropertyValueSpecification","valueRequired":true,"valueName":"search_term_string"}}],"inLanguage":"it-IT"},{"@type":"Organization","@id":"https:\/\/blog.holyart.it\/it\/#organization","name":"Holyblog","url":"https:\/\/blog.holyart.it\/it\/","logo":{"@type":"ImageObject","inLanguage":"it-IT","@id":"https:\/\/blog.holyart.it\/it\/#\/schema\/logo\/image\/","url":"https:\/\/blog.holyart.it\/it\/wp-content\/uploads\/sites\/17\/2022\/12\/Holyart_Blog_Logo.jpg","contentUrl":"https:\/\/blog.holyart.it\/it\/wp-content\/uploads\/sites\/17\/2022\/12\/Holyart_Blog_Logo.jpg","width":300,"height":50,"caption":"Holyblog"},"image":{"@id":"https:\/\/blog.holyart.it\/it\/#\/schema\/logo\/image\/"}},{"@type":"Person","@id":"https:\/\/blog.holyart.it\/it\/#\/schema\/person\/0a7b686e5af0f856ec1e390dd0baecda","name":"Redazione"}]}},"_links":{"self":[{"href":"https:\/\/blog.holyart.it\/it\/wp-json\/wp\/v2\/posts\/7541","targetHints":{"allow":["GET"]}}],"collection":[{"href":"https:\/\/blog.holyart.it\/it\/wp-json\/wp\/v2\/posts"}],"about":[{"href":"https:\/\/blog.holyart.it\/it\/wp-json\/wp\/v2\/types\/post"}],"author":[{"embeddable":true,"href":"https:\/\/blog.holyart.it\/it\/wp-json\/wp\/v2\/users\/1"}],"replies":[{"embeddable":true,"href":"https:\/\/blog.holyart.it\/it\/wp-json\/wp\/v2\/comments?post=7541"}],"version-history":[{"count":2,"href":"https:\/\/blog.holyart.it\/it\/wp-json\/wp\/v2\/posts\/7541\/revisions"}],"predecessor-version":[{"id":21847,"href":"https:\/\/blog.holyart.it\/it\/wp-json\/wp\/v2\/posts\/7541\/revisions\/21847"}],"wp:featuredmedia":[{"embeddable":true,"href":"https:\/\/blog.holyart.it\/it\/wp-json\/wp\/v2\/media\/17966"}],"wp:attachment":[{"href":"https:\/\/blog.holyart.it\/it\/wp-json\/wp\/v2\/media?parent=7541"}],"wp:term":[{"taxonomy":"category","embeddable":true,"href":"https:\/\/blog.holyart.it\/it\/wp-json\/wp\/v2\/categories?post=7541"},{"taxonomy":"post_tag","embeddable":true,"href":"https:\/\/blog.holyart.it\/it\/wp-json\/wp\/v2\/tags?post=7541"}],"curies":[{"name":"wp","href":"https:\/\/api.w.org\/{rel}","templated":true}]}}