{"id":734,"date":"2017-07-18T15:25:11","date_gmt":"2017-07-18T13:25:11","guid":{"rendered":"https:\/\/blog.holyart.it\/it\/?p=734"},"modified":"2025-02-04T17:04:44","modified_gmt":"2025-02-04T16:04:44","slug":"lostia-nella-celebrazione-eucaristica","status":"publish","type":"post","link":"https:\/\/blog.holyart.it\/it\/accessori-liturgia\/lostia-nella-celebrazione-eucaristica\/","title":{"rendered":"L&#8217;ostia nella celebrazione eucaristica"},"content":{"rendered":"<p>L&#8217;ostia \u00e8 la cialda di pane azzimo che simboleggia il corpo di Cristo nella celebrazione dell\u2019<strong>Eucarestia<\/strong>, il sacramento istituito da Ges\u00f9 durante <a href=\"https:\/\/www.holyart.it\/blog\/articoli-religiosi\/lultima-cena-leonardo-da-vinci-storia-di-un-capolavoro\/\"><strong>l&#8217;Ultima Cena<\/strong><\/a>.<\/p>\n<p>Di fatto l\u2019ostia non si limita a fare le veci di Ges\u00f9, ma, dopo la consacrazione, diventa a tutti gli effetti il suo corpo offerto in sacrificio. Durante l\u2019Ultima cena Ges\u00f9 offr\u00ec ai suoi discepoli il pane e il vino come suo corpo e suo sangue, invitandoli a fare lo stesso, nei secoli a venire, per rinnovare il suo sacrificio per la salvezza degli uomini.<\/p>\n<p><strong>L\u2019Eucaristia \u00e8 dunque una delle celebrazioni fondamentali della religione cattolica<\/strong>, il momento in cui Ges\u00f9 torna a farsi uomo e a sacrificare se stesso per tutti i suoi figli. Nella Chiesa cattolica e ortodossa la trasformazione del pane nel corpo di Cristo \u00e8 chiamata \u2018transustanziazione\u2019, nelle Chiese cristiane protestanti \u2018consustanziazione\u2019.<\/p>\n<div class=\"link-article\">\n<p><img loading=\"lazy\" decoding=\"async\" class=\"size-full wp-image-12682 alignleft\" src=\"https:\/\/blog.holyart.it\/it\/wp-content\/uploads\/sites\/17\/2017\/07\/Ultima-Cena-1.jpeg\" alt=\"ultima cena\" width=\"150\" height=\"99\" data-kale-share-title=\"L\u2019ostia nella celebrazione eucaristica\" data-kale-share-url=\"https:\/\/blog.holyart.it\/it\/accessori-liturgia\/lostia-nella-celebrazione-eucaristica\/\" \/><\/p>\n<div class=\"leggi-anche\">Leggi anche:<\/div>\n<p><strong><a href=\"https:\/\/www.holyart.it\/blog\/articoli-religiosi\/lultima-cena-leonardo-da-vinci-storia-di-un-capolavoro\/\">L\u2019Ultima Cena Leonardo Da Vinci: storia di un capolavoro<\/a><\/strong><br \/>\nL\u2019Ultima Cena di Leonardo da Vinci, in santa Maria delle Grazie, \u00e8 una delle opere pi\u00f9 famose al mondo, ricca di significati religiosi e artistici.<\/p>\n<\/div>\n<p><strong><a href=\"https:\/\/www.holyart.it\/it\/prodotti-consumabili\/particole-ostie-per-la-messa\">L\u2019ostia nella celebrazione eucaristica<\/a> \u00e8 fatta di frumento, solitamente di forma circolare.<\/strong> Prende il suo nome dalla parola latina \u2018hostia\u2019, che definiva un sacrificio agli dei. \u00c8 fatta con pane azzimo come richiesto nel libro dell&#8217;Esodo.<\/p>\n<p>La <a href=\"https:\/\/www.holyart.it\/blog\/occasioni-speciali\/come-si-calcola-la-pasqua\/\"><strong>pasqua ebraica<\/strong><\/a> prevedeva una cena a base di pane azzimo e erbe amare, per ricordare la liberazione dall&#8217;Egitto.<\/p>\n<p>La <strong><a href=\"https:\/\/www.holyart.it\/it\/occasioni-speciali\/pasqua-e-quaresima\">Pasqua cristiana<\/a><\/strong>, che rivive a ogni celebrazione eucaristica, segna il rinnovarsi della nuova alleanza attraverso il corpo e il sangue di Cristo.<\/p>\n<div class=\"link-article\">\n<p><img loading=\"lazy\" decoding=\"async\" class=\"size-full wp-image-12679 alignleft\" src=\"https:\/\/blog.holyart.it\/it\/wp-content\/uploads\/sites\/17\/2017\/07\/Pasqua-calendario.jpeg\" alt=\"\" width=\"150\" height=\"99\" data-kale-share-title=\"L\u2019ostia nella celebrazione eucaristica\" data-kale-share-url=\"https:\/\/blog.holyart.it\/it\/accessori-liturgia\/lostia-nella-celebrazione-eucaristica\/\" \/><\/p>\n<div class=\"leggi-anche\">Leggi anche:<\/div>\n<p><strong><a href=\"https:\/\/www.holyart.it\/blog\/occasioni-speciali\/come-si-calcola-la-pasqua-cristiana-ebraica-e-ortodossa\/\">Come si calcola la Pasqua: cristiana, ebraica e ortodossa<\/a><\/strong><br \/>\nOgni anno cambia data ma rimane la festa pi\u00f9 importante: in questo articolo scoprirai come si calcola la Pasqua nel mondo ebraico e cristiano.<\/p>\n<\/div>\n<p>Solo nella Chiesa cattolica il pane consacrato diventa Santissima Eucaristia e viene offerto ai fedeli. <a href=\"https:\/\/www.holyart.it\/it\/accessori-per-la-liturgia\/arredi-sacri\/tabernacoli\"><strong>Le ostie avanzate vengono conservate nel tabernacolo<\/strong><\/a> e ad essa pu\u00f2 essere dedicata un\u2019adorazione pari a quella riservata a Ges\u00f9 stesso.<\/p>\n<p>Ogni Eucaristia \u00e8 una promessa d&#8217;immortalit\u00e0 e comunione con il Cristo, che offre se stesso come nutrimento all&#8217;uomo e alla Chiesa.<\/p>\n<p><a href=\"https:\/\/www.holyart.it\/it\/articoli-religiosi\/santini-e-biglietti-augurali\/santini\/santino-san-tommaso-daquino-preghiera-dello-studente-ita-10x5\"><strong>Tommaso di Aquino<\/strong><\/a> scrisse nel De venerabili Sacramento Altaris che in ogni Eucaristia si compivano alcuni miracoli: il pane \u00e8 il vero Corpo di Cristo, uguale a quello nato e al corpo spirituale del Cristo risorto; tutta la sostanza del pane \u00e8 stata trasformata in Cristo, il pane in quanto tale non esiste pi\u00f9; la sostanza del pane viene trasformata nel Corpo di Cristo, ma rimangono gli accidenti, le qualit\u00e0 del pane, che tuttavia non si duplica n\u00e9 diminuisce, rimane unico identico intatto e integro, anche mentre viene mangiato dai fedeli; il pane come Corpo di Cristo \u00e8 presente in uno stesso momento in tutti i luoghi in cui viene celebrata l\u2019Eucarestia.<\/p>\n","protected":false},"excerpt":{"rendered":"<p>L&#8217;ostia \u00e8 la cialda di pane azzimo che simboleggia il corpo di Cristo nella celebrazione dell\u2019Eucarestia, il sacramento istituito da Ges\u00f9 durante l&#8217;Ultima Cena. Di fatto l\u2019ostia non si limita a fare le veci di Ges\u00f9, ma, dopo la consacrazione, diventa a tutti gli effetti&hellip;<\/p>\n","protected":false},"author":1,"featured_media":735,"comment_status":"closed","ping_status":"open","sticky":false,"template":"","format":"standard","meta":{"_acf_changed":false,"footnotes":""},"categories":[14,26],"tags":[],"class_list":["post-734","post","type-post","status-publish","format-standard","has-post-thumbnail","hentry","category-accessori-liturgia","category-pasqua"],"acf":[],"yoast_head":"<!-- This site is optimized with the Yoast SEO plugin v26.6 - https:\/\/yoast.com\/wordpress\/plugins\/seo\/ -->\n<title>L&#039;ostia nella celebrazione eucaristica - Holyblog<\/title>\n<meta name=\"description\" content=\"L&#039;ostia \u00e8 la cialda di pane azzimo che simboleggia il corpo di Cristo nella celebrazione dell\u2019Eucarestia, il sacramento istituito durante l&#039;Ultima Cena.\" \/>\n<meta name=\"robots\" content=\"index, follow, max-snippet:-1, max-image-preview:large, max-video-preview:-1\" \/>\n<link rel=\"canonical\" href=\"https:\/\/blog.holyart.it\/it\/accessori-liturgia\/lostia-nella-celebrazione-eucaristica\/\" \/>\n<meta property=\"og:locale\" content=\"it_IT\" \/>\n<meta property=\"og:type\" content=\"article\" \/>\n<meta property=\"og:title\" content=\"L&#039;ostia nella celebrazione eucaristica - Holyblog\" \/>\n<meta property=\"og:description\" content=\"L&#039;ostia \u00e8 la cialda di pane azzimo che simboleggia il corpo di Cristo nella celebrazione dell\u2019Eucarestia, il sacramento istituito durante l&#039;Ultima Cena.\" \/>\n<meta property=\"og:url\" content=\"https:\/\/blog.holyart.it\/it\/accessori-liturgia\/lostia-nella-celebrazione-eucaristica\/\" \/>\n<meta property=\"og:site_name\" content=\"Holyblog\" \/>\n<meta property=\"article:published_time\" content=\"2017-07-18T13:25:11+00:00\" \/>\n<meta property=\"article:modified_time\" content=\"2025-02-04T16:04:44+00:00\" \/>\n<meta property=\"og:image\" content=\"https:\/\/blog.holyart.it\/it\/wp-content\/uploads\/sites\/17\/2017\/06\/Ostie-e-particole-durante-la-celebrazione-eucaristica.jpg\" \/>\n\t<meta property=\"og:image:width\" content=\"1000\" \/>\n\t<meta property=\"og:image:height\" content=\"667\" \/>\n\t<meta property=\"og:image:type\" content=\"image\/jpeg\" \/>\n<meta name=\"author\" content=\"Redazione\" \/>\n<meta name=\"twitter:card\" content=\"summary_large_image\" \/>\n<meta name=\"twitter:label1\" content=\"Scritto da\" \/>\n\t<meta name=\"twitter:data1\" content=\"Redazione\" \/>\n\t<meta name=\"twitter:label2\" content=\"Tempo di lettura stimato\" \/>\n\t<meta name=\"twitter:data2\" content=\"4 minuti\" \/>\n<script type=\"application\/ld+json\" class=\"yoast-schema-graph\">{\"@context\":\"https:\/\/schema.org\",\"@graph\":[{\"@type\":\"Article\",\"@id\":\"https:\/\/blog.holyart.it\/it\/accessori-liturgia\/lostia-nella-celebrazione-eucaristica\/#article\",\"isPartOf\":{\"@id\":\"https:\/\/blog.holyart.it\/it\/accessori-liturgia\/lostia-nella-celebrazione-eucaristica\/\"},\"author\":{\"name\":\"Redazione\",\"@id\":\"https:\/\/blog.holyart.it\/it\/#\/schema\/person\/0a7b686e5af0f856ec1e390dd0baecda\"},\"headline\":\"L&#8217;ostia nella celebrazione eucaristica\",\"datePublished\":\"2017-07-18T13:25:11+00:00\",\"dateModified\":\"2025-02-04T16:04:44+00:00\",\"mainEntityOfPage\":{\"@id\":\"https:\/\/blog.holyart.it\/it\/accessori-liturgia\/lostia-nella-celebrazione-eucaristica\/\"},\"wordCount\":460,\"publisher\":{\"@id\":\"https:\/\/blog.holyart.it\/it\/#organization\"},\"image\":{\"@id\":\"https:\/\/blog.holyart.it\/it\/accessori-liturgia\/lostia-nella-celebrazione-eucaristica\/#primaryimage\"},\"thumbnailUrl\":\"https:\/\/blog.holyart.it\/it\/wp-content\/uploads\/sites\/17\/2017\/06\/Ostie-e-particole-durante-la-celebrazione-eucaristica.jpg\",\"articleSection\":[\"Liturgia\",\"Pasqua\"],\"inLanguage\":\"it-IT\"},{\"@type\":\"WebPage\",\"@id\":\"https:\/\/blog.holyart.it\/it\/accessori-liturgia\/lostia-nella-celebrazione-eucaristica\/\",\"url\":\"https:\/\/blog.holyart.it\/it\/accessori-liturgia\/lostia-nella-celebrazione-eucaristica\/\",\"name\":\"L'ostia nella celebrazione eucaristica - Holyblog\",\"isPartOf\":{\"@id\":\"https:\/\/blog.holyart.it\/it\/#website\"},\"primaryImageOfPage\":{\"@id\":\"https:\/\/blog.holyart.it\/it\/accessori-liturgia\/lostia-nella-celebrazione-eucaristica\/#primaryimage\"},\"image\":{\"@id\":\"https:\/\/blog.holyart.it\/it\/accessori-liturgia\/lostia-nella-celebrazione-eucaristica\/#primaryimage\"},\"thumbnailUrl\":\"https:\/\/blog.holyart.it\/it\/wp-content\/uploads\/sites\/17\/2017\/06\/Ostie-e-particole-durante-la-celebrazione-eucaristica.jpg\",\"datePublished\":\"2017-07-18T13:25:11+00:00\",\"dateModified\":\"2025-02-04T16:04:44+00:00\",\"description\":\"L'ostia \u00e8 la cialda di pane azzimo che simboleggia il corpo di Cristo nella celebrazione dell\u2019Eucarestia, il sacramento istituito durante l'Ultima Cena.\",\"breadcrumb\":{\"@id\":\"https:\/\/blog.holyart.it\/it\/accessori-liturgia\/lostia-nella-celebrazione-eucaristica\/#breadcrumb\"},\"inLanguage\":\"it-IT\",\"potentialAction\":[{\"@type\":\"ReadAction\",\"target\":[\"https:\/\/blog.holyart.it\/it\/accessori-liturgia\/lostia-nella-celebrazione-eucaristica\/\"]}]},{\"@type\":\"ImageObject\",\"inLanguage\":\"it-IT\",\"@id\":\"https:\/\/blog.holyart.it\/it\/accessori-liturgia\/lostia-nella-celebrazione-eucaristica\/#primaryimage\",\"url\":\"https:\/\/blog.holyart.it\/it\/wp-content\/uploads\/sites\/17\/2017\/06\/Ostie-e-particole-durante-la-celebrazione-eucaristica.jpg\",\"contentUrl\":\"https:\/\/blog.holyart.it\/it\/wp-content\/uploads\/sites\/17\/2017\/06\/Ostie-e-particole-durante-la-celebrazione-eucaristica.jpg\",\"width\":1000,\"height\":667,\"caption\":\"Ostie e particole durante la celebrazione eucaristica\"},{\"@type\":\"BreadcrumbList\",\"@id\":\"https:\/\/blog.holyart.it\/it\/accessori-liturgia\/lostia-nella-celebrazione-eucaristica\/#breadcrumb\",\"itemListElement\":[{\"@type\":\"ListItem\",\"position\":1,\"name\":\"Homepage\",\"item\":\"https:\/\/blog.holyart.it\/it\/\"},{\"@type\":\"ListItem\",\"position\":2,\"name\":\"Liturgia\",\"item\":\"https:\/\/blog.holyart.it\/it\/accessori-liturgia\/\"},{\"@type\":\"ListItem\",\"position\":3,\"name\":\"L&#8217;ostia nella celebrazione eucaristica\"}]},{\"@type\":\"WebSite\",\"@id\":\"https:\/\/blog.holyart.it\/it\/#website\",\"url\":\"https:\/\/blog.holyart.it\/it\/\",\"name\":\"Holyblog\",\"description\":\"Il Blog di Holyart.it\",\"publisher\":{\"@id\":\"https:\/\/blog.holyart.it\/it\/#organization\"},\"potentialAction\":[{\"@type\":\"SearchAction\",\"target\":{\"@type\":\"EntryPoint\",\"urlTemplate\":\"https:\/\/blog.holyart.it\/it\/?s={search_term_string}\"},\"query-input\":{\"@type\":\"PropertyValueSpecification\",\"valueRequired\":true,\"valueName\":\"search_term_string\"}}],\"inLanguage\":\"it-IT\"},{\"@type\":\"Organization\",\"@id\":\"https:\/\/blog.holyart.it\/it\/#organization\",\"name\":\"Holyblog\",\"url\":\"https:\/\/blog.holyart.it\/it\/\",\"logo\":{\"@type\":\"ImageObject\",\"inLanguage\":\"it-IT\",\"@id\":\"https:\/\/blog.holyart.it\/it\/#\/schema\/logo\/image\/\",\"url\":\"https:\/\/blog.holyart.it\/it\/wp-content\/uploads\/sites\/17\/2022\/12\/Holyart_Blog_Logo.jpg\",\"contentUrl\":\"https:\/\/blog.holyart.it\/it\/wp-content\/uploads\/sites\/17\/2022\/12\/Holyart_Blog_Logo.jpg\",\"width\":300,\"height\":50,\"caption\":\"Holyblog\"},\"image\":{\"@id\":\"https:\/\/blog.holyart.it\/it\/#\/schema\/logo\/image\/\"}},{\"@type\":\"Person\",\"@id\":\"https:\/\/blog.holyart.it\/it\/#\/schema\/person\/0a7b686e5af0f856ec1e390dd0baecda\",\"name\":\"Redazione\"}]}<\/script>\n<!-- \/ Yoast SEO plugin. -->","yoast_head_json":{"title":"L'ostia nella celebrazione eucaristica - Holyblog","description":"L'ostia \u00e8 la cialda di pane azzimo che simboleggia il corpo di Cristo nella celebrazione dell\u2019Eucarestia, il sacramento istituito durante l'Ultima Cena.","robots":{"index":"index","follow":"follow","max-snippet":"max-snippet:-1","max-image-preview":"max-image-preview:large","max-video-preview":"max-video-preview:-1"},"canonical":"https:\/\/blog.holyart.it\/it\/accessori-liturgia\/lostia-nella-celebrazione-eucaristica\/","og_locale":"it_IT","og_type":"article","og_title":"L'ostia nella celebrazione eucaristica - Holyblog","og_description":"L'ostia \u00e8 la cialda di pane azzimo che simboleggia il corpo di Cristo nella celebrazione dell\u2019Eucarestia, il sacramento istituito durante l'Ultima Cena.","og_url":"https:\/\/blog.holyart.it\/it\/accessori-liturgia\/lostia-nella-celebrazione-eucaristica\/","og_site_name":"Holyblog","article_published_time":"2017-07-18T13:25:11+00:00","article_modified_time":"2025-02-04T16:04:44+00:00","og_image":[{"width":1000,"height":667,"url":"https:\/\/blog.holyart.it\/it\/wp-content\/uploads\/sites\/17\/2017\/06\/Ostie-e-particole-durante-la-celebrazione-eucaristica.jpg","type":"image\/jpeg"}],"author":"Redazione","twitter_card":"summary_large_image","twitter_misc":{"Scritto da":"Redazione","Tempo di lettura stimato":"4 minuti"},"schema":{"@context":"https:\/\/schema.org","@graph":[{"@type":"Article","@id":"https:\/\/blog.holyart.it\/it\/accessori-liturgia\/lostia-nella-celebrazione-eucaristica\/#article","isPartOf":{"@id":"https:\/\/blog.holyart.it\/it\/accessori-liturgia\/lostia-nella-celebrazione-eucaristica\/"},"author":{"name":"Redazione","@id":"https:\/\/blog.holyart.it\/it\/#\/schema\/person\/0a7b686e5af0f856ec1e390dd0baecda"},"headline":"L&#8217;ostia nella celebrazione eucaristica","datePublished":"2017-07-18T13:25:11+00:00","dateModified":"2025-02-04T16:04:44+00:00","mainEntityOfPage":{"@id":"https:\/\/blog.holyart.it\/it\/accessori-liturgia\/lostia-nella-celebrazione-eucaristica\/"},"wordCount":460,"publisher":{"@id":"https:\/\/blog.holyart.it\/it\/#organization"},"image":{"@id":"https:\/\/blog.holyart.it\/it\/accessori-liturgia\/lostia-nella-celebrazione-eucaristica\/#primaryimage"},"thumbnailUrl":"https:\/\/blog.holyart.it\/it\/wp-content\/uploads\/sites\/17\/2017\/06\/Ostie-e-particole-durante-la-celebrazione-eucaristica.jpg","articleSection":["Liturgia","Pasqua"],"inLanguage":"it-IT"},{"@type":"WebPage","@id":"https:\/\/blog.holyart.it\/it\/accessori-liturgia\/lostia-nella-celebrazione-eucaristica\/","url":"https:\/\/blog.holyart.it\/it\/accessori-liturgia\/lostia-nella-celebrazione-eucaristica\/","name":"L'ostia nella celebrazione eucaristica - Holyblog","isPartOf":{"@id":"https:\/\/blog.holyart.it\/it\/#website"},"primaryImageOfPage":{"@id":"https:\/\/blog.holyart.it\/it\/accessori-liturgia\/lostia-nella-celebrazione-eucaristica\/#primaryimage"},"image":{"@id":"https:\/\/blog.holyart.it\/it\/accessori-liturgia\/lostia-nella-celebrazione-eucaristica\/#primaryimage"},"thumbnailUrl":"https:\/\/blog.holyart.it\/it\/wp-content\/uploads\/sites\/17\/2017\/06\/Ostie-e-particole-durante-la-celebrazione-eucaristica.jpg","datePublished":"2017-07-18T13:25:11+00:00","dateModified":"2025-02-04T16:04:44+00:00","description":"L'ostia \u00e8 la cialda di pane azzimo che simboleggia il corpo di Cristo nella celebrazione dell\u2019Eucarestia, il sacramento istituito durante l'Ultima Cena.","breadcrumb":{"@id":"https:\/\/blog.holyart.it\/it\/accessori-liturgia\/lostia-nella-celebrazione-eucaristica\/#breadcrumb"},"inLanguage":"it-IT","potentialAction":[{"@type":"ReadAction","target":["https:\/\/blog.holyart.it\/it\/accessori-liturgia\/lostia-nella-celebrazione-eucaristica\/"]}]},{"@type":"ImageObject","inLanguage":"it-IT","@id":"https:\/\/blog.holyart.it\/it\/accessori-liturgia\/lostia-nella-celebrazione-eucaristica\/#primaryimage","url":"https:\/\/blog.holyart.it\/it\/wp-content\/uploads\/sites\/17\/2017\/06\/Ostie-e-particole-durante-la-celebrazione-eucaristica.jpg","contentUrl":"https:\/\/blog.holyart.it\/it\/wp-content\/uploads\/sites\/17\/2017\/06\/Ostie-e-particole-durante-la-celebrazione-eucaristica.jpg","width":1000,"height":667,"caption":"Ostie e particole durante la celebrazione eucaristica"},{"@type":"BreadcrumbList","@id":"https:\/\/blog.holyart.it\/it\/accessori-liturgia\/lostia-nella-celebrazione-eucaristica\/#breadcrumb","itemListElement":[{"@type":"ListItem","position":1,"name":"Homepage","item":"https:\/\/blog.holyart.it\/it\/"},{"@type":"ListItem","position":2,"name":"Liturgia","item":"https:\/\/blog.holyart.it\/it\/accessori-liturgia\/"},{"@type":"ListItem","position":3,"name":"L&#8217;ostia nella celebrazione eucaristica"}]},{"@type":"WebSite","@id":"https:\/\/blog.holyart.it\/it\/#website","url":"https:\/\/blog.holyart.it\/it\/","name":"Holyblog","description":"Il Blog di Holyart.it","publisher":{"@id":"https:\/\/blog.holyart.it\/it\/#organization"},"potentialAction":[{"@type":"SearchAction","target":{"@type":"EntryPoint","urlTemplate":"https:\/\/blog.holyart.it\/it\/?s={search_term_string}"},"query-input":{"@type":"PropertyValueSpecification","valueRequired":true,"valueName":"search_term_string"}}],"inLanguage":"it-IT"},{"@type":"Organization","@id":"https:\/\/blog.holyart.it\/it\/#organization","name":"Holyblog","url":"https:\/\/blog.holyart.it\/it\/","logo":{"@type":"ImageObject","inLanguage":"it-IT","@id":"https:\/\/blog.holyart.it\/it\/#\/schema\/logo\/image\/","url":"https:\/\/blog.holyart.it\/it\/wp-content\/uploads\/sites\/17\/2022\/12\/Holyart_Blog_Logo.jpg","contentUrl":"https:\/\/blog.holyart.it\/it\/wp-content\/uploads\/sites\/17\/2022\/12\/Holyart_Blog_Logo.jpg","width":300,"height":50,"caption":"Holyblog"},"image":{"@id":"https:\/\/blog.holyart.it\/it\/#\/schema\/logo\/image\/"}},{"@type":"Person","@id":"https:\/\/blog.holyart.it\/it\/#\/schema\/person\/0a7b686e5af0f856ec1e390dd0baecda","name":"Redazione"}]}},"_links":{"self":[{"href":"https:\/\/blog.holyart.it\/it\/wp-json\/wp\/v2\/posts\/734","targetHints":{"allow":["GET"]}}],"collection":[{"href":"https:\/\/blog.holyart.it\/it\/wp-json\/wp\/v2\/posts"}],"about":[{"href":"https:\/\/blog.holyart.it\/it\/wp-json\/wp\/v2\/types\/post"}],"author":[{"embeddable":true,"href":"https:\/\/blog.holyart.it\/it\/wp-json\/wp\/v2\/users\/1"}],"replies":[{"embeddable":true,"href":"https:\/\/blog.holyart.it\/it\/wp-json\/wp\/v2\/comments?post=734"}],"version-history":[{"count":1,"href":"https:\/\/blog.holyart.it\/it\/wp-json\/wp\/v2\/posts\/734\/revisions"}],"predecessor-version":[{"id":21350,"href":"https:\/\/blog.holyart.it\/it\/wp-json\/wp\/v2\/posts\/734\/revisions\/21350"}],"wp:featuredmedia":[{"embeddable":true,"href":"https:\/\/blog.holyart.it\/it\/wp-json\/wp\/v2\/media\/735"}],"wp:attachment":[{"href":"https:\/\/blog.holyart.it\/it\/wp-json\/wp\/v2\/media?parent=734"}],"wp:term":[{"taxonomy":"category","embeddable":true,"href":"https:\/\/blog.holyart.it\/it\/wp-json\/wp\/v2\/categories?post=734"},{"taxonomy":"post_tag","embeddable":true,"href":"https:\/\/blog.holyart.it\/it\/wp-json\/wp\/v2\/tags?post=734"}],"curies":[{"name":"wp","href":"https:\/\/api.w.org\/{rel}","templated":true}]}}