{"id":731,"date":"2017-07-13T16:22:18","date_gmt":"2017-07-13T14:22:18","guid":{"rendered":"https:\/\/blog.holyart.it\/it\/?p=731"},"modified":"2019-06-20T11:49:34","modified_gmt":"2019-06-20T09:49:34","slug":"rito-funebre-dalla-grecia-classica-ai-giorni-nostri","status":"publish","type":"post","link":"https:\/\/blog.holyart.it\/it\/articoli-religiosi\/rito-funebre-dalla-grecia-classica-ai-giorni-nostri\/","title":{"rendered":"Il rito funebre dalla Grecia classica ai giorni nostri"},"content":{"rendered":"<p>La morte di una persona ha sempre rappresentato un momento molto significativo nel tessuto di qualsiasi comunit\u00e0 umana, fin dalle origini della civilt\u00e0. Per questo esistono da sempre riti funebri per celebrare questo passaggio. Questi riti cambiano a seconda dell&#8217;epoca, della localizzazione geografica, dei costumi civili e religiosi della comunit\u00e0 in cui vengono celebrati<\/p>\n<p>In generale, nel mondo occidentale <strong>la morte \u00e8 considerata un evento negativo<\/strong>, che reca danno al defunto e a chi gli sta vicino. Solo in parte la consapevolezza che nella morte avvenga un avvicinamento alla divinit\u00e0 o comunque il passaggio in un mondo ultraterreno funge da consolazione.<\/p>\n<p>Il funerale \u00e8 il rito religioso che noi conosciamo. Deriva il proprio nome dal latino &#8216;funus&#8217;, termine che richiama l&#8217;atto di calare il corpo nella fossa con delle funi. Ad esso prendono parte famigliari e amici, alla presenza di un sacerdote che guida la celebrazione.<\/p>\n<p>Gli uomini preistorici avevano gi\u00e0, probabilmente, un loro modo seppur rudimentale, per celebrare la morte di un congiunto, ma \u00e8 nelle grandi civilt\u00e0 del passato che iniziamo a individuare riti funebri che, per certi aspetti, possono avvicinarsi ai nostri.<\/p>\n<p>Tralasciando la civilt\u00e0 egizia, profondamente improntata sull&#8217;idea della morte e materialit\u00e0 della vita terrena, sulla necessit\u00e0 che il corpo, per poter rinascere dovesse rimanere integro, esaminiamo per esempio i funerali nell&#8217;antica Grecia, pi\u00f9 vicini alla nostra mentalit\u00e0 e tradizione. <strong>Nel mondo greco si dava molta importanza al rito funebre<\/strong>, come atto propiziatorio per accompagnare il viaggio del defunto nell&#8217;aldil\u00e0. Era compito di amici e parenti far s\u00ec che il defunto ricevesse i giusti riti, perch\u00e9 se ci\u00f2 non fosse accaduto il suo spirito sarebbe stato condannato a vagare per l&#8217;eternit\u00e0. Cadere in battaglia senza sepoltura o comunque non poter ricevere tali riti era considerato per i greci il peggiore dei destini.<\/p>\n<p>La salma veniva lavata e rivestita da un sudario, poi esposta perch\u00e9 amici e conoscenti potessero porgerle l&#8217;estremo saluto. La veglia e il corteo funebre erano accompagnate da canti, orazioni e sacrifici. Il corpo infine veniva sepolto in una bara di legno o terracotta, o cremato, e le ceneri raccolte in un&#8217;urna funeraria.<\/p>\n<p>Anche nell&#8217;antica Roma esistevano gi\u00e0 imprese di pompe funebri, professionisti chiamati per far s\u00ec che i riti funebri si svolgessero nel migliore dei modi.<\/p>\n<p>Anche in questo caso un corteo accompagnato da mimi, danzatori, musici, e lamentatrici professioniste seguiva il corteo funebre. Successivamente veniva data una festa a cui prendevano parte amici e parenti. La cremazione era la scelta pi\u00f9 diffusa. Le ceneri venivano raccolte in un&#8217;<span style=\"color: #0000ff;\"><a style=\"color: #0000ff;\" href=\"https:\/\/www.holyart.it\/it\/articoli-religiosi\/articoli-funerari\"><strong>urna funeraria<\/strong><\/a><\/span> e poste in una tomba collettiva.<\/p>\n<p>Questi rituali sono per molti aspetti paragonabili a quelli che si consumano ogni giorno nelle nostre citt\u00e0, nelle nostre case. Oggi pi\u00f9 che mai i riti funebri dipendono nel loro svolgimento dalla cultura, dalla religione e dalle scelte personali del defunto e dei suoi congiunti.<\/p>\n","protected":false},"excerpt":{"rendered":"<p>La morte di una persona ha sempre rappresentato un momento molto significativo nel tessuto di qualsiasi comunit\u00e0 umana, fin dalle origini della civilt\u00e0. Per questo esistono da sempre riti funebri per celebrare questo passaggio. Questi riti cambiano a seconda dell&#8217;epoca, della localizzazione geografica, dei costumi&hellip;<\/p>\n","protected":false},"author":1,"featured_media":732,"comment_status":"closed","ping_status":"open","sticky":false,"template":"","format":"standard","meta":{"_acf_changed":false,"footnotes":""},"categories":[16],"tags":[],"class_list":["post-731","post","type-post","status-publish","format-standard","has-post-thumbnail","hentry","category-articoli-religiosi"],"acf":[],"yoast_head":"<!-- This site is optimized with the Yoast SEO plugin v26.6 - https:\/\/yoast.com\/wordpress\/plugins\/seo\/ -->\n<title>Il rito funebre dalla Grecia classica ai giorni nostri - Holyblog<\/title>\n<meta name=\"description\" content=\"La morte di una persona ha sempre rappresentato un momento molto significativo nel tessuto di qualsiasi comunit\u00e0 umana, fin dalle origini della civilt\u00e0.\" \/>\n<meta name=\"robots\" content=\"index, follow, max-snippet:-1, max-image-preview:large, max-video-preview:-1\" \/>\n<link rel=\"canonical\" href=\"https:\/\/blog.holyart.it\/it\/articoli-religiosi\/rito-funebre-dalla-grecia-classica-ai-giorni-nostri\/\" \/>\n<meta property=\"og:locale\" content=\"it_IT\" \/>\n<meta property=\"og:type\" content=\"article\" \/>\n<meta property=\"og:title\" content=\"Il rito funebre dalla Grecia classica ai giorni nostri - Holyblog\" \/>\n<meta property=\"og:description\" content=\"La morte di una persona ha sempre rappresentato un momento molto significativo nel tessuto di qualsiasi comunit\u00e0 umana, fin dalle origini della civilt\u00e0.\" \/>\n<meta property=\"og:url\" content=\"https:\/\/blog.holyart.it\/it\/articoli-religiosi\/rito-funebre-dalla-grecia-classica-ai-giorni-nostri\/\" \/>\n<meta property=\"og:site_name\" content=\"Holyblog\" \/>\n<meta property=\"article:published_time\" content=\"2017-07-13T14:22:18+00:00\" \/>\n<meta property=\"article:modified_time\" content=\"2019-06-20T09:49:34+00:00\" \/>\n<meta property=\"og:image\" content=\"https:\/\/blog.holyart.it\/it\/wp-content\/uploads\/sites\/17\/2017\/06\/Rito-funembre-Giovanni-Paolo-II.jpeg\" \/>\n\t<meta property=\"og:image:width\" content=\"1000\" \/>\n\t<meta property=\"og:image:height\" content=\"666\" \/>\n\t<meta property=\"og:image:type\" content=\"image\/jpeg\" \/>\n<meta name=\"author\" content=\"Redazione\" \/>\n<meta name=\"twitter:card\" content=\"summary_large_image\" \/>\n<meta name=\"twitter:label1\" content=\"Scritto da\" \/>\n\t<meta name=\"twitter:data1\" content=\"Redazione\" \/>\n\t<meta name=\"twitter:label2\" content=\"Tempo di lettura stimato\" \/>\n\t<meta name=\"twitter:data2\" content=\"2 minuti\" \/>\n<script type=\"application\/ld+json\" class=\"yoast-schema-graph\">{\"@context\":\"https:\/\/schema.org\",\"@graph\":[{\"@type\":\"Article\",\"@id\":\"https:\/\/blog.holyart.it\/it\/articoli-religiosi\/rito-funebre-dalla-grecia-classica-ai-giorni-nostri\/#article\",\"isPartOf\":{\"@id\":\"https:\/\/blog.holyart.it\/it\/articoli-religiosi\/rito-funebre-dalla-grecia-classica-ai-giorni-nostri\/\"},\"author\":{\"name\":\"Redazione\",\"@id\":\"https:\/\/blog.holyart.it\/it\/#\/schema\/person\/0a7b686e5af0f856ec1e390dd0baecda\"},\"headline\":\"Il rito funebre dalla Grecia classica ai giorni nostri\",\"datePublished\":\"2017-07-13T14:22:18+00:00\",\"dateModified\":\"2019-06-20T09:49:34+00:00\",\"mainEntityOfPage\":{\"@id\":\"https:\/\/blog.holyart.it\/it\/articoli-religiosi\/rito-funebre-dalla-grecia-classica-ai-giorni-nostri\/\"},\"wordCount\":475,\"publisher\":{\"@id\":\"https:\/\/blog.holyart.it\/it\/#organization\"},\"image\":{\"@id\":\"https:\/\/blog.holyart.it\/it\/articoli-religiosi\/rito-funebre-dalla-grecia-classica-ai-giorni-nostri\/#primaryimage\"},\"thumbnailUrl\":\"https:\/\/blog.holyart.it\/it\/wp-content\/uploads\/sites\/17\/2017\/06\/Rito-funembre-Giovanni-Paolo-II.jpeg\",\"articleSection\":[\"Religione\"],\"inLanguage\":\"it-IT\"},{\"@type\":\"WebPage\",\"@id\":\"https:\/\/blog.holyart.it\/it\/articoli-religiosi\/rito-funebre-dalla-grecia-classica-ai-giorni-nostri\/\",\"url\":\"https:\/\/blog.holyart.it\/it\/articoli-religiosi\/rito-funebre-dalla-grecia-classica-ai-giorni-nostri\/\",\"name\":\"Il rito funebre dalla Grecia classica ai giorni nostri - Holyblog\",\"isPartOf\":{\"@id\":\"https:\/\/blog.holyart.it\/it\/#website\"},\"primaryImageOfPage\":{\"@id\":\"https:\/\/blog.holyart.it\/it\/articoli-religiosi\/rito-funebre-dalla-grecia-classica-ai-giorni-nostri\/#primaryimage\"},\"image\":{\"@id\":\"https:\/\/blog.holyart.it\/it\/articoli-religiosi\/rito-funebre-dalla-grecia-classica-ai-giorni-nostri\/#primaryimage\"},\"thumbnailUrl\":\"https:\/\/blog.holyart.it\/it\/wp-content\/uploads\/sites\/17\/2017\/06\/Rito-funembre-Giovanni-Paolo-II.jpeg\",\"datePublished\":\"2017-07-13T14:22:18+00:00\",\"dateModified\":\"2019-06-20T09:49:34+00:00\",\"description\":\"La morte di una persona ha sempre rappresentato un momento molto significativo nel tessuto di qualsiasi comunit\u00e0 umana, fin dalle origini della civilt\u00e0.\",\"breadcrumb\":{\"@id\":\"https:\/\/blog.holyart.it\/it\/articoli-religiosi\/rito-funebre-dalla-grecia-classica-ai-giorni-nostri\/#breadcrumb\"},\"inLanguage\":\"it-IT\",\"potentialAction\":[{\"@type\":\"ReadAction\",\"target\":[\"https:\/\/blog.holyart.it\/it\/articoli-religiosi\/rito-funebre-dalla-grecia-classica-ai-giorni-nostri\/\"]}]},{\"@type\":\"ImageObject\",\"inLanguage\":\"it-IT\",\"@id\":\"https:\/\/blog.holyart.it\/it\/articoli-religiosi\/rito-funebre-dalla-grecia-classica-ai-giorni-nostri\/#primaryimage\",\"url\":\"https:\/\/blog.holyart.it\/it\/wp-content\/uploads\/sites\/17\/2017\/06\/Rito-funembre-Giovanni-Paolo-II.jpeg\",\"contentUrl\":\"https:\/\/blog.holyart.it\/it\/wp-content\/uploads\/sites\/17\/2017\/06\/Rito-funembre-Giovanni-Paolo-II.jpeg\",\"width\":1000,\"height\":666,\"caption\":\"Rito funembre Giovanni Paolo II\"},{\"@type\":\"BreadcrumbList\",\"@id\":\"https:\/\/blog.holyart.it\/it\/articoli-religiosi\/rito-funebre-dalla-grecia-classica-ai-giorni-nostri\/#breadcrumb\",\"itemListElement\":[{\"@type\":\"ListItem\",\"position\":1,\"name\":\"Homepage\",\"item\":\"https:\/\/blog.holyart.it\/it\/\"},{\"@type\":\"ListItem\",\"position\":2,\"name\":\"Religione\",\"item\":\"https:\/\/blog.holyart.it\/it\/articoli-religiosi\/\"},{\"@type\":\"ListItem\",\"position\":3,\"name\":\"Il rito funebre dalla Grecia classica ai giorni nostri\"}]},{\"@type\":\"WebSite\",\"@id\":\"https:\/\/blog.holyart.it\/it\/#website\",\"url\":\"https:\/\/blog.holyart.it\/it\/\",\"name\":\"Holyblog\",\"description\":\"Il Blog di Holyart.it\",\"publisher\":{\"@id\":\"https:\/\/blog.holyart.it\/it\/#organization\"},\"potentialAction\":[{\"@type\":\"SearchAction\",\"target\":{\"@type\":\"EntryPoint\",\"urlTemplate\":\"https:\/\/blog.holyart.it\/it\/?s={search_term_string}\"},\"query-input\":{\"@type\":\"PropertyValueSpecification\",\"valueRequired\":true,\"valueName\":\"search_term_string\"}}],\"inLanguage\":\"it-IT\"},{\"@type\":\"Organization\",\"@id\":\"https:\/\/blog.holyart.it\/it\/#organization\",\"name\":\"Holyblog\",\"url\":\"https:\/\/blog.holyart.it\/it\/\",\"logo\":{\"@type\":\"ImageObject\",\"inLanguage\":\"it-IT\",\"@id\":\"https:\/\/blog.holyart.it\/it\/#\/schema\/logo\/image\/\",\"url\":\"https:\/\/blog.holyart.it\/it\/wp-content\/uploads\/sites\/17\/2022\/12\/Holyart_Blog_Logo.jpg\",\"contentUrl\":\"https:\/\/blog.holyart.it\/it\/wp-content\/uploads\/sites\/17\/2022\/12\/Holyart_Blog_Logo.jpg\",\"width\":300,\"height\":50,\"caption\":\"Holyblog\"},\"image\":{\"@id\":\"https:\/\/blog.holyart.it\/it\/#\/schema\/logo\/image\/\"}},{\"@type\":\"Person\",\"@id\":\"https:\/\/blog.holyart.it\/it\/#\/schema\/person\/0a7b686e5af0f856ec1e390dd0baecda\",\"name\":\"Redazione\"}]}<\/script>\n<!-- \/ Yoast SEO plugin. -->","yoast_head_json":{"title":"Il rito funebre dalla Grecia classica ai giorni nostri - Holyblog","description":"La morte di una persona ha sempre rappresentato un momento molto significativo nel tessuto di qualsiasi comunit\u00e0 umana, fin dalle origini della civilt\u00e0.","robots":{"index":"index","follow":"follow","max-snippet":"max-snippet:-1","max-image-preview":"max-image-preview:large","max-video-preview":"max-video-preview:-1"},"canonical":"https:\/\/blog.holyart.it\/it\/articoli-religiosi\/rito-funebre-dalla-grecia-classica-ai-giorni-nostri\/","og_locale":"it_IT","og_type":"article","og_title":"Il rito funebre dalla Grecia classica ai giorni nostri - Holyblog","og_description":"La morte di una persona ha sempre rappresentato un momento molto significativo nel tessuto di qualsiasi comunit\u00e0 umana, fin dalle origini della civilt\u00e0.","og_url":"https:\/\/blog.holyart.it\/it\/articoli-religiosi\/rito-funebre-dalla-grecia-classica-ai-giorni-nostri\/","og_site_name":"Holyblog","article_published_time":"2017-07-13T14:22:18+00:00","article_modified_time":"2019-06-20T09:49:34+00:00","og_image":[{"width":1000,"height":666,"url":"https:\/\/blog.holyart.it\/it\/wp-content\/uploads\/sites\/17\/2017\/06\/Rito-funembre-Giovanni-Paolo-II.jpeg","type":"image\/jpeg"}],"author":"Redazione","twitter_card":"summary_large_image","twitter_misc":{"Scritto da":"Redazione","Tempo di lettura stimato":"2 minuti"},"schema":{"@context":"https:\/\/schema.org","@graph":[{"@type":"Article","@id":"https:\/\/blog.holyart.it\/it\/articoli-religiosi\/rito-funebre-dalla-grecia-classica-ai-giorni-nostri\/#article","isPartOf":{"@id":"https:\/\/blog.holyart.it\/it\/articoli-religiosi\/rito-funebre-dalla-grecia-classica-ai-giorni-nostri\/"},"author":{"name":"Redazione","@id":"https:\/\/blog.holyart.it\/it\/#\/schema\/person\/0a7b686e5af0f856ec1e390dd0baecda"},"headline":"Il rito funebre dalla Grecia classica ai giorni nostri","datePublished":"2017-07-13T14:22:18+00:00","dateModified":"2019-06-20T09:49:34+00:00","mainEntityOfPage":{"@id":"https:\/\/blog.holyart.it\/it\/articoli-religiosi\/rito-funebre-dalla-grecia-classica-ai-giorni-nostri\/"},"wordCount":475,"publisher":{"@id":"https:\/\/blog.holyart.it\/it\/#organization"},"image":{"@id":"https:\/\/blog.holyart.it\/it\/articoli-religiosi\/rito-funebre-dalla-grecia-classica-ai-giorni-nostri\/#primaryimage"},"thumbnailUrl":"https:\/\/blog.holyart.it\/it\/wp-content\/uploads\/sites\/17\/2017\/06\/Rito-funembre-Giovanni-Paolo-II.jpeg","articleSection":["Religione"],"inLanguage":"it-IT"},{"@type":"WebPage","@id":"https:\/\/blog.holyart.it\/it\/articoli-religiosi\/rito-funebre-dalla-grecia-classica-ai-giorni-nostri\/","url":"https:\/\/blog.holyart.it\/it\/articoli-religiosi\/rito-funebre-dalla-grecia-classica-ai-giorni-nostri\/","name":"Il rito funebre dalla Grecia classica ai giorni nostri - Holyblog","isPartOf":{"@id":"https:\/\/blog.holyart.it\/it\/#website"},"primaryImageOfPage":{"@id":"https:\/\/blog.holyart.it\/it\/articoli-religiosi\/rito-funebre-dalla-grecia-classica-ai-giorni-nostri\/#primaryimage"},"image":{"@id":"https:\/\/blog.holyart.it\/it\/articoli-religiosi\/rito-funebre-dalla-grecia-classica-ai-giorni-nostri\/#primaryimage"},"thumbnailUrl":"https:\/\/blog.holyart.it\/it\/wp-content\/uploads\/sites\/17\/2017\/06\/Rito-funembre-Giovanni-Paolo-II.jpeg","datePublished":"2017-07-13T14:22:18+00:00","dateModified":"2019-06-20T09:49:34+00:00","description":"La morte di una persona ha sempre rappresentato un momento molto significativo nel tessuto di qualsiasi comunit\u00e0 umana, fin dalle origini della civilt\u00e0.","breadcrumb":{"@id":"https:\/\/blog.holyart.it\/it\/articoli-religiosi\/rito-funebre-dalla-grecia-classica-ai-giorni-nostri\/#breadcrumb"},"inLanguage":"it-IT","potentialAction":[{"@type":"ReadAction","target":["https:\/\/blog.holyart.it\/it\/articoli-religiosi\/rito-funebre-dalla-grecia-classica-ai-giorni-nostri\/"]}]},{"@type":"ImageObject","inLanguage":"it-IT","@id":"https:\/\/blog.holyart.it\/it\/articoli-religiosi\/rito-funebre-dalla-grecia-classica-ai-giorni-nostri\/#primaryimage","url":"https:\/\/blog.holyart.it\/it\/wp-content\/uploads\/sites\/17\/2017\/06\/Rito-funembre-Giovanni-Paolo-II.jpeg","contentUrl":"https:\/\/blog.holyart.it\/it\/wp-content\/uploads\/sites\/17\/2017\/06\/Rito-funembre-Giovanni-Paolo-II.jpeg","width":1000,"height":666,"caption":"Rito funembre Giovanni Paolo II"},{"@type":"BreadcrumbList","@id":"https:\/\/blog.holyart.it\/it\/articoli-religiosi\/rito-funebre-dalla-grecia-classica-ai-giorni-nostri\/#breadcrumb","itemListElement":[{"@type":"ListItem","position":1,"name":"Homepage","item":"https:\/\/blog.holyart.it\/it\/"},{"@type":"ListItem","position":2,"name":"Religione","item":"https:\/\/blog.holyart.it\/it\/articoli-religiosi\/"},{"@type":"ListItem","position":3,"name":"Il rito funebre dalla Grecia classica ai giorni nostri"}]},{"@type":"WebSite","@id":"https:\/\/blog.holyart.it\/it\/#website","url":"https:\/\/blog.holyart.it\/it\/","name":"Holyblog","description":"Il Blog di Holyart.it","publisher":{"@id":"https:\/\/blog.holyart.it\/it\/#organization"},"potentialAction":[{"@type":"SearchAction","target":{"@type":"EntryPoint","urlTemplate":"https:\/\/blog.holyart.it\/it\/?s={search_term_string}"},"query-input":{"@type":"PropertyValueSpecification","valueRequired":true,"valueName":"search_term_string"}}],"inLanguage":"it-IT"},{"@type":"Organization","@id":"https:\/\/blog.holyart.it\/it\/#organization","name":"Holyblog","url":"https:\/\/blog.holyart.it\/it\/","logo":{"@type":"ImageObject","inLanguage":"it-IT","@id":"https:\/\/blog.holyart.it\/it\/#\/schema\/logo\/image\/","url":"https:\/\/blog.holyart.it\/it\/wp-content\/uploads\/sites\/17\/2022\/12\/Holyart_Blog_Logo.jpg","contentUrl":"https:\/\/blog.holyart.it\/it\/wp-content\/uploads\/sites\/17\/2022\/12\/Holyart_Blog_Logo.jpg","width":300,"height":50,"caption":"Holyblog"},"image":{"@id":"https:\/\/blog.holyart.it\/it\/#\/schema\/logo\/image\/"}},{"@type":"Person","@id":"https:\/\/blog.holyart.it\/it\/#\/schema\/person\/0a7b686e5af0f856ec1e390dd0baecda","name":"Redazione"}]}},"_links":{"self":[{"href":"https:\/\/blog.holyart.it\/it\/wp-json\/wp\/v2\/posts\/731","targetHints":{"allow":["GET"]}}],"collection":[{"href":"https:\/\/blog.holyart.it\/it\/wp-json\/wp\/v2\/posts"}],"about":[{"href":"https:\/\/blog.holyart.it\/it\/wp-json\/wp\/v2\/types\/post"}],"author":[{"embeddable":true,"href":"https:\/\/blog.holyart.it\/it\/wp-json\/wp\/v2\/users\/1"}],"replies":[{"embeddable":true,"href":"https:\/\/blog.holyart.it\/it\/wp-json\/wp\/v2\/comments?post=731"}],"version-history":[{"count":0,"href":"https:\/\/blog.holyart.it\/it\/wp-json\/wp\/v2\/posts\/731\/revisions"}],"wp:featuredmedia":[{"embeddable":true,"href":"https:\/\/blog.holyart.it\/it\/wp-json\/wp\/v2\/media\/732"}],"wp:attachment":[{"href":"https:\/\/blog.holyart.it\/it\/wp-json\/wp\/v2\/media?parent=731"}],"wp:term":[{"taxonomy":"category","embeddable":true,"href":"https:\/\/blog.holyart.it\/it\/wp-json\/wp\/v2\/categories?post=731"},{"taxonomy":"post_tag","embeddable":true,"href":"https:\/\/blog.holyart.it\/it\/wp-json\/wp\/v2\/tags?post=731"}],"curies":[{"name":"wp","href":"https:\/\/api.w.org\/{rel}","templated":true}]}}