{"id":7242,"date":"2019-08-08T11:26:13","date_gmt":"2019-08-08T09:26:13","guid":{"rendered":"https:\/\/blog.holyart.it\/it\/?p=7242"},"modified":"2025-04-17T17:26:31","modified_gmt":"2025-04-17T15:26:31","slug":"la-storia-adamo-ed-eva","status":"publish","type":"post","link":"https:\/\/blog.holyart.it\/it\/articoli-religiosi\/la-storia-adamo-ed-eva\/","title":{"rendered":"La storia di Adamo ed Eva"},"content":{"rendered":"<h4 style=\"text-align: center;\">Chi non conosce la storia di Adamo ed Eva, il primo uomo e la prima donna? Ma siamo poi cos\u00ec sicuri di conoscerla davvero?\u00a0Ricordiamo insieme la storia di tutte le storie.<\/h4>\n\n<p>Eva e Adamo sono considerati dai cattolici i\u00a0<strong>progenitori di tutto il genere umano<\/strong>. La loro storia ci viene raccontata fin da quando siamo bambini, ed \u00e8 bella e terribile, perch\u00e9 racconta dell&#8217;immenso amore di Dio, che scelse di creare queste due creature speciali per far loro dono del mondo meraviglioso appena scaturito dalle sue mani, ma racconta anche del\u00a0<strong>peccato originale<\/strong>\u00a0e di come il primo uomo e la prima donna delusero il loro Padre, meritando di essere cacciati dal suo\u00a0<strong>Paradiso<\/strong>.<\/p>\n<p>Ma\u00a0la storia di Adamo ed Eva nasconde in s\u00e9 significati molto pi\u00f9 profondi, che meritano sicuramente un esame pi\u00f9 accurato. Ci basti pensare al fatto che accettare la loro esistenza significa riconoscere che\u00a0<strong>tutta l&#8217;umanit\u00e0 discende dalla stessa coppia<\/strong>, e dunque che siamo tutti un&#8217;unica grande famiglia. Un concetto non indifferente, soprattutto in tempi in cui l&#8217;amore, la fratellanza e la misericordia vengono messi costantemente in discussione.<\/p>\n<p>Vale dunque la pena soffermarci un momento su questa storia antica e affascinante, sui significati che nasconde, e che sono alla base della dottrina cattolica fin dalle sue origini. Concetti come\u00a0il\u00a0<strong>peccato originale<\/strong>\u00a0e la\u00a0<strong>mela del peccato<\/strong>\u00a0hanno condizionato e regolato la vita di\u00a0innumerevoli uomini e donne nel corso dei millenni, e ancora oggi noi viviamo il retaggio di quella colpa, di quel marchio d&#8217;infamia che ha segnato l&#8217;umanit\u00e0 tutta, e che solo il\u00a0<strong>sacrificio di Ges\u00f9<\/strong>\u00a0ha potuto rimettere in discussione.<\/p>\n<h2>La creazione di Adamo ed Eva<\/h2>\n<p><strong><a href=\"https:\/\/www.holyart.it\/it\/articoli-religiosi\/libri-e-testi-sacri\/bibbie\">La\u00a0vera storia di Adamo ed Eva\u00a0\u00e8 raccontata nella Bibbia<\/a><\/strong>, e pi\u00f9 precisamente nel libro della\u00a0<strong><a href=\"https:\/\/www.holyart.it\/it\/articoli-religiosi\/libri-e-testi-sacri\/calendari-e-altri-libri-religiosi\/libro-della-genesi-1-e-2-cd-conferenze\">Genesi<\/a><\/strong>.<\/p>\n<div class=\"link-product\">\n<div class=\"blocco-immagine\"><img loading=\"lazy\" decoding=\"async\" class=\"size-medium wp-image-7251\" src=\"https:\/\/blog.holyart.it\/it\/wp-content\/uploads\/sites\/17\/2019\/08\/la-creazione-di-adamo-300x300.jpg\" alt=\"la creazione di adamo\" width=\"100\" height=\"100\" \/><\/div>\n<div class=\"blocco-contenuto\">\n<div class=\"blocco-acquista\">Acquista su Holyart:<\/div>\n<div class=\"blocco-titolo\"><a href=\"https:\/\/www.holyart.it\/it\/articoli-religiosi\/arazzi\/arazzo-creazione-di-adamo-70x130-cm\">La Creazione di Adamo<br \/>\nArazzo in tessuto jacquard rifinito a mano<\/a><\/div>\n<\/div>\n<\/div>\n<p>In questo libro vengono descritti i giorni della\u00a0<strong>Creazione<\/strong>, quando Dio volle dare origine al mondo che conosciamo e a tutto ci\u00f2 che lo popola. Nell&#8217;arco di cinque giorni Egli cre\u00f2 il cielo, la terra, la luce, le stelle, tutti i pesci, gli uccelli e gli animali.<\/p>\n<p>Il sesto giorno decise di creare l&#8217;Uomo.<\/p>\n<p><em>E Dio disse: &#8220;Facciamo l&#8217;uomo a nostra immagine, a nostra somiglianza, e domini sui pesci del mare e sugli uccelli del cielo, sul bestiame, su tutte le bestie selvatiche e su tutti i rettili che strisciano sulla terra&#8221;. Dio cre\u00f2 l&#8217;uomo a sua immagine; a immagine di Dio lo cre\u00f2;\u00a0<\/em><strong><em>maschio e femmina li cre\u00f2<\/em><\/strong><em>. Dio li benedisse e disse loro: &#8220;Siate fecondi e moltiplicatevi, riempite la terra; soggiogatela e dominate sui pesci del mare e sugli uccelli del cielo e su ogni essere vivente, che striscia sulla terra&#8221;<\/em>\u00a0(Genesi 1,26-28)<\/p>\n<p>Esiste\u00a0tuttavia nella Bibbia una seconda versione di questo stesso episodio:<\/p>\n<p><em>Cos\u00ec l&#8217;uomo impose nomi a tutto il bestiame, a tutti gli uccelli del cielo e a tutte le bestie selvatiche, ma l&#8217;uomo non trov\u00f2 un aiuto che gli fosse simile.\u00a0Allora il Signore Dio fece scendere un torpore sull&#8217;uomo, che si addorment\u00f2; gli tolse una delle costole e rinchiuse la carne al suo posto.\u00a0<\/em><strong><em>Il Signore Dio plasm\u00f2 con la costola, che aveva tolta all&#8217;uomo, una donna\u00a0<\/em><\/strong><em>e la condusse all&#8217;uomo.<\/em>\u00a0(Genesi 2,20-22)<\/p>\n<p>Queste due versioni sono definite, rispettivamente,\u00a0<strong>Fonte sacerdotale<\/strong>\u00a0e\u00a0<strong>Fonte Jahvista<\/strong>, e si ricollegano all&#8217;ipotesi documentale o documentaria, formulata dallo studioso biblico tedesco Julius Wellhausen, secondo il quale i primi cinque libri della Bibbia, il cosiddetto\u00a0<strong>Pentateuco<\/strong>\u00a0(<em>Torah<\/em>\u00a0per gli ebrei), ovvero Genesi, Esodo, Levitico, Numeri e Deuteronomio, non furono scritti solo da Mos\u00e8, ma da quattro probabili autori, le iniziali dei nomi dei quali compongono la sigla JEDP.<\/p>\n<p>Come possiamo vedere, i due racconti della Creazione del primo uomo e della prima donna presentano alcune differenze sostanziali. Nel primo Dio ha creato Adamo ed Eva\u00a0nello stesso momento, entrambi a propria immagine, e li ha resi padroni del <strong><a href=\"https:\/\/www.holyart.it\/it\/articoli-religiosi\/santini-e-biglietti-augurali\/santini\/santino-il-paradiso-10x5-cm-ita\">Paradiso<\/a><\/strong> terrestre. Nel secondo, invece, Adamo \u00e8 stato creato per primo, e Dio ha assegnato solo a lui il dominio sulle cose e gli animali che aveva creato. La donna \u00e8 venuta in un secondo tempo. Naturalmente non \u00e8 questa la sede per approfondire questi due punti di vista, ma le implicazioni che le due diverse interpretazioni hanno avuto nella storia della Chiesa e dell&#8217;umanit\u00e0, soprattutto riguardo al rapporto tra uomini e donne, sono evidenti.<\/p>\n<h2>La storia di Adamo ed Eva per bambini<\/h2>\n<p>Al di l\u00e0 delle interpretazioni accademiche e degli studi di biblisti illustri, come potremmo raccontare la storia di Adamo ed Eva in modo semplice? Per esempio, se dovessimo raccontarla a dei bambini come potremmo procedere? Quello che dovr\u00e0 emergere agli occhi dei pi\u00f9 piccini di questo racconto sar\u00e0 il\u00a0<strong>grande amore di Dio<\/strong>, che ha creato un mondo meraviglioso per farne dono agli uomini e alle donne. Sar\u00e0 fondamentale che i bambini comprendano che, poich\u00e9 tutto ci\u00f2 che li circonda \u00e8 frutto di quell&#8217;amore, \u00e8 loro dovere\u00a0<strong>rispettarlo e proteggerlo<\/strong>, goderne e non darlo mai, mai per scontato, come troppo spesso avviene. Poi sar\u00e0 sicuramente utile far comprendere loro la gravit\u00e0 della\u00a0<strong>disobbedienza di Adamo ed Eva<\/strong>, che hanno mangiato la mela nonostante Dio avesse ordinato loro di non farlo, lasciandoli tuttavia liberi di nutrirsi di tutti gli altri frutti bellissimi e saporiti che abbondavano nel Giardino dell&#8217;Eden. Per sottolineare questo punto potr\u00e0 essere utile tracciare un paragone con le disobbedienze dei bambini stessi, che sfuggono ai doveri e alle raccomandazioni dei genitori. Doveri e raccomandazioni pronunciati sempre e solo\u00a0<strong>per il loro bene<\/strong>. Ancora, sar\u00e0 importante suggerire loro <a href=\"https:\/\/www.holyart.it\/blog\/articoli-religiosi\/cose-il-libero-arbitrio-e-il-suo-significato\/\"><strong>il concetto di<\/strong>\u00a0<strong>libero arbitrio<\/strong><\/a>: Dio ha lasciato ad Adamo ed Eva la scelta di fare ci\u00f2 che volevano, perfino la scelta di amarlo o meno. Non li ha obbligati a fare nulla, tutto ci\u00f2 che ha fatto per loro \u00e8 stato un dono meraviglioso, e nonostante questo loro lo hanno deluso, con la loro ingratitudine. Il racconto potrebbe essere pi\u00f9 o meno cos\u00ec:<\/p>\n<p><em>Dio \u00e8 cos\u00ec buono da aver deciso un giorno di creare un giardino meraviglioso. Lo riemp\u00ec di piante, fiori, animali di ogni tipo, e sopra di esso distese il cielo, con il sole, la luna, le stelle. Quando ebbe finito, cre\u00f2 il primo uomo, Adamo, e la prima donna, Eva, e a loro volle regalare questo Paradiso terrestre. Adamo ed Eva sarebbero stati liberi di andare dove volevano, in quel mondo dove non esistevano dolore, malattie, morte, e di\u00a0mangiare tutti i frutti che nascevano sugli alberi del giardino, tranne le mele dell&#8217;albero che sorgeva al centro di quest&#8217;ultimo.\u00a0<\/em><br \/>\n<em>Nonostante le raccomandazioni di Dio, Eva si lasci\u00f2 tentare da un serpente malvagio, che le disse che\u00a0i frutti di quel\u00a0grande albero\u00a0le avrebbero permesso di comprendere la differenza tra bene e male. Eva prese un frutto dall&#8217;albero proibito, lo mangi\u00f2 e lo offr\u00ec ad Adamo.\u00a0<\/em><br \/>\n<em>Dio scopr\u00ec subito la loro disobbedienza, e ne soffr\u00ec moltissimo. Lui aveva fatto tutto per loro, aveva creato un paradiso e lo aveva donato senza chiedere nulla in cambio. Per punizione li mand\u00f2 via dal Paradiso terrestre e condann\u00f2 al dolore e alla morte loro e tutti i loro discendenti.<\/em><\/p>\n<div class=\"link-article\">\n<p><img loading=\"lazy\" decoding=\"async\" class=\"size-medium wp-image-6941\" src=\"https:\/\/blog.holyart.it\/it\/wp-content\/uploads\/sites\/17\/2019\/06\/libero-arbitrio-300x200.jpg\" alt=\"libero arbitrio\" width=\"150\" height=\"100\" \/><\/p>\n<div class=\"leggi-anche\">Leggi anche:<\/div>\n<p><strong><a href=\"https:\/\/www.holyart.it\/blog\/articoli-religiosi\/cose-il-libero-arbitrio-e-il-suo-significato\/\">Cos\u2019\u00e8 il libero arbitrio e il suo significato<\/a><\/strong><br \/>\nCos\u2019\u00e8 il libero arbitrio? Quali implicazioni ha nella vita dell\u2019uomo, in generale, e del cristiano in particolare? &#8230;<\/p>\n<\/div>\n<h2>Adamo ed Eva: la storia della mela e del peccato originale<\/h2>\n<p>La storia della mela, il frutto proibito che avrebbe reso Adamo ed Eva uguali a Dio,\u00a0donando loro la\u00a0<strong>conoscenza del bene e del male<\/strong>, non \u00e8 solo una storia per bambini. Anzi, essa \u00e8 alla base della religione cattolica. Infatti la conseguenza del\u00a0<strong>peccato originale<\/strong>\u00a0\u00e8 stata la caduta dell&#8217;uomo, la rottura della tacita alleanza tra lui e Dio, gli effetti della quale si ripercuotono da millenni sull&#8217;umanit\u00e0 tutta.\u00a0\u00c8 da quel singolo atto di disobbedienza che tutti i mali dell&#8217;uomo traggono origine. Prima di esso l&#8217;uomo era perfetto, immune dalle malattie e dalle ferite, immortale, felice.<\/p>\n<p>Questo atto nasce dalla volont\u00e0 dell&#8217;uomo di poter\u00a0<strong>decidere da solo cosa sia il bene, cosa sia il male<\/strong>, invece di affidarsi all&#8217;infinita saggezza e all&#8217;infinito amore di Dio.<\/p>\n<p>Il racconto del peccato originale, dalla tentazione da parte del serpente, al gesto di Eva di prendere la mela dall&#8217;albero e offrirla ad Adamo (albero che non va confuso con l&#8217;albero della vita. Potete trovare maggiori informazioni nell&#8217;<a href=\"https:\/\/www.holyart.it\/blog\/articoli-religiosi\/significato-dellalbero-della-vita\/\"><strong>articolo dedicato al significato dell&#8217;albero della vita<\/strong><\/a>), \u00e8 impregnato di riferimenti a innumerevoli\u00a0racconti sacri precedenti. Interessante come le parole del serpente tentatore siano sufficienti a instillare nella prima donna il seme del\u00a0<strong>dubbio<\/strong>, la convinzione che l&#8217;ordine di Dio di non mangiare i frutti dell&#8217;albero sia stata ingiusta. Soprattutto, fa riflettere il fatto che la promessa del serpente, che dice a Eva che mangiando la mela proibita lei e Adamo otterranno la conoscenza del bene e del male, diventando in pratica come Dio, risulti cos\u00ec irresistibile.<\/p>\n<h2>Adamo ed Eva cacciati dal paradiso<\/h2>\n<p>Dopo che la mela \u00e8 stata colta e assaggiata, tuttavia, la prima e unica cosa di\u00a0cui Adamo ed Eva diventano consapevole \u00e8 la propria nudit\u00e0.<br \/>\nLa\u00a0<strong>vergogna\u00a0<\/strong>\u00e8 il primo sentimento negativo provato dal primo uomo e dalla prima donna, un istante dopo la loro caduta.<br \/>\nScoperta subito la disobbedienza, Dio convoca i tre colpevoli, che tentano di scagionarsi incolpandosi l&#8217;uno con l&#8217;altro.<\/p>\n<div class=\"link-product\">\n<div class=\"blocco-immagine\"><img loading=\"lazy\" decoding=\"async\" class=\"size-medium wp-image-7255\" src=\"https:\/\/blog.holyart.it\/it\/wp-content\/uploads\/sites\/17\/2019\/08\/serpente-statue-in-legno-300x300.jpg\" alt=\"serpente statua\" width=\"100\" height=\"100\" \/><\/div>\n<div class=\"blocco-contenuto\">\n<div class=\"blocco-acquista\">Acquista su Holyart:<\/div>\n<div class=\"blocco-titolo\"><a href=\"https:\/\/www.holyart.it\/it\/natale\/presepi\/presepe-val-gardena\/serpente-nel-cesto-per-presepe-original-cometa-legno-dipinto-in-valgardena-12-cm\">Serpente nel cesto<br \/>\nStatua per Presepe in Legno<\/a><\/div>\n<\/div>\n<\/div>\n<p>La punizione di Dio li colpisce tutti, per primo il serpente, che viene maledetto, poi la donna, Eva, condannata alle sofferenze del parto e a essere sottoposta all&#8217;uomo, infine Adamo, condannato a dover trarre con fatica e sudore i frutti dalla terra che fino ad allora era stata prodiga e generosa con lui. Infine, e questo \u00e8 certo il male peggiore derivato da questo atto sconsiderato, Dio condanna l&#8217;uomo e la donna, e con essi tutti i loro discendenti, alla\u00a0<strong>morte fisica<\/strong>, laddove prima essi erano immortali. Occorrer\u00e0 attendere migliaia di anni, e l&#8217;avvento di Ges\u00f9 Cristo, perch\u00e9 questa terribile rottura possa conoscere la speranza di una riconciliazione. In Ges\u00f9 i figli di Adamo conoscono la possibilit\u00e0 di riscatto, il miraggio della vita eterna alla fine dei tempi, e solo per chi la sapr\u00e0 meritare.<\/p>\n<h2>Chi erano i figli di Adamo ed Eva<\/h2>\n<p>Una volta cacciati dall&#8217;Eden, Adamo ed Eva ebbero diversi figli, secondo la tradizione da 14 a 140. Gli unici tre citati nella Bibbia, tuttavia sono\u00a0<strong>Caino, Abele\u00a0e\u00a0Seth<\/strong>.<\/p>\n<p>Caino spos\u00f2 la sorella gemella di Abele,\u00a0Calmana, Abele la sorella gemella di Caino,\u00a0Deborah. Successivamente, alla morte di Abele, Caino, il suo omicida,\u00a0spos\u00f2 la sorella Awan, dalla quale gener\u00f2 un figlio, Enoch. Seth spos\u00f2 la sorella Azura, che diede alla luce Enos, dalla cui discendenza\u00a0nasceranno No\u00e8 e i suoi figli. I discendenti di Caino, invece, divennero nomadi allevatori di bestiame e impararono l&#8217;arte di forgiare i metalli, distinguendosi tuttavia per la violenza e la pratica della poligamia.<\/p>\n","protected":false},"excerpt":{"rendered":"<p>Chi non conosce la storia di Adamo ed Eva, il primo uomo e la prima donna? Ma siamo poi cos\u00ec sicuri di conoscerla davvero?\u00a0Ricordiamo insieme la storia di tutte le storie. Eva e Adamo sono considerati dai cattolici i\u00a0progenitori di tutto il genere umano. La&hellip;<\/p>\n","protected":false},"author":1,"featured_media":7264,"comment_status":"closed","ping_status":"open","sticky":false,"template":"","format":"standard","meta":{"_acf_changed":false,"footnotes":""},"categories":[16],"tags":[],"class_list":["post-7242","post","type-post","status-publish","format-standard","has-post-thumbnail","hentry","category-articoli-religiosi"],"acf":[],"yoast_head":"<!-- This site is optimized with the Yoast SEO plugin v26.6 - https:\/\/yoast.com\/wordpress\/plugins\/seo\/ -->\n<title>La storia di Adamo ed Eva - Holyblog<\/title>\n<meta name=\"description\" content=\"Chi non conosce la storia di Adamo ed Eva, il primo uomo e la prima donna? Ma siamo poi cos\u00ec sicuri di conoscerla davvero? Ricordiamo insieme la storia\" \/>\n<meta name=\"robots\" content=\"index, follow, max-snippet:-1, max-image-preview:large, max-video-preview:-1\" \/>\n<link rel=\"canonical\" href=\"https:\/\/blog.holyart.it\/it\/articoli-religiosi\/la-storia-adamo-ed-eva\/\" \/>\n<meta property=\"og:locale\" content=\"it_IT\" \/>\n<meta property=\"og:type\" content=\"article\" \/>\n<meta property=\"og:title\" content=\"La storia di Adamo ed Eva - Holyblog\" \/>\n<meta property=\"og:description\" content=\"Chi non conosce la storia di Adamo ed Eva, il primo uomo e la prima donna? Ma siamo poi cos\u00ec sicuri di conoscerla davvero? Ricordiamo insieme la storia\" \/>\n<meta property=\"og:url\" content=\"https:\/\/blog.holyart.it\/it\/articoli-religiosi\/la-storia-adamo-ed-eva\/\" \/>\n<meta property=\"og:site_name\" content=\"Holyblog\" \/>\n<meta property=\"article:published_time\" content=\"2019-08-08T09:26:13+00:00\" \/>\n<meta property=\"article:modified_time\" content=\"2025-04-17T15:26:31+00:00\" \/>\n<meta property=\"og:image\" content=\"https:\/\/blog.holyart.it\/it\/wp-content\/uploads\/sites\/17\/2019\/08\/storia-adamo-ed-eva.jpg\" \/>\n\t<meta property=\"og:image:width\" content=\"1000\" \/>\n\t<meta property=\"og:image:height\" content=\"666\" \/>\n\t<meta property=\"og:image:type\" content=\"image\/jpeg\" \/>\n<meta name=\"author\" content=\"Redazione\" \/>\n<meta name=\"twitter:card\" content=\"summary_large_image\" \/>\n<meta name=\"twitter:label1\" content=\"Scritto da\" \/>\n\t<meta name=\"twitter:data1\" content=\"Redazione\" \/>\n\t<meta name=\"twitter:label2\" content=\"Tempo di lettura stimato\" \/>\n\t<meta name=\"twitter:data2\" content=\"11 minuti\" \/>\n<script type=\"application\/ld+json\" class=\"yoast-schema-graph\">{\"@context\":\"https:\/\/schema.org\",\"@graph\":[{\"@type\":\"Article\",\"@id\":\"https:\/\/blog.holyart.it\/it\/articoli-religiosi\/la-storia-adamo-ed-eva\/#article\",\"isPartOf\":{\"@id\":\"https:\/\/blog.holyart.it\/it\/articoli-religiosi\/la-storia-adamo-ed-eva\/\"},\"author\":{\"name\":\"Redazione\",\"@id\":\"https:\/\/blog.holyart.it\/it\/#\/schema\/person\/0a7b686e5af0f856ec1e390dd0baecda\"},\"headline\":\"La storia di Adamo ed Eva\",\"datePublished\":\"2019-08-08T09:26:13+00:00\",\"dateModified\":\"2025-04-17T15:26:31+00:00\",\"mainEntityOfPage\":{\"@id\":\"https:\/\/blog.holyart.it\/it\/articoli-religiosi\/la-storia-adamo-ed-eva\/\"},\"wordCount\":1787,\"publisher\":{\"@id\":\"https:\/\/blog.holyart.it\/it\/#organization\"},\"image\":{\"@id\":\"https:\/\/blog.holyart.it\/it\/articoli-religiosi\/la-storia-adamo-ed-eva\/#primaryimage\"},\"thumbnailUrl\":\"https:\/\/blog.holyart.it\/it\/wp-content\/uploads\/sites\/17\/2019\/08\/storia-adamo-ed-eva.jpg\",\"articleSection\":[\"Religione\"],\"inLanguage\":\"it-IT\"},{\"@type\":\"WebPage\",\"@id\":\"https:\/\/blog.holyart.it\/it\/articoli-religiosi\/la-storia-adamo-ed-eva\/\",\"url\":\"https:\/\/blog.holyart.it\/it\/articoli-religiosi\/la-storia-adamo-ed-eva\/\",\"name\":\"La storia di Adamo ed Eva - Holyblog\",\"isPartOf\":{\"@id\":\"https:\/\/blog.holyart.it\/it\/#website\"},\"primaryImageOfPage\":{\"@id\":\"https:\/\/blog.holyart.it\/it\/articoli-religiosi\/la-storia-adamo-ed-eva\/#primaryimage\"},\"image\":{\"@id\":\"https:\/\/blog.holyart.it\/it\/articoli-religiosi\/la-storia-adamo-ed-eva\/#primaryimage\"},\"thumbnailUrl\":\"https:\/\/blog.holyart.it\/it\/wp-content\/uploads\/sites\/17\/2019\/08\/storia-adamo-ed-eva.jpg\",\"datePublished\":\"2019-08-08T09:26:13+00:00\",\"dateModified\":\"2025-04-17T15:26:31+00:00\",\"description\":\"Chi non conosce la storia di Adamo ed Eva, il primo uomo e la prima donna? Ma siamo poi cos\u00ec sicuri di conoscerla davvero? Ricordiamo insieme la storia\",\"breadcrumb\":{\"@id\":\"https:\/\/blog.holyart.it\/it\/articoli-religiosi\/la-storia-adamo-ed-eva\/#breadcrumb\"},\"inLanguage\":\"it-IT\",\"potentialAction\":[{\"@type\":\"ReadAction\",\"target\":[\"https:\/\/blog.holyart.it\/it\/articoli-religiosi\/la-storia-adamo-ed-eva\/\"]}]},{\"@type\":\"ImageObject\",\"inLanguage\":\"it-IT\",\"@id\":\"https:\/\/blog.holyart.it\/it\/articoli-religiosi\/la-storia-adamo-ed-eva\/#primaryimage\",\"url\":\"https:\/\/blog.holyart.it\/it\/wp-content\/uploads\/sites\/17\/2019\/08\/storia-adamo-ed-eva.jpg\",\"contentUrl\":\"https:\/\/blog.holyart.it\/it\/wp-content\/uploads\/sites\/17\/2019\/08\/storia-adamo-ed-eva.jpg\",\"width\":1000,\"height\":666,\"caption\":\"storia adamo ed eva\"},{\"@type\":\"BreadcrumbList\",\"@id\":\"https:\/\/blog.holyart.it\/it\/articoli-religiosi\/la-storia-adamo-ed-eva\/#breadcrumb\",\"itemListElement\":[{\"@type\":\"ListItem\",\"position\":1,\"name\":\"Homepage\",\"item\":\"https:\/\/blog.holyart.it\/it\/\"},{\"@type\":\"ListItem\",\"position\":2,\"name\":\"Religione\",\"item\":\"https:\/\/blog.holyart.it\/it\/articoli-religiosi\/\"},{\"@type\":\"ListItem\",\"position\":3,\"name\":\"La storia di Adamo ed Eva\"}]},{\"@type\":\"WebSite\",\"@id\":\"https:\/\/blog.holyart.it\/it\/#website\",\"url\":\"https:\/\/blog.holyart.it\/it\/\",\"name\":\"Holyblog\",\"description\":\"Il Blog di Holyart.it\",\"publisher\":{\"@id\":\"https:\/\/blog.holyart.it\/it\/#organization\"},\"potentialAction\":[{\"@type\":\"SearchAction\",\"target\":{\"@type\":\"EntryPoint\",\"urlTemplate\":\"https:\/\/blog.holyart.it\/it\/?s={search_term_string}\"},\"query-input\":{\"@type\":\"PropertyValueSpecification\",\"valueRequired\":true,\"valueName\":\"search_term_string\"}}],\"inLanguage\":\"it-IT\"},{\"@type\":\"Organization\",\"@id\":\"https:\/\/blog.holyart.it\/it\/#organization\",\"name\":\"Holyblog\",\"url\":\"https:\/\/blog.holyart.it\/it\/\",\"logo\":{\"@type\":\"ImageObject\",\"inLanguage\":\"it-IT\",\"@id\":\"https:\/\/blog.holyart.it\/it\/#\/schema\/logo\/image\/\",\"url\":\"https:\/\/blog.holyart.it\/it\/wp-content\/uploads\/sites\/17\/2022\/12\/Holyart_Blog_Logo.jpg\",\"contentUrl\":\"https:\/\/blog.holyart.it\/it\/wp-content\/uploads\/sites\/17\/2022\/12\/Holyart_Blog_Logo.jpg\",\"width\":300,\"height\":50,\"caption\":\"Holyblog\"},\"image\":{\"@id\":\"https:\/\/blog.holyart.it\/it\/#\/schema\/logo\/image\/\"}},{\"@type\":\"Person\",\"@id\":\"https:\/\/blog.holyart.it\/it\/#\/schema\/person\/0a7b686e5af0f856ec1e390dd0baecda\",\"name\":\"Redazione\"}]}<\/script>\n<!-- \/ Yoast SEO plugin. -->","yoast_head_json":{"title":"La storia di Adamo ed Eva - Holyblog","description":"Chi non conosce la storia di Adamo ed Eva, il primo uomo e la prima donna? Ma siamo poi cos\u00ec sicuri di conoscerla davvero? Ricordiamo insieme la storia","robots":{"index":"index","follow":"follow","max-snippet":"max-snippet:-1","max-image-preview":"max-image-preview:large","max-video-preview":"max-video-preview:-1"},"canonical":"https:\/\/blog.holyart.it\/it\/articoli-religiosi\/la-storia-adamo-ed-eva\/","og_locale":"it_IT","og_type":"article","og_title":"La storia di Adamo ed Eva - Holyblog","og_description":"Chi non conosce la storia di Adamo ed Eva, il primo uomo e la prima donna? Ma siamo poi cos\u00ec sicuri di conoscerla davvero? Ricordiamo insieme la storia","og_url":"https:\/\/blog.holyart.it\/it\/articoli-religiosi\/la-storia-adamo-ed-eva\/","og_site_name":"Holyblog","article_published_time":"2019-08-08T09:26:13+00:00","article_modified_time":"2025-04-17T15:26:31+00:00","og_image":[{"width":1000,"height":666,"url":"https:\/\/blog.holyart.it\/it\/wp-content\/uploads\/sites\/17\/2019\/08\/storia-adamo-ed-eva.jpg","type":"image\/jpeg"}],"author":"Redazione","twitter_card":"summary_large_image","twitter_misc":{"Scritto da":"Redazione","Tempo di lettura stimato":"11 minuti"},"schema":{"@context":"https:\/\/schema.org","@graph":[{"@type":"Article","@id":"https:\/\/blog.holyart.it\/it\/articoli-religiosi\/la-storia-adamo-ed-eva\/#article","isPartOf":{"@id":"https:\/\/blog.holyart.it\/it\/articoli-religiosi\/la-storia-adamo-ed-eva\/"},"author":{"name":"Redazione","@id":"https:\/\/blog.holyart.it\/it\/#\/schema\/person\/0a7b686e5af0f856ec1e390dd0baecda"},"headline":"La storia di Adamo ed Eva","datePublished":"2019-08-08T09:26:13+00:00","dateModified":"2025-04-17T15:26:31+00:00","mainEntityOfPage":{"@id":"https:\/\/blog.holyart.it\/it\/articoli-religiosi\/la-storia-adamo-ed-eva\/"},"wordCount":1787,"publisher":{"@id":"https:\/\/blog.holyart.it\/it\/#organization"},"image":{"@id":"https:\/\/blog.holyart.it\/it\/articoli-religiosi\/la-storia-adamo-ed-eva\/#primaryimage"},"thumbnailUrl":"https:\/\/blog.holyart.it\/it\/wp-content\/uploads\/sites\/17\/2019\/08\/storia-adamo-ed-eva.jpg","articleSection":["Religione"],"inLanguage":"it-IT"},{"@type":"WebPage","@id":"https:\/\/blog.holyart.it\/it\/articoli-religiosi\/la-storia-adamo-ed-eva\/","url":"https:\/\/blog.holyart.it\/it\/articoli-religiosi\/la-storia-adamo-ed-eva\/","name":"La storia di Adamo ed Eva - Holyblog","isPartOf":{"@id":"https:\/\/blog.holyart.it\/it\/#website"},"primaryImageOfPage":{"@id":"https:\/\/blog.holyart.it\/it\/articoli-religiosi\/la-storia-adamo-ed-eva\/#primaryimage"},"image":{"@id":"https:\/\/blog.holyart.it\/it\/articoli-religiosi\/la-storia-adamo-ed-eva\/#primaryimage"},"thumbnailUrl":"https:\/\/blog.holyart.it\/it\/wp-content\/uploads\/sites\/17\/2019\/08\/storia-adamo-ed-eva.jpg","datePublished":"2019-08-08T09:26:13+00:00","dateModified":"2025-04-17T15:26:31+00:00","description":"Chi non conosce la storia di Adamo ed Eva, il primo uomo e la prima donna? Ma siamo poi cos\u00ec sicuri di conoscerla davvero? Ricordiamo insieme la storia","breadcrumb":{"@id":"https:\/\/blog.holyart.it\/it\/articoli-religiosi\/la-storia-adamo-ed-eva\/#breadcrumb"},"inLanguage":"it-IT","potentialAction":[{"@type":"ReadAction","target":["https:\/\/blog.holyart.it\/it\/articoli-religiosi\/la-storia-adamo-ed-eva\/"]}]},{"@type":"ImageObject","inLanguage":"it-IT","@id":"https:\/\/blog.holyart.it\/it\/articoli-religiosi\/la-storia-adamo-ed-eva\/#primaryimage","url":"https:\/\/blog.holyart.it\/it\/wp-content\/uploads\/sites\/17\/2019\/08\/storia-adamo-ed-eva.jpg","contentUrl":"https:\/\/blog.holyart.it\/it\/wp-content\/uploads\/sites\/17\/2019\/08\/storia-adamo-ed-eva.jpg","width":1000,"height":666,"caption":"storia adamo ed eva"},{"@type":"BreadcrumbList","@id":"https:\/\/blog.holyart.it\/it\/articoli-religiosi\/la-storia-adamo-ed-eva\/#breadcrumb","itemListElement":[{"@type":"ListItem","position":1,"name":"Homepage","item":"https:\/\/blog.holyart.it\/it\/"},{"@type":"ListItem","position":2,"name":"Religione","item":"https:\/\/blog.holyart.it\/it\/articoli-religiosi\/"},{"@type":"ListItem","position":3,"name":"La storia di Adamo ed Eva"}]},{"@type":"WebSite","@id":"https:\/\/blog.holyart.it\/it\/#website","url":"https:\/\/blog.holyart.it\/it\/","name":"Holyblog","description":"Il Blog di Holyart.it","publisher":{"@id":"https:\/\/blog.holyart.it\/it\/#organization"},"potentialAction":[{"@type":"SearchAction","target":{"@type":"EntryPoint","urlTemplate":"https:\/\/blog.holyart.it\/it\/?s={search_term_string}"},"query-input":{"@type":"PropertyValueSpecification","valueRequired":true,"valueName":"search_term_string"}}],"inLanguage":"it-IT"},{"@type":"Organization","@id":"https:\/\/blog.holyart.it\/it\/#organization","name":"Holyblog","url":"https:\/\/blog.holyart.it\/it\/","logo":{"@type":"ImageObject","inLanguage":"it-IT","@id":"https:\/\/blog.holyart.it\/it\/#\/schema\/logo\/image\/","url":"https:\/\/blog.holyart.it\/it\/wp-content\/uploads\/sites\/17\/2022\/12\/Holyart_Blog_Logo.jpg","contentUrl":"https:\/\/blog.holyart.it\/it\/wp-content\/uploads\/sites\/17\/2022\/12\/Holyart_Blog_Logo.jpg","width":300,"height":50,"caption":"Holyblog"},"image":{"@id":"https:\/\/blog.holyart.it\/it\/#\/schema\/logo\/image\/"}},{"@type":"Person","@id":"https:\/\/blog.holyart.it\/it\/#\/schema\/person\/0a7b686e5af0f856ec1e390dd0baecda","name":"Redazione"}]}},"_links":{"self":[{"href":"https:\/\/blog.holyart.it\/it\/wp-json\/wp\/v2\/posts\/7242","targetHints":{"allow":["GET"]}}],"collection":[{"href":"https:\/\/blog.holyart.it\/it\/wp-json\/wp\/v2\/posts"}],"about":[{"href":"https:\/\/blog.holyart.it\/it\/wp-json\/wp\/v2\/types\/post"}],"author":[{"embeddable":true,"href":"https:\/\/blog.holyart.it\/it\/wp-json\/wp\/v2\/users\/1"}],"replies":[{"embeddable":true,"href":"https:\/\/blog.holyart.it\/it\/wp-json\/wp\/v2\/comments?post=7242"}],"version-history":[{"count":1,"href":"https:\/\/blog.holyart.it\/it\/wp-json\/wp\/v2\/posts\/7242\/revisions"}],"predecessor-version":[{"id":21775,"href":"https:\/\/blog.holyart.it\/it\/wp-json\/wp\/v2\/posts\/7242\/revisions\/21775"}],"wp:featuredmedia":[{"embeddable":true,"href":"https:\/\/blog.holyart.it\/it\/wp-json\/wp\/v2\/media\/7264"}],"wp:attachment":[{"href":"https:\/\/blog.holyart.it\/it\/wp-json\/wp\/v2\/media?parent=7242"}],"wp:term":[{"taxonomy":"category","embeddable":true,"href":"https:\/\/blog.holyart.it\/it\/wp-json\/wp\/v2\/categories?post=7242"},{"taxonomy":"post_tag","embeddable":true,"href":"https:\/\/blog.holyart.it\/it\/wp-json\/wp\/v2\/tags?post=7242"}],"curies":[{"name":"wp","href":"https:\/\/api.w.org\/{rel}","templated":true}]}}