{"id":7171,"date":"2019-08-06T17:47:22","date_gmt":"2019-08-06T15:47:22","guid":{"rendered":"https:\/\/blog.holyart.it\/it\/?p=7171"},"modified":"2023-02-22T14:59:39","modified_gmt":"2023-02-22T13:59:39","slug":"ferragosto-festa-della-madonna","status":"publish","type":"post","link":"https:\/\/blog.holyart.it\/it\/articoli-religiosi\/ferragosto-festa-della-madonna\/","title":{"rendered":"Ferragosto festa della Madonna"},"content":{"rendered":"<h4 style=\"text-align: center;\">Oltre a rappresentare il cuore dell&#8217;estate, i cristiani considerano Ferragosto festa della Madonna. In questo giorno si festeggia infatti l&#8217;Assunzione al cielo della Vergine. Di che si tratta?<\/h4>\n\n<p>L&#8217;Assunzione di Maria al cielo \u00e8 un\u00a0<strong>dogma<\/strong>\u00a0di fede\u00a0dichiarato dal 1950. In realt\u00e0, questa credenza \u00e8 da sempre diffusa e costituiva una forma di devozione molto radicata e importante, ancora molto prima del suo riconoscimento ufficiale.<\/p>\n<p>Secondo la Chiesa cattolica\u00a0<strong>Maria<\/strong>, giunta al termine della sua vita mortale,\u00a0<strong>sal\u00ec al cielo non solo come anima<\/strong>, ma anche, unica tra gli uomini e le donne,\u00a0<strong>col proprio corpo<\/strong>. Infatti il termine<em>\u00a0Assunzione<\/em>\u00a0significa \u201cportare su\u201d.<\/p>\n<div class=\"link-article\" style=\"width: 100%;\"><img loading=\"lazy\" decoding=\"async\" class=\"alignleft size-full wp-image-7198\" src=\"https:\/\/blog.holyart.it\/it\/wp-content\/uploads\/sites\/17\/2019\/08\/Festa-della-Madonna.jpg\" alt=\"Festa della Madonna\" width=\"150\" height=\"99\" \/> <strong><a href=\"https:\/\/www.holyart.it\/blog\/articoli-religiosi\/promesse-del-santo-rosario-della-madonna\/\">Promesse del Santo Rosario della Madonna<\/a><\/strong><br \/>\nCon le Promesse del Rosario si intendono le quindici promesse che Maria Vergine avrebbe fatto in due diverse occasioni rispettivamente a San Domenico, presbitero spagnolo fondatore dell\u2019Ordine&#8230; <a href=\"https:\/\/www.holyart.it\/blog\/articoli-religiosi\/promesse-del-santo-rosario-della-madonna\/\">Leggi di pi\u00f9<\/a><\/div>\n<p>L&#8217;Assunzione si distingue dall&#8217;<em>elevatio animae<\/em>, figura tipica dell&#8217;iconografia religiosa, che rappresenta l&#8217;ascesa al cielo dell\u2019anima di un santo, solitamente scortata da angeli. La differenza \u00e8 che Maria ascese con corpo e anima. Il\u00a0<strong><a href=\"https:\/\/www.holyart.it\/it\/articoli-religiosi\/rosari-e-portarosari\">Rosario<\/a><\/strong>\u00a0celebra tra i suoi misteri l&#8217;Assunzione di Maria\u00a0come quarto mistero della gloria.<\/p>\n<p>Del resto, dopo che Dio l&#8217;ha fatta nascere\u00a0<strong>senza peccato<\/strong>\u00a0e l\u2019ha scelta come madre del Suo unico Figlio, dopo che ha voluto nella Sua immensa lungimiranza e saggezza, che ella concepisse Ges\u00f9 pur mantenendosi\u00a0<strong>vergine e incorrotta<\/strong>, dopo che fu\u00a0<strong>madre amorevole<\/strong>\u00a0per il Salvatore, che cull\u00f2 tra le braccia tanto da bambino, quanto morto ai piedi della Croce, \u00e8 ragionevole pensare Dio avesse in serbo per lei qualcosa di speciale, anche nella morte. Maria aveva ogni ragione per essere la\u00a0<strong>prima donna accolta nel Regno dei Cieli<\/strong>\u00a0nella sua integrit\u00e0.<\/p>\n<p>Maria dunque, nata e vissuta\u00a0<strong>senza peccato<\/strong>, fu la prima e la sola a godere della<strong>\u00a0resurrezione della carne<\/strong>\u00a0promessa a tutti gli uomini da Ges\u00f9. Si tratta di un dono speciale di Dio per lei, per il suo sacrificio, per la sua umilt\u00e0, per l&#8217;immenso amore portato a Suo Figlio. Il suo esempio diviene\u00a0<strong>una promessa e una speranza per\u00a0ogni uomo<\/strong>, che vede in questa\u00a0<strong>anticipazione della resurrezione della carne<\/strong>, una consolazione e un anelito, in vista del Giudizio universale.<\/p>\n<p>Scrisse San Giovanni Damasceno, dottore della Chiesa vissuto tra VII e VIII secolo: &#8220;<em>Era conveniente che colei che nel parto aveva conservato integra la sua\u00a0<\/em><strong><em>verginit\u00e0<\/em><\/strong><em>\u00a0conservasse integro da corruzione il suo corpo dopo la morte. Era conveniente che colei che aveva\u00a0<\/em><strong><em>portato nel seno il Creatore<\/em><\/strong><em>\u00a0fatto bambino abitasse nella dimora divina. Era conveniente che la\u00a0<\/em><strong><em>Sposa di Dio<\/em><\/strong><em>\u00a0entrasse nella casa celeste. Era conveniente che colei che<\/em><strong><em>\u00a0aveva visto il proprio figlio sulla Croce<\/em><\/strong><em>, ricevendo nel corpo il dolore che le era stato risparmiato nel parto, lo contemplasse seduto alla destra del Padre. Era conveniente che la\u00a0<\/em><strong><em>Madre di Dio<\/em><\/strong><em>\u00a0possedesse ci\u00f2 che le era dovuto a motivo di suo figlio e che fosse onorata da tutte le creature quale\u00a0<\/em><strong><em>Madre e schiava di Dio<\/em><\/strong><em>.<\/em>&#8221;<\/p>\n<p>E ancora un anonimo scrittore antico scrisse:\u00a0<em>\u201cCristo, nostro salvatore e Dio, donatore della vita e dell\u2019immortalit\u00e0, fu lui a\u00a0<\/em><strong><em>restituire la vita alla Madre<\/em><\/strong><em>. Fu lui a rendere colei, che l\u2019aveva generato,\u00a0<\/em><strong><em>uguale a se stesso nell\u2019incorruttibilit\u00e0 del corpo<\/em><\/strong><em>, e\u00a0<\/em><strong><em>per sempre<\/em><\/strong><em>. Fu lui a risuscitarla dalla morte e ad\u00a0<\/em><strong><em>accoglierla accanto a s\u00e9<\/em><\/strong><em>, attraverso una via che a lui solo \u00e8 nota\u201d.<\/em><\/p>\n<h2>L&#8217;Assunzione e la Dormizione<\/h2>\n<p>Ferragosto <strong><a href=\"https:\/\/www.holyart.it\/articoli\/statue-madonna.php\">festa della Madonna<\/a><\/strong>, dunque. Ma solo per i cristiani? Non sono solo i cristiani cattolici a onorare l&#8217;Assunzione della Madonna. La\u00a0<strong>chiesa armena<\/strong>, quella\u00a0<strong>ortodossa<\/strong>\u00a0e gli\u00a0<strong>anglicani<\/strong>\u00a0la festeggiano a loro volta, sempre il 15 agosto, ma armeni e ortodossi la celebrano come\u00a0<strong>Dormizione<\/strong>\u00a0(<em>dormitio Virginis<\/em>). Infatti la loro tradizione vuole che Maria sia stata accolta in Paradiso anima e corpo dopo essere caduta in un\u00a0<strong>sonno profondo<\/strong>, senza tuttavia morire. Invece i cattolici non escludono che questo evento miracoloso sia coinciso con la sua\u00a0<strong>morte<\/strong>. In entrambi i casi possiamo leggere nell&#8217;Assunzione di Maria al cielo un&#8217;anticipazione di quella\u00a0resurrezione promessa a tutti gli uomini alla fine dei tempi. La\u00a0<strong>Dormizione<\/strong>\u00a0di Maria divenne una celebrazione riconosciuta in Oriente con decreto imperiale fin dal VI secolo.\u00a0Tuttavia n\u00e9 per\u00a0gli ortodossi n\u00e9 per gli armeni\u00a0Dormizione e Assunzione sono dogmi.<\/p>\n<p>Riguardo alla\u00a0<strong>Dormizione<\/strong>, l&#8217;ambiguit\u00e0 nasce dal fatto che la parola greca\u00a0<em>\u03ba\u03bf\u03b9\u03bc\u03b7\u03c3\u03b9\u03c2<\/em>, presente negli antichi testi ecclesiastici,\u00a0significa sia &#8220;sonno&#8221;, sia &#8220;morte&#8221;. Anche il termine latino<em>\u00a0dormitio<\/em>\u00a0significa &#8220;sonno&#8221;, ma nei testi religiosi viene spesso usata per &#8220;morte&#8221;.<\/p>\n<p>Altre\u00a0<strong>chiese protestanti<\/strong>\u00a0non condividono questo credo. Non esiste alcun riferimento nella Bibbia all\u2019Assunzione di Maria, dunque non viene da loro riconosciuta.<\/p>\n<h2>Ferragosto: come si festeggia l\u2019Assunzione di Maria?<\/h2>\n<p>Il\u00a0<strong>15 agosto<\/strong>\u00a0la chiesa cristiana onora questa<strong>\u00a0festa di precetto<\/strong>, conosciuta anche come\u00a0<strong>Festa dell\u2019Assunta<\/strong>, che celebra l\u2019incorruttibilit\u00e0 del corpo di Maria. Consideriamo dunque Ferragosto festa della Madonna, dove la parola Ferragosto viene dal latino &#8220;feriae Augusti&#8221; e rimanda agli\u00a0<em>Augustali<\/em>, feste istituite dall&#8217;imperatore Augusto per garantire il riposo ai contadini dopo la fine dei raccolti estivi.<\/p>\n<div class=\"link-product\">\n<div class=\"blocco-immagine\"><img loading=\"lazy\" decoding=\"async\" class=\"size-medium wp-image-7176\" src=\"https:\/\/blog.holyart.it\/it\/wp-content\/uploads\/sites\/17\/2019\/08\/statua-madonna-assunta-300x300.jpg\" alt=\"Statua madonna assunta\" width=\"100\" height=\"100\" \/><\/div>\n<div class=\"blocco-contenuto\">\n<div class=\"blocco-acquista\">Acquista su Holyart:<\/div>\n<div class=\"blocco-titolo\"><a href=\"https:\/\/www.holyart.it\/it\/articoli-religiosi\/statue\/statue-in-vetroresina\/madonna-assunta-del-murillo-155-cm-vetroresina-dipinta-occhi-vetro\">Statua dell&#8217;Assunta del Murillo 155 cm,<br \/>\nrealizzata in vetroresina e dipinta a mano<\/a><\/div>\n<\/div>\n<\/div>\n<p>Fu\u00a0Papa Pio XII a proclamare il dogma dell&#8217;Assunzione di Maria il 1 novembre 1950, anno santo, attraverso la costituzione apostolica\u00a0<em><strong>Munificentissimus Deus<\/strong><\/em><em>:<\/em><em>\u00a0\u00abPertanto, dopo avere innalzato ancora a Dio supplici istanze, e avere invocato la luce dello Spirito di Verit\u00e0, a gloria di Dio onnipotente, che ha riversato in Maria vergine la sua speciale benevolenza a onore del suo Figlio, Re immortale dei secoli e vincitore del peccato e della morte, a maggior gloria della sua augusta Madre e a gioia ed esultanza di tutta la chiesa, per l&#8217;autorit\u00e0 di nostro Signore Ges\u00f9 Cristo, dei santi apostoli Pietro e Paolo e Nostra, pronunziamo, dichiariamo e definiamo essere dogma da Dio rivelato che:\u00a0<\/em><strong><em>l&#8217;immacolata Madre di Dio sempre vergine Maria, terminato il corso della vita terrena, fu assunta alla gloria celeste in anima e corpo.\u00a0<\/em><\/strong><em>Perci\u00f2, se alcuno, che Dio non voglia, osasse negare o porre in dubbio volontariamente ci\u00f2 che da Noi \u00e8 stato definito, sappia che \u00e8 venuto meno alla fede divina e cattolica.\u00bb<\/em><\/p>\n<p>In Italia, in particolare, vengono organizzati\u00a0<strong>grandi<\/strong>\u00a0<strong>festeggiamenti in molte citt\u00e0 e paesi<\/strong>. Spesso la Festa dell\u2019Assunta viene celebrata con\u00a0<strong>solenni processioni<\/strong>, durante le quali una statua che spesso rappresenta la\u00a0<strong>Madonna addormentata<\/strong>\u00a0viene portata attraverso le strade, per poi essere riposta in una bara d&#8217;oro al termine dei festeggiamenti.\u00a0Numerose sono anche le istituzioni ecclesiastiche e gli ordini religiosi dedicati all&#8217;Assunzione di Maria. Pensiamo per esempio alla processione del\u00a0santuario di\u00a0<strong>Santa Maria della Grotta<\/strong>, nei pressi di Cosenza,\u00a0dove ogni anno una donna ornata da una &#8216;cinta&#8217;, un telaio composto da candele, nastri e fiori, guida la processione di fedeli che cantano inni a Maria, fino alla grotta che ospita una statua considerata miracolosa, raggiungibile solo in barca, o\u00a0la &#8216;<strong>processione della Vara<\/strong>&#8216;, a Randazzo, nel siracusano, dove alla mezzanotte del 15 agosto un antico carro lungo venti metri, ricolmo di fiori, che simboleggia la Dormizione, l&#8217;Assunzione e l&#8217;Incoronazione di Maria, ospita venticinque &#8220;fanciulli&#8221; che cantano in onore della Vergine.<\/p>\n<h2>L&#8217;Assunzione di Maria nell&#8217;arte<\/h2>\n<p>L&#8217;Assunzione della Madonna ha ispirato nei secoli molti\u00a0<strong>artisti<\/strong>\u00a0illustri, che hanno tentato di cogliere il miracolo della sua ascesa al cielo in dipinti e statue. Cos\u00ec come l&#8217;<em>elevatio animae<\/em>\u00a0di santi e sante, anche l&#8217;Assunzione ricorre nell&#8217;iconografia religiosa da sempre. Basti pensare al grandioso affresco del\u00a0<strong>Correggio<\/strong>\u00a0sopra l&#8217;altare maggiore del Duomo di Parma, che raffigura l&#8217;Assunzione della Vergine, o il dipinto\u00a0<em>L&#8217;Assunta<\/em>, di\u00a0<strong>Tiziano<\/strong>, sull&#8217;altare maggiore della basilica di Santa Maria Gloriosa dei Frari a Venezia.<\/p>\n<h2>Coroncina dell\u2019Assunta<\/h2>\n<p>In occasione della festa\u00a0di Ferragosto festa della Madonna si pu\u00f2 invocare l&#8217;intercessione della Madonna recitando la\u00a0<strong>Coroncina dell\u2019Assunta<\/strong>, che pu\u00f2 essere ripetuta anche come Novena, a partire dal 6 agosto, fino al 15.\u00a0La Coroncina pu\u00f2 essere accompagnata da\u00a0dodici salutazioni angeliche e\u00a0invocazioni\u00a0che rimandano alla\u00a0<strong><a href=\"https:\/\/www.holyart.it\/it\/articoli-religiosi\/stellari-e-corone-per-statue\">corona di dodici stelle<\/a><\/strong>, con la quale Maria fu incoronata in cielo.<\/p>\n<p>Ecco le 12 salutazioni:<\/p>\n<p><em>Sia benedetta, o Maria, l\u2019ora nella qua\u00adle foste invitata dal vostro Signore al cielo. Ave Maria\u2026<\/em><br \/>\n<em>II. Sia benedetta, o Maria, l\u2019ora nella quale foste assunta dagli Angeli santi in cie\u00adlo. Ave Maria\u2026<\/em><br \/>\n<em>III. Sia benedetta, o Maria, l\u2019ora in cui tutta la corte celeste vi venne incontro. Ave Maria\u2026<\/em><br \/>\n<em>IV. Sia benedetta, o Maria, l\u2019ora nella quale foste ricevuta con tanto onore in cie\u00adlo. Ave Maria\u2026<\/em><br \/>\n<em>V. Sia benedetta, o Maria, l\u2019ora nella quale sedeste alla destra del vostro Figlio in cielo. Ave Maria\u2026<\/em><br \/>\n<em>VI. Sia benedetta, o Maria, l\u2019ora nella quale foste coronata con tanta gloria in cie\u00adlo. Ave Maria\u2026<\/em><br \/>\n<em>VII. Sia benedetta, o Maria, l\u2019ora in cui vi fu dato il titolo di Figlia, Madre e Sposa del Re del cielo. Ave Maria\u2026<\/em><br \/>\n<em>VIII. Sia benedetta, MMrria, l\u2019ora nella quale foste riconosciuta Regina suprema di tutto il cielo. Ave Maria\u2026<\/em><br \/>\n<em>IX. Sia benedetta, o Maria, l\u2019ora nella quale tutti gli Spiriti e Beati del cielo vi acclamarono. Ave Maria\u2026<\/em><br \/>\n<em>X. Sia benedetta, o Maria, l\u2019ora nella quale foste costituita Avvocata nostra in cielo. Ave Maria\u2026<\/em><br \/>\n<em>XI. Sia benedetta, o Maria, l\u2019ora nella quale cominciaste a intercedere per noi in cielo. Ave Maria\u2026<\/em><br \/>\n<em>XII. Sia benedetta. o Maria, l\u2019ora nella quale vi degnerete di ricevere ni tutti in cielo. Ave Maria\u2026<\/em><\/p>\n<p>Al termine si recita:<\/p>\n<p><em>O Dio, che volgendo lo sguardo all\u2019umilt\u00e0 della Vergine Maria l\u2019hai innalzata alla sublime dignit\u00e0 di madre del tuo unico Figlio fatto uomo e oggi l\u2019hai coronata di gloria incomparabile, fa\u2019 che, inseriti nel mistero di salvezza, anche noi possiamo per sua intercessione giungere fino a te nella gloria del cielo. Per Cristo nostro Signore.\u00a0Amen<\/em><em>.<\/em><\/p>\n","protected":false},"excerpt":{"rendered":"<p>Oltre a rappresentare il cuore dell&#8217;estate, i cristiani considerano Ferragosto festa della Madonna. In questo giorno si festeggia infatti l&#8217;Assunzione al cielo della Vergine. Di che si tratta? L&#8217;Assunzione di Maria al cielo \u00e8 un\u00a0dogma\u00a0di fede\u00a0dichiarato dal 1950. In realt\u00e0, questa credenza \u00e8 da sempre&hellip;<\/p>\n","protected":false},"author":1,"featured_media":7192,"comment_status":"closed","ping_status":"open","sticky":false,"template":"","format":"standard","meta":{"_acf_changed":false,"footnotes":""},"categories":[16,15],"tags":[],"class_list":["post-7171","post","type-post","status-publish","format-standard","has-post-thumbnail","hentry","category-articoli-religiosi","category-santi-e-beati"],"acf":[],"yoast_head":"<!-- This site is optimized with the Yoast SEO plugin v26.6 - https:\/\/yoast.com\/wordpress\/plugins\/seo\/ -->\n<title>Ferragosto festa della Madonna - Holyblog<\/title>\n<meta name=\"description\" content=\"Oltre a rappresentare il cuore dell&#039;estate, i cristiani considerano Ferragosto festa della Madonna. Sii festeggia infatti l&#039;Assunzione al cielo\" \/>\n<meta name=\"robots\" content=\"index, follow, max-snippet:-1, max-image-preview:large, max-video-preview:-1\" \/>\n<link rel=\"canonical\" href=\"https:\/\/blog.holyart.it\/it\/articoli-religiosi\/ferragosto-festa-della-madonna\/\" \/>\n<meta property=\"og:locale\" content=\"it_IT\" \/>\n<meta property=\"og:type\" content=\"article\" \/>\n<meta property=\"og:title\" content=\"Ferragosto festa della Madonna - Holyblog\" \/>\n<meta property=\"og:description\" content=\"Oltre a rappresentare il cuore dell&#039;estate, i cristiani considerano Ferragosto festa della Madonna. Sii festeggia infatti l&#039;Assunzione al cielo\" \/>\n<meta property=\"og:url\" content=\"https:\/\/blog.holyart.it\/it\/articoli-religiosi\/ferragosto-festa-della-madonna\/\" \/>\n<meta property=\"og:site_name\" content=\"Holyblog\" \/>\n<meta property=\"article:published_time\" content=\"2019-08-06T15:47:22+00:00\" \/>\n<meta property=\"article:modified_time\" content=\"2023-02-22T13:59:39+00:00\" \/>\n<meta property=\"og:image\" content=\"https:\/\/blog.holyart.it\/it\/wp-content\/uploads\/sites\/17\/2019\/08\/assunzione-di-maria-al-cielo.jpg\" \/>\n\t<meta property=\"og:image:width\" content=\"1000\" \/>\n\t<meta property=\"og:image:height\" content=\"666\" \/>\n\t<meta property=\"og:image:type\" content=\"image\/jpeg\" \/>\n<meta name=\"author\" content=\"Redazione\" \/>\n<meta name=\"twitter:card\" content=\"summary_large_image\" \/>\n<meta name=\"twitter:label1\" content=\"Scritto da\" \/>\n\t<meta name=\"twitter:data1\" content=\"Redazione\" \/>\n\t<meta name=\"twitter:label2\" content=\"Tempo di lettura stimato\" \/>\n\t<meta name=\"twitter:data2\" content=\"9 minuti\" \/>\n<script type=\"application\/ld+json\" class=\"yoast-schema-graph\">{\"@context\":\"https:\/\/schema.org\",\"@graph\":[{\"@type\":\"Article\",\"@id\":\"https:\/\/blog.holyart.it\/it\/articoli-religiosi\/ferragosto-festa-della-madonna\/#article\",\"isPartOf\":{\"@id\":\"https:\/\/blog.holyart.it\/it\/articoli-religiosi\/ferragosto-festa-della-madonna\/\"},\"author\":{\"name\":\"Redazione\",\"@id\":\"https:\/\/blog.holyart.it\/it\/#\/schema\/person\/0a7b686e5af0f856ec1e390dd0baecda\"},\"headline\":\"Ferragosto festa della Madonna\",\"datePublished\":\"2019-08-06T15:47:22+00:00\",\"dateModified\":\"2023-02-22T13:59:39+00:00\",\"mainEntityOfPage\":{\"@id\":\"https:\/\/blog.holyart.it\/it\/articoli-religiosi\/ferragosto-festa-della-madonna\/\"},\"wordCount\":1608,\"publisher\":{\"@id\":\"https:\/\/blog.holyart.it\/it\/#organization\"},\"image\":{\"@id\":\"https:\/\/blog.holyart.it\/it\/articoli-religiosi\/ferragosto-festa-della-madonna\/#primaryimage\"},\"thumbnailUrl\":\"https:\/\/blog.holyart.it\/it\/wp-content\/uploads\/sites\/17\/2019\/08\/assunzione-di-maria-al-cielo.jpg\",\"articleSection\":[\"Religione\",\"Santi e beati\"],\"inLanguage\":\"it-IT\"},{\"@type\":\"WebPage\",\"@id\":\"https:\/\/blog.holyart.it\/it\/articoli-religiosi\/ferragosto-festa-della-madonna\/\",\"url\":\"https:\/\/blog.holyart.it\/it\/articoli-religiosi\/ferragosto-festa-della-madonna\/\",\"name\":\"Ferragosto festa della Madonna - Holyblog\",\"isPartOf\":{\"@id\":\"https:\/\/blog.holyart.it\/it\/#website\"},\"primaryImageOfPage\":{\"@id\":\"https:\/\/blog.holyart.it\/it\/articoli-religiosi\/ferragosto-festa-della-madonna\/#primaryimage\"},\"image\":{\"@id\":\"https:\/\/blog.holyart.it\/it\/articoli-religiosi\/ferragosto-festa-della-madonna\/#primaryimage\"},\"thumbnailUrl\":\"https:\/\/blog.holyart.it\/it\/wp-content\/uploads\/sites\/17\/2019\/08\/assunzione-di-maria-al-cielo.jpg\",\"datePublished\":\"2019-08-06T15:47:22+00:00\",\"dateModified\":\"2023-02-22T13:59:39+00:00\",\"description\":\"Oltre a rappresentare il cuore dell'estate, i cristiani considerano Ferragosto festa della Madonna. Sii festeggia infatti l'Assunzione al cielo\",\"breadcrumb\":{\"@id\":\"https:\/\/blog.holyart.it\/it\/articoli-religiosi\/ferragosto-festa-della-madonna\/#breadcrumb\"},\"inLanguage\":\"it-IT\",\"potentialAction\":[{\"@type\":\"ReadAction\",\"target\":[\"https:\/\/blog.holyart.it\/it\/articoli-religiosi\/ferragosto-festa-della-madonna\/\"]}]},{\"@type\":\"ImageObject\",\"inLanguage\":\"it-IT\",\"@id\":\"https:\/\/blog.holyart.it\/it\/articoli-religiosi\/ferragosto-festa-della-madonna\/#primaryimage\",\"url\":\"https:\/\/blog.holyart.it\/it\/wp-content\/uploads\/sites\/17\/2019\/08\/assunzione-di-maria-al-cielo.jpg\",\"contentUrl\":\"https:\/\/blog.holyart.it\/it\/wp-content\/uploads\/sites\/17\/2019\/08\/assunzione-di-maria-al-cielo.jpg\",\"width\":1000,\"height\":666,\"caption\":\"assunzione di maria\"},{\"@type\":\"BreadcrumbList\",\"@id\":\"https:\/\/blog.holyart.it\/it\/articoli-religiosi\/ferragosto-festa-della-madonna\/#breadcrumb\",\"itemListElement\":[{\"@type\":\"ListItem\",\"position\":1,\"name\":\"Homepage\",\"item\":\"https:\/\/blog.holyart.it\/it\/\"},{\"@type\":\"ListItem\",\"position\":2,\"name\":\"Religione\",\"item\":\"https:\/\/blog.holyart.it\/it\/articoli-religiosi\/\"},{\"@type\":\"ListItem\",\"position\":3,\"name\":\"Ferragosto festa della Madonna\"}]},{\"@type\":\"WebSite\",\"@id\":\"https:\/\/blog.holyart.it\/it\/#website\",\"url\":\"https:\/\/blog.holyart.it\/it\/\",\"name\":\"Holyblog\",\"description\":\"Il Blog di Holyart.it\",\"publisher\":{\"@id\":\"https:\/\/blog.holyart.it\/it\/#organization\"},\"potentialAction\":[{\"@type\":\"SearchAction\",\"target\":{\"@type\":\"EntryPoint\",\"urlTemplate\":\"https:\/\/blog.holyart.it\/it\/?s={search_term_string}\"},\"query-input\":{\"@type\":\"PropertyValueSpecification\",\"valueRequired\":true,\"valueName\":\"search_term_string\"}}],\"inLanguage\":\"it-IT\"},{\"@type\":\"Organization\",\"@id\":\"https:\/\/blog.holyart.it\/it\/#organization\",\"name\":\"Holyblog\",\"url\":\"https:\/\/blog.holyart.it\/it\/\",\"logo\":{\"@type\":\"ImageObject\",\"inLanguage\":\"it-IT\",\"@id\":\"https:\/\/blog.holyart.it\/it\/#\/schema\/logo\/image\/\",\"url\":\"https:\/\/blog.holyart.it\/it\/wp-content\/uploads\/sites\/17\/2022\/12\/Holyart_Blog_Logo.jpg\",\"contentUrl\":\"https:\/\/blog.holyart.it\/it\/wp-content\/uploads\/sites\/17\/2022\/12\/Holyart_Blog_Logo.jpg\",\"width\":300,\"height\":50,\"caption\":\"Holyblog\"},\"image\":{\"@id\":\"https:\/\/blog.holyart.it\/it\/#\/schema\/logo\/image\/\"}},{\"@type\":\"Person\",\"@id\":\"https:\/\/blog.holyart.it\/it\/#\/schema\/person\/0a7b686e5af0f856ec1e390dd0baecda\",\"name\":\"Redazione\"}]}<\/script>\n<!-- \/ Yoast SEO plugin. -->","yoast_head_json":{"title":"Ferragosto festa della Madonna - Holyblog","description":"Oltre a rappresentare il cuore dell'estate, i cristiani considerano Ferragosto festa della Madonna. Sii festeggia infatti l'Assunzione al cielo","robots":{"index":"index","follow":"follow","max-snippet":"max-snippet:-1","max-image-preview":"max-image-preview:large","max-video-preview":"max-video-preview:-1"},"canonical":"https:\/\/blog.holyart.it\/it\/articoli-religiosi\/ferragosto-festa-della-madonna\/","og_locale":"it_IT","og_type":"article","og_title":"Ferragosto festa della Madonna - Holyblog","og_description":"Oltre a rappresentare il cuore dell'estate, i cristiani considerano Ferragosto festa della Madonna. Sii festeggia infatti l'Assunzione al cielo","og_url":"https:\/\/blog.holyart.it\/it\/articoli-religiosi\/ferragosto-festa-della-madonna\/","og_site_name":"Holyblog","article_published_time":"2019-08-06T15:47:22+00:00","article_modified_time":"2023-02-22T13:59:39+00:00","og_image":[{"width":1000,"height":666,"url":"https:\/\/blog.holyart.it\/it\/wp-content\/uploads\/sites\/17\/2019\/08\/assunzione-di-maria-al-cielo.jpg","type":"image\/jpeg"}],"author":"Redazione","twitter_card":"summary_large_image","twitter_misc":{"Scritto da":"Redazione","Tempo di lettura stimato":"9 minuti"},"schema":{"@context":"https:\/\/schema.org","@graph":[{"@type":"Article","@id":"https:\/\/blog.holyart.it\/it\/articoli-religiosi\/ferragosto-festa-della-madonna\/#article","isPartOf":{"@id":"https:\/\/blog.holyart.it\/it\/articoli-religiosi\/ferragosto-festa-della-madonna\/"},"author":{"name":"Redazione","@id":"https:\/\/blog.holyart.it\/it\/#\/schema\/person\/0a7b686e5af0f856ec1e390dd0baecda"},"headline":"Ferragosto festa della Madonna","datePublished":"2019-08-06T15:47:22+00:00","dateModified":"2023-02-22T13:59:39+00:00","mainEntityOfPage":{"@id":"https:\/\/blog.holyart.it\/it\/articoli-religiosi\/ferragosto-festa-della-madonna\/"},"wordCount":1608,"publisher":{"@id":"https:\/\/blog.holyart.it\/it\/#organization"},"image":{"@id":"https:\/\/blog.holyart.it\/it\/articoli-religiosi\/ferragosto-festa-della-madonna\/#primaryimage"},"thumbnailUrl":"https:\/\/blog.holyart.it\/it\/wp-content\/uploads\/sites\/17\/2019\/08\/assunzione-di-maria-al-cielo.jpg","articleSection":["Religione","Santi e beati"],"inLanguage":"it-IT"},{"@type":"WebPage","@id":"https:\/\/blog.holyart.it\/it\/articoli-religiosi\/ferragosto-festa-della-madonna\/","url":"https:\/\/blog.holyart.it\/it\/articoli-religiosi\/ferragosto-festa-della-madonna\/","name":"Ferragosto festa della Madonna - Holyblog","isPartOf":{"@id":"https:\/\/blog.holyart.it\/it\/#website"},"primaryImageOfPage":{"@id":"https:\/\/blog.holyart.it\/it\/articoli-religiosi\/ferragosto-festa-della-madonna\/#primaryimage"},"image":{"@id":"https:\/\/blog.holyart.it\/it\/articoli-religiosi\/ferragosto-festa-della-madonna\/#primaryimage"},"thumbnailUrl":"https:\/\/blog.holyart.it\/it\/wp-content\/uploads\/sites\/17\/2019\/08\/assunzione-di-maria-al-cielo.jpg","datePublished":"2019-08-06T15:47:22+00:00","dateModified":"2023-02-22T13:59:39+00:00","description":"Oltre a rappresentare il cuore dell'estate, i cristiani considerano Ferragosto festa della Madonna. Sii festeggia infatti l'Assunzione al cielo","breadcrumb":{"@id":"https:\/\/blog.holyart.it\/it\/articoli-religiosi\/ferragosto-festa-della-madonna\/#breadcrumb"},"inLanguage":"it-IT","potentialAction":[{"@type":"ReadAction","target":["https:\/\/blog.holyart.it\/it\/articoli-religiosi\/ferragosto-festa-della-madonna\/"]}]},{"@type":"ImageObject","inLanguage":"it-IT","@id":"https:\/\/blog.holyart.it\/it\/articoli-religiosi\/ferragosto-festa-della-madonna\/#primaryimage","url":"https:\/\/blog.holyart.it\/it\/wp-content\/uploads\/sites\/17\/2019\/08\/assunzione-di-maria-al-cielo.jpg","contentUrl":"https:\/\/blog.holyart.it\/it\/wp-content\/uploads\/sites\/17\/2019\/08\/assunzione-di-maria-al-cielo.jpg","width":1000,"height":666,"caption":"assunzione di maria"},{"@type":"BreadcrumbList","@id":"https:\/\/blog.holyart.it\/it\/articoli-religiosi\/ferragosto-festa-della-madonna\/#breadcrumb","itemListElement":[{"@type":"ListItem","position":1,"name":"Homepage","item":"https:\/\/blog.holyart.it\/it\/"},{"@type":"ListItem","position":2,"name":"Religione","item":"https:\/\/blog.holyart.it\/it\/articoli-religiosi\/"},{"@type":"ListItem","position":3,"name":"Ferragosto festa della Madonna"}]},{"@type":"WebSite","@id":"https:\/\/blog.holyart.it\/it\/#website","url":"https:\/\/blog.holyart.it\/it\/","name":"Holyblog","description":"Il Blog di Holyart.it","publisher":{"@id":"https:\/\/blog.holyart.it\/it\/#organization"},"potentialAction":[{"@type":"SearchAction","target":{"@type":"EntryPoint","urlTemplate":"https:\/\/blog.holyart.it\/it\/?s={search_term_string}"},"query-input":{"@type":"PropertyValueSpecification","valueRequired":true,"valueName":"search_term_string"}}],"inLanguage":"it-IT"},{"@type":"Organization","@id":"https:\/\/blog.holyart.it\/it\/#organization","name":"Holyblog","url":"https:\/\/blog.holyart.it\/it\/","logo":{"@type":"ImageObject","inLanguage":"it-IT","@id":"https:\/\/blog.holyart.it\/it\/#\/schema\/logo\/image\/","url":"https:\/\/blog.holyart.it\/it\/wp-content\/uploads\/sites\/17\/2022\/12\/Holyart_Blog_Logo.jpg","contentUrl":"https:\/\/blog.holyart.it\/it\/wp-content\/uploads\/sites\/17\/2022\/12\/Holyart_Blog_Logo.jpg","width":300,"height":50,"caption":"Holyblog"},"image":{"@id":"https:\/\/blog.holyart.it\/it\/#\/schema\/logo\/image\/"}},{"@type":"Person","@id":"https:\/\/blog.holyart.it\/it\/#\/schema\/person\/0a7b686e5af0f856ec1e390dd0baecda","name":"Redazione"}]}},"_links":{"self":[{"href":"https:\/\/blog.holyart.it\/it\/wp-json\/wp\/v2\/posts\/7171","targetHints":{"allow":["GET"]}}],"collection":[{"href":"https:\/\/blog.holyart.it\/it\/wp-json\/wp\/v2\/posts"}],"about":[{"href":"https:\/\/blog.holyart.it\/it\/wp-json\/wp\/v2\/types\/post"}],"author":[{"embeddable":true,"href":"https:\/\/blog.holyart.it\/it\/wp-json\/wp\/v2\/users\/1"}],"replies":[{"embeddable":true,"href":"https:\/\/blog.holyart.it\/it\/wp-json\/wp\/v2\/comments?post=7171"}],"version-history":[{"count":1,"href":"https:\/\/blog.holyart.it\/it\/wp-json\/wp\/v2\/posts\/7171\/revisions"}],"predecessor-version":[{"id":17336,"href":"https:\/\/blog.holyart.it\/it\/wp-json\/wp\/v2\/posts\/7171\/revisions\/17336"}],"wp:featuredmedia":[{"embeddable":true,"href":"https:\/\/blog.holyart.it\/it\/wp-json\/wp\/v2\/media\/7192"}],"wp:attachment":[{"href":"https:\/\/blog.holyart.it\/it\/wp-json\/wp\/v2\/media?parent=7171"}],"wp:term":[{"taxonomy":"category","embeddable":true,"href":"https:\/\/blog.holyart.it\/it\/wp-json\/wp\/v2\/categories?post=7171"},{"taxonomy":"post_tag","embeddable":true,"href":"https:\/\/blog.holyart.it\/it\/wp-json\/wp\/v2\/tags?post=7171"}],"curies":[{"name":"wp","href":"https:\/\/api.w.org\/{rel}","templated":true}]}}