{"id":7021,"date":"2019-07-04T14:44:37","date_gmt":"2019-07-04T12:44:37","guid":{"rendered":"https:\/\/blog.holyart.it\/it\/?p=7021"},"modified":"2025-04-16T11:39:18","modified_gmt":"2025-04-16T09:39:18","slug":"la-gerarchia-ecclesiastica-nella-chiesa-cattolica","status":"publish","type":"post","link":"https:\/\/blog.holyart.it\/it\/articoli-religiosi\/la-gerarchia-ecclesiastica-nella-chiesa-cattolica\/","title":{"rendered":"La gerarchia ecclesiastica nella Chiesa Cattolica"},"content":{"rendered":"<h4 style=\"text-align: center;\">La chiesa \u00e8 un&#8217;istituzione molto ampia e complessa. Come tale necessit\u00e0 di una gerarchia ben definita che si \u00e8 venuta a creare nel corso del tempo. Scopriamo qualcosa di pi\u00f9 sulla gerarchia ecclesiastica nella Chiesa Cattolica.<\/h4>\n\n<p style=\"text-align: justify;\">Che cosa intendiamo per gerarchia ecclesiastica? Quando Ges\u00f9 ha fondato la chiesa, il modello da cui \u00e8 partito \u00e8 stato quello della comunit\u00e0 composta da Lui, i suoi apostoli e i vari discepoli. Per certi versi questa prima definizione gerarchica \u00e8 rimasta alla base della gerarchia della chiesa cattolica che noi conosciamo.<br \/>\nIl\u00a0<strong>Papa<\/strong>, vescovo di Roma, \u00e8 il successore di San Pietro, designato da Ges\u00f9 come maestro e fondatore della chiesa cattolica.<br \/>\nI\u00a0<strong>Vescovi<\/strong>, eletti dal Papa, sono i successori degli apostoli.<br \/>\nNaturalmente, man mano che la Parola di Dio si espandeva nel mondo e con essa la chiesa, \u00e8 stato necessario creare un&#8217;organizzazione gerarchica che assicurasse un controllo capillare sul territorio e permettesse di raggiungere un numero sempre pi\u00f9 vasto di fedeli.<\/p>\n<p style=\"text-align: justify;\">La\u00a0gerarchia ecclesiastica cattolica come la conosciamo oggi \u00e8 frutto di innumerevoli concili e deliberazioni. Attraversando il tempo e avendo preso parte alle vicende umane, la chiesa ha dovuto definire una serie di figure chiave, di\u00a0<strong>cariche ecclesiastiche<\/strong>, che appoggiano il Papa e i Vescovi nel loro compito di governo e cura del popolo di Cristo. La parola<em>\u00a0gerarchia<\/em>\u00a0deriva dalle due parole greche &#8220;hier\u00f3s&#8221;,<em>\u00a0sacro<\/em>, e &#8220;arche\u00eda&#8221;,\u00a0<em>comando<\/em>.<\/p>\n<p style=\"text-align: justify;\">La gerarchia della chiesa si basa fondamentalmente sulla facolt\u00e0 o meno, da parte degli ordinati di vario livello, di\u00a0<strong>amministrare o meno i Sacramenti<\/strong>, e sul potere di intervenire a livello di giurisdizione, per esempio nominando un nuovo vescovo o assegnando una parrocchia a un prete.<\/p>\n<div class=\"link-article\" style=\"width: 100%;\"><img loading=\"lazy\" decoding=\"async\" class=\"alignleft size-medium wp-image-6872\" src=\"https:\/\/blog.holyart.it\/it\/wp-content\/uploads\/sites\/17\/2019\/06\/diacono-funzioni-300x200.jpg\" alt=\"chi sono i diaconi\" width=\"150\" height=\"100\" \/><strong><a href=\"https:\/\/www.holyart.it\/blog\/articoli-religiosi\/come-diventare-diacono-mansioni-e-formazione\/\">Come diventare diacono: mansioni e formazione<\/a><\/strong><br \/>\nChi \u00e8 il diacono e cosa fa? Come diventare diacono? Scopriamo di pi\u00f9 su questa figura da sempre presente nella chiesa cattolica, investita di compiti importanti e solenni nell\u2019ambito delle celebrazioni. <a href=\"https:\/\/www.holyart.it\/blog\/articoli-religiosi\/come-diventare-diacono-mansioni-e-formazione\/\">Leggi di pi\u00f9<\/a><\/div>\n<p style=\"text-align: justify;\">Per la prima questione si parla di &#8220;potestas ordinis&#8221;,\u00a0<em>potest\u00e0 d&#8217;Ordine<\/em>, per la seconda &#8220;potestas iurisdictionis&#8221;,\u00a0<em>potest\u00e0 di giurisdizione<\/em>.<\/p>\n<p style=\"text-align: justify;\">In un articolo precedente dedicato ai<strong>\u00a0diaconi<\/strong>\u00a0abbiamo gi\u00e0 spiegato come il Concilio Vaticano II, convocato da Papa Giovanni XXIII nel 1962, e i cui lavori si sono protratti fino al 1965 sotto la guida di Papa Paolo VI, abbia definito l&#8217;organizzazione moderna della Chiesa e l&#8217;ordine ecclesiastico. Il clero come noi lo conosciamo, e che comprende tutti coloro i quali hanno ricevuto l&#8217;Ordinazione, \u00e8 composto da\u00a0<strong>tre gradi ecclesiastici principali<\/strong>:\u00a0<strong>i Vescovi, i Presbiteri e i Diaconi<\/strong>, che costituiscono la\u00a0<strong>scala gerarchica della chiesa<\/strong>.<\/p>\n<h2 style=\"text-align: justify;\">Primo livello<\/h2>\n<p style=\"text-align: justify;\">In cima alla gerarchia ecclesiastica abbiamo gi\u00e0 indicato il\u00a0<strong>Papa<\/strong>\u00a0come Vescovo di Roma e capo supremo della Chiesa. La sua carica \u00e8 a vita.<\/p>\n<p style=\"text-align: justify;\">Dopo di lui vengono per importanza i\u00a0<strong>Cardinali<\/strong>. Infatti gli altri\u00a0<strong>vescovi<\/strong>\u00a0sono considerati i successori degli apostoli, e vengono nominati dal Papa, ma alcuni di loro possono assurgere alla carica di\u00a0<strong>Cardinali<\/strong>, sempre per sua volont\u00e0.<\/p>\n<h2 style=\"text-align: justify;\">Qual \u00e8 la\u00a0differenza tra vescovo e cardinale?<\/h2>\n<div class=\"link-product\">\n<div class=\"blocco-immagine\"><img loading=\"lazy\" decoding=\"async\" class=\"size-medium wp-image-7042\" src=\"https:\/\/blog.holyart.it\/it\/wp-content\/uploads\/sites\/17\/2019\/07\/dalmatica-viola-300x300.jpg\" alt=\"dalmatica viola\" width=\"100\" height=\"100\" \/><\/div>\n<div class=\"blocco-contenuto\">\n<div class=\"blocco-acquista\">Acquista su Holyart:<\/div>\n<div class=\"blocco-titolo\"><a href=\"https:\/\/www.holyart.it\/it\/accessori-per-la-liturgia\/paramenti-liturgici-servizi-altare-coprileggii\">Disponibili oltre 1400 Paramenti Liturgici<br \/>\nCasule, stole, servizi da altare e tanto altro<\/a><\/div>\n<\/div>\n<\/div>\n<p style=\"text-align: justify;\">I\u00a0<strong>Cardinali<\/strong>\u00a0devono aiutare il Papa ad amministrare la chiesa. Per farlo sono riuniti\u00a0nel Collegio Cardinalizio, o Collegio Sacro. Devono inoltre partecipare al conclave, ovvero all&#8217;elezione del nuovo Papa. Il colore che contraddistingue i cardinali \u00e8 il\u00a0<strong>rosso porpora<\/strong>\u00a0e il termine con cui ci si rivolge a loro \u00e8\u00a0<em>Eminenza<\/em>.<\/p>\n<p style=\"text-align: justify;\">I\u00a0<strong>Vescovi<\/strong>, invece, ottengono la loro carica mediante l&#8217;<strong>ordinazione episcopale.\u00a0<\/strong>I Vescovi, cos\u00ec come i presbiteri e i cardinali, vanno in pensione a 75 anni. I loro compiti sono guidare le\u00a0<strong>diocesi<\/strong>,<\/p>\n<p style=\"text-align: justify;\">le &#8220;<em>porzioni del popolo di Dio&#8221;,\u00a0<\/em>ovvero le unit\u00e0 territoriali e amministrative che compongono la chiesa, ordinare preti e diaconi e amministrare il Sacramento della Confermazione (cresima). I vescovi possono inoltre amministrare\u00a0<strong>tutti i Sacramenti<\/strong>, compresa l&#8217;Ordinazione religiosa.\u00a0Il colore che li contraddistingue\u00a0\u00e8 il<strong>\u00a0viola<\/strong>,\u00a0e possono essere chiamati\u00a0<em>Monsignore<\/em>\u00a0o\u00a0<em>Eccellenza<\/em>.<strong><br \/>\n<\/strong><\/p>\n<h2 style=\"text-align: justify;\">Qual \u00e8 la differenza tra vescovo e arcivescovo?<strong><br \/>\n<\/strong><\/h2>\n<p style=\"text-align: justify;\">Un semplice vescovo regge una diocesi. Un\u00a0<strong>arcivescovo<\/strong>\u00a0\u00e8 il vescovo di un&#8217;<strong>arcidiocesi<\/strong>, ovvero la diocesi a capo di una\u00a0<strong>provincia ecclesiastica<\/strong>\u00a0formata da molte diocesi. Se l&#8217;arcivescovo \u00e8 anche capo della provincia ecclesiastica assume il nome di\u00a0<strong>metropolita<\/strong>\u00a0o vescovo metropolitano. La\u00a0qualifica di arcivescovo pu\u00f2 anche essere solo onorifica.<\/p>\n<h2 style=\"text-align: justify;\">Secondo livello<\/h2>\n<p style=\"text-align: justify;\">Al secondo livello troviamo i\u00a0<strong>Presbiteri<\/strong>, cio\u00e8 i<strong>\u00a0preti<\/strong>, detti anche\u00a0<strong>parroci<\/strong>\u00a0se legati a una particolare parrocchia. Anche la parrocchia \u00e8 un&#8217;unit\u00e0 amministrative della Chiesa.<\/p>\n<p style=\"text-align: justify;\">Pi\u00f9 parrocchie compongono un vicariato, quindi un parroco potrebbe anche ricoprire la carica di\u00a0<strong>vicario<\/strong>, coordinatore di tutte le parrocchie del territorio. Anche i presbiteri vanno in pensione a 75 anni. I preti possono amministrare tutti i Sacramenti, a esclusione dell&#8217;ordinazione religiosa, impartire la benedizione eucaristica e somministrare ai fedeli l&#8217;Eucaristia.<\/p>\n<h2 style=\"text-align: justify;\">Terzo livello<\/h2>\n<p style=\"text-align: justify;\">Infine, all&#8217;ultimo livello della\u00a0gerarchia ecclesiastica, ci sono i\u00a0<strong>Diaconi<\/strong>, che assistono preti e vescovi durante le cerimonie. <a href=\"https:\/\/www.holyart.it\/blog\/articoli-religiosi\/battesimo-significato-simboli-organizzarlo\/\"><strong>Possono amministrare solo il Sacramento del Battesimo<\/strong>,<\/a> e quello del matrimonio con una particolare delega. Predicano la Parola di Dio e prestano servizio presso le comunit\u00e0 parrocchiali. Possono essere sposati e avere figli.<\/p>\n<h2 style=\"text-align: justify;\">Altri titoli ecclesiastici<\/h2>\n<p style=\"text-align: justify;\">Ci sono poi ulteriori titoli ecclesiastici e cariche pi\u00f9 o meno specifiche\u00a0solitamente ricoperte da uomini che gi\u00e0 detengono una posizione nella gerarchia ecclesiastica.<\/p>\n<p style=\"text-align: justify;\">Per esempio il\u00a0<strong>Nunzio apostolico<\/strong>\u00a0\u00e8 una sorta di ambasciatore, in quanto rappresenta la Santa Sede presso uno Stato.<\/p>\n<p style=\"text-align: justify;\">Un\u00a0<strong>Primate della chiesa<\/strong>\u00a0\u00e8 invece una carica onorifica assegnata a un vescovo o a un arcivescovo che presiede una diocesi o una arcidiocesi particolarmente antica e prestigiosa.<\/p>\n<p style=\"text-align: justify;\">Il\u00a0<strong>Vicario generale<\/strong>\u00a0\u00e8 una figura che pu\u00f2 rappresentare il vescovo nella gestione dei rapporti tra parrocchie e vicariati, i vari distretti in cui \u00e8 suddivisa territorialmente la diocesi, e nelle questioni che coinvolgono enti territoriali, amministrazione dei beni ecclesiastici e questioni giuridiche.<\/p>\n<p style=\"text-align: justify;\"><img loading=\"lazy\" decoding=\"async\" class=\"aligncenter size-full wp-image-7047\" src=\"https:\/\/blog.holyart.it\/it\/wp-content\/uploads\/sites\/17\/2019\/07\/gerarchia-chiesa-cattolica.jpg\" alt=\"gerarchia chiesa cattolica\" width=\"1000\" height=\"666\" \/><\/p>\n<h2 style=\"text-align: justify;\">Abbigliamento e colori dei vari gradi del clero<\/h2>\n<p style=\"text-align: justify;\">Naturalmente a seconda del livello di appartenenza e dei compiti affidati ai vari uomini di chiesa ci sono diversi abiti e paramenti sacri che devono essere indossati.<\/p>\n<div class=\"link-article\" style=\"width: 100%;\"><img loading=\"lazy\" decoding=\"async\" class=\"alignleft size-medium wp-image-7034\" src=\"https:\/\/blog.holyart.it\/it\/wp-content\/uploads\/sites\/17\/2019\/07\/camicia-sacerdote-300x200.jpg\" alt=\"abbigliamento clero\" width=\"150\" height=\"100\" \/><strong><a href=\"https:\/\/www.holyart.it\/blog\/articoli-religiosi\/abbigliamento-clero-la-semplice-eleganza-del-clergyman\">Abbigliamento clero: la semplice eleganza del clergyman<\/a><\/strong><br \/>\nSemplicit\u00e0 e sobriet\u00e0: ecco come ci si aspetta che un sacerdote si vesta. Abiti pratici, che permettano di identificarlo subito per quello che \u00e8, per il ruolo che riveste. <a href=\"https:\/\/www.holyart.it\/blog\/articoli-religiosi\/abbigliamento-clero-la-semplice-eleganza-del-clergyman\">Leggi di pi\u00f9<\/a><\/div>\n<p style=\"text-align: justify;\">L&#8217;<strong>abito ecclesiastico<\/strong>\u00a0\u00e8 infatti un obbligo sancito dal codice di diritto canonico e dal 1983 la Conferenza Episcopale Italiana ha decretato l&#8217;obbligo della\u00a0<strong>veste talare<\/strong>\u00a0o del\u00a0<strong><a href=\"https:\/\/www.holyart.it\/it\/accessori-per-la-liturgia\/abbigliamento-clero\/camicie-clergyman\">clergyman<\/a><\/strong>\u00a0per tutti gli appartenenti al clero. I presbiteri possono indossare semplicemente la veste talare, o in alternativa il clergyman, eventualmente corredati da altri accessori ed indumenti. In particolare la\u00a0<strong>fascia<\/strong>\u00a0\u00e8 un accessorio che permette di individuare, grazie al\u00a0<strong>colore<\/strong>, il livello a cui appartiene l&#8217;uomo di chiesa: essa sar\u00e0 nera per i semplici preti, viola scuro per il Vescovo e in generale gli alti prelati, viola scuro marezzata per il Nunzio Apostolico, rossa marezzato per un Cardinale, bianca marezzata con frangia dorata per il Papa.<\/p>\n<p style=\"text-align: justify;\">Anche il\u00a0<strong>saturno<\/strong>, il tipico copricapo nero che i presbiteri indossano con l&#8217;abito talare,\u00a0\u00e8 ornato con fiocchi che cambiano colore a seconda dei gradi religiosi di chi lo indossa: verde per i vescovi, rosso per i cardinali, rosso con ornamenti d&#8217;oro per il Papa.<\/p>\n<div class=\"link-product\">\n<div class=\"blocco-immagine\"><img loading=\"lazy\" decoding=\"async\" class=\"size-medium wp-image-7050\" src=\"https:\/\/blog.holyart.it\/it\/wp-content\/uploads\/sites\/17\/2019\/07\/piviale-300x300.jpg\" alt=\"piviale\" width=\"100\" height=\"100\" \/><\/div>\n<div class=\"blocco-contenuto\">\n<div class=\"blocco-acquista\">Acquista su Holyart:<\/div>\n<div class=\"blocco-titolo\"><a href=\"https:\/\/www.holyart.it\/it\/accessori-per-la-liturgia\/paramenti-liturgici-servizi-altare-coprileggii\/piviali-pianete-liturgiche-dalmatiche?sorter_id=0&amp;sort=20a\">Oltre 160 Piviali, Pianete Liturgiche e Dalmatiche<br \/>\nTutti realizzati artigianalmente a mano in Italia<\/a><\/div>\n<\/div>\n<\/div>\n<p style=\"text-align: justify;\">La\u00a0<strong>pellegrina<\/strong>, antico indumento distintivo dei pellegrini, \u00e8 diventata nel tempo una veste ecclesiastica riservata ai vescovi. Si tratta di una mantella corta aperta sul davanti. La pellegrina \u00e8 nera con bordi e fodera cremisi per i vescovi, con bordi e fodera rosso vivo per i cardinali, bianca per il Papa. L&#8217;alternativa alla pellegrina \u00e8 la\u00a0<strong>mozzetta<\/strong>,\u00a0mantellina corta, chiusa sul petto da bottoni, sempre riservata agli alti prelati.<\/p>\n<p style=\"text-align: justify;\">C&#8217;\u00e8 poi il<strong>\u00a0piviale<\/strong>, ampio mantello con abbozzo di cappuccio lungo quasi fino ai piedi e aperto sul davanti. Viene indossato dai vescovi e dai presbiteri nelle celebrazioni solenni al di fuori della messa ed \u00e8 fermato sul petto da un fermaglio che varia a seconda del grado ecclesiastico.<\/p>\n<p style=\"text-align: justify;\">I diaconi indossano invece la\u00a0<strong><a href=\"https:\/\/www.holyart.it\/it\/accessori-per-la-liturgia\/paramenti-liturgici-servizi-altare-coprileggii\/piviali-pianete-liturgiche-dalmatiche\">dalmatica<\/a><\/strong>, una\u00a0lunga tunica con le maniche larghe, ma\u00a0pu\u00f2 essere indossata da un vescovo, sotto <a href=\"https:\/\/www.holyart.it\/it\/accessori-per-la-liturgia\/paramenti-liturgici-servizi-altare-coprileggii\/casule\"><strong>la<\/strong> <strong>casula o la pianeta<\/strong><\/a>.<\/p>\n","protected":false},"excerpt":{"rendered":"<p>La chiesa \u00e8 un&#8217;istituzione molto ampia e complessa. Come tale necessit\u00e0 di una gerarchia ben definita che si \u00e8 venuta a creare nel corso del tempo. Scopriamo qualcosa di pi\u00f9 sulla gerarchia ecclesiastica nella Chiesa Cattolica. Che cosa intendiamo per gerarchia ecclesiastica? Quando Ges\u00f9 ha&hellip;<\/p>\n","protected":false},"author":1,"featured_media":7045,"comment_status":"closed","ping_status":"open","sticky":false,"template":"","format":"standard","meta":{"_acf_changed":false,"footnotes":""},"categories":[16],"tags":[],"class_list":["post-7021","post","type-post","status-publish","format-standard","has-post-thumbnail","hentry","category-articoli-religiosi"],"acf":[],"yoast_head":"<!-- This site is optimized with the Yoast SEO plugin v26.6 - https:\/\/yoast.com\/wordpress\/plugins\/seo\/ -->\n<title>La gerarchia ecclesiastica nella Chiesa Cattolica - Holyblog<\/title>\n<meta name=\"description\" content=\"La chiesa \u00e8 un&#039;istituzione molto ampia e complessa. Come tale necessit\u00e0 di una gerarchia ben definita che si \u00e8 venuta a creare nel corso del tempo.\" \/>\n<meta name=\"robots\" content=\"index, follow, max-snippet:-1, max-image-preview:large, max-video-preview:-1\" \/>\n<link rel=\"canonical\" href=\"https:\/\/blog.holyart.it\/it\/articoli-religiosi\/la-gerarchia-ecclesiastica-nella-chiesa-cattolica\/\" \/>\n<meta property=\"og:locale\" content=\"it_IT\" \/>\n<meta property=\"og:type\" content=\"article\" \/>\n<meta property=\"og:title\" content=\"La gerarchia ecclesiastica nella Chiesa Cattolica - Holyblog\" \/>\n<meta property=\"og:description\" content=\"La chiesa \u00e8 un&#039;istituzione molto ampia e complessa. Come tale necessit\u00e0 di una gerarchia ben definita che si \u00e8 venuta a creare nel corso del tempo.\" \/>\n<meta property=\"og:url\" content=\"https:\/\/blog.holyart.it\/it\/articoli-religiosi\/la-gerarchia-ecclesiastica-nella-chiesa-cattolica\/\" \/>\n<meta property=\"og:site_name\" content=\"Holyblog\" \/>\n<meta property=\"article:published_time\" content=\"2019-07-04T12:44:37+00:00\" \/>\n<meta property=\"article:modified_time\" content=\"2025-04-16T09:39:18+00:00\" \/>\n<meta property=\"og:image\" content=\"https:\/\/blog.holyart.it\/it\/wp-content\/uploads\/sites\/17\/2019\/07\/clero-chiesa.jpg\" \/>\n\t<meta property=\"og:image:width\" content=\"1000\" \/>\n\t<meta property=\"og:image:height\" content=\"666\" \/>\n\t<meta property=\"og:image:type\" content=\"image\/jpeg\" \/>\n<meta name=\"author\" content=\"Redazione\" \/>\n<meta name=\"twitter:card\" content=\"summary_large_image\" \/>\n<meta name=\"twitter:label1\" content=\"Scritto da\" \/>\n\t<meta name=\"twitter:data1\" content=\"Redazione\" \/>\n\t<meta name=\"twitter:label2\" content=\"Tempo di lettura stimato\" \/>\n\t<meta name=\"twitter:data2\" content=\"9 minuti\" \/>\n<script type=\"application\/ld+json\" class=\"yoast-schema-graph\">{\"@context\":\"https:\/\/schema.org\",\"@graph\":[{\"@type\":\"Article\",\"@id\":\"https:\/\/blog.holyart.it\/it\/articoli-religiosi\/la-gerarchia-ecclesiastica-nella-chiesa-cattolica\/#article\",\"isPartOf\":{\"@id\":\"https:\/\/blog.holyart.it\/it\/articoli-religiosi\/la-gerarchia-ecclesiastica-nella-chiesa-cattolica\/\"},\"author\":{\"name\":\"Redazione\",\"@id\":\"https:\/\/blog.holyart.it\/it\/#\/schema\/person\/0a7b686e5af0f856ec1e390dd0baecda\"},\"headline\":\"La gerarchia ecclesiastica nella Chiesa Cattolica\",\"datePublished\":\"2019-07-04T12:44:37+00:00\",\"dateModified\":\"2025-04-16T09:39:18+00:00\",\"mainEntityOfPage\":{\"@id\":\"https:\/\/blog.holyart.it\/it\/articoli-religiosi\/la-gerarchia-ecclesiastica-nella-chiesa-cattolica\/\"},\"wordCount\":1318,\"publisher\":{\"@id\":\"https:\/\/blog.holyart.it\/it\/#organization\"},\"image\":{\"@id\":\"https:\/\/blog.holyart.it\/it\/articoli-religiosi\/la-gerarchia-ecclesiastica-nella-chiesa-cattolica\/#primaryimage\"},\"thumbnailUrl\":\"https:\/\/blog.holyart.it\/it\/wp-content\/uploads\/sites\/17\/2019\/07\/clero-chiesa.jpg\",\"articleSection\":[\"Religione\"],\"inLanguage\":\"it-IT\"},{\"@type\":\"WebPage\",\"@id\":\"https:\/\/blog.holyart.it\/it\/articoli-religiosi\/la-gerarchia-ecclesiastica-nella-chiesa-cattolica\/\",\"url\":\"https:\/\/blog.holyart.it\/it\/articoli-religiosi\/la-gerarchia-ecclesiastica-nella-chiesa-cattolica\/\",\"name\":\"La gerarchia ecclesiastica nella Chiesa Cattolica - Holyblog\",\"isPartOf\":{\"@id\":\"https:\/\/blog.holyart.it\/it\/#website\"},\"primaryImageOfPage\":{\"@id\":\"https:\/\/blog.holyart.it\/it\/articoli-religiosi\/la-gerarchia-ecclesiastica-nella-chiesa-cattolica\/#primaryimage\"},\"image\":{\"@id\":\"https:\/\/blog.holyart.it\/it\/articoli-religiosi\/la-gerarchia-ecclesiastica-nella-chiesa-cattolica\/#primaryimage\"},\"thumbnailUrl\":\"https:\/\/blog.holyart.it\/it\/wp-content\/uploads\/sites\/17\/2019\/07\/clero-chiesa.jpg\",\"datePublished\":\"2019-07-04T12:44:37+00:00\",\"dateModified\":\"2025-04-16T09:39:18+00:00\",\"description\":\"La chiesa \u00e8 un'istituzione molto ampia e complessa. Come tale necessit\u00e0 di una gerarchia ben definita che si \u00e8 venuta a creare nel corso del tempo.\",\"breadcrumb\":{\"@id\":\"https:\/\/blog.holyart.it\/it\/articoli-religiosi\/la-gerarchia-ecclesiastica-nella-chiesa-cattolica\/#breadcrumb\"},\"inLanguage\":\"it-IT\",\"potentialAction\":[{\"@type\":\"ReadAction\",\"target\":[\"https:\/\/blog.holyart.it\/it\/articoli-religiosi\/la-gerarchia-ecclesiastica-nella-chiesa-cattolica\/\"]}]},{\"@type\":\"ImageObject\",\"inLanguage\":\"it-IT\",\"@id\":\"https:\/\/blog.holyart.it\/it\/articoli-religiosi\/la-gerarchia-ecclesiastica-nella-chiesa-cattolica\/#primaryimage\",\"url\":\"https:\/\/blog.holyart.it\/it\/wp-content\/uploads\/sites\/17\/2019\/07\/clero-chiesa.jpg\",\"contentUrl\":\"https:\/\/blog.holyart.it\/it\/wp-content\/uploads\/sites\/17\/2019\/07\/clero-chiesa.jpg\",\"width\":1000,\"height\":666,\"caption\":\"clero chiesa\"},{\"@type\":\"BreadcrumbList\",\"@id\":\"https:\/\/blog.holyart.it\/it\/articoli-religiosi\/la-gerarchia-ecclesiastica-nella-chiesa-cattolica\/#breadcrumb\",\"itemListElement\":[{\"@type\":\"ListItem\",\"position\":1,\"name\":\"Homepage\",\"item\":\"https:\/\/blog.holyart.it\/it\/\"},{\"@type\":\"ListItem\",\"position\":2,\"name\":\"Religione\",\"item\":\"https:\/\/blog.holyart.it\/it\/articoli-religiosi\/\"},{\"@type\":\"ListItem\",\"position\":3,\"name\":\"La gerarchia ecclesiastica nella Chiesa Cattolica\"}]},{\"@type\":\"WebSite\",\"@id\":\"https:\/\/blog.holyart.it\/it\/#website\",\"url\":\"https:\/\/blog.holyart.it\/it\/\",\"name\":\"Holyblog\",\"description\":\"Il Blog di Holyart.it\",\"publisher\":{\"@id\":\"https:\/\/blog.holyart.it\/it\/#organization\"},\"potentialAction\":[{\"@type\":\"SearchAction\",\"target\":{\"@type\":\"EntryPoint\",\"urlTemplate\":\"https:\/\/blog.holyart.it\/it\/?s={search_term_string}\"},\"query-input\":{\"@type\":\"PropertyValueSpecification\",\"valueRequired\":true,\"valueName\":\"search_term_string\"}}],\"inLanguage\":\"it-IT\"},{\"@type\":\"Organization\",\"@id\":\"https:\/\/blog.holyart.it\/it\/#organization\",\"name\":\"Holyblog\",\"url\":\"https:\/\/blog.holyart.it\/it\/\",\"logo\":{\"@type\":\"ImageObject\",\"inLanguage\":\"it-IT\",\"@id\":\"https:\/\/blog.holyart.it\/it\/#\/schema\/logo\/image\/\",\"url\":\"https:\/\/blog.holyart.it\/it\/wp-content\/uploads\/sites\/17\/2022\/12\/Holyart_Blog_Logo.jpg\",\"contentUrl\":\"https:\/\/blog.holyart.it\/it\/wp-content\/uploads\/sites\/17\/2022\/12\/Holyart_Blog_Logo.jpg\",\"width\":300,\"height\":50,\"caption\":\"Holyblog\"},\"image\":{\"@id\":\"https:\/\/blog.holyart.it\/it\/#\/schema\/logo\/image\/\"}},{\"@type\":\"Person\",\"@id\":\"https:\/\/blog.holyart.it\/it\/#\/schema\/person\/0a7b686e5af0f856ec1e390dd0baecda\",\"name\":\"Redazione\"}]}<\/script>\n<!-- \/ Yoast SEO plugin. -->","yoast_head_json":{"title":"La gerarchia ecclesiastica nella Chiesa Cattolica - Holyblog","description":"La chiesa \u00e8 un'istituzione molto ampia e complessa. Come tale necessit\u00e0 di una gerarchia ben definita che si \u00e8 venuta a creare nel corso del tempo.","robots":{"index":"index","follow":"follow","max-snippet":"max-snippet:-1","max-image-preview":"max-image-preview:large","max-video-preview":"max-video-preview:-1"},"canonical":"https:\/\/blog.holyart.it\/it\/articoli-religiosi\/la-gerarchia-ecclesiastica-nella-chiesa-cattolica\/","og_locale":"it_IT","og_type":"article","og_title":"La gerarchia ecclesiastica nella Chiesa Cattolica - Holyblog","og_description":"La chiesa \u00e8 un'istituzione molto ampia e complessa. Come tale necessit\u00e0 di una gerarchia ben definita che si \u00e8 venuta a creare nel corso del tempo.","og_url":"https:\/\/blog.holyart.it\/it\/articoli-religiosi\/la-gerarchia-ecclesiastica-nella-chiesa-cattolica\/","og_site_name":"Holyblog","article_published_time":"2019-07-04T12:44:37+00:00","article_modified_time":"2025-04-16T09:39:18+00:00","og_image":[{"width":1000,"height":666,"url":"https:\/\/blog.holyart.it\/it\/wp-content\/uploads\/sites\/17\/2019\/07\/clero-chiesa.jpg","type":"image\/jpeg"}],"author":"Redazione","twitter_card":"summary_large_image","twitter_misc":{"Scritto da":"Redazione","Tempo di lettura stimato":"9 minuti"},"schema":{"@context":"https:\/\/schema.org","@graph":[{"@type":"Article","@id":"https:\/\/blog.holyart.it\/it\/articoli-religiosi\/la-gerarchia-ecclesiastica-nella-chiesa-cattolica\/#article","isPartOf":{"@id":"https:\/\/blog.holyart.it\/it\/articoli-religiosi\/la-gerarchia-ecclesiastica-nella-chiesa-cattolica\/"},"author":{"name":"Redazione","@id":"https:\/\/blog.holyart.it\/it\/#\/schema\/person\/0a7b686e5af0f856ec1e390dd0baecda"},"headline":"La gerarchia ecclesiastica nella Chiesa Cattolica","datePublished":"2019-07-04T12:44:37+00:00","dateModified":"2025-04-16T09:39:18+00:00","mainEntityOfPage":{"@id":"https:\/\/blog.holyart.it\/it\/articoli-religiosi\/la-gerarchia-ecclesiastica-nella-chiesa-cattolica\/"},"wordCount":1318,"publisher":{"@id":"https:\/\/blog.holyart.it\/it\/#organization"},"image":{"@id":"https:\/\/blog.holyart.it\/it\/articoli-religiosi\/la-gerarchia-ecclesiastica-nella-chiesa-cattolica\/#primaryimage"},"thumbnailUrl":"https:\/\/blog.holyart.it\/it\/wp-content\/uploads\/sites\/17\/2019\/07\/clero-chiesa.jpg","articleSection":["Religione"],"inLanguage":"it-IT"},{"@type":"WebPage","@id":"https:\/\/blog.holyart.it\/it\/articoli-religiosi\/la-gerarchia-ecclesiastica-nella-chiesa-cattolica\/","url":"https:\/\/blog.holyart.it\/it\/articoli-religiosi\/la-gerarchia-ecclesiastica-nella-chiesa-cattolica\/","name":"La gerarchia ecclesiastica nella Chiesa Cattolica - Holyblog","isPartOf":{"@id":"https:\/\/blog.holyart.it\/it\/#website"},"primaryImageOfPage":{"@id":"https:\/\/blog.holyart.it\/it\/articoli-religiosi\/la-gerarchia-ecclesiastica-nella-chiesa-cattolica\/#primaryimage"},"image":{"@id":"https:\/\/blog.holyart.it\/it\/articoli-religiosi\/la-gerarchia-ecclesiastica-nella-chiesa-cattolica\/#primaryimage"},"thumbnailUrl":"https:\/\/blog.holyart.it\/it\/wp-content\/uploads\/sites\/17\/2019\/07\/clero-chiesa.jpg","datePublished":"2019-07-04T12:44:37+00:00","dateModified":"2025-04-16T09:39:18+00:00","description":"La chiesa \u00e8 un'istituzione molto ampia e complessa. Come tale necessit\u00e0 di una gerarchia ben definita che si \u00e8 venuta a creare nel corso del tempo.","breadcrumb":{"@id":"https:\/\/blog.holyart.it\/it\/articoli-religiosi\/la-gerarchia-ecclesiastica-nella-chiesa-cattolica\/#breadcrumb"},"inLanguage":"it-IT","potentialAction":[{"@type":"ReadAction","target":["https:\/\/blog.holyart.it\/it\/articoli-religiosi\/la-gerarchia-ecclesiastica-nella-chiesa-cattolica\/"]}]},{"@type":"ImageObject","inLanguage":"it-IT","@id":"https:\/\/blog.holyart.it\/it\/articoli-religiosi\/la-gerarchia-ecclesiastica-nella-chiesa-cattolica\/#primaryimage","url":"https:\/\/blog.holyart.it\/it\/wp-content\/uploads\/sites\/17\/2019\/07\/clero-chiesa.jpg","contentUrl":"https:\/\/blog.holyart.it\/it\/wp-content\/uploads\/sites\/17\/2019\/07\/clero-chiesa.jpg","width":1000,"height":666,"caption":"clero chiesa"},{"@type":"BreadcrumbList","@id":"https:\/\/blog.holyart.it\/it\/articoli-religiosi\/la-gerarchia-ecclesiastica-nella-chiesa-cattolica\/#breadcrumb","itemListElement":[{"@type":"ListItem","position":1,"name":"Homepage","item":"https:\/\/blog.holyart.it\/it\/"},{"@type":"ListItem","position":2,"name":"Religione","item":"https:\/\/blog.holyart.it\/it\/articoli-religiosi\/"},{"@type":"ListItem","position":3,"name":"La gerarchia ecclesiastica nella Chiesa Cattolica"}]},{"@type":"WebSite","@id":"https:\/\/blog.holyart.it\/it\/#website","url":"https:\/\/blog.holyart.it\/it\/","name":"Holyblog","description":"Il Blog di Holyart.it","publisher":{"@id":"https:\/\/blog.holyart.it\/it\/#organization"},"potentialAction":[{"@type":"SearchAction","target":{"@type":"EntryPoint","urlTemplate":"https:\/\/blog.holyart.it\/it\/?s={search_term_string}"},"query-input":{"@type":"PropertyValueSpecification","valueRequired":true,"valueName":"search_term_string"}}],"inLanguage":"it-IT"},{"@type":"Organization","@id":"https:\/\/blog.holyart.it\/it\/#organization","name":"Holyblog","url":"https:\/\/blog.holyart.it\/it\/","logo":{"@type":"ImageObject","inLanguage":"it-IT","@id":"https:\/\/blog.holyart.it\/it\/#\/schema\/logo\/image\/","url":"https:\/\/blog.holyart.it\/it\/wp-content\/uploads\/sites\/17\/2022\/12\/Holyart_Blog_Logo.jpg","contentUrl":"https:\/\/blog.holyart.it\/it\/wp-content\/uploads\/sites\/17\/2022\/12\/Holyart_Blog_Logo.jpg","width":300,"height":50,"caption":"Holyblog"},"image":{"@id":"https:\/\/blog.holyart.it\/it\/#\/schema\/logo\/image\/"}},{"@type":"Person","@id":"https:\/\/blog.holyart.it\/it\/#\/schema\/person\/0a7b686e5af0f856ec1e390dd0baecda","name":"Redazione"}]}},"_links":{"self":[{"href":"https:\/\/blog.holyart.it\/it\/wp-json\/wp\/v2\/posts\/7021","targetHints":{"allow":["GET"]}}],"collection":[{"href":"https:\/\/blog.holyart.it\/it\/wp-json\/wp\/v2\/posts"}],"about":[{"href":"https:\/\/blog.holyart.it\/it\/wp-json\/wp\/v2\/types\/post"}],"author":[{"embeddable":true,"href":"https:\/\/blog.holyart.it\/it\/wp-json\/wp\/v2\/users\/1"}],"replies":[{"embeddable":true,"href":"https:\/\/blog.holyart.it\/it\/wp-json\/wp\/v2\/comments?post=7021"}],"version-history":[{"count":3,"href":"https:\/\/blog.holyart.it\/it\/wp-json\/wp\/v2\/posts\/7021\/revisions"}],"predecessor-version":[{"id":21737,"href":"https:\/\/blog.holyart.it\/it\/wp-json\/wp\/v2\/posts\/7021\/revisions\/21737"}],"wp:featuredmedia":[{"embeddable":true,"href":"https:\/\/blog.holyart.it\/it\/wp-json\/wp\/v2\/media\/7045"}],"wp:attachment":[{"href":"https:\/\/blog.holyart.it\/it\/wp-json\/wp\/v2\/media?parent=7021"}],"wp:term":[{"taxonomy":"category","embeddable":true,"href":"https:\/\/blog.holyart.it\/it\/wp-json\/wp\/v2\/categories?post=7021"},{"taxonomy":"post_tag","embeddable":true,"href":"https:\/\/blog.holyart.it\/it\/wp-json\/wp\/v2\/tags?post=7021"}],"curies":[{"name":"wp","href":"https:\/\/api.w.org\/{rel}","templated":true}]}}