{"id":702,"date":"2017-07-04T10:41:37","date_gmt":"2017-07-04T08:41:37","guid":{"rendered":"https:\/\/blog.holyart.it\/it\/?p=702"},"modified":"2017-07-05T15:40:37","modified_gmt":"2017-07-05T13:40:37","slug":"san-paolo-tarso-storia-un-missionario","status":"publish","type":"post","link":"https:\/\/blog.holyart.it\/it\/santi-e-beati\/san-paolo-tarso-storia-un-missionario\/","title":{"rendered":"San Paolo di Tarso: storia di un missionario"},"content":{"rendered":"<p><strong>San Paolo di Tarso<\/strong> pu\u00f2 essere considerato il primo, grande missionario della Chiesa cristiana. La sua opera di proselita, il suo contributo nella diffusione del messaggio evangelico in tutto il bacino del Mediterraneo, non conosce uguali. Questa sua eccellenza risulta ancora pi\u00f9 straordinaria se si pensa alla sua conversione da feroce persecutore dei cristiani a loro pastore e difensore. Sebbene egli non avesse conosciuto di persona Ges\u00f9, paradossalmente fu tra i suoi discepoli il pi\u00f9 fervente e appassionato. <strong>La sua stessa vita, di fatto, \u00e8 una testimonianza della grandezza divina, del potere salvifico della Grazia.<\/strong><\/p>\n<p>San Paolo nacque a Tarso, nella Cilicia, intorno al 5-10 d.C. La sua famiglia era di origine ebraica, ma godeva della cittadinanza romana. Paolo, o Saul, come si chiamava allora, crebbe nell\u2019ambito della cultura ebraica, e anche i suoi studi seguirono i dettami della scuola rabbinica.<\/p>\n<figure id=\"attachment_745\" aria-describedby=\"caption-attachment-745\" style=\"width: 300px\" class=\"wp-caption alignright\"><img loading=\"lazy\" decoding=\"async\" class=\"size-medium wp-image-745\" src=\"https:\/\/blog.holyart.it\/it\/wp-content\/uploads\/sites\/17\/2017\/07\/Statua-San-Paolo-di-Tarso-300x300.jpg\" alt=\"Statua San Paolo di Tarso\" width=\"300\" height=\"300\" \/><figcaption id=\"caption-attachment-745\" class=\"wp-caption-text\"><center><strong><a style=\"color: #0000ff; font-size: 17px;\" href=\"https:\/\/www.holyart.it\/it\/articoli-religiosi\/statue\/statue-in-vetroresina\/san-paolo-cm-160-vetroresina-colorata\">Acquista su Holyart<\/a><\/strong><\/center><\/figcaption><\/figure>\n<p>Inviato a Gerusalemme per studiare, ebbe il primo contatto con i cristiani ai suoi occhi una setta di pericolosi sovversivi da estirpare con ogni mezzo in nome della legge giudaica.<\/p>\n<p>Crescendo, il suo fervore anticristiano si tramut\u00f2 in una vera e propria missione. San Paolo, prima di divenire colui che sarebbe divenuto, contribu\u00ec all\u2019arresto e alla condanna di innumerevoli cristiani.<\/p>\n<p>Fu proprio mentre inseguiva un gruppo di cristiani in fuga verso Damasco che fu colto da un\u2019improvvisa visione. Una luce dal cielo lo invest\u00ec, rendendolo cieco, e una voce gli chiese: \u201cSaul, Saul, perch\u00e9 mi perseguiti?\u201d. E lui: \u201cChi sei o Signore?\u201d; e la voce: \u201cIo sono Ges\u00f9 che tu perseguiti. Ors\u00f9 alzati ed entra nella citt\u00e0 e ti sar\u00e0 detto ci\u00f2 che devi fare\u201d (Atti 9, 3-7).<\/p>\n<p>Non fu facile per Saul comprendere quella chiamata, n\u00e9 adeguarsi alla sua nuova vita. Rinnegato dalla sua stessa gente, guardato con sospetto da coloro i quali erano abituati a vederlo come un nemico, inizi\u00f2 la sua predicazione armato solo del proprio entusiasmo. L\u2019incontro e la frequentazione con Pietro e gli altri Apostoli lo resero edotto riguardo alla vita e alla Parola di Ges\u00f9. Da allora intraprese una serie di viaggi apostolici, spesso accompagnato dall\u2019apostolo Barnaba e da altri discepoli e amici. Conobbe persecuzioni e prigionia, da parte degli ebrei e dei romani, ma non si ferm\u00f2 mai, animato da uno zelo inesauribile, da una sete di verit\u00e0 contagiosa. La sua missione lo port\u00f2 al martirio, a Roma.<\/p>\n<p><strong>Le Lettere e i testi che ha lasciato sono alla base della Dottrina della Chiesa come la conosciamo.<\/strong><\/p>\n<p>Egli ha toccato nei suoi studi e nelle sue predicazioni tutti gli argomenti legati alla vita terrena degli uomini e al cammino verso la salvezza.<\/p>\n<p>In San Paolo la Chiesa riconosce uno dei suoi pi\u00f9 grandi sapienti, e il primo dei suoi predicatori.<\/p>\n","protected":false},"excerpt":{"rendered":"<p>San Paolo di Tarso pu\u00f2 essere considerato il primo, grande missionario della Chiesa cristiana. La sua opera di proselita, il suo contributo nella diffusione del messaggio evangelico in tutto il bacino del Mediterraneo, non conosce uguali. Questa sua eccellenza risulta ancora pi\u00f9 straordinaria se si&hellip;<\/p>\n","protected":false},"author":1,"featured_media":703,"comment_status":"closed","ping_status":"open","sticky":false,"template":"","format":"standard","meta":{"_acf_changed":false,"footnotes":""},"categories":[15],"tags":[],"class_list":["post-702","post","type-post","status-publish","format-standard","has-post-thumbnail","hentry","category-santi-e-beati"],"acf":[],"yoast_head":"<!-- This site is optimized with the Yoast SEO plugin v26.6 - https:\/\/yoast.com\/wordpress\/plugins\/seo\/ -->\n<title>San Paolo di Tarso: storia di un missionario - Holyblog<\/title>\n<meta name=\"description\" content=\"San Paolo di Tarso pu\u00f2 essere considerato il primo, grande missionario della Chiesa cristiana. La sua opera di proselita non conosce uguali.\" \/>\n<meta name=\"robots\" content=\"index, follow, max-snippet:-1, max-image-preview:large, max-video-preview:-1\" \/>\n<link rel=\"canonical\" href=\"https:\/\/blog.holyart.it\/it\/santi-e-beati\/san-paolo-tarso-storia-un-missionario\/\" \/>\n<meta property=\"og:locale\" content=\"it_IT\" \/>\n<meta property=\"og:type\" content=\"article\" \/>\n<meta property=\"og:title\" content=\"San Paolo di Tarso: storia di un missionario - Holyblog\" \/>\n<meta property=\"og:description\" content=\"San Paolo di Tarso pu\u00f2 essere considerato il primo, grande missionario della Chiesa cristiana. La sua opera di proselita non conosce uguali.\" \/>\n<meta property=\"og:url\" content=\"https:\/\/blog.holyart.it\/it\/santi-e-beati\/san-paolo-tarso-storia-un-missionario\/\" \/>\n<meta property=\"og:site_name\" content=\"Holyblog\" \/>\n<meta property=\"article:published_time\" content=\"2017-07-04T08:41:37+00:00\" \/>\n<meta property=\"article:modified_time\" content=\"2017-07-05T13:40:37+00:00\" \/>\n<meta property=\"og:image\" content=\"https:\/\/blog.holyart.it\/it\/wp-content\/uploads\/sites\/17\/2017\/06\/San-Paolo-di-Tarso.jpg\" \/>\n\t<meta property=\"og:image:width\" content=\"1000\" \/>\n\t<meta property=\"og:image:height\" content=\"667\" \/>\n\t<meta property=\"og:image:type\" content=\"image\/jpeg\" \/>\n<meta name=\"author\" content=\"Redazione\" \/>\n<meta name=\"twitter:card\" content=\"summary_large_image\" \/>\n<meta name=\"twitter:label1\" content=\"Scritto da\" \/>\n\t<meta name=\"twitter:data1\" content=\"Redazione\" \/>\n\t<meta name=\"twitter:label2\" content=\"Tempo di lettura stimato\" \/>\n\t<meta name=\"twitter:data2\" content=\"2 minuti\" \/>\n<script type=\"application\/ld+json\" class=\"yoast-schema-graph\">{\"@context\":\"https:\/\/schema.org\",\"@graph\":[{\"@type\":\"Article\",\"@id\":\"https:\/\/blog.holyart.it\/it\/santi-e-beati\/san-paolo-tarso-storia-un-missionario\/#article\",\"isPartOf\":{\"@id\":\"https:\/\/blog.holyart.it\/it\/santi-e-beati\/san-paolo-tarso-storia-un-missionario\/\"},\"author\":{\"name\":\"Redazione\",\"@id\":\"https:\/\/blog.holyart.it\/it\/#\/schema\/person\/0a7b686e5af0f856ec1e390dd0baecda\"},\"headline\":\"San Paolo di Tarso: storia di un missionario\",\"datePublished\":\"2017-07-04T08:41:37+00:00\",\"dateModified\":\"2017-07-05T13:40:37+00:00\",\"mainEntityOfPage\":{\"@id\":\"https:\/\/blog.holyart.it\/it\/santi-e-beati\/san-paolo-tarso-storia-un-missionario\/\"},\"wordCount\":469,\"publisher\":{\"@id\":\"https:\/\/blog.holyart.it\/it\/#organization\"},\"image\":{\"@id\":\"https:\/\/blog.holyart.it\/it\/santi-e-beati\/san-paolo-tarso-storia-un-missionario\/#primaryimage\"},\"thumbnailUrl\":\"https:\/\/blog.holyart.it\/it\/wp-content\/uploads\/sites\/17\/2017\/06\/San-Paolo-di-Tarso.jpg\",\"articleSection\":[\"Santi e beati\"],\"inLanguage\":\"it-IT\"},{\"@type\":\"WebPage\",\"@id\":\"https:\/\/blog.holyart.it\/it\/santi-e-beati\/san-paolo-tarso-storia-un-missionario\/\",\"url\":\"https:\/\/blog.holyart.it\/it\/santi-e-beati\/san-paolo-tarso-storia-un-missionario\/\",\"name\":\"San Paolo di Tarso: storia di un missionario - Holyblog\",\"isPartOf\":{\"@id\":\"https:\/\/blog.holyart.it\/it\/#website\"},\"primaryImageOfPage\":{\"@id\":\"https:\/\/blog.holyart.it\/it\/santi-e-beati\/san-paolo-tarso-storia-un-missionario\/#primaryimage\"},\"image\":{\"@id\":\"https:\/\/blog.holyart.it\/it\/santi-e-beati\/san-paolo-tarso-storia-un-missionario\/#primaryimage\"},\"thumbnailUrl\":\"https:\/\/blog.holyart.it\/it\/wp-content\/uploads\/sites\/17\/2017\/06\/San-Paolo-di-Tarso.jpg\",\"datePublished\":\"2017-07-04T08:41:37+00:00\",\"dateModified\":\"2017-07-05T13:40:37+00:00\",\"description\":\"San Paolo di Tarso pu\u00f2 essere considerato il primo, grande missionario della Chiesa cristiana. La sua opera di proselita non conosce uguali.\",\"breadcrumb\":{\"@id\":\"https:\/\/blog.holyart.it\/it\/santi-e-beati\/san-paolo-tarso-storia-un-missionario\/#breadcrumb\"},\"inLanguage\":\"it-IT\",\"potentialAction\":[{\"@type\":\"ReadAction\",\"target\":[\"https:\/\/blog.holyart.it\/it\/santi-e-beati\/san-paolo-tarso-storia-un-missionario\/\"]}]},{\"@type\":\"ImageObject\",\"inLanguage\":\"it-IT\",\"@id\":\"https:\/\/blog.holyart.it\/it\/santi-e-beati\/san-paolo-tarso-storia-un-missionario\/#primaryimage\",\"url\":\"https:\/\/blog.holyart.it\/it\/wp-content\/uploads\/sites\/17\/2017\/06\/San-Paolo-di-Tarso.jpg\",\"contentUrl\":\"https:\/\/blog.holyart.it\/it\/wp-content\/uploads\/sites\/17\/2017\/06\/San-Paolo-di-Tarso.jpg\",\"width\":1000,\"height\":667,\"caption\":\"San Paolo di Tarso\"},{\"@type\":\"BreadcrumbList\",\"@id\":\"https:\/\/blog.holyart.it\/it\/santi-e-beati\/san-paolo-tarso-storia-un-missionario\/#breadcrumb\",\"itemListElement\":[{\"@type\":\"ListItem\",\"position\":1,\"name\":\"Homepage\",\"item\":\"https:\/\/blog.holyart.it\/it\/\"},{\"@type\":\"ListItem\",\"position\":2,\"name\":\"Santi e beati\",\"item\":\"https:\/\/blog.holyart.it\/it\/santi-e-beati\/\"},{\"@type\":\"ListItem\",\"position\":3,\"name\":\"San Paolo di Tarso: storia di un missionario\"}]},{\"@type\":\"WebSite\",\"@id\":\"https:\/\/blog.holyart.it\/it\/#website\",\"url\":\"https:\/\/blog.holyart.it\/it\/\",\"name\":\"Holyblog\",\"description\":\"Il Blog di Holyart.it\",\"publisher\":{\"@id\":\"https:\/\/blog.holyart.it\/it\/#organization\"},\"potentialAction\":[{\"@type\":\"SearchAction\",\"target\":{\"@type\":\"EntryPoint\",\"urlTemplate\":\"https:\/\/blog.holyart.it\/it\/?s={search_term_string}\"},\"query-input\":{\"@type\":\"PropertyValueSpecification\",\"valueRequired\":true,\"valueName\":\"search_term_string\"}}],\"inLanguage\":\"it-IT\"},{\"@type\":\"Organization\",\"@id\":\"https:\/\/blog.holyart.it\/it\/#organization\",\"name\":\"Holyblog\",\"url\":\"https:\/\/blog.holyart.it\/it\/\",\"logo\":{\"@type\":\"ImageObject\",\"inLanguage\":\"it-IT\",\"@id\":\"https:\/\/blog.holyart.it\/it\/#\/schema\/logo\/image\/\",\"url\":\"https:\/\/blog.holyart.it\/it\/wp-content\/uploads\/sites\/17\/2022\/12\/Holyart_Blog_Logo.jpg\",\"contentUrl\":\"https:\/\/blog.holyart.it\/it\/wp-content\/uploads\/sites\/17\/2022\/12\/Holyart_Blog_Logo.jpg\",\"width\":300,\"height\":50,\"caption\":\"Holyblog\"},\"image\":{\"@id\":\"https:\/\/blog.holyart.it\/it\/#\/schema\/logo\/image\/\"}},{\"@type\":\"Person\",\"@id\":\"https:\/\/blog.holyart.it\/it\/#\/schema\/person\/0a7b686e5af0f856ec1e390dd0baecda\",\"name\":\"Redazione\"}]}<\/script>\n<!-- \/ Yoast SEO plugin. -->","yoast_head_json":{"title":"San Paolo di Tarso: storia di un missionario - Holyblog","description":"San Paolo di Tarso pu\u00f2 essere considerato il primo, grande missionario della Chiesa cristiana. La sua opera di proselita non conosce uguali.","robots":{"index":"index","follow":"follow","max-snippet":"max-snippet:-1","max-image-preview":"max-image-preview:large","max-video-preview":"max-video-preview:-1"},"canonical":"https:\/\/blog.holyart.it\/it\/santi-e-beati\/san-paolo-tarso-storia-un-missionario\/","og_locale":"it_IT","og_type":"article","og_title":"San Paolo di Tarso: storia di un missionario - Holyblog","og_description":"San Paolo di Tarso pu\u00f2 essere considerato il primo, grande missionario della Chiesa cristiana. La sua opera di proselita non conosce uguali.","og_url":"https:\/\/blog.holyart.it\/it\/santi-e-beati\/san-paolo-tarso-storia-un-missionario\/","og_site_name":"Holyblog","article_published_time":"2017-07-04T08:41:37+00:00","article_modified_time":"2017-07-05T13:40:37+00:00","og_image":[{"width":1000,"height":667,"url":"https:\/\/blog.holyart.it\/it\/wp-content\/uploads\/sites\/17\/2017\/06\/San-Paolo-di-Tarso.jpg","type":"image\/jpeg"}],"author":"Redazione","twitter_card":"summary_large_image","twitter_misc":{"Scritto da":"Redazione","Tempo di lettura stimato":"2 minuti"},"schema":{"@context":"https:\/\/schema.org","@graph":[{"@type":"Article","@id":"https:\/\/blog.holyart.it\/it\/santi-e-beati\/san-paolo-tarso-storia-un-missionario\/#article","isPartOf":{"@id":"https:\/\/blog.holyart.it\/it\/santi-e-beati\/san-paolo-tarso-storia-un-missionario\/"},"author":{"name":"Redazione","@id":"https:\/\/blog.holyart.it\/it\/#\/schema\/person\/0a7b686e5af0f856ec1e390dd0baecda"},"headline":"San Paolo di Tarso: storia di un missionario","datePublished":"2017-07-04T08:41:37+00:00","dateModified":"2017-07-05T13:40:37+00:00","mainEntityOfPage":{"@id":"https:\/\/blog.holyart.it\/it\/santi-e-beati\/san-paolo-tarso-storia-un-missionario\/"},"wordCount":469,"publisher":{"@id":"https:\/\/blog.holyart.it\/it\/#organization"},"image":{"@id":"https:\/\/blog.holyart.it\/it\/santi-e-beati\/san-paolo-tarso-storia-un-missionario\/#primaryimage"},"thumbnailUrl":"https:\/\/blog.holyart.it\/it\/wp-content\/uploads\/sites\/17\/2017\/06\/San-Paolo-di-Tarso.jpg","articleSection":["Santi e beati"],"inLanguage":"it-IT"},{"@type":"WebPage","@id":"https:\/\/blog.holyart.it\/it\/santi-e-beati\/san-paolo-tarso-storia-un-missionario\/","url":"https:\/\/blog.holyart.it\/it\/santi-e-beati\/san-paolo-tarso-storia-un-missionario\/","name":"San Paolo di Tarso: storia di un missionario - Holyblog","isPartOf":{"@id":"https:\/\/blog.holyart.it\/it\/#website"},"primaryImageOfPage":{"@id":"https:\/\/blog.holyart.it\/it\/santi-e-beati\/san-paolo-tarso-storia-un-missionario\/#primaryimage"},"image":{"@id":"https:\/\/blog.holyart.it\/it\/santi-e-beati\/san-paolo-tarso-storia-un-missionario\/#primaryimage"},"thumbnailUrl":"https:\/\/blog.holyart.it\/it\/wp-content\/uploads\/sites\/17\/2017\/06\/San-Paolo-di-Tarso.jpg","datePublished":"2017-07-04T08:41:37+00:00","dateModified":"2017-07-05T13:40:37+00:00","description":"San Paolo di Tarso pu\u00f2 essere considerato il primo, grande missionario della Chiesa cristiana. La sua opera di proselita non conosce uguali.","breadcrumb":{"@id":"https:\/\/blog.holyart.it\/it\/santi-e-beati\/san-paolo-tarso-storia-un-missionario\/#breadcrumb"},"inLanguage":"it-IT","potentialAction":[{"@type":"ReadAction","target":["https:\/\/blog.holyart.it\/it\/santi-e-beati\/san-paolo-tarso-storia-un-missionario\/"]}]},{"@type":"ImageObject","inLanguage":"it-IT","@id":"https:\/\/blog.holyart.it\/it\/santi-e-beati\/san-paolo-tarso-storia-un-missionario\/#primaryimage","url":"https:\/\/blog.holyart.it\/it\/wp-content\/uploads\/sites\/17\/2017\/06\/San-Paolo-di-Tarso.jpg","contentUrl":"https:\/\/blog.holyart.it\/it\/wp-content\/uploads\/sites\/17\/2017\/06\/San-Paolo-di-Tarso.jpg","width":1000,"height":667,"caption":"San Paolo di Tarso"},{"@type":"BreadcrumbList","@id":"https:\/\/blog.holyart.it\/it\/santi-e-beati\/san-paolo-tarso-storia-un-missionario\/#breadcrumb","itemListElement":[{"@type":"ListItem","position":1,"name":"Homepage","item":"https:\/\/blog.holyart.it\/it\/"},{"@type":"ListItem","position":2,"name":"Santi e beati","item":"https:\/\/blog.holyart.it\/it\/santi-e-beati\/"},{"@type":"ListItem","position":3,"name":"San Paolo di Tarso: storia di un missionario"}]},{"@type":"WebSite","@id":"https:\/\/blog.holyart.it\/it\/#website","url":"https:\/\/blog.holyart.it\/it\/","name":"Holyblog","description":"Il Blog di Holyart.it","publisher":{"@id":"https:\/\/blog.holyart.it\/it\/#organization"},"potentialAction":[{"@type":"SearchAction","target":{"@type":"EntryPoint","urlTemplate":"https:\/\/blog.holyart.it\/it\/?s={search_term_string}"},"query-input":{"@type":"PropertyValueSpecification","valueRequired":true,"valueName":"search_term_string"}}],"inLanguage":"it-IT"},{"@type":"Organization","@id":"https:\/\/blog.holyart.it\/it\/#organization","name":"Holyblog","url":"https:\/\/blog.holyart.it\/it\/","logo":{"@type":"ImageObject","inLanguage":"it-IT","@id":"https:\/\/blog.holyart.it\/it\/#\/schema\/logo\/image\/","url":"https:\/\/blog.holyart.it\/it\/wp-content\/uploads\/sites\/17\/2022\/12\/Holyart_Blog_Logo.jpg","contentUrl":"https:\/\/blog.holyart.it\/it\/wp-content\/uploads\/sites\/17\/2022\/12\/Holyart_Blog_Logo.jpg","width":300,"height":50,"caption":"Holyblog"},"image":{"@id":"https:\/\/blog.holyart.it\/it\/#\/schema\/logo\/image\/"}},{"@type":"Person","@id":"https:\/\/blog.holyart.it\/it\/#\/schema\/person\/0a7b686e5af0f856ec1e390dd0baecda","name":"Redazione"}]}},"_links":{"self":[{"href":"https:\/\/blog.holyart.it\/it\/wp-json\/wp\/v2\/posts\/702","targetHints":{"allow":["GET"]}}],"collection":[{"href":"https:\/\/blog.holyart.it\/it\/wp-json\/wp\/v2\/posts"}],"about":[{"href":"https:\/\/blog.holyart.it\/it\/wp-json\/wp\/v2\/types\/post"}],"author":[{"embeddable":true,"href":"https:\/\/blog.holyart.it\/it\/wp-json\/wp\/v2\/users\/1"}],"replies":[{"embeddable":true,"href":"https:\/\/blog.holyart.it\/it\/wp-json\/wp\/v2\/comments?post=702"}],"version-history":[{"count":0,"href":"https:\/\/blog.holyart.it\/it\/wp-json\/wp\/v2\/posts\/702\/revisions"}],"wp:featuredmedia":[{"embeddable":true,"href":"https:\/\/blog.holyart.it\/it\/wp-json\/wp\/v2\/media\/703"}],"wp:attachment":[{"href":"https:\/\/blog.holyart.it\/it\/wp-json\/wp\/v2\/media?parent=702"}],"wp:term":[{"taxonomy":"category","embeddable":true,"href":"https:\/\/blog.holyart.it\/it\/wp-json\/wp\/v2\/categories?post=702"},{"taxonomy":"post_tag","embeddable":true,"href":"https:\/\/blog.holyart.it\/it\/wp-json\/wp\/v2\/tags?post=702"}],"curies":[{"name":"wp","href":"https:\/\/api.w.org\/{rel}","templated":true}]}}