{"id":697,"date":"2017-06-27T17:34:56","date_gmt":"2017-06-27T15:34:56","guid":{"rendered":"https:\/\/blog.holyart.it\/it\/?p=697"},"modified":"2017-07-05T15:39:32","modified_gmt":"2017-07-05T13:39:32","slug":"la-storia-madre-teresa-calcutta","status":"publish","type":"post","link":"https:\/\/blog.holyart.it\/it\/santi-e-beati\/la-storia-madre-teresa-calcutta\/","title":{"rendered":"La storia di Madre Teresa di Calcutta"},"content":{"rendered":"<p>Di <strong>Madre Teresa di Calcutta<\/strong> ricorderemo sempre la volont\u00e0 instancabile di portare aiuto agli ultimi, ai diseredati, ai poveri. Oggi \u00e8 una Santa, oggetto di devozione in tutto il mondo, sicuramente <strong>una delle figure pi\u00f9 importanti della storia moderna<\/strong>, premiata con il Nobel per la pace e con innumerevoli altri riconoscimenti.<\/p>\n<p>Ma non dobbiamo dimenticare che era prima di tutto una donna, una semplice donna che ha scelto coscientemente di dedicare tutta la propria<\/p>\n<figure id=\"attachment_699\" aria-describedby=\"caption-attachment-699\" style=\"width: 300px\" class=\"wp-caption alignright\"><img loading=\"lazy\" decoding=\"async\" class=\"size-medium wp-image-699\" src=\"https:\/\/blog.holyart.it\/it\/wp-content\/uploads\/sites\/17\/2017\/06\/Statua-Madre-Teresa-di-Calcutta-300x300.jpg\" alt=\"Statua Madre Teresa di Calcutta\" width=\"300\" height=\"300\" \/><figcaption id=\"caption-attachment-699\" class=\"wp-caption-text\"><center><strong><a style=\"color: #0000ff; font-size: 17px;\" href=\"https:\/\/www.holyart.it\/it\/articoli-religiosi\/statue\/statue-in-resina-e-pvc\/madre-teresa-di-calcutta-50-cm-resina-fontanini\">Acquista su Holyart<\/a><\/strong><\/center><\/figcaption><\/figure>\n<p>esistenza al prossimo.<\/p>\n<p>Questa consapevolezza non deve lasciarci mai, perch\u00e9 \u00e8 da essa che possiamo trarre la volont\u00e0 di imitare, nel nostro piccolo, figure cos\u00ec importanti e preziose.<\/p>\n<p>Santa Teresa di Calcutta (Anjez\u00eb Gonxhe Bojaxhiu) era albanese di nascita. Dopo un\u2019infanzia funestata dalla morte prematura del padre e caratterizzata fin da subito da una naturale propensione alla carit\u00e0 e alle opere di misericordia, a diciotto anni prese i voti e dopo un breve soggiorno in Inghilterra e Irlanda venne inviata nelle missioni in India. L\u2019amore per questo paese Santa Teresa lo aveva manifestato fin da fanciulla, nella sua fitta corrispondenza con i missionari gesuiti attivi nel Bengala.<\/p>\n<p>Da allora Santa Teresa visse tra Calcutta e il Darjelling, dividendosi tra preghiera e carit\u00e0, finch\u00e9 nell\u2019agosto 1946, mentre Calcutta veniva insanguinata dagli scontri indipendentisti, venne raggiunta dalla <strong>\u2018chiamata nella chiamata\u2019<\/strong>. Comprese, cio\u00e8, di dover lasciare la vita tranquilla del convento per immergersi completamente nelle povert\u00e0 di coloro i quali vivevano in strada. Santa Teresa visse quella presa di coscienza come un ordine preciso di Dio.<\/p>\n<p>Da allora, non senza dover lottare contro i rifiuti della Chiesa stessa, inizi\u00f2 la sua vera missione tra i pi\u00f9 poveri tra i poveri. Abbandon\u00f2 il velo nero e assunse la cittadinanza della neo-indipendente Repubblica indiana. Ben presto il suo esempio fu seguito da altri. Intorno a lei inizi\u00f2 a formarsi una rete di volontari sempre pi\u00f9 grande. I loro compiti andavano dalla distribuzione di cibo, all\u2019insegnamento, all\u2019assistenza a malati e moribondi.<\/p>\n<p>Nel 1950, Madre Teresa fond\u00f2 le <strong>Missionarie della carit\u00e0<\/strong>, una congregazione votata alla misericordia e alla cura dei poveri e dei bisognosi. Come loro veste Madre Teresa scelse un <em>sari<\/em> bianco a strisce azzurre, i colori della casta degli Intoccabili.<\/p>\n<p>L\u2019influenza di Madre Teresa crebbe rapidamente, anche grazie all\u2019attenzione da parte dei media di tutto il mondo. Con l\u2019aiuto di personalit\u00e0 locali e straniere apr\u00ec centri di accoglienza e cura per i poveri, i malati, i lebbrosi. Ricevette la visita di capi di stato, degli uomini pi\u00f9 potenti del mondo, e intrattenne una lunga amicizia con <span style=\"color: #0000ff;\"><strong><a style=\"color: #0000ff;\" href=\"https:\/\/www.holyart.it\/it\/occasioni-speciali\/giovanni-paolo-ii\">Papa Giovanni Paolo II<\/a><\/strong><\/span>, che la considerava gi\u00e0 da viva <strong>Patrone dell\u2019Ospitalit\u00e0<\/strong>.<\/p>\n<p>Rimase alla guida della sua congregazione finch\u00e9 la salute glielo permise, seguitando a prestare servizio tra la sua gente, e mor\u00ec nella sua Calcutta all\u2019et\u00e0 di 87 anni. Giovanni Paolo II ottenne per lei un processo di beatificazione speciale a soli due anni dalla sua morte, a testimonianza della santit\u00e0 in cui aveva vissuto per tutta la sua esistenza.<\/p>\n<p>&nbsp;<\/p>\n","protected":false},"excerpt":{"rendered":"<p>Di Madre Teresa di Calcutta ricorderemo sempre la volont\u00e0 instancabile di portare aiuto agli ultimi, ai diseredati, ai poveri. Oggi \u00e8 una Santa, oggetto di devozione in tutto il mondo, sicuramente una delle figure pi\u00f9 importanti della storia moderna, premiata con il Nobel per la&hellip;<\/p>\n","protected":false},"author":1,"featured_media":698,"comment_status":"closed","ping_status":"open","sticky":false,"template":"","format":"standard","meta":{"_acf_changed":false,"footnotes":""},"categories":[15],"tags":[],"class_list":["post-697","post","type-post","status-publish","format-standard","has-post-thumbnail","hentry","category-santi-e-beati"],"acf":[],"yoast_head":"<!-- This site is optimized with the Yoast SEO plugin v26.6 - https:\/\/yoast.com\/wordpress\/plugins\/seo\/ -->\n<title>La storia di Madre Teresa di Calcutta - Holyblog<\/title>\n<meta name=\"description\" content=\"Di Madre Teresa di Calcutta ricorderemo sempre la volont\u00e0 instancabile di portare aiuto agli ultimi, ai diseredati, ai poveri. Oggi \u00e8 una Santa ...\" \/>\n<meta name=\"robots\" content=\"index, follow, max-snippet:-1, max-image-preview:large, max-video-preview:-1\" \/>\n<link rel=\"canonical\" href=\"https:\/\/blog.holyart.it\/it\/santi-e-beati\/la-storia-madre-teresa-calcutta\/\" \/>\n<meta property=\"og:locale\" content=\"it_IT\" \/>\n<meta property=\"og:type\" content=\"article\" \/>\n<meta property=\"og:title\" content=\"La storia di Madre Teresa di Calcutta - Holyblog\" \/>\n<meta property=\"og:description\" content=\"Di Madre Teresa di Calcutta ricorderemo sempre la volont\u00e0 instancabile di portare aiuto agli ultimi, ai diseredati, ai poveri. Oggi \u00e8 una Santa ...\" \/>\n<meta property=\"og:url\" content=\"https:\/\/blog.holyart.it\/it\/santi-e-beati\/la-storia-madre-teresa-calcutta\/\" \/>\n<meta property=\"og:site_name\" content=\"Holyblog\" \/>\n<meta property=\"article:published_time\" content=\"2017-06-27T15:34:56+00:00\" \/>\n<meta property=\"article:modified_time\" content=\"2017-07-05T13:39:32+00:00\" \/>\n<meta property=\"og:image\" content=\"https:\/\/blog.holyart.it\/it\/wp-content\/uploads\/sites\/17\/2017\/06\/Madre-Teresa-di-Calcutta.jpg\" \/>\n\t<meta property=\"og:image:width\" content=\"1000\" \/>\n\t<meta property=\"og:image:height\" content=\"666\" \/>\n\t<meta property=\"og:image:type\" content=\"image\/jpeg\" \/>\n<meta name=\"author\" content=\"Redazione\" \/>\n<meta name=\"twitter:card\" content=\"summary_large_image\" \/>\n<meta name=\"twitter:label1\" content=\"Scritto da\" \/>\n\t<meta name=\"twitter:data1\" content=\"Redazione\" \/>\n\t<meta name=\"twitter:label2\" content=\"Tempo di lettura stimato\" \/>\n\t<meta name=\"twitter:data2\" content=\"3 minuti\" \/>\n<script type=\"application\/ld+json\" class=\"yoast-schema-graph\">{\"@context\":\"https:\/\/schema.org\",\"@graph\":[{\"@type\":\"Article\",\"@id\":\"https:\/\/blog.holyart.it\/it\/santi-e-beati\/la-storia-madre-teresa-calcutta\/#article\",\"isPartOf\":{\"@id\":\"https:\/\/blog.holyart.it\/it\/santi-e-beati\/la-storia-madre-teresa-calcutta\/\"},\"author\":{\"name\":\"Redazione\",\"@id\":\"https:\/\/blog.holyart.it\/it\/#\/schema\/person\/0a7b686e5af0f856ec1e390dd0baecda\"},\"headline\":\"La storia di Madre Teresa di Calcutta\",\"datePublished\":\"2017-06-27T15:34:56+00:00\",\"dateModified\":\"2017-07-05T13:39:32+00:00\",\"mainEntityOfPage\":{\"@id\":\"https:\/\/blog.holyart.it\/it\/santi-e-beati\/la-storia-madre-teresa-calcutta\/\"},\"wordCount\":509,\"publisher\":{\"@id\":\"https:\/\/blog.holyart.it\/it\/#organization\"},\"image\":{\"@id\":\"https:\/\/blog.holyart.it\/it\/santi-e-beati\/la-storia-madre-teresa-calcutta\/#primaryimage\"},\"thumbnailUrl\":\"https:\/\/blog.holyart.it\/it\/wp-content\/uploads\/sites\/17\/2017\/06\/Madre-Teresa-di-Calcutta.jpg\",\"articleSection\":[\"Santi e beati\"],\"inLanguage\":\"it-IT\"},{\"@type\":\"WebPage\",\"@id\":\"https:\/\/blog.holyart.it\/it\/santi-e-beati\/la-storia-madre-teresa-calcutta\/\",\"url\":\"https:\/\/blog.holyart.it\/it\/santi-e-beati\/la-storia-madre-teresa-calcutta\/\",\"name\":\"La storia di Madre Teresa di Calcutta - Holyblog\",\"isPartOf\":{\"@id\":\"https:\/\/blog.holyart.it\/it\/#website\"},\"primaryImageOfPage\":{\"@id\":\"https:\/\/blog.holyart.it\/it\/santi-e-beati\/la-storia-madre-teresa-calcutta\/#primaryimage\"},\"image\":{\"@id\":\"https:\/\/blog.holyart.it\/it\/santi-e-beati\/la-storia-madre-teresa-calcutta\/#primaryimage\"},\"thumbnailUrl\":\"https:\/\/blog.holyart.it\/it\/wp-content\/uploads\/sites\/17\/2017\/06\/Madre-Teresa-di-Calcutta.jpg\",\"datePublished\":\"2017-06-27T15:34:56+00:00\",\"dateModified\":\"2017-07-05T13:39:32+00:00\",\"description\":\"Di Madre Teresa di Calcutta ricorderemo sempre la volont\u00e0 instancabile di portare aiuto agli ultimi, ai diseredati, ai poveri. Oggi \u00e8 una Santa ...\",\"breadcrumb\":{\"@id\":\"https:\/\/blog.holyart.it\/it\/santi-e-beati\/la-storia-madre-teresa-calcutta\/#breadcrumb\"},\"inLanguage\":\"it-IT\",\"potentialAction\":[{\"@type\":\"ReadAction\",\"target\":[\"https:\/\/blog.holyart.it\/it\/santi-e-beati\/la-storia-madre-teresa-calcutta\/\"]}]},{\"@type\":\"ImageObject\",\"inLanguage\":\"it-IT\",\"@id\":\"https:\/\/blog.holyart.it\/it\/santi-e-beati\/la-storia-madre-teresa-calcutta\/#primaryimage\",\"url\":\"https:\/\/blog.holyart.it\/it\/wp-content\/uploads\/sites\/17\/2017\/06\/Madre-Teresa-di-Calcutta.jpg\",\"contentUrl\":\"https:\/\/blog.holyart.it\/it\/wp-content\/uploads\/sites\/17\/2017\/06\/Madre-Teresa-di-Calcutta.jpg\",\"width\":1000,\"height\":666,\"caption\":\"Madre Teresa di Calcutta\"},{\"@type\":\"BreadcrumbList\",\"@id\":\"https:\/\/blog.holyart.it\/it\/santi-e-beati\/la-storia-madre-teresa-calcutta\/#breadcrumb\",\"itemListElement\":[{\"@type\":\"ListItem\",\"position\":1,\"name\":\"Homepage\",\"item\":\"https:\/\/blog.holyart.it\/it\/\"},{\"@type\":\"ListItem\",\"position\":2,\"name\":\"Santi e beati\",\"item\":\"https:\/\/blog.holyart.it\/it\/santi-e-beati\/\"},{\"@type\":\"ListItem\",\"position\":3,\"name\":\"La storia di Madre Teresa di Calcutta\"}]},{\"@type\":\"WebSite\",\"@id\":\"https:\/\/blog.holyart.it\/it\/#website\",\"url\":\"https:\/\/blog.holyart.it\/it\/\",\"name\":\"Holyblog\",\"description\":\"Il Blog di Holyart.it\",\"publisher\":{\"@id\":\"https:\/\/blog.holyart.it\/it\/#organization\"},\"potentialAction\":[{\"@type\":\"SearchAction\",\"target\":{\"@type\":\"EntryPoint\",\"urlTemplate\":\"https:\/\/blog.holyart.it\/it\/?s={search_term_string}\"},\"query-input\":{\"@type\":\"PropertyValueSpecification\",\"valueRequired\":true,\"valueName\":\"search_term_string\"}}],\"inLanguage\":\"it-IT\"},{\"@type\":\"Organization\",\"@id\":\"https:\/\/blog.holyart.it\/it\/#organization\",\"name\":\"Holyblog\",\"url\":\"https:\/\/blog.holyart.it\/it\/\",\"logo\":{\"@type\":\"ImageObject\",\"inLanguage\":\"it-IT\",\"@id\":\"https:\/\/blog.holyart.it\/it\/#\/schema\/logo\/image\/\",\"url\":\"https:\/\/blog.holyart.it\/it\/wp-content\/uploads\/sites\/17\/2022\/12\/Holyart_Blog_Logo.jpg\",\"contentUrl\":\"https:\/\/blog.holyart.it\/it\/wp-content\/uploads\/sites\/17\/2022\/12\/Holyart_Blog_Logo.jpg\",\"width\":300,\"height\":50,\"caption\":\"Holyblog\"},\"image\":{\"@id\":\"https:\/\/blog.holyart.it\/it\/#\/schema\/logo\/image\/\"}},{\"@type\":\"Person\",\"@id\":\"https:\/\/blog.holyart.it\/it\/#\/schema\/person\/0a7b686e5af0f856ec1e390dd0baecda\",\"name\":\"Redazione\"}]}<\/script>\n<!-- \/ Yoast SEO plugin. -->","yoast_head_json":{"title":"La storia di Madre Teresa di Calcutta - Holyblog","description":"Di Madre Teresa di Calcutta ricorderemo sempre la volont\u00e0 instancabile di portare aiuto agli ultimi, ai diseredati, ai poveri. Oggi \u00e8 una Santa ...","robots":{"index":"index","follow":"follow","max-snippet":"max-snippet:-1","max-image-preview":"max-image-preview:large","max-video-preview":"max-video-preview:-1"},"canonical":"https:\/\/blog.holyart.it\/it\/santi-e-beati\/la-storia-madre-teresa-calcutta\/","og_locale":"it_IT","og_type":"article","og_title":"La storia di Madre Teresa di Calcutta - Holyblog","og_description":"Di Madre Teresa di Calcutta ricorderemo sempre la volont\u00e0 instancabile di portare aiuto agli ultimi, ai diseredati, ai poveri. Oggi \u00e8 una Santa ...","og_url":"https:\/\/blog.holyart.it\/it\/santi-e-beati\/la-storia-madre-teresa-calcutta\/","og_site_name":"Holyblog","article_published_time":"2017-06-27T15:34:56+00:00","article_modified_time":"2017-07-05T13:39:32+00:00","og_image":[{"width":1000,"height":666,"url":"https:\/\/blog.holyart.it\/it\/wp-content\/uploads\/sites\/17\/2017\/06\/Madre-Teresa-di-Calcutta.jpg","type":"image\/jpeg"}],"author":"Redazione","twitter_card":"summary_large_image","twitter_misc":{"Scritto da":"Redazione","Tempo di lettura stimato":"3 minuti"},"schema":{"@context":"https:\/\/schema.org","@graph":[{"@type":"Article","@id":"https:\/\/blog.holyart.it\/it\/santi-e-beati\/la-storia-madre-teresa-calcutta\/#article","isPartOf":{"@id":"https:\/\/blog.holyart.it\/it\/santi-e-beati\/la-storia-madre-teresa-calcutta\/"},"author":{"name":"Redazione","@id":"https:\/\/blog.holyart.it\/it\/#\/schema\/person\/0a7b686e5af0f856ec1e390dd0baecda"},"headline":"La storia di Madre Teresa di Calcutta","datePublished":"2017-06-27T15:34:56+00:00","dateModified":"2017-07-05T13:39:32+00:00","mainEntityOfPage":{"@id":"https:\/\/blog.holyart.it\/it\/santi-e-beati\/la-storia-madre-teresa-calcutta\/"},"wordCount":509,"publisher":{"@id":"https:\/\/blog.holyart.it\/it\/#organization"},"image":{"@id":"https:\/\/blog.holyart.it\/it\/santi-e-beati\/la-storia-madre-teresa-calcutta\/#primaryimage"},"thumbnailUrl":"https:\/\/blog.holyart.it\/it\/wp-content\/uploads\/sites\/17\/2017\/06\/Madre-Teresa-di-Calcutta.jpg","articleSection":["Santi e beati"],"inLanguage":"it-IT"},{"@type":"WebPage","@id":"https:\/\/blog.holyart.it\/it\/santi-e-beati\/la-storia-madre-teresa-calcutta\/","url":"https:\/\/blog.holyart.it\/it\/santi-e-beati\/la-storia-madre-teresa-calcutta\/","name":"La storia di Madre Teresa di Calcutta - Holyblog","isPartOf":{"@id":"https:\/\/blog.holyart.it\/it\/#website"},"primaryImageOfPage":{"@id":"https:\/\/blog.holyart.it\/it\/santi-e-beati\/la-storia-madre-teresa-calcutta\/#primaryimage"},"image":{"@id":"https:\/\/blog.holyart.it\/it\/santi-e-beati\/la-storia-madre-teresa-calcutta\/#primaryimage"},"thumbnailUrl":"https:\/\/blog.holyart.it\/it\/wp-content\/uploads\/sites\/17\/2017\/06\/Madre-Teresa-di-Calcutta.jpg","datePublished":"2017-06-27T15:34:56+00:00","dateModified":"2017-07-05T13:39:32+00:00","description":"Di Madre Teresa di Calcutta ricorderemo sempre la volont\u00e0 instancabile di portare aiuto agli ultimi, ai diseredati, ai poveri. Oggi \u00e8 una Santa ...","breadcrumb":{"@id":"https:\/\/blog.holyart.it\/it\/santi-e-beati\/la-storia-madre-teresa-calcutta\/#breadcrumb"},"inLanguage":"it-IT","potentialAction":[{"@type":"ReadAction","target":["https:\/\/blog.holyart.it\/it\/santi-e-beati\/la-storia-madre-teresa-calcutta\/"]}]},{"@type":"ImageObject","inLanguage":"it-IT","@id":"https:\/\/blog.holyart.it\/it\/santi-e-beati\/la-storia-madre-teresa-calcutta\/#primaryimage","url":"https:\/\/blog.holyart.it\/it\/wp-content\/uploads\/sites\/17\/2017\/06\/Madre-Teresa-di-Calcutta.jpg","contentUrl":"https:\/\/blog.holyart.it\/it\/wp-content\/uploads\/sites\/17\/2017\/06\/Madre-Teresa-di-Calcutta.jpg","width":1000,"height":666,"caption":"Madre Teresa di Calcutta"},{"@type":"BreadcrumbList","@id":"https:\/\/blog.holyart.it\/it\/santi-e-beati\/la-storia-madre-teresa-calcutta\/#breadcrumb","itemListElement":[{"@type":"ListItem","position":1,"name":"Homepage","item":"https:\/\/blog.holyart.it\/it\/"},{"@type":"ListItem","position":2,"name":"Santi e beati","item":"https:\/\/blog.holyart.it\/it\/santi-e-beati\/"},{"@type":"ListItem","position":3,"name":"La storia di Madre Teresa di Calcutta"}]},{"@type":"WebSite","@id":"https:\/\/blog.holyart.it\/it\/#website","url":"https:\/\/blog.holyart.it\/it\/","name":"Holyblog","description":"Il Blog di Holyart.it","publisher":{"@id":"https:\/\/blog.holyart.it\/it\/#organization"},"potentialAction":[{"@type":"SearchAction","target":{"@type":"EntryPoint","urlTemplate":"https:\/\/blog.holyart.it\/it\/?s={search_term_string}"},"query-input":{"@type":"PropertyValueSpecification","valueRequired":true,"valueName":"search_term_string"}}],"inLanguage":"it-IT"},{"@type":"Organization","@id":"https:\/\/blog.holyart.it\/it\/#organization","name":"Holyblog","url":"https:\/\/blog.holyart.it\/it\/","logo":{"@type":"ImageObject","inLanguage":"it-IT","@id":"https:\/\/blog.holyart.it\/it\/#\/schema\/logo\/image\/","url":"https:\/\/blog.holyart.it\/it\/wp-content\/uploads\/sites\/17\/2022\/12\/Holyart_Blog_Logo.jpg","contentUrl":"https:\/\/blog.holyart.it\/it\/wp-content\/uploads\/sites\/17\/2022\/12\/Holyart_Blog_Logo.jpg","width":300,"height":50,"caption":"Holyblog"},"image":{"@id":"https:\/\/blog.holyart.it\/it\/#\/schema\/logo\/image\/"}},{"@type":"Person","@id":"https:\/\/blog.holyart.it\/it\/#\/schema\/person\/0a7b686e5af0f856ec1e390dd0baecda","name":"Redazione"}]}},"_links":{"self":[{"href":"https:\/\/blog.holyart.it\/it\/wp-json\/wp\/v2\/posts\/697","targetHints":{"allow":["GET"]}}],"collection":[{"href":"https:\/\/blog.holyart.it\/it\/wp-json\/wp\/v2\/posts"}],"about":[{"href":"https:\/\/blog.holyart.it\/it\/wp-json\/wp\/v2\/types\/post"}],"author":[{"embeddable":true,"href":"https:\/\/blog.holyart.it\/it\/wp-json\/wp\/v2\/users\/1"}],"replies":[{"embeddable":true,"href":"https:\/\/blog.holyart.it\/it\/wp-json\/wp\/v2\/comments?post=697"}],"version-history":[{"count":0,"href":"https:\/\/blog.holyart.it\/it\/wp-json\/wp\/v2\/posts\/697\/revisions"}],"wp:featuredmedia":[{"embeddable":true,"href":"https:\/\/blog.holyart.it\/it\/wp-json\/wp\/v2\/media\/698"}],"wp:attachment":[{"href":"https:\/\/blog.holyart.it\/it\/wp-json\/wp\/v2\/media?parent=697"}],"wp:term":[{"taxonomy":"category","embeddable":true,"href":"https:\/\/blog.holyart.it\/it\/wp-json\/wp\/v2\/categories?post=697"},{"taxonomy":"post_tag","embeddable":true,"href":"https:\/\/blog.holyart.it\/it\/wp-json\/wp\/v2\/tags?post=697"}],"curies":[{"name":"wp","href":"https:\/\/api.w.org\/{rel}","templated":true}]}}