{"id":691,"date":"2017-06-20T17:11:26","date_gmt":"2017-06-20T15:11:26","guid":{"rendered":"https:\/\/blog.holyart.it\/it\/?p=691"},"modified":"2025-02-04T16:58:05","modified_gmt":"2025-02-04T15:58:05","slug":"la-pentecoste-giorno-cui-si-celebra-lo-spirito-santo-la-nascita-della-chiesa","status":"publish","type":"post","link":"https:\/\/blog.holyart.it\/it\/pasqua\/la-pentecoste-giorno-cui-si-celebra-lo-spirito-santo-la-nascita-della-chiesa\/","title":{"rendered":"La Pentecoste: il giorno in cui si celebra lo Spirito Santo e la nascita della Chiesa"},"content":{"rendered":"<p>La <strong>Pentecoste<\/strong> \u00e8, dopo la <span style=\"color: #0000ff;\"><strong><a style=\"color: #0000ff;\" href=\"https:\/\/www.holyart.it\/it\/occasioni-speciali\/pasqua-e-quaresima\">Pasqua<\/a><\/strong><\/span>, forse una delle festivit\u00e0 pi\u00f9 importanti per la Chiesa cattolica. Essa celebra la discesa dello Spirito Santo, terza persona della Santissima Trinit\u00e0, avvenuta dopo la Resurrezione di Ges\u00f9 e in un certo senso la nascita stessa della Chiesa.<\/p>\n<p>In origine coincideva con la festa ebraica della Shavout, una sorta di celebrazione e di ringraziamento con cui si festeggiava il raccolto nel periodo seguente la Pasqua. Gli ebrei in questa ricorrenza ringraziavano Dio per i frutti che la terra aveva donato loro. In un secondo tempo, divenne anche la ricorrenza in cui si celebrava la consegna delle Tavole della Legge a Mos\u00e8 sul Monte Sinai.<\/p>\n<p>Oggi i cattolici festeggiano la Pentecoste 50 giorni dopo Pasqua. Il ricordo della festivit\u00e0 ebraica rimane, soprattutto per quanto riguarda l\u2019atteggiamento di ringraziamento con cui i fedeli si rivolgono a Dio. Anche nel caso della Pentecoste cristiana, infatti, si parla di un grande e prezioso dono che Dio ha voluto fare alla sua gente, ovvero <strong>la Grazia dello Spirito Santo<\/strong>. Nel secondo capitolo degli Atti degli Apostoli si racconta di come Maria e gli apostoli si fossero riuniti per festeggiare la Pentecoste con un consueto pellegrinaggio a Gerusalemme, e come loro molti ebrei. Lo Spirito Santo discese su di loro in forma di un rombo dal cielo e di lingue di fuoco, che lambirono ciascuno di loro. Da quel momento essi sarebbero stati in grado di parlare qualsiasi lingua.<\/p>\n<p>Le qualit\u00e0 salvifiche e di santificazione dello Spirito Santo assumono un <strong>significato di unificazione e ispirazione per gli apostoli<\/strong>, che dopo questo incontro miracoloso sentono di dover iniziare la loro missione ecumenica e, a tutti gli effetti, di creazione della Chiesa. Prima di questo episodio lo Spirito Santo non era stato descritto come persona divina. Solo nel Nuovo Testamento, a una visione della Spirito di Dio come forza impersonale che plasma le sorti dell\u2019universo, si affianca il culto della sua personalit\u00e0: lo Spirito Santo diventa una personificazione dell\u2019amore di Dio, della sua volont\u00e0 consolatoria nei confronti dei suoi figli, dell\u2019infinita saggezza con cui ammaestra i discepoli di Ges\u00f9 affinch\u00e9 si facciano promotori di verit\u00e0 e salvezza tra gli uomini. Esso viene spesso raffigurato come <strong>una colomba bianca<\/strong>, o appunto come le lingue di fiamma che avrebbero toccato Maria e gli Apostoli.<\/p>\n<p>Lo Spirito Santo infonde in coloro i quali ne sono investiti molteplici doni: sapienza, intelletto, consiglio, fortezza, scienza, piet\u00e0 e timore di Dio. Tutti i fedeli ne sono beneficiati, tramite il <span style=\"color: #0000ff;\"><strong><a style=\"color: #0000ff;\" href=\"https:\/\/www.holyart.it\/it\/occasioni-speciali\/battesimo\">Battesimo<\/a><\/strong><\/span> prima e la <span style=\"color: #0000ff;\"><strong><a style=\"color: #0000ff;\" href=\"https:\/\/www.holyart.it\/it\/occasioni-speciali\/cresima\">Cresima<\/a><\/strong><\/span> poi. La Pentecoste \u00e8 una festa che coinvolge tutti i fedeli e soprattutto le loro famiglie, avvolte dalla grazia dello Spirito Santo e rese pi\u00f9 unite e forti contro le avversit\u00e0 di ogni giorno.<\/p>\n","protected":false},"excerpt":{"rendered":"<p>La Pentecoste \u00e8, dopo la Pasqua, forse una delle festivit\u00e0 pi\u00f9 importanti per la Chiesa cattolica. Essa celebra la discesa dello Spirito Santo, terza persona della Santissima Trinit\u00e0, avvenuta dopo la Resurrezione di Ges\u00f9 e in un certo senso la nascita stessa della Chiesa. In&hellip;<\/p>\n","protected":false},"author":1,"featured_media":692,"comment_status":"closed","ping_status":"open","sticky":false,"template":"","format":"standard","meta":{"_acf_changed":false,"footnotes":""},"categories":[26,16],"tags":[],"class_list":["post-691","post","type-post","status-publish","format-standard","has-post-thumbnail","hentry","category-pasqua","category-articoli-religiosi"],"acf":[],"yoast_head":"<!-- This site is optimized with the Yoast SEO plugin v26.6 - https:\/\/yoast.com\/wordpress\/plugins\/seo\/ -->\n<title>La Pentecoste: il giorno in cui si celebra lo Spirito Santo<\/title>\n<meta name=\"description\" content=\"La Pentecoste \u00e8, dopo la Pasqua, forse una delle festivit\u00e0 pi\u00f9 importanti per la Chiesa cattolica. Essa celebra la discesa dello Spirito Santo.\" \/>\n<meta name=\"robots\" content=\"index, follow, max-snippet:-1, max-image-preview:large, max-video-preview:-1\" \/>\n<link rel=\"canonical\" href=\"https:\/\/blog.holyart.it\/it\/pasqua\/la-pentecoste-giorno-cui-si-celebra-lo-spirito-santo-la-nascita-della-chiesa\/\" \/>\n<meta property=\"og:locale\" content=\"it_IT\" \/>\n<meta property=\"og:type\" content=\"article\" \/>\n<meta property=\"og:title\" content=\"La Pentecoste: il giorno in cui si celebra lo Spirito Santo\" \/>\n<meta property=\"og:description\" content=\"La Pentecoste \u00e8, dopo la Pasqua, forse una delle festivit\u00e0 pi\u00f9 importanti per la Chiesa cattolica. Essa celebra la discesa dello Spirito Santo.\" \/>\n<meta property=\"og:url\" content=\"https:\/\/blog.holyart.it\/it\/pasqua\/la-pentecoste-giorno-cui-si-celebra-lo-spirito-santo-la-nascita-della-chiesa\/\" \/>\n<meta property=\"og:site_name\" content=\"Holyblog\" \/>\n<meta property=\"article:published_time\" content=\"2017-06-20T15:11:26+00:00\" \/>\n<meta property=\"article:modified_time\" content=\"2025-02-04T15:58:05+00:00\" \/>\n<meta property=\"og:image\" content=\"https:\/\/blog.holyart.it\/it\/wp-content\/uploads\/sites\/17\/2017\/06\/Jacopo-Vignali-Pentecoste.jpg\" \/>\n\t<meta property=\"og:image:width\" content=\"1000\" \/>\n\t<meta property=\"og:image:height\" content=\"666\" \/>\n\t<meta property=\"og:image:type\" content=\"image\/jpeg\" \/>\n<meta name=\"author\" content=\"Redazione\" \/>\n<meta name=\"twitter:card\" content=\"summary_large_image\" \/>\n<meta name=\"twitter:label1\" content=\"Scritto da\" \/>\n\t<meta name=\"twitter:data1\" content=\"Redazione\" \/>\n\t<meta name=\"twitter:label2\" content=\"Tempo di lettura stimato\" \/>\n\t<meta name=\"twitter:data2\" content=\"3 minuti\" \/>\n<script type=\"application\/ld+json\" class=\"yoast-schema-graph\">{\"@context\":\"https:\/\/schema.org\",\"@graph\":[{\"@type\":\"Article\",\"@id\":\"https:\/\/blog.holyart.it\/it\/pasqua\/la-pentecoste-giorno-cui-si-celebra-lo-spirito-santo-la-nascita-della-chiesa\/#article\",\"isPartOf\":{\"@id\":\"https:\/\/blog.holyart.it\/it\/pasqua\/la-pentecoste-giorno-cui-si-celebra-lo-spirito-santo-la-nascita-della-chiesa\/\"},\"author\":{\"name\":\"Redazione\",\"@id\":\"https:\/\/blog.holyart.it\/it\/#\/schema\/person\/0a7b686e5af0f856ec1e390dd0baecda\"},\"headline\":\"La Pentecoste: il giorno in cui si celebra lo Spirito Santo e la nascita della Chiesa\",\"datePublished\":\"2017-06-20T15:11:26+00:00\",\"dateModified\":\"2025-02-04T15:58:05+00:00\",\"mainEntityOfPage\":{\"@id\":\"https:\/\/blog.holyart.it\/it\/pasqua\/la-pentecoste-giorno-cui-si-celebra-lo-spirito-santo-la-nascita-della-chiesa\/\"},\"wordCount\":467,\"publisher\":{\"@id\":\"https:\/\/blog.holyart.it\/it\/#organization\"},\"image\":{\"@id\":\"https:\/\/blog.holyart.it\/it\/pasqua\/la-pentecoste-giorno-cui-si-celebra-lo-spirito-santo-la-nascita-della-chiesa\/#primaryimage\"},\"thumbnailUrl\":\"https:\/\/blog.holyart.it\/it\/wp-content\/uploads\/sites\/17\/2017\/06\/Jacopo-Vignali-Pentecoste.jpg\",\"articleSection\":[\"Pasqua\",\"Religione\"],\"inLanguage\":\"it-IT\"},{\"@type\":\"WebPage\",\"@id\":\"https:\/\/blog.holyart.it\/it\/pasqua\/la-pentecoste-giorno-cui-si-celebra-lo-spirito-santo-la-nascita-della-chiesa\/\",\"url\":\"https:\/\/blog.holyart.it\/it\/pasqua\/la-pentecoste-giorno-cui-si-celebra-lo-spirito-santo-la-nascita-della-chiesa\/\",\"name\":\"La Pentecoste: il giorno in cui si celebra lo Spirito Santo\",\"isPartOf\":{\"@id\":\"https:\/\/blog.holyart.it\/it\/#website\"},\"primaryImageOfPage\":{\"@id\":\"https:\/\/blog.holyart.it\/it\/pasqua\/la-pentecoste-giorno-cui-si-celebra-lo-spirito-santo-la-nascita-della-chiesa\/#primaryimage\"},\"image\":{\"@id\":\"https:\/\/blog.holyart.it\/it\/pasqua\/la-pentecoste-giorno-cui-si-celebra-lo-spirito-santo-la-nascita-della-chiesa\/#primaryimage\"},\"thumbnailUrl\":\"https:\/\/blog.holyart.it\/it\/wp-content\/uploads\/sites\/17\/2017\/06\/Jacopo-Vignali-Pentecoste.jpg\",\"datePublished\":\"2017-06-20T15:11:26+00:00\",\"dateModified\":\"2025-02-04T15:58:05+00:00\",\"description\":\"La Pentecoste \u00e8, dopo la Pasqua, forse una delle festivit\u00e0 pi\u00f9 importanti per la Chiesa cattolica. Essa celebra la discesa dello Spirito Santo.\",\"breadcrumb\":{\"@id\":\"https:\/\/blog.holyart.it\/it\/pasqua\/la-pentecoste-giorno-cui-si-celebra-lo-spirito-santo-la-nascita-della-chiesa\/#breadcrumb\"},\"inLanguage\":\"it-IT\",\"potentialAction\":[{\"@type\":\"ReadAction\",\"target\":[\"https:\/\/blog.holyart.it\/it\/pasqua\/la-pentecoste-giorno-cui-si-celebra-lo-spirito-santo-la-nascita-della-chiesa\/\"]}]},{\"@type\":\"ImageObject\",\"inLanguage\":\"it-IT\",\"@id\":\"https:\/\/blog.holyart.it\/it\/pasqua\/la-pentecoste-giorno-cui-si-celebra-lo-spirito-santo-la-nascita-della-chiesa\/#primaryimage\",\"url\":\"https:\/\/blog.holyart.it\/it\/wp-content\/uploads\/sites\/17\/2017\/06\/Jacopo-Vignali-Pentecoste.jpg\",\"contentUrl\":\"https:\/\/blog.holyart.it\/it\/wp-content\/uploads\/sites\/17\/2017\/06\/Jacopo-Vignali-Pentecoste.jpg\",\"width\":1000,\"height\":666,\"caption\":\"Jacopo Vignali Pentecoste\"},{\"@type\":\"BreadcrumbList\",\"@id\":\"https:\/\/blog.holyart.it\/it\/pasqua\/la-pentecoste-giorno-cui-si-celebra-lo-spirito-santo-la-nascita-della-chiesa\/#breadcrumb\",\"itemListElement\":[{\"@type\":\"ListItem\",\"position\":1,\"name\":\"Homepage\",\"item\":\"https:\/\/blog.holyart.it\/it\/\"},{\"@type\":\"ListItem\",\"position\":2,\"name\":\"Pasqua\",\"item\":\"https:\/\/blog.holyart.it\/it\/pasqua\/\"},{\"@type\":\"ListItem\",\"position\":3,\"name\":\"La Pentecoste: il giorno in cui si celebra lo Spirito Santo e la nascita della Chiesa\"}]},{\"@type\":\"WebSite\",\"@id\":\"https:\/\/blog.holyart.it\/it\/#website\",\"url\":\"https:\/\/blog.holyart.it\/it\/\",\"name\":\"Holyblog\",\"description\":\"Il Blog di Holyart.it\",\"publisher\":{\"@id\":\"https:\/\/blog.holyart.it\/it\/#organization\"},\"potentialAction\":[{\"@type\":\"SearchAction\",\"target\":{\"@type\":\"EntryPoint\",\"urlTemplate\":\"https:\/\/blog.holyart.it\/it\/?s={search_term_string}\"},\"query-input\":{\"@type\":\"PropertyValueSpecification\",\"valueRequired\":true,\"valueName\":\"search_term_string\"}}],\"inLanguage\":\"it-IT\"},{\"@type\":\"Organization\",\"@id\":\"https:\/\/blog.holyart.it\/it\/#organization\",\"name\":\"Holyblog\",\"url\":\"https:\/\/blog.holyart.it\/it\/\",\"logo\":{\"@type\":\"ImageObject\",\"inLanguage\":\"it-IT\",\"@id\":\"https:\/\/blog.holyart.it\/it\/#\/schema\/logo\/image\/\",\"url\":\"https:\/\/blog.holyart.it\/it\/wp-content\/uploads\/sites\/17\/2022\/12\/Holyart_Blog_Logo.jpg\",\"contentUrl\":\"https:\/\/blog.holyart.it\/it\/wp-content\/uploads\/sites\/17\/2022\/12\/Holyart_Blog_Logo.jpg\",\"width\":300,\"height\":50,\"caption\":\"Holyblog\"},\"image\":{\"@id\":\"https:\/\/blog.holyart.it\/it\/#\/schema\/logo\/image\/\"}},{\"@type\":\"Person\",\"@id\":\"https:\/\/blog.holyart.it\/it\/#\/schema\/person\/0a7b686e5af0f856ec1e390dd0baecda\",\"name\":\"Redazione\"}]}<\/script>\n<!-- \/ Yoast SEO plugin. -->","yoast_head_json":{"title":"La Pentecoste: il giorno in cui si celebra lo Spirito Santo","description":"La Pentecoste \u00e8, dopo la Pasqua, forse una delle festivit\u00e0 pi\u00f9 importanti per la Chiesa cattolica. Essa celebra la discesa dello Spirito Santo.","robots":{"index":"index","follow":"follow","max-snippet":"max-snippet:-1","max-image-preview":"max-image-preview:large","max-video-preview":"max-video-preview:-1"},"canonical":"https:\/\/blog.holyart.it\/it\/pasqua\/la-pentecoste-giorno-cui-si-celebra-lo-spirito-santo-la-nascita-della-chiesa\/","og_locale":"it_IT","og_type":"article","og_title":"La Pentecoste: il giorno in cui si celebra lo Spirito Santo","og_description":"La Pentecoste \u00e8, dopo la Pasqua, forse una delle festivit\u00e0 pi\u00f9 importanti per la Chiesa cattolica. Essa celebra la discesa dello Spirito Santo.","og_url":"https:\/\/blog.holyart.it\/it\/pasqua\/la-pentecoste-giorno-cui-si-celebra-lo-spirito-santo-la-nascita-della-chiesa\/","og_site_name":"Holyblog","article_published_time":"2017-06-20T15:11:26+00:00","article_modified_time":"2025-02-04T15:58:05+00:00","og_image":[{"width":1000,"height":666,"url":"https:\/\/blog.holyart.it\/it\/wp-content\/uploads\/sites\/17\/2017\/06\/Jacopo-Vignali-Pentecoste.jpg","type":"image\/jpeg"}],"author":"Redazione","twitter_card":"summary_large_image","twitter_misc":{"Scritto da":"Redazione","Tempo di lettura stimato":"3 minuti"},"schema":{"@context":"https:\/\/schema.org","@graph":[{"@type":"Article","@id":"https:\/\/blog.holyart.it\/it\/pasqua\/la-pentecoste-giorno-cui-si-celebra-lo-spirito-santo-la-nascita-della-chiesa\/#article","isPartOf":{"@id":"https:\/\/blog.holyart.it\/it\/pasqua\/la-pentecoste-giorno-cui-si-celebra-lo-spirito-santo-la-nascita-della-chiesa\/"},"author":{"name":"Redazione","@id":"https:\/\/blog.holyart.it\/it\/#\/schema\/person\/0a7b686e5af0f856ec1e390dd0baecda"},"headline":"La Pentecoste: il giorno in cui si celebra lo Spirito Santo e la nascita della Chiesa","datePublished":"2017-06-20T15:11:26+00:00","dateModified":"2025-02-04T15:58:05+00:00","mainEntityOfPage":{"@id":"https:\/\/blog.holyart.it\/it\/pasqua\/la-pentecoste-giorno-cui-si-celebra-lo-spirito-santo-la-nascita-della-chiesa\/"},"wordCount":467,"publisher":{"@id":"https:\/\/blog.holyart.it\/it\/#organization"},"image":{"@id":"https:\/\/blog.holyart.it\/it\/pasqua\/la-pentecoste-giorno-cui-si-celebra-lo-spirito-santo-la-nascita-della-chiesa\/#primaryimage"},"thumbnailUrl":"https:\/\/blog.holyart.it\/it\/wp-content\/uploads\/sites\/17\/2017\/06\/Jacopo-Vignali-Pentecoste.jpg","articleSection":["Pasqua","Religione"],"inLanguage":"it-IT"},{"@type":"WebPage","@id":"https:\/\/blog.holyart.it\/it\/pasqua\/la-pentecoste-giorno-cui-si-celebra-lo-spirito-santo-la-nascita-della-chiesa\/","url":"https:\/\/blog.holyart.it\/it\/pasqua\/la-pentecoste-giorno-cui-si-celebra-lo-spirito-santo-la-nascita-della-chiesa\/","name":"La Pentecoste: il giorno in cui si celebra lo Spirito Santo","isPartOf":{"@id":"https:\/\/blog.holyart.it\/it\/#website"},"primaryImageOfPage":{"@id":"https:\/\/blog.holyart.it\/it\/pasqua\/la-pentecoste-giorno-cui-si-celebra-lo-spirito-santo-la-nascita-della-chiesa\/#primaryimage"},"image":{"@id":"https:\/\/blog.holyart.it\/it\/pasqua\/la-pentecoste-giorno-cui-si-celebra-lo-spirito-santo-la-nascita-della-chiesa\/#primaryimage"},"thumbnailUrl":"https:\/\/blog.holyart.it\/it\/wp-content\/uploads\/sites\/17\/2017\/06\/Jacopo-Vignali-Pentecoste.jpg","datePublished":"2017-06-20T15:11:26+00:00","dateModified":"2025-02-04T15:58:05+00:00","description":"La Pentecoste \u00e8, dopo la Pasqua, forse una delle festivit\u00e0 pi\u00f9 importanti per la Chiesa cattolica. Essa celebra la discesa dello Spirito Santo.","breadcrumb":{"@id":"https:\/\/blog.holyart.it\/it\/pasqua\/la-pentecoste-giorno-cui-si-celebra-lo-spirito-santo-la-nascita-della-chiesa\/#breadcrumb"},"inLanguage":"it-IT","potentialAction":[{"@type":"ReadAction","target":["https:\/\/blog.holyart.it\/it\/pasqua\/la-pentecoste-giorno-cui-si-celebra-lo-spirito-santo-la-nascita-della-chiesa\/"]}]},{"@type":"ImageObject","inLanguage":"it-IT","@id":"https:\/\/blog.holyart.it\/it\/pasqua\/la-pentecoste-giorno-cui-si-celebra-lo-spirito-santo-la-nascita-della-chiesa\/#primaryimage","url":"https:\/\/blog.holyart.it\/it\/wp-content\/uploads\/sites\/17\/2017\/06\/Jacopo-Vignali-Pentecoste.jpg","contentUrl":"https:\/\/blog.holyart.it\/it\/wp-content\/uploads\/sites\/17\/2017\/06\/Jacopo-Vignali-Pentecoste.jpg","width":1000,"height":666,"caption":"Jacopo Vignali Pentecoste"},{"@type":"BreadcrumbList","@id":"https:\/\/blog.holyart.it\/it\/pasqua\/la-pentecoste-giorno-cui-si-celebra-lo-spirito-santo-la-nascita-della-chiesa\/#breadcrumb","itemListElement":[{"@type":"ListItem","position":1,"name":"Homepage","item":"https:\/\/blog.holyart.it\/it\/"},{"@type":"ListItem","position":2,"name":"Pasqua","item":"https:\/\/blog.holyart.it\/it\/pasqua\/"},{"@type":"ListItem","position":3,"name":"La Pentecoste: il giorno in cui si celebra lo Spirito Santo e la nascita della Chiesa"}]},{"@type":"WebSite","@id":"https:\/\/blog.holyart.it\/it\/#website","url":"https:\/\/blog.holyart.it\/it\/","name":"Holyblog","description":"Il Blog di Holyart.it","publisher":{"@id":"https:\/\/blog.holyart.it\/it\/#organization"},"potentialAction":[{"@type":"SearchAction","target":{"@type":"EntryPoint","urlTemplate":"https:\/\/blog.holyart.it\/it\/?s={search_term_string}"},"query-input":{"@type":"PropertyValueSpecification","valueRequired":true,"valueName":"search_term_string"}}],"inLanguage":"it-IT"},{"@type":"Organization","@id":"https:\/\/blog.holyart.it\/it\/#organization","name":"Holyblog","url":"https:\/\/blog.holyart.it\/it\/","logo":{"@type":"ImageObject","inLanguage":"it-IT","@id":"https:\/\/blog.holyart.it\/it\/#\/schema\/logo\/image\/","url":"https:\/\/blog.holyart.it\/it\/wp-content\/uploads\/sites\/17\/2022\/12\/Holyart_Blog_Logo.jpg","contentUrl":"https:\/\/blog.holyart.it\/it\/wp-content\/uploads\/sites\/17\/2022\/12\/Holyart_Blog_Logo.jpg","width":300,"height":50,"caption":"Holyblog"},"image":{"@id":"https:\/\/blog.holyart.it\/it\/#\/schema\/logo\/image\/"}},{"@type":"Person","@id":"https:\/\/blog.holyart.it\/it\/#\/schema\/person\/0a7b686e5af0f856ec1e390dd0baecda","name":"Redazione"}]}},"_links":{"self":[{"href":"https:\/\/blog.holyart.it\/it\/wp-json\/wp\/v2\/posts\/691","targetHints":{"allow":["GET"]}}],"collection":[{"href":"https:\/\/blog.holyart.it\/it\/wp-json\/wp\/v2\/posts"}],"about":[{"href":"https:\/\/blog.holyart.it\/it\/wp-json\/wp\/v2\/types\/post"}],"author":[{"embeddable":true,"href":"https:\/\/blog.holyart.it\/it\/wp-json\/wp\/v2\/users\/1"}],"replies":[{"embeddable":true,"href":"https:\/\/blog.holyart.it\/it\/wp-json\/wp\/v2\/comments?post=691"}],"version-history":[{"count":1,"href":"https:\/\/blog.holyart.it\/it\/wp-json\/wp\/v2\/posts\/691\/revisions"}],"predecessor-version":[{"id":21345,"href":"https:\/\/blog.holyart.it\/it\/wp-json\/wp\/v2\/posts\/691\/revisions\/21345"}],"wp:featuredmedia":[{"embeddable":true,"href":"https:\/\/blog.holyart.it\/it\/wp-json\/wp\/v2\/media\/692"}],"wp:attachment":[{"href":"https:\/\/blog.holyart.it\/it\/wp-json\/wp\/v2\/media?parent=691"}],"wp:term":[{"taxonomy":"category","embeddable":true,"href":"https:\/\/blog.holyart.it\/it\/wp-json\/wp\/v2\/categories?post=691"},{"taxonomy":"post_tag","embeddable":true,"href":"https:\/\/blog.holyart.it\/it\/wp-json\/wp\/v2\/tags?post=691"}],"curies":[{"name":"wp","href":"https:\/\/api.w.org\/{rel}","templated":true}]}}