{"id":688,"date":"2017-06-15T17:08:11","date_gmt":"2017-06-15T15:08:11","guid":{"rendered":"https:\/\/blog.holyart.it\/it\/?p=688"},"modified":"2025-02-04T16:57:36","modified_gmt":"2025-02-04T15:57:36","slug":"la-solennita-del-corpus-domini","status":"publish","type":"post","link":"https:\/\/blog.holyart.it\/it\/pasqua\/la-solennita-del-corpus-domini\/","title":{"rendered":"La solennit\u00e0 del Corpus Domini"},"content":{"rendered":"<p>La solennit\u00e0 del <strong>Corpus Domini<\/strong> (\u201cCorpo del Signore\u201d) conclude le feste che si susseguono dopo la <span style=\"color: #0000ff;\"><strong><a style=\"color: #0000ff;\" href=\"https:\/\/www.holyart.it\/it\/occasioni-speciali\/pasqua-e-quaresima\">Pasqua<\/a><\/strong><\/span>. Si festeggia il gioved\u00ec dopo la festa della Ss. Trinit\u00e0, anche se in molti paesi cade la domenica successiva. La solennit\u00e0 del Corpus Domini celebra <strong>la reale presenza di Cristo nell&#8217;eucarestia<\/strong>, opponendosi alla tesi di Berengario di Tours, che sosteneva che tale presenza non fosse reale, ma solo simbolica. Questa commemorazione nasce nel XIII secolo dalle visioni di una mistica belga, Giuliana di Ret\u00ecne e celebra l\u2019origine del mistero dell&#8217;Eucaristia.<\/p>\n<p>Nella visione di Giuliana di Ret\u00ecne appariva la luna piena, bianca e splendente, con una zona d\u2019ombra. La mistica interpret\u00f2 quell\u2019apparizione come la mancanza nella Chiesa di allora di una festivit\u00e0 che <strong>celebrasse l\u2019Eucarestia in quanto tale<\/strong>, come incarnazione di Cristo nel pane dell\u2019ultima cena. Successivamente, a dare credito a questa convinzione, ebbe luogo il miracolo eucaristico di Bolsena: da un\u2019ostia consacrata stillarono gocce di sangue che macchiarono il corporale di lino indossato dal sacerdote e alcune pietre dell&#8217;altare. Da quel momento Papa Urbano IV, amico e confidente di Giuliana, decret\u00f2 che la solennit\u00e0 del Corpus Domini fosse resa ufficiale ed estesa a tutta la chiesa.<\/p>\n<p>Il caporale del miracolo di Bolsena \u00e8 ancora oggi un elemento importantissimo per questa celebrazione. Ogni anno, infatti, la domenica successiva alla festivit\u00e0 del Corpus Domini, esso viene portato in processione lungo le strade di Orvieto.<\/p>\n<p>La solennit\u00e0 del Corpus Domini celebra la relazione fra Eucaristia e Chiesa. L\u2019Eucarestia \u00e8 intesa come corpo di Cristo, la Chiesa come suo corpo mistico, che dal primo trae la propria origine e il proprio senso pi\u00f9 profondo.<\/p>\n<p>Ovunque la solennit\u00e0 del Corpus Domini viene festeggiata con celebrazioni e soprattutto processioni, nelle quali viene esposta all&#8217;adorazione dei fedeli un\u2019ostia consacrata, simbolo di Ges\u00f9 fatto di carne e sangue, offerto in sacrificio per tutti.<\/p>\n","protected":false},"excerpt":{"rendered":"<p>La solennit\u00e0 del Corpus Domini (\u201cCorpo del Signore\u201d) conclude le feste che si susseguono dopo la Pasqua. Si festeggia il gioved\u00ec dopo la festa della Ss. Trinit\u00e0, anche se in molti paesi cade la domenica successiva. La solennit\u00e0 del Corpus Domini celebra la reale presenza&hellip;<\/p>\n","protected":false},"author":1,"featured_media":689,"comment_status":"closed","ping_status":"open","sticky":false,"template":"","format":"standard","meta":{"_acf_changed":false,"footnotes":""},"categories":[14,26],"tags":[],"class_list":["post-688","post","type-post","status-publish","format-standard","has-post-thumbnail","hentry","category-accessori-liturgia","category-pasqua"],"acf":[],"yoast_head":"<!-- This site is optimized with the Yoast SEO plugin v26.6 - https:\/\/yoast.com\/wordpress\/plugins\/seo\/ -->\n<title>La solennit\u00e0 del Corpus Domini - Holyblog<\/title>\n<meta name=\"description\" content=\"La solennit\u00e0 del Corpus Domini conclude le feste che si susseguono dopo la Pasqua. Si festeggia il gioved\u00ec dopo la festa della Ss. Trinit\u00e0.\" \/>\n<meta name=\"robots\" content=\"index, follow, max-snippet:-1, max-image-preview:large, max-video-preview:-1\" \/>\n<link rel=\"canonical\" href=\"https:\/\/blog.holyart.it\/it\/pasqua\/la-solennita-del-corpus-domini\/\" \/>\n<meta property=\"og:locale\" content=\"it_IT\" \/>\n<meta property=\"og:type\" content=\"article\" \/>\n<meta property=\"og:title\" content=\"La solennit\u00e0 del Corpus Domini - Holyblog\" \/>\n<meta property=\"og:description\" content=\"La solennit\u00e0 del Corpus Domini conclude le feste che si susseguono dopo la Pasqua. Si festeggia il gioved\u00ec dopo la festa della Ss. Trinit\u00e0.\" \/>\n<meta property=\"og:url\" content=\"https:\/\/blog.holyart.it\/it\/pasqua\/la-solennita-del-corpus-domini\/\" \/>\n<meta property=\"og:site_name\" content=\"Holyblog\" \/>\n<meta property=\"article:published_time\" content=\"2017-06-15T15:08:11+00:00\" \/>\n<meta property=\"article:modified_time\" content=\"2025-02-04T15:57:36+00:00\" \/>\n<meta property=\"og:image\" content=\"https:\/\/blog.holyart.it\/it\/wp-content\/uploads\/sites\/17\/2017\/06\/La-solennit\u00e0-del-corpus-domini.jpg\" \/>\n\t<meta property=\"og:image:width\" content=\"1000\" \/>\n\t<meta property=\"og:image:height\" content=\"665\" \/>\n\t<meta property=\"og:image:type\" content=\"image\/jpeg\" \/>\n<meta name=\"author\" content=\"Redazione\" \/>\n<meta name=\"twitter:card\" content=\"summary_large_image\" \/>\n<meta name=\"twitter:label1\" content=\"Scritto da\" \/>\n\t<meta name=\"twitter:data1\" content=\"Redazione\" \/>\n\t<meta name=\"twitter:label2\" content=\"Tempo di lettura stimato\" \/>\n\t<meta name=\"twitter:data2\" content=\"2 minuti\" \/>\n<script type=\"application\/ld+json\" class=\"yoast-schema-graph\">{\"@context\":\"https:\/\/schema.org\",\"@graph\":[{\"@type\":\"Article\",\"@id\":\"https:\/\/blog.holyart.it\/it\/pasqua\/la-solennita-del-corpus-domini\/#article\",\"isPartOf\":{\"@id\":\"https:\/\/blog.holyart.it\/it\/pasqua\/la-solennita-del-corpus-domini\/\"},\"author\":{\"name\":\"Redazione\",\"@id\":\"https:\/\/blog.holyart.it\/it\/#\/schema\/person\/0a7b686e5af0f856ec1e390dd0baecda\"},\"headline\":\"La solennit\u00e0 del Corpus Domini\",\"datePublished\":\"2017-06-15T15:08:11+00:00\",\"dateModified\":\"2025-02-04T15:57:36+00:00\",\"mainEntityOfPage\":{\"@id\":\"https:\/\/blog.holyart.it\/it\/pasqua\/la-solennita-del-corpus-domini\/\"},\"wordCount\":315,\"publisher\":{\"@id\":\"https:\/\/blog.holyart.it\/it\/#organization\"},\"image\":{\"@id\":\"https:\/\/blog.holyart.it\/it\/pasqua\/la-solennita-del-corpus-domini\/#primaryimage\"},\"thumbnailUrl\":\"https:\/\/blog.holyart.it\/it\/wp-content\/uploads\/sites\/17\/2017\/06\/La-solennit\u00e0-del-corpus-domini.jpg\",\"articleSection\":[\"Liturgia\",\"Pasqua\"],\"inLanguage\":\"it-IT\"},{\"@type\":\"WebPage\",\"@id\":\"https:\/\/blog.holyart.it\/it\/pasqua\/la-solennita-del-corpus-domini\/\",\"url\":\"https:\/\/blog.holyart.it\/it\/pasqua\/la-solennita-del-corpus-domini\/\",\"name\":\"La solennit\u00e0 del Corpus Domini - Holyblog\",\"isPartOf\":{\"@id\":\"https:\/\/blog.holyart.it\/it\/#website\"},\"primaryImageOfPage\":{\"@id\":\"https:\/\/blog.holyart.it\/it\/pasqua\/la-solennita-del-corpus-domini\/#primaryimage\"},\"image\":{\"@id\":\"https:\/\/blog.holyart.it\/it\/pasqua\/la-solennita-del-corpus-domini\/#primaryimage\"},\"thumbnailUrl\":\"https:\/\/blog.holyart.it\/it\/wp-content\/uploads\/sites\/17\/2017\/06\/La-solennit\u00e0-del-corpus-domini.jpg\",\"datePublished\":\"2017-06-15T15:08:11+00:00\",\"dateModified\":\"2025-02-04T15:57:36+00:00\",\"description\":\"La solennit\u00e0 del Corpus Domini conclude le feste che si susseguono dopo la Pasqua. Si festeggia il gioved\u00ec dopo la festa della Ss. Trinit\u00e0.\",\"breadcrumb\":{\"@id\":\"https:\/\/blog.holyart.it\/it\/pasqua\/la-solennita-del-corpus-domini\/#breadcrumb\"},\"inLanguage\":\"it-IT\",\"potentialAction\":[{\"@type\":\"ReadAction\",\"target\":[\"https:\/\/blog.holyart.it\/it\/pasqua\/la-solennita-del-corpus-domini\/\"]}]},{\"@type\":\"ImageObject\",\"inLanguage\":\"it-IT\",\"@id\":\"https:\/\/blog.holyart.it\/it\/pasqua\/la-solennita-del-corpus-domini\/#primaryimage\",\"url\":\"https:\/\/blog.holyart.it\/it\/wp-content\/uploads\/sites\/17\/2017\/06\/La-solennit\u00e0-del-corpus-domini.jpg\",\"contentUrl\":\"https:\/\/blog.holyart.it\/it\/wp-content\/uploads\/sites\/17\/2017\/06\/La-solennit\u00e0-del-corpus-domini.jpg\",\"width\":1000,\"height\":665,\"caption\":\"La solennit\u00e0 del corpus domini\"},{\"@type\":\"BreadcrumbList\",\"@id\":\"https:\/\/blog.holyart.it\/it\/pasqua\/la-solennita-del-corpus-domini\/#breadcrumb\",\"itemListElement\":[{\"@type\":\"ListItem\",\"position\":1,\"name\":\"Homepage\",\"item\":\"https:\/\/blog.holyart.it\/it\/\"},{\"@type\":\"ListItem\",\"position\":2,\"name\":\"Pasqua\",\"item\":\"https:\/\/blog.holyart.it\/it\/pasqua\/\"},{\"@type\":\"ListItem\",\"position\":3,\"name\":\"La solennit\u00e0 del Corpus Domini\"}]},{\"@type\":\"WebSite\",\"@id\":\"https:\/\/blog.holyart.it\/it\/#website\",\"url\":\"https:\/\/blog.holyart.it\/it\/\",\"name\":\"Holyblog\",\"description\":\"Il Blog di Holyart.it\",\"publisher\":{\"@id\":\"https:\/\/blog.holyart.it\/it\/#organization\"},\"potentialAction\":[{\"@type\":\"SearchAction\",\"target\":{\"@type\":\"EntryPoint\",\"urlTemplate\":\"https:\/\/blog.holyart.it\/it\/?s={search_term_string}\"},\"query-input\":{\"@type\":\"PropertyValueSpecification\",\"valueRequired\":true,\"valueName\":\"search_term_string\"}}],\"inLanguage\":\"it-IT\"},{\"@type\":\"Organization\",\"@id\":\"https:\/\/blog.holyart.it\/it\/#organization\",\"name\":\"Holyblog\",\"url\":\"https:\/\/blog.holyart.it\/it\/\",\"logo\":{\"@type\":\"ImageObject\",\"inLanguage\":\"it-IT\",\"@id\":\"https:\/\/blog.holyart.it\/it\/#\/schema\/logo\/image\/\",\"url\":\"https:\/\/blog.holyart.it\/it\/wp-content\/uploads\/sites\/17\/2022\/12\/Holyart_Blog_Logo.jpg\",\"contentUrl\":\"https:\/\/blog.holyart.it\/it\/wp-content\/uploads\/sites\/17\/2022\/12\/Holyart_Blog_Logo.jpg\",\"width\":300,\"height\":50,\"caption\":\"Holyblog\"},\"image\":{\"@id\":\"https:\/\/blog.holyart.it\/it\/#\/schema\/logo\/image\/\"}},{\"@type\":\"Person\",\"@id\":\"https:\/\/blog.holyart.it\/it\/#\/schema\/person\/0a7b686e5af0f856ec1e390dd0baecda\",\"name\":\"Redazione\"}]}<\/script>\n<!-- \/ Yoast SEO plugin. -->","yoast_head_json":{"title":"La solennit\u00e0 del Corpus Domini - Holyblog","description":"La solennit\u00e0 del Corpus Domini conclude le feste che si susseguono dopo la Pasqua. Si festeggia il gioved\u00ec dopo la festa della Ss. Trinit\u00e0.","robots":{"index":"index","follow":"follow","max-snippet":"max-snippet:-1","max-image-preview":"max-image-preview:large","max-video-preview":"max-video-preview:-1"},"canonical":"https:\/\/blog.holyart.it\/it\/pasqua\/la-solennita-del-corpus-domini\/","og_locale":"it_IT","og_type":"article","og_title":"La solennit\u00e0 del Corpus Domini - Holyblog","og_description":"La solennit\u00e0 del Corpus Domini conclude le feste che si susseguono dopo la Pasqua. Si festeggia il gioved\u00ec dopo la festa della Ss. Trinit\u00e0.","og_url":"https:\/\/blog.holyart.it\/it\/pasqua\/la-solennita-del-corpus-domini\/","og_site_name":"Holyblog","article_published_time":"2017-06-15T15:08:11+00:00","article_modified_time":"2025-02-04T15:57:36+00:00","og_image":[{"width":1000,"height":665,"url":"https:\/\/blog.holyart.it\/it\/wp-content\/uploads\/sites\/17\/2017\/06\/La-solennit\u00e0-del-corpus-domini.jpg","type":"image\/jpeg"}],"author":"Redazione","twitter_card":"summary_large_image","twitter_misc":{"Scritto da":"Redazione","Tempo di lettura stimato":"2 minuti"},"schema":{"@context":"https:\/\/schema.org","@graph":[{"@type":"Article","@id":"https:\/\/blog.holyart.it\/it\/pasqua\/la-solennita-del-corpus-domini\/#article","isPartOf":{"@id":"https:\/\/blog.holyart.it\/it\/pasqua\/la-solennita-del-corpus-domini\/"},"author":{"name":"Redazione","@id":"https:\/\/blog.holyart.it\/it\/#\/schema\/person\/0a7b686e5af0f856ec1e390dd0baecda"},"headline":"La solennit\u00e0 del Corpus Domini","datePublished":"2017-06-15T15:08:11+00:00","dateModified":"2025-02-04T15:57:36+00:00","mainEntityOfPage":{"@id":"https:\/\/blog.holyart.it\/it\/pasqua\/la-solennita-del-corpus-domini\/"},"wordCount":315,"publisher":{"@id":"https:\/\/blog.holyart.it\/it\/#organization"},"image":{"@id":"https:\/\/blog.holyart.it\/it\/pasqua\/la-solennita-del-corpus-domini\/#primaryimage"},"thumbnailUrl":"https:\/\/blog.holyart.it\/it\/wp-content\/uploads\/sites\/17\/2017\/06\/La-solennit\u00e0-del-corpus-domini.jpg","articleSection":["Liturgia","Pasqua"],"inLanguage":"it-IT"},{"@type":"WebPage","@id":"https:\/\/blog.holyart.it\/it\/pasqua\/la-solennita-del-corpus-domini\/","url":"https:\/\/blog.holyart.it\/it\/pasqua\/la-solennita-del-corpus-domini\/","name":"La solennit\u00e0 del Corpus Domini - Holyblog","isPartOf":{"@id":"https:\/\/blog.holyart.it\/it\/#website"},"primaryImageOfPage":{"@id":"https:\/\/blog.holyart.it\/it\/pasqua\/la-solennita-del-corpus-domini\/#primaryimage"},"image":{"@id":"https:\/\/blog.holyart.it\/it\/pasqua\/la-solennita-del-corpus-domini\/#primaryimage"},"thumbnailUrl":"https:\/\/blog.holyart.it\/it\/wp-content\/uploads\/sites\/17\/2017\/06\/La-solennit\u00e0-del-corpus-domini.jpg","datePublished":"2017-06-15T15:08:11+00:00","dateModified":"2025-02-04T15:57:36+00:00","description":"La solennit\u00e0 del Corpus Domini conclude le feste che si susseguono dopo la Pasqua. Si festeggia il gioved\u00ec dopo la festa della Ss. Trinit\u00e0.","breadcrumb":{"@id":"https:\/\/blog.holyart.it\/it\/pasqua\/la-solennita-del-corpus-domini\/#breadcrumb"},"inLanguage":"it-IT","potentialAction":[{"@type":"ReadAction","target":["https:\/\/blog.holyart.it\/it\/pasqua\/la-solennita-del-corpus-domini\/"]}]},{"@type":"ImageObject","inLanguage":"it-IT","@id":"https:\/\/blog.holyart.it\/it\/pasqua\/la-solennita-del-corpus-domini\/#primaryimage","url":"https:\/\/blog.holyart.it\/it\/wp-content\/uploads\/sites\/17\/2017\/06\/La-solennit\u00e0-del-corpus-domini.jpg","contentUrl":"https:\/\/blog.holyart.it\/it\/wp-content\/uploads\/sites\/17\/2017\/06\/La-solennit\u00e0-del-corpus-domini.jpg","width":1000,"height":665,"caption":"La solennit\u00e0 del corpus domini"},{"@type":"BreadcrumbList","@id":"https:\/\/blog.holyart.it\/it\/pasqua\/la-solennita-del-corpus-domini\/#breadcrumb","itemListElement":[{"@type":"ListItem","position":1,"name":"Homepage","item":"https:\/\/blog.holyart.it\/it\/"},{"@type":"ListItem","position":2,"name":"Pasqua","item":"https:\/\/blog.holyart.it\/it\/pasqua\/"},{"@type":"ListItem","position":3,"name":"La solennit\u00e0 del Corpus Domini"}]},{"@type":"WebSite","@id":"https:\/\/blog.holyart.it\/it\/#website","url":"https:\/\/blog.holyart.it\/it\/","name":"Holyblog","description":"Il Blog di Holyart.it","publisher":{"@id":"https:\/\/blog.holyart.it\/it\/#organization"},"potentialAction":[{"@type":"SearchAction","target":{"@type":"EntryPoint","urlTemplate":"https:\/\/blog.holyart.it\/it\/?s={search_term_string}"},"query-input":{"@type":"PropertyValueSpecification","valueRequired":true,"valueName":"search_term_string"}}],"inLanguage":"it-IT"},{"@type":"Organization","@id":"https:\/\/blog.holyart.it\/it\/#organization","name":"Holyblog","url":"https:\/\/blog.holyart.it\/it\/","logo":{"@type":"ImageObject","inLanguage":"it-IT","@id":"https:\/\/blog.holyart.it\/it\/#\/schema\/logo\/image\/","url":"https:\/\/blog.holyart.it\/it\/wp-content\/uploads\/sites\/17\/2022\/12\/Holyart_Blog_Logo.jpg","contentUrl":"https:\/\/blog.holyart.it\/it\/wp-content\/uploads\/sites\/17\/2022\/12\/Holyart_Blog_Logo.jpg","width":300,"height":50,"caption":"Holyblog"},"image":{"@id":"https:\/\/blog.holyart.it\/it\/#\/schema\/logo\/image\/"}},{"@type":"Person","@id":"https:\/\/blog.holyart.it\/it\/#\/schema\/person\/0a7b686e5af0f856ec1e390dd0baecda","name":"Redazione"}]}},"_links":{"self":[{"href":"https:\/\/blog.holyart.it\/it\/wp-json\/wp\/v2\/posts\/688","targetHints":{"allow":["GET"]}}],"collection":[{"href":"https:\/\/blog.holyart.it\/it\/wp-json\/wp\/v2\/posts"}],"about":[{"href":"https:\/\/blog.holyart.it\/it\/wp-json\/wp\/v2\/types\/post"}],"author":[{"embeddable":true,"href":"https:\/\/blog.holyart.it\/it\/wp-json\/wp\/v2\/users\/1"}],"replies":[{"embeddable":true,"href":"https:\/\/blog.holyart.it\/it\/wp-json\/wp\/v2\/comments?post=688"}],"version-history":[{"count":1,"href":"https:\/\/blog.holyart.it\/it\/wp-json\/wp\/v2\/posts\/688\/revisions"}],"predecessor-version":[{"id":21344,"href":"https:\/\/blog.holyart.it\/it\/wp-json\/wp\/v2\/posts\/688\/revisions\/21344"}],"wp:featuredmedia":[{"embeddable":true,"href":"https:\/\/blog.holyart.it\/it\/wp-json\/wp\/v2\/media\/689"}],"wp:attachment":[{"href":"https:\/\/blog.holyart.it\/it\/wp-json\/wp\/v2\/media?parent=688"}],"wp:term":[{"taxonomy":"category","embeddable":true,"href":"https:\/\/blog.holyart.it\/it\/wp-json\/wp\/v2\/categories?post=688"},{"taxonomy":"post_tag","embeddable":true,"href":"https:\/\/blog.holyart.it\/it\/wp-json\/wp\/v2\/tags?post=688"}],"curies":[{"name":"wp","href":"https:\/\/api.w.org\/{rel}","templated":true}]}}