{"id":6754,"date":"2019-06-06T12:03:35","date_gmt":"2019-06-06T10:03:35","guid":{"rendered":"https:\/\/blog.holyart.it\/it\/?p=6754"},"modified":"2020-09-22T11:19:46","modified_gmt":"2020-09-22T09:19:46","slug":"miracoli-san-gerardo-maiella","status":"publish","type":"post","link":"https:\/\/blog.holyart.it\/it\/articoli-religiosi\/miracoli-san-gerardo-maiella\/","title":{"rendered":"I miracoli di San Gerardo Maiella"},"content":{"rendered":"<h4 style=\"text-align: center;\">I miracoli di San Gerardo di Maiella hanno fatto conoscere nel mondo la storia umana e spirituale di questo giovane eccezionale. Scopriamo di pi\u00f9 su questo Santo patrono della\u00a0Basilicata, protettore delle donne incinte, delle mamme e dei bambini.<\/h4>\n\n<p>Gerardo Maiella nacque in una famiglia modesta di Muro Lucano, in provincia di Potenza, nel 1726. Suo padre era un sarto, e mor\u00ec presto, lasciandolo con la madre, donna devota che gli trasmise la consapevolezza dell&#8217;amore di Dio per tutto il creato.<\/p>\n<p>Per qualche tempo Gerardo, fanciullo, lavor\u00f2 al servizio del vescovo di Lacedonia, Claudio Albini, un uomo autoritario e dispotico, che tuttavia il ragazzo seppe imparare a conoscere e apprezzare. Dello stesso Gerardo, del resto, dicevano che era un po\u2019 eccentrico, senza arte n\u00e9 parte, un buono a nulla, destinato a fallire in ogni lavoro avesse voluto intraprendere.<\/p>\n<h2>San Gerardo\u00a0e\u00a0la chiamata religiosa<\/h2>\n<p>Fin da giovane, tuttavia, Gerardo aveva avvertito la chiamata religiosa, che lo esortava a trovare la propria strada nel mondo. Tent\u00f2 inizialmente di essere ammesso nel convento dei\u00a0<strong>frati cappuccini\u00a0<\/strong>della sua citt\u00e0, ma la sua salute cagionevole spinse i frati a rifiutare la sua richiesta. Senza farsi scoraggiare, nel 1748 Gerardo venne a contatto con un gruppo di sacerdoti redentoristi.<\/p>\n<div class=\"link-article\">\n<p><img loading=\"lazy\" decoding=\"async\" class=\"size-medium wp-image-6766\" src=\"https:\/\/blog.holyart.it\/it\/wp-content\/uploads\/sites\/17\/2019\/06\/padre-pio-300x200.jpg\" alt=\"padre pio\" width=\"150\" height=\"100\" \/><\/p>\n<div class=\"leggi-anche\">Leggi anche:<\/div>\n<p><strong><a href=\"https:\/\/www.holyart.it\/blog\/santi-e-beati\/padre-pio-lordine-dei-frati-minori-cappuccini\/\">Padre Pio e l\u2019ordine dei Frati Minori Cappuccini<\/a><\/strong><br \/>\nChe cosa rende Padre Pio un personaggio cos\u00ec venerato e celebrato, fin da quando era vivo, e tuttavia anche cos\u00ec discusso?<\/p>\n<\/div>\n<p>Questi sacerdoti appartenevano alla\u00a0<strong>Congregazione Redentorista<\/strong>\u00a0fondata da Sant&#8217;Alfonso Maria de&#8217; Liguori nel 1732, occupata in opere di evangelizzazione missionaria. I sacerdoti redentoristi auspicavano il mistero della\u00a0<strong>redenzione e della salvezza misericordiosa<\/strong>\u00a0di Dio in Ges\u00f9 e vivevano nell&#8217;imitazione di Ges\u00f9 e dei suoi discepoli. Gerardo decise di unirsi a loro, e per farlo, fugg\u00ec di casa calandosi con un lenzuolo dalla finestra. Alla madre lasci\u00f2 un biglietto: &#8220;<em>Mamma, perdonami, vado a farmi santo.<\/em>&#8221;<\/p>\n<p>Dopo molte insistenze, dovute sempre al timore che un certo stile di vita fosse troppo rischioso per la sua salute fragile, Gerardo riusc\u00ec a farsi accogliere nella Congregazione e il 16 luglio 1752, festa del Santissimo Redentore, pronunci\u00f2 i voti solenni. Inizi\u00f2 a spostarsi da un convento all&#8217;altro,\u00a0come\u00a0<em>Fratello inutile<\/em>, e si impegna in svariati lavori: giardiniere, sacrestano, portinaio, cuoco, addetto alla pulizia della stalla.<\/p>\n<p>Dimostra\u00a0ovunque uno spirito gioioso e una volont\u00e0 instancabile, oltre a obbedienza,\u00a0mortificazione, devozione. Dona ai poveri tutto ci\u00f2 che possiede, con gioia e amore,\u00a0e inizia a essere molto benvoluto ovunque. Affronta la vita con eroismo, pazienza e sopportazione, perfino quando viene accusato ingiustamente di aver intrattenuto una relazione illecita con una ragazza (sar\u00e0 poi la sua stessa accusatrice a discolparlo), e anche quando la tubercolosi lo costringe a letto.\u00a0Sulla porta della\u00a0propria cella fece scrivere: \u201c<em>Qui si fa la volont\u00e0 di Dio, come vuole Dio e fino a quando vuole Dio<\/em>\u201d.<\/p>\n<p>Mor\u00ec nel 1755, appena ventinovenne, e dopo pochi anni di vita religiosa, ma sufficienti per far s\u00ec che, nel 1893 Papa Leone XIII lo beatificasse e Papa\u00a0Pio X lo santificasse nel 1904.\u00a0San Gerardo Maiella\u00a0divenne presto il\u00a0<strong><a href=\"https:\/\/www.holyart.it\/blog\/articoli-religiosi\/ce-un-angelo-custode-nella-cameretta-del-tuo-bambino\/\">patrono delle gestanti e dei bambini<\/a><\/strong>.\u00a0La sua esistenza fu improntata all&#8217;obbedienza, all&#8217;umiliazione e alla fatica, alla volont\u00e0 di vivere in Cristo e per Cristo, facendo ogni giorno, con gioia, la Sua volont\u00e0. Chi lo conobbe raccont\u00f2 di guarigioni inspiegabili avvenute grazie a lui, e ben presto si diffuse la sua fama di taumaturgo, guaritore del corpo e dell&#8217;anima.<\/p>\n<p>A Materdomini, frazione del comune di Caposele (AV), sorge il\u00a0<strong>santuario di San Gerardo Maiella<\/strong>,\u00a0dedicato anche a Maria SS. Mater Domini.\u00a0Il santuario sorge in un luogo famoso per le apparizioni della Madonna, in epoca medievale. Dopo che\u00a0il 16 Ottobre 1755, nel Collegio di Padri Redentoristi sorto accanto alla cappella dedicata alla Madonna, mor\u00ec San Gerardo Maiella, si decise di\u00a0associare il culto del Santo a quello della\u00a0Mater Domini.<\/p>\n<p>Il Santo viene festeggiato il\u00a0<strong>16 ottobre<\/strong>, giorno della sua morte.<\/p>\n<h2>Miracoli di San Gerardo<\/h2>\n<p>Fin da bambino San Gerardo amava trovare rifugio nei luoghi di culto. Uno gli era particolarmente caro, la cappella della Vergine a Capodigiano. Qui Gerardo, ancora piccolo, raccontava di ricevere ogni tanto un\u00a0<strong>panino bianco<\/strong>\u00a0dal figlio di una misteriosa bella Signora, che si staccava dalla madre per andare da lui. Una volta cresciuto\u00a0il santo comprender\u00e0 che\u00a0quel bambino era Ges\u00f9.<\/p>\n<div class=\"link-product\">\n<div class=\"blocco-immagine\"><img loading=\"lazy\" decoding=\"async\" class=\"size-medium wp-image-6759\" src=\"https:\/\/blog.holyart.it\/it\/wp-content\/uploads\/sites\/17\/2019\/06\/san-gerardo-gesso-300x300.jpg\" alt=\"san gerardo \" width=\"100\" height=\"100\" \/><\/div>\n<div class=\"blocco-contenuto\">\n<div class=\"blocco-acquista\">Acquista su Holyart:<\/div>\n<div class=\"blocco-titolo\"><a href=\"https:\/\/www.holyart.it\/it\/articoli-religiosi\/statue\/statue-in-gesso?sorter_id=5&amp;sort=20a\">Oltre 200 Statuine di Santi in gesso, realizzate da artigiani italiani e dipinte a mano<\/a><\/div>\n<\/div>\n<\/div>\n<p>Gerardo seguit\u00f2 a subire la solennit\u00e0 del pane liturgico e delle ostie consacrate. A otto anni tent\u00f2 di ottenere<strong> <a href=\"https:\/\/www.holyart.it\/it\/occasioni-speciali\/prima-comunione\">la Prima Comunione<\/a><\/strong>, nonostante fosse ancora troppo giovane. Il sacerdote lo allontan\u00f2, ma quella notte il bambino raccont\u00f2 di aver ricevuto la visita di San Michele Arcangelo, che and\u00f2 da lui per offrirgli l&#8217;<strong>Eucaristia<\/strong>\u00a0che tanto desiderava.<\/p>\n<p>Un altro miracolo avvenuto quando il Santo era ancora molto giovane \u00e8 quello del\u00a0<strong>pagliaio in fiamme<\/strong>. In quel tempo Gerardo, perduto da poco il padre, lavorava come apprendista presso un sarto, Martino Pannuto, nella bottega del quale subiva continue angherie da parte degli altri apprendisti. Una notte\u00a0<strong>un pagliaio si incendi\u00f2\u00a0<\/strong>e Gerardo, che era all&#8217;interno con il figlio piccolo del suo datore di lavoro, fece il segno della croce e mormor\u00f2 una preghiera. Subito le fiamme si spensero.<\/p>\n<p>Nei tre anni in cui prest\u00f2 servizio presso Monsignor Claudio Albini, Vescovo di Lacedonia, Gerardo sub\u00ec le mortificazioni e i castighi che il severo prelato gli elargiva per ogni minima mancanza. Un giorno mentre prendeva l&#8217;acqua da un\u00a0<strong>pozzo<\/strong>, gli caddero le chiavi della casa del padrone. Anzich\u00e9 disperarsi in vista del castigo che avrebbe dovuto subire, il ragazzo corse nella chiesa vicina, presa una\u00a0statuetta di Ges\u00f9 bambino\u00a0la cal\u00f2 nel pozzo. Quando estrasse l&#8217;icona dal pozzo, essa stringeva in pugno le chiavi perdute.<\/p>\n<p>Prima della sua fuga con i sacerdoti redentoristi, mentre lavorava come sarto, Gerardo si recava spesso a dialogare con Ges\u00f9\u00a0davanti al\u00a0<strong><a href=\"https:\/\/www.holyart.it\/it\/accessori-per-la-liturgia\/arredi-sacri\/tabernacoli\">tabernacolo<\/a><\/strong>. Il soprannome affettuoso con cui si rivolgeva al Salvatore era\u00a0<em>pazzerello<\/em>, perch\u00e9 aveva scelto di restare chiuso in quello spazio angusto per amore degli uomini.<\/p>\n<p>Incoraggiato dai suoi compaesani a trovarsi una donna da sposare, il giovane Gerardo salt\u00f2 sulla pedana che sfilava in processione la terza domenica di Maggio, e infil\u00f2 il proprio anello alla Vergine. In questo modo dimostr\u00f2 di volersi consacrare a lei con\u00a0<strong>voto di castit\u00e0<\/strong>. Qualche tempo dopo, tuttavia, una ragazza, Nerea Caggiano, che lui aveva aiutato nel momento del bisogno, lo accus\u00f2 di avere una relazione illecita con Nicoletta Cappucci, sedotta e abbandonata da un nobile scapestrato. Nerea accus\u00f2 pubblicamente Gerardo anche presso Alfonso Maria de Liguori. Convocato dai propri superiori e invitato a scagionarsi, il giovane non apr\u00ec bocca. Sub\u00ec in silenzio le accuse e la punizione, che prevedeva di non poter ricevere l\u2019Eucaristia e di restare isolato. Gerardo fece tutto questo per restare fedele alla regola che gli imponeva di soffrire in silenzio qualsiasi mortificazione. Sconvolta dalla sua umilt\u00e0 e accettazione della volont\u00e0 di Dio, Nerea in seguito si convert\u00ec e lo scagion\u00f2 completamente.<\/p>\n<p>Gerardo era famoso anche come\u00a0<strong>scrutatore di cuori<\/strong>, capace di trovare il bene nascosto nell&#8217;animo anche degli uomini pi\u00f9 insospettabili, come accadde col guardiacaccia del duca di Bovino, che picchi\u00f2 a morte il giovane santo, il quale sub\u00ec tutte le percosse senza un lamento, per poi pentirsi tra le lacrime e seguirlo in convento per iniziare una nuova vita.<\/p>\n<p>Anche un peccatore conclamato, incapace di cambiare vita e rinunciare ai piaceri della carne, venne convinto quando vide Gerardo sollevare un crocifisso che inizi\u00f2 a grondare sangue, per poi trasformarsi in Ges\u00f9 bambino.<\/p>\n<p>I miracoli di Gerardo furono tanti e diversi. Vogliamo ricordare qui in particolare quello del<strong>\u00a0fazzoletto di San Gerardo Maiella\u00a0<\/strong>che fece s\u00ec che il Santo diventasse protettore delle donne incinte e dei bambini.<\/p>\n<p>Si racconta che mentre il giovane religioso si trovava a Oliveto Citra per motivi di salute, and\u00f2 a salutare la famiglia Pirofalo. Mentre usciva venne inseguito dalla pi\u00f9 piccola delle loro figlie, che voleva restituirgli il fazzoletto che il giovane aveva scordato. Lui le sorrise e le disse di tenerlo, che un giorno le sarebbe servito.<\/p>\n<p>Anni dopo quella stessa bambina, cresciuta, stava rischiando di morire di parto. Ricordando le parole di Gerardo, chiese che le portassero il fazzoletto che lui le aveva donato. Le donne che erano con lei glielo stesero sulla pancia, e subito i dolori cessarono e il bambino nacque sano. Da allora San Gerardo \u00e8 invocato dalle donne incinte e il santuario di Materdomini \u00e8 addobbato da innumerevoli fiocchi colorati che ricordano le gravidanze che hanno avuto buon esito grazie alla sua protezione.<\/p>\n<h2>Preghiera a San Gerardo Maiella<\/h2>\n<p>Ogni anno il 16 ottobre presso il Santuario di Materdomini si recita l\u2019atto di affidamento delle mamme e dei bambini alla Madonna e a San Gerardo. La riportiamo di seguito, ricordando che esiste anche una\u00a0<strong>novena<\/strong>\u00a0a lui dedicata.<\/p>\n<p><em>O Maria, Vergine e Madre di Dio, che hai scelto questo santuario per elargire grazie insieme al tuo fedele servo Gerardo Maiella, (in questa giornata dedicata alla vita,) noi ci rivolgiamo a te con fiducia e invochiamo su di noi la tua materna protezione. A te, o Maria, che hai accolto il Signore della vita affidiamo le mamme con i loro sposi perch\u00e9 nell\u2019accoglienza della vita siano i primi testimoni della fede e dell\u2019amore. A te, Gerardo, celeste patrono della vita, affidiamo tutte le mamme e in particolar modo il frutto che esse portano nel grembo, perch\u00e9 tu sii sempre loro vicino con la tua potente intercessione. A te, Madre attenta e premurosa del Cristo tuo Figlio affidiamo i nostri bambini perch\u00e9 crescano come Ges\u00f9 in et\u00e0, sapienza e grazia. A te, Gerardo, celeste protettore dei bambini affidiamo i nostri figli perch\u00e9 tu li custodisca sempre e li difenda dai pericoli del corpo e dell\u2019anima. A te, Madre della Chiesa affidiamo le nostre famiglie con le loro gioie e i loro dolori perch\u00e9 ogni casa diventi piccola Chiesa domestica, dove regni la fede e la concordia. A te, Gerardo, difensore della vita, affidiamo le nostre famiglie perch\u00e9 con il tuo aiuto siano modello di preghiera, di amore, di laboriosit\u00e0 e siano sempre aperte all\u2019accoglienza e alla solidariet\u00e0. Infine a te, Vergine Maria e a te, glorioso Gerardo, affidiamo la Chiesa e la Societ\u00e0 Civile, il mondo del lavoro, i giovani, gli anziani e gli ammalati e quanti promuovono il vostro culto perch\u00e9 uniti a Cristo, Signore della vita, riscoprano il vero senso del lavoro come servizio alla vita umana, come testimonianza di carit\u00e0 e come annunzio dell\u2019amore di Dio per ogni uomo. Amen.<\/em><\/p>\n<figure id=\"attachment_6439\" aria-describedby=\"caption-attachment-6439\" style=\"width: 300px\" class=\"wp-caption alignright\"><img loading=\"lazy\" decoding=\"async\" class=\"size-medium wp-image-6439\" src=\"https:\/\/blog.holyart.it\/it\/wp-content\/uploads\/sites\/17\/2019\/05\/festa-della-mamma-300x200.jpg\" alt=\"festa della mamma\" width=\"300\" height=\"200\" \/><figcaption id=\"caption-attachment-6439\" class=\"wp-caption-text\"><center><strong><a href=\"https:\/\/www.holyart.it\/blog\/articoli-religiosi\/la-festa-della-mamma-cuore-del-mese-mariano\/\">La Festa della mamma cuore del mese mariano<\/a><\/strong><br \/><a href=\"https:\/\/www.holyart.it\/blog\/articoli-religiosi\/la-festa-della-mamma-cuore-del-mese-mariano\/\"><button class=\"bottoneacquista\" style=\"vertical-align: middle;\">Leggi di pi\u00f9<\/button><\/a><\/center><\/figcaption><\/figure>\n<p><em>O glorioso san Gerardo che vedesti in ogni donna l\u2019immagine vivente di Maria, sposa e madre di Dio, e la volesti, col tuo intenso apostolato, all\u2019altezza della sua missione, benedici me e tutte le mamme del mondo.\u00a0<\/em><\/p>\n<p><em>Rendici forti per mantenere unite le nostre famiglie; soccorrici nel difficile compito di educare cristianamente i figli; dona ai nostri mariti il coraggio della fede e dell\u2019amore, affinch\u00e9, sul tuo esempio e confortate dal tuo aiuto, possiamo essere strumento di Ges\u00f9 per far divenire il mondo pi\u00f9 buono e giusto.\u00a0<\/em><\/p>\n<p><em>In particolare soccorrici nelle malattie, nel dolore e in qualsiasi bisogno; o almeno dacci la forza di accettare ogni cosa cristianamente, affinch\u00e9 possiamo anche noi essere immagine di Ges\u00f9 crocifisso come lo fosti tu.\u00a0<\/em><\/p>\n<p><em>Alle nostre famiglie dona la gioia, la pace e l\u2019amore di Dio.<\/em><\/p>\n<p><em>O Signore Ges\u00f9 che sei nato dalla Vergine Maria,<\/em><br \/>\n<em>\u2013 proteggi e benedici i nostri bambini.<\/em><br \/>\n<em>Tu che sei stato obbediente alla tua mamma Maria,<\/em><br \/>\n<em>\u2013 proteggi e benedici i nostri bambini.<\/em><br \/>\n<em>Tu che hai santificato l\u2019infanzia,<\/em><br \/>\n<em>\u2013 proteggi e benedici i nostri bambini.<\/em><br \/>\n<em>Tu che da bambino hai sofferto la povert\u00e0,<\/em><br \/>\n<em>\u2013 proteggi e benedici i nostri bambini.<\/em><br \/>\n<em>Tu che hai sofferto le persecuzioni e l\u2019esilio,<\/em><br \/>\n<em>\u2013 proteggi e benedici i nostri bambini.<\/em><br \/>\n<em>Tu che hai accolto e amato i bambini,<\/em><br \/>\n<em>\u2013 proteggi e benedici i nostri bambini.<\/em><br \/>\n<em>Tu che nel battesimo hai dato loro una nuova vita,<\/em><br \/>\n<em>\u2013 proteggi e benedici i nostri bambini.<\/em><br \/>\n<em>Tu che ti doni loro in cibo nella santa Comunione,<\/em><br \/>\n<em>\u2013 proteggi e benedici i nostri bambini.<\/em><br \/>\n<em>Tu che hai prediletto san Gerardo sin dalla tenera et\u00e0,<\/em><br \/>\n<em>\u2013 proteggi e benedici i nostri bambini.<\/em><br \/>\n<em>Tu che giocavi con il piccolo Gerardo,\u00a0<\/em><br \/>\n<em>\u2013 proteggi e benedici i nostri bambini.\u00a0<\/em><br \/>\n<em>Tu che gli portavi il bianco panino,\u00a0<\/em><br \/>\n<em>\u2013 proteggi e benedici i nostri bambini.<\/em><br \/>\n<em>Nelle malattie e nelle sofferenze.<\/em><br \/>\n<em>\u2013 proteggi e benedici i nostri bambini.\u00a0<\/em><br \/>\n<em>Nelle difficolt\u00e0 e nei pericoli.<\/em><br \/>\n<em>\u2013 proteggi e benedici i nostri bambini.<\/em><\/p>\n<p><em>Preghiamo\u00a0<\/em><br \/>\n<em>Signore Ges\u00f9 Cristo, esaudisci le nostre preghiere per questi fanciulli,\u00a0<\/em><br \/>\n<em>benedicili nel tuo amore e custodiscili con la tua continua protezione,\u00a0<\/em><br \/>\n<em>perch\u00e9 essi possano crescere cristianamente e giungere a darti piena testimonianza<\/em><br \/>\n<em>con fede libera e sincera, con fervente carit\u00e0 e con perseverante speranza nella venuta del tuo regno.\u00a0<\/em><br \/>\n<em>Tu che vivi e regni nei secoli dei secoli. Amen<\/em><\/p>\n<p>&nbsp;<\/p>\n","protected":false},"excerpt":{"rendered":"<p>I miracoli di San Gerardo di Maiella hanno fatto conoscere nel mondo la storia umana e spirituale di questo giovane eccezionale. Scopriamo di pi\u00f9 su questo Santo patrono della\u00a0Basilicata, protettore delle donne incinte, delle mamme e dei bambini. Gerardo Maiella nacque in una famiglia modesta&hellip;<\/p>\n","protected":false},"author":1,"featured_media":6758,"comment_status":"closed","ping_status":"open","sticky":false,"template":"","format":"standard","meta":{"_acf_changed":false,"footnotes":""},"categories":[16,15],"tags":[],"class_list":["post-6754","post","type-post","status-publish","format-standard","has-post-thumbnail","hentry","category-articoli-religiosi","category-santi-e-beati"],"acf":[],"yoast_head":"<!-- This site is optimized with the Yoast SEO plugin v26.6 - https:\/\/yoast.com\/wordpress\/plugins\/seo\/ -->\n<title>I miracoli di San Gerardo Maiella - Holyblog<\/title>\n<meta name=\"description\" content=\"I miracoli di San Gerardo di Maiella hanno fatto conoscere nel mondo la storia umana e spirituale di questo giovane eccezionale.\" \/>\n<meta name=\"robots\" content=\"index, follow, max-snippet:-1, max-image-preview:large, max-video-preview:-1\" \/>\n<link rel=\"canonical\" href=\"https:\/\/blog.holyart.it\/it\/articoli-religiosi\/miracoli-san-gerardo-maiella\/\" \/>\n<meta property=\"og:locale\" content=\"it_IT\" \/>\n<meta property=\"og:type\" content=\"article\" \/>\n<meta property=\"og:title\" content=\"I miracoli di San Gerardo Maiella - Holyblog\" \/>\n<meta property=\"og:description\" content=\"I miracoli di San Gerardo di Maiella hanno fatto conoscere nel mondo la storia umana e spirituale di questo giovane eccezionale.\" \/>\n<meta property=\"og:url\" content=\"https:\/\/blog.holyart.it\/it\/articoli-religiosi\/miracoli-san-gerardo-maiella\/\" \/>\n<meta property=\"og:site_name\" content=\"Holyblog\" \/>\n<meta property=\"article:published_time\" content=\"2019-06-06T10:03:35+00:00\" \/>\n<meta property=\"article:modified_time\" content=\"2020-09-22T09:19:46+00:00\" \/>\n<meta property=\"og:image\" content=\"https:\/\/blog.holyart.it\/it\/wp-content\/uploads\/sites\/17\/2019\/06\/San-gerardo.jpg\" \/>\n\t<meta property=\"og:image:width\" content=\"1000\" \/>\n\t<meta property=\"og:image:height\" content=\"666\" \/>\n\t<meta property=\"og:image:type\" content=\"image\/jpeg\" \/>\n<meta name=\"author\" content=\"Redazione\" \/>\n<meta name=\"twitter:card\" content=\"summary_large_image\" \/>\n<meta name=\"twitter:label1\" content=\"Scritto da\" \/>\n\t<meta name=\"twitter:data1\" content=\"Redazione\" \/>\n\t<meta name=\"twitter:label2\" content=\"Tempo di lettura stimato\" \/>\n\t<meta name=\"twitter:data2\" content=\"11 minuti\" \/>\n<script type=\"application\/ld+json\" class=\"yoast-schema-graph\">{\"@context\":\"https:\/\/schema.org\",\"@graph\":[{\"@type\":\"Article\",\"@id\":\"https:\/\/blog.holyart.it\/it\/articoli-religiosi\/miracoli-san-gerardo-maiella\/#article\",\"isPartOf\":{\"@id\":\"https:\/\/blog.holyart.it\/it\/articoli-religiosi\/miracoli-san-gerardo-maiella\/\"},\"author\":{\"name\":\"Redazione\",\"@id\":\"https:\/\/blog.holyart.it\/it\/#\/schema\/person\/0a7b686e5af0f856ec1e390dd0baecda\"},\"headline\":\"I miracoli di San Gerardo Maiella\",\"datePublished\":\"2019-06-06T10:03:35+00:00\",\"dateModified\":\"2020-09-22T09:19:46+00:00\",\"mainEntityOfPage\":{\"@id\":\"https:\/\/blog.holyart.it\/it\/articoli-religiosi\/miracoli-san-gerardo-maiella\/\"},\"wordCount\":2147,\"publisher\":{\"@id\":\"https:\/\/blog.holyart.it\/it\/#organization\"},\"image\":{\"@id\":\"https:\/\/blog.holyart.it\/it\/articoli-religiosi\/miracoli-san-gerardo-maiella\/#primaryimage\"},\"thumbnailUrl\":\"https:\/\/blog.holyart.it\/it\/wp-content\/uploads\/sites\/17\/2019\/06\/San-gerardo.jpg\",\"articleSection\":[\"Religione\",\"Santi e beati\"],\"inLanguage\":\"it-IT\"},{\"@type\":\"WebPage\",\"@id\":\"https:\/\/blog.holyart.it\/it\/articoli-religiosi\/miracoli-san-gerardo-maiella\/\",\"url\":\"https:\/\/blog.holyart.it\/it\/articoli-religiosi\/miracoli-san-gerardo-maiella\/\",\"name\":\"I miracoli di San Gerardo Maiella - Holyblog\",\"isPartOf\":{\"@id\":\"https:\/\/blog.holyart.it\/it\/#website\"},\"primaryImageOfPage\":{\"@id\":\"https:\/\/blog.holyart.it\/it\/articoli-religiosi\/miracoli-san-gerardo-maiella\/#primaryimage\"},\"image\":{\"@id\":\"https:\/\/blog.holyart.it\/it\/articoli-religiosi\/miracoli-san-gerardo-maiella\/#primaryimage\"},\"thumbnailUrl\":\"https:\/\/blog.holyart.it\/it\/wp-content\/uploads\/sites\/17\/2019\/06\/San-gerardo.jpg\",\"datePublished\":\"2019-06-06T10:03:35+00:00\",\"dateModified\":\"2020-09-22T09:19:46+00:00\",\"description\":\"I miracoli di San Gerardo di Maiella hanno fatto conoscere nel mondo la storia umana e spirituale di questo giovane eccezionale.\",\"breadcrumb\":{\"@id\":\"https:\/\/blog.holyart.it\/it\/articoli-religiosi\/miracoli-san-gerardo-maiella\/#breadcrumb\"},\"inLanguage\":\"it-IT\",\"potentialAction\":[{\"@type\":\"ReadAction\",\"target\":[\"https:\/\/blog.holyart.it\/it\/articoli-religiosi\/miracoli-san-gerardo-maiella\/\"]}]},{\"@type\":\"ImageObject\",\"inLanguage\":\"it-IT\",\"@id\":\"https:\/\/blog.holyart.it\/it\/articoli-religiosi\/miracoli-san-gerardo-maiella\/#primaryimage\",\"url\":\"https:\/\/blog.holyart.it\/it\/wp-content\/uploads\/sites\/17\/2019\/06\/San-gerardo.jpg\",\"contentUrl\":\"https:\/\/blog.holyart.it\/it\/wp-content\/uploads\/sites\/17\/2019\/06\/San-gerardo.jpg\",\"width\":1000,\"height\":666,\"caption\":\"San gerardo\"},{\"@type\":\"BreadcrumbList\",\"@id\":\"https:\/\/blog.holyart.it\/it\/articoli-religiosi\/miracoli-san-gerardo-maiella\/#breadcrumb\",\"itemListElement\":[{\"@type\":\"ListItem\",\"position\":1,\"name\":\"Homepage\",\"item\":\"https:\/\/blog.holyart.it\/it\/\"},{\"@type\":\"ListItem\",\"position\":2,\"name\":\"Religione\",\"item\":\"https:\/\/blog.holyart.it\/it\/articoli-religiosi\/\"},{\"@type\":\"ListItem\",\"position\":3,\"name\":\"I miracoli di San Gerardo Maiella\"}]},{\"@type\":\"WebSite\",\"@id\":\"https:\/\/blog.holyart.it\/it\/#website\",\"url\":\"https:\/\/blog.holyart.it\/it\/\",\"name\":\"Holyblog\",\"description\":\"Il Blog di Holyart.it\",\"publisher\":{\"@id\":\"https:\/\/blog.holyart.it\/it\/#organization\"},\"potentialAction\":[{\"@type\":\"SearchAction\",\"target\":{\"@type\":\"EntryPoint\",\"urlTemplate\":\"https:\/\/blog.holyart.it\/it\/?s={search_term_string}\"},\"query-input\":{\"@type\":\"PropertyValueSpecification\",\"valueRequired\":true,\"valueName\":\"search_term_string\"}}],\"inLanguage\":\"it-IT\"},{\"@type\":\"Organization\",\"@id\":\"https:\/\/blog.holyart.it\/it\/#organization\",\"name\":\"Holyblog\",\"url\":\"https:\/\/blog.holyart.it\/it\/\",\"logo\":{\"@type\":\"ImageObject\",\"inLanguage\":\"it-IT\",\"@id\":\"https:\/\/blog.holyart.it\/it\/#\/schema\/logo\/image\/\",\"url\":\"https:\/\/blog.holyart.it\/it\/wp-content\/uploads\/sites\/17\/2022\/12\/Holyart_Blog_Logo.jpg\",\"contentUrl\":\"https:\/\/blog.holyart.it\/it\/wp-content\/uploads\/sites\/17\/2022\/12\/Holyart_Blog_Logo.jpg\",\"width\":300,\"height\":50,\"caption\":\"Holyblog\"},\"image\":{\"@id\":\"https:\/\/blog.holyart.it\/it\/#\/schema\/logo\/image\/\"}},{\"@type\":\"Person\",\"@id\":\"https:\/\/blog.holyart.it\/it\/#\/schema\/person\/0a7b686e5af0f856ec1e390dd0baecda\",\"name\":\"Redazione\"}]}<\/script>\n<!-- \/ Yoast SEO plugin. -->","yoast_head_json":{"title":"I miracoli di San Gerardo Maiella - Holyblog","description":"I miracoli di San Gerardo di Maiella hanno fatto conoscere nel mondo la storia umana e spirituale di questo giovane eccezionale.","robots":{"index":"index","follow":"follow","max-snippet":"max-snippet:-1","max-image-preview":"max-image-preview:large","max-video-preview":"max-video-preview:-1"},"canonical":"https:\/\/blog.holyart.it\/it\/articoli-religiosi\/miracoli-san-gerardo-maiella\/","og_locale":"it_IT","og_type":"article","og_title":"I miracoli di San Gerardo Maiella - Holyblog","og_description":"I miracoli di San Gerardo di Maiella hanno fatto conoscere nel mondo la storia umana e spirituale di questo giovane eccezionale.","og_url":"https:\/\/blog.holyart.it\/it\/articoli-religiosi\/miracoli-san-gerardo-maiella\/","og_site_name":"Holyblog","article_published_time":"2019-06-06T10:03:35+00:00","article_modified_time":"2020-09-22T09:19:46+00:00","og_image":[{"width":1000,"height":666,"url":"https:\/\/blog.holyart.it\/it\/wp-content\/uploads\/sites\/17\/2019\/06\/San-gerardo.jpg","type":"image\/jpeg"}],"author":"Redazione","twitter_card":"summary_large_image","twitter_misc":{"Scritto da":"Redazione","Tempo di lettura stimato":"11 minuti"},"schema":{"@context":"https:\/\/schema.org","@graph":[{"@type":"Article","@id":"https:\/\/blog.holyart.it\/it\/articoli-religiosi\/miracoli-san-gerardo-maiella\/#article","isPartOf":{"@id":"https:\/\/blog.holyart.it\/it\/articoli-religiosi\/miracoli-san-gerardo-maiella\/"},"author":{"name":"Redazione","@id":"https:\/\/blog.holyart.it\/it\/#\/schema\/person\/0a7b686e5af0f856ec1e390dd0baecda"},"headline":"I miracoli di San Gerardo Maiella","datePublished":"2019-06-06T10:03:35+00:00","dateModified":"2020-09-22T09:19:46+00:00","mainEntityOfPage":{"@id":"https:\/\/blog.holyart.it\/it\/articoli-religiosi\/miracoli-san-gerardo-maiella\/"},"wordCount":2147,"publisher":{"@id":"https:\/\/blog.holyart.it\/it\/#organization"},"image":{"@id":"https:\/\/blog.holyart.it\/it\/articoli-religiosi\/miracoli-san-gerardo-maiella\/#primaryimage"},"thumbnailUrl":"https:\/\/blog.holyart.it\/it\/wp-content\/uploads\/sites\/17\/2019\/06\/San-gerardo.jpg","articleSection":["Religione","Santi e beati"],"inLanguage":"it-IT"},{"@type":"WebPage","@id":"https:\/\/blog.holyart.it\/it\/articoli-religiosi\/miracoli-san-gerardo-maiella\/","url":"https:\/\/blog.holyart.it\/it\/articoli-religiosi\/miracoli-san-gerardo-maiella\/","name":"I miracoli di San Gerardo Maiella - Holyblog","isPartOf":{"@id":"https:\/\/blog.holyart.it\/it\/#website"},"primaryImageOfPage":{"@id":"https:\/\/blog.holyart.it\/it\/articoli-religiosi\/miracoli-san-gerardo-maiella\/#primaryimage"},"image":{"@id":"https:\/\/blog.holyart.it\/it\/articoli-religiosi\/miracoli-san-gerardo-maiella\/#primaryimage"},"thumbnailUrl":"https:\/\/blog.holyart.it\/it\/wp-content\/uploads\/sites\/17\/2019\/06\/San-gerardo.jpg","datePublished":"2019-06-06T10:03:35+00:00","dateModified":"2020-09-22T09:19:46+00:00","description":"I miracoli di San Gerardo di Maiella hanno fatto conoscere nel mondo la storia umana e spirituale di questo giovane eccezionale.","breadcrumb":{"@id":"https:\/\/blog.holyart.it\/it\/articoli-religiosi\/miracoli-san-gerardo-maiella\/#breadcrumb"},"inLanguage":"it-IT","potentialAction":[{"@type":"ReadAction","target":["https:\/\/blog.holyart.it\/it\/articoli-religiosi\/miracoli-san-gerardo-maiella\/"]}]},{"@type":"ImageObject","inLanguage":"it-IT","@id":"https:\/\/blog.holyart.it\/it\/articoli-religiosi\/miracoli-san-gerardo-maiella\/#primaryimage","url":"https:\/\/blog.holyart.it\/it\/wp-content\/uploads\/sites\/17\/2019\/06\/San-gerardo.jpg","contentUrl":"https:\/\/blog.holyart.it\/it\/wp-content\/uploads\/sites\/17\/2019\/06\/San-gerardo.jpg","width":1000,"height":666,"caption":"San gerardo"},{"@type":"BreadcrumbList","@id":"https:\/\/blog.holyart.it\/it\/articoli-religiosi\/miracoli-san-gerardo-maiella\/#breadcrumb","itemListElement":[{"@type":"ListItem","position":1,"name":"Homepage","item":"https:\/\/blog.holyart.it\/it\/"},{"@type":"ListItem","position":2,"name":"Religione","item":"https:\/\/blog.holyart.it\/it\/articoli-religiosi\/"},{"@type":"ListItem","position":3,"name":"I miracoli di San Gerardo Maiella"}]},{"@type":"WebSite","@id":"https:\/\/blog.holyart.it\/it\/#website","url":"https:\/\/blog.holyart.it\/it\/","name":"Holyblog","description":"Il Blog di Holyart.it","publisher":{"@id":"https:\/\/blog.holyart.it\/it\/#organization"},"potentialAction":[{"@type":"SearchAction","target":{"@type":"EntryPoint","urlTemplate":"https:\/\/blog.holyart.it\/it\/?s={search_term_string}"},"query-input":{"@type":"PropertyValueSpecification","valueRequired":true,"valueName":"search_term_string"}}],"inLanguage":"it-IT"},{"@type":"Organization","@id":"https:\/\/blog.holyart.it\/it\/#organization","name":"Holyblog","url":"https:\/\/blog.holyart.it\/it\/","logo":{"@type":"ImageObject","inLanguage":"it-IT","@id":"https:\/\/blog.holyart.it\/it\/#\/schema\/logo\/image\/","url":"https:\/\/blog.holyart.it\/it\/wp-content\/uploads\/sites\/17\/2022\/12\/Holyart_Blog_Logo.jpg","contentUrl":"https:\/\/blog.holyart.it\/it\/wp-content\/uploads\/sites\/17\/2022\/12\/Holyart_Blog_Logo.jpg","width":300,"height":50,"caption":"Holyblog"},"image":{"@id":"https:\/\/blog.holyart.it\/it\/#\/schema\/logo\/image\/"}},{"@type":"Person","@id":"https:\/\/blog.holyart.it\/it\/#\/schema\/person\/0a7b686e5af0f856ec1e390dd0baecda","name":"Redazione"}]}},"_links":{"self":[{"href":"https:\/\/blog.holyart.it\/it\/wp-json\/wp\/v2\/posts\/6754","targetHints":{"allow":["GET"]}}],"collection":[{"href":"https:\/\/blog.holyart.it\/it\/wp-json\/wp\/v2\/posts"}],"about":[{"href":"https:\/\/blog.holyart.it\/it\/wp-json\/wp\/v2\/types\/post"}],"author":[{"embeddable":true,"href":"https:\/\/blog.holyart.it\/it\/wp-json\/wp\/v2\/users\/1"}],"replies":[{"embeddable":true,"href":"https:\/\/blog.holyart.it\/it\/wp-json\/wp\/v2\/comments?post=6754"}],"version-history":[{"count":0,"href":"https:\/\/blog.holyart.it\/it\/wp-json\/wp\/v2\/posts\/6754\/revisions"}],"wp:featuredmedia":[{"embeddable":true,"href":"https:\/\/blog.holyart.it\/it\/wp-json\/wp\/v2\/media\/6758"}],"wp:attachment":[{"href":"https:\/\/blog.holyart.it\/it\/wp-json\/wp\/v2\/media?parent=6754"}],"wp:term":[{"taxonomy":"category","embeddable":true,"href":"https:\/\/blog.holyart.it\/it\/wp-json\/wp\/v2\/categories?post=6754"},{"taxonomy":"post_tag","embeddable":true,"href":"https:\/\/blog.holyart.it\/it\/wp-json\/wp\/v2\/tags?post=6754"}],"curies":[{"name":"wp","href":"https:\/\/api.w.org\/{rel}","templated":true}]}}