{"id":6717,"date":"2019-06-04T17:15:24","date_gmt":"2019-06-04T15:15:24","guid":{"rendered":"https:\/\/blog.holyart.it\/it\/?p=6717"},"modified":"2021-06-01T15:41:32","modified_gmt":"2021-06-01T13:41:32","slug":"logo-del-giubileo-della-misericordia-cose-lo-disegno","status":"publish","type":"post","link":"https:\/\/blog.holyart.it\/it\/articoli-religiosi\/logo-del-giubileo-della-misericordia-cose-lo-disegno\/","title":{"rendered":"Logo del Giubileo della misericordia: cos&#8217;\u00e8 e chi lo disegn\u00f2"},"content":{"rendered":"<h4 style=\"text-align: center;\">Il logo del Giubileo straordinario della misericordia \u00e8 stato ideato e disegnato da un artista e un religioso, che ha saputo infondere in esso lo spirito della misericordia che Papa Francesco auspicava per questa particolare occasione. Scopriamolo insieme.<\/h4>\n<h2>Che cos\u2019\u00e8 il Giubileo?<\/h2>\n\n<p>Per capire cosa sia il Giubileo e che importanza esso rivesta fin dalla sua introduzione nella storia della chiesa, dobbiamo soffermarci un istante a ricordare cosa fosse il\u00a0<strong>Giubileo ebraico<\/strong>.<\/p>\n<p>Nell&#8217;Antico Testamento si parla di questo particolare evento che aveva luogo ogni 50 anni. In pratica si sceglieva di lasciare la terra a riposo per un anno, per rendere pi\u00f9 forti e rigogliose le future coltivazioni. Inoltre l&#8217;anno del Giubileo diventava un&#8217;occasione sociale, perch\u00e9 spesso prevedeva atti come la restituzione delle terre confiscate e la liberazione degli schiavi. L\u2019inizio del Giubileo era sancito dal suono dello\u00a0<em>yobel<\/em>, un corno di ariete. Proprio da questa parola ebraica deriva il termine \u201c<em>Giubileo<\/em>\u201d.<\/p>\n<p>Nell&#8217;ambito della chiesa cattolica, il Giubileo o Anno Giubilare o Anno Santo, ha assunto fin dalle sue origini tutt&#8217;altro significato. Indetto per la prima volta nel\u00a0<strong>1300<\/strong>\u00a0dal Papa Bonifacio VIII, ha anch&#8217;esso la durata di un anno, come quello ebraico, ma, in questo caso, durante quell&#8217;anno, la Chiesa concede particolari indulgenze, con lo scopo di far ottenere ai fedeli la\u00a0<strong>remissione delle pene temporali<\/strong>\u00a0tramite opere di piet\u00e0, penitenza e carit\u00e0.<\/p>\n<h2>Ogni quanto si tiene?<\/h2>\n<p>Quando venne indetto il primo Giubileo si stabil\u00ec che il successivo avrebbe avuto luogo 100 anni dopo. In seguito si spost\u00f2 la scadenza a ogni 50 anni. Oggigiorno i Giubilei hanno luogo ogni 25 anni.<br \/>\nDunque gli Anni Santi ordinari sono stati in tutto 26, ai quali se ne sono aggiunti altri 95, sanciti in concomitanza con periodi particolarmente difficili per la Chiesa e il Mondo.<\/p>\n<p>Il\u00a0<strong>Giubileo del 2000<\/strong>\u00a0\u00e8 ricordato con particolare solennit\u00e0. Infatti esso celebrava la ricorrenza della\u00a0<strong>venuta di Cristo sulla Terra<\/strong>\u00a0esattamente 2000 anni dopo che essa aveva avuto luogo. Inoltre \u00e8 stato considerato speciale perch\u00e9 fu il primo Giubileo a cavallo tra due millenni.<\/p>\n<h2>Cosa si fa durante il Giubileo?<\/h2>\n<p>Il Giubileo comincia il giorno della\u00a0<a href=\"https:\/\/www.holyart.it\/it\/natale\"><strong>Vigilia di Natale<\/strong><\/a>. In quell&#8217;occasione tutte le\u00a0<strong>porte sante<\/strong>\u00a0che si trovano nelle quattro principali basiliche di Roma (San Pietro in Vaticano, San Giovanni in Laterano, Santa Maria Maggiore e San Paolo) vengono aperte.<\/p>\n<p>Le porte sante sono porte speciali, che vengono tenute murate per la maggior parte del tempo, e che vengono aperte solo in occasione di un Giubileo.<\/p>\n<p>La prima porta santa menzionata nell&#8217;ambito di un Giubileo fu quella di San Giovanni in Laterano nel 1423. Il rito di apertura della porta santa a San Pietro venne invece introdotto nel 1500 da Papa Alessandro VI.<\/p>\n<p>Uno speciale corteo accompagna il Papa assiso su una sedia alla porta di San Pietro. Qui il Pontefice picchia per tre volte con un martello d\u2019argento sulla porta, e mentre lo fa canta in latino: \u00ab<em>Apritemi le porte della giustizia<\/em>\u00bb. Successivamente un cardinale ripete lo stesso gesto per due volte, e la porta viene aperta. Il corteo prosegue oltre la porta, con in testa il Papa che tiene nella mano destra una croce e nella sinistra una candela accesa.<\/p>\n<p>Mentre ci\u00f2 avviene a San Pietro, nelle tre basiliche che ospitano le altre porte sante tre cardinali compiono gli stessi gesti.<\/p>\n<p>Da questo momento in poi hanno inizio tutta una serie di iniziative per festeggiare il Giubileo.<\/p>\n<p>Alla fine dell\u2019Anno Santo le porte sante vengono nuovamente murate.<\/p>\n<h2>Il\u00a0Giubileo della misericordia<\/h2>\n<p>Il 13 marzo 2015, nel corso dell&#8217;omelia della Liturgia Penitenziale, e per mezzo della bolla pontificia\u00a0<em>Misericordiae Vultus<\/em>, Papa Francesco ha proclamato il\u00a0<strong>Giubileo straordinario della misericordia<\/strong>.<\/p>\n<p>Il Giubileo straordinario della misericordia \u00e8 stato indetto perch\u00e9 il Pontefice ha voluto rinnovare nella Chiesa Cattolica la consapevolezza di dover essere presente nel mondo come\u00a0<strong>strumento e tramite della Misericordia di Dio<\/strong>.<\/p>\n<p>L&#8217;organizzazione di questo Giubileo \u00e8 stata affidata al Pontificio Consiglio per la Promozione della Nuova Evangelizzazione con l&#8217;intenzione di promuovere in tutto il mondo l\u2019apertura straordinaria delle chiese e l&#8217;invito a celebrare il sacramento della riconciliazione.<\/p>\n<p>\u201c<em>Dio ricco di misericordia<\/em>\u201d (Ef 2,4), dalla lettera di San Paolo agli Efesini, \u00e8 stato lo slogan di questo Giubileo. Un altro motto utilizzato per il <strong><a href=\"https:\/\/www.holyart.it\/it\/occasioni-speciali\/giubileo-della-misericordia\">Giubileo della misericordia<\/a><\/strong> \u00e8 stato:\u00a0<em>&#8220;Misericordiosi come il Padre&#8221;<\/em>\u00a0(Luca, 6,36), che invita a vivere la misericordia secondo l&#8217;esempio del Padre, senza giudizio, senza condanna solo con perdono e amore.<\/p>\n<p>Questo Giubileo straordinario ha avuto inizio con l\u2019apertura della Porta Santa in San Pietro nella solennit\u00e0 dell\u2019Immacolata Concezione l&#8217;8 dicembre 2015 e si\u00a0\u00e8 concluso il 20 novembre 2016 con la solennit\u00e0 di <strong><a href=\"https:\/\/www.holyart.it\/it\/occasioni-speciali\/pasqua-e-quaresima\/cristo-risorto-e-sacerdote-re\">Nostro Signore Ges\u00f9 Cristo, Re dell\u2019Universo<\/a><\/strong>.<\/p>\n<p>\u201c<em>Questo \u00e8 il tempo della misericordia. \u00c8 importante che i fedeli laici la vivano e la portino nei diversi ambienti sociali. Avanti!<\/em>\u201d sono state le parole con cui il Papa ha aperto l&#8217;anno santo.<\/p>\n<p><strong>Papa Francesco<\/strong>\u00a0ha sempre avuto molto a cuore il tema della misericordia, fin dalla sua elezione al soglio pontificio. \u201c<em>Sentire misericordia, questa parola cambia tutto. \u00c8 il meglio che noi possiamo sentire: cambia il mondo. Un po\u2019 di misericordia rende il mondo meno freddo e pi\u00f9 giusto. Abbiamo bisogno di capire bene questa misericordia di Dio, questo Padre misericordioso che ha tanta pazienza<\/em>\u201d (Angelus 17 marzo 2013).<\/p>\n<h2>Significato del logo giubileo della Misericordia<\/h2>\n<p>Il logo del Giubileo della misericordia \u00e8 stato disegnato dal gesuita\u00a0<strong>Padre Marko I. Rupnik<\/strong>. Il logo raffigura Ges\u00f9, il Buon Pastore, che porta sulle spalle un uomo visibilmente sofferente, stanco, smarrito. L&#8217;uomo \u00e8 Adamo, recuperato dall&#8217;Inferno, un uomo spezzato, perduto, che tuttavia viene raccolto amorevolmente da Dio fattosi carne, e da Lui salvato.\u00a0Ma \u00e8 anche la raffigurazione del<strong>\u00a0Padre che carica sulle spalle il Figlio<\/strong>, con tutto l&#8217;amore che solo un Padre pu\u00f2 provare, e nel farlo lo salva da se stesso e dal male, trasformando la sua vita per sempre.<\/p>\n<p>Si tratta di una rappresentazione stilizzata, profondamente simbolica, e proprio questa dimensione non realistica permette all&#8217;artista di esprimere emozioni, sentimenti e concetti che trascendono il realismo.<\/p>\n<p>Quella raffigurata nel logo del Giubileo \u00e8 un&#8217;iconografia antica, da sempre cara alla Chiesa: quella del\u00a0<strong><a href=\"https:\/\/www.holyart.it\/it\/occasioni-speciali\/papa-francesco\">Buon Pastore<\/a><\/strong>\u00a0che, nella sua infinita bont\u00e0 e misericordia, si fa carico dell\u2019umanit\u00e0 intera. Una caratteristica che conferisce a questo logo un significato ancora pi\u00f9 profondo \u00e8 il fatto che Adamo e Ges\u00f9 condividono un occhio, in pratica il loro sguardo \u00e8 fuso.<\/p>\n<p>Cos\u00ec Cristo vede con gli occhi dell&#8217;uomo, e l&#8217;uomo con quelli di Cristo. \u00c8 la divinit\u00e0 che si specchia nell&#8217;umanit\u00e0 e vi si riconosce, ma soprattutto \u00e8 l&#8217;uomo che scopre in Cristo, attraverso lo sguardo pieno di amore del Padre, la sua umanit\u00e0 rinnovata, redenta, salvata.<\/p>\n<p>Anche l<strong>e forme, i colori<\/strong>, rivestono in questo logo una serie di significati profondi, che necessitano da parte nostra una riflessione e una meditazione personale non superficiale. Per esempio la\u00a0<strong>mandorla<\/strong>\u00a0che raccoglie la scena \u00e8 una figura cara all\u2019<strong><a href=\"https:\/\/www.holyart.it\/it\/articoli-religiosi\/icone-sacre\">iconografia antica<\/a><\/strong>, soprattutto medioevale.<\/p>\n<p>La mandorla richiama l&#8217;esistenza in un unico spazio mistico della natura divina e di quella umana, entrambe raccolte e espressa da Ges\u00f9. La forma \u00e8 composta da tre ovali concentrici,\u00a0<strong>il\u00a0colore dei quali\u00a0diviene sempre pi\u00f9 chiaro<\/strong>\u00a0man mano che ci si muove verso l\u2019esterno. Questo progressivo rischiararsi fa intuire come Cristo accompagni l\u2019uomo fuori dalle tenebre, portandolo sulle proprie spalle lontano dal peccato.<\/p>\n<p><strong>Padre Marko I. Rupnik\u00a0<\/strong>\u00e8 autore di molti\u00a0quadri e stampe.\u00a0\u00a0Nel 1999, con l&#8217;Atelier dell&#8217;arte spirituale del Centro Aletti,\u00a0egli ha anche portato a termine\u00a0il rinnovo a mosaico della Cappella Redemptoris Mater, che gli era stato affidato da\u00a0<strong><a href=\"https:\/\/www.holyart.it\/it\/occasioni-speciali\/giovanni-paolo-ii\">Papa Giovanni Paolo II<\/a><\/strong>.<\/p>\n<p>Su\u00a0Holyart <strong><a href=\"https:\/\/www.holyart.it\/it\/ricerca?query=rupnik&amp;filterCategory=Quadri%2C+stampe%2C+codici+miniati&amp;productsPerPage=20&amp;followSearch=9993\">quadri e stampe di Rupnik<\/a><\/strong> sono a vostra disposizione, per conoscere meglio e apprezzare questo artista e uomo di chiesa\u00a0dalla straordinaria espressivit\u00e0.<\/p>\n<div class=\"sp-styles-warning\" style=\"width: 450px; background-color: #FFF; color: #F00; border: 1px solid #F00; padding: 10px; font-size: 14px;\">\n\t\t\t<span style=\"font-weight: bold;\">Warning: The stylesheets were not loaded!<\/span> \n\t\t\tYou will need to change the <i>Load stylesheets<\/i> setting from <i>Automatically<\/i> to <i>On homepage<\/i> or <i>On all pages<\/i>. \n\t\t\tYou can set that <a style=\"text-decoration: underline; color: #F00;\" href=\"https:\/\/blog.holyart.it\/it\/wp-admin\/admin.php?page=sliderpro-settings\">here<\/a>.\n\t\t\t<\/div>\r\n<div id=\"slider-pro-40\" class=\"slider-pro sp-no-js\" style=\"width: 500px; height: 500px;\">\r\n\t<div class=\"sp-slides\">\r\n\t\t\r\n\t\t<div class=\"sp-slide\">\r\n\t\t\t<img loading=\"lazy\" decoding=\"async\" class=\"sp-image\" src=\"https:\/\/blog.holyart.it\/it\/wp-content\/uploads\/sites\/17\/2019\/06\/la-pieta-di-rupnik.jpg\" alt=\"la piet\u00e0 di rupnik\" width=\"500\" height=\"500\" \/>\r\n\t\t\t<div class=\"sp-thumbnail\"><img decoding=\"async\" src=\"https:\/\/blog.holyart.it\/it\/wp-content\/uploads\/sites\/17\/2019\/06\/la-pieta-di-rupnik-150x150.jpg\" \/>\r\n\t\t\t<\/div>\r\n\t\t\t<div class=\"sp-caption\"> La Piet\u00e0 di Rupnik, piccolo quadro in legno stampa oro a caldo. Il quadretto raffigura una delle opere di Marko Ivan Rupnik, gesuita sloveno, artista, teologo e presbitero. Realizzato in Italia artigianalmente, Misure del quadretto: 5,3x7x2,5 cm.\n<BR \/><strong><a href=\"https:\/\/www.holyart.it\/it\/articoli-religiosi\/quadri-stampe-codici-miniati\/la-pieta-di-rupnik-quadretto-5x5-cm\">Acquista su Holyart<\/a><\/strong><\/div>\r\n\t\t<\/div>\r\n\t\t<div class=\"sp-slide\">\r\n\t\t\t<img loading=\"lazy\" decoding=\"async\" class=\"sp-image\" src=\"https:\/\/blog.holyart.it\/it\/wp-content\/uploads\/sites\/17\/2019\/06\/buon-pastore-rupnik.jpg\" alt=\"Buon Pastore di Rupnik\" width=\"500\" height=\"500\" \/>\r\n\t\t\t<div class=\"sp-thumbnail\"><img decoding=\"async\" src=\"https:\/\/blog.holyart.it\/it\/wp-content\/uploads\/sites\/17\/2019\/06\/buon-pastore-rupnik-150x150.jpg\" \/>\r\n\t\t\t<\/div>\r\n\t\t\t<div class=\"sp-caption\">Quadretto stampa della nota opera Buon Pastore di Rupnik. Il quadretto \u00e8 realizzato in Italia artigianalmente con stampa oro a caldo, munito di gancino e piedino in plastica, pu\u00f2 essere appeso oppure poggiato. Misure: 6,5x10,5 cm.\n<BR \/><strong><a href=\"https:\/\/www.holyart.it\/it\/articoli-religiosi\/quadri-stampe-codici-miniati\/quadretto-buon-pastore-rupnik-5x10-cm\">Acquista su Holyart<\/a><\/strong><\/div>\r\n\t\t<\/div>\r\n\t\t<div class=\"sp-slide\">\r\n\t\t\t<img loading=\"lazy\" decoding=\"async\" class=\"sp-image\" src=\"https:\/\/blog.holyart.it\/it\/wp-content\/uploads\/sites\/17\/2019\/06\/eucarestia-di-rupnik.jpg\" alt=\"eucarestia di rupnik\" width=\"500\" height=\"500\" \/>\r\n\t\t\t<div class=\"sp-thumbnail\"><img decoding=\"async\" src=\"https:\/\/blog.holyart.it\/it\/wp-content\/uploads\/sites\/17\/2019\/06\/eucarestia-di-rupnik-150x150.jpg\" \/>\r\n\t\t\t<\/div>\r\n\t\t\t<div class=\"sp-caption\">Quadretto con stampa oro a caldo dell' Eucarestia, opera di Rupnik.\n<BR \/><strong><a href=\"https:\/\/www.holyart.it\/it\/articoli-religiosi\/quadri-stampe-codici-miniati\/quadretto-stampa-eucarestia-di-rupnik-5x10-cm\">Acquista su Holyart<\/a><\/strong>\n<\/div>\r\n\t\t<\/div>\r\n\t\t<div class=\"sp-slide\">\r\n\t\t\t<img loading=\"lazy\" decoding=\"async\" class=\"sp-image\" src=\"https:\/\/blog.holyart.it\/it\/wp-content\/uploads\/sites\/17\/2019\/06\/lultima-cena-stampa-rupnik.jpg\" alt=\"l&#039;ultima cena stampa rupnik\" width=\"500\" height=\"500\" \/>\r\n\t\t\t<div class=\"sp-thumbnail\"><img decoding=\"async\" src=\"https:\/\/blog.holyart.it\/it\/wp-content\/uploads\/sites\/17\/2019\/06\/lultima-cena-stampa-rupnik-150x150.jpg\" \/>\r\n\t\t\t<\/div>\r\n\t\t\t<div class=\"sp-caption\">L'ultima Cena di Padre Rupnik: stampa applicata su tavola in legno. \nLa stampa riproduce uno dei mosaici di Padre Rupnik, gesuita sloveno, artista, teologo e presbitero. Le sue opere sono conosciute in tutto il Mondo. La tavola pu\u00f2 essere sia appesa che poggiata, poich\u00e9 all'interno della confezione \u00e8 presente un cavalletto in plastica. 100% Made in Italy. \n<BR \/><strong><a href=\"https:\/\/www.holyart.it\/it\/articoli-religiosi\/quadri-stampe-codici-miniati\/tavola-lultima-cena-stampa-padre-rupnik-20x30\">Acquista su Holyart<\/a><\/strong><\/div>\r\n\t\t<\/div>\r\n\t<\/div>\r\n<\/div>\n","protected":false},"excerpt":{"rendered":"<p>Il logo del Giubileo straordinario della misericordia \u00e8 stato ideato e disegnato da un artista e un religioso, che ha saputo infondere in esso lo spirito della misericordia che Papa Francesco auspicava per questa particolare occasione. Scopriamolo insieme. Che cos\u2019\u00e8 il Giubileo? Per capire cosa&hellip;<\/p>\n","protected":false},"author":1,"featured_media":6746,"comment_status":"closed","ping_status":"open","sticky":false,"template":"","format":"standard","meta":{"_acf_changed":false,"footnotes":""},"categories":[16],"tags":[],"class_list":["post-6717","post","type-post","status-publish","format-standard","has-post-thumbnail","hentry","category-articoli-religiosi"],"acf":[],"yoast_head":"<!-- This site is optimized with the Yoast SEO plugin v26.6 - https:\/\/yoast.com\/wordpress\/plugins\/seo\/ -->\n<title>Logo del Giubileo della misericordia: cos&#039;\u00e8 e chi lo disegn\u00f2<\/title>\n<meta name=\"description\" content=\"Il logo del Giubileo della misericordia \u00e8 stato ideato e disegnato da un artista religioso, che ha saputo infondere lo spirito della misericordia\" \/>\n<meta name=\"robots\" content=\"index, follow, max-snippet:-1, max-image-preview:large, max-video-preview:-1\" \/>\n<link rel=\"canonical\" href=\"https:\/\/blog.holyart.it\/it\/articoli-religiosi\/logo-del-giubileo-della-misericordia-cose-lo-disegno\/\" \/>\n<meta property=\"og:locale\" content=\"it_IT\" \/>\n<meta property=\"og:type\" content=\"article\" \/>\n<meta property=\"og:title\" content=\"Logo del Giubileo della misericordia: cos&#039;\u00e8 e chi lo disegn\u00f2\" \/>\n<meta property=\"og:description\" content=\"Il logo del Giubileo della misericordia \u00e8 stato ideato e disegnato da un artista religioso, che ha saputo infondere lo spirito della misericordia\" \/>\n<meta property=\"og:url\" content=\"https:\/\/blog.holyart.it\/it\/articoli-religiosi\/logo-del-giubileo-della-misericordia-cose-lo-disegno\/\" \/>\n<meta property=\"og:site_name\" content=\"Holyblog\" \/>\n<meta property=\"article:published_time\" content=\"2019-06-04T15:15:24+00:00\" \/>\n<meta property=\"article:modified_time\" content=\"2021-06-01T13:41:32+00:00\" \/>\n<meta property=\"og:image\" content=\"https:\/\/blog.holyart.it\/it\/wp-content\/uploads\/sites\/17\/2019\/06\/giubileo-della-misericordia.jpg\" \/>\n\t<meta property=\"og:image:width\" content=\"1000\" \/>\n\t<meta property=\"og:image:height\" content=\"666\" \/>\n\t<meta property=\"og:image:type\" content=\"image\/jpeg\" \/>\n<meta name=\"author\" content=\"Redazione\" \/>\n<meta name=\"twitter:card\" content=\"summary_large_image\" \/>\n<meta name=\"twitter:label1\" content=\"Scritto da\" \/>\n\t<meta name=\"twitter:data1\" content=\"Redazione\" \/>\n\t<meta name=\"twitter:label2\" content=\"Tempo di lettura stimato\" \/>\n\t<meta name=\"twitter:data2\" content=\"6 minuti\" \/>\n<script type=\"application\/ld+json\" class=\"yoast-schema-graph\">{\"@context\":\"https:\/\/schema.org\",\"@graph\":[{\"@type\":\"Article\",\"@id\":\"https:\/\/blog.holyart.it\/it\/articoli-religiosi\/logo-del-giubileo-della-misericordia-cose-lo-disegno\/#article\",\"isPartOf\":{\"@id\":\"https:\/\/blog.holyart.it\/it\/articoli-religiosi\/logo-del-giubileo-della-misericordia-cose-lo-disegno\/\"},\"author\":{\"name\":\"Redazione\",\"@id\":\"https:\/\/blog.holyart.it\/it\/#\/schema\/person\/0a7b686e5af0f856ec1e390dd0baecda\"},\"headline\":\"Logo del Giubileo della misericordia: cos&#8217;\u00e8 e chi lo disegn\u00f2\",\"datePublished\":\"2019-06-04T15:15:24+00:00\",\"dateModified\":\"2021-06-01T13:41:32+00:00\",\"mainEntityOfPage\":{\"@id\":\"https:\/\/blog.holyart.it\/it\/articoli-religiosi\/logo-del-giubileo-della-misericordia-cose-lo-disegno\/\"},\"wordCount\":1257,\"publisher\":{\"@id\":\"https:\/\/blog.holyart.it\/it\/#organization\"},\"image\":{\"@id\":\"https:\/\/blog.holyart.it\/it\/articoli-religiosi\/logo-del-giubileo-della-misericordia-cose-lo-disegno\/#primaryimage\"},\"thumbnailUrl\":\"https:\/\/blog.holyart.it\/it\/wp-content\/uploads\/sites\/17\/2019\/06\/giubileo-della-misericordia.jpg\",\"articleSection\":[\"Religione\"],\"inLanguage\":\"it-IT\"},{\"@type\":\"WebPage\",\"@id\":\"https:\/\/blog.holyart.it\/it\/articoli-religiosi\/logo-del-giubileo-della-misericordia-cose-lo-disegno\/\",\"url\":\"https:\/\/blog.holyart.it\/it\/articoli-religiosi\/logo-del-giubileo-della-misericordia-cose-lo-disegno\/\",\"name\":\"Logo del Giubileo della misericordia: cos'\u00e8 e chi lo disegn\u00f2\",\"isPartOf\":{\"@id\":\"https:\/\/blog.holyart.it\/it\/#website\"},\"primaryImageOfPage\":{\"@id\":\"https:\/\/blog.holyart.it\/it\/articoli-religiosi\/logo-del-giubileo-della-misericordia-cose-lo-disegno\/#primaryimage\"},\"image\":{\"@id\":\"https:\/\/blog.holyart.it\/it\/articoli-religiosi\/logo-del-giubileo-della-misericordia-cose-lo-disegno\/#primaryimage\"},\"thumbnailUrl\":\"https:\/\/blog.holyart.it\/it\/wp-content\/uploads\/sites\/17\/2019\/06\/giubileo-della-misericordia.jpg\",\"datePublished\":\"2019-06-04T15:15:24+00:00\",\"dateModified\":\"2021-06-01T13:41:32+00:00\",\"description\":\"Il logo del Giubileo della misericordia \u00e8 stato ideato e disegnato da un artista religioso, che ha saputo infondere lo spirito della misericordia\",\"breadcrumb\":{\"@id\":\"https:\/\/blog.holyart.it\/it\/articoli-religiosi\/logo-del-giubileo-della-misericordia-cose-lo-disegno\/#breadcrumb\"},\"inLanguage\":\"it-IT\",\"potentialAction\":[{\"@type\":\"ReadAction\",\"target\":[\"https:\/\/blog.holyart.it\/it\/articoli-religiosi\/logo-del-giubileo-della-misericordia-cose-lo-disegno\/\"]}]},{\"@type\":\"ImageObject\",\"inLanguage\":\"it-IT\",\"@id\":\"https:\/\/blog.holyart.it\/it\/articoli-religiosi\/logo-del-giubileo-della-misericordia-cose-lo-disegno\/#primaryimage\",\"url\":\"https:\/\/blog.holyart.it\/it\/wp-content\/uploads\/sites\/17\/2019\/06\/giubileo-della-misericordia.jpg\",\"contentUrl\":\"https:\/\/blog.holyart.it\/it\/wp-content\/uploads\/sites\/17\/2019\/06\/giubileo-della-misericordia.jpg\",\"width\":1000,\"height\":666,\"caption\":\"giubileo della misericordia\"},{\"@type\":\"BreadcrumbList\",\"@id\":\"https:\/\/blog.holyart.it\/it\/articoli-religiosi\/logo-del-giubileo-della-misericordia-cose-lo-disegno\/#breadcrumb\",\"itemListElement\":[{\"@type\":\"ListItem\",\"position\":1,\"name\":\"Homepage\",\"item\":\"https:\/\/blog.holyart.it\/it\/\"},{\"@type\":\"ListItem\",\"position\":2,\"name\":\"Religione\",\"item\":\"https:\/\/blog.holyart.it\/it\/articoli-religiosi\/\"},{\"@type\":\"ListItem\",\"position\":3,\"name\":\"Logo del Giubileo della misericordia: cos&#8217;\u00e8 e chi lo disegn\u00f2\"}]},{\"@type\":\"WebSite\",\"@id\":\"https:\/\/blog.holyart.it\/it\/#website\",\"url\":\"https:\/\/blog.holyart.it\/it\/\",\"name\":\"Holyblog\",\"description\":\"Il Blog di Holyart.it\",\"publisher\":{\"@id\":\"https:\/\/blog.holyart.it\/it\/#organization\"},\"potentialAction\":[{\"@type\":\"SearchAction\",\"target\":{\"@type\":\"EntryPoint\",\"urlTemplate\":\"https:\/\/blog.holyart.it\/it\/?s={search_term_string}\"},\"query-input\":{\"@type\":\"PropertyValueSpecification\",\"valueRequired\":true,\"valueName\":\"search_term_string\"}}],\"inLanguage\":\"it-IT\"},{\"@type\":\"Organization\",\"@id\":\"https:\/\/blog.holyart.it\/it\/#organization\",\"name\":\"Holyblog\",\"url\":\"https:\/\/blog.holyart.it\/it\/\",\"logo\":{\"@type\":\"ImageObject\",\"inLanguage\":\"it-IT\",\"@id\":\"https:\/\/blog.holyart.it\/it\/#\/schema\/logo\/image\/\",\"url\":\"https:\/\/blog.holyart.it\/it\/wp-content\/uploads\/sites\/17\/2022\/12\/Holyart_Blog_Logo.jpg\",\"contentUrl\":\"https:\/\/blog.holyart.it\/it\/wp-content\/uploads\/sites\/17\/2022\/12\/Holyart_Blog_Logo.jpg\",\"width\":300,\"height\":50,\"caption\":\"Holyblog\"},\"image\":{\"@id\":\"https:\/\/blog.holyart.it\/it\/#\/schema\/logo\/image\/\"}},{\"@type\":\"Person\",\"@id\":\"https:\/\/blog.holyart.it\/it\/#\/schema\/person\/0a7b686e5af0f856ec1e390dd0baecda\",\"name\":\"Redazione\"}]}<\/script>\n<!-- \/ Yoast SEO plugin. -->","yoast_head_json":{"title":"Logo del Giubileo della misericordia: cos'\u00e8 e chi lo disegn\u00f2","description":"Il logo del Giubileo della misericordia \u00e8 stato ideato e disegnato da un artista religioso, che ha saputo infondere lo spirito della misericordia","robots":{"index":"index","follow":"follow","max-snippet":"max-snippet:-1","max-image-preview":"max-image-preview:large","max-video-preview":"max-video-preview:-1"},"canonical":"https:\/\/blog.holyart.it\/it\/articoli-religiosi\/logo-del-giubileo-della-misericordia-cose-lo-disegno\/","og_locale":"it_IT","og_type":"article","og_title":"Logo del Giubileo della misericordia: cos'\u00e8 e chi lo disegn\u00f2","og_description":"Il logo del Giubileo della misericordia \u00e8 stato ideato e disegnato da un artista religioso, che ha saputo infondere lo spirito della misericordia","og_url":"https:\/\/blog.holyart.it\/it\/articoli-religiosi\/logo-del-giubileo-della-misericordia-cose-lo-disegno\/","og_site_name":"Holyblog","article_published_time":"2019-06-04T15:15:24+00:00","article_modified_time":"2021-06-01T13:41:32+00:00","og_image":[{"width":1000,"height":666,"url":"https:\/\/blog.holyart.it\/it\/wp-content\/uploads\/sites\/17\/2019\/06\/giubileo-della-misericordia.jpg","type":"image\/jpeg"}],"author":"Redazione","twitter_card":"summary_large_image","twitter_misc":{"Scritto da":"Redazione","Tempo di lettura stimato":"6 minuti"},"schema":{"@context":"https:\/\/schema.org","@graph":[{"@type":"Article","@id":"https:\/\/blog.holyart.it\/it\/articoli-religiosi\/logo-del-giubileo-della-misericordia-cose-lo-disegno\/#article","isPartOf":{"@id":"https:\/\/blog.holyart.it\/it\/articoli-religiosi\/logo-del-giubileo-della-misericordia-cose-lo-disegno\/"},"author":{"name":"Redazione","@id":"https:\/\/blog.holyart.it\/it\/#\/schema\/person\/0a7b686e5af0f856ec1e390dd0baecda"},"headline":"Logo del Giubileo della misericordia: cos&#8217;\u00e8 e chi lo disegn\u00f2","datePublished":"2019-06-04T15:15:24+00:00","dateModified":"2021-06-01T13:41:32+00:00","mainEntityOfPage":{"@id":"https:\/\/blog.holyart.it\/it\/articoli-religiosi\/logo-del-giubileo-della-misericordia-cose-lo-disegno\/"},"wordCount":1257,"publisher":{"@id":"https:\/\/blog.holyart.it\/it\/#organization"},"image":{"@id":"https:\/\/blog.holyart.it\/it\/articoli-religiosi\/logo-del-giubileo-della-misericordia-cose-lo-disegno\/#primaryimage"},"thumbnailUrl":"https:\/\/blog.holyart.it\/it\/wp-content\/uploads\/sites\/17\/2019\/06\/giubileo-della-misericordia.jpg","articleSection":["Religione"],"inLanguage":"it-IT"},{"@type":"WebPage","@id":"https:\/\/blog.holyart.it\/it\/articoli-religiosi\/logo-del-giubileo-della-misericordia-cose-lo-disegno\/","url":"https:\/\/blog.holyart.it\/it\/articoli-religiosi\/logo-del-giubileo-della-misericordia-cose-lo-disegno\/","name":"Logo del Giubileo della misericordia: cos'\u00e8 e chi lo disegn\u00f2","isPartOf":{"@id":"https:\/\/blog.holyart.it\/it\/#website"},"primaryImageOfPage":{"@id":"https:\/\/blog.holyart.it\/it\/articoli-religiosi\/logo-del-giubileo-della-misericordia-cose-lo-disegno\/#primaryimage"},"image":{"@id":"https:\/\/blog.holyart.it\/it\/articoli-religiosi\/logo-del-giubileo-della-misericordia-cose-lo-disegno\/#primaryimage"},"thumbnailUrl":"https:\/\/blog.holyart.it\/it\/wp-content\/uploads\/sites\/17\/2019\/06\/giubileo-della-misericordia.jpg","datePublished":"2019-06-04T15:15:24+00:00","dateModified":"2021-06-01T13:41:32+00:00","description":"Il logo del Giubileo della misericordia \u00e8 stato ideato e disegnato da un artista religioso, che ha saputo infondere lo spirito della misericordia","breadcrumb":{"@id":"https:\/\/blog.holyart.it\/it\/articoli-religiosi\/logo-del-giubileo-della-misericordia-cose-lo-disegno\/#breadcrumb"},"inLanguage":"it-IT","potentialAction":[{"@type":"ReadAction","target":["https:\/\/blog.holyart.it\/it\/articoli-religiosi\/logo-del-giubileo-della-misericordia-cose-lo-disegno\/"]}]},{"@type":"ImageObject","inLanguage":"it-IT","@id":"https:\/\/blog.holyart.it\/it\/articoli-religiosi\/logo-del-giubileo-della-misericordia-cose-lo-disegno\/#primaryimage","url":"https:\/\/blog.holyart.it\/it\/wp-content\/uploads\/sites\/17\/2019\/06\/giubileo-della-misericordia.jpg","contentUrl":"https:\/\/blog.holyart.it\/it\/wp-content\/uploads\/sites\/17\/2019\/06\/giubileo-della-misericordia.jpg","width":1000,"height":666,"caption":"giubileo della misericordia"},{"@type":"BreadcrumbList","@id":"https:\/\/blog.holyart.it\/it\/articoli-religiosi\/logo-del-giubileo-della-misericordia-cose-lo-disegno\/#breadcrumb","itemListElement":[{"@type":"ListItem","position":1,"name":"Homepage","item":"https:\/\/blog.holyart.it\/it\/"},{"@type":"ListItem","position":2,"name":"Religione","item":"https:\/\/blog.holyart.it\/it\/articoli-religiosi\/"},{"@type":"ListItem","position":3,"name":"Logo del Giubileo della misericordia: cos&#8217;\u00e8 e chi lo disegn\u00f2"}]},{"@type":"WebSite","@id":"https:\/\/blog.holyart.it\/it\/#website","url":"https:\/\/blog.holyart.it\/it\/","name":"Holyblog","description":"Il Blog di Holyart.it","publisher":{"@id":"https:\/\/blog.holyart.it\/it\/#organization"},"potentialAction":[{"@type":"SearchAction","target":{"@type":"EntryPoint","urlTemplate":"https:\/\/blog.holyart.it\/it\/?s={search_term_string}"},"query-input":{"@type":"PropertyValueSpecification","valueRequired":true,"valueName":"search_term_string"}}],"inLanguage":"it-IT"},{"@type":"Organization","@id":"https:\/\/blog.holyart.it\/it\/#organization","name":"Holyblog","url":"https:\/\/blog.holyart.it\/it\/","logo":{"@type":"ImageObject","inLanguage":"it-IT","@id":"https:\/\/blog.holyart.it\/it\/#\/schema\/logo\/image\/","url":"https:\/\/blog.holyart.it\/it\/wp-content\/uploads\/sites\/17\/2022\/12\/Holyart_Blog_Logo.jpg","contentUrl":"https:\/\/blog.holyart.it\/it\/wp-content\/uploads\/sites\/17\/2022\/12\/Holyart_Blog_Logo.jpg","width":300,"height":50,"caption":"Holyblog"},"image":{"@id":"https:\/\/blog.holyart.it\/it\/#\/schema\/logo\/image\/"}},{"@type":"Person","@id":"https:\/\/blog.holyart.it\/it\/#\/schema\/person\/0a7b686e5af0f856ec1e390dd0baecda","name":"Redazione"}]}},"_links":{"self":[{"href":"https:\/\/blog.holyart.it\/it\/wp-json\/wp\/v2\/posts\/6717","targetHints":{"allow":["GET"]}}],"collection":[{"href":"https:\/\/blog.holyart.it\/it\/wp-json\/wp\/v2\/posts"}],"about":[{"href":"https:\/\/blog.holyart.it\/it\/wp-json\/wp\/v2\/types\/post"}],"author":[{"embeddable":true,"href":"https:\/\/blog.holyart.it\/it\/wp-json\/wp\/v2\/users\/1"}],"replies":[{"embeddable":true,"href":"https:\/\/blog.holyart.it\/it\/wp-json\/wp\/v2\/comments?post=6717"}],"version-history":[{"count":0,"href":"https:\/\/blog.holyart.it\/it\/wp-json\/wp\/v2\/posts\/6717\/revisions"}],"wp:featuredmedia":[{"embeddable":true,"href":"https:\/\/blog.holyart.it\/it\/wp-json\/wp\/v2\/media\/6746"}],"wp:attachment":[{"href":"https:\/\/blog.holyart.it\/it\/wp-json\/wp\/v2\/media?parent=6717"}],"wp:term":[{"taxonomy":"category","embeddable":true,"href":"https:\/\/blog.holyart.it\/it\/wp-json\/wp\/v2\/categories?post=6717"},{"taxonomy":"post_tag","embeddable":true,"href":"https:\/\/blog.holyart.it\/it\/wp-json\/wp\/v2\/tags?post=6717"}],"curies":[{"name":"wp","href":"https:\/\/api.w.org\/{rel}","templated":true}]}}