{"id":6433,"date":"2019-05-13T12:36:13","date_gmt":"2019-05-13T10:36:13","guid":{"rendered":"https:\/\/blog.holyart.it\/it\/?p=6433"},"modified":"2022-05-02T15:03:07","modified_gmt":"2022-05-02T13:03:07","slug":"la-festa-della-mamma-cuore-del-mese-mariano","status":"publish","type":"post","link":"https:\/\/blog.holyart.it\/it\/articoli-religiosi\/la-festa-della-mamma-cuore-del-mese-mariano\/","title":{"rendered":"La Festa della mamma cuore del mese mariano"},"content":{"rendered":"<h4 style=\"text-align: center;\">La seconda domenica di maggio si festeggiano tutte le mamme d\u2019Italia. Una festa tenera, dolcissima, che vede protagonisti soprattutto i bambini, ma non solo. Maggio mese delle mamme, maggio mese delle rose. Ma soprattutto maggio mese dedicato alla Madonna, la pi\u00f9 speciale tra le mamme.<\/h4>\n\n<p>La festa della mamma viene celebrata in molti paesi del mondo. Si tratta di una festa civile, dedicata alla figura della madre, nei suoi aspetti privati e sociali. Sebbene la data dei festeggiamenti cambi di paese in paese, quasi ovunque la festa della mamma \u00e8 celebrata nel\u00a0<strong>mese di maggio<\/strong>. Solo alcuni paesi balcanici, arabi, e pochi altri, la pongono a marzo.\u00a0Le ragioni di questa\u00a0cadenza prevalentemente primaverile sono da ricercarsi nella celebrazione del\u00a0<strong>ciclo della<\/strong>\u00a0<strong>rinascita naturale<\/strong>\u00a0dopo un\u00a0lungo inverno. Si festeggia il principio vitale, il ritorno alla vita e il suo trionfo, i\u00a0fiori e i frutti della primavera. In effetti, uno studio pi\u00f9 approfondito, ci mostrerebbe come i festeggiamenti per la festa della mamma derivino da antichi culti pagani, antichi quanto l&#8217;umanit\u00e0 stessa.<\/p>\n<div class=\"link-product\">\n<div class=\"blocco-immagine\"><img loading=\"lazy\" decoding=\"async\" class=\"size-full wp-image-15404 alignleft\" src=\"https:\/\/blog.holyart.it\/it\/wp-content\/uploads\/sites\/17\/2019\/05\/madonna-bambino-rosario-statua-resina-15-cm.jpg\" alt=\"madonna bambino rosario statua resina 15 cm\" width=\"100\" height=\"100\" data-kale-share-title=\"La Festa della mamma cuore del mese mariano\" data-kale-share-url=\"https:\/\/blog.holyart.it\/it\/articoli-religiosi\/la-festa-della-mamma-cuore-del-mese-mariano\/\" \/><\/div>\n<div class=\"blocco-contenuto\">\n<div class=\"blocco-acquista\">Acquista su Holyart:<\/div>\n<div class=\"blocco-titolo\"><a href=\"https:\/\/www.holyart.it\/it\/articoli-religiosi\/statue\/statue-in-resina-e-pvc\/madonna-bambino-rosario-statua-resina-15-cm\">Madonna Bambino rosario statua resina 15 cm<\/a><\/div>\n<div class=\"blocco-descrizione\">Questa statua \u00e8 realizzata in resina e raffigura la Madonna che tiene amorevolmente in braccio il Bambino.<\/div>\n<\/div>\n<\/div>\n<p>Quando si festeggia la festa della mamma? In Italia la festa cade la\u00a0<strong>seconda domenica di maggio<\/strong>.<\/p>\n<p>Perch\u00e9 si festeggia la festa della mamma? \u00c8 un&#8217;occasione per ringraziare chi ci ha dato la vita e si prende cura di noi ogni giorno, fin dal primo istante del nostro concepimento. \u00c8 una festa sentita soprattutto dai bambini, che si impegnano per regalare qualcosa di meraviglioso, di solito realizzato con le proprie mani, magari a scuola, alle loro madri. Oltre ai disegni e agli altri lavoretti fatti con impegno, i piccoli recitano poesie o cantano canzoni. Tuttavia, nemmeno gli adulti rinunciano a onorare la propria madre in questo giorno speciale, con fiori, regali, o semplicemente con la propria presenza, dono ancora pi\u00f9 prezioso e raro, in questi tempi votati alla frenesia perpetua e alla cronica mancanza di tempo per ci\u00f2 che davvero conta.<\/p>\n<h2>Ma quali sono le origini della festa della mamma?<\/h2>\n<p>In Italia\u00a0\u00e8 stato un prete,\u00a0<strong>Don Otello Migliosi<\/strong>,\u00a0a celebrare per primo questa ricorrenza nel 1957 nel borgo umbro di Tordibetto. In realt\u00e0 gi\u00e0 l&#8217;anno precedente Raul Zaccari, senatore e sindaco di Bordighera,\u00a0aveva organizzato una speciale festa delle mamme al Teatro Zeni,\u00a0festa che successivamente si svolse al Palazzo del Parco. L&#8217;iniziativa conobbe in ogni caso un successo immediato e si diffuse in tutto il paese, diventando un appuntamento fisso per la<strong>\u00a0seconda domenica di maggio<\/strong>.<\/p>\n<p>Nel\u00a0<strong>Regno Unito<\/strong>, nel 1700, la quarta domenica di Quaresima si celebrava il Mother\u2019s Day, nel quale tutti i bambini che lavoravano per guadagnarsi da vivere potevano restare a casa per un giorno con la propria madre.\u00a0Negli\u00a0<strong>USA<\/strong>\u00a0fu\u00a0Anna Jarvis a festeggiare per prima la propria madre, un&#8217;attivista a favore della pace, nel 1908, dando origine al\u00a0Mother&#8217;s Day, il giorno della festa della mamma, che in breve si diffuse e divenne molto popolare e che nel maggio del 1914,\u00a0per ordine di\u00a0Woodrow Wilson, presidente degli Stati Uniti, divenne una festa ufficiale. In seguito la festa raggiunse molti paesi europei, e non solo.<\/p>\n<h2>Maggio mese mariano<\/h2>\n<p>Abbiamo gi\u00e0 accennato alla simbologia della rinascita e del ciclo della vita legato a questa ricorrenza, ma per i cristiani c&#8217;\u00e8 anche qualcos&#8217;altro che contribuisce a rendere questo giorno e, in generale, questo mese, una vera celebrazione della figura materna. Infatti maggio \u00e8 da sempre <a href=\"https:\/\/www.holyart.it\/blog\/articoli-religiosi\/maggio-mese-della-madonna-come-celebrare-il-mese-mariano\/\"><strong>il mese consacrato a\u00a0Maria, madre di Ges\u00f9<\/strong><\/a>.<\/p>\n<p>La tradizione che associa la Madonna al mese di maggio non ha nessuna base nelle Sacre Scritture. Essa ha preso piede e si \u00e8 sviluppata nel corso dei secoli, con il susseguirsi di iniziative e celebrazioni.<\/p>\n<div class=\"link-article\">\n<p><img loading=\"lazy\" decoding=\"async\" class=\"size-full wp-image-15406 alignleft\" src=\"https:\/\/blog.holyart.it\/it\/wp-content\/uploads\/sites\/17\/2019\/05\/mese-mariano-1.jpg\" alt=\"mese mariano\" width=\"150\" height=\"99\" data-kale-share-title=\"La Festa della mamma cuore del mese mariano\" data-kale-share-url=\"https:\/\/blog.holyart.it\/it\/articoli-religiosi\/la-festa-della-mamma-cuore-del-mese-mariano\/\" \/><\/p>\n<div class=\"leggi-anche\">Leggi anche:<\/div>\n<p><strong><a href=\"https:\/\/www.holyart.it\/blog\/articoli-religiosi\/maggio-mese-della-madonna-come-celebrare-il-mese-mariano\/\">Maggio mese della Madonna: come celebrare il mese mariano<\/a><\/strong><br \/>\nMaggio \u00e8 il mese consacrato alla Vergine Maria. Speciali preghiere, devozioni, e la Festa della Mamma che&#8230;<\/p>\n<\/div>\n<p>Solo il 29 aprile 1965\u00a0<strong>Papa Paolo VI<\/strong>\u00a0consacr\u00f2 ufficialmente questo mese alla figura di Maria, con l&#8217;enciclica\u00a0<strong>Mense Maio<\/strong>, che recita: &#8220;<em>Il mese in cui, nei templi e fra le pareti domestiche, pi\u00f9 fervido e pi\u00f9 affettuoso dal cuore dei cristiani sale a Maria l\u2019omaggio della loro preghiera e della loro venerazione. Ed \u00e8 anche il mese nel quale pi\u00f9 larghi e abbondanti dal suo trono affluiscono a noi i doni della divina misericordia.<\/em>&#8221;<\/p>\n<p>Prima di allora,\u00a0<strong>Annibale Dionisi<\/strong>, un gesuita vissuto in pazienza, povert\u00e0 e dolcezza a cavallo fra il &#8216;600 e il &#8216;700, associ\u00f2 il mese di Maggio a Maria, invitando i fedeli a omaggiarla con &#8220;fiori di virt\u00f9&#8221;. La scelta di Maggio \u00e8 probabilmente legata, almeno in parte, alla fama di questo mese che vede rinascere la natura e i fiori, fiori che da sempre richiamano l&#8217;immagine della Vergine.<\/p>\n<p>Ma gi\u00e0 nel\u00a0<strong>Medioevo<\/strong>, i filosofi di Chartres e Alfonso X detto il saggio, re di Castiglia e Leon, celebravano Maria come: &#8220;<em>Rosa delle rose, fiore dei fiori, donna fra le donne, unica signora, luce dei santi e dei cieli via.&#8221;<\/em>\u00a0Il domenicano\u00a0<strong>Enrico Suso di Costanza<\/strong>\u00a0vissuto tra il 1295 e il 1366 parlava cos\u00ec alla Madonna: &#8220;<em>Sii benedetta tu aurora nascente, sopra tutte le creature, e benedetto sia il prato fiorito di rose rosse del tuo bei viso, ornato con il fiore rosso rubino dell\u2019Eterna Sapienza!<\/em>&#8221;<\/p>\n<div class=\"link-article\">\n<p><img loading=\"lazy\" decoding=\"async\" class=\"alignnone size-full wp-image-9580\" src=\"https:\/\/blog.holyart.it\/it\/wp-content\/uploads\/sites\/17\/2019\/05\/rosario-e-madonna-2.jpg\" alt=\"rosario-e-madonna\" width=\"150\" height=\"99\" \/><\/p>\n<div class=\"leggi-anche\">Leggi anche:<\/div>\n<p><strong><a href=\"https:\/\/www.holyart.it\/blog\/articoli-religiosi\/promesse-del-santo-rosario-della-madonna\">Promesse del Santo Rosario della Madonna<\/a><\/strong><br \/>\nCon le Promesse del Rosario si intendono le quindici promesse che Maria Vergine avrebbe fatto in due diverse occasioni&#8230;<\/p>\n<\/div>\n<p>Sempre nel\u00a0<strong>Medioevo<\/strong>\u00a0nasce la tradizione del\u00a0<strong>Rosario<\/strong>, come oggetto devozionale per eccellenza dedicato a Maria. L&#8217;origine del Rosario \u00e8 da ricercarsi nell&#8217;usanza di ornare le statue della Madonna con ghirlande di fiori, in particolare rose, nel mese di maggio.<\/p>\n<p>Nel XVI secolo\u00a0<strong>San Filippo Neri<\/strong>\u00a0invitava i bambini posti sotto la sua custodia a decorare con i fiori l\u2019immagine di Maria e cantare le sue lodi.\u00a0Nel 1677 la confraternita denominata\u00a0<strong>Comunella<\/strong>\u00a0istitu\u00ec l&#8217;usanza di dedicare il mese di maggio a lodi particolari alla Madonna: &#8220;<em>essendo giunte le feste di maggio e sentendo noi il giorno avanti molti secolari che incominciava a cantar maggio e fare festa alle creature da loro amate, stabilimmo di volerlo cantare anche noi alla Santissima Vergine Maria&#8230;<\/em>&#8221;<\/p>\n<h2>Maria mamma di tutte le mamme<\/h2>\n<p>Chi meglio della Madonna pu\u00f2 incarnare l&#8217;ideale\u00a0di\u00a0<strong>mamma di tutte le mamme<\/strong>? Una mamma soffre e prega continuamente per i suoi figli, \u00e8 partecipe dei loro trionfi e delle loro sofferenze, che la tormentano con la medesima intensit\u00e0 con cui essi stessi sono tormentati. Nessun dolore \u00e8 paragonabile al dolore di una madre, e, allo stesso modo, nessuna misericordia pu\u00f2 essere pari alla sua.<\/p>\n<p>Maria ha patito nella propria carne, nella propria anima la Passione del Suo unico figlio, e cos\u00ec ogni madre soffre per il frutto del proprio ventre, ogni giorno, in ogni parte del mondo.<\/p>\n<p>Non solo. <a href=\"https:\/\/www.holyart.it\/articoli\/statue-madonna.php\"><strong>La Madonna \u00e8<\/strong>\u00a0<strong>madre di tutti noi<\/strong><\/a>, di ogni uomo e donna nati dopo di lei. Il suo amore, e cos\u00ec la sua sofferenza, sono strettamente connessi all&#8217;esistenza dell&#8217;umanit\u00e0. A lei dobbiamo la pi\u00f9 dolce delle intercessioni, alla sua piet\u00e0 che ci eleva al cospetto del Padre, che si fa tramite delle nostre preghiere, dei nostri dolori. Nessuno ci ama quanto lei, con l&#8217;amore perfetto e speciale di una Madre.<\/p>\n<div class=\"link-product\">\n<div class=\"blocco-immagine\"><img loading=\"lazy\" decoding=\"async\" class=\"size-full wp-image-15405 alignleft\" src=\"https:\/\/blog.holyart.it\/it\/wp-content\/uploads\/sites\/17\/2019\/05\/madonna-con-bambino-60-cm-marmo-sintetico-dipinto.jpg\" alt=\"madonna con bambino 60 cm marmo sintetico dipinto\" width=\"100\" height=\"100\" data-kale-share-title=\"La Festa della mamma cuore del mese mariano\" data-kale-share-url=\"https:\/\/blog.holyart.it\/it\/articoli-religiosi\/la-festa-della-mamma-cuore-del-mese-mariano\/\" \/><\/div>\n<div class=\"blocco-contenuto\">\n<div class=\"blocco-acquista\">Acquista su Holyart:<\/div>\n<div class=\"blocco-titolo\"><a href=\"https:\/\/www.holyart.it\/it\/articoli\/statue-madonna.php\">Statue Madonna<\/a><\/div>\n<div class=\"blocco-descrizione\">Tutte le Statue Madonna che trovi sul sito sono lavorate artigianalmente in Italia e Francia.<\/div>\n<\/div>\n<\/div>\n<h2>Regali per la festa della mamma<\/h2>\n<p><strong><a href=\"https:\/\/www.holyart.it\/it\/\">Holyart<\/a><\/strong> vuole proporvi <strong>5 prodotti<\/strong> dal suo catalogo da regalare in occasione della festa della mamma.<\/p>\n<p>Per ricordare che\u00a0maggio \u00e8 il mese delle rose, oltre a essere dedicato alla Madonna, un&#8217;ottima idea regalo sono le <strong><a href=\"https:\/\/www.holyart.it\/it\/occasioni-speciali\/madonna-di-medjugorje\/rosari-portarosari-medjugorje\">collane rosario di Medjugorje<\/a><\/strong>, decorate con rose in ceramica e grani in cristallo (guarda nella galleria!). I grani a forma di rosa sono in ceramica cotta a bassa temperatura e ciascuno di essi\u00a0\u00e8 compreso\u00a0tra due grani di cristallo. Le collane sono state realizzate a mano a Medjugorje.<\/p>\n<div class=\"link-article\">\n<p><img loading=\"lazy\" decoding=\"async\" class=\"alignnone size-full wp-image-9588\" src=\"https:\/\/blog.holyart.it\/it\/wp-content\/uploads\/sites\/17\/2019\/05\/Langelo-custode-2.jpg\" alt=\"Langelo-custode\" width=\"150\" height=\"99\" \/><\/p>\n<div class=\"leggi-anche\">Leggi anche:<\/div>\n<p><strong><a href=\"https:\/\/www.holyart.it\/blog\/articoli-religiosi\/cosa-angelo-custode-10-cose-sapere-2\">Chi \u00e8 e cosa fa il tuo Angelo custode: 10 cose da sapere<\/a><\/strong><br \/>\nSecondo la tradizione cristiana, ciascuno di noi ha un Angelo custode, che lo accompagna dall\u2019istante della sua nascita<\/p>\n<\/div>\n<p>Perch\u00e9 non regalare nel giorno della festa della mamma la\u00a0<strong><a href=\"https:\/\/www.holyart.it\/it\/occasioni-speciali\/battesimo\/angelo-custode\">statuetta di un angelo<\/a><\/strong>? Potr\u00e0 essere un modo dolcissimo per farle capire che \u00e8 questo che noi la consideriamo, il nostro angelo, e anche un buon augurio per lei, per fare in modo che il suo angelo custode le stia sempre accanto e vegli su di lei, come lei veglia su di noi.<\/p>\n<p>E perch\u00e9 invece non farle dono di uno\u00a0splendido<strong>\u00a0<a href=\"https:\/\/www.holyart.it\/it\/articoli-religiosi\/crocefissi\/crocifissi-in-vetro-e-plexiglass\">crocefisso in vetro di Murano<\/a><\/strong>? Sono oggetti davvero splendidi, realizzati secondo un&#8217;arte antica e affascinante. Non solo oggetti di devozione, ma veri e propri <strong><a href=\"https:\/\/www.holyart.it\/blog\/articoli-religiosi\/5-oggetti-sacri-non-possono-mancare-casa-tua\/\">complementi d&#8217;arredo che doneranno bellezza ed eleganza a ogni casa<\/a><\/strong>.<\/p>\n<p>Sempre da indossare, <strong><a href=\"https:\/\/www.holyart.it\/it\/articoli-religiosi\/pendenti-croci-tau-medaglie\/pendenti-tau\">possiamo regalare alla mamma un bel\u00a0pendente tau<\/a><\/strong>. Anche del Tau abbiamo gi\u00e0 parlato in precedenza, in un articolo dedicato ai\u00a0diversi tipi di crocifissi. Esso \u00e8 simbolo della salvezza e dell&#8217;amore di Dio per gli uomini. Nel catalogo Holyart troverete ciondoli a forma di Tau in\u00a0legno, ceramica o metallo, in tanti colori e con lavorazioni artigianali.<\/p>\n<div class=\"link-article\">\n<p><img loading=\"lazy\" decoding=\"async\" class=\"alignnone size-full wp-image-9589\" src=\"https:\/\/blog.holyart.it\/it\/wp-content\/uploads\/sites\/17\/2019\/05\/Gioielli-vetro-di-murano-1.jpg\" alt=\"Gioielli-vetro-di-murano\" width=\"150\" height=\"99\" \/><\/p>\n<div class=\"leggi-anche\">Leggi anche:<\/div>\n<p><strong><a href=\"https:\/\/www.holyart.it\/blog\/articoli-religiosi\/vetro-murano-lavorazione-caratteristiche\/\">Gioielli in Vetro di Murano: lavorazione e caratteristiche<\/a><\/strong><br \/>\nMurano, un\u2019isola incantevole che custodisce da secoli il segreto di una lavorazione artigianale unica e inimitabile.<\/p>\n<\/div>\n<p>Perch\u00e9 non regalare alla mamma un bel\u00a0<strong><a href=\"https:\/\/www.holyart.it\/it\/articoli-religiosi\/portachiavi\">portachiavi religiosi<\/a>\u00a0<\/strong>con l&#8217;immagine della madonna\u00a0sopra?<\/p>\n<p>Ce ne sono di bellissimi, in acciaio, zama, con l&#8217;effige della\u00a0<strong><a href=\"https:\/\/www.holyart.it\/it\/occasioni-speciali\/madonna-di-medjugorje\">Madonna di Medjugorje<\/a><\/strong> o della\u00a0<strong><a href=\"https:\/\/www.holyart.it\/articoli\/statue-madonna-di-lourdes.php\">Madonna di Lourdes<\/a><\/strong>, ma anche in legno della Val Gardena, come il bellissimo portachiavi\u00a0con il busto della Madonna assieme a Ges\u00f9 Bambino, in cuoio o in\u00a0galvanica argento antico\u00a0e\u00a0smalto.<\/p>\n<div class=\"sp-styles-warning\" style=\"width: 450px; background-color: #FFF; color: #F00; border: 1px solid #F00; padding: 10px; font-size: 14px;\">\n\t\t\t<span style=\"font-weight: bold;\">Warning: The stylesheets were not loaded!<\/span> \n\t\t\tYou will need to change the <i>Load stylesheets<\/i> setting from <i>Automatically<\/i> to <i>On homepage<\/i> or <i>On all pages<\/i>. \n\t\t\tYou can set that <a style=\"text-decoration: underline; color: #F00;\" href=\"https:\/\/blog.holyart.it\/it\/wp-admin\/admin.php?page=sliderpro-settings\">here<\/a>.\n\t\t\t<\/div>\r\n<div id=\"slider-pro-38\" class=\"slider-pro sp-no-js\" style=\"width: 500px; height: 500px;\">\r\n\t<div class=\"sp-slides\">\r\n\t\t\r\n\t\t<div class=\"sp-slide\">\r\n\t\t\t<img loading=\"lazy\" decoding=\"async\" class=\"sp-image\" src=\"https:\/\/blog.holyart.it\/it\/wp-content\/uploads\/sites\/17\/2019\/05\/collana-rosario-con-rose.jpg\" alt=\"collana rosario con rose\" width=\"500\" height=\"500\" \/>\r\n\t\t\t<div class=\"sp-thumbnail\"><img decoding=\"async\" src=\"https:\/\/blog.holyart.it\/it\/wp-content\/uploads\/sites\/17\/2019\/05\/collana-rosario-con-rose-150x150.jpg\" \/>\r\n\t\t\t<\/div>\r\n\t\t\t<div class=\"sp-caption\">Collana di Medjugorje a forma di rosario con rose rosse in ceramica e grani in cristallo. I grani a forma di rosa sono cotti a bassa temperatura. Collana fatta a mano a Medjugorje, ogni rosa di ceramica \u00e8 compresa tra due grani di cristallo.\n<BR \/><strong><a href=\"https:\/\/www.holyart.it\/it\/occasioni-speciali\/madonna-di-medjugorje\/rosari-portarosari-medjugorje\/collana-rosario-medjugorje-rose-ceramica-grani-cristallo-rossa\">Acquista su Holyart<\/a><\/strong><\/div>\r\n\t\t<\/div>\r\n\t\t<div class=\"sp-slide\">\r\n\t\t\t<img loading=\"lazy\" decoding=\"async\" class=\"sp-image\" src=\"https:\/\/blog.holyart.it\/it\/wp-content\/uploads\/sites\/17\/2019\/05\/angelo-in-argilla-refrattaria.jpg\" alt=\"Angelo in Argilla Refrattaria\" width=\"500\" height=\"500\" \/>\r\n\t\t\t<div class=\"sp-thumbnail\"><img decoding=\"async\" src=\"https:\/\/blog.holyart.it\/it\/wp-content\/uploads\/sites\/17\/2019\/05\/angelo-in-argilla-refrattaria-150x150.jpg\" \/>\r\n\t\t\t<\/div>\r\n\t\t\t<div class=\"sp-caption\">Angelo in argilla refrattaria stilizzata e realizzata a mano, in Italia.\nLa creta prima viene lavorata con stampaggio a mano, poi viene cotta ad oltre 1000\u00b0C. La rifinitura e la lavorazione avviene completamente a mano, per conferirle linee essenziali ed espressive al contempo. Prodotto di alta qualit\u00e0, 100% Made in Italy: realizzato presso il Centro Ceramiche Ave di Loppiano (Firenze).\n<BR \/><strong><a href=\"https:\/\/www.holyart.it\/it\/articoli-religiosi\/angeli\/angelo-amico-in-argilla-refrattaria\">Acquista su Holyart<\/a><\/strong><\/div>\r\n\t\t<\/div>\r\n\t\t<div class=\"sp-slide\">\r\n\t\t\t<img loading=\"lazy\" decoding=\"async\" class=\"sp-image\" src=\"https:\/\/blog.holyart.it\/it\/wp-content\/uploads\/sites\/17\/2022\/04\/crocifisso-vetro-murano-bianco-murrine-colorate-25x15-cm.jpg\" alt=\"crocifisso vetro murano bianco murrine colorate 25x15 cm\" width=\"500\" height=\"500\" \/>\r\n\t\t\t<div class=\"sp-thumbnail\"><a class=\"\" href=\"https:\/\/www.holyart.it\/it\/articoli-religiosi\/crocefissi\/crocifissi-in-vetro-e-plexiglass\/crocifisso-vetro-murano-bianco-murrine-colorate-25x15-cm\" title=\"Crocifisso vetro murano\">\r\n\t\t\t\t<img decoding=\"async\" src=\"https:\/\/blog.holyart.it\/it\/wp-content\/uploads\/sites\/17\/2022\/04\/crocifisso-vetro-murano-bianco-murrine-colorate-25x15-cm.jpg\" alt=\"crocifisso vetro murano bianco murrine colorate 25x15 cm\" \/>\r\n\t\t\t<\/a>\r\n\t\t\t<\/div>\r\n\t\t\t<div class=\"sp-caption\">Crocifisso in vetro di Murano bianco con brillantini, murrine e bollicine, Ges\u00f9 in metallo, misure 25,9x16,7 cm.\n<BR \/><strong><a href=\"https:\/\/www.holyart.it\/it\/articoli-religiosi\/crocefissi\/crocifissi-in-vetro-e-plexiglass\/crocifisso-vetro-murano-bianco-murrine-colorate-25x15-cm\">Acquista su Holyart<\/a><\/strong><\/div>\r\n\t\t<\/div>\r\n\t\t<div class=\"sp-slide\">\r\n\t\t\t<img loading=\"lazy\" decoding=\"async\" class=\"sp-image\" src=\"https:\/\/blog.holyart.it\/it\/wp-content\/uploads\/sites\/17\/2019\/05\/pendente-tau-con-cuori.jpg\" alt=\"Pendente Tau con Cuori\" width=\"500\" height=\"500\" \/>\r\n\t\t\t<div class=\"sp-thumbnail\"><img decoding=\"async\" src=\"https:\/\/blog.holyart.it\/it\/wp-content\/uploads\/sites\/17\/2019\/05\/pendente-tau-con-cuori-150x150.jpg\" \/>\r\n\t\t\t<\/div>\r\n\t\t\t<div class=\"sp-caption\">Pendente tau con cuori rossi all'interno. Pendente con cordina marrone scuro, fatto in vero legno d'ulivo di Assisi.\n<BR \/><strong><a href=\"https:\/\/www.holyart.it\/it\/articoli-religiosi\/pendenti-croci-tau-medaglie\/pendenti-tau\/pendente-tau-cuori-rossi\">Acquista su Holyart<\/a><\/strong><\/div>\r\n\t\t<\/div>\r\n\t\t<div class=\"sp-slide\">\r\n\t\t\t<img loading=\"lazy\" decoding=\"async\" class=\"sp-image\" src=\"https:\/\/blog.holyart.it\/it\/wp-content\/uploads\/sites\/17\/2019\/05\/portachiavi-in-pelle-a-fiore-madonna.jpg\" alt=\"Portachiavi a fiore in pelle con la madonna\" width=\"500\" height=\"500\" \/>\r\n\t\t\t<div class=\"sp-thumbnail\"><img decoding=\"async\" src=\"https:\/\/blog.holyart.it\/it\/wp-content\/uploads\/sites\/17\/2019\/05\/portachiavi-in-pelle-a-fiore-madonna-150x150.jpg\" \/>\r\n\t\t\t<\/div>\r\n\t\t\t<div class=\"sp-caption\">Portachiavi in pelle a fiore con immagine Madonna Miracolosa. Realizzato in vera pelle, di manifattura artigianale 100% italiana.\n<BR \/><strong><a href=\"https:\/\/www.holyart.it\/it\/articoli-religiosi\/portachiavi\/portachiavi-pelle-a-fiore-madonna-miracolosa\">Acquista su Holyart<\/a><\/strong><\/div>\r\n\t\t<\/div>\r\n\t<\/div>\r\n<\/div>\n","protected":false},"excerpt":{"rendered":"<p>La seconda domenica di maggio si festeggiano tutte le mamme d\u2019Italia. Una festa tenera, dolcissima, che vede protagonisti soprattutto i bambini, ma non solo. Maggio mese delle mamme, maggio mese delle rose. Ma soprattutto maggio mese dedicato alla Madonna, la pi\u00f9 speciale tra le mamme.&hellip;<\/p>\n","protected":false},"author":1,"featured_media":6439,"comment_status":"closed","ping_status":"open","sticky":false,"template":"","format":"standard","meta":{"_acf_changed":false,"footnotes":""},"categories":[20,16],"tags":[],"class_list":["post-6433","post","type-post","status-publish","format-standard","has-post-thumbnail","hentry","category-occasioni-speciali","category-articoli-religiosi"],"acf":[],"yoast_head":"<!-- This site is optimized with the Yoast SEO plugin v26.6 - https:\/\/yoast.com\/wordpress\/plugins\/seo\/ -->\n<title>La Festa della mamma cuore del mese mariano - Holyblog<\/title>\n<meta name=\"description\" content=\"La seconda domenica di maggio \u00e8 la festa della mamma. Maggio mese delle mamme, maggio mese delle rose. Ma soprattutto maggio mese dedicato alla Madonna\" \/>\n<meta name=\"robots\" content=\"index, follow, max-snippet:-1, max-image-preview:large, max-video-preview:-1\" \/>\n<link rel=\"canonical\" href=\"https:\/\/blog.holyart.it\/it\/articoli-religiosi\/la-festa-della-mamma-cuore-del-mese-mariano\/\" \/>\n<meta property=\"og:locale\" content=\"it_IT\" \/>\n<meta property=\"og:type\" content=\"article\" \/>\n<meta property=\"og:title\" content=\"La Festa della mamma cuore del mese mariano - Holyblog\" \/>\n<meta property=\"og:description\" content=\"La seconda domenica di maggio \u00e8 la festa della mamma. Maggio mese delle mamme, maggio mese delle rose. Ma soprattutto maggio mese dedicato alla Madonna\" \/>\n<meta property=\"og:url\" content=\"https:\/\/blog.holyart.it\/it\/articoli-religiosi\/la-festa-della-mamma-cuore-del-mese-mariano\/\" \/>\n<meta property=\"og:site_name\" content=\"Holyblog\" \/>\n<meta property=\"article:published_time\" content=\"2019-05-13T10:36:13+00:00\" \/>\n<meta property=\"article:modified_time\" content=\"2022-05-02T13:03:07+00:00\" \/>\n<meta property=\"og:image\" content=\"https:\/\/blog.holyart.it\/it\/wp-content\/uploads\/sites\/17\/2019\/05\/festa-della-mamma.jpg\" \/>\n\t<meta property=\"og:image:width\" content=\"1000\" \/>\n\t<meta property=\"og:image:height\" content=\"666\" \/>\n\t<meta property=\"og:image:type\" content=\"image\/jpeg\" \/>\n<meta name=\"author\" content=\"Redazione\" \/>\n<meta name=\"twitter:card\" content=\"summary_large_image\" \/>\n<meta name=\"twitter:label1\" content=\"Scritto da\" \/>\n\t<meta name=\"twitter:data1\" content=\"Redazione\" \/>\n\t<meta name=\"twitter:label2\" content=\"Tempo di lettura stimato\" \/>\n\t<meta name=\"twitter:data2\" content=\"8 minuti\" \/>\n<script type=\"application\/ld+json\" class=\"yoast-schema-graph\">{\"@context\":\"https:\/\/schema.org\",\"@graph\":[{\"@type\":\"Article\",\"@id\":\"https:\/\/blog.holyart.it\/it\/articoli-religiosi\/la-festa-della-mamma-cuore-del-mese-mariano\/#article\",\"isPartOf\":{\"@id\":\"https:\/\/blog.holyart.it\/it\/articoli-religiosi\/la-festa-della-mamma-cuore-del-mese-mariano\/\"},\"author\":{\"name\":\"Redazione\",\"@id\":\"https:\/\/blog.holyart.it\/it\/#\/schema\/person\/0a7b686e5af0f856ec1e390dd0baecda\"},\"headline\":\"La Festa della mamma cuore del mese mariano\",\"datePublished\":\"2019-05-13T10:36:13+00:00\",\"dateModified\":\"2022-05-02T13:03:07+00:00\",\"mainEntityOfPage\":{\"@id\":\"https:\/\/blog.holyart.it\/it\/articoli-religiosi\/la-festa-della-mamma-cuore-del-mese-mariano\/\"},\"wordCount\":1597,\"publisher\":{\"@id\":\"https:\/\/blog.holyart.it\/it\/#organization\"},\"image\":{\"@id\":\"https:\/\/blog.holyart.it\/it\/articoli-religiosi\/la-festa-della-mamma-cuore-del-mese-mariano\/#primaryimage\"},\"thumbnailUrl\":\"https:\/\/blog.holyart.it\/it\/wp-content\/uploads\/sites\/17\/2019\/05\/festa-della-mamma.jpg\",\"articleSection\":[\"Occasioni speciali\",\"Religione\"],\"inLanguage\":\"it-IT\"},{\"@type\":\"WebPage\",\"@id\":\"https:\/\/blog.holyart.it\/it\/articoli-religiosi\/la-festa-della-mamma-cuore-del-mese-mariano\/\",\"url\":\"https:\/\/blog.holyart.it\/it\/articoli-religiosi\/la-festa-della-mamma-cuore-del-mese-mariano\/\",\"name\":\"La Festa della mamma cuore del mese mariano - Holyblog\",\"isPartOf\":{\"@id\":\"https:\/\/blog.holyart.it\/it\/#website\"},\"primaryImageOfPage\":{\"@id\":\"https:\/\/blog.holyart.it\/it\/articoli-religiosi\/la-festa-della-mamma-cuore-del-mese-mariano\/#primaryimage\"},\"image\":{\"@id\":\"https:\/\/blog.holyart.it\/it\/articoli-religiosi\/la-festa-della-mamma-cuore-del-mese-mariano\/#primaryimage\"},\"thumbnailUrl\":\"https:\/\/blog.holyart.it\/it\/wp-content\/uploads\/sites\/17\/2019\/05\/festa-della-mamma.jpg\",\"datePublished\":\"2019-05-13T10:36:13+00:00\",\"dateModified\":\"2022-05-02T13:03:07+00:00\",\"description\":\"La seconda domenica di maggio \u00e8 la festa della mamma. Maggio mese delle mamme, maggio mese delle rose. Ma soprattutto maggio mese dedicato alla Madonna\",\"breadcrumb\":{\"@id\":\"https:\/\/blog.holyart.it\/it\/articoli-religiosi\/la-festa-della-mamma-cuore-del-mese-mariano\/#breadcrumb\"},\"inLanguage\":\"it-IT\",\"potentialAction\":[{\"@type\":\"ReadAction\",\"target\":[\"https:\/\/blog.holyart.it\/it\/articoli-religiosi\/la-festa-della-mamma-cuore-del-mese-mariano\/\"]}]},{\"@type\":\"ImageObject\",\"inLanguage\":\"it-IT\",\"@id\":\"https:\/\/blog.holyart.it\/it\/articoli-religiosi\/la-festa-della-mamma-cuore-del-mese-mariano\/#primaryimage\",\"url\":\"https:\/\/blog.holyart.it\/it\/wp-content\/uploads\/sites\/17\/2019\/05\/festa-della-mamma.jpg\",\"contentUrl\":\"https:\/\/blog.holyart.it\/it\/wp-content\/uploads\/sites\/17\/2019\/05\/festa-della-mamma.jpg\",\"width\":1000,\"height\":666,\"caption\":\"La Festa della mamma cuore del mese mariano\"},{\"@type\":\"BreadcrumbList\",\"@id\":\"https:\/\/blog.holyart.it\/it\/articoli-religiosi\/la-festa-della-mamma-cuore-del-mese-mariano\/#breadcrumb\",\"itemListElement\":[{\"@type\":\"ListItem\",\"position\":1,\"name\":\"Homepage\",\"item\":\"https:\/\/blog.holyart.it\/it\/\"},{\"@type\":\"ListItem\",\"position\":2,\"name\":\"Religione\",\"item\":\"https:\/\/blog.holyart.it\/it\/articoli-religiosi\/\"},{\"@type\":\"ListItem\",\"position\":3,\"name\":\"La Festa della mamma cuore del mese mariano\"}]},{\"@type\":\"WebSite\",\"@id\":\"https:\/\/blog.holyart.it\/it\/#website\",\"url\":\"https:\/\/blog.holyart.it\/it\/\",\"name\":\"Holyblog\",\"description\":\"Il Blog di Holyart.it\",\"publisher\":{\"@id\":\"https:\/\/blog.holyart.it\/it\/#organization\"},\"potentialAction\":[{\"@type\":\"SearchAction\",\"target\":{\"@type\":\"EntryPoint\",\"urlTemplate\":\"https:\/\/blog.holyart.it\/it\/?s={search_term_string}\"},\"query-input\":{\"@type\":\"PropertyValueSpecification\",\"valueRequired\":true,\"valueName\":\"search_term_string\"}}],\"inLanguage\":\"it-IT\"},{\"@type\":\"Organization\",\"@id\":\"https:\/\/blog.holyart.it\/it\/#organization\",\"name\":\"Holyblog\",\"url\":\"https:\/\/blog.holyart.it\/it\/\",\"logo\":{\"@type\":\"ImageObject\",\"inLanguage\":\"it-IT\",\"@id\":\"https:\/\/blog.holyart.it\/it\/#\/schema\/logo\/image\/\",\"url\":\"https:\/\/blog.holyart.it\/it\/wp-content\/uploads\/sites\/17\/2022\/12\/Holyart_Blog_Logo.jpg\",\"contentUrl\":\"https:\/\/blog.holyart.it\/it\/wp-content\/uploads\/sites\/17\/2022\/12\/Holyart_Blog_Logo.jpg\",\"width\":300,\"height\":50,\"caption\":\"Holyblog\"},\"image\":{\"@id\":\"https:\/\/blog.holyart.it\/it\/#\/schema\/logo\/image\/\"}},{\"@type\":\"Person\",\"@id\":\"https:\/\/blog.holyart.it\/it\/#\/schema\/person\/0a7b686e5af0f856ec1e390dd0baecda\",\"name\":\"Redazione\"}]}<\/script>\n<!-- \/ Yoast SEO plugin. -->","yoast_head_json":{"title":"La Festa della mamma cuore del mese mariano - Holyblog","description":"La seconda domenica di maggio \u00e8 la festa della mamma. Maggio mese delle mamme, maggio mese delle rose. Ma soprattutto maggio mese dedicato alla Madonna","robots":{"index":"index","follow":"follow","max-snippet":"max-snippet:-1","max-image-preview":"max-image-preview:large","max-video-preview":"max-video-preview:-1"},"canonical":"https:\/\/blog.holyart.it\/it\/articoli-religiosi\/la-festa-della-mamma-cuore-del-mese-mariano\/","og_locale":"it_IT","og_type":"article","og_title":"La Festa della mamma cuore del mese mariano - Holyblog","og_description":"La seconda domenica di maggio \u00e8 la festa della mamma. Maggio mese delle mamme, maggio mese delle rose. Ma soprattutto maggio mese dedicato alla Madonna","og_url":"https:\/\/blog.holyart.it\/it\/articoli-religiosi\/la-festa-della-mamma-cuore-del-mese-mariano\/","og_site_name":"Holyblog","article_published_time":"2019-05-13T10:36:13+00:00","article_modified_time":"2022-05-02T13:03:07+00:00","og_image":[{"width":1000,"height":666,"url":"https:\/\/blog.holyart.it\/it\/wp-content\/uploads\/sites\/17\/2019\/05\/festa-della-mamma.jpg","type":"image\/jpeg"}],"author":"Redazione","twitter_card":"summary_large_image","twitter_misc":{"Scritto da":"Redazione","Tempo di lettura stimato":"8 minuti"},"schema":{"@context":"https:\/\/schema.org","@graph":[{"@type":"Article","@id":"https:\/\/blog.holyart.it\/it\/articoli-religiosi\/la-festa-della-mamma-cuore-del-mese-mariano\/#article","isPartOf":{"@id":"https:\/\/blog.holyart.it\/it\/articoli-religiosi\/la-festa-della-mamma-cuore-del-mese-mariano\/"},"author":{"name":"Redazione","@id":"https:\/\/blog.holyart.it\/it\/#\/schema\/person\/0a7b686e5af0f856ec1e390dd0baecda"},"headline":"La Festa della mamma cuore del mese mariano","datePublished":"2019-05-13T10:36:13+00:00","dateModified":"2022-05-02T13:03:07+00:00","mainEntityOfPage":{"@id":"https:\/\/blog.holyart.it\/it\/articoli-religiosi\/la-festa-della-mamma-cuore-del-mese-mariano\/"},"wordCount":1597,"publisher":{"@id":"https:\/\/blog.holyart.it\/it\/#organization"},"image":{"@id":"https:\/\/blog.holyart.it\/it\/articoli-religiosi\/la-festa-della-mamma-cuore-del-mese-mariano\/#primaryimage"},"thumbnailUrl":"https:\/\/blog.holyart.it\/it\/wp-content\/uploads\/sites\/17\/2019\/05\/festa-della-mamma.jpg","articleSection":["Occasioni speciali","Religione"],"inLanguage":"it-IT"},{"@type":"WebPage","@id":"https:\/\/blog.holyart.it\/it\/articoli-religiosi\/la-festa-della-mamma-cuore-del-mese-mariano\/","url":"https:\/\/blog.holyart.it\/it\/articoli-religiosi\/la-festa-della-mamma-cuore-del-mese-mariano\/","name":"La Festa della mamma cuore del mese mariano - Holyblog","isPartOf":{"@id":"https:\/\/blog.holyart.it\/it\/#website"},"primaryImageOfPage":{"@id":"https:\/\/blog.holyart.it\/it\/articoli-religiosi\/la-festa-della-mamma-cuore-del-mese-mariano\/#primaryimage"},"image":{"@id":"https:\/\/blog.holyart.it\/it\/articoli-religiosi\/la-festa-della-mamma-cuore-del-mese-mariano\/#primaryimage"},"thumbnailUrl":"https:\/\/blog.holyart.it\/it\/wp-content\/uploads\/sites\/17\/2019\/05\/festa-della-mamma.jpg","datePublished":"2019-05-13T10:36:13+00:00","dateModified":"2022-05-02T13:03:07+00:00","description":"La seconda domenica di maggio \u00e8 la festa della mamma. Maggio mese delle mamme, maggio mese delle rose. Ma soprattutto maggio mese dedicato alla Madonna","breadcrumb":{"@id":"https:\/\/blog.holyart.it\/it\/articoli-religiosi\/la-festa-della-mamma-cuore-del-mese-mariano\/#breadcrumb"},"inLanguage":"it-IT","potentialAction":[{"@type":"ReadAction","target":["https:\/\/blog.holyart.it\/it\/articoli-religiosi\/la-festa-della-mamma-cuore-del-mese-mariano\/"]}]},{"@type":"ImageObject","inLanguage":"it-IT","@id":"https:\/\/blog.holyart.it\/it\/articoli-religiosi\/la-festa-della-mamma-cuore-del-mese-mariano\/#primaryimage","url":"https:\/\/blog.holyart.it\/it\/wp-content\/uploads\/sites\/17\/2019\/05\/festa-della-mamma.jpg","contentUrl":"https:\/\/blog.holyart.it\/it\/wp-content\/uploads\/sites\/17\/2019\/05\/festa-della-mamma.jpg","width":1000,"height":666,"caption":"La Festa della mamma cuore del mese mariano"},{"@type":"BreadcrumbList","@id":"https:\/\/blog.holyart.it\/it\/articoli-religiosi\/la-festa-della-mamma-cuore-del-mese-mariano\/#breadcrumb","itemListElement":[{"@type":"ListItem","position":1,"name":"Homepage","item":"https:\/\/blog.holyart.it\/it\/"},{"@type":"ListItem","position":2,"name":"Religione","item":"https:\/\/blog.holyart.it\/it\/articoli-religiosi\/"},{"@type":"ListItem","position":3,"name":"La Festa della mamma cuore del mese mariano"}]},{"@type":"WebSite","@id":"https:\/\/blog.holyart.it\/it\/#website","url":"https:\/\/blog.holyart.it\/it\/","name":"Holyblog","description":"Il Blog di Holyart.it","publisher":{"@id":"https:\/\/blog.holyart.it\/it\/#organization"},"potentialAction":[{"@type":"SearchAction","target":{"@type":"EntryPoint","urlTemplate":"https:\/\/blog.holyart.it\/it\/?s={search_term_string}"},"query-input":{"@type":"PropertyValueSpecification","valueRequired":true,"valueName":"search_term_string"}}],"inLanguage":"it-IT"},{"@type":"Organization","@id":"https:\/\/blog.holyart.it\/it\/#organization","name":"Holyblog","url":"https:\/\/blog.holyart.it\/it\/","logo":{"@type":"ImageObject","inLanguage":"it-IT","@id":"https:\/\/blog.holyart.it\/it\/#\/schema\/logo\/image\/","url":"https:\/\/blog.holyart.it\/it\/wp-content\/uploads\/sites\/17\/2022\/12\/Holyart_Blog_Logo.jpg","contentUrl":"https:\/\/blog.holyart.it\/it\/wp-content\/uploads\/sites\/17\/2022\/12\/Holyart_Blog_Logo.jpg","width":300,"height":50,"caption":"Holyblog"},"image":{"@id":"https:\/\/blog.holyart.it\/it\/#\/schema\/logo\/image\/"}},{"@type":"Person","@id":"https:\/\/blog.holyart.it\/it\/#\/schema\/person\/0a7b686e5af0f856ec1e390dd0baecda","name":"Redazione"}]}},"_links":{"self":[{"href":"https:\/\/blog.holyart.it\/it\/wp-json\/wp\/v2\/posts\/6433","targetHints":{"allow":["GET"]}}],"collection":[{"href":"https:\/\/blog.holyart.it\/it\/wp-json\/wp\/v2\/posts"}],"about":[{"href":"https:\/\/blog.holyart.it\/it\/wp-json\/wp\/v2\/types\/post"}],"author":[{"embeddable":true,"href":"https:\/\/blog.holyart.it\/it\/wp-json\/wp\/v2\/users\/1"}],"replies":[{"embeddable":true,"href":"https:\/\/blog.holyart.it\/it\/wp-json\/wp\/v2\/comments?post=6433"}],"version-history":[{"count":0,"href":"https:\/\/blog.holyart.it\/it\/wp-json\/wp\/v2\/posts\/6433\/revisions"}],"wp:featuredmedia":[{"embeddable":true,"href":"https:\/\/blog.holyart.it\/it\/wp-json\/wp\/v2\/media\/6439"}],"wp:attachment":[{"href":"https:\/\/blog.holyart.it\/it\/wp-json\/wp\/v2\/media?parent=6433"}],"wp:term":[{"taxonomy":"category","embeddable":true,"href":"https:\/\/blog.holyart.it\/it\/wp-json\/wp\/v2\/categories?post=6433"},{"taxonomy":"post_tag","embeddable":true,"href":"https:\/\/blog.holyart.it\/it\/wp-json\/wp\/v2\/tags?post=6433"}],"curies":[{"name":"wp","href":"https:\/\/api.w.org\/{rel}","templated":true}]}}