{"id":640,"date":"2017-04-25T17:31:02","date_gmt":"2017-04-25T15:31:02","guid":{"rendered":"https:\/\/blog.holyart.it\/it\/?p=640"},"modified":"2025-02-04T16:56:58","modified_gmt":"2025-02-04T15:56:58","slug":"cero-pasquale-la-luce-ci-libera-dalle-tenebre","status":"publish","type":"post","link":"https:\/\/blog.holyart.it\/it\/pasqua\/cero-pasquale-la-luce-ci-libera-dalle-tenebre\/","title":{"rendered":"Il cero pasquale: la luce che ci libera dalle tenebre"},"content":{"rendered":"<h4>Il cero pasquale, acceso in occasione della Veglia di Pasqua, simboleggia la luce di Cristo risorto che vince le tenebre della morte e sconfigge il male.<\/h4>\n\n<p>L\u2019assioma Cristo-Luce \u00e8 uno dei pi\u00f9 ricorrenti nella religione cristiana-cattolica. Fin dalle origini della <strong><a href=\"https:\/\/www.holyart.it\/it\/accessori-per-la-liturgia\">Liturgia<\/a><\/strong>, la luce delle lampade e delle candele \u00e8 stata utilizzata come <a href=\"https:\/\/www.holyart.it\/it\/occasioni-speciali\/pasqua-e-quaresima\/cristo-risorto-e-sacerdote-re\"><strong>simbolo della luce di Cristo risorto<\/strong><\/a>, quella luce in grado di dissipare le tenebre della notte pi\u00f9 buia.<\/p>\n<p>Dio cre\u00f2 come prima cosa la luce, e per tutta la <a href=\"https:\/\/www.holyart.it\/it\/articoli-religiosi\/libri-e-testi-sacri\/bibbie\"><strong>Bibbia<\/strong><\/a> \u00e8 ribadito come essa sia segno della presenza di Dio, manifestazione della sua grandezza.<\/p>\n<div class=\"link-article\">\n<p><img loading=\"lazy\" decoding=\"async\" class=\"alignleft size-full wp-image-12544\" src=\"https:\/\/blog.holyart.it\/it\/wp-content\/uploads\/sites\/17\/2017\/04\/Candelieri.jpg\" alt=\"Candelieri\" width=\"150\" height=\"100\" data-kale-share-title=\"Il cero pasquale: la luce che ci libera dalle tenebre\" data-kale-share-url=\"https:\/\/blog.holyart.it\/it\/accessori-liturgia\/cero-pasquale-la-luce-ci-libera-dalle-tenebre\/\" \/><\/p>\n<div class=\"leggi-anche\">Leggi anche:<\/div>\n<p><strong><a href=\"https:\/\/www.holyart.it\/blog\/accessori-liturgia\/candeliere\/\">Il candeliere come simbolo di luce, fede e Resurrezione di Cristo<\/a><\/strong><br \/>\nIl candeliere \u00e8 un arredo liturgico presente in ogni chiesa e posto&#8230;<\/p>\n<\/div>\n<p>Ma \u00e8 soprattutto con <a href=\"https:\/\/www.holyart.it\/articoli\/statue-sacro-cuore-di-gesu.php\"><strong>Ges\u00f9<\/strong><\/a> che il valore simbolico della luce conosce la sua consacrazione.<\/p>\n<p>Ges\u00f9 parla di s\u00e9 come di vera luce, e dei suoi discepoli come la luce del mondo, che deve \u201c<em>brillare davanti agli uomini affinch\u00e9 vedano le vostre opere buone e glorifichino il Padre che sta nei cieli!<\/em>\u201d (Mt 5,16).<\/p>\n<p>In particolare, il grande <strong>cero pasquale<\/strong> che viene acceso in occasione della Veglia di Pasqua, per essere collocato nel battistero e condotto in processione solenne, ha in s\u00e9 un valore simbolico fortissimo.<\/p>\n<div class=\"link-product\">\n<div class=\"blocco-immagine\"><img loading=\"lazy\" decoding=\"async\" class=\"alignleft size-full wp-image-12450\" src=\"https:\/\/blog.holyart.it\/it\/wp-content\/uploads\/sites\/17\/2017\/04\/cero-pasquale-dorato.jpg\" alt=\"cero pasquale dorato\" width=\"100\" height=\"100\" data-kale-share-title=\"Il cero pasquale: la luce che ci libera dalle tenebre\" data-kale-share-url=\"https:\/\/blog.holyart.it\/it\/accessori-liturgia\/cero-pasquale-la-luce-ci-libera-dalle-tenebre\/\" \/><\/div>\n<div class=\"blocco-contenuto\">\n<div class=\"blocco-acquista\">Acquista su Holyart:<\/div>\n<div class=\"blocco-titolo\"><a href=\"https:\/\/www.holyart.it\/it\/occasioni-speciali\/pasqua-e-quaresima\/ceri-pasquali-e-basi-portacero?sorter_id=5&amp;sort=20a\">Ceri pasquali e basi portacero<\/a><\/div>\n<div class=\"blocco-descrizione\">Scopri tutti i ceri pasquali presenti nel nostro catalogo!<\/div>\n<\/div>\n<\/div>\n<h2>Cero pasquale: significato<\/h2>\n<p>Nell\u2019oscurit\u00e0 che caratterizza la veglia di Pasqua, l&#8217;<strong>accensione del\u00a0cero pasquale<\/strong>\u00a0da parte del sacerdote rischiara il cupo abisso in cui gli uomini vagano, privati della luce della speranza, della vita nuova. Basta quella debole fiammella per far rinascere la speranza, per far scaturire in ciascuno la scintilla della Fede. Al chiarore benedetto del cero pasquale i fedeli si riscoprono <strong>figli della luce<\/strong>, in comunione con Dio e con gli altri fratelli. La luce delle candele, e in particolare quella del cero pasquale, contagia tutti i presenti con lo splendore di <a href=\"https:\/\/www.holyart.it\/it\/articoli-religiosi\/statue\/statue-in-legno-dipinto\/statua-cristo-risorto-colorato-val-gardena\"><strong>Cristo che risorge dalle tenebre della morte<\/strong><\/a> e sconfigge il male.<\/p>\n<div class=\"link-article\">\n<p><img loading=\"lazy\" decoding=\"async\" class=\"size-full wp-image-12454 alignleft\" src=\"https:\/\/blog.holyart.it\/it\/wp-content\/uploads\/sites\/17\/2017\/04\/candele-1.jpg\" alt=\"candele\" width=\"150\" height=\"99\" data-kale-share-title=\"Il cero pasquale: la luce che ci libera dalle tenebre\" data-kale-share-url=\"https:\/\/blog.holyart.it\/it\/accessori-liturgia\/cero-pasquale-la-luce-ci-libera-dalle-tenebre\/\" \/><\/p>\n<div class=\"leggi-anche\">Leggi anche:<\/div>\n<p><strong><a href=\"https:\/\/blog.holyart.it\/it\/accessori-liturgia\/candele-liturgiche-perche-importanti\/\">Candele liturgiche: quando e perch\u00e9 sono importanti<\/a><\/strong><br \/>\nLa luce racchiude da sempre un significato molto profondo e imprescindibile, per gli uomini. Non esiste religione che&#8230;<\/p>\n<\/div>\n<p>La notte, non pi\u00f9 oscura, ma illuminata dalla presenza di Cristo, si riempie di canti di gioia e speranza. <strong>Ogni colpa \u00e8 lavata, ogni peccato perdonato, in questa rinascita comune.<\/strong><\/p>\n<p>Il cero pasquale sar\u00e0 al centro di tutte le celebrazioni per i cinquanta giorni di <a href=\"https:\/\/www.holyart.it\/it\/occasioni-speciali\/pasqua-e-quaresima\"><strong>Pasqua<\/strong><\/a>. Esso si consumer\u00e0, come Ges\u00f9 si \u00e8 consumato davanti a Dio, per amore degli uomini, immolando s\u00e9 stesso completamente. Il suo sacrificio si rinnova ogni anno nel bruciare di questo <strong>simbolo di salvezza e redenzione<\/strong>, il cui fumo, salendo al cielo, richiama l\u2019ascesa di Colui che, ritornato dalla morte, porta luce e pace agli uomini fino alla fine del tempo.<\/p>\n<div class=\"link-article\">\n<p><img loading=\"lazy\" decoding=\"async\" class=\"size-full wp-image-12470 alignleft\" src=\"https:\/\/blog.holyart.it\/it\/wp-content\/uploads\/sites\/17\/2017\/04\/candele-online-1.jpg\" alt=\"candele online\" width=\"150\" height=\"99\" data-kale-share-title=\"Il cero pasquale: la luce che ci libera dalle tenebre\" data-kale-share-url=\"https:\/\/blog.holyart.it\/it\/accessori-liturgia\/cero-pasquale-la-luce-ci-libera-dalle-tenebre\/\" \/><\/p>\n<div class=\"leggi-anche\">Leggi anche:<\/div>\n<p><strong><a href=\"https:\/\/blog.holyart.it\/it\/articoli-religiosi\/5-buoni-motivi-acquistare-candele-online\/\">5 buoni motivi per acquistare candele online<\/a><\/strong><br \/>\nAbbiamo gi\u00e0 parlato in un articolo precedente dell\u2019importanza che rivestono le candele nell\u2019ambito delle celebrazioni religiose&#8230;<\/p>\n<\/div>\n","protected":false},"excerpt":{"rendered":"<p>Il cero pasquale, acceso in occasione della Veglia di Pasqua, simboleggia la luce di Cristo risorto che vince le tenebre della morte e sconfigge il male. L\u2019assioma Cristo-Luce \u00e8 uno dei pi\u00f9 ricorrenti nella religione cristiana-cattolica. Fin dalle origini della Liturgia, la luce delle lampade&hellip;<\/p>\n","protected":false},"author":1,"featured_media":641,"comment_status":"closed","ping_status":"open","sticky":false,"template":"","format":"standard","meta":{"_acf_changed":false,"footnotes":""},"categories":[14,26],"tags":[],"class_list":["post-640","post","type-post","status-publish","format-standard","has-post-thumbnail","hentry","category-accessori-liturgia","category-pasqua"],"acf":[],"yoast_head":"<!-- This site is optimized with the Yoast SEO plugin v26.6 - https:\/\/yoast.com\/wordpress\/plugins\/seo\/ -->\n<title>Il cero pasquale: la luce che ci libera dalle tenebre - Holyblog<\/title>\n<meta name=\"description\" content=\"Nell\u2019oscurit\u00e0 che caratterizza la veglia di Pasqua, il cero pasquale viene acceso dal sacerdote per rischiarare il cupo abisso in cui gli uomini vagano.\" \/>\n<meta name=\"robots\" content=\"index, follow, max-snippet:-1, max-image-preview:large, max-video-preview:-1\" \/>\n<link rel=\"canonical\" href=\"https:\/\/blog.holyart.it\/it\/pasqua\/cero-pasquale-la-luce-ci-libera-dalle-tenebre\/\" \/>\n<meta property=\"og:locale\" content=\"it_IT\" \/>\n<meta property=\"og:type\" content=\"article\" \/>\n<meta property=\"og:title\" content=\"Il cero pasquale: la luce che ci libera dalle tenebre - Holyblog\" \/>\n<meta property=\"og:description\" content=\"Nell\u2019oscurit\u00e0 che caratterizza la veglia di Pasqua, il cero pasquale viene acceso dal sacerdote per rischiarare il cupo abisso in cui gli uomini vagano.\" \/>\n<meta property=\"og:url\" content=\"https:\/\/blog.holyart.it\/it\/pasqua\/cero-pasquale-la-luce-ci-libera-dalle-tenebre\/\" \/>\n<meta property=\"og:site_name\" content=\"Holyblog\" \/>\n<meta property=\"article:published_time\" content=\"2017-04-25T15:31:02+00:00\" \/>\n<meta property=\"article:modified_time\" content=\"2025-02-04T15:56:58+00:00\" \/>\n<meta property=\"og:image\" content=\"https:\/\/blog.holyart.it\/it\/wp-content\/uploads\/sites\/17\/2017\/05\/Ceri-pasquali.jpg\" \/>\n\t<meta property=\"og:image:width\" content=\"1000\" \/>\n\t<meta property=\"og:image:height\" content=\"667\" \/>\n\t<meta property=\"og:image:type\" content=\"image\/jpeg\" \/>\n<meta name=\"author\" content=\"Redazione\" \/>\n<meta name=\"twitter:card\" content=\"summary_large_image\" \/>\n<meta name=\"twitter:label1\" content=\"Scritto da\" \/>\n\t<meta name=\"twitter:data1\" content=\"Redazione\" \/>\n\t<meta name=\"twitter:label2\" content=\"Tempo di lettura stimato\" \/>\n\t<meta name=\"twitter:data2\" content=\"4 minuti\" \/>\n<script type=\"application\/ld+json\" class=\"yoast-schema-graph\">{\"@context\":\"https:\/\/schema.org\",\"@graph\":[{\"@type\":\"Article\",\"@id\":\"https:\/\/blog.holyart.it\/it\/pasqua\/cero-pasquale-la-luce-ci-libera-dalle-tenebre\/#article\",\"isPartOf\":{\"@id\":\"https:\/\/blog.holyart.it\/it\/pasqua\/cero-pasquale-la-luce-ci-libera-dalle-tenebre\/\"},\"author\":{\"name\":\"Redazione\",\"@id\":\"https:\/\/blog.holyart.it\/it\/#\/schema\/person\/0a7b686e5af0f856ec1e390dd0baecda\"},\"headline\":\"Il cero pasquale: la luce che ci libera dalle tenebre\",\"datePublished\":\"2017-04-25T15:31:02+00:00\",\"dateModified\":\"2025-02-04T15:56:58+00:00\",\"mainEntityOfPage\":{\"@id\":\"https:\/\/blog.holyart.it\/it\/pasqua\/cero-pasquale-la-luce-ci-libera-dalle-tenebre\/\"},\"wordCount\":494,\"publisher\":{\"@id\":\"https:\/\/blog.holyart.it\/it\/#organization\"},\"image\":{\"@id\":\"https:\/\/blog.holyart.it\/it\/pasqua\/cero-pasquale-la-luce-ci-libera-dalle-tenebre\/#primaryimage\"},\"thumbnailUrl\":\"https:\/\/blog.holyart.it\/it\/wp-content\/uploads\/sites\/17\/2017\/05\/Ceri-pasquali.jpg\",\"articleSection\":[\"Liturgia\",\"Pasqua\"],\"inLanguage\":\"it-IT\"},{\"@type\":\"WebPage\",\"@id\":\"https:\/\/blog.holyart.it\/it\/pasqua\/cero-pasquale-la-luce-ci-libera-dalle-tenebre\/\",\"url\":\"https:\/\/blog.holyart.it\/it\/pasqua\/cero-pasquale-la-luce-ci-libera-dalle-tenebre\/\",\"name\":\"Il cero pasquale: la luce che ci libera dalle tenebre - Holyblog\",\"isPartOf\":{\"@id\":\"https:\/\/blog.holyart.it\/it\/#website\"},\"primaryImageOfPage\":{\"@id\":\"https:\/\/blog.holyart.it\/it\/pasqua\/cero-pasquale-la-luce-ci-libera-dalle-tenebre\/#primaryimage\"},\"image\":{\"@id\":\"https:\/\/blog.holyart.it\/it\/pasqua\/cero-pasquale-la-luce-ci-libera-dalle-tenebre\/#primaryimage\"},\"thumbnailUrl\":\"https:\/\/blog.holyart.it\/it\/wp-content\/uploads\/sites\/17\/2017\/05\/Ceri-pasquali.jpg\",\"datePublished\":\"2017-04-25T15:31:02+00:00\",\"dateModified\":\"2025-02-04T15:56:58+00:00\",\"description\":\"Nell\u2019oscurit\u00e0 che caratterizza la veglia di Pasqua, il cero pasquale viene acceso dal sacerdote per rischiarare il cupo abisso in cui gli uomini vagano.\",\"breadcrumb\":{\"@id\":\"https:\/\/blog.holyart.it\/it\/pasqua\/cero-pasquale-la-luce-ci-libera-dalle-tenebre\/#breadcrumb\"},\"inLanguage\":\"it-IT\",\"potentialAction\":[{\"@type\":\"ReadAction\",\"target\":[\"https:\/\/blog.holyart.it\/it\/pasqua\/cero-pasquale-la-luce-ci-libera-dalle-tenebre\/\"]}]},{\"@type\":\"ImageObject\",\"inLanguage\":\"it-IT\",\"@id\":\"https:\/\/blog.holyart.it\/it\/pasqua\/cero-pasquale-la-luce-ci-libera-dalle-tenebre\/#primaryimage\",\"url\":\"https:\/\/blog.holyart.it\/it\/wp-content\/uploads\/sites\/17\/2017\/05\/Ceri-pasquali.jpg\",\"contentUrl\":\"https:\/\/blog.holyart.it\/it\/wp-content\/uploads\/sites\/17\/2017\/05\/Ceri-pasquali.jpg\",\"width\":1000,\"height\":667,\"caption\":\"Ceri pasquali\"},{\"@type\":\"BreadcrumbList\",\"@id\":\"https:\/\/blog.holyart.it\/it\/pasqua\/cero-pasquale-la-luce-ci-libera-dalle-tenebre\/#breadcrumb\",\"itemListElement\":[{\"@type\":\"ListItem\",\"position\":1,\"name\":\"Homepage\",\"item\":\"https:\/\/blog.holyart.it\/it\/\"},{\"@type\":\"ListItem\",\"position\":2,\"name\":\"Pasqua\",\"item\":\"https:\/\/blog.holyart.it\/it\/pasqua\/\"},{\"@type\":\"ListItem\",\"position\":3,\"name\":\"Il cero pasquale: la luce che ci libera dalle tenebre\"}]},{\"@type\":\"WebSite\",\"@id\":\"https:\/\/blog.holyart.it\/it\/#website\",\"url\":\"https:\/\/blog.holyart.it\/it\/\",\"name\":\"Holyblog\",\"description\":\"Il Blog di Holyart.it\",\"publisher\":{\"@id\":\"https:\/\/blog.holyart.it\/it\/#organization\"},\"potentialAction\":[{\"@type\":\"SearchAction\",\"target\":{\"@type\":\"EntryPoint\",\"urlTemplate\":\"https:\/\/blog.holyart.it\/it\/?s={search_term_string}\"},\"query-input\":{\"@type\":\"PropertyValueSpecification\",\"valueRequired\":true,\"valueName\":\"search_term_string\"}}],\"inLanguage\":\"it-IT\"},{\"@type\":\"Organization\",\"@id\":\"https:\/\/blog.holyart.it\/it\/#organization\",\"name\":\"Holyblog\",\"url\":\"https:\/\/blog.holyart.it\/it\/\",\"logo\":{\"@type\":\"ImageObject\",\"inLanguage\":\"it-IT\",\"@id\":\"https:\/\/blog.holyart.it\/it\/#\/schema\/logo\/image\/\",\"url\":\"https:\/\/blog.holyart.it\/it\/wp-content\/uploads\/sites\/17\/2022\/12\/Holyart_Blog_Logo.jpg\",\"contentUrl\":\"https:\/\/blog.holyart.it\/it\/wp-content\/uploads\/sites\/17\/2022\/12\/Holyart_Blog_Logo.jpg\",\"width\":300,\"height\":50,\"caption\":\"Holyblog\"},\"image\":{\"@id\":\"https:\/\/blog.holyart.it\/it\/#\/schema\/logo\/image\/\"}},{\"@type\":\"Person\",\"@id\":\"https:\/\/blog.holyart.it\/it\/#\/schema\/person\/0a7b686e5af0f856ec1e390dd0baecda\",\"name\":\"Redazione\"}]}<\/script>\n<!-- \/ Yoast SEO plugin. -->","yoast_head_json":{"title":"Il cero pasquale: la luce che ci libera dalle tenebre - Holyblog","description":"Nell\u2019oscurit\u00e0 che caratterizza la veglia di Pasqua, il cero pasquale viene acceso dal sacerdote per rischiarare il cupo abisso in cui gli uomini vagano.","robots":{"index":"index","follow":"follow","max-snippet":"max-snippet:-1","max-image-preview":"max-image-preview:large","max-video-preview":"max-video-preview:-1"},"canonical":"https:\/\/blog.holyart.it\/it\/pasqua\/cero-pasquale-la-luce-ci-libera-dalle-tenebre\/","og_locale":"it_IT","og_type":"article","og_title":"Il cero pasquale: la luce che ci libera dalle tenebre - Holyblog","og_description":"Nell\u2019oscurit\u00e0 che caratterizza la veglia di Pasqua, il cero pasquale viene acceso dal sacerdote per rischiarare il cupo abisso in cui gli uomini vagano.","og_url":"https:\/\/blog.holyart.it\/it\/pasqua\/cero-pasquale-la-luce-ci-libera-dalle-tenebre\/","og_site_name":"Holyblog","article_published_time":"2017-04-25T15:31:02+00:00","article_modified_time":"2025-02-04T15:56:58+00:00","og_image":[{"width":1000,"height":667,"url":"https:\/\/blog.holyart.it\/it\/wp-content\/uploads\/sites\/17\/2017\/05\/Ceri-pasquali.jpg","type":"image\/jpeg"}],"author":"Redazione","twitter_card":"summary_large_image","twitter_misc":{"Scritto da":"Redazione","Tempo di lettura stimato":"4 minuti"},"schema":{"@context":"https:\/\/schema.org","@graph":[{"@type":"Article","@id":"https:\/\/blog.holyart.it\/it\/pasqua\/cero-pasquale-la-luce-ci-libera-dalle-tenebre\/#article","isPartOf":{"@id":"https:\/\/blog.holyart.it\/it\/pasqua\/cero-pasquale-la-luce-ci-libera-dalle-tenebre\/"},"author":{"name":"Redazione","@id":"https:\/\/blog.holyart.it\/it\/#\/schema\/person\/0a7b686e5af0f856ec1e390dd0baecda"},"headline":"Il cero pasquale: la luce che ci libera dalle tenebre","datePublished":"2017-04-25T15:31:02+00:00","dateModified":"2025-02-04T15:56:58+00:00","mainEntityOfPage":{"@id":"https:\/\/blog.holyart.it\/it\/pasqua\/cero-pasquale-la-luce-ci-libera-dalle-tenebre\/"},"wordCount":494,"publisher":{"@id":"https:\/\/blog.holyart.it\/it\/#organization"},"image":{"@id":"https:\/\/blog.holyart.it\/it\/pasqua\/cero-pasquale-la-luce-ci-libera-dalle-tenebre\/#primaryimage"},"thumbnailUrl":"https:\/\/blog.holyart.it\/it\/wp-content\/uploads\/sites\/17\/2017\/05\/Ceri-pasquali.jpg","articleSection":["Liturgia","Pasqua"],"inLanguage":"it-IT"},{"@type":"WebPage","@id":"https:\/\/blog.holyart.it\/it\/pasqua\/cero-pasquale-la-luce-ci-libera-dalle-tenebre\/","url":"https:\/\/blog.holyart.it\/it\/pasqua\/cero-pasquale-la-luce-ci-libera-dalle-tenebre\/","name":"Il cero pasquale: la luce che ci libera dalle tenebre - Holyblog","isPartOf":{"@id":"https:\/\/blog.holyart.it\/it\/#website"},"primaryImageOfPage":{"@id":"https:\/\/blog.holyart.it\/it\/pasqua\/cero-pasquale-la-luce-ci-libera-dalle-tenebre\/#primaryimage"},"image":{"@id":"https:\/\/blog.holyart.it\/it\/pasqua\/cero-pasquale-la-luce-ci-libera-dalle-tenebre\/#primaryimage"},"thumbnailUrl":"https:\/\/blog.holyart.it\/it\/wp-content\/uploads\/sites\/17\/2017\/05\/Ceri-pasquali.jpg","datePublished":"2017-04-25T15:31:02+00:00","dateModified":"2025-02-04T15:56:58+00:00","description":"Nell\u2019oscurit\u00e0 che caratterizza la veglia di Pasqua, il cero pasquale viene acceso dal sacerdote per rischiarare il cupo abisso in cui gli uomini vagano.","breadcrumb":{"@id":"https:\/\/blog.holyart.it\/it\/pasqua\/cero-pasquale-la-luce-ci-libera-dalle-tenebre\/#breadcrumb"},"inLanguage":"it-IT","potentialAction":[{"@type":"ReadAction","target":["https:\/\/blog.holyart.it\/it\/pasqua\/cero-pasquale-la-luce-ci-libera-dalle-tenebre\/"]}]},{"@type":"ImageObject","inLanguage":"it-IT","@id":"https:\/\/blog.holyart.it\/it\/pasqua\/cero-pasquale-la-luce-ci-libera-dalle-tenebre\/#primaryimage","url":"https:\/\/blog.holyart.it\/it\/wp-content\/uploads\/sites\/17\/2017\/05\/Ceri-pasquali.jpg","contentUrl":"https:\/\/blog.holyart.it\/it\/wp-content\/uploads\/sites\/17\/2017\/05\/Ceri-pasquali.jpg","width":1000,"height":667,"caption":"Ceri pasquali"},{"@type":"BreadcrumbList","@id":"https:\/\/blog.holyart.it\/it\/pasqua\/cero-pasquale-la-luce-ci-libera-dalle-tenebre\/#breadcrumb","itemListElement":[{"@type":"ListItem","position":1,"name":"Homepage","item":"https:\/\/blog.holyart.it\/it\/"},{"@type":"ListItem","position":2,"name":"Pasqua","item":"https:\/\/blog.holyart.it\/it\/pasqua\/"},{"@type":"ListItem","position":3,"name":"Il cero pasquale: la luce che ci libera dalle tenebre"}]},{"@type":"WebSite","@id":"https:\/\/blog.holyart.it\/it\/#website","url":"https:\/\/blog.holyart.it\/it\/","name":"Holyblog","description":"Il Blog di Holyart.it","publisher":{"@id":"https:\/\/blog.holyart.it\/it\/#organization"},"potentialAction":[{"@type":"SearchAction","target":{"@type":"EntryPoint","urlTemplate":"https:\/\/blog.holyart.it\/it\/?s={search_term_string}"},"query-input":{"@type":"PropertyValueSpecification","valueRequired":true,"valueName":"search_term_string"}}],"inLanguage":"it-IT"},{"@type":"Organization","@id":"https:\/\/blog.holyart.it\/it\/#organization","name":"Holyblog","url":"https:\/\/blog.holyart.it\/it\/","logo":{"@type":"ImageObject","inLanguage":"it-IT","@id":"https:\/\/blog.holyart.it\/it\/#\/schema\/logo\/image\/","url":"https:\/\/blog.holyart.it\/it\/wp-content\/uploads\/sites\/17\/2022\/12\/Holyart_Blog_Logo.jpg","contentUrl":"https:\/\/blog.holyart.it\/it\/wp-content\/uploads\/sites\/17\/2022\/12\/Holyart_Blog_Logo.jpg","width":300,"height":50,"caption":"Holyblog"},"image":{"@id":"https:\/\/blog.holyart.it\/it\/#\/schema\/logo\/image\/"}},{"@type":"Person","@id":"https:\/\/blog.holyart.it\/it\/#\/schema\/person\/0a7b686e5af0f856ec1e390dd0baecda","name":"Redazione"}]}},"_links":{"self":[{"href":"https:\/\/blog.holyart.it\/it\/wp-json\/wp\/v2\/posts\/640","targetHints":{"allow":["GET"]}}],"collection":[{"href":"https:\/\/blog.holyart.it\/it\/wp-json\/wp\/v2\/posts"}],"about":[{"href":"https:\/\/blog.holyart.it\/it\/wp-json\/wp\/v2\/types\/post"}],"author":[{"embeddable":true,"href":"https:\/\/blog.holyart.it\/it\/wp-json\/wp\/v2\/users\/1"}],"replies":[{"embeddable":true,"href":"https:\/\/blog.holyart.it\/it\/wp-json\/wp\/v2\/comments?post=640"}],"version-history":[{"count":1,"href":"https:\/\/blog.holyart.it\/it\/wp-json\/wp\/v2\/posts\/640\/revisions"}],"predecessor-version":[{"id":21341,"href":"https:\/\/blog.holyart.it\/it\/wp-json\/wp\/v2\/posts\/640\/revisions\/21341"}],"wp:featuredmedia":[{"embeddable":true,"href":"https:\/\/blog.holyart.it\/it\/wp-json\/wp\/v2\/media\/641"}],"wp:attachment":[{"href":"https:\/\/blog.holyart.it\/it\/wp-json\/wp\/v2\/media?parent=640"}],"wp:term":[{"taxonomy":"category","embeddable":true,"href":"https:\/\/blog.holyart.it\/it\/wp-json\/wp\/v2\/categories?post=640"},{"taxonomy":"post_tag","embeddable":true,"href":"https:\/\/blog.holyart.it\/it\/wp-json\/wp\/v2\/tags?post=640"}],"curies":[{"name":"wp","href":"https:\/\/api.w.org\/{rel}","templated":true}]}}