{"id":621,"date":"2017-04-11T18:12:15","date_gmt":"2017-04-11T16:12:15","guid":{"rendered":"https:\/\/blog.holyart.it\/it\/?p=621"},"modified":"2025-02-04T16:56:19","modified_gmt":"2025-02-04T15:56:19","slug":"consigli-papa-francesco-la-quaresima","status":"publish","type":"post","link":"https:\/\/blog.holyart.it\/it\/pasqua\/consigli-papa-francesco-la-quaresima\/","title":{"rendered":"I consigli di Papa Francesco per la Quaresima"},"content":{"rendered":"<p>La <strong><a href=\"https:\/\/www.holyart.it\/it\/occasioni-speciali\/pasqua-e-quaresima\">Quaresima<\/a><\/strong> \u00e8 un periodo dell\u2019anno liturgico che precede la Pasqua e, in un certo senso, consente ai fedeli di prepararsi alle sue celebrazioni. Inizia il <a href=\"https:\/\/www.holyart.it\/blog\/articoli-religiosi\/mercoledi-delle-ceneri-che-cose\/\"><strong>mercoled\u00ec delle Ceneri<\/strong><\/a> e termina con il Gioved\u00ec Santo, ed \u00e8 caratterizzata da digiuno e penitenza, preghiera e carit\u00e0, in un <strong>percorso di purificazione del corpo e dell\u2019anima<\/strong>.<\/p>\n<div class=\"link-article\">\n<p><img loading=\"lazy\" decoding=\"async\" class=\"wp-image-12656 size-full alignleft\" src=\"https:\/\/blog.holyart.it\/it\/wp-content\/uploads\/sites\/17\/2017\/04\/mercoledi-delle-ceneri.jpeg\" alt=\"mercoledi delle ceneri\" width=\"150\" height=\"99\" data-kale-share-title=\"I consigli di Papa Francesco per la Quaresima\" data-kale-share-url=\"https:\/\/blog.holyart.it\/it\/articoli-religiosi\/consigli-papa-francesco-la-quaresima\/\" \/><\/p>\n<div class=\"leggi-anche\">Leggi anche:<\/div>\n<p><strong><a href=\"https:\/\/www.holyart.it\/blog\/articoli-religiosi\/mercoledi-delle-ceneri-che-cose\/\">Mercoled\u00ec delle Ceneri: che cos\u2019\u00e8<\/a><\/strong><br \/>\nCarnevale sta per terminare. Dopo marted\u00ec grasso c\u2019\u00e8 il Mercoled\u00ec delle Ceneri, che segna l\u2019inizio della Quaresima&#8230;<\/p>\n<\/div>\n<p>Ma qual \u00e8 il modo migliore per affrontare la Quaresima? Troppo spesso, nella frenesia della vita moderna, distratti da infiniti problemi e grattacapi, tendiamo a dimenticare quale sia lo spirito autentico di questo periodo, che ricorda e simboleggia un momento importante nella vita di Ges\u00f9, ovvero i quaranta giorni trascorsi nel deserto prima di iniziare la sua predicazione.<\/p>\n<p><a href=\"https:\/\/www.holyart.it\/it\/occasioni-speciali\/papa-francesco\"><strong>Papa Francesco<\/strong><\/a> un paio di anni fa, in uno dei suoi discorsi, ha elencato una serie di <strong>consigli preziosi per vivere la Quaresima, <\/strong>che restano validi e attuali oggi e sempre. 10 perle di saggezza e carit\u00e0 da tenere ben presenti, in questo periodo pi\u00f9 che mai.<\/p>\n<p>Vogliamo ricordarli con voi:<\/p>\n<ol>\n<li><strong>Liberati delle pigre abitudini al male<\/strong><\/li>\n<\/ol>\n<p>\u201cLa Quaresima \u00e8 una stagione \u201cpotente\u201d, un momento di svolta che pu\u00f2 rafforzare il cambiamento e la conversione in ognuno di noi. Pu\u00f2 cambiarci in meglio. Ci aiuta a lasciarci alle spalle le cattive abitudini che ci creano dipendenza dal male\u201d.<\/p>\n<ol start=\"2\">\n<li><strong>Fai qualcosa che provochi sofferenza<\/strong><\/li>\n<\/ol>\n<p>\u201cLa Quaresima \u00e8 un ottimo momento per la negazione di s\u00e9: dobbiamo capire a cosa \u00e8 meglio rinunciare, per arricchirci e arricchire gli altri della nostra povert\u00e0. Non dimentichiamoci che la povert\u00e0 vera fa soffrire. Nessuna negazione di s\u00e9 \u00e8 vera se priva di questa dimensione di pena. Non credo a una carit\u00e0 che non costa nulla e che non fa male\u201d.<\/p>\n<ol start=\"3\">\n<li><strong>Non restare indifferente<\/strong><\/li>\n<\/ol>\n<p>\u201cL\u2019indifferenza nei confronti del prossimo e nei confronti di Dio \u00e8 una tentazione forte anche per noi cristiani. Ogni anno, durante la Quaresima, dobbiamo ascoltare una volta di pi\u00f9 le parole dei profeti, che gridano alla nostra coscienza e la mettono in difficolt\u00e0. Dio non \u00e8 indifferente a questo mondo. Ci ama e ci ha mandato suo figlio per la nostra salvezza\u201d.<\/p>\n<ol start=\"4\">\n<li><strong>Prega e d\u00ec: &#8220;Rendi i nostri cuori come il tuo!&#8221;<\/strong><\/li>\n<\/ol>\n<p>\u201cDurante la Quaresima dobbiamo chiedere al Signore: \u201cFac cor nostrum secundum cor tuum\u201d, cio\u00e8 rendi i nostri cuori come il tuo (Litania del <a href=\"https:\/\/www.holyart.it\/articoli\/statue-sacro-cuore-di-gesu.php\"><strong>Sacro Cuore di Ges\u00f9<\/strong><\/a>). In questo modo riceveremo un cuore fermo e compassionevole, attento e generoso, un cuore aperto, non indifferente e non preda della globalizzazione dell\u2019indifferenza\u201d.<\/p>\n<ol start=\"5\">\n<li><strong>Partecipa ai sacramenti<\/strong><\/li>\n<\/ol>\n<p>\u201cLa Quaresima serve ricevere i sacramenti di Cristo. Ogni volta, dobbiamo ascoltare la parola del Signore e ricevere le sue benedizioni. Dobbiamo dedicarci, in particolar modo, all\u2019Eucarestia. E allora noi diverremo ci\u00f2 che riceviamo: il corpo di Cristo\u201d.<\/p>\n<div class=\"link-article\">\n<p><img loading=\"lazy\" decoding=\"async\" class=\"alignleft size-full wp-image-12257\" src=\"https:\/\/blog.holyart.it\/it\/wp-content\/uploads\/sites\/17\/2017\/04\/I-sette-sacramenti.jpg\" alt=\"I sette sacramenti\" width=\"150\" height=\"99\" data-kale-share-title=\"I consigli di Papa Francesco per la Quaresima\" data-kale-share-url=\"https:\/\/blog.holyart.it\/it\/articoli-religiosi\/consigli-papa-francesco-la-quaresima\/\" \/><\/p>\n<div class=\"leggi-anche\">Leggi anche:<\/div>\n<p><strong><a href=\"https:\/\/www.holyart.it\/blog\/articoli-religiosi\/sette-sacramenti-della-tradizione-cristiana\/\">I sette sacramenti della tradizione cristiana<\/a><\/strong><br \/>\nI Sacramenti, e in particolare l\u2019eucaristia, sono considerati l\u2019origine e la massima espressione di tutta la vita cristiana.<\/p>\n<\/div>\n<ol start=\"6\">\n<li><strong>Prega (bis)<\/strong><\/li>\n<\/ol>\n<p>\u201cDi fronte a tutte le ferite che ci affliggono e appesantiscono i nostri cuori, siamo chiamati a tuffarci nel mare della preghiera, che \u00e8 il mare dell\u2019amore di Dio, per assaggiare il sapore della sua tenerezza. La Quaresima \u00e8 un periodo di preghiera, di preghiera pi\u00f9 intensa, pi\u00f9 prolungata, pi\u00f9 assidua, pi\u00f9 attenta ai bisogni dei fratelli, pi\u00f9 dedicata ai santi e alla <a href=\"https:\/\/www.holyart.it\/articoli\/statue-madonna.php\"><strong>Madonna<\/strong><\/a> per superare le situazioni di povert\u00e0 e di sofferenza\u201d.<\/p>\n<ol start=\"7\">\n<li><strong>Pratica il digiuno<\/strong><\/li>\n<\/ol>\n<p>\u201cDobbiamo stare attenti a non praticare un digiuno solo formale, o uno in cui ci si \u201csoddisfi\u201d comunque, perch\u00e9 ci fa sentire bene- Digiunare ha senso se mette in difficolt\u00e0 le nostre sicurezze e se porta a benefici per gli altri. Ci aiuta a coltivare lo stile del buon samaritano, che si piega di fronte al fratello in difficolt\u00e0 e si prende cura di lui\u201d.<\/p>\n<ol start=\"8\">\n<li><strong>Pratica la carit\u00e0<\/strong><\/li>\n<\/ol>\n<p>\u201cOggi la gratuit\u00e0 non \u00e8 parte della vita di tutti i giorni, in cui tutto \u00e8 acquistato e venduto. Tutto viene calcolato e misurato. La carit\u00e0 ci aiuta a vivere l\u2019esperienza di donare con libert\u00e0, che di conseguenza ci porta verso una nuova libert\u00e0, quella dall\u2019ossessione di possedere, ci toglie la paura di perdere ci\u00f2 che abbiamo e ci elimina la tristezza di chi non sa o non vuole condividere la sua ricchezza con gli altri\u201d.<\/p>\n<ol start=\"9\">\n<li><strong>Aiuta i poveri<\/strong><\/li>\n<\/ol>\n<p>\u201cTra i poveri e gli emarginati vediamo il volto di Cristo. Amando e aiutando i poveri amiamo e serviamo Cristo. I nostri sforzi devono essere diretti a porre fine alle violazioni della dignit\u00e0 umana, contro la discriminazione e l\u2019abuso nel mondo, perch\u00e9 queste sono la causa dell\u2019indigenza. Quando il potere, il lusso e i soldi diventano idoli, diventano prioritari oltre al bisogno di una giusta distribuzione della ricchezza. Le nostre coscienze devono essere convertite alla giustizia, all\u2019uguaglianza, alla semplicit\u00e0 e alla condivisione\u201d.<\/p>\n<ol start=\"10\">\n<li><strong>Evangelizza<\/strong><\/li>\n<\/ol>\n<p>\u201cIl Signore ci chiede di diventare araldi gioiosi del suo messaggio di speranza e compassione. \u00c8 eccitante condividere la bellezza di diffondere la buona novella, diffondere il tesoro affidato a noi, consolare gli afflitti e offrire speranza ai nostri fratelli e alle nostre sorelle che si sono persi nell\u2019oscurit\u00e0\u201d.<\/p>\n<div class=\"link-article\">\n<p><img loading=\"lazy\" decoding=\"async\" class=\"wp-image-12657 size-full alignleft\" src=\"https:\/\/blog.holyart.it\/it\/wp-content\/uploads\/sites\/17\/2017\/04\/quaresima-cos\u00e8-e-come-funziona.jpeg\" alt=\"quaresima\" width=\"150\" height=\"99\" data-kale-share-title=\"I consigli di Papa Francesco per la Quaresima\" data-kale-share-url=\"https:\/\/blog.holyart.it\/it\/articoli-religiosi\/consigli-papa-francesco-la-quaresima\/\" \/><\/p>\n<div class=\"leggi-anche\">Leggi anche:<\/div>\n<p><strong><a href=\"https:\/\/www.holyart.it\/blog\/articoli-religiosi\/quaresima-cose-funziona\/\">Quaresima: cos\u2019\u00e8 e come funziona<\/a><\/strong><br \/>\nLa Quaresima \u00e8 un periodo di penitenza che ricorre ogni anno nella vita dei cristiani, in preparazione della Pasqua&#8230;<\/p>\n<\/div>\n","protected":false},"excerpt":{"rendered":"<p>La Quaresima \u00e8 un periodo dell\u2019anno liturgico che precede la Pasqua e, in un certo senso, consente ai fedeli di prepararsi alle sue celebrazioni. Inizia il mercoled\u00ec delle Ceneri e termina con il Gioved\u00ec Santo, ed \u00e8 caratterizzata da digiuno e penitenza, preghiera e carit\u00e0,&hellip;<\/p>\n","protected":false},"author":1,"featured_media":12250,"comment_status":"closed","ping_status":"open","sticky":false,"template":"","format":"standard","meta":{"_acf_changed":false,"footnotes":""},"categories":[26,16],"tags":[],"class_list":["post-621","post","type-post","status-publish","format-standard","has-post-thumbnail","hentry","category-pasqua","category-articoli-religiosi"],"acf":[],"yoast_head":"<!-- This site is optimized with the Yoast SEO plugin v26.6 - https:\/\/yoast.com\/wordpress\/plugins\/seo\/ -->\n<title>I consigli di Papa Francesco per la Quaresima - Holyblog<\/title>\n<meta name=\"description\" content=\"Papa Francesco un paio di anni fa, ha elencato una serie di consigli preziosi per vivere la Quaresima, che restano validi e attuali oggi e sempre.\" \/>\n<meta name=\"robots\" content=\"index, follow, max-snippet:-1, max-image-preview:large, max-video-preview:-1\" \/>\n<link rel=\"canonical\" href=\"https:\/\/blog.holyart.it\/it\/pasqua\/consigli-papa-francesco-la-quaresima\/\" \/>\n<meta property=\"og:locale\" content=\"it_IT\" \/>\n<meta property=\"og:type\" content=\"article\" \/>\n<meta property=\"og:title\" content=\"I consigli di Papa Francesco per la Quaresima - Holyblog\" \/>\n<meta property=\"og:description\" content=\"Papa Francesco un paio di anni fa, ha elencato una serie di consigli preziosi per vivere la Quaresima, che restano validi e attuali oggi e sempre.\" \/>\n<meta property=\"og:url\" content=\"https:\/\/blog.holyart.it\/it\/pasqua\/consigli-papa-francesco-la-quaresima\/\" \/>\n<meta property=\"og:site_name\" content=\"Holyblog\" \/>\n<meta property=\"article:published_time\" content=\"2017-04-11T16:12:15+00:00\" \/>\n<meta property=\"article:modified_time\" content=\"2025-02-04T15:56:19+00:00\" \/>\n<meta property=\"og:image\" content=\"https:\/\/blog.holyart.it\/it\/wp-content\/uploads\/sites\/17\/2017\/04\/I-consigli-di-Papa-Francesco-per-la-Quaresima.jpeg\" \/>\n\t<meta property=\"og:image:width\" content=\"1000\" \/>\n\t<meta property=\"og:image:height\" content=\"666\" \/>\n\t<meta property=\"og:image:type\" content=\"image\/jpeg\" \/>\n<meta name=\"author\" content=\"Redazione\" \/>\n<meta name=\"twitter:card\" content=\"summary_large_image\" \/>\n<meta name=\"twitter:label1\" content=\"Scritto da\" \/>\n\t<meta name=\"twitter:data1\" content=\"Redazione\" \/>\n\t<meta name=\"twitter:label2\" content=\"Tempo di lettura stimato\" \/>\n\t<meta name=\"twitter:data2\" content=\"6 minuti\" \/>\n<script type=\"application\/ld+json\" class=\"yoast-schema-graph\">{\"@context\":\"https:\/\/schema.org\",\"@graph\":[{\"@type\":\"Article\",\"@id\":\"https:\/\/blog.holyart.it\/it\/pasqua\/consigli-papa-francesco-la-quaresima\/#article\",\"isPartOf\":{\"@id\":\"https:\/\/blog.holyart.it\/it\/pasqua\/consigli-papa-francesco-la-quaresima\/\"},\"author\":{\"name\":\"Redazione\",\"@id\":\"https:\/\/blog.holyart.it\/it\/#\/schema\/person\/0a7b686e5af0f856ec1e390dd0baecda\"},\"headline\":\"I consigli di Papa Francesco per la Quaresima\",\"datePublished\":\"2017-04-11T16:12:15+00:00\",\"dateModified\":\"2025-02-04T15:56:19+00:00\",\"mainEntityOfPage\":{\"@id\":\"https:\/\/blog.holyart.it\/it\/pasqua\/consigli-papa-francesco-la-quaresima\/\"},\"wordCount\":883,\"publisher\":{\"@id\":\"https:\/\/blog.holyart.it\/it\/#organization\"},\"image\":{\"@id\":\"https:\/\/blog.holyart.it\/it\/pasqua\/consigli-papa-francesco-la-quaresima\/#primaryimage\"},\"thumbnailUrl\":\"https:\/\/blog.holyart.it\/it\/wp-content\/uploads\/sites\/17\/2017\/04\/I-consigli-di-Papa-Francesco-per-la-Quaresima.jpeg\",\"articleSection\":[\"Pasqua\",\"Religione\"],\"inLanguage\":\"it-IT\"},{\"@type\":\"WebPage\",\"@id\":\"https:\/\/blog.holyart.it\/it\/pasqua\/consigli-papa-francesco-la-quaresima\/\",\"url\":\"https:\/\/blog.holyart.it\/it\/pasqua\/consigli-papa-francesco-la-quaresima\/\",\"name\":\"I consigli di Papa Francesco per la Quaresima - Holyblog\",\"isPartOf\":{\"@id\":\"https:\/\/blog.holyart.it\/it\/#website\"},\"primaryImageOfPage\":{\"@id\":\"https:\/\/blog.holyart.it\/it\/pasqua\/consigli-papa-francesco-la-quaresima\/#primaryimage\"},\"image\":{\"@id\":\"https:\/\/blog.holyart.it\/it\/pasqua\/consigli-papa-francesco-la-quaresima\/#primaryimage\"},\"thumbnailUrl\":\"https:\/\/blog.holyart.it\/it\/wp-content\/uploads\/sites\/17\/2017\/04\/I-consigli-di-Papa-Francesco-per-la-Quaresima.jpeg\",\"datePublished\":\"2017-04-11T16:12:15+00:00\",\"dateModified\":\"2025-02-04T15:56:19+00:00\",\"description\":\"Papa Francesco un paio di anni fa, ha elencato una serie di consigli preziosi per vivere la Quaresima, che restano validi e attuali oggi e sempre.\",\"breadcrumb\":{\"@id\":\"https:\/\/blog.holyart.it\/it\/pasqua\/consigli-papa-francesco-la-quaresima\/#breadcrumb\"},\"inLanguage\":\"it-IT\",\"potentialAction\":[{\"@type\":\"ReadAction\",\"target\":[\"https:\/\/blog.holyart.it\/it\/pasqua\/consigli-papa-francesco-la-quaresima\/\"]}]},{\"@type\":\"ImageObject\",\"inLanguage\":\"it-IT\",\"@id\":\"https:\/\/blog.holyart.it\/it\/pasqua\/consigli-papa-francesco-la-quaresima\/#primaryimage\",\"url\":\"https:\/\/blog.holyart.it\/it\/wp-content\/uploads\/sites\/17\/2017\/04\/I-consigli-di-Papa-Francesco-per-la-Quaresima.jpeg\",\"contentUrl\":\"https:\/\/blog.holyart.it\/it\/wp-content\/uploads\/sites\/17\/2017\/04\/I-consigli-di-Papa-Francesco-per-la-Quaresima.jpeg\",\"width\":1000,\"height\":666,\"caption\":\"I consigli di Papa Francesco per la Quaresima\"},{\"@type\":\"BreadcrumbList\",\"@id\":\"https:\/\/blog.holyart.it\/it\/pasqua\/consigli-papa-francesco-la-quaresima\/#breadcrumb\",\"itemListElement\":[{\"@type\":\"ListItem\",\"position\":1,\"name\":\"Homepage\",\"item\":\"https:\/\/blog.holyart.it\/it\/\"},{\"@type\":\"ListItem\",\"position\":2,\"name\":\"Pasqua\",\"item\":\"https:\/\/blog.holyart.it\/it\/pasqua\/\"},{\"@type\":\"ListItem\",\"position\":3,\"name\":\"I consigli di Papa Francesco per la Quaresima\"}]},{\"@type\":\"WebSite\",\"@id\":\"https:\/\/blog.holyart.it\/it\/#website\",\"url\":\"https:\/\/blog.holyart.it\/it\/\",\"name\":\"Holyblog\",\"description\":\"Il Blog di Holyart.it\",\"publisher\":{\"@id\":\"https:\/\/blog.holyart.it\/it\/#organization\"},\"potentialAction\":[{\"@type\":\"SearchAction\",\"target\":{\"@type\":\"EntryPoint\",\"urlTemplate\":\"https:\/\/blog.holyart.it\/it\/?s={search_term_string}\"},\"query-input\":{\"@type\":\"PropertyValueSpecification\",\"valueRequired\":true,\"valueName\":\"search_term_string\"}}],\"inLanguage\":\"it-IT\"},{\"@type\":\"Organization\",\"@id\":\"https:\/\/blog.holyart.it\/it\/#organization\",\"name\":\"Holyblog\",\"url\":\"https:\/\/blog.holyart.it\/it\/\",\"logo\":{\"@type\":\"ImageObject\",\"inLanguage\":\"it-IT\",\"@id\":\"https:\/\/blog.holyart.it\/it\/#\/schema\/logo\/image\/\",\"url\":\"https:\/\/blog.holyart.it\/it\/wp-content\/uploads\/sites\/17\/2022\/12\/Holyart_Blog_Logo.jpg\",\"contentUrl\":\"https:\/\/blog.holyart.it\/it\/wp-content\/uploads\/sites\/17\/2022\/12\/Holyart_Blog_Logo.jpg\",\"width\":300,\"height\":50,\"caption\":\"Holyblog\"},\"image\":{\"@id\":\"https:\/\/blog.holyart.it\/it\/#\/schema\/logo\/image\/\"}},{\"@type\":\"Person\",\"@id\":\"https:\/\/blog.holyart.it\/it\/#\/schema\/person\/0a7b686e5af0f856ec1e390dd0baecda\",\"name\":\"Redazione\"}]}<\/script>\n<!-- \/ Yoast SEO plugin. -->","yoast_head_json":{"title":"I consigli di Papa Francesco per la Quaresima - Holyblog","description":"Papa Francesco un paio di anni fa, ha elencato una serie di consigli preziosi per vivere la Quaresima, che restano validi e attuali oggi e sempre.","robots":{"index":"index","follow":"follow","max-snippet":"max-snippet:-1","max-image-preview":"max-image-preview:large","max-video-preview":"max-video-preview:-1"},"canonical":"https:\/\/blog.holyart.it\/it\/pasqua\/consigli-papa-francesco-la-quaresima\/","og_locale":"it_IT","og_type":"article","og_title":"I consigli di Papa Francesco per la Quaresima - Holyblog","og_description":"Papa Francesco un paio di anni fa, ha elencato una serie di consigli preziosi per vivere la Quaresima, che restano validi e attuali oggi e sempre.","og_url":"https:\/\/blog.holyart.it\/it\/pasqua\/consigli-papa-francesco-la-quaresima\/","og_site_name":"Holyblog","article_published_time":"2017-04-11T16:12:15+00:00","article_modified_time":"2025-02-04T15:56:19+00:00","og_image":[{"width":1000,"height":666,"url":"https:\/\/blog.holyart.it\/it\/wp-content\/uploads\/sites\/17\/2017\/04\/I-consigli-di-Papa-Francesco-per-la-Quaresima.jpeg","type":"image\/jpeg"}],"author":"Redazione","twitter_card":"summary_large_image","twitter_misc":{"Scritto da":"Redazione","Tempo di lettura stimato":"6 minuti"},"schema":{"@context":"https:\/\/schema.org","@graph":[{"@type":"Article","@id":"https:\/\/blog.holyart.it\/it\/pasqua\/consigli-papa-francesco-la-quaresima\/#article","isPartOf":{"@id":"https:\/\/blog.holyart.it\/it\/pasqua\/consigli-papa-francesco-la-quaresima\/"},"author":{"name":"Redazione","@id":"https:\/\/blog.holyart.it\/it\/#\/schema\/person\/0a7b686e5af0f856ec1e390dd0baecda"},"headline":"I consigli di Papa Francesco per la Quaresima","datePublished":"2017-04-11T16:12:15+00:00","dateModified":"2025-02-04T15:56:19+00:00","mainEntityOfPage":{"@id":"https:\/\/blog.holyart.it\/it\/pasqua\/consigli-papa-francesco-la-quaresima\/"},"wordCount":883,"publisher":{"@id":"https:\/\/blog.holyart.it\/it\/#organization"},"image":{"@id":"https:\/\/blog.holyart.it\/it\/pasqua\/consigli-papa-francesco-la-quaresima\/#primaryimage"},"thumbnailUrl":"https:\/\/blog.holyart.it\/it\/wp-content\/uploads\/sites\/17\/2017\/04\/I-consigli-di-Papa-Francesco-per-la-Quaresima.jpeg","articleSection":["Pasqua","Religione"],"inLanguage":"it-IT"},{"@type":"WebPage","@id":"https:\/\/blog.holyart.it\/it\/pasqua\/consigli-papa-francesco-la-quaresima\/","url":"https:\/\/blog.holyart.it\/it\/pasqua\/consigli-papa-francesco-la-quaresima\/","name":"I consigli di Papa Francesco per la Quaresima - Holyblog","isPartOf":{"@id":"https:\/\/blog.holyart.it\/it\/#website"},"primaryImageOfPage":{"@id":"https:\/\/blog.holyart.it\/it\/pasqua\/consigli-papa-francesco-la-quaresima\/#primaryimage"},"image":{"@id":"https:\/\/blog.holyart.it\/it\/pasqua\/consigli-papa-francesco-la-quaresima\/#primaryimage"},"thumbnailUrl":"https:\/\/blog.holyart.it\/it\/wp-content\/uploads\/sites\/17\/2017\/04\/I-consigli-di-Papa-Francesco-per-la-Quaresima.jpeg","datePublished":"2017-04-11T16:12:15+00:00","dateModified":"2025-02-04T15:56:19+00:00","description":"Papa Francesco un paio di anni fa, ha elencato una serie di consigli preziosi per vivere la Quaresima, che restano validi e attuali oggi e sempre.","breadcrumb":{"@id":"https:\/\/blog.holyart.it\/it\/pasqua\/consigli-papa-francesco-la-quaresima\/#breadcrumb"},"inLanguage":"it-IT","potentialAction":[{"@type":"ReadAction","target":["https:\/\/blog.holyart.it\/it\/pasqua\/consigli-papa-francesco-la-quaresima\/"]}]},{"@type":"ImageObject","inLanguage":"it-IT","@id":"https:\/\/blog.holyart.it\/it\/pasqua\/consigli-papa-francesco-la-quaresima\/#primaryimage","url":"https:\/\/blog.holyart.it\/it\/wp-content\/uploads\/sites\/17\/2017\/04\/I-consigli-di-Papa-Francesco-per-la-Quaresima.jpeg","contentUrl":"https:\/\/blog.holyart.it\/it\/wp-content\/uploads\/sites\/17\/2017\/04\/I-consigli-di-Papa-Francesco-per-la-Quaresima.jpeg","width":1000,"height":666,"caption":"I consigli di Papa Francesco per la Quaresima"},{"@type":"BreadcrumbList","@id":"https:\/\/blog.holyart.it\/it\/pasqua\/consigli-papa-francesco-la-quaresima\/#breadcrumb","itemListElement":[{"@type":"ListItem","position":1,"name":"Homepage","item":"https:\/\/blog.holyart.it\/it\/"},{"@type":"ListItem","position":2,"name":"Pasqua","item":"https:\/\/blog.holyart.it\/it\/pasqua\/"},{"@type":"ListItem","position":3,"name":"I consigli di Papa Francesco per la Quaresima"}]},{"@type":"WebSite","@id":"https:\/\/blog.holyart.it\/it\/#website","url":"https:\/\/blog.holyart.it\/it\/","name":"Holyblog","description":"Il Blog di Holyart.it","publisher":{"@id":"https:\/\/blog.holyart.it\/it\/#organization"},"potentialAction":[{"@type":"SearchAction","target":{"@type":"EntryPoint","urlTemplate":"https:\/\/blog.holyart.it\/it\/?s={search_term_string}"},"query-input":{"@type":"PropertyValueSpecification","valueRequired":true,"valueName":"search_term_string"}}],"inLanguage":"it-IT"},{"@type":"Organization","@id":"https:\/\/blog.holyart.it\/it\/#organization","name":"Holyblog","url":"https:\/\/blog.holyart.it\/it\/","logo":{"@type":"ImageObject","inLanguage":"it-IT","@id":"https:\/\/blog.holyart.it\/it\/#\/schema\/logo\/image\/","url":"https:\/\/blog.holyart.it\/it\/wp-content\/uploads\/sites\/17\/2022\/12\/Holyart_Blog_Logo.jpg","contentUrl":"https:\/\/blog.holyart.it\/it\/wp-content\/uploads\/sites\/17\/2022\/12\/Holyart_Blog_Logo.jpg","width":300,"height":50,"caption":"Holyblog"},"image":{"@id":"https:\/\/blog.holyart.it\/it\/#\/schema\/logo\/image\/"}},{"@type":"Person","@id":"https:\/\/blog.holyart.it\/it\/#\/schema\/person\/0a7b686e5af0f856ec1e390dd0baecda","name":"Redazione"}]}},"_links":{"self":[{"href":"https:\/\/blog.holyart.it\/it\/wp-json\/wp\/v2\/posts\/621","targetHints":{"allow":["GET"]}}],"collection":[{"href":"https:\/\/blog.holyart.it\/it\/wp-json\/wp\/v2\/posts"}],"about":[{"href":"https:\/\/blog.holyart.it\/it\/wp-json\/wp\/v2\/types\/post"}],"author":[{"embeddable":true,"href":"https:\/\/blog.holyart.it\/it\/wp-json\/wp\/v2\/users\/1"}],"replies":[{"embeddable":true,"href":"https:\/\/blog.holyart.it\/it\/wp-json\/wp\/v2\/comments?post=621"}],"version-history":[{"count":1,"href":"https:\/\/blog.holyart.it\/it\/wp-json\/wp\/v2\/posts\/621\/revisions"}],"predecessor-version":[{"id":21339,"href":"https:\/\/blog.holyart.it\/it\/wp-json\/wp\/v2\/posts\/621\/revisions\/21339"}],"wp:featuredmedia":[{"embeddable":true,"href":"https:\/\/blog.holyart.it\/it\/wp-json\/wp\/v2\/media\/12250"}],"wp:attachment":[{"href":"https:\/\/blog.holyart.it\/it\/wp-json\/wp\/v2\/media?parent=621"}],"wp:term":[{"taxonomy":"category","embeddable":true,"href":"https:\/\/blog.holyart.it\/it\/wp-json\/wp\/v2\/categories?post=621"},{"taxonomy":"post_tag","embeddable":true,"href":"https:\/\/blog.holyart.it\/it\/wp-json\/wp\/v2\/tags?post=621"}],"curies":[{"name":"wp","href":"https:\/\/api.w.org\/{rel}","templated":true}]}}