{"id":612,"date":"2017-03-30T16:50:42","date_gmt":"2017-03-30T14:50:42","guid":{"rendered":"https:\/\/blog.holyart.it\/it\/?p=612"},"modified":"2021-06-21T12:41:39","modified_gmt":"2021-06-21T10:41:39","slug":"percorso-cristo-via-crucis","status":"publish","type":"post","link":"https:\/\/blog.holyart.it\/it\/accessori-liturgia\/percorso-cristo-via-crucis\/","title":{"rendered":"Commemorare il percorso doloroso di Cristo tramite la Via Crucis"},"content":{"rendered":"<p>La <strong>Via Crucis<\/strong>, o Via della Croce, ripercorre la <strong>Passione di Cristo<\/strong> e il suo cammino verso il monte Golgota per essere crocifisso. Questo rito veniva celebrato dai pellegrini in visita a Gerusalemme fin dall&#8217;antichit\u00e0: essi coprivano il percorso dal palazzo di Pilato fino al monte e al Santo Sepolcro. Ma fu con Francesco d&#8217;Assisi che la Via Crucis conobbe la sua affermazione e la sua codificazione moderna. Infatti non tutti potevano permettersi un viaggio a Gerusalemme, e la <strong>rappresentazione delle stazioni della Via Crucis<\/strong> divenne un modo per rendere accessibili i luoghi della Passione a ogni fedele.<\/p>\n<p>Nella prima met\u00e0 del XVII secolo le prime Via Crucis fanno la loro comparsa nelle chiese e fin da subito ebbero un impatto emotivo e devozionale fortissimo sui credenti.<\/p>\n<p>I <span style=\"color: #0000ff;\"><strong><a style=\"color: #0000ff;\" href=\"https:\/\/www.holyart.it\/it\/accessori-per-la-liturgia\/arredi-sacri\/via-crucis\">14 quadri della Via Crucis<\/a><\/strong><\/span> sono disposti lungo le mura interne della chiesa in modo da rispettare un ordine simmetrico preciso.<\/p>\n<p>Le stazioni della Via Crucis sono le seguenti, ma esistono schemi alternativi comunque accettati:<\/p>\n<ol>\n<li>Ges\u00f9 \u00e8 condannato a morte<\/li>\n<li>Ges\u00f9 \u00e8 caricato della croce<\/li>\n<li>Ges\u00f9 cade per la prima volta<\/li>\n<li>Ges\u00f9 incontra sua Madre<\/li>\n<li>Ges\u00f9 \u00e8 aiutato a portare la croce da Simone di Cirene<\/li>\n<li>Santa Veronica asciuga il volto di Ges\u00f9<\/li>\n<li>Ges\u00f9 cade per la seconda volta<\/li>\n<li>Ges\u00f9 ammonisce le donne di Gerusalemme<\/li>\n<li>Ges\u00f9 cade per la terza volta<\/li>\n<li>Ges\u00f9 \u00e8 spogliato delle vesti<\/li>\n<li>Ges\u00f9 \u00e8 inchiodato sulla croce<\/li>\n<li>Ges\u00f9 muore in croce<\/li>\n<li>Ges\u00f9 \u00e8 deposto dalla croce<\/li>\n<li>Il corpo di Ges\u00f9 \u00e8 deposto nel sepolcro<\/li>\n<\/ol>\n<p>La Via Crucis \u00e8 un momento fondamentale per il fedele, per la sua esperienza di preghiera e penitenza. Esso stabilisce un\u2019unione profonda con Cristo nel momento della sua somma sofferenza, del suo sacrificio pi\u00f9 alto e prezioso.<\/p>\n<p>Solitamente ha luogo nel venerd\u00ec santo ed \u00e8 accompagnata da canti e celebrazioni comuni. Fin dall&#8217;antichit\u00e0 si \u00e8 prestata anche come Rappresentazione popolare, in Italia e all&#8217;estero. In questo caso si trasforma in un vero e proprio allestimento teatrale, dove la devozione si unisce alla spettacolarizzazione, creando momenti di grande suggestione e coinvolgimento popolare.<\/p>\n","protected":false},"excerpt":{"rendered":"<p>La Via Crucis, o Via della Croce, ripercorre la Passione di Cristo e il suo cammino verso il monte Golgota per essere crocifisso. Questo rito veniva celebrato dai pellegrini in visita a Gerusalemme fin dall&#8217;antichit\u00e0: essi coprivano il percorso dal palazzo di Pilato fino al&hellip;<\/p>\n","protected":false},"author":1,"featured_media":613,"comment_status":"closed","ping_status":"open","sticky":false,"template":"","format":"standard","meta":{"_acf_changed":false,"footnotes":""},"categories":[14],"tags":[],"class_list":["post-612","post","type-post","status-publish","format-standard","has-post-thumbnail","hentry","category-accessori-liturgia"],"acf":[],"yoast_head":"<!-- This site is optimized with the Yoast SEO plugin v26.6 - https:\/\/yoast.com\/wordpress\/plugins\/seo\/ -->\n<title>Commemorare il percorso di Cristo tramite la Via Crucis<\/title>\n<meta name=\"description\" content=\"La Via Crucis, ripercorre la Passione di Cristo e il suo cammino verso il monte Golgota per essere crocifisso. Questo rito veniva celebrato dai pellegrini.\" \/>\n<meta name=\"robots\" content=\"index, follow, max-snippet:-1, max-image-preview:large, max-video-preview:-1\" \/>\n<link rel=\"canonical\" href=\"https:\/\/blog.holyart.it\/it\/accessori-liturgia\/percorso-cristo-via-crucis\/\" \/>\n<meta property=\"og:locale\" content=\"it_IT\" \/>\n<meta property=\"og:type\" content=\"article\" \/>\n<meta property=\"og:title\" content=\"Commemorare il percorso di Cristo tramite la Via Crucis\" \/>\n<meta property=\"og:description\" content=\"La Via Crucis, ripercorre la Passione di Cristo e il suo cammino verso il monte Golgota per essere crocifisso. Questo rito veniva celebrato dai pellegrini.\" \/>\n<meta property=\"og:url\" content=\"https:\/\/blog.holyart.it\/it\/accessori-liturgia\/percorso-cristo-via-crucis\/\" \/>\n<meta property=\"og:site_name\" content=\"Holyblog\" \/>\n<meta property=\"article:published_time\" content=\"2017-03-30T14:50:42+00:00\" \/>\n<meta property=\"article:modified_time\" content=\"2021-06-21T10:41:39+00:00\" \/>\n<meta property=\"og:image\" content=\"https:\/\/blog.holyart.it\/it\/wp-content\/uploads\/sites\/17\/2017\/03\/Via-Crucis.jpg\" \/>\n\t<meta property=\"og:image:width\" content=\"1000\" \/>\n\t<meta property=\"og:image:height\" content=\"667\" \/>\n\t<meta property=\"og:image:type\" content=\"image\/jpeg\" \/>\n<meta name=\"author\" content=\"Redazione\" \/>\n<meta name=\"twitter:card\" content=\"summary_large_image\" \/>\n<meta name=\"twitter:label1\" content=\"Scritto da\" \/>\n\t<meta name=\"twitter:data1\" content=\"Redazione\" \/>\n\t<meta name=\"twitter:label2\" content=\"Tempo di lettura stimato\" \/>\n\t<meta name=\"twitter:data2\" content=\"2 minuti\" \/>\n<script type=\"application\/ld+json\" class=\"yoast-schema-graph\">{\"@context\":\"https:\/\/schema.org\",\"@graph\":[{\"@type\":\"Article\",\"@id\":\"https:\/\/blog.holyart.it\/it\/accessori-liturgia\/percorso-cristo-via-crucis\/#article\",\"isPartOf\":{\"@id\":\"https:\/\/blog.holyart.it\/it\/accessori-liturgia\/percorso-cristo-via-crucis\/\"},\"author\":{\"name\":\"Redazione\",\"@id\":\"https:\/\/blog.holyart.it\/it\/#\/schema\/person\/0a7b686e5af0f856ec1e390dd0baecda\"},\"headline\":\"Commemorare il percorso doloroso di Cristo tramite la Via Crucis\",\"datePublished\":\"2017-03-30T14:50:42+00:00\",\"dateModified\":\"2021-06-21T10:41:39+00:00\",\"mainEntityOfPage\":{\"@id\":\"https:\/\/blog.holyart.it\/it\/accessori-liturgia\/percorso-cristo-via-crucis\/\"},\"wordCount\":337,\"publisher\":{\"@id\":\"https:\/\/blog.holyart.it\/it\/#organization\"},\"image\":{\"@id\":\"https:\/\/blog.holyart.it\/it\/accessori-liturgia\/percorso-cristo-via-crucis\/#primaryimage\"},\"thumbnailUrl\":\"https:\/\/blog.holyart.it\/it\/wp-content\/uploads\/sites\/17\/2017\/03\/Via-Crucis.jpg\",\"articleSection\":[\"Liturgia\"],\"inLanguage\":\"it-IT\"},{\"@type\":\"WebPage\",\"@id\":\"https:\/\/blog.holyart.it\/it\/accessori-liturgia\/percorso-cristo-via-crucis\/\",\"url\":\"https:\/\/blog.holyart.it\/it\/accessori-liturgia\/percorso-cristo-via-crucis\/\",\"name\":\"Commemorare il percorso di Cristo tramite la Via Crucis\",\"isPartOf\":{\"@id\":\"https:\/\/blog.holyart.it\/it\/#website\"},\"primaryImageOfPage\":{\"@id\":\"https:\/\/blog.holyart.it\/it\/accessori-liturgia\/percorso-cristo-via-crucis\/#primaryimage\"},\"image\":{\"@id\":\"https:\/\/blog.holyart.it\/it\/accessori-liturgia\/percorso-cristo-via-crucis\/#primaryimage\"},\"thumbnailUrl\":\"https:\/\/blog.holyart.it\/it\/wp-content\/uploads\/sites\/17\/2017\/03\/Via-Crucis.jpg\",\"datePublished\":\"2017-03-30T14:50:42+00:00\",\"dateModified\":\"2021-06-21T10:41:39+00:00\",\"description\":\"La Via Crucis, ripercorre la Passione di Cristo e il suo cammino verso il monte Golgota per essere crocifisso. Questo rito veniva celebrato dai pellegrini.\",\"breadcrumb\":{\"@id\":\"https:\/\/blog.holyart.it\/it\/accessori-liturgia\/percorso-cristo-via-crucis\/#breadcrumb\"},\"inLanguage\":\"it-IT\",\"potentialAction\":[{\"@type\":\"ReadAction\",\"target\":[\"https:\/\/blog.holyart.it\/it\/accessori-liturgia\/percorso-cristo-via-crucis\/\"]}]},{\"@type\":\"ImageObject\",\"inLanguage\":\"it-IT\",\"@id\":\"https:\/\/blog.holyart.it\/it\/accessori-liturgia\/percorso-cristo-via-crucis\/#primaryimage\",\"url\":\"https:\/\/blog.holyart.it\/it\/wp-content\/uploads\/sites\/17\/2017\/03\/Via-Crucis.jpg\",\"contentUrl\":\"https:\/\/blog.holyart.it\/it\/wp-content\/uploads\/sites\/17\/2017\/03\/Via-Crucis.jpg\",\"width\":1000,\"height\":667,\"caption\":\"Via Crucis\"},{\"@type\":\"BreadcrumbList\",\"@id\":\"https:\/\/blog.holyart.it\/it\/accessori-liturgia\/percorso-cristo-via-crucis\/#breadcrumb\",\"itemListElement\":[{\"@type\":\"ListItem\",\"position\":1,\"name\":\"Homepage\",\"item\":\"https:\/\/blog.holyart.it\/it\/\"},{\"@type\":\"ListItem\",\"position\":2,\"name\":\"Liturgia\",\"item\":\"https:\/\/blog.holyart.it\/it\/accessori-liturgia\/\"},{\"@type\":\"ListItem\",\"position\":3,\"name\":\"Commemorare il percorso doloroso di Cristo tramite la Via Crucis\"}]},{\"@type\":\"WebSite\",\"@id\":\"https:\/\/blog.holyart.it\/it\/#website\",\"url\":\"https:\/\/blog.holyart.it\/it\/\",\"name\":\"Holyblog\",\"description\":\"Il Blog di Holyart.it\",\"publisher\":{\"@id\":\"https:\/\/blog.holyart.it\/it\/#organization\"},\"potentialAction\":[{\"@type\":\"SearchAction\",\"target\":{\"@type\":\"EntryPoint\",\"urlTemplate\":\"https:\/\/blog.holyart.it\/it\/?s={search_term_string}\"},\"query-input\":{\"@type\":\"PropertyValueSpecification\",\"valueRequired\":true,\"valueName\":\"search_term_string\"}}],\"inLanguage\":\"it-IT\"},{\"@type\":\"Organization\",\"@id\":\"https:\/\/blog.holyart.it\/it\/#organization\",\"name\":\"Holyblog\",\"url\":\"https:\/\/blog.holyart.it\/it\/\",\"logo\":{\"@type\":\"ImageObject\",\"inLanguage\":\"it-IT\",\"@id\":\"https:\/\/blog.holyart.it\/it\/#\/schema\/logo\/image\/\",\"url\":\"https:\/\/blog.holyart.it\/it\/wp-content\/uploads\/sites\/17\/2022\/12\/Holyart_Blog_Logo.jpg\",\"contentUrl\":\"https:\/\/blog.holyart.it\/it\/wp-content\/uploads\/sites\/17\/2022\/12\/Holyart_Blog_Logo.jpg\",\"width\":300,\"height\":50,\"caption\":\"Holyblog\"},\"image\":{\"@id\":\"https:\/\/blog.holyart.it\/it\/#\/schema\/logo\/image\/\"}},{\"@type\":\"Person\",\"@id\":\"https:\/\/blog.holyart.it\/it\/#\/schema\/person\/0a7b686e5af0f856ec1e390dd0baecda\",\"name\":\"Redazione\"}]}<\/script>\n<!-- \/ Yoast SEO plugin. -->","yoast_head_json":{"title":"Commemorare il percorso di Cristo tramite la Via Crucis","description":"La Via Crucis, ripercorre la Passione di Cristo e il suo cammino verso il monte Golgota per essere crocifisso. Questo rito veniva celebrato dai pellegrini.","robots":{"index":"index","follow":"follow","max-snippet":"max-snippet:-1","max-image-preview":"max-image-preview:large","max-video-preview":"max-video-preview:-1"},"canonical":"https:\/\/blog.holyart.it\/it\/accessori-liturgia\/percorso-cristo-via-crucis\/","og_locale":"it_IT","og_type":"article","og_title":"Commemorare il percorso di Cristo tramite la Via Crucis","og_description":"La Via Crucis, ripercorre la Passione di Cristo e il suo cammino verso il monte Golgota per essere crocifisso. Questo rito veniva celebrato dai pellegrini.","og_url":"https:\/\/blog.holyart.it\/it\/accessori-liturgia\/percorso-cristo-via-crucis\/","og_site_name":"Holyblog","article_published_time":"2017-03-30T14:50:42+00:00","article_modified_time":"2021-06-21T10:41:39+00:00","og_image":[{"width":1000,"height":667,"url":"https:\/\/blog.holyart.it\/it\/wp-content\/uploads\/sites\/17\/2017\/03\/Via-Crucis.jpg","type":"image\/jpeg"}],"author":"Redazione","twitter_card":"summary_large_image","twitter_misc":{"Scritto da":"Redazione","Tempo di lettura stimato":"2 minuti"},"schema":{"@context":"https:\/\/schema.org","@graph":[{"@type":"Article","@id":"https:\/\/blog.holyart.it\/it\/accessori-liturgia\/percorso-cristo-via-crucis\/#article","isPartOf":{"@id":"https:\/\/blog.holyart.it\/it\/accessori-liturgia\/percorso-cristo-via-crucis\/"},"author":{"name":"Redazione","@id":"https:\/\/blog.holyart.it\/it\/#\/schema\/person\/0a7b686e5af0f856ec1e390dd0baecda"},"headline":"Commemorare il percorso doloroso di Cristo tramite la Via Crucis","datePublished":"2017-03-30T14:50:42+00:00","dateModified":"2021-06-21T10:41:39+00:00","mainEntityOfPage":{"@id":"https:\/\/blog.holyart.it\/it\/accessori-liturgia\/percorso-cristo-via-crucis\/"},"wordCount":337,"publisher":{"@id":"https:\/\/blog.holyart.it\/it\/#organization"},"image":{"@id":"https:\/\/blog.holyart.it\/it\/accessori-liturgia\/percorso-cristo-via-crucis\/#primaryimage"},"thumbnailUrl":"https:\/\/blog.holyart.it\/it\/wp-content\/uploads\/sites\/17\/2017\/03\/Via-Crucis.jpg","articleSection":["Liturgia"],"inLanguage":"it-IT"},{"@type":"WebPage","@id":"https:\/\/blog.holyart.it\/it\/accessori-liturgia\/percorso-cristo-via-crucis\/","url":"https:\/\/blog.holyart.it\/it\/accessori-liturgia\/percorso-cristo-via-crucis\/","name":"Commemorare il percorso di Cristo tramite la Via Crucis","isPartOf":{"@id":"https:\/\/blog.holyart.it\/it\/#website"},"primaryImageOfPage":{"@id":"https:\/\/blog.holyart.it\/it\/accessori-liturgia\/percorso-cristo-via-crucis\/#primaryimage"},"image":{"@id":"https:\/\/blog.holyart.it\/it\/accessori-liturgia\/percorso-cristo-via-crucis\/#primaryimage"},"thumbnailUrl":"https:\/\/blog.holyart.it\/it\/wp-content\/uploads\/sites\/17\/2017\/03\/Via-Crucis.jpg","datePublished":"2017-03-30T14:50:42+00:00","dateModified":"2021-06-21T10:41:39+00:00","description":"La Via Crucis, ripercorre la Passione di Cristo e il suo cammino verso il monte Golgota per essere crocifisso. Questo rito veniva celebrato dai pellegrini.","breadcrumb":{"@id":"https:\/\/blog.holyart.it\/it\/accessori-liturgia\/percorso-cristo-via-crucis\/#breadcrumb"},"inLanguage":"it-IT","potentialAction":[{"@type":"ReadAction","target":["https:\/\/blog.holyart.it\/it\/accessori-liturgia\/percorso-cristo-via-crucis\/"]}]},{"@type":"ImageObject","inLanguage":"it-IT","@id":"https:\/\/blog.holyart.it\/it\/accessori-liturgia\/percorso-cristo-via-crucis\/#primaryimage","url":"https:\/\/blog.holyart.it\/it\/wp-content\/uploads\/sites\/17\/2017\/03\/Via-Crucis.jpg","contentUrl":"https:\/\/blog.holyart.it\/it\/wp-content\/uploads\/sites\/17\/2017\/03\/Via-Crucis.jpg","width":1000,"height":667,"caption":"Via Crucis"},{"@type":"BreadcrumbList","@id":"https:\/\/blog.holyart.it\/it\/accessori-liturgia\/percorso-cristo-via-crucis\/#breadcrumb","itemListElement":[{"@type":"ListItem","position":1,"name":"Homepage","item":"https:\/\/blog.holyart.it\/it\/"},{"@type":"ListItem","position":2,"name":"Liturgia","item":"https:\/\/blog.holyart.it\/it\/accessori-liturgia\/"},{"@type":"ListItem","position":3,"name":"Commemorare il percorso doloroso di Cristo tramite la Via Crucis"}]},{"@type":"WebSite","@id":"https:\/\/blog.holyart.it\/it\/#website","url":"https:\/\/blog.holyart.it\/it\/","name":"Holyblog","description":"Il Blog di Holyart.it","publisher":{"@id":"https:\/\/blog.holyart.it\/it\/#organization"},"potentialAction":[{"@type":"SearchAction","target":{"@type":"EntryPoint","urlTemplate":"https:\/\/blog.holyart.it\/it\/?s={search_term_string}"},"query-input":{"@type":"PropertyValueSpecification","valueRequired":true,"valueName":"search_term_string"}}],"inLanguage":"it-IT"},{"@type":"Organization","@id":"https:\/\/blog.holyart.it\/it\/#organization","name":"Holyblog","url":"https:\/\/blog.holyart.it\/it\/","logo":{"@type":"ImageObject","inLanguage":"it-IT","@id":"https:\/\/blog.holyart.it\/it\/#\/schema\/logo\/image\/","url":"https:\/\/blog.holyart.it\/it\/wp-content\/uploads\/sites\/17\/2022\/12\/Holyart_Blog_Logo.jpg","contentUrl":"https:\/\/blog.holyart.it\/it\/wp-content\/uploads\/sites\/17\/2022\/12\/Holyart_Blog_Logo.jpg","width":300,"height":50,"caption":"Holyblog"},"image":{"@id":"https:\/\/blog.holyart.it\/it\/#\/schema\/logo\/image\/"}},{"@type":"Person","@id":"https:\/\/blog.holyart.it\/it\/#\/schema\/person\/0a7b686e5af0f856ec1e390dd0baecda","name":"Redazione"}]}},"_links":{"self":[{"href":"https:\/\/blog.holyart.it\/it\/wp-json\/wp\/v2\/posts\/612","targetHints":{"allow":["GET"]}}],"collection":[{"href":"https:\/\/blog.holyart.it\/it\/wp-json\/wp\/v2\/posts"}],"about":[{"href":"https:\/\/blog.holyart.it\/it\/wp-json\/wp\/v2\/types\/post"}],"author":[{"embeddable":true,"href":"https:\/\/blog.holyart.it\/it\/wp-json\/wp\/v2\/users\/1"}],"replies":[{"embeddable":true,"href":"https:\/\/blog.holyart.it\/it\/wp-json\/wp\/v2\/comments?post=612"}],"version-history":[{"count":0,"href":"https:\/\/blog.holyart.it\/it\/wp-json\/wp\/v2\/posts\/612\/revisions"}],"wp:featuredmedia":[{"embeddable":true,"href":"https:\/\/blog.holyart.it\/it\/wp-json\/wp\/v2\/media\/613"}],"wp:attachment":[{"href":"https:\/\/blog.holyart.it\/it\/wp-json\/wp\/v2\/media?parent=612"}],"wp:term":[{"taxonomy":"category","embeddable":true,"href":"https:\/\/blog.holyart.it\/it\/wp-json\/wp\/v2\/categories?post=612"},{"taxonomy":"post_tag","embeddable":true,"href":"https:\/\/blog.holyart.it\/it\/wp-json\/wp\/v2\/tags?post=612"}],"curies":[{"name":"wp","href":"https:\/\/api.w.org\/{rel}","templated":true}]}}