{"id":5965,"date":"2019-04-16T15:57:05","date_gmt":"2019-04-16T13:57:05","guid":{"rendered":"https:\/\/blog.holyart.it\/it\/?p=5965"},"modified":"2025-04-17T15:03:39","modified_gmt":"2025-04-17T13:03:39","slug":"rami-dulivo-benedetti-pasqua-custodirli-buttarli","status":"publish","type":"post","link":"https:\/\/blog.holyart.it\/it\/pasqua\/rami-dulivo-benedetti-pasqua-custodirli-buttarli\/","title":{"rendered":"Rami di ulivo benedetti a Pasqua, custodirli o buttarli?"},"content":{"rendered":"<h4 style=\"text-align: center;\"><em>Quando andiamo in chiesa la Domenica delle Palme, l\u2019ultima prima di Pasqua, riceviamo dei rametti di ulivo benedetto. Da dove nasce questa tradizione? Perch\u00e9 \u00e8 stato scelto proprio l\u2019ulivo? E cosa dobbiamo fare con i rametti di ulivo, dopo che la Pasqua \u00e8 passata?<\/em><\/h4>\n\n<p>La Domenica delle Palme per i cristiani (ma \u00e8 festeggiata anche dagli Ortodossi e dai Protestanti) \u00e8 la domenica\u00a0prima di <strong><a href=\"https:\/\/www.holyart.it\/it\/occasioni-speciali\/pasqua-e-quaresima\">Pasqua<\/a><\/strong>. \u00c8 il giorno in cui, secondo la tradizione, Ges\u00f9 entr\u00f2 a Gerusalemme, accolto da una folla festante:\u00a0<em>12 Il giorno seguente, la gran folla che era venuta alla festa, udito che Ges\u00f9 veniva a Gerusalemme, 13 prese dei rami di palme, usc\u00ec a incontrarlo, e gridava: \u00abOsanna! Benedetto colui che viene nel nome del Signore, il re d&#8217;Israele!\u00bb (Giovanni 12,12-13)<\/em><\/p>\n<p>La Domenica delle Palme celebra dunque l&#8217;ingresso trionfale di Ges\u00f9 a Gerusalemme, la gioia di chi, accogliendolo, stendeva a terra i mantelli,\u00a0e tagliava\u00a0rami\u00a0di palma per\u00a0agitarli festosamente. L&#8217;avvenimento si ricollega alla festa ebraica di Sukkot, la festa delle capanne, quando i fedeli salivano al tempio di Gerusalemme portando\u00a0rami di palma,\u00a0simbolo della fede, mirto,\u00a0simbolo\u00a0di preghiera, e salice, le cui foglie strette rammentano la bocca dei fedeli chiusa davanti a Dio, intrecciati tra loro\u00a0(Lv. 23,40). Osanna, o Hoshana in ebraico, era un&#8217;invocazione di salvezza\u00a0che risaliva alla liberazione dall\u2019Egitto, quando gli ebrei furono costretti a vivere e lungo nel deserto, in tende e capanne.<\/p>\n<div class=\"link-article\">\n<p><img loading=\"lazy\" decoding=\"async\" class=\"alignnone size-full wp-image-9523\" src=\"https:\/\/blog.holyart.it\/it\/wp-content\/uploads\/sites\/17\/2019\/04\/Pasqua-1.jpg\" alt=\"Pasqua\" width=\"150\" height=\"99\" \/><\/p>\n<div class=\"leggi-anche\">Leggi anche:<\/div>\n<p><strong><a href=\"https:\/\/www.holyart.it\/blog\/articoli-religiosi\/le-origini-della-pasqua\/\">Le origini della Pasqua<\/a><\/strong><br \/>\nLa Pasqua \u00e8 forse la pi\u00f9 importante delle feste cristiane. Presente in tutte le confessioni, ricorda e festeggia la Resurrezione di Ges\u00f9.<\/p>\n<\/div>\n<p>Con questa data ha inizio la Settimana Santa. <strong><a href=\"https:\/\/www.holyart.it\/blog\/articoli-religiosi\/quaresima-cose-funziona\/\">La Quaresima<\/a>\u00a0<\/strong>tuttavia continua fino alla celebrazione dell&#8217;ora nona del Gioved\u00ec Santo.<\/p>\n<p>La tradizione\u00a0liturgica della Domenica delle Palme si \u00e8 consolidata nei secoli. Dal momento che essa vuole commemorare e celebrare l&#8217;ingresso di Ges\u00f9 a Gerusalemme, essa inizia fuori dalla chiesa, dove il sacerdote attorniato dai fedeli benedice i rami di ulivo. Perch\u00e9 rami di ulivo? \u00c8 presto detto:\u00a0in Italia, cos\u00ec come in altre zone ad alta densit\u00e0 cattolica, non \u00e8 facile trovare piante di palma in abbondanza. Cos\u00ec, nel tempo, si \u00e8 scelto di sostituire i rami di palma con rami di ulivo.<\/p>\n<p>Una volta benedetti i rami di ulivo, si entra in chiesa. Le letture della domenica delle palme sono legate alla Passione di Cristo, in particolare il Passio, cio\u00e8 le &#8220;narrazioni della Passione&#8221;, dal verbo latino\u00a0<em>patior<\/em>, &#8220;patire&#8221;, &#8220;soffrire&#8221;. Nella forma ordinaria del rito romano\u00a0il Passio \u00e8 tratto\u00a0dai Vangeli di Marco, Luca o Matteo, in quella\u00a0straordinaria dal Vangelo secondo Matteo.\u00a0Il racconto della Passione, suddiviso in quattro parti (arresto di Ges\u00f9, processo giudaico, processo romano, e infine condanna, esecuzione, morte e sepoltura) \u00e8 letto da tre lettori che rappresentano il cronista, i personaggi protagonisti della vicenda e Cristo stesso.\u00a0In questa occasione solenne il sacerdote\u00a0indossa una veste rossa.<\/p>\n<h2>Ma perch\u00e9 proprio un ramo di ulivo?<\/h2>\n<p>Abbiamo accennato brevemente a come i rami di ulivo siano stati sostituiti a quelli di palma nell&#8217;ambito di questa celebrazione, e perch\u00e9.<\/p>\n<p>In realt\u00e0 solo il Vangelo di Giovanni parla di rami di palma (Mt 21,1-9; Mc 11,1-10; Lc 19,30-38; Gv 12,12-16). Quelli di\u00a0<strong>Matteo e Marco<\/strong>\u00a0menzionano genericamente\u00a0rami di alberi,\u00a0mentre\u00a0<strong>Luca\u00a0<\/strong>non ne fa accenno. Ciononostante, l&#8217;usanza di benedire i rami di ulivo e portarli a casa dopo la Messa \u00e8 consolidata da tempo. I fedeli conservano il proprio\u00a0ramoscello d&#8217;ulivo benedetto come\u00a0<strong>simbolo di pace<\/strong>,\u00a0o ne portano uno a parenti e amici in\u00a0<strong>segno di affetto e buon augurio<\/strong>. In alcune zone persiste anche l&#8217;usanza che il capofamiglia benedica la tavola pasquale con il ramoscello d&#8217;ulivo intinto nell\u2019acqua benedetta.<\/p>\n<p>Fin dall&#8217;antichit\u00e0 presso tutti i popoli orientali e affacciati sul bacino del Mediterraneo l&#8217;ulivo \u00e8 stato considerato una\u00a0<strong>pianta sacra<\/strong>. I greci usavano i suoi rami per intrecciare\u00a0corone con le quali ornavano il capo degli atleti vincitori. Era anche una pianta\u00a0cara ad Atena, dea della sapienza e della guerra. Anche i\u00a0Romani usavano l&#8217;olivo per onorare uomini illustri, mentre per gli Ebrei esso era simbolo di\u00a0<strong>giustizia e conoscenza<\/strong>. Inoltre fu un rametto d&#8217;ulivo che la colomba liberata da No\u00e8 riport\u00f2 all&#8217;Arca, secondo l&#8217;Antico Testamento, come dimostrazione che il Diluvio era finito e con esso l&#8217;ira di Dio. In questa accezione possiamo considerare l&#8217;ulivo\u00a0<strong>simbolo rinascita e pace<\/strong>.<\/p>\n<div class=\"link-article\">\n<p><img loading=\"lazy\" decoding=\"async\" class=\"alignnone size-full wp-image-9524\" src=\"https:\/\/blog.holyart.it\/it\/wp-content\/uploads\/sites\/17\/2019\/04\/Alberi-e-piante-nella-tradizione-cristiana-1.jpg\" alt=\"Alberi e piante nella tradizione cristiana\" width=\"150\" height=\"99\" \/><\/p>\n<div class=\"leggi-anche\">Leggi anche:<\/div>\n<p><strong><a href=\"https:\/\/www.holyart.it\/blog\/natale\/alberi-piante-nella-tradizione-cristiana\/\">Alberi e piante nella tradizione cristiana<\/a><\/strong><br \/>\nNell\u2019antichit\u00e0 il rapporto tra uomo e natura era molto pi\u00f9 stretto rispetto a oggi. La vita quotidiana era legata all\u2019alternarsi delle stagioni.<\/p>\n<\/div>\n<p>Anche la storia di\u00a0<strong>Ges\u00f9<\/strong>\u00a0\u00e8 ricca di riferimenti a questa pianta, fino ad arrivare alla sua ultima, tragica notte nell&#8217;Orto degli ulivi, luogo del suo arresto. Cristo stesso, sacrificandosi, diviene ulivo,<strong>\u00a0simbolo di riconciliazione tra umanit\u00e0 e Dio<\/strong>.<\/p>\n<p>Non dobbiamo dimenticare poi che con l&#8217;olio ottenuto dai frutti di questa pianta prodigiosa si ottiene il\u00a0<strong>Crisma<\/strong>, usato per il battesimo, la cresima, l&#8217;estrema unzione e la consacrazione dei nuovi sacerdoti.\u00a0La parola Cristo, con cui siamo abituati a chiamare Ges\u00f9, altro non significa che\u00a0\u201cunto\u201d.<\/p>\n<h2>E quando la Pasqua \u00e8 passata che cosa si deve fare con i ramoscelli d&#8217;ulivo?<\/h2>\n<p>Molte persone scelgono di tenerli in casa come elemento decorativo e come ricordo della Domenica delle Palme e della Passione di Ges\u00f9. Si tratta a tutti gli effetti di oggetti sacri, in quanto sono stati benedetti durante la messa, divenendo dei\u00a0<strong>sacramentali<\/strong>, e il Codice di Diritto Canonico proibisce assolutamente di gettare via oggetti sacri. Invece essi meritano un posto speciale nella nostra casa, come promemoria dell&#8217;amore di Cristo, del suo sacrificio per noi.<\/p>\n<p>In alternativa, si pu\u00f2 decidere di bruciare i rami di ulivo, o di seppellirli, o ancora di riportarli in chiesa. Verranno bruciati e utilizzati <a href=\"https:\/\/www.holyart.it\/blog\/articoli-religiosi\/mercoledi-delle-ceneri-che-cose\/\"><strong>per\u00a0fare le ceneri per il Mercoled\u00ec delle Ceneri<\/strong><\/a>.<\/p>\n<h2>Ma\u00a0come si conserva il ramo di ulivo senza che si rovini?<\/h2>\n<p><strong><a href=\"https:\/\/www.holyart.it\/it\/accessori-per-la-liturgia\/accessori-per-benedizione?sorter_id=5&amp;39%5B%5D=1837&amp;p_min=&amp;p_max=\">Le buste porta ulivo<\/a><\/strong> servono eccellentemente allo scopo. Forniscono una comoda custodia, all&#8217;interno della quale i rami di ulivo secchi non si sbriciolano e non perdono pezzi per casa. Ne trovate di vario tipo sul nostro store on line, alcune molto semplici, neutre, altre decorate con simboli religiosi, come il logo\u00a0del Giubileo della Misericordia, o la colomba pasquale, la Sacra Famiglia, l&#8217;immagine di Ges\u00f9 che entra a Gerusalemme, o ancora di Ges\u00f9 Buon Pastore, e cos\u00ec via. Quale miglior confezione per offrire rametti di ulivo a qualcuno a cui vogliamo bene, come simbolo di pace e amore?<\/p>\n<div class=\"sp-styles-warning\" style=\"width: 450px; background-color: #FFF; color: #F00; border: 1px solid #F00; padding: 10px; font-size: 14px;\">\n\t\t\t<span style=\"font-weight: bold;\">Warning: The stylesheets were not loaded!<\/span> \n\t\t\tYou will need to change the <i>Load stylesheets<\/i> setting from <i>Automatically<\/i> to <i>On homepage<\/i> or <i>On all pages<\/i>. \n\t\t\tYou can set that <a style=\"text-decoration: underline; color: #F00;\" href=\"https:\/\/blog.holyart.it\/it\/wp-admin\/admin.php?page=sliderpro-settings\">here<\/a>.\n\t\t\t<\/div>\r\n<div id=\"slider-pro-33\" class=\"slider-pro sp-no-js\" style=\"width: 500px; height: 500px;\">\r\n\t<div class=\"sp-slides\">\r\n\t\t\r\n\t\t<div class=\"sp-slide\">\r\n\t\t\t<img loading=\"lazy\" decoding=\"async\" class=\"sp-image\" src=\"https:\/\/blog.holyart.it\/it\/wp-content\/uploads\/sites\/17\/2019\/04\/busta-porta-olivo-domenica-delle-palme-colomba.jpg\" alt=\"Busta Porta Olivo Colomba\" width=\"500\" height=\"500\" \/>\r\n\t\t\t<div class=\"sp-thumbnail\"> <img decoding=\"async\" src=\"https:\/\/blog.holyart.it\/it\/wp-content\/uploads\/sites\/17\/2019\/04\/busta-porta-olivo-domenica-delle-palme-colomba-150x150.jpg\" \/>\r\n\t\t\t<\/div>\r\n\t\t\t<div class=\"sp-caption\">Busta porta olivo per la Domenica delle Palme con immagine della Colomba della Pace (confezione da 200 pz). <br> \n<strong><a href=\"https:\/\/www.holyart.it\/it\/accessori-per-la-liturgia\/accessori-per-benedizione\/busta-porta-olivo-domenica-delle-palme-colomba-della-pace-200-pz\">\nAcquista su Holyart<\/a><\/strong><\/div>\r\n\t\t<\/div>\r\n\t\t<div class=\"sp-slide\">\r\n\t\t\t<img loading=\"lazy\" decoding=\"async\" class=\"sp-image\" src=\"https:\/\/blog.holyart.it\/it\/wp-content\/uploads\/sites\/17\/2019\/04\/busta-porta-olivo-domenica-delle-palme.jpg\" alt=\"busta porta olivo domenica delle palme\" width=\"500\" height=\"500\" \/>\r\n\t\t\t<div class=\"sp-thumbnail\"><img decoding=\"async\" src=\"https:\/\/blog.holyart.it\/it\/wp-content\/uploads\/sites\/17\/2019\/04\/busta-porta-olivo-domenica-delle-palme-150x150.jpg\" \/>\r\n\t\t\t<\/div>\r\n\t\t\t<div class=\"sp-caption\">Busta porta olivo per la Domenica delle Palme con immagine dell'ingresso a Gerusalemme (confezione da 200 pz). <br>\n<strong><a href=\"https:\/\/www.holyart.it\/it\/accessori-per-la-liturgia\/accessori-per-benedizione\/busta-porta-olivo-domenica-delle-palme-ingresso-a-gerusalemme-200-pz\">\nAcquista su Holyart<\/a><\/strong><\/div>\r\n\t\t<\/div>\r\n\t\t<div class=\"sp-slide\">\r\n\t\t\t<img loading=\"lazy\" decoding=\"async\" class=\"sp-image\" src=\"https:\/\/blog.holyart.it\/it\/wp-content\/uploads\/sites\/17\/2019\/04\/buste-porta-olivo-ges\u00f9-buon-pastore.jpg\" alt=\"Buste Porta Olivo Ges\u00f9\" width=\"500\" height=\"500\" \/>\r\n\t\t\t<div class=\"sp-thumbnail\"> <img decoding=\"async\" src=\"https:\/\/blog.holyart.it\/it\/wp-content\/uploads\/sites\/17\/2019\/04\/buste-porta-olivo-ges\u00f9-buon-pastore-150x150.jpg\" \/>\r\n\t\t\t<\/div>\r\n\t\t\t<div class=\"sp-caption\">Busta porta olivo per la Domenica delle Palme con immagine del Cristo Buon Pastore (confezione da 200 pz). <br>\n<strong><a href=\"https:\/\/www.holyart.it\/it\/accessori-per-la-liturgia\/accessori-per-benedizione\/busta-porta-olivo-domenica-delle-palme-cristo-buon-pastore-200-pz\">\nAcquista su Holyart<\/a><\/strong><\/div>\r\n\t\t<\/div>\r\n\t\t<div class=\"sp-slide\">\r\n\t\t\t<img loading=\"lazy\" decoding=\"async\" class=\"sp-image\" src=\"https:\/\/blog.holyart.it\/it\/wp-content\/uploads\/sites\/17\/2022\/03\/bustina-per-le-palme-porta-olivo-cristo-con-i-giovani-500-pz.jpg\" alt=\"bustina per le palme porta olivo cristo con i giovani 500 pz\" width=\"500\" height=\"500\" \/>\r\n\t\t\t<div class=\"sp-thumbnail\"><img decoding=\"async\" src=\"https:\/\/blog.holyart.it\/it\/wp-content\/uploads\/sites\/17\/2022\/03\/bustina-per-le-palme-porta-olivo-cristo-con-i-giovani-500-pz-150x150.jpg\" \/>\r\n\t\t\t<\/div>\r\n\t\t\t<div class=\"sp-caption\">Bustina per le Palme porta olivo Cristo con i giovani 500 pz. <br>\n<strong><a href=\"https:\/\/www.holyart.it\/it\/accessori-per-la-liturgia\/accessori-per-benedizione\/bustina-per-le-palme-porta-olivo-cristo-con-i-giovani-500-pz\">\nAcquista su Holyart<\/a><\/strong><\/div>\r\n\t\t<\/div>\r\n\t<\/div>\r\n<\/div>\n","protected":false},"excerpt":{"rendered":"<p>Quando andiamo in chiesa la Domenica delle Palme, l\u2019ultima prima di Pasqua, riceviamo dei rametti di ulivo benedetto. Da dove nasce questa tradizione? Perch\u00e9 \u00e8 stato scelto proprio l\u2019ulivo? E cosa dobbiamo fare con i rametti di ulivo, dopo che la Pasqua \u00e8 passata? La&hellip;<\/p>\n","protected":false},"author":1,"featured_media":5972,"comment_status":"closed","ping_status":"open","sticky":false,"template":"","format":"standard","meta":{"_acf_changed":false,"footnotes":""},"categories":[20,26],"tags":[],"class_list":["post-5965","post","type-post","status-publish","format-standard","has-post-thumbnail","hentry","category-occasioni-speciali","category-pasqua"],"acf":[],"yoast_head":"<!-- This site is optimized with the Yoast SEO plugin v26.6 - https:\/\/yoast.com\/wordpress\/plugins\/seo\/ -->\n<title>Rami di ulivo benedetti a Pasqua, custodirli o buttarli? - Holyblog<\/title>\n<meta name=\"description\" content=\"Quando andiamo in chiesa la Domenica delle Palme, l\u2019ultima prima di Pasqua, riceviamo dei rami di ulivo benedetto. Da dove nasce questa tradizione?\" \/>\n<meta name=\"robots\" content=\"index, follow, max-snippet:-1, max-image-preview:large, max-video-preview:-1\" \/>\n<link rel=\"canonical\" href=\"https:\/\/blog.holyart.it\/it\/pasqua\/rami-dulivo-benedetti-pasqua-custodirli-buttarli\/\" \/>\n<meta property=\"og:locale\" content=\"it_IT\" \/>\n<meta property=\"og:type\" content=\"article\" \/>\n<meta property=\"og:title\" content=\"Rami di ulivo benedetti a Pasqua, custodirli o buttarli? - Holyblog\" \/>\n<meta property=\"og:description\" content=\"Quando andiamo in chiesa la Domenica delle Palme, l\u2019ultima prima di Pasqua, riceviamo dei rami di ulivo benedetto. Da dove nasce questa tradizione?\" \/>\n<meta property=\"og:url\" content=\"https:\/\/blog.holyart.it\/it\/pasqua\/rami-dulivo-benedetti-pasqua-custodirli-buttarli\/\" \/>\n<meta property=\"og:site_name\" content=\"Holyblog\" \/>\n<meta property=\"article:published_time\" content=\"2019-04-16T13:57:05+00:00\" \/>\n<meta property=\"article:modified_time\" content=\"2025-04-17T13:03:39+00:00\" \/>\n<meta property=\"og:image\" content=\"https:\/\/blog.holyart.it\/it\/wp-content\/uploads\/sites\/17\/2019\/04\/rami-ulivo.jpg\" \/>\n\t<meta property=\"og:image:width\" content=\"1000\" \/>\n\t<meta property=\"og:image:height\" content=\"666\" \/>\n\t<meta property=\"og:image:type\" content=\"image\/jpeg\" \/>\n<meta name=\"author\" content=\"Redazione\" \/>\n<meta name=\"twitter:card\" content=\"summary_large_image\" \/>\n<meta name=\"twitter:label1\" content=\"Scritto da\" \/>\n\t<meta name=\"twitter:data1\" content=\"Redazione\" \/>\n\t<meta name=\"twitter:label2\" content=\"Tempo di lettura stimato\" \/>\n\t<meta name=\"twitter:data2\" content=\"7 minuti\" \/>\n<script type=\"application\/ld+json\" class=\"yoast-schema-graph\">{\"@context\":\"https:\/\/schema.org\",\"@graph\":[{\"@type\":\"Article\",\"@id\":\"https:\/\/blog.holyart.it\/it\/pasqua\/rami-dulivo-benedetti-pasqua-custodirli-buttarli\/#article\",\"isPartOf\":{\"@id\":\"https:\/\/blog.holyart.it\/it\/pasqua\/rami-dulivo-benedetti-pasqua-custodirli-buttarli\/\"},\"author\":{\"name\":\"Redazione\",\"@id\":\"https:\/\/blog.holyart.it\/it\/#\/schema\/person\/0a7b686e5af0f856ec1e390dd0baecda\"},\"headline\":\"Rami di ulivo benedetti a Pasqua, custodirli o buttarli?\",\"datePublished\":\"2019-04-16T13:57:05+00:00\",\"dateModified\":\"2025-04-17T13:03:39+00:00\",\"mainEntityOfPage\":{\"@id\":\"https:\/\/blog.holyart.it\/it\/pasqua\/rami-dulivo-benedetti-pasqua-custodirli-buttarli\/\"},\"wordCount\":1067,\"publisher\":{\"@id\":\"https:\/\/blog.holyart.it\/it\/#organization\"},\"image\":{\"@id\":\"https:\/\/blog.holyart.it\/it\/pasqua\/rami-dulivo-benedetti-pasqua-custodirli-buttarli\/#primaryimage\"},\"thumbnailUrl\":\"https:\/\/blog.holyart.it\/it\/wp-content\/uploads\/sites\/17\/2019\/04\/rami-ulivo.jpg\",\"articleSection\":[\"Occasioni speciali\",\"Pasqua\"],\"inLanguage\":\"it-IT\"},{\"@type\":\"WebPage\",\"@id\":\"https:\/\/blog.holyart.it\/it\/pasqua\/rami-dulivo-benedetti-pasqua-custodirli-buttarli\/\",\"url\":\"https:\/\/blog.holyart.it\/it\/pasqua\/rami-dulivo-benedetti-pasqua-custodirli-buttarli\/\",\"name\":\"Rami di ulivo benedetti a Pasqua, custodirli o buttarli? - Holyblog\",\"isPartOf\":{\"@id\":\"https:\/\/blog.holyart.it\/it\/#website\"},\"primaryImageOfPage\":{\"@id\":\"https:\/\/blog.holyart.it\/it\/pasqua\/rami-dulivo-benedetti-pasqua-custodirli-buttarli\/#primaryimage\"},\"image\":{\"@id\":\"https:\/\/blog.holyart.it\/it\/pasqua\/rami-dulivo-benedetti-pasqua-custodirli-buttarli\/#primaryimage\"},\"thumbnailUrl\":\"https:\/\/blog.holyart.it\/it\/wp-content\/uploads\/sites\/17\/2019\/04\/rami-ulivo.jpg\",\"datePublished\":\"2019-04-16T13:57:05+00:00\",\"dateModified\":\"2025-04-17T13:03:39+00:00\",\"description\":\"Quando andiamo in chiesa la Domenica delle Palme, l\u2019ultima prima di Pasqua, riceviamo dei rami di ulivo benedetto. Da dove nasce questa tradizione?\",\"breadcrumb\":{\"@id\":\"https:\/\/blog.holyart.it\/it\/pasqua\/rami-dulivo-benedetti-pasqua-custodirli-buttarli\/#breadcrumb\"},\"inLanguage\":\"it-IT\",\"potentialAction\":[{\"@type\":\"ReadAction\",\"target\":[\"https:\/\/blog.holyart.it\/it\/pasqua\/rami-dulivo-benedetti-pasqua-custodirli-buttarli\/\"]}]},{\"@type\":\"ImageObject\",\"inLanguage\":\"it-IT\",\"@id\":\"https:\/\/blog.holyart.it\/it\/pasqua\/rami-dulivo-benedetti-pasqua-custodirli-buttarli\/#primaryimage\",\"url\":\"https:\/\/blog.holyart.it\/it\/wp-content\/uploads\/sites\/17\/2019\/04\/rami-ulivo.jpg\",\"contentUrl\":\"https:\/\/blog.holyart.it\/it\/wp-content\/uploads\/sites\/17\/2019\/04\/rami-ulivo.jpg\",\"width\":1000,\"height\":666,\"caption\":\"Rami d\u2019ulivo benedetti a Pasqua, custodirli o buttarli?\"},{\"@type\":\"BreadcrumbList\",\"@id\":\"https:\/\/blog.holyart.it\/it\/pasqua\/rami-dulivo-benedetti-pasqua-custodirli-buttarli\/#breadcrumb\",\"itemListElement\":[{\"@type\":\"ListItem\",\"position\":1,\"name\":\"Homepage\",\"item\":\"https:\/\/blog.holyart.it\/it\/\"},{\"@type\":\"ListItem\",\"position\":2,\"name\":\"Pasqua\",\"item\":\"https:\/\/blog.holyart.it\/it\/pasqua\/\"},{\"@type\":\"ListItem\",\"position\":3,\"name\":\"Rami di ulivo benedetti a Pasqua, custodirli o buttarli?\"}]},{\"@type\":\"WebSite\",\"@id\":\"https:\/\/blog.holyart.it\/it\/#website\",\"url\":\"https:\/\/blog.holyart.it\/it\/\",\"name\":\"Holyblog\",\"description\":\"Il Blog di Holyart.it\",\"publisher\":{\"@id\":\"https:\/\/blog.holyart.it\/it\/#organization\"},\"potentialAction\":[{\"@type\":\"SearchAction\",\"target\":{\"@type\":\"EntryPoint\",\"urlTemplate\":\"https:\/\/blog.holyart.it\/it\/?s={search_term_string}\"},\"query-input\":{\"@type\":\"PropertyValueSpecification\",\"valueRequired\":true,\"valueName\":\"search_term_string\"}}],\"inLanguage\":\"it-IT\"},{\"@type\":\"Organization\",\"@id\":\"https:\/\/blog.holyart.it\/it\/#organization\",\"name\":\"Holyblog\",\"url\":\"https:\/\/blog.holyart.it\/it\/\",\"logo\":{\"@type\":\"ImageObject\",\"inLanguage\":\"it-IT\",\"@id\":\"https:\/\/blog.holyart.it\/it\/#\/schema\/logo\/image\/\",\"url\":\"https:\/\/blog.holyart.it\/it\/wp-content\/uploads\/sites\/17\/2022\/12\/Holyart_Blog_Logo.jpg\",\"contentUrl\":\"https:\/\/blog.holyart.it\/it\/wp-content\/uploads\/sites\/17\/2022\/12\/Holyart_Blog_Logo.jpg\",\"width\":300,\"height\":50,\"caption\":\"Holyblog\"},\"image\":{\"@id\":\"https:\/\/blog.holyart.it\/it\/#\/schema\/logo\/image\/\"}},{\"@type\":\"Person\",\"@id\":\"https:\/\/blog.holyart.it\/it\/#\/schema\/person\/0a7b686e5af0f856ec1e390dd0baecda\",\"name\":\"Redazione\"}]}<\/script>\n<!-- \/ Yoast SEO plugin. -->","yoast_head_json":{"title":"Rami di ulivo benedetti a Pasqua, custodirli o buttarli? - Holyblog","description":"Quando andiamo in chiesa la Domenica delle Palme, l\u2019ultima prima di Pasqua, riceviamo dei rami di ulivo benedetto. Da dove nasce questa tradizione?","robots":{"index":"index","follow":"follow","max-snippet":"max-snippet:-1","max-image-preview":"max-image-preview:large","max-video-preview":"max-video-preview:-1"},"canonical":"https:\/\/blog.holyart.it\/it\/pasqua\/rami-dulivo-benedetti-pasqua-custodirli-buttarli\/","og_locale":"it_IT","og_type":"article","og_title":"Rami di ulivo benedetti a Pasqua, custodirli o buttarli? - Holyblog","og_description":"Quando andiamo in chiesa la Domenica delle Palme, l\u2019ultima prima di Pasqua, riceviamo dei rami di ulivo benedetto. Da dove nasce questa tradizione?","og_url":"https:\/\/blog.holyart.it\/it\/pasqua\/rami-dulivo-benedetti-pasqua-custodirli-buttarli\/","og_site_name":"Holyblog","article_published_time":"2019-04-16T13:57:05+00:00","article_modified_time":"2025-04-17T13:03:39+00:00","og_image":[{"width":1000,"height":666,"url":"https:\/\/blog.holyart.it\/it\/wp-content\/uploads\/sites\/17\/2019\/04\/rami-ulivo.jpg","type":"image\/jpeg"}],"author":"Redazione","twitter_card":"summary_large_image","twitter_misc":{"Scritto da":"Redazione","Tempo di lettura stimato":"7 minuti"},"schema":{"@context":"https:\/\/schema.org","@graph":[{"@type":"Article","@id":"https:\/\/blog.holyart.it\/it\/pasqua\/rami-dulivo-benedetti-pasqua-custodirli-buttarli\/#article","isPartOf":{"@id":"https:\/\/blog.holyart.it\/it\/pasqua\/rami-dulivo-benedetti-pasqua-custodirli-buttarli\/"},"author":{"name":"Redazione","@id":"https:\/\/blog.holyart.it\/it\/#\/schema\/person\/0a7b686e5af0f856ec1e390dd0baecda"},"headline":"Rami di ulivo benedetti a Pasqua, custodirli o buttarli?","datePublished":"2019-04-16T13:57:05+00:00","dateModified":"2025-04-17T13:03:39+00:00","mainEntityOfPage":{"@id":"https:\/\/blog.holyart.it\/it\/pasqua\/rami-dulivo-benedetti-pasqua-custodirli-buttarli\/"},"wordCount":1067,"publisher":{"@id":"https:\/\/blog.holyart.it\/it\/#organization"},"image":{"@id":"https:\/\/blog.holyart.it\/it\/pasqua\/rami-dulivo-benedetti-pasqua-custodirli-buttarli\/#primaryimage"},"thumbnailUrl":"https:\/\/blog.holyart.it\/it\/wp-content\/uploads\/sites\/17\/2019\/04\/rami-ulivo.jpg","articleSection":["Occasioni speciali","Pasqua"],"inLanguage":"it-IT"},{"@type":"WebPage","@id":"https:\/\/blog.holyart.it\/it\/pasqua\/rami-dulivo-benedetti-pasqua-custodirli-buttarli\/","url":"https:\/\/blog.holyart.it\/it\/pasqua\/rami-dulivo-benedetti-pasqua-custodirli-buttarli\/","name":"Rami di ulivo benedetti a Pasqua, custodirli o buttarli? - Holyblog","isPartOf":{"@id":"https:\/\/blog.holyart.it\/it\/#website"},"primaryImageOfPage":{"@id":"https:\/\/blog.holyart.it\/it\/pasqua\/rami-dulivo-benedetti-pasqua-custodirli-buttarli\/#primaryimage"},"image":{"@id":"https:\/\/blog.holyart.it\/it\/pasqua\/rami-dulivo-benedetti-pasqua-custodirli-buttarli\/#primaryimage"},"thumbnailUrl":"https:\/\/blog.holyart.it\/it\/wp-content\/uploads\/sites\/17\/2019\/04\/rami-ulivo.jpg","datePublished":"2019-04-16T13:57:05+00:00","dateModified":"2025-04-17T13:03:39+00:00","description":"Quando andiamo in chiesa la Domenica delle Palme, l\u2019ultima prima di Pasqua, riceviamo dei rami di ulivo benedetto. Da dove nasce questa tradizione?","breadcrumb":{"@id":"https:\/\/blog.holyart.it\/it\/pasqua\/rami-dulivo-benedetti-pasqua-custodirli-buttarli\/#breadcrumb"},"inLanguage":"it-IT","potentialAction":[{"@type":"ReadAction","target":["https:\/\/blog.holyart.it\/it\/pasqua\/rami-dulivo-benedetti-pasqua-custodirli-buttarli\/"]}]},{"@type":"ImageObject","inLanguage":"it-IT","@id":"https:\/\/blog.holyart.it\/it\/pasqua\/rami-dulivo-benedetti-pasqua-custodirli-buttarli\/#primaryimage","url":"https:\/\/blog.holyart.it\/it\/wp-content\/uploads\/sites\/17\/2019\/04\/rami-ulivo.jpg","contentUrl":"https:\/\/blog.holyart.it\/it\/wp-content\/uploads\/sites\/17\/2019\/04\/rami-ulivo.jpg","width":1000,"height":666,"caption":"Rami d\u2019ulivo benedetti a Pasqua, custodirli o buttarli?"},{"@type":"BreadcrumbList","@id":"https:\/\/blog.holyart.it\/it\/pasqua\/rami-dulivo-benedetti-pasqua-custodirli-buttarli\/#breadcrumb","itemListElement":[{"@type":"ListItem","position":1,"name":"Homepage","item":"https:\/\/blog.holyart.it\/it\/"},{"@type":"ListItem","position":2,"name":"Pasqua","item":"https:\/\/blog.holyart.it\/it\/pasqua\/"},{"@type":"ListItem","position":3,"name":"Rami di ulivo benedetti a Pasqua, custodirli o buttarli?"}]},{"@type":"WebSite","@id":"https:\/\/blog.holyart.it\/it\/#website","url":"https:\/\/blog.holyart.it\/it\/","name":"Holyblog","description":"Il Blog di Holyart.it","publisher":{"@id":"https:\/\/blog.holyart.it\/it\/#organization"},"potentialAction":[{"@type":"SearchAction","target":{"@type":"EntryPoint","urlTemplate":"https:\/\/blog.holyart.it\/it\/?s={search_term_string}"},"query-input":{"@type":"PropertyValueSpecification","valueRequired":true,"valueName":"search_term_string"}}],"inLanguage":"it-IT"},{"@type":"Organization","@id":"https:\/\/blog.holyart.it\/it\/#organization","name":"Holyblog","url":"https:\/\/blog.holyart.it\/it\/","logo":{"@type":"ImageObject","inLanguage":"it-IT","@id":"https:\/\/blog.holyart.it\/it\/#\/schema\/logo\/image\/","url":"https:\/\/blog.holyart.it\/it\/wp-content\/uploads\/sites\/17\/2022\/12\/Holyart_Blog_Logo.jpg","contentUrl":"https:\/\/blog.holyart.it\/it\/wp-content\/uploads\/sites\/17\/2022\/12\/Holyart_Blog_Logo.jpg","width":300,"height":50,"caption":"Holyblog"},"image":{"@id":"https:\/\/blog.holyart.it\/it\/#\/schema\/logo\/image\/"}},{"@type":"Person","@id":"https:\/\/blog.holyart.it\/it\/#\/schema\/person\/0a7b686e5af0f856ec1e390dd0baecda","name":"Redazione"}]}},"_links":{"self":[{"href":"https:\/\/blog.holyart.it\/it\/wp-json\/wp\/v2\/posts\/5965","targetHints":{"allow":["GET"]}}],"collection":[{"href":"https:\/\/blog.holyart.it\/it\/wp-json\/wp\/v2\/posts"}],"about":[{"href":"https:\/\/blog.holyart.it\/it\/wp-json\/wp\/v2\/types\/post"}],"author":[{"embeddable":true,"href":"https:\/\/blog.holyart.it\/it\/wp-json\/wp\/v2\/users\/1"}],"replies":[{"embeddable":true,"href":"https:\/\/blog.holyart.it\/it\/wp-json\/wp\/v2\/comments?post=5965"}],"version-history":[{"count":2,"href":"https:\/\/blog.holyart.it\/it\/wp-json\/wp\/v2\/posts\/5965\/revisions"}],"predecessor-version":[{"id":21761,"href":"https:\/\/blog.holyart.it\/it\/wp-json\/wp\/v2\/posts\/5965\/revisions\/21761"}],"wp:featuredmedia":[{"embeddable":true,"href":"https:\/\/blog.holyart.it\/it\/wp-json\/wp\/v2\/media\/5972"}],"wp:attachment":[{"href":"https:\/\/blog.holyart.it\/it\/wp-json\/wp\/v2\/media?parent=5965"}],"wp:term":[{"taxonomy":"category","embeddable":true,"href":"https:\/\/blog.holyart.it\/it\/wp-json\/wp\/v2\/categories?post=5965"},{"taxonomy":"post_tag","embeddable":true,"href":"https:\/\/blog.holyart.it\/it\/wp-json\/wp\/v2\/tags?post=5965"}],"curies":[{"name":"wp","href":"https:\/\/api.w.org\/{rel}","templated":true}]}}